{"id":979946,"date":"2018-05-11T23:15:12","date_gmt":"2018-05-11T23:15:12","guid":{"rendered":"http:\/\/www.eldigitaldeasturias.com\/noticias\/?p=979946"},"modified":"2018-05-11T23:15:12","modified_gmt":"2018-05-11T23:15:12","slug":"cumbre-de-singapur-el-primer-evento-global-de-la-era-trump","status":"publish","type":"post","link":"https:\/\/www.eldigitaldeasturias.com\/noticias\/cumbre-de-singapur-el-primer-evento-global-de-la-era-trump\/","title":{"rendered":"Cumbre de Singapur: El primer evento global de la era Trump"},"content":{"rendered":"<p><img loading=\"lazy\" decoding=\"async\" class=\"alignleft size-medium wp-image-977530\" src=\"https:\/\/www.eldigitaldeasturias.com\/noticias\/wp-content\/uploads\/2018\/04\/Los-blancos-votaron-a-Trump-360x240.jpg\" alt=\"\" width=\"360\" height=\"240\" \/>Singapur, 11 may (dpa) &#8211; El presidente de Estados Unidos, Donald Trump, dijo hoy que espera que la futura reuni\u00f3n que mantendr\u00e1 en Singapur con el l\u00edder norcoreano, Kim Jong-un, contribuya a instaurar una paz y seguridad duradera en la pen\u00ednsula coreana.<\/p>\n<p>El presidente estadounidense hizo los comentarios durante una conversaci\u00f3n telef\u00f3nica con el primer ministro singapurense, Lee Hsien Loong, inform\u00f3 el Ministerio de Exterior.<\/p>\n<p>La cumbre ser\u00e1 la primera entre un presidente estadounidense y un l\u00edder norcoreano. Trump anunci\u00f3 la v\u00edspera que el encuentro tendr\u00e1 lugar el 12 de junio en Singapur.<\/p>\n<p>Lee se refiri\u00f3 a la cumbre como un \u00abevento hist\u00f3rico y crucial\u00bb durante la llamada y a\u00f1adi\u00f3 que es un honor para Singapur albergarla y que har\u00e1 todo lo posible por facilitar \u00abuna reuni\u00f3n tranquila y exitosa\u00bb, seg\u00fan el comunicado.<\/p>\n<p>Por su parte, el ministro de Exteriores singapurense dijo que su pa\u00eds estaba \u00abcontento\u00bb de haber sido elegido como anfitri\u00f3n para la hist\u00f3rica cumbre y que esperaba que esta reuni\u00f3n suponga un avance \u00aben las perspectivas de paz en la pen\u00ednsula coreana\u00bb.<\/p>\n<p>La Casa Blanca alab\u00f3 la neutralidad de Singapur y su habilidad para garantizar la seguridad de ambos l\u00edderes para justificar la elecci\u00f3n del pa\u00eds como anfitri\u00f3n.<\/p>\n<p>Se espera que Trump y Kim conversen sobre la promesa de Corea del Norte de poner fin a su programa de armas nucleares, que provoc\u00f3 la escalada de la tensi\u00f3n entre Washington y Pyongyang y provoc\u00f3 la imposici\u00f3n de sanciones internacionales contra Corea del Norte.<\/p>\n<p>La cumbre tendr\u00e1 lugar despu\u00e9s de que Kim se reuniera por primera vez con el presidente surcoreano, Moon Jae-in, en el pueblo fronterizo de Panmunjom el 27 de abril. En ella acordaron alcanzar una serie de objetivos hist\u00f3ricos como la desnuclearizaci\u00f3n de la pen\u00ednsula y el fin oficial de la guerra de Corea de 1950-1953.<\/p>\n<p>Lee tambi\u00e9n invit\u00f3 a Trump a realizar una visita de Estado a Singapur adem\u00e1s de asistir la cumbre de la Asociaci\u00f3n de Naciones del Sureste Asi\u00e1tico (Asean) y Estados Unidos. Trump prometi\u00f3 que har\u00eda todo lo posible por hacerlo.<\/p>\n<p>Corea del Sur, Jap\u00f3n y China celebraron en las \u00faltimas horas la fijaci\u00f3n de la fecha y el lugar para el primer encuentro entre Estados Unidos y Corea del Norte.<\/p>\n<p>\u00abChina celebra los avances positivos que han conseguido Corea del Norte y Estados Unidos en la preparaci\u00f3n del encuentro\u00bb, dijo hoy en Pek\u00edn el portavoz del Ministerio de Exteriores, Geng Shuang.<\/p>\n<p>\u00abEsperamos que la cita conduzca a resultados positivos y sea una importante contribuci\u00f3n a la demanda de desnuclearizaci\u00f3n en la pen\u00ednsula coreana\u00bb, a\u00f1adi\u00f3.<\/p>\n<p>\u00abLo celebramos (la fijaci\u00f3n de la fecha). Esperamos fervientemente que este di\u00e1logo hist\u00f3rico entre Estados Unidos y Corea del Norte sea una oportunidad para avanzar en el problema de los programas de armas nucleares y misiles y sobre todo en la importante cuesti\u00f3n de los secuestros (de japoneses por parte de Corea del Norte)\u00bb, dijo el jueves el primer ministro japon\u00e9s, Shinzo Abe, seg\u00fan informaron medios nipones.<\/p>\n<p>\u00abEsperamos que esta cumbre sea un \u00e9xito para lograr la desnuclearizaci\u00f3n de la pen\u00ednsula coreana as\u00ed como una paz duradera\u00bb, declar\u00f3 en la madrugada de hoy un portavoz del gabinete presidencial en Se\u00fal.<\/p>\n<p>Para Tokio, el tema de los secuestros de campesinos japoneses por parte de Corea del Norte en los a\u00f1os 70 y 80 es el mayor obst\u00e1culo para normalizar las relaciones con Pyongyang. Los deportados deb\u00edan ense\u00f1ar a hablar japon\u00e9s a esp\u00edas norcoreanos y ayudarles a comportarse como japoneses.<\/p>\n<p>Hasta 2002 Corea del Norte no admiti\u00f3 haber secuestrado a 13 personas. Cinco de ellas pudieron volver a Jap\u00f3n. Aunque Corea del Norte asegura que los ocho restantes han muerto y que no hubo m\u00e1s secuestros, Tokio habla de 17 campesinos secuestrados y exige explicaciones a Pyongyang.<\/p>\n<p>Mientras tanto y tal y como estaba previsto, Corea del Sur y Estados Unidos comenzaron unas maniobras de defensa antia\u00e9rea de dos semanas, \u00abMaximum Thunder\u00bb, confirmaron fuentes del Ministerio de Defensa en Se\u00fal. Unos 100 aviones de guerra participar\u00e1n en los ejercicios, informaron medios surcoreanos.<\/p>\n","protected":false},"excerpt":{"rendered":"<p>Singapur, 11 may (dpa) &#8211; El presidente de Estados Unidos, Donald Trump, dijo hoy que espera que la futura reuni\u00f3n que mantendr\u00e1 en Singapur con el l\u00edder norcoreano, Kim Jong-un, contribuya a instaurar una paz y seguridad duradera en la pen\u00ednsula coreana. El presidente estadounidense hizo los comentarios durante una conversaci\u00f3n telef\u00f3nica con el primer [&hellip;]<\/p>\n","protected":false},"author":1,"featured_media":977530,"comment_status":"closed","ping_status":"closed","sticky":false,"template":"","format":"standard","meta":{"footnotes":""},"categories":[1],"tags":[],"class_list":["post-979946","post","type-post","status-publish","format-standard","has-post-thumbnail","hentry","category-actualidad"],"aioseo_notices":[],"aioseo_head":"\n\t\t<!-- All in One SEO Pro 5.0.1 - aioseo.com -->\n\t<meta name=\"description\" content=\"Singapur, 11 may (dpa) - El presidente de Estados Unidos, Donald Trump, dijo hoy que espera que la futura reuni\u00f3n que mantendr\u00e1 en Singapur con el l\u00edder norcoreano, Kim Jong-un, contribuya a instaurar una paz y seguridad duradera en la pen\u00ednsula coreana. El presidente estadounidense hizo los comentarios durante una conversaci\u00f3n telef\u00f3nica con el primer\" \/>\n\t<meta name=\"robots\" content=\"max-image-preview:large\" \/>\n\t<meta name=\"author\" content=\"El Digital de Asturias\"\/>\n\t<meta name=\"google-site-verification\" content=\"UA-38556648-1\" \/>\n\t<meta name=\"msvalidate.01\" content=\"7dfe9f3f1b24437ab69f4f2559babe99\" \/>\n\t<meta name=\"keywords\" content=\"actualidad\" \/>\n\t<link rel=\"canonical\" href=\"https:\/\/www.eldigitaldeasturias.com\/noticias\/cumbre-de-singapur-el-primer-evento-global-de-la-era-trump\/\" \/>\n\t<meta name=\"generator\" content=\"All in One SEO Pro (AIOSEO) 5.0.1\" \/>\n\t\t<meta property=\"og:locale\" content=\"es_ES\" \/>\n\t\t<meta property=\"og:site_name\" content=\"El Digital de Asturias\" \/>\n\t\t<meta property=\"og:type\" content=\"article\" \/>\n\t\t<meta property=\"og:title\" content=\"Cumbre de Singapur: El primer evento global de la era Trump - El Digital de Asturias\" \/>\n\t\t<meta property=\"og:description\" content=\"Singapur, 11 may (dpa) - El presidente de Estados Unidos, Donald Trump, dijo hoy que espera que la futura reuni\u00f3n que mantendr\u00e1 en Singapur con el l\u00edder norcoreano, Kim Jong-un, contribuya a instaurar una paz y seguridad duradera en la pen\u00ednsula coreana. El presidente estadounidense hizo los comentarios durante una conversaci\u00f3n telef\u00f3nica con el primer\" \/>\n\t\t<meta property=\"og:url\" content=\"https:\/\/www.eldigitaldeasturias.com\/noticias\/cumbre-de-singapur-el-primer-evento-global-de-la-era-trump\/\" \/>\n\t\t<meta property=\"article:tag\" content=\"actualidad\" \/>\n\t\t<meta property=\"article:published_time\" content=\"2018-05-11T23:15:12+00:00\" \/>\n\t\t<meta property=\"article:modified_time\" content=\"2018-05-11T23:15:12+00:00\" \/>\n\t\t<meta property=\"article:publisher\" content=\"https:\/\/facebook.com\/eldigitaldeasturias\" \/>\n\t\t<meta name=\"twitter:card\" content=\"summary_large_image\" \/>\n\t\t<meta name=\"twitter:title\" content=\"Cumbre de Singapur: El primer evento global de la era Trump - El Digital de Asturias\" \/>\n\t\t<meta name=\"twitter:description\" content=\"Singapur, 11 may (dpa) - El presidente de Estados Unidos, Donald Trump, dijo hoy que espera que la futura reuni\u00f3n que mantendr\u00e1 en Singapur con el l\u00edder norcoreano, Kim Jong-un, contribuya a instaurar una paz y seguridad duradera en la pen\u00ednsula coreana. El presidente estadounidense hizo los comentarios durante una conversaci\u00f3n telef\u00f3nica con el primer\" \/>\n\t\t<meta name=\"twitter:image\" content=\"https:\/\/www.eldigitaldeasturias.com\/noticias\/wp-content\/uploads\/2020\/12\/EDA-1.jpg\" \/>\n\t\t<meta name=\"twitter:label1\" content=\"Escrito por\" \/>\n\t\t<meta name=\"twitter:data1\" content=\"El Digital de Asturias\" \/>\n\t\t<meta name=\"twitter:label2\" content=\"Tiempo de lectura estimado\" \/>\n\t\t<meta name=\"twitter:data2\" content=\"4 minutos\" \/>\n\t\t<script type=\"application\/ld+json\" class=\"aioseo-schema\">\n\t\t\t{\"@context\":\"https:\\\/\\\/schema.org\",\"@graph\":[{\"@type\":\"BlogPosting\",\"@id\":\"https:\\\/\\\/www.eldigitaldeasturias.com\\\/noticias\\\/cumbre-de-singapur-el-primer-evento-global-de-la-era-trump\\\/#blogposting\",\"name\":\"Cumbre de Singapur: El primer evento global de la era Trump - El Digital de Asturias\",\"headline\":\"Cumbre de Singapur: El primer evento global de la era Trump\",\"author\":{\"@id\":\"https:\\\/\\\/www.eldigitaldeasturias.com\\\/noticias\\\/author\\\/admin\\\/#author\"},\"publisher\":{\"@id\":\"https:\\\/\\\/www.eldigitaldeasturias.com\\\/noticias\\\/#organization\"},\"image\":{\"@type\":\"ImageObject\",\"url\":977530},\"datePublished\":\"2018-05-11T23:15:12+02:00\",\"dateModified\":\"2018-05-11T23:15:12+02:00\",\"inLanguage\":\"es-ES\",\"mainEntityOfPage\":{\"@id\":\"https:\\\/\\\/www.eldigitaldeasturias.com\\\/noticias\\\/cumbre-de-singapur-el-primer-evento-global-de-la-era-trump\\\/#webpage\"},\"isPartOf\":{\"@id\":\"https:\\\/\\\/www.eldigitaldeasturias.com\\\/noticias\\\/cumbre-de-singapur-el-primer-evento-global-de-la-era-trump\\\/#webpage\"},\"articleSection\":\"Actualidad\"},{\"@type\":\"BreadcrumbList\",\"@id\":\"https:\\\/\\\/www.eldigitaldeasturias.com\\\/noticias\\\/cumbre-de-singapur-el-primer-evento-global-de-la-era-trump\\\/#breadcrumblist\",\"itemListElement\":[{\"@type\":\"ListItem\",\"@id\":\"https:\\\/\\\/www.eldigitaldeasturias.com\\\/noticias#listItem\",\"position\":1,\"name\":\"Home\",\"item\":\"https:\\\/\\\/www.eldigitaldeasturias.com\\\/noticias\",\"nextItem\":{\"@type\":\"ListItem\",\"@id\":\"https:\\\/\\\/www.eldigitaldeasturias.com\\\/noticias\\\/category\\\/actualidad\\\/#listItem\",\"name\":\"Actualidad\"}},{\"@type\":\"ListItem\",\"@id\":\"https:\\\/\\\/www.eldigitaldeasturias.com\\\/noticias\\\/category\\\/actualidad\\\/#listItem\",\"position\":2,\"name\":\"Actualidad\",\"item\":\"https:\\\/\\\/www.eldigitaldeasturias.com\\\/noticias\\\/category\\\/actualidad\\\/\",\"nextItem\":{\"@type\":\"ListItem\",\"@id\":\"https:\\\/\\\/www.eldigitaldeasturias.com\\\/noticias\\\/cumbre-de-singapur-el-primer-evento-global-de-la-era-trump\\\/#listItem\",\"name\":\"Cumbre de Singapur: El primer evento global de la era Trump\"},\"previousItem\":{\"@type\":\"ListItem\",\"@id\":\"https:\\\/\\\/www.eldigitaldeasturias.com\\\/noticias#listItem\",\"name\":\"Home\"}},{\"@type\":\"ListItem\",\"@id\":\"https:\\\/\\\/www.eldigitaldeasturias.com\\\/noticias\\\/cumbre-de-singapur-el-primer-evento-global-de-la-era-trump\\\/#listItem\",\"position\":3,\"name\":\"Cumbre de Singapur: El primer evento global de la era Trump\",\"previousItem\":{\"@type\":\"ListItem\",\"@id\":\"https:\\\/\\\/www.eldigitaldeasturias.com\\\/noticias\\\/category\\\/actualidad\\\/#listItem\",\"name\":\"Actualidad\"}}]},{\"@type\":\"Organization\",\"@id\":\"https:\\\/\\\/www.eldigitaldeasturias.com\\\/noticias\\\/#organization\",\"name\":\"El Digital de Asturias\",\"description\":\"Hemeroteca\",\"url\":\"https:\\\/\\\/www.eldigitaldeasturias.com\\\/noticias\\\/\",\"email\":\"info@eldigitaldeasturias.com\",\"telephone\":\"+34652131393\",\"logo\":{\"@type\":\"ImageObject\",\"url\":\"https:\\\/\\\/www.eldigitaldeasturias.com\\\/noticias\\\/wp-content\\\/uploads\\\/2020\\\/12\\\/EDA.jpg\",\"@id\":\"https:\\\/\\\/www.eldigitaldeasturias.com\\\/noticias\\\/cumbre-de-singapur-el-primer-evento-global-de-la-era-trump\\\/#organizationLogo\"},\"image\":{\"@id\":\"https:\\\/\\\/www.eldigitaldeasturias.com\\\/noticias\\\/cumbre-de-singapur-el-primer-evento-global-de-la-era-trump\\\/#organizationLogo\"},\"sameAs\":[\"https:\\\/\\\/facebook.com\\\/eldigitaldeasturias\",\"https:\\\/\\\/www.youtube.com\\\/channel\\\/UCZP-2wLEB9Rv6erhFmqVnvg\"],\"address\":{\"@id\":\"https:\\\/\\\/www.eldigitaldeasturias.com\\\/noticias\\\/#postaladdress\",\"@type\":\"PostalAddress\",\"streetAddress\":\"san antonio 4\",\"postalCode\":\"33430\",\"addressLocality\":\"Cand\\u00e1s\",\"addressRegion\":\"Asturias\",\"addressCountry\":\"ES\"}},{\"@type\":\"Person\",\"@id\":\"https:\\\/\\\/www.eldigitaldeasturias.com\\\/noticias\\\/author\\\/admin\\\/#author\",\"url\":\"https:\\\/\\\/www.eldigitaldeasturias.com\\\/noticias\\\/author\\\/admin\\\/\",\"name\":\"El Digital de Asturias\",\"image\":{\"@type\":\"ImageObject\",\"@id\":\"https:\\\/\\\/www.eldigitaldeasturias.com\\\/noticias\\\/cumbre-de-singapur-el-primer-evento-global-de-la-era-trump\\\/#authorImage\",\"url\":\"https:\\\/\\\/secure.gravatar.com\\\/avatar\\\/df2aeffc32bcd13f8d26072ef8a91b623d677766deac7f97ca815868cd41bf5e?s=96&d=mm&r=g\",\"width\":96,\"height\":96,\"caption\":\"El Digital de Asturias\"}},{\"@type\":\"WebPage\",\"@id\":\"https:\\\/\\\/www.eldigitaldeasturias.com\\\/noticias\\\/cumbre-de-singapur-el-primer-evento-global-de-la-era-trump\\\/#webpage\",\"url\":\"https:\\\/\\\/www.eldigitaldeasturias.com\\\/noticias\\\/cumbre-de-singapur-el-primer-evento-global-de-la-era-trump\\\/\",\"name\":\"Cumbre de Singapur: El primer evento global de la era Trump - El Digital de Asturias\",\"description\":\"Singapur, 11 may (dpa) - El presidente de Estados Unidos, Donald Trump, dijo hoy que espera que la futura reuni\\u00f3n que mantendr\\u00e1 en Singapur con el l\\u00edder norcoreano, Kim Jong-un, contribuya a instaurar una paz y seguridad duradera en la pen\\u00ednsula coreana. El presidente estadounidense hizo los comentarios durante una conversaci\\u00f3n telef\\u00f3nica con el primer\",\"inLanguage\":\"es-ES\",\"isPartOf\":{\"@id\":\"https:\\\/\\\/www.eldigitaldeasturias.com\\\/noticias\\\/#website\"},\"breadcrumb\":{\"@id\":\"https:\\\/\\\/www.eldigitaldeasturias.com\\\/noticias\\\/cumbre-de-singapur-el-primer-evento-global-de-la-era-trump\\\/#breadcrumblist\"},\"author\":{\"@id\":\"https:\\\/\\\/www.eldigitaldeasturias.com\\\/noticias\\\/author\\\/admin\\\/#author\"},\"creator\":{\"@id\":\"https:\\\/\\\/www.eldigitaldeasturias.com\\\/noticias\\\/author\\\/admin\\\/#author\"},\"image\":{\"@type\":\"ImageObject\",\"url\":977530,\"@id\":\"https:\\\/\\\/www.eldigitaldeasturias.com\\\/noticias\\\/cumbre-de-singapur-el-primer-evento-global-de-la-era-trump\\\/#mainImage\"},\"primaryImageOfPage\":{\"@id\":\"https:\\\/\\\/www.eldigitaldeasturias.com\\\/noticias\\\/cumbre-de-singapur-el-primer-evento-global-de-la-era-trump\\\/#mainImage\"},\"datePublished\":\"2018-05-11T23:15:12+02:00\",\"dateModified\":\"2018-05-11T23:15:12+02:00\"},{\"@type\":\"WebSite\",\"@id\":\"https:\\\/\\\/www.eldigitaldeasturias.com\\\/noticias\\\/#website\",\"url\":\"https:\\\/\\\/www.eldigitaldeasturias.com\\\/noticias\\\/\",\"name\":\"El Digital de Asturias - Diario de actualidad y noticias\",\"alternateName\":\"El Digital de Asturias - Diario de actualidad y noticias\",\"description\":\"Hemeroteca\",\"inLanguage\":\"es-ES\",\"publisher\":{\"@id\":\"https:\\\/\\\/www.eldigitaldeasturias.com\\\/noticias\\\/#organization\"}}]}\n\t\t<\/script>\n\t\t<!-- All in One SEO Pro -->\r\n\t\t<title>Cumbre de Singapur: El primer evento global de la era Trump - El Digital de Asturias<\/title>\n\n","aioseo_head_json":{"title":"Cumbre de Singapur: El primer evento global de la era Trump - El Digital de Asturias","description":"Singapur, 11 may (dpa) - El presidente de Estados Unidos, Donald Trump, dijo hoy que espera que la futura reuni\u00f3n que mantendr\u00e1 en Singapur con el l\u00edder norcoreano, Kim Jong-un, contribuya a instaurar una paz y seguridad duradera en la pen\u00ednsula coreana. El presidente estadounidense hizo los comentarios durante una conversaci\u00f3n telef\u00f3nica con el primer","canonical_url":"https:\/\/www.eldigitaldeasturias.com\/noticias\/cumbre-de-singapur-el-primer-evento-global-de-la-era-trump\/","robots":"max-image-preview:large","keywords":"actualidad","webmasterTools":{"google-site-verification":"UA-38556648-1","msvalidate.01":"7dfe9f3f1b24437ab69f4f2559babe99","miscellaneous":""},"schema":{"@context":"https:\/\/schema.org","@graph":[{"@type":"BlogPosting","@id":"https:\/\/www.eldigitaldeasturias.com\/noticias\/cumbre-de-singapur-el-primer-evento-global-de-la-era-trump\/#blogposting","name":"Cumbre de Singapur: El primer evento global de la era Trump - El Digital de Asturias","headline":"Cumbre de Singapur: El primer evento global de la era Trump","author":{"@id":"https:\/\/www.eldigitaldeasturias.com\/noticias\/author\/admin\/#author"},"publisher":{"@id":"https:\/\/www.eldigitaldeasturias.com\/noticias\/#organization"},"image":{"@type":"ImageObject","url":977530},"datePublished":"2018-05-11T23:15:12+02:00","dateModified":"2018-05-11T23:15:12+02:00","inLanguage":"es-ES","mainEntityOfPage":{"@id":"https:\/\/www.eldigitaldeasturias.com\/noticias\/cumbre-de-singapur-el-primer-evento-global-de-la-era-trump\/#webpage"},"isPartOf":{"@id":"https:\/\/www.eldigitaldeasturias.com\/noticias\/cumbre-de-singapur-el-primer-evento-global-de-la-era-trump\/#webpage"},"articleSection":"Actualidad"},{"@type":"BreadcrumbList","@id":"https:\/\/www.eldigitaldeasturias.com\/noticias\/cumbre-de-singapur-el-primer-evento-global-de-la-era-trump\/#breadcrumblist","itemListElement":[{"@type":"ListItem","@id":"https:\/\/www.eldigitaldeasturias.com\/noticias#listItem","position":1,"name":"Home","item":"https:\/\/www.eldigitaldeasturias.com\/noticias","nextItem":{"@type":"ListItem","@id":"https:\/\/www.eldigitaldeasturias.com\/noticias\/category\/actualidad\/#listItem","name":"Actualidad"}},{"@type":"ListItem","@id":"https:\/\/www.eldigitaldeasturias.com\/noticias\/category\/actualidad\/#listItem","position":2,"name":"Actualidad","item":"https:\/\/www.eldigitaldeasturias.com\/noticias\/category\/actualidad\/","nextItem":{"@type":"ListItem","@id":"https:\/\/www.eldigitaldeasturias.com\/noticias\/cumbre-de-singapur-el-primer-evento-global-de-la-era-trump\/#listItem","name":"Cumbre de Singapur: El primer evento global de la era Trump"},"previousItem":{"@type":"ListItem","@id":"https:\/\/www.eldigitaldeasturias.com\/noticias#listItem","name":"Home"}},{"@type":"ListItem","@id":"https:\/\/www.eldigitaldeasturias.com\/noticias\/cumbre-de-singapur-el-primer-evento-global-de-la-era-trump\/#listItem","position":3,"name":"Cumbre de Singapur: El primer evento global de la era Trump","previousItem":{"@type":"ListItem","@id":"https:\/\/www.eldigitaldeasturias.com\/noticias\/category\/actualidad\/#listItem","name":"Actualidad"}}]},{"@type":"Organization","@id":"https:\/\/www.eldigitaldeasturias.com\/noticias\/#organization","name":"El Digital de Asturias","description":"Hemeroteca","url":"https:\/\/www.eldigitaldeasturias.com\/noticias\/","email":"info@eldigitaldeasturias.com","telephone":"+34652131393","logo":{"@type":"ImageObject","url":"https:\/\/www.eldigitaldeasturias.com\/noticias\/wp-content\/uploads\/2020\/12\/EDA.jpg","@id":"https:\/\/www.eldigitaldeasturias.com\/noticias\/cumbre-de-singapur-el-primer-evento-global-de-la-era-trump\/#organizationLogo"},"image":{"@id":"https:\/\/www.eldigitaldeasturias.com\/noticias\/cumbre-de-singapur-el-primer-evento-global-de-la-era-trump\/#organizationLogo"},"sameAs":["https:\/\/facebook.com\/eldigitaldeasturias","https:\/\/www.youtube.com\/channel\/UCZP-2wLEB9Rv6erhFmqVnvg"],"address":{"@id":"https:\/\/www.eldigitaldeasturias.com\/noticias\/#postaladdress","@type":"PostalAddress","streetAddress":"san antonio 4","postalCode":"33430","addressLocality":"Cand\u00e1s","addressRegion":"Asturias","addressCountry":"ES"}},{"@type":"Person","@id":"https:\/\/www.eldigitaldeasturias.com\/noticias\/author\/admin\/#author","url":"https:\/\/www.eldigitaldeasturias.com\/noticias\/author\/admin\/","name":"El Digital de Asturias","image":{"@type":"ImageObject","@id":"https:\/\/www.eldigitaldeasturias.com\/noticias\/cumbre-de-singapur-el-primer-evento-global-de-la-era-trump\/#authorImage","url":"https:\/\/secure.gravatar.com\/avatar\/df2aeffc32bcd13f8d26072ef8a91b623d677766deac7f97ca815868cd41bf5e?s=96&d=mm&r=g","width":96,"height":96,"caption":"El Digital de Asturias"}},{"@type":"WebPage","@id":"https:\/\/www.eldigitaldeasturias.com\/noticias\/cumbre-de-singapur-el-primer-evento-global-de-la-era-trump\/#webpage","url":"https:\/\/www.eldigitaldeasturias.com\/noticias\/cumbre-de-singapur-el-primer-evento-global-de-la-era-trump\/","name":"Cumbre de Singapur: El primer evento global de la era Trump - El Digital de Asturias","description":"Singapur, 11 may (dpa) - El presidente de Estados Unidos, Donald Trump, dijo hoy que espera que la futura reuni\u00f3n que mantendr\u00e1 en Singapur con el l\u00edder norcoreano, Kim Jong-un, contribuya a instaurar una paz y seguridad duradera en la pen\u00ednsula coreana. El presidente estadounidense hizo los comentarios durante una conversaci\u00f3n telef\u00f3nica con el primer","inLanguage":"es-ES","isPartOf":{"@id":"https:\/\/www.eldigitaldeasturias.com\/noticias\/#website"},"breadcrumb":{"@id":"https:\/\/www.eldigitaldeasturias.com\/noticias\/cumbre-de-singapur-el-primer-evento-global-de-la-era-trump\/#breadcrumblist"},"author":{"@id":"https:\/\/www.eldigitaldeasturias.com\/noticias\/author\/admin\/#author"},"creator":{"@id":"https:\/\/www.eldigitaldeasturias.com\/noticias\/author\/admin\/#author"},"image":{"@type":"ImageObject","url":977530,"@id":"https:\/\/www.eldigitaldeasturias.com\/noticias\/cumbre-de-singapur-el-primer-evento-global-de-la-era-trump\/#mainImage"},"primaryImageOfPage":{"@id":"https:\/\/www.eldigitaldeasturias.com\/noticias\/cumbre-de-singapur-el-primer-evento-global-de-la-era-trump\/#mainImage"},"datePublished":"2018-05-11T23:15:12+02:00","dateModified":"2018-05-11T23:15:12+02:00"},{"@type":"WebSite","@id":"https:\/\/www.eldigitaldeasturias.com\/noticias\/#website","url":"https:\/\/www.eldigitaldeasturias.com\/noticias\/","name":"El Digital de Asturias - Diario de actualidad y noticias","alternateName":"El Digital de Asturias - Diario de actualidad y noticias","description":"Hemeroteca","inLanguage":"es-ES","publisher":{"@id":"https:\/\/www.eldigitaldeasturias.com\/noticias\/#organization"}}]},"og:locale":"es_ES","og:site_name":"El Digital de Asturias","og:type":"article","og:title":"Cumbre de Singapur: El primer evento global de la era Trump - El Digital de Asturias","og:description":"Singapur, 11 may (dpa) - El presidente de Estados Unidos, Donald Trump, dijo hoy que espera que la futura reuni\u00f3n que mantendr\u00e1 en Singapur con el l\u00edder norcoreano, Kim Jong-un, contribuya a instaurar una paz y seguridad duradera en la pen\u00ednsula coreana. El presidente estadounidense hizo los comentarios durante una conversaci\u00f3n telef\u00f3nica con el primer","og:url":"https:\/\/www.eldigitaldeasturias.com\/noticias\/cumbre-de-singapur-el-primer-evento-global-de-la-era-trump\/","article:tag":["actualidad"],"article:published_time":"2018-05-11T23:15:12+00:00","article:modified_time":"2018-05-11T23:15:12+00:00","article:publisher":"https:\/\/facebook.com\/eldigitaldeasturias","twitter:card":"summary_large_image","twitter:title":"Cumbre de Singapur: El primer evento global de la era Trump - El Digital de Asturias","twitter:description":"Singapur, 11 may (dpa) - El presidente de Estados Unidos, Donald Trump, dijo hoy que espera que la futura reuni\u00f3n que mantendr\u00e1 en Singapur con el l\u00edder norcoreano, Kim Jong-un, contribuya a instaurar una paz y seguridad duradera en la pen\u00ednsula coreana. El presidente estadounidense hizo los comentarios durante una conversaci\u00f3n telef\u00f3nica con el primer","twitter:image":"https:\/\/www.eldigitaldeasturias.com\/noticias\/wp-content\/uploads\/2020\/12\/EDA-1.jpg","twitter:label1":"Escrito por","twitter:data1":"El Digital de Asturias","twitter:label2":"Tiempo de lectura estimado","twitter:data2":"4 minutos"},"aioseo_meta_data":{"post_id":"979946","title":null,"description":null,"keywords":null,"keyphrases":null,"primary_term":null,"canonical_url":null,"og_title":null,"og_description":null,"og_object_type":"default","og_image_type":"default","og_image_url":null,"og_image_width":null,"og_image_height":null,"og_image_custom_url":null,"og_image_custom_fields":null,"og_video":null,"og_custom_url":null,"og_article_section":null,"og_article_tags":null,"twitter_use_og":false,"twitter_card":"default","twitter_image_type":"default","twitter_image_url":null,"twitter_image_custom_url":null,"twitter_image_custom_fields":null,"twitter_title":null,"twitter_description":null,"schema":{"blockGraphs":[],"customGraphs":[],"default":{"data":{"Article":[],"Course":[],"Dataset":[],"FAQPage":[],"Movie":[],"Person":[],"Product":[],"ProductReview":[],"Car":[],"Recipe":[],"Service":[],"SoftwareApplication":[],"WebPage":[]},"graphName":"","isEnabled":true},"graphs":[],"defaultGraph":"","defaultPostTypeGraph":""},"schema_type":null,"schema_type_options":null,"pillar_content":false,"robots_default":true,"robots_noindex":false,"robots_noarchive":false,"robots_nosnippet":false,"robots_nofollow":false,"robots_noimageindex":false,"robots_noodp":false,"robots_notranslate":false,"robots_max_snippet":null,"robots_max_videopreview":null,"robots_max_imagepreview":"large","priority":null,"frequency":null,"local_seo":null,"seo_analyzer_scan_date":"2025-10-08 16:09:06","breadcrumb_settings":null,"limit_modified_date":false,"open_ai":null,"ai":null,"created":"2020-12-21 11:58:36","updated":"2025-10-08 16:09:06","focus_keyword":null,"additional_keywords":null,"truseo_locale":null},"aioseo_breadcrumb":"<div class=\"aioseo-breadcrumbs\"><span class=\"aioseo-breadcrumb\">\n\t<a href=\"https:\/\/www.eldigitaldeasturias.com\/noticias\" title=\"Home\">Home<\/a>\n<\/span><span class=\"aioseo-breadcrumb-separator\">\u2013<\/span><span class=\"aioseo-breadcrumb\">\n\t<a href=\"https:\/\/www.eldigitaldeasturias.com\/noticias\/category\/actualidad\/\" title=\"Actualidad\">Actualidad<\/a>\n<\/span><span class=\"aioseo-breadcrumb-separator\">\u2013<\/span><span class=\"aioseo-breadcrumb\">\n\t<a href=\"https:\/\/www.eldigitaldeasturias.com\/noticias\/cumbre-de-singapur-el-primer-evento-global-de-la-era-trump\/\" title=\"Cumbre de Singapur: El primer evento global de la era Trump\">Cumbre de Singapur: El primer evento global de la era Trump<\/a>\n<\/span><\/div>","aioseo_breadcrumb_json":[{"label":"Home","link":"https:\/\/www.eldigitaldeasturias.com\/noticias"},{"label":"Actualidad","link":"https:\/\/www.eldigitaldeasturias.com\/noticias\/category\/actualidad\/"},{"label":"Cumbre de Singapur: El primer evento global de la era Trump","link":"https:\/\/www.eldigitaldeasturias.com\/noticias\/cumbre-de-singapur-el-primer-evento-global-de-la-era-trump\/"}],"_links":{"self":[{"href":"https:\/\/www.eldigitaldeasturias.com\/noticias\/wp-json\/wp\/v2\/posts\/979946","targetHints":{"allow":["GET"]}}],"collection":[{"href":"https:\/\/www.eldigitaldeasturias.com\/noticias\/wp-json\/wp\/v2\/posts"}],"about":[{"href":"https:\/\/www.eldigitaldeasturias.com\/noticias\/wp-json\/wp\/v2\/types\/post"}],"author":[{"embeddable":true,"href":"https:\/\/www.eldigitaldeasturias.com\/noticias\/wp-json\/wp\/v2\/users\/1"}],"replies":[{"embeddable":true,"href":"https:\/\/www.eldigitaldeasturias.com\/noticias\/wp-json\/wp\/v2\/comments?post=979946"}],"version-history":[{"count":0,"href":"https:\/\/www.eldigitaldeasturias.com\/noticias\/wp-json\/wp\/v2\/posts\/979946\/revisions"}],"wp:attachment":[{"href":"https:\/\/www.eldigitaldeasturias.com\/noticias\/wp-json\/wp\/v2\/media?parent=979946"}],"wp:term":[{"taxonomy":"category","embeddable":true,"href":"https:\/\/www.eldigitaldeasturias.com\/noticias\/wp-json\/wp\/v2\/categories?post=979946"},{"taxonomy":"post_tag","embeddable":true,"href":"https:\/\/www.eldigitaldeasturias.com\/noticias\/wp-json\/wp\/v2\/tags?post=979946"}],"curies":[{"name":"wp","href":"https:\/\/api.w.org\/{rel}","templated":true}]}}