{"id":979944,"date":"2018-05-11T23:13:45","date_gmt":"2018-05-11T23:13:45","guid":{"rendered":"http:\/\/www.eldigitaldeasturias.com\/noticias\/?p=979944"},"modified":"2018-05-11T23:13:45","modified_gmt":"2018-05-11T23:13:45","slug":"un-palestino-muerto-y-700-heridos-en-las-protestas-en-la-frontera-de-gaza","status":"publish","type":"post","link":"https:\/\/www.eldigitaldeasturias.com\/noticias\/un-palestino-muerto-y-700-heridos-en-las-protestas-en-la-frontera-de-gaza\/","title":{"rendered":"Un palestino muerto y 700 heridos en las protestas en la frontera de Gaza"},"content":{"rendered":"<p><img loading=\"lazy\" decoding=\"async\" class=\"alignleft size-medium wp-image-974234\" src=\"https:\/\/www.eldigitaldeasturias.com\/noticias\/wp-content\/uploads\/2018\/03\/gaza-678979_1280-360x240.jpg\" alt=\"\" width=\"360\" height=\"240\" \/>Gaza\/Jerusal\u00e9n, 11 may (dpa) &#8211; Las fuerzas israel\u00edes abatieron hoy a un palestino e hirieron a 731, 147 de ellos con disparos, durante las protestas en la frontera de la Franja de Gaza, a pocos d\u00edas de la celebraci\u00f3n de los 70 a\u00f1os de la creaci\u00f3n del Estado de Israel.<\/p>\n<p>Desde finales de marzo murieron 54 palestinos, entre ellos dos periodistas, y 1.900 resultaron heridos en la frontera de Gaza durante las protestas. Las manifestaciones palestinas tienen lugar ante el 70 aniversario de la fundaci\u00f3n de Israel, que se celebra este 14 de mayo y que los palestinos consideran una cat\u00e1strofe.<\/p>\n<p>El fin de la llamada \u00abMarcha del Retorno\u00bb palestina est\u00e1 previsto para el 15 de mayo. Con esta acci\u00f3n de protesta, los palestinos reclaman el derecho de los refugiados de la guerra de 1948 a regresar al territorio que hoy es parte del Estado de Israel.<\/p>\n<p>Seg\u00fan el Ej\u00e9rcito israel\u00ed, en las protestas de hoy participaron unos 15.000 palestinos, que lanzaron bombas de fabricaci\u00f3n casera y granadas contra soldados israel\u00edes, al tiempo que quemaron neum\u00e1ticos y da\u00f1aron infraestructura. Un fot\u00f3grafo independiente, que tambi\u00e9n trabaja para la agencia dpa, result\u00f3 herido en la pierna.<\/p>\n<p>Esta es la s\u00e9ptima semana de protestas de palestinos. Seg\u00fan testigos oculares, decenas de j\u00f3venes cortaron la verja fronteriza en la parte sur de la Franja de Gaza. En las im\u00e1genes difundidas por los medios se ve a j\u00f3venes entre neum\u00e1ticos ardiendo y humo negro.<\/p>\n<p>Adem\u00e1s, los palestinos volvieron a enviar cometas con trozos de tela ardiendo a Israel. Seg\u00fan la prensa, cometas de ese tipo provocaron incendios en el sur de Israel en las \u00faltimas semanas, dejando graves da\u00f1os materiales.<\/p>\n<p>Seg\u00fan la prensa, tres israel\u00edes intentaron hoy lanzar a su vez cometas ardiendo al lado gazat\u00ed de la frontera. Sin embargo, los artefactos acabaron causando un incendio en terreno agr\u00edcola israel\u00ed y los responsables fueron arrestados.<\/p>\n<p>La tensi\u00f3n podr\u00eda seguir escalando en los pr\u00f3ximos d\u00edas. Estados Unidos inaugurar\u00e1 el lunes su embajada en Jerusal\u00e9n, medio a\u00f1o despu\u00e9s de su pol\u00e9mico reconocimiento de esa ciudad como capital israel\u00ed, aunque los palestinos reclaman Jerusal\u00e9n Este como su futura capital.<\/p>\n<p>Paralelamente est\u00e1n convocadas multitudinarias manifestaciones en la Franja de Gaza, en las que los organizadores esperan hasta un mill\u00f3n de palestinos.<\/p>\n<p>El jefe de Hamas, Ismail Haniya, dijo hoy: \u00abLe diremos a (el presidente de Estados Unidos, Donald) Trump, que (&#8230;) Jerusal\u00e9n es una ciudad \u00e1rabe e isl\u00e1mica, y no aceptaremos que su identidad sea modificada por Trump o (el primer ministro israel\u00ed Benjamin) Netanyahu\u00bb.<\/p>\n<p>El lunes marchar\u00e1n los palestinos de los campos de refugiados en el norte del L\u00edbano a la frontera con Israel, as\u00ed como los palestinos que residen en Jordania. Haniya subray\u00f3: \u00abNo reconoceremos a &#8216;Israel'\u00bb.<\/p>\n<p>Hamas es considerada una organizaci\u00f3n terrorista por la Uni\u00f3n Europea, Estados Unidos e Israel. Una de sus banderas es la destrucci\u00f3n de Israel. Adem\u00e1s aspira a la instalaci\u00f3n de una Palestina isl\u00e1mica en el territorio ubicado entre el Mediterr\u00e1neo y el r\u00edo Jord\u00e1n.<\/p>\n<p>En Ramal\u00e1, en Cisjordania, tambi\u00e9n se reunir\u00e1n miles de palestinos para protestar. Las formaciones pol\u00edticas tambi\u00e9n han pedido que se manifiesten ante los puestos de control israel\u00edes.<\/p>\n<p>Asimismo, se espera que el domingo miles de israel\u00edes se concentren en la ciudad vieja de Jerusal\u00e9n para celebrar la conquista de la parte este de la ciudad durante la Guerra de los Seis D\u00edas en 1967. Normalmente pasan por el barrio musulm\u00e1n, lo que los activistas consideran como una provocaci\u00f3n para los palestinos.<\/p>\n","protected":false},"excerpt":{"rendered":"<p>Gaza\/Jerusal\u00e9n, 11 may (dpa) &#8211; Las fuerzas israel\u00edes abatieron hoy a un palestino e hirieron a 731, 147 de ellos con disparos, durante las protestas en la frontera de la Franja de Gaza, a pocos d\u00edas de la celebraci\u00f3n de los 70 a\u00f1os de la creaci\u00f3n del Estado de Israel. Desde finales de marzo murieron [&hellip;]<\/p>\n","protected":false},"author":1,"featured_media":974234,"comment_status":"closed","ping_status":"closed","sticky":false,"template":"","format":"standard","meta":{"footnotes":""},"categories":[1],"tags":[],"class_list":["post-979944","post","type-post","status-publish","format-standard","has-post-thumbnail","hentry","category-actualidad"],"aioseo_notices":[],"aioseo_head":"\n\t\t<!-- All in One SEO Pro 5.0.1 - aioseo.com -->\n\t<meta name=\"description\" content=\"Gaza\/Jerusal\u00e9n, 11 may (dpa) - Las fuerzas israel\u00edes abatieron hoy a un palestino e hirieron a 731, 147 de ellos con disparos, durante las protestas en la frontera de la Franja de Gaza, a pocos d\u00edas de la celebraci\u00f3n de los 70 a\u00f1os de la creaci\u00f3n del Estado de Israel. Desde finales de marzo murieron\" \/>\n\t<meta name=\"robots\" content=\"max-image-preview:large\" \/>\n\t<meta name=\"author\" content=\"El Digital de Asturias\"\/>\n\t<meta name=\"google-site-verification\" content=\"UA-38556648-1\" \/>\n\t<meta name=\"msvalidate.01\" content=\"7dfe9f3f1b24437ab69f4f2559babe99\" \/>\n\t<meta name=\"keywords\" content=\"actualidad\" \/>\n\t<link rel=\"canonical\" href=\"https:\/\/www.eldigitaldeasturias.com\/noticias\/un-palestino-muerto-y-700-heridos-en-las-protestas-en-la-frontera-de-gaza\/\" \/>\n\t<meta name=\"generator\" content=\"All in One SEO Pro (AIOSEO) 5.0.1\" \/>\n\t\t<meta property=\"og:locale\" content=\"es_ES\" \/>\n\t\t<meta property=\"og:site_name\" content=\"El Digital de Asturias\" \/>\n\t\t<meta property=\"og:type\" content=\"article\" \/>\n\t\t<meta property=\"og:title\" content=\"Un palestino muerto y 700 heridos en las protestas en la frontera de Gaza - El Digital de Asturias\" \/>\n\t\t<meta property=\"og:description\" content=\"Gaza\/Jerusal\u00e9n, 11 may (dpa) - Las fuerzas israel\u00edes abatieron hoy a un palestino e hirieron a 731, 147 de ellos con disparos, durante las protestas en la frontera de la Franja de Gaza, a pocos d\u00edas de la celebraci\u00f3n de los 70 a\u00f1os de la creaci\u00f3n del Estado de Israel. Desde finales de marzo murieron\" \/>\n\t\t<meta property=\"og:url\" content=\"https:\/\/www.eldigitaldeasturias.com\/noticias\/un-palestino-muerto-y-700-heridos-en-las-protestas-en-la-frontera-de-gaza\/\" \/>\n\t\t<meta property=\"article:tag\" content=\"actualidad\" \/>\n\t\t<meta property=\"article:published_time\" content=\"2018-05-11T23:13:45+00:00\" \/>\n\t\t<meta property=\"article:modified_time\" content=\"2018-05-11T23:13:45+00:00\" \/>\n\t\t<meta property=\"article:publisher\" content=\"https:\/\/facebook.com\/eldigitaldeasturias\" \/>\n\t\t<meta name=\"twitter:card\" content=\"summary_large_image\" \/>\n\t\t<meta name=\"twitter:title\" content=\"Un palestino muerto y 700 heridos en las protestas en la frontera de Gaza - El Digital de Asturias\" \/>\n\t\t<meta name=\"twitter:description\" content=\"Gaza\/Jerusal\u00e9n, 11 may (dpa) - Las fuerzas israel\u00edes abatieron hoy a un palestino e hirieron a 731, 147 de ellos con disparos, durante las protestas en la frontera de la Franja de Gaza, a pocos d\u00edas de la celebraci\u00f3n de los 70 a\u00f1os de la creaci\u00f3n del Estado de Israel. Desde finales de marzo murieron\" \/>\n\t\t<meta name=\"twitter:image\" content=\"https:\/\/www.eldigitaldeasturias.com\/noticias\/wp-content\/uploads\/2020\/12\/EDA-1.jpg\" \/>\n\t\t<meta name=\"twitter:label1\" content=\"Escrito por\" \/>\n\t\t<meta name=\"twitter:data1\" content=\"El Digital de Asturias\" \/>\n\t\t<meta name=\"twitter:label2\" content=\"Tiempo de lectura estimado\" \/>\n\t\t<meta name=\"twitter:data2\" content=\"3 minutos\" \/>\n\t\t<script type=\"application\/ld+json\" class=\"aioseo-schema\">\n\t\t\t{\"@context\":\"https:\\\/\\\/schema.org\",\"@graph\":[{\"@type\":\"BlogPosting\",\"@id\":\"https:\\\/\\\/www.eldigitaldeasturias.com\\\/noticias\\\/un-palestino-muerto-y-700-heridos-en-las-protestas-en-la-frontera-de-gaza\\\/#blogposting\",\"name\":\"Un palestino muerto y 700 heridos en las protestas en la frontera de Gaza - El Digital de Asturias\",\"headline\":\"Un palestino muerto y 700 heridos en las protestas en la frontera de Gaza\",\"author\":{\"@id\":\"https:\\\/\\\/www.eldigitaldeasturias.com\\\/noticias\\\/author\\\/admin\\\/#author\"},\"publisher\":{\"@id\":\"https:\\\/\\\/www.eldigitaldeasturias.com\\\/noticias\\\/#organization\"},\"image\":{\"@type\":\"ImageObject\",\"url\":974234},\"datePublished\":\"2018-05-11T23:13:45+02:00\",\"dateModified\":\"2018-05-11T23:13:45+02:00\",\"inLanguage\":\"es-ES\",\"mainEntityOfPage\":{\"@id\":\"https:\\\/\\\/www.eldigitaldeasturias.com\\\/noticias\\\/un-palestino-muerto-y-700-heridos-en-las-protestas-en-la-frontera-de-gaza\\\/#webpage\"},\"isPartOf\":{\"@id\":\"https:\\\/\\\/www.eldigitaldeasturias.com\\\/noticias\\\/un-palestino-muerto-y-700-heridos-en-las-protestas-en-la-frontera-de-gaza\\\/#webpage\"},\"articleSection\":\"Actualidad\"},{\"@type\":\"BreadcrumbList\",\"@id\":\"https:\\\/\\\/www.eldigitaldeasturias.com\\\/noticias\\\/un-palestino-muerto-y-700-heridos-en-las-protestas-en-la-frontera-de-gaza\\\/#breadcrumblist\",\"itemListElement\":[{\"@type\":\"ListItem\",\"@id\":\"https:\\\/\\\/www.eldigitaldeasturias.com\\\/noticias#listItem\",\"position\":1,\"name\":\"Home\",\"item\":\"https:\\\/\\\/www.eldigitaldeasturias.com\\\/noticias\",\"nextItem\":{\"@type\":\"ListItem\",\"@id\":\"https:\\\/\\\/www.eldigitaldeasturias.com\\\/noticias\\\/category\\\/actualidad\\\/#listItem\",\"name\":\"Actualidad\"}},{\"@type\":\"ListItem\",\"@id\":\"https:\\\/\\\/www.eldigitaldeasturias.com\\\/noticias\\\/category\\\/actualidad\\\/#listItem\",\"position\":2,\"name\":\"Actualidad\",\"item\":\"https:\\\/\\\/www.eldigitaldeasturias.com\\\/noticias\\\/category\\\/actualidad\\\/\",\"nextItem\":{\"@type\":\"ListItem\",\"@id\":\"https:\\\/\\\/www.eldigitaldeasturias.com\\\/noticias\\\/un-palestino-muerto-y-700-heridos-en-las-protestas-en-la-frontera-de-gaza\\\/#listItem\",\"name\":\"Un palestino muerto y 700 heridos en las protestas en la frontera de Gaza\"},\"previousItem\":{\"@type\":\"ListItem\",\"@id\":\"https:\\\/\\\/www.eldigitaldeasturias.com\\\/noticias#listItem\",\"name\":\"Home\"}},{\"@type\":\"ListItem\",\"@id\":\"https:\\\/\\\/www.eldigitaldeasturias.com\\\/noticias\\\/un-palestino-muerto-y-700-heridos-en-las-protestas-en-la-frontera-de-gaza\\\/#listItem\",\"position\":3,\"name\":\"Un palestino muerto y 700 heridos en las protestas en la frontera de Gaza\",\"previousItem\":{\"@type\":\"ListItem\",\"@id\":\"https:\\\/\\\/www.eldigitaldeasturias.com\\\/noticias\\\/category\\\/actualidad\\\/#listItem\",\"name\":\"Actualidad\"}}]},{\"@type\":\"Organization\",\"@id\":\"https:\\\/\\\/www.eldigitaldeasturias.com\\\/noticias\\\/#organization\",\"name\":\"El Digital de Asturias\",\"description\":\"Hemeroteca\",\"url\":\"https:\\\/\\\/www.eldigitaldeasturias.com\\\/noticias\\\/\",\"email\":\"info@eldigitaldeasturias.com\",\"telephone\":\"+34652131393\",\"logo\":{\"@type\":\"ImageObject\",\"url\":\"https:\\\/\\\/www.eldigitaldeasturias.com\\\/noticias\\\/wp-content\\\/uploads\\\/2020\\\/12\\\/EDA.jpg\",\"@id\":\"https:\\\/\\\/www.eldigitaldeasturias.com\\\/noticias\\\/un-palestino-muerto-y-700-heridos-en-las-protestas-en-la-frontera-de-gaza\\\/#organizationLogo\"},\"image\":{\"@id\":\"https:\\\/\\\/www.eldigitaldeasturias.com\\\/noticias\\\/un-palestino-muerto-y-700-heridos-en-las-protestas-en-la-frontera-de-gaza\\\/#organizationLogo\"},\"sameAs\":[\"https:\\\/\\\/facebook.com\\\/eldigitaldeasturias\",\"https:\\\/\\\/www.youtube.com\\\/channel\\\/UCZP-2wLEB9Rv6erhFmqVnvg\"],\"address\":{\"@id\":\"https:\\\/\\\/www.eldigitaldeasturias.com\\\/noticias\\\/#postaladdress\",\"@type\":\"PostalAddress\",\"streetAddress\":\"san antonio 4\",\"postalCode\":\"33430\",\"addressLocality\":\"Cand\\u00e1s\",\"addressRegion\":\"Asturias\",\"addressCountry\":\"ES\"}},{\"@type\":\"Person\",\"@id\":\"https:\\\/\\\/www.eldigitaldeasturias.com\\\/noticias\\\/author\\\/admin\\\/#author\",\"url\":\"https:\\\/\\\/www.eldigitaldeasturias.com\\\/noticias\\\/author\\\/admin\\\/\",\"name\":\"El Digital de Asturias\",\"image\":{\"@type\":\"ImageObject\",\"@id\":\"https:\\\/\\\/www.eldigitaldeasturias.com\\\/noticias\\\/un-palestino-muerto-y-700-heridos-en-las-protestas-en-la-frontera-de-gaza\\\/#authorImage\",\"url\":\"https:\\\/\\\/secure.gravatar.com\\\/avatar\\\/df2aeffc32bcd13f8d26072ef8a91b623d677766deac7f97ca815868cd41bf5e?s=96&d=mm&r=g\",\"width\":96,\"height\":96,\"caption\":\"El Digital de Asturias\"}},{\"@type\":\"WebPage\",\"@id\":\"https:\\\/\\\/www.eldigitaldeasturias.com\\\/noticias\\\/un-palestino-muerto-y-700-heridos-en-las-protestas-en-la-frontera-de-gaza\\\/#webpage\",\"url\":\"https:\\\/\\\/www.eldigitaldeasturias.com\\\/noticias\\\/un-palestino-muerto-y-700-heridos-en-las-protestas-en-la-frontera-de-gaza\\\/\",\"name\":\"Un palestino muerto y 700 heridos en las protestas en la frontera de Gaza - El Digital de Asturias\",\"description\":\"Gaza\\\/Jerusal\\u00e9n, 11 may (dpa) - Las fuerzas israel\\u00edes abatieron hoy a un palestino e hirieron a 731, 147 de ellos con disparos, durante las protestas en la frontera de la Franja de Gaza, a pocos d\\u00edas de la celebraci\\u00f3n de los 70 a\\u00f1os de la creaci\\u00f3n del Estado de Israel. Desde finales de marzo murieron\",\"inLanguage\":\"es-ES\",\"isPartOf\":{\"@id\":\"https:\\\/\\\/www.eldigitaldeasturias.com\\\/noticias\\\/#website\"},\"breadcrumb\":{\"@id\":\"https:\\\/\\\/www.eldigitaldeasturias.com\\\/noticias\\\/un-palestino-muerto-y-700-heridos-en-las-protestas-en-la-frontera-de-gaza\\\/#breadcrumblist\"},\"author\":{\"@id\":\"https:\\\/\\\/www.eldigitaldeasturias.com\\\/noticias\\\/author\\\/admin\\\/#author\"},\"creator\":{\"@id\":\"https:\\\/\\\/www.eldigitaldeasturias.com\\\/noticias\\\/author\\\/admin\\\/#author\"},\"image\":{\"@type\":\"ImageObject\",\"url\":974234,\"@id\":\"https:\\\/\\\/www.eldigitaldeasturias.com\\\/noticias\\\/un-palestino-muerto-y-700-heridos-en-las-protestas-en-la-frontera-de-gaza\\\/#mainImage\"},\"primaryImageOfPage\":{\"@id\":\"https:\\\/\\\/www.eldigitaldeasturias.com\\\/noticias\\\/un-palestino-muerto-y-700-heridos-en-las-protestas-en-la-frontera-de-gaza\\\/#mainImage\"},\"datePublished\":\"2018-05-11T23:13:45+02:00\",\"dateModified\":\"2018-05-11T23:13:45+02:00\"},{\"@type\":\"WebSite\",\"@id\":\"https:\\\/\\\/www.eldigitaldeasturias.com\\\/noticias\\\/#website\",\"url\":\"https:\\\/\\\/www.eldigitaldeasturias.com\\\/noticias\\\/\",\"name\":\"El Digital de Asturias - Diario de actualidad y noticias\",\"alternateName\":\"El Digital de Asturias - Diario de actualidad y noticias\",\"description\":\"Hemeroteca\",\"inLanguage\":\"es-ES\",\"publisher\":{\"@id\":\"https:\\\/\\\/www.eldigitaldeasturias.com\\\/noticias\\\/#organization\"}}]}\n\t\t<\/script>\n\t\t<!-- All in One SEO Pro -->\r\n\t\t<title>Un palestino muerto y 700 heridos en las protestas en la frontera de Gaza - El Digital de Asturias<\/title>\n\n","aioseo_head_json":{"title":"Un palestino muerto y 700 heridos en las protestas en la frontera de Gaza - El Digital de Asturias","description":"Gaza\/Jerusal\u00e9n, 11 may (dpa) - Las fuerzas israel\u00edes abatieron hoy a un palestino e hirieron a 731, 147 de ellos con disparos, durante las protestas en la frontera de la Franja de Gaza, a pocos d\u00edas de la celebraci\u00f3n de los 70 a\u00f1os de la creaci\u00f3n del Estado de Israel. Desde finales de marzo murieron","canonical_url":"https:\/\/www.eldigitaldeasturias.com\/noticias\/un-palestino-muerto-y-700-heridos-en-las-protestas-en-la-frontera-de-gaza\/","robots":"max-image-preview:large","keywords":"actualidad","webmasterTools":{"google-site-verification":"UA-38556648-1","msvalidate.01":"7dfe9f3f1b24437ab69f4f2559babe99","miscellaneous":""},"schema":{"@context":"https:\/\/schema.org","@graph":[{"@type":"BlogPosting","@id":"https:\/\/www.eldigitaldeasturias.com\/noticias\/un-palestino-muerto-y-700-heridos-en-las-protestas-en-la-frontera-de-gaza\/#blogposting","name":"Un palestino muerto y 700 heridos en las protestas en la frontera de Gaza - El Digital de Asturias","headline":"Un palestino muerto y 700 heridos en las protestas en la frontera de Gaza","author":{"@id":"https:\/\/www.eldigitaldeasturias.com\/noticias\/author\/admin\/#author"},"publisher":{"@id":"https:\/\/www.eldigitaldeasturias.com\/noticias\/#organization"},"image":{"@type":"ImageObject","url":974234},"datePublished":"2018-05-11T23:13:45+02:00","dateModified":"2018-05-11T23:13:45+02:00","inLanguage":"es-ES","mainEntityOfPage":{"@id":"https:\/\/www.eldigitaldeasturias.com\/noticias\/un-palestino-muerto-y-700-heridos-en-las-protestas-en-la-frontera-de-gaza\/#webpage"},"isPartOf":{"@id":"https:\/\/www.eldigitaldeasturias.com\/noticias\/un-palestino-muerto-y-700-heridos-en-las-protestas-en-la-frontera-de-gaza\/#webpage"},"articleSection":"Actualidad"},{"@type":"BreadcrumbList","@id":"https:\/\/www.eldigitaldeasturias.com\/noticias\/un-palestino-muerto-y-700-heridos-en-las-protestas-en-la-frontera-de-gaza\/#breadcrumblist","itemListElement":[{"@type":"ListItem","@id":"https:\/\/www.eldigitaldeasturias.com\/noticias#listItem","position":1,"name":"Home","item":"https:\/\/www.eldigitaldeasturias.com\/noticias","nextItem":{"@type":"ListItem","@id":"https:\/\/www.eldigitaldeasturias.com\/noticias\/category\/actualidad\/#listItem","name":"Actualidad"}},{"@type":"ListItem","@id":"https:\/\/www.eldigitaldeasturias.com\/noticias\/category\/actualidad\/#listItem","position":2,"name":"Actualidad","item":"https:\/\/www.eldigitaldeasturias.com\/noticias\/category\/actualidad\/","nextItem":{"@type":"ListItem","@id":"https:\/\/www.eldigitaldeasturias.com\/noticias\/un-palestino-muerto-y-700-heridos-en-las-protestas-en-la-frontera-de-gaza\/#listItem","name":"Un palestino muerto y 700 heridos en las protestas en la frontera de Gaza"},"previousItem":{"@type":"ListItem","@id":"https:\/\/www.eldigitaldeasturias.com\/noticias#listItem","name":"Home"}},{"@type":"ListItem","@id":"https:\/\/www.eldigitaldeasturias.com\/noticias\/un-palestino-muerto-y-700-heridos-en-las-protestas-en-la-frontera-de-gaza\/#listItem","position":3,"name":"Un palestino muerto y 700 heridos en las protestas en la frontera de Gaza","previousItem":{"@type":"ListItem","@id":"https:\/\/www.eldigitaldeasturias.com\/noticias\/category\/actualidad\/#listItem","name":"Actualidad"}}]},{"@type":"Organization","@id":"https:\/\/www.eldigitaldeasturias.com\/noticias\/#organization","name":"El Digital de Asturias","description":"Hemeroteca","url":"https:\/\/www.eldigitaldeasturias.com\/noticias\/","email":"info@eldigitaldeasturias.com","telephone":"+34652131393","logo":{"@type":"ImageObject","url":"https:\/\/www.eldigitaldeasturias.com\/noticias\/wp-content\/uploads\/2020\/12\/EDA.jpg","@id":"https:\/\/www.eldigitaldeasturias.com\/noticias\/un-palestino-muerto-y-700-heridos-en-las-protestas-en-la-frontera-de-gaza\/#organizationLogo"},"image":{"@id":"https:\/\/www.eldigitaldeasturias.com\/noticias\/un-palestino-muerto-y-700-heridos-en-las-protestas-en-la-frontera-de-gaza\/#organizationLogo"},"sameAs":["https:\/\/facebook.com\/eldigitaldeasturias","https:\/\/www.youtube.com\/channel\/UCZP-2wLEB9Rv6erhFmqVnvg"],"address":{"@id":"https:\/\/www.eldigitaldeasturias.com\/noticias\/#postaladdress","@type":"PostalAddress","streetAddress":"san antonio 4","postalCode":"33430","addressLocality":"Cand\u00e1s","addressRegion":"Asturias","addressCountry":"ES"}},{"@type":"Person","@id":"https:\/\/www.eldigitaldeasturias.com\/noticias\/author\/admin\/#author","url":"https:\/\/www.eldigitaldeasturias.com\/noticias\/author\/admin\/","name":"El Digital de Asturias","image":{"@type":"ImageObject","@id":"https:\/\/www.eldigitaldeasturias.com\/noticias\/un-palestino-muerto-y-700-heridos-en-las-protestas-en-la-frontera-de-gaza\/#authorImage","url":"https:\/\/secure.gravatar.com\/avatar\/df2aeffc32bcd13f8d26072ef8a91b623d677766deac7f97ca815868cd41bf5e?s=96&d=mm&r=g","width":96,"height":96,"caption":"El Digital de Asturias"}},{"@type":"WebPage","@id":"https:\/\/www.eldigitaldeasturias.com\/noticias\/un-palestino-muerto-y-700-heridos-en-las-protestas-en-la-frontera-de-gaza\/#webpage","url":"https:\/\/www.eldigitaldeasturias.com\/noticias\/un-palestino-muerto-y-700-heridos-en-las-protestas-en-la-frontera-de-gaza\/","name":"Un palestino muerto y 700 heridos en las protestas en la frontera de Gaza - El Digital de Asturias","description":"Gaza\/Jerusal\u00e9n, 11 may (dpa) - Las fuerzas israel\u00edes abatieron hoy a un palestino e hirieron a 731, 147 de ellos con disparos, durante las protestas en la frontera de la Franja de Gaza, a pocos d\u00edas de la celebraci\u00f3n de los 70 a\u00f1os de la creaci\u00f3n del Estado de Israel. Desde finales de marzo murieron","inLanguage":"es-ES","isPartOf":{"@id":"https:\/\/www.eldigitaldeasturias.com\/noticias\/#website"},"breadcrumb":{"@id":"https:\/\/www.eldigitaldeasturias.com\/noticias\/un-palestino-muerto-y-700-heridos-en-las-protestas-en-la-frontera-de-gaza\/#breadcrumblist"},"author":{"@id":"https:\/\/www.eldigitaldeasturias.com\/noticias\/author\/admin\/#author"},"creator":{"@id":"https:\/\/www.eldigitaldeasturias.com\/noticias\/author\/admin\/#author"},"image":{"@type":"ImageObject","url":974234,"@id":"https:\/\/www.eldigitaldeasturias.com\/noticias\/un-palestino-muerto-y-700-heridos-en-las-protestas-en-la-frontera-de-gaza\/#mainImage"},"primaryImageOfPage":{"@id":"https:\/\/www.eldigitaldeasturias.com\/noticias\/un-palestino-muerto-y-700-heridos-en-las-protestas-en-la-frontera-de-gaza\/#mainImage"},"datePublished":"2018-05-11T23:13:45+02:00","dateModified":"2018-05-11T23:13:45+02:00"},{"@type":"WebSite","@id":"https:\/\/www.eldigitaldeasturias.com\/noticias\/#website","url":"https:\/\/www.eldigitaldeasturias.com\/noticias\/","name":"El Digital de Asturias - Diario de actualidad y noticias","alternateName":"El Digital de Asturias - Diario de actualidad y noticias","description":"Hemeroteca","inLanguage":"es-ES","publisher":{"@id":"https:\/\/www.eldigitaldeasturias.com\/noticias\/#organization"}}]},"og:locale":"es_ES","og:site_name":"El Digital de Asturias","og:type":"article","og:title":"Un palestino muerto y 700 heridos en las protestas en la frontera de Gaza - El Digital de Asturias","og:description":"Gaza\/Jerusal\u00e9n, 11 may (dpa) - Las fuerzas israel\u00edes abatieron hoy a un palestino e hirieron a 731, 147 de ellos con disparos, durante las protestas en la frontera de la Franja de Gaza, a pocos d\u00edas de la celebraci\u00f3n de los 70 a\u00f1os de la creaci\u00f3n del Estado de Israel. Desde finales de marzo murieron","og:url":"https:\/\/www.eldigitaldeasturias.com\/noticias\/un-palestino-muerto-y-700-heridos-en-las-protestas-en-la-frontera-de-gaza\/","article:tag":["actualidad"],"article:published_time":"2018-05-11T23:13:45+00:00","article:modified_time":"2018-05-11T23:13:45+00:00","article:publisher":"https:\/\/facebook.com\/eldigitaldeasturias","twitter:card":"summary_large_image","twitter:title":"Un palestino muerto y 700 heridos en las protestas en la frontera de Gaza - El Digital de Asturias","twitter:description":"Gaza\/Jerusal\u00e9n, 11 may (dpa) - Las fuerzas israel\u00edes abatieron hoy a un palestino e hirieron a 731, 147 de ellos con disparos, durante las protestas en la frontera de la Franja de Gaza, a pocos d\u00edas de la celebraci\u00f3n de los 70 a\u00f1os de la creaci\u00f3n del Estado de Israel. Desde finales de marzo murieron","twitter:image":"https:\/\/www.eldigitaldeasturias.com\/noticias\/wp-content\/uploads\/2020\/12\/EDA-1.jpg","twitter:label1":"Escrito por","twitter:data1":"El Digital de Asturias","twitter:label2":"Tiempo de lectura estimado","twitter:data2":"3 minutos"},"aioseo_meta_data":{"post_id":"979944","title":null,"description":null,"keywords":null,"keyphrases":null,"primary_term":null,"canonical_url":null,"og_title":null,"og_description":null,"og_object_type":"default","og_image_type":"default","og_image_url":null,"og_image_width":null,"og_image_height":null,"og_image_custom_url":null,"og_image_custom_fields":null,"og_video":null,"og_custom_url":null,"og_article_section":null,"og_article_tags":null,"twitter_use_og":false,"twitter_card":"default","twitter_image_type":"default","twitter_image_url":null,"twitter_image_custom_url":null,"twitter_image_custom_fields":null,"twitter_title":null,"twitter_description":null,"schema":{"blockGraphs":[],"customGraphs":[],"default":{"data":{"Article":[],"Course":[],"Dataset":[],"FAQPage":[],"Movie":[],"Person":[],"Product":[],"ProductReview":[],"Car":[],"Recipe":[],"Service":[],"SoftwareApplication":[],"WebPage":[]},"graphName":"","isEnabled":true},"graphs":[],"defaultGraph":"","defaultPostTypeGraph":""},"schema_type":null,"schema_type_options":null,"pillar_content":false,"robots_default":true,"robots_noindex":false,"robots_noarchive":false,"robots_nosnippet":false,"robots_nofollow":false,"robots_noimageindex":false,"robots_noodp":false,"robots_notranslate":false,"robots_max_snippet":null,"robots_max_videopreview":null,"robots_max_imagepreview":"large","priority":null,"frequency":null,"local_seo":null,"seo_analyzer_scan_date":"2025-10-08 16:09:05","breadcrumb_settings":null,"limit_modified_date":false,"open_ai":null,"ai":null,"created":"2020-12-21 11:58:36","updated":"2025-10-08 16:09:05","focus_keyword":null,"additional_keywords":null,"truseo_locale":null},"aioseo_breadcrumb":"<div class=\"aioseo-breadcrumbs\"><span class=\"aioseo-breadcrumb\">\n\t<a href=\"https:\/\/www.eldigitaldeasturias.com\/noticias\" title=\"Home\">Home<\/a>\n<\/span><span class=\"aioseo-breadcrumb-separator\">\u2013<\/span><span class=\"aioseo-breadcrumb\">\n\t<a href=\"https:\/\/www.eldigitaldeasturias.com\/noticias\/category\/actualidad\/\" title=\"Actualidad\">Actualidad<\/a>\n<\/span><span class=\"aioseo-breadcrumb-separator\">\u2013<\/span><span class=\"aioseo-breadcrumb\">\n\t<a href=\"https:\/\/www.eldigitaldeasturias.com\/noticias\/un-palestino-muerto-y-700-heridos-en-las-protestas-en-la-frontera-de-gaza\/\" title=\"Un palestino muerto y 700 heridos en las protestas en la frontera de Gaza\">Un palestino muerto y 700 heridos en las protestas en la frontera de Gaza<\/a>\n<\/span><\/div>","aioseo_breadcrumb_json":[{"label":"Home","link":"https:\/\/www.eldigitaldeasturias.com\/noticias"},{"label":"Actualidad","link":"https:\/\/www.eldigitaldeasturias.com\/noticias\/category\/actualidad\/"},{"label":"Un palestino muerto y 700 heridos en las protestas en la frontera de Gaza","link":"https:\/\/www.eldigitaldeasturias.com\/noticias\/un-palestino-muerto-y-700-heridos-en-las-protestas-en-la-frontera-de-gaza\/"}],"_links":{"self":[{"href":"https:\/\/www.eldigitaldeasturias.com\/noticias\/wp-json\/wp\/v2\/posts\/979944","targetHints":{"allow":["GET"]}}],"collection":[{"href":"https:\/\/www.eldigitaldeasturias.com\/noticias\/wp-json\/wp\/v2\/posts"}],"about":[{"href":"https:\/\/www.eldigitaldeasturias.com\/noticias\/wp-json\/wp\/v2\/types\/post"}],"author":[{"embeddable":true,"href":"https:\/\/www.eldigitaldeasturias.com\/noticias\/wp-json\/wp\/v2\/users\/1"}],"replies":[{"embeddable":true,"href":"https:\/\/www.eldigitaldeasturias.com\/noticias\/wp-json\/wp\/v2\/comments?post=979944"}],"version-history":[{"count":0,"href":"https:\/\/www.eldigitaldeasturias.com\/noticias\/wp-json\/wp\/v2\/posts\/979944\/revisions"}],"wp:attachment":[{"href":"https:\/\/www.eldigitaldeasturias.com\/noticias\/wp-json\/wp\/v2\/media?parent=979944"}],"wp:term":[{"taxonomy":"category","embeddable":true,"href":"https:\/\/www.eldigitaldeasturias.com\/noticias\/wp-json\/wp\/v2\/categories?post=979944"},{"taxonomy":"post_tag","embeddable":true,"href":"https:\/\/www.eldigitaldeasturias.com\/noticias\/wp-json\/wp\/v2\/tags?post=979944"}],"curies":[{"name":"wp","href":"https:\/\/api.w.org\/{rel}","templated":true}]}}