{"id":979935,"date":"2018-05-11T22:37:00","date_gmt":"2018-05-11T22:37:00","guid":{"rendered":"http:\/\/www.eldigitaldeasturias.com\/noticias\/?p=979935"},"modified":"2018-05-11T22:37:00","modified_gmt":"2018-05-11T22:37:00","slug":"el-blindaje-de-las-pensiones-estara-en-san-isidro","status":"publish","type":"post","link":"https:\/\/www.eldigitaldeasturias.com\/noticias\/el-blindaje-de-las-pensiones-estara-en-san-isidro\/","title":{"rendered":"El blindaje de las pensiones estar\u00e1 en San Isidro"},"content":{"rendered":"<p><img loading=\"lazy\" decoding=\"async\" class=\"alignleft size-medium wp-image-979936\" src=\"https:\/\/www.eldigitaldeasturias.com\/noticias\/wp-content\/uploads\/2018\/05\/MERP-17M-cabezera-Madrid-360x152.jpg\" alt=\"\" width=\"360\" height=\"152\" \/>Desde ma\u00f1ana s\u00e1bado, representantes de la Mesa Estatal por el Blindaje de las Pensiones (MERP) estar\u00e1n presentes con una carpa en las fiestas de San Isidro que empiezan hoy viernes.<\/p>\n<p>A partir de las 11 de la ma\u00f1ana, una carpa de la plataforma estar\u00e1 ubicada en el Paseo 15 de mayo, recogiendo firmas por el blindaje constitucional de las pensiones. Al puesto de la MERP acudir\u00e1n representantes de muchas de las 80 organizaciones de la MERP con presencia en Madrid, de las 250 que forman parte. Tambi\u00e9n asistir\u00e1n personalidades firmantes del manifiesto \u201cBlindemos las Pensiones en la Constituci\u00f3n\u201d y representantes p\u00fablicos de las diferentes fuerzas presentes en el ayuntamiento y en la Asamblea de Madrid.<\/p>\n<p>Los portavoces de la MERP esperan contar con la asistencia de representantes del ayuntamiento para saludar la iniciativa y que la defensa de las pensiones est\u00e9 presente en las fiestas m\u00e1s emblem\u00e1ticas de la ciudad.<\/p>\n<p>Tras el acuerdo del PP con el PNV, los representantes de la MERP ven confirmada la necesidad de una alternativa estructural como el blindaje constitucional de las pensiones, que cada vez apoyan m\u00e1s sectores de la sociedad. \u201cNo es posible que las pensiones dependan de los acuerdos entre dos partidos o las negociaciones en de unas fuerzas con otras, hay que blindarlas convirti\u00e9ndolas en un derecho fundamental en la Constituci\u00f3n, prohibiendo expl\u00edcitamente la privatizaci\u00f3n y la p\u00e9rdida de poder adquisitivo\u201d.<\/p>\n","protected":false},"excerpt":{"rendered":"<p>Desde ma\u00f1ana s\u00e1bado, representantes de la Mesa Estatal por el Blindaje de las Pensiones (MERP) estar\u00e1n presentes con una carpa en las fiestas de San Isidro que empiezan hoy viernes. A partir de las 11 de la ma\u00f1ana, una carpa de la plataforma estar\u00e1 ubicada en el Paseo 15 de mayo, recogiendo firmas por el [&hellip;]<\/p>\n","protected":false},"author":1,"featured_media":979936,"comment_status":"closed","ping_status":"closed","sticky":false,"template":"","format":"standard","meta":{"footnotes":""},"categories":[1],"tags":[],"class_list":["post-979935","post","type-post","status-publish","format-standard","has-post-thumbnail","hentry","category-actualidad"],"aioseo_notices":[],"aioseo_head":"\n\t\t<!-- All in One SEO Pro 5.0.1 - aioseo.com -->\n\t<meta name=\"description\" content=\"Desde ma\u00f1ana s\u00e1bado, representantes de la Mesa Estatal por el Blindaje de las Pensiones (MERP) estar\u00e1n presentes con una carpa en las fiestas de San Isidro que empiezan hoy viernes. A partir de las 11 de la ma\u00f1ana, una carpa de la plataforma estar\u00e1 ubicada en el Paseo 15 de mayo, recogiendo firmas por el\" \/>\n\t<meta name=\"robots\" content=\"max-image-preview:large\" \/>\n\t<meta name=\"author\" content=\"El Digital de Asturias\"\/>\n\t<meta name=\"google-site-verification\" content=\"UA-38556648-1\" \/>\n\t<meta name=\"msvalidate.01\" content=\"7dfe9f3f1b24437ab69f4f2559babe99\" \/>\n\t<meta name=\"keywords\" content=\"actualidad\" \/>\n\t<link rel=\"canonical\" href=\"https:\/\/www.eldigitaldeasturias.com\/noticias\/el-blindaje-de-las-pensiones-estara-en-san-isidro\/\" \/>\n\t<meta name=\"generator\" content=\"All in One SEO Pro (AIOSEO) 5.0.1\" \/>\n\t\t<meta property=\"og:locale\" content=\"es_ES\" \/>\n\t\t<meta property=\"og:site_name\" content=\"El Digital de Asturias\" \/>\n\t\t<meta property=\"og:type\" content=\"article\" \/>\n\t\t<meta property=\"og:title\" content=\"El blindaje de las pensiones estar\u00e1 en San Isidro - El Digital de Asturias\" \/>\n\t\t<meta property=\"og:description\" content=\"Desde ma\u00f1ana s\u00e1bado, representantes de la Mesa Estatal por el Blindaje de las Pensiones (MERP) estar\u00e1n presentes con una carpa en las fiestas de San Isidro que empiezan hoy viernes. A partir de las 11 de la ma\u00f1ana, una carpa de la plataforma estar\u00e1 ubicada en el Paseo 15 de mayo, recogiendo firmas por el\" \/>\n\t\t<meta property=\"og:url\" content=\"https:\/\/www.eldigitaldeasturias.com\/noticias\/el-blindaje-de-las-pensiones-estara-en-san-isidro\/\" \/>\n\t\t<meta property=\"article:tag\" content=\"actualidad\" \/>\n\t\t<meta property=\"article:published_time\" content=\"2018-05-11T22:37:00+00:00\" \/>\n\t\t<meta property=\"article:modified_time\" content=\"2018-05-11T22:37:00+00:00\" \/>\n\t\t<meta property=\"article:publisher\" content=\"https:\/\/facebook.com\/eldigitaldeasturias\" \/>\n\t\t<meta name=\"twitter:card\" content=\"summary_large_image\" \/>\n\t\t<meta name=\"twitter:title\" content=\"El blindaje de las pensiones estar\u00e1 en San Isidro - El Digital de Asturias\" \/>\n\t\t<meta name=\"twitter:description\" content=\"Desde ma\u00f1ana s\u00e1bado, representantes de la Mesa Estatal por el Blindaje de las Pensiones (MERP) estar\u00e1n presentes con una carpa en las fiestas de San Isidro que empiezan hoy viernes. A partir de las 11 de la ma\u00f1ana, una carpa de la plataforma estar\u00e1 ubicada en el Paseo 15 de mayo, recogiendo firmas por el\" \/>\n\t\t<meta name=\"twitter:image\" content=\"https:\/\/www.eldigitaldeasturias.com\/noticias\/wp-content\/uploads\/2020\/12\/EDA-1.jpg\" \/>\n\t\t<meta name=\"twitter:label1\" content=\"Escrito por\" \/>\n\t\t<meta name=\"twitter:data1\" content=\"El Digital de Asturias\" \/>\n\t\t<meta name=\"twitter:label2\" content=\"Tiempo de lectura estimado\" \/>\n\t\t<meta name=\"twitter:data2\" content=\"1 minuto\" \/>\n\t\t<script type=\"application\/ld+json\" class=\"aioseo-schema\">\n\t\t\t{\"@context\":\"https:\\\/\\\/schema.org\",\"@graph\":[{\"@type\":\"BlogPosting\",\"@id\":\"https:\\\/\\\/www.eldigitaldeasturias.com\\\/noticias\\\/el-blindaje-de-las-pensiones-estara-en-san-isidro\\\/#blogposting\",\"name\":\"El blindaje de las pensiones estar\\u00e1 en San Isidro - El Digital de Asturias\",\"headline\":\"El blindaje de las pensiones estar\\u00e1 en San Isidro\",\"author\":{\"@id\":\"https:\\\/\\\/www.eldigitaldeasturias.com\\\/noticias\\\/author\\\/admin\\\/#author\"},\"publisher\":{\"@id\":\"https:\\\/\\\/www.eldigitaldeasturias.com\\\/noticias\\\/#organization\"},\"image\":{\"@type\":\"ImageObject\",\"url\":979936},\"datePublished\":\"2018-05-11T22:37:00+02:00\",\"dateModified\":\"2018-05-11T22:37:00+02:00\",\"inLanguage\":\"es-ES\",\"mainEntityOfPage\":{\"@id\":\"https:\\\/\\\/www.eldigitaldeasturias.com\\\/noticias\\\/el-blindaje-de-las-pensiones-estara-en-san-isidro\\\/#webpage\"},\"isPartOf\":{\"@id\":\"https:\\\/\\\/www.eldigitaldeasturias.com\\\/noticias\\\/el-blindaje-de-las-pensiones-estara-en-san-isidro\\\/#webpage\"},\"articleSection\":\"Actualidad\"},{\"@type\":\"BreadcrumbList\",\"@id\":\"https:\\\/\\\/www.eldigitaldeasturias.com\\\/noticias\\\/el-blindaje-de-las-pensiones-estara-en-san-isidro\\\/#breadcrumblist\",\"itemListElement\":[{\"@type\":\"ListItem\",\"@id\":\"https:\\\/\\\/www.eldigitaldeasturias.com\\\/noticias#listItem\",\"position\":1,\"name\":\"Home\",\"item\":\"https:\\\/\\\/www.eldigitaldeasturias.com\\\/noticias\",\"nextItem\":{\"@type\":\"ListItem\",\"@id\":\"https:\\\/\\\/www.eldigitaldeasturias.com\\\/noticias\\\/category\\\/actualidad\\\/#listItem\",\"name\":\"Actualidad\"}},{\"@type\":\"ListItem\",\"@id\":\"https:\\\/\\\/www.eldigitaldeasturias.com\\\/noticias\\\/category\\\/actualidad\\\/#listItem\",\"position\":2,\"name\":\"Actualidad\",\"item\":\"https:\\\/\\\/www.eldigitaldeasturias.com\\\/noticias\\\/category\\\/actualidad\\\/\",\"nextItem\":{\"@type\":\"ListItem\",\"@id\":\"https:\\\/\\\/www.eldigitaldeasturias.com\\\/noticias\\\/el-blindaje-de-las-pensiones-estara-en-san-isidro\\\/#listItem\",\"name\":\"El blindaje de las pensiones estar\\u00e1 en San Isidro\"},\"previousItem\":{\"@type\":\"ListItem\",\"@id\":\"https:\\\/\\\/www.eldigitaldeasturias.com\\\/noticias#listItem\",\"name\":\"Home\"}},{\"@type\":\"ListItem\",\"@id\":\"https:\\\/\\\/www.eldigitaldeasturias.com\\\/noticias\\\/el-blindaje-de-las-pensiones-estara-en-san-isidro\\\/#listItem\",\"position\":3,\"name\":\"El blindaje de las pensiones estar\\u00e1 en San Isidro\",\"previousItem\":{\"@type\":\"ListItem\",\"@id\":\"https:\\\/\\\/www.eldigitaldeasturias.com\\\/noticias\\\/category\\\/actualidad\\\/#listItem\",\"name\":\"Actualidad\"}}]},{\"@type\":\"Organization\",\"@id\":\"https:\\\/\\\/www.eldigitaldeasturias.com\\\/noticias\\\/#organization\",\"name\":\"El Digital de Asturias\",\"description\":\"Hemeroteca\",\"url\":\"https:\\\/\\\/www.eldigitaldeasturias.com\\\/noticias\\\/\",\"email\":\"info@eldigitaldeasturias.com\",\"telephone\":\"+34652131393\",\"logo\":{\"@type\":\"ImageObject\",\"url\":\"https:\\\/\\\/www.eldigitaldeasturias.com\\\/noticias\\\/wp-content\\\/uploads\\\/2020\\\/12\\\/EDA.jpg\",\"@id\":\"https:\\\/\\\/www.eldigitaldeasturias.com\\\/noticias\\\/el-blindaje-de-las-pensiones-estara-en-san-isidro\\\/#organizationLogo\"},\"image\":{\"@id\":\"https:\\\/\\\/www.eldigitaldeasturias.com\\\/noticias\\\/el-blindaje-de-las-pensiones-estara-en-san-isidro\\\/#organizationLogo\"},\"sameAs\":[\"https:\\\/\\\/facebook.com\\\/eldigitaldeasturias\",\"https:\\\/\\\/www.youtube.com\\\/channel\\\/UCZP-2wLEB9Rv6erhFmqVnvg\"],\"address\":{\"@id\":\"https:\\\/\\\/www.eldigitaldeasturias.com\\\/noticias\\\/#postaladdress\",\"@type\":\"PostalAddress\",\"streetAddress\":\"san antonio 4\",\"postalCode\":\"33430\",\"addressLocality\":\"Cand\\u00e1s\",\"addressRegion\":\"Asturias\",\"addressCountry\":\"ES\"}},{\"@type\":\"Person\",\"@id\":\"https:\\\/\\\/www.eldigitaldeasturias.com\\\/noticias\\\/author\\\/admin\\\/#author\",\"url\":\"https:\\\/\\\/www.eldigitaldeasturias.com\\\/noticias\\\/author\\\/admin\\\/\",\"name\":\"El Digital de Asturias\",\"image\":{\"@type\":\"ImageObject\",\"@id\":\"https:\\\/\\\/www.eldigitaldeasturias.com\\\/noticias\\\/el-blindaje-de-las-pensiones-estara-en-san-isidro\\\/#authorImage\",\"url\":\"https:\\\/\\\/secure.gravatar.com\\\/avatar\\\/df2aeffc32bcd13f8d26072ef8a91b623d677766deac7f97ca815868cd41bf5e?s=96&d=mm&r=g\",\"width\":96,\"height\":96,\"caption\":\"El Digital de Asturias\"}},{\"@type\":\"WebPage\",\"@id\":\"https:\\\/\\\/www.eldigitaldeasturias.com\\\/noticias\\\/el-blindaje-de-las-pensiones-estara-en-san-isidro\\\/#webpage\",\"url\":\"https:\\\/\\\/www.eldigitaldeasturias.com\\\/noticias\\\/el-blindaje-de-las-pensiones-estara-en-san-isidro\\\/\",\"name\":\"El blindaje de las pensiones estar\\u00e1 en San Isidro - El Digital de Asturias\",\"description\":\"Desde ma\\u00f1ana s\\u00e1bado, representantes de la Mesa Estatal por el Blindaje de las Pensiones (MERP) estar\\u00e1n presentes con una carpa en las fiestas de San Isidro que empiezan hoy viernes. A partir de las 11 de la ma\\u00f1ana, una carpa de la plataforma estar\\u00e1 ubicada en el Paseo 15 de mayo, recogiendo firmas por el\",\"inLanguage\":\"es-ES\",\"isPartOf\":{\"@id\":\"https:\\\/\\\/www.eldigitaldeasturias.com\\\/noticias\\\/#website\"},\"breadcrumb\":{\"@id\":\"https:\\\/\\\/www.eldigitaldeasturias.com\\\/noticias\\\/el-blindaje-de-las-pensiones-estara-en-san-isidro\\\/#breadcrumblist\"},\"author\":{\"@id\":\"https:\\\/\\\/www.eldigitaldeasturias.com\\\/noticias\\\/author\\\/admin\\\/#author\"},\"creator\":{\"@id\":\"https:\\\/\\\/www.eldigitaldeasturias.com\\\/noticias\\\/author\\\/admin\\\/#author\"},\"image\":{\"@type\":\"ImageObject\",\"url\":979936,\"@id\":\"https:\\\/\\\/www.eldigitaldeasturias.com\\\/noticias\\\/el-blindaje-de-las-pensiones-estara-en-san-isidro\\\/#mainImage\"},\"primaryImageOfPage\":{\"@id\":\"https:\\\/\\\/www.eldigitaldeasturias.com\\\/noticias\\\/el-blindaje-de-las-pensiones-estara-en-san-isidro\\\/#mainImage\"},\"datePublished\":\"2018-05-11T22:37:00+02:00\",\"dateModified\":\"2018-05-11T22:37:00+02:00\"},{\"@type\":\"WebSite\",\"@id\":\"https:\\\/\\\/www.eldigitaldeasturias.com\\\/noticias\\\/#website\",\"url\":\"https:\\\/\\\/www.eldigitaldeasturias.com\\\/noticias\\\/\",\"name\":\"El Digital de Asturias - Diario de actualidad y noticias\",\"alternateName\":\"El Digital de Asturias - Diario de actualidad y noticias\",\"description\":\"Hemeroteca\",\"inLanguage\":\"es-ES\",\"publisher\":{\"@id\":\"https:\\\/\\\/www.eldigitaldeasturias.com\\\/noticias\\\/#organization\"}}]}\n\t\t<\/script>\n\t\t<!-- All in One SEO Pro -->\r\n\t\t<title>El blindaje de las pensiones estar\u00e1 en San Isidro - El Digital de Asturias<\/title>\n\n","aioseo_head_json":{"title":"El blindaje de las pensiones estar\u00e1 en San Isidro - El Digital de Asturias","description":"Desde ma\u00f1ana s\u00e1bado, representantes de la Mesa Estatal por el Blindaje de las Pensiones (MERP) estar\u00e1n presentes con una carpa en las fiestas de San Isidro que empiezan hoy viernes. A partir de las 11 de la ma\u00f1ana, una carpa de la plataforma estar\u00e1 ubicada en el Paseo 15 de mayo, recogiendo firmas por el","canonical_url":"https:\/\/www.eldigitaldeasturias.com\/noticias\/el-blindaje-de-las-pensiones-estara-en-san-isidro\/","robots":"max-image-preview:large","keywords":"actualidad","webmasterTools":{"google-site-verification":"UA-38556648-1","msvalidate.01":"7dfe9f3f1b24437ab69f4f2559babe99","miscellaneous":""},"schema":{"@context":"https:\/\/schema.org","@graph":[{"@type":"BlogPosting","@id":"https:\/\/www.eldigitaldeasturias.com\/noticias\/el-blindaje-de-las-pensiones-estara-en-san-isidro\/#blogposting","name":"El blindaje de las pensiones estar\u00e1 en San Isidro - El Digital de Asturias","headline":"El blindaje de las pensiones estar\u00e1 en San Isidro","author":{"@id":"https:\/\/www.eldigitaldeasturias.com\/noticias\/author\/admin\/#author"},"publisher":{"@id":"https:\/\/www.eldigitaldeasturias.com\/noticias\/#organization"},"image":{"@type":"ImageObject","url":979936},"datePublished":"2018-05-11T22:37:00+02:00","dateModified":"2018-05-11T22:37:00+02:00","inLanguage":"es-ES","mainEntityOfPage":{"@id":"https:\/\/www.eldigitaldeasturias.com\/noticias\/el-blindaje-de-las-pensiones-estara-en-san-isidro\/#webpage"},"isPartOf":{"@id":"https:\/\/www.eldigitaldeasturias.com\/noticias\/el-blindaje-de-las-pensiones-estara-en-san-isidro\/#webpage"},"articleSection":"Actualidad"},{"@type":"BreadcrumbList","@id":"https:\/\/www.eldigitaldeasturias.com\/noticias\/el-blindaje-de-las-pensiones-estara-en-san-isidro\/#breadcrumblist","itemListElement":[{"@type":"ListItem","@id":"https:\/\/www.eldigitaldeasturias.com\/noticias#listItem","position":1,"name":"Home","item":"https:\/\/www.eldigitaldeasturias.com\/noticias","nextItem":{"@type":"ListItem","@id":"https:\/\/www.eldigitaldeasturias.com\/noticias\/category\/actualidad\/#listItem","name":"Actualidad"}},{"@type":"ListItem","@id":"https:\/\/www.eldigitaldeasturias.com\/noticias\/category\/actualidad\/#listItem","position":2,"name":"Actualidad","item":"https:\/\/www.eldigitaldeasturias.com\/noticias\/category\/actualidad\/","nextItem":{"@type":"ListItem","@id":"https:\/\/www.eldigitaldeasturias.com\/noticias\/el-blindaje-de-las-pensiones-estara-en-san-isidro\/#listItem","name":"El blindaje de las pensiones estar\u00e1 en San Isidro"},"previousItem":{"@type":"ListItem","@id":"https:\/\/www.eldigitaldeasturias.com\/noticias#listItem","name":"Home"}},{"@type":"ListItem","@id":"https:\/\/www.eldigitaldeasturias.com\/noticias\/el-blindaje-de-las-pensiones-estara-en-san-isidro\/#listItem","position":3,"name":"El blindaje de las pensiones estar\u00e1 en San Isidro","previousItem":{"@type":"ListItem","@id":"https:\/\/www.eldigitaldeasturias.com\/noticias\/category\/actualidad\/#listItem","name":"Actualidad"}}]},{"@type":"Organization","@id":"https:\/\/www.eldigitaldeasturias.com\/noticias\/#organization","name":"El Digital de Asturias","description":"Hemeroteca","url":"https:\/\/www.eldigitaldeasturias.com\/noticias\/","email":"info@eldigitaldeasturias.com","telephone":"+34652131393","logo":{"@type":"ImageObject","url":"https:\/\/www.eldigitaldeasturias.com\/noticias\/wp-content\/uploads\/2020\/12\/EDA.jpg","@id":"https:\/\/www.eldigitaldeasturias.com\/noticias\/el-blindaje-de-las-pensiones-estara-en-san-isidro\/#organizationLogo"},"image":{"@id":"https:\/\/www.eldigitaldeasturias.com\/noticias\/el-blindaje-de-las-pensiones-estara-en-san-isidro\/#organizationLogo"},"sameAs":["https:\/\/facebook.com\/eldigitaldeasturias","https:\/\/www.youtube.com\/channel\/UCZP-2wLEB9Rv6erhFmqVnvg"],"address":{"@id":"https:\/\/www.eldigitaldeasturias.com\/noticias\/#postaladdress","@type":"PostalAddress","streetAddress":"san antonio 4","postalCode":"33430","addressLocality":"Cand\u00e1s","addressRegion":"Asturias","addressCountry":"ES"}},{"@type":"Person","@id":"https:\/\/www.eldigitaldeasturias.com\/noticias\/author\/admin\/#author","url":"https:\/\/www.eldigitaldeasturias.com\/noticias\/author\/admin\/","name":"El Digital de Asturias","image":{"@type":"ImageObject","@id":"https:\/\/www.eldigitaldeasturias.com\/noticias\/el-blindaje-de-las-pensiones-estara-en-san-isidro\/#authorImage","url":"https:\/\/secure.gravatar.com\/avatar\/df2aeffc32bcd13f8d26072ef8a91b623d677766deac7f97ca815868cd41bf5e?s=96&d=mm&r=g","width":96,"height":96,"caption":"El Digital de Asturias"}},{"@type":"WebPage","@id":"https:\/\/www.eldigitaldeasturias.com\/noticias\/el-blindaje-de-las-pensiones-estara-en-san-isidro\/#webpage","url":"https:\/\/www.eldigitaldeasturias.com\/noticias\/el-blindaje-de-las-pensiones-estara-en-san-isidro\/","name":"El blindaje de las pensiones estar\u00e1 en San Isidro - El Digital de Asturias","description":"Desde ma\u00f1ana s\u00e1bado, representantes de la Mesa Estatal por el Blindaje de las Pensiones (MERP) estar\u00e1n presentes con una carpa en las fiestas de San Isidro que empiezan hoy viernes. A partir de las 11 de la ma\u00f1ana, una carpa de la plataforma estar\u00e1 ubicada en el Paseo 15 de mayo, recogiendo firmas por el","inLanguage":"es-ES","isPartOf":{"@id":"https:\/\/www.eldigitaldeasturias.com\/noticias\/#website"},"breadcrumb":{"@id":"https:\/\/www.eldigitaldeasturias.com\/noticias\/el-blindaje-de-las-pensiones-estara-en-san-isidro\/#breadcrumblist"},"author":{"@id":"https:\/\/www.eldigitaldeasturias.com\/noticias\/author\/admin\/#author"},"creator":{"@id":"https:\/\/www.eldigitaldeasturias.com\/noticias\/author\/admin\/#author"},"image":{"@type":"ImageObject","url":979936,"@id":"https:\/\/www.eldigitaldeasturias.com\/noticias\/el-blindaje-de-las-pensiones-estara-en-san-isidro\/#mainImage"},"primaryImageOfPage":{"@id":"https:\/\/www.eldigitaldeasturias.com\/noticias\/el-blindaje-de-las-pensiones-estara-en-san-isidro\/#mainImage"},"datePublished":"2018-05-11T22:37:00+02:00","dateModified":"2018-05-11T22:37:00+02:00"},{"@type":"WebSite","@id":"https:\/\/www.eldigitaldeasturias.com\/noticias\/#website","url":"https:\/\/www.eldigitaldeasturias.com\/noticias\/","name":"El Digital de Asturias - Diario de actualidad y noticias","alternateName":"El Digital de Asturias - Diario de actualidad y noticias","description":"Hemeroteca","inLanguage":"es-ES","publisher":{"@id":"https:\/\/www.eldigitaldeasturias.com\/noticias\/#organization"}}]},"og:locale":"es_ES","og:site_name":"El Digital de Asturias","og:type":"article","og:title":"El blindaje de las pensiones estar\u00e1 en San Isidro - El Digital de Asturias","og:description":"Desde ma\u00f1ana s\u00e1bado, representantes de la Mesa Estatal por el Blindaje de las Pensiones (MERP) estar\u00e1n presentes con una carpa en las fiestas de San Isidro que empiezan hoy viernes. A partir de las 11 de la ma\u00f1ana, una carpa de la plataforma estar\u00e1 ubicada en el Paseo 15 de mayo, recogiendo firmas por el","og:url":"https:\/\/www.eldigitaldeasturias.com\/noticias\/el-blindaje-de-las-pensiones-estara-en-san-isidro\/","article:tag":["actualidad"],"article:published_time":"2018-05-11T22:37:00+00:00","article:modified_time":"2018-05-11T22:37:00+00:00","article:publisher":"https:\/\/facebook.com\/eldigitaldeasturias","twitter:card":"summary_large_image","twitter:title":"El blindaje de las pensiones estar\u00e1 en San Isidro - El Digital de Asturias","twitter:description":"Desde ma\u00f1ana s\u00e1bado, representantes de la Mesa Estatal por el Blindaje de las Pensiones (MERP) estar\u00e1n presentes con una carpa en las fiestas de San Isidro que empiezan hoy viernes. A partir de las 11 de la ma\u00f1ana, una carpa de la plataforma estar\u00e1 ubicada en el Paseo 15 de mayo, recogiendo firmas por el","twitter:image":"https:\/\/www.eldigitaldeasturias.com\/noticias\/wp-content\/uploads\/2020\/12\/EDA-1.jpg","twitter:label1":"Escrito por","twitter:data1":"El Digital de Asturias","twitter:label2":"Tiempo de lectura estimado","twitter:data2":"1 minuto"},"aioseo_meta_data":{"post_id":"979935","title":null,"description":null,"keywords":null,"keyphrases":null,"primary_term":null,"canonical_url":null,"og_title":null,"og_description":null,"og_object_type":"default","og_image_type":"default","og_image_url":null,"og_image_width":null,"og_image_height":null,"og_image_custom_url":null,"og_image_custom_fields":null,"og_video":null,"og_custom_url":null,"og_article_section":null,"og_article_tags":null,"twitter_use_og":false,"twitter_card":"default","twitter_image_type":"default","twitter_image_url":null,"twitter_image_custom_url":null,"twitter_image_custom_fields":null,"twitter_title":null,"twitter_description":null,"schema":{"blockGraphs":[],"customGraphs":[],"default":{"data":{"Article":[],"Course":[],"Dataset":[],"FAQPage":[],"Movie":[],"Person":[],"Product":[],"ProductReview":[],"Car":[],"Recipe":[],"Service":[],"SoftwareApplication":[],"WebPage":[]},"graphName":"","isEnabled":true},"graphs":[],"defaultGraph":"","defaultPostTypeGraph":""},"schema_type":null,"schema_type_options":null,"pillar_content":false,"robots_default":true,"robots_noindex":false,"robots_noarchive":false,"robots_nosnippet":false,"robots_nofollow":false,"robots_noimageindex":false,"robots_noodp":false,"robots_notranslate":false,"robots_max_snippet":null,"robots_max_videopreview":null,"robots_max_imagepreview":"large","priority":null,"frequency":null,"local_seo":null,"seo_analyzer_scan_date":"2025-10-08 16:07:40","breadcrumb_settings":null,"limit_modified_date":false,"open_ai":null,"ai":null,"created":"2020-12-21 11:58:36","updated":"2025-10-08 16:07:40","focus_keyword":null,"additional_keywords":null,"truseo_locale":null},"aioseo_breadcrumb":"<div class=\"aioseo-breadcrumbs\"><span class=\"aioseo-breadcrumb\">\n\t<a href=\"https:\/\/www.eldigitaldeasturias.com\/noticias\" title=\"Home\">Home<\/a>\n<\/span><span class=\"aioseo-breadcrumb-separator\">\u2013<\/span><span class=\"aioseo-breadcrumb\">\n\t<a href=\"https:\/\/www.eldigitaldeasturias.com\/noticias\/category\/actualidad\/\" title=\"Actualidad\">Actualidad<\/a>\n<\/span><span class=\"aioseo-breadcrumb-separator\">\u2013<\/span><span class=\"aioseo-breadcrumb\">\n\t<a href=\"https:\/\/www.eldigitaldeasturias.com\/noticias\/el-blindaje-de-las-pensiones-estara-en-san-isidro\/\" title=\"El blindaje de las pensiones estar\u00e1 en San Isidro\">El blindaje de las pensiones estar\u00e1 en San Isidro<\/a>\n<\/span><\/div>","aioseo_breadcrumb_json":[{"label":"Home","link":"https:\/\/www.eldigitaldeasturias.com\/noticias"},{"label":"Actualidad","link":"https:\/\/www.eldigitaldeasturias.com\/noticias\/category\/actualidad\/"},{"label":"El blindaje de las pensiones estar\u00e1 en San Isidro","link":"https:\/\/www.eldigitaldeasturias.com\/noticias\/el-blindaje-de-las-pensiones-estara-en-san-isidro\/"}],"_links":{"self":[{"href":"https:\/\/www.eldigitaldeasturias.com\/noticias\/wp-json\/wp\/v2\/posts\/979935","targetHints":{"allow":["GET"]}}],"collection":[{"href":"https:\/\/www.eldigitaldeasturias.com\/noticias\/wp-json\/wp\/v2\/posts"}],"about":[{"href":"https:\/\/www.eldigitaldeasturias.com\/noticias\/wp-json\/wp\/v2\/types\/post"}],"author":[{"embeddable":true,"href":"https:\/\/www.eldigitaldeasturias.com\/noticias\/wp-json\/wp\/v2\/users\/1"}],"replies":[{"embeddable":true,"href":"https:\/\/www.eldigitaldeasturias.com\/noticias\/wp-json\/wp\/v2\/comments?post=979935"}],"version-history":[{"count":0,"href":"https:\/\/www.eldigitaldeasturias.com\/noticias\/wp-json\/wp\/v2\/posts\/979935\/revisions"}],"wp:attachment":[{"href":"https:\/\/www.eldigitaldeasturias.com\/noticias\/wp-json\/wp\/v2\/media?parent=979935"}],"wp:term":[{"taxonomy":"category","embeddable":true,"href":"https:\/\/www.eldigitaldeasturias.com\/noticias\/wp-json\/wp\/v2\/categories?post=979935"},{"taxonomy":"post_tag","embeddable":true,"href":"https:\/\/www.eldigitaldeasturias.com\/noticias\/wp-json\/wp\/v2\/tags?post=979935"}],"curies":[{"name":"wp","href":"https:\/\/api.w.org\/{rel}","templated":true}]}}