{"id":979923,"date":"2018-05-11T21:58:21","date_gmt":"2018-05-11T21:58:21","guid":{"rendered":"http:\/\/www.eldigitaldeasturias.com\/noticias\/?p=979923"},"modified":"2018-05-11T21:58:21","modified_gmt":"2018-05-11T21:58:21","slug":"juan-manuel-santos-el-proceso-de-paz-necesita-tiempo","status":"publish","type":"post","link":"https:\/\/www.eldigitaldeasturias.com\/noticias\/juan-manuel-santos-el-proceso-de-paz-necesita-tiempo\/","title":{"rendered":"Juan Manuel Santos: \u00abEl proceso de paz necesita tiempo\u00bb"},"content":{"rendered":"<p><img loading=\"lazy\" decoding=\"async\" class=\"alignleft size-medium wp-image-841827\" src=\"https:\/\/www.eldigitaldeasturias.com\/noticias\/wp-content\/uploads\/2016\/01\/fotonoticia_20160101165444_800-360x239.jpg\" alt=\"\" width=\"360\" height=\"239\" \/>M\u00fcnster (Alemania), 11 may (dpa) &#8211; El presidente de Colombia, Juan Manuel Santos, estim\u00f3 el jueves que el proceso de paz de su pa\u00eds es algo que llevar\u00e1 tiempo.<\/p>\n<p>Establecer la paz \u00abes como construir una catedral. Para ello se necesita un fundamento s\u00f3lido y despu\u00e9s muy muchos ladrillos\u00bb, dijo el Premio Nobel de la Paz en un panel que tuvo lugar en el marco del Congreso Anual de los Cat\u00f3licos de Alemania en la ciudad de M\u00fcnster.<\/p>\n<p>Santos record\u00f3 que la firma del acuerdo de paz en Roma se produjo hace tan solo 16 meses.<\/p>\n<p>Asimismo destac\u00f3 que el mayor desaf\u00edo del proceso ser\u00e1 el de convencer a las v\u00edctimas para que perdonen a quienes les hicieron da\u00f1o. \u00abEsto lleva mucho tiempo\u00bb, estim\u00f3 el jefe de Estado colombiano, quien acudi\u00f3 a la jornada cat\u00f3lica por invitaci\u00f3n de Adveniat, una instituci\u00f3n de ayuda de los cat\u00f3licos de Alemania para Latinoam\u00e9rica.<\/p>\n<p>El acuerdo de paz sellado a fines de 2016 por la organizaci\u00f3n guerrillera FARC y el Gobierno colombiano puso fin a un conflicto interno de m\u00e1s de medio siglo que caus\u00f3 la muerte de unas 220.000 personas.<\/p>\n<p>&nbsp;<\/p>\n","protected":false},"excerpt":{"rendered":"<p>M\u00fcnster (Alemania), 11 may (dpa) &#8211; El presidente de Colombia, Juan Manuel Santos, estim\u00f3 el jueves que el proceso de paz de su pa\u00eds es algo que llevar\u00e1 tiempo. Establecer la paz \u00abes como construir una catedral. Para ello se necesita un fundamento s\u00f3lido y despu\u00e9s muy muchos ladrillos\u00bb, dijo el Premio Nobel de la [&hellip;]<\/p>\n","protected":false},"author":1,"featured_media":841827,"comment_status":"closed","ping_status":"closed","sticky":false,"template":"","format":"standard","meta":{"footnotes":""},"categories":[1],"tags":[],"class_list":["post-979923","post","type-post","status-publish","format-standard","has-post-thumbnail","hentry","category-actualidad"],"aioseo_notices":[],"aioseo_head":"\n\t\t<!-- All in One SEO Pro 5.0.1 - aioseo.com -->\n\t<meta name=\"description\" content=\"M\u00fcnster (Alemania), 11 may (dpa) - El presidente de Colombia, Juan Manuel Santos, estim\u00f3 el jueves que el proceso de paz de su pa\u00eds es algo que llevar\u00e1 tiempo. Establecer la paz &quot;es como construir una catedral. Para ello se necesita un fundamento s\u00f3lido y despu\u00e9s muy muchos ladrillos&quot;, dijo el Premio Nobel de la\" \/>\n\t<meta name=\"robots\" content=\"max-image-preview:large\" \/>\n\t<meta name=\"author\" content=\"El Digital de Asturias\"\/>\n\t<meta name=\"google-site-verification\" content=\"UA-38556648-1\" \/>\n\t<meta name=\"msvalidate.01\" content=\"7dfe9f3f1b24437ab69f4f2559babe99\" \/>\n\t<meta name=\"keywords\" content=\"actualidad\" \/>\n\t<link rel=\"canonical\" href=\"https:\/\/www.eldigitaldeasturias.com\/noticias\/juan-manuel-santos-el-proceso-de-paz-necesita-tiempo\/\" \/>\n\t<meta name=\"generator\" content=\"All in One SEO Pro (AIOSEO) 5.0.1\" \/>\n\t\t<meta property=\"og:locale\" content=\"es_ES\" \/>\n\t\t<meta property=\"og:site_name\" content=\"El Digital de Asturias\" \/>\n\t\t<meta property=\"og:type\" content=\"article\" \/>\n\t\t<meta property=\"og:title\" content=\"Juan Manuel Santos: \u00abEl proceso de paz necesita tiempo\u00bb - El Digital de Asturias\" \/>\n\t\t<meta property=\"og:description\" content=\"M\u00fcnster (Alemania), 11 may (dpa) - El presidente de Colombia, Juan Manuel Santos, estim\u00f3 el jueves que el proceso de paz de su pa\u00eds es algo que llevar\u00e1 tiempo. Establecer la paz &quot;es como construir una catedral. Para ello se necesita un fundamento s\u00f3lido y despu\u00e9s muy muchos ladrillos&quot;, dijo el Premio Nobel de la\" \/>\n\t\t<meta property=\"og:url\" content=\"https:\/\/www.eldigitaldeasturias.com\/noticias\/juan-manuel-santos-el-proceso-de-paz-necesita-tiempo\/\" \/>\n\t\t<meta property=\"article:tag\" content=\"actualidad\" \/>\n\t\t<meta property=\"article:published_time\" content=\"2018-05-11T21:58:21+00:00\" \/>\n\t\t<meta property=\"article:modified_time\" content=\"2018-05-11T21:58:21+00:00\" \/>\n\t\t<meta property=\"article:publisher\" content=\"https:\/\/facebook.com\/eldigitaldeasturias\" \/>\n\t\t<meta name=\"twitter:card\" content=\"summary_large_image\" \/>\n\t\t<meta name=\"twitter:title\" content=\"Juan Manuel Santos: \u00abEl proceso de paz necesita tiempo\u00bb - El Digital de Asturias\" \/>\n\t\t<meta name=\"twitter:description\" content=\"M\u00fcnster (Alemania), 11 may (dpa) - El presidente de Colombia, Juan Manuel Santos, estim\u00f3 el jueves que el proceso de paz de su pa\u00eds es algo que llevar\u00e1 tiempo. Establecer la paz &quot;es como construir una catedral. Para ello se necesita un fundamento s\u00f3lido y despu\u00e9s muy muchos ladrillos&quot;, dijo el Premio Nobel de la\" \/>\n\t\t<meta name=\"twitter:image\" content=\"https:\/\/www.eldigitaldeasturias.com\/noticias\/wp-content\/uploads\/2020\/12\/EDA-1.jpg\" \/>\n\t\t<meta name=\"twitter:label1\" content=\"Escrito por\" \/>\n\t\t<meta name=\"twitter:data1\" content=\"El Digital de Asturias\" \/>\n\t\t<meta name=\"twitter:label2\" content=\"Tiempo de lectura estimado\" \/>\n\t\t<meta name=\"twitter:data2\" content=\"1 minuto\" \/>\n\t\t<script type=\"application\/ld+json\" class=\"aioseo-schema\">\n\t\t\t{\"@context\":\"https:\\\/\\\/schema.org\",\"@graph\":[{\"@type\":\"BlogPosting\",\"@id\":\"https:\\\/\\\/www.eldigitaldeasturias.com\\\/noticias\\\/juan-manuel-santos-el-proceso-de-paz-necesita-tiempo\\\/#blogposting\",\"name\":\"Juan Manuel Santos: \\u00abEl proceso de paz necesita tiempo\\u00bb - El Digital de Asturias\",\"headline\":\"Juan Manuel Santos: \\u00abEl proceso de paz necesita tiempo\\u00bb\",\"author\":{\"@id\":\"https:\\\/\\\/www.eldigitaldeasturias.com\\\/noticias\\\/author\\\/admin\\\/#author\"},\"publisher\":{\"@id\":\"https:\\\/\\\/www.eldigitaldeasturias.com\\\/noticias\\\/#organization\"},\"image\":{\"@type\":\"ImageObject\",\"url\":841827},\"datePublished\":\"2018-05-11T21:58:21+02:00\",\"dateModified\":\"2018-05-11T21:58:21+02:00\",\"inLanguage\":\"es-ES\",\"mainEntityOfPage\":{\"@id\":\"https:\\\/\\\/www.eldigitaldeasturias.com\\\/noticias\\\/juan-manuel-santos-el-proceso-de-paz-necesita-tiempo\\\/#webpage\"},\"isPartOf\":{\"@id\":\"https:\\\/\\\/www.eldigitaldeasturias.com\\\/noticias\\\/juan-manuel-santos-el-proceso-de-paz-necesita-tiempo\\\/#webpage\"},\"articleSection\":\"Actualidad\"},{\"@type\":\"BreadcrumbList\",\"@id\":\"https:\\\/\\\/www.eldigitaldeasturias.com\\\/noticias\\\/juan-manuel-santos-el-proceso-de-paz-necesita-tiempo\\\/#breadcrumblist\",\"itemListElement\":[{\"@type\":\"ListItem\",\"@id\":\"https:\\\/\\\/www.eldigitaldeasturias.com\\\/noticias#listItem\",\"position\":1,\"name\":\"Home\",\"item\":\"https:\\\/\\\/www.eldigitaldeasturias.com\\\/noticias\",\"nextItem\":{\"@type\":\"ListItem\",\"@id\":\"https:\\\/\\\/www.eldigitaldeasturias.com\\\/noticias\\\/category\\\/actualidad\\\/#listItem\",\"name\":\"Actualidad\"}},{\"@type\":\"ListItem\",\"@id\":\"https:\\\/\\\/www.eldigitaldeasturias.com\\\/noticias\\\/category\\\/actualidad\\\/#listItem\",\"position\":2,\"name\":\"Actualidad\",\"item\":\"https:\\\/\\\/www.eldigitaldeasturias.com\\\/noticias\\\/category\\\/actualidad\\\/\",\"nextItem\":{\"@type\":\"ListItem\",\"@id\":\"https:\\\/\\\/www.eldigitaldeasturias.com\\\/noticias\\\/juan-manuel-santos-el-proceso-de-paz-necesita-tiempo\\\/#listItem\",\"name\":\"Juan Manuel Santos: \\u00abEl proceso de paz necesita tiempo\\u00bb\"},\"previousItem\":{\"@type\":\"ListItem\",\"@id\":\"https:\\\/\\\/www.eldigitaldeasturias.com\\\/noticias#listItem\",\"name\":\"Home\"}},{\"@type\":\"ListItem\",\"@id\":\"https:\\\/\\\/www.eldigitaldeasturias.com\\\/noticias\\\/juan-manuel-santos-el-proceso-de-paz-necesita-tiempo\\\/#listItem\",\"position\":3,\"name\":\"Juan Manuel Santos: \\u00abEl proceso de paz necesita tiempo\\u00bb\",\"previousItem\":{\"@type\":\"ListItem\",\"@id\":\"https:\\\/\\\/www.eldigitaldeasturias.com\\\/noticias\\\/category\\\/actualidad\\\/#listItem\",\"name\":\"Actualidad\"}}]},{\"@type\":\"Organization\",\"@id\":\"https:\\\/\\\/www.eldigitaldeasturias.com\\\/noticias\\\/#organization\",\"name\":\"El Digital de Asturias\",\"description\":\"Hemeroteca\",\"url\":\"https:\\\/\\\/www.eldigitaldeasturias.com\\\/noticias\\\/\",\"email\":\"info@eldigitaldeasturias.com\",\"telephone\":\"+34652131393\",\"logo\":{\"@type\":\"ImageObject\",\"url\":\"https:\\\/\\\/www.eldigitaldeasturias.com\\\/noticias\\\/wp-content\\\/uploads\\\/2020\\\/12\\\/EDA.jpg\",\"@id\":\"https:\\\/\\\/www.eldigitaldeasturias.com\\\/noticias\\\/juan-manuel-santos-el-proceso-de-paz-necesita-tiempo\\\/#organizationLogo\"},\"image\":{\"@id\":\"https:\\\/\\\/www.eldigitaldeasturias.com\\\/noticias\\\/juan-manuel-santos-el-proceso-de-paz-necesita-tiempo\\\/#organizationLogo\"},\"sameAs\":[\"https:\\\/\\\/facebook.com\\\/eldigitaldeasturias\",\"https:\\\/\\\/www.youtube.com\\\/channel\\\/UCZP-2wLEB9Rv6erhFmqVnvg\"],\"address\":{\"@id\":\"https:\\\/\\\/www.eldigitaldeasturias.com\\\/noticias\\\/#postaladdress\",\"@type\":\"PostalAddress\",\"streetAddress\":\"san antonio 4\",\"postalCode\":\"33430\",\"addressLocality\":\"Cand\\u00e1s\",\"addressRegion\":\"Asturias\",\"addressCountry\":\"ES\"}},{\"@type\":\"Person\",\"@id\":\"https:\\\/\\\/www.eldigitaldeasturias.com\\\/noticias\\\/author\\\/admin\\\/#author\",\"url\":\"https:\\\/\\\/www.eldigitaldeasturias.com\\\/noticias\\\/author\\\/admin\\\/\",\"name\":\"El Digital de Asturias\",\"image\":{\"@type\":\"ImageObject\",\"@id\":\"https:\\\/\\\/www.eldigitaldeasturias.com\\\/noticias\\\/juan-manuel-santos-el-proceso-de-paz-necesita-tiempo\\\/#authorImage\",\"url\":\"https:\\\/\\\/secure.gravatar.com\\\/avatar\\\/df2aeffc32bcd13f8d26072ef8a91b623d677766deac7f97ca815868cd41bf5e?s=96&d=mm&r=g\",\"width\":96,\"height\":96,\"caption\":\"El Digital de Asturias\"}},{\"@type\":\"WebPage\",\"@id\":\"https:\\\/\\\/www.eldigitaldeasturias.com\\\/noticias\\\/juan-manuel-santos-el-proceso-de-paz-necesita-tiempo\\\/#webpage\",\"url\":\"https:\\\/\\\/www.eldigitaldeasturias.com\\\/noticias\\\/juan-manuel-santos-el-proceso-de-paz-necesita-tiempo\\\/\",\"name\":\"Juan Manuel Santos: \\u00abEl proceso de paz necesita tiempo\\u00bb - El Digital de Asturias\",\"description\":\"M\\u00fcnster (Alemania), 11 may (dpa) - El presidente de Colombia, Juan Manuel Santos, estim\\u00f3 el jueves que el proceso de paz de su pa\\u00eds es algo que llevar\\u00e1 tiempo. Establecer la paz \\\"es como construir una catedral. Para ello se necesita un fundamento s\\u00f3lido y despu\\u00e9s muy muchos ladrillos\\\", dijo el Premio Nobel de la\",\"inLanguage\":\"es-ES\",\"isPartOf\":{\"@id\":\"https:\\\/\\\/www.eldigitaldeasturias.com\\\/noticias\\\/#website\"},\"breadcrumb\":{\"@id\":\"https:\\\/\\\/www.eldigitaldeasturias.com\\\/noticias\\\/juan-manuel-santos-el-proceso-de-paz-necesita-tiempo\\\/#breadcrumblist\"},\"author\":{\"@id\":\"https:\\\/\\\/www.eldigitaldeasturias.com\\\/noticias\\\/author\\\/admin\\\/#author\"},\"creator\":{\"@id\":\"https:\\\/\\\/www.eldigitaldeasturias.com\\\/noticias\\\/author\\\/admin\\\/#author\"},\"image\":{\"@type\":\"ImageObject\",\"url\":841827,\"@id\":\"https:\\\/\\\/www.eldigitaldeasturias.com\\\/noticias\\\/juan-manuel-santos-el-proceso-de-paz-necesita-tiempo\\\/#mainImage\"},\"primaryImageOfPage\":{\"@id\":\"https:\\\/\\\/www.eldigitaldeasturias.com\\\/noticias\\\/juan-manuel-santos-el-proceso-de-paz-necesita-tiempo\\\/#mainImage\"},\"datePublished\":\"2018-05-11T21:58:21+02:00\",\"dateModified\":\"2018-05-11T21:58:21+02:00\"},{\"@type\":\"WebSite\",\"@id\":\"https:\\\/\\\/www.eldigitaldeasturias.com\\\/noticias\\\/#website\",\"url\":\"https:\\\/\\\/www.eldigitaldeasturias.com\\\/noticias\\\/\",\"name\":\"El Digital de Asturias - Diario de actualidad y noticias\",\"alternateName\":\"El Digital de Asturias - Diario de actualidad y noticias\",\"description\":\"Hemeroteca\",\"inLanguage\":\"es-ES\",\"publisher\":{\"@id\":\"https:\\\/\\\/www.eldigitaldeasturias.com\\\/noticias\\\/#organization\"}}]}\n\t\t<\/script>\n\t\t<!-- All in One SEO Pro -->\r\n\t\t<title>Juan Manuel Santos: \u00abEl proceso de paz necesita tiempo\u00bb - El Digital de Asturias<\/title>\n\n","aioseo_head_json":{"title":"Juan Manuel Santos: \u00abEl proceso de paz necesita tiempo\u00bb - El Digital de Asturias","description":"M\u00fcnster (Alemania), 11 may (dpa) - El presidente de Colombia, Juan Manuel Santos, estim\u00f3 el jueves que el proceso de paz de su pa\u00eds es algo que llevar\u00e1 tiempo. Establecer la paz \"es como construir una catedral. Para ello se necesita un fundamento s\u00f3lido y despu\u00e9s muy muchos ladrillos\", dijo el Premio Nobel de la","canonical_url":"https:\/\/www.eldigitaldeasturias.com\/noticias\/juan-manuel-santos-el-proceso-de-paz-necesita-tiempo\/","robots":"max-image-preview:large","keywords":"actualidad","webmasterTools":{"google-site-verification":"UA-38556648-1","msvalidate.01":"7dfe9f3f1b24437ab69f4f2559babe99","miscellaneous":""},"schema":{"@context":"https:\/\/schema.org","@graph":[{"@type":"BlogPosting","@id":"https:\/\/www.eldigitaldeasturias.com\/noticias\/juan-manuel-santos-el-proceso-de-paz-necesita-tiempo\/#blogposting","name":"Juan Manuel Santos: \u00abEl proceso de paz necesita tiempo\u00bb - El Digital de Asturias","headline":"Juan Manuel Santos: \u00abEl proceso de paz necesita tiempo\u00bb","author":{"@id":"https:\/\/www.eldigitaldeasturias.com\/noticias\/author\/admin\/#author"},"publisher":{"@id":"https:\/\/www.eldigitaldeasturias.com\/noticias\/#organization"},"image":{"@type":"ImageObject","url":841827},"datePublished":"2018-05-11T21:58:21+02:00","dateModified":"2018-05-11T21:58:21+02:00","inLanguage":"es-ES","mainEntityOfPage":{"@id":"https:\/\/www.eldigitaldeasturias.com\/noticias\/juan-manuel-santos-el-proceso-de-paz-necesita-tiempo\/#webpage"},"isPartOf":{"@id":"https:\/\/www.eldigitaldeasturias.com\/noticias\/juan-manuel-santos-el-proceso-de-paz-necesita-tiempo\/#webpage"},"articleSection":"Actualidad"},{"@type":"BreadcrumbList","@id":"https:\/\/www.eldigitaldeasturias.com\/noticias\/juan-manuel-santos-el-proceso-de-paz-necesita-tiempo\/#breadcrumblist","itemListElement":[{"@type":"ListItem","@id":"https:\/\/www.eldigitaldeasturias.com\/noticias#listItem","position":1,"name":"Home","item":"https:\/\/www.eldigitaldeasturias.com\/noticias","nextItem":{"@type":"ListItem","@id":"https:\/\/www.eldigitaldeasturias.com\/noticias\/category\/actualidad\/#listItem","name":"Actualidad"}},{"@type":"ListItem","@id":"https:\/\/www.eldigitaldeasturias.com\/noticias\/category\/actualidad\/#listItem","position":2,"name":"Actualidad","item":"https:\/\/www.eldigitaldeasturias.com\/noticias\/category\/actualidad\/","nextItem":{"@type":"ListItem","@id":"https:\/\/www.eldigitaldeasturias.com\/noticias\/juan-manuel-santos-el-proceso-de-paz-necesita-tiempo\/#listItem","name":"Juan Manuel Santos: \u00abEl proceso de paz necesita tiempo\u00bb"},"previousItem":{"@type":"ListItem","@id":"https:\/\/www.eldigitaldeasturias.com\/noticias#listItem","name":"Home"}},{"@type":"ListItem","@id":"https:\/\/www.eldigitaldeasturias.com\/noticias\/juan-manuel-santos-el-proceso-de-paz-necesita-tiempo\/#listItem","position":3,"name":"Juan Manuel Santos: \u00abEl proceso de paz necesita tiempo\u00bb","previousItem":{"@type":"ListItem","@id":"https:\/\/www.eldigitaldeasturias.com\/noticias\/category\/actualidad\/#listItem","name":"Actualidad"}}]},{"@type":"Organization","@id":"https:\/\/www.eldigitaldeasturias.com\/noticias\/#organization","name":"El Digital de Asturias","description":"Hemeroteca","url":"https:\/\/www.eldigitaldeasturias.com\/noticias\/","email":"info@eldigitaldeasturias.com","telephone":"+34652131393","logo":{"@type":"ImageObject","url":"https:\/\/www.eldigitaldeasturias.com\/noticias\/wp-content\/uploads\/2020\/12\/EDA.jpg","@id":"https:\/\/www.eldigitaldeasturias.com\/noticias\/juan-manuel-santos-el-proceso-de-paz-necesita-tiempo\/#organizationLogo"},"image":{"@id":"https:\/\/www.eldigitaldeasturias.com\/noticias\/juan-manuel-santos-el-proceso-de-paz-necesita-tiempo\/#organizationLogo"},"sameAs":["https:\/\/facebook.com\/eldigitaldeasturias","https:\/\/www.youtube.com\/channel\/UCZP-2wLEB9Rv6erhFmqVnvg"],"address":{"@id":"https:\/\/www.eldigitaldeasturias.com\/noticias\/#postaladdress","@type":"PostalAddress","streetAddress":"san antonio 4","postalCode":"33430","addressLocality":"Cand\u00e1s","addressRegion":"Asturias","addressCountry":"ES"}},{"@type":"Person","@id":"https:\/\/www.eldigitaldeasturias.com\/noticias\/author\/admin\/#author","url":"https:\/\/www.eldigitaldeasturias.com\/noticias\/author\/admin\/","name":"El Digital de Asturias","image":{"@type":"ImageObject","@id":"https:\/\/www.eldigitaldeasturias.com\/noticias\/juan-manuel-santos-el-proceso-de-paz-necesita-tiempo\/#authorImage","url":"https:\/\/secure.gravatar.com\/avatar\/df2aeffc32bcd13f8d26072ef8a91b623d677766deac7f97ca815868cd41bf5e?s=96&d=mm&r=g","width":96,"height":96,"caption":"El Digital de Asturias"}},{"@type":"WebPage","@id":"https:\/\/www.eldigitaldeasturias.com\/noticias\/juan-manuel-santos-el-proceso-de-paz-necesita-tiempo\/#webpage","url":"https:\/\/www.eldigitaldeasturias.com\/noticias\/juan-manuel-santos-el-proceso-de-paz-necesita-tiempo\/","name":"Juan Manuel Santos: \u00abEl proceso de paz necesita tiempo\u00bb - El Digital de Asturias","description":"M\u00fcnster (Alemania), 11 may (dpa) - El presidente de Colombia, Juan Manuel Santos, estim\u00f3 el jueves que el proceso de paz de su pa\u00eds es algo que llevar\u00e1 tiempo. Establecer la paz \"es como construir una catedral. Para ello se necesita un fundamento s\u00f3lido y despu\u00e9s muy muchos ladrillos\", dijo el Premio Nobel de la","inLanguage":"es-ES","isPartOf":{"@id":"https:\/\/www.eldigitaldeasturias.com\/noticias\/#website"},"breadcrumb":{"@id":"https:\/\/www.eldigitaldeasturias.com\/noticias\/juan-manuel-santos-el-proceso-de-paz-necesita-tiempo\/#breadcrumblist"},"author":{"@id":"https:\/\/www.eldigitaldeasturias.com\/noticias\/author\/admin\/#author"},"creator":{"@id":"https:\/\/www.eldigitaldeasturias.com\/noticias\/author\/admin\/#author"},"image":{"@type":"ImageObject","url":841827,"@id":"https:\/\/www.eldigitaldeasturias.com\/noticias\/juan-manuel-santos-el-proceso-de-paz-necesita-tiempo\/#mainImage"},"primaryImageOfPage":{"@id":"https:\/\/www.eldigitaldeasturias.com\/noticias\/juan-manuel-santos-el-proceso-de-paz-necesita-tiempo\/#mainImage"},"datePublished":"2018-05-11T21:58:21+02:00","dateModified":"2018-05-11T21:58:21+02:00"},{"@type":"WebSite","@id":"https:\/\/www.eldigitaldeasturias.com\/noticias\/#website","url":"https:\/\/www.eldigitaldeasturias.com\/noticias\/","name":"El Digital de Asturias - Diario de actualidad y noticias","alternateName":"El Digital de Asturias - Diario de actualidad y noticias","description":"Hemeroteca","inLanguage":"es-ES","publisher":{"@id":"https:\/\/www.eldigitaldeasturias.com\/noticias\/#organization"}}]},"og:locale":"es_ES","og:site_name":"El Digital de Asturias","og:type":"article","og:title":"Juan Manuel Santos: \u00abEl proceso de paz necesita tiempo\u00bb - El Digital de Asturias","og:description":"M\u00fcnster (Alemania), 11 may (dpa) - El presidente de Colombia, Juan Manuel Santos, estim\u00f3 el jueves que el proceso de paz de su pa\u00eds es algo que llevar\u00e1 tiempo. Establecer la paz &quot;es como construir una catedral. Para ello se necesita un fundamento s\u00f3lido y despu\u00e9s muy muchos ladrillos&quot;, dijo el Premio Nobel de la","og:url":"https:\/\/www.eldigitaldeasturias.com\/noticias\/juan-manuel-santos-el-proceso-de-paz-necesita-tiempo\/","article:tag":["actualidad"],"article:published_time":"2018-05-11T21:58:21+00:00","article:modified_time":"2018-05-11T21:58:21+00:00","article:publisher":"https:\/\/facebook.com\/eldigitaldeasturias","twitter:card":"summary_large_image","twitter:title":"Juan Manuel Santos: \u00abEl proceso de paz necesita tiempo\u00bb - El Digital de Asturias","twitter:description":"M\u00fcnster (Alemania), 11 may (dpa) - El presidente de Colombia, Juan Manuel Santos, estim\u00f3 el jueves que el proceso de paz de su pa\u00eds es algo que llevar\u00e1 tiempo. Establecer la paz &quot;es como construir una catedral. Para ello se necesita un fundamento s\u00f3lido y despu\u00e9s muy muchos ladrillos&quot;, dijo el Premio Nobel de la","twitter:image":"https:\/\/www.eldigitaldeasturias.com\/noticias\/wp-content\/uploads\/2020\/12\/EDA-1.jpg","twitter:label1":"Escrito por","twitter:data1":"El Digital de Asturias","twitter:label2":"Tiempo de lectura estimado","twitter:data2":"1 minuto"},"aioseo_meta_data":{"post_id":"979923","title":null,"description":null,"keywords":null,"keyphrases":null,"primary_term":null,"canonical_url":null,"og_title":null,"og_description":null,"og_object_type":"default","og_image_type":"default","og_image_url":null,"og_image_width":null,"og_image_height":null,"og_image_custom_url":null,"og_image_custom_fields":null,"og_video":null,"og_custom_url":null,"og_article_section":null,"og_article_tags":null,"twitter_use_og":false,"twitter_card":"default","twitter_image_type":"default","twitter_image_url":null,"twitter_image_custom_url":null,"twitter_image_custom_fields":null,"twitter_title":null,"twitter_description":null,"schema":{"blockGraphs":[],"customGraphs":[],"default":{"data":{"Article":[],"Course":[],"Dataset":[],"FAQPage":[],"Movie":[],"Person":[],"Product":[],"ProductReview":[],"Car":[],"Recipe":[],"Service":[],"SoftwareApplication":[],"WebPage":[]},"graphName":"","isEnabled":true},"graphs":[],"defaultGraph":"","defaultPostTypeGraph":""},"schema_type":null,"schema_type_options":null,"pillar_content":false,"robots_default":true,"robots_noindex":false,"robots_noarchive":false,"robots_nosnippet":false,"robots_nofollow":false,"robots_noimageindex":false,"robots_noodp":false,"robots_notranslate":false,"robots_max_snippet":null,"robots_max_videopreview":null,"robots_max_imagepreview":"large","priority":null,"frequency":null,"local_seo":null,"seo_analyzer_scan_date":"2025-10-08 16:03:52","breadcrumb_settings":null,"limit_modified_date":false,"open_ai":null,"ai":null,"created":"2020-12-21 11:58:36","updated":"2025-10-08 16:03:52","focus_keyword":null,"additional_keywords":null,"truseo_locale":null},"aioseo_breadcrumb":"<div class=\"aioseo-breadcrumbs\"><span class=\"aioseo-breadcrumb\">\n\t<a href=\"https:\/\/www.eldigitaldeasturias.com\/noticias\" title=\"Home\">Home<\/a>\n<\/span><span class=\"aioseo-breadcrumb-separator\">\u2013<\/span><span class=\"aioseo-breadcrumb\">\n\t<a href=\"https:\/\/www.eldigitaldeasturias.com\/noticias\/category\/actualidad\/\" title=\"Actualidad\">Actualidad<\/a>\n<\/span><span class=\"aioseo-breadcrumb-separator\">\u2013<\/span><span class=\"aioseo-breadcrumb\">\n\t<a href=\"https:\/\/www.eldigitaldeasturias.com\/noticias\/juan-manuel-santos-el-proceso-de-paz-necesita-tiempo\/\" title=\"Juan Manuel Santos: \u00abEl proceso de paz necesita tiempo\u00bb\">Juan Manuel Santos: \u00abEl proceso de paz necesita tiempo\u00bb<\/a>\n<\/span><\/div>","aioseo_breadcrumb_json":[{"label":"Home","link":"https:\/\/www.eldigitaldeasturias.com\/noticias"},{"label":"Actualidad","link":"https:\/\/www.eldigitaldeasturias.com\/noticias\/category\/actualidad\/"},{"label":"Juan Manuel Santos: \u00abEl proceso de paz necesita tiempo\u00bb","link":"https:\/\/www.eldigitaldeasturias.com\/noticias\/juan-manuel-santos-el-proceso-de-paz-necesita-tiempo\/"}],"_links":{"self":[{"href":"https:\/\/www.eldigitaldeasturias.com\/noticias\/wp-json\/wp\/v2\/posts\/979923","targetHints":{"allow":["GET"]}}],"collection":[{"href":"https:\/\/www.eldigitaldeasturias.com\/noticias\/wp-json\/wp\/v2\/posts"}],"about":[{"href":"https:\/\/www.eldigitaldeasturias.com\/noticias\/wp-json\/wp\/v2\/types\/post"}],"author":[{"embeddable":true,"href":"https:\/\/www.eldigitaldeasturias.com\/noticias\/wp-json\/wp\/v2\/users\/1"}],"replies":[{"embeddable":true,"href":"https:\/\/www.eldigitaldeasturias.com\/noticias\/wp-json\/wp\/v2\/comments?post=979923"}],"version-history":[{"count":0,"href":"https:\/\/www.eldigitaldeasturias.com\/noticias\/wp-json\/wp\/v2\/posts\/979923\/revisions"}],"wp:attachment":[{"href":"https:\/\/www.eldigitaldeasturias.com\/noticias\/wp-json\/wp\/v2\/media?parent=979923"}],"wp:term":[{"taxonomy":"category","embeddable":true,"href":"https:\/\/www.eldigitaldeasturias.com\/noticias\/wp-json\/wp\/v2\/categories?post=979923"},{"taxonomy":"post_tag","embeddable":true,"href":"https:\/\/www.eldigitaldeasturias.com\/noticias\/wp-json\/wp\/v2\/tags?post=979923"}],"curies":[{"name":"wp","href":"https:\/\/api.w.org\/{rel}","templated":true}]}}