{"id":979919,"date":"2018-05-11T21:54:57","date_gmt":"2018-05-11T21:54:57","guid":{"rendered":"http:\/\/www.eldigitaldeasturias.com\/noticias\/?p=979919"},"modified":"2018-05-11T21:54:57","modified_gmt":"2018-05-11T21:54:57","slug":"los-planes-pospresidenciales-de-juan-manuel-santos","status":"publish","type":"post","link":"https:\/\/www.eldigitaldeasturias.com\/noticias\/los-planes-pospresidenciales-de-juan-manuel-santos\/","title":{"rendered":"Los planes pospresidenciales de Juan Manuel Santos"},"content":{"rendered":"<p><img loading=\"lazy\" decoding=\"async\" class=\"alignleft size-medium wp-image-841827\" src=\"https:\/\/www.eldigitaldeasturias.com\/noticias\/wp-content\/uploads\/2016\/01\/fotonoticia_20160101165444_800-360x239.jpg\" alt=\"\" width=\"360\" height=\"239\" \/>M\u00fcnster (Alemania), 11 may (dpa) &#8211; Consentir a la nieta, leer y escribir: el presidente de Colombia, Juan Manuel Santos, que dejar\u00e1 el cargo en agosto, tiene claro a qu\u00e9 se dedicar\u00e1 primordialmente una vez que haya entregado el mando a su sucesor.<\/p>\n<p>\u00abTengo una misi\u00f3n muy importante que me dio la vida y es que voy a ser abuelo por primera vez y me voy a dedicar a consentir a mi nieta que va a nacer el pr\u00f3ximo mes\u00bb, revel\u00f3 el mandatario, de 66 a\u00f1os, en una entrevista con dpa en la ciudad alemana de M\u00fcnster, donde asisti\u00f3 a un congreso cat\u00f3lico.<\/p>\n<p>Santos adem\u00e1s emplear\u00e1 su tiempo libre en leer muchos libros que tiene acumulados y en escribir, otra de sus pasiones. \u00abA m\u00ed me gusta mucho escribir. Yo he sido periodista buena parte de mi vida y quiero escribir\u00bb, explic\u00f3.<\/p>\n<p>Aunque no revel\u00f3 si estaba pensando en publicar una autobiograf\u00eda, el presidente y premio Nobel de la Paz cont\u00f3 que el o los libros que tiene en mente contar\u00e1n \u00abun poco la experiencia de esta presidencia, que ha sido una presidencia muy interesante en la historia de Colombia\u00bb.<\/p>\n<p>\u00abEstamos dejando un legado a las pr\u00f3ximas generaciones de un pa\u00eds m\u00e1s equitativo, mejor educado, de un pa\u00eds sin las Fuerzas Armadas Revolucionarias de Colombia (FARC) despu\u00e9s de cincuenta y pico a\u00f1os de guerra, un pa\u00eds mucho m\u00e1s moderno en la parte de infraestructuras\u00bb, dijo.<\/p>\n<p>Se trata, agreg\u00f3, de contar esa experiencia. \u00abDe c\u00f3mo lo hicimos, c\u00f3mo logramos que hoy la econom\u00eda colombiana sea mucho m\u00e1s s\u00f3lida, a pesar de muchas dificultades. Estamos entregando un pa\u00eds mucho mejor, yo creo, que el que recibimos. C\u00f3mo se hizo eso, pues eso yo creo que vale la pena escribirlo\u00bb, detall\u00f3 Santos.<\/p>\n<p>Am\u00e9n de eso, el mandatario ya ha sido invitado \u00aba much\u00edsimas universidades y a much\u00edsimas conferencias\u00bb y por ello no descarta que se dedique \u00abun poco a la docencia\u00bb.<\/p>\n<p>\u00abEs algo que tampoco he hecho durante mi vida y que siempre me ha gustado hacer\u00bb, concluy\u00f3.<\/p>\n","protected":false},"excerpt":{"rendered":"<p>M\u00fcnster (Alemania), 11 may (dpa) &#8211; Consentir a la nieta, leer y escribir: el presidente de Colombia, Juan Manuel Santos, que dejar\u00e1 el cargo en agosto, tiene claro a qu\u00e9 se dedicar\u00e1 primordialmente una vez que haya entregado el mando a su sucesor. \u00abTengo una misi\u00f3n muy importante que me dio la vida y es [&hellip;]<\/p>\n","protected":false},"author":1,"featured_media":841827,"comment_status":"closed","ping_status":"closed","sticky":false,"template":"","format":"standard","meta":{"footnotes":""},"categories":[1],"tags":[],"class_list":["post-979919","post","type-post","status-publish","format-standard","has-post-thumbnail","hentry","category-actualidad"],"aioseo_notices":[],"aioseo_head":"\n\t\t<!-- All in One SEO Pro 5.0.1 - aioseo.com -->\n\t<meta name=\"description\" content=\"M\u00fcnster (Alemania), 11 may (dpa) - Consentir a la nieta, leer y escribir: el presidente de Colombia, Juan Manuel Santos, que dejar\u00e1 el cargo en agosto, tiene claro a qu\u00e9 se dedicar\u00e1 primordialmente una vez que haya entregado el mando a su sucesor. &quot;Tengo una misi\u00f3n muy importante que me dio la vida y es\" \/>\n\t<meta name=\"robots\" content=\"max-image-preview:large\" \/>\n\t<meta name=\"author\" content=\"El Digital de Asturias\"\/>\n\t<meta name=\"google-site-verification\" content=\"UA-38556648-1\" \/>\n\t<meta name=\"msvalidate.01\" content=\"7dfe9f3f1b24437ab69f4f2559babe99\" \/>\n\t<meta name=\"keywords\" content=\"actualidad\" \/>\n\t<link rel=\"canonical\" href=\"https:\/\/www.eldigitaldeasturias.com\/noticias\/los-planes-pospresidenciales-de-juan-manuel-santos\/\" \/>\n\t<meta name=\"generator\" content=\"All in One SEO Pro (AIOSEO) 5.0.1\" \/>\n\t\t<meta property=\"og:locale\" content=\"es_ES\" \/>\n\t\t<meta property=\"og:site_name\" content=\"El Digital de Asturias\" \/>\n\t\t<meta property=\"og:type\" content=\"article\" \/>\n\t\t<meta property=\"og:title\" content=\"Los planes pospresidenciales de Juan Manuel Santos - El Digital de Asturias\" \/>\n\t\t<meta property=\"og:description\" content=\"M\u00fcnster (Alemania), 11 may (dpa) - Consentir a la nieta, leer y escribir: el presidente de Colombia, Juan Manuel Santos, que dejar\u00e1 el cargo en agosto, tiene claro a qu\u00e9 se dedicar\u00e1 primordialmente una vez que haya entregado el mando a su sucesor. &quot;Tengo una misi\u00f3n muy importante que me dio la vida y es\" \/>\n\t\t<meta property=\"og:url\" content=\"https:\/\/www.eldigitaldeasturias.com\/noticias\/los-planes-pospresidenciales-de-juan-manuel-santos\/\" \/>\n\t\t<meta property=\"article:tag\" content=\"actualidad\" \/>\n\t\t<meta property=\"article:published_time\" content=\"2018-05-11T21:54:57+00:00\" \/>\n\t\t<meta property=\"article:modified_time\" content=\"2018-05-11T21:54:57+00:00\" \/>\n\t\t<meta property=\"article:publisher\" content=\"https:\/\/facebook.com\/eldigitaldeasturias\" \/>\n\t\t<meta name=\"twitter:card\" content=\"summary_large_image\" \/>\n\t\t<meta name=\"twitter:title\" content=\"Los planes pospresidenciales de Juan Manuel Santos - El Digital de Asturias\" \/>\n\t\t<meta name=\"twitter:description\" content=\"M\u00fcnster (Alemania), 11 may (dpa) - Consentir a la nieta, leer y escribir: el presidente de Colombia, Juan Manuel Santos, que dejar\u00e1 el cargo en agosto, tiene claro a qu\u00e9 se dedicar\u00e1 primordialmente una vez que haya entregado el mando a su sucesor. &quot;Tengo una misi\u00f3n muy importante que me dio la vida y es\" \/>\n\t\t<meta name=\"twitter:image\" content=\"https:\/\/www.eldigitaldeasturias.com\/noticias\/wp-content\/uploads\/2020\/12\/EDA-1.jpg\" \/>\n\t\t<meta name=\"twitter:label1\" content=\"Escrito por\" \/>\n\t\t<meta name=\"twitter:data1\" content=\"El Digital de Asturias\" \/>\n\t\t<meta name=\"twitter:label2\" content=\"Tiempo de lectura estimado\" \/>\n\t\t<meta name=\"twitter:data2\" content=\"2 minutos\" \/>\n\t\t<script type=\"application\/ld+json\" class=\"aioseo-schema\">\n\t\t\t{\"@context\":\"https:\\\/\\\/schema.org\",\"@graph\":[{\"@type\":\"BlogPosting\",\"@id\":\"https:\\\/\\\/www.eldigitaldeasturias.com\\\/noticias\\\/los-planes-pospresidenciales-de-juan-manuel-santos\\\/#blogposting\",\"name\":\"Los planes pospresidenciales de Juan Manuel Santos - El Digital de Asturias\",\"headline\":\"Los planes pospresidenciales de Juan Manuel Santos\",\"author\":{\"@id\":\"https:\\\/\\\/www.eldigitaldeasturias.com\\\/noticias\\\/author\\\/admin\\\/#author\"},\"publisher\":{\"@id\":\"https:\\\/\\\/www.eldigitaldeasturias.com\\\/noticias\\\/#organization\"},\"image\":{\"@type\":\"ImageObject\",\"url\":841827},\"datePublished\":\"2018-05-11T21:54:57+02:00\",\"dateModified\":\"2018-05-11T21:54:57+02:00\",\"inLanguage\":\"es-ES\",\"mainEntityOfPage\":{\"@id\":\"https:\\\/\\\/www.eldigitaldeasturias.com\\\/noticias\\\/los-planes-pospresidenciales-de-juan-manuel-santos\\\/#webpage\"},\"isPartOf\":{\"@id\":\"https:\\\/\\\/www.eldigitaldeasturias.com\\\/noticias\\\/los-planes-pospresidenciales-de-juan-manuel-santos\\\/#webpage\"},\"articleSection\":\"Actualidad\"},{\"@type\":\"BreadcrumbList\",\"@id\":\"https:\\\/\\\/www.eldigitaldeasturias.com\\\/noticias\\\/los-planes-pospresidenciales-de-juan-manuel-santos\\\/#breadcrumblist\",\"itemListElement\":[{\"@type\":\"ListItem\",\"@id\":\"https:\\\/\\\/www.eldigitaldeasturias.com\\\/noticias#listItem\",\"position\":1,\"name\":\"Home\",\"item\":\"https:\\\/\\\/www.eldigitaldeasturias.com\\\/noticias\",\"nextItem\":{\"@type\":\"ListItem\",\"@id\":\"https:\\\/\\\/www.eldigitaldeasturias.com\\\/noticias\\\/category\\\/actualidad\\\/#listItem\",\"name\":\"Actualidad\"}},{\"@type\":\"ListItem\",\"@id\":\"https:\\\/\\\/www.eldigitaldeasturias.com\\\/noticias\\\/category\\\/actualidad\\\/#listItem\",\"position\":2,\"name\":\"Actualidad\",\"item\":\"https:\\\/\\\/www.eldigitaldeasturias.com\\\/noticias\\\/category\\\/actualidad\\\/\",\"nextItem\":{\"@type\":\"ListItem\",\"@id\":\"https:\\\/\\\/www.eldigitaldeasturias.com\\\/noticias\\\/los-planes-pospresidenciales-de-juan-manuel-santos\\\/#listItem\",\"name\":\"Los planes pospresidenciales de Juan Manuel Santos\"},\"previousItem\":{\"@type\":\"ListItem\",\"@id\":\"https:\\\/\\\/www.eldigitaldeasturias.com\\\/noticias#listItem\",\"name\":\"Home\"}},{\"@type\":\"ListItem\",\"@id\":\"https:\\\/\\\/www.eldigitaldeasturias.com\\\/noticias\\\/los-planes-pospresidenciales-de-juan-manuel-santos\\\/#listItem\",\"position\":3,\"name\":\"Los planes pospresidenciales de Juan Manuel Santos\",\"previousItem\":{\"@type\":\"ListItem\",\"@id\":\"https:\\\/\\\/www.eldigitaldeasturias.com\\\/noticias\\\/category\\\/actualidad\\\/#listItem\",\"name\":\"Actualidad\"}}]},{\"@type\":\"Organization\",\"@id\":\"https:\\\/\\\/www.eldigitaldeasturias.com\\\/noticias\\\/#organization\",\"name\":\"El Digital de Asturias\",\"description\":\"Hemeroteca\",\"url\":\"https:\\\/\\\/www.eldigitaldeasturias.com\\\/noticias\\\/\",\"email\":\"info@eldigitaldeasturias.com\",\"telephone\":\"+34652131393\",\"logo\":{\"@type\":\"ImageObject\",\"url\":\"https:\\\/\\\/www.eldigitaldeasturias.com\\\/noticias\\\/wp-content\\\/uploads\\\/2020\\\/12\\\/EDA.jpg\",\"@id\":\"https:\\\/\\\/www.eldigitaldeasturias.com\\\/noticias\\\/los-planes-pospresidenciales-de-juan-manuel-santos\\\/#organizationLogo\"},\"image\":{\"@id\":\"https:\\\/\\\/www.eldigitaldeasturias.com\\\/noticias\\\/los-planes-pospresidenciales-de-juan-manuel-santos\\\/#organizationLogo\"},\"sameAs\":[\"https:\\\/\\\/facebook.com\\\/eldigitaldeasturias\",\"https:\\\/\\\/www.youtube.com\\\/channel\\\/UCZP-2wLEB9Rv6erhFmqVnvg\"],\"address\":{\"@id\":\"https:\\\/\\\/www.eldigitaldeasturias.com\\\/noticias\\\/#postaladdress\",\"@type\":\"PostalAddress\",\"streetAddress\":\"san antonio 4\",\"postalCode\":\"33430\",\"addressLocality\":\"Cand\\u00e1s\",\"addressRegion\":\"Asturias\",\"addressCountry\":\"ES\"}},{\"@type\":\"Person\",\"@id\":\"https:\\\/\\\/www.eldigitaldeasturias.com\\\/noticias\\\/author\\\/admin\\\/#author\",\"url\":\"https:\\\/\\\/www.eldigitaldeasturias.com\\\/noticias\\\/author\\\/admin\\\/\",\"name\":\"El Digital de Asturias\",\"image\":{\"@type\":\"ImageObject\",\"@id\":\"https:\\\/\\\/www.eldigitaldeasturias.com\\\/noticias\\\/los-planes-pospresidenciales-de-juan-manuel-santos\\\/#authorImage\",\"url\":\"https:\\\/\\\/secure.gravatar.com\\\/avatar\\\/df2aeffc32bcd13f8d26072ef8a91b623d677766deac7f97ca815868cd41bf5e?s=96&d=mm&r=g\",\"width\":96,\"height\":96,\"caption\":\"El Digital de Asturias\"}},{\"@type\":\"WebPage\",\"@id\":\"https:\\\/\\\/www.eldigitaldeasturias.com\\\/noticias\\\/los-planes-pospresidenciales-de-juan-manuel-santos\\\/#webpage\",\"url\":\"https:\\\/\\\/www.eldigitaldeasturias.com\\\/noticias\\\/los-planes-pospresidenciales-de-juan-manuel-santos\\\/\",\"name\":\"Los planes pospresidenciales de Juan Manuel Santos - El Digital de Asturias\",\"description\":\"M\\u00fcnster (Alemania), 11 may (dpa) - Consentir a la nieta, leer y escribir: el presidente de Colombia, Juan Manuel Santos, que dejar\\u00e1 el cargo en agosto, tiene claro a qu\\u00e9 se dedicar\\u00e1 primordialmente una vez que haya entregado el mando a su sucesor. \\\"Tengo una misi\\u00f3n muy importante que me dio la vida y es\",\"inLanguage\":\"es-ES\",\"isPartOf\":{\"@id\":\"https:\\\/\\\/www.eldigitaldeasturias.com\\\/noticias\\\/#website\"},\"breadcrumb\":{\"@id\":\"https:\\\/\\\/www.eldigitaldeasturias.com\\\/noticias\\\/los-planes-pospresidenciales-de-juan-manuel-santos\\\/#breadcrumblist\"},\"author\":{\"@id\":\"https:\\\/\\\/www.eldigitaldeasturias.com\\\/noticias\\\/author\\\/admin\\\/#author\"},\"creator\":{\"@id\":\"https:\\\/\\\/www.eldigitaldeasturias.com\\\/noticias\\\/author\\\/admin\\\/#author\"},\"image\":{\"@type\":\"ImageObject\",\"url\":841827,\"@id\":\"https:\\\/\\\/www.eldigitaldeasturias.com\\\/noticias\\\/los-planes-pospresidenciales-de-juan-manuel-santos\\\/#mainImage\"},\"primaryImageOfPage\":{\"@id\":\"https:\\\/\\\/www.eldigitaldeasturias.com\\\/noticias\\\/los-planes-pospresidenciales-de-juan-manuel-santos\\\/#mainImage\"},\"datePublished\":\"2018-05-11T21:54:57+02:00\",\"dateModified\":\"2018-05-11T21:54:57+02:00\"},{\"@type\":\"WebSite\",\"@id\":\"https:\\\/\\\/www.eldigitaldeasturias.com\\\/noticias\\\/#website\",\"url\":\"https:\\\/\\\/www.eldigitaldeasturias.com\\\/noticias\\\/\",\"name\":\"El Digital de Asturias - Diario de actualidad y noticias\",\"alternateName\":\"El Digital de Asturias - Diario de actualidad y noticias\",\"description\":\"Hemeroteca\",\"inLanguage\":\"es-ES\",\"publisher\":{\"@id\":\"https:\\\/\\\/www.eldigitaldeasturias.com\\\/noticias\\\/#organization\"}}]}\n\t\t<\/script>\n\t\t<!-- All in One SEO Pro -->\r\n\t\t<title>Los planes pospresidenciales de Juan Manuel Santos - El Digital de Asturias<\/title>\n\n","aioseo_head_json":{"title":"Los planes pospresidenciales de Juan Manuel Santos - El Digital de Asturias","description":"M\u00fcnster (Alemania), 11 may (dpa) - Consentir a la nieta, leer y escribir: el presidente de Colombia, Juan Manuel Santos, que dejar\u00e1 el cargo en agosto, tiene claro a qu\u00e9 se dedicar\u00e1 primordialmente una vez que haya entregado el mando a su sucesor. \"Tengo una misi\u00f3n muy importante que me dio la vida y es","canonical_url":"https:\/\/www.eldigitaldeasturias.com\/noticias\/los-planes-pospresidenciales-de-juan-manuel-santos\/","robots":"max-image-preview:large","keywords":"actualidad","webmasterTools":{"google-site-verification":"UA-38556648-1","msvalidate.01":"7dfe9f3f1b24437ab69f4f2559babe99","miscellaneous":""},"schema":{"@context":"https:\/\/schema.org","@graph":[{"@type":"BlogPosting","@id":"https:\/\/www.eldigitaldeasturias.com\/noticias\/los-planes-pospresidenciales-de-juan-manuel-santos\/#blogposting","name":"Los planes pospresidenciales de Juan Manuel Santos - El Digital de Asturias","headline":"Los planes pospresidenciales de Juan Manuel Santos","author":{"@id":"https:\/\/www.eldigitaldeasturias.com\/noticias\/author\/admin\/#author"},"publisher":{"@id":"https:\/\/www.eldigitaldeasturias.com\/noticias\/#organization"},"image":{"@type":"ImageObject","url":841827},"datePublished":"2018-05-11T21:54:57+02:00","dateModified":"2018-05-11T21:54:57+02:00","inLanguage":"es-ES","mainEntityOfPage":{"@id":"https:\/\/www.eldigitaldeasturias.com\/noticias\/los-planes-pospresidenciales-de-juan-manuel-santos\/#webpage"},"isPartOf":{"@id":"https:\/\/www.eldigitaldeasturias.com\/noticias\/los-planes-pospresidenciales-de-juan-manuel-santos\/#webpage"},"articleSection":"Actualidad"},{"@type":"BreadcrumbList","@id":"https:\/\/www.eldigitaldeasturias.com\/noticias\/los-planes-pospresidenciales-de-juan-manuel-santos\/#breadcrumblist","itemListElement":[{"@type":"ListItem","@id":"https:\/\/www.eldigitaldeasturias.com\/noticias#listItem","position":1,"name":"Home","item":"https:\/\/www.eldigitaldeasturias.com\/noticias","nextItem":{"@type":"ListItem","@id":"https:\/\/www.eldigitaldeasturias.com\/noticias\/category\/actualidad\/#listItem","name":"Actualidad"}},{"@type":"ListItem","@id":"https:\/\/www.eldigitaldeasturias.com\/noticias\/category\/actualidad\/#listItem","position":2,"name":"Actualidad","item":"https:\/\/www.eldigitaldeasturias.com\/noticias\/category\/actualidad\/","nextItem":{"@type":"ListItem","@id":"https:\/\/www.eldigitaldeasturias.com\/noticias\/los-planes-pospresidenciales-de-juan-manuel-santos\/#listItem","name":"Los planes pospresidenciales de Juan Manuel Santos"},"previousItem":{"@type":"ListItem","@id":"https:\/\/www.eldigitaldeasturias.com\/noticias#listItem","name":"Home"}},{"@type":"ListItem","@id":"https:\/\/www.eldigitaldeasturias.com\/noticias\/los-planes-pospresidenciales-de-juan-manuel-santos\/#listItem","position":3,"name":"Los planes pospresidenciales de Juan Manuel Santos","previousItem":{"@type":"ListItem","@id":"https:\/\/www.eldigitaldeasturias.com\/noticias\/category\/actualidad\/#listItem","name":"Actualidad"}}]},{"@type":"Organization","@id":"https:\/\/www.eldigitaldeasturias.com\/noticias\/#organization","name":"El Digital de Asturias","description":"Hemeroteca","url":"https:\/\/www.eldigitaldeasturias.com\/noticias\/","email":"info@eldigitaldeasturias.com","telephone":"+34652131393","logo":{"@type":"ImageObject","url":"https:\/\/www.eldigitaldeasturias.com\/noticias\/wp-content\/uploads\/2020\/12\/EDA.jpg","@id":"https:\/\/www.eldigitaldeasturias.com\/noticias\/los-planes-pospresidenciales-de-juan-manuel-santos\/#organizationLogo"},"image":{"@id":"https:\/\/www.eldigitaldeasturias.com\/noticias\/los-planes-pospresidenciales-de-juan-manuel-santos\/#organizationLogo"},"sameAs":["https:\/\/facebook.com\/eldigitaldeasturias","https:\/\/www.youtube.com\/channel\/UCZP-2wLEB9Rv6erhFmqVnvg"],"address":{"@id":"https:\/\/www.eldigitaldeasturias.com\/noticias\/#postaladdress","@type":"PostalAddress","streetAddress":"san antonio 4","postalCode":"33430","addressLocality":"Cand\u00e1s","addressRegion":"Asturias","addressCountry":"ES"}},{"@type":"Person","@id":"https:\/\/www.eldigitaldeasturias.com\/noticias\/author\/admin\/#author","url":"https:\/\/www.eldigitaldeasturias.com\/noticias\/author\/admin\/","name":"El Digital de Asturias","image":{"@type":"ImageObject","@id":"https:\/\/www.eldigitaldeasturias.com\/noticias\/los-planes-pospresidenciales-de-juan-manuel-santos\/#authorImage","url":"https:\/\/secure.gravatar.com\/avatar\/df2aeffc32bcd13f8d26072ef8a91b623d677766deac7f97ca815868cd41bf5e?s=96&d=mm&r=g","width":96,"height":96,"caption":"El Digital de Asturias"}},{"@type":"WebPage","@id":"https:\/\/www.eldigitaldeasturias.com\/noticias\/los-planes-pospresidenciales-de-juan-manuel-santos\/#webpage","url":"https:\/\/www.eldigitaldeasturias.com\/noticias\/los-planes-pospresidenciales-de-juan-manuel-santos\/","name":"Los planes pospresidenciales de Juan Manuel Santos - El Digital de Asturias","description":"M\u00fcnster (Alemania), 11 may (dpa) - Consentir a la nieta, leer y escribir: el presidente de Colombia, Juan Manuel Santos, que dejar\u00e1 el cargo en agosto, tiene claro a qu\u00e9 se dedicar\u00e1 primordialmente una vez que haya entregado el mando a su sucesor. \"Tengo una misi\u00f3n muy importante que me dio la vida y es","inLanguage":"es-ES","isPartOf":{"@id":"https:\/\/www.eldigitaldeasturias.com\/noticias\/#website"},"breadcrumb":{"@id":"https:\/\/www.eldigitaldeasturias.com\/noticias\/los-planes-pospresidenciales-de-juan-manuel-santos\/#breadcrumblist"},"author":{"@id":"https:\/\/www.eldigitaldeasturias.com\/noticias\/author\/admin\/#author"},"creator":{"@id":"https:\/\/www.eldigitaldeasturias.com\/noticias\/author\/admin\/#author"},"image":{"@type":"ImageObject","url":841827,"@id":"https:\/\/www.eldigitaldeasturias.com\/noticias\/los-planes-pospresidenciales-de-juan-manuel-santos\/#mainImage"},"primaryImageOfPage":{"@id":"https:\/\/www.eldigitaldeasturias.com\/noticias\/los-planes-pospresidenciales-de-juan-manuel-santos\/#mainImage"},"datePublished":"2018-05-11T21:54:57+02:00","dateModified":"2018-05-11T21:54:57+02:00"},{"@type":"WebSite","@id":"https:\/\/www.eldigitaldeasturias.com\/noticias\/#website","url":"https:\/\/www.eldigitaldeasturias.com\/noticias\/","name":"El Digital de Asturias - Diario de actualidad y noticias","alternateName":"El Digital de Asturias - Diario de actualidad y noticias","description":"Hemeroteca","inLanguage":"es-ES","publisher":{"@id":"https:\/\/www.eldigitaldeasturias.com\/noticias\/#organization"}}]},"og:locale":"es_ES","og:site_name":"El Digital de Asturias","og:type":"article","og:title":"Los planes pospresidenciales de Juan Manuel Santos - El Digital de Asturias","og:description":"M\u00fcnster (Alemania), 11 may (dpa) - Consentir a la nieta, leer y escribir: el presidente de Colombia, Juan Manuel Santos, que dejar\u00e1 el cargo en agosto, tiene claro a qu\u00e9 se dedicar\u00e1 primordialmente una vez que haya entregado el mando a su sucesor. &quot;Tengo una misi\u00f3n muy importante que me dio la vida y es","og:url":"https:\/\/www.eldigitaldeasturias.com\/noticias\/los-planes-pospresidenciales-de-juan-manuel-santos\/","article:tag":["actualidad"],"article:published_time":"2018-05-11T21:54:57+00:00","article:modified_time":"2018-05-11T21:54:57+00:00","article:publisher":"https:\/\/facebook.com\/eldigitaldeasturias","twitter:card":"summary_large_image","twitter:title":"Los planes pospresidenciales de Juan Manuel Santos - El Digital de Asturias","twitter:description":"M\u00fcnster (Alemania), 11 may (dpa) - Consentir a la nieta, leer y escribir: el presidente de Colombia, Juan Manuel Santos, que dejar\u00e1 el cargo en agosto, tiene claro a qu\u00e9 se dedicar\u00e1 primordialmente una vez que haya entregado el mando a su sucesor. &quot;Tengo una misi\u00f3n muy importante que me dio la vida y es","twitter:image":"https:\/\/www.eldigitaldeasturias.com\/noticias\/wp-content\/uploads\/2020\/12\/EDA-1.jpg","twitter:label1":"Escrito por","twitter:data1":"El Digital de Asturias","twitter:label2":"Tiempo de lectura estimado","twitter:data2":"2 minutos"},"aioseo_meta_data":{"post_id":"979919","title":null,"description":null,"keywords":null,"keyphrases":null,"primary_term":null,"canonical_url":null,"og_title":null,"og_description":null,"og_object_type":"default","og_image_type":"default","og_image_url":null,"og_image_width":null,"og_image_height":null,"og_image_custom_url":null,"og_image_custom_fields":null,"og_video":null,"og_custom_url":null,"og_article_section":null,"og_article_tags":null,"twitter_use_og":false,"twitter_card":"default","twitter_image_type":"default","twitter_image_url":null,"twitter_image_custom_url":null,"twitter_image_custom_fields":null,"twitter_title":null,"twitter_description":null,"schema":{"blockGraphs":[],"customGraphs":[],"default":{"data":{"Article":[],"Course":[],"Dataset":[],"FAQPage":[],"Movie":[],"Person":[],"Product":[],"ProductReview":[],"Car":[],"Recipe":[],"Service":[],"SoftwareApplication":[],"WebPage":[]},"graphName":"","isEnabled":true},"graphs":[],"defaultGraph":"","defaultPostTypeGraph":""},"schema_type":null,"schema_type_options":null,"pillar_content":false,"robots_default":true,"robots_noindex":false,"robots_noarchive":false,"robots_nosnippet":false,"robots_nofollow":false,"robots_noimageindex":false,"robots_noodp":false,"robots_notranslate":false,"robots_max_snippet":null,"robots_max_videopreview":null,"robots_max_imagepreview":"large","priority":null,"frequency":null,"local_seo":null,"seo_analyzer_scan_date":"2025-10-08 16:03:51","breadcrumb_settings":null,"limit_modified_date":false,"open_ai":null,"ai":null,"created":"2020-12-21 10:48:50","updated":"2025-10-08 16:03:51","focus_keyword":null,"additional_keywords":null,"truseo_locale":null},"aioseo_breadcrumb":"<div class=\"aioseo-breadcrumbs\"><span class=\"aioseo-breadcrumb\">\n\t<a href=\"https:\/\/www.eldigitaldeasturias.com\/noticias\" title=\"Home\">Home<\/a>\n<\/span><span class=\"aioseo-breadcrumb-separator\">\u2013<\/span><span class=\"aioseo-breadcrumb\">\n\t<a href=\"https:\/\/www.eldigitaldeasturias.com\/noticias\/category\/actualidad\/\" title=\"Actualidad\">Actualidad<\/a>\n<\/span><span class=\"aioseo-breadcrumb-separator\">\u2013<\/span><span class=\"aioseo-breadcrumb\">\n\t<a href=\"https:\/\/www.eldigitaldeasturias.com\/noticias\/los-planes-pospresidenciales-de-juan-manuel-santos\/\" title=\"Los planes pospresidenciales de Juan Manuel Santos\">Los planes pospresidenciales de Juan Manuel Santos<\/a>\n<\/span><\/div>","aioseo_breadcrumb_json":[{"label":"Home","link":"https:\/\/www.eldigitaldeasturias.com\/noticias"},{"label":"Actualidad","link":"https:\/\/www.eldigitaldeasturias.com\/noticias\/category\/actualidad\/"},{"label":"Los planes pospresidenciales de Juan Manuel Santos","link":"https:\/\/www.eldigitaldeasturias.com\/noticias\/los-planes-pospresidenciales-de-juan-manuel-santos\/"}],"_links":{"self":[{"href":"https:\/\/www.eldigitaldeasturias.com\/noticias\/wp-json\/wp\/v2\/posts\/979919","targetHints":{"allow":["GET"]}}],"collection":[{"href":"https:\/\/www.eldigitaldeasturias.com\/noticias\/wp-json\/wp\/v2\/posts"}],"about":[{"href":"https:\/\/www.eldigitaldeasturias.com\/noticias\/wp-json\/wp\/v2\/types\/post"}],"author":[{"embeddable":true,"href":"https:\/\/www.eldigitaldeasturias.com\/noticias\/wp-json\/wp\/v2\/users\/1"}],"replies":[{"embeddable":true,"href":"https:\/\/www.eldigitaldeasturias.com\/noticias\/wp-json\/wp\/v2\/comments?post=979919"}],"version-history":[{"count":0,"href":"https:\/\/www.eldigitaldeasturias.com\/noticias\/wp-json\/wp\/v2\/posts\/979919\/revisions"}],"wp:attachment":[{"href":"https:\/\/www.eldigitaldeasturias.com\/noticias\/wp-json\/wp\/v2\/media?parent=979919"}],"wp:term":[{"taxonomy":"category","embeddable":true,"href":"https:\/\/www.eldigitaldeasturias.com\/noticias\/wp-json\/wp\/v2\/categories?post=979919"},{"taxonomy":"post_tag","embeddable":true,"href":"https:\/\/www.eldigitaldeasturias.com\/noticias\/wp-json\/wp\/v2\/tags?post=979919"}],"curies":[{"name":"wp","href":"https:\/\/api.w.org\/{rel}","templated":true}]}}