{"id":979869,"date":"2018-05-11T14:33:33","date_gmt":"2018-05-11T14:33:33","guid":{"rendered":"http:\/\/www.eldigitaldeasturias.com\/noticias\/?p=979869"},"modified":"2018-05-11T14:33:33","modified_gmt":"2018-05-11T14:33:33","slug":"violencia-en-rio-el-drama-de-las-madres-que-perdieron-a-sus-hijos","status":"publish","type":"post","link":"https:\/\/www.eldigitaldeasturias.com\/noticias\/violencia-en-rio-el-drama-de-las-madres-que-perdieron-a-sus-hijos\/","title":{"rendered":"Violencia en R\u00edo: el drama de las madres que perdieron a sus hijos"},"content":{"rendered":"<p><img loading=\"lazy\" decoding=\"async\" class=\"alignleft size-medium wp-image-979870\" src=\"https:\/\/www.eldigitaldeasturias.com\/noticias\/wp-content\/uploads\/2018\/05\/favelas-51318_960_720-1-360x270.jpg\" alt=\"\" width=\"360\" height=\"270\" \/>R\u00edo de Janeiro, 11 may (dpa) &#8211; El pr\u00f3ximo domingo, en R\u00edo de Janeiro muchas mujeres mirar\u00e1n al cielo y, absortas y ajenas, volver\u00e1n a so\u00f1ar con lo imposible. Sus hijos, muertos en el furor de una ciudad violenta e implacable, no estar\u00e1n con ellas. Y el D\u00eda de la Madre se les consumir\u00e1 entre llantos inacabados, ausencias y recuerdos.<\/p>\n<p>Los continuos enfrentamientos que involucran a bandas criminales, la Polic\u00eda, el Ej\u00e9rcito, diversos grupos armados y milicias ilegales, y que se reiteran d\u00eda a d\u00eda, convirtieron a R\u00edo en una ciudad de atm\u00f3sfera b\u00e9lica. Militares armados se pasean por las calles en veh\u00edculos blindados, los tiroteos aterrorizan a las favelas y algunos diarios locales ya incorporaron a sus p\u00e1ginas una secci\u00f3n llamada \u00abGuerra\u00bb.<\/p>\n<p>S\u00f3lo en 2017, en R\u00edo 1.127 personas fueron abatidas por polic\u00edas, m\u00e1s de tres muertes por d\u00eda. A su vez, 119 miembros de la fuerza p\u00fablica tambi\u00e9n fallecieron por la violencia. Y en el medio de la balacera, quedan las madres, sus sollozos, la resiliencia y un nudo en la garganta por tantos hijos perdidos.<\/p>\n<p>El 16 de marzo, Paloma fue a visitar a su madre en el Complexo de Alem\u00e3o, una de las favelas m\u00e1s populosas de la ciudad. Estaba con sus hijos, Sophia, de cuatro a\u00f1os, y Benjamin, de un a\u00f1o y siete meses. \u00abPar\u00e9 para comprarles algod\u00f3n dulce, en la calle, porque ten\u00edan hambre\u00bb, recuerda a dpa la mujer, y su memoria transmuta en angustia.<\/p>\n<p>\u00abEntonces, o\u00ed tiros. Instintivamente intent\u00e9 proteger al beb\u00e9, saltando sobre su carrito. Pero no pude: un disparo impact\u00f3 en su cabeza y muri\u00f3 en el momento\u00bb.<\/p>\n<p>F\u00e1bio, su marido, estaba desempleado. El entierro s\u00f3lo se puedo hacer gracias a donaciones. Ambos abandonaron el apartamento en el que resid\u00edan, poblado de recuerdos, y viven ahora en un cuarto, en el que duermen en el suelo junto a Sophia.<\/p>\n<p>Im\u00e1genes de funerales colectivos, de familias enteras llorando y de gritos ahogados, que combinan impotencia e indignaci\u00f3n, se volvieron moneda corriente en los telediarios locales. El asesinato de la concejala Marielle Franco, hace dos meses, se torn\u00f3 paradigm\u00e1tico. Un a\u00f1o atr\u00e1s, una bala perdida hab\u00eda matado a Mar\u00eda Eduarda, una estudiante de 13 a\u00f1os cuya fotograf\u00eda llena de vida se revisti\u00f3 de un l\u00fagubre significado de muerte.<\/p>\n<p>Otra de las mam\u00e1s que habl\u00f3 con dpa es Mar\u00eda de F\u00e1tima dos Santos Silva. Su hijo Hugo fue asesinado el 17 de abril de 2012, en la favela de Rocinha.<\/p>\n<p>\u00ab\u00c9l recibi\u00f3 amenazas de polic\u00edas una semana antes del asesinato. El crimen se produjo a 100 metros de mi casa. Yo o\u00ed los disparos, claro, pero nunca me imagin\u00e9 que la v\u00edctima era \u00e9l\u00bb.<\/p>\n<p>Actualmente, Mar\u00eda de F\u00e1tima vende artesan\u00edas para turistas y es una reconocida activista por los Derechos Humanos. \u00abHugo siempre me obsequiaba flores para el D\u00eda de la Madre. Por m\u00e1s que el tiempo pase, jam\u00e1s superar\u00e9 lo que sucedi\u00f3\u00bb.<\/p>\n<p>Hace dos d\u00edas, el 9 de mayo, Luiz Felipe de Castro Moraes fue asesinado. Antes que \u00e9l, s\u00f3lo en lo que va de 2018 en R\u00edo ya hab\u00edan muerto 42 polic\u00edas. En una de las ciudades m\u00e1s tur\u00edsticas del mundo, los botines que desatan la furia son varios: el control del narcotr\u00e1fico, la venta de armas, los pagos que los habitantes de los barrios pobres deben hacer para obtener seguridad&#8230;<\/p>\n<p>Las fuerzas de seguridad p\u00fablica combaten a las bandas de traficantes. Sin embargo, en su lucha cometen muchos excesos. No son pocas las voces que afirman que la Polic\u00eda de R\u00edo \u00abcriminaliza la pobreza\u00bb.<\/p>\n<p>De cada diez asesinados por la fuerza p\u00fablica, nueve son negros o mestizos. Una mayor\u00eda a\u00fan superior son hombres. Y al menos el 22% de las muertes suceden en favelas. De las 1.127 v\u00edctimas de 2017, s\u00f3lo 14 viv\u00edan en la Zona Sur, la m\u00e1s rica de la ciudad.<\/p>\n<p>Dentro de cinco d\u00edas, el 16 de mayo, Caio habr\u00eda cumplido 20 a\u00f1os. Rosilene, su madre, lo tuvo a los 17, y \u00e9ste ser\u00e1 el primer D\u00eda de la Madre que pasar\u00e1 sin su compa\u00f1ia.<\/p>\n<p>\u00abMe lo mataron durante una operaci\u00f3n que la Polic\u00eda realiz\u00f3 en Rocinha. \u00c9l era honesto y dedicado. Dijeron que reaccion\u00f3 a un abordaje y por eso le tiraron. Su sue\u00f1o era ingresar como soldado en la Marina\u00bb.<\/p>\n<p>En marzo, despu\u00e9s de la intervenci\u00f3n militar en R\u00edo, el Instituto de Seguridad P\u00fablica de la Ciudad y la empresa de encuestas \u00abDatafolha\u00bb le preguntaron a los habitantes de la ciudad a qu\u00e9 le tem\u00edan. Hubo tres respuestas que alcanzaron el 92%: \u00abser alcanzado por una bala perdida\u00bb, \u00abser herido o muerto en un asalto\u00bb y \u00abquedar en el medio de un tiroteo entre criminales y polic\u00edas\u00bb.<\/p>\n<p>Los testimonios, tristes, melanc\u00f3licos, se suceden. Araci Gomes, mam\u00e1 de Carlos, cuenta que su hijo, polic\u00eda, falleci\u00f3 durante un tiroteo con traficantes en una favela el 28 de abril. Abrazada por otros agentes, todos de anteojos negros, cubierta en l\u00e1grimas, vio c\u00f3mo el caj\u00f3n con el cuerpo fue sepultado envuelto en una bandera de Brasil.<\/p>\n<p>Jana\u00edna, mam\u00e1 de Jonathan, a su vez evoca: \u00abLe ped\u00ed que vaya a buscar un paquete de palomitas de ma\u00edz, para llevar a la fiesta de su hermano. Cuando regresaba, recibi\u00f3 un tiro en la cabeza de parte de la Polic\u00eda\u00bb. La pericia, agrega, mostr\u00f3 que el disparo hab\u00eda sido a quemarropa.<\/p>\n<p>La realidad de R\u00edo es tan violenta que existe ya una aplicaci\u00f3n para celulares llamada \u00abFuego cruzado\u00bb, que avisa en tiempo real sobre los tiroteos en la ciudad, para que los transe\u00fantes eviten las zonas de riesgo: entre el 16 de marzo y el 16 de abril se registraron 1.502 episodios, m\u00e1s de cinco por d\u00eda.<\/p>\n<p>Paloma, Mar\u00eda de F\u00e1tima, Rocilene, Araci y Jana\u00edna son apenas cinco nombres de los tantos, y tantos an\u00f3nimos, que componen el sufrimiento de una ciudad con miedo. Son cinco madres que pasar\u00e1n el domingo sin sus hijos. En un ambiente de hostilidad generalizado, en la que las v\u00edctimas se convierten sin m\u00e1s en una mera estad\u00edstica, es muy dif\u00edcil decir feliz d\u00eda.<\/p>\n<p>Por Diego Herculano y Fernando Duclos (dpa)<\/p>\n","protected":false},"excerpt":{"rendered":"<p>R\u00edo de Janeiro, 11 may (dpa) &#8211; El pr\u00f3ximo domingo, en R\u00edo de Janeiro muchas mujeres mirar\u00e1n al cielo y, absortas y ajenas, volver\u00e1n a so\u00f1ar con lo imposible. Sus hijos, muertos en el furor de una ciudad violenta e implacable, no estar\u00e1n con ellas. Y el D\u00eda de la Madre se les consumir\u00e1 entre [&hellip;]<\/p>\n","protected":false},"author":1,"featured_media":979870,"comment_status":"closed","ping_status":"closed","sticky":false,"template":"","format":"standard","meta":{"footnotes":""},"categories":[1],"tags":[],"class_list":["post-979869","post","type-post","status-publish","format-standard","has-post-thumbnail","hentry","category-actualidad"],"aioseo_notices":[],"aioseo_head":"\n\t\t<!-- All in One SEO Pro 5.0.1 - aioseo.com -->\n\t<meta name=\"description\" content=\"R\u00edo de Janeiro, 11 may (dpa) - El pr\u00f3ximo domingo, en R\u00edo de Janeiro muchas mujeres mirar\u00e1n al cielo y, absortas y ajenas, volver\u00e1n a so\u00f1ar con lo imposible. Sus hijos, muertos en el furor de una ciudad violenta e implacable, no estar\u00e1n con ellas. Y el D\u00eda de la Madre se les consumir\u00e1 entre\" \/>\n\t<meta name=\"robots\" content=\"max-image-preview:large\" \/>\n\t<meta name=\"author\" content=\"El Digital de Asturias\"\/>\n\t<meta name=\"google-site-verification\" content=\"UA-38556648-1\" \/>\n\t<meta name=\"msvalidate.01\" content=\"7dfe9f3f1b24437ab69f4f2559babe99\" \/>\n\t<meta name=\"keywords\" content=\"actualidad\" \/>\n\t<link rel=\"canonical\" href=\"https:\/\/www.eldigitaldeasturias.com\/noticias\/violencia-en-rio-el-drama-de-las-madres-que-perdieron-a-sus-hijos\/\" \/>\n\t<meta name=\"generator\" content=\"All in One SEO Pro (AIOSEO) 5.0.1\" \/>\n\t\t<meta property=\"og:locale\" content=\"es_ES\" \/>\n\t\t<meta property=\"og:site_name\" content=\"El Digital de Asturias\" \/>\n\t\t<meta property=\"og:type\" content=\"article\" \/>\n\t\t<meta property=\"og:title\" content=\"Violencia en R\u00edo: el drama de las madres que perdieron a sus hijos - El Digital de Asturias\" \/>\n\t\t<meta property=\"og:description\" content=\"R\u00edo de Janeiro, 11 may (dpa) - El pr\u00f3ximo domingo, en R\u00edo de Janeiro muchas mujeres mirar\u00e1n al cielo y, absortas y ajenas, volver\u00e1n a so\u00f1ar con lo imposible. Sus hijos, muertos en el furor de una ciudad violenta e implacable, no estar\u00e1n con ellas. Y el D\u00eda de la Madre se les consumir\u00e1 entre\" \/>\n\t\t<meta property=\"og:url\" content=\"https:\/\/www.eldigitaldeasturias.com\/noticias\/violencia-en-rio-el-drama-de-las-madres-que-perdieron-a-sus-hijos\/\" \/>\n\t\t<meta property=\"article:tag\" content=\"actualidad\" \/>\n\t\t<meta property=\"article:published_time\" content=\"2018-05-11T14:33:33+00:00\" \/>\n\t\t<meta property=\"article:modified_time\" content=\"2018-05-11T14:33:33+00:00\" \/>\n\t\t<meta property=\"article:publisher\" content=\"https:\/\/facebook.com\/eldigitaldeasturias\" \/>\n\t\t<meta name=\"twitter:card\" content=\"summary_large_image\" \/>\n\t\t<meta name=\"twitter:title\" content=\"Violencia en R\u00edo: el drama de las madres que perdieron a sus hijos - El Digital de Asturias\" \/>\n\t\t<meta name=\"twitter:description\" content=\"R\u00edo de Janeiro, 11 may (dpa) - El pr\u00f3ximo domingo, en R\u00edo de Janeiro muchas mujeres mirar\u00e1n al cielo y, absortas y ajenas, volver\u00e1n a so\u00f1ar con lo imposible. Sus hijos, muertos en el furor de una ciudad violenta e implacable, no estar\u00e1n con ellas. Y el D\u00eda de la Madre se les consumir\u00e1 entre\" \/>\n\t\t<meta name=\"twitter:image\" content=\"https:\/\/www.eldigitaldeasturias.com\/noticias\/wp-content\/uploads\/2020\/12\/EDA-1.jpg\" \/>\n\t\t<meta name=\"twitter:label1\" content=\"Escrito por\" \/>\n\t\t<meta name=\"twitter:data1\" content=\"El Digital de Asturias\" \/>\n\t\t<meta name=\"twitter:label2\" content=\"Tiempo de lectura estimado\" \/>\n\t\t<meta name=\"twitter:data2\" content=\"5 minutos\" \/>\n\t\t<script type=\"application\/ld+json\" class=\"aioseo-schema\">\n\t\t\t{\"@context\":\"https:\\\/\\\/schema.org\",\"@graph\":[{\"@type\":\"BlogPosting\",\"@id\":\"https:\\\/\\\/www.eldigitaldeasturias.com\\\/noticias\\\/violencia-en-rio-el-drama-de-las-madres-que-perdieron-a-sus-hijos\\\/#blogposting\",\"name\":\"Violencia en R\\u00edo: el drama de las madres que perdieron a sus hijos - El Digital de Asturias\",\"headline\":\"Violencia en R\\u00edo: el drama de las madres que perdieron a sus hijos\",\"author\":{\"@id\":\"https:\\\/\\\/www.eldigitaldeasturias.com\\\/noticias\\\/author\\\/admin\\\/#author\"},\"publisher\":{\"@id\":\"https:\\\/\\\/www.eldigitaldeasturias.com\\\/noticias\\\/#organization\"},\"image\":{\"@type\":\"ImageObject\",\"url\":979870},\"datePublished\":\"2018-05-11T14:33:33+02:00\",\"dateModified\":\"2018-05-11T14:33:33+02:00\",\"inLanguage\":\"es-ES\",\"mainEntityOfPage\":{\"@id\":\"https:\\\/\\\/www.eldigitaldeasturias.com\\\/noticias\\\/violencia-en-rio-el-drama-de-las-madres-que-perdieron-a-sus-hijos\\\/#webpage\"},\"isPartOf\":{\"@id\":\"https:\\\/\\\/www.eldigitaldeasturias.com\\\/noticias\\\/violencia-en-rio-el-drama-de-las-madres-que-perdieron-a-sus-hijos\\\/#webpage\"},\"articleSection\":\"Actualidad\"},{\"@type\":\"BreadcrumbList\",\"@id\":\"https:\\\/\\\/www.eldigitaldeasturias.com\\\/noticias\\\/violencia-en-rio-el-drama-de-las-madres-que-perdieron-a-sus-hijos\\\/#breadcrumblist\",\"itemListElement\":[{\"@type\":\"ListItem\",\"@id\":\"https:\\\/\\\/www.eldigitaldeasturias.com\\\/noticias#listItem\",\"position\":1,\"name\":\"Home\",\"item\":\"https:\\\/\\\/www.eldigitaldeasturias.com\\\/noticias\",\"nextItem\":{\"@type\":\"ListItem\",\"@id\":\"https:\\\/\\\/www.eldigitaldeasturias.com\\\/noticias\\\/category\\\/actualidad\\\/#listItem\",\"name\":\"Actualidad\"}},{\"@type\":\"ListItem\",\"@id\":\"https:\\\/\\\/www.eldigitaldeasturias.com\\\/noticias\\\/category\\\/actualidad\\\/#listItem\",\"position\":2,\"name\":\"Actualidad\",\"item\":\"https:\\\/\\\/www.eldigitaldeasturias.com\\\/noticias\\\/category\\\/actualidad\\\/\",\"nextItem\":{\"@type\":\"ListItem\",\"@id\":\"https:\\\/\\\/www.eldigitaldeasturias.com\\\/noticias\\\/violencia-en-rio-el-drama-de-las-madres-que-perdieron-a-sus-hijos\\\/#listItem\",\"name\":\"Violencia en R\\u00edo: el drama de las madres que perdieron a sus hijos\"},\"previousItem\":{\"@type\":\"ListItem\",\"@id\":\"https:\\\/\\\/www.eldigitaldeasturias.com\\\/noticias#listItem\",\"name\":\"Home\"}},{\"@type\":\"ListItem\",\"@id\":\"https:\\\/\\\/www.eldigitaldeasturias.com\\\/noticias\\\/violencia-en-rio-el-drama-de-las-madres-que-perdieron-a-sus-hijos\\\/#listItem\",\"position\":3,\"name\":\"Violencia en R\\u00edo: el drama de las madres que perdieron a sus hijos\",\"previousItem\":{\"@type\":\"ListItem\",\"@id\":\"https:\\\/\\\/www.eldigitaldeasturias.com\\\/noticias\\\/category\\\/actualidad\\\/#listItem\",\"name\":\"Actualidad\"}}]},{\"@type\":\"Organization\",\"@id\":\"https:\\\/\\\/www.eldigitaldeasturias.com\\\/noticias\\\/#organization\",\"name\":\"El Digital de Asturias\",\"description\":\"Hemeroteca\",\"url\":\"https:\\\/\\\/www.eldigitaldeasturias.com\\\/noticias\\\/\",\"email\":\"info@eldigitaldeasturias.com\",\"telephone\":\"+34652131393\",\"logo\":{\"@type\":\"ImageObject\",\"url\":\"https:\\\/\\\/www.eldigitaldeasturias.com\\\/noticias\\\/wp-content\\\/uploads\\\/2020\\\/12\\\/EDA.jpg\",\"@id\":\"https:\\\/\\\/www.eldigitaldeasturias.com\\\/noticias\\\/violencia-en-rio-el-drama-de-las-madres-que-perdieron-a-sus-hijos\\\/#organizationLogo\"},\"image\":{\"@id\":\"https:\\\/\\\/www.eldigitaldeasturias.com\\\/noticias\\\/violencia-en-rio-el-drama-de-las-madres-que-perdieron-a-sus-hijos\\\/#organizationLogo\"},\"sameAs\":[\"https:\\\/\\\/facebook.com\\\/eldigitaldeasturias\",\"https:\\\/\\\/www.youtube.com\\\/channel\\\/UCZP-2wLEB9Rv6erhFmqVnvg\"],\"address\":{\"@id\":\"https:\\\/\\\/www.eldigitaldeasturias.com\\\/noticias\\\/#postaladdress\",\"@type\":\"PostalAddress\",\"streetAddress\":\"san antonio 4\",\"postalCode\":\"33430\",\"addressLocality\":\"Cand\\u00e1s\",\"addressRegion\":\"Asturias\",\"addressCountry\":\"ES\"}},{\"@type\":\"Person\",\"@id\":\"https:\\\/\\\/www.eldigitaldeasturias.com\\\/noticias\\\/author\\\/admin\\\/#author\",\"url\":\"https:\\\/\\\/www.eldigitaldeasturias.com\\\/noticias\\\/author\\\/admin\\\/\",\"name\":\"El Digital de Asturias\",\"image\":{\"@type\":\"ImageObject\",\"@id\":\"https:\\\/\\\/www.eldigitaldeasturias.com\\\/noticias\\\/violencia-en-rio-el-drama-de-las-madres-que-perdieron-a-sus-hijos\\\/#authorImage\",\"url\":\"https:\\\/\\\/secure.gravatar.com\\\/avatar\\\/df2aeffc32bcd13f8d26072ef8a91b623d677766deac7f97ca815868cd41bf5e?s=96&d=mm&r=g\",\"width\":96,\"height\":96,\"caption\":\"El Digital de Asturias\"}},{\"@type\":\"WebPage\",\"@id\":\"https:\\\/\\\/www.eldigitaldeasturias.com\\\/noticias\\\/violencia-en-rio-el-drama-de-las-madres-que-perdieron-a-sus-hijos\\\/#webpage\",\"url\":\"https:\\\/\\\/www.eldigitaldeasturias.com\\\/noticias\\\/violencia-en-rio-el-drama-de-las-madres-que-perdieron-a-sus-hijos\\\/\",\"name\":\"Violencia en R\\u00edo: el drama de las madres que perdieron a sus hijos - El Digital de Asturias\",\"description\":\"R\\u00edo de Janeiro, 11 may (dpa) - El pr\\u00f3ximo domingo, en R\\u00edo de Janeiro muchas mujeres mirar\\u00e1n al cielo y, absortas y ajenas, volver\\u00e1n a so\\u00f1ar con lo imposible. Sus hijos, muertos en el furor de una ciudad violenta e implacable, no estar\\u00e1n con ellas. Y el D\\u00eda de la Madre se les consumir\\u00e1 entre\",\"inLanguage\":\"es-ES\",\"isPartOf\":{\"@id\":\"https:\\\/\\\/www.eldigitaldeasturias.com\\\/noticias\\\/#website\"},\"breadcrumb\":{\"@id\":\"https:\\\/\\\/www.eldigitaldeasturias.com\\\/noticias\\\/violencia-en-rio-el-drama-de-las-madres-que-perdieron-a-sus-hijos\\\/#breadcrumblist\"},\"author\":{\"@id\":\"https:\\\/\\\/www.eldigitaldeasturias.com\\\/noticias\\\/author\\\/admin\\\/#author\"},\"creator\":{\"@id\":\"https:\\\/\\\/www.eldigitaldeasturias.com\\\/noticias\\\/author\\\/admin\\\/#author\"},\"image\":{\"@type\":\"ImageObject\",\"url\":979870,\"@id\":\"https:\\\/\\\/www.eldigitaldeasturias.com\\\/noticias\\\/violencia-en-rio-el-drama-de-las-madres-que-perdieron-a-sus-hijos\\\/#mainImage\"},\"primaryImageOfPage\":{\"@id\":\"https:\\\/\\\/www.eldigitaldeasturias.com\\\/noticias\\\/violencia-en-rio-el-drama-de-las-madres-que-perdieron-a-sus-hijos\\\/#mainImage\"},\"datePublished\":\"2018-05-11T14:33:33+02:00\",\"dateModified\":\"2018-05-11T14:33:33+02:00\"},{\"@type\":\"WebSite\",\"@id\":\"https:\\\/\\\/www.eldigitaldeasturias.com\\\/noticias\\\/#website\",\"url\":\"https:\\\/\\\/www.eldigitaldeasturias.com\\\/noticias\\\/\",\"name\":\"El Digital de Asturias - Diario de actualidad y noticias\",\"alternateName\":\"El Digital de Asturias - Diario de actualidad y noticias\",\"description\":\"Hemeroteca\",\"inLanguage\":\"es-ES\",\"publisher\":{\"@id\":\"https:\\\/\\\/www.eldigitaldeasturias.com\\\/noticias\\\/#organization\"}}]}\n\t\t<\/script>\n\t\t<!-- All in One SEO Pro -->\r\n\t\t<title>Violencia en R\u00edo: el drama de las madres que perdieron a sus hijos - El Digital de Asturias<\/title>\n\n","aioseo_head_json":{"title":"Violencia en R\u00edo: el drama de las madres que perdieron a sus hijos - El Digital de Asturias","description":"R\u00edo de Janeiro, 11 may (dpa) - El pr\u00f3ximo domingo, en R\u00edo de Janeiro muchas mujeres mirar\u00e1n al cielo y, absortas y ajenas, volver\u00e1n a so\u00f1ar con lo imposible. Sus hijos, muertos en el furor de una ciudad violenta e implacable, no estar\u00e1n con ellas. Y el D\u00eda de la Madre se les consumir\u00e1 entre","canonical_url":"https:\/\/www.eldigitaldeasturias.com\/noticias\/violencia-en-rio-el-drama-de-las-madres-que-perdieron-a-sus-hijos\/","robots":"max-image-preview:large","keywords":"actualidad","webmasterTools":{"google-site-verification":"UA-38556648-1","msvalidate.01":"7dfe9f3f1b24437ab69f4f2559babe99","miscellaneous":""},"schema":{"@context":"https:\/\/schema.org","@graph":[{"@type":"BlogPosting","@id":"https:\/\/www.eldigitaldeasturias.com\/noticias\/violencia-en-rio-el-drama-de-las-madres-que-perdieron-a-sus-hijos\/#blogposting","name":"Violencia en R\u00edo: el drama de las madres que perdieron a sus hijos - El Digital de Asturias","headline":"Violencia en R\u00edo: el drama de las madres que perdieron a sus hijos","author":{"@id":"https:\/\/www.eldigitaldeasturias.com\/noticias\/author\/admin\/#author"},"publisher":{"@id":"https:\/\/www.eldigitaldeasturias.com\/noticias\/#organization"},"image":{"@type":"ImageObject","url":979870},"datePublished":"2018-05-11T14:33:33+02:00","dateModified":"2018-05-11T14:33:33+02:00","inLanguage":"es-ES","mainEntityOfPage":{"@id":"https:\/\/www.eldigitaldeasturias.com\/noticias\/violencia-en-rio-el-drama-de-las-madres-que-perdieron-a-sus-hijos\/#webpage"},"isPartOf":{"@id":"https:\/\/www.eldigitaldeasturias.com\/noticias\/violencia-en-rio-el-drama-de-las-madres-que-perdieron-a-sus-hijos\/#webpage"},"articleSection":"Actualidad"},{"@type":"BreadcrumbList","@id":"https:\/\/www.eldigitaldeasturias.com\/noticias\/violencia-en-rio-el-drama-de-las-madres-que-perdieron-a-sus-hijos\/#breadcrumblist","itemListElement":[{"@type":"ListItem","@id":"https:\/\/www.eldigitaldeasturias.com\/noticias#listItem","position":1,"name":"Home","item":"https:\/\/www.eldigitaldeasturias.com\/noticias","nextItem":{"@type":"ListItem","@id":"https:\/\/www.eldigitaldeasturias.com\/noticias\/category\/actualidad\/#listItem","name":"Actualidad"}},{"@type":"ListItem","@id":"https:\/\/www.eldigitaldeasturias.com\/noticias\/category\/actualidad\/#listItem","position":2,"name":"Actualidad","item":"https:\/\/www.eldigitaldeasturias.com\/noticias\/category\/actualidad\/","nextItem":{"@type":"ListItem","@id":"https:\/\/www.eldigitaldeasturias.com\/noticias\/violencia-en-rio-el-drama-de-las-madres-que-perdieron-a-sus-hijos\/#listItem","name":"Violencia en R\u00edo: el drama de las madres que perdieron a sus hijos"},"previousItem":{"@type":"ListItem","@id":"https:\/\/www.eldigitaldeasturias.com\/noticias#listItem","name":"Home"}},{"@type":"ListItem","@id":"https:\/\/www.eldigitaldeasturias.com\/noticias\/violencia-en-rio-el-drama-de-las-madres-que-perdieron-a-sus-hijos\/#listItem","position":3,"name":"Violencia en R\u00edo: el drama de las madres que perdieron a sus hijos","previousItem":{"@type":"ListItem","@id":"https:\/\/www.eldigitaldeasturias.com\/noticias\/category\/actualidad\/#listItem","name":"Actualidad"}}]},{"@type":"Organization","@id":"https:\/\/www.eldigitaldeasturias.com\/noticias\/#organization","name":"El Digital de Asturias","description":"Hemeroteca","url":"https:\/\/www.eldigitaldeasturias.com\/noticias\/","email":"info@eldigitaldeasturias.com","telephone":"+34652131393","logo":{"@type":"ImageObject","url":"https:\/\/www.eldigitaldeasturias.com\/noticias\/wp-content\/uploads\/2020\/12\/EDA.jpg","@id":"https:\/\/www.eldigitaldeasturias.com\/noticias\/violencia-en-rio-el-drama-de-las-madres-que-perdieron-a-sus-hijos\/#organizationLogo"},"image":{"@id":"https:\/\/www.eldigitaldeasturias.com\/noticias\/violencia-en-rio-el-drama-de-las-madres-que-perdieron-a-sus-hijos\/#organizationLogo"},"sameAs":["https:\/\/facebook.com\/eldigitaldeasturias","https:\/\/www.youtube.com\/channel\/UCZP-2wLEB9Rv6erhFmqVnvg"],"address":{"@id":"https:\/\/www.eldigitaldeasturias.com\/noticias\/#postaladdress","@type":"PostalAddress","streetAddress":"san antonio 4","postalCode":"33430","addressLocality":"Cand\u00e1s","addressRegion":"Asturias","addressCountry":"ES"}},{"@type":"Person","@id":"https:\/\/www.eldigitaldeasturias.com\/noticias\/author\/admin\/#author","url":"https:\/\/www.eldigitaldeasturias.com\/noticias\/author\/admin\/","name":"El Digital de Asturias","image":{"@type":"ImageObject","@id":"https:\/\/www.eldigitaldeasturias.com\/noticias\/violencia-en-rio-el-drama-de-las-madres-que-perdieron-a-sus-hijos\/#authorImage","url":"https:\/\/secure.gravatar.com\/avatar\/df2aeffc32bcd13f8d26072ef8a91b623d677766deac7f97ca815868cd41bf5e?s=96&d=mm&r=g","width":96,"height":96,"caption":"El Digital de Asturias"}},{"@type":"WebPage","@id":"https:\/\/www.eldigitaldeasturias.com\/noticias\/violencia-en-rio-el-drama-de-las-madres-que-perdieron-a-sus-hijos\/#webpage","url":"https:\/\/www.eldigitaldeasturias.com\/noticias\/violencia-en-rio-el-drama-de-las-madres-que-perdieron-a-sus-hijos\/","name":"Violencia en R\u00edo: el drama de las madres que perdieron a sus hijos - El Digital de Asturias","description":"R\u00edo de Janeiro, 11 may (dpa) - El pr\u00f3ximo domingo, en R\u00edo de Janeiro muchas mujeres mirar\u00e1n al cielo y, absortas y ajenas, volver\u00e1n a so\u00f1ar con lo imposible. Sus hijos, muertos en el furor de una ciudad violenta e implacable, no estar\u00e1n con ellas. Y el D\u00eda de la Madre se les consumir\u00e1 entre","inLanguage":"es-ES","isPartOf":{"@id":"https:\/\/www.eldigitaldeasturias.com\/noticias\/#website"},"breadcrumb":{"@id":"https:\/\/www.eldigitaldeasturias.com\/noticias\/violencia-en-rio-el-drama-de-las-madres-que-perdieron-a-sus-hijos\/#breadcrumblist"},"author":{"@id":"https:\/\/www.eldigitaldeasturias.com\/noticias\/author\/admin\/#author"},"creator":{"@id":"https:\/\/www.eldigitaldeasturias.com\/noticias\/author\/admin\/#author"},"image":{"@type":"ImageObject","url":979870,"@id":"https:\/\/www.eldigitaldeasturias.com\/noticias\/violencia-en-rio-el-drama-de-las-madres-que-perdieron-a-sus-hijos\/#mainImage"},"primaryImageOfPage":{"@id":"https:\/\/www.eldigitaldeasturias.com\/noticias\/violencia-en-rio-el-drama-de-las-madres-que-perdieron-a-sus-hijos\/#mainImage"},"datePublished":"2018-05-11T14:33:33+02:00","dateModified":"2018-05-11T14:33:33+02:00"},{"@type":"WebSite","@id":"https:\/\/www.eldigitaldeasturias.com\/noticias\/#website","url":"https:\/\/www.eldigitaldeasturias.com\/noticias\/","name":"El Digital de Asturias - Diario de actualidad y noticias","alternateName":"El Digital de Asturias - Diario de actualidad y noticias","description":"Hemeroteca","inLanguage":"es-ES","publisher":{"@id":"https:\/\/www.eldigitaldeasturias.com\/noticias\/#organization"}}]},"og:locale":"es_ES","og:site_name":"El Digital de Asturias","og:type":"article","og:title":"Violencia en R\u00edo: el drama de las madres que perdieron a sus hijos - El Digital de Asturias","og:description":"R\u00edo de Janeiro, 11 may (dpa) - El pr\u00f3ximo domingo, en R\u00edo de Janeiro muchas mujeres mirar\u00e1n al cielo y, absortas y ajenas, volver\u00e1n a so\u00f1ar con lo imposible. Sus hijos, muertos en el furor de una ciudad violenta e implacable, no estar\u00e1n con ellas. Y el D\u00eda de la Madre se les consumir\u00e1 entre","og:url":"https:\/\/www.eldigitaldeasturias.com\/noticias\/violencia-en-rio-el-drama-de-las-madres-que-perdieron-a-sus-hijos\/","article:tag":["actualidad"],"article:published_time":"2018-05-11T14:33:33+00:00","article:modified_time":"2018-05-11T14:33:33+00:00","article:publisher":"https:\/\/facebook.com\/eldigitaldeasturias","twitter:card":"summary_large_image","twitter:title":"Violencia en R\u00edo: el drama de las madres que perdieron a sus hijos - El Digital de Asturias","twitter:description":"R\u00edo de Janeiro, 11 may (dpa) - El pr\u00f3ximo domingo, en R\u00edo de Janeiro muchas mujeres mirar\u00e1n al cielo y, absortas y ajenas, volver\u00e1n a so\u00f1ar con lo imposible. Sus hijos, muertos en el furor de una ciudad violenta e implacable, no estar\u00e1n con ellas. Y el D\u00eda de la Madre se les consumir\u00e1 entre","twitter:image":"https:\/\/www.eldigitaldeasturias.com\/noticias\/wp-content\/uploads\/2020\/12\/EDA-1.jpg","twitter:label1":"Escrito por","twitter:data1":"El Digital de Asturias","twitter:label2":"Tiempo de lectura estimado","twitter:data2":"5 minutos"},"aioseo_meta_data":{"post_id":"979869","title":null,"description":null,"keywords":null,"keyphrases":null,"primary_term":null,"canonical_url":null,"og_title":null,"og_description":null,"og_object_type":"default","og_image_type":"default","og_image_url":null,"og_image_width":null,"og_image_height":null,"og_image_custom_url":null,"og_image_custom_fields":null,"og_video":null,"og_custom_url":null,"og_article_section":null,"og_article_tags":null,"twitter_use_og":false,"twitter_card":"default","twitter_image_type":"default","twitter_image_url":null,"twitter_image_custom_url":null,"twitter_image_custom_fields":null,"twitter_title":null,"twitter_description":null,"schema":{"blockGraphs":[],"customGraphs":[],"default":{"data":{"Article":[],"Course":[],"Dataset":[],"FAQPage":[],"Movie":[],"Person":[],"Product":[],"ProductReview":[],"Car":[],"Recipe":[],"Service":[],"SoftwareApplication":[],"WebPage":[]},"graphName":"","isEnabled":true},"graphs":[],"defaultGraph":"","defaultPostTypeGraph":""},"schema_type":null,"schema_type_options":null,"pillar_content":false,"robots_default":true,"robots_noindex":false,"robots_noarchive":false,"robots_nosnippet":false,"robots_nofollow":false,"robots_noimageindex":false,"robots_noodp":false,"robots_notranslate":false,"robots_max_snippet":null,"robots_max_videopreview":null,"robots_max_imagepreview":"large","priority":null,"frequency":null,"local_seo":null,"seo_analyzer_scan_date":"2025-10-08 15:53:02","breadcrumb_settings":null,"limit_modified_date":false,"open_ai":null,"ai":null,"created":"2020-12-21 11:58:36","updated":"2025-10-08 15:53:02","focus_keyword":null,"additional_keywords":null,"truseo_locale":null},"aioseo_breadcrumb":"<div class=\"aioseo-breadcrumbs\"><span class=\"aioseo-breadcrumb\">\n\t<a href=\"https:\/\/www.eldigitaldeasturias.com\/noticias\" title=\"Home\">Home<\/a>\n<\/span><span class=\"aioseo-breadcrumb-separator\">\u2013<\/span><span class=\"aioseo-breadcrumb\">\n\t<a href=\"https:\/\/www.eldigitaldeasturias.com\/noticias\/category\/actualidad\/\" title=\"Actualidad\">Actualidad<\/a>\n<\/span><span class=\"aioseo-breadcrumb-separator\">\u2013<\/span><span class=\"aioseo-breadcrumb\">\n\t<a href=\"https:\/\/www.eldigitaldeasturias.com\/noticias\/violencia-en-rio-el-drama-de-las-madres-que-perdieron-a-sus-hijos\/\" title=\"Violencia en R\u00edo: el drama de las madres que perdieron a sus hijos\">Violencia en R\u00edo: el drama de las madres que perdieron a sus hijos<\/a>\n<\/span><\/div>","aioseo_breadcrumb_json":[{"label":"Home","link":"https:\/\/www.eldigitaldeasturias.com\/noticias"},{"label":"Actualidad","link":"https:\/\/www.eldigitaldeasturias.com\/noticias\/category\/actualidad\/"},{"label":"Violencia en R\u00edo: el drama de las madres que perdieron a sus hijos","link":"https:\/\/www.eldigitaldeasturias.com\/noticias\/violencia-en-rio-el-drama-de-las-madres-que-perdieron-a-sus-hijos\/"}],"_links":{"self":[{"href":"https:\/\/www.eldigitaldeasturias.com\/noticias\/wp-json\/wp\/v2\/posts\/979869","targetHints":{"allow":["GET"]}}],"collection":[{"href":"https:\/\/www.eldigitaldeasturias.com\/noticias\/wp-json\/wp\/v2\/posts"}],"about":[{"href":"https:\/\/www.eldigitaldeasturias.com\/noticias\/wp-json\/wp\/v2\/types\/post"}],"author":[{"embeddable":true,"href":"https:\/\/www.eldigitaldeasturias.com\/noticias\/wp-json\/wp\/v2\/users\/1"}],"replies":[{"embeddable":true,"href":"https:\/\/www.eldigitaldeasturias.com\/noticias\/wp-json\/wp\/v2\/comments?post=979869"}],"version-history":[{"count":0,"href":"https:\/\/www.eldigitaldeasturias.com\/noticias\/wp-json\/wp\/v2\/posts\/979869\/revisions"}],"wp:attachment":[{"href":"https:\/\/www.eldigitaldeasturias.com\/noticias\/wp-json\/wp\/v2\/media?parent=979869"}],"wp:term":[{"taxonomy":"category","embeddable":true,"href":"https:\/\/www.eldigitaldeasturias.com\/noticias\/wp-json\/wp\/v2\/categories?post=979869"},{"taxonomy":"post_tag","embeddable":true,"href":"https:\/\/www.eldigitaldeasturias.com\/noticias\/wp-json\/wp\/v2\/tags?post=979869"}],"curies":[{"name":"wp","href":"https:\/\/api.w.org\/{rel}","templated":true}]}}