{"id":979864,"date":"2018-05-11T13:42:41","date_gmt":"2018-05-11T13:42:41","guid":{"rendered":"http:\/\/www.eldigitaldeasturias.com\/noticias\/?p=979864"},"modified":"2018-05-11T13:42:41","modified_gmt":"2018-05-11T13:42:41","slug":"abalos-denuncia-el-oportunismo-y-el-zigzag-de-ciudadanos","status":"publish","type":"post","link":"https:\/\/www.eldigitaldeasturias.com\/noticias\/abalos-denuncia-el-oportunismo-y-el-zigzag-de-ciudadanos\/","title":{"rendered":"\u00c1balos denuncia el \u201coportunismo\u201d y el \u201dzigzag\u201d de Ciudadanos"},"content":{"rendered":"<p><img loading=\"lazy\" decoding=\"async\" class=\"alignleft size-medium wp-image-975948\" src=\"https:\/\/www.eldigitaldeasturias.com\/noticias\/wp-content\/uploads\/2018\/04\/\u00c4balos-rueda-prensa-1024x475-360x167.jpeg\" alt=\"\" width=\"360\" height=\"167\" \/>El secretario de Organizaci\u00f3n, Jos\u00e9 Luis \u00c1balos, ha valorado hoy la candidatura de Joaquim Torra a la presidencia de la Generalitat y ha expresado el deseo de que \u201cest\u00e9 a la altura de su responsabilidad, que es como decir a la altura de la dignidad del cargo que pretende asumir\u201d, \u201csea un presidente aut\u00f3nomo y no interpuesto\u201d y que \u201csu compromiso sea con el conjunto del pueblo catal\u00e1n\u201d y no est\u00e9 \u201cal servicio de ning\u00fan ente exterior\u201d.<\/p>\n<p>En rueda de prensa en la sede del PSC en Barcelona, y junto a su hom\u00f3logo del Partido de los Socialistas de Catalu\u00f1a, Salvador Illa, \u00c1balos afirm\u00f3 que Torra \u201cest\u00e1 obligado a cumplir la ley\u201d, pues \u201ccuando uno asume un cargo, lo hace sujeto al cumplimiento de la legalidad\u201d, del mismo modo que \u201ctambi\u00e9n asume la obligaci\u00f3n de hacerla cumplir a los dem\u00e1s\u201d.<\/p>\n<p>Expres\u00f3 su esperanza en que haya \u201cuna vuelta a la normalidad\u201d en Catalu\u00f1a y \u201cno se cumplan las previsiones\u201d de quienes auguran que el candidato no actuar\u00e1 dentro de la ley. En ese caso, quedar\u00eda claro que es \u201cfruto de una estrategia\u201d para \u201cmantener sin l\u00edmite de tiempo el conflicto hasta que no se resuelva en la direcci\u00f3n que el independentismo puede pretender\u201d, a\u00f1adi\u00f3.<\/p>\n<p>Respecto a la pol\u00e9mica por algunos tuits antiguos de Quim Torra, \u00c1balos afirm\u00f3 que el candidato \u201cha dejado bien constatado algunas de sus ideas, que son alarmantes\u201d. \u201cM\u00e1s all\u00e1 de una cierta xenofobia, cuando uno ejerce una funci\u00f3n como la de president tiene que estar pendiente siempre de unir, no de dividir\u201d, a\u00f1adi\u00f3. A su juicio, Torr\u00e1 \u201ctendr\u00eda que someterse a una cierta desprogramaci\u00f3n para poder ejercer una funci\u00f3n tan digna como la de president de la Generalitat\u201d.<\/p>\n<p>Respecto a la propuesta de Rivera de mantener el 155 hasta que no haya una declaraci\u00f3n \u2018expl\u00edcita\u2019 del pr\u00f3ximo presidente de que pone fin al \u2018proc\u00e9s\u2019, el dirigente socialista se\u00f1al\u00f3 que es un ejemplo m\u00e1s de como el l\u00edder de Ciudadanos \u201cse hace la oposici\u00f3n a s\u00ed mismo, porque es lo contrario de lo que el otro d\u00eda manifest\u00f3 en la sesi\u00f3n de control\u201d. Rivera dice \u201cun d\u00eda una cosa y otro d\u00eda otra\u201d, pero \u201cni para \u00e9l ni para los independentistas la aplicaci\u00f3n de la Constituci\u00f3n es oportunista\u201d ya que es una norma b\u00e1sica que se rige por el principio de seguridad jur\u00eddica y \u201cno est\u00e1 sometida a ninguna valoraci\u00f3n subjetiva ni del momento\u201d; su aplicaci\u00f3n debe ce\u00f1irse a lo acordado en el Senado y tocar\u00e1 a su fin cuando haya un gobierno en Catalu\u00f1a de acuerdo a la legalidad.<\/p>\n<p><strong>Ciudadanos decepciona en Catalu\u00f1a<\/strong><\/p>\n<p>\u00c1balos denunci\u00f3 tambi\u00e9n el papel \u201cabsolutamente decepcionante\u201d que ha desempe\u00f1ado Ciudadanos en Catalu\u00f1a, ya que \u201cha dilapidado el caudal de esperanza que el pueblo catal\u00e1n deposit\u00f3 en ellos\u201d. \u201cLamentablemente Ciudadanos no ha hecho nada, no ha asumido la responsabilidad que ten\u00eda de ser la formaci\u00f3n pol\u00edtica m\u00e1s votada en Catalu\u00f1a y de seguir manteniendo al pueblo catal\u00e1n dentro del proyecto colectivo que representa Espa\u00f1a\u201d.<\/p>\n<p>A su juicio, a lo que se ha dedicado Ciudadanos es \u201ca insistir en la diferencia y a jugar al oportunismo\u201d y ha criticado \u201cel zigzag\u201d en el que se mueve la formaci\u00f3n de Rivera, que \u201cun d\u00eda dice que se sale de la aplicaci\u00f3n del 155 para luego plantear condiciones al resto para seguir dentro del marco de la Constituci\u00f3n\u201d. \u201cEs un constitucionalismo de ocasi\u00f3n\u201d, denunci\u00f3.<\/p>\n<p>En definitiva, lament\u00f3 que Ciudadanos \u201cno haya estado a la altura de las circunstancias y que no aporte ninguna soluci\u00f3n al problema real que tiene Catalu\u00f1a, que es un problema de pacto pol\u00edtico, porque es un problema de convivencia\u201d.<\/p>\n<p>\u201cA lo mejor lo que pretende el \u00e9nfasis de Ciudadanos de esta semana es ocultar su acci\u00f3n en la Comunidad de Madrid y dado que all\u00ed se somete al PP para que \u00e9ste siga, debe manifestar al mismo tiempo que es la oposici\u00f3n al PP\u201d, apunt\u00f3.<\/p>\n","protected":false},"excerpt":{"rendered":"<p>El secretario de Organizaci\u00f3n, Jos\u00e9 Luis \u00c1balos, ha valorado hoy la candidatura de Joaquim Torra a la presidencia de la Generalitat y ha expresado el deseo de que \u201cest\u00e9 a la altura de su responsabilidad, que es como decir a la altura de la dignidad del cargo que pretende asumir\u201d, \u201csea un presidente aut\u00f3nomo y [&hellip;]<\/p>\n","protected":false},"author":1,"featured_media":975948,"comment_status":"closed","ping_status":"closed","sticky":false,"template":"","format":"standard","meta":{"footnotes":""},"categories":[1],"tags":[],"class_list":["post-979864","post","type-post","status-publish","format-standard","has-post-thumbnail","hentry","category-actualidad"],"aioseo_notices":[],"aioseo_head":"\n\t\t<!-- All in One SEO Pro 5.0.1 - aioseo.com -->\n\t<meta name=\"description\" content=\"El secretario de Organizaci\u00f3n, Jos\u00e9 Luis \u00c1balos, ha valorado hoy la candidatura de Joaquim Torra a la presidencia de la Generalitat y ha expresado el deseo de que \u201cest\u00e9 a la altura de su responsabilidad, que es como decir a la altura de la dignidad del cargo que pretende asumir\u201d, \u201csea un presidente aut\u00f3nomo y\" \/>\n\t<meta name=\"robots\" content=\"max-image-preview:large\" \/>\n\t<meta name=\"author\" content=\"El Digital de Asturias\"\/>\n\t<meta name=\"google-site-verification\" content=\"UA-38556648-1\" \/>\n\t<meta name=\"msvalidate.01\" content=\"7dfe9f3f1b24437ab69f4f2559babe99\" \/>\n\t<meta name=\"keywords\" content=\"actualidad\" \/>\n\t<link rel=\"canonical\" href=\"https:\/\/www.eldigitaldeasturias.com\/noticias\/abalos-denuncia-el-oportunismo-y-el-zigzag-de-ciudadanos\/\" \/>\n\t<meta name=\"generator\" content=\"All in One SEO Pro (AIOSEO) 5.0.1\" \/>\n\t\t<meta property=\"og:locale\" content=\"es_ES\" \/>\n\t\t<meta property=\"og:site_name\" content=\"El Digital de Asturias\" \/>\n\t\t<meta property=\"og:type\" content=\"article\" \/>\n\t\t<meta property=\"og:title\" content=\"\u00c1balos denuncia el \u201coportunismo\u201d y el \u201dzigzag\u201d de Ciudadanos - El Digital de Asturias\" \/>\n\t\t<meta property=\"og:description\" content=\"El secretario de Organizaci\u00f3n, Jos\u00e9 Luis \u00c1balos, ha valorado hoy la candidatura de Joaquim Torra a la presidencia de la Generalitat y ha expresado el deseo de que \u201cest\u00e9 a la altura de su responsabilidad, que es como decir a la altura de la dignidad del cargo que pretende asumir\u201d, \u201csea un presidente aut\u00f3nomo y\" \/>\n\t\t<meta property=\"og:url\" content=\"https:\/\/www.eldigitaldeasturias.com\/noticias\/abalos-denuncia-el-oportunismo-y-el-zigzag-de-ciudadanos\/\" \/>\n\t\t<meta property=\"article:tag\" content=\"actualidad\" \/>\n\t\t<meta property=\"article:published_time\" content=\"2018-05-11T13:42:41+00:00\" \/>\n\t\t<meta property=\"article:modified_time\" content=\"2018-05-11T13:42:41+00:00\" \/>\n\t\t<meta property=\"article:publisher\" content=\"https:\/\/facebook.com\/eldigitaldeasturias\" \/>\n\t\t<meta name=\"twitter:card\" content=\"summary_large_image\" \/>\n\t\t<meta name=\"twitter:title\" content=\"\u00c1balos denuncia el \u201coportunismo\u201d y el \u201dzigzag\u201d de Ciudadanos - El Digital de Asturias\" \/>\n\t\t<meta name=\"twitter:description\" content=\"El secretario de Organizaci\u00f3n, Jos\u00e9 Luis \u00c1balos, ha valorado hoy la candidatura de Joaquim Torra a la presidencia de la Generalitat y ha expresado el deseo de que \u201cest\u00e9 a la altura de su responsabilidad, que es como decir a la altura de la dignidad del cargo que pretende asumir\u201d, \u201csea un presidente aut\u00f3nomo y\" \/>\n\t\t<meta name=\"twitter:image\" content=\"https:\/\/www.eldigitaldeasturias.com\/noticias\/wp-content\/uploads\/2020\/12\/EDA-1.jpg\" \/>\n\t\t<meta name=\"twitter:label1\" content=\"Escrito por\" \/>\n\t\t<meta name=\"twitter:data1\" content=\"El Digital de Asturias\" \/>\n\t\t<meta name=\"twitter:label2\" content=\"Tiempo de lectura estimado\" \/>\n\t\t<meta name=\"twitter:data2\" content=\"4 minutos\" \/>\n\t\t<script type=\"application\/ld+json\" class=\"aioseo-schema\">\n\t\t\t{\"@context\":\"https:\\\/\\\/schema.org\",\"@graph\":[{\"@type\":\"BlogPosting\",\"@id\":\"https:\\\/\\\/www.eldigitaldeasturias.com\\\/noticias\\\/abalos-denuncia-el-oportunismo-y-el-zigzag-de-ciudadanos\\\/#blogposting\",\"name\":\"\\u00c1balos denuncia el \\u201coportunismo\\u201d y el \\u201dzigzag\\u201d de Ciudadanos - El Digital de Asturias\",\"headline\":\"\\u00c1balos denuncia el \\u201coportunismo\\u201d y el \\u201dzigzag\\u201d de Ciudadanos\",\"author\":{\"@id\":\"https:\\\/\\\/www.eldigitaldeasturias.com\\\/noticias\\\/author\\\/admin\\\/#author\"},\"publisher\":{\"@id\":\"https:\\\/\\\/www.eldigitaldeasturias.com\\\/noticias\\\/#organization\"},\"image\":{\"@type\":\"ImageObject\",\"url\":975948},\"datePublished\":\"2018-05-11T13:42:41+02:00\",\"dateModified\":\"2018-05-11T13:42:41+02:00\",\"inLanguage\":\"es-ES\",\"mainEntityOfPage\":{\"@id\":\"https:\\\/\\\/www.eldigitaldeasturias.com\\\/noticias\\\/abalos-denuncia-el-oportunismo-y-el-zigzag-de-ciudadanos\\\/#webpage\"},\"isPartOf\":{\"@id\":\"https:\\\/\\\/www.eldigitaldeasturias.com\\\/noticias\\\/abalos-denuncia-el-oportunismo-y-el-zigzag-de-ciudadanos\\\/#webpage\"},\"articleSection\":\"Actualidad\"},{\"@type\":\"BreadcrumbList\",\"@id\":\"https:\\\/\\\/www.eldigitaldeasturias.com\\\/noticias\\\/abalos-denuncia-el-oportunismo-y-el-zigzag-de-ciudadanos\\\/#breadcrumblist\",\"itemListElement\":[{\"@type\":\"ListItem\",\"@id\":\"https:\\\/\\\/www.eldigitaldeasturias.com\\\/noticias#listItem\",\"position\":1,\"name\":\"Home\",\"item\":\"https:\\\/\\\/www.eldigitaldeasturias.com\\\/noticias\",\"nextItem\":{\"@type\":\"ListItem\",\"@id\":\"https:\\\/\\\/www.eldigitaldeasturias.com\\\/noticias\\\/category\\\/actualidad\\\/#listItem\",\"name\":\"Actualidad\"}},{\"@type\":\"ListItem\",\"@id\":\"https:\\\/\\\/www.eldigitaldeasturias.com\\\/noticias\\\/category\\\/actualidad\\\/#listItem\",\"position\":2,\"name\":\"Actualidad\",\"item\":\"https:\\\/\\\/www.eldigitaldeasturias.com\\\/noticias\\\/category\\\/actualidad\\\/\",\"nextItem\":{\"@type\":\"ListItem\",\"@id\":\"https:\\\/\\\/www.eldigitaldeasturias.com\\\/noticias\\\/abalos-denuncia-el-oportunismo-y-el-zigzag-de-ciudadanos\\\/#listItem\",\"name\":\"\\u00c1balos denuncia el \\u201coportunismo\\u201d y el \\u201dzigzag\\u201d de Ciudadanos\"},\"previousItem\":{\"@type\":\"ListItem\",\"@id\":\"https:\\\/\\\/www.eldigitaldeasturias.com\\\/noticias#listItem\",\"name\":\"Home\"}},{\"@type\":\"ListItem\",\"@id\":\"https:\\\/\\\/www.eldigitaldeasturias.com\\\/noticias\\\/abalos-denuncia-el-oportunismo-y-el-zigzag-de-ciudadanos\\\/#listItem\",\"position\":3,\"name\":\"\\u00c1balos denuncia el \\u201coportunismo\\u201d y el \\u201dzigzag\\u201d de Ciudadanos\",\"previousItem\":{\"@type\":\"ListItem\",\"@id\":\"https:\\\/\\\/www.eldigitaldeasturias.com\\\/noticias\\\/category\\\/actualidad\\\/#listItem\",\"name\":\"Actualidad\"}}]},{\"@type\":\"Organization\",\"@id\":\"https:\\\/\\\/www.eldigitaldeasturias.com\\\/noticias\\\/#organization\",\"name\":\"El Digital de Asturias\",\"description\":\"Hemeroteca\",\"url\":\"https:\\\/\\\/www.eldigitaldeasturias.com\\\/noticias\\\/\",\"email\":\"info@eldigitaldeasturias.com\",\"telephone\":\"+34652131393\",\"logo\":{\"@type\":\"ImageObject\",\"url\":\"https:\\\/\\\/www.eldigitaldeasturias.com\\\/noticias\\\/wp-content\\\/uploads\\\/2020\\\/12\\\/EDA.jpg\",\"@id\":\"https:\\\/\\\/www.eldigitaldeasturias.com\\\/noticias\\\/abalos-denuncia-el-oportunismo-y-el-zigzag-de-ciudadanos\\\/#organizationLogo\"},\"image\":{\"@id\":\"https:\\\/\\\/www.eldigitaldeasturias.com\\\/noticias\\\/abalos-denuncia-el-oportunismo-y-el-zigzag-de-ciudadanos\\\/#organizationLogo\"},\"sameAs\":[\"https:\\\/\\\/facebook.com\\\/eldigitaldeasturias\",\"https:\\\/\\\/www.youtube.com\\\/channel\\\/UCZP-2wLEB9Rv6erhFmqVnvg\"],\"address\":{\"@id\":\"https:\\\/\\\/www.eldigitaldeasturias.com\\\/noticias\\\/#postaladdress\",\"@type\":\"PostalAddress\",\"streetAddress\":\"san antonio 4\",\"postalCode\":\"33430\",\"addressLocality\":\"Cand\\u00e1s\",\"addressRegion\":\"Asturias\",\"addressCountry\":\"ES\"}},{\"@type\":\"Person\",\"@id\":\"https:\\\/\\\/www.eldigitaldeasturias.com\\\/noticias\\\/author\\\/admin\\\/#author\",\"url\":\"https:\\\/\\\/www.eldigitaldeasturias.com\\\/noticias\\\/author\\\/admin\\\/\",\"name\":\"El Digital de Asturias\",\"image\":{\"@type\":\"ImageObject\",\"@id\":\"https:\\\/\\\/www.eldigitaldeasturias.com\\\/noticias\\\/abalos-denuncia-el-oportunismo-y-el-zigzag-de-ciudadanos\\\/#authorImage\",\"url\":\"https:\\\/\\\/secure.gravatar.com\\\/avatar\\\/df2aeffc32bcd13f8d26072ef8a91b623d677766deac7f97ca815868cd41bf5e?s=96&d=mm&r=g\",\"width\":96,\"height\":96,\"caption\":\"El Digital de Asturias\"}},{\"@type\":\"WebPage\",\"@id\":\"https:\\\/\\\/www.eldigitaldeasturias.com\\\/noticias\\\/abalos-denuncia-el-oportunismo-y-el-zigzag-de-ciudadanos\\\/#webpage\",\"url\":\"https:\\\/\\\/www.eldigitaldeasturias.com\\\/noticias\\\/abalos-denuncia-el-oportunismo-y-el-zigzag-de-ciudadanos\\\/\",\"name\":\"\\u00c1balos denuncia el \\u201coportunismo\\u201d y el \\u201dzigzag\\u201d de Ciudadanos - El Digital de Asturias\",\"description\":\"El secretario de Organizaci\\u00f3n, Jos\\u00e9 Luis \\u00c1balos, ha valorado hoy la candidatura de Joaquim Torra a la presidencia de la Generalitat y ha expresado el deseo de que \\u201cest\\u00e9 a la altura de su responsabilidad, que es como decir a la altura de la dignidad del cargo que pretende asumir\\u201d, \\u201csea un presidente aut\\u00f3nomo y\",\"inLanguage\":\"es-ES\",\"isPartOf\":{\"@id\":\"https:\\\/\\\/www.eldigitaldeasturias.com\\\/noticias\\\/#website\"},\"breadcrumb\":{\"@id\":\"https:\\\/\\\/www.eldigitaldeasturias.com\\\/noticias\\\/abalos-denuncia-el-oportunismo-y-el-zigzag-de-ciudadanos\\\/#breadcrumblist\"},\"author\":{\"@id\":\"https:\\\/\\\/www.eldigitaldeasturias.com\\\/noticias\\\/author\\\/admin\\\/#author\"},\"creator\":{\"@id\":\"https:\\\/\\\/www.eldigitaldeasturias.com\\\/noticias\\\/author\\\/admin\\\/#author\"},\"image\":{\"@type\":\"ImageObject\",\"url\":975948,\"@id\":\"https:\\\/\\\/www.eldigitaldeasturias.com\\\/noticias\\\/abalos-denuncia-el-oportunismo-y-el-zigzag-de-ciudadanos\\\/#mainImage\"},\"primaryImageOfPage\":{\"@id\":\"https:\\\/\\\/www.eldigitaldeasturias.com\\\/noticias\\\/abalos-denuncia-el-oportunismo-y-el-zigzag-de-ciudadanos\\\/#mainImage\"},\"datePublished\":\"2018-05-11T13:42:41+02:00\",\"dateModified\":\"2018-05-11T13:42:41+02:00\"},{\"@type\":\"WebSite\",\"@id\":\"https:\\\/\\\/www.eldigitaldeasturias.com\\\/noticias\\\/#website\",\"url\":\"https:\\\/\\\/www.eldigitaldeasturias.com\\\/noticias\\\/\",\"name\":\"El Digital de Asturias - Diario de actualidad y noticias\",\"alternateName\":\"El Digital de Asturias - Diario de actualidad y noticias\",\"description\":\"Hemeroteca\",\"inLanguage\":\"es-ES\",\"publisher\":{\"@id\":\"https:\\\/\\\/www.eldigitaldeasturias.com\\\/noticias\\\/#organization\"}}]}\n\t\t<\/script>\n\t\t<!-- All in One SEO Pro -->\r\n\t\t<title>\u00c1balos denuncia el \u201coportunismo\u201d y el \u201dzigzag\u201d de Ciudadanos - El Digital de Asturias<\/title>\n\n","aioseo_head_json":{"title":"\u00c1balos denuncia el \u201coportunismo\u201d y el \u201dzigzag\u201d de Ciudadanos - El Digital de Asturias","description":"El secretario de Organizaci\u00f3n, Jos\u00e9 Luis \u00c1balos, ha valorado hoy la candidatura de Joaquim Torra a la presidencia de la Generalitat y ha expresado el deseo de que \u201cest\u00e9 a la altura de su responsabilidad, que es como decir a la altura de la dignidad del cargo que pretende asumir\u201d, \u201csea un presidente aut\u00f3nomo y","canonical_url":"https:\/\/www.eldigitaldeasturias.com\/noticias\/abalos-denuncia-el-oportunismo-y-el-zigzag-de-ciudadanos\/","robots":"max-image-preview:large","keywords":"actualidad","webmasterTools":{"google-site-verification":"UA-38556648-1","msvalidate.01":"7dfe9f3f1b24437ab69f4f2559babe99","miscellaneous":""},"schema":{"@context":"https:\/\/schema.org","@graph":[{"@type":"BlogPosting","@id":"https:\/\/www.eldigitaldeasturias.com\/noticias\/abalos-denuncia-el-oportunismo-y-el-zigzag-de-ciudadanos\/#blogposting","name":"\u00c1balos denuncia el \u201coportunismo\u201d y el \u201dzigzag\u201d de Ciudadanos - El Digital de Asturias","headline":"\u00c1balos denuncia el \u201coportunismo\u201d y el \u201dzigzag\u201d de Ciudadanos","author":{"@id":"https:\/\/www.eldigitaldeasturias.com\/noticias\/author\/admin\/#author"},"publisher":{"@id":"https:\/\/www.eldigitaldeasturias.com\/noticias\/#organization"},"image":{"@type":"ImageObject","url":975948},"datePublished":"2018-05-11T13:42:41+02:00","dateModified":"2018-05-11T13:42:41+02:00","inLanguage":"es-ES","mainEntityOfPage":{"@id":"https:\/\/www.eldigitaldeasturias.com\/noticias\/abalos-denuncia-el-oportunismo-y-el-zigzag-de-ciudadanos\/#webpage"},"isPartOf":{"@id":"https:\/\/www.eldigitaldeasturias.com\/noticias\/abalos-denuncia-el-oportunismo-y-el-zigzag-de-ciudadanos\/#webpage"},"articleSection":"Actualidad"},{"@type":"BreadcrumbList","@id":"https:\/\/www.eldigitaldeasturias.com\/noticias\/abalos-denuncia-el-oportunismo-y-el-zigzag-de-ciudadanos\/#breadcrumblist","itemListElement":[{"@type":"ListItem","@id":"https:\/\/www.eldigitaldeasturias.com\/noticias#listItem","position":1,"name":"Home","item":"https:\/\/www.eldigitaldeasturias.com\/noticias","nextItem":{"@type":"ListItem","@id":"https:\/\/www.eldigitaldeasturias.com\/noticias\/category\/actualidad\/#listItem","name":"Actualidad"}},{"@type":"ListItem","@id":"https:\/\/www.eldigitaldeasturias.com\/noticias\/category\/actualidad\/#listItem","position":2,"name":"Actualidad","item":"https:\/\/www.eldigitaldeasturias.com\/noticias\/category\/actualidad\/","nextItem":{"@type":"ListItem","@id":"https:\/\/www.eldigitaldeasturias.com\/noticias\/abalos-denuncia-el-oportunismo-y-el-zigzag-de-ciudadanos\/#listItem","name":"\u00c1balos denuncia el \u201coportunismo\u201d y el \u201dzigzag\u201d de Ciudadanos"},"previousItem":{"@type":"ListItem","@id":"https:\/\/www.eldigitaldeasturias.com\/noticias#listItem","name":"Home"}},{"@type":"ListItem","@id":"https:\/\/www.eldigitaldeasturias.com\/noticias\/abalos-denuncia-el-oportunismo-y-el-zigzag-de-ciudadanos\/#listItem","position":3,"name":"\u00c1balos denuncia el \u201coportunismo\u201d y el \u201dzigzag\u201d de Ciudadanos","previousItem":{"@type":"ListItem","@id":"https:\/\/www.eldigitaldeasturias.com\/noticias\/category\/actualidad\/#listItem","name":"Actualidad"}}]},{"@type":"Organization","@id":"https:\/\/www.eldigitaldeasturias.com\/noticias\/#organization","name":"El Digital de Asturias","description":"Hemeroteca","url":"https:\/\/www.eldigitaldeasturias.com\/noticias\/","email":"info@eldigitaldeasturias.com","telephone":"+34652131393","logo":{"@type":"ImageObject","url":"https:\/\/www.eldigitaldeasturias.com\/noticias\/wp-content\/uploads\/2020\/12\/EDA.jpg","@id":"https:\/\/www.eldigitaldeasturias.com\/noticias\/abalos-denuncia-el-oportunismo-y-el-zigzag-de-ciudadanos\/#organizationLogo"},"image":{"@id":"https:\/\/www.eldigitaldeasturias.com\/noticias\/abalos-denuncia-el-oportunismo-y-el-zigzag-de-ciudadanos\/#organizationLogo"},"sameAs":["https:\/\/facebook.com\/eldigitaldeasturias","https:\/\/www.youtube.com\/channel\/UCZP-2wLEB9Rv6erhFmqVnvg"],"address":{"@id":"https:\/\/www.eldigitaldeasturias.com\/noticias\/#postaladdress","@type":"PostalAddress","streetAddress":"san antonio 4","postalCode":"33430","addressLocality":"Cand\u00e1s","addressRegion":"Asturias","addressCountry":"ES"}},{"@type":"Person","@id":"https:\/\/www.eldigitaldeasturias.com\/noticias\/author\/admin\/#author","url":"https:\/\/www.eldigitaldeasturias.com\/noticias\/author\/admin\/","name":"El Digital de Asturias","image":{"@type":"ImageObject","@id":"https:\/\/www.eldigitaldeasturias.com\/noticias\/abalos-denuncia-el-oportunismo-y-el-zigzag-de-ciudadanos\/#authorImage","url":"https:\/\/secure.gravatar.com\/avatar\/df2aeffc32bcd13f8d26072ef8a91b623d677766deac7f97ca815868cd41bf5e?s=96&d=mm&r=g","width":96,"height":96,"caption":"El Digital de Asturias"}},{"@type":"WebPage","@id":"https:\/\/www.eldigitaldeasturias.com\/noticias\/abalos-denuncia-el-oportunismo-y-el-zigzag-de-ciudadanos\/#webpage","url":"https:\/\/www.eldigitaldeasturias.com\/noticias\/abalos-denuncia-el-oportunismo-y-el-zigzag-de-ciudadanos\/","name":"\u00c1balos denuncia el \u201coportunismo\u201d y el \u201dzigzag\u201d de Ciudadanos - El Digital de Asturias","description":"El secretario de Organizaci\u00f3n, Jos\u00e9 Luis \u00c1balos, ha valorado hoy la candidatura de Joaquim Torra a la presidencia de la Generalitat y ha expresado el deseo de que \u201cest\u00e9 a la altura de su responsabilidad, que es como decir a la altura de la dignidad del cargo que pretende asumir\u201d, \u201csea un presidente aut\u00f3nomo y","inLanguage":"es-ES","isPartOf":{"@id":"https:\/\/www.eldigitaldeasturias.com\/noticias\/#website"},"breadcrumb":{"@id":"https:\/\/www.eldigitaldeasturias.com\/noticias\/abalos-denuncia-el-oportunismo-y-el-zigzag-de-ciudadanos\/#breadcrumblist"},"author":{"@id":"https:\/\/www.eldigitaldeasturias.com\/noticias\/author\/admin\/#author"},"creator":{"@id":"https:\/\/www.eldigitaldeasturias.com\/noticias\/author\/admin\/#author"},"image":{"@type":"ImageObject","url":975948,"@id":"https:\/\/www.eldigitaldeasturias.com\/noticias\/abalos-denuncia-el-oportunismo-y-el-zigzag-de-ciudadanos\/#mainImage"},"primaryImageOfPage":{"@id":"https:\/\/www.eldigitaldeasturias.com\/noticias\/abalos-denuncia-el-oportunismo-y-el-zigzag-de-ciudadanos\/#mainImage"},"datePublished":"2018-05-11T13:42:41+02:00","dateModified":"2018-05-11T13:42:41+02:00"},{"@type":"WebSite","@id":"https:\/\/www.eldigitaldeasturias.com\/noticias\/#website","url":"https:\/\/www.eldigitaldeasturias.com\/noticias\/","name":"El Digital de Asturias - Diario de actualidad y noticias","alternateName":"El Digital de Asturias - Diario de actualidad y noticias","description":"Hemeroteca","inLanguage":"es-ES","publisher":{"@id":"https:\/\/www.eldigitaldeasturias.com\/noticias\/#organization"}}]},"og:locale":"es_ES","og:site_name":"El Digital de Asturias","og:type":"article","og:title":"\u00c1balos denuncia el \u201coportunismo\u201d y el \u201dzigzag\u201d de Ciudadanos - El Digital de Asturias","og:description":"El secretario de Organizaci\u00f3n, Jos\u00e9 Luis \u00c1balos, ha valorado hoy la candidatura de Joaquim Torra a la presidencia de la Generalitat y ha expresado el deseo de que \u201cest\u00e9 a la altura de su responsabilidad, que es como decir a la altura de la dignidad del cargo que pretende asumir\u201d, \u201csea un presidente aut\u00f3nomo y","og:url":"https:\/\/www.eldigitaldeasturias.com\/noticias\/abalos-denuncia-el-oportunismo-y-el-zigzag-de-ciudadanos\/","article:tag":["actualidad"],"article:published_time":"2018-05-11T13:42:41+00:00","article:modified_time":"2018-05-11T13:42:41+00:00","article:publisher":"https:\/\/facebook.com\/eldigitaldeasturias","twitter:card":"summary_large_image","twitter:title":"\u00c1balos denuncia el \u201coportunismo\u201d y el \u201dzigzag\u201d de Ciudadanos - El Digital de Asturias","twitter:description":"El secretario de Organizaci\u00f3n, Jos\u00e9 Luis \u00c1balos, ha valorado hoy la candidatura de Joaquim Torra a la presidencia de la Generalitat y ha expresado el deseo de que \u201cest\u00e9 a la altura de su responsabilidad, que es como decir a la altura de la dignidad del cargo que pretende asumir\u201d, \u201csea un presidente aut\u00f3nomo y","twitter:image":"https:\/\/www.eldigitaldeasturias.com\/noticias\/wp-content\/uploads\/2020\/12\/EDA-1.jpg","twitter:label1":"Escrito por","twitter:data1":"El Digital de Asturias","twitter:label2":"Tiempo de lectura estimado","twitter:data2":"4 minutos"},"aioseo_meta_data":{"post_id":"979864","title":null,"description":null,"keywords":null,"keyphrases":null,"primary_term":null,"canonical_url":null,"og_title":null,"og_description":null,"og_object_type":"default","og_image_type":"default","og_image_url":null,"og_image_width":null,"og_image_height":null,"og_image_custom_url":null,"og_image_custom_fields":null,"og_video":null,"og_custom_url":null,"og_article_section":null,"og_article_tags":null,"twitter_use_og":false,"twitter_card":"default","twitter_image_type":"default","twitter_image_url":null,"twitter_image_custom_url":null,"twitter_image_custom_fields":null,"twitter_title":null,"twitter_description":null,"schema":{"blockGraphs":[],"customGraphs":[],"default":{"data":{"Article":[],"Course":[],"Dataset":[],"FAQPage":[],"Movie":[],"Person":[],"Product":[],"ProductReview":[],"Car":[],"Recipe":[],"Service":[],"SoftwareApplication":[],"WebPage":[]},"graphName":"","isEnabled":true},"graphs":[],"defaultGraph":"","defaultPostTypeGraph":""},"schema_type":null,"schema_type_options":null,"pillar_content":false,"robots_default":true,"robots_noindex":false,"robots_noarchive":false,"robots_nosnippet":false,"robots_nofollow":false,"robots_noimageindex":false,"robots_noodp":false,"robots_notranslate":false,"robots_max_snippet":null,"robots_max_videopreview":null,"robots_max_imagepreview":"large","priority":null,"frequency":null,"local_seo":null,"seo_analyzer_scan_date":"2025-10-08 15:51:06","breadcrumb_settings":null,"limit_modified_date":false,"open_ai":null,"ai":null,"created":"2020-12-21 11:58:36","updated":"2025-10-08 15:51:06","focus_keyword":null,"additional_keywords":null,"truseo_locale":null},"aioseo_breadcrumb":"<div class=\"aioseo-breadcrumbs\"><span class=\"aioseo-breadcrumb\">\n\t<a href=\"https:\/\/www.eldigitaldeasturias.com\/noticias\" title=\"Home\">Home<\/a>\n<\/span><span class=\"aioseo-breadcrumb-separator\">\u2013<\/span><span class=\"aioseo-breadcrumb\">\n\t<a href=\"https:\/\/www.eldigitaldeasturias.com\/noticias\/category\/actualidad\/\" title=\"Actualidad\">Actualidad<\/a>\n<\/span><span class=\"aioseo-breadcrumb-separator\">\u2013<\/span><span class=\"aioseo-breadcrumb\">\n\t<a href=\"https:\/\/www.eldigitaldeasturias.com\/noticias\/abalos-denuncia-el-oportunismo-y-el-zigzag-de-ciudadanos\/\" title=\"\u00c1balos denuncia el \u201coportunismo\u201d y el \u201dzigzag\u201d de Ciudadanos\">\u00c1balos denuncia el \u201coportunismo\u201d y el \u201dzigzag\u201d de Ciudadanos<\/a>\n<\/span><\/div>","aioseo_breadcrumb_json":[{"label":"Home","link":"https:\/\/www.eldigitaldeasturias.com\/noticias"},{"label":"Actualidad","link":"https:\/\/www.eldigitaldeasturias.com\/noticias\/category\/actualidad\/"},{"label":"\u00c1balos denuncia el \u201coportunismo\u201d y el \u201dzigzag\u201d de Ciudadanos","link":"https:\/\/www.eldigitaldeasturias.com\/noticias\/abalos-denuncia-el-oportunismo-y-el-zigzag-de-ciudadanos\/"}],"_links":{"self":[{"href":"https:\/\/www.eldigitaldeasturias.com\/noticias\/wp-json\/wp\/v2\/posts\/979864","targetHints":{"allow":["GET"]}}],"collection":[{"href":"https:\/\/www.eldigitaldeasturias.com\/noticias\/wp-json\/wp\/v2\/posts"}],"about":[{"href":"https:\/\/www.eldigitaldeasturias.com\/noticias\/wp-json\/wp\/v2\/types\/post"}],"author":[{"embeddable":true,"href":"https:\/\/www.eldigitaldeasturias.com\/noticias\/wp-json\/wp\/v2\/users\/1"}],"replies":[{"embeddable":true,"href":"https:\/\/www.eldigitaldeasturias.com\/noticias\/wp-json\/wp\/v2\/comments?post=979864"}],"version-history":[{"count":0,"href":"https:\/\/www.eldigitaldeasturias.com\/noticias\/wp-json\/wp\/v2\/posts\/979864\/revisions"}],"wp:attachment":[{"href":"https:\/\/www.eldigitaldeasturias.com\/noticias\/wp-json\/wp\/v2\/media?parent=979864"}],"wp:term":[{"taxonomy":"category","embeddable":true,"href":"https:\/\/www.eldigitaldeasturias.com\/noticias\/wp-json\/wp\/v2\/categories?post=979864"},{"taxonomy":"post_tag","embeddable":true,"href":"https:\/\/www.eldigitaldeasturias.com\/noticias\/wp-json\/wp\/v2\/tags?post=979864"}],"curies":[{"name":"wp","href":"https:\/\/api.w.org\/{rel}","templated":true}]}}