{"id":979836,"date":"2018-05-11T08:17:59","date_gmt":"2018-05-11T08:17:59","guid":{"rendered":"http:\/\/www.eldigitaldeasturias.com\/noticias\/?p=979836"},"modified":"2018-05-11T08:17:59","modified_gmt":"2018-05-11T08:17:59","slug":"macri-busca-el-respaldo-de-los-opositores-para-la-negociacion-con-el-fmi","status":"publish","type":"post","link":"https:\/\/www.eldigitaldeasturias.com\/noticias\/macri-busca-el-respaldo-de-los-opositores-para-la-negociacion-con-el-fmi\/","title":{"rendered":"Macri busca el respaldo de los opositores para la  negociaci\u00f3n con el FMI"},"content":{"rendered":"<p><img loading=\"lazy\" decoding=\"async\" class=\"alignleft size-medium wp-image-979837\" src=\"https:\/\/www.eldigitaldeasturias.com\/noticias\/wp-content\/uploads\/2018\/05\/street-3242215_960_720-360x270.jpg\" alt=\"\" width=\"360\" height=\"270\" \/>Buenos Aires, 10 may (dpa) &#8211; El presidente argentino, Mauricio Macri, se reuni\u00f3 hoy en Buenos Aires con un grupo de gobernadores provinciales opositores para obtener su aval ante la negociaci\u00f3n de su Gobierno con el Fondo Monetario Internacional (FMI) en medio de la crisis financiera que vive el pa\u00eds.<\/p>\n<p>Los gobernadores est\u00e1n \u00abconvencidos de que hay que sostener y apoyar todas las pol\u00edticas que impliquen que Argentina contin\u00fae en esta senda de crecimiento econ\u00f3mico\u00bb, asegur\u00f3 el ministro del Interior, Rogelio Frigerio, que ofici\u00f3 de portavoz del encuentro.<\/p>\n<p>Macri recibi\u00f3 en la Casa de Gobierno argentina, en Buenos Aires, a los gobernadores de las provincias de C\u00f3rdoba, Juan Schiaretti; Entre R\u00edos, Gustavo Bordet; Tucum\u00e1n, Juan Manzur; San Juan, Sergio U\u00f1ac; y Chaco, Domingo Peppo, todos representantes del opositor Partido Justicialista (PJ, peronista).<\/p>\n<p>Todos ellos, seg\u00fan Frigerio, expresaron un \u00abcompromiso muy firme de apoyo\u00bb a la decisi\u00f3n de Macri de pedir un auxilio financiero al FMI. \u00abEstamos todos en el mismo barco, convencidos de que tenemos que tirar para el mismo lado\u00bb, agreg\u00f3 el ministro del Interior.<\/p>\n<p>El encuentro se concret\u00f3 horas antes de que el ministro de Hacienda argentino, Nicol\u00e1s Dujovne, se reuniera en Washington con la directora del Fondo, Christine Lagarde, quien le expres\u00f3 \u00abla disposici\u00f3n\u00bb del organismo \u00abpara seguir ayudando al Gobierno\u00bb de Macri, seg\u00fan un comunicado.<\/p>\n<p>A cambio de la ayuda financiera, el FMI podr\u00eda pedir a Argentina la implementaci\u00f3n de un plan de reformas econ\u00f3micas para reducir su d\u00e9ficit fiscal.<\/p>\n<p>Pese al aval pol\u00edtico y financiero conseguido hoy por la administraci\u00f3n de Macri. el peso argentino -la moneda nacional- volvi\u00f3 a depreciarse frente al d\u00f3lar estadounidense en una nueva jornada vol\u00e1til de los mercados locales.<\/p>\n<p>El valor de la divisa estadounidense culmin\u00f3 a 23,22 pesos en promedio, diez centavos m\u00e1s que la cotizaci\u00f3n de este mi\u00e9rcoles.<\/p>\n<p>El d\u00f3lar comenz\u00f3 el jueves en ca\u00edda (22,90 pesos) pero r\u00e1pidamente recuper\u00f3 su valor, lo que requiri\u00f3 la intervenci\u00f3n en el mercado del Banco Central, la entidad monetaria del pa\u00eds, por medio de la compra de la divisa estadounidense para frenar la subida.<\/p>\n<p>Desde el 5 de marzo, el Banco Central vendi\u00f3 7.726 millones de d\u00f3lares de sus reservas en el mercado cambiario para contener la ca\u00edda del peso, que en ese lapso se devalu\u00f3 13,6 por ciento.<\/p>\n<p>Los analistas destacaron que por el momento los mercados mantienen su desconfianza acerca de la negociaci\u00f3n del Gobierno y el FMI.<\/p>\n<p>La administraci\u00f3n de Macri \u00abperdi\u00f3 mucha credibilidad en el \u00faltimo tiempo. Pero no solo el Gobierno sino el Estado Nacional. Cuando uno presta plata, no le presta plata (dinero) a un Gobierno sino a un pa\u00eds\u00bb, evalu\u00f3 el economista Claudio Zuchovicki en declaraciones a radio Mitre, de Buenos Aires.<\/p>\n<p>Zuchovicki, adem\u00e1s, abri\u00f3 la posibilidad de que el alza del d\u00f3lar tenga un impacto en los precios de los principales productos que consumen los argentinos, lo que provocar\u00eda un aumento de la inflaci\u00f3n que, en 2017, fue de 24,7 por ciento.<\/p>\n<p>En ese escenario, la Confederaci\u00f3n General del Trabajo (CGT), la principal central sindical del pa\u00eds, anunci\u00f3 que si el acuerdo con el Fondo Monetario implica la aplicaci\u00f3n de medidas de ajuste econ\u00f3mico saldr\u00e1 a protestar y decidir\u00e1 medidas de fuerza.<\/p>\n<p>Por Gabriel Tu\u00f1ez (dpa)<\/p>\n","protected":false},"excerpt":{"rendered":"<p>Buenos Aires, 10 may (dpa) &#8211; El presidente argentino, Mauricio Macri, se reuni\u00f3 hoy en Buenos Aires con un grupo de gobernadores provinciales opositores para obtener su aval ante la negociaci\u00f3n de su Gobierno con el Fondo Monetario Internacional (FMI) en medio de la crisis financiera que vive el pa\u00eds. Los gobernadores est\u00e1n \u00abconvencidos de [&hellip;]<\/p>\n","protected":false},"author":1,"featured_media":979837,"comment_status":"closed","ping_status":"closed","sticky":false,"template":"","format":"standard","meta":{"footnotes":""},"categories":[1],"tags":[],"class_list":["post-979836","post","type-post","status-publish","format-standard","has-post-thumbnail","hentry","category-actualidad"],"aioseo_notices":[],"aioseo_head":"\n\t\t<!-- All in One SEO Pro 5.0.1 - aioseo.com -->\n\t<meta name=\"description\" content=\"Buenos Aires, 10 may (dpa) - El presidente argentino, Mauricio Macri, se reuni\u00f3 hoy en Buenos Aires con un grupo de gobernadores provinciales opositores para obtener su aval ante la negociaci\u00f3n de su Gobierno con el Fondo Monetario Internacional (FMI) en medio de la crisis financiera que vive el pa\u00eds. Los gobernadores est\u00e1n &quot;convencidos de\" \/>\n\t<meta name=\"robots\" content=\"max-image-preview:large\" \/>\n\t<meta name=\"author\" content=\"El Digital de Asturias\"\/>\n\t<meta name=\"google-site-verification\" content=\"UA-38556648-1\" \/>\n\t<meta name=\"msvalidate.01\" content=\"7dfe9f3f1b24437ab69f4f2559babe99\" \/>\n\t<meta name=\"keywords\" content=\"actualidad\" \/>\n\t<link rel=\"canonical\" href=\"https:\/\/www.eldigitaldeasturias.com\/noticias\/macri-busca-el-respaldo-de-los-opositores-para-la-negociacion-con-el-fmi\/\" \/>\n\t<meta name=\"generator\" content=\"All in One SEO Pro (AIOSEO) 5.0.1\" \/>\n\t\t<meta property=\"og:locale\" content=\"es_ES\" \/>\n\t\t<meta property=\"og:site_name\" content=\"El Digital de Asturias\" \/>\n\t\t<meta property=\"og:type\" content=\"article\" \/>\n\t\t<meta property=\"og:title\" content=\"Macri busca el respaldo de los opositores para la negociaci\u00f3n con el FMI - El Digital de Asturias\" \/>\n\t\t<meta property=\"og:description\" content=\"Buenos Aires, 10 may (dpa) - El presidente argentino, Mauricio Macri, se reuni\u00f3 hoy en Buenos Aires con un grupo de gobernadores provinciales opositores para obtener su aval ante la negociaci\u00f3n de su Gobierno con el Fondo Monetario Internacional (FMI) en medio de la crisis financiera que vive el pa\u00eds. Los gobernadores est\u00e1n &quot;convencidos de\" \/>\n\t\t<meta property=\"og:url\" content=\"https:\/\/www.eldigitaldeasturias.com\/noticias\/macri-busca-el-respaldo-de-los-opositores-para-la-negociacion-con-el-fmi\/\" \/>\n\t\t<meta property=\"article:tag\" content=\"actualidad\" \/>\n\t\t<meta property=\"article:published_time\" content=\"2018-05-11T08:17:59+00:00\" \/>\n\t\t<meta property=\"article:modified_time\" content=\"2018-05-11T08:17:59+00:00\" \/>\n\t\t<meta property=\"article:publisher\" content=\"https:\/\/facebook.com\/eldigitaldeasturias\" \/>\n\t\t<meta name=\"twitter:card\" content=\"summary_large_image\" \/>\n\t\t<meta name=\"twitter:title\" content=\"Macri busca el respaldo de los opositores para la negociaci\u00f3n con el FMI - El Digital de Asturias\" \/>\n\t\t<meta name=\"twitter:description\" content=\"Buenos Aires, 10 may (dpa) - El presidente argentino, Mauricio Macri, se reuni\u00f3 hoy en Buenos Aires con un grupo de gobernadores provinciales opositores para obtener su aval ante la negociaci\u00f3n de su Gobierno con el Fondo Monetario Internacional (FMI) en medio de la crisis financiera que vive el pa\u00eds. Los gobernadores est\u00e1n &quot;convencidos de\" \/>\n\t\t<meta name=\"twitter:image\" content=\"https:\/\/www.eldigitaldeasturias.com\/noticias\/wp-content\/uploads\/2020\/12\/EDA-1.jpg\" \/>\n\t\t<meta name=\"twitter:label1\" content=\"Escrito por\" \/>\n\t\t<meta name=\"twitter:data1\" content=\"El Digital de Asturias\" \/>\n\t\t<meta name=\"twitter:label2\" content=\"Tiempo de lectura estimado\" \/>\n\t\t<meta name=\"twitter:data2\" content=\"3 minutos\" \/>\n\t\t<script type=\"application\/ld+json\" class=\"aioseo-schema\">\n\t\t\t{\"@context\":\"https:\\\/\\\/schema.org\",\"@graph\":[{\"@type\":\"BlogPosting\",\"@id\":\"https:\\\/\\\/www.eldigitaldeasturias.com\\\/noticias\\\/macri-busca-el-respaldo-de-los-opositores-para-la-negociacion-con-el-fmi\\\/#blogposting\",\"name\":\"Macri busca el respaldo de los opositores para la negociaci\\u00f3n con el FMI - El Digital de Asturias\",\"headline\":\"Macri busca el respaldo de los opositores para la  negociaci\\u00f3n con el FMI\",\"author\":{\"@id\":\"https:\\\/\\\/www.eldigitaldeasturias.com\\\/noticias\\\/author\\\/admin\\\/#author\"},\"publisher\":{\"@id\":\"https:\\\/\\\/www.eldigitaldeasturias.com\\\/noticias\\\/#organization\"},\"image\":{\"@type\":\"ImageObject\",\"url\":979837},\"datePublished\":\"2018-05-11T08:17:59+02:00\",\"dateModified\":\"2018-05-11T08:17:59+02:00\",\"inLanguage\":\"es-ES\",\"mainEntityOfPage\":{\"@id\":\"https:\\\/\\\/www.eldigitaldeasturias.com\\\/noticias\\\/macri-busca-el-respaldo-de-los-opositores-para-la-negociacion-con-el-fmi\\\/#webpage\"},\"isPartOf\":{\"@id\":\"https:\\\/\\\/www.eldigitaldeasturias.com\\\/noticias\\\/macri-busca-el-respaldo-de-los-opositores-para-la-negociacion-con-el-fmi\\\/#webpage\"},\"articleSection\":\"Actualidad\"},{\"@type\":\"BreadcrumbList\",\"@id\":\"https:\\\/\\\/www.eldigitaldeasturias.com\\\/noticias\\\/macri-busca-el-respaldo-de-los-opositores-para-la-negociacion-con-el-fmi\\\/#breadcrumblist\",\"itemListElement\":[{\"@type\":\"ListItem\",\"@id\":\"https:\\\/\\\/www.eldigitaldeasturias.com\\\/noticias#listItem\",\"position\":1,\"name\":\"Home\",\"item\":\"https:\\\/\\\/www.eldigitaldeasturias.com\\\/noticias\",\"nextItem\":{\"@type\":\"ListItem\",\"@id\":\"https:\\\/\\\/www.eldigitaldeasturias.com\\\/noticias\\\/category\\\/actualidad\\\/#listItem\",\"name\":\"Actualidad\"}},{\"@type\":\"ListItem\",\"@id\":\"https:\\\/\\\/www.eldigitaldeasturias.com\\\/noticias\\\/category\\\/actualidad\\\/#listItem\",\"position\":2,\"name\":\"Actualidad\",\"item\":\"https:\\\/\\\/www.eldigitaldeasturias.com\\\/noticias\\\/category\\\/actualidad\\\/\",\"nextItem\":{\"@type\":\"ListItem\",\"@id\":\"https:\\\/\\\/www.eldigitaldeasturias.com\\\/noticias\\\/macri-busca-el-respaldo-de-los-opositores-para-la-negociacion-con-el-fmi\\\/#listItem\",\"name\":\"Macri busca el respaldo de los opositores para la  negociaci\\u00f3n con el FMI\"},\"previousItem\":{\"@type\":\"ListItem\",\"@id\":\"https:\\\/\\\/www.eldigitaldeasturias.com\\\/noticias#listItem\",\"name\":\"Home\"}},{\"@type\":\"ListItem\",\"@id\":\"https:\\\/\\\/www.eldigitaldeasturias.com\\\/noticias\\\/macri-busca-el-respaldo-de-los-opositores-para-la-negociacion-con-el-fmi\\\/#listItem\",\"position\":3,\"name\":\"Macri busca el respaldo de los opositores para la  negociaci\\u00f3n con el FMI\",\"previousItem\":{\"@type\":\"ListItem\",\"@id\":\"https:\\\/\\\/www.eldigitaldeasturias.com\\\/noticias\\\/category\\\/actualidad\\\/#listItem\",\"name\":\"Actualidad\"}}]},{\"@type\":\"Organization\",\"@id\":\"https:\\\/\\\/www.eldigitaldeasturias.com\\\/noticias\\\/#organization\",\"name\":\"El Digital de Asturias\",\"description\":\"Hemeroteca\",\"url\":\"https:\\\/\\\/www.eldigitaldeasturias.com\\\/noticias\\\/\",\"email\":\"info@eldigitaldeasturias.com\",\"telephone\":\"+34652131393\",\"logo\":{\"@type\":\"ImageObject\",\"url\":\"https:\\\/\\\/www.eldigitaldeasturias.com\\\/noticias\\\/wp-content\\\/uploads\\\/2020\\\/12\\\/EDA.jpg\",\"@id\":\"https:\\\/\\\/www.eldigitaldeasturias.com\\\/noticias\\\/macri-busca-el-respaldo-de-los-opositores-para-la-negociacion-con-el-fmi\\\/#organizationLogo\"},\"image\":{\"@id\":\"https:\\\/\\\/www.eldigitaldeasturias.com\\\/noticias\\\/macri-busca-el-respaldo-de-los-opositores-para-la-negociacion-con-el-fmi\\\/#organizationLogo\"},\"sameAs\":[\"https:\\\/\\\/facebook.com\\\/eldigitaldeasturias\",\"https:\\\/\\\/www.youtube.com\\\/channel\\\/UCZP-2wLEB9Rv6erhFmqVnvg\"],\"address\":{\"@id\":\"https:\\\/\\\/www.eldigitaldeasturias.com\\\/noticias\\\/#postaladdress\",\"@type\":\"PostalAddress\",\"streetAddress\":\"san antonio 4\",\"postalCode\":\"33430\",\"addressLocality\":\"Cand\\u00e1s\",\"addressRegion\":\"Asturias\",\"addressCountry\":\"ES\"}},{\"@type\":\"Person\",\"@id\":\"https:\\\/\\\/www.eldigitaldeasturias.com\\\/noticias\\\/author\\\/admin\\\/#author\",\"url\":\"https:\\\/\\\/www.eldigitaldeasturias.com\\\/noticias\\\/author\\\/admin\\\/\",\"name\":\"El Digital de Asturias\",\"image\":{\"@type\":\"ImageObject\",\"@id\":\"https:\\\/\\\/www.eldigitaldeasturias.com\\\/noticias\\\/macri-busca-el-respaldo-de-los-opositores-para-la-negociacion-con-el-fmi\\\/#authorImage\",\"url\":\"https:\\\/\\\/secure.gravatar.com\\\/avatar\\\/df2aeffc32bcd13f8d26072ef8a91b623d677766deac7f97ca815868cd41bf5e?s=96&d=mm&r=g\",\"width\":96,\"height\":96,\"caption\":\"El Digital de Asturias\"}},{\"@type\":\"WebPage\",\"@id\":\"https:\\\/\\\/www.eldigitaldeasturias.com\\\/noticias\\\/macri-busca-el-respaldo-de-los-opositores-para-la-negociacion-con-el-fmi\\\/#webpage\",\"url\":\"https:\\\/\\\/www.eldigitaldeasturias.com\\\/noticias\\\/macri-busca-el-respaldo-de-los-opositores-para-la-negociacion-con-el-fmi\\\/\",\"name\":\"Macri busca el respaldo de los opositores para la negociaci\\u00f3n con el FMI - El Digital de Asturias\",\"description\":\"Buenos Aires, 10 may (dpa) - El presidente argentino, Mauricio Macri, se reuni\\u00f3 hoy en Buenos Aires con un grupo de gobernadores provinciales opositores para obtener su aval ante la negociaci\\u00f3n de su Gobierno con el Fondo Monetario Internacional (FMI) en medio de la crisis financiera que vive el pa\\u00eds. Los gobernadores est\\u00e1n \\\"convencidos de\",\"inLanguage\":\"es-ES\",\"isPartOf\":{\"@id\":\"https:\\\/\\\/www.eldigitaldeasturias.com\\\/noticias\\\/#website\"},\"breadcrumb\":{\"@id\":\"https:\\\/\\\/www.eldigitaldeasturias.com\\\/noticias\\\/macri-busca-el-respaldo-de-los-opositores-para-la-negociacion-con-el-fmi\\\/#breadcrumblist\"},\"author\":{\"@id\":\"https:\\\/\\\/www.eldigitaldeasturias.com\\\/noticias\\\/author\\\/admin\\\/#author\"},\"creator\":{\"@id\":\"https:\\\/\\\/www.eldigitaldeasturias.com\\\/noticias\\\/author\\\/admin\\\/#author\"},\"image\":{\"@type\":\"ImageObject\",\"url\":979837,\"@id\":\"https:\\\/\\\/www.eldigitaldeasturias.com\\\/noticias\\\/macri-busca-el-respaldo-de-los-opositores-para-la-negociacion-con-el-fmi\\\/#mainImage\"},\"primaryImageOfPage\":{\"@id\":\"https:\\\/\\\/www.eldigitaldeasturias.com\\\/noticias\\\/macri-busca-el-respaldo-de-los-opositores-para-la-negociacion-con-el-fmi\\\/#mainImage\"},\"datePublished\":\"2018-05-11T08:17:59+02:00\",\"dateModified\":\"2018-05-11T08:17:59+02:00\"},{\"@type\":\"WebSite\",\"@id\":\"https:\\\/\\\/www.eldigitaldeasturias.com\\\/noticias\\\/#website\",\"url\":\"https:\\\/\\\/www.eldigitaldeasturias.com\\\/noticias\\\/\",\"name\":\"El Digital de Asturias - Diario de actualidad y noticias\",\"alternateName\":\"El Digital de Asturias - Diario de actualidad y noticias\",\"description\":\"Hemeroteca\",\"inLanguage\":\"es-ES\",\"publisher\":{\"@id\":\"https:\\\/\\\/www.eldigitaldeasturias.com\\\/noticias\\\/#organization\"}}]}\n\t\t<\/script>\n\t\t<!-- All in One SEO Pro -->\r\n\t\t<title>Macri busca el respaldo de los opositores para la negociaci\u00f3n con el FMI - El Digital de Asturias<\/title>\n\n","aioseo_head_json":{"title":"Macri busca el respaldo de los opositores para la negociaci\u00f3n con el FMI - El Digital de Asturias","description":"Buenos Aires, 10 may (dpa) - El presidente argentino, Mauricio Macri, se reuni\u00f3 hoy en Buenos Aires con un grupo de gobernadores provinciales opositores para obtener su aval ante la negociaci\u00f3n de su Gobierno con el Fondo Monetario Internacional (FMI) en medio de la crisis financiera que vive el pa\u00eds. Los gobernadores est\u00e1n \"convencidos de","canonical_url":"https:\/\/www.eldigitaldeasturias.com\/noticias\/macri-busca-el-respaldo-de-los-opositores-para-la-negociacion-con-el-fmi\/","robots":"max-image-preview:large","keywords":"actualidad","webmasterTools":{"google-site-verification":"UA-38556648-1","msvalidate.01":"7dfe9f3f1b24437ab69f4f2559babe99","miscellaneous":""},"schema":{"@context":"https:\/\/schema.org","@graph":[{"@type":"BlogPosting","@id":"https:\/\/www.eldigitaldeasturias.com\/noticias\/macri-busca-el-respaldo-de-los-opositores-para-la-negociacion-con-el-fmi\/#blogposting","name":"Macri busca el respaldo de los opositores para la negociaci\u00f3n con el FMI - El Digital de Asturias","headline":"Macri busca el respaldo de los opositores para la  negociaci\u00f3n con el FMI","author":{"@id":"https:\/\/www.eldigitaldeasturias.com\/noticias\/author\/admin\/#author"},"publisher":{"@id":"https:\/\/www.eldigitaldeasturias.com\/noticias\/#organization"},"image":{"@type":"ImageObject","url":979837},"datePublished":"2018-05-11T08:17:59+02:00","dateModified":"2018-05-11T08:17:59+02:00","inLanguage":"es-ES","mainEntityOfPage":{"@id":"https:\/\/www.eldigitaldeasturias.com\/noticias\/macri-busca-el-respaldo-de-los-opositores-para-la-negociacion-con-el-fmi\/#webpage"},"isPartOf":{"@id":"https:\/\/www.eldigitaldeasturias.com\/noticias\/macri-busca-el-respaldo-de-los-opositores-para-la-negociacion-con-el-fmi\/#webpage"},"articleSection":"Actualidad"},{"@type":"BreadcrumbList","@id":"https:\/\/www.eldigitaldeasturias.com\/noticias\/macri-busca-el-respaldo-de-los-opositores-para-la-negociacion-con-el-fmi\/#breadcrumblist","itemListElement":[{"@type":"ListItem","@id":"https:\/\/www.eldigitaldeasturias.com\/noticias#listItem","position":1,"name":"Home","item":"https:\/\/www.eldigitaldeasturias.com\/noticias","nextItem":{"@type":"ListItem","@id":"https:\/\/www.eldigitaldeasturias.com\/noticias\/category\/actualidad\/#listItem","name":"Actualidad"}},{"@type":"ListItem","@id":"https:\/\/www.eldigitaldeasturias.com\/noticias\/category\/actualidad\/#listItem","position":2,"name":"Actualidad","item":"https:\/\/www.eldigitaldeasturias.com\/noticias\/category\/actualidad\/","nextItem":{"@type":"ListItem","@id":"https:\/\/www.eldigitaldeasturias.com\/noticias\/macri-busca-el-respaldo-de-los-opositores-para-la-negociacion-con-el-fmi\/#listItem","name":"Macri busca el respaldo de los opositores para la  negociaci\u00f3n con el FMI"},"previousItem":{"@type":"ListItem","@id":"https:\/\/www.eldigitaldeasturias.com\/noticias#listItem","name":"Home"}},{"@type":"ListItem","@id":"https:\/\/www.eldigitaldeasturias.com\/noticias\/macri-busca-el-respaldo-de-los-opositores-para-la-negociacion-con-el-fmi\/#listItem","position":3,"name":"Macri busca el respaldo de los opositores para la  negociaci\u00f3n con el FMI","previousItem":{"@type":"ListItem","@id":"https:\/\/www.eldigitaldeasturias.com\/noticias\/category\/actualidad\/#listItem","name":"Actualidad"}}]},{"@type":"Organization","@id":"https:\/\/www.eldigitaldeasturias.com\/noticias\/#organization","name":"El Digital de Asturias","description":"Hemeroteca","url":"https:\/\/www.eldigitaldeasturias.com\/noticias\/","email":"info@eldigitaldeasturias.com","telephone":"+34652131393","logo":{"@type":"ImageObject","url":"https:\/\/www.eldigitaldeasturias.com\/noticias\/wp-content\/uploads\/2020\/12\/EDA.jpg","@id":"https:\/\/www.eldigitaldeasturias.com\/noticias\/macri-busca-el-respaldo-de-los-opositores-para-la-negociacion-con-el-fmi\/#organizationLogo"},"image":{"@id":"https:\/\/www.eldigitaldeasturias.com\/noticias\/macri-busca-el-respaldo-de-los-opositores-para-la-negociacion-con-el-fmi\/#organizationLogo"},"sameAs":["https:\/\/facebook.com\/eldigitaldeasturias","https:\/\/www.youtube.com\/channel\/UCZP-2wLEB9Rv6erhFmqVnvg"],"address":{"@id":"https:\/\/www.eldigitaldeasturias.com\/noticias\/#postaladdress","@type":"PostalAddress","streetAddress":"san antonio 4","postalCode":"33430","addressLocality":"Cand\u00e1s","addressRegion":"Asturias","addressCountry":"ES"}},{"@type":"Person","@id":"https:\/\/www.eldigitaldeasturias.com\/noticias\/author\/admin\/#author","url":"https:\/\/www.eldigitaldeasturias.com\/noticias\/author\/admin\/","name":"El Digital de Asturias","image":{"@type":"ImageObject","@id":"https:\/\/www.eldigitaldeasturias.com\/noticias\/macri-busca-el-respaldo-de-los-opositores-para-la-negociacion-con-el-fmi\/#authorImage","url":"https:\/\/secure.gravatar.com\/avatar\/df2aeffc32bcd13f8d26072ef8a91b623d677766deac7f97ca815868cd41bf5e?s=96&d=mm&r=g","width":96,"height":96,"caption":"El Digital de Asturias"}},{"@type":"WebPage","@id":"https:\/\/www.eldigitaldeasturias.com\/noticias\/macri-busca-el-respaldo-de-los-opositores-para-la-negociacion-con-el-fmi\/#webpage","url":"https:\/\/www.eldigitaldeasturias.com\/noticias\/macri-busca-el-respaldo-de-los-opositores-para-la-negociacion-con-el-fmi\/","name":"Macri busca el respaldo de los opositores para la negociaci\u00f3n con el FMI - El Digital de Asturias","description":"Buenos Aires, 10 may (dpa) - El presidente argentino, Mauricio Macri, se reuni\u00f3 hoy en Buenos Aires con un grupo de gobernadores provinciales opositores para obtener su aval ante la negociaci\u00f3n de su Gobierno con el Fondo Monetario Internacional (FMI) en medio de la crisis financiera que vive el pa\u00eds. Los gobernadores est\u00e1n \"convencidos de","inLanguage":"es-ES","isPartOf":{"@id":"https:\/\/www.eldigitaldeasturias.com\/noticias\/#website"},"breadcrumb":{"@id":"https:\/\/www.eldigitaldeasturias.com\/noticias\/macri-busca-el-respaldo-de-los-opositores-para-la-negociacion-con-el-fmi\/#breadcrumblist"},"author":{"@id":"https:\/\/www.eldigitaldeasturias.com\/noticias\/author\/admin\/#author"},"creator":{"@id":"https:\/\/www.eldigitaldeasturias.com\/noticias\/author\/admin\/#author"},"image":{"@type":"ImageObject","url":979837,"@id":"https:\/\/www.eldigitaldeasturias.com\/noticias\/macri-busca-el-respaldo-de-los-opositores-para-la-negociacion-con-el-fmi\/#mainImage"},"primaryImageOfPage":{"@id":"https:\/\/www.eldigitaldeasturias.com\/noticias\/macri-busca-el-respaldo-de-los-opositores-para-la-negociacion-con-el-fmi\/#mainImage"},"datePublished":"2018-05-11T08:17:59+02:00","dateModified":"2018-05-11T08:17:59+02:00"},{"@type":"WebSite","@id":"https:\/\/www.eldigitaldeasturias.com\/noticias\/#website","url":"https:\/\/www.eldigitaldeasturias.com\/noticias\/","name":"El Digital de Asturias - Diario de actualidad y noticias","alternateName":"El Digital de Asturias - Diario de actualidad y noticias","description":"Hemeroteca","inLanguage":"es-ES","publisher":{"@id":"https:\/\/www.eldigitaldeasturias.com\/noticias\/#organization"}}]},"og:locale":"es_ES","og:site_name":"El Digital de Asturias","og:type":"article","og:title":"Macri busca el respaldo de los opositores para la negociaci\u00f3n con el FMI - El Digital de Asturias","og:description":"Buenos Aires, 10 may (dpa) - El presidente argentino, Mauricio Macri, se reuni\u00f3 hoy en Buenos Aires con un grupo de gobernadores provinciales opositores para obtener su aval ante la negociaci\u00f3n de su Gobierno con el Fondo Monetario Internacional (FMI) en medio de la crisis financiera que vive el pa\u00eds. Los gobernadores est\u00e1n &quot;convencidos de","og:url":"https:\/\/www.eldigitaldeasturias.com\/noticias\/macri-busca-el-respaldo-de-los-opositores-para-la-negociacion-con-el-fmi\/","article:tag":["actualidad"],"article:published_time":"2018-05-11T08:17:59+00:00","article:modified_time":"2018-05-11T08:17:59+00:00","article:publisher":"https:\/\/facebook.com\/eldigitaldeasturias","twitter:card":"summary_large_image","twitter:title":"Macri busca el respaldo de los opositores para la negociaci\u00f3n con el FMI - El Digital de Asturias","twitter:description":"Buenos Aires, 10 may (dpa) - El presidente argentino, Mauricio Macri, se reuni\u00f3 hoy en Buenos Aires con un grupo de gobernadores provinciales opositores para obtener su aval ante la negociaci\u00f3n de su Gobierno con el Fondo Monetario Internacional (FMI) en medio de la crisis financiera que vive el pa\u00eds. Los gobernadores est\u00e1n &quot;convencidos de","twitter:image":"https:\/\/www.eldigitaldeasturias.com\/noticias\/wp-content\/uploads\/2020\/12\/EDA-1.jpg","twitter:label1":"Escrito por","twitter:data1":"El Digital de Asturias","twitter:label2":"Tiempo de lectura estimado","twitter:data2":"3 minutos"},"aioseo_meta_data":{"post_id":"979836","title":null,"description":null,"keywords":null,"keyphrases":null,"primary_term":null,"canonical_url":null,"og_title":null,"og_description":null,"og_object_type":"default","og_image_type":"default","og_image_url":null,"og_image_width":null,"og_image_height":null,"og_image_custom_url":null,"og_image_custom_fields":null,"og_video":null,"og_custom_url":null,"og_article_section":null,"og_article_tags":null,"twitter_use_og":false,"twitter_card":"default","twitter_image_type":"default","twitter_image_url":null,"twitter_image_custom_url":null,"twitter_image_custom_fields":null,"twitter_title":null,"twitter_description":null,"schema":{"blockGraphs":[],"customGraphs":[],"default":{"data":{"Article":[],"Course":[],"Dataset":[],"FAQPage":[],"Movie":[],"Person":[],"Product":[],"ProductReview":[],"Car":[],"Recipe":[],"Service":[],"SoftwareApplication":[],"WebPage":[]},"graphName":"","isEnabled":true},"graphs":[],"defaultGraph":"","defaultPostTypeGraph":""},"schema_type":null,"schema_type_options":null,"pillar_content":false,"robots_default":true,"robots_noindex":false,"robots_noarchive":false,"robots_nosnippet":false,"robots_nofollow":false,"robots_noimageindex":false,"robots_noodp":false,"robots_notranslate":false,"robots_max_snippet":null,"robots_max_videopreview":null,"robots_max_imagepreview":"large","priority":null,"frequency":null,"local_seo":null,"seo_analyzer_scan_date":"2025-10-08 15:47:08","breadcrumb_settings":null,"limit_modified_date":false,"open_ai":null,"ai":null,"created":"2020-12-21 11:58:37","updated":"2025-10-08 15:47:08","focus_keyword":null,"additional_keywords":null,"truseo_locale":null},"aioseo_breadcrumb":"<div class=\"aioseo-breadcrumbs\"><span class=\"aioseo-breadcrumb\">\n\t<a href=\"https:\/\/www.eldigitaldeasturias.com\/noticias\" title=\"Home\">Home<\/a>\n<\/span><span class=\"aioseo-breadcrumb-separator\">\u2013<\/span><span class=\"aioseo-breadcrumb\">\n\t<a href=\"https:\/\/www.eldigitaldeasturias.com\/noticias\/category\/actualidad\/\" title=\"Actualidad\">Actualidad<\/a>\n<\/span><span class=\"aioseo-breadcrumb-separator\">\u2013<\/span><span class=\"aioseo-breadcrumb\">\n\t<a href=\"https:\/\/www.eldigitaldeasturias.com\/noticias\/macri-busca-el-respaldo-de-los-opositores-para-la-negociacion-con-el-fmi\/\" title=\"Macri busca el respaldo de los opositores para la  negociaci\u00f3n con el FMI\">Macri busca el respaldo de los opositores para la  negociaci\u00f3n con el FMI<\/a>\n<\/span><\/div>","aioseo_breadcrumb_json":[{"label":"Home","link":"https:\/\/www.eldigitaldeasturias.com\/noticias"},{"label":"Actualidad","link":"https:\/\/www.eldigitaldeasturias.com\/noticias\/category\/actualidad\/"},{"label":"Macri busca el respaldo de los opositores para la  negociaci\u00f3n con el FMI","link":"https:\/\/www.eldigitaldeasturias.com\/noticias\/macri-busca-el-respaldo-de-los-opositores-para-la-negociacion-con-el-fmi\/"}],"_links":{"self":[{"href":"https:\/\/www.eldigitaldeasturias.com\/noticias\/wp-json\/wp\/v2\/posts\/979836","targetHints":{"allow":["GET"]}}],"collection":[{"href":"https:\/\/www.eldigitaldeasturias.com\/noticias\/wp-json\/wp\/v2\/posts"}],"about":[{"href":"https:\/\/www.eldigitaldeasturias.com\/noticias\/wp-json\/wp\/v2\/types\/post"}],"author":[{"embeddable":true,"href":"https:\/\/www.eldigitaldeasturias.com\/noticias\/wp-json\/wp\/v2\/users\/1"}],"replies":[{"embeddable":true,"href":"https:\/\/www.eldigitaldeasturias.com\/noticias\/wp-json\/wp\/v2\/comments?post=979836"}],"version-history":[{"count":0,"href":"https:\/\/www.eldigitaldeasturias.com\/noticias\/wp-json\/wp\/v2\/posts\/979836\/revisions"}],"wp:attachment":[{"href":"https:\/\/www.eldigitaldeasturias.com\/noticias\/wp-json\/wp\/v2\/media?parent=979836"}],"wp:term":[{"taxonomy":"category","embeddable":true,"href":"https:\/\/www.eldigitaldeasturias.com\/noticias\/wp-json\/wp\/v2\/categories?post=979836"},{"taxonomy":"post_tag","embeddable":true,"href":"https:\/\/www.eldigitaldeasturias.com\/noticias\/wp-json\/wp\/v2\/tags?post=979836"}],"curies":[{"name":"wp","href":"https:\/\/api.w.org\/{rel}","templated":true}]}}