{"id":979828,"date":"2018-05-11T08:08:15","date_gmt":"2018-05-11T08:08:15","guid":{"rendered":"http:\/\/www.eldigitaldeasturias.com\/noticias\/?p=979828"},"modified":"2018-05-11T08:08:15","modified_gmt":"2018-05-11T08:08:15","slug":"puigdemont-renuncia-a-presidir-cataluna-y-elige-un-nuevo-candidato","status":"publish","type":"post","link":"https:\/\/www.eldigitaldeasturias.com\/noticias\/puigdemont-renuncia-a-presidir-cataluna-y-elige-un-nuevo-candidato\/","title":{"rendered":"Puigdemont renuncia a presidir Catalu\u00f1a y elige un nuevo candidato"},"content":{"rendered":"<p><img loading=\"lazy\" decoding=\"async\" class=\"alignleft size-medium wp-image-973532\" src=\"https:\/\/www.eldigitaldeasturias.com\/noticias\/wp-content\/uploads\/2018\/03\/Puigdemont-360x202.jpg\" alt=\"\" width=\"360\" height=\"202\" \/>Berl\u00edn\/Madrid, 10 may (dpa) &#8211; Con la puerta cerrada por la Justicia espa\u00f1ola, el l\u00edder independentista catal\u00e1n Carles Puigdemont renunci\u00f3 hoy a presidir Catalu\u00f1a y anunci\u00f3 que el diputado Quim Torra es el nuevo candidato de su formaci\u00f3n para ponerse al frente del Gobierno de la regi\u00f3n espa\u00f1ola.<\/p>\n<p>La decisi\u00f3n podr\u00eda suponer el fin de la par\u00e1lisis que atraviesa Catalu\u00f1a tras la crisis por el proceso independentista catal\u00e1n, que supuso la intervenci\u00f3n de la regi\u00f3n por parte de Madrid en octubre y la celebraci\u00f3n de elecciones el pasado 21 de diciembre.<\/p>\n<p>El presidente del Parlamento de Catalu\u00f1a, Roger Torrent, iniciar\u00e1 este viernes una ronda de consultas telef\u00f3nicas con los grupos pol\u00edticos catalanes para proponer al nuevo candidato, tal y como exige el procedimiento de la C\u00e1mara regional.<\/p>\n<p>Se prev\u00e9 que en los pr\u00f3ximos d\u00edas se celebre un pleno para votar su investidura en el \u00abParlament\u00bb catal\u00e1n. Salvo sorpresas, Torra tiene asegurado que su nombramiento saldr\u00e1 adelante en una segunda votaci\u00f3n en la que no es necesaria una mayor\u00eda absoluta.<\/p>\n<p>\u00abEspero que (Torra) asuma la responsabilidad en los pr\u00f3ximos d\u00edas y que forme Gobierno de manera inmediata\u00bb, dijo Puigdemont en un mensaje a c\u00e1mara en el que arremeti\u00f3 contra el Estado espa\u00f1ol, al que volvi\u00f3 a tildar de \u00abautoritario\u00bb.<\/p>\n<p>Puigdemont anunci\u00f3 el nombre de Torra un d\u00eda despu\u00e9s de que el Tribunal Constitucional espa\u00f1ol cerrara al l\u00edder indepedentista la \u00faltima puerta que ten\u00eda abierta para poder ser investido de nuevo presidente del Ejecutivo catal\u00e1n.<\/p>\n<p>El alto tribunal admiti\u00f3 a tr\u00e1mite un recurso del Gobierno espa\u00f1ol y suspendi\u00f3 de forma cautelar una reforma legal aprobada previamente por el Parlamento catal\u00e1n para facilitar una posible investidura de Puigdemont a distancia.<\/p>\n<p>El ex jefe del Gobierno catal\u00e1n, que fue destituido por el Gobierno espa\u00f1ol el pasado octubre, se encuentra actualmente en Alemania a la espera de que la Justicia de ese pa\u00eds se pronuncie sobre su entrega a Espa\u00f1a, donde est\u00e1 siendo investigado por delitos de rebeli\u00f3n y malversaci\u00f3n vinculados a sus planes rupturistas.<\/p>\n<p>Los dos principales grupos independentistas, Junts per Catalunya (JxCAT) y Esquerra Republicana (ERC), hab\u00edan intentado sin \u00e9xito en cuatro ocasiones nombrar \u00abpresident\u00bb a un candidato de sus filas, entre ellos, el propio Puigdemont tras las elecciones de diciembre.<\/p>\n<p>Pero la Justicia hab\u00eda impedido ya antes en una ocasi\u00f3n una investidura del l\u00edder independentista a distancia.<\/p>\n<p>El plazo para formar Gobierno en Catalu\u00f1a concluye el pr\u00f3ximo d\u00eda 21. Si en esa fecha no hay un \u00abpresident\u00bb investido en Catalu\u00f1a, se convocar\u00e1n autom\u00e1ticamente elecciones para julio.<\/p>\n<p>Previsiblemente en los pr\u00f3ximos d\u00edas se convocar\u00e1 un pleno en el \u00abParlament\u00bb para nombrar jefe del Gobeirno catal\u00e1n a Torra, un abogado y escritor espa\u00f1ol que milita desde hace a\u00f1os en el movimiento independentista y que estuvo al frente de \u00d2mnium Cultural, una de las organizaciones civiles que organizaron las grandes movilizaciones por la independencia de Catalu\u00f1a en los \u00faltimos a\u00f1os.<\/p>\n<p>Este jueves, Puigdemont y Torra se reunieron en Berl\u00edn, tal y como confirmaron fuentes de JxCAT.<\/p>\n<p>Desde el Gobierno central de Madrid destacaron que el nuevo candidato a la presidencia del Gobierno catal\u00e1n tiene \u00abobligaci\u00f3n de respetar la ley\u00bb y debe \u00abestar en condiciones de cumplir con sus responsabilidades\u00bb como presidente.<\/p>\n<p>Desde el partido de Puigdemont, el PdeCAT, felicitaron a Torra y llamaron a preservar y culminar \u00abel legado\u00bb de Puigdemont, a quienes algunos sectores independentistas siguen considerando \u00abpresident\u00bb leg\u00edtimo de Catalu\u00f1a.<\/p>\n<p>Por Laura Araoz y Ana L\u00e1zaro (dpa)<\/p>\n","protected":false},"excerpt":{"rendered":"<p>Berl\u00edn\/Madrid, 10 may (dpa) &#8211; Con la puerta cerrada por la Justicia espa\u00f1ola, el l\u00edder independentista catal\u00e1n Carles Puigdemont renunci\u00f3 hoy a presidir Catalu\u00f1a y anunci\u00f3 que el diputado Quim Torra es el nuevo candidato de su formaci\u00f3n para ponerse al frente del Gobierno de la regi\u00f3n espa\u00f1ola. La decisi\u00f3n podr\u00eda suponer el fin de [&hellip;]<\/p>\n","protected":false},"author":1,"featured_media":973532,"comment_status":"closed","ping_status":"closed","sticky":false,"template":"","format":"standard","meta":{"footnotes":""},"categories":[1],"tags":[],"class_list":["post-979828","post","type-post","status-publish","format-standard","has-post-thumbnail","hentry","category-actualidad"],"aioseo_notices":[],"aioseo_head":"\n\t\t<!-- All in One SEO Pro 5.0.1 - aioseo.com -->\n\t<meta name=\"description\" content=\"Berl\u00edn\/Madrid, 10 may (dpa) - Con la puerta cerrada por la Justicia espa\u00f1ola, el l\u00edder independentista catal\u00e1n Carles Puigdemont renunci\u00f3 hoy a presidir Catalu\u00f1a y anunci\u00f3 que el diputado Quim Torra es el nuevo candidato de su formaci\u00f3n para ponerse al frente del Gobierno de la regi\u00f3n espa\u00f1ola. La decisi\u00f3n podr\u00eda suponer el fin de\" \/>\n\t<meta name=\"robots\" content=\"max-image-preview:large\" \/>\n\t<meta name=\"author\" content=\"El Digital de Asturias\"\/>\n\t<meta name=\"google-site-verification\" content=\"UA-38556648-1\" \/>\n\t<meta name=\"msvalidate.01\" content=\"7dfe9f3f1b24437ab69f4f2559babe99\" \/>\n\t<meta name=\"keywords\" content=\"actualidad\" \/>\n\t<link rel=\"canonical\" href=\"https:\/\/www.eldigitaldeasturias.com\/noticias\/puigdemont-renuncia-a-presidir-cataluna-y-elige-un-nuevo-candidato\/\" \/>\n\t<meta name=\"generator\" content=\"All in One SEO Pro (AIOSEO) 5.0.1\" \/>\n\t\t<meta property=\"og:locale\" content=\"es_ES\" \/>\n\t\t<meta property=\"og:site_name\" content=\"El Digital de Asturias\" \/>\n\t\t<meta property=\"og:type\" content=\"article\" \/>\n\t\t<meta property=\"og:title\" content=\"Puigdemont renuncia a presidir Catalu\u00f1a y elige un nuevo candidato - El Digital de Asturias\" \/>\n\t\t<meta property=\"og:description\" content=\"Berl\u00edn\/Madrid, 10 may (dpa) - Con la puerta cerrada por la Justicia espa\u00f1ola, el l\u00edder independentista catal\u00e1n Carles Puigdemont renunci\u00f3 hoy a presidir Catalu\u00f1a y anunci\u00f3 que el diputado Quim Torra es el nuevo candidato de su formaci\u00f3n para ponerse al frente del Gobierno de la regi\u00f3n espa\u00f1ola. La decisi\u00f3n podr\u00eda suponer el fin de\" \/>\n\t\t<meta property=\"og:url\" content=\"https:\/\/www.eldigitaldeasturias.com\/noticias\/puigdemont-renuncia-a-presidir-cataluna-y-elige-un-nuevo-candidato\/\" \/>\n\t\t<meta property=\"article:tag\" content=\"actualidad\" \/>\n\t\t<meta property=\"article:published_time\" content=\"2018-05-11T08:08:15+00:00\" \/>\n\t\t<meta property=\"article:modified_time\" content=\"2018-05-11T08:08:15+00:00\" \/>\n\t\t<meta property=\"article:publisher\" content=\"https:\/\/facebook.com\/eldigitaldeasturias\" \/>\n\t\t<meta name=\"twitter:card\" content=\"summary_large_image\" \/>\n\t\t<meta name=\"twitter:title\" content=\"Puigdemont renuncia a presidir Catalu\u00f1a y elige un nuevo candidato - El Digital de Asturias\" \/>\n\t\t<meta name=\"twitter:description\" content=\"Berl\u00edn\/Madrid, 10 may (dpa) - Con la puerta cerrada por la Justicia espa\u00f1ola, el l\u00edder independentista catal\u00e1n Carles Puigdemont renunci\u00f3 hoy a presidir Catalu\u00f1a y anunci\u00f3 que el diputado Quim Torra es el nuevo candidato de su formaci\u00f3n para ponerse al frente del Gobierno de la regi\u00f3n espa\u00f1ola. La decisi\u00f3n podr\u00eda suponer el fin de\" \/>\n\t\t<meta name=\"twitter:image\" content=\"https:\/\/www.eldigitaldeasturias.com\/noticias\/wp-content\/uploads\/2020\/12\/EDA-1.jpg\" \/>\n\t\t<meta name=\"twitter:label1\" content=\"Escrito por\" \/>\n\t\t<meta name=\"twitter:data1\" content=\"El Digital de Asturias\" \/>\n\t\t<meta name=\"twitter:label2\" content=\"Tiempo de lectura estimado\" \/>\n\t\t<meta name=\"twitter:data2\" content=\"3 minutos\" \/>\n\t\t<script type=\"application\/ld+json\" class=\"aioseo-schema\">\n\t\t\t{\"@context\":\"https:\\\/\\\/schema.org\",\"@graph\":[{\"@type\":\"BlogPosting\",\"@id\":\"https:\\\/\\\/www.eldigitaldeasturias.com\\\/noticias\\\/puigdemont-renuncia-a-presidir-cataluna-y-elige-un-nuevo-candidato\\\/#blogposting\",\"name\":\"Puigdemont renuncia a presidir Catalu\\u00f1a y elige un nuevo candidato - El Digital de Asturias\",\"headline\":\"Puigdemont renuncia a presidir Catalu\\u00f1a y elige un nuevo candidato\",\"author\":{\"@id\":\"https:\\\/\\\/www.eldigitaldeasturias.com\\\/noticias\\\/author\\\/admin\\\/#author\"},\"publisher\":{\"@id\":\"https:\\\/\\\/www.eldigitaldeasturias.com\\\/noticias\\\/#organization\"},\"image\":{\"@type\":\"ImageObject\",\"url\":973532},\"datePublished\":\"2018-05-11T08:08:15+02:00\",\"dateModified\":\"2018-05-11T08:08:15+02:00\",\"inLanguage\":\"es-ES\",\"mainEntityOfPage\":{\"@id\":\"https:\\\/\\\/www.eldigitaldeasturias.com\\\/noticias\\\/puigdemont-renuncia-a-presidir-cataluna-y-elige-un-nuevo-candidato\\\/#webpage\"},\"isPartOf\":{\"@id\":\"https:\\\/\\\/www.eldigitaldeasturias.com\\\/noticias\\\/puigdemont-renuncia-a-presidir-cataluna-y-elige-un-nuevo-candidato\\\/#webpage\"},\"articleSection\":\"Actualidad\"},{\"@type\":\"BreadcrumbList\",\"@id\":\"https:\\\/\\\/www.eldigitaldeasturias.com\\\/noticias\\\/puigdemont-renuncia-a-presidir-cataluna-y-elige-un-nuevo-candidato\\\/#breadcrumblist\",\"itemListElement\":[{\"@type\":\"ListItem\",\"@id\":\"https:\\\/\\\/www.eldigitaldeasturias.com\\\/noticias#listItem\",\"position\":1,\"name\":\"Home\",\"item\":\"https:\\\/\\\/www.eldigitaldeasturias.com\\\/noticias\",\"nextItem\":{\"@type\":\"ListItem\",\"@id\":\"https:\\\/\\\/www.eldigitaldeasturias.com\\\/noticias\\\/category\\\/actualidad\\\/#listItem\",\"name\":\"Actualidad\"}},{\"@type\":\"ListItem\",\"@id\":\"https:\\\/\\\/www.eldigitaldeasturias.com\\\/noticias\\\/category\\\/actualidad\\\/#listItem\",\"position\":2,\"name\":\"Actualidad\",\"item\":\"https:\\\/\\\/www.eldigitaldeasturias.com\\\/noticias\\\/category\\\/actualidad\\\/\",\"nextItem\":{\"@type\":\"ListItem\",\"@id\":\"https:\\\/\\\/www.eldigitaldeasturias.com\\\/noticias\\\/puigdemont-renuncia-a-presidir-cataluna-y-elige-un-nuevo-candidato\\\/#listItem\",\"name\":\"Puigdemont renuncia a presidir Catalu\\u00f1a y elige un nuevo candidato\"},\"previousItem\":{\"@type\":\"ListItem\",\"@id\":\"https:\\\/\\\/www.eldigitaldeasturias.com\\\/noticias#listItem\",\"name\":\"Home\"}},{\"@type\":\"ListItem\",\"@id\":\"https:\\\/\\\/www.eldigitaldeasturias.com\\\/noticias\\\/puigdemont-renuncia-a-presidir-cataluna-y-elige-un-nuevo-candidato\\\/#listItem\",\"position\":3,\"name\":\"Puigdemont renuncia a presidir Catalu\\u00f1a y elige un nuevo candidato\",\"previousItem\":{\"@type\":\"ListItem\",\"@id\":\"https:\\\/\\\/www.eldigitaldeasturias.com\\\/noticias\\\/category\\\/actualidad\\\/#listItem\",\"name\":\"Actualidad\"}}]},{\"@type\":\"Organization\",\"@id\":\"https:\\\/\\\/www.eldigitaldeasturias.com\\\/noticias\\\/#organization\",\"name\":\"El Digital de Asturias\",\"description\":\"Hemeroteca\",\"url\":\"https:\\\/\\\/www.eldigitaldeasturias.com\\\/noticias\\\/\",\"email\":\"info@eldigitaldeasturias.com\",\"telephone\":\"+34652131393\",\"logo\":{\"@type\":\"ImageObject\",\"url\":\"https:\\\/\\\/www.eldigitaldeasturias.com\\\/noticias\\\/wp-content\\\/uploads\\\/2020\\\/12\\\/EDA.jpg\",\"@id\":\"https:\\\/\\\/www.eldigitaldeasturias.com\\\/noticias\\\/puigdemont-renuncia-a-presidir-cataluna-y-elige-un-nuevo-candidato\\\/#organizationLogo\"},\"image\":{\"@id\":\"https:\\\/\\\/www.eldigitaldeasturias.com\\\/noticias\\\/puigdemont-renuncia-a-presidir-cataluna-y-elige-un-nuevo-candidato\\\/#organizationLogo\"},\"sameAs\":[\"https:\\\/\\\/facebook.com\\\/eldigitaldeasturias\",\"https:\\\/\\\/www.youtube.com\\\/channel\\\/UCZP-2wLEB9Rv6erhFmqVnvg\"],\"address\":{\"@id\":\"https:\\\/\\\/www.eldigitaldeasturias.com\\\/noticias\\\/#postaladdress\",\"@type\":\"PostalAddress\",\"streetAddress\":\"san antonio 4\",\"postalCode\":\"33430\",\"addressLocality\":\"Cand\\u00e1s\",\"addressRegion\":\"Asturias\",\"addressCountry\":\"ES\"}},{\"@type\":\"Person\",\"@id\":\"https:\\\/\\\/www.eldigitaldeasturias.com\\\/noticias\\\/author\\\/admin\\\/#author\",\"url\":\"https:\\\/\\\/www.eldigitaldeasturias.com\\\/noticias\\\/author\\\/admin\\\/\",\"name\":\"El Digital de Asturias\",\"image\":{\"@type\":\"ImageObject\",\"@id\":\"https:\\\/\\\/www.eldigitaldeasturias.com\\\/noticias\\\/puigdemont-renuncia-a-presidir-cataluna-y-elige-un-nuevo-candidato\\\/#authorImage\",\"url\":\"https:\\\/\\\/secure.gravatar.com\\\/avatar\\\/df2aeffc32bcd13f8d26072ef8a91b623d677766deac7f97ca815868cd41bf5e?s=96&d=mm&r=g\",\"width\":96,\"height\":96,\"caption\":\"El Digital de Asturias\"}},{\"@type\":\"WebPage\",\"@id\":\"https:\\\/\\\/www.eldigitaldeasturias.com\\\/noticias\\\/puigdemont-renuncia-a-presidir-cataluna-y-elige-un-nuevo-candidato\\\/#webpage\",\"url\":\"https:\\\/\\\/www.eldigitaldeasturias.com\\\/noticias\\\/puigdemont-renuncia-a-presidir-cataluna-y-elige-un-nuevo-candidato\\\/\",\"name\":\"Puigdemont renuncia a presidir Catalu\\u00f1a y elige un nuevo candidato - El Digital de Asturias\",\"description\":\"Berl\\u00edn\\\/Madrid, 10 may (dpa) - Con la puerta cerrada por la Justicia espa\\u00f1ola, el l\\u00edder independentista catal\\u00e1n Carles Puigdemont renunci\\u00f3 hoy a presidir Catalu\\u00f1a y anunci\\u00f3 que el diputado Quim Torra es el nuevo candidato de su formaci\\u00f3n para ponerse al frente del Gobierno de la regi\\u00f3n espa\\u00f1ola. La decisi\\u00f3n podr\\u00eda suponer el fin de\",\"inLanguage\":\"es-ES\",\"isPartOf\":{\"@id\":\"https:\\\/\\\/www.eldigitaldeasturias.com\\\/noticias\\\/#website\"},\"breadcrumb\":{\"@id\":\"https:\\\/\\\/www.eldigitaldeasturias.com\\\/noticias\\\/puigdemont-renuncia-a-presidir-cataluna-y-elige-un-nuevo-candidato\\\/#breadcrumblist\"},\"author\":{\"@id\":\"https:\\\/\\\/www.eldigitaldeasturias.com\\\/noticias\\\/author\\\/admin\\\/#author\"},\"creator\":{\"@id\":\"https:\\\/\\\/www.eldigitaldeasturias.com\\\/noticias\\\/author\\\/admin\\\/#author\"},\"image\":{\"@type\":\"ImageObject\",\"url\":973532,\"@id\":\"https:\\\/\\\/www.eldigitaldeasturias.com\\\/noticias\\\/puigdemont-renuncia-a-presidir-cataluna-y-elige-un-nuevo-candidato\\\/#mainImage\"},\"primaryImageOfPage\":{\"@id\":\"https:\\\/\\\/www.eldigitaldeasturias.com\\\/noticias\\\/puigdemont-renuncia-a-presidir-cataluna-y-elige-un-nuevo-candidato\\\/#mainImage\"},\"datePublished\":\"2018-05-11T08:08:15+02:00\",\"dateModified\":\"2018-05-11T08:08:15+02:00\"},{\"@type\":\"WebSite\",\"@id\":\"https:\\\/\\\/www.eldigitaldeasturias.com\\\/noticias\\\/#website\",\"url\":\"https:\\\/\\\/www.eldigitaldeasturias.com\\\/noticias\\\/\",\"name\":\"El Digital de Asturias - Diario de actualidad y noticias\",\"alternateName\":\"El Digital de Asturias - Diario de actualidad y noticias\",\"description\":\"Hemeroteca\",\"inLanguage\":\"es-ES\",\"publisher\":{\"@id\":\"https:\\\/\\\/www.eldigitaldeasturias.com\\\/noticias\\\/#organization\"}}]}\n\t\t<\/script>\n\t\t<!-- All in One SEO Pro -->\r\n\t\t<title>Puigdemont renuncia a presidir Catalu\u00f1a y elige un nuevo candidato - El Digital de Asturias<\/title>\n\n","aioseo_head_json":{"title":"Puigdemont renuncia a presidir Catalu\u00f1a y elige un nuevo candidato - El Digital de Asturias","description":"Berl\u00edn\/Madrid, 10 may (dpa) - Con la puerta cerrada por la Justicia espa\u00f1ola, el l\u00edder independentista catal\u00e1n Carles Puigdemont renunci\u00f3 hoy a presidir Catalu\u00f1a y anunci\u00f3 que el diputado Quim Torra es el nuevo candidato de su formaci\u00f3n para ponerse al frente del Gobierno de la regi\u00f3n espa\u00f1ola. La decisi\u00f3n podr\u00eda suponer el fin de","canonical_url":"https:\/\/www.eldigitaldeasturias.com\/noticias\/puigdemont-renuncia-a-presidir-cataluna-y-elige-un-nuevo-candidato\/","robots":"max-image-preview:large","keywords":"actualidad","webmasterTools":{"google-site-verification":"UA-38556648-1","msvalidate.01":"7dfe9f3f1b24437ab69f4f2559babe99","miscellaneous":""},"schema":{"@context":"https:\/\/schema.org","@graph":[{"@type":"BlogPosting","@id":"https:\/\/www.eldigitaldeasturias.com\/noticias\/puigdemont-renuncia-a-presidir-cataluna-y-elige-un-nuevo-candidato\/#blogposting","name":"Puigdemont renuncia a presidir Catalu\u00f1a y elige un nuevo candidato - El Digital de Asturias","headline":"Puigdemont renuncia a presidir Catalu\u00f1a y elige un nuevo candidato","author":{"@id":"https:\/\/www.eldigitaldeasturias.com\/noticias\/author\/admin\/#author"},"publisher":{"@id":"https:\/\/www.eldigitaldeasturias.com\/noticias\/#organization"},"image":{"@type":"ImageObject","url":973532},"datePublished":"2018-05-11T08:08:15+02:00","dateModified":"2018-05-11T08:08:15+02:00","inLanguage":"es-ES","mainEntityOfPage":{"@id":"https:\/\/www.eldigitaldeasturias.com\/noticias\/puigdemont-renuncia-a-presidir-cataluna-y-elige-un-nuevo-candidato\/#webpage"},"isPartOf":{"@id":"https:\/\/www.eldigitaldeasturias.com\/noticias\/puigdemont-renuncia-a-presidir-cataluna-y-elige-un-nuevo-candidato\/#webpage"},"articleSection":"Actualidad"},{"@type":"BreadcrumbList","@id":"https:\/\/www.eldigitaldeasturias.com\/noticias\/puigdemont-renuncia-a-presidir-cataluna-y-elige-un-nuevo-candidato\/#breadcrumblist","itemListElement":[{"@type":"ListItem","@id":"https:\/\/www.eldigitaldeasturias.com\/noticias#listItem","position":1,"name":"Home","item":"https:\/\/www.eldigitaldeasturias.com\/noticias","nextItem":{"@type":"ListItem","@id":"https:\/\/www.eldigitaldeasturias.com\/noticias\/category\/actualidad\/#listItem","name":"Actualidad"}},{"@type":"ListItem","@id":"https:\/\/www.eldigitaldeasturias.com\/noticias\/category\/actualidad\/#listItem","position":2,"name":"Actualidad","item":"https:\/\/www.eldigitaldeasturias.com\/noticias\/category\/actualidad\/","nextItem":{"@type":"ListItem","@id":"https:\/\/www.eldigitaldeasturias.com\/noticias\/puigdemont-renuncia-a-presidir-cataluna-y-elige-un-nuevo-candidato\/#listItem","name":"Puigdemont renuncia a presidir Catalu\u00f1a y elige un nuevo candidato"},"previousItem":{"@type":"ListItem","@id":"https:\/\/www.eldigitaldeasturias.com\/noticias#listItem","name":"Home"}},{"@type":"ListItem","@id":"https:\/\/www.eldigitaldeasturias.com\/noticias\/puigdemont-renuncia-a-presidir-cataluna-y-elige-un-nuevo-candidato\/#listItem","position":3,"name":"Puigdemont renuncia a presidir Catalu\u00f1a y elige un nuevo candidato","previousItem":{"@type":"ListItem","@id":"https:\/\/www.eldigitaldeasturias.com\/noticias\/category\/actualidad\/#listItem","name":"Actualidad"}}]},{"@type":"Organization","@id":"https:\/\/www.eldigitaldeasturias.com\/noticias\/#organization","name":"El Digital de Asturias","description":"Hemeroteca","url":"https:\/\/www.eldigitaldeasturias.com\/noticias\/","email":"info@eldigitaldeasturias.com","telephone":"+34652131393","logo":{"@type":"ImageObject","url":"https:\/\/www.eldigitaldeasturias.com\/noticias\/wp-content\/uploads\/2020\/12\/EDA.jpg","@id":"https:\/\/www.eldigitaldeasturias.com\/noticias\/puigdemont-renuncia-a-presidir-cataluna-y-elige-un-nuevo-candidato\/#organizationLogo"},"image":{"@id":"https:\/\/www.eldigitaldeasturias.com\/noticias\/puigdemont-renuncia-a-presidir-cataluna-y-elige-un-nuevo-candidato\/#organizationLogo"},"sameAs":["https:\/\/facebook.com\/eldigitaldeasturias","https:\/\/www.youtube.com\/channel\/UCZP-2wLEB9Rv6erhFmqVnvg"],"address":{"@id":"https:\/\/www.eldigitaldeasturias.com\/noticias\/#postaladdress","@type":"PostalAddress","streetAddress":"san antonio 4","postalCode":"33430","addressLocality":"Cand\u00e1s","addressRegion":"Asturias","addressCountry":"ES"}},{"@type":"Person","@id":"https:\/\/www.eldigitaldeasturias.com\/noticias\/author\/admin\/#author","url":"https:\/\/www.eldigitaldeasturias.com\/noticias\/author\/admin\/","name":"El Digital de Asturias","image":{"@type":"ImageObject","@id":"https:\/\/www.eldigitaldeasturias.com\/noticias\/puigdemont-renuncia-a-presidir-cataluna-y-elige-un-nuevo-candidato\/#authorImage","url":"https:\/\/secure.gravatar.com\/avatar\/df2aeffc32bcd13f8d26072ef8a91b623d677766deac7f97ca815868cd41bf5e?s=96&d=mm&r=g","width":96,"height":96,"caption":"El Digital de Asturias"}},{"@type":"WebPage","@id":"https:\/\/www.eldigitaldeasturias.com\/noticias\/puigdemont-renuncia-a-presidir-cataluna-y-elige-un-nuevo-candidato\/#webpage","url":"https:\/\/www.eldigitaldeasturias.com\/noticias\/puigdemont-renuncia-a-presidir-cataluna-y-elige-un-nuevo-candidato\/","name":"Puigdemont renuncia a presidir Catalu\u00f1a y elige un nuevo candidato - El Digital de Asturias","description":"Berl\u00edn\/Madrid, 10 may (dpa) - Con la puerta cerrada por la Justicia espa\u00f1ola, el l\u00edder independentista catal\u00e1n Carles Puigdemont renunci\u00f3 hoy a presidir Catalu\u00f1a y anunci\u00f3 que el diputado Quim Torra es el nuevo candidato de su formaci\u00f3n para ponerse al frente del Gobierno de la regi\u00f3n espa\u00f1ola. La decisi\u00f3n podr\u00eda suponer el fin de","inLanguage":"es-ES","isPartOf":{"@id":"https:\/\/www.eldigitaldeasturias.com\/noticias\/#website"},"breadcrumb":{"@id":"https:\/\/www.eldigitaldeasturias.com\/noticias\/puigdemont-renuncia-a-presidir-cataluna-y-elige-un-nuevo-candidato\/#breadcrumblist"},"author":{"@id":"https:\/\/www.eldigitaldeasturias.com\/noticias\/author\/admin\/#author"},"creator":{"@id":"https:\/\/www.eldigitaldeasturias.com\/noticias\/author\/admin\/#author"},"image":{"@type":"ImageObject","url":973532,"@id":"https:\/\/www.eldigitaldeasturias.com\/noticias\/puigdemont-renuncia-a-presidir-cataluna-y-elige-un-nuevo-candidato\/#mainImage"},"primaryImageOfPage":{"@id":"https:\/\/www.eldigitaldeasturias.com\/noticias\/puigdemont-renuncia-a-presidir-cataluna-y-elige-un-nuevo-candidato\/#mainImage"},"datePublished":"2018-05-11T08:08:15+02:00","dateModified":"2018-05-11T08:08:15+02:00"},{"@type":"WebSite","@id":"https:\/\/www.eldigitaldeasturias.com\/noticias\/#website","url":"https:\/\/www.eldigitaldeasturias.com\/noticias\/","name":"El Digital de Asturias - Diario de actualidad y noticias","alternateName":"El Digital de Asturias - Diario de actualidad y noticias","description":"Hemeroteca","inLanguage":"es-ES","publisher":{"@id":"https:\/\/www.eldigitaldeasturias.com\/noticias\/#organization"}}]},"og:locale":"es_ES","og:site_name":"El Digital de Asturias","og:type":"article","og:title":"Puigdemont renuncia a presidir Catalu\u00f1a y elige un nuevo candidato - El Digital de Asturias","og:description":"Berl\u00edn\/Madrid, 10 may (dpa) - Con la puerta cerrada por la Justicia espa\u00f1ola, el l\u00edder independentista catal\u00e1n Carles Puigdemont renunci\u00f3 hoy a presidir Catalu\u00f1a y anunci\u00f3 que el diputado Quim Torra es el nuevo candidato de su formaci\u00f3n para ponerse al frente del Gobierno de la regi\u00f3n espa\u00f1ola. La decisi\u00f3n podr\u00eda suponer el fin de","og:url":"https:\/\/www.eldigitaldeasturias.com\/noticias\/puigdemont-renuncia-a-presidir-cataluna-y-elige-un-nuevo-candidato\/","article:tag":["actualidad"],"article:published_time":"2018-05-11T08:08:15+00:00","article:modified_time":"2018-05-11T08:08:15+00:00","article:publisher":"https:\/\/facebook.com\/eldigitaldeasturias","twitter:card":"summary_large_image","twitter:title":"Puigdemont renuncia a presidir Catalu\u00f1a y elige un nuevo candidato - El Digital de Asturias","twitter:description":"Berl\u00edn\/Madrid, 10 may (dpa) - Con la puerta cerrada por la Justicia espa\u00f1ola, el l\u00edder independentista catal\u00e1n Carles Puigdemont renunci\u00f3 hoy a presidir Catalu\u00f1a y anunci\u00f3 que el diputado Quim Torra es el nuevo candidato de su formaci\u00f3n para ponerse al frente del Gobierno de la regi\u00f3n espa\u00f1ola. La decisi\u00f3n podr\u00eda suponer el fin de","twitter:image":"https:\/\/www.eldigitaldeasturias.com\/noticias\/wp-content\/uploads\/2020\/12\/EDA-1.jpg","twitter:label1":"Escrito por","twitter:data1":"El Digital de Asturias","twitter:label2":"Tiempo de lectura estimado","twitter:data2":"3 minutos"},"aioseo_meta_data":{"post_id":"979828","title":null,"description":null,"keywords":null,"keyphrases":null,"primary_term":null,"canonical_url":null,"og_title":null,"og_description":null,"og_object_type":"default","og_image_type":"default","og_image_url":null,"og_image_width":null,"og_image_height":null,"og_image_custom_url":null,"og_image_custom_fields":null,"og_video":null,"og_custom_url":null,"og_article_section":null,"og_article_tags":null,"twitter_use_og":false,"twitter_card":"default","twitter_image_type":"default","twitter_image_url":null,"twitter_image_custom_url":null,"twitter_image_custom_fields":null,"twitter_title":null,"twitter_description":null,"schema":{"blockGraphs":[],"customGraphs":[],"default":{"data":{"Article":[],"Course":[],"Dataset":[],"FAQPage":[],"Movie":[],"Person":[],"Product":[],"ProductReview":[],"Car":[],"Recipe":[],"Service":[],"SoftwareApplication":[],"WebPage":[]},"graphName":"","isEnabled":true},"graphs":[],"defaultGraph":"","defaultPostTypeGraph":""},"schema_type":null,"schema_type_options":null,"pillar_content":false,"robots_default":true,"robots_noindex":false,"robots_noarchive":false,"robots_nosnippet":false,"robots_nofollow":false,"robots_noimageindex":false,"robots_noodp":false,"robots_notranslate":false,"robots_max_snippet":null,"robots_max_videopreview":null,"robots_max_imagepreview":"large","priority":null,"frequency":null,"local_seo":null,"seo_analyzer_scan_date":"2025-10-08 15:45:12","breadcrumb_settings":null,"limit_modified_date":false,"open_ai":null,"ai":null,"created":"2020-12-21 11:58:37","updated":"2025-10-08 15:45:12","focus_keyword":null,"additional_keywords":null,"truseo_locale":null},"aioseo_breadcrumb":"<div class=\"aioseo-breadcrumbs\"><span class=\"aioseo-breadcrumb\">\n\t<a href=\"https:\/\/www.eldigitaldeasturias.com\/noticias\" title=\"Home\">Home<\/a>\n<\/span><span class=\"aioseo-breadcrumb-separator\">\u2013<\/span><span class=\"aioseo-breadcrumb\">\n\t<a href=\"https:\/\/www.eldigitaldeasturias.com\/noticias\/category\/actualidad\/\" title=\"Actualidad\">Actualidad<\/a>\n<\/span><span class=\"aioseo-breadcrumb-separator\">\u2013<\/span><span class=\"aioseo-breadcrumb\">\n\t<a href=\"https:\/\/www.eldigitaldeasturias.com\/noticias\/puigdemont-renuncia-a-presidir-cataluna-y-elige-un-nuevo-candidato\/\" title=\"Puigdemont renuncia a presidir Catalu\u00f1a y elige un nuevo candidato\">Puigdemont renuncia a presidir Catalu\u00f1a y elige un nuevo candidato<\/a>\n<\/span><\/div>","aioseo_breadcrumb_json":[{"label":"Home","link":"https:\/\/www.eldigitaldeasturias.com\/noticias"},{"label":"Actualidad","link":"https:\/\/www.eldigitaldeasturias.com\/noticias\/category\/actualidad\/"},{"label":"Puigdemont renuncia a presidir Catalu\u00f1a y elige un nuevo candidato","link":"https:\/\/www.eldigitaldeasturias.com\/noticias\/puigdemont-renuncia-a-presidir-cataluna-y-elige-un-nuevo-candidato\/"}],"_links":{"self":[{"href":"https:\/\/www.eldigitaldeasturias.com\/noticias\/wp-json\/wp\/v2\/posts\/979828","targetHints":{"allow":["GET"]}}],"collection":[{"href":"https:\/\/www.eldigitaldeasturias.com\/noticias\/wp-json\/wp\/v2\/posts"}],"about":[{"href":"https:\/\/www.eldigitaldeasturias.com\/noticias\/wp-json\/wp\/v2\/types\/post"}],"author":[{"embeddable":true,"href":"https:\/\/www.eldigitaldeasturias.com\/noticias\/wp-json\/wp\/v2\/users\/1"}],"replies":[{"embeddable":true,"href":"https:\/\/www.eldigitaldeasturias.com\/noticias\/wp-json\/wp\/v2\/comments?post=979828"}],"version-history":[{"count":0,"href":"https:\/\/www.eldigitaldeasturias.com\/noticias\/wp-json\/wp\/v2\/posts\/979828\/revisions"}],"wp:attachment":[{"href":"https:\/\/www.eldigitaldeasturias.com\/noticias\/wp-json\/wp\/v2\/media?parent=979828"}],"wp:term":[{"taxonomy":"category","embeddable":true,"href":"https:\/\/www.eldigitaldeasturias.com\/noticias\/wp-json\/wp\/v2\/categories?post=979828"},{"taxonomy":"post_tag","embeddable":true,"href":"https:\/\/www.eldigitaldeasturias.com\/noticias\/wp-json\/wp\/v2\/tags?post=979828"}],"curies":[{"name":"wp","href":"https:\/\/api.w.org\/{rel}","templated":true}]}}