{"id":979826,"date":"2018-05-11T08:05:30","date_gmt":"2018-05-11T08:05:30","guid":{"rendered":"http:\/\/www.eldigitaldeasturias.com\/noticias\/?p=979826"},"modified":"2018-05-11T08:05:30","modified_gmt":"2018-05-11T08:05:30","slug":"la-escalada-entre-israel-e-iran-aviva-los-temores-a-una-guerra","status":"publish","type":"post","link":"https:\/\/www.eldigitaldeasturias.com\/noticias\/la-escalada-entre-israel-e-iran-aviva-los-temores-a-una-guerra\/","title":{"rendered":"La escalada entre Israel e Ir\u00e1n aviva los temores a una guerra"},"content":{"rendered":"<p><img loading=\"lazy\" decoding=\"async\" class=\"alignleft size-medium wp-image-453154\" src=\"https:\/\/www.eldigitaldeasturias.com\/noticias\/wp-content\/uploads\/2013\/11\/5749312w-360x239.jpg\" alt=\"\" width=\"360\" height=\"239\" \/>Tel Aviv\/Damasco, 10 may (dpa) &#8211; Las alarmantes noticias sobre un masivo ataque iran\u00ed con misiles llegaban poco despu\u00e9s de medianoche. Una veintena de disparos hicieron saltar las sirenas en los Altos del Gol\u00e1n y sacaron a los israel\u00edes de sus camas. Los misiles iban dirigidos contra puestos militares israel\u00edes en la frontera con Siria.<\/p>\n<p>Finalmente ninguno de esos misiles impact\u00f3 en la zona israel\u00ed: cuatro fueron derribados y el resto cay\u00f3 en la parte siria de la meseta conquistada por Israel en 1967. La reacci\u00f3n del Ej\u00e9rcito israel\u00ed tuvo sin embargo graves consecuencias: al menos 23 personas murieron en los ataques lanzados contra 50 objetivos iran\u00edes en Siria, inform\u00f3 el Observatorio Sirio para los Derechos Humanos. Ir\u00e1n es, junto con Rusia, el principal aliado del presidente Bashar al Assad en la guerra civil siria.<\/p>\n<p>\u00abHemos golpeado casi toda la infraestructura iran\u00ed en Siria\u00bb, afirm\u00f3 el ministro de ministro de Defensa israel\u00ed, Avigdor Lieberman. Seg\u00fan la prensa, se trata del peor ataque israel\u00ed en Siria desde la guerra de Yom Kippur en 1973. La peligrosa escalada se produce un d\u00eda despu\u00e9s de que el presidente estadounidense, Donald Trump, anunciase su retirada unilateral del acuerdo nuclear con Ir\u00e1n.<\/p>\n<p>El Ej\u00e9rcito israel\u00ed llevaba d\u00edas prepar\u00e1ndose para un ataque iran\u00ed en los Altos del Gol\u00e1n (Alturas del Gol\u00e1n) y los servicios secretos detectaron \u00abactividades sospechosas\u00bb de las fuerzas iran\u00edes en el pa\u00eds vecino.<\/p>\n<p>El primer ministro israel\u00ed, Benjamin Netanyahu, consider\u00f3 hoy que Ir\u00e1n traspas\u00f3 una \u00abl\u00ednea roja\u00bb con los ataques. \u00abEstamos en medio de una larga batalla y nuestra pol\u00edtica es clara: no permitiremos que Ir\u00e1n se atrinchere militarmente en Siria\u00bb, se\u00f1al\u00f3, en referencia a la reacci\u00f3n israel\u00ed.<\/p>\n<p>Teher\u00e1n ampl\u00eda cada vez m\u00e1s sus capacidades militares en Siria e Israel intenta desde hace tiempo frenar a su archienemigo con ataques a\u00e9reos. Tras sufrir p\u00e9rdidas en recientes ataques, Ir\u00e1n hab\u00eda jurado vengarse.<\/p>\n<p>Todav\u00eda no est\u00e1 claro qu\u00e9 pasar\u00e1 ahora. Como los ataques iran\u00edes contra los Altos del Gol\u00e1n no provocaron da\u00f1os, Teher\u00e1n podr\u00eda intentar atacar de nuevo. De hacerlo, Israel volver\u00eda a contraatacar y el conflicto podr\u00eda escalar r\u00e1pidamente y extenderse. \u00abDeben recordar que si llueve aqu\u00ed (en Israel), diluviar\u00e1 fuera\u00bb, amenaz\u00f3 el ministro israel\u00ed Lieberman.<\/p>\n<p>Para Riad Tabara, ex embajador liban\u00e9s en Washington, el riesgo de que se desate una gran guerra no es elevado. \u00abActualmente los ataques se limitan a un intercambio de golpes\u00bb, dijo a dpa. \u00abPara librar una gran guerra la milicia (libanesa) Hizbol\u00e1 necesitar\u00eda luz verde de Ir\u00e1n, Ir\u00e1n la necesitar\u00eda de Rusia e Israel de Estados Unidos\u00bb, se\u00f1al\u00f3, y ni Rusia ni Estados Unidos tienen inter\u00e9s en ello.<\/p>\n<p>Israel inform\u00f3 a Rusia sobre los ataques en Siria y el mi\u00e9rcoles hab\u00eda mostrado buena sinton\u00eda con Mosc\u00fa en una reuni\u00f3n entre el primer ministro israel\u00ed, Benjamin Netanyahu, y el presidente ruso, Vladimir Putin.<\/p>\n<p>Israel culpa de de los ataques a los Altos del Gol\u00e1n a las brigadas Al Quds -unidades de \u00e9lite de la Guardia Revolucionaria iran\u00ed- y a su comandante Qassem Suleimani. Este \u00faltimo tiene una fama legendaria entre los seguidores del presidente sirio Al Assad. Es el rostro de Teher\u00e1n que aparece una y otra vez en la guerra civil siria y es vitoreado. Ir\u00e1n utiliza en los combates en Siria sobre todo a la milicia libanesa Hizbol\u00e1, que lucha junto al Ej\u00e9rcito de Al Assad y otras milicias. Sin la ayuda de Ir\u00e1n, el presidente sirio habr\u00eda perdido el poder hace tiempo.<\/p>\n<p>La oposici\u00f3n siria ha llegado a afirmar que el pa\u00eds est\u00e1 \u00abocupado\u00bb por tropas iran\u00edes. Para Ir\u00e1n se trata de mantener un importante corredor que va desde L\u00edbano en el Mediterr\u00e1neo a trav\u00e9s de Siria e Irak hasta Teher\u00e1n, una ruta por la que pueden transportarse f\u00e1cilmente armas y tropas y que Israel considera una amenaza. Teher\u00e1n cuenta con una gran influencia en la regi\u00f3n mediante tropas que le son fieles. Seg\u00fan un alto cargo del Gobiero israel\u00ed hay hasta 70.000 milicianos chiitas en Siria.<\/p>\n<p>\u00abLa pelota est\u00e1 ahora en el tejado de Ir\u00e1n\u00bb, apunta Nitzan Nuriel, ex director de la oficina antiterrorista israel\u00ed. En su opini\u00f3n, los l\u00edderes iran\u00edes deben decidir \u00absi quieren intensificar el conflicto y por ejemplo poner en acci\u00f3n a Hizbol\u00e1\u00bb.<\/p>\n<p>\u00bfPero les interesa a Ir\u00e1n y Hizbol\u00e1 una guerra con Israel? A nivel militar ser\u00eda dif\u00edcil de ganar. Hizbol\u00e1 est\u00e1 debilitada tras sufrir grandes p\u00e9rdidas en la guerra siria. Y los analistas creen que tras su \u00e9xito en las elecciones parlamentarias de la semana pasada, la milicia libanesa no quiere asumir riesgos ahora mismo. Aun as\u00ed, puso en alerta a sus tropas en la frontera con Israel.<\/p>\n<p>A Ir\u00e1n tampoco le resultar\u00eda favorable enfrentarse ahora mismo a Israel a nivel diplom\u00e1tico, pues debilitar\u00eda los esfuerzos para salvar el acuerdo nuclear, que dependen sobre todo de Francia, Reino Unido y Alemania.<\/p>\n<p>En los pr\u00f3ximos d\u00edas se avecinan acontecimientos que podr\u00edan contribuir a una desestabilizaci\u00f3n de Cercano Oriente. En otra decisi\u00f3n unilateral, Trump trasladar\u00e1 el lunes la embajada estadounidense de Tel Aviv a Jerusal\u00e9n, para gran indignaci\u00f3n de los palestinos.<\/p>\n<p>Adem\u00e1s, estos conmemorar\u00e1n el martes el d\u00eda de la Nakba, que recuerda la expulsi\u00f3n de cientos de miles de palestinos tras la fundaci\u00f3n del Estado israel\u00ed hace 70 a\u00f1os. Ese d\u00eda un mill\u00f3n de personas tienen previsto marchar en la Franja de Gaza hacia la frontera con Israel, el culmen de unas protestas que desde finales de marzo dejaron m\u00e1s de 50 palestinos muertos.<\/p>\n<p>Por Sara Lemel y Jan Kuhlmann (dpa)<\/p>\n","protected":false},"excerpt":{"rendered":"<p>Tel Aviv\/Damasco, 10 may (dpa) &#8211; Las alarmantes noticias sobre un masivo ataque iran\u00ed con misiles llegaban poco despu\u00e9s de medianoche. Una veintena de disparos hicieron saltar las sirenas en los Altos del Gol\u00e1n y sacaron a los israel\u00edes de sus camas. Los misiles iban dirigidos contra puestos militares israel\u00edes en la frontera con Siria. [&hellip;]<\/p>\n","protected":false},"author":1,"featured_media":453154,"comment_status":"closed","ping_status":"closed","sticky":false,"template":"","format":"standard","meta":{"footnotes":""},"categories":[1],"tags":[],"class_list":["post-979826","post","type-post","status-publish","format-standard","has-post-thumbnail","hentry","category-actualidad"],"aioseo_notices":[],"aioseo_head":"\n\t\t<!-- All in One SEO Pro 5.0.1 - aioseo.com -->\n\t<meta name=\"description\" content=\"Tel Aviv\/Damasco, 10 may (dpa) - Las alarmantes noticias sobre un masivo ataque iran\u00ed con misiles llegaban poco despu\u00e9s de medianoche. Una veintena de disparos hicieron saltar las sirenas en los Altos del Gol\u00e1n y sacaron a los israel\u00edes de sus camas. Los misiles iban dirigidos contra puestos militares israel\u00edes en la frontera con Siria.\" \/>\n\t<meta name=\"robots\" content=\"max-image-preview:large\" \/>\n\t<meta name=\"author\" content=\"El Digital de Asturias\"\/>\n\t<meta name=\"google-site-verification\" content=\"UA-38556648-1\" \/>\n\t<meta name=\"msvalidate.01\" content=\"7dfe9f3f1b24437ab69f4f2559babe99\" \/>\n\t<meta name=\"keywords\" content=\"actualidad\" \/>\n\t<link rel=\"canonical\" href=\"https:\/\/www.eldigitaldeasturias.com\/noticias\/la-escalada-entre-israel-e-iran-aviva-los-temores-a-una-guerra\/\" \/>\n\t<meta name=\"generator\" content=\"All in One SEO Pro (AIOSEO) 5.0.1\" \/>\n\t\t<meta property=\"og:locale\" content=\"es_ES\" \/>\n\t\t<meta property=\"og:site_name\" content=\"El Digital de Asturias\" \/>\n\t\t<meta property=\"og:type\" content=\"article\" \/>\n\t\t<meta property=\"og:title\" content=\"La escalada entre Israel e Ir\u00e1n aviva los temores a una guerra - El Digital de Asturias\" \/>\n\t\t<meta property=\"og:description\" content=\"Tel Aviv\/Damasco, 10 may (dpa) - Las alarmantes noticias sobre un masivo ataque iran\u00ed con misiles llegaban poco despu\u00e9s de medianoche. Una veintena de disparos hicieron saltar las sirenas en los Altos del Gol\u00e1n y sacaron a los israel\u00edes de sus camas. Los misiles iban dirigidos contra puestos militares israel\u00edes en la frontera con Siria.\" \/>\n\t\t<meta property=\"og:url\" content=\"https:\/\/www.eldigitaldeasturias.com\/noticias\/la-escalada-entre-israel-e-iran-aviva-los-temores-a-una-guerra\/\" \/>\n\t\t<meta property=\"article:tag\" content=\"actualidad\" \/>\n\t\t<meta property=\"article:published_time\" content=\"2018-05-11T08:05:30+00:00\" \/>\n\t\t<meta property=\"article:modified_time\" content=\"2018-05-11T08:05:30+00:00\" \/>\n\t\t<meta property=\"article:publisher\" content=\"https:\/\/facebook.com\/eldigitaldeasturias\" \/>\n\t\t<meta name=\"twitter:card\" content=\"summary_large_image\" \/>\n\t\t<meta name=\"twitter:title\" content=\"La escalada entre Israel e Ir\u00e1n aviva los temores a una guerra - El Digital de Asturias\" \/>\n\t\t<meta name=\"twitter:description\" content=\"Tel Aviv\/Damasco, 10 may (dpa) - Las alarmantes noticias sobre un masivo ataque iran\u00ed con misiles llegaban poco despu\u00e9s de medianoche. Una veintena de disparos hicieron saltar las sirenas en los Altos del Gol\u00e1n y sacaron a los israel\u00edes de sus camas. Los misiles iban dirigidos contra puestos militares israel\u00edes en la frontera con Siria.\" \/>\n\t\t<meta name=\"twitter:image\" content=\"https:\/\/www.eldigitaldeasturias.com\/noticias\/wp-content\/uploads\/2020\/12\/EDA-1.jpg\" \/>\n\t\t<meta name=\"twitter:label1\" content=\"Escrito por\" \/>\n\t\t<meta name=\"twitter:data1\" content=\"El Digital de Asturias\" \/>\n\t\t<meta name=\"twitter:label2\" content=\"Tiempo de lectura estimado\" \/>\n\t\t<meta name=\"twitter:data2\" content=\"5 minutos\" \/>\n\t\t<script type=\"application\/ld+json\" class=\"aioseo-schema\">\n\t\t\t{\"@context\":\"https:\\\/\\\/schema.org\",\"@graph\":[{\"@type\":\"BlogPosting\",\"@id\":\"https:\\\/\\\/www.eldigitaldeasturias.com\\\/noticias\\\/la-escalada-entre-israel-e-iran-aviva-los-temores-a-una-guerra\\\/#blogposting\",\"name\":\"La escalada entre Israel e Ir\\u00e1n aviva los temores a una guerra - El Digital de Asturias\",\"headline\":\"La escalada entre Israel e Ir\\u00e1n aviva los temores a una guerra\",\"author\":{\"@id\":\"https:\\\/\\\/www.eldigitaldeasturias.com\\\/noticias\\\/author\\\/admin\\\/#author\"},\"publisher\":{\"@id\":\"https:\\\/\\\/www.eldigitaldeasturias.com\\\/noticias\\\/#organization\"},\"image\":{\"@type\":\"ImageObject\",\"url\":453154},\"datePublished\":\"2018-05-11T08:05:30+02:00\",\"dateModified\":\"2018-05-11T08:05:30+02:00\",\"inLanguage\":\"es-ES\",\"mainEntityOfPage\":{\"@id\":\"https:\\\/\\\/www.eldigitaldeasturias.com\\\/noticias\\\/la-escalada-entre-israel-e-iran-aviva-los-temores-a-una-guerra\\\/#webpage\"},\"isPartOf\":{\"@id\":\"https:\\\/\\\/www.eldigitaldeasturias.com\\\/noticias\\\/la-escalada-entre-israel-e-iran-aviva-los-temores-a-una-guerra\\\/#webpage\"},\"articleSection\":\"Actualidad\"},{\"@type\":\"BreadcrumbList\",\"@id\":\"https:\\\/\\\/www.eldigitaldeasturias.com\\\/noticias\\\/la-escalada-entre-israel-e-iran-aviva-los-temores-a-una-guerra\\\/#breadcrumblist\",\"itemListElement\":[{\"@type\":\"ListItem\",\"@id\":\"https:\\\/\\\/www.eldigitaldeasturias.com\\\/noticias#listItem\",\"position\":1,\"name\":\"Home\",\"item\":\"https:\\\/\\\/www.eldigitaldeasturias.com\\\/noticias\",\"nextItem\":{\"@type\":\"ListItem\",\"@id\":\"https:\\\/\\\/www.eldigitaldeasturias.com\\\/noticias\\\/category\\\/actualidad\\\/#listItem\",\"name\":\"Actualidad\"}},{\"@type\":\"ListItem\",\"@id\":\"https:\\\/\\\/www.eldigitaldeasturias.com\\\/noticias\\\/category\\\/actualidad\\\/#listItem\",\"position\":2,\"name\":\"Actualidad\",\"item\":\"https:\\\/\\\/www.eldigitaldeasturias.com\\\/noticias\\\/category\\\/actualidad\\\/\",\"nextItem\":{\"@type\":\"ListItem\",\"@id\":\"https:\\\/\\\/www.eldigitaldeasturias.com\\\/noticias\\\/la-escalada-entre-israel-e-iran-aviva-los-temores-a-una-guerra\\\/#listItem\",\"name\":\"La escalada entre Israel e Ir\\u00e1n aviva los temores a una guerra\"},\"previousItem\":{\"@type\":\"ListItem\",\"@id\":\"https:\\\/\\\/www.eldigitaldeasturias.com\\\/noticias#listItem\",\"name\":\"Home\"}},{\"@type\":\"ListItem\",\"@id\":\"https:\\\/\\\/www.eldigitaldeasturias.com\\\/noticias\\\/la-escalada-entre-israel-e-iran-aviva-los-temores-a-una-guerra\\\/#listItem\",\"position\":3,\"name\":\"La escalada entre Israel e Ir\\u00e1n aviva los temores a una guerra\",\"previousItem\":{\"@type\":\"ListItem\",\"@id\":\"https:\\\/\\\/www.eldigitaldeasturias.com\\\/noticias\\\/category\\\/actualidad\\\/#listItem\",\"name\":\"Actualidad\"}}]},{\"@type\":\"Organization\",\"@id\":\"https:\\\/\\\/www.eldigitaldeasturias.com\\\/noticias\\\/#organization\",\"name\":\"El Digital de Asturias\",\"description\":\"Hemeroteca\",\"url\":\"https:\\\/\\\/www.eldigitaldeasturias.com\\\/noticias\\\/\",\"email\":\"info@eldigitaldeasturias.com\",\"telephone\":\"+34652131393\",\"logo\":{\"@type\":\"ImageObject\",\"url\":\"https:\\\/\\\/www.eldigitaldeasturias.com\\\/noticias\\\/wp-content\\\/uploads\\\/2020\\\/12\\\/EDA.jpg\",\"@id\":\"https:\\\/\\\/www.eldigitaldeasturias.com\\\/noticias\\\/la-escalada-entre-israel-e-iran-aviva-los-temores-a-una-guerra\\\/#organizationLogo\"},\"image\":{\"@id\":\"https:\\\/\\\/www.eldigitaldeasturias.com\\\/noticias\\\/la-escalada-entre-israel-e-iran-aviva-los-temores-a-una-guerra\\\/#organizationLogo\"},\"sameAs\":[\"https:\\\/\\\/facebook.com\\\/eldigitaldeasturias\",\"https:\\\/\\\/www.youtube.com\\\/channel\\\/UCZP-2wLEB9Rv6erhFmqVnvg\"],\"address\":{\"@id\":\"https:\\\/\\\/www.eldigitaldeasturias.com\\\/noticias\\\/#postaladdress\",\"@type\":\"PostalAddress\",\"streetAddress\":\"san antonio 4\",\"postalCode\":\"33430\",\"addressLocality\":\"Cand\\u00e1s\",\"addressRegion\":\"Asturias\",\"addressCountry\":\"ES\"}},{\"@type\":\"Person\",\"@id\":\"https:\\\/\\\/www.eldigitaldeasturias.com\\\/noticias\\\/author\\\/admin\\\/#author\",\"url\":\"https:\\\/\\\/www.eldigitaldeasturias.com\\\/noticias\\\/author\\\/admin\\\/\",\"name\":\"El Digital de Asturias\",\"image\":{\"@type\":\"ImageObject\",\"@id\":\"https:\\\/\\\/www.eldigitaldeasturias.com\\\/noticias\\\/la-escalada-entre-israel-e-iran-aviva-los-temores-a-una-guerra\\\/#authorImage\",\"url\":\"https:\\\/\\\/secure.gravatar.com\\\/avatar\\\/df2aeffc32bcd13f8d26072ef8a91b623d677766deac7f97ca815868cd41bf5e?s=96&d=mm&r=g\",\"width\":96,\"height\":96,\"caption\":\"El Digital de Asturias\"}},{\"@type\":\"WebPage\",\"@id\":\"https:\\\/\\\/www.eldigitaldeasturias.com\\\/noticias\\\/la-escalada-entre-israel-e-iran-aviva-los-temores-a-una-guerra\\\/#webpage\",\"url\":\"https:\\\/\\\/www.eldigitaldeasturias.com\\\/noticias\\\/la-escalada-entre-israel-e-iran-aviva-los-temores-a-una-guerra\\\/\",\"name\":\"La escalada entre Israel e Ir\\u00e1n aviva los temores a una guerra - El Digital de Asturias\",\"description\":\"Tel Aviv\\\/Damasco, 10 may (dpa) - Las alarmantes noticias sobre un masivo ataque iran\\u00ed con misiles llegaban poco despu\\u00e9s de medianoche. Una veintena de disparos hicieron saltar las sirenas en los Altos del Gol\\u00e1n y sacaron a los israel\\u00edes de sus camas. Los misiles iban dirigidos contra puestos militares israel\\u00edes en la frontera con Siria.\",\"inLanguage\":\"es-ES\",\"isPartOf\":{\"@id\":\"https:\\\/\\\/www.eldigitaldeasturias.com\\\/noticias\\\/#website\"},\"breadcrumb\":{\"@id\":\"https:\\\/\\\/www.eldigitaldeasturias.com\\\/noticias\\\/la-escalada-entre-israel-e-iran-aviva-los-temores-a-una-guerra\\\/#breadcrumblist\"},\"author\":{\"@id\":\"https:\\\/\\\/www.eldigitaldeasturias.com\\\/noticias\\\/author\\\/admin\\\/#author\"},\"creator\":{\"@id\":\"https:\\\/\\\/www.eldigitaldeasturias.com\\\/noticias\\\/author\\\/admin\\\/#author\"},\"image\":{\"@type\":\"ImageObject\",\"url\":453154,\"@id\":\"https:\\\/\\\/www.eldigitaldeasturias.com\\\/noticias\\\/la-escalada-entre-israel-e-iran-aviva-los-temores-a-una-guerra\\\/#mainImage\"},\"primaryImageOfPage\":{\"@id\":\"https:\\\/\\\/www.eldigitaldeasturias.com\\\/noticias\\\/la-escalada-entre-israel-e-iran-aviva-los-temores-a-una-guerra\\\/#mainImage\"},\"datePublished\":\"2018-05-11T08:05:30+02:00\",\"dateModified\":\"2018-05-11T08:05:30+02:00\"},{\"@type\":\"WebSite\",\"@id\":\"https:\\\/\\\/www.eldigitaldeasturias.com\\\/noticias\\\/#website\",\"url\":\"https:\\\/\\\/www.eldigitaldeasturias.com\\\/noticias\\\/\",\"name\":\"El Digital de Asturias - Diario de actualidad y noticias\",\"alternateName\":\"El Digital de Asturias - Diario de actualidad y noticias\",\"description\":\"Hemeroteca\",\"inLanguage\":\"es-ES\",\"publisher\":{\"@id\":\"https:\\\/\\\/www.eldigitaldeasturias.com\\\/noticias\\\/#organization\"}}]}\n\t\t<\/script>\n\t\t<!-- All in One SEO Pro -->\r\n\t\t<title>La escalada entre Israel e Ir\u00e1n aviva los temores a una guerra - El Digital de Asturias<\/title>\n\n","aioseo_head_json":{"title":"La escalada entre Israel e Ir\u00e1n aviva los temores a una guerra - El Digital de Asturias","description":"Tel Aviv\/Damasco, 10 may (dpa) - Las alarmantes noticias sobre un masivo ataque iran\u00ed con misiles llegaban poco despu\u00e9s de medianoche. Una veintena de disparos hicieron saltar las sirenas en los Altos del Gol\u00e1n y sacaron a los israel\u00edes de sus camas. Los misiles iban dirigidos contra puestos militares israel\u00edes en la frontera con Siria.","canonical_url":"https:\/\/www.eldigitaldeasturias.com\/noticias\/la-escalada-entre-israel-e-iran-aviva-los-temores-a-una-guerra\/","robots":"max-image-preview:large","keywords":"actualidad","webmasterTools":{"google-site-verification":"UA-38556648-1","msvalidate.01":"7dfe9f3f1b24437ab69f4f2559babe99","miscellaneous":""},"schema":{"@context":"https:\/\/schema.org","@graph":[{"@type":"BlogPosting","@id":"https:\/\/www.eldigitaldeasturias.com\/noticias\/la-escalada-entre-israel-e-iran-aviva-los-temores-a-una-guerra\/#blogposting","name":"La escalada entre Israel e Ir\u00e1n aviva los temores a una guerra - El Digital de Asturias","headline":"La escalada entre Israel e Ir\u00e1n aviva los temores a una guerra","author":{"@id":"https:\/\/www.eldigitaldeasturias.com\/noticias\/author\/admin\/#author"},"publisher":{"@id":"https:\/\/www.eldigitaldeasturias.com\/noticias\/#organization"},"image":{"@type":"ImageObject","url":453154},"datePublished":"2018-05-11T08:05:30+02:00","dateModified":"2018-05-11T08:05:30+02:00","inLanguage":"es-ES","mainEntityOfPage":{"@id":"https:\/\/www.eldigitaldeasturias.com\/noticias\/la-escalada-entre-israel-e-iran-aviva-los-temores-a-una-guerra\/#webpage"},"isPartOf":{"@id":"https:\/\/www.eldigitaldeasturias.com\/noticias\/la-escalada-entre-israel-e-iran-aviva-los-temores-a-una-guerra\/#webpage"},"articleSection":"Actualidad"},{"@type":"BreadcrumbList","@id":"https:\/\/www.eldigitaldeasturias.com\/noticias\/la-escalada-entre-israel-e-iran-aviva-los-temores-a-una-guerra\/#breadcrumblist","itemListElement":[{"@type":"ListItem","@id":"https:\/\/www.eldigitaldeasturias.com\/noticias#listItem","position":1,"name":"Home","item":"https:\/\/www.eldigitaldeasturias.com\/noticias","nextItem":{"@type":"ListItem","@id":"https:\/\/www.eldigitaldeasturias.com\/noticias\/category\/actualidad\/#listItem","name":"Actualidad"}},{"@type":"ListItem","@id":"https:\/\/www.eldigitaldeasturias.com\/noticias\/category\/actualidad\/#listItem","position":2,"name":"Actualidad","item":"https:\/\/www.eldigitaldeasturias.com\/noticias\/category\/actualidad\/","nextItem":{"@type":"ListItem","@id":"https:\/\/www.eldigitaldeasturias.com\/noticias\/la-escalada-entre-israel-e-iran-aviva-los-temores-a-una-guerra\/#listItem","name":"La escalada entre Israel e Ir\u00e1n aviva los temores a una guerra"},"previousItem":{"@type":"ListItem","@id":"https:\/\/www.eldigitaldeasturias.com\/noticias#listItem","name":"Home"}},{"@type":"ListItem","@id":"https:\/\/www.eldigitaldeasturias.com\/noticias\/la-escalada-entre-israel-e-iran-aviva-los-temores-a-una-guerra\/#listItem","position":3,"name":"La escalada entre Israel e Ir\u00e1n aviva los temores a una guerra","previousItem":{"@type":"ListItem","@id":"https:\/\/www.eldigitaldeasturias.com\/noticias\/category\/actualidad\/#listItem","name":"Actualidad"}}]},{"@type":"Organization","@id":"https:\/\/www.eldigitaldeasturias.com\/noticias\/#organization","name":"El Digital de Asturias","description":"Hemeroteca","url":"https:\/\/www.eldigitaldeasturias.com\/noticias\/","email":"info@eldigitaldeasturias.com","telephone":"+34652131393","logo":{"@type":"ImageObject","url":"https:\/\/www.eldigitaldeasturias.com\/noticias\/wp-content\/uploads\/2020\/12\/EDA.jpg","@id":"https:\/\/www.eldigitaldeasturias.com\/noticias\/la-escalada-entre-israel-e-iran-aviva-los-temores-a-una-guerra\/#organizationLogo"},"image":{"@id":"https:\/\/www.eldigitaldeasturias.com\/noticias\/la-escalada-entre-israel-e-iran-aviva-los-temores-a-una-guerra\/#organizationLogo"},"sameAs":["https:\/\/facebook.com\/eldigitaldeasturias","https:\/\/www.youtube.com\/channel\/UCZP-2wLEB9Rv6erhFmqVnvg"],"address":{"@id":"https:\/\/www.eldigitaldeasturias.com\/noticias\/#postaladdress","@type":"PostalAddress","streetAddress":"san antonio 4","postalCode":"33430","addressLocality":"Cand\u00e1s","addressRegion":"Asturias","addressCountry":"ES"}},{"@type":"Person","@id":"https:\/\/www.eldigitaldeasturias.com\/noticias\/author\/admin\/#author","url":"https:\/\/www.eldigitaldeasturias.com\/noticias\/author\/admin\/","name":"El Digital de Asturias","image":{"@type":"ImageObject","@id":"https:\/\/www.eldigitaldeasturias.com\/noticias\/la-escalada-entre-israel-e-iran-aviva-los-temores-a-una-guerra\/#authorImage","url":"https:\/\/secure.gravatar.com\/avatar\/df2aeffc32bcd13f8d26072ef8a91b623d677766deac7f97ca815868cd41bf5e?s=96&d=mm&r=g","width":96,"height":96,"caption":"El Digital de Asturias"}},{"@type":"WebPage","@id":"https:\/\/www.eldigitaldeasturias.com\/noticias\/la-escalada-entre-israel-e-iran-aviva-los-temores-a-una-guerra\/#webpage","url":"https:\/\/www.eldigitaldeasturias.com\/noticias\/la-escalada-entre-israel-e-iran-aviva-los-temores-a-una-guerra\/","name":"La escalada entre Israel e Ir\u00e1n aviva los temores a una guerra - El Digital de Asturias","description":"Tel Aviv\/Damasco, 10 may (dpa) - Las alarmantes noticias sobre un masivo ataque iran\u00ed con misiles llegaban poco despu\u00e9s de medianoche. Una veintena de disparos hicieron saltar las sirenas en los Altos del Gol\u00e1n y sacaron a los israel\u00edes de sus camas. Los misiles iban dirigidos contra puestos militares israel\u00edes en la frontera con Siria.","inLanguage":"es-ES","isPartOf":{"@id":"https:\/\/www.eldigitaldeasturias.com\/noticias\/#website"},"breadcrumb":{"@id":"https:\/\/www.eldigitaldeasturias.com\/noticias\/la-escalada-entre-israel-e-iran-aviva-los-temores-a-una-guerra\/#breadcrumblist"},"author":{"@id":"https:\/\/www.eldigitaldeasturias.com\/noticias\/author\/admin\/#author"},"creator":{"@id":"https:\/\/www.eldigitaldeasturias.com\/noticias\/author\/admin\/#author"},"image":{"@type":"ImageObject","url":453154,"@id":"https:\/\/www.eldigitaldeasturias.com\/noticias\/la-escalada-entre-israel-e-iran-aviva-los-temores-a-una-guerra\/#mainImage"},"primaryImageOfPage":{"@id":"https:\/\/www.eldigitaldeasturias.com\/noticias\/la-escalada-entre-israel-e-iran-aviva-los-temores-a-una-guerra\/#mainImage"},"datePublished":"2018-05-11T08:05:30+02:00","dateModified":"2018-05-11T08:05:30+02:00"},{"@type":"WebSite","@id":"https:\/\/www.eldigitaldeasturias.com\/noticias\/#website","url":"https:\/\/www.eldigitaldeasturias.com\/noticias\/","name":"El Digital de Asturias - Diario de actualidad y noticias","alternateName":"El Digital de Asturias - Diario de actualidad y noticias","description":"Hemeroteca","inLanguage":"es-ES","publisher":{"@id":"https:\/\/www.eldigitaldeasturias.com\/noticias\/#organization"}}]},"og:locale":"es_ES","og:site_name":"El Digital de Asturias","og:type":"article","og:title":"La escalada entre Israel e Ir\u00e1n aviva los temores a una guerra - El Digital de Asturias","og:description":"Tel Aviv\/Damasco, 10 may (dpa) - Las alarmantes noticias sobre un masivo ataque iran\u00ed con misiles llegaban poco despu\u00e9s de medianoche. Una veintena de disparos hicieron saltar las sirenas en los Altos del Gol\u00e1n y sacaron a los israel\u00edes de sus camas. Los misiles iban dirigidos contra puestos militares israel\u00edes en la frontera con Siria.","og:url":"https:\/\/www.eldigitaldeasturias.com\/noticias\/la-escalada-entre-israel-e-iran-aviva-los-temores-a-una-guerra\/","article:tag":["actualidad"],"article:published_time":"2018-05-11T08:05:30+00:00","article:modified_time":"2018-05-11T08:05:30+00:00","article:publisher":"https:\/\/facebook.com\/eldigitaldeasturias","twitter:card":"summary_large_image","twitter:title":"La escalada entre Israel e Ir\u00e1n aviva los temores a una guerra - El Digital de Asturias","twitter:description":"Tel Aviv\/Damasco, 10 may (dpa) - Las alarmantes noticias sobre un masivo ataque iran\u00ed con misiles llegaban poco despu\u00e9s de medianoche. Una veintena de disparos hicieron saltar las sirenas en los Altos del Gol\u00e1n y sacaron a los israel\u00edes de sus camas. Los misiles iban dirigidos contra puestos militares israel\u00edes en la frontera con Siria.","twitter:image":"https:\/\/www.eldigitaldeasturias.com\/noticias\/wp-content\/uploads\/2020\/12\/EDA-1.jpg","twitter:label1":"Escrito por","twitter:data1":"El Digital de Asturias","twitter:label2":"Tiempo de lectura estimado","twitter:data2":"5 minutos"},"aioseo_meta_data":{"post_id":"979826","title":null,"description":null,"keywords":null,"keyphrases":null,"primary_term":null,"canonical_url":null,"og_title":null,"og_description":null,"og_object_type":"default","og_image_type":"default","og_image_url":null,"og_image_width":null,"og_image_height":null,"og_image_custom_url":null,"og_image_custom_fields":null,"og_video":null,"og_custom_url":null,"og_article_section":null,"og_article_tags":null,"twitter_use_og":false,"twitter_card":"default","twitter_image_type":"default","twitter_image_url":null,"twitter_image_custom_url":null,"twitter_image_custom_fields":null,"twitter_title":null,"twitter_description":null,"schema":{"blockGraphs":[],"customGraphs":[],"default":{"data":{"Article":[],"Course":[],"Dataset":[],"FAQPage":[],"Movie":[],"Person":[],"Product":[],"ProductReview":[],"Car":[],"Recipe":[],"Service":[],"SoftwareApplication":[],"WebPage":[]},"graphName":"","isEnabled":true},"graphs":[],"defaultGraph":"","defaultPostTypeGraph":""},"schema_type":null,"schema_type_options":null,"pillar_content":false,"robots_default":true,"robots_noindex":false,"robots_noarchive":false,"robots_nosnippet":false,"robots_nofollow":false,"robots_noimageindex":false,"robots_noodp":false,"robots_notranslate":false,"robots_max_snippet":null,"robots_max_videopreview":null,"robots_max_imagepreview":"large","priority":null,"frequency":null,"local_seo":null,"seo_analyzer_scan_date":"2025-10-08 15:43:16","breadcrumb_settings":null,"limit_modified_date":false,"open_ai":null,"ai":null,"created":"2020-12-21 11:58:37","updated":"2025-10-08 15:43:16","focus_keyword":null,"additional_keywords":null,"truseo_locale":null},"aioseo_breadcrumb":"<div class=\"aioseo-breadcrumbs\"><span class=\"aioseo-breadcrumb\">\n\t<a href=\"https:\/\/www.eldigitaldeasturias.com\/noticias\" title=\"Home\">Home<\/a>\n<\/span><span class=\"aioseo-breadcrumb-separator\">\u2013<\/span><span class=\"aioseo-breadcrumb\">\n\t<a href=\"https:\/\/www.eldigitaldeasturias.com\/noticias\/category\/actualidad\/\" title=\"Actualidad\">Actualidad<\/a>\n<\/span><span class=\"aioseo-breadcrumb-separator\">\u2013<\/span><span class=\"aioseo-breadcrumb\">\n\t<a href=\"https:\/\/www.eldigitaldeasturias.com\/noticias\/la-escalada-entre-israel-e-iran-aviva-los-temores-a-una-guerra\/\" title=\"La escalada entre Israel e Ir\u00e1n aviva los temores a una guerra\">La escalada entre Israel e Ir\u00e1n aviva los temores a una guerra<\/a>\n<\/span><\/div>","aioseo_breadcrumb_json":[{"label":"Home","link":"https:\/\/www.eldigitaldeasturias.com\/noticias"},{"label":"Actualidad","link":"https:\/\/www.eldigitaldeasturias.com\/noticias\/category\/actualidad\/"},{"label":"La escalada entre Israel e Ir\u00e1n aviva los temores a una guerra","link":"https:\/\/www.eldigitaldeasturias.com\/noticias\/la-escalada-entre-israel-e-iran-aviva-los-temores-a-una-guerra\/"}],"_links":{"self":[{"href":"https:\/\/www.eldigitaldeasturias.com\/noticias\/wp-json\/wp\/v2\/posts\/979826","targetHints":{"allow":["GET"]}}],"collection":[{"href":"https:\/\/www.eldigitaldeasturias.com\/noticias\/wp-json\/wp\/v2\/posts"}],"about":[{"href":"https:\/\/www.eldigitaldeasturias.com\/noticias\/wp-json\/wp\/v2\/types\/post"}],"author":[{"embeddable":true,"href":"https:\/\/www.eldigitaldeasturias.com\/noticias\/wp-json\/wp\/v2\/users\/1"}],"replies":[{"embeddable":true,"href":"https:\/\/www.eldigitaldeasturias.com\/noticias\/wp-json\/wp\/v2\/comments?post=979826"}],"version-history":[{"count":0,"href":"https:\/\/www.eldigitaldeasturias.com\/noticias\/wp-json\/wp\/v2\/posts\/979826\/revisions"}],"wp:attachment":[{"href":"https:\/\/www.eldigitaldeasturias.com\/noticias\/wp-json\/wp\/v2\/media?parent=979826"}],"wp:term":[{"taxonomy":"category","embeddable":true,"href":"https:\/\/www.eldigitaldeasturias.com\/noticias\/wp-json\/wp\/v2\/categories?post=979826"},{"taxonomy":"post_tag","embeddable":true,"href":"https:\/\/www.eldigitaldeasturias.com\/noticias\/wp-json\/wp\/v2\/tags?post=979826"}],"curies":[{"name":"wp","href":"https:\/\/api.w.org\/{rel}","templated":true}]}}