{"id":979817,"date":"2018-05-11T07:53:35","date_gmt":"2018-05-11T07:53:35","guid":{"rendered":"http:\/\/www.eldigitaldeasturias.com\/noticias\/?p=979817"},"modified":"2018-05-11T07:53:35","modified_gmt":"2018-05-11T07:53:35","slug":"macron-despierten-francia-ha-cambiado","status":"publish","type":"post","link":"https:\/\/www.eldigitaldeasturias.com\/noticias\/macron-despierten-francia-ha-cambiado\/","title":{"rendered":"Macron: \u00ab\u00a1Despierten! Francia ha cambiado\u00bb"},"content":{"rendered":"<p><img loading=\"lazy\" decoding=\"async\" class=\"alignleft size-medium wp-image-653067\" src=\"https:\/\/www.eldigitaldeasturias.com\/noticias\/wp-content\/uploads\/2014\/10\/6773324w-360x250.jpg\" alt=\"\" width=\"360\" height=\"250\" \/>Aquisgr\u00e1n (Alemania), 10 may (dpa) &#8211; El presidente franc\u00e9s, Emmanuel Macron, llam\u00f3 hoy a Alemania a sumarse a sus propuestas para relanzar la Uni\u00f3n Europea y dejar atr\u00e1s el \u00abfetichismo\u00bb del super\u00e1vit presupuestario y comercial en pos de una mayor solidaridad y convergencia que reviva al bloque sacudido por divisiones.<\/p>\n<p>\u00abEstos \u00faltimos a\u00f1os, Europa ha estado dividida: entre la Europa del norte y la del sur por la crisis financiera y entre la Europa del este y la del oeste por la migraci\u00f3n. Debemos recrear la solidaridad de cara a los desaf\u00edos de cada uno\u00bb, dijo el mandatario galo al ser distinguido con el Premio Carlomagno por su visi\u00f3n de una nueva Europa.<\/p>\n<p>El Gobierno de Merkel se viene resistiendo a una pol\u00edtica de mayores gastos y s\u00f3lo se ha comprometido a incrementar su cuota tras la salida del Reino Unido (\u00abBrexit\u00bb).<\/p>\n<p>Macron dijo que hab\u00eda visto \u00abuna Alemania ambiciosa, que ama a Europa, que aclama a Europa\u00bb pero que tambi\u00e9n hab\u00eda voces en Alemania que suger\u00edan que Francia no era seria y que quer\u00eda reformar Europa siguiendo sus propios intereses.<\/p>\n<p>\u00ab\u00a1Despierten! Francia ha cambiado\u00bb, dijo Macron en una apasionada alocuci\u00f3n ante personalidades y mandatarios europeos entre los que se encontraba el rey Felipe VI de Espa\u00f1a. \u00abFrancia ha hecho las reformas tan esperadas. Francia quiere una Europa para Europa, no para s\u00ed\u00bb.<\/p>\n<p>\u00abPero en Alemania no puede haber un eterno fetichismo del super\u00e1vit presupuestario y comercial, porque estos se logran a costa de los otros\u00bb, critic\u00f3 en direcci\u00f3n a la canciller Angela Merkel, quien pronunci\u00f3 poco antes el discurso laudatorio.<\/p>\n<p>Un a\u00f1o despu\u00e9s de asumir la presidencia francesa, Macron abog\u00f3 por construir la nueva Europa sobre la base de una mayor solidaridad y convergencia. \u00abCreo en una eurozona m\u00e1s fuerte, m\u00e1s integrada, con su propio presupuesto que permita inversiones y convergencia\u00bb, sostuvo.<\/p>\n<p>Merkel elogi\u00f3 el entusiasmo y el valor de Macron. \u00abEst\u00e1s lleno de ideas y has revitalizado el debate de la pol\u00edtica europea con nuevas propuestas (&#8230;) Me alegra que podamos trabajar juntos\u00bb, dijo la l\u00edder germana, quien se dirigi\u00f3 repetidamente a su par franc\u00e9s como \u00abquerido Emmanuel\u00bb.<\/p>\n<p>Sin embargo, la l\u00edder germana una vez m\u00e1s evit\u00f3 dar una respuesta concreta a las ambiciosas propuestas del franc\u00e9s. \u00abJunto con Francia estamos convencidos de que necesitamos el resurgimiento de Europa\u00bb, dijo Merkel y asegur\u00f3 que acordar\u00e1 con Macron propuestas que ser\u00e1n presentadas en la pr\u00f3xima cumbre de la Uni\u00f3n Europa de junio.<\/p>\n<p>Un d\u00eda antes, el nuevo ministro alem\u00e1n de Finanzas, el socialdem\u00f3crata Olaf Scholz, hab\u00eda pronosticado que el Estado alem\u00e1n recaudar\u00e1 hasta 2022 unos 63.300 millones (75.300 millones de d\u00f3lares) m\u00e1s de impuestos que los calculados inicialmente. Scholz dijo que el dinero destinado a algunas inversiones pero no mencion\u00f3 nada sobre una mayor contribuci\u00f3n a la Uni\u00f3n Europea.<\/p>\n<p>Macron destac\u00f3 la buena cooperaci\u00f3n con Alemania, pero urgi\u00f3 a la acci\u00f3n en vista de las crisis en el mundo y de la escalada de la violencia en el Cercano Oriente. \u00abNo podemos esperar, tenemos que hacer algo ahora\u00bb.<\/p>\n<p>Merkel coincidi\u00f3 en la necesidad de fortalecer la cooperaci\u00f3n en la eurozona y de profundizar la pol\u00edtica del exterior y de seguridad. \u00abNos escuchamos mutuamente y al final encontramos caminos comunes. Ese es el desaf\u00edo y la magia de Europa\u00bb.<\/p>\n<p>Macron aboga por crear un presupuesto com\u00fan de la eurozona y la figura de un ministro europeo de Finanzas para evitar crisis como la de hace una d\u00e9cada. En su alocuci\u00f3n enumer\u00f3 cuatro \u00abimperativos categ\u00f3ricos\u00bb para Europa: \u00abNo seamos d\u00e9biles, no nos dividamos, no seamos temerosos y no esperemos\u00bb.<\/p>\n<p>Europa debe construir su propia soberan\u00eda y no dejar que otras potencia rijan su destino. \u00abNos hemos decidido a crear paz y estabilidad en Cercano y Medio Oriente\u00bb, dijo en reacci\u00f3n a la salida de Estados Unidos del acuerdo para limitar las actividades nucleares de Ir\u00e1n y la imposici\u00f3n de nuevas sanciones.<\/p>\n<p>El Premio Carlomagno se otorga en la ciudad alemana de Aquisgr\u00e1n desde el a\u00f1o 1950. Ostenta el honor se de ser el premio m\u00e1s antiguo y conocido con el que son distinguidas tanto personalidades como instituciones cuyas sobresalientes aportaciones al \u00e1mbito pol\u00edtico, econ\u00f3mico y espiritual hayan servido para fomentar la unidad en Europa.<\/p>\n<p>El galard\u00f3n internacional comenz\u00f3 por la iniciativa de un grupo de personas destacadas de la ciudad alemana de Aquisgr\u00e1n, situada junto a la frontera con B\u00e9lgica y Holanda.<\/p>\n<p>All\u00ed tuvo su residencia Carlomagno (747\/748-814), rey de los francos, de Italia y emperador del Sacro Imperio Romano, que unific\u00f3 buena parte de Europa Occidental en su imperio. Aunque su reino se partir\u00eda de nuevo en varios Estados durante la alta Edad Media, se lo recuerda como un predecesor de la unidad de Europa.<\/p>\n<p>Por Christian B\u00f6hmer, Georg Ismar y Elke Silberer (dpa)<\/p>\n","protected":false},"excerpt":{"rendered":"<p>Aquisgr\u00e1n (Alemania), 10 may (dpa) &#8211; El presidente franc\u00e9s, Emmanuel Macron, llam\u00f3 hoy a Alemania a sumarse a sus propuestas para relanzar la Uni\u00f3n Europea y dejar atr\u00e1s el \u00abfetichismo\u00bb del super\u00e1vit presupuestario y comercial en pos de una mayor solidaridad y convergencia que reviva al bloque sacudido por divisiones. \u00abEstos \u00faltimos a\u00f1os, Europa ha [&hellip;]<\/p>\n","protected":false},"author":1,"featured_media":653067,"comment_status":"closed","ping_status":"closed","sticky":false,"template":"","format":"standard","meta":{"footnotes":""},"categories":[1],"tags":[],"class_list":["post-979817","post","type-post","status-publish","format-standard","has-post-thumbnail","hentry","category-actualidad"],"aioseo_notices":[],"aioseo_head":"\n\t\t<!-- All in One SEO Pro 5.0.1 - aioseo.com -->\n\t<meta name=\"description\" content=\"Aquisgr\u00e1n (Alemania), 10 may (dpa) - El presidente franc\u00e9s, Emmanuel Macron, llam\u00f3 hoy a Alemania a sumarse a sus propuestas para relanzar la Uni\u00f3n Europea y dejar atr\u00e1s el &quot;fetichismo&quot; del super\u00e1vit presupuestario y comercial en pos de una mayor solidaridad y convergencia que reviva al bloque sacudido por divisiones. &quot;Estos \u00faltimos a\u00f1os, Europa ha\" \/>\n\t<meta name=\"robots\" content=\"max-image-preview:large\" \/>\n\t<meta name=\"author\" content=\"El Digital de Asturias\"\/>\n\t<meta name=\"google-site-verification\" content=\"UA-38556648-1\" \/>\n\t<meta name=\"msvalidate.01\" content=\"7dfe9f3f1b24437ab69f4f2559babe99\" \/>\n\t<meta name=\"keywords\" content=\"actualidad\" \/>\n\t<link rel=\"canonical\" href=\"https:\/\/www.eldigitaldeasturias.com\/noticias\/macron-despierten-francia-ha-cambiado\/\" \/>\n\t<meta name=\"generator\" content=\"All in One SEO Pro (AIOSEO) 5.0.1\" \/>\n\t\t<meta property=\"og:locale\" content=\"es_ES\" \/>\n\t\t<meta property=\"og:site_name\" content=\"El Digital de Asturias\" \/>\n\t\t<meta property=\"og:type\" content=\"article\" \/>\n\t\t<meta property=\"og:title\" content=\"Macron: \u00ab\u00a1Despierten! Francia ha cambiado\u00bb - El Digital de Asturias\" \/>\n\t\t<meta property=\"og:description\" content=\"Aquisgr\u00e1n (Alemania), 10 may (dpa) - El presidente franc\u00e9s, Emmanuel Macron, llam\u00f3 hoy a Alemania a sumarse a sus propuestas para relanzar la Uni\u00f3n Europea y dejar atr\u00e1s el &quot;fetichismo&quot; del super\u00e1vit presupuestario y comercial en pos de una mayor solidaridad y convergencia que reviva al bloque sacudido por divisiones. &quot;Estos \u00faltimos a\u00f1os, Europa ha\" \/>\n\t\t<meta property=\"og:url\" content=\"https:\/\/www.eldigitaldeasturias.com\/noticias\/macron-despierten-francia-ha-cambiado\/\" \/>\n\t\t<meta property=\"article:tag\" content=\"actualidad\" \/>\n\t\t<meta property=\"article:published_time\" content=\"2018-05-11T07:53:35+00:00\" \/>\n\t\t<meta property=\"article:modified_time\" content=\"2018-05-11T07:53:35+00:00\" \/>\n\t\t<meta property=\"article:publisher\" content=\"https:\/\/facebook.com\/eldigitaldeasturias\" \/>\n\t\t<meta name=\"twitter:card\" content=\"summary_large_image\" \/>\n\t\t<meta name=\"twitter:title\" content=\"Macron: \u00ab\u00a1Despierten! Francia ha cambiado\u00bb - El Digital de Asturias\" \/>\n\t\t<meta name=\"twitter:description\" content=\"Aquisgr\u00e1n (Alemania), 10 may (dpa) - El presidente franc\u00e9s, Emmanuel Macron, llam\u00f3 hoy a Alemania a sumarse a sus propuestas para relanzar la Uni\u00f3n Europea y dejar atr\u00e1s el &quot;fetichismo&quot; del super\u00e1vit presupuestario y comercial en pos de una mayor solidaridad y convergencia que reviva al bloque sacudido por divisiones. &quot;Estos \u00faltimos a\u00f1os, Europa ha\" \/>\n\t\t<meta name=\"twitter:image\" content=\"https:\/\/www.eldigitaldeasturias.com\/noticias\/wp-content\/uploads\/2020\/12\/EDA-1.jpg\" \/>\n\t\t<meta name=\"twitter:label1\" content=\"Escrito por\" \/>\n\t\t<meta name=\"twitter:data1\" content=\"El Digital de Asturias\" \/>\n\t\t<meta name=\"twitter:label2\" content=\"Tiempo de lectura estimado\" \/>\n\t\t<meta name=\"twitter:data2\" content=\"4 minutos\" \/>\n\t\t<script type=\"application\/ld+json\" class=\"aioseo-schema\">\n\t\t\t{\"@context\":\"https:\\\/\\\/schema.org\",\"@graph\":[{\"@type\":\"BlogPosting\",\"@id\":\"https:\\\/\\\/www.eldigitaldeasturias.com\\\/noticias\\\/macron-despierten-francia-ha-cambiado\\\/#blogposting\",\"name\":\"Macron: \\u00ab\\u00a1Despierten! Francia ha cambiado\\u00bb - El Digital de Asturias\",\"headline\":\"Macron: \\u00ab\\u00a1Despierten! Francia ha cambiado\\u00bb\",\"author\":{\"@id\":\"https:\\\/\\\/www.eldigitaldeasturias.com\\\/noticias\\\/author\\\/admin\\\/#author\"},\"publisher\":{\"@id\":\"https:\\\/\\\/www.eldigitaldeasturias.com\\\/noticias\\\/#organization\"},\"image\":{\"@type\":\"ImageObject\",\"url\":653067},\"datePublished\":\"2018-05-11T07:53:35+02:00\",\"dateModified\":\"2018-05-11T07:53:35+02:00\",\"inLanguage\":\"es-ES\",\"mainEntityOfPage\":{\"@id\":\"https:\\\/\\\/www.eldigitaldeasturias.com\\\/noticias\\\/macron-despierten-francia-ha-cambiado\\\/#webpage\"},\"isPartOf\":{\"@id\":\"https:\\\/\\\/www.eldigitaldeasturias.com\\\/noticias\\\/macron-despierten-francia-ha-cambiado\\\/#webpage\"},\"articleSection\":\"Actualidad\"},{\"@type\":\"BreadcrumbList\",\"@id\":\"https:\\\/\\\/www.eldigitaldeasturias.com\\\/noticias\\\/macron-despierten-francia-ha-cambiado\\\/#breadcrumblist\",\"itemListElement\":[{\"@type\":\"ListItem\",\"@id\":\"https:\\\/\\\/www.eldigitaldeasturias.com\\\/noticias#listItem\",\"position\":1,\"name\":\"Home\",\"item\":\"https:\\\/\\\/www.eldigitaldeasturias.com\\\/noticias\",\"nextItem\":{\"@type\":\"ListItem\",\"@id\":\"https:\\\/\\\/www.eldigitaldeasturias.com\\\/noticias\\\/category\\\/actualidad\\\/#listItem\",\"name\":\"Actualidad\"}},{\"@type\":\"ListItem\",\"@id\":\"https:\\\/\\\/www.eldigitaldeasturias.com\\\/noticias\\\/category\\\/actualidad\\\/#listItem\",\"position\":2,\"name\":\"Actualidad\",\"item\":\"https:\\\/\\\/www.eldigitaldeasturias.com\\\/noticias\\\/category\\\/actualidad\\\/\",\"nextItem\":{\"@type\":\"ListItem\",\"@id\":\"https:\\\/\\\/www.eldigitaldeasturias.com\\\/noticias\\\/macron-despierten-francia-ha-cambiado\\\/#listItem\",\"name\":\"Macron: \\u00ab\\u00a1Despierten! Francia ha cambiado\\u00bb\"},\"previousItem\":{\"@type\":\"ListItem\",\"@id\":\"https:\\\/\\\/www.eldigitaldeasturias.com\\\/noticias#listItem\",\"name\":\"Home\"}},{\"@type\":\"ListItem\",\"@id\":\"https:\\\/\\\/www.eldigitaldeasturias.com\\\/noticias\\\/macron-despierten-francia-ha-cambiado\\\/#listItem\",\"position\":3,\"name\":\"Macron: \\u00ab\\u00a1Despierten! Francia ha cambiado\\u00bb\",\"previousItem\":{\"@type\":\"ListItem\",\"@id\":\"https:\\\/\\\/www.eldigitaldeasturias.com\\\/noticias\\\/category\\\/actualidad\\\/#listItem\",\"name\":\"Actualidad\"}}]},{\"@type\":\"Organization\",\"@id\":\"https:\\\/\\\/www.eldigitaldeasturias.com\\\/noticias\\\/#organization\",\"name\":\"El Digital de Asturias\",\"description\":\"Hemeroteca\",\"url\":\"https:\\\/\\\/www.eldigitaldeasturias.com\\\/noticias\\\/\",\"email\":\"info@eldigitaldeasturias.com\",\"telephone\":\"+34652131393\",\"logo\":{\"@type\":\"ImageObject\",\"url\":\"https:\\\/\\\/www.eldigitaldeasturias.com\\\/noticias\\\/wp-content\\\/uploads\\\/2020\\\/12\\\/EDA.jpg\",\"@id\":\"https:\\\/\\\/www.eldigitaldeasturias.com\\\/noticias\\\/macron-despierten-francia-ha-cambiado\\\/#organizationLogo\"},\"image\":{\"@id\":\"https:\\\/\\\/www.eldigitaldeasturias.com\\\/noticias\\\/macron-despierten-francia-ha-cambiado\\\/#organizationLogo\"},\"sameAs\":[\"https:\\\/\\\/facebook.com\\\/eldigitaldeasturias\",\"https:\\\/\\\/www.youtube.com\\\/channel\\\/UCZP-2wLEB9Rv6erhFmqVnvg\"],\"address\":{\"@id\":\"https:\\\/\\\/www.eldigitaldeasturias.com\\\/noticias\\\/#postaladdress\",\"@type\":\"PostalAddress\",\"streetAddress\":\"san antonio 4\",\"postalCode\":\"33430\",\"addressLocality\":\"Cand\\u00e1s\",\"addressRegion\":\"Asturias\",\"addressCountry\":\"ES\"}},{\"@type\":\"Person\",\"@id\":\"https:\\\/\\\/www.eldigitaldeasturias.com\\\/noticias\\\/author\\\/admin\\\/#author\",\"url\":\"https:\\\/\\\/www.eldigitaldeasturias.com\\\/noticias\\\/author\\\/admin\\\/\",\"name\":\"El Digital de Asturias\",\"image\":{\"@type\":\"ImageObject\",\"@id\":\"https:\\\/\\\/www.eldigitaldeasturias.com\\\/noticias\\\/macron-despierten-francia-ha-cambiado\\\/#authorImage\",\"url\":\"https:\\\/\\\/secure.gravatar.com\\\/avatar\\\/df2aeffc32bcd13f8d26072ef8a91b623d677766deac7f97ca815868cd41bf5e?s=96&d=mm&r=g\",\"width\":96,\"height\":96,\"caption\":\"El Digital de Asturias\"}},{\"@type\":\"WebPage\",\"@id\":\"https:\\\/\\\/www.eldigitaldeasturias.com\\\/noticias\\\/macron-despierten-francia-ha-cambiado\\\/#webpage\",\"url\":\"https:\\\/\\\/www.eldigitaldeasturias.com\\\/noticias\\\/macron-despierten-francia-ha-cambiado\\\/\",\"name\":\"Macron: \\u00ab\\u00a1Despierten! Francia ha cambiado\\u00bb - El Digital de Asturias\",\"description\":\"Aquisgr\\u00e1n (Alemania), 10 may (dpa) - El presidente franc\\u00e9s, Emmanuel Macron, llam\\u00f3 hoy a Alemania a sumarse a sus propuestas para relanzar la Uni\\u00f3n Europea y dejar atr\\u00e1s el \\\"fetichismo\\\" del super\\u00e1vit presupuestario y comercial en pos de una mayor solidaridad y convergencia que reviva al bloque sacudido por divisiones. \\\"Estos \\u00faltimos a\\u00f1os, Europa ha\",\"inLanguage\":\"es-ES\",\"isPartOf\":{\"@id\":\"https:\\\/\\\/www.eldigitaldeasturias.com\\\/noticias\\\/#website\"},\"breadcrumb\":{\"@id\":\"https:\\\/\\\/www.eldigitaldeasturias.com\\\/noticias\\\/macron-despierten-francia-ha-cambiado\\\/#breadcrumblist\"},\"author\":{\"@id\":\"https:\\\/\\\/www.eldigitaldeasturias.com\\\/noticias\\\/author\\\/admin\\\/#author\"},\"creator\":{\"@id\":\"https:\\\/\\\/www.eldigitaldeasturias.com\\\/noticias\\\/author\\\/admin\\\/#author\"},\"image\":{\"@type\":\"ImageObject\",\"url\":653067,\"@id\":\"https:\\\/\\\/www.eldigitaldeasturias.com\\\/noticias\\\/macron-despierten-francia-ha-cambiado\\\/#mainImage\"},\"primaryImageOfPage\":{\"@id\":\"https:\\\/\\\/www.eldigitaldeasturias.com\\\/noticias\\\/macron-despierten-francia-ha-cambiado\\\/#mainImage\"},\"datePublished\":\"2018-05-11T07:53:35+02:00\",\"dateModified\":\"2018-05-11T07:53:35+02:00\"},{\"@type\":\"WebSite\",\"@id\":\"https:\\\/\\\/www.eldigitaldeasturias.com\\\/noticias\\\/#website\",\"url\":\"https:\\\/\\\/www.eldigitaldeasturias.com\\\/noticias\\\/\",\"name\":\"El Digital de Asturias - Diario de actualidad y noticias\",\"alternateName\":\"El Digital de Asturias - Diario de actualidad y noticias\",\"description\":\"Hemeroteca\",\"inLanguage\":\"es-ES\",\"publisher\":{\"@id\":\"https:\\\/\\\/www.eldigitaldeasturias.com\\\/noticias\\\/#organization\"}}]}\n\t\t<\/script>\n\t\t<!-- All in One SEO Pro -->\r\n\t\t<title>Macron: \u00ab\u00a1Despierten! Francia ha cambiado\u00bb - El Digital de Asturias<\/title>\n\n","aioseo_head_json":{"title":"Macron: \u00ab\u00a1Despierten! Francia ha cambiado\u00bb - El Digital de Asturias","description":"Aquisgr\u00e1n (Alemania), 10 may (dpa) - El presidente franc\u00e9s, Emmanuel Macron, llam\u00f3 hoy a Alemania a sumarse a sus propuestas para relanzar la Uni\u00f3n Europea y dejar atr\u00e1s el \"fetichismo\" del super\u00e1vit presupuestario y comercial en pos de una mayor solidaridad y convergencia que reviva al bloque sacudido por divisiones. \"Estos \u00faltimos a\u00f1os, Europa ha","canonical_url":"https:\/\/www.eldigitaldeasturias.com\/noticias\/macron-despierten-francia-ha-cambiado\/","robots":"max-image-preview:large","keywords":"actualidad","webmasterTools":{"google-site-verification":"UA-38556648-1","msvalidate.01":"7dfe9f3f1b24437ab69f4f2559babe99","miscellaneous":""},"schema":{"@context":"https:\/\/schema.org","@graph":[{"@type":"BlogPosting","@id":"https:\/\/www.eldigitaldeasturias.com\/noticias\/macron-despierten-francia-ha-cambiado\/#blogposting","name":"Macron: \u00ab\u00a1Despierten! Francia ha cambiado\u00bb - El Digital de Asturias","headline":"Macron: \u00ab\u00a1Despierten! Francia ha cambiado\u00bb","author":{"@id":"https:\/\/www.eldigitaldeasturias.com\/noticias\/author\/admin\/#author"},"publisher":{"@id":"https:\/\/www.eldigitaldeasturias.com\/noticias\/#organization"},"image":{"@type":"ImageObject","url":653067},"datePublished":"2018-05-11T07:53:35+02:00","dateModified":"2018-05-11T07:53:35+02:00","inLanguage":"es-ES","mainEntityOfPage":{"@id":"https:\/\/www.eldigitaldeasturias.com\/noticias\/macron-despierten-francia-ha-cambiado\/#webpage"},"isPartOf":{"@id":"https:\/\/www.eldigitaldeasturias.com\/noticias\/macron-despierten-francia-ha-cambiado\/#webpage"},"articleSection":"Actualidad"},{"@type":"BreadcrumbList","@id":"https:\/\/www.eldigitaldeasturias.com\/noticias\/macron-despierten-francia-ha-cambiado\/#breadcrumblist","itemListElement":[{"@type":"ListItem","@id":"https:\/\/www.eldigitaldeasturias.com\/noticias#listItem","position":1,"name":"Home","item":"https:\/\/www.eldigitaldeasturias.com\/noticias","nextItem":{"@type":"ListItem","@id":"https:\/\/www.eldigitaldeasturias.com\/noticias\/category\/actualidad\/#listItem","name":"Actualidad"}},{"@type":"ListItem","@id":"https:\/\/www.eldigitaldeasturias.com\/noticias\/category\/actualidad\/#listItem","position":2,"name":"Actualidad","item":"https:\/\/www.eldigitaldeasturias.com\/noticias\/category\/actualidad\/","nextItem":{"@type":"ListItem","@id":"https:\/\/www.eldigitaldeasturias.com\/noticias\/macron-despierten-francia-ha-cambiado\/#listItem","name":"Macron: \u00ab\u00a1Despierten! Francia ha cambiado\u00bb"},"previousItem":{"@type":"ListItem","@id":"https:\/\/www.eldigitaldeasturias.com\/noticias#listItem","name":"Home"}},{"@type":"ListItem","@id":"https:\/\/www.eldigitaldeasturias.com\/noticias\/macron-despierten-francia-ha-cambiado\/#listItem","position":3,"name":"Macron: \u00ab\u00a1Despierten! Francia ha cambiado\u00bb","previousItem":{"@type":"ListItem","@id":"https:\/\/www.eldigitaldeasturias.com\/noticias\/category\/actualidad\/#listItem","name":"Actualidad"}}]},{"@type":"Organization","@id":"https:\/\/www.eldigitaldeasturias.com\/noticias\/#organization","name":"El Digital de Asturias","description":"Hemeroteca","url":"https:\/\/www.eldigitaldeasturias.com\/noticias\/","email":"info@eldigitaldeasturias.com","telephone":"+34652131393","logo":{"@type":"ImageObject","url":"https:\/\/www.eldigitaldeasturias.com\/noticias\/wp-content\/uploads\/2020\/12\/EDA.jpg","@id":"https:\/\/www.eldigitaldeasturias.com\/noticias\/macron-despierten-francia-ha-cambiado\/#organizationLogo"},"image":{"@id":"https:\/\/www.eldigitaldeasturias.com\/noticias\/macron-despierten-francia-ha-cambiado\/#organizationLogo"},"sameAs":["https:\/\/facebook.com\/eldigitaldeasturias","https:\/\/www.youtube.com\/channel\/UCZP-2wLEB9Rv6erhFmqVnvg"],"address":{"@id":"https:\/\/www.eldigitaldeasturias.com\/noticias\/#postaladdress","@type":"PostalAddress","streetAddress":"san antonio 4","postalCode":"33430","addressLocality":"Cand\u00e1s","addressRegion":"Asturias","addressCountry":"ES"}},{"@type":"Person","@id":"https:\/\/www.eldigitaldeasturias.com\/noticias\/author\/admin\/#author","url":"https:\/\/www.eldigitaldeasturias.com\/noticias\/author\/admin\/","name":"El Digital de Asturias","image":{"@type":"ImageObject","@id":"https:\/\/www.eldigitaldeasturias.com\/noticias\/macron-despierten-francia-ha-cambiado\/#authorImage","url":"https:\/\/secure.gravatar.com\/avatar\/df2aeffc32bcd13f8d26072ef8a91b623d677766deac7f97ca815868cd41bf5e?s=96&d=mm&r=g","width":96,"height":96,"caption":"El Digital de Asturias"}},{"@type":"WebPage","@id":"https:\/\/www.eldigitaldeasturias.com\/noticias\/macron-despierten-francia-ha-cambiado\/#webpage","url":"https:\/\/www.eldigitaldeasturias.com\/noticias\/macron-despierten-francia-ha-cambiado\/","name":"Macron: \u00ab\u00a1Despierten! Francia ha cambiado\u00bb - El Digital de Asturias","description":"Aquisgr\u00e1n (Alemania), 10 may (dpa) - El presidente franc\u00e9s, Emmanuel Macron, llam\u00f3 hoy a Alemania a sumarse a sus propuestas para relanzar la Uni\u00f3n Europea y dejar atr\u00e1s el \"fetichismo\" del super\u00e1vit presupuestario y comercial en pos de una mayor solidaridad y convergencia que reviva al bloque sacudido por divisiones. \"Estos \u00faltimos a\u00f1os, Europa ha","inLanguage":"es-ES","isPartOf":{"@id":"https:\/\/www.eldigitaldeasturias.com\/noticias\/#website"},"breadcrumb":{"@id":"https:\/\/www.eldigitaldeasturias.com\/noticias\/macron-despierten-francia-ha-cambiado\/#breadcrumblist"},"author":{"@id":"https:\/\/www.eldigitaldeasturias.com\/noticias\/author\/admin\/#author"},"creator":{"@id":"https:\/\/www.eldigitaldeasturias.com\/noticias\/author\/admin\/#author"},"image":{"@type":"ImageObject","url":653067,"@id":"https:\/\/www.eldigitaldeasturias.com\/noticias\/macron-despierten-francia-ha-cambiado\/#mainImage"},"primaryImageOfPage":{"@id":"https:\/\/www.eldigitaldeasturias.com\/noticias\/macron-despierten-francia-ha-cambiado\/#mainImage"},"datePublished":"2018-05-11T07:53:35+02:00","dateModified":"2018-05-11T07:53:35+02:00"},{"@type":"WebSite","@id":"https:\/\/www.eldigitaldeasturias.com\/noticias\/#website","url":"https:\/\/www.eldigitaldeasturias.com\/noticias\/","name":"El Digital de Asturias - Diario de actualidad y noticias","alternateName":"El Digital de Asturias - Diario de actualidad y noticias","description":"Hemeroteca","inLanguage":"es-ES","publisher":{"@id":"https:\/\/www.eldigitaldeasturias.com\/noticias\/#organization"}}]},"og:locale":"es_ES","og:site_name":"El Digital de Asturias","og:type":"article","og:title":"Macron: \u00ab\u00a1Despierten! Francia ha cambiado\u00bb - El Digital de Asturias","og:description":"Aquisgr\u00e1n (Alemania), 10 may (dpa) - El presidente franc\u00e9s, Emmanuel Macron, llam\u00f3 hoy a Alemania a sumarse a sus propuestas para relanzar la Uni\u00f3n Europea y dejar atr\u00e1s el &quot;fetichismo&quot; del super\u00e1vit presupuestario y comercial en pos de una mayor solidaridad y convergencia que reviva al bloque sacudido por divisiones. &quot;Estos \u00faltimos a\u00f1os, Europa ha","og:url":"https:\/\/www.eldigitaldeasturias.com\/noticias\/macron-despierten-francia-ha-cambiado\/","article:tag":["actualidad"],"article:published_time":"2018-05-11T07:53:35+00:00","article:modified_time":"2018-05-11T07:53:35+00:00","article:publisher":"https:\/\/facebook.com\/eldigitaldeasturias","twitter:card":"summary_large_image","twitter:title":"Macron: \u00ab\u00a1Despierten! Francia ha cambiado\u00bb - El Digital de Asturias","twitter:description":"Aquisgr\u00e1n (Alemania), 10 may (dpa) - El presidente franc\u00e9s, Emmanuel Macron, llam\u00f3 hoy a Alemania a sumarse a sus propuestas para relanzar la Uni\u00f3n Europea y dejar atr\u00e1s el &quot;fetichismo&quot; del super\u00e1vit presupuestario y comercial en pos de una mayor solidaridad y convergencia que reviva al bloque sacudido por divisiones. &quot;Estos \u00faltimos a\u00f1os, Europa ha","twitter:image":"https:\/\/www.eldigitaldeasturias.com\/noticias\/wp-content\/uploads\/2020\/12\/EDA-1.jpg","twitter:label1":"Escrito por","twitter:data1":"El Digital de Asturias","twitter:label2":"Tiempo de lectura estimado","twitter:data2":"4 minutos"},"aioseo_meta_data":{"post_id":"979817","title":null,"description":null,"keywords":null,"keyphrases":null,"primary_term":null,"canonical_url":null,"og_title":null,"og_description":null,"og_object_type":"default","og_image_type":"default","og_image_url":null,"og_image_width":null,"og_image_height":null,"og_image_custom_url":null,"og_image_custom_fields":null,"og_video":null,"og_custom_url":null,"og_article_section":null,"og_article_tags":null,"twitter_use_og":false,"twitter_card":"default","twitter_image_type":"default","twitter_image_url":null,"twitter_image_custom_url":null,"twitter_image_custom_fields":null,"twitter_title":null,"twitter_description":null,"schema":{"blockGraphs":[],"customGraphs":[],"default":{"data":{"Article":[],"Course":[],"Dataset":[],"FAQPage":[],"Movie":[],"Person":[],"Product":[],"ProductReview":[],"Car":[],"Recipe":[],"Service":[],"SoftwareApplication":[],"WebPage":[]},"graphName":"","isEnabled":true},"graphs":[],"defaultGraph":"","defaultPostTypeGraph":""},"schema_type":null,"schema_type_options":null,"pillar_content":false,"robots_default":true,"robots_noindex":false,"robots_noarchive":false,"robots_nosnippet":false,"robots_nofollow":false,"robots_noimageindex":false,"robots_noodp":false,"robots_notranslate":false,"robots_max_snippet":null,"robots_max_videopreview":null,"robots_max_imagepreview":"large","priority":null,"frequency":null,"local_seo":null,"seo_analyzer_scan_date":"2025-10-08 15:41:11","breadcrumb_settings":null,"limit_modified_date":false,"open_ai":null,"ai":null,"created":"2020-12-21 11:58:37","updated":"2025-10-08 15:41:11","focus_keyword":null,"additional_keywords":null,"truseo_locale":null},"aioseo_breadcrumb":"<div class=\"aioseo-breadcrumbs\"><span class=\"aioseo-breadcrumb\">\n\t<a href=\"https:\/\/www.eldigitaldeasturias.com\/noticias\" title=\"Home\">Home<\/a>\n<\/span><span class=\"aioseo-breadcrumb-separator\">\u2013<\/span><span class=\"aioseo-breadcrumb\">\n\t<a href=\"https:\/\/www.eldigitaldeasturias.com\/noticias\/category\/actualidad\/\" title=\"Actualidad\">Actualidad<\/a>\n<\/span><span class=\"aioseo-breadcrumb-separator\">\u2013<\/span><span class=\"aioseo-breadcrumb\">\n\t<a href=\"https:\/\/www.eldigitaldeasturias.com\/noticias\/macron-despierten-francia-ha-cambiado\/\" title=\"Macron: \u00ab\u00a1Despierten! Francia ha cambiado\u00bb\">Macron: \u00ab\u00a1Despierten! Francia ha cambiado\u00bb<\/a>\n<\/span><\/div>","aioseo_breadcrumb_json":[{"label":"Home","link":"https:\/\/www.eldigitaldeasturias.com\/noticias"},{"label":"Actualidad","link":"https:\/\/www.eldigitaldeasturias.com\/noticias\/category\/actualidad\/"},{"label":"Macron: \u00ab\u00a1Despierten! Francia ha cambiado\u00bb","link":"https:\/\/www.eldigitaldeasturias.com\/noticias\/macron-despierten-francia-ha-cambiado\/"}],"_links":{"self":[{"href":"https:\/\/www.eldigitaldeasturias.com\/noticias\/wp-json\/wp\/v2\/posts\/979817","targetHints":{"allow":["GET"]}}],"collection":[{"href":"https:\/\/www.eldigitaldeasturias.com\/noticias\/wp-json\/wp\/v2\/posts"}],"about":[{"href":"https:\/\/www.eldigitaldeasturias.com\/noticias\/wp-json\/wp\/v2\/types\/post"}],"author":[{"embeddable":true,"href":"https:\/\/www.eldigitaldeasturias.com\/noticias\/wp-json\/wp\/v2\/users\/1"}],"replies":[{"embeddable":true,"href":"https:\/\/www.eldigitaldeasturias.com\/noticias\/wp-json\/wp\/v2\/comments?post=979817"}],"version-history":[{"count":0,"href":"https:\/\/www.eldigitaldeasturias.com\/noticias\/wp-json\/wp\/v2\/posts\/979817\/revisions"}],"wp:attachment":[{"href":"https:\/\/www.eldigitaldeasturias.com\/noticias\/wp-json\/wp\/v2\/media?parent=979817"}],"wp:term":[{"taxonomy":"category","embeddable":true,"href":"https:\/\/www.eldigitaldeasturias.com\/noticias\/wp-json\/wp\/v2\/categories?post=979817"},{"taxonomy":"post_tag","embeddable":true,"href":"https:\/\/www.eldigitaldeasturias.com\/noticias\/wp-json\/wp\/v2\/tags?post=979817"}],"curies":[{"name":"wp","href":"https:\/\/api.w.org\/{rel}","templated":true}]}}