{"id":979812,"date":"2018-05-11T07:43:53","date_gmt":"2018-05-11T07:43:53","guid":{"rendered":"http:\/\/www.eldigitaldeasturias.com\/noticias\/?p=979812"},"modified":"2018-05-11T07:43:53","modified_gmt":"2018-05-11T07:43:53","slug":"haidar-haiser-al-abadi-el-hombre-que-llego-de-la-nada","status":"publish","type":"post","link":"https:\/\/www.eldigitaldeasturias.com\/noticias\/haidar-haiser-al-abadi-el-hombre-que-llego-de-la-nada\/","title":{"rendered":"Haidar Haiser al Abadi: el hombre que lleg\u00f3 de la nada"},"content":{"rendered":"<p><img loading=\"lazy\" decoding=\"async\" class=\"alignleft size-medium wp-image-979813\" src=\"https:\/\/www.eldigitaldeasturias.com\/noticias\/wp-content\/uploads\/2018\/05\/flag-2526469_960_720-360x270.jpg\" alt=\"\" width=\"360\" height=\"270\" \/>Bagdad, 10 may (dpa) &#8211; Todos los martes el primer ministro iraqu\u00ed, Haidar Haiser al Abadi, que el s\u00e1bado se presenta a la reelecci\u00f3n, comparece ante la prensa bajo las grandes l\u00e1mparas de ara\u00f1a en el palacio de Bagdad en que en su d\u00eda tambi\u00e9n vivi\u00f3 el ex presidente Saddam Hussein.<\/p>\n<p>Al Abadi llega desde el lado derecho, atraviesa una alfombra roja, dobla decidido a la izquierda y se coloca ante el p\u00falpito en el que ya se encuentra preparado su discurso. Con la espalda recta anuncia los resultados del consejo de ministros, con la actitud de un hombre peque\u00f1o que se enfrenta a una gran tarea.<\/p>\n<p>Cuando hace casi cuatro a\u00f1os el pol\u00edtico chi\u00edta asumi\u00f3 inesperadamente el cargo de jefe de Gobierno su nombre apenas era conocido para el gran p\u00fablico. Durante el mandado de su predecesor, Nuri al Maliki, la milicia terrorista Estado Isl\u00e1mico (EI) se hab\u00eda hecho con el control de grandes zonas del pa\u00eds, el Ej\u00e9rcito se hab\u00eda derrumbado y la corrupci\u00f3n se extendi\u00f3 cada vez m\u00e1s.<\/p>\n<p>Mientras el poder de Al Maliki se iba desmoronando, su compa\u00f1ero de partido Al Abadi se convert\u00eda en el candidato de compromiso sobre el que se pon\u00edan de acuerdo pa\u00edses como Estados Unidos o Ir\u00e1n, que mantienen una gran influencica en Irak.<\/p>\n<p>En aquel momento Al Abadi estaba considerado como un pol\u00edtico sin carisma ni base de poder. Algunos meses despu\u00e9s circul\u00f3 un video por Internet en el que se ve\u00eda al jefe de Gobierno iraqu\u00ed sentarse junto al entonces presidente estadounidense Barack Obama durante una cumbre del G7 y c\u00f3mo era completamente ignorado por \u00e9ste.<\/p>\n<p>Sin embargo, Al Abadi logr\u00f3 permanecer en el cargo a pesar de los muchos obst\u00e1culos e incluso derrotar militarmente al Estado Isl\u00e1mico (EI), algo que le reconocen incluso sus adversarios. Los sondeos le otorgan oportunidades de convertirse con su lista en la fuerza m\u00e1s votada en las elecciones parlamentarias que se celebran el s\u00e1bado.<\/p>\n<p>El l\u00edder chi\u00edta, de 66 a\u00f1os, se esfuerza por mantener buenas relaciones con Occidente, algo en lo que le ayuda su buen nivel de ingl\u00e9s que aprendi\u00f3 durante su largo exilio en Reino Unido. Por lo general intenta, en la medida de lo posible, mantener a su pa\u00eds al margen de las luchas de poder regionales.<\/p>\n<p>Algo nada f\u00e1cil, pues la influencia de Ir\u00e1n, la potencia regional chiita, es especialmente fuerte en Irak. Al Abadi tiene una relaci\u00f3n dividida con las poderosas milicias chi\u00edtas en el pa\u00eds, apoyadas por Teher\u00e1n. Recientemente acus\u00f3 a los l\u00edderes de las milicias de corrupci\u00f3n.<\/p>\n<p>Los cr\u00edticos de Al Abadi argumentan que el mandatario perdi\u00f3 una \u00aboportunidad de oro\u00bb para abordar los grandes problemas y que no logr\u00f3 limitar el poder de las milicias. La corrupci\u00f3n contin\u00faa extendi\u00e9ndose y causa disgusto entre los iraqu\u00edes.<\/p>\n<p>Adem\u00e1s, muchos pol\u00edticos utilizan su cargo para enriquecerse, en base a un sistema de representaci\u00f3n proporcional que reparte los ministerios y los cargos entre los partidos.<\/p>\n<p>Los iraqu\u00edes bromean diciendo que el presidente estadounidense, Donald Trump, tuvo que trabajar toda una vida para convertirse en millonario pero que en Irak basta con ser elegido en el Parlamento para serlo.<\/p>\n<p><i class=\"lang-es\"><span class=\" readonly\" title=\"\">Por Jan Kuhlmann (dpa)<\/span><\/i><\/p>\n<p>&nbsp;<\/p>\n","protected":false},"excerpt":{"rendered":"<p>Bagdad, 10 may (dpa) &#8211; Todos los martes el primer ministro iraqu\u00ed, Haidar Haiser al Abadi, que el s\u00e1bado se presenta a la reelecci\u00f3n, comparece ante la prensa bajo las grandes l\u00e1mparas de ara\u00f1a en el palacio de Bagdad en que en su d\u00eda tambi\u00e9n vivi\u00f3 el ex presidente Saddam Hussein. Al Abadi llega desde [&hellip;]<\/p>\n","protected":false},"author":1,"featured_media":979813,"comment_status":"closed","ping_status":"closed","sticky":false,"template":"","format":"standard","meta":{"footnotes":""},"categories":[1],"tags":[],"class_list":["post-979812","post","type-post","status-publish","format-standard","has-post-thumbnail","hentry","category-actualidad"],"aioseo_notices":[],"aioseo_head":"\n\t\t<!-- All in One SEO Pro 5.0.1 - aioseo.com -->\n\t<meta name=\"description\" content=\"Bagdad, 10 may (dpa) - Todos los martes el primer ministro iraqu\u00ed, Haidar Haiser al Abadi, que el s\u00e1bado se presenta a la reelecci\u00f3n, comparece ante la prensa bajo las grandes l\u00e1mparas de ara\u00f1a en el palacio de Bagdad en que en su d\u00eda tambi\u00e9n vivi\u00f3 el ex presidente Saddam Hussein. Al Abadi llega desde\" \/>\n\t<meta name=\"robots\" content=\"max-image-preview:large\" \/>\n\t<meta name=\"author\" content=\"El Digital de Asturias\"\/>\n\t<meta name=\"google-site-verification\" content=\"UA-38556648-1\" \/>\n\t<meta name=\"msvalidate.01\" content=\"7dfe9f3f1b24437ab69f4f2559babe99\" \/>\n\t<meta name=\"keywords\" content=\"actualidad\" \/>\n\t<link rel=\"canonical\" href=\"https:\/\/www.eldigitaldeasturias.com\/noticias\/haidar-haiser-al-abadi-el-hombre-que-llego-de-la-nada\/\" \/>\n\t<meta name=\"generator\" content=\"All in One SEO Pro (AIOSEO) 5.0.1\" \/>\n\t\t<meta property=\"og:locale\" content=\"es_ES\" \/>\n\t\t<meta property=\"og:site_name\" content=\"El Digital de Asturias\" \/>\n\t\t<meta property=\"og:type\" content=\"article\" \/>\n\t\t<meta property=\"og:title\" content=\"Haidar Haiser al Abadi: el hombre que lleg\u00f3 de la nada - El Digital de Asturias\" \/>\n\t\t<meta property=\"og:description\" content=\"Bagdad, 10 may (dpa) - Todos los martes el primer ministro iraqu\u00ed, Haidar Haiser al Abadi, que el s\u00e1bado se presenta a la reelecci\u00f3n, comparece ante la prensa bajo las grandes l\u00e1mparas de ara\u00f1a en el palacio de Bagdad en que en su d\u00eda tambi\u00e9n vivi\u00f3 el ex presidente Saddam Hussein. Al Abadi llega desde\" \/>\n\t\t<meta property=\"og:url\" content=\"https:\/\/www.eldigitaldeasturias.com\/noticias\/haidar-haiser-al-abadi-el-hombre-que-llego-de-la-nada\/\" \/>\n\t\t<meta property=\"article:tag\" content=\"actualidad\" \/>\n\t\t<meta property=\"article:published_time\" content=\"2018-05-11T07:43:53+00:00\" \/>\n\t\t<meta property=\"article:modified_time\" content=\"2018-05-11T07:43:53+00:00\" \/>\n\t\t<meta property=\"article:publisher\" content=\"https:\/\/facebook.com\/eldigitaldeasturias\" \/>\n\t\t<meta name=\"twitter:card\" content=\"summary_large_image\" \/>\n\t\t<meta name=\"twitter:title\" content=\"Haidar Haiser al Abadi: el hombre que lleg\u00f3 de la nada - El Digital de Asturias\" \/>\n\t\t<meta name=\"twitter:description\" content=\"Bagdad, 10 may (dpa) - Todos los martes el primer ministro iraqu\u00ed, Haidar Haiser al Abadi, que el s\u00e1bado se presenta a la reelecci\u00f3n, comparece ante la prensa bajo las grandes l\u00e1mparas de ara\u00f1a en el palacio de Bagdad en que en su d\u00eda tambi\u00e9n vivi\u00f3 el ex presidente Saddam Hussein. Al Abadi llega desde\" \/>\n\t\t<meta name=\"twitter:image\" content=\"https:\/\/www.eldigitaldeasturias.com\/noticias\/wp-content\/uploads\/2020\/12\/EDA-1.jpg\" \/>\n\t\t<meta name=\"twitter:label1\" content=\"Escrito por\" \/>\n\t\t<meta name=\"twitter:data1\" content=\"El Digital de Asturias\" \/>\n\t\t<meta name=\"twitter:label2\" content=\"Tiempo de lectura estimado\" \/>\n\t\t<meta name=\"twitter:data2\" content=\"3 minutos\" \/>\n\t\t<script type=\"application\/ld+json\" class=\"aioseo-schema\">\n\t\t\t{\"@context\":\"https:\\\/\\\/schema.org\",\"@graph\":[{\"@type\":\"BlogPosting\",\"@id\":\"https:\\\/\\\/www.eldigitaldeasturias.com\\\/noticias\\\/haidar-haiser-al-abadi-el-hombre-que-llego-de-la-nada\\\/#blogposting\",\"name\":\"Haidar Haiser al Abadi: el hombre que lleg\\u00f3 de la nada - El Digital de Asturias\",\"headline\":\"Haidar Haiser al Abadi: el hombre que lleg\\u00f3 de la nada\",\"author\":{\"@id\":\"https:\\\/\\\/www.eldigitaldeasturias.com\\\/noticias\\\/author\\\/admin\\\/#author\"},\"publisher\":{\"@id\":\"https:\\\/\\\/www.eldigitaldeasturias.com\\\/noticias\\\/#organization\"},\"image\":{\"@type\":\"ImageObject\",\"url\":979813},\"datePublished\":\"2018-05-11T07:43:53+02:00\",\"dateModified\":\"2018-05-11T07:43:53+02:00\",\"inLanguage\":\"es-ES\",\"mainEntityOfPage\":{\"@id\":\"https:\\\/\\\/www.eldigitaldeasturias.com\\\/noticias\\\/haidar-haiser-al-abadi-el-hombre-que-llego-de-la-nada\\\/#webpage\"},\"isPartOf\":{\"@id\":\"https:\\\/\\\/www.eldigitaldeasturias.com\\\/noticias\\\/haidar-haiser-al-abadi-el-hombre-que-llego-de-la-nada\\\/#webpage\"},\"articleSection\":\"Actualidad\"},{\"@type\":\"BreadcrumbList\",\"@id\":\"https:\\\/\\\/www.eldigitaldeasturias.com\\\/noticias\\\/haidar-haiser-al-abadi-el-hombre-que-llego-de-la-nada\\\/#breadcrumblist\",\"itemListElement\":[{\"@type\":\"ListItem\",\"@id\":\"https:\\\/\\\/www.eldigitaldeasturias.com\\\/noticias#listItem\",\"position\":1,\"name\":\"Home\",\"item\":\"https:\\\/\\\/www.eldigitaldeasturias.com\\\/noticias\",\"nextItem\":{\"@type\":\"ListItem\",\"@id\":\"https:\\\/\\\/www.eldigitaldeasturias.com\\\/noticias\\\/category\\\/actualidad\\\/#listItem\",\"name\":\"Actualidad\"}},{\"@type\":\"ListItem\",\"@id\":\"https:\\\/\\\/www.eldigitaldeasturias.com\\\/noticias\\\/category\\\/actualidad\\\/#listItem\",\"position\":2,\"name\":\"Actualidad\",\"item\":\"https:\\\/\\\/www.eldigitaldeasturias.com\\\/noticias\\\/category\\\/actualidad\\\/\",\"nextItem\":{\"@type\":\"ListItem\",\"@id\":\"https:\\\/\\\/www.eldigitaldeasturias.com\\\/noticias\\\/haidar-haiser-al-abadi-el-hombre-que-llego-de-la-nada\\\/#listItem\",\"name\":\"Haidar Haiser al Abadi: el hombre que lleg\\u00f3 de la nada\"},\"previousItem\":{\"@type\":\"ListItem\",\"@id\":\"https:\\\/\\\/www.eldigitaldeasturias.com\\\/noticias#listItem\",\"name\":\"Home\"}},{\"@type\":\"ListItem\",\"@id\":\"https:\\\/\\\/www.eldigitaldeasturias.com\\\/noticias\\\/haidar-haiser-al-abadi-el-hombre-que-llego-de-la-nada\\\/#listItem\",\"position\":3,\"name\":\"Haidar Haiser al Abadi: el hombre que lleg\\u00f3 de la nada\",\"previousItem\":{\"@type\":\"ListItem\",\"@id\":\"https:\\\/\\\/www.eldigitaldeasturias.com\\\/noticias\\\/category\\\/actualidad\\\/#listItem\",\"name\":\"Actualidad\"}}]},{\"@type\":\"Organization\",\"@id\":\"https:\\\/\\\/www.eldigitaldeasturias.com\\\/noticias\\\/#organization\",\"name\":\"El Digital de Asturias\",\"description\":\"Hemeroteca\",\"url\":\"https:\\\/\\\/www.eldigitaldeasturias.com\\\/noticias\\\/\",\"email\":\"info@eldigitaldeasturias.com\",\"telephone\":\"+34652131393\",\"logo\":{\"@type\":\"ImageObject\",\"url\":\"https:\\\/\\\/www.eldigitaldeasturias.com\\\/noticias\\\/wp-content\\\/uploads\\\/2020\\\/12\\\/EDA.jpg\",\"@id\":\"https:\\\/\\\/www.eldigitaldeasturias.com\\\/noticias\\\/haidar-haiser-al-abadi-el-hombre-que-llego-de-la-nada\\\/#organizationLogo\"},\"image\":{\"@id\":\"https:\\\/\\\/www.eldigitaldeasturias.com\\\/noticias\\\/haidar-haiser-al-abadi-el-hombre-que-llego-de-la-nada\\\/#organizationLogo\"},\"sameAs\":[\"https:\\\/\\\/facebook.com\\\/eldigitaldeasturias\",\"https:\\\/\\\/www.youtube.com\\\/channel\\\/UCZP-2wLEB9Rv6erhFmqVnvg\"],\"address\":{\"@id\":\"https:\\\/\\\/www.eldigitaldeasturias.com\\\/noticias\\\/#postaladdress\",\"@type\":\"PostalAddress\",\"streetAddress\":\"san antonio 4\",\"postalCode\":\"33430\",\"addressLocality\":\"Cand\\u00e1s\",\"addressRegion\":\"Asturias\",\"addressCountry\":\"ES\"}},{\"@type\":\"Person\",\"@id\":\"https:\\\/\\\/www.eldigitaldeasturias.com\\\/noticias\\\/author\\\/admin\\\/#author\",\"url\":\"https:\\\/\\\/www.eldigitaldeasturias.com\\\/noticias\\\/author\\\/admin\\\/\",\"name\":\"El Digital de Asturias\",\"image\":{\"@type\":\"ImageObject\",\"@id\":\"https:\\\/\\\/www.eldigitaldeasturias.com\\\/noticias\\\/haidar-haiser-al-abadi-el-hombre-que-llego-de-la-nada\\\/#authorImage\",\"url\":\"https:\\\/\\\/secure.gravatar.com\\\/avatar\\\/df2aeffc32bcd13f8d26072ef8a91b623d677766deac7f97ca815868cd41bf5e?s=96&d=mm&r=g\",\"width\":96,\"height\":96,\"caption\":\"El Digital de Asturias\"}},{\"@type\":\"WebPage\",\"@id\":\"https:\\\/\\\/www.eldigitaldeasturias.com\\\/noticias\\\/haidar-haiser-al-abadi-el-hombre-que-llego-de-la-nada\\\/#webpage\",\"url\":\"https:\\\/\\\/www.eldigitaldeasturias.com\\\/noticias\\\/haidar-haiser-al-abadi-el-hombre-que-llego-de-la-nada\\\/\",\"name\":\"Haidar Haiser al Abadi: el hombre que lleg\\u00f3 de la nada - El Digital de Asturias\",\"description\":\"Bagdad, 10 may (dpa) - Todos los martes el primer ministro iraqu\\u00ed, Haidar Haiser al Abadi, que el s\\u00e1bado se presenta a la reelecci\\u00f3n, comparece ante la prensa bajo las grandes l\\u00e1mparas de ara\\u00f1a en el palacio de Bagdad en que en su d\\u00eda tambi\\u00e9n vivi\\u00f3 el ex presidente Saddam Hussein. Al Abadi llega desde\",\"inLanguage\":\"es-ES\",\"isPartOf\":{\"@id\":\"https:\\\/\\\/www.eldigitaldeasturias.com\\\/noticias\\\/#website\"},\"breadcrumb\":{\"@id\":\"https:\\\/\\\/www.eldigitaldeasturias.com\\\/noticias\\\/haidar-haiser-al-abadi-el-hombre-que-llego-de-la-nada\\\/#breadcrumblist\"},\"author\":{\"@id\":\"https:\\\/\\\/www.eldigitaldeasturias.com\\\/noticias\\\/author\\\/admin\\\/#author\"},\"creator\":{\"@id\":\"https:\\\/\\\/www.eldigitaldeasturias.com\\\/noticias\\\/author\\\/admin\\\/#author\"},\"image\":{\"@type\":\"ImageObject\",\"url\":979813,\"@id\":\"https:\\\/\\\/www.eldigitaldeasturias.com\\\/noticias\\\/haidar-haiser-al-abadi-el-hombre-que-llego-de-la-nada\\\/#mainImage\"},\"primaryImageOfPage\":{\"@id\":\"https:\\\/\\\/www.eldigitaldeasturias.com\\\/noticias\\\/haidar-haiser-al-abadi-el-hombre-que-llego-de-la-nada\\\/#mainImage\"},\"datePublished\":\"2018-05-11T07:43:53+02:00\",\"dateModified\":\"2018-05-11T07:43:53+02:00\"},{\"@type\":\"WebSite\",\"@id\":\"https:\\\/\\\/www.eldigitaldeasturias.com\\\/noticias\\\/#website\",\"url\":\"https:\\\/\\\/www.eldigitaldeasturias.com\\\/noticias\\\/\",\"name\":\"El Digital de Asturias - Diario de actualidad y noticias\",\"alternateName\":\"El Digital de Asturias - Diario de actualidad y noticias\",\"description\":\"Hemeroteca\",\"inLanguage\":\"es-ES\",\"publisher\":{\"@id\":\"https:\\\/\\\/www.eldigitaldeasturias.com\\\/noticias\\\/#organization\"}}]}\n\t\t<\/script>\n\t\t<!-- All in One SEO Pro -->\r\n\t\t<title>Haidar Haiser al Abadi: el hombre que lleg\u00f3 de la nada - El Digital de Asturias<\/title>\n\n","aioseo_head_json":{"title":"Haidar Haiser al Abadi: el hombre que lleg\u00f3 de la nada - El Digital de Asturias","description":"Bagdad, 10 may (dpa) - Todos los martes el primer ministro iraqu\u00ed, Haidar Haiser al Abadi, que el s\u00e1bado se presenta a la reelecci\u00f3n, comparece ante la prensa bajo las grandes l\u00e1mparas de ara\u00f1a en el palacio de Bagdad en que en su d\u00eda tambi\u00e9n vivi\u00f3 el ex presidente Saddam Hussein. Al Abadi llega desde","canonical_url":"https:\/\/www.eldigitaldeasturias.com\/noticias\/haidar-haiser-al-abadi-el-hombre-que-llego-de-la-nada\/","robots":"max-image-preview:large","keywords":"actualidad","webmasterTools":{"google-site-verification":"UA-38556648-1","msvalidate.01":"7dfe9f3f1b24437ab69f4f2559babe99","miscellaneous":""},"schema":{"@context":"https:\/\/schema.org","@graph":[{"@type":"BlogPosting","@id":"https:\/\/www.eldigitaldeasturias.com\/noticias\/haidar-haiser-al-abadi-el-hombre-que-llego-de-la-nada\/#blogposting","name":"Haidar Haiser al Abadi: el hombre que lleg\u00f3 de la nada - El Digital de Asturias","headline":"Haidar Haiser al Abadi: el hombre que lleg\u00f3 de la nada","author":{"@id":"https:\/\/www.eldigitaldeasturias.com\/noticias\/author\/admin\/#author"},"publisher":{"@id":"https:\/\/www.eldigitaldeasturias.com\/noticias\/#organization"},"image":{"@type":"ImageObject","url":979813},"datePublished":"2018-05-11T07:43:53+02:00","dateModified":"2018-05-11T07:43:53+02:00","inLanguage":"es-ES","mainEntityOfPage":{"@id":"https:\/\/www.eldigitaldeasturias.com\/noticias\/haidar-haiser-al-abadi-el-hombre-que-llego-de-la-nada\/#webpage"},"isPartOf":{"@id":"https:\/\/www.eldigitaldeasturias.com\/noticias\/haidar-haiser-al-abadi-el-hombre-que-llego-de-la-nada\/#webpage"},"articleSection":"Actualidad"},{"@type":"BreadcrumbList","@id":"https:\/\/www.eldigitaldeasturias.com\/noticias\/haidar-haiser-al-abadi-el-hombre-que-llego-de-la-nada\/#breadcrumblist","itemListElement":[{"@type":"ListItem","@id":"https:\/\/www.eldigitaldeasturias.com\/noticias#listItem","position":1,"name":"Home","item":"https:\/\/www.eldigitaldeasturias.com\/noticias","nextItem":{"@type":"ListItem","@id":"https:\/\/www.eldigitaldeasturias.com\/noticias\/category\/actualidad\/#listItem","name":"Actualidad"}},{"@type":"ListItem","@id":"https:\/\/www.eldigitaldeasturias.com\/noticias\/category\/actualidad\/#listItem","position":2,"name":"Actualidad","item":"https:\/\/www.eldigitaldeasturias.com\/noticias\/category\/actualidad\/","nextItem":{"@type":"ListItem","@id":"https:\/\/www.eldigitaldeasturias.com\/noticias\/haidar-haiser-al-abadi-el-hombre-que-llego-de-la-nada\/#listItem","name":"Haidar Haiser al Abadi: el hombre que lleg\u00f3 de la nada"},"previousItem":{"@type":"ListItem","@id":"https:\/\/www.eldigitaldeasturias.com\/noticias#listItem","name":"Home"}},{"@type":"ListItem","@id":"https:\/\/www.eldigitaldeasturias.com\/noticias\/haidar-haiser-al-abadi-el-hombre-que-llego-de-la-nada\/#listItem","position":3,"name":"Haidar Haiser al Abadi: el hombre que lleg\u00f3 de la nada","previousItem":{"@type":"ListItem","@id":"https:\/\/www.eldigitaldeasturias.com\/noticias\/category\/actualidad\/#listItem","name":"Actualidad"}}]},{"@type":"Organization","@id":"https:\/\/www.eldigitaldeasturias.com\/noticias\/#organization","name":"El Digital de Asturias","description":"Hemeroteca","url":"https:\/\/www.eldigitaldeasturias.com\/noticias\/","email":"info@eldigitaldeasturias.com","telephone":"+34652131393","logo":{"@type":"ImageObject","url":"https:\/\/www.eldigitaldeasturias.com\/noticias\/wp-content\/uploads\/2020\/12\/EDA.jpg","@id":"https:\/\/www.eldigitaldeasturias.com\/noticias\/haidar-haiser-al-abadi-el-hombre-que-llego-de-la-nada\/#organizationLogo"},"image":{"@id":"https:\/\/www.eldigitaldeasturias.com\/noticias\/haidar-haiser-al-abadi-el-hombre-que-llego-de-la-nada\/#organizationLogo"},"sameAs":["https:\/\/facebook.com\/eldigitaldeasturias","https:\/\/www.youtube.com\/channel\/UCZP-2wLEB9Rv6erhFmqVnvg"],"address":{"@id":"https:\/\/www.eldigitaldeasturias.com\/noticias\/#postaladdress","@type":"PostalAddress","streetAddress":"san antonio 4","postalCode":"33430","addressLocality":"Cand\u00e1s","addressRegion":"Asturias","addressCountry":"ES"}},{"@type":"Person","@id":"https:\/\/www.eldigitaldeasturias.com\/noticias\/author\/admin\/#author","url":"https:\/\/www.eldigitaldeasturias.com\/noticias\/author\/admin\/","name":"El Digital de Asturias","image":{"@type":"ImageObject","@id":"https:\/\/www.eldigitaldeasturias.com\/noticias\/haidar-haiser-al-abadi-el-hombre-que-llego-de-la-nada\/#authorImage","url":"https:\/\/secure.gravatar.com\/avatar\/df2aeffc32bcd13f8d26072ef8a91b623d677766deac7f97ca815868cd41bf5e?s=96&d=mm&r=g","width":96,"height":96,"caption":"El Digital de Asturias"}},{"@type":"WebPage","@id":"https:\/\/www.eldigitaldeasturias.com\/noticias\/haidar-haiser-al-abadi-el-hombre-que-llego-de-la-nada\/#webpage","url":"https:\/\/www.eldigitaldeasturias.com\/noticias\/haidar-haiser-al-abadi-el-hombre-que-llego-de-la-nada\/","name":"Haidar Haiser al Abadi: el hombre que lleg\u00f3 de la nada - El Digital de Asturias","description":"Bagdad, 10 may (dpa) - Todos los martes el primer ministro iraqu\u00ed, Haidar Haiser al Abadi, que el s\u00e1bado se presenta a la reelecci\u00f3n, comparece ante la prensa bajo las grandes l\u00e1mparas de ara\u00f1a en el palacio de Bagdad en que en su d\u00eda tambi\u00e9n vivi\u00f3 el ex presidente Saddam Hussein. Al Abadi llega desde","inLanguage":"es-ES","isPartOf":{"@id":"https:\/\/www.eldigitaldeasturias.com\/noticias\/#website"},"breadcrumb":{"@id":"https:\/\/www.eldigitaldeasturias.com\/noticias\/haidar-haiser-al-abadi-el-hombre-que-llego-de-la-nada\/#breadcrumblist"},"author":{"@id":"https:\/\/www.eldigitaldeasturias.com\/noticias\/author\/admin\/#author"},"creator":{"@id":"https:\/\/www.eldigitaldeasturias.com\/noticias\/author\/admin\/#author"},"image":{"@type":"ImageObject","url":979813,"@id":"https:\/\/www.eldigitaldeasturias.com\/noticias\/haidar-haiser-al-abadi-el-hombre-que-llego-de-la-nada\/#mainImage"},"primaryImageOfPage":{"@id":"https:\/\/www.eldigitaldeasturias.com\/noticias\/haidar-haiser-al-abadi-el-hombre-que-llego-de-la-nada\/#mainImage"},"datePublished":"2018-05-11T07:43:53+02:00","dateModified":"2018-05-11T07:43:53+02:00"},{"@type":"WebSite","@id":"https:\/\/www.eldigitaldeasturias.com\/noticias\/#website","url":"https:\/\/www.eldigitaldeasturias.com\/noticias\/","name":"El Digital de Asturias - Diario de actualidad y noticias","alternateName":"El Digital de Asturias - Diario de actualidad y noticias","description":"Hemeroteca","inLanguage":"es-ES","publisher":{"@id":"https:\/\/www.eldigitaldeasturias.com\/noticias\/#organization"}}]},"og:locale":"es_ES","og:site_name":"El Digital de Asturias","og:type":"article","og:title":"Haidar Haiser al Abadi: el hombre que lleg\u00f3 de la nada - El Digital de Asturias","og:description":"Bagdad, 10 may (dpa) - Todos los martes el primer ministro iraqu\u00ed, Haidar Haiser al Abadi, que el s\u00e1bado se presenta a la reelecci\u00f3n, comparece ante la prensa bajo las grandes l\u00e1mparas de ara\u00f1a en el palacio de Bagdad en que en su d\u00eda tambi\u00e9n vivi\u00f3 el ex presidente Saddam Hussein. Al Abadi llega desde","og:url":"https:\/\/www.eldigitaldeasturias.com\/noticias\/haidar-haiser-al-abadi-el-hombre-que-llego-de-la-nada\/","article:tag":["actualidad"],"article:published_time":"2018-05-11T07:43:53+00:00","article:modified_time":"2018-05-11T07:43:53+00:00","article:publisher":"https:\/\/facebook.com\/eldigitaldeasturias","twitter:card":"summary_large_image","twitter:title":"Haidar Haiser al Abadi: el hombre que lleg\u00f3 de la nada - El Digital de Asturias","twitter:description":"Bagdad, 10 may (dpa) - Todos los martes el primer ministro iraqu\u00ed, Haidar Haiser al Abadi, que el s\u00e1bado se presenta a la reelecci\u00f3n, comparece ante la prensa bajo las grandes l\u00e1mparas de ara\u00f1a en el palacio de Bagdad en que en su d\u00eda tambi\u00e9n vivi\u00f3 el ex presidente Saddam Hussein. Al Abadi llega desde","twitter:image":"https:\/\/www.eldigitaldeasturias.com\/noticias\/wp-content\/uploads\/2020\/12\/EDA-1.jpg","twitter:label1":"Escrito por","twitter:data1":"El Digital de Asturias","twitter:label2":"Tiempo de lectura estimado","twitter:data2":"3 minutos"},"aioseo_meta_data":{"post_id":"979812","title":null,"description":null,"keywords":null,"keyphrases":null,"primary_term":null,"canonical_url":null,"og_title":null,"og_description":null,"og_object_type":"default","og_image_type":"default","og_image_url":null,"og_image_width":null,"og_image_height":null,"og_image_custom_url":null,"og_image_custom_fields":null,"og_video":null,"og_custom_url":null,"og_article_section":null,"og_article_tags":null,"twitter_use_og":false,"twitter_card":"default","twitter_image_type":"default","twitter_image_url":null,"twitter_image_custom_url":null,"twitter_image_custom_fields":null,"twitter_title":null,"twitter_description":null,"schema":{"blockGraphs":[],"customGraphs":[],"default":{"data":{"Article":[],"Course":[],"Dataset":[],"FAQPage":[],"Movie":[],"Person":[],"Product":[],"ProductReview":[],"Car":[],"Recipe":[],"Service":[],"SoftwareApplication":[],"WebPage":[]},"graphName":"","isEnabled":true},"graphs":[],"defaultGraph":"","defaultPostTypeGraph":""},"schema_type":null,"schema_type_options":null,"pillar_content":false,"robots_default":true,"robots_noindex":false,"robots_noarchive":false,"robots_nosnippet":false,"robots_nofollow":false,"robots_noimageindex":false,"robots_noodp":false,"robots_notranslate":false,"robots_max_snippet":null,"robots_max_videopreview":null,"robots_max_imagepreview":"large","priority":null,"frequency":null,"local_seo":null,"seo_analyzer_scan_date":"2025-10-08 15:41:08","breadcrumb_settings":null,"limit_modified_date":false,"open_ai":null,"ai":null,"created":"2020-12-21 11:58:37","updated":"2025-10-08 15:41:08","focus_keyword":null,"additional_keywords":null,"truseo_locale":null},"aioseo_breadcrumb":"<div class=\"aioseo-breadcrumbs\"><span class=\"aioseo-breadcrumb\">\n\t<a href=\"https:\/\/www.eldigitaldeasturias.com\/noticias\" title=\"Home\">Home<\/a>\n<\/span><span class=\"aioseo-breadcrumb-separator\">\u2013<\/span><span class=\"aioseo-breadcrumb\">\n\t<a href=\"https:\/\/www.eldigitaldeasturias.com\/noticias\/category\/actualidad\/\" title=\"Actualidad\">Actualidad<\/a>\n<\/span><span class=\"aioseo-breadcrumb-separator\">\u2013<\/span><span class=\"aioseo-breadcrumb\">\n\t<a href=\"https:\/\/www.eldigitaldeasturias.com\/noticias\/haidar-haiser-al-abadi-el-hombre-que-llego-de-la-nada\/\" title=\"Haidar Haiser al Abadi: el hombre que lleg\u00f3 de la nada\">Haidar Haiser al Abadi: el hombre que lleg\u00f3 de la nada<\/a>\n<\/span><\/div>","aioseo_breadcrumb_json":[{"label":"Home","link":"https:\/\/www.eldigitaldeasturias.com\/noticias"},{"label":"Actualidad","link":"https:\/\/www.eldigitaldeasturias.com\/noticias\/category\/actualidad\/"},{"label":"Haidar Haiser al Abadi: el hombre que lleg\u00f3 de la nada","link":"https:\/\/www.eldigitaldeasturias.com\/noticias\/haidar-haiser-al-abadi-el-hombre-que-llego-de-la-nada\/"}],"_links":{"self":[{"href":"https:\/\/www.eldigitaldeasturias.com\/noticias\/wp-json\/wp\/v2\/posts\/979812","targetHints":{"allow":["GET"]}}],"collection":[{"href":"https:\/\/www.eldigitaldeasturias.com\/noticias\/wp-json\/wp\/v2\/posts"}],"about":[{"href":"https:\/\/www.eldigitaldeasturias.com\/noticias\/wp-json\/wp\/v2\/types\/post"}],"author":[{"embeddable":true,"href":"https:\/\/www.eldigitaldeasturias.com\/noticias\/wp-json\/wp\/v2\/users\/1"}],"replies":[{"embeddable":true,"href":"https:\/\/www.eldigitaldeasturias.com\/noticias\/wp-json\/wp\/v2\/comments?post=979812"}],"version-history":[{"count":0,"href":"https:\/\/www.eldigitaldeasturias.com\/noticias\/wp-json\/wp\/v2\/posts\/979812\/revisions"}],"wp:attachment":[{"href":"https:\/\/www.eldigitaldeasturias.com\/noticias\/wp-json\/wp\/v2\/media?parent=979812"}],"wp:term":[{"taxonomy":"category","embeddable":true,"href":"https:\/\/www.eldigitaldeasturias.com\/noticias\/wp-json\/wp\/v2\/categories?post=979812"},{"taxonomy":"post_tag","embeddable":true,"href":"https:\/\/www.eldigitaldeasturias.com\/noticias\/wp-json\/wp\/v2\/tags?post=979812"}],"curies":[{"name":"wp","href":"https:\/\/api.w.org\/{rel}","templated":true}]}}