{"id":979808,"date":"2018-05-11T07:39:07","date_gmt":"2018-05-11T07:39:07","guid":{"rendered":"http:\/\/www.eldigitaldeasturias.com\/noticias\/?p=979808"},"modified":"2018-05-11T07:39:07","modified_gmt":"2018-05-11T07:39:07","slug":"la-diaspora-venezolana-en-espana-la-gente-esta-desesperada","status":"publish","type":"post","link":"https:\/\/www.eldigitaldeasturias.com\/noticias\/la-diaspora-venezolana-en-espana-la-gente-esta-desesperada\/","title":{"rendered":"La di\u00e1spora venezolana en Espa\u00f1a: \u00abLa gente est\u00e1 desesperada\u00bb"},"content":{"rendered":"<p><img loading=\"lazy\" decoding=\"async\" class=\"alignleft size-medium wp-image-977059\" src=\"https:\/\/www.eldigitaldeasturias.com\/noticias\/wp-content\/uploads\/2018\/04\/flag-2530554_960_720-360x270.jpg\" alt=\"\" width=\"360\" height=\"270\" \/>Madrid, 10 may (dpa) &#8211; La bandera venezolana cuelga al rev\u00e9s. Una se\u00f1al de preocupaci\u00f3n por lo que pasa en el pa\u00eds, explica Jos\u00e9 Antonio. Desde su local de arepas y jugos naturales en Madrid, el caraque\u00f1o de 37 a\u00f1os es testigo privilegiado de uno de los efectos m\u00e1s palpables de la crisis: la di\u00e1spora de venezolanos.<\/p>\n<p>\u00abSobre todo el \u00faltimo a\u00f1o ha sido una cosa impresionante. Escuchas el acento venezolano por todas partes\u00bb, cuenta a dpa en su local del mercado Maravillas, el mejor sitio donde encontrar productos y comidas latinoamericanas y por lo tanto uno de los primeros puntos de la capital de Espa\u00f1a que conoce cualquier inmigrante de la regi\u00f3n.<\/p>\n<p>Jos\u00e9 Antonio, ingeniero emigrado en 2004, pone un ejemplo pr\u00e1ctico que lo toca de cerca sobre el cambio que pudo ver en estos casi 15 a\u00f1os: \u00abAntes la harina de ma\u00edz (con la que se hacen las arepas) se compraba en sitios muy especializados. Ahora se encuentra hasta en (la cadena de supermercados) Carrefour. Llega gente nueva todos los d\u00edas\u00bb.<\/p>\n<p>Todos los d\u00edas, de toda clase y con cualquier orientaci\u00f3n. \u00abTambi\u00e9n hay chavistas, porque la cosa est\u00e1 mal para todos\u00bb, cuenta. \u00abViene gente al local pidi\u00e9ndome trabajo y cuando miro el curriculum veo que es un experto en petr\u00f3leo. \u00bfC\u00f3mo viene aqu\u00ed a limpiar coches o a servir en una casa? La gente est\u00e1 desesperada\u00bb.<\/p>\n<p>Todas las estad\u00edsticas respaldan la percepci\u00f3n de Jos\u00e9 Antonio. El n\u00famero de venezolanos que dejaron su pa\u00eds ante la escalada de la crisis creci\u00f3 de forma exponencial, en particular desde la llegada de Nicol\u00e1s Maduro a la presidencia en 2013, la progresiva ca\u00edda de los precios del petr\u00f3leo desde 2011 y la violencia del a\u00f1o pasado.<\/p>\n<p>Los nuevos datos del Instituto Nacional de Estad\u00edsticas (INE) muestran que los venezolanos lideraron el aumento de poblaci\u00f3n inmigrante en 2017 en Espa\u00f1a tanto en t\u00e9rminos absolutos (26.608) como en t\u00e9rminos relativos (un 38,6 por ciento).<\/p>\n<p>La serie hist\u00f3rica impacta a\u00fan m\u00e1s. Si en 1999, a\u00f1o en que Hugo Ch\u00e1vez lleg\u00f3 al poder, hab\u00eda poco m\u00e1s de 10.000 venezolanos en Espa\u00f1a, en 2017 se hab\u00edan multiplicado casi por diez hasta los casi 95.474.<\/p>\n<p>Muchos de ellos tienen tambi\u00e9n nacionalidad espa\u00f1ola y no aparecen recogidos en esa cifras, de modo que el dato m\u00e1s significativo es el de nacidos en Venezuela: el aumento en este caso fue de 49.000 (1999) a 208.000 (julio de 2017), seg\u00fan el INE. El soci\u00f3logo venezolano afincado en Madrid Tom\u00e1s P\u00e1ez Bravo, autor de un estudio de referencia sobre el tema, estima que superan los 300.000.<\/p>\n<p>\u00abLa tendencia es que sigue creciendo a ritmo de v\u00e9rtigo, acelerado y adem\u00e1s imparable. La migraci\u00f3n no se puede parar\u00bb, dijo a la agencia dpa. La investigaci\u00f3n de P\u00e1ez cifra en 3,3 millones los venezolanos emigrados a todo el mundo, con Colombia, Estados Unidos y Espa\u00f1a como destinos preferidos.<\/p>\n<p>Su informe \u00abLa voz de la di\u00e1spora\u00bb recoge no solo cifras, sino tambi\u00e9n datos cualitativos a partir de entrevistas con emigrantes: \u00abLas dos razones fundamentales por las que se van son la inseguridad, que es el ataque al m\u00e1s importante derecho de propiedad que es la propiedad sobre la vida misma, y el deterioro econ\u00f3mico\u00bb, resumi\u00f3.<\/p>\n<p>En Espa\u00f1a puede verse con claridad otro tipo de emigraci\u00f3n: mientras Venezuela colapsaba en luchas internas, inflaci\u00f3n y escasez, muchas grandes fortunas del pa\u00eds buscaron ponerse a resguardo invirtiendo en propiedades en zonas de lujo como el barrio de Salamanca en Madrid.<\/p>\n<p>En la prensa espa\u00f1ola tuvieron mucho eco las inversiones de Miguel \u00c1ngel Capriles, primo del opositor Henrique Capriles y propietario de un grupo medi\u00e1tico, o las de la familia Derwick en el selecto barrio de El Viso, donde las propiedades oscilan entre el mill\u00f3n y los diez millones de euros (1,24 a 12,40 millones de d\u00f3lares).<\/p>\n<p>Ajeno a esos grandes negocios, Jos\u00e9 Antonio mira el \u00e9xito de sus arepas con una mezcla de alegr\u00eda por la buena marcha del negocio -pocos meses despu\u00e9s de instalarse en el mercado Maravillas tuvo que mudarse a un local m\u00e1s grande- y de frustraci\u00f3n por lo que est\u00e1 pasando en Venezuela.<\/p>\n<p>La relaci\u00f3n con los espa\u00f1oles es \u00abperfecta\u00bb y nunca sinti\u00f3 ning\u00fan tipo de discriminaci\u00f3n o roce en un pa\u00eds \u00abmuy acostumbrado a la inmigraci\u00f3n. \u00abPero el que est\u00e1 aqu\u00ed tiene un 70 por ciento de la cabeza all\u00e1. Se discute mucho sobre todo lo que pasa, sobre cu\u00e1ndo vamos a salir de esta mierda\u00bb, explica.<\/p>\n<p>Al igual que muchos de los encuestados por P\u00e1ez para el estudio sobre la di\u00e1spora, Jos\u00e9 Antonio no titubea cuando se le pregunta si alg\u00fan d\u00eda volver\u00eda a Venezuela. \u00abPor supuesto que s\u00ed. Me encantar\u00eda\u00bb, responde. \u00abAqu\u00ed tengo mi trabajo, vida familiar, much\u00edsimos amigos.<\/p>\n<p>Pero creo que las ra\u00edces siempre hacen falta\u00bb.<\/p>\n","protected":false},"excerpt":{"rendered":"<p>Madrid, 10 may (dpa) &#8211; La bandera venezolana cuelga al rev\u00e9s. Una se\u00f1al de preocupaci\u00f3n por lo que pasa en el pa\u00eds, explica Jos\u00e9 Antonio. Desde su local de arepas y jugos naturales en Madrid, el caraque\u00f1o de 37 a\u00f1os es testigo privilegiado de uno de los efectos m\u00e1s palpables de la crisis: la di\u00e1spora [&hellip;]<\/p>\n","protected":false},"author":1,"featured_media":977059,"comment_status":"closed","ping_status":"closed","sticky":false,"template":"","format":"standard","meta":{"footnotes":""},"categories":[1],"tags":[],"class_list":["post-979808","post","type-post","status-publish","format-standard","has-post-thumbnail","hentry","category-actualidad"],"aioseo_notices":[],"aioseo_head":"\n\t\t<!-- All in One SEO Pro 5.0.1 - aioseo.com -->\n\t<meta name=\"description\" content=\"Madrid, 10 may (dpa) - La bandera venezolana cuelga al rev\u00e9s. Una se\u00f1al de preocupaci\u00f3n por lo que pasa en el pa\u00eds, explica Jos\u00e9 Antonio. Desde su local de arepas y jugos naturales en Madrid, el caraque\u00f1o de 37 a\u00f1os es testigo privilegiado de uno de los efectos m\u00e1s palpables de la crisis: la di\u00e1spora\" \/>\n\t<meta name=\"robots\" content=\"max-image-preview:large\" \/>\n\t<meta name=\"author\" content=\"El Digital de Asturias\"\/>\n\t<meta name=\"google-site-verification\" content=\"UA-38556648-1\" \/>\n\t<meta name=\"msvalidate.01\" content=\"7dfe9f3f1b24437ab69f4f2559babe99\" \/>\n\t<meta name=\"keywords\" content=\"actualidad\" \/>\n\t<link rel=\"canonical\" href=\"https:\/\/www.eldigitaldeasturias.com\/noticias\/la-diaspora-venezolana-en-espana-la-gente-esta-desesperada\/\" \/>\n\t<meta name=\"generator\" content=\"All in One SEO Pro (AIOSEO) 5.0.1\" \/>\n\t\t<meta property=\"og:locale\" content=\"es_ES\" \/>\n\t\t<meta property=\"og:site_name\" content=\"El Digital de Asturias\" \/>\n\t\t<meta property=\"og:type\" content=\"article\" \/>\n\t\t<meta property=\"og:title\" content=\"La di\u00e1spora venezolana en Espa\u00f1a: \u00abLa gente est\u00e1 desesperada\u00bb - El Digital de Asturias\" \/>\n\t\t<meta property=\"og:description\" content=\"Madrid, 10 may (dpa) - La bandera venezolana cuelga al rev\u00e9s. Una se\u00f1al de preocupaci\u00f3n por lo que pasa en el pa\u00eds, explica Jos\u00e9 Antonio. Desde su local de arepas y jugos naturales en Madrid, el caraque\u00f1o de 37 a\u00f1os es testigo privilegiado de uno de los efectos m\u00e1s palpables de la crisis: la di\u00e1spora\" \/>\n\t\t<meta property=\"og:url\" content=\"https:\/\/www.eldigitaldeasturias.com\/noticias\/la-diaspora-venezolana-en-espana-la-gente-esta-desesperada\/\" \/>\n\t\t<meta property=\"article:tag\" content=\"actualidad\" \/>\n\t\t<meta property=\"article:published_time\" content=\"2018-05-11T07:39:07+00:00\" \/>\n\t\t<meta property=\"article:modified_time\" content=\"2018-05-11T07:39:07+00:00\" \/>\n\t\t<meta property=\"article:publisher\" content=\"https:\/\/facebook.com\/eldigitaldeasturias\" \/>\n\t\t<meta name=\"twitter:card\" content=\"summary_large_image\" \/>\n\t\t<meta name=\"twitter:title\" content=\"La di\u00e1spora venezolana en Espa\u00f1a: \u00abLa gente est\u00e1 desesperada\u00bb - El Digital de Asturias\" \/>\n\t\t<meta name=\"twitter:description\" content=\"Madrid, 10 may (dpa) - La bandera venezolana cuelga al rev\u00e9s. Una se\u00f1al de preocupaci\u00f3n por lo que pasa en el pa\u00eds, explica Jos\u00e9 Antonio. Desde su local de arepas y jugos naturales en Madrid, el caraque\u00f1o de 37 a\u00f1os es testigo privilegiado de uno de los efectos m\u00e1s palpables de la crisis: la di\u00e1spora\" \/>\n\t\t<meta name=\"twitter:image\" content=\"https:\/\/www.eldigitaldeasturias.com\/noticias\/wp-content\/uploads\/2020\/12\/EDA-1.jpg\" \/>\n\t\t<meta name=\"twitter:label1\" content=\"Escrito por\" \/>\n\t\t<meta name=\"twitter:data1\" content=\"El Digital de Asturias\" \/>\n\t\t<meta name=\"twitter:label2\" content=\"Tiempo de lectura estimado\" \/>\n\t\t<meta name=\"twitter:data2\" content=\"4 minutos\" \/>\n\t\t<script type=\"application\/ld+json\" class=\"aioseo-schema\">\n\t\t\t{\"@context\":\"https:\\\/\\\/schema.org\",\"@graph\":[{\"@type\":\"BlogPosting\",\"@id\":\"https:\\\/\\\/www.eldigitaldeasturias.com\\\/noticias\\\/la-diaspora-venezolana-en-espana-la-gente-esta-desesperada\\\/#blogposting\",\"name\":\"La di\\u00e1spora venezolana en Espa\\u00f1a: \\u00abLa gente est\\u00e1 desesperada\\u00bb - El Digital de Asturias\",\"headline\":\"La di\\u00e1spora venezolana en Espa\\u00f1a: \\u00abLa gente est\\u00e1 desesperada\\u00bb\",\"author\":{\"@id\":\"https:\\\/\\\/www.eldigitaldeasturias.com\\\/noticias\\\/author\\\/admin\\\/#author\"},\"publisher\":{\"@id\":\"https:\\\/\\\/www.eldigitaldeasturias.com\\\/noticias\\\/#organization\"},\"image\":{\"@type\":\"ImageObject\",\"url\":977059},\"datePublished\":\"2018-05-11T07:39:07+02:00\",\"dateModified\":\"2018-05-11T07:39:07+02:00\",\"inLanguage\":\"es-ES\",\"mainEntityOfPage\":{\"@id\":\"https:\\\/\\\/www.eldigitaldeasturias.com\\\/noticias\\\/la-diaspora-venezolana-en-espana-la-gente-esta-desesperada\\\/#webpage\"},\"isPartOf\":{\"@id\":\"https:\\\/\\\/www.eldigitaldeasturias.com\\\/noticias\\\/la-diaspora-venezolana-en-espana-la-gente-esta-desesperada\\\/#webpage\"},\"articleSection\":\"Actualidad\"},{\"@type\":\"BreadcrumbList\",\"@id\":\"https:\\\/\\\/www.eldigitaldeasturias.com\\\/noticias\\\/la-diaspora-venezolana-en-espana-la-gente-esta-desesperada\\\/#breadcrumblist\",\"itemListElement\":[{\"@type\":\"ListItem\",\"@id\":\"https:\\\/\\\/www.eldigitaldeasturias.com\\\/noticias#listItem\",\"position\":1,\"name\":\"Home\",\"item\":\"https:\\\/\\\/www.eldigitaldeasturias.com\\\/noticias\",\"nextItem\":{\"@type\":\"ListItem\",\"@id\":\"https:\\\/\\\/www.eldigitaldeasturias.com\\\/noticias\\\/category\\\/actualidad\\\/#listItem\",\"name\":\"Actualidad\"}},{\"@type\":\"ListItem\",\"@id\":\"https:\\\/\\\/www.eldigitaldeasturias.com\\\/noticias\\\/category\\\/actualidad\\\/#listItem\",\"position\":2,\"name\":\"Actualidad\",\"item\":\"https:\\\/\\\/www.eldigitaldeasturias.com\\\/noticias\\\/category\\\/actualidad\\\/\",\"nextItem\":{\"@type\":\"ListItem\",\"@id\":\"https:\\\/\\\/www.eldigitaldeasturias.com\\\/noticias\\\/la-diaspora-venezolana-en-espana-la-gente-esta-desesperada\\\/#listItem\",\"name\":\"La di\\u00e1spora venezolana en Espa\\u00f1a: \\u00abLa gente est\\u00e1 desesperada\\u00bb\"},\"previousItem\":{\"@type\":\"ListItem\",\"@id\":\"https:\\\/\\\/www.eldigitaldeasturias.com\\\/noticias#listItem\",\"name\":\"Home\"}},{\"@type\":\"ListItem\",\"@id\":\"https:\\\/\\\/www.eldigitaldeasturias.com\\\/noticias\\\/la-diaspora-venezolana-en-espana-la-gente-esta-desesperada\\\/#listItem\",\"position\":3,\"name\":\"La di\\u00e1spora venezolana en Espa\\u00f1a: \\u00abLa gente est\\u00e1 desesperada\\u00bb\",\"previousItem\":{\"@type\":\"ListItem\",\"@id\":\"https:\\\/\\\/www.eldigitaldeasturias.com\\\/noticias\\\/category\\\/actualidad\\\/#listItem\",\"name\":\"Actualidad\"}}]},{\"@type\":\"Organization\",\"@id\":\"https:\\\/\\\/www.eldigitaldeasturias.com\\\/noticias\\\/#organization\",\"name\":\"El Digital de Asturias\",\"description\":\"Hemeroteca\",\"url\":\"https:\\\/\\\/www.eldigitaldeasturias.com\\\/noticias\\\/\",\"email\":\"info@eldigitaldeasturias.com\",\"telephone\":\"+34652131393\",\"logo\":{\"@type\":\"ImageObject\",\"url\":\"https:\\\/\\\/www.eldigitaldeasturias.com\\\/noticias\\\/wp-content\\\/uploads\\\/2020\\\/12\\\/EDA.jpg\",\"@id\":\"https:\\\/\\\/www.eldigitaldeasturias.com\\\/noticias\\\/la-diaspora-venezolana-en-espana-la-gente-esta-desesperada\\\/#organizationLogo\"},\"image\":{\"@id\":\"https:\\\/\\\/www.eldigitaldeasturias.com\\\/noticias\\\/la-diaspora-venezolana-en-espana-la-gente-esta-desesperada\\\/#organizationLogo\"},\"sameAs\":[\"https:\\\/\\\/facebook.com\\\/eldigitaldeasturias\",\"https:\\\/\\\/www.youtube.com\\\/channel\\\/UCZP-2wLEB9Rv6erhFmqVnvg\"],\"address\":{\"@id\":\"https:\\\/\\\/www.eldigitaldeasturias.com\\\/noticias\\\/#postaladdress\",\"@type\":\"PostalAddress\",\"streetAddress\":\"san antonio 4\",\"postalCode\":\"33430\",\"addressLocality\":\"Cand\\u00e1s\",\"addressRegion\":\"Asturias\",\"addressCountry\":\"ES\"}},{\"@type\":\"Person\",\"@id\":\"https:\\\/\\\/www.eldigitaldeasturias.com\\\/noticias\\\/author\\\/admin\\\/#author\",\"url\":\"https:\\\/\\\/www.eldigitaldeasturias.com\\\/noticias\\\/author\\\/admin\\\/\",\"name\":\"El Digital de Asturias\",\"image\":{\"@type\":\"ImageObject\",\"@id\":\"https:\\\/\\\/www.eldigitaldeasturias.com\\\/noticias\\\/la-diaspora-venezolana-en-espana-la-gente-esta-desesperada\\\/#authorImage\",\"url\":\"https:\\\/\\\/secure.gravatar.com\\\/avatar\\\/df2aeffc32bcd13f8d26072ef8a91b623d677766deac7f97ca815868cd41bf5e?s=96&d=mm&r=g\",\"width\":96,\"height\":96,\"caption\":\"El Digital de Asturias\"}},{\"@type\":\"WebPage\",\"@id\":\"https:\\\/\\\/www.eldigitaldeasturias.com\\\/noticias\\\/la-diaspora-venezolana-en-espana-la-gente-esta-desesperada\\\/#webpage\",\"url\":\"https:\\\/\\\/www.eldigitaldeasturias.com\\\/noticias\\\/la-diaspora-venezolana-en-espana-la-gente-esta-desesperada\\\/\",\"name\":\"La di\\u00e1spora venezolana en Espa\\u00f1a: \\u00abLa gente est\\u00e1 desesperada\\u00bb - El Digital de Asturias\",\"description\":\"Madrid, 10 may (dpa) - La bandera venezolana cuelga al rev\\u00e9s. Una se\\u00f1al de preocupaci\\u00f3n por lo que pasa en el pa\\u00eds, explica Jos\\u00e9 Antonio. Desde su local de arepas y jugos naturales en Madrid, el caraque\\u00f1o de 37 a\\u00f1os es testigo privilegiado de uno de los efectos m\\u00e1s palpables de la crisis: la di\\u00e1spora\",\"inLanguage\":\"es-ES\",\"isPartOf\":{\"@id\":\"https:\\\/\\\/www.eldigitaldeasturias.com\\\/noticias\\\/#website\"},\"breadcrumb\":{\"@id\":\"https:\\\/\\\/www.eldigitaldeasturias.com\\\/noticias\\\/la-diaspora-venezolana-en-espana-la-gente-esta-desesperada\\\/#breadcrumblist\"},\"author\":{\"@id\":\"https:\\\/\\\/www.eldigitaldeasturias.com\\\/noticias\\\/author\\\/admin\\\/#author\"},\"creator\":{\"@id\":\"https:\\\/\\\/www.eldigitaldeasturias.com\\\/noticias\\\/author\\\/admin\\\/#author\"},\"image\":{\"@type\":\"ImageObject\",\"url\":977059,\"@id\":\"https:\\\/\\\/www.eldigitaldeasturias.com\\\/noticias\\\/la-diaspora-venezolana-en-espana-la-gente-esta-desesperada\\\/#mainImage\"},\"primaryImageOfPage\":{\"@id\":\"https:\\\/\\\/www.eldigitaldeasturias.com\\\/noticias\\\/la-diaspora-venezolana-en-espana-la-gente-esta-desesperada\\\/#mainImage\"},\"datePublished\":\"2018-05-11T07:39:07+02:00\",\"dateModified\":\"2018-05-11T07:39:07+02:00\"},{\"@type\":\"WebSite\",\"@id\":\"https:\\\/\\\/www.eldigitaldeasturias.com\\\/noticias\\\/#website\",\"url\":\"https:\\\/\\\/www.eldigitaldeasturias.com\\\/noticias\\\/\",\"name\":\"El Digital de Asturias - Diario de actualidad y noticias\",\"alternateName\":\"El Digital de Asturias - Diario de actualidad y noticias\",\"description\":\"Hemeroteca\",\"inLanguage\":\"es-ES\",\"publisher\":{\"@id\":\"https:\\\/\\\/www.eldigitaldeasturias.com\\\/noticias\\\/#organization\"}}]}\n\t\t<\/script>\n\t\t<!-- All in One SEO Pro -->\r\n\t\t<title>La di\u00e1spora venezolana en Espa\u00f1a: \u00abLa gente est\u00e1 desesperada\u00bb - El Digital de Asturias<\/title>\n\n","aioseo_head_json":{"title":"La di\u00e1spora venezolana en Espa\u00f1a: \u00abLa gente est\u00e1 desesperada\u00bb - El Digital de Asturias","description":"Madrid, 10 may (dpa) - La bandera venezolana cuelga al rev\u00e9s. Una se\u00f1al de preocupaci\u00f3n por lo que pasa en el pa\u00eds, explica Jos\u00e9 Antonio. Desde su local de arepas y jugos naturales en Madrid, el caraque\u00f1o de 37 a\u00f1os es testigo privilegiado de uno de los efectos m\u00e1s palpables de la crisis: la di\u00e1spora","canonical_url":"https:\/\/www.eldigitaldeasturias.com\/noticias\/la-diaspora-venezolana-en-espana-la-gente-esta-desesperada\/","robots":"max-image-preview:large","keywords":"actualidad","webmasterTools":{"google-site-verification":"UA-38556648-1","msvalidate.01":"7dfe9f3f1b24437ab69f4f2559babe99","miscellaneous":""},"schema":{"@context":"https:\/\/schema.org","@graph":[{"@type":"BlogPosting","@id":"https:\/\/www.eldigitaldeasturias.com\/noticias\/la-diaspora-venezolana-en-espana-la-gente-esta-desesperada\/#blogposting","name":"La di\u00e1spora venezolana en Espa\u00f1a: \u00abLa gente est\u00e1 desesperada\u00bb - El Digital de Asturias","headline":"La di\u00e1spora venezolana en Espa\u00f1a: \u00abLa gente est\u00e1 desesperada\u00bb","author":{"@id":"https:\/\/www.eldigitaldeasturias.com\/noticias\/author\/admin\/#author"},"publisher":{"@id":"https:\/\/www.eldigitaldeasturias.com\/noticias\/#organization"},"image":{"@type":"ImageObject","url":977059},"datePublished":"2018-05-11T07:39:07+02:00","dateModified":"2018-05-11T07:39:07+02:00","inLanguage":"es-ES","mainEntityOfPage":{"@id":"https:\/\/www.eldigitaldeasturias.com\/noticias\/la-diaspora-venezolana-en-espana-la-gente-esta-desesperada\/#webpage"},"isPartOf":{"@id":"https:\/\/www.eldigitaldeasturias.com\/noticias\/la-diaspora-venezolana-en-espana-la-gente-esta-desesperada\/#webpage"},"articleSection":"Actualidad"},{"@type":"BreadcrumbList","@id":"https:\/\/www.eldigitaldeasturias.com\/noticias\/la-diaspora-venezolana-en-espana-la-gente-esta-desesperada\/#breadcrumblist","itemListElement":[{"@type":"ListItem","@id":"https:\/\/www.eldigitaldeasturias.com\/noticias#listItem","position":1,"name":"Home","item":"https:\/\/www.eldigitaldeasturias.com\/noticias","nextItem":{"@type":"ListItem","@id":"https:\/\/www.eldigitaldeasturias.com\/noticias\/category\/actualidad\/#listItem","name":"Actualidad"}},{"@type":"ListItem","@id":"https:\/\/www.eldigitaldeasturias.com\/noticias\/category\/actualidad\/#listItem","position":2,"name":"Actualidad","item":"https:\/\/www.eldigitaldeasturias.com\/noticias\/category\/actualidad\/","nextItem":{"@type":"ListItem","@id":"https:\/\/www.eldigitaldeasturias.com\/noticias\/la-diaspora-venezolana-en-espana-la-gente-esta-desesperada\/#listItem","name":"La di\u00e1spora venezolana en Espa\u00f1a: \u00abLa gente est\u00e1 desesperada\u00bb"},"previousItem":{"@type":"ListItem","@id":"https:\/\/www.eldigitaldeasturias.com\/noticias#listItem","name":"Home"}},{"@type":"ListItem","@id":"https:\/\/www.eldigitaldeasturias.com\/noticias\/la-diaspora-venezolana-en-espana-la-gente-esta-desesperada\/#listItem","position":3,"name":"La di\u00e1spora venezolana en Espa\u00f1a: \u00abLa gente est\u00e1 desesperada\u00bb","previousItem":{"@type":"ListItem","@id":"https:\/\/www.eldigitaldeasturias.com\/noticias\/category\/actualidad\/#listItem","name":"Actualidad"}}]},{"@type":"Organization","@id":"https:\/\/www.eldigitaldeasturias.com\/noticias\/#organization","name":"El Digital de Asturias","description":"Hemeroteca","url":"https:\/\/www.eldigitaldeasturias.com\/noticias\/","email":"info@eldigitaldeasturias.com","telephone":"+34652131393","logo":{"@type":"ImageObject","url":"https:\/\/www.eldigitaldeasturias.com\/noticias\/wp-content\/uploads\/2020\/12\/EDA.jpg","@id":"https:\/\/www.eldigitaldeasturias.com\/noticias\/la-diaspora-venezolana-en-espana-la-gente-esta-desesperada\/#organizationLogo"},"image":{"@id":"https:\/\/www.eldigitaldeasturias.com\/noticias\/la-diaspora-venezolana-en-espana-la-gente-esta-desesperada\/#organizationLogo"},"sameAs":["https:\/\/facebook.com\/eldigitaldeasturias","https:\/\/www.youtube.com\/channel\/UCZP-2wLEB9Rv6erhFmqVnvg"],"address":{"@id":"https:\/\/www.eldigitaldeasturias.com\/noticias\/#postaladdress","@type":"PostalAddress","streetAddress":"san antonio 4","postalCode":"33430","addressLocality":"Cand\u00e1s","addressRegion":"Asturias","addressCountry":"ES"}},{"@type":"Person","@id":"https:\/\/www.eldigitaldeasturias.com\/noticias\/author\/admin\/#author","url":"https:\/\/www.eldigitaldeasturias.com\/noticias\/author\/admin\/","name":"El Digital de Asturias","image":{"@type":"ImageObject","@id":"https:\/\/www.eldigitaldeasturias.com\/noticias\/la-diaspora-venezolana-en-espana-la-gente-esta-desesperada\/#authorImage","url":"https:\/\/secure.gravatar.com\/avatar\/df2aeffc32bcd13f8d26072ef8a91b623d677766deac7f97ca815868cd41bf5e?s=96&d=mm&r=g","width":96,"height":96,"caption":"El Digital de Asturias"}},{"@type":"WebPage","@id":"https:\/\/www.eldigitaldeasturias.com\/noticias\/la-diaspora-venezolana-en-espana-la-gente-esta-desesperada\/#webpage","url":"https:\/\/www.eldigitaldeasturias.com\/noticias\/la-diaspora-venezolana-en-espana-la-gente-esta-desesperada\/","name":"La di\u00e1spora venezolana en Espa\u00f1a: \u00abLa gente est\u00e1 desesperada\u00bb - El Digital de Asturias","description":"Madrid, 10 may (dpa) - La bandera venezolana cuelga al rev\u00e9s. Una se\u00f1al de preocupaci\u00f3n por lo que pasa en el pa\u00eds, explica Jos\u00e9 Antonio. Desde su local de arepas y jugos naturales en Madrid, el caraque\u00f1o de 37 a\u00f1os es testigo privilegiado de uno de los efectos m\u00e1s palpables de la crisis: la di\u00e1spora","inLanguage":"es-ES","isPartOf":{"@id":"https:\/\/www.eldigitaldeasturias.com\/noticias\/#website"},"breadcrumb":{"@id":"https:\/\/www.eldigitaldeasturias.com\/noticias\/la-diaspora-venezolana-en-espana-la-gente-esta-desesperada\/#breadcrumblist"},"author":{"@id":"https:\/\/www.eldigitaldeasturias.com\/noticias\/author\/admin\/#author"},"creator":{"@id":"https:\/\/www.eldigitaldeasturias.com\/noticias\/author\/admin\/#author"},"image":{"@type":"ImageObject","url":977059,"@id":"https:\/\/www.eldigitaldeasturias.com\/noticias\/la-diaspora-venezolana-en-espana-la-gente-esta-desesperada\/#mainImage"},"primaryImageOfPage":{"@id":"https:\/\/www.eldigitaldeasturias.com\/noticias\/la-diaspora-venezolana-en-espana-la-gente-esta-desesperada\/#mainImage"},"datePublished":"2018-05-11T07:39:07+02:00","dateModified":"2018-05-11T07:39:07+02:00"},{"@type":"WebSite","@id":"https:\/\/www.eldigitaldeasturias.com\/noticias\/#website","url":"https:\/\/www.eldigitaldeasturias.com\/noticias\/","name":"El Digital de Asturias - Diario de actualidad y noticias","alternateName":"El Digital de Asturias - Diario de actualidad y noticias","description":"Hemeroteca","inLanguage":"es-ES","publisher":{"@id":"https:\/\/www.eldigitaldeasturias.com\/noticias\/#organization"}}]},"og:locale":"es_ES","og:site_name":"El Digital de Asturias","og:type":"article","og:title":"La di\u00e1spora venezolana en Espa\u00f1a: \u00abLa gente est\u00e1 desesperada\u00bb - El Digital de Asturias","og:description":"Madrid, 10 may (dpa) - La bandera venezolana cuelga al rev\u00e9s. Una se\u00f1al de preocupaci\u00f3n por lo que pasa en el pa\u00eds, explica Jos\u00e9 Antonio. Desde su local de arepas y jugos naturales en Madrid, el caraque\u00f1o de 37 a\u00f1os es testigo privilegiado de uno de los efectos m\u00e1s palpables de la crisis: la di\u00e1spora","og:url":"https:\/\/www.eldigitaldeasturias.com\/noticias\/la-diaspora-venezolana-en-espana-la-gente-esta-desesperada\/","article:tag":["actualidad"],"article:published_time":"2018-05-11T07:39:07+00:00","article:modified_time":"2018-05-11T07:39:07+00:00","article:publisher":"https:\/\/facebook.com\/eldigitaldeasturias","twitter:card":"summary_large_image","twitter:title":"La di\u00e1spora venezolana en Espa\u00f1a: \u00abLa gente est\u00e1 desesperada\u00bb - El Digital de Asturias","twitter:description":"Madrid, 10 may (dpa) - La bandera venezolana cuelga al rev\u00e9s. Una se\u00f1al de preocupaci\u00f3n por lo que pasa en el pa\u00eds, explica Jos\u00e9 Antonio. Desde su local de arepas y jugos naturales en Madrid, el caraque\u00f1o de 37 a\u00f1os es testigo privilegiado de uno de los efectos m\u00e1s palpables de la crisis: la di\u00e1spora","twitter:image":"https:\/\/www.eldigitaldeasturias.com\/noticias\/wp-content\/uploads\/2020\/12\/EDA-1.jpg","twitter:label1":"Escrito por","twitter:data1":"El Digital de Asturias","twitter:label2":"Tiempo de lectura estimado","twitter:data2":"4 minutos"},"aioseo_meta_data":{"post_id":"979808","title":null,"description":null,"keywords":null,"keyphrases":null,"primary_term":null,"canonical_url":null,"og_title":null,"og_description":null,"og_object_type":"default","og_image_type":"default","og_image_url":null,"og_image_width":null,"og_image_height":null,"og_image_custom_url":null,"og_image_custom_fields":null,"og_video":null,"og_custom_url":null,"og_article_section":null,"og_article_tags":null,"twitter_use_og":false,"twitter_card":"default","twitter_image_type":"default","twitter_image_url":null,"twitter_image_custom_url":null,"twitter_image_custom_fields":null,"twitter_title":null,"twitter_description":null,"schema":{"blockGraphs":[],"customGraphs":[],"default":{"data":{"Article":[],"Course":[],"Dataset":[],"FAQPage":[],"Movie":[],"Person":[],"Product":[],"ProductReview":[],"Car":[],"Recipe":[],"Service":[],"SoftwareApplication":[],"WebPage":[]},"graphName":"","isEnabled":true},"graphs":[],"defaultGraph":"","defaultPostTypeGraph":""},"schema_type":null,"schema_type_options":null,"pillar_content":false,"robots_default":true,"robots_noindex":false,"robots_noarchive":false,"robots_nosnippet":false,"robots_nofollow":false,"robots_noimageindex":false,"robots_noodp":false,"robots_notranslate":false,"robots_max_snippet":null,"robots_max_videopreview":null,"robots_max_imagepreview":"large","priority":null,"frequency":null,"local_seo":null,"seo_analyzer_scan_date":"2025-10-08 15:39:07","breadcrumb_settings":null,"limit_modified_date":false,"open_ai":null,"ai":null,"created":"2020-12-21 11:58:37","updated":"2025-10-08 15:39:07","focus_keyword":null,"additional_keywords":null,"truseo_locale":null},"aioseo_breadcrumb":"<div class=\"aioseo-breadcrumbs\"><span class=\"aioseo-breadcrumb\">\n\t<a href=\"https:\/\/www.eldigitaldeasturias.com\/noticias\" title=\"Home\">Home<\/a>\n<\/span><span class=\"aioseo-breadcrumb-separator\">\u2013<\/span><span class=\"aioseo-breadcrumb\">\n\t<a href=\"https:\/\/www.eldigitaldeasturias.com\/noticias\/category\/actualidad\/\" title=\"Actualidad\">Actualidad<\/a>\n<\/span><span class=\"aioseo-breadcrumb-separator\">\u2013<\/span><span class=\"aioseo-breadcrumb\">\n\t<a href=\"https:\/\/www.eldigitaldeasturias.com\/noticias\/la-diaspora-venezolana-en-espana-la-gente-esta-desesperada\/\" title=\"La di\u00e1spora venezolana en Espa\u00f1a: \u00abLa gente est\u00e1 desesperada\u00bb\">La di\u00e1spora venezolana en Espa\u00f1a: \u00abLa gente est\u00e1 desesperada\u00bb<\/a>\n<\/span><\/div>","aioseo_breadcrumb_json":[{"label":"Home","link":"https:\/\/www.eldigitaldeasturias.com\/noticias"},{"label":"Actualidad","link":"https:\/\/www.eldigitaldeasturias.com\/noticias\/category\/actualidad\/"},{"label":"La di\u00e1spora venezolana en Espa\u00f1a: \u00abLa gente est\u00e1 desesperada\u00bb","link":"https:\/\/www.eldigitaldeasturias.com\/noticias\/la-diaspora-venezolana-en-espana-la-gente-esta-desesperada\/"}],"_links":{"self":[{"href":"https:\/\/www.eldigitaldeasturias.com\/noticias\/wp-json\/wp\/v2\/posts\/979808","targetHints":{"allow":["GET"]}}],"collection":[{"href":"https:\/\/www.eldigitaldeasturias.com\/noticias\/wp-json\/wp\/v2\/posts"}],"about":[{"href":"https:\/\/www.eldigitaldeasturias.com\/noticias\/wp-json\/wp\/v2\/types\/post"}],"author":[{"embeddable":true,"href":"https:\/\/www.eldigitaldeasturias.com\/noticias\/wp-json\/wp\/v2\/users\/1"}],"replies":[{"embeddable":true,"href":"https:\/\/www.eldigitaldeasturias.com\/noticias\/wp-json\/wp\/v2\/comments?post=979808"}],"version-history":[{"count":0,"href":"https:\/\/www.eldigitaldeasturias.com\/noticias\/wp-json\/wp\/v2\/posts\/979808\/revisions"}],"wp:attachment":[{"href":"https:\/\/www.eldigitaldeasturias.com\/noticias\/wp-json\/wp\/v2\/media?parent=979808"}],"wp:term":[{"taxonomy":"category","embeddable":true,"href":"https:\/\/www.eldigitaldeasturias.com\/noticias\/wp-json\/wp\/v2\/categories?post=979808"},{"taxonomy":"post_tag","embeddable":true,"href":"https:\/\/www.eldigitaldeasturias.com\/noticias\/wp-json\/wp\/v2\/tags?post=979808"}],"curies":[{"name":"wp","href":"https:\/\/api.w.org\/{rel}","templated":true}]}}