{"id":979796,"date":"2018-05-11T03:09:39","date_gmt":"2018-05-11T03:09:39","guid":{"rendered":"http:\/\/www.eldigitaldeasturias.com\/noticias\/?p=979796"},"modified":"2018-05-11T03:09:39","modified_gmt":"2018-05-11T03:09:39","slug":"emmanuel-macron-recibe-el-premio-carlomagno","status":"publish","type":"post","link":"https:\/\/www.eldigitaldeasturias.com\/noticias\/emmanuel-macron-recibe-el-premio-carlomagno\/","title":{"rendered":"Emmanuel Macron recibe el Premio Carlomagno"},"content":{"rendered":"<p><img loading=\"lazy\" decoding=\"async\" class=\"alignleft size-medium wp-image-653067\" src=\"https:\/\/www.eldigitaldeasturias.com\/noticias\/wp-content\/uploads\/2014\/10\/6773324w-360x250.jpg\" alt=\"\" width=\"360\" height=\"250\" \/>Aquisgr\u00e1n (Alemania), 10 may (dpa) &#8211; El presidente de Francia, Emmanuel Macron, recibi\u00f3 hoy el Premio Carlomagno por su visi\u00f3n de una nueva Europa.<\/p>\n<p>El galard\u00f3n honra tambi\u00e9n la lucha \u00abapasionada\u00bb de Macron contra el nacionalismo y el aislacionismo, dijo Marcel Philipp, alcalde de la ciudad alemana de Aquisgr\u00e1n, que otorga anualmente el premio. \u00abMacron es hoy la mayor fuente de impulsos para la Europa de hoy\u00bb, dijo Philipp.<\/p>\n<p>La canciller alemana, Angela Merkel, destac\u00f3 el entusiasmo y el valor de Macron en su discurso laudatorio. \u00abEst\u00e1s lleno de ideas y has revitalizado el debate de la pol\u00edtica europea con nuevas propuestas (&#8230;) Me alegra que podamos trabajar juntos\u00bb, dijo la l\u00edder germana.<\/p>\n<p>\u00abEuropa debe mostrar que en un mundo globalizado no somos parte del problema, sino parte de la soluci\u00f3n. Junto con Francia estamos convencidos de que necesitamos el resurgimiento de Europa\u00bb, se\u00f1al\u00f3 la mandataria ante selectos invitados a la ceremonia, entre los que tambi\u00e9n estuvo el Rey Felipe VI de Espa\u00f1a.<\/p>\n<p>El Premio Carlomagno se otorga en la ciudad alemana de Aquisgr\u00e1n desde el a\u00f1o 1950. Ostenta el honor se de ser el premio m\u00e1s antiguo y conocido con el que son distinguidas tanto personalidades como instituciones cuyas sobresalientes aportaciones al \u00e1mbito pol\u00edtico, econ\u00f3mico y espiritual hayan servido para fomentar la unidad en Europa.<\/p>\n<p>El galard\u00f3n internacional comenz\u00f3 por la iniciativa de un grupo de personas destacadas de la ciudad alemana de Aquisgr\u00e1n, situada junto a la frontera con B\u00e9lgica y Holanda.<\/p>\n<p>All\u00ed tuvo su residencia Carlomagno (747\/748-814), rey de los francos, de Italia y emperador del Sacro Imperio Romano, que unific\u00f3 buena parte de Europa Occidental en su imperio. Aunque su reino se partir\u00eda de nuevo en varios Estados durante la alta Edad Media, se lo recuerda como un predecesor de la unidad de Europa.<\/p>\n","protected":false},"excerpt":{"rendered":"<p>Aquisgr\u00e1n (Alemania), 10 may (dpa) &#8211; El presidente de Francia, Emmanuel Macron, recibi\u00f3 hoy el Premio Carlomagno por su visi\u00f3n de una nueva Europa. El galard\u00f3n honra tambi\u00e9n la lucha \u00abapasionada\u00bb de Macron contra el nacionalismo y el aislacionismo, dijo Marcel Philipp, alcalde de la ciudad alemana de Aquisgr\u00e1n, que otorga anualmente el premio. \u00abMacron [&hellip;]<\/p>\n","protected":false},"author":1,"featured_media":653067,"comment_status":"closed","ping_status":"closed","sticky":false,"template":"","format":"standard","meta":{"footnotes":""},"categories":[1],"tags":[],"class_list":["post-979796","post","type-post","status-publish","format-standard","has-post-thumbnail","hentry","category-actualidad"],"aioseo_notices":[],"aioseo_head":"\n\t\t<!-- All in One SEO Pro 5.0.1 - aioseo.com -->\n\t<meta name=\"description\" content=\"Aquisgr\u00e1n (Alemania), 10 may (dpa) - El presidente de Francia, Emmanuel Macron, recibi\u00f3 hoy el Premio Carlomagno por su visi\u00f3n de una nueva Europa. El galard\u00f3n honra tambi\u00e9n la lucha &quot;apasionada&quot; de Macron contra el nacionalismo y el aislacionismo, dijo Marcel Philipp, alcalde de la ciudad alemana de Aquisgr\u00e1n, que otorga anualmente el premio. &quot;Macron\" \/>\n\t<meta name=\"robots\" content=\"max-image-preview:large\" \/>\n\t<meta name=\"author\" content=\"El Digital de Asturias\"\/>\n\t<meta name=\"google-site-verification\" content=\"UA-38556648-1\" \/>\n\t<meta name=\"msvalidate.01\" content=\"7dfe9f3f1b24437ab69f4f2559babe99\" \/>\n\t<meta name=\"keywords\" content=\"actualidad\" \/>\n\t<link rel=\"canonical\" href=\"https:\/\/www.eldigitaldeasturias.com\/noticias\/emmanuel-macron-recibe-el-premio-carlomagno\/\" \/>\n\t<meta name=\"generator\" content=\"All in One SEO Pro (AIOSEO) 5.0.1\" \/>\n\t\t<meta property=\"og:locale\" content=\"es_ES\" \/>\n\t\t<meta property=\"og:site_name\" content=\"El Digital de Asturias\" \/>\n\t\t<meta property=\"og:type\" content=\"article\" \/>\n\t\t<meta property=\"og:title\" content=\"Emmanuel Macron recibe el Premio Carlomagno - El Digital de Asturias\" \/>\n\t\t<meta property=\"og:description\" content=\"Aquisgr\u00e1n (Alemania), 10 may (dpa) - El presidente de Francia, Emmanuel Macron, recibi\u00f3 hoy el Premio Carlomagno por su visi\u00f3n de una nueva Europa. El galard\u00f3n honra tambi\u00e9n la lucha &quot;apasionada&quot; de Macron contra el nacionalismo y el aislacionismo, dijo Marcel Philipp, alcalde de la ciudad alemana de Aquisgr\u00e1n, que otorga anualmente el premio. &quot;Macron\" \/>\n\t\t<meta property=\"og:url\" content=\"https:\/\/www.eldigitaldeasturias.com\/noticias\/emmanuel-macron-recibe-el-premio-carlomagno\/\" \/>\n\t\t<meta property=\"article:tag\" content=\"actualidad\" \/>\n\t\t<meta property=\"article:published_time\" content=\"2018-05-11T03:09:39+00:00\" \/>\n\t\t<meta property=\"article:modified_time\" content=\"2018-05-11T03:09:39+00:00\" \/>\n\t\t<meta property=\"article:publisher\" content=\"https:\/\/facebook.com\/eldigitaldeasturias\" \/>\n\t\t<meta name=\"twitter:card\" content=\"summary_large_image\" \/>\n\t\t<meta name=\"twitter:title\" content=\"Emmanuel Macron recibe el Premio Carlomagno - El Digital de Asturias\" \/>\n\t\t<meta name=\"twitter:description\" content=\"Aquisgr\u00e1n (Alemania), 10 may (dpa) - El presidente de Francia, Emmanuel Macron, recibi\u00f3 hoy el Premio Carlomagno por su visi\u00f3n de una nueva Europa. El galard\u00f3n honra tambi\u00e9n la lucha &quot;apasionada&quot; de Macron contra el nacionalismo y el aislacionismo, dijo Marcel Philipp, alcalde de la ciudad alemana de Aquisgr\u00e1n, que otorga anualmente el premio. &quot;Macron\" \/>\n\t\t<meta name=\"twitter:image\" content=\"https:\/\/www.eldigitaldeasturias.com\/noticias\/wp-content\/uploads\/2020\/12\/EDA-1.jpg\" \/>\n\t\t<meta name=\"twitter:label1\" content=\"Escrito por\" \/>\n\t\t<meta name=\"twitter:data1\" content=\"El Digital de Asturias\" \/>\n\t\t<meta name=\"twitter:label2\" content=\"Tiempo de lectura estimado\" \/>\n\t\t<meta name=\"twitter:data2\" content=\"2 minutos\" \/>\n\t\t<script type=\"application\/ld+json\" class=\"aioseo-schema\">\n\t\t\t{\"@context\":\"https:\\\/\\\/schema.org\",\"@graph\":[{\"@type\":\"BlogPosting\",\"@id\":\"https:\\\/\\\/www.eldigitaldeasturias.com\\\/noticias\\\/emmanuel-macron-recibe-el-premio-carlomagno\\\/#blogposting\",\"name\":\"Emmanuel Macron recibe el Premio Carlomagno - El Digital de Asturias\",\"headline\":\"Emmanuel Macron recibe el Premio Carlomagno\",\"author\":{\"@id\":\"https:\\\/\\\/www.eldigitaldeasturias.com\\\/noticias\\\/author\\\/admin\\\/#author\"},\"publisher\":{\"@id\":\"https:\\\/\\\/www.eldigitaldeasturias.com\\\/noticias\\\/#organization\"},\"image\":{\"@type\":\"ImageObject\",\"url\":653067},\"datePublished\":\"2018-05-11T03:09:39+02:00\",\"dateModified\":\"2018-05-11T03:09:39+02:00\",\"inLanguage\":\"es-ES\",\"mainEntityOfPage\":{\"@id\":\"https:\\\/\\\/www.eldigitaldeasturias.com\\\/noticias\\\/emmanuel-macron-recibe-el-premio-carlomagno\\\/#webpage\"},\"isPartOf\":{\"@id\":\"https:\\\/\\\/www.eldigitaldeasturias.com\\\/noticias\\\/emmanuel-macron-recibe-el-premio-carlomagno\\\/#webpage\"},\"articleSection\":\"Actualidad\"},{\"@type\":\"BreadcrumbList\",\"@id\":\"https:\\\/\\\/www.eldigitaldeasturias.com\\\/noticias\\\/emmanuel-macron-recibe-el-premio-carlomagno\\\/#breadcrumblist\",\"itemListElement\":[{\"@type\":\"ListItem\",\"@id\":\"https:\\\/\\\/www.eldigitaldeasturias.com\\\/noticias#listItem\",\"position\":1,\"name\":\"Home\",\"item\":\"https:\\\/\\\/www.eldigitaldeasturias.com\\\/noticias\",\"nextItem\":{\"@type\":\"ListItem\",\"@id\":\"https:\\\/\\\/www.eldigitaldeasturias.com\\\/noticias\\\/category\\\/actualidad\\\/#listItem\",\"name\":\"Actualidad\"}},{\"@type\":\"ListItem\",\"@id\":\"https:\\\/\\\/www.eldigitaldeasturias.com\\\/noticias\\\/category\\\/actualidad\\\/#listItem\",\"position\":2,\"name\":\"Actualidad\",\"item\":\"https:\\\/\\\/www.eldigitaldeasturias.com\\\/noticias\\\/category\\\/actualidad\\\/\",\"nextItem\":{\"@type\":\"ListItem\",\"@id\":\"https:\\\/\\\/www.eldigitaldeasturias.com\\\/noticias\\\/emmanuel-macron-recibe-el-premio-carlomagno\\\/#listItem\",\"name\":\"Emmanuel Macron recibe el Premio Carlomagno\"},\"previousItem\":{\"@type\":\"ListItem\",\"@id\":\"https:\\\/\\\/www.eldigitaldeasturias.com\\\/noticias#listItem\",\"name\":\"Home\"}},{\"@type\":\"ListItem\",\"@id\":\"https:\\\/\\\/www.eldigitaldeasturias.com\\\/noticias\\\/emmanuel-macron-recibe-el-premio-carlomagno\\\/#listItem\",\"position\":3,\"name\":\"Emmanuel Macron recibe el Premio Carlomagno\",\"previousItem\":{\"@type\":\"ListItem\",\"@id\":\"https:\\\/\\\/www.eldigitaldeasturias.com\\\/noticias\\\/category\\\/actualidad\\\/#listItem\",\"name\":\"Actualidad\"}}]},{\"@type\":\"Organization\",\"@id\":\"https:\\\/\\\/www.eldigitaldeasturias.com\\\/noticias\\\/#organization\",\"name\":\"El Digital de Asturias\",\"description\":\"Hemeroteca\",\"url\":\"https:\\\/\\\/www.eldigitaldeasturias.com\\\/noticias\\\/\",\"email\":\"info@eldigitaldeasturias.com\",\"telephone\":\"+34652131393\",\"logo\":{\"@type\":\"ImageObject\",\"url\":\"https:\\\/\\\/www.eldigitaldeasturias.com\\\/noticias\\\/wp-content\\\/uploads\\\/2020\\\/12\\\/EDA.jpg\",\"@id\":\"https:\\\/\\\/www.eldigitaldeasturias.com\\\/noticias\\\/emmanuel-macron-recibe-el-premio-carlomagno\\\/#organizationLogo\"},\"image\":{\"@id\":\"https:\\\/\\\/www.eldigitaldeasturias.com\\\/noticias\\\/emmanuel-macron-recibe-el-premio-carlomagno\\\/#organizationLogo\"},\"sameAs\":[\"https:\\\/\\\/facebook.com\\\/eldigitaldeasturias\",\"https:\\\/\\\/www.youtube.com\\\/channel\\\/UCZP-2wLEB9Rv6erhFmqVnvg\"],\"address\":{\"@id\":\"https:\\\/\\\/www.eldigitaldeasturias.com\\\/noticias\\\/#postaladdress\",\"@type\":\"PostalAddress\",\"streetAddress\":\"san antonio 4\",\"postalCode\":\"33430\",\"addressLocality\":\"Cand\\u00e1s\",\"addressRegion\":\"Asturias\",\"addressCountry\":\"ES\"}},{\"@type\":\"Person\",\"@id\":\"https:\\\/\\\/www.eldigitaldeasturias.com\\\/noticias\\\/author\\\/admin\\\/#author\",\"url\":\"https:\\\/\\\/www.eldigitaldeasturias.com\\\/noticias\\\/author\\\/admin\\\/\",\"name\":\"El Digital de Asturias\",\"image\":{\"@type\":\"ImageObject\",\"@id\":\"https:\\\/\\\/www.eldigitaldeasturias.com\\\/noticias\\\/emmanuel-macron-recibe-el-premio-carlomagno\\\/#authorImage\",\"url\":\"https:\\\/\\\/secure.gravatar.com\\\/avatar\\\/df2aeffc32bcd13f8d26072ef8a91b623d677766deac7f97ca815868cd41bf5e?s=96&d=mm&r=g\",\"width\":96,\"height\":96,\"caption\":\"El Digital de Asturias\"}},{\"@type\":\"WebPage\",\"@id\":\"https:\\\/\\\/www.eldigitaldeasturias.com\\\/noticias\\\/emmanuel-macron-recibe-el-premio-carlomagno\\\/#webpage\",\"url\":\"https:\\\/\\\/www.eldigitaldeasturias.com\\\/noticias\\\/emmanuel-macron-recibe-el-premio-carlomagno\\\/\",\"name\":\"Emmanuel Macron recibe el Premio Carlomagno - El Digital de Asturias\",\"description\":\"Aquisgr\\u00e1n (Alemania), 10 may (dpa) - El presidente de Francia, Emmanuel Macron, recibi\\u00f3 hoy el Premio Carlomagno por su visi\\u00f3n de una nueva Europa. El galard\\u00f3n honra tambi\\u00e9n la lucha \\\"apasionada\\\" de Macron contra el nacionalismo y el aislacionismo, dijo Marcel Philipp, alcalde de la ciudad alemana de Aquisgr\\u00e1n, que otorga anualmente el premio. \\\"Macron\",\"inLanguage\":\"es-ES\",\"isPartOf\":{\"@id\":\"https:\\\/\\\/www.eldigitaldeasturias.com\\\/noticias\\\/#website\"},\"breadcrumb\":{\"@id\":\"https:\\\/\\\/www.eldigitaldeasturias.com\\\/noticias\\\/emmanuel-macron-recibe-el-premio-carlomagno\\\/#breadcrumblist\"},\"author\":{\"@id\":\"https:\\\/\\\/www.eldigitaldeasturias.com\\\/noticias\\\/author\\\/admin\\\/#author\"},\"creator\":{\"@id\":\"https:\\\/\\\/www.eldigitaldeasturias.com\\\/noticias\\\/author\\\/admin\\\/#author\"},\"image\":{\"@type\":\"ImageObject\",\"url\":653067,\"@id\":\"https:\\\/\\\/www.eldigitaldeasturias.com\\\/noticias\\\/emmanuel-macron-recibe-el-premio-carlomagno\\\/#mainImage\"},\"primaryImageOfPage\":{\"@id\":\"https:\\\/\\\/www.eldigitaldeasturias.com\\\/noticias\\\/emmanuel-macron-recibe-el-premio-carlomagno\\\/#mainImage\"},\"datePublished\":\"2018-05-11T03:09:39+02:00\",\"dateModified\":\"2018-05-11T03:09:39+02:00\"},{\"@type\":\"WebSite\",\"@id\":\"https:\\\/\\\/www.eldigitaldeasturias.com\\\/noticias\\\/#website\",\"url\":\"https:\\\/\\\/www.eldigitaldeasturias.com\\\/noticias\\\/\",\"name\":\"El Digital de Asturias - Diario de actualidad y noticias\",\"alternateName\":\"El Digital de Asturias - Diario de actualidad y noticias\",\"description\":\"Hemeroteca\",\"inLanguage\":\"es-ES\",\"publisher\":{\"@id\":\"https:\\\/\\\/www.eldigitaldeasturias.com\\\/noticias\\\/#organization\"}}]}\n\t\t<\/script>\n\t\t<!-- All in One SEO Pro -->\r\n\t\t<title>Emmanuel Macron recibe el Premio Carlomagno - El Digital de Asturias<\/title>\n\n","aioseo_head_json":{"title":"Emmanuel Macron recibe el Premio Carlomagno - El Digital de Asturias","description":"Aquisgr\u00e1n (Alemania), 10 may (dpa) - El presidente de Francia, Emmanuel Macron, recibi\u00f3 hoy el Premio Carlomagno por su visi\u00f3n de una nueva Europa. El galard\u00f3n honra tambi\u00e9n la lucha \"apasionada\" de Macron contra el nacionalismo y el aislacionismo, dijo Marcel Philipp, alcalde de la ciudad alemana de Aquisgr\u00e1n, que otorga anualmente el premio. \"Macron","canonical_url":"https:\/\/www.eldigitaldeasturias.com\/noticias\/emmanuel-macron-recibe-el-premio-carlomagno\/","robots":"max-image-preview:large","keywords":"actualidad","webmasterTools":{"google-site-verification":"UA-38556648-1","msvalidate.01":"7dfe9f3f1b24437ab69f4f2559babe99","miscellaneous":""},"schema":{"@context":"https:\/\/schema.org","@graph":[{"@type":"BlogPosting","@id":"https:\/\/www.eldigitaldeasturias.com\/noticias\/emmanuel-macron-recibe-el-premio-carlomagno\/#blogposting","name":"Emmanuel Macron recibe el Premio Carlomagno - El Digital de Asturias","headline":"Emmanuel Macron recibe el Premio Carlomagno","author":{"@id":"https:\/\/www.eldigitaldeasturias.com\/noticias\/author\/admin\/#author"},"publisher":{"@id":"https:\/\/www.eldigitaldeasturias.com\/noticias\/#organization"},"image":{"@type":"ImageObject","url":653067},"datePublished":"2018-05-11T03:09:39+02:00","dateModified":"2018-05-11T03:09:39+02:00","inLanguage":"es-ES","mainEntityOfPage":{"@id":"https:\/\/www.eldigitaldeasturias.com\/noticias\/emmanuel-macron-recibe-el-premio-carlomagno\/#webpage"},"isPartOf":{"@id":"https:\/\/www.eldigitaldeasturias.com\/noticias\/emmanuel-macron-recibe-el-premio-carlomagno\/#webpage"},"articleSection":"Actualidad"},{"@type":"BreadcrumbList","@id":"https:\/\/www.eldigitaldeasturias.com\/noticias\/emmanuel-macron-recibe-el-premio-carlomagno\/#breadcrumblist","itemListElement":[{"@type":"ListItem","@id":"https:\/\/www.eldigitaldeasturias.com\/noticias#listItem","position":1,"name":"Home","item":"https:\/\/www.eldigitaldeasturias.com\/noticias","nextItem":{"@type":"ListItem","@id":"https:\/\/www.eldigitaldeasturias.com\/noticias\/category\/actualidad\/#listItem","name":"Actualidad"}},{"@type":"ListItem","@id":"https:\/\/www.eldigitaldeasturias.com\/noticias\/category\/actualidad\/#listItem","position":2,"name":"Actualidad","item":"https:\/\/www.eldigitaldeasturias.com\/noticias\/category\/actualidad\/","nextItem":{"@type":"ListItem","@id":"https:\/\/www.eldigitaldeasturias.com\/noticias\/emmanuel-macron-recibe-el-premio-carlomagno\/#listItem","name":"Emmanuel Macron recibe el Premio Carlomagno"},"previousItem":{"@type":"ListItem","@id":"https:\/\/www.eldigitaldeasturias.com\/noticias#listItem","name":"Home"}},{"@type":"ListItem","@id":"https:\/\/www.eldigitaldeasturias.com\/noticias\/emmanuel-macron-recibe-el-premio-carlomagno\/#listItem","position":3,"name":"Emmanuel Macron recibe el Premio Carlomagno","previousItem":{"@type":"ListItem","@id":"https:\/\/www.eldigitaldeasturias.com\/noticias\/category\/actualidad\/#listItem","name":"Actualidad"}}]},{"@type":"Organization","@id":"https:\/\/www.eldigitaldeasturias.com\/noticias\/#organization","name":"El Digital de Asturias","description":"Hemeroteca","url":"https:\/\/www.eldigitaldeasturias.com\/noticias\/","email":"info@eldigitaldeasturias.com","telephone":"+34652131393","logo":{"@type":"ImageObject","url":"https:\/\/www.eldigitaldeasturias.com\/noticias\/wp-content\/uploads\/2020\/12\/EDA.jpg","@id":"https:\/\/www.eldigitaldeasturias.com\/noticias\/emmanuel-macron-recibe-el-premio-carlomagno\/#organizationLogo"},"image":{"@id":"https:\/\/www.eldigitaldeasturias.com\/noticias\/emmanuel-macron-recibe-el-premio-carlomagno\/#organizationLogo"},"sameAs":["https:\/\/facebook.com\/eldigitaldeasturias","https:\/\/www.youtube.com\/channel\/UCZP-2wLEB9Rv6erhFmqVnvg"],"address":{"@id":"https:\/\/www.eldigitaldeasturias.com\/noticias\/#postaladdress","@type":"PostalAddress","streetAddress":"san antonio 4","postalCode":"33430","addressLocality":"Cand\u00e1s","addressRegion":"Asturias","addressCountry":"ES"}},{"@type":"Person","@id":"https:\/\/www.eldigitaldeasturias.com\/noticias\/author\/admin\/#author","url":"https:\/\/www.eldigitaldeasturias.com\/noticias\/author\/admin\/","name":"El Digital de Asturias","image":{"@type":"ImageObject","@id":"https:\/\/www.eldigitaldeasturias.com\/noticias\/emmanuel-macron-recibe-el-premio-carlomagno\/#authorImage","url":"https:\/\/secure.gravatar.com\/avatar\/df2aeffc32bcd13f8d26072ef8a91b623d677766deac7f97ca815868cd41bf5e?s=96&d=mm&r=g","width":96,"height":96,"caption":"El Digital de Asturias"}},{"@type":"WebPage","@id":"https:\/\/www.eldigitaldeasturias.com\/noticias\/emmanuel-macron-recibe-el-premio-carlomagno\/#webpage","url":"https:\/\/www.eldigitaldeasturias.com\/noticias\/emmanuel-macron-recibe-el-premio-carlomagno\/","name":"Emmanuel Macron recibe el Premio Carlomagno - El Digital de Asturias","description":"Aquisgr\u00e1n (Alemania), 10 may (dpa) - El presidente de Francia, Emmanuel Macron, recibi\u00f3 hoy el Premio Carlomagno por su visi\u00f3n de una nueva Europa. El galard\u00f3n honra tambi\u00e9n la lucha \"apasionada\" de Macron contra el nacionalismo y el aislacionismo, dijo Marcel Philipp, alcalde de la ciudad alemana de Aquisgr\u00e1n, que otorga anualmente el premio. \"Macron","inLanguage":"es-ES","isPartOf":{"@id":"https:\/\/www.eldigitaldeasturias.com\/noticias\/#website"},"breadcrumb":{"@id":"https:\/\/www.eldigitaldeasturias.com\/noticias\/emmanuel-macron-recibe-el-premio-carlomagno\/#breadcrumblist"},"author":{"@id":"https:\/\/www.eldigitaldeasturias.com\/noticias\/author\/admin\/#author"},"creator":{"@id":"https:\/\/www.eldigitaldeasturias.com\/noticias\/author\/admin\/#author"},"image":{"@type":"ImageObject","url":653067,"@id":"https:\/\/www.eldigitaldeasturias.com\/noticias\/emmanuel-macron-recibe-el-premio-carlomagno\/#mainImage"},"primaryImageOfPage":{"@id":"https:\/\/www.eldigitaldeasturias.com\/noticias\/emmanuel-macron-recibe-el-premio-carlomagno\/#mainImage"},"datePublished":"2018-05-11T03:09:39+02:00","dateModified":"2018-05-11T03:09:39+02:00"},{"@type":"WebSite","@id":"https:\/\/www.eldigitaldeasturias.com\/noticias\/#website","url":"https:\/\/www.eldigitaldeasturias.com\/noticias\/","name":"El Digital de Asturias - Diario de actualidad y noticias","alternateName":"El Digital de Asturias - Diario de actualidad y noticias","description":"Hemeroteca","inLanguage":"es-ES","publisher":{"@id":"https:\/\/www.eldigitaldeasturias.com\/noticias\/#organization"}}]},"og:locale":"es_ES","og:site_name":"El Digital de Asturias","og:type":"article","og:title":"Emmanuel Macron recibe el Premio Carlomagno - El Digital de Asturias","og:description":"Aquisgr\u00e1n (Alemania), 10 may (dpa) - El presidente de Francia, Emmanuel Macron, recibi\u00f3 hoy el Premio Carlomagno por su visi\u00f3n de una nueva Europa. El galard\u00f3n honra tambi\u00e9n la lucha &quot;apasionada&quot; de Macron contra el nacionalismo y el aislacionismo, dijo Marcel Philipp, alcalde de la ciudad alemana de Aquisgr\u00e1n, que otorga anualmente el premio. &quot;Macron","og:url":"https:\/\/www.eldigitaldeasturias.com\/noticias\/emmanuel-macron-recibe-el-premio-carlomagno\/","article:tag":["actualidad"],"article:published_time":"2018-05-11T03:09:39+00:00","article:modified_time":"2018-05-11T03:09:39+00:00","article:publisher":"https:\/\/facebook.com\/eldigitaldeasturias","twitter:card":"summary_large_image","twitter:title":"Emmanuel Macron recibe el Premio Carlomagno - El Digital de Asturias","twitter:description":"Aquisgr\u00e1n (Alemania), 10 may (dpa) - El presidente de Francia, Emmanuel Macron, recibi\u00f3 hoy el Premio Carlomagno por su visi\u00f3n de una nueva Europa. El galard\u00f3n honra tambi\u00e9n la lucha &quot;apasionada&quot; de Macron contra el nacionalismo y el aislacionismo, dijo Marcel Philipp, alcalde de la ciudad alemana de Aquisgr\u00e1n, que otorga anualmente el premio. &quot;Macron","twitter:image":"https:\/\/www.eldigitaldeasturias.com\/noticias\/wp-content\/uploads\/2020\/12\/EDA-1.jpg","twitter:label1":"Escrito por","twitter:data1":"El Digital de Asturias","twitter:label2":"Tiempo de lectura estimado","twitter:data2":"2 minutos"},"aioseo_meta_data":{"post_id":"979796","title":null,"description":null,"keywords":null,"keyphrases":null,"primary_term":null,"canonical_url":null,"og_title":null,"og_description":null,"og_object_type":"default","og_image_type":"default","og_image_url":null,"og_image_width":null,"og_image_height":null,"og_image_custom_url":null,"og_image_custom_fields":null,"og_video":null,"og_custom_url":null,"og_article_section":null,"og_article_tags":null,"twitter_use_og":false,"twitter_card":"default","twitter_image_type":"default","twitter_image_url":null,"twitter_image_custom_url":null,"twitter_image_custom_fields":null,"twitter_title":null,"twitter_description":null,"schema":{"blockGraphs":[],"customGraphs":[],"default":{"data":{"Article":[],"Course":[],"Dataset":[],"FAQPage":[],"Movie":[],"Person":[],"Product":[],"ProductReview":[],"Car":[],"Recipe":[],"Service":[],"SoftwareApplication":[],"WebPage":[]},"graphName":"","isEnabled":true},"graphs":[],"defaultGraph":"","defaultPostTypeGraph":""},"schema_type":null,"schema_type_options":null,"pillar_content":false,"robots_default":true,"robots_noindex":false,"robots_noarchive":false,"robots_nosnippet":false,"robots_nofollow":false,"robots_noimageindex":false,"robots_noodp":false,"robots_notranslate":false,"robots_max_snippet":null,"robots_max_videopreview":null,"robots_max_imagepreview":"large","priority":null,"frequency":null,"local_seo":null,"seo_analyzer_scan_date":"2025-10-08 15:37:35","breadcrumb_settings":null,"limit_modified_date":false,"open_ai":null,"ai":null,"created":"2020-12-21 11:58:37","updated":"2025-10-08 15:37:35","focus_keyword":null,"additional_keywords":null,"truseo_locale":null},"aioseo_breadcrumb":"<div class=\"aioseo-breadcrumbs\"><span class=\"aioseo-breadcrumb\">\n\t<a href=\"https:\/\/www.eldigitaldeasturias.com\/noticias\" title=\"Home\">Home<\/a>\n<\/span><span class=\"aioseo-breadcrumb-separator\">\u2013<\/span><span class=\"aioseo-breadcrumb\">\n\t<a href=\"https:\/\/www.eldigitaldeasturias.com\/noticias\/category\/actualidad\/\" title=\"Actualidad\">Actualidad<\/a>\n<\/span><span class=\"aioseo-breadcrumb-separator\">\u2013<\/span><span class=\"aioseo-breadcrumb\">\n\t<a href=\"https:\/\/www.eldigitaldeasturias.com\/noticias\/emmanuel-macron-recibe-el-premio-carlomagno\/\" title=\"Emmanuel Macron recibe el Premio Carlomagno\">Emmanuel Macron recibe el Premio Carlomagno<\/a>\n<\/span><\/div>","aioseo_breadcrumb_json":[{"label":"Home","link":"https:\/\/www.eldigitaldeasturias.com\/noticias"},{"label":"Actualidad","link":"https:\/\/www.eldigitaldeasturias.com\/noticias\/category\/actualidad\/"},{"label":"Emmanuel Macron recibe el Premio Carlomagno","link":"https:\/\/www.eldigitaldeasturias.com\/noticias\/emmanuel-macron-recibe-el-premio-carlomagno\/"}],"_links":{"self":[{"href":"https:\/\/www.eldigitaldeasturias.com\/noticias\/wp-json\/wp\/v2\/posts\/979796","targetHints":{"allow":["GET"]}}],"collection":[{"href":"https:\/\/www.eldigitaldeasturias.com\/noticias\/wp-json\/wp\/v2\/posts"}],"about":[{"href":"https:\/\/www.eldigitaldeasturias.com\/noticias\/wp-json\/wp\/v2\/types\/post"}],"author":[{"embeddable":true,"href":"https:\/\/www.eldigitaldeasturias.com\/noticias\/wp-json\/wp\/v2\/users\/1"}],"replies":[{"embeddable":true,"href":"https:\/\/www.eldigitaldeasturias.com\/noticias\/wp-json\/wp\/v2\/comments?post=979796"}],"version-history":[{"count":0,"href":"https:\/\/www.eldigitaldeasturias.com\/noticias\/wp-json\/wp\/v2\/posts\/979796\/revisions"}],"wp:attachment":[{"href":"https:\/\/www.eldigitaldeasturias.com\/noticias\/wp-json\/wp\/v2\/media?parent=979796"}],"wp:term":[{"taxonomy":"category","embeddable":true,"href":"https:\/\/www.eldigitaldeasturias.com\/noticias\/wp-json\/wp\/v2\/categories?post=979796"},{"taxonomy":"post_tag","embeddable":true,"href":"https:\/\/www.eldigitaldeasturias.com\/noticias\/wp-json\/wp\/v2\/tags?post=979796"}],"curies":[{"name":"wp","href":"https:\/\/api.w.org\/{rel}","templated":true}]}}