{"id":979774,"date":"2018-05-11T01:52:08","date_gmt":"2018-05-11T01:52:08","guid":{"rendered":"http:\/\/www.eldigitaldeasturias.com\/noticias\/?p=979774"},"modified":"2018-05-11T01:52:08","modified_gmt":"2018-05-11T01:52:08","slug":"nieto-el-terrorismo-yihadista-es-la-principal-amenaza-terrorista-para-espana","status":"publish","type":"post","link":"https:\/\/www.eldigitaldeasturias.com\/noticias\/nieto-el-terrorismo-yihadista-es-la-principal-amenaza-terrorista-para-espana\/","title":{"rendered":"Nieto: \u00abEl terrorismo yihadista es la principal amenaza terrorista para Espa\u00f1a\u201d"},"content":{"rendered":"<p><img loading=\"lazy\" decoding=\"async\" class=\"alignleft size-medium wp-image-979775\" src=\"https:\/\/www.eldigitaldeasturias.com\/noticias\/wp-content\/uploads\/2018\/05\/100518-reunion-360x239.jpg\" alt=\"\" width=\"360\" height=\"239\" \/>El secretario de Estado de Seguridad, Jos\u00e9 Antonio Nieto, se ha reunido en la sede del Departamento con representantes de la Comisi\u00f3n Especial sobre Antiterrorismo del Parlamento Europeo que se han desplazado por primera vez a Espa\u00f1a para analizar, entre otras cuestiones, las capacidades y medidas aplicadas en la lucha contra el terrorismo.<\/p>\n<p>\u200bJos\u00e9 Antonio Nieto ha comenzado su intervenci\u00f3n afirmando que \u00abel terrorismo yihadista es en la actualidad la principal amenaza terrorista para Espa\u00f1a, pero nuestro pa\u00eds cuenta con fortalezas que provienen de nuestra experiencia exitosa con ETA, con las mejores Fuerzas y Cuerpos de Seguridad, con un C\u00f3digo Penal actualizado, con la eficiencia de las nuevas tecnolog\u00edas y con unos planes preventivos que constituyen un bloque compacto para proteger a nuestros ciudadanos\u00bb.<\/p>\n<p>\u00abEn Espa\u00f1a -ha afirmado-, por desgracia tenemos una larga experiencia en combatir al terrorismo ya que hemos sufrido sus consecuencias durante casi sesenta a\u00f1os y, por tanto, adem\u00e1s de conocer el dolor, sabemos c\u00f3mo luchar contra \u00e9l\u00bb. \u00abNo obstante, -ha a\u00f1adido- ahora es el terrorismo yihadista el que representa la principal amenaza y es en lo que debemos concentrarnos pero sin dejar de aprender del pasado\u00bb.<\/p>\n<p>En este contexto, Nieto ha se\u00f1alado que \u00abnuestra experiencia en la lucha contra el terrorismo nos ha demostrado que para derrotarlo es necesario realizar un esfuerzo continuado y a largo plazo, que requiere de una determinaci\u00f3n pol\u00edtica y de aplicar medidas sociales, policiales y judiciales firmes y decididas\u00bb. \u00abCon esta visi\u00f3n de conjunto -ha dicho- es como Espa\u00f1a ha derrotado al terrorismo de ETA y a otros grupos locales\u00bb.<\/p>\n<p>\u00abUna organizaci\u00f3n terrorista, ETA, que ya es historia, no por decisi\u00f3n propia, sino porque ha sido derrotada operativamente por las Fuerzas y Cuerpos de Seguridad del Estado y por los jueces y fiscales\u00bb, ha afirmado contundente el secretario de Estado de Seguridad.<\/p>\n<p><strong>Lucha contra el terrorismo yihadista<\/strong><\/p>\n<p>El secretario de Estado de Seguridad ha trasladado a los representantes de la Comisi\u00f3n las medidas organizativas, legislativas y preventivas que Espa\u00f1a est\u00e1 adoptando para luchar contra el terrorismo yihadista. Entre ellas, ha puesto de relieve la Estrategia de Seguridad Nacional que incide en las labores preventivas para combatir esta amenaza. Asimismo, ha afirmado que \u00abla unidad de todos los dem\u00f3cratas constituye otra de las bases que cimentan la lucha contra el terrorismo en Espa\u00f1a\u00bb.<\/p>\n<p>En este marco, Nieto tambi\u00e9n ha destacado el consenso alcanzado en Espa\u00f1a para modificar el C\u00f3digo Penal y que ha supuesto la tipificaci\u00f3n como delito de figuras novedosas como la de los terroristas individuales, el adiestramiento pasivo, la auto radicalizaci\u00f3n o el desplazamiento a zonas de conflicto para incorporarse a organizaciones terroristas o colaborar con ellas.<\/p>\n<p><strong>Respuesta global<\/strong><\/p>\n<p>Jos\u00e9 Antonio Nieto ha se\u00f1alado que, aparte de las medidas adoptadas en el marco preventivo y legislativo, \u00abdebemos continuar impulsando una respuesta colectiva ante esta amenaza global\u00bb. En este sentido, ha puesto como ejemplo la cooperaci\u00f3n de Espa\u00f1a con Francia y Marruecos, \u00abpa\u00edses que lideran operaciones y comparten inteligencia en la lucha contra el terrorismo internacional\u00bb.<\/p>\n<p>Asimismo, ha resaltado la mejora en el intercambio de informaci\u00f3n gracias, entre otros aspectos, al incremento de instrumentos como las alertas sobre terrorismo del Sistema de Informaci\u00f3n Schengen, de los que ya dispone la Uni\u00f3n Europea, y las contribuciones a las bases de datos de terrorismo de Europol.<\/p>\n<p><strong>Eficacia policial, inteligencia y prevenci\u00f3n<\/strong><\/p>\n<p>Durante su intervenci\u00f3n, el secretario de Estado de Seguridad ha subrayado que la eficacia policial, los servicios de coordinaci\u00f3n e inteligencia y las medidas preventivas desarrolladas en Espa\u00f1a \u00abhan contribuido a hacer de nuestro pa\u00eds una sociedad resiliente contra el terror\u00bb. Seg\u00fan Nieto, \u00abcontamos con las mejores Fuerzas y Cuerpos de Seguridad. Lo mejor de la lucha contra ETA -ha afirmado- est\u00e1 ahora al servicio del combate del fan\u00e1tico terrorismo yihadista\u00bb.<\/p>\n<p>Por otra parte, Nieto, que ha centrado gran parte de su intervenci\u00f3n en las v\u00edctimas del terrorismo, ha destacado que \u00aben nuestro deber de memoria y reconocimiento a su sufrimiento injusto, Espa\u00f1a est\u00e1 trabajando desde la centralidad de las v\u00edctimas en la construcci\u00f3n de la contra-narrativa\u00bb, idea que ha llevado por primera vez Espa\u00f1a al Consejo de Seguridad de la ONU, seg\u00fan ha explicado el secretario de Estado de Seguridad.<\/p>\n","protected":false},"excerpt":{"rendered":"<p>El secretario de Estado de Seguridad, Jos\u00e9 Antonio Nieto, se ha reunido en la sede del Departamento con representantes de la Comisi\u00f3n Especial sobre Antiterrorismo del Parlamento Europeo que se han desplazado por primera vez a Espa\u00f1a para analizar, entre otras cuestiones, las capacidades y medidas aplicadas en la lucha contra el terrorismo. \u200bJos\u00e9 Antonio [&hellip;]<\/p>\n","protected":false},"author":1,"featured_media":979775,"comment_status":"closed","ping_status":"closed","sticky":false,"template":"","format":"standard","meta":{"footnotes":""},"categories":[1],"tags":[],"class_list":["post-979774","post","type-post","status-publish","format-standard","has-post-thumbnail","hentry","category-actualidad"],"aioseo_notices":[],"aioseo_head":"\n\t\t<!-- All in One SEO Pro 5.0.1 - aioseo.com -->\n\t<meta name=\"description\" content=\"El secretario de Estado de Seguridad, Jos\u00e9 Antonio Nieto, se ha reunido en la sede del Departamento con representantes de la Comisi\u00f3n Especial sobre Antiterrorismo del Parlamento Europeo que se han desplazado por primera vez a Espa\u00f1a para analizar, entre otras cuestiones, las capacidades y medidas aplicadas en la lucha contra el terrorismo. \u200bJos\u00e9 Antonio\" \/>\n\t<meta name=\"robots\" content=\"max-image-preview:large\" \/>\n\t<meta name=\"author\" content=\"El Digital de Asturias\"\/>\n\t<meta name=\"google-site-verification\" content=\"UA-38556648-1\" \/>\n\t<meta name=\"msvalidate.01\" content=\"7dfe9f3f1b24437ab69f4f2559babe99\" \/>\n\t<meta name=\"keywords\" content=\"actualidad\" \/>\n\t<link rel=\"canonical\" href=\"https:\/\/www.eldigitaldeasturias.com\/noticias\/nieto-el-terrorismo-yihadista-es-la-principal-amenaza-terrorista-para-espana\/\" \/>\n\t<meta name=\"generator\" content=\"All in One SEO Pro (AIOSEO) 5.0.1\" \/>\n\t\t<meta property=\"og:locale\" content=\"es_ES\" \/>\n\t\t<meta property=\"og:site_name\" content=\"El Digital de Asturias\" \/>\n\t\t<meta property=\"og:type\" content=\"article\" \/>\n\t\t<meta property=\"og:title\" content=\"Nieto: \u00abEl terrorismo yihadista es la principal amenaza terrorista para Espa\u00f1a\u201d - El Digital de Asturias\" \/>\n\t\t<meta property=\"og:description\" content=\"El secretario de Estado de Seguridad, Jos\u00e9 Antonio Nieto, se ha reunido en la sede del Departamento con representantes de la Comisi\u00f3n Especial sobre Antiterrorismo del Parlamento Europeo que se han desplazado por primera vez a Espa\u00f1a para analizar, entre otras cuestiones, las capacidades y medidas aplicadas en la lucha contra el terrorismo. \u200bJos\u00e9 Antonio\" \/>\n\t\t<meta property=\"og:url\" content=\"https:\/\/www.eldigitaldeasturias.com\/noticias\/nieto-el-terrorismo-yihadista-es-la-principal-amenaza-terrorista-para-espana\/\" \/>\n\t\t<meta property=\"article:tag\" content=\"actualidad\" \/>\n\t\t<meta property=\"article:published_time\" content=\"2018-05-11T01:52:08+00:00\" \/>\n\t\t<meta property=\"article:modified_time\" content=\"2018-05-11T01:52:08+00:00\" \/>\n\t\t<meta property=\"article:publisher\" content=\"https:\/\/facebook.com\/eldigitaldeasturias\" \/>\n\t\t<meta name=\"twitter:card\" content=\"summary_large_image\" \/>\n\t\t<meta name=\"twitter:title\" content=\"Nieto: \u00abEl terrorismo yihadista es la principal amenaza terrorista para Espa\u00f1a\u201d - El Digital de Asturias\" \/>\n\t\t<meta name=\"twitter:description\" content=\"El secretario de Estado de Seguridad, Jos\u00e9 Antonio Nieto, se ha reunido en la sede del Departamento con representantes de la Comisi\u00f3n Especial sobre Antiterrorismo del Parlamento Europeo que se han desplazado por primera vez a Espa\u00f1a para analizar, entre otras cuestiones, las capacidades y medidas aplicadas en la lucha contra el terrorismo. \u200bJos\u00e9 Antonio\" \/>\n\t\t<meta name=\"twitter:image\" content=\"https:\/\/www.eldigitaldeasturias.com\/noticias\/wp-content\/uploads\/2020\/12\/EDA-1.jpg\" \/>\n\t\t<meta name=\"twitter:label1\" content=\"Escrito por\" \/>\n\t\t<meta name=\"twitter:data1\" content=\"El Digital de Asturias\" \/>\n\t\t<meta name=\"twitter:label2\" content=\"Tiempo de lectura estimado\" \/>\n\t\t<meta name=\"twitter:data2\" content=\"4 minutos\" \/>\n\t\t<script type=\"application\/ld+json\" class=\"aioseo-schema\">\n\t\t\t{\"@context\":\"https:\\\/\\\/schema.org\",\"@graph\":[{\"@type\":\"BlogPosting\",\"@id\":\"https:\\\/\\\/www.eldigitaldeasturias.com\\\/noticias\\\/nieto-el-terrorismo-yihadista-es-la-principal-amenaza-terrorista-para-espana\\\/#blogposting\",\"name\":\"Nieto: \\u00abEl terrorismo yihadista es la principal amenaza terrorista para Espa\\u00f1a\\u201d - El Digital de Asturias\",\"headline\":\"Nieto: \\u00abEl terrorismo yihadista es la principal amenaza terrorista para Espa\\u00f1a\\u201d\",\"author\":{\"@id\":\"https:\\\/\\\/www.eldigitaldeasturias.com\\\/noticias\\\/author\\\/admin\\\/#author\"},\"publisher\":{\"@id\":\"https:\\\/\\\/www.eldigitaldeasturias.com\\\/noticias\\\/#organization\"},\"image\":{\"@type\":\"ImageObject\",\"url\":979775},\"datePublished\":\"2018-05-11T01:52:08+02:00\",\"dateModified\":\"2018-05-11T01:52:08+02:00\",\"inLanguage\":\"es-ES\",\"mainEntityOfPage\":{\"@id\":\"https:\\\/\\\/www.eldigitaldeasturias.com\\\/noticias\\\/nieto-el-terrorismo-yihadista-es-la-principal-amenaza-terrorista-para-espana\\\/#webpage\"},\"isPartOf\":{\"@id\":\"https:\\\/\\\/www.eldigitaldeasturias.com\\\/noticias\\\/nieto-el-terrorismo-yihadista-es-la-principal-amenaza-terrorista-para-espana\\\/#webpage\"},\"articleSection\":\"Actualidad\"},{\"@type\":\"BreadcrumbList\",\"@id\":\"https:\\\/\\\/www.eldigitaldeasturias.com\\\/noticias\\\/nieto-el-terrorismo-yihadista-es-la-principal-amenaza-terrorista-para-espana\\\/#breadcrumblist\",\"itemListElement\":[{\"@type\":\"ListItem\",\"@id\":\"https:\\\/\\\/www.eldigitaldeasturias.com\\\/noticias#listItem\",\"position\":1,\"name\":\"Home\",\"item\":\"https:\\\/\\\/www.eldigitaldeasturias.com\\\/noticias\",\"nextItem\":{\"@type\":\"ListItem\",\"@id\":\"https:\\\/\\\/www.eldigitaldeasturias.com\\\/noticias\\\/category\\\/actualidad\\\/#listItem\",\"name\":\"Actualidad\"}},{\"@type\":\"ListItem\",\"@id\":\"https:\\\/\\\/www.eldigitaldeasturias.com\\\/noticias\\\/category\\\/actualidad\\\/#listItem\",\"position\":2,\"name\":\"Actualidad\",\"item\":\"https:\\\/\\\/www.eldigitaldeasturias.com\\\/noticias\\\/category\\\/actualidad\\\/\",\"nextItem\":{\"@type\":\"ListItem\",\"@id\":\"https:\\\/\\\/www.eldigitaldeasturias.com\\\/noticias\\\/nieto-el-terrorismo-yihadista-es-la-principal-amenaza-terrorista-para-espana\\\/#listItem\",\"name\":\"Nieto: \\u00abEl terrorismo yihadista es la principal amenaza terrorista para Espa\\u00f1a\\u201d\"},\"previousItem\":{\"@type\":\"ListItem\",\"@id\":\"https:\\\/\\\/www.eldigitaldeasturias.com\\\/noticias#listItem\",\"name\":\"Home\"}},{\"@type\":\"ListItem\",\"@id\":\"https:\\\/\\\/www.eldigitaldeasturias.com\\\/noticias\\\/nieto-el-terrorismo-yihadista-es-la-principal-amenaza-terrorista-para-espana\\\/#listItem\",\"position\":3,\"name\":\"Nieto: \\u00abEl terrorismo yihadista es la principal amenaza terrorista para Espa\\u00f1a\\u201d\",\"previousItem\":{\"@type\":\"ListItem\",\"@id\":\"https:\\\/\\\/www.eldigitaldeasturias.com\\\/noticias\\\/category\\\/actualidad\\\/#listItem\",\"name\":\"Actualidad\"}}]},{\"@type\":\"Organization\",\"@id\":\"https:\\\/\\\/www.eldigitaldeasturias.com\\\/noticias\\\/#organization\",\"name\":\"El Digital de Asturias\",\"description\":\"Hemeroteca\",\"url\":\"https:\\\/\\\/www.eldigitaldeasturias.com\\\/noticias\\\/\",\"email\":\"info@eldigitaldeasturias.com\",\"telephone\":\"+34652131393\",\"logo\":{\"@type\":\"ImageObject\",\"url\":\"https:\\\/\\\/www.eldigitaldeasturias.com\\\/noticias\\\/wp-content\\\/uploads\\\/2020\\\/12\\\/EDA.jpg\",\"@id\":\"https:\\\/\\\/www.eldigitaldeasturias.com\\\/noticias\\\/nieto-el-terrorismo-yihadista-es-la-principal-amenaza-terrorista-para-espana\\\/#organizationLogo\"},\"image\":{\"@id\":\"https:\\\/\\\/www.eldigitaldeasturias.com\\\/noticias\\\/nieto-el-terrorismo-yihadista-es-la-principal-amenaza-terrorista-para-espana\\\/#organizationLogo\"},\"sameAs\":[\"https:\\\/\\\/facebook.com\\\/eldigitaldeasturias\",\"https:\\\/\\\/www.youtube.com\\\/channel\\\/UCZP-2wLEB9Rv6erhFmqVnvg\"],\"address\":{\"@id\":\"https:\\\/\\\/www.eldigitaldeasturias.com\\\/noticias\\\/#postaladdress\",\"@type\":\"PostalAddress\",\"streetAddress\":\"san antonio 4\",\"postalCode\":\"33430\",\"addressLocality\":\"Cand\\u00e1s\",\"addressRegion\":\"Asturias\",\"addressCountry\":\"ES\"}},{\"@type\":\"Person\",\"@id\":\"https:\\\/\\\/www.eldigitaldeasturias.com\\\/noticias\\\/author\\\/admin\\\/#author\",\"url\":\"https:\\\/\\\/www.eldigitaldeasturias.com\\\/noticias\\\/author\\\/admin\\\/\",\"name\":\"El Digital de Asturias\",\"image\":{\"@type\":\"ImageObject\",\"@id\":\"https:\\\/\\\/www.eldigitaldeasturias.com\\\/noticias\\\/nieto-el-terrorismo-yihadista-es-la-principal-amenaza-terrorista-para-espana\\\/#authorImage\",\"url\":\"https:\\\/\\\/secure.gravatar.com\\\/avatar\\\/df2aeffc32bcd13f8d26072ef8a91b623d677766deac7f97ca815868cd41bf5e?s=96&d=mm&r=g\",\"width\":96,\"height\":96,\"caption\":\"El Digital de Asturias\"}},{\"@type\":\"WebPage\",\"@id\":\"https:\\\/\\\/www.eldigitaldeasturias.com\\\/noticias\\\/nieto-el-terrorismo-yihadista-es-la-principal-amenaza-terrorista-para-espana\\\/#webpage\",\"url\":\"https:\\\/\\\/www.eldigitaldeasturias.com\\\/noticias\\\/nieto-el-terrorismo-yihadista-es-la-principal-amenaza-terrorista-para-espana\\\/\",\"name\":\"Nieto: \\u00abEl terrorismo yihadista es la principal amenaza terrorista para Espa\\u00f1a\\u201d - El Digital de Asturias\",\"description\":\"El secretario de Estado de Seguridad, Jos\\u00e9 Antonio Nieto, se ha reunido en la sede del Departamento con representantes de la Comisi\\u00f3n Especial sobre Antiterrorismo del Parlamento Europeo que se han desplazado por primera vez a Espa\\u00f1a para analizar, entre otras cuestiones, las capacidades y medidas aplicadas en la lucha contra el terrorismo. \\u200bJos\\u00e9 Antonio\",\"inLanguage\":\"es-ES\",\"isPartOf\":{\"@id\":\"https:\\\/\\\/www.eldigitaldeasturias.com\\\/noticias\\\/#website\"},\"breadcrumb\":{\"@id\":\"https:\\\/\\\/www.eldigitaldeasturias.com\\\/noticias\\\/nieto-el-terrorismo-yihadista-es-la-principal-amenaza-terrorista-para-espana\\\/#breadcrumblist\"},\"author\":{\"@id\":\"https:\\\/\\\/www.eldigitaldeasturias.com\\\/noticias\\\/author\\\/admin\\\/#author\"},\"creator\":{\"@id\":\"https:\\\/\\\/www.eldigitaldeasturias.com\\\/noticias\\\/author\\\/admin\\\/#author\"},\"image\":{\"@type\":\"ImageObject\",\"url\":979775,\"@id\":\"https:\\\/\\\/www.eldigitaldeasturias.com\\\/noticias\\\/nieto-el-terrorismo-yihadista-es-la-principal-amenaza-terrorista-para-espana\\\/#mainImage\"},\"primaryImageOfPage\":{\"@id\":\"https:\\\/\\\/www.eldigitaldeasturias.com\\\/noticias\\\/nieto-el-terrorismo-yihadista-es-la-principal-amenaza-terrorista-para-espana\\\/#mainImage\"},\"datePublished\":\"2018-05-11T01:52:08+02:00\",\"dateModified\":\"2018-05-11T01:52:08+02:00\"},{\"@type\":\"WebSite\",\"@id\":\"https:\\\/\\\/www.eldigitaldeasturias.com\\\/noticias\\\/#website\",\"url\":\"https:\\\/\\\/www.eldigitaldeasturias.com\\\/noticias\\\/\",\"name\":\"El Digital de Asturias - Diario de actualidad y noticias\",\"alternateName\":\"El Digital de Asturias - Diario de actualidad y noticias\",\"description\":\"Hemeroteca\",\"inLanguage\":\"es-ES\",\"publisher\":{\"@id\":\"https:\\\/\\\/www.eldigitaldeasturias.com\\\/noticias\\\/#organization\"}}]}\n\t\t<\/script>\n\t\t<!-- All in One SEO Pro -->\r\n\t\t<title>Nieto: \u00abEl terrorismo yihadista es la principal amenaza terrorista para Espa\u00f1a\u201d - El Digital de Asturias<\/title>\n\n","aioseo_head_json":{"title":"Nieto: \u00abEl terrorismo yihadista es la principal amenaza terrorista para Espa\u00f1a\u201d - El Digital de Asturias","description":"El secretario de Estado de Seguridad, Jos\u00e9 Antonio Nieto, se ha reunido en la sede del Departamento con representantes de la Comisi\u00f3n Especial sobre Antiterrorismo del Parlamento Europeo que se han desplazado por primera vez a Espa\u00f1a para analizar, entre otras cuestiones, las capacidades y medidas aplicadas en la lucha contra el terrorismo. \u200bJos\u00e9 Antonio","canonical_url":"https:\/\/www.eldigitaldeasturias.com\/noticias\/nieto-el-terrorismo-yihadista-es-la-principal-amenaza-terrorista-para-espana\/","robots":"max-image-preview:large","keywords":"actualidad","webmasterTools":{"google-site-verification":"UA-38556648-1","msvalidate.01":"7dfe9f3f1b24437ab69f4f2559babe99","miscellaneous":""},"schema":{"@context":"https:\/\/schema.org","@graph":[{"@type":"BlogPosting","@id":"https:\/\/www.eldigitaldeasturias.com\/noticias\/nieto-el-terrorismo-yihadista-es-la-principal-amenaza-terrorista-para-espana\/#blogposting","name":"Nieto: \u00abEl terrorismo yihadista es la principal amenaza terrorista para Espa\u00f1a\u201d - El Digital de Asturias","headline":"Nieto: \u00abEl terrorismo yihadista es la principal amenaza terrorista para Espa\u00f1a\u201d","author":{"@id":"https:\/\/www.eldigitaldeasturias.com\/noticias\/author\/admin\/#author"},"publisher":{"@id":"https:\/\/www.eldigitaldeasturias.com\/noticias\/#organization"},"image":{"@type":"ImageObject","url":979775},"datePublished":"2018-05-11T01:52:08+02:00","dateModified":"2018-05-11T01:52:08+02:00","inLanguage":"es-ES","mainEntityOfPage":{"@id":"https:\/\/www.eldigitaldeasturias.com\/noticias\/nieto-el-terrorismo-yihadista-es-la-principal-amenaza-terrorista-para-espana\/#webpage"},"isPartOf":{"@id":"https:\/\/www.eldigitaldeasturias.com\/noticias\/nieto-el-terrorismo-yihadista-es-la-principal-amenaza-terrorista-para-espana\/#webpage"},"articleSection":"Actualidad"},{"@type":"BreadcrumbList","@id":"https:\/\/www.eldigitaldeasturias.com\/noticias\/nieto-el-terrorismo-yihadista-es-la-principal-amenaza-terrorista-para-espana\/#breadcrumblist","itemListElement":[{"@type":"ListItem","@id":"https:\/\/www.eldigitaldeasturias.com\/noticias#listItem","position":1,"name":"Home","item":"https:\/\/www.eldigitaldeasturias.com\/noticias","nextItem":{"@type":"ListItem","@id":"https:\/\/www.eldigitaldeasturias.com\/noticias\/category\/actualidad\/#listItem","name":"Actualidad"}},{"@type":"ListItem","@id":"https:\/\/www.eldigitaldeasturias.com\/noticias\/category\/actualidad\/#listItem","position":2,"name":"Actualidad","item":"https:\/\/www.eldigitaldeasturias.com\/noticias\/category\/actualidad\/","nextItem":{"@type":"ListItem","@id":"https:\/\/www.eldigitaldeasturias.com\/noticias\/nieto-el-terrorismo-yihadista-es-la-principal-amenaza-terrorista-para-espana\/#listItem","name":"Nieto: \u00abEl terrorismo yihadista es la principal amenaza terrorista para Espa\u00f1a\u201d"},"previousItem":{"@type":"ListItem","@id":"https:\/\/www.eldigitaldeasturias.com\/noticias#listItem","name":"Home"}},{"@type":"ListItem","@id":"https:\/\/www.eldigitaldeasturias.com\/noticias\/nieto-el-terrorismo-yihadista-es-la-principal-amenaza-terrorista-para-espana\/#listItem","position":3,"name":"Nieto: \u00abEl terrorismo yihadista es la principal amenaza terrorista para Espa\u00f1a\u201d","previousItem":{"@type":"ListItem","@id":"https:\/\/www.eldigitaldeasturias.com\/noticias\/category\/actualidad\/#listItem","name":"Actualidad"}}]},{"@type":"Organization","@id":"https:\/\/www.eldigitaldeasturias.com\/noticias\/#organization","name":"El Digital de Asturias","description":"Hemeroteca","url":"https:\/\/www.eldigitaldeasturias.com\/noticias\/","email":"info@eldigitaldeasturias.com","telephone":"+34652131393","logo":{"@type":"ImageObject","url":"https:\/\/www.eldigitaldeasturias.com\/noticias\/wp-content\/uploads\/2020\/12\/EDA.jpg","@id":"https:\/\/www.eldigitaldeasturias.com\/noticias\/nieto-el-terrorismo-yihadista-es-la-principal-amenaza-terrorista-para-espana\/#organizationLogo"},"image":{"@id":"https:\/\/www.eldigitaldeasturias.com\/noticias\/nieto-el-terrorismo-yihadista-es-la-principal-amenaza-terrorista-para-espana\/#organizationLogo"},"sameAs":["https:\/\/facebook.com\/eldigitaldeasturias","https:\/\/www.youtube.com\/channel\/UCZP-2wLEB9Rv6erhFmqVnvg"],"address":{"@id":"https:\/\/www.eldigitaldeasturias.com\/noticias\/#postaladdress","@type":"PostalAddress","streetAddress":"san antonio 4","postalCode":"33430","addressLocality":"Cand\u00e1s","addressRegion":"Asturias","addressCountry":"ES"}},{"@type":"Person","@id":"https:\/\/www.eldigitaldeasturias.com\/noticias\/author\/admin\/#author","url":"https:\/\/www.eldigitaldeasturias.com\/noticias\/author\/admin\/","name":"El Digital de Asturias","image":{"@type":"ImageObject","@id":"https:\/\/www.eldigitaldeasturias.com\/noticias\/nieto-el-terrorismo-yihadista-es-la-principal-amenaza-terrorista-para-espana\/#authorImage","url":"https:\/\/secure.gravatar.com\/avatar\/df2aeffc32bcd13f8d26072ef8a91b623d677766deac7f97ca815868cd41bf5e?s=96&d=mm&r=g","width":96,"height":96,"caption":"El Digital de Asturias"}},{"@type":"WebPage","@id":"https:\/\/www.eldigitaldeasturias.com\/noticias\/nieto-el-terrorismo-yihadista-es-la-principal-amenaza-terrorista-para-espana\/#webpage","url":"https:\/\/www.eldigitaldeasturias.com\/noticias\/nieto-el-terrorismo-yihadista-es-la-principal-amenaza-terrorista-para-espana\/","name":"Nieto: \u00abEl terrorismo yihadista es la principal amenaza terrorista para Espa\u00f1a\u201d - El Digital de Asturias","description":"El secretario de Estado de Seguridad, Jos\u00e9 Antonio Nieto, se ha reunido en la sede del Departamento con representantes de la Comisi\u00f3n Especial sobre Antiterrorismo del Parlamento Europeo que se han desplazado por primera vez a Espa\u00f1a para analizar, entre otras cuestiones, las capacidades y medidas aplicadas en la lucha contra el terrorismo. \u200bJos\u00e9 Antonio","inLanguage":"es-ES","isPartOf":{"@id":"https:\/\/www.eldigitaldeasturias.com\/noticias\/#website"},"breadcrumb":{"@id":"https:\/\/www.eldigitaldeasturias.com\/noticias\/nieto-el-terrorismo-yihadista-es-la-principal-amenaza-terrorista-para-espana\/#breadcrumblist"},"author":{"@id":"https:\/\/www.eldigitaldeasturias.com\/noticias\/author\/admin\/#author"},"creator":{"@id":"https:\/\/www.eldigitaldeasturias.com\/noticias\/author\/admin\/#author"},"image":{"@type":"ImageObject","url":979775,"@id":"https:\/\/www.eldigitaldeasturias.com\/noticias\/nieto-el-terrorismo-yihadista-es-la-principal-amenaza-terrorista-para-espana\/#mainImage"},"primaryImageOfPage":{"@id":"https:\/\/www.eldigitaldeasturias.com\/noticias\/nieto-el-terrorismo-yihadista-es-la-principal-amenaza-terrorista-para-espana\/#mainImage"},"datePublished":"2018-05-11T01:52:08+02:00","dateModified":"2018-05-11T01:52:08+02:00"},{"@type":"WebSite","@id":"https:\/\/www.eldigitaldeasturias.com\/noticias\/#website","url":"https:\/\/www.eldigitaldeasturias.com\/noticias\/","name":"El Digital de Asturias - Diario de actualidad y noticias","alternateName":"El Digital de Asturias - Diario de actualidad y noticias","description":"Hemeroteca","inLanguage":"es-ES","publisher":{"@id":"https:\/\/www.eldigitaldeasturias.com\/noticias\/#organization"}}]},"og:locale":"es_ES","og:site_name":"El Digital de Asturias","og:type":"article","og:title":"Nieto: \u00abEl terrorismo yihadista es la principal amenaza terrorista para Espa\u00f1a\u201d - El Digital de Asturias","og:description":"El secretario de Estado de Seguridad, Jos\u00e9 Antonio Nieto, se ha reunido en la sede del Departamento con representantes de la Comisi\u00f3n Especial sobre Antiterrorismo del Parlamento Europeo que se han desplazado por primera vez a Espa\u00f1a para analizar, entre otras cuestiones, las capacidades y medidas aplicadas en la lucha contra el terrorismo. \u200bJos\u00e9 Antonio","og:url":"https:\/\/www.eldigitaldeasturias.com\/noticias\/nieto-el-terrorismo-yihadista-es-la-principal-amenaza-terrorista-para-espana\/","article:tag":["actualidad"],"article:published_time":"2018-05-11T01:52:08+00:00","article:modified_time":"2018-05-11T01:52:08+00:00","article:publisher":"https:\/\/facebook.com\/eldigitaldeasturias","twitter:card":"summary_large_image","twitter:title":"Nieto: \u00abEl terrorismo yihadista es la principal amenaza terrorista para Espa\u00f1a\u201d - El Digital de Asturias","twitter:description":"El secretario de Estado de Seguridad, Jos\u00e9 Antonio Nieto, se ha reunido en la sede del Departamento con representantes de la Comisi\u00f3n Especial sobre Antiterrorismo del Parlamento Europeo que se han desplazado por primera vez a Espa\u00f1a para analizar, entre otras cuestiones, las capacidades y medidas aplicadas en la lucha contra el terrorismo. \u200bJos\u00e9 Antonio","twitter:image":"https:\/\/www.eldigitaldeasturias.com\/noticias\/wp-content\/uploads\/2020\/12\/EDA-1.jpg","twitter:label1":"Escrito por","twitter:data1":"El Digital de Asturias","twitter:label2":"Tiempo de lectura estimado","twitter:data2":"4 minutos"},"aioseo_meta_data":{"post_id":"979774","title":null,"description":null,"keywords":null,"keyphrases":null,"primary_term":null,"canonical_url":null,"og_title":null,"og_description":null,"og_object_type":"default","og_image_type":"default","og_image_url":null,"og_image_width":null,"og_image_height":null,"og_image_custom_url":null,"og_image_custom_fields":null,"og_video":null,"og_custom_url":null,"og_article_section":null,"og_article_tags":null,"twitter_use_og":false,"twitter_card":"default","twitter_image_type":"default","twitter_image_url":null,"twitter_image_custom_url":null,"twitter_image_custom_fields":null,"twitter_title":null,"twitter_description":null,"schema":{"blockGraphs":[],"customGraphs":[],"default":{"data":{"Article":[],"Course":[],"Dataset":[],"FAQPage":[],"Movie":[],"Person":[],"Product":[],"ProductReview":[],"Car":[],"Recipe":[],"Service":[],"SoftwareApplication":[],"WebPage":[]},"graphName":"","isEnabled":true},"graphs":[],"defaultGraph":"","defaultPostTypeGraph":""},"schema_type":null,"schema_type_options":null,"pillar_content":false,"robots_default":true,"robots_noindex":false,"robots_noarchive":false,"robots_nosnippet":false,"robots_nofollow":false,"robots_noimageindex":false,"robots_noodp":false,"robots_notranslate":false,"robots_max_snippet":null,"robots_max_videopreview":null,"robots_max_imagepreview":"large","priority":null,"frequency":null,"local_seo":null,"seo_analyzer_scan_date":"2025-10-08 15:33:14","breadcrumb_settings":null,"limit_modified_date":false,"open_ai":null,"ai":null,"created":"2020-12-21 11:58:37","updated":"2025-10-08 15:33:14","focus_keyword":null,"additional_keywords":null,"truseo_locale":null},"aioseo_breadcrumb":"<div class=\"aioseo-breadcrumbs\"><span class=\"aioseo-breadcrumb\">\n\t<a href=\"https:\/\/www.eldigitaldeasturias.com\/noticias\" title=\"Home\">Home<\/a>\n<\/span><span class=\"aioseo-breadcrumb-separator\">\u2013<\/span><span class=\"aioseo-breadcrumb\">\n\t<a href=\"https:\/\/www.eldigitaldeasturias.com\/noticias\/category\/actualidad\/\" title=\"Actualidad\">Actualidad<\/a>\n<\/span><span class=\"aioseo-breadcrumb-separator\">\u2013<\/span><span class=\"aioseo-breadcrumb\">\n\t<a href=\"https:\/\/www.eldigitaldeasturias.com\/noticias\/nieto-el-terrorismo-yihadista-es-la-principal-amenaza-terrorista-para-espana\/\" title=\"Nieto: \u00abEl terrorismo yihadista es la principal amenaza terrorista para Espa\u00f1a\u201d\">Nieto: \u00abEl terrorismo yihadista es la principal amenaza terrorista para Espa\u00f1a\u201d<\/a>\n<\/span><\/div>","aioseo_breadcrumb_json":[{"label":"Home","link":"https:\/\/www.eldigitaldeasturias.com\/noticias"},{"label":"Actualidad","link":"https:\/\/www.eldigitaldeasturias.com\/noticias\/category\/actualidad\/"},{"label":"Nieto: \u00abEl terrorismo yihadista es la principal amenaza terrorista para Espa\u00f1a\u201d","link":"https:\/\/www.eldigitaldeasturias.com\/noticias\/nieto-el-terrorismo-yihadista-es-la-principal-amenaza-terrorista-para-espana\/"}],"_links":{"self":[{"href":"https:\/\/www.eldigitaldeasturias.com\/noticias\/wp-json\/wp\/v2\/posts\/979774","targetHints":{"allow":["GET"]}}],"collection":[{"href":"https:\/\/www.eldigitaldeasturias.com\/noticias\/wp-json\/wp\/v2\/posts"}],"about":[{"href":"https:\/\/www.eldigitaldeasturias.com\/noticias\/wp-json\/wp\/v2\/types\/post"}],"author":[{"embeddable":true,"href":"https:\/\/www.eldigitaldeasturias.com\/noticias\/wp-json\/wp\/v2\/users\/1"}],"replies":[{"embeddable":true,"href":"https:\/\/www.eldigitaldeasturias.com\/noticias\/wp-json\/wp\/v2\/comments?post=979774"}],"version-history":[{"count":0,"href":"https:\/\/www.eldigitaldeasturias.com\/noticias\/wp-json\/wp\/v2\/posts\/979774\/revisions"}],"wp:attachment":[{"href":"https:\/\/www.eldigitaldeasturias.com\/noticias\/wp-json\/wp\/v2\/media?parent=979774"}],"wp:term":[{"taxonomy":"category","embeddable":true,"href":"https:\/\/www.eldigitaldeasturias.com\/noticias\/wp-json\/wp\/v2\/categories?post=979774"},{"taxonomy":"post_tag","embeddable":true,"href":"https:\/\/www.eldigitaldeasturias.com\/noticias\/wp-json\/wp\/v2\/tags?post=979774"}],"curies":[{"name":"wp","href":"https:\/\/api.w.org\/{rel}","templated":true}]}}