{"id":979763,"date":"2018-05-11T01:43:23","date_gmt":"2018-05-11T01:43:23","guid":{"rendered":"http:\/\/www.eldigitaldeasturias.com\/noticias\/?p=979763"},"modified":"2018-05-11T01:43:23","modified_gmt":"2018-05-11T01:43:23","slug":"el-gobierno-destaca-la-apuesta-por-la-fp-dual-incluida-en-los-presupuestos","status":"publish","type":"post","link":"https:\/\/www.eldigitaldeasturias.com\/noticias\/el-gobierno-destaca-la-apuesta-por-la-fp-dual-incluida-en-los-presupuestos\/","title":{"rendered":"El Gobierno destaca la apuesta por la FP Dual incluida en los Presupuestos"},"content":{"rendered":"<p><img loading=\"lazy\" decoding=\"async\" class=\"alignleft size-medium wp-image-979764\" src=\"https:\/\/www.eldigitaldeasturias.com\/noticias\/wp-content\/uploads\/2018\/05\/TomasBurgos-360x239.jpg\" alt=\"\" width=\"360\" height=\"239\" \/>El secretario de Estado de la Seguridad Social, Tom\u00e1s Burgos, ha manifestado que la formaci\u00f3n es el mejor puente para facilitar a los j\u00f3venes el acceso al mercado de trabajo \u00abporque a mayor formaci\u00f3n, m\u00e1s oportunidades de empleo\u00bb. \u00abDe hecho -ha a\u00f1adido-, se ha creado 86 veces m\u00e1s empleo entre los niveles altos de educaci\u00f3n que entre aquellos que s\u00f3lo tiene completada la primera etapa de educaci\u00f3n secundaria\u00bb.<\/p>\n<p>El responsable de la Seguridad Social ha presentado el estudio \u00abJ\u00f3venes Ilusionados con su Futuro\u00bb, elaborado por el C\u00edrculo de Empresarios y la C\u00e1mara de Comercio de Espa\u00f1a, y ha afirmado que los j\u00f3venes han sido los que m\u00e1s duramente han sufrido los efectos de la crisis pero, \u00abgracias a las medidas puestas en marcha durante estos a\u00f1os, hoy Espa\u00f1a lidera la creaci\u00f3n de empleo joven, creciendo por encima del 14% frente al 3,5% de media en Europa\u00bb.<\/p>\n<p>Burgos ha expresado, asimismo, la necesidad de consolidar la buena evoluci\u00f3n en el empleo juvenil \u00abporque en Espa\u00f1a todav\u00eda hay un mill\u00f3n de parados menores de 30 a\u00f1os (987.773) que buscan una oportunidad de empleo y que tienen que ser el centro de nuestras pol\u00edticas\u00bb.<\/p>\n<p>Por ello, ha destacado la importante apuesta por la FP Dual que hacen los Presupuestos Generales del Estado. \u00abHemos dado pasos importantes y, desde 2012, 609.562 personas han firmado un contrato para la formaci\u00f3n y el aprendizaje. Adem\u00e1s, los PGE suponen una apuesta hist\u00f3rica por la FP Dual, como camino de acceso, y de permanencia en el mercado laboral\u00bb, ha manifestado.<\/p>\n<p>El acceso es a trav\u00e9s del Bono Formaci\u00f3n Garant\u00eda Juvenil, al que se asocia una ayuda de 430 euros mensuales por 18 meses, que permite trabajar y formarse mediante un contrato de formaci\u00f3n y aprendizaje.<\/p>\n<p>La estabilidad viene de mano del Bono Conversi\u00f3n Indefinidos con una bonificaci\u00f3n en las cuotas empresariales de 250 euros\/mes (3.000 euros\/a\u00f1os) durante tres a\u00f1os de la que se podr\u00e1n beneficiar las empresas que conviertan en indefinidos dichos contratos de formaci\u00f3n y aprendizaje.<\/p>\n<p>Por otro lado, el responsable de la Seguridad Social ha informado del avance realizado con Organismos Intermedios en el dise\u00f1o de nuevas medidas destinadas a reforzar la FP Dual y luchar contra el abandono escolar temprano, en las que invertir los m\u00e1s de 1.277 millones de euros de fondos europeos adicionales procedentes de la revisi\u00f3n t\u00e9cnica del Marco Financiero Plurianual 2014-2020 y la Iniciativa de Empleo Joven.<\/p>\n","protected":false},"excerpt":{"rendered":"<p>El secretario de Estado de la Seguridad Social, Tom\u00e1s Burgos, ha manifestado que la formaci\u00f3n es el mejor puente para facilitar a los j\u00f3venes el acceso al mercado de trabajo \u00abporque a mayor formaci\u00f3n, m\u00e1s oportunidades de empleo\u00bb. \u00abDe hecho -ha a\u00f1adido-, se ha creado 86 veces m\u00e1s empleo entre los niveles altos de educaci\u00f3n [&hellip;]<\/p>\n","protected":false},"author":1,"featured_media":979764,"comment_status":"closed","ping_status":"closed","sticky":false,"template":"","format":"standard","meta":{"footnotes":""},"categories":[1],"tags":[],"class_list":["post-979763","post","type-post","status-publish","format-standard","has-post-thumbnail","hentry","category-actualidad"],"aioseo_notices":[],"aioseo_head":"\n\t\t<!-- All in One SEO Pro 5.0.1 - aioseo.com -->\n\t<meta name=\"description\" content=\"El secretario de Estado de la Seguridad Social, Tom\u00e1s Burgos, ha manifestado que la formaci\u00f3n es el mejor puente para facilitar a los j\u00f3venes el acceso al mercado de trabajo &quot;porque a mayor formaci\u00f3n, m\u00e1s oportunidades de empleo&quot;. &quot;De hecho -ha a\u00f1adido-, se ha creado 86 veces m\u00e1s empleo entre los niveles altos de educaci\u00f3n\" \/>\n\t<meta name=\"robots\" content=\"max-image-preview:large\" \/>\n\t<meta name=\"author\" content=\"El Digital de Asturias\"\/>\n\t<meta name=\"google-site-verification\" content=\"UA-38556648-1\" \/>\n\t<meta name=\"msvalidate.01\" content=\"7dfe9f3f1b24437ab69f4f2559babe99\" \/>\n\t<meta name=\"keywords\" content=\"actualidad\" \/>\n\t<link rel=\"canonical\" href=\"https:\/\/www.eldigitaldeasturias.com\/noticias\/el-gobierno-destaca-la-apuesta-por-la-fp-dual-incluida-en-los-presupuestos\/\" \/>\n\t<meta name=\"generator\" content=\"All in One SEO Pro (AIOSEO) 5.0.1\" \/>\n\t\t<meta property=\"og:locale\" content=\"es_ES\" \/>\n\t\t<meta property=\"og:site_name\" content=\"El Digital de Asturias\" \/>\n\t\t<meta property=\"og:type\" content=\"article\" \/>\n\t\t<meta property=\"og:title\" content=\"El Gobierno destaca la apuesta por la FP Dual incluida en los Presupuestos - El Digital de Asturias\" \/>\n\t\t<meta property=\"og:description\" content=\"El secretario de Estado de la Seguridad Social, Tom\u00e1s Burgos, ha manifestado que la formaci\u00f3n es el mejor puente para facilitar a los j\u00f3venes el acceso al mercado de trabajo &quot;porque a mayor formaci\u00f3n, m\u00e1s oportunidades de empleo&quot;. &quot;De hecho -ha a\u00f1adido-, se ha creado 86 veces m\u00e1s empleo entre los niveles altos de educaci\u00f3n\" \/>\n\t\t<meta property=\"og:url\" content=\"https:\/\/www.eldigitaldeasturias.com\/noticias\/el-gobierno-destaca-la-apuesta-por-la-fp-dual-incluida-en-los-presupuestos\/\" \/>\n\t\t<meta property=\"article:tag\" content=\"actualidad\" \/>\n\t\t<meta property=\"article:published_time\" content=\"2018-05-11T01:43:23+00:00\" \/>\n\t\t<meta property=\"article:modified_time\" content=\"2018-05-11T01:43:23+00:00\" \/>\n\t\t<meta property=\"article:publisher\" content=\"https:\/\/facebook.com\/eldigitaldeasturias\" \/>\n\t\t<meta name=\"twitter:card\" content=\"summary_large_image\" \/>\n\t\t<meta name=\"twitter:title\" content=\"El Gobierno destaca la apuesta por la FP Dual incluida en los Presupuestos - El Digital de Asturias\" \/>\n\t\t<meta name=\"twitter:description\" content=\"El secretario de Estado de la Seguridad Social, Tom\u00e1s Burgos, ha manifestado que la formaci\u00f3n es el mejor puente para facilitar a los j\u00f3venes el acceso al mercado de trabajo &quot;porque a mayor formaci\u00f3n, m\u00e1s oportunidades de empleo&quot;. &quot;De hecho -ha a\u00f1adido-, se ha creado 86 veces m\u00e1s empleo entre los niveles altos de educaci\u00f3n\" \/>\n\t\t<meta name=\"twitter:image\" content=\"https:\/\/www.eldigitaldeasturias.com\/noticias\/wp-content\/uploads\/2020\/12\/EDA-1.jpg\" \/>\n\t\t<meta name=\"twitter:label1\" content=\"Escrito por\" \/>\n\t\t<meta name=\"twitter:data1\" content=\"El Digital de Asturias\" \/>\n\t\t<meta name=\"twitter:label2\" content=\"Tiempo de lectura estimado\" \/>\n\t\t<meta name=\"twitter:data2\" content=\"2 minutos\" \/>\n\t\t<script type=\"application\/ld+json\" class=\"aioseo-schema\">\n\t\t\t{\"@context\":\"https:\\\/\\\/schema.org\",\"@graph\":[{\"@type\":\"BlogPosting\",\"@id\":\"https:\\\/\\\/www.eldigitaldeasturias.com\\\/noticias\\\/el-gobierno-destaca-la-apuesta-por-la-fp-dual-incluida-en-los-presupuestos\\\/#blogposting\",\"name\":\"El Gobierno destaca la apuesta por la FP Dual incluida en los Presupuestos - El Digital de Asturias\",\"headline\":\"El Gobierno destaca la apuesta por la FP Dual incluida en los Presupuestos\",\"author\":{\"@id\":\"https:\\\/\\\/www.eldigitaldeasturias.com\\\/noticias\\\/author\\\/admin\\\/#author\"},\"publisher\":{\"@id\":\"https:\\\/\\\/www.eldigitaldeasturias.com\\\/noticias\\\/#organization\"},\"image\":{\"@type\":\"ImageObject\",\"url\":979764},\"datePublished\":\"2018-05-11T01:43:23+02:00\",\"dateModified\":\"2018-05-11T01:43:23+02:00\",\"inLanguage\":\"es-ES\",\"mainEntityOfPage\":{\"@id\":\"https:\\\/\\\/www.eldigitaldeasturias.com\\\/noticias\\\/el-gobierno-destaca-la-apuesta-por-la-fp-dual-incluida-en-los-presupuestos\\\/#webpage\"},\"isPartOf\":{\"@id\":\"https:\\\/\\\/www.eldigitaldeasturias.com\\\/noticias\\\/el-gobierno-destaca-la-apuesta-por-la-fp-dual-incluida-en-los-presupuestos\\\/#webpage\"},\"articleSection\":\"Actualidad\"},{\"@type\":\"BreadcrumbList\",\"@id\":\"https:\\\/\\\/www.eldigitaldeasturias.com\\\/noticias\\\/el-gobierno-destaca-la-apuesta-por-la-fp-dual-incluida-en-los-presupuestos\\\/#breadcrumblist\",\"itemListElement\":[{\"@type\":\"ListItem\",\"@id\":\"https:\\\/\\\/www.eldigitaldeasturias.com\\\/noticias#listItem\",\"position\":1,\"name\":\"Home\",\"item\":\"https:\\\/\\\/www.eldigitaldeasturias.com\\\/noticias\",\"nextItem\":{\"@type\":\"ListItem\",\"@id\":\"https:\\\/\\\/www.eldigitaldeasturias.com\\\/noticias\\\/category\\\/actualidad\\\/#listItem\",\"name\":\"Actualidad\"}},{\"@type\":\"ListItem\",\"@id\":\"https:\\\/\\\/www.eldigitaldeasturias.com\\\/noticias\\\/category\\\/actualidad\\\/#listItem\",\"position\":2,\"name\":\"Actualidad\",\"item\":\"https:\\\/\\\/www.eldigitaldeasturias.com\\\/noticias\\\/category\\\/actualidad\\\/\",\"nextItem\":{\"@type\":\"ListItem\",\"@id\":\"https:\\\/\\\/www.eldigitaldeasturias.com\\\/noticias\\\/el-gobierno-destaca-la-apuesta-por-la-fp-dual-incluida-en-los-presupuestos\\\/#listItem\",\"name\":\"El Gobierno destaca la apuesta por la FP Dual incluida en los Presupuestos\"},\"previousItem\":{\"@type\":\"ListItem\",\"@id\":\"https:\\\/\\\/www.eldigitaldeasturias.com\\\/noticias#listItem\",\"name\":\"Home\"}},{\"@type\":\"ListItem\",\"@id\":\"https:\\\/\\\/www.eldigitaldeasturias.com\\\/noticias\\\/el-gobierno-destaca-la-apuesta-por-la-fp-dual-incluida-en-los-presupuestos\\\/#listItem\",\"position\":3,\"name\":\"El Gobierno destaca la apuesta por la FP Dual incluida en los Presupuestos\",\"previousItem\":{\"@type\":\"ListItem\",\"@id\":\"https:\\\/\\\/www.eldigitaldeasturias.com\\\/noticias\\\/category\\\/actualidad\\\/#listItem\",\"name\":\"Actualidad\"}}]},{\"@type\":\"Organization\",\"@id\":\"https:\\\/\\\/www.eldigitaldeasturias.com\\\/noticias\\\/#organization\",\"name\":\"El Digital de Asturias\",\"description\":\"Hemeroteca\",\"url\":\"https:\\\/\\\/www.eldigitaldeasturias.com\\\/noticias\\\/\",\"email\":\"info@eldigitaldeasturias.com\",\"telephone\":\"+34652131393\",\"logo\":{\"@type\":\"ImageObject\",\"url\":\"https:\\\/\\\/www.eldigitaldeasturias.com\\\/noticias\\\/wp-content\\\/uploads\\\/2020\\\/12\\\/EDA.jpg\",\"@id\":\"https:\\\/\\\/www.eldigitaldeasturias.com\\\/noticias\\\/el-gobierno-destaca-la-apuesta-por-la-fp-dual-incluida-en-los-presupuestos\\\/#organizationLogo\"},\"image\":{\"@id\":\"https:\\\/\\\/www.eldigitaldeasturias.com\\\/noticias\\\/el-gobierno-destaca-la-apuesta-por-la-fp-dual-incluida-en-los-presupuestos\\\/#organizationLogo\"},\"sameAs\":[\"https:\\\/\\\/facebook.com\\\/eldigitaldeasturias\",\"https:\\\/\\\/www.youtube.com\\\/channel\\\/UCZP-2wLEB9Rv6erhFmqVnvg\"],\"address\":{\"@id\":\"https:\\\/\\\/www.eldigitaldeasturias.com\\\/noticias\\\/#postaladdress\",\"@type\":\"PostalAddress\",\"streetAddress\":\"san antonio 4\",\"postalCode\":\"33430\",\"addressLocality\":\"Cand\\u00e1s\",\"addressRegion\":\"Asturias\",\"addressCountry\":\"ES\"}},{\"@type\":\"Person\",\"@id\":\"https:\\\/\\\/www.eldigitaldeasturias.com\\\/noticias\\\/author\\\/admin\\\/#author\",\"url\":\"https:\\\/\\\/www.eldigitaldeasturias.com\\\/noticias\\\/author\\\/admin\\\/\",\"name\":\"El Digital de Asturias\",\"image\":{\"@type\":\"ImageObject\",\"@id\":\"https:\\\/\\\/www.eldigitaldeasturias.com\\\/noticias\\\/el-gobierno-destaca-la-apuesta-por-la-fp-dual-incluida-en-los-presupuestos\\\/#authorImage\",\"url\":\"https:\\\/\\\/secure.gravatar.com\\\/avatar\\\/df2aeffc32bcd13f8d26072ef8a91b623d677766deac7f97ca815868cd41bf5e?s=96&d=mm&r=g\",\"width\":96,\"height\":96,\"caption\":\"El Digital de Asturias\"}},{\"@type\":\"WebPage\",\"@id\":\"https:\\\/\\\/www.eldigitaldeasturias.com\\\/noticias\\\/el-gobierno-destaca-la-apuesta-por-la-fp-dual-incluida-en-los-presupuestos\\\/#webpage\",\"url\":\"https:\\\/\\\/www.eldigitaldeasturias.com\\\/noticias\\\/el-gobierno-destaca-la-apuesta-por-la-fp-dual-incluida-en-los-presupuestos\\\/\",\"name\":\"El Gobierno destaca la apuesta por la FP Dual incluida en los Presupuestos - El Digital de Asturias\",\"description\":\"El secretario de Estado de la Seguridad Social, Tom\\u00e1s Burgos, ha manifestado que la formaci\\u00f3n es el mejor puente para facilitar a los j\\u00f3venes el acceso al mercado de trabajo \\\"porque a mayor formaci\\u00f3n, m\\u00e1s oportunidades de empleo\\\". \\\"De hecho -ha a\\u00f1adido-, se ha creado 86 veces m\\u00e1s empleo entre los niveles altos de educaci\\u00f3n\",\"inLanguage\":\"es-ES\",\"isPartOf\":{\"@id\":\"https:\\\/\\\/www.eldigitaldeasturias.com\\\/noticias\\\/#website\"},\"breadcrumb\":{\"@id\":\"https:\\\/\\\/www.eldigitaldeasturias.com\\\/noticias\\\/el-gobierno-destaca-la-apuesta-por-la-fp-dual-incluida-en-los-presupuestos\\\/#breadcrumblist\"},\"author\":{\"@id\":\"https:\\\/\\\/www.eldigitaldeasturias.com\\\/noticias\\\/author\\\/admin\\\/#author\"},\"creator\":{\"@id\":\"https:\\\/\\\/www.eldigitaldeasturias.com\\\/noticias\\\/author\\\/admin\\\/#author\"},\"image\":{\"@type\":\"ImageObject\",\"url\":979764,\"@id\":\"https:\\\/\\\/www.eldigitaldeasturias.com\\\/noticias\\\/el-gobierno-destaca-la-apuesta-por-la-fp-dual-incluida-en-los-presupuestos\\\/#mainImage\"},\"primaryImageOfPage\":{\"@id\":\"https:\\\/\\\/www.eldigitaldeasturias.com\\\/noticias\\\/el-gobierno-destaca-la-apuesta-por-la-fp-dual-incluida-en-los-presupuestos\\\/#mainImage\"},\"datePublished\":\"2018-05-11T01:43:23+02:00\",\"dateModified\":\"2018-05-11T01:43:23+02:00\"},{\"@type\":\"WebSite\",\"@id\":\"https:\\\/\\\/www.eldigitaldeasturias.com\\\/noticias\\\/#website\",\"url\":\"https:\\\/\\\/www.eldigitaldeasturias.com\\\/noticias\\\/\",\"name\":\"El Digital de Asturias - Diario de actualidad y noticias\",\"alternateName\":\"El Digital de Asturias - Diario de actualidad y noticias\",\"description\":\"Hemeroteca\",\"inLanguage\":\"es-ES\",\"publisher\":{\"@id\":\"https:\\\/\\\/www.eldigitaldeasturias.com\\\/noticias\\\/#organization\"}}]}\n\t\t<\/script>\n\t\t<!-- All in One SEO Pro -->\r\n\t\t<title>El Gobierno destaca la apuesta por la FP Dual incluida en los Presupuestos - El Digital de Asturias<\/title>\n\n","aioseo_head_json":{"title":"El Gobierno destaca la apuesta por la FP Dual incluida en los Presupuestos - El Digital de Asturias","description":"El secretario de Estado de la Seguridad Social, Tom\u00e1s Burgos, ha manifestado que la formaci\u00f3n es el mejor puente para facilitar a los j\u00f3venes el acceso al mercado de trabajo \"porque a mayor formaci\u00f3n, m\u00e1s oportunidades de empleo\". \"De hecho -ha a\u00f1adido-, se ha creado 86 veces m\u00e1s empleo entre los niveles altos de educaci\u00f3n","canonical_url":"https:\/\/www.eldigitaldeasturias.com\/noticias\/el-gobierno-destaca-la-apuesta-por-la-fp-dual-incluida-en-los-presupuestos\/","robots":"max-image-preview:large","keywords":"actualidad","webmasterTools":{"google-site-verification":"UA-38556648-1","msvalidate.01":"7dfe9f3f1b24437ab69f4f2559babe99","miscellaneous":""},"schema":{"@context":"https:\/\/schema.org","@graph":[{"@type":"BlogPosting","@id":"https:\/\/www.eldigitaldeasturias.com\/noticias\/el-gobierno-destaca-la-apuesta-por-la-fp-dual-incluida-en-los-presupuestos\/#blogposting","name":"El Gobierno destaca la apuesta por la FP Dual incluida en los Presupuestos - El Digital de Asturias","headline":"El Gobierno destaca la apuesta por la FP Dual incluida en los Presupuestos","author":{"@id":"https:\/\/www.eldigitaldeasturias.com\/noticias\/author\/admin\/#author"},"publisher":{"@id":"https:\/\/www.eldigitaldeasturias.com\/noticias\/#organization"},"image":{"@type":"ImageObject","url":979764},"datePublished":"2018-05-11T01:43:23+02:00","dateModified":"2018-05-11T01:43:23+02:00","inLanguage":"es-ES","mainEntityOfPage":{"@id":"https:\/\/www.eldigitaldeasturias.com\/noticias\/el-gobierno-destaca-la-apuesta-por-la-fp-dual-incluida-en-los-presupuestos\/#webpage"},"isPartOf":{"@id":"https:\/\/www.eldigitaldeasturias.com\/noticias\/el-gobierno-destaca-la-apuesta-por-la-fp-dual-incluida-en-los-presupuestos\/#webpage"},"articleSection":"Actualidad"},{"@type":"BreadcrumbList","@id":"https:\/\/www.eldigitaldeasturias.com\/noticias\/el-gobierno-destaca-la-apuesta-por-la-fp-dual-incluida-en-los-presupuestos\/#breadcrumblist","itemListElement":[{"@type":"ListItem","@id":"https:\/\/www.eldigitaldeasturias.com\/noticias#listItem","position":1,"name":"Home","item":"https:\/\/www.eldigitaldeasturias.com\/noticias","nextItem":{"@type":"ListItem","@id":"https:\/\/www.eldigitaldeasturias.com\/noticias\/category\/actualidad\/#listItem","name":"Actualidad"}},{"@type":"ListItem","@id":"https:\/\/www.eldigitaldeasturias.com\/noticias\/category\/actualidad\/#listItem","position":2,"name":"Actualidad","item":"https:\/\/www.eldigitaldeasturias.com\/noticias\/category\/actualidad\/","nextItem":{"@type":"ListItem","@id":"https:\/\/www.eldigitaldeasturias.com\/noticias\/el-gobierno-destaca-la-apuesta-por-la-fp-dual-incluida-en-los-presupuestos\/#listItem","name":"El Gobierno destaca la apuesta por la FP Dual incluida en los Presupuestos"},"previousItem":{"@type":"ListItem","@id":"https:\/\/www.eldigitaldeasturias.com\/noticias#listItem","name":"Home"}},{"@type":"ListItem","@id":"https:\/\/www.eldigitaldeasturias.com\/noticias\/el-gobierno-destaca-la-apuesta-por-la-fp-dual-incluida-en-los-presupuestos\/#listItem","position":3,"name":"El Gobierno destaca la apuesta por la FP Dual incluida en los Presupuestos","previousItem":{"@type":"ListItem","@id":"https:\/\/www.eldigitaldeasturias.com\/noticias\/category\/actualidad\/#listItem","name":"Actualidad"}}]},{"@type":"Organization","@id":"https:\/\/www.eldigitaldeasturias.com\/noticias\/#organization","name":"El Digital de Asturias","description":"Hemeroteca","url":"https:\/\/www.eldigitaldeasturias.com\/noticias\/","email":"info@eldigitaldeasturias.com","telephone":"+34652131393","logo":{"@type":"ImageObject","url":"https:\/\/www.eldigitaldeasturias.com\/noticias\/wp-content\/uploads\/2020\/12\/EDA.jpg","@id":"https:\/\/www.eldigitaldeasturias.com\/noticias\/el-gobierno-destaca-la-apuesta-por-la-fp-dual-incluida-en-los-presupuestos\/#organizationLogo"},"image":{"@id":"https:\/\/www.eldigitaldeasturias.com\/noticias\/el-gobierno-destaca-la-apuesta-por-la-fp-dual-incluida-en-los-presupuestos\/#organizationLogo"},"sameAs":["https:\/\/facebook.com\/eldigitaldeasturias","https:\/\/www.youtube.com\/channel\/UCZP-2wLEB9Rv6erhFmqVnvg"],"address":{"@id":"https:\/\/www.eldigitaldeasturias.com\/noticias\/#postaladdress","@type":"PostalAddress","streetAddress":"san antonio 4","postalCode":"33430","addressLocality":"Cand\u00e1s","addressRegion":"Asturias","addressCountry":"ES"}},{"@type":"Person","@id":"https:\/\/www.eldigitaldeasturias.com\/noticias\/author\/admin\/#author","url":"https:\/\/www.eldigitaldeasturias.com\/noticias\/author\/admin\/","name":"El Digital de Asturias","image":{"@type":"ImageObject","@id":"https:\/\/www.eldigitaldeasturias.com\/noticias\/el-gobierno-destaca-la-apuesta-por-la-fp-dual-incluida-en-los-presupuestos\/#authorImage","url":"https:\/\/secure.gravatar.com\/avatar\/df2aeffc32bcd13f8d26072ef8a91b623d677766deac7f97ca815868cd41bf5e?s=96&d=mm&r=g","width":96,"height":96,"caption":"El Digital de Asturias"}},{"@type":"WebPage","@id":"https:\/\/www.eldigitaldeasturias.com\/noticias\/el-gobierno-destaca-la-apuesta-por-la-fp-dual-incluida-en-los-presupuestos\/#webpage","url":"https:\/\/www.eldigitaldeasturias.com\/noticias\/el-gobierno-destaca-la-apuesta-por-la-fp-dual-incluida-en-los-presupuestos\/","name":"El Gobierno destaca la apuesta por la FP Dual incluida en los Presupuestos - El Digital de Asturias","description":"El secretario de Estado de la Seguridad Social, Tom\u00e1s Burgos, ha manifestado que la formaci\u00f3n es el mejor puente para facilitar a los j\u00f3venes el acceso al mercado de trabajo \"porque a mayor formaci\u00f3n, m\u00e1s oportunidades de empleo\". \"De hecho -ha a\u00f1adido-, se ha creado 86 veces m\u00e1s empleo entre los niveles altos de educaci\u00f3n","inLanguage":"es-ES","isPartOf":{"@id":"https:\/\/www.eldigitaldeasturias.com\/noticias\/#website"},"breadcrumb":{"@id":"https:\/\/www.eldigitaldeasturias.com\/noticias\/el-gobierno-destaca-la-apuesta-por-la-fp-dual-incluida-en-los-presupuestos\/#breadcrumblist"},"author":{"@id":"https:\/\/www.eldigitaldeasturias.com\/noticias\/author\/admin\/#author"},"creator":{"@id":"https:\/\/www.eldigitaldeasturias.com\/noticias\/author\/admin\/#author"},"image":{"@type":"ImageObject","url":979764,"@id":"https:\/\/www.eldigitaldeasturias.com\/noticias\/el-gobierno-destaca-la-apuesta-por-la-fp-dual-incluida-en-los-presupuestos\/#mainImage"},"primaryImageOfPage":{"@id":"https:\/\/www.eldigitaldeasturias.com\/noticias\/el-gobierno-destaca-la-apuesta-por-la-fp-dual-incluida-en-los-presupuestos\/#mainImage"},"datePublished":"2018-05-11T01:43:23+02:00","dateModified":"2018-05-11T01:43:23+02:00"},{"@type":"WebSite","@id":"https:\/\/www.eldigitaldeasturias.com\/noticias\/#website","url":"https:\/\/www.eldigitaldeasturias.com\/noticias\/","name":"El Digital de Asturias - Diario de actualidad y noticias","alternateName":"El Digital de Asturias - Diario de actualidad y noticias","description":"Hemeroteca","inLanguage":"es-ES","publisher":{"@id":"https:\/\/www.eldigitaldeasturias.com\/noticias\/#organization"}}]},"og:locale":"es_ES","og:site_name":"El Digital de Asturias","og:type":"article","og:title":"El Gobierno destaca la apuesta por la FP Dual incluida en los Presupuestos - El Digital de Asturias","og:description":"El secretario de Estado de la Seguridad Social, Tom\u00e1s Burgos, ha manifestado que la formaci\u00f3n es el mejor puente para facilitar a los j\u00f3venes el acceso al mercado de trabajo &quot;porque a mayor formaci\u00f3n, m\u00e1s oportunidades de empleo&quot;. &quot;De hecho -ha a\u00f1adido-, se ha creado 86 veces m\u00e1s empleo entre los niveles altos de educaci\u00f3n","og:url":"https:\/\/www.eldigitaldeasturias.com\/noticias\/el-gobierno-destaca-la-apuesta-por-la-fp-dual-incluida-en-los-presupuestos\/","article:tag":["actualidad"],"article:published_time":"2018-05-11T01:43:23+00:00","article:modified_time":"2018-05-11T01:43:23+00:00","article:publisher":"https:\/\/facebook.com\/eldigitaldeasturias","twitter:card":"summary_large_image","twitter:title":"El Gobierno destaca la apuesta por la FP Dual incluida en los Presupuestos - El Digital de Asturias","twitter:description":"El secretario de Estado de la Seguridad Social, Tom\u00e1s Burgos, ha manifestado que la formaci\u00f3n es el mejor puente para facilitar a los j\u00f3venes el acceso al mercado de trabajo &quot;porque a mayor formaci\u00f3n, m\u00e1s oportunidades de empleo&quot;. &quot;De hecho -ha a\u00f1adido-, se ha creado 86 veces m\u00e1s empleo entre los niveles altos de educaci\u00f3n","twitter:image":"https:\/\/www.eldigitaldeasturias.com\/noticias\/wp-content\/uploads\/2020\/12\/EDA-1.jpg","twitter:label1":"Escrito por","twitter:data1":"El Digital de Asturias","twitter:label2":"Tiempo de lectura estimado","twitter:data2":"2 minutos"},"aioseo_meta_data":{"post_id":"979763","title":null,"description":null,"keywords":null,"keyphrases":null,"primary_term":null,"canonical_url":null,"og_title":null,"og_description":null,"og_object_type":"default","og_image_type":"default","og_image_url":null,"og_image_width":null,"og_image_height":null,"og_image_custom_url":null,"og_image_custom_fields":null,"og_video":null,"og_custom_url":null,"og_article_section":null,"og_article_tags":null,"twitter_use_og":false,"twitter_card":"default","twitter_image_type":"default","twitter_image_url":null,"twitter_image_custom_url":null,"twitter_image_custom_fields":null,"twitter_title":null,"twitter_description":null,"schema":{"blockGraphs":[],"customGraphs":[],"default":{"data":{"Article":[],"Course":[],"Dataset":[],"FAQPage":[],"Movie":[],"Person":[],"Product":[],"ProductReview":[],"Car":[],"Recipe":[],"Service":[],"SoftwareApplication":[],"WebPage":[]},"graphName":"","isEnabled":true},"graphs":[],"defaultGraph":"","defaultPostTypeGraph":""},"schema_type":null,"schema_type_options":null,"pillar_content":false,"robots_default":true,"robots_noindex":false,"robots_noarchive":false,"robots_nosnippet":false,"robots_nofollow":false,"robots_noimageindex":false,"robots_noodp":false,"robots_notranslate":false,"robots_max_snippet":null,"robots_max_videopreview":null,"robots_max_imagepreview":"large","priority":null,"frequency":null,"local_seo":null,"seo_analyzer_scan_date":"2025-10-08 15:31:12","breadcrumb_settings":null,"limit_modified_date":false,"open_ai":null,"ai":null,"created":"2020-12-21 11:58:37","updated":"2025-10-08 15:31:12","focus_keyword":null,"additional_keywords":null,"truseo_locale":null},"aioseo_breadcrumb":"<div class=\"aioseo-breadcrumbs\"><span class=\"aioseo-breadcrumb\">\n\t<a href=\"https:\/\/www.eldigitaldeasturias.com\/noticias\" title=\"Home\">Home<\/a>\n<\/span><span class=\"aioseo-breadcrumb-separator\">\u2013<\/span><span class=\"aioseo-breadcrumb\">\n\t<a href=\"https:\/\/www.eldigitaldeasturias.com\/noticias\/category\/actualidad\/\" title=\"Actualidad\">Actualidad<\/a>\n<\/span><span class=\"aioseo-breadcrumb-separator\">\u2013<\/span><span class=\"aioseo-breadcrumb\">\n\t<a href=\"https:\/\/www.eldigitaldeasturias.com\/noticias\/el-gobierno-destaca-la-apuesta-por-la-fp-dual-incluida-en-los-presupuestos\/\" title=\"El Gobierno destaca la apuesta por la FP Dual incluida en los Presupuestos\">El Gobierno destaca la apuesta por la FP Dual incluida en los Presupuestos<\/a>\n<\/span><\/div>","aioseo_breadcrumb_json":[{"label":"Home","link":"https:\/\/www.eldigitaldeasturias.com\/noticias"},{"label":"Actualidad","link":"https:\/\/www.eldigitaldeasturias.com\/noticias\/category\/actualidad\/"},{"label":"El Gobierno destaca la apuesta por la FP Dual incluida en los Presupuestos","link":"https:\/\/www.eldigitaldeasturias.com\/noticias\/el-gobierno-destaca-la-apuesta-por-la-fp-dual-incluida-en-los-presupuestos\/"}],"_links":{"self":[{"href":"https:\/\/www.eldigitaldeasturias.com\/noticias\/wp-json\/wp\/v2\/posts\/979763","targetHints":{"allow":["GET"]}}],"collection":[{"href":"https:\/\/www.eldigitaldeasturias.com\/noticias\/wp-json\/wp\/v2\/posts"}],"about":[{"href":"https:\/\/www.eldigitaldeasturias.com\/noticias\/wp-json\/wp\/v2\/types\/post"}],"author":[{"embeddable":true,"href":"https:\/\/www.eldigitaldeasturias.com\/noticias\/wp-json\/wp\/v2\/users\/1"}],"replies":[{"embeddable":true,"href":"https:\/\/www.eldigitaldeasturias.com\/noticias\/wp-json\/wp\/v2\/comments?post=979763"}],"version-history":[{"count":0,"href":"https:\/\/www.eldigitaldeasturias.com\/noticias\/wp-json\/wp\/v2\/posts\/979763\/revisions"}],"wp:attachment":[{"href":"https:\/\/www.eldigitaldeasturias.com\/noticias\/wp-json\/wp\/v2\/media?parent=979763"}],"wp:term":[{"taxonomy":"category","embeddable":true,"href":"https:\/\/www.eldigitaldeasturias.com\/noticias\/wp-json\/wp\/v2\/categories?post=979763"},{"taxonomy":"post_tag","embeddable":true,"href":"https:\/\/www.eldigitaldeasturias.com\/noticias\/wp-json\/wp\/v2\/tags?post=979763"}],"curies":[{"name":"wp","href":"https:\/\/api.w.org\/{rel}","templated":true}]}}