{"id":979758,"date":"2018-05-10T19:50:51","date_gmt":"2018-05-10T19:50:51","guid":{"rendered":"http:\/\/www.eldigitaldeasturias.com\/noticias\/?p=979758"},"modified":"2018-05-10T19:50:51","modified_gmt":"2018-05-10T19:50:51","slug":"joaquin-olona-la-politica-agraria-hoy-es-mas-necesaria-que-nunca","status":"publish","type":"post","link":"https:\/\/www.eldigitaldeasturias.com\/noticias\/joaquin-olona-la-politica-agraria-hoy-es-mas-necesaria-que-nunca\/","title":{"rendered":"Joaqu\u00edn Olona: \u00abLa pol\u00edtica agraria hoy es m\u00e1s necesaria que nunca\u00bb"},"content":{"rendered":"<p><img loading=\"lazy\" decoding=\"async\" class=\"alignleft size-medium wp-image-979759\" src=\"https:\/\/www.eldigitaldeasturias.com\/noticias\/wp-content\/uploads\/2018\/05\/20180510_093702-360x159.jpg\" alt=\"\" width=\"360\" height=\"159\" \/>\u201cLa pol\u00edtica agraria hoy es m\u00e1s necesaria que nunca, pero no solo y exclusivamente porque la agricultura la necesite; sino porque la lucha contra la despoblaci\u00f3n, que es el c\u00e1ncer del mundo rural, la hace imprescindible\u201d, ha reivindicado el consejero de Desarrollo Rural y Sostenibilidad, Joaqu\u00edn Olona, durante su intervenci\u00f3n en el I Foro de Ganader\u00eda, Agricultura y Despoblaci\u00f3n organizado en el sal\u00f3n de actos de CEOS-CEPYME por esRadio. \u201cY la pol\u00edtica agraria que tenemos, la PAC, en estos momentos, no contribuye a ese objetivo de lucha contra la despoblaci\u00f3n. Es m\u00e1s, en algunos aspectos se ha convertido en un factor despoblaci\u00f3n. Es un disparate que tenemos que corregir\u201d, ha lamentado el consejero. \u201cNo tiene sentido hablar de lucha contra la despoblaci\u00f3n con una PAC como la que tenemos\u201d, ha a\u00f1adido.<\/p>\n<p>El consejero ha explicado que \u201cha llegado la hora de la verdad\u201d para trabajar por una reforma de la PAC de \u201ccalado\u201d y en profundidad. Pero tambi\u00e9n ha insistido en la necesidad de abandonar la cl\u00e1sica disputa que ha habido siempre entre los llamados ruralista y agraristas, que han venido discutiendo si lo que hace falta es una pol\u00edtica agraria o una pol\u00edtica de desarrollo rural. \u201cLa pol\u00edtica agraria es imprescindible y tiene que contribuir al desarrollo rural\u201d, ha aclarado Olona.<\/p>\n<p>En cuanto a la reforma, el consejero ha vuelto a hacer hincapi\u00e9 en la necesidad de defender a los agricultores y ganaderos que est\u00e1n en los pueblos y que contribuyen a luchar contra la despoblaci\u00f3n. \u201cDe nada servir\u00e1 luchar contra problemas de escala mundial si perdemos a nuestros agricultores, ganaderos y a nuestros pueblos\u201d, ha dicho. La necesidad de apostar por los modelos, como las explotaciones o la agricultura familiar, y no por los sectores o la eliminaci\u00f3n de las barreras para la incorporaci\u00f3n de los j\u00f3venes en el campo son otros de los temas que ha tratado el consejero durante su intervenci\u00f3n.<\/p>\n<p>Este encuentro organizado por EsRadio Huesca es fruto de una apuesta para dar a conocer mejor el mundo de la ganader\u00eda, la agricultura y de uno de los problemas m\u00e1s importantes que tiene la provincia oscense: la despoblaci\u00f3n.<\/p>\n<p>El encuentro, orientado tanto a profesionales como a particulares, ha contado con una ponencia inaugural que ha corrido a cargo del consejero Olona y tres mesas redondas.<\/p>\n","protected":false},"excerpt":{"rendered":"<p>\u201cLa pol\u00edtica agraria hoy es m\u00e1s necesaria que nunca, pero no solo y exclusivamente porque la agricultura la necesite; sino porque la lucha contra la despoblaci\u00f3n, que es el c\u00e1ncer del mundo rural, la hace imprescindible\u201d, ha reivindicado el consejero de Desarrollo Rural y Sostenibilidad, Joaqu\u00edn Olona, durante su intervenci\u00f3n en el I Foro de [&hellip;]<\/p>\n","protected":false},"author":1,"featured_media":979759,"comment_status":"closed","ping_status":"closed","sticky":false,"template":"","format":"standard","meta":{"footnotes":""},"categories":[1],"tags":[],"class_list":["post-979758","post","type-post","status-publish","format-standard","has-post-thumbnail","hentry","category-actualidad"],"aioseo_notices":[],"aioseo_head":"\n\t\t<!-- All in One SEO Pro 5.0.1 - aioseo.com -->\n\t<meta name=\"description\" content=\"\u201cLa pol\u00edtica agraria hoy es m\u00e1s necesaria que nunca, pero no solo y exclusivamente porque la agricultura la necesite; sino porque la lucha contra la despoblaci\u00f3n, que es el c\u00e1ncer del mundo rural, la hace imprescindible\u201d, ha reivindicado el consejero de Desarrollo Rural y Sostenibilidad, Joaqu\u00edn Olona, durante su intervenci\u00f3n en el I Foro de\" \/>\n\t<meta name=\"robots\" content=\"max-image-preview:large\" \/>\n\t<meta name=\"author\" content=\"El Digital de Asturias\"\/>\n\t<meta name=\"google-site-verification\" content=\"UA-38556648-1\" \/>\n\t<meta name=\"msvalidate.01\" content=\"7dfe9f3f1b24437ab69f4f2559babe99\" \/>\n\t<meta name=\"keywords\" content=\"actualidad\" \/>\n\t<link rel=\"canonical\" href=\"https:\/\/www.eldigitaldeasturias.com\/noticias\/joaquin-olona-la-politica-agraria-hoy-es-mas-necesaria-que-nunca\/\" \/>\n\t<meta name=\"generator\" content=\"All in One SEO Pro (AIOSEO) 5.0.1\" \/>\n\t\t<meta property=\"og:locale\" content=\"es_ES\" \/>\n\t\t<meta property=\"og:site_name\" content=\"El Digital de Asturias\" \/>\n\t\t<meta property=\"og:type\" content=\"article\" \/>\n\t\t<meta property=\"og:title\" content=\"Joaqu\u00edn Olona: \u00abLa pol\u00edtica agraria hoy es m\u00e1s necesaria que nunca\u00bb - El Digital de Asturias\" \/>\n\t\t<meta property=\"og:description\" content=\"\u201cLa pol\u00edtica agraria hoy es m\u00e1s necesaria que nunca, pero no solo y exclusivamente porque la agricultura la necesite; sino porque la lucha contra la despoblaci\u00f3n, que es el c\u00e1ncer del mundo rural, la hace imprescindible\u201d, ha reivindicado el consejero de Desarrollo Rural y Sostenibilidad, Joaqu\u00edn Olona, durante su intervenci\u00f3n en el I Foro de\" \/>\n\t\t<meta property=\"og:url\" content=\"https:\/\/www.eldigitaldeasturias.com\/noticias\/joaquin-olona-la-politica-agraria-hoy-es-mas-necesaria-que-nunca\/\" \/>\n\t\t<meta property=\"article:tag\" content=\"actualidad\" \/>\n\t\t<meta property=\"article:published_time\" content=\"2018-05-10T19:50:51+00:00\" \/>\n\t\t<meta property=\"article:modified_time\" content=\"2018-05-10T19:50:51+00:00\" \/>\n\t\t<meta property=\"article:publisher\" content=\"https:\/\/facebook.com\/eldigitaldeasturias\" \/>\n\t\t<meta name=\"twitter:card\" content=\"summary_large_image\" \/>\n\t\t<meta name=\"twitter:title\" content=\"Joaqu\u00edn Olona: \u00abLa pol\u00edtica agraria hoy es m\u00e1s necesaria que nunca\u00bb - El Digital de Asturias\" \/>\n\t\t<meta name=\"twitter:description\" content=\"\u201cLa pol\u00edtica agraria hoy es m\u00e1s necesaria que nunca, pero no solo y exclusivamente porque la agricultura la necesite; sino porque la lucha contra la despoblaci\u00f3n, que es el c\u00e1ncer del mundo rural, la hace imprescindible\u201d, ha reivindicado el consejero de Desarrollo Rural y Sostenibilidad, Joaqu\u00edn Olona, durante su intervenci\u00f3n en el I Foro de\" \/>\n\t\t<meta name=\"twitter:image\" content=\"https:\/\/www.eldigitaldeasturias.com\/noticias\/wp-content\/uploads\/2020\/12\/EDA-1.jpg\" \/>\n\t\t<meta name=\"twitter:label1\" content=\"Escrito por\" \/>\n\t\t<meta name=\"twitter:data1\" content=\"El Digital de Asturias\" \/>\n\t\t<meta name=\"twitter:label2\" content=\"Tiempo de lectura estimado\" \/>\n\t\t<meta name=\"twitter:data2\" content=\"2 minutos\" \/>\n\t\t<script type=\"application\/ld+json\" class=\"aioseo-schema\">\n\t\t\t{\"@context\":\"https:\\\/\\\/schema.org\",\"@graph\":[{\"@type\":\"BlogPosting\",\"@id\":\"https:\\\/\\\/www.eldigitaldeasturias.com\\\/noticias\\\/joaquin-olona-la-politica-agraria-hoy-es-mas-necesaria-que-nunca\\\/#blogposting\",\"name\":\"Joaqu\\u00edn Olona: \\u00abLa pol\\u00edtica agraria hoy es m\\u00e1s necesaria que nunca\\u00bb - El Digital de Asturias\",\"headline\":\"Joaqu\\u00edn Olona: \\u00abLa pol\\u00edtica agraria hoy es m\\u00e1s necesaria que nunca\\u00bb\",\"author\":{\"@id\":\"https:\\\/\\\/www.eldigitaldeasturias.com\\\/noticias\\\/author\\\/admin\\\/#author\"},\"publisher\":{\"@id\":\"https:\\\/\\\/www.eldigitaldeasturias.com\\\/noticias\\\/#organization\"},\"image\":{\"@type\":\"ImageObject\",\"url\":979759},\"datePublished\":\"2018-05-10T19:50:51+02:00\",\"dateModified\":\"2018-05-10T19:50:51+02:00\",\"inLanguage\":\"es-ES\",\"mainEntityOfPage\":{\"@id\":\"https:\\\/\\\/www.eldigitaldeasturias.com\\\/noticias\\\/joaquin-olona-la-politica-agraria-hoy-es-mas-necesaria-que-nunca\\\/#webpage\"},\"isPartOf\":{\"@id\":\"https:\\\/\\\/www.eldigitaldeasturias.com\\\/noticias\\\/joaquin-olona-la-politica-agraria-hoy-es-mas-necesaria-que-nunca\\\/#webpage\"},\"articleSection\":\"Actualidad\"},{\"@type\":\"BreadcrumbList\",\"@id\":\"https:\\\/\\\/www.eldigitaldeasturias.com\\\/noticias\\\/joaquin-olona-la-politica-agraria-hoy-es-mas-necesaria-que-nunca\\\/#breadcrumblist\",\"itemListElement\":[{\"@type\":\"ListItem\",\"@id\":\"https:\\\/\\\/www.eldigitaldeasturias.com\\\/noticias#listItem\",\"position\":1,\"name\":\"Home\",\"item\":\"https:\\\/\\\/www.eldigitaldeasturias.com\\\/noticias\",\"nextItem\":{\"@type\":\"ListItem\",\"@id\":\"https:\\\/\\\/www.eldigitaldeasturias.com\\\/noticias\\\/category\\\/actualidad\\\/#listItem\",\"name\":\"Actualidad\"}},{\"@type\":\"ListItem\",\"@id\":\"https:\\\/\\\/www.eldigitaldeasturias.com\\\/noticias\\\/category\\\/actualidad\\\/#listItem\",\"position\":2,\"name\":\"Actualidad\",\"item\":\"https:\\\/\\\/www.eldigitaldeasturias.com\\\/noticias\\\/category\\\/actualidad\\\/\",\"nextItem\":{\"@type\":\"ListItem\",\"@id\":\"https:\\\/\\\/www.eldigitaldeasturias.com\\\/noticias\\\/joaquin-olona-la-politica-agraria-hoy-es-mas-necesaria-que-nunca\\\/#listItem\",\"name\":\"Joaqu\\u00edn Olona: \\u00abLa pol\\u00edtica agraria hoy es m\\u00e1s necesaria que nunca\\u00bb\"},\"previousItem\":{\"@type\":\"ListItem\",\"@id\":\"https:\\\/\\\/www.eldigitaldeasturias.com\\\/noticias#listItem\",\"name\":\"Home\"}},{\"@type\":\"ListItem\",\"@id\":\"https:\\\/\\\/www.eldigitaldeasturias.com\\\/noticias\\\/joaquin-olona-la-politica-agraria-hoy-es-mas-necesaria-que-nunca\\\/#listItem\",\"position\":3,\"name\":\"Joaqu\\u00edn Olona: \\u00abLa pol\\u00edtica agraria hoy es m\\u00e1s necesaria que nunca\\u00bb\",\"previousItem\":{\"@type\":\"ListItem\",\"@id\":\"https:\\\/\\\/www.eldigitaldeasturias.com\\\/noticias\\\/category\\\/actualidad\\\/#listItem\",\"name\":\"Actualidad\"}}]},{\"@type\":\"Organization\",\"@id\":\"https:\\\/\\\/www.eldigitaldeasturias.com\\\/noticias\\\/#organization\",\"name\":\"El Digital de Asturias\",\"description\":\"Hemeroteca\",\"url\":\"https:\\\/\\\/www.eldigitaldeasturias.com\\\/noticias\\\/\",\"email\":\"info@eldigitaldeasturias.com\",\"telephone\":\"+34652131393\",\"logo\":{\"@type\":\"ImageObject\",\"url\":\"https:\\\/\\\/www.eldigitaldeasturias.com\\\/noticias\\\/wp-content\\\/uploads\\\/2020\\\/12\\\/EDA.jpg\",\"@id\":\"https:\\\/\\\/www.eldigitaldeasturias.com\\\/noticias\\\/joaquin-olona-la-politica-agraria-hoy-es-mas-necesaria-que-nunca\\\/#organizationLogo\"},\"image\":{\"@id\":\"https:\\\/\\\/www.eldigitaldeasturias.com\\\/noticias\\\/joaquin-olona-la-politica-agraria-hoy-es-mas-necesaria-que-nunca\\\/#organizationLogo\"},\"sameAs\":[\"https:\\\/\\\/facebook.com\\\/eldigitaldeasturias\",\"https:\\\/\\\/www.youtube.com\\\/channel\\\/UCZP-2wLEB9Rv6erhFmqVnvg\"],\"address\":{\"@id\":\"https:\\\/\\\/www.eldigitaldeasturias.com\\\/noticias\\\/#postaladdress\",\"@type\":\"PostalAddress\",\"streetAddress\":\"san antonio 4\",\"postalCode\":\"33430\",\"addressLocality\":\"Cand\\u00e1s\",\"addressRegion\":\"Asturias\",\"addressCountry\":\"ES\"}},{\"@type\":\"Person\",\"@id\":\"https:\\\/\\\/www.eldigitaldeasturias.com\\\/noticias\\\/author\\\/admin\\\/#author\",\"url\":\"https:\\\/\\\/www.eldigitaldeasturias.com\\\/noticias\\\/author\\\/admin\\\/\",\"name\":\"El Digital de Asturias\",\"image\":{\"@type\":\"ImageObject\",\"@id\":\"https:\\\/\\\/www.eldigitaldeasturias.com\\\/noticias\\\/joaquin-olona-la-politica-agraria-hoy-es-mas-necesaria-que-nunca\\\/#authorImage\",\"url\":\"https:\\\/\\\/secure.gravatar.com\\\/avatar\\\/df2aeffc32bcd13f8d26072ef8a91b623d677766deac7f97ca815868cd41bf5e?s=96&d=mm&r=g\",\"width\":96,\"height\":96,\"caption\":\"El Digital de Asturias\"}},{\"@type\":\"WebPage\",\"@id\":\"https:\\\/\\\/www.eldigitaldeasturias.com\\\/noticias\\\/joaquin-olona-la-politica-agraria-hoy-es-mas-necesaria-que-nunca\\\/#webpage\",\"url\":\"https:\\\/\\\/www.eldigitaldeasturias.com\\\/noticias\\\/joaquin-olona-la-politica-agraria-hoy-es-mas-necesaria-que-nunca\\\/\",\"name\":\"Joaqu\\u00edn Olona: \\u00abLa pol\\u00edtica agraria hoy es m\\u00e1s necesaria que nunca\\u00bb - El Digital de Asturias\",\"description\":\"\\u201cLa pol\\u00edtica agraria hoy es m\\u00e1s necesaria que nunca, pero no solo y exclusivamente porque la agricultura la necesite; sino porque la lucha contra la despoblaci\\u00f3n, que es el c\\u00e1ncer del mundo rural, la hace imprescindible\\u201d, ha reivindicado el consejero de Desarrollo Rural y Sostenibilidad, Joaqu\\u00edn Olona, durante su intervenci\\u00f3n en el I Foro de\",\"inLanguage\":\"es-ES\",\"isPartOf\":{\"@id\":\"https:\\\/\\\/www.eldigitaldeasturias.com\\\/noticias\\\/#website\"},\"breadcrumb\":{\"@id\":\"https:\\\/\\\/www.eldigitaldeasturias.com\\\/noticias\\\/joaquin-olona-la-politica-agraria-hoy-es-mas-necesaria-que-nunca\\\/#breadcrumblist\"},\"author\":{\"@id\":\"https:\\\/\\\/www.eldigitaldeasturias.com\\\/noticias\\\/author\\\/admin\\\/#author\"},\"creator\":{\"@id\":\"https:\\\/\\\/www.eldigitaldeasturias.com\\\/noticias\\\/author\\\/admin\\\/#author\"},\"image\":{\"@type\":\"ImageObject\",\"url\":979759,\"@id\":\"https:\\\/\\\/www.eldigitaldeasturias.com\\\/noticias\\\/joaquin-olona-la-politica-agraria-hoy-es-mas-necesaria-que-nunca\\\/#mainImage\"},\"primaryImageOfPage\":{\"@id\":\"https:\\\/\\\/www.eldigitaldeasturias.com\\\/noticias\\\/joaquin-olona-la-politica-agraria-hoy-es-mas-necesaria-que-nunca\\\/#mainImage\"},\"datePublished\":\"2018-05-10T19:50:51+02:00\",\"dateModified\":\"2018-05-10T19:50:51+02:00\"},{\"@type\":\"WebSite\",\"@id\":\"https:\\\/\\\/www.eldigitaldeasturias.com\\\/noticias\\\/#website\",\"url\":\"https:\\\/\\\/www.eldigitaldeasturias.com\\\/noticias\\\/\",\"name\":\"El Digital de Asturias - Diario de actualidad y noticias\",\"alternateName\":\"El Digital de Asturias - Diario de actualidad y noticias\",\"description\":\"Hemeroteca\",\"inLanguage\":\"es-ES\",\"publisher\":{\"@id\":\"https:\\\/\\\/www.eldigitaldeasturias.com\\\/noticias\\\/#organization\"}}]}\n\t\t<\/script>\n\t\t<!-- All in One SEO Pro -->\r\n\t\t<title>Joaqu\u00edn Olona: \u00abLa pol\u00edtica agraria hoy es m\u00e1s necesaria que nunca\u00bb - El Digital de Asturias<\/title>\n\n","aioseo_head_json":{"title":"Joaqu\u00edn Olona: \u00abLa pol\u00edtica agraria hoy es m\u00e1s necesaria que nunca\u00bb - El Digital de Asturias","description":"\u201cLa pol\u00edtica agraria hoy es m\u00e1s necesaria que nunca, pero no solo y exclusivamente porque la agricultura la necesite; sino porque la lucha contra la despoblaci\u00f3n, que es el c\u00e1ncer del mundo rural, la hace imprescindible\u201d, ha reivindicado el consejero de Desarrollo Rural y Sostenibilidad, Joaqu\u00edn Olona, durante su intervenci\u00f3n en el I Foro de","canonical_url":"https:\/\/www.eldigitaldeasturias.com\/noticias\/joaquin-olona-la-politica-agraria-hoy-es-mas-necesaria-que-nunca\/","robots":"max-image-preview:large","keywords":"actualidad","webmasterTools":{"google-site-verification":"UA-38556648-1","msvalidate.01":"7dfe9f3f1b24437ab69f4f2559babe99","miscellaneous":""},"schema":{"@context":"https:\/\/schema.org","@graph":[{"@type":"BlogPosting","@id":"https:\/\/www.eldigitaldeasturias.com\/noticias\/joaquin-olona-la-politica-agraria-hoy-es-mas-necesaria-que-nunca\/#blogposting","name":"Joaqu\u00edn Olona: \u00abLa pol\u00edtica agraria hoy es m\u00e1s necesaria que nunca\u00bb - El Digital de Asturias","headline":"Joaqu\u00edn Olona: \u00abLa pol\u00edtica agraria hoy es m\u00e1s necesaria que nunca\u00bb","author":{"@id":"https:\/\/www.eldigitaldeasturias.com\/noticias\/author\/admin\/#author"},"publisher":{"@id":"https:\/\/www.eldigitaldeasturias.com\/noticias\/#organization"},"image":{"@type":"ImageObject","url":979759},"datePublished":"2018-05-10T19:50:51+02:00","dateModified":"2018-05-10T19:50:51+02:00","inLanguage":"es-ES","mainEntityOfPage":{"@id":"https:\/\/www.eldigitaldeasturias.com\/noticias\/joaquin-olona-la-politica-agraria-hoy-es-mas-necesaria-que-nunca\/#webpage"},"isPartOf":{"@id":"https:\/\/www.eldigitaldeasturias.com\/noticias\/joaquin-olona-la-politica-agraria-hoy-es-mas-necesaria-que-nunca\/#webpage"},"articleSection":"Actualidad"},{"@type":"BreadcrumbList","@id":"https:\/\/www.eldigitaldeasturias.com\/noticias\/joaquin-olona-la-politica-agraria-hoy-es-mas-necesaria-que-nunca\/#breadcrumblist","itemListElement":[{"@type":"ListItem","@id":"https:\/\/www.eldigitaldeasturias.com\/noticias#listItem","position":1,"name":"Home","item":"https:\/\/www.eldigitaldeasturias.com\/noticias","nextItem":{"@type":"ListItem","@id":"https:\/\/www.eldigitaldeasturias.com\/noticias\/category\/actualidad\/#listItem","name":"Actualidad"}},{"@type":"ListItem","@id":"https:\/\/www.eldigitaldeasturias.com\/noticias\/category\/actualidad\/#listItem","position":2,"name":"Actualidad","item":"https:\/\/www.eldigitaldeasturias.com\/noticias\/category\/actualidad\/","nextItem":{"@type":"ListItem","@id":"https:\/\/www.eldigitaldeasturias.com\/noticias\/joaquin-olona-la-politica-agraria-hoy-es-mas-necesaria-que-nunca\/#listItem","name":"Joaqu\u00edn Olona: \u00abLa pol\u00edtica agraria hoy es m\u00e1s necesaria que nunca\u00bb"},"previousItem":{"@type":"ListItem","@id":"https:\/\/www.eldigitaldeasturias.com\/noticias#listItem","name":"Home"}},{"@type":"ListItem","@id":"https:\/\/www.eldigitaldeasturias.com\/noticias\/joaquin-olona-la-politica-agraria-hoy-es-mas-necesaria-que-nunca\/#listItem","position":3,"name":"Joaqu\u00edn Olona: \u00abLa pol\u00edtica agraria hoy es m\u00e1s necesaria que nunca\u00bb","previousItem":{"@type":"ListItem","@id":"https:\/\/www.eldigitaldeasturias.com\/noticias\/category\/actualidad\/#listItem","name":"Actualidad"}}]},{"@type":"Organization","@id":"https:\/\/www.eldigitaldeasturias.com\/noticias\/#organization","name":"El Digital de Asturias","description":"Hemeroteca","url":"https:\/\/www.eldigitaldeasturias.com\/noticias\/","email":"info@eldigitaldeasturias.com","telephone":"+34652131393","logo":{"@type":"ImageObject","url":"https:\/\/www.eldigitaldeasturias.com\/noticias\/wp-content\/uploads\/2020\/12\/EDA.jpg","@id":"https:\/\/www.eldigitaldeasturias.com\/noticias\/joaquin-olona-la-politica-agraria-hoy-es-mas-necesaria-que-nunca\/#organizationLogo"},"image":{"@id":"https:\/\/www.eldigitaldeasturias.com\/noticias\/joaquin-olona-la-politica-agraria-hoy-es-mas-necesaria-que-nunca\/#organizationLogo"},"sameAs":["https:\/\/facebook.com\/eldigitaldeasturias","https:\/\/www.youtube.com\/channel\/UCZP-2wLEB9Rv6erhFmqVnvg"],"address":{"@id":"https:\/\/www.eldigitaldeasturias.com\/noticias\/#postaladdress","@type":"PostalAddress","streetAddress":"san antonio 4","postalCode":"33430","addressLocality":"Cand\u00e1s","addressRegion":"Asturias","addressCountry":"ES"}},{"@type":"Person","@id":"https:\/\/www.eldigitaldeasturias.com\/noticias\/author\/admin\/#author","url":"https:\/\/www.eldigitaldeasturias.com\/noticias\/author\/admin\/","name":"El Digital de Asturias","image":{"@type":"ImageObject","@id":"https:\/\/www.eldigitaldeasturias.com\/noticias\/joaquin-olona-la-politica-agraria-hoy-es-mas-necesaria-que-nunca\/#authorImage","url":"https:\/\/secure.gravatar.com\/avatar\/df2aeffc32bcd13f8d26072ef8a91b623d677766deac7f97ca815868cd41bf5e?s=96&d=mm&r=g","width":96,"height":96,"caption":"El Digital de Asturias"}},{"@type":"WebPage","@id":"https:\/\/www.eldigitaldeasturias.com\/noticias\/joaquin-olona-la-politica-agraria-hoy-es-mas-necesaria-que-nunca\/#webpage","url":"https:\/\/www.eldigitaldeasturias.com\/noticias\/joaquin-olona-la-politica-agraria-hoy-es-mas-necesaria-que-nunca\/","name":"Joaqu\u00edn Olona: \u00abLa pol\u00edtica agraria hoy es m\u00e1s necesaria que nunca\u00bb - El Digital de Asturias","description":"\u201cLa pol\u00edtica agraria hoy es m\u00e1s necesaria que nunca, pero no solo y exclusivamente porque la agricultura la necesite; sino porque la lucha contra la despoblaci\u00f3n, que es el c\u00e1ncer del mundo rural, la hace imprescindible\u201d, ha reivindicado el consejero de Desarrollo Rural y Sostenibilidad, Joaqu\u00edn Olona, durante su intervenci\u00f3n en el I Foro de","inLanguage":"es-ES","isPartOf":{"@id":"https:\/\/www.eldigitaldeasturias.com\/noticias\/#website"},"breadcrumb":{"@id":"https:\/\/www.eldigitaldeasturias.com\/noticias\/joaquin-olona-la-politica-agraria-hoy-es-mas-necesaria-que-nunca\/#breadcrumblist"},"author":{"@id":"https:\/\/www.eldigitaldeasturias.com\/noticias\/author\/admin\/#author"},"creator":{"@id":"https:\/\/www.eldigitaldeasturias.com\/noticias\/author\/admin\/#author"},"image":{"@type":"ImageObject","url":979759,"@id":"https:\/\/www.eldigitaldeasturias.com\/noticias\/joaquin-olona-la-politica-agraria-hoy-es-mas-necesaria-que-nunca\/#mainImage"},"primaryImageOfPage":{"@id":"https:\/\/www.eldigitaldeasturias.com\/noticias\/joaquin-olona-la-politica-agraria-hoy-es-mas-necesaria-que-nunca\/#mainImage"},"datePublished":"2018-05-10T19:50:51+02:00","dateModified":"2018-05-10T19:50:51+02:00"},{"@type":"WebSite","@id":"https:\/\/www.eldigitaldeasturias.com\/noticias\/#website","url":"https:\/\/www.eldigitaldeasturias.com\/noticias\/","name":"El Digital de Asturias - Diario de actualidad y noticias","alternateName":"El Digital de Asturias - Diario de actualidad y noticias","description":"Hemeroteca","inLanguage":"es-ES","publisher":{"@id":"https:\/\/www.eldigitaldeasturias.com\/noticias\/#organization"}}]},"og:locale":"es_ES","og:site_name":"El Digital de Asturias","og:type":"article","og:title":"Joaqu\u00edn Olona: \u00abLa pol\u00edtica agraria hoy es m\u00e1s necesaria que nunca\u00bb - El Digital de Asturias","og:description":"\u201cLa pol\u00edtica agraria hoy es m\u00e1s necesaria que nunca, pero no solo y exclusivamente porque la agricultura la necesite; sino porque la lucha contra la despoblaci\u00f3n, que es el c\u00e1ncer del mundo rural, la hace imprescindible\u201d, ha reivindicado el consejero de Desarrollo Rural y Sostenibilidad, Joaqu\u00edn Olona, durante su intervenci\u00f3n en el I Foro de","og:url":"https:\/\/www.eldigitaldeasturias.com\/noticias\/joaquin-olona-la-politica-agraria-hoy-es-mas-necesaria-que-nunca\/","article:tag":["actualidad"],"article:published_time":"2018-05-10T19:50:51+00:00","article:modified_time":"2018-05-10T19:50:51+00:00","article:publisher":"https:\/\/facebook.com\/eldigitaldeasturias","twitter:card":"summary_large_image","twitter:title":"Joaqu\u00edn Olona: \u00abLa pol\u00edtica agraria hoy es m\u00e1s necesaria que nunca\u00bb - El Digital de Asturias","twitter:description":"\u201cLa pol\u00edtica agraria hoy es m\u00e1s necesaria que nunca, pero no solo y exclusivamente porque la agricultura la necesite; sino porque la lucha contra la despoblaci\u00f3n, que es el c\u00e1ncer del mundo rural, la hace imprescindible\u201d, ha reivindicado el consejero de Desarrollo Rural y Sostenibilidad, Joaqu\u00edn Olona, durante su intervenci\u00f3n en el I Foro de","twitter:image":"https:\/\/www.eldigitaldeasturias.com\/noticias\/wp-content\/uploads\/2020\/12\/EDA-1.jpg","twitter:label1":"Escrito por","twitter:data1":"El Digital de Asturias","twitter:label2":"Tiempo de lectura estimado","twitter:data2":"2 minutos"},"aioseo_meta_data":{"post_id":"979758","title":null,"description":null,"keywords":null,"keyphrases":null,"primary_term":null,"canonical_url":null,"og_title":null,"og_description":null,"og_object_type":"default","og_image_type":"default","og_image_url":null,"og_image_width":null,"og_image_height":null,"og_image_custom_url":null,"og_image_custom_fields":null,"og_video":null,"og_custom_url":null,"og_article_section":null,"og_article_tags":null,"twitter_use_og":false,"twitter_card":"default","twitter_image_type":"default","twitter_image_url":null,"twitter_image_custom_url":null,"twitter_image_custom_fields":null,"twitter_title":null,"twitter_description":null,"schema":{"blockGraphs":[],"customGraphs":[],"default":{"data":{"Article":[],"Course":[],"Dataset":[],"FAQPage":[],"Movie":[],"Person":[],"Product":[],"ProductReview":[],"Car":[],"Recipe":[],"Service":[],"SoftwareApplication":[],"WebPage":[]},"graphName":"","isEnabled":true},"graphs":[],"defaultGraph":"","defaultPostTypeGraph":""},"schema_type":null,"schema_type_options":null,"pillar_content":false,"robots_default":true,"robots_noindex":false,"robots_noarchive":false,"robots_nosnippet":false,"robots_nofollow":false,"robots_noimageindex":false,"robots_noodp":false,"robots_notranslate":false,"robots_max_snippet":null,"robots_max_videopreview":null,"robots_max_imagepreview":"large","priority":null,"frequency":null,"local_seo":null,"seo_analyzer_scan_date":"2025-10-08 15:29:16","breadcrumb_settings":null,"limit_modified_date":false,"open_ai":null,"ai":null,"created":"2020-12-21 11:58:37","updated":"2025-10-08 15:29:16","focus_keyword":null,"additional_keywords":null,"truseo_locale":null},"aioseo_breadcrumb":"<div class=\"aioseo-breadcrumbs\"><span class=\"aioseo-breadcrumb\">\n\t<a href=\"https:\/\/www.eldigitaldeasturias.com\/noticias\" title=\"Home\">Home<\/a>\n<\/span><span class=\"aioseo-breadcrumb-separator\">\u2013<\/span><span class=\"aioseo-breadcrumb\">\n\t<a href=\"https:\/\/www.eldigitaldeasturias.com\/noticias\/category\/actualidad\/\" title=\"Actualidad\">Actualidad<\/a>\n<\/span><span class=\"aioseo-breadcrumb-separator\">\u2013<\/span><span class=\"aioseo-breadcrumb\">\n\t<a href=\"https:\/\/www.eldigitaldeasturias.com\/noticias\/joaquin-olona-la-politica-agraria-hoy-es-mas-necesaria-que-nunca\/\" title=\"Joaqu\u00edn Olona: \u00abLa pol\u00edtica agraria hoy es m\u00e1s necesaria que nunca\u00bb\">Joaqu\u00edn Olona: \u00abLa pol\u00edtica agraria hoy es m\u00e1s necesaria que nunca\u00bb<\/a>\n<\/span><\/div>","aioseo_breadcrumb_json":[{"label":"Home","link":"https:\/\/www.eldigitaldeasturias.com\/noticias"},{"label":"Actualidad","link":"https:\/\/www.eldigitaldeasturias.com\/noticias\/category\/actualidad\/"},{"label":"Joaqu\u00edn Olona: \u00abLa pol\u00edtica agraria hoy es m\u00e1s necesaria que nunca\u00bb","link":"https:\/\/www.eldigitaldeasturias.com\/noticias\/joaquin-olona-la-politica-agraria-hoy-es-mas-necesaria-que-nunca\/"}],"_links":{"self":[{"href":"https:\/\/www.eldigitaldeasturias.com\/noticias\/wp-json\/wp\/v2\/posts\/979758","targetHints":{"allow":["GET"]}}],"collection":[{"href":"https:\/\/www.eldigitaldeasturias.com\/noticias\/wp-json\/wp\/v2\/posts"}],"about":[{"href":"https:\/\/www.eldigitaldeasturias.com\/noticias\/wp-json\/wp\/v2\/types\/post"}],"author":[{"embeddable":true,"href":"https:\/\/www.eldigitaldeasturias.com\/noticias\/wp-json\/wp\/v2\/users\/1"}],"replies":[{"embeddable":true,"href":"https:\/\/www.eldigitaldeasturias.com\/noticias\/wp-json\/wp\/v2\/comments?post=979758"}],"version-history":[{"count":0,"href":"https:\/\/www.eldigitaldeasturias.com\/noticias\/wp-json\/wp\/v2\/posts\/979758\/revisions"}],"wp:attachment":[{"href":"https:\/\/www.eldigitaldeasturias.com\/noticias\/wp-json\/wp\/v2\/media?parent=979758"}],"wp:term":[{"taxonomy":"category","embeddable":true,"href":"https:\/\/www.eldigitaldeasturias.com\/noticias\/wp-json\/wp\/v2\/categories?post=979758"},{"taxonomy":"post_tag","embeddable":true,"href":"https:\/\/www.eldigitaldeasturias.com\/noticias\/wp-json\/wp\/v2\/tags?post=979758"}],"curies":[{"name":"wp","href":"https:\/\/api.w.org\/{rel}","templated":true}]}}