{"id":979724,"date":"2018-05-10T18:09:17","date_gmt":"2018-05-10T18:09:17","guid":{"rendered":"http:\/\/www.eldigitaldeasturias.com\/noticias\/?p=979724"},"modified":"2018-05-10T18:09:17","modified_gmt":"2018-05-10T18:09:17","slug":"presentan-el-plan-para-relanzar-el-camping-san-jorge","status":"publish","type":"post","link":"https:\/\/www.eldigitaldeasturias.com\/noticias\/presentan-el-plan-para-relanzar-el-camping-san-jorge\/","title":{"rendered":"Presentan el plan para relanzar el camping San Jorge"},"content":{"rendered":"<p><img loading=\"lazy\" decoding=\"async\" class=\"alignleft size-medium wp-image-979725\" src=\"https:\/\/www.eldigitaldeasturias.com\/noticias\/wp-content\/uploads\/2018\/05\/reunion-san-jorge-360x159.jpg\" alt=\"\" width=\"360\" height=\"159\" \/>Relanzar el <strong>camping San Jorge <\/strong>con mejores prestaciones y reabrirlo durante todo el a\u00f1o son los objetivos del <strong>Gobierno de Arag\u00f3n y del Ayuntamiento de Huesca<\/strong>, que esta ma\u00f1ana han coordinado las actuaciones que se van a realizar tras el verano para mejorar la zona de servicios.<\/p>\n<p>El director general de Deporte del Gobierno de Arag\u00f3n, Mariano Soriano; el presidente del Patronato Municipal de Deportes, Jos\u00e9 M\u00aa Romance, y la concejala de Turismo de Huesca, Yolanda de Miguel, han mantenido un encuentro para abordar el futuro inmediato de estas instalaciones, propiedad del Gobierno de Arag\u00f3n y que gestiona el Ayuntamiento de Huesca, a las que se han trasladado posteriormente para realizar una visita.<\/p>\n<p>Romance ha recordado que el Ayuntamiento y el Gobierno de Arag\u00f3n alcanzaron un acuerdo hace un a\u00f1o por el que el primero asum\u00eda el derribo del edificio de la cafeter\u00eda, que tuvo que clausurarse por su estado de deterioro, y el Ejecutivo Auton\u00f3mico destinar\u00eda una inversi\u00f3n con cargo a la Direcci\u00f3n General de Deporte en el actual ejercicio presupuestario para realizar una actuaci\u00f3n de mejora en la instalaci\u00f3n, una partida que asciende a 100.000 euros.<\/p>\n<p>Por su parte, el director general de Deporte, Mariano Soriano, ha detallado que la intervenci\u00f3n se centrar\u00e1 en mejorar la zona de los ba\u00f1os y lavaderos, adem\u00e1s de la instalaci\u00f3n el\u00e9ctrica, y en habilitar en una zona abierta un espacio de juegos infantiles y otra instalaci\u00f3n para dar servicio de cafeter\u00eda y restauraci\u00f3n en la solera que se ha acondicionado tras el derribo del edificio. Asimismo, ha anunciado que el Gobierno de Arag\u00f3n invertir\u00e1 el pr\u00f3ximo a\u00f1o una cantidad similar a la de este para continuar con las mejoras, que se concretar\u00e1n con el Ayuntamiento.<\/p>\n<p>Mientras tanto, la concejala Yolanda de Miguel ha se\u00f1alado que este verano el camping se abrir\u00e1 como el a\u00f1o pasado hasta septiembre y para ello se acometer\u00e1n una serie de actuaciones de mantenimiento y mejora y se habilitar\u00e1 de forma provisional una zona de ocio y esparcimiento. Tras el verano, cuando se cierre el camping al p\u00fablico, se iniciar\u00e1n las obras previstas para su reapertura definitiva.<\/p>\n","protected":false},"excerpt":{"rendered":"<p>Relanzar el camping San Jorge con mejores prestaciones y reabrirlo durante todo el a\u00f1o son los objetivos del Gobierno de Arag\u00f3n y del Ayuntamiento de Huesca, que esta ma\u00f1ana han coordinado las actuaciones que se van a realizar tras el verano para mejorar la zona de servicios. El director general de Deporte del Gobierno de [&hellip;]<\/p>\n","protected":false},"author":1,"featured_media":979725,"comment_status":"closed","ping_status":"closed","sticky":false,"template":"","format":"standard","meta":{"footnotes":""},"categories":[1],"tags":[],"class_list":["post-979724","post","type-post","status-publish","format-standard","has-post-thumbnail","hentry","category-actualidad"],"aioseo_notices":[],"aioseo_head":"\n\t\t<!-- All in One SEO Pro 5.0.1 - aioseo.com -->\n\t<meta name=\"description\" content=\"Relanzar el camping San Jorge con mejores prestaciones y reabrirlo durante todo el a\u00f1o son los objetivos del Gobierno de Arag\u00f3n y del Ayuntamiento de Huesca, que esta ma\u00f1ana han coordinado las actuaciones que se van a realizar tras el verano para mejorar la zona de servicios. El director general de Deporte del Gobierno de\" \/>\n\t<meta name=\"robots\" content=\"max-image-preview:large\" \/>\n\t<meta name=\"author\" content=\"El Digital de Asturias\"\/>\n\t<meta name=\"google-site-verification\" content=\"UA-38556648-1\" \/>\n\t<meta name=\"msvalidate.01\" content=\"7dfe9f3f1b24437ab69f4f2559babe99\" \/>\n\t<meta name=\"keywords\" content=\"actualidad\" \/>\n\t<link rel=\"canonical\" href=\"https:\/\/www.eldigitaldeasturias.com\/noticias\/presentan-el-plan-para-relanzar-el-camping-san-jorge\/\" \/>\n\t<meta name=\"generator\" content=\"All in One SEO Pro (AIOSEO) 5.0.1\" \/>\n\t\t<meta property=\"og:locale\" content=\"es_ES\" \/>\n\t\t<meta property=\"og:site_name\" content=\"El Digital de Asturias\" \/>\n\t\t<meta property=\"og:type\" content=\"article\" \/>\n\t\t<meta property=\"og:title\" content=\"Presentan el plan para relanzar el camping San Jorge - El Digital de Asturias\" \/>\n\t\t<meta property=\"og:description\" content=\"Relanzar el camping San Jorge con mejores prestaciones y reabrirlo durante todo el a\u00f1o son los objetivos del Gobierno de Arag\u00f3n y del Ayuntamiento de Huesca, que esta ma\u00f1ana han coordinado las actuaciones que se van a realizar tras el verano para mejorar la zona de servicios. El director general de Deporte del Gobierno de\" \/>\n\t\t<meta property=\"og:url\" content=\"https:\/\/www.eldigitaldeasturias.com\/noticias\/presentan-el-plan-para-relanzar-el-camping-san-jorge\/\" \/>\n\t\t<meta property=\"article:tag\" content=\"actualidad\" \/>\n\t\t<meta property=\"article:published_time\" content=\"2018-05-10T18:09:17+00:00\" \/>\n\t\t<meta property=\"article:modified_time\" content=\"2018-05-10T18:09:17+00:00\" \/>\n\t\t<meta property=\"article:publisher\" content=\"https:\/\/facebook.com\/eldigitaldeasturias\" \/>\n\t\t<meta name=\"twitter:card\" content=\"summary_large_image\" \/>\n\t\t<meta name=\"twitter:title\" content=\"Presentan el plan para relanzar el camping San Jorge - El Digital de Asturias\" \/>\n\t\t<meta name=\"twitter:description\" content=\"Relanzar el camping San Jorge con mejores prestaciones y reabrirlo durante todo el a\u00f1o son los objetivos del Gobierno de Arag\u00f3n y del Ayuntamiento de Huesca, que esta ma\u00f1ana han coordinado las actuaciones que se van a realizar tras el verano para mejorar la zona de servicios. El director general de Deporte del Gobierno de\" \/>\n\t\t<meta name=\"twitter:image\" content=\"https:\/\/www.eldigitaldeasturias.com\/noticias\/wp-content\/uploads\/2020\/12\/EDA-1.jpg\" \/>\n\t\t<meta name=\"twitter:label1\" content=\"Escrito por\" \/>\n\t\t<meta name=\"twitter:data1\" content=\"El Digital de Asturias\" \/>\n\t\t<meta name=\"twitter:label2\" content=\"Tiempo de lectura estimado\" \/>\n\t\t<meta name=\"twitter:data2\" content=\"2 minutos\" \/>\n\t\t<script type=\"application\/ld+json\" class=\"aioseo-schema\">\n\t\t\t{\"@context\":\"https:\\\/\\\/schema.org\",\"@graph\":[{\"@type\":\"BlogPosting\",\"@id\":\"https:\\\/\\\/www.eldigitaldeasturias.com\\\/noticias\\\/presentan-el-plan-para-relanzar-el-camping-san-jorge\\\/#blogposting\",\"name\":\"Presentan el plan para relanzar el camping San Jorge - El Digital de Asturias\",\"headline\":\"Presentan el plan para relanzar el camping San Jorge\",\"author\":{\"@id\":\"https:\\\/\\\/www.eldigitaldeasturias.com\\\/noticias\\\/author\\\/admin\\\/#author\"},\"publisher\":{\"@id\":\"https:\\\/\\\/www.eldigitaldeasturias.com\\\/noticias\\\/#organization\"},\"image\":{\"@type\":\"ImageObject\",\"url\":979725},\"datePublished\":\"2018-05-10T18:09:17+02:00\",\"dateModified\":\"2018-05-10T18:09:17+02:00\",\"inLanguage\":\"es-ES\",\"mainEntityOfPage\":{\"@id\":\"https:\\\/\\\/www.eldigitaldeasturias.com\\\/noticias\\\/presentan-el-plan-para-relanzar-el-camping-san-jorge\\\/#webpage\"},\"isPartOf\":{\"@id\":\"https:\\\/\\\/www.eldigitaldeasturias.com\\\/noticias\\\/presentan-el-plan-para-relanzar-el-camping-san-jorge\\\/#webpage\"},\"articleSection\":\"Actualidad\"},{\"@type\":\"BreadcrumbList\",\"@id\":\"https:\\\/\\\/www.eldigitaldeasturias.com\\\/noticias\\\/presentan-el-plan-para-relanzar-el-camping-san-jorge\\\/#breadcrumblist\",\"itemListElement\":[{\"@type\":\"ListItem\",\"@id\":\"https:\\\/\\\/www.eldigitaldeasturias.com\\\/noticias#listItem\",\"position\":1,\"name\":\"Home\",\"item\":\"https:\\\/\\\/www.eldigitaldeasturias.com\\\/noticias\",\"nextItem\":{\"@type\":\"ListItem\",\"@id\":\"https:\\\/\\\/www.eldigitaldeasturias.com\\\/noticias\\\/category\\\/actualidad\\\/#listItem\",\"name\":\"Actualidad\"}},{\"@type\":\"ListItem\",\"@id\":\"https:\\\/\\\/www.eldigitaldeasturias.com\\\/noticias\\\/category\\\/actualidad\\\/#listItem\",\"position\":2,\"name\":\"Actualidad\",\"item\":\"https:\\\/\\\/www.eldigitaldeasturias.com\\\/noticias\\\/category\\\/actualidad\\\/\",\"nextItem\":{\"@type\":\"ListItem\",\"@id\":\"https:\\\/\\\/www.eldigitaldeasturias.com\\\/noticias\\\/presentan-el-plan-para-relanzar-el-camping-san-jorge\\\/#listItem\",\"name\":\"Presentan el plan para relanzar el camping San Jorge\"},\"previousItem\":{\"@type\":\"ListItem\",\"@id\":\"https:\\\/\\\/www.eldigitaldeasturias.com\\\/noticias#listItem\",\"name\":\"Home\"}},{\"@type\":\"ListItem\",\"@id\":\"https:\\\/\\\/www.eldigitaldeasturias.com\\\/noticias\\\/presentan-el-plan-para-relanzar-el-camping-san-jorge\\\/#listItem\",\"position\":3,\"name\":\"Presentan el plan para relanzar el camping San Jorge\",\"previousItem\":{\"@type\":\"ListItem\",\"@id\":\"https:\\\/\\\/www.eldigitaldeasturias.com\\\/noticias\\\/category\\\/actualidad\\\/#listItem\",\"name\":\"Actualidad\"}}]},{\"@type\":\"Organization\",\"@id\":\"https:\\\/\\\/www.eldigitaldeasturias.com\\\/noticias\\\/#organization\",\"name\":\"El Digital de Asturias\",\"description\":\"Hemeroteca\",\"url\":\"https:\\\/\\\/www.eldigitaldeasturias.com\\\/noticias\\\/\",\"email\":\"info@eldigitaldeasturias.com\",\"telephone\":\"+34652131393\",\"logo\":{\"@type\":\"ImageObject\",\"url\":\"https:\\\/\\\/www.eldigitaldeasturias.com\\\/noticias\\\/wp-content\\\/uploads\\\/2020\\\/12\\\/EDA.jpg\",\"@id\":\"https:\\\/\\\/www.eldigitaldeasturias.com\\\/noticias\\\/presentan-el-plan-para-relanzar-el-camping-san-jorge\\\/#organizationLogo\"},\"image\":{\"@id\":\"https:\\\/\\\/www.eldigitaldeasturias.com\\\/noticias\\\/presentan-el-plan-para-relanzar-el-camping-san-jorge\\\/#organizationLogo\"},\"sameAs\":[\"https:\\\/\\\/facebook.com\\\/eldigitaldeasturias\",\"https:\\\/\\\/www.youtube.com\\\/channel\\\/UCZP-2wLEB9Rv6erhFmqVnvg\"],\"address\":{\"@id\":\"https:\\\/\\\/www.eldigitaldeasturias.com\\\/noticias\\\/#postaladdress\",\"@type\":\"PostalAddress\",\"streetAddress\":\"san antonio 4\",\"postalCode\":\"33430\",\"addressLocality\":\"Cand\\u00e1s\",\"addressRegion\":\"Asturias\",\"addressCountry\":\"ES\"}},{\"@type\":\"Person\",\"@id\":\"https:\\\/\\\/www.eldigitaldeasturias.com\\\/noticias\\\/author\\\/admin\\\/#author\",\"url\":\"https:\\\/\\\/www.eldigitaldeasturias.com\\\/noticias\\\/author\\\/admin\\\/\",\"name\":\"El Digital de Asturias\",\"image\":{\"@type\":\"ImageObject\",\"@id\":\"https:\\\/\\\/www.eldigitaldeasturias.com\\\/noticias\\\/presentan-el-plan-para-relanzar-el-camping-san-jorge\\\/#authorImage\",\"url\":\"https:\\\/\\\/secure.gravatar.com\\\/avatar\\\/df2aeffc32bcd13f8d26072ef8a91b623d677766deac7f97ca815868cd41bf5e?s=96&d=mm&r=g\",\"width\":96,\"height\":96,\"caption\":\"El Digital de Asturias\"}},{\"@type\":\"WebPage\",\"@id\":\"https:\\\/\\\/www.eldigitaldeasturias.com\\\/noticias\\\/presentan-el-plan-para-relanzar-el-camping-san-jorge\\\/#webpage\",\"url\":\"https:\\\/\\\/www.eldigitaldeasturias.com\\\/noticias\\\/presentan-el-plan-para-relanzar-el-camping-san-jorge\\\/\",\"name\":\"Presentan el plan para relanzar el camping San Jorge - El Digital de Asturias\",\"description\":\"Relanzar el camping San Jorge con mejores prestaciones y reabrirlo durante todo el a\\u00f1o son los objetivos del Gobierno de Arag\\u00f3n y del Ayuntamiento de Huesca, que esta ma\\u00f1ana han coordinado las actuaciones que se van a realizar tras el verano para mejorar la zona de servicios. El director general de Deporte del Gobierno de\",\"inLanguage\":\"es-ES\",\"isPartOf\":{\"@id\":\"https:\\\/\\\/www.eldigitaldeasturias.com\\\/noticias\\\/#website\"},\"breadcrumb\":{\"@id\":\"https:\\\/\\\/www.eldigitaldeasturias.com\\\/noticias\\\/presentan-el-plan-para-relanzar-el-camping-san-jorge\\\/#breadcrumblist\"},\"author\":{\"@id\":\"https:\\\/\\\/www.eldigitaldeasturias.com\\\/noticias\\\/author\\\/admin\\\/#author\"},\"creator\":{\"@id\":\"https:\\\/\\\/www.eldigitaldeasturias.com\\\/noticias\\\/author\\\/admin\\\/#author\"},\"image\":{\"@type\":\"ImageObject\",\"url\":979725,\"@id\":\"https:\\\/\\\/www.eldigitaldeasturias.com\\\/noticias\\\/presentan-el-plan-para-relanzar-el-camping-san-jorge\\\/#mainImage\"},\"primaryImageOfPage\":{\"@id\":\"https:\\\/\\\/www.eldigitaldeasturias.com\\\/noticias\\\/presentan-el-plan-para-relanzar-el-camping-san-jorge\\\/#mainImage\"},\"datePublished\":\"2018-05-10T18:09:17+02:00\",\"dateModified\":\"2018-05-10T18:09:17+02:00\"},{\"@type\":\"WebSite\",\"@id\":\"https:\\\/\\\/www.eldigitaldeasturias.com\\\/noticias\\\/#website\",\"url\":\"https:\\\/\\\/www.eldigitaldeasturias.com\\\/noticias\\\/\",\"name\":\"El Digital de Asturias - Diario de actualidad y noticias\",\"alternateName\":\"El Digital de Asturias - Diario de actualidad y noticias\",\"description\":\"Hemeroteca\",\"inLanguage\":\"es-ES\",\"publisher\":{\"@id\":\"https:\\\/\\\/www.eldigitaldeasturias.com\\\/noticias\\\/#organization\"}}]}\n\t\t<\/script>\n\t\t<!-- All in One SEO Pro -->\r\n\t\t<title>Presentan el plan para relanzar el camping San Jorge - El Digital de Asturias<\/title>\n\n","aioseo_head_json":{"title":"Presentan el plan para relanzar el camping San Jorge - El Digital de Asturias","description":"Relanzar el camping San Jorge con mejores prestaciones y reabrirlo durante todo el a\u00f1o son los objetivos del Gobierno de Arag\u00f3n y del Ayuntamiento de Huesca, que esta ma\u00f1ana han coordinado las actuaciones que se van a realizar tras el verano para mejorar la zona de servicios. El director general de Deporte del Gobierno de","canonical_url":"https:\/\/www.eldigitaldeasturias.com\/noticias\/presentan-el-plan-para-relanzar-el-camping-san-jorge\/","robots":"max-image-preview:large","keywords":"actualidad","webmasterTools":{"google-site-verification":"UA-38556648-1","msvalidate.01":"7dfe9f3f1b24437ab69f4f2559babe99","miscellaneous":""},"schema":{"@context":"https:\/\/schema.org","@graph":[{"@type":"BlogPosting","@id":"https:\/\/www.eldigitaldeasturias.com\/noticias\/presentan-el-plan-para-relanzar-el-camping-san-jorge\/#blogposting","name":"Presentan el plan para relanzar el camping San Jorge - El Digital de Asturias","headline":"Presentan el plan para relanzar el camping San Jorge","author":{"@id":"https:\/\/www.eldigitaldeasturias.com\/noticias\/author\/admin\/#author"},"publisher":{"@id":"https:\/\/www.eldigitaldeasturias.com\/noticias\/#organization"},"image":{"@type":"ImageObject","url":979725},"datePublished":"2018-05-10T18:09:17+02:00","dateModified":"2018-05-10T18:09:17+02:00","inLanguage":"es-ES","mainEntityOfPage":{"@id":"https:\/\/www.eldigitaldeasturias.com\/noticias\/presentan-el-plan-para-relanzar-el-camping-san-jorge\/#webpage"},"isPartOf":{"@id":"https:\/\/www.eldigitaldeasturias.com\/noticias\/presentan-el-plan-para-relanzar-el-camping-san-jorge\/#webpage"},"articleSection":"Actualidad"},{"@type":"BreadcrumbList","@id":"https:\/\/www.eldigitaldeasturias.com\/noticias\/presentan-el-plan-para-relanzar-el-camping-san-jorge\/#breadcrumblist","itemListElement":[{"@type":"ListItem","@id":"https:\/\/www.eldigitaldeasturias.com\/noticias#listItem","position":1,"name":"Home","item":"https:\/\/www.eldigitaldeasturias.com\/noticias","nextItem":{"@type":"ListItem","@id":"https:\/\/www.eldigitaldeasturias.com\/noticias\/category\/actualidad\/#listItem","name":"Actualidad"}},{"@type":"ListItem","@id":"https:\/\/www.eldigitaldeasturias.com\/noticias\/category\/actualidad\/#listItem","position":2,"name":"Actualidad","item":"https:\/\/www.eldigitaldeasturias.com\/noticias\/category\/actualidad\/","nextItem":{"@type":"ListItem","@id":"https:\/\/www.eldigitaldeasturias.com\/noticias\/presentan-el-plan-para-relanzar-el-camping-san-jorge\/#listItem","name":"Presentan el plan para relanzar el camping San Jorge"},"previousItem":{"@type":"ListItem","@id":"https:\/\/www.eldigitaldeasturias.com\/noticias#listItem","name":"Home"}},{"@type":"ListItem","@id":"https:\/\/www.eldigitaldeasturias.com\/noticias\/presentan-el-plan-para-relanzar-el-camping-san-jorge\/#listItem","position":3,"name":"Presentan el plan para relanzar el camping San Jorge","previousItem":{"@type":"ListItem","@id":"https:\/\/www.eldigitaldeasturias.com\/noticias\/category\/actualidad\/#listItem","name":"Actualidad"}}]},{"@type":"Organization","@id":"https:\/\/www.eldigitaldeasturias.com\/noticias\/#organization","name":"El Digital de Asturias","description":"Hemeroteca","url":"https:\/\/www.eldigitaldeasturias.com\/noticias\/","email":"info@eldigitaldeasturias.com","telephone":"+34652131393","logo":{"@type":"ImageObject","url":"https:\/\/www.eldigitaldeasturias.com\/noticias\/wp-content\/uploads\/2020\/12\/EDA.jpg","@id":"https:\/\/www.eldigitaldeasturias.com\/noticias\/presentan-el-plan-para-relanzar-el-camping-san-jorge\/#organizationLogo"},"image":{"@id":"https:\/\/www.eldigitaldeasturias.com\/noticias\/presentan-el-plan-para-relanzar-el-camping-san-jorge\/#organizationLogo"},"sameAs":["https:\/\/facebook.com\/eldigitaldeasturias","https:\/\/www.youtube.com\/channel\/UCZP-2wLEB9Rv6erhFmqVnvg"],"address":{"@id":"https:\/\/www.eldigitaldeasturias.com\/noticias\/#postaladdress","@type":"PostalAddress","streetAddress":"san antonio 4","postalCode":"33430","addressLocality":"Cand\u00e1s","addressRegion":"Asturias","addressCountry":"ES"}},{"@type":"Person","@id":"https:\/\/www.eldigitaldeasturias.com\/noticias\/author\/admin\/#author","url":"https:\/\/www.eldigitaldeasturias.com\/noticias\/author\/admin\/","name":"El Digital de Asturias","image":{"@type":"ImageObject","@id":"https:\/\/www.eldigitaldeasturias.com\/noticias\/presentan-el-plan-para-relanzar-el-camping-san-jorge\/#authorImage","url":"https:\/\/secure.gravatar.com\/avatar\/df2aeffc32bcd13f8d26072ef8a91b623d677766deac7f97ca815868cd41bf5e?s=96&d=mm&r=g","width":96,"height":96,"caption":"El Digital de Asturias"}},{"@type":"WebPage","@id":"https:\/\/www.eldigitaldeasturias.com\/noticias\/presentan-el-plan-para-relanzar-el-camping-san-jorge\/#webpage","url":"https:\/\/www.eldigitaldeasturias.com\/noticias\/presentan-el-plan-para-relanzar-el-camping-san-jorge\/","name":"Presentan el plan para relanzar el camping San Jorge - El Digital de Asturias","description":"Relanzar el camping San Jorge con mejores prestaciones y reabrirlo durante todo el a\u00f1o son los objetivos del Gobierno de Arag\u00f3n y del Ayuntamiento de Huesca, que esta ma\u00f1ana han coordinado las actuaciones que se van a realizar tras el verano para mejorar la zona de servicios. El director general de Deporte del Gobierno de","inLanguage":"es-ES","isPartOf":{"@id":"https:\/\/www.eldigitaldeasturias.com\/noticias\/#website"},"breadcrumb":{"@id":"https:\/\/www.eldigitaldeasturias.com\/noticias\/presentan-el-plan-para-relanzar-el-camping-san-jorge\/#breadcrumblist"},"author":{"@id":"https:\/\/www.eldigitaldeasturias.com\/noticias\/author\/admin\/#author"},"creator":{"@id":"https:\/\/www.eldigitaldeasturias.com\/noticias\/author\/admin\/#author"},"image":{"@type":"ImageObject","url":979725,"@id":"https:\/\/www.eldigitaldeasturias.com\/noticias\/presentan-el-plan-para-relanzar-el-camping-san-jorge\/#mainImage"},"primaryImageOfPage":{"@id":"https:\/\/www.eldigitaldeasturias.com\/noticias\/presentan-el-plan-para-relanzar-el-camping-san-jorge\/#mainImage"},"datePublished":"2018-05-10T18:09:17+02:00","dateModified":"2018-05-10T18:09:17+02:00"},{"@type":"WebSite","@id":"https:\/\/www.eldigitaldeasturias.com\/noticias\/#website","url":"https:\/\/www.eldigitaldeasturias.com\/noticias\/","name":"El Digital de Asturias - Diario de actualidad y noticias","alternateName":"El Digital de Asturias - Diario de actualidad y noticias","description":"Hemeroteca","inLanguage":"es-ES","publisher":{"@id":"https:\/\/www.eldigitaldeasturias.com\/noticias\/#organization"}}]},"og:locale":"es_ES","og:site_name":"El Digital de Asturias","og:type":"article","og:title":"Presentan el plan para relanzar el camping San Jorge - El Digital de Asturias","og:description":"Relanzar el camping San Jorge con mejores prestaciones y reabrirlo durante todo el a\u00f1o son los objetivos del Gobierno de Arag\u00f3n y del Ayuntamiento de Huesca, que esta ma\u00f1ana han coordinado las actuaciones que se van a realizar tras el verano para mejorar la zona de servicios. El director general de Deporte del Gobierno de","og:url":"https:\/\/www.eldigitaldeasturias.com\/noticias\/presentan-el-plan-para-relanzar-el-camping-san-jorge\/","article:tag":["actualidad"],"article:published_time":"2018-05-10T18:09:17+00:00","article:modified_time":"2018-05-10T18:09:17+00:00","article:publisher":"https:\/\/facebook.com\/eldigitaldeasturias","twitter:card":"summary_large_image","twitter:title":"Presentan el plan para relanzar el camping San Jorge - El Digital de Asturias","twitter:description":"Relanzar el camping San Jorge con mejores prestaciones y reabrirlo durante todo el a\u00f1o son los objetivos del Gobierno de Arag\u00f3n y del Ayuntamiento de Huesca, que esta ma\u00f1ana han coordinado las actuaciones que se van a realizar tras el verano para mejorar la zona de servicios. El director general de Deporte del Gobierno de","twitter:image":"https:\/\/www.eldigitaldeasturias.com\/noticias\/wp-content\/uploads\/2020\/12\/EDA-1.jpg","twitter:label1":"Escrito por","twitter:data1":"El Digital de Asturias","twitter:label2":"Tiempo de lectura estimado","twitter:data2":"2 minutos"},"aioseo_meta_data":{"post_id":"979724","title":null,"description":null,"keywords":null,"keyphrases":null,"primary_term":null,"canonical_url":null,"og_title":null,"og_description":null,"og_object_type":"default","og_image_type":"default","og_image_url":null,"og_image_width":null,"og_image_height":null,"og_image_custom_url":null,"og_image_custom_fields":null,"og_video":null,"og_custom_url":null,"og_article_section":null,"og_article_tags":null,"twitter_use_og":false,"twitter_card":"default","twitter_image_type":"default","twitter_image_url":null,"twitter_image_custom_url":null,"twitter_image_custom_fields":null,"twitter_title":null,"twitter_description":null,"schema":{"blockGraphs":[],"customGraphs":[],"default":{"data":{"Article":[],"Course":[],"Dataset":[],"FAQPage":[],"Movie":[],"Person":[],"Product":[],"ProductReview":[],"Car":[],"Recipe":[],"Service":[],"SoftwareApplication":[],"WebPage":[]},"graphName":"","isEnabled":true},"graphs":[],"defaultGraph":"","defaultPostTypeGraph":""},"schema_type":null,"schema_type_options":null,"pillar_content":false,"robots_default":true,"robots_noindex":false,"robots_noarchive":false,"robots_nosnippet":false,"robots_nofollow":false,"robots_noimageindex":false,"robots_noodp":false,"robots_notranslate":false,"robots_max_snippet":null,"robots_max_videopreview":null,"robots_max_imagepreview":"large","priority":null,"frequency":null,"local_seo":null,"seo_analyzer_scan_date":"2025-10-08 15:21:15","breadcrumb_settings":null,"limit_modified_date":false,"open_ai":null,"ai":null,"created":"2020-12-21 11:58:37","updated":"2025-10-08 15:21:15","focus_keyword":null,"additional_keywords":null,"truseo_locale":null},"aioseo_breadcrumb":"<div class=\"aioseo-breadcrumbs\"><span class=\"aioseo-breadcrumb\">\n\t<a href=\"https:\/\/www.eldigitaldeasturias.com\/noticias\" title=\"Home\">Home<\/a>\n<\/span><span class=\"aioseo-breadcrumb-separator\">\u2013<\/span><span class=\"aioseo-breadcrumb\">\n\t<a href=\"https:\/\/www.eldigitaldeasturias.com\/noticias\/category\/actualidad\/\" title=\"Actualidad\">Actualidad<\/a>\n<\/span><span class=\"aioseo-breadcrumb-separator\">\u2013<\/span><span class=\"aioseo-breadcrumb\">\n\t<a href=\"https:\/\/www.eldigitaldeasturias.com\/noticias\/presentan-el-plan-para-relanzar-el-camping-san-jorge\/\" title=\"Presentan el plan para relanzar el camping San Jorge\">Presentan el plan para relanzar el camping San Jorge<\/a>\n<\/span><\/div>","aioseo_breadcrumb_json":[{"label":"Home","link":"https:\/\/www.eldigitaldeasturias.com\/noticias"},{"label":"Actualidad","link":"https:\/\/www.eldigitaldeasturias.com\/noticias\/category\/actualidad\/"},{"label":"Presentan el plan para relanzar el camping San Jorge","link":"https:\/\/www.eldigitaldeasturias.com\/noticias\/presentan-el-plan-para-relanzar-el-camping-san-jorge\/"}],"_links":{"self":[{"href":"https:\/\/www.eldigitaldeasturias.com\/noticias\/wp-json\/wp\/v2\/posts\/979724","targetHints":{"allow":["GET"]}}],"collection":[{"href":"https:\/\/www.eldigitaldeasturias.com\/noticias\/wp-json\/wp\/v2\/posts"}],"about":[{"href":"https:\/\/www.eldigitaldeasturias.com\/noticias\/wp-json\/wp\/v2\/types\/post"}],"author":[{"embeddable":true,"href":"https:\/\/www.eldigitaldeasturias.com\/noticias\/wp-json\/wp\/v2\/users\/1"}],"replies":[{"embeddable":true,"href":"https:\/\/www.eldigitaldeasturias.com\/noticias\/wp-json\/wp\/v2\/comments?post=979724"}],"version-history":[{"count":0,"href":"https:\/\/www.eldigitaldeasturias.com\/noticias\/wp-json\/wp\/v2\/posts\/979724\/revisions"}],"wp:attachment":[{"href":"https:\/\/www.eldigitaldeasturias.com\/noticias\/wp-json\/wp\/v2\/media?parent=979724"}],"wp:term":[{"taxonomy":"category","embeddable":true,"href":"https:\/\/www.eldigitaldeasturias.com\/noticias\/wp-json\/wp\/v2\/categories?post=979724"},{"taxonomy":"post_tag","embeddable":true,"href":"https:\/\/www.eldigitaldeasturias.com\/noticias\/wp-json\/wp\/v2\/tags?post=979724"}],"curies":[{"name":"wp","href":"https:\/\/api.w.org\/{rel}","templated":true}]}}