{"id":979713,"date":"2018-05-09T22:22:40","date_gmt":"2018-05-09T22:22:40","guid":{"rendered":"http:\/\/www.eldigitaldeasturias.com\/noticias\/?p=979713"},"modified":"2018-05-09T22:22:40","modified_gmt":"2018-05-09T22:22:40","slug":"separar-familias-en-la-frontera-la-politica-disuasoria-de-trump","status":"publish","type":"post","link":"https:\/\/www.eldigitaldeasturias.com\/noticias\/separar-familias-en-la-frontera-la-politica-disuasoria-de-trump\/","title":{"rendered":"Separar familias en la frontera, la pol\u00edtica disuasoria de Trump"},"content":{"rendered":"<p><img loading=\"lazy\" decoding=\"async\" class=\"alignleft size-medium wp-image-977530\" src=\"https:\/\/www.eldigitaldeasturias.com\/noticias\/wp-content\/uploads\/2018\/04\/Los-blancos-votaron-a-Trump-360x240.jpg\" alt=\"\" width=\"360\" height=\"240\" \/>Washington, 9 may (dpa) &#8211; Amnist\u00eda Internacional la ha calificado de pol\u00edtica \u00abdraconiana\u00bb y \u00abmonstruosa\u00bb. Legisladores dem\u00f3cratas han protestado en\u00e9rgicamente, criticando su \u00abcrueldad\u00bb. Pero Donald Trump, con su mano dura con la inmigraci\u00f3n, no solo va a mantener las separaciones de las familias de migrantes que cruzan la frontera, sino que va a incrementarlas.<\/p>\n<p>\u00abNo queremos separar familias, pero no queremos que haya familias que lleguen ilegalmente a la frontera\u00bb, manifest\u00f3 esta semana el fiscal general, Jeff Sessions, un ultraconservador opuesto no solo a la inmigraci\u00f3n ilegal. \u00abAs\u00ed es como funciona el mundo\u00bb, dijo.<\/p>\n<p>Organizaciones de defensa de los derechos humanos como Human Rights Watch y otras de derechos civiles y de defensa de los inmigrantes llevan denunciando la separaci\u00f3n de familias en la frontera -esto es, la separaci\u00f3n de los padres de sus hijos- desde hace a\u00f1os, antes incluso de la llegada de Trump a la Casa Blanca. Con el republicano en la presidencia, dicen, estas han aumentado.<\/p>\n<p>El Gobierno de Trump ha rechazado reiteradamente decir cu\u00e1ntas familias son separadas, pero hasta ahora suger\u00eda que eran pocas.<\/p>\n<p>Una investigaci\u00f3n de \u00abThe New York Times\u00bb publicada en abril cifr\u00f3 sin embargo en m\u00e1s de 700 ni\u00f1os los que fueron separados de sus padres desde octubre de 2017 hasta entonces. Entre ellos hab\u00eda m\u00e1s de un centenar de menos de cuatro a\u00f1os de edad. Adem\u00e1s, Amnist\u00eda Internacional ha documentado la separaci\u00f3n forzosa de familias de peticionarios de asilo, incluso cuando estos han presentado pruebas de su parentesco y de la persecuci\u00f3n de la que huyen.<\/p>\n<p>Las palabras de Sessions al inicio de esta semana en la localidad de Scottsdale, en Arizona, cerca de la frontera con M\u00e9xico, anuncian un incremento de estas separaciones y ha despertado fuertes cr\u00edticas en el pa\u00eds.<\/p>\n<p>\u00abA quien cruce la frontera ilegalmente, lo procesaremos. Es as\u00ed de simple\u00bb, advirti\u00f3. \u00abA quien introduzca ilegalmente a un ni\u00f1o, lo procesaremos y lo separaremos de ese ni\u00f1o como requiere la ley. A quien no le guste esto, que no meta ilegalmente a ni\u00f1os a trav\u00e9s de nuestra frontera\u00bb.<\/p>\n<p>Formalmente no hay un cambio de pol\u00edtica sobre el papel. La ley en vigor indica que los menores hallados en la frontera deben ser tratados como menores no acompa\u00f1ados si sus padres son detenidos y acusados de cargos criminales.<\/p>\n<p>Los ni\u00f1os quedan entonces bajo custodia del Gobierno hasta que se les asigna un tutor. Si no se encuentra a ning\u00fan familiar en el pa\u00eds o a alguien que asuma esa tutor\u00eda, los ni\u00f1os pueden llegar a quedarse bajo custodia de la administraci\u00f3n indefinidamente.<\/p>\n<p>Lo que ahora va a hacer la administraci\u00f3n Trump es procesar criminalmente al \u00abcien por cien\u00bb de los inmigrantes que cruzan ilegalmente, dijo Sessions. Y si los padres son procesados criminalmente, los ni\u00f1os son separados de ellos. La separaci\u00f3n de familias en la frontera como pol\u00edtica disuasoria ha estado sobre la mesa desde el inicio de la presidencia de Trump, seg\u00fan documentos y memorandos que se filtraron en este tiempo a medios del pa\u00eds.<\/p>\n<p>Seg\u00fan las cifras oficiales publicadas hace pocos d\u00edas, la patrulla fronteriza detuvo en abril a unas 38.000 personas en la frontera con M\u00e9xico, una cifra tres veces mayor que el mismo mes del a\u00f1o pasado, cuando el \u00abefecto Trump\u00bb hac\u00eda bajar el n\u00famero de personas que intentan entrar ilegalmente desde M\u00e9xico, pero mucho m\u00e1s baja que las que se vieron en las \u00faltimas dos d\u00e9cadas.<\/p>\n<p>Con el n\u00famero de mexicanos en descenso desde hace ya tiempo, la mayor\u00eda de quienes intentan cruzar hoy en d\u00eda esa frontera en la que Trump quiere levantar su muro proceden de Centroam\u00e9rica y huyen de la extrema violencia y la pobreza en sus pa\u00edses.<\/p>\n<p>A dos de ellos, El Salvador y Honduras, Trump les acaba de cancelar la protecci\u00f3n migratoria especial que les concedi\u00f3 Estados Unidos tras el azote del hurac\u00e1n \u00abMitch\u00bb en Honduras en 1998 y los dos graves terremotos de 2001 en El Salvador.<\/p>\n<p>Muchos de esos migrantes que llegan a la frontera, como se ha visto recientemente con la caravana migrante que atraves\u00f3 M\u00e9xico y despert\u00f3 la ira de Trump, pretenden pedir asilo en Estados Unidos.<\/p>\n<p>Margaret Huang, directora ejecutiva de Amnist\u00eda Internacional en Estados Unidos, asegura que estas separaciones desaf\u00edan \u00abal sentido de la l\u00f3gica y de la humanidad\u00bb.<\/p>\n<p>\u00abEstos ni\u00f1os han sufrido ya el trauma de la violencia y la persecuci\u00f3n en sus pa\u00edses de origen y un viaje arduo en busca de seguridad\u00bb, dice. \u00abEsta pol\u00edtica es monstruosa y atenta contra los derechos humanos y debe ser rescindida inmediatamente\u00bb.<\/p>\n<p>\u00abBuscar asilo en nuestro pa\u00eds no es ilegal\u00bb, apunta por su parte la congresista dem\u00f3crata Michelle Lujan Grisham, presidenta del Caucus Hispano del Congreso, un grupo de presi\u00f3n de legisladores de origen latino. \u00abLa unidad familiar est\u00e1 adem\u00e1s reconocida como un derecho humano fundamental, consagrado por la ley internacional\u00bb.<\/p>\n<p>Por Sara Barderas (dpa)<\/p>\n","protected":false},"excerpt":{"rendered":"<p>Washington, 9 may (dpa) &#8211; Amnist\u00eda Internacional la ha calificado de pol\u00edtica \u00abdraconiana\u00bb y \u00abmonstruosa\u00bb. Legisladores dem\u00f3cratas han protestado en\u00e9rgicamente, criticando su \u00abcrueldad\u00bb. Pero Donald Trump, con su mano dura con la inmigraci\u00f3n, no solo va a mantener las separaciones de las familias de migrantes que cruzan la frontera, sino que va a incrementarlas. \u00abNo [&hellip;]<\/p>\n","protected":false},"author":1,"featured_media":977530,"comment_status":"closed","ping_status":"closed","sticky":false,"template":"","format":"standard","meta":{"footnotes":""},"categories":[1],"tags":[],"class_list":["post-979713","post","type-post","status-publish","format-standard","has-post-thumbnail","hentry","category-actualidad"],"aioseo_notices":[],"aioseo_head":"\n\t\t<!-- All in One SEO Pro 5.0.1 - aioseo.com -->\n\t<meta name=\"description\" content=\"Washington, 9 may (dpa) - Amnist\u00eda Internacional la ha calificado de pol\u00edtica &quot;draconiana&quot; y &quot;monstruosa&quot;. Legisladores dem\u00f3cratas han protestado en\u00e9rgicamente, criticando su &quot;crueldad&quot;. Pero Donald Trump, con su mano dura con la inmigraci\u00f3n, no solo va a mantener las separaciones de las familias de migrantes que cruzan la frontera, sino que va a incrementarlas. &quot;No\" \/>\n\t<meta name=\"robots\" content=\"max-image-preview:large\" \/>\n\t<meta name=\"author\" content=\"El Digital de Asturias\"\/>\n\t<meta name=\"google-site-verification\" content=\"UA-38556648-1\" \/>\n\t<meta name=\"msvalidate.01\" content=\"7dfe9f3f1b24437ab69f4f2559babe99\" \/>\n\t<meta name=\"keywords\" content=\"actualidad\" \/>\n\t<link rel=\"canonical\" href=\"https:\/\/www.eldigitaldeasturias.com\/noticias\/separar-familias-en-la-frontera-la-politica-disuasoria-de-trump\/\" \/>\n\t<meta name=\"generator\" content=\"All in One SEO Pro (AIOSEO) 5.0.1\" \/>\n\t\t<meta property=\"og:locale\" content=\"es_ES\" \/>\n\t\t<meta property=\"og:site_name\" content=\"El Digital de Asturias\" \/>\n\t\t<meta property=\"og:type\" content=\"article\" \/>\n\t\t<meta property=\"og:title\" content=\"Separar familias en la frontera, la pol\u00edtica disuasoria de Trump - El Digital de Asturias\" \/>\n\t\t<meta property=\"og:description\" content=\"Washington, 9 may (dpa) - Amnist\u00eda Internacional la ha calificado de pol\u00edtica &quot;draconiana&quot; y &quot;monstruosa&quot;. Legisladores dem\u00f3cratas han protestado en\u00e9rgicamente, criticando su &quot;crueldad&quot;. Pero Donald Trump, con su mano dura con la inmigraci\u00f3n, no solo va a mantener las separaciones de las familias de migrantes que cruzan la frontera, sino que va a incrementarlas. &quot;No\" \/>\n\t\t<meta property=\"og:url\" content=\"https:\/\/www.eldigitaldeasturias.com\/noticias\/separar-familias-en-la-frontera-la-politica-disuasoria-de-trump\/\" \/>\n\t\t<meta property=\"article:tag\" content=\"actualidad\" \/>\n\t\t<meta property=\"article:published_time\" content=\"2018-05-09T22:22:40+00:00\" \/>\n\t\t<meta property=\"article:modified_time\" content=\"2018-05-09T22:22:40+00:00\" \/>\n\t\t<meta property=\"article:publisher\" content=\"https:\/\/facebook.com\/eldigitaldeasturias\" \/>\n\t\t<meta name=\"twitter:card\" content=\"summary_large_image\" \/>\n\t\t<meta name=\"twitter:title\" content=\"Separar familias en la frontera, la pol\u00edtica disuasoria de Trump - El Digital de Asturias\" \/>\n\t\t<meta name=\"twitter:description\" content=\"Washington, 9 may (dpa) - Amnist\u00eda Internacional la ha calificado de pol\u00edtica &quot;draconiana&quot; y &quot;monstruosa&quot;. Legisladores dem\u00f3cratas han protestado en\u00e9rgicamente, criticando su &quot;crueldad&quot;. Pero Donald Trump, con su mano dura con la inmigraci\u00f3n, no solo va a mantener las separaciones de las familias de migrantes que cruzan la frontera, sino que va a incrementarlas. &quot;No\" \/>\n\t\t<meta name=\"twitter:image\" content=\"https:\/\/www.eldigitaldeasturias.com\/noticias\/wp-content\/uploads\/2020\/12\/EDA-1.jpg\" \/>\n\t\t<meta name=\"twitter:label1\" content=\"Escrito por\" \/>\n\t\t<meta name=\"twitter:data1\" content=\"El Digital de Asturias\" \/>\n\t\t<meta name=\"twitter:label2\" content=\"Tiempo de lectura estimado\" \/>\n\t\t<meta name=\"twitter:data2\" content=\"4 minutos\" \/>\n\t\t<script type=\"application\/ld+json\" class=\"aioseo-schema\">\n\t\t\t{\"@context\":\"https:\\\/\\\/schema.org\",\"@graph\":[{\"@type\":\"BlogPosting\",\"@id\":\"https:\\\/\\\/www.eldigitaldeasturias.com\\\/noticias\\\/separar-familias-en-la-frontera-la-politica-disuasoria-de-trump\\\/#blogposting\",\"name\":\"Separar familias en la frontera, la pol\\u00edtica disuasoria de Trump - El Digital de Asturias\",\"headline\":\"Separar familias en la frontera, la pol\\u00edtica disuasoria de Trump\",\"author\":{\"@id\":\"https:\\\/\\\/www.eldigitaldeasturias.com\\\/noticias\\\/author\\\/admin\\\/#author\"},\"publisher\":{\"@id\":\"https:\\\/\\\/www.eldigitaldeasturias.com\\\/noticias\\\/#organization\"},\"image\":{\"@type\":\"ImageObject\",\"url\":977530},\"datePublished\":\"2018-05-09T22:22:40+02:00\",\"dateModified\":\"2018-05-09T22:22:40+02:00\",\"inLanguage\":\"es-ES\",\"mainEntityOfPage\":{\"@id\":\"https:\\\/\\\/www.eldigitaldeasturias.com\\\/noticias\\\/separar-familias-en-la-frontera-la-politica-disuasoria-de-trump\\\/#webpage\"},\"isPartOf\":{\"@id\":\"https:\\\/\\\/www.eldigitaldeasturias.com\\\/noticias\\\/separar-familias-en-la-frontera-la-politica-disuasoria-de-trump\\\/#webpage\"},\"articleSection\":\"Actualidad\"},{\"@type\":\"BreadcrumbList\",\"@id\":\"https:\\\/\\\/www.eldigitaldeasturias.com\\\/noticias\\\/separar-familias-en-la-frontera-la-politica-disuasoria-de-trump\\\/#breadcrumblist\",\"itemListElement\":[{\"@type\":\"ListItem\",\"@id\":\"https:\\\/\\\/www.eldigitaldeasturias.com\\\/noticias#listItem\",\"position\":1,\"name\":\"Home\",\"item\":\"https:\\\/\\\/www.eldigitaldeasturias.com\\\/noticias\",\"nextItem\":{\"@type\":\"ListItem\",\"@id\":\"https:\\\/\\\/www.eldigitaldeasturias.com\\\/noticias\\\/category\\\/actualidad\\\/#listItem\",\"name\":\"Actualidad\"}},{\"@type\":\"ListItem\",\"@id\":\"https:\\\/\\\/www.eldigitaldeasturias.com\\\/noticias\\\/category\\\/actualidad\\\/#listItem\",\"position\":2,\"name\":\"Actualidad\",\"item\":\"https:\\\/\\\/www.eldigitaldeasturias.com\\\/noticias\\\/category\\\/actualidad\\\/\",\"nextItem\":{\"@type\":\"ListItem\",\"@id\":\"https:\\\/\\\/www.eldigitaldeasturias.com\\\/noticias\\\/separar-familias-en-la-frontera-la-politica-disuasoria-de-trump\\\/#listItem\",\"name\":\"Separar familias en la frontera, la pol\\u00edtica disuasoria de Trump\"},\"previousItem\":{\"@type\":\"ListItem\",\"@id\":\"https:\\\/\\\/www.eldigitaldeasturias.com\\\/noticias#listItem\",\"name\":\"Home\"}},{\"@type\":\"ListItem\",\"@id\":\"https:\\\/\\\/www.eldigitaldeasturias.com\\\/noticias\\\/separar-familias-en-la-frontera-la-politica-disuasoria-de-trump\\\/#listItem\",\"position\":3,\"name\":\"Separar familias en la frontera, la pol\\u00edtica disuasoria de Trump\",\"previousItem\":{\"@type\":\"ListItem\",\"@id\":\"https:\\\/\\\/www.eldigitaldeasturias.com\\\/noticias\\\/category\\\/actualidad\\\/#listItem\",\"name\":\"Actualidad\"}}]},{\"@type\":\"Organization\",\"@id\":\"https:\\\/\\\/www.eldigitaldeasturias.com\\\/noticias\\\/#organization\",\"name\":\"El Digital de Asturias\",\"description\":\"Hemeroteca\",\"url\":\"https:\\\/\\\/www.eldigitaldeasturias.com\\\/noticias\\\/\",\"email\":\"info@eldigitaldeasturias.com\",\"telephone\":\"+34652131393\",\"logo\":{\"@type\":\"ImageObject\",\"url\":\"https:\\\/\\\/www.eldigitaldeasturias.com\\\/noticias\\\/wp-content\\\/uploads\\\/2020\\\/12\\\/EDA.jpg\",\"@id\":\"https:\\\/\\\/www.eldigitaldeasturias.com\\\/noticias\\\/separar-familias-en-la-frontera-la-politica-disuasoria-de-trump\\\/#organizationLogo\"},\"image\":{\"@id\":\"https:\\\/\\\/www.eldigitaldeasturias.com\\\/noticias\\\/separar-familias-en-la-frontera-la-politica-disuasoria-de-trump\\\/#organizationLogo\"},\"sameAs\":[\"https:\\\/\\\/facebook.com\\\/eldigitaldeasturias\",\"https:\\\/\\\/www.youtube.com\\\/channel\\\/UCZP-2wLEB9Rv6erhFmqVnvg\"],\"address\":{\"@id\":\"https:\\\/\\\/www.eldigitaldeasturias.com\\\/noticias\\\/#postaladdress\",\"@type\":\"PostalAddress\",\"streetAddress\":\"san antonio 4\",\"postalCode\":\"33430\",\"addressLocality\":\"Cand\\u00e1s\",\"addressRegion\":\"Asturias\",\"addressCountry\":\"ES\"}},{\"@type\":\"Person\",\"@id\":\"https:\\\/\\\/www.eldigitaldeasturias.com\\\/noticias\\\/author\\\/admin\\\/#author\",\"url\":\"https:\\\/\\\/www.eldigitaldeasturias.com\\\/noticias\\\/author\\\/admin\\\/\",\"name\":\"El Digital de Asturias\",\"image\":{\"@type\":\"ImageObject\",\"@id\":\"https:\\\/\\\/www.eldigitaldeasturias.com\\\/noticias\\\/separar-familias-en-la-frontera-la-politica-disuasoria-de-trump\\\/#authorImage\",\"url\":\"https:\\\/\\\/secure.gravatar.com\\\/avatar\\\/df2aeffc32bcd13f8d26072ef8a91b623d677766deac7f97ca815868cd41bf5e?s=96&d=mm&r=g\",\"width\":96,\"height\":96,\"caption\":\"El Digital de Asturias\"}},{\"@type\":\"WebPage\",\"@id\":\"https:\\\/\\\/www.eldigitaldeasturias.com\\\/noticias\\\/separar-familias-en-la-frontera-la-politica-disuasoria-de-trump\\\/#webpage\",\"url\":\"https:\\\/\\\/www.eldigitaldeasturias.com\\\/noticias\\\/separar-familias-en-la-frontera-la-politica-disuasoria-de-trump\\\/\",\"name\":\"Separar familias en la frontera, la pol\\u00edtica disuasoria de Trump - El Digital de Asturias\",\"description\":\"Washington, 9 may (dpa) - Amnist\\u00eda Internacional la ha calificado de pol\\u00edtica \\\"draconiana\\\" y \\\"monstruosa\\\". Legisladores dem\\u00f3cratas han protestado en\\u00e9rgicamente, criticando su \\\"crueldad\\\". Pero Donald Trump, con su mano dura con la inmigraci\\u00f3n, no solo va a mantener las separaciones de las familias de migrantes que cruzan la frontera, sino que va a incrementarlas. \\\"No\",\"inLanguage\":\"es-ES\",\"isPartOf\":{\"@id\":\"https:\\\/\\\/www.eldigitaldeasturias.com\\\/noticias\\\/#website\"},\"breadcrumb\":{\"@id\":\"https:\\\/\\\/www.eldigitaldeasturias.com\\\/noticias\\\/separar-familias-en-la-frontera-la-politica-disuasoria-de-trump\\\/#breadcrumblist\"},\"author\":{\"@id\":\"https:\\\/\\\/www.eldigitaldeasturias.com\\\/noticias\\\/author\\\/admin\\\/#author\"},\"creator\":{\"@id\":\"https:\\\/\\\/www.eldigitaldeasturias.com\\\/noticias\\\/author\\\/admin\\\/#author\"},\"image\":{\"@type\":\"ImageObject\",\"url\":977530,\"@id\":\"https:\\\/\\\/www.eldigitaldeasturias.com\\\/noticias\\\/separar-familias-en-la-frontera-la-politica-disuasoria-de-trump\\\/#mainImage\"},\"primaryImageOfPage\":{\"@id\":\"https:\\\/\\\/www.eldigitaldeasturias.com\\\/noticias\\\/separar-familias-en-la-frontera-la-politica-disuasoria-de-trump\\\/#mainImage\"},\"datePublished\":\"2018-05-09T22:22:40+02:00\",\"dateModified\":\"2018-05-09T22:22:40+02:00\"},{\"@type\":\"WebSite\",\"@id\":\"https:\\\/\\\/www.eldigitaldeasturias.com\\\/noticias\\\/#website\",\"url\":\"https:\\\/\\\/www.eldigitaldeasturias.com\\\/noticias\\\/\",\"name\":\"El Digital de Asturias - Diario de actualidad y noticias\",\"alternateName\":\"El Digital de Asturias - Diario de actualidad y noticias\",\"description\":\"Hemeroteca\",\"inLanguage\":\"es-ES\",\"publisher\":{\"@id\":\"https:\\\/\\\/www.eldigitaldeasturias.com\\\/noticias\\\/#organization\"}}]}\n\t\t<\/script>\n\t\t<!-- All in One SEO Pro -->\r\n\t\t<title>Separar familias en la frontera, la pol\u00edtica disuasoria de Trump - El Digital de Asturias<\/title>\n\n","aioseo_head_json":{"title":"Separar familias en la frontera, la pol\u00edtica disuasoria de Trump - El Digital de Asturias","description":"Washington, 9 may (dpa) - Amnist\u00eda Internacional la ha calificado de pol\u00edtica \"draconiana\" y \"monstruosa\". Legisladores dem\u00f3cratas han protestado en\u00e9rgicamente, criticando su \"crueldad\". Pero Donald Trump, con su mano dura con la inmigraci\u00f3n, no solo va a mantener las separaciones de las familias de migrantes que cruzan la frontera, sino que va a incrementarlas. \"No","canonical_url":"https:\/\/www.eldigitaldeasturias.com\/noticias\/separar-familias-en-la-frontera-la-politica-disuasoria-de-trump\/","robots":"max-image-preview:large","keywords":"actualidad","webmasterTools":{"google-site-verification":"UA-38556648-1","msvalidate.01":"7dfe9f3f1b24437ab69f4f2559babe99","miscellaneous":""},"schema":{"@context":"https:\/\/schema.org","@graph":[{"@type":"BlogPosting","@id":"https:\/\/www.eldigitaldeasturias.com\/noticias\/separar-familias-en-la-frontera-la-politica-disuasoria-de-trump\/#blogposting","name":"Separar familias en la frontera, la pol\u00edtica disuasoria de Trump - El Digital de Asturias","headline":"Separar familias en la frontera, la pol\u00edtica disuasoria de Trump","author":{"@id":"https:\/\/www.eldigitaldeasturias.com\/noticias\/author\/admin\/#author"},"publisher":{"@id":"https:\/\/www.eldigitaldeasturias.com\/noticias\/#organization"},"image":{"@type":"ImageObject","url":977530},"datePublished":"2018-05-09T22:22:40+02:00","dateModified":"2018-05-09T22:22:40+02:00","inLanguage":"es-ES","mainEntityOfPage":{"@id":"https:\/\/www.eldigitaldeasturias.com\/noticias\/separar-familias-en-la-frontera-la-politica-disuasoria-de-trump\/#webpage"},"isPartOf":{"@id":"https:\/\/www.eldigitaldeasturias.com\/noticias\/separar-familias-en-la-frontera-la-politica-disuasoria-de-trump\/#webpage"},"articleSection":"Actualidad"},{"@type":"BreadcrumbList","@id":"https:\/\/www.eldigitaldeasturias.com\/noticias\/separar-familias-en-la-frontera-la-politica-disuasoria-de-trump\/#breadcrumblist","itemListElement":[{"@type":"ListItem","@id":"https:\/\/www.eldigitaldeasturias.com\/noticias#listItem","position":1,"name":"Home","item":"https:\/\/www.eldigitaldeasturias.com\/noticias","nextItem":{"@type":"ListItem","@id":"https:\/\/www.eldigitaldeasturias.com\/noticias\/category\/actualidad\/#listItem","name":"Actualidad"}},{"@type":"ListItem","@id":"https:\/\/www.eldigitaldeasturias.com\/noticias\/category\/actualidad\/#listItem","position":2,"name":"Actualidad","item":"https:\/\/www.eldigitaldeasturias.com\/noticias\/category\/actualidad\/","nextItem":{"@type":"ListItem","@id":"https:\/\/www.eldigitaldeasturias.com\/noticias\/separar-familias-en-la-frontera-la-politica-disuasoria-de-trump\/#listItem","name":"Separar familias en la frontera, la pol\u00edtica disuasoria de Trump"},"previousItem":{"@type":"ListItem","@id":"https:\/\/www.eldigitaldeasturias.com\/noticias#listItem","name":"Home"}},{"@type":"ListItem","@id":"https:\/\/www.eldigitaldeasturias.com\/noticias\/separar-familias-en-la-frontera-la-politica-disuasoria-de-trump\/#listItem","position":3,"name":"Separar familias en la frontera, la pol\u00edtica disuasoria de Trump","previousItem":{"@type":"ListItem","@id":"https:\/\/www.eldigitaldeasturias.com\/noticias\/category\/actualidad\/#listItem","name":"Actualidad"}}]},{"@type":"Organization","@id":"https:\/\/www.eldigitaldeasturias.com\/noticias\/#organization","name":"El Digital de Asturias","description":"Hemeroteca","url":"https:\/\/www.eldigitaldeasturias.com\/noticias\/","email":"info@eldigitaldeasturias.com","telephone":"+34652131393","logo":{"@type":"ImageObject","url":"https:\/\/www.eldigitaldeasturias.com\/noticias\/wp-content\/uploads\/2020\/12\/EDA.jpg","@id":"https:\/\/www.eldigitaldeasturias.com\/noticias\/separar-familias-en-la-frontera-la-politica-disuasoria-de-trump\/#organizationLogo"},"image":{"@id":"https:\/\/www.eldigitaldeasturias.com\/noticias\/separar-familias-en-la-frontera-la-politica-disuasoria-de-trump\/#organizationLogo"},"sameAs":["https:\/\/facebook.com\/eldigitaldeasturias","https:\/\/www.youtube.com\/channel\/UCZP-2wLEB9Rv6erhFmqVnvg"],"address":{"@id":"https:\/\/www.eldigitaldeasturias.com\/noticias\/#postaladdress","@type":"PostalAddress","streetAddress":"san antonio 4","postalCode":"33430","addressLocality":"Cand\u00e1s","addressRegion":"Asturias","addressCountry":"ES"}},{"@type":"Person","@id":"https:\/\/www.eldigitaldeasturias.com\/noticias\/author\/admin\/#author","url":"https:\/\/www.eldigitaldeasturias.com\/noticias\/author\/admin\/","name":"El Digital de Asturias","image":{"@type":"ImageObject","@id":"https:\/\/www.eldigitaldeasturias.com\/noticias\/separar-familias-en-la-frontera-la-politica-disuasoria-de-trump\/#authorImage","url":"https:\/\/secure.gravatar.com\/avatar\/df2aeffc32bcd13f8d26072ef8a91b623d677766deac7f97ca815868cd41bf5e?s=96&d=mm&r=g","width":96,"height":96,"caption":"El Digital de Asturias"}},{"@type":"WebPage","@id":"https:\/\/www.eldigitaldeasturias.com\/noticias\/separar-familias-en-la-frontera-la-politica-disuasoria-de-trump\/#webpage","url":"https:\/\/www.eldigitaldeasturias.com\/noticias\/separar-familias-en-la-frontera-la-politica-disuasoria-de-trump\/","name":"Separar familias en la frontera, la pol\u00edtica disuasoria de Trump - El Digital de Asturias","description":"Washington, 9 may (dpa) - Amnist\u00eda Internacional la ha calificado de pol\u00edtica \"draconiana\" y \"monstruosa\". Legisladores dem\u00f3cratas han protestado en\u00e9rgicamente, criticando su \"crueldad\". Pero Donald Trump, con su mano dura con la inmigraci\u00f3n, no solo va a mantener las separaciones de las familias de migrantes que cruzan la frontera, sino que va a incrementarlas. \"No","inLanguage":"es-ES","isPartOf":{"@id":"https:\/\/www.eldigitaldeasturias.com\/noticias\/#website"},"breadcrumb":{"@id":"https:\/\/www.eldigitaldeasturias.com\/noticias\/separar-familias-en-la-frontera-la-politica-disuasoria-de-trump\/#breadcrumblist"},"author":{"@id":"https:\/\/www.eldigitaldeasturias.com\/noticias\/author\/admin\/#author"},"creator":{"@id":"https:\/\/www.eldigitaldeasturias.com\/noticias\/author\/admin\/#author"},"image":{"@type":"ImageObject","url":977530,"@id":"https:\/\/www.eldigitaldeasturias.com\/noticias\/separar-familias-en-la-frontera-la-politica-disuasoria-de-trump\/#mainImage"},"primaryImageOfPage":{"@id":"https:\/\/www.eldigitaldeasturias.com\/noticias\/separar-familias-en-la-frontera-la-politica-disuasoria-de-trump\/#mainImage"},"datePublished":"2018-05-09T22:22:40+02:00","dateModified":"2018-05-09T22:22:40+02:00"},{"@type":"WebSite","@id":"https:\/\/www.eldigitaldeasturias.com\/noticias\/#website","url":"https:\/\/www.eldigitaldeasturias.com\/noticias\/","name":"El Digital de Asturias - Diario de actualidad y noticias","alternateName":"El Digital de Asturias - Diario de actualidad y noticias","description":"Hemeroteca","inLanguage":"es-ES","publisher":{"@id":"https:\/\/www.eldigitaldeasturias.com\/noticias\/#organization"}}]},"og:locale":"es_ES","og:site_name":"El Digital de Asturias","og:type":"article","og:title":"Separar familias en la frontera, la pol\u00edtica disuasoria de Trump - El Digital de Asturias","og:description":"Washington, 9 may (dpa) - Amnist\u00eda Internacional la ha calificado de pol\u00edtica &quot;draconiana&quot; y &quot;monstruosa&quot;. Legisladores dem\u00f3cratas han protestado en\u00e9rgicamente, criticando su &quot;crueldad&quot;. Pero Donald Trump, con su mano dura con la inmigraci\u00f3n, no solo va a mantener las separaciones de las familias de migrantes que cruzan la frontera, sino que va a incrementarlas. &quot;No","og:url":"https:\/\/www.eldigitaldeasturias.com\/noticias\/separar-familias-en-la-frontera-la-politica-disuasoria-de-trump\/","article:tag":["actualidad"],"article:published_time":"2018-05-09T22:22:40+00:00","article:modified_time":"2018-05-09T22:22:40+00:00","article:publisher":"https:\/\/facebook.com\/eldigitaldeasturias","twitter:card":"summary_large_image","twitter:title":"Separar familias en la frontera, la pol\u00edtica disuasoria de Trump - El Digital de Asturias","twitter:description":"Washington, 9 may (dpa) - Amnist\u00eda Internacional la ha calificado de pol\u00edtica &quot;draconiana&quot; y &quot;monstruosa&quot;. Legisladores dem\u00f3cratas han protestado en\u00e9rgicamente, criticando su &quot;crueldad&quot;. Pero Donald Trump, con su mano dura con la inmigraci\u00f3n, no solo va a mantener las separaciones de las familias de migrantes que cruzan la frontera, sino que va a incrementarlas. &quot;No","twitter:image":"https:\/\/www.eldigitaldeasturias.com\/noticias\/wp-content\/uploads\/2020\/12\/EDA-1.jpg","twitter:label1":"Escrito por","twitter:data1":"El Digital de Asturias","twitter:label2":"Tiempo de lectura estimado","twitter:data2":"4 minutos"},"aioseo_meta_data":{"post_id":"979713","title":null,"description":null,"keywords":null,"keyphrases":null,"primary_term":null,"canonical_url":null,"og_title":null,"og_description":null,"og_object_type":"default","og_image_type":"default","og_image_url":null,"og_image_width":null,"og_image_height":null,"og_image_custom_url":null,"og_image_custom_fields":null,"og_video":null,"og_custom_url":null,"og_article_section":null,"og_article_tags":null,"twitter_use_og":false,"twitter_card":"default","twitter_image_type":"default","twitter_image_url":null,"twitter_image_custom_url":null,"twitter_image_custom_fields":null,"twitter_title":null,"twitter_description":null,"schema":{"blockGraphs":[],"customGraphs":[],"default":{"data":{"Article":[],"Course":[],"Dataset":[],"FAQPage":[],"Movie":[],"Person":[],"Product":[],"ProductReview":[],"Car":[],"Recipe":[],"Service":[],"SoftwareApplication":[],"WebPage":[]},"graphName":"","isEnabled":true},"graphs":[],"defaultGraph":"","defaultPostTypeGraph":""},"schema_type":null,"schema_type_options":null,"pillar_content":false,"robots_default":true,"robots_noindex":false,"robots_noarchive":false,"robots_nosnippet":false,"robots_nofollow":false,"robots_noimageindex":false,"robots_noodp":false,"robots_notranslate":false,"robots_max_snippet":null,"robots_max_videopreview":null,"robots_max_imagepreview":"large","priority":null,"frequency":null,"local_seo":null,"seo_analyzer_scan_date":"2025-10-08 15:19:11","breadcrumb_settings":null,"limit_modified_date":false,"open_ai":null,"ai":null,"created":"2020-12-21 11:58:37","updated":"2025-10-08 15:19:11","focus_keyword":null,"additional_keywords":null,"truseo_locale":null},"aioseo_breadcrumb":"<div class=\"aioseo-breadcrumbs\"><span class=\"aioseo-breadcrumb\">\n\t<a href=\"https:\/\/www.eldigitaldeasturias.com\/noticias\" title=\"Home\">Home<\/a>\n<\/span><span class=\"aioseo-breadcrumb-separator\">\u2013<\/span><span class=\"aioseo-breadcrumb\">\n\t<a href=\"https:\/\/www.eldigitaldeasturias.com\/noticias\/category\/actualidad\/\" title=\"Actualidad\">Actualidad<\/a>\n<\/span><span class=\"aioseo-breadcrumb-separator\">\u2013<\/span><span class=\"aioseo-breadcrumb\">\n\t<a href=\"https:\/\/www.eldigitaldeasturias.com\/noticias\/separar-familias-en-la-frontera-la-politica-disuasoria-de-trump\/\" title=\"Separar familias en la frontera, la pol\u00edtica disuasoria de Trump\">Separar familias en la frontera, la pol\u00edtica disuasoria de Trump<\/a>\n<\/span><\/div>","aioseo_breadcrumb_json":[{"label":"Home","link":"https:\/\/www.eldigitaldeasturias.com\/noticias"},{"label":"Actualidad","link":"https:\/\/www.eldigitaldeasturias.com\/noticias\/category\/actualidad\/"},{"label":"Separar familias en la frontera, la pol\u00edtica disuasoria de Trump","link":"https:\/\/www.eldigitaldeasturias.com\/noticias\/separar-familias-en-la-frontera-la-politica-disuasoria-de-trump\/"}],"_links":{"self":[{"href":"https:\/\/www.eldigitaldeasturias.com\/noticias\/wp-json\/wp\/v2\/posts\/979713","targetHints":{"allow":["GET"]}}],"collection":[{"href":"https:\/\/www.eldigitaldeasturias.com\/noticias\/wp-json\/wp\/v2\/posts"}],"about":[{"href":"https:\/\/www.eldigitaldeasturias.com\/noticias\/wp-json\/wp\/v2\/types\/post"}],"author":[{"embeddable":true,"href":"https:\/\/www.eldigitaldeasturias.com\/noticias\/wp-json\/wp\/v2\/users\/1"}],"replies":[{"embeddable":true,"href":"https:\/\/www.eldigitaldeasturias.com\/noticias\/wp-json\/wp\/v2\/comments?post=979713"}],"version-history":[{"count":0,"href":"https:\/\/www.eldigitaldeasturias.com\/noticias\/wp-json\/wp\/v2\/posts\/979713\/revisions"}],"wp:attachment":[{"href":"https:\/\/www.eldigitaldeasturias.com\/noticias\/wp-json\/wp\/v2\/media?parent=979713"}],"wp:term":[{"taxonomy":"category","embeddable":true,"href":"https:\/\/www.eldigitaldeasturias.com\/noticias\/wp-json\/wp\/v2\/categories?post=979713"},{"taxonomy":"post_tag","embeddable":true,"href":"https:\/\/www.eldigitaldeasturias.com\/noticias\/wp-json\/wp\/v2\/tags?post=979713"}],"curies":[{"name":"wp","href":"https:\/\/api.w.org\/{rel}","templated":true}]}}