{"id":979711,"date":"2018-05-09T22:20:04","date_gmt":"2018-05-09T22:20:04","guid":{"rendered":"http:\/\/www.eldigitaldeasturias.com\/noticias\/?p=979711"},"modified":"2018-05-09T22:20:04","modified_gmt":"2018-05-09T22:20:04","slug":"netanyahu-israel-se-defendera-de-las-acciones-de-iran-en-siria","status":"publish","type":"post","link":"https:\/\/www.eldigitaldeasturias.com\/noticias\/netanyahu-israel-se-defendera-de-las-acciones-de-iran-en-siria\/","title":{"rendered":"Netanyahu: \u00abIsrael se defender\u00e1 de las acciones de Ir\u00e1n en Siria\u00bb"},"content":{"rendered":"<p><img loading=\"lazy\" decoding=\"async\" class=\"alignleft size-medium wp-image-870944\" src=\"https:\/\/www.eldigitaldeasturias.com\/noticias\/wp-content\/uploads\/2016\/04\/fotonoticia_20160405100235_800-360x244.jpg\" alt=\"\" width=\"360\" height=\"244\" \/>Mosc\u00fa, 9 may (dpa) &#8211; El primer ministro israel\u00ed, Benjamin Netanyahu, dijo hoy que su pa\u00eds actuar\u00e1 ante la \u00abagresi\u00f3n\u00bb iran\u00ed en Siria, al debatir la tensi\u00f3n con Teher\u00e1n durante una reuni\u00f3n en Mosc\u00fa con el presidente ruso, Vladimir Putin.<\/p>\n<p>\u00ab(Los iran\u00edes) est\u00e1n tratando de transferir fuerzas y armas mortales all\u00ed con el objetivo expl\u00edcito de atacar al Estado de Israel como parte de su estrategia para destruir al Estado de Israel\u00bb, dijo Netanyahu tras el encuentro.<\/p>\n<p>El primer ministro a\u00f1adi\u00f3 que le dijo a Putin que \u00abIsrael tiene el derecho de emprender pasos as\u00ed, dado que son necesarios para defenderse de esta agresi\u00f3n\u00bb.<\/p>\n<p>Por su parte, Putin manifest\u00f3 hoy que buscar\u00e1 ayudar a solucionar el conflicto debido a la tensi\u00f3n creciente entre Israel e Ir\u00e1n.<\/p>\n<p>El encuentro se produce en el marco de las tensiones con Ir\u00e1n. El presidente de Estados Unidos, Donald Trump, anunci\u00f3 el martes que se retiraba del acuerdo nuclear alcanzado en 2015 entre Ir\u00e1n y la comunidad internacional, medida que fue criticada por los otros pa\u00edses firmantes del acuerdo -Alemania, Francia, Reino Unido, China y Rusia-, pero apoyada por Israel.<\/p>\n<p>Israel ve en la presencia militar iran\u00ed en Siria una amenaza a su propia seguridad. El Gobierno sirio ha acusado a Israel de llevar adelante ataques con misiles en un \u00e1rea cerca de Damasco el martes a la noche. Se cree que en esa posici\u00f3n hab\u00eda fuerzas iran\u00edes leales al Gobierno sirio.<\/p>\n<p>\u00abEs incre\u00edble que, 73 a\u00f1os despu\u00e9s del Holocausto, haya un pa\u00eds en Medio Oriente, Ir\u00e1n, que est\u00e1 llamando a la destrucci\u00f3n de otros seis millones de jud\u00edos\u00bb, dijo Netanyahu al comenzar la reuni\u00f3n.<\/p>\n<p>\u00abLa diferencia es que hoy en d\u00eda tenemos un Estado, y agradezco la oportunidad de poder discutir problemas regionales con usted, de resolver las crisis, de levantar las amenazas de una forma prudente y responsable\u00bb, continu\u00f3.<\/p>\n<p>La visita de Netanyahu coincidi\u00f3 con el tradicional desfile en la Plaza Roja de Mosc\u00fa con el que Rusia conmemora la victoria de la Uni\u00f3n Sovi\u00e9tica sobre la Alemania nazi en la Segunda Guerra Mundial, al que Putin asisti\u00f3 con Netanyahu.<\/p>\n<p>Putin expres\u00f3 durante su encuentro con Netanyahu que podr\u00edan trabajar juntos para solucionar conflictos regionales. Netanyahu hizo un comentario similar antes de viajar.<\/p>\n<p>\u00abA la luz de lo que est\u00e1 pasando actualmente en Siria es necesario asegurar la coordinaci\u00f3n continua entre los militares rusos y las Fuerzas de Defensa de Israel\u00bb.<\/p>\n<p>Antes de su encuentro con Netanyahu, Putin habl\u00f3 con su Consejo de Seguridad sobre los ataques militares israel\u00edes en Siria. Hubo un \u00abdetallado intercambio de opiniones\u00bb sobre la situaci\u00f3n en Siria, incluyendo \u00abataques nocturnos llevados a cabo por Israel\u00bb, dijo el Kremlin en una declaraci\u00f3n.<\/p>\n<p>Rusia es uno de los principales aliados del Gobierno de Bashar al Assad en la guerra civil y tiene un amplio control sobre el espacio a\u00e9reo de Siria.<\/p>\n<p>Las fricciones entre Rusia e Israel aumentaron dado que Mosc\u00fa eval\u00faa transferir un sistema antia\u00e9reo de avanzada a Siria que podr\u00eda contener la habilidad de Israel de operar en ese escenario.<\/p>\n<p>El Gobierno ruso acus\u00f3 el mes pasado a Israel de estar detr\u00e1s de un ataque a\u00e9reo que mat\u00f3 iran\u00edes, ataque que Ir\u00e1n ha jurado vengar.<\/p>\n<p>Previamente, durante el desfile militar, Putin afirm\u00f3 delante de 13.000 soldados: \u00abEs importante que todos los pa\u00edses y personas reconozcan que el mundo es fr\u00e1gil y que su estabilidad s\u00f3lo se ve fortalecida por nuestra disposici\u00f3n a escucharnos, tenernos confianza y respetarnos\u00bb. Adem\u00e1s, record\u00f3 las lecciones de las dos guerras mundiales y su significado para el futuro.<\/p>\n<p>\u00abDetr\u00e1s de las nuevas amenazas aparecen todas las viejas y feas caracter\u00edsticas: ego\u00edsmo, intolerancia, nacionalismo agresivo y pedidos de exclusividad\u00bb, dijo. \u00abRusia est\u00e1 dispuesta al di\u00e1logo sobre todos los temas de seguridad global\u00bb.<\/p>\n<p>En el 73 aniversario del fin de la Segunda Guerra Mundial, Rusia hizo desfilar alrededor de 160 unidades de tecnolog\u00eda militar. Mosc\u00fa suele aprovechar el desfile para demostrar su poder\u00edo militar. Adem\u00e1s de tanques se vieron misiles Iskander, misiles intercontinentales Yars y aviones no tripulados modernos.<\/p>\n","protected":false},"excerpt":{"rendered":"<p>Mosc\u00fa, 9 may (dpa) &#8211; El primer ministro israel\u00ed, Benjamin Netanyahu, dijo hoy que su pa\u00eds actuar\u00e1 ante la \u00abagresi\u00f3n\u00bb iran\u00ed en Siria, al debatir la tensi\u00f3n con Teher\u00e1n durante una reuni\u00f3n en Mosc\u00fa con el presidente ruso, Vladimir Putin. \u00ab(Los iran\u00edes) est\u00e1n tratando de transferir fuerzas y armas mortales all\u00ed con el objetivo expl\u00edcito [&hellip;]<\/p>\n","protected":false},"author":1,"featured_media":870944,"comment_status":"closed","ping_status":"closed","sticky":false,"template":"","format":"standard","meta":{"footnotes":""},"categories":[1],"tags":[],"class_list":["post-979711","post","type-post","status-publish","format-standard","has-post-thumbnail","hentry","category-actualidad"],"aioseo_notices":[],"aioseo_head":"\n\t\t<!-- All in One SEO Pro 5.0.1 - aioseo.com -->\n\t<meta name=\"description\" content=\"Mosc\u00fa, 9 may (dpa) - El primer ministro israel\u00ed, Benjamin Netanyahu, dijo hoy que su pa\u00eds actuar\u00e1 ante la &quot;agresi\u00f3n&quot; iran\u00ed en Siria, al debatir la tensi\u00f3n con Teher\u00e1n durante una reuni\u00f3n en Mosc\u00fa con el presidente ruso, Vladimir Putin. &quot;(Los iran\u00edes) est\u00e1n tratando de transferir fuerzas y armas mortales all\u00ed con el objetivo expl\u00edcito\" \/>\n\t<meta name=\"robots\" content=\"max-image-preview:large\" \/>\n\t<meta name=\"author\" content=\"El Digital de Asturias\"\/>\n\t<meta name=\"google-site-verification\" content=\"UA-38556648-1\" \/>\n\t<meta name=\"msvalidate.01\" content=\"7dfe9f3f1b24437ab69f4f2559babe99\" \/>\n\t<meta name=\"keywords\" content=\"actualidad\" \/>\n\t<link rel=\"canonical\" href=\"https:\/\/www.eldigitaldeasturias.com\/noticias\/netanyahu-israel-se-defendera-de-las-acciones-de-iran-en-siria\/\" \/>\n\t<meta name=\"generator\" content=\"All in One SEO Pro (AIOSEO) 5.0.1\" \/>\n\t\t<meta property=\"og:locale\" content=\"es_ES\" \/>\n\t\t<meta property=\"og:site_name\" content=\"El Digital de Asturias\" \/>\n\t\t<meta property=\"og:type\" content=\"article\" \/>\n\t\t<meta property=\"og:title\" content=\"Netanyahu: \u00abIsrael se defender\u00e1 de las acciones de Ir\u00e1n en Siria\u00bb - El Digital de Asturias\" \/>\n\t\t<meta property=\"og:description\" content=\"Mosc\u00fa, 9 may (dpa) - El primer ministro israel\u00ed, Benjamin Netanyahu, dijo hoy que su pa\u00eds actuar\u00e1 ante la &quot;agresi\u00f3n&quot; iran\u00ed en Siria, al debatir la tensi\u00f3n con Teher\u00e1n durante una reuni\u00f3n en Mosc\u00fa con el presidente ruso, Vladimir Putin. &quot;(Los iran\u00edes) est\u00e1n tratando de transferir fuerzas y armas mortales all\u00ed con el objetivo expl\u00edcito\" \/>\n\t\t<meta property=\"og:url\" content=\"https:\/\/www.eldigitaldeasturias.com\/noticias\/netanyahu-israel-se-defendera-de-las-acciones-de-iran-en-siria\/\" \/>\n\t\t<meta property=\"article:tag\" content=\"actualidad\" \/>\n\t\t<meta property=\"article:published_time\" content=\"2018-05-09T22:20:04+00:00\" \/>\n\t\t<meta property=\"article:modified_time\" content=\"2018-05-09T22:20:04+00:00\" \/>\n\t\t<meta property=\"article:publisher\" content=\"https:\/\/facebook.com\/eldigitaldeasturias\" \/>\n\t\t<meta name=\"twitter:card\" content=\"summary_large_image\" \/>\n\t\t<meta name=\"twitter:title\" content=\"Netanyahu: \u00abIsrael se defender\u00e1 de las acciones de Ir\u00e1n en Siria\u00bb - El Digital de Asturias\" \/>\n\t\t<meta name=\"twitter:description\" content=\"Mosc\u00fa, 9 may (dpa) - El primer ministro israel\u00ed, Benjamin Netanyahu, dijo hoy que su pa\u00eds actuar\u00e1 ante la &quot;agresi\u00f3n&quot; iran\u00ed en Siria, al debatir la tensi\u00f3n con Teher\u00e1n durante una reuni\u00f3n en Mosc\u00fa con el presidente ruso, Vladimir Putin. &quot;(Los iran\u00edes) est\u00e1n tratando de transferir fuerzas y armas mortales all\u00ed con el objetivo expl\u00edcito\" \/>\n\t\t<meta name=\"twitter:image\" content=\"https:\/\/www.eldigitaldeasturias.com\/noticias\/wp-content\/uploads\/2020\/12\/EDA-1.jpg\" \/>\n\t\t<meta name=\"twitter:label1\" content=\"Escrito por\" \/>\n\t\t<meta name=\"twitter:data1\" content=\"El Digital de Asturias\" \/>\n\t\t<meta name=\"twitter:label2\" content=\"Tiempo de lectura estimado\" \/>\n\t\t<meta name=\"twitter:data2\" content=\"4 minutos\" \/>\n\t\t<script type=\"application\/ld+json\" class=\"aioseo-schema\">\n\t\t\t{\"@context\":\"https:\\\/\\\/schema.org\",\"@graph\":[{\"@type\":\"BlogPosting\",\"@id\":\"https:\\\/\\\/www.eldigitaldeasturias.com\\\/noticias\\\/netanyahu-israel-se-defendera-de-las-acciones-de-iran-en-siria\\\/#blogposting\",\"name\":\"Netanyahu: \\u00abIsrael se defender\\u00e1 de las acciones de Ir\\u00e1n en Siria\\u00bb - El Digital de Asturias\",\"headline\":\"Netanyahu: \\u00abIsrael se defender\\u00e1 de las acciones de Ir\\u00e1n en Siria\\u00bb\",\"author\":{\"@id\":\"https:\\\/\\\/www.eldigitaldeasturias.com\\\/noticias\\\/author\\\/admin\\\/#author\"},\"publisher\":{\"@id\":\"https:\\\/\\\/www.eldigitaldeasturias.com\\\/noticias\\\/#organization\"},\"image\":{\"@type\":\"ImageObject\",\"url\":870944},\"datePublished\":\"2018-05-09T22:20:04+02:00\",\"dateModified\":\"2018-05-09T22:20:04+02:00\",\"inLanguage\":\"es-ES\",\"mainEntityOfPage\":{\"@id\":\"https:\\\/\\\/www.eldigitaldeasturias.com\\\/noticias\\\/netanyahu-israel-se-defendera-de-las-acciones-de-iran-en-siria\\\/#webpage\"},\"isPartOf\":{\"@id\":\"https:\\\/\\\/www.eldigitaldeasturias.com\\\/noticias\\\/netanyahu-israel-se-defendera-de-las-acciones-de-iran-en-siria\\\/#webpage\"},\"articleSection\":\"Actualidad\"},{\"@type\":\"BreadcrumbList\",\"@id\":\"https:\\\/\\\/www.eldigitaldeasturias.com\\\/noticias\\\/netanyahu-israel-se-defendera-de-las-acciones-de-iran-en-siria\\\/#breadcrumblist\",\"itemListElement\":[{\"@type\":\"ListItem\",\"@id\":\"https:\\\/\\\/www.eldigitaldeasturias.com\\\/noticias#listItem\",\"position\":1,\"name\":\"Home\",\"item\":\"https:\\\/\\\/www.eldigitaldeasturias.com\\\/noticias\",\"nextItem\":{\"@type\":\"ListItem\",\"@id\":\"https:\\\/\\\/www.eldigitaldeasturias.com\\\/noticias\\\/category\\\/actualidad\\\/#listItem\",\"name\":\"Actualidad\"}},{\"@type\":\"ListItem\",\"@id\":\"https:\\\/\\\/www.eldigitaldeasturias.com\\\/noticias\\\/category\\\/actualidad\\\/#listItem\",\"position\":2,\"name\":\"Actualidad\",\"item\":\"https:\\\/\\\/www.eldigitaldeasturias.com\\\/noticias\\\/category\\\/actualidad\\\/\",\"nextItem\":{\"@type\":\"ListItem\",\"@id\":\"https:\\\/\\\/www.eldigitaldeasturias.com\\\/noticias\\\/netanyahu-israel-se-defendera-de-las-acciones-de-iran-en-siria\\\/#listItem\",\"name\":\"Netanyahu: \\u00abIsrael se defender\\u00e1 de las acciones de Ir\\u00e1n en Siria\\u00bb\"},\"previousItem\":{\"@type\":\"ListItem\",\"@id\":\"https:\\\/\\\/www.eldigitaldeasturias.com\\\/noticias#listItem\",\"name\":\"Home\"}},{\"@type\":\"ListItem\",\"@id\":\"https:\\\/\\\/www.eldigitaldeasturias.com\\\/noticias\\\/netanyahu-israel-se-defendera-de-las-acciones-de-iran-en-siria\\\/#listItem\",\"position\":3,\"name\":\"Netanyahu: \\u00abIsrael se defender\\u00e1 de las acciones de Ir\\u00e1n en Siria\\u00bb\",\"previousItem\":{\"@type\":\"ListItem\",\"@id\":\"https:\\\/\\\/www.eldigitaldeasturias.com\\\/noticias\\\/category\\\/actualidad\\\/#listItem\",\"name\":\"Actualidad\"}}]},{\"@type\":\"Organization\",\"@id\":\"https:\\\/\\\/www.eldigitaldeasturias.com\\\/noticias\\\/#organization\",\"name\":\"El Digital de Asturias\",\"description\":\"Hemeroteca\",\"url\":\"https:\\\/\\\/www.eldigitaldeasturias.com\\\/noticias\\\/\",\"email\":\"info@eldigitaldeasturias.com\",\"telephone\":\"+34652131393\",\"logo\":{\"@type\":\"ImageObject\",\"url\":\"https:\\\/\\\/www.eldigitaldeasturias.com\\\/noticias\\\/wp-content\\\/uploads\\\/2020\\\/12\\\/EDA.jpg\",\"@id\":\"https:\\\/\\\/www.eldigitaldeasturias.com\\\/noticias\\\/netanyahu-israel-se-defendera-de-las-acciones-de-iran-en-siria\\\/#organizationLogo\"},\"image\":{\"@id\":\"https:\\\/\\\/www.eldigitaldeasturias.com\\\/noticias\\\/netanyahu-israel-se-defendera-de-las-acciones-de-iran-en-siria\\\/#organizationLogo\"},\"sameAs\":[\"https:\\\/\\\/facebook.com\\\/eldigitaldeasturias\",\"https:\\\/\\\/www.youtube.com\\\/channel\\\/UCZP-2wLEB9Rv6erhFmqVnvg\"],\"address\":{\"@id\":\"https:\\\/\\\/www.eldigitaldeasturias.com\\\/noticias\\\/#postaladdress\",\"@type\":\"PostalAddress\",\"streetAddress\":\"san antonio 4\",\"postalCode\":\"33430\",\"addressLocality\":\"Cand\\u00e1s\",\"addressRegion\":\"Asturias\",\"addressCountry\":\"ES\"}},{\"@type\":\"Person\",\"@id\":\"https:\\\/\\\/www.eldigitaldeasturias.com\\\/noticias\\\/author\\\/admin\\\/#author\",\"url\":\"https:\\\/\\\/www.eldigitaldeasturias.com\\\/noticias\\\/author\\\/admin\\\/\",\"name\":\"El Digital de Asturias\",\"image\":{\"@type\":\"ImageObject\",\"@id\":\"https:\\\/\\\/www.eldigitaldeasturias.com\\\/noticias\\\/netanyahu-israel-se-defendera-de-las-acciones-de-iran-en-siria\\\/#authorImage\",\"url\":\"https:\\\/\\\/secure.gravatar.com\\\/avatar\\\/df2aeffc32bcd13f8d26072ef8a91b623d677766deac7f97ca815868cd41bf5e?s=96&d=mm&r=g\",\"width\":96,\"height\":96,\"caption\":\"El Digital de Asturias\"}},{\"@type\":\"WebPage\",\"@id\":\"https:\\\/\\\/www.eldigitaldeasturias.com\\\/noticias\\\/netanyahu-israel-se-defendera-de-las-acciones-de-iran-en-siria\\\/#webpage\",\"url\":\"https:\\\/\\\/www.eldigitaldeasturias.com\\\/noticias\\\/netanyahu-israel-se-defendera-de-las-acciones-de-iran-en-siria\\\/\",\"name\":\"Netanyahu: \\u00abIsrael se defender\\u00e1 de las acciones de Ir\\u00e1n en Siria\\u00bb - El Digital de Asturias\",\"description\":\"Mosc\\u00fa, 9 may (dpa) - El primer ministro israel\\u00ed, Benjamin Netanyahu, dijo hoy que su pa\\u00eds actuar\\u00e1 ante la \\\"agresi\\u00f3n\\\" iran\\u00ed en Siria, al debatir la tensi\\u00f3n con Teher\\u00e1n durante una reuni\\u00f3n en Mosc\\u00fa con el presidente ruso, Vladimir Putin. \\\"(Los iran\\u00edes) est\\u00e1n tratando de transferir fuerzas y armas mortales all\\u00ed con el objetivo expl\\u00edcito\",\"inLanguage\":\"es-ES\",\"isPartOf\":{\"@id\":\"https:\\\/\\\/www.eldigitaldeasturias.com\\\/noticias\\\/#website\"},\"breadcrumb\":{\"@id\":\"https:\\\/\\\/www.eldigitaldeasturias.com\\\/noticias\\\/netanyahu-israel-se-defendera-de-las-acciones-de-iran-en-siria\\\/#breadcrumblist\"},\"author\":{\"@id\":\"https:\\\/\\\/www.eldigitaldeasturias.com\\\/noticias\\\/author\\\/admin\\\/#author\"},\"creator\":{\"@id\":\"https:\\\/\\\/www.eldigitaldeasturias.com\\\/noticias\\\/author\\\/admin\\\/#author\"},\"image\":{\"@type\":\"ImageObject\",\"url\":870944,\"@id\":\"https:\\\/\\\/www.eldigitaldeasturias.com\\\/noticias\\\/netanyahu-israel-se-defendera-de-las-acciones-de-iran-en-siria\\\/#mainImage\"},\"primaryImageOfPage\":{\"@id\":\"https:\\\/\\\/www.eldigitaldeasturias.com\\\/noticias\\\/netanyahu-israel-se-defendera-de-las-acciones-de-iran-en-siria\\\/#mainImage\"},\"datePublished\":\"2018-05-09T22:20:04+02:00\",\"dateModified\":\"2018-05-09T22:20:04+02:00\"},{\"@type\":\"WebSite\",\"@id\":\"https:\\\/\\\/www.eldigitaldeasturias.com\\\/noticias\\\/#website\",\"url\":\"https:\\\/\\\/www.eldigitaldeasturias.com\\\/noticias\\\/\",\"name\":\"El Digital de Asturias - Diario de actualidad y noticias\",\"alternateName\":\"El Digital de Asturias - Diario de actualidad y noticias\",\"description\":\"Hemeroteca\",\"inLanguage\":\"es-ES\",\"publisher\":{\"@id\":\"https:\\\/\\\/www.eldigitaldeasturias.com\\\/noticias\\\/#organization\"}}]}\n\t\t<\/script>\n\t\t<!-- All in One SEO Pro -->\r\n\t\t<title>Netanyahu: \u00abIsrael se defender\u00e1 de las acciones de Ir\u00e1n en Siria\u00bb - El Digital de Asturias<\/title>\n\n","aioseo_head_json":{"title":"Netanyahu: \u00abIsrael se defender\u00e1 de las acciones de Ir\u00e1n en Siria\u00bb - El Digital de Asturias","description":"Mosc\u00fa, 9 may (dpa) - El primer ministro israel\u00ed, Benjamin Netanyahu, dijo hoy que su pa\u00eds actuar\u00e1 ante la \"agresi\u00f3n\" iran\u00ed en Siria, al debatir la tensi\u00f3n con Teher\u00e1n durante una reuni\u00f3n en Mosc\u00fa con el presidente ruso, Vladimir Putin. \"(Los iran\u00edes) est\u00e1n tratando de transferir fuerzas y armas mortales all\u00ed con el objetivo expl\u00edcito","canonical_url":"https:\/\/www.eldigitaldeasturias.com\/noticias\/netanyahu-israel-se-defendera-de-las-acciones-de-iran-en-siria\/","robots":"max-image-preview:large","keywords":"actualidad","webmasterTools":{"google-site-verification":"UA-38556648-1","msvalidate.01":"7dfe9f3f1b24437ab69f4f2559babe99","miscellaneous":""},"schema":{"@context":"https:\/\/schema.org","@graph":[{"@type":"BlogPosting","@id":"https:\/\/www.eldigitaldeasturias.com\/noticias\/netanyahu-israel-se-defendera-de-las-acciones-de-iran-en-siria\/#blogposting","name":"Netanyahu: \u00abIsrael se defender\u00e1 de las acciones de Ir\u00e1n en Siria\u00bb - El Digital de Asturias","headline":"Netanyahu: \u00abIsrael se defender\u00e1 de las acciones de Ir\u00e1n en Siria\u00bb","author":{"@id":"https:\/\/www.eldigitaldeasturias.com\/noticias\/author\/admin\/#author"},"publisher":{"@id":"https:\/\/www.eldigitaldeasturias.com\/noticias\/#organization"},"image":{"@type":"ImageObject","url":870944},"datePublished":"2018-05-09T22:20:04+02:00","dateModified":"2018-05-09T22:20:04+02:00","inLanguage":"es-ES","mainEntityOfPage":{"@id":"https:\/\/www.eldigitaldeasturias.com\/noticias\/netanyahu-israel-se-defendera-de-las-acciones-de-iran-en-siria\/#webpage"},"isPartOf":{"@id":"https:\/\/www.eldigitaldeasturias.com\/noticias\/netanyahu-israel-se-defendera-de-las-acciones-de-iran-en-siria\/#webpage"},"articleSection":"Actualidad"},{"@type":"BreadcrumbList","@id":"https:\/\/www.eldigitaldeasturias.com\/noticias\/netanyahu-israel-se-defendera-de-las-acciones-de-iran-en-siria\/#breadcrumblist","itemListElement":[{"@type":"ListItem","@id":"https:\/\/www.eldigitaldeasturias.com\/noticias#listItem","position":1,"name":"Home","item":"https:\/\/www.eldigitaldeasturias.com\/noticias","nextItem":{"@type":"ListItem","@id":"https:\/\/www.eldigitaldeasturias.com\/noticias\/category\/actualidad\/#listItem","name":"Actualidad"}},{"@type":"ListItem","@id":"https:\/\/www.eldigitaldeasturias.com\/noticias\/category\/actualidad\/#listItem","position":2,"name":"Actualidad","item":"https:\/\/www.eldigitaldeasturias.com\/noticias\/category\/actualidad\/","nextItem":{"@type":"ListItem","@id":"https:\/\/www.eldigitaldeasturias.com\/noticias\/netanyahu-israel-se-defendera-de-las-acciones-de-iran-en-siria\/#listItem","name":"Netanyahu: \u00abIsrael se defender\u00e1 de las acciones de Ir\u00e1n en Siria\u00bb"},"previousItem":{"@type":"ListItem","@id":"https:\/\/www.eldigitaldeasturias.com\/noticias#listItem","name":"Home"}},{"@type":"ListItem","@id":"https:\/\/www.eldigitaldeasturias.com\/noticias\/netanyahu-israel-se-defendera-de-las-acciones-de-iran-en-siria\/#listItem","position":3,"name":"Netanyahu: \u00abIsrael se defender\u00e1 de las acciones de Ir\u00e1n en Siria\u00bb","previousItem":{"@type":"ListItem","@id":"https:\/\/www.eldigitaldeasturias.com\/noticias\/category\/actualidad\/#listItem","name":"Actualidad"}}]},{"@type":"Organization","@id":"https:\/\/www.eldigitaldeasturias.com\/noticias\/#organization","name":"El Digital de Asturias","description":"Hemeroteca","url":"https:\/\/www.eldigitaldeasturias.com\/noticias\/","email":"info@eldigitaldeasturias.com","telephone":"+34652131393","logo":{"@type":"ImageObject","url":"https:\/\/www.eldigitaldeasturias.com\/noticias\/wp-content\/uploads\/2020\/12\/EDA.jpg","@id":"https:\/\/www.eldigitaldeasturias.com\/noticias\/netanyahu-israel-se-defendera-de-las-acciones-de-iran-en-siria\/#organizationLogo"},"image":{"@id":"https:\/\/www.eldigitaldeasturias.com\/noticias\/netanyahu-israel-se-defendera-de-las-acciones-de-iran-en-siria\/#organizationLogo"},"sameAs":["https:\/\/facebook.com\/eldigitaldeasturias","https:\/\/www.youtube.com\/channel\/UCZP-2wLEB9Rv6erhFmqVnvg"],"address":{"@id":"https:\/\/www.eldigitaldeasturias.com\/noticias\/#postaladdress","@type":"PostalAddress","streetAddress":"san antonio 4","postalCode":"33430","addressLocality":"Cand\u00e1s","addressRegion":"Asturias","addressCountry":"ES"}},{"@type":"Person","@id":"https:\/\/www.eldigitaldeasturias.com\/noticias\/author\/admin\/#author","url":"https:\/\/www.eldigitaldeasturias.com\/noticias\/author\/admin\/","name":"El Digital de Asturias","image":{"@type":"ImageObject","@id":"https:\/\/www.eldigitaldeasturias.com\/noticias\/netanyahu-israel-se-defendera-de-las-acciones-de-iran-en-siria\/#authorImage","url":"https:\/\/secure.gravatar.com\/avatar\/df2aeffc32bcd13f8d26072ef8a91b623d677766deac7f97ca815868cd41bf5e?s=96&d=mm&r=g","width":96,"height":96,"caption":"El Digital de Asturias"}},{"@type":"WebPage","@id":"https:\/\/www.eldigitaldeasturias.com\/noticias\/netanyahu-israel-se-defendera-de-las-acciones-de-iran-en-siria\/#webpage","url":"https:\/\/www.eldigitaldeasturias.com\/noticias\/netanyahu-israel-se-defendera-de-las-acciones-de-iran-en-siria\/","name":"Netanyahu: \u00abIsrael se defender\u00e1 de las acciones de Ir\u00e1n en Siria\u00bb - El Digital de Asturias","description":"Mosc\u00fa, 9 may (dpa) - El primer ministro israel\u00ed, Benjamin Netanyahu, dijo hoy que su pa\u00eds actuar\u00e1 ante la \"agresi\u00f3n\" iran\u00ed en Siria, al debatir la tensi\u00f3n con Teher\u00e1n durante una reuni\u00f3n en Mosc\u00fa con el presidente ruso, Vladimir Putin. \"(Los iran\u00edes) est\u00e1n tratando de transferir fuerzas y armas mortales all\u00ed con el objetivo expl\u00edcito","inLanguage":"es-ES","isPartOf":{"@id":"https:\/\/www.eldigitaldeasturias.com\/noticias\/#website"},"breadcrumb":{"@id":"https:\/\/www.eldigitaldeasturias.com\/noticias\/netanyahu-israel-se-defendera-de-las-acciones-de-iran-en-siria\/#breadcrumblist"},"author":{"@id":"https:\/\/www.eldigitaldeasturias.com\/noticias\/author\/admin\/#author"},"creator":{"@id":"https:\/\/www.eldigitaldeasturias.com\/noticias\/author\/admin\/#author"},"image":{"@type":"ImageObject","url":870944,"@id":"https:\/\/www.eldigitaldeasturias.com\/noticias\/netanyahu-israel-se-defendera-de-las-acciones-de-iran-en-siria\/#mainImage"},"primaryImageOfPage":{"@id":"https:\/\/www.eldigitaldeasturias.com\/noticias\/netanyahu-israel-se-defendera-de-las-acciones-de-iran-en-siria\/#mainImage"},"datePublished":"2018-05-09T22:20:04+02:00","dateModified":"2018-05-09T22:20:04+02:00"},{"@type":"WebSite","@id":"https:\/\/www.eldigitaldeasturias.com\/noticias\/#website","url":"https:\/\/www.eldigitaldeasturias.com\/noticias\/","name":"El Digital de Asturias - Diario de actualidad y noticias","alternateName":"El Digital de Asturias - Diario de actualidad y noticias","description":"Hemeroteca","inLanguage":"es-ES","publisher":{"@id":"https:\/\/www.eldigitaldeasturias.com\/noticias\/#organization"}}]},"og:locale":"es_ES","og:site_name":"El Digital de Asturias","og:type":"article","og:title":"Netanyahu: \u00abIsrael se defender\u00e1 de las acciones de Ir\u00e1n en Siria\u00bb - El Digital de Asturias","og:description":"Mosc\u00fa, 9 may (dpa) - El primer ministro israel\u00ed, Benjamin Netanyahu, dijo hoy que su pa\u00eds actuar\u00e1 ante la &quot;agresi\u00f3n&quot; iran\u00ed en Siria, al debatir la tensi\u00f3n con Teher\u00e1n durante una reuni\u00f3n en Mosc\u00fa con el presidente ruso, Vladimir Putin. &quot;(Los iran\u00edes) est\u00e1n tratando de transferir fuerzas y armas mortales all\u00ed con el objetivo expl\u00edcito","og:url":"https:\/\/www.eldigitaldeasturias.com\/noticias\/netanyahu-israel-se-defendera-de-las-acciones-de-iran-en-siria\/","article:tag":["actualidad"],"article:published_time":"2018-05-09T22:20:04+00:00","article:modified_time":"2018-05-09T22:20:04+00:00","article:publisher":"https:\/\/facebook.com\/eldigitaldeasturias","twitter:card":"summary_large_image","twitter:title":"Netanyahu: \u00abIsrael se defender\u00e1 de las acciones de Ir\u00e1n en Siria\u00bb - El Digital de Asturias","twitter:description":"Mosc\u00fa, 9 may (dpa) - El primer ministro israel\u00ed, Benjamin Netanyahu, dijo hoy que su pa\u00eds actuar\u00e1 ante la &quot;agresi\u00f3n&quot; iran\u00ed en Siria, al debatir la tensi\u00f3n con Teher\u00e1n durante una reuni\u00f3n en Mosc\u00fa con el presidente ruso, Vladimir Putin. &quot;(Los iran\u00edes) est\u00e1n tratando de transferir fuerzas y armas mortales all\u00ed con el objetivo expl\u00edcito","twitter:image":"https:\/\/www.eldigitaldeasturias.com\/noticias\/wp-content\/uploads\/2020\/12\/EDA-1.jpg","twitter:label1":"Escrito por","twitter:data1":"El Digital de Asturias","twitter:label2":"Tiempo de lectura estimado","twitter:data2":"4 minutos"},"aioseo_meta_data":{"post_id":"979711","title":null,"description":null,"keywords":null,"keyphrases":null,"primary_term":null,"canonical_url":null,"og_title":null,"og_description":null,"og_object_type":"default","og_image_type":"default","og_image_url":null,"og_image_width":null,"og_image_height":null,"og_image_custom_url":null,"og_image_custom_fields":null,"og_video":null,"og_custom_url":null,"og_article_section":null,"og_article_tags":null,"twitter_use_og":false,"twitter_card":"default","twitter_image_type":"default","twitter_image_url":null,"twitter_image_custom_url":null,"twitter_image_custom_fields":null,"twitter_title":null,"twitter_description":null,"schema":{"blockGraphs":[],"customGraphs":[],"default":{"data":{"Article":[],"Course":[],"Dataset":[],"FAQPage":[],"Movie":[],"Person":[],"Product":[],"ProductReview":[],"Car":[],"Recipe":[],"Service":[],"SoftwareApplication":[],"WebPage":[]},"graphName":"","isEnabled":true},"graphs":[],"defaultGraph":"","defaultPostTypeGraph":""},"schema_type":null,"schema_type_options":null,"pillar_content":false,"robots_default":true,"robots_noindex":false,"robots_noarchive":false,"robots_nosnippet":false,"robots_nofollow":false,"robots_noimageindex":false,"robots_noodp":false,"robots_notranslate":false,"robots_max_snippet":null,"robots_max_videopreview":null,"robots_max_imagepreview":"large","priority":null,"frequency":null,"local_seo":null,"seo_analyzer_scan_date":"2025-10-08 15:19:09","breadcrumb_settings":null,"limit_modified_date":false,"open_ai":null,"ai":null,"created":"2020-12-21 11:58:37","updated":"2025-10-08 15:19:09","focus_keyword":null,"additional_keywords":null,"truseo_locale":null},"aioseo_breadcrumb":"<div class=\"aioseo-breadcrumbs\"><span class=\"aioseo-breadcrumb\">\n\t<a href=\"https:\/\/www.eldigitaldeasturias.com\/noticias\" title=\"Home\">Home<\/a>\n<\/span><span class=\"aioseo-breadcrumb-separator\">\u2013<\/span><span class=\"aioseo-breadcrumb\">\n\t<a href=\"https:\/\/www.eldigitaldeasturias.com\/noticias\/category\/actualidad\/\" title=\"Actualidad\">Actualidad<\/a>\n<\/span><span class=\"aioseo-breadcrumb-separator\">\u2013<\/span><span class=\"aioseo-breadcrumb\">\n\t<a href=\"https:\/\/www.eldigitaldeasturias.com\/noticias\/netanyahu-israel-se-defendera-de-las-acciones-de-iran-en-siria\/\" title=\"Netanyahu: \u00abIsrael se defender\u00e1 de las acciones de Ir\u00e1n en Siria\u00bb\">Netanyahu: \u00abIsrael se defender\u00e1 de las acciones de Ir\u00e1n en Siria\u00bb<\/a>\n<\/span><\/div>","aioseo_breadcrumb_json":[{"label":"Home","link":"https:\/\/www.eldigitaldeasturias.com\/noticias"},{"label":"Actualidad","link":"https:\/\/www.eldigitaldeasturias.com\/noticias\/category\/actualidad\/"},{"label":"Netanyahu: \u00abIsrael se defender\u00e1 de las acciones de Ir\u00e1n en Siria\u00bb","link":"https:\/\/www.eldigitaldeasturias.com\/noticias\/netanyahu-israel-se-defendera-de-las-acciones-de-iran-en-siria\/"}],"_links":{"self":[{"href":"https:\/\/www.eldigitaldeasturias.com\/noticias\/wp-json\/wp\/v2\/posts\/979711","targetHints":{"allow":["GET"]}}],"collection":[{"href":"https:\/\/www.eldigitaldeasturias.com\/noticias\/wp-json\/wp\/v2\/posts"}],"about":[{"href":"https:\/\/www.eldigitaldeasturias.com\/noticias\/wp-json\/wp\/v2\/types\/post"}],"author":[{"embeddable":true,"href":"https:\/\/www.eldigitaldeasturias.com\/noticias\/wp-json\/wp\/v2\/users\/1"}],"replies":[{"embeddable":true,"href":"https:\/\/www.eldigitaldeasturias.com\/noticias\/wp-json\/wp\/v2\/comments?post=979711"}],"version-history":[{"count":0,"href":"https:\/\/www.eldigitaldeasturias.com\/noticias\/wp-json\/wp\/v2\/posts\/979711\/revisions"}],"wp:attachment":[{"href":"https:\/\/www.eldigitaldeasturias.com\/noticias\/wp-json\/wp\/v2\/media?parent=979711"}],"wp:term":[{"taxonomy":"category","embeddable":true,"href":"https:\/\/www.eldigitaldeasturias.com\/noticias\/wp-json\/wp\/v2\/categories?post=979711"},{"taxonomy":"post_tag","embeddable":true,"href":"https:\/\/www.eldigitaldeasturias.com\/noticias\/wp-json\/wp\/v2\/tags?post=979711"}],"curies":[{"name":"wp","href":"https:\/\/api.w.org\/{rel}","templated":true}]}}