{"id":979709,"date":"2018-05-09T22:17:48","date_gmt":"2018-05-09T22:17:48","guid":{"rendered":"http:\/\/www.eldigitaldeasturias.com\/noticias\/?p=979709"},"modified":"2018-05-09T22:17:48","modified_gmt":"2018-05-09T22:17:48","slug":"el-constitucional-espanol-cierra-la-puerta-a-puigdemont-en-cataluna","status":"publish","type":"post","link":"https:\/\/www.eldigitaldeasturias.com\/noticias\/el-constitucional-espanol-cierra-la-puerta-a-puigdemont-en-cataluna\/","title":{"rendered":"El Constitucional espa\u00f1ol cierra la puerta a Puigdemont en Catalu\u00f1a"},"content":{"rendered":"<p><img loading=\"lazy\" decoding=\"async\" class=\"alignleft size-medium wp-image-973532\" src=\"https:\/\/www.eldigitaldeasturias.com\/noticias\/wp-content\/uploads\/2018\/03\/Puigdemont-360x202.jpg\" alt=\"\" width=\"360\" height=\"202\" \/>Madrid, 9 may (dpa) &#8211; El Tribunal Constitucional espa\u00f1ol cerr\u00f3 hoy la \u00faltima puerta que ten\u00eda abierta el independentista Carles Puigdemont para poder ser investido jefe del Gobierno regional de Catalu\u00f1a al admitir a tr\u00e1mite un recurso interpuesto por el Ejecutivo en Madrid.<\/p>\n<p>Seg\u00fan informaron medios espa\u00f1oles, el alto tribunal suspendi\u00f3 la reforma legislativa aprobada hace unos d\u00edas por el Parlamento catal\u00e1n para tratar de nombrar \u00abpresident\u00bb en la distancia a Puigdemont, quien se encuentra en Alemania a la espera de que la Justicia de ese pa\u00eds decida sobre su entrega a Espa\u00f1a, donde es investigado por rebeli\u00f3n y malversaci\u00f3n por sus planes separatistas en Catalu\u00f1a.<\/p>\n<p>Los art\u00edculos de la ley impugnados por Madrid quedan as\u00ed suspendidos durante al menos cinco meses mientras se resuelve sobre el fondo.<\/p>\n<p>El Constitucional admiti\u00f3 a tr\u00e1mite el recurso presentado contra esta reforma legal por el Gobierno espa\u00f1ol de Mariano Rajoy, contrario al proceso rupturista de Puigdemont. El Consejo de Ministros se reuni\u00f3 hoy de forma extraordinaria para dar el visto bueno al recurso.<\/p>\n<p>\u00abEs una gran noticia la decisi\u00f3n del Tribunal Constitucional que establece que para ser elegido presidente de una Comunidad Aut\u00f3noma hay que acudir al Parlamento. Puro sentido com\u00fan\u00bb, escribi\u00f3 Rajoy en Twitter tras conocerse la noticia.<\/p>\n<p>\u00abNing\u00fan candidato puede ser investido sin estar presente en el Parlamento catal\u00e1n para defender all\u00ed su programa\u00bb, hab\u00eda dicho horas antes el portavoz del Ejecutivo espa\u00f1ol, I\u00f1igo M\u00e9ndez de Vigo.<\/p>\n<p>Los magistrados del Constitucional advirtieron a Roger Torrent, presidente del Parlamento catal\u00e1n, y a los dem\u00e1s miembros de su \u00f3rgano de Gobierno de su deber de acatar la decisi\u00f3n judicial.<\/p>\n<p>\u00c9sta impide \u00abde facto\u00bb que Puigdemont pueda ponerse de nuevo al frente del Ejecutivo catal\u00e1n en un nuevo intento de formar Gobierno en la regi\u00f3n tras las elecciones celebradas all\u00ed el 21 de diciembre, tras las que los partidos independentistas sumaron mayor\u00eda absoluta.<\/p>\n<p>El plazo para formar Gobierno concluye el pr\u00f3ximo d\u00eda 21. Si en esa fecha no hay un \u00abpresident\u00bb investido en Catalu\u00f1a, se convocar\u00e1n autom\u00e1ticamente elecciones para julio.<\/p>\n<p>Ahora se espera que Puigdemont renuncie a ponerse al frente del Ejecutivo de Catalu\u00f1a y que se nombre un nuevo candidato a la investidura que no tenga frentes judiciales abiertos.<\/p>\n<p>El ex jefe del Gobierno regional fue destituido por Madrid en octubre despu\u00e9s de que el Parlamento regional aprobara crear una rep\u00fablica independiente. Tras varios meses pr\u00f3fugo en Bruselas, a final de marzo fue detenido en Alemania por una orden europea de arresto.<\/p>\n<p>Por otra parte, el Tribunal Supremo, que investiga el proceso independentista catal\u00e1n, confirm\u00f3 hoy el auto de procesamiento contra Puigdemont y contra los otros 22 investigados en la causa por delitos de rebeli\u00f3n, malversaci\u00f3n de caudales p\u00fablicos o desobediencia.<\/p>\n<p>El juez Pablo Llarena se reafirm\u00f3 en que hubo violencia en el \u00abproc\u00e9s\u00bb catal\u00e1n y abri\u00f3 la puerta a que los investigados no sean finalmente acusados de rebeli\u00f3n sino de sedici\u00f3n o conspiraci\u00f3n para la rebeli\u00f3n en caso de que no se acredite dicho uso de violencia.<\/p>\n","protected":false},"excerpt":{"rendered":"<p>Madrid, 9 may (dpa) &#8211; El Tribunal Constitucional espa\u00f1ol cerr\u00f3 hoy la \u00faltima puerta que ten\u00eda abierta el independentista Carles Puigdemont para poder ser investido jefe del Gobierno regional de Catalu\u00f1a al admitir a tr\u00e1mite un recurso interpuesto por el Ejecutivo en Madrid. Seg\u00fan informaron medios espa\u00f1oles, el alto tribunal suspendi\u00f3 la reforma legislativa aprobada [&hellip;]<\/p>\n","protected":false},"author":1,"featured_media":973532,"comment_status":"closed","ping_status":"closed","sticky":false,"template":"","format":"standard","meta":{"footnotes":""},"categories":[1,5],"tags":[],"class_list":["post-979709","post","type-post","status-publish","format-standard","has-post-thumbnail","hentry","category-actualidad","category-sucesos"],"aioseo_notices":[],"aioseo_head":"\n\t\t<!-- All in One SEO Pro 5.0.1 - aioseo.com -->\n\t<meta name=\"description\" content=\"Madrid, 9 may (dpa) - El Tribunal Constitucional espa\u00f1ol cerr\u00f3 hoy la \u00faltima puerta que ten\u00eda abierta el independentista Carles Puigdemont para poder ser investido jefe del Gobierno regional de Catalu\u00f1a al admitir a tr\u00e1mite un recurso interpuesto por el Ejecutivo en Madrid. Seg\u00fan informaron medios espa\u00f1oles, el alto tribunal suspendi\u00f3 la reforma legislativa aprobada\" \/>\n\t<meta name=\"robots\" content=\"max-image-preview:large\" \/>\n\t<meta name=\"author\" content=\"El Digital de Asturias\"\/>\n\t<meta name=\"google-site-verification\" content=\"UA-38556648-1\" \/>\n\t<meta name=\"msvalidate.01\" content=\"7dfe9f3f1b24437ab69f4f2559babe99\" \/>\n\t<meta name=\"keywords\" content=\"actualidad,sucesos\" \/>\n\t<link rel=\"canonical\" href=\"https:\/\/www.eldigitaldeasturias.com\/noticias\/el-constitucional-espanol-cierra-la-puerta-a-puigdemont-en-cataluna\/\" \/>\n\t<meta name=\"generator\" content=\"All in One SEO Pro (AIOSEO) 5.0.1\" \/>\n\t\t<meta property=\"og:locale\" content=\"es_ES\" \/>\n\t\t<meta property=\"og:site_name\" content=\"El Digital de Asturias\" \/>\n\t\t<meta property=\"og:type\" content=\"article\" \/>\n\t\t<meta property=\"og:title\" content=\"El Constitucional espa\u00f1ol cierra la puerta a Puigdemont en Catalu\u00f1a - El Digital de Asturias\" \/>\n\t\t<meta property=\"og:description\" content=\"Madrid, 9 may (dpa) - El Tribunal Constitucional espa\u00f1ol cerr\u00f3 hoy la \u00faltima puerta que ten\u00eda abierta el independentista Carles Puigdemont para poder ser investido jefe del Gobierno regional de Catalu\u00f1a al admitir a tr\u00e1mite un recurso interpuesto por el Ejecutivo en Madrid. Seg\u00fan informaron medios espa\u00f1oles, el alto tribunal suspendi\u00f3 la reforma legislativa aprobada\" \/>\n\t\t<meta property=\"og:url\" content=\"https:\/\/www.eldigitaldeasturias.com\/noticias\/el-constitucional-espanol-cierra-la-puerta-a-puigdemont-en-cataluna\/\" \/>\n\t\t<meta property=\"article:tag\" content=\"actualidad\" \/>\n\t\t<meta property=\"article:tag\" content=\"sucesos\" \/>\n\t\t<meta property=\"article:published_time\" content=\"2018-05-09T22:17:48+00:00\" \/>\n\t\t<meta property=\"article:modified_time\" content=\"2018-05-09T22:17:48+00:00\" \/>\n\t\t<meta property=\"article:publisher\" content=\"https:\/\/facebook.com\/eldigitaldeasturias\" \/>\n\t\t<meta name=\"twitter:card\" content=\"summary_large_image\" \/>\n\t\t<meta name=\"twitter:title\" content=\"El Constitucional espa\u00f1ol cierra la puerta a Puigdemont en Catalu\u00f1a - El Digital de Asturias\" \/>\n\t\t<meta name=\"twitter:description\" content=\"Madrid, 9 may (dpa) - El Tribunal Constitucional espa\u00f1ol cerr\u00f3 hoy la \u00faltima puerta que ten\u00eda abierta el independentista Carles Puigdemont para poder ser investido jefe del Gobierno regional de Catalu\u00f1a al admitir a tr\u00e1mite un recurso interpuesto por el Ejecutivo en Madrid. Seg\u00fan informaron medios espa\u00f1oles, el alto tribunal suspendi\u00f3 la reforma legislativa aprobada\" \/>\n\t\t<meta name=\"twitter:image\" content=\"https:\/\/www.eldigitaldeasturias.com\/noticias\/wp-content\/uploads\/2020\/12\/EDA-1.jpg\" \/>\n\t\t<meta name=\"twitter:label1\" content=\"Escrito por\" \/>\n\t\t<meta name=\"twitter:data1\" content=\"El Digital de Asturias\" \/>\n\t\t<meta name=\"twitter:label2\" content=\"Tiempo de lectura estimado\" \/>\n\t\t<meta name=\"twitter:data2\" content=\"3 minutos\" \/>\n\t\t<script type=\"application\/ld+json\" class=\"aioseo-schema\">\n\t\t\t{\"@context\":\"https:\\\/\\\/schema.org\",\"@graph\":[{\"@type\":\"BlogPosting\",\"@id\":\"https:\\\/\\\/www.eldigitaldeasturias.com\\\/noticias\\\/el-constitucional-espanol-cierra-la-puerta-a-puigdemont-en-cataluna\\\/#blogposting\",\"name\":\"El Constitucional espa\\u00f1ol cierra la puerta a Puigdemont en Catalu\\u00f1a - El Digital de Asturias\",\"headline\":\"El Constitucional espa\\u00f1ol cierra la puerta a Puigdemont en Catalu\\u00f1a\",\"author\":{\"@id\":\"https:\\\/\\\/www.eldigitaldeasturias.com\\\/noticias\\\/author\\\/admin\\\/#author\"},\"publisher\":{\"@id\":\"https:\\\/\\\/www.eldigitaldeasturias.com\\\/noticias\\\/#organization\"},\"image\":{\"@type\":\"ImageObject\",\"url\":973532},\"datePublished\":\"2018-05-09T22:17:48+02:00\",\"dateModified\":\"2018-05-09T22:17:48+02:00\",\"inLanguage\":\"es-ES\",\"mainEntityOfPage\":{\"@id\":\"https:\\\/\\\/www.eldigitaldeasturias.com\\\/noticias\\\/el-constitucional-espanol-cierra-la-puerta-a-puigdemont-en-cataluna\\\/#webpage\"},\"isPartOf\":{\"@id\":\"https:\\\/\\\/www.eldigitaldeasturias.com\\\/noticias\\\/el-constitucional-espanol-cierra-la-puerta-a-puigdemont-en-cataluna\\\/#webpage\"},\"articleSection\":\"Actualidad, Sucesos\"},{\"@type\":\"BreadcrumbList\",\"@id\":\"https:\\\/\\\/www.eldigitaldeasturias.com\\\/noticias\\\/el-constitucional-espanol-cierra-la-puerta-a-puigdemont-en-cataluna\\\/#breadcrumblist\",\"itemListElement\":[{\"@type\":\"ListItem\",\"@id\":\"https:\\\/\\\/www.eldigitaldeasturias.com\\\/noticias#listItem\",\"position\":1,\"name\":\"Home\",\"item\":\"https:\\\/\\\/www.eldigitaldeasturias.com\\\/noticias\",\"nextItem\":{\"@type\":\"ListItem\",\"@id\":\"https:\\\/\\\/www.eldigitaldeasturias.com\\\/noticias\\\/category\\\/actualidad\\\/#listItem\",\"name\":\"Actualidad\"}},{\"@type\":\"ListItem\",\"@id\":\"https:\\\/\\\/www.eldigitaldeasturias.com\\\/noticias\\\/category\\\/actualidad\\\/#listItem\",\"position\":2,\"name\":\"Actualidad\",\"item\":\"https:\\\/\\\/www.eldigitaldeasturias.com\\\/noticias\\\/category\\\/actualidad\\\/\",\"nextItem\":{\"@type\":\"ListItem\",\"@id\":\"https:\\\/\\\/www.eldigitaldeasturias.com\\\/noticias\\\/el-constitucional-espanol-cierra-la-puerta-a-puigdemont-en-cataluna\\\/#listItem\",\"name\":\"El Constitucional espa\\u00f1ol cierra la puerta a Puigdemont en Catalu\\u00f1a\"},\"previousItem\":{\"@type\":\"ListItem\",\"@id\":\"https:\\\/\\\/www.eldigitaldeasturias.com\\\/noticias#listItem\",\"name\":\"Home\"}},{\"@type\":\"ListItem\",\"@id\":\"https:\\\/\\\/www.eldigitaldeasturias.com\\\/noticias\\\/el-constitucional-espanol-cierra-la-puerta-a-puigdemont-en-cataluna\\\/#listItem\",\"position\":3,\"name\":\"El Constitucional espa\\u00f1ol cierra la puerta a Puigdemont en Catalu\\u00f1a\",\"previousItem\":{\"@type\":\"ListItem\",\"@id\":\"https:\\\/\\\/www.eldigitaldeasturias.com\\\/noticias\\\/category\\\/actualidad\\\/#listItem\",\"name\":\"Actualidad\"}}]},{\"@type\":\"Organization\",\"@id\":\"https:\\\/\\\/www.eldigitaldeasturias.com\\\/noticias\\\/#organization\",\"name\":\"El Digital de Asturias\",\"description\":\"Hemeroteca\",\"url\":\"https:\\\/\\\/www.eldigitaldeasturias.com\\\/noticias\\\/\",\"email\":\"info@eldigitaldeasturias.com\",\"telephone\":\"+34652131393\",\"logo\":{\"@type\":\"ImageObject\",\"url\":\"https:\\\/\\\/www.eldigitaldeasturias.com\\\/noticias\\\/wp-content\\\/uploads\\\/2020\\\/12\\\/EDA.jpg\",\"@id\":\"https:\\\/\\\/www.eldigitaldeasturias.com\\\/noticias\\\/el-constitucional-espanol-cierra-la-puerta-a-puigdemont-en-cataluna\\\/#organizationLogo\"},\"image\":{\"@id\":\"https:\\\/\\\/www.eldigitaldeasturias.com\\\/noticias\\\/el-constitucional-espanol-cierra-la-puerta-a-puigdemont-en-cataluna\\\/#organizationLogo\"},\"sameAs\":[\"https:\\\/\\\/facebook.com\\\/eldigitaldeasturias\",\"https:\\\/\\\/www.youtube.com\\\/channel\\\/UCZP-2wLEB9Rv6erhFmqVnvg\"],\"address\":{\"@id\":\"https:\\\/\\\/www.eldigitaldeasturias.com\\\/noticias\\\/#postaladdress\",\"@type\":\"PostalAddress\",\"streetAddress\":\"san antonio 4\",\"postalCode\":\"33430\",\"addressLocality\":\"Cand\\u00e1s\",\"addressRegion\":\"Asturias\",\"addressCountry\":\"ES\"}},{\"@type\":\"Person\",\"@id\":\"https:\\\/\\\/www.eldigitaldeasturias.com\\\/noticias\\\/author\\\/admin\\\/#author\",\"url\":\"https:\\\/\\\/www.eldigitaldeasturias.com\\\/noticias\\\/author\\\/admin\\\/\",\"name\":\"El Digital de Asturias\",\"image\":{\"@type\":\"ImageObject\",\"@id\":\"https:\\\/\\\/www.eldigitaldeasturias.com\\\/noticias\\\/el-constitucional-espanol-cierra-la-puerta-a-puigdemont-en-cataluna\\\/#authorImage\",\"url\":\"https:\\\/\\\/secure.gravatar.com\\\/avatar\\\/df2aeffc32bcd13f8d26072ef8a91b623d677766deac7f97ca815868cd41bf5e?s=96&d=mm&r=g\",\"width\":96,\"height\":96,\"caption\":\"El Digital de Asturias\"}},{\"@type\":\"WebPage\",\"@id\":\"https:\\\/\\\/www.eldigitaldeasturias.com\\\/noticias\\\/el-constitucional-espanol-cierra-la-puerta-a-puigdemont-en-cataluna\\\/#webpage\",\"url\":\"https:\\\/\\\/www.eldigitaldeasturias.com\\\/noticias\\\/el-constitucional-espanol-cierra-la-puerta-a-puigdemont-en-cataluna\\\/\",\"name\":\"El Constitucional espa\\u00f1ol cierra la puerta a Puigdemont en Catalu\\u00f1a - El Digital de Asturias\",\"description\":\"Madrid, 9 may (dpa) - El Tribunal Constitucional espa\\u00f1ol cerr\\u00f3 hoy la \\u00faltima puerta que ten\\u00eda abierta el independentista Carles Puigdemont para poder ser investido jefe del Gobierno regional de Catalu\\u00f1a al admitir a tr\\u00e1mite un recurso interpuesto por el Ejecutivo en Madrid. Seg\\u00fan informaron medios espa\\u00f1oles, el alto tribunal suspendi\\u00f3 la reforma legislativa aprobada\",\"inLanguage\":\"es-ES\",\"isPartOf\":{\"@id\":\"https:\\\/\\\/www.eldigitaldeasturias.com\\\/noticias\\\/#website\"},\"breadcrumb\":{\"@id\":\"https:\\\/\\\/www.eldigitaldeasturias.com\\\/noticias\\\/el-constitucional-espanol-cierra-la-puerta-a-puigdemont-en-cataluna\\\/#breadcrumblist\"},\"author\":{\"@id\":\"https:\\\/\\\/www.eldigitaldeasturias.com\\\/noticias\\\/author\\\/admin\\\/#author\"},\"creator\":{\"@id\":\"https:\\\/\\\/www.eldigitaldeasturias.com\\\/noticias\\\/author\\\/admin\\\/#author\"},\"image\":{\"@type\":\"ImageObject\",\"url\":973532,\"@id\":\"https:\\\/\\\/www.eldigitaldeasturias.com\\\/noticias\\\/el-constitucional-espanol-cierra-la-puerta-a-puigdemont-en-cataluna\\\/#mainImage\"},\"primaryImageOfPage\":{\"@id\":\"https:\\\/\\\/www.eldigitaldeasturias.com\\\/noticias\\\/el-constitucional-espanol-cierra-la-puerta-a-puigdemont-en-cataluna\\\/#mainImage\"},\"datePublished\":\"2018-05-09T22:17:48+02:00\",\"dateModified\":\"2018-05-09T22:17:48+02:00\"},{\"@type\":\"WebSite\",\"@id\":\"https:\\\/\\\/www.eldigitaldeasturias.com\\\/noticias\\\/#website\",\"url\":\"https:\\\/\\\/www.eldigitaldeasturias.com\\\/noticias\\\/\",\"name\":\"El Digital de Asturias - Diario de actualidad y noticias\",\"alternateName\":\"El Digital de Asturias - Diario de actualidad y noticias\",\"description\":\"Hemeroteca\",\"inLanguage\":\"es-ES\",\"publisher\":{\"@id\":\"https:\\\/\\\/www.eldigitaldeasturias.com\\\/noticias\\\/#organization\"}}]}\n\t\t<\/script>\n\t\t<!-- All in One SEO Pro -->\r\n\t\t<title>El Constitucional espa\u00f1ol cierra la puerta a Puigdemont en Catalu\u00f1a - El Digital de Asturias<\/title>\n\n","aioseo_head_json":{"title":"El Constitucional espa\u00f1ol cierra la puerta a Puigdemont en Catalu\u00f1a - El Digital de Asturias","description":"Madrid, 9 may (dpa) - El Tribunal Constitucional espa\u00f1ol cerr\u00f3 hoy la \u00faltima puerta que ten\u00eda abierta el independentista Carles Puigdemont para poder ser investido jefe del Gobierno regional de Catalu\u00f1a al admitir a tr\u00e1mite un recurso interpuesto por el Ejecutivo en Madrid. Seg\u00fan informaron medios espa\u00f1oles, el alto tribunal suspendi\u00f3 la reforma legislativa aprobada","canonical_url":"https:\/\/www.eldigitaldeasturias.com\/noticias\/el-constitucional-espanol-cierra-la-puerta-a-puigdemont-en-cataluna\/","robots":"max-image-preview:large","keywords":"actualidad,sucesos","webmasterTools":{"google-site-verification":"UA-38556648-1","msvalidate.01":"7dfe9f3f1b24437ab69f4f2559babe99","miscellaneous":""},"schema":{"@context":"https:\/\/schema.org","@graph":[{"@type":"BlogPosting","@id":"https:\/\/www.eldigitaldeasturias.com\/noticias\/el-constitucional-espanol-cierra-la-puerta-a-puigdemont-en-cataluna\/#blogposting","name":"El Constitucional espa\u00f1ol cierra la puerta a Puigdemont en Catalu\u00f1a - El Digital de Asturias","headline":"El Constitucional espa\u00f1ol cierra la puerta a Puigdemont en Catalu\u00f1a","author":{"@id":"https:\/\/www.eldigitaldeasturias.com\/noticias\/author\/admin\/#author"},"publisher":{"@id":"https:\/\/www.eldigitaldeasturias.com\/noticias\/#organization"},"image":{"@type":"ImageObject","url":973532},"datePublished":"2018-05-09T22:17:48+02:00","dateModified":"2018-05-09T22:17:48+02:00","inLanguage":"es-ES","mainEntityOfPage":{"@id":"https:\/\/www.eldigitaldeasturias.com\/noticias\/el-constitucional-espanol-cierra-la-puerta-a-puigdemont-en-cataluna\/#webpage"},"isPartOf":{"@id":"https:\/\/www.eldigitaldeasturias.com\/noticias\/el-constitucional-espanol-cierra-la-puerta-a-puigdemont-en-cataluna\/#webpage"},"articleSection":"Actualidad, Sucesos"},{"@type":"BreadcrumbList","@id":"https:\/\/www.eldigitaldeasturias.com\/noticias\/el-constitucional-espanol-cierra-la-puerta-a-puigdemont-en-cataluna\/#breadcrumblist","itemListElement":[{"@type":"ListItem","@id":"https:\/\/www.eldigitaldeasturias.com\/noticias#listItem","position":1,"name":"Home","item":"https:\/\/www.eldigitaldeasturias.com\/noticias","nextItem":{"@type":"ListItem","@id":"https:\/\/www.eldigitaldeasturias.com\/noticias\/category\/actualidad\/#listItem","name":"Actualidad"}},{"@type":"ListItem","@id":"https:\/\/www.eldigitaldeasturias.com\/noticias\/category\/actualidad\/#listItem","position":2,"name":"Actualidad","item":"https:\/\/www.eldigitaldeasturias.com\/noticias\/category\/actualidad\/","nextItem":{"@type":"ListItem","@id":"https:\/\/www.eldigitaldeasturias.com\/noticias\/el-constitucional-espanol-cierra-la-puerta-a-puigdemont-en-cataluna\/#listItem","name":"El Constitucional espa\u00f1ol cierra la puerta a Puigdemont en Catalu\u00f1a"},"previousItem":{"@type":"ListItem","@id":"https:\/\/www.eldigitaldeasturias.com\/noticias#listItem","name":"Home"}},{"@type":"ListItem","@id":"https:\/\/www.eldigitaldeasturias.com\/noticias\/el-constitucional-espanol-cierra-la-puerta-a-puigdemont-en-cataluna\/#listItem","position":3,"name":"El Constitucional espa\u00f1ol cierra la puerta a Puigdemont en Catalu\u00f1a","previousItem":{"@type":"ListItem","@id":"https:\/\/www.eldigitaldeasturias.com\/noticias\/category\/actualidad\/#listItem","name":"Actualidad"}}]},{"@type":"Organization","@id":"https:\/\/www.eldigitaldeasturias.com\/noticias\/#organization","name":"El Digital de Asturias","description":"Hemeroteca","url":"https:\/\/www.eldigitaldeasturias.com\/noticias\/","email":"info@eldigitaldeasturias.com","telephone":"+34652131393","logo":{"@type":"ImageObject","url":"https:\/\/www.eldigitaldeasturias.com\/noticias\/wp-content\/uploads\/2020\/12\/EDA.jpg","@id":"https:\/\/www.eldigitaldeasturias.com\/noticias\/el-constitucional-espanol-cierra-la-puerta-a-puigdemont-en-cataluna\/#organizationLogo"},"image":{"@id":"https:\/\/www.eldigitaldeasturias.com\/noticias\/el-constitucional-espanol-cierra-la-puerta-a-puigdemont-en-cataluna\/#organizationLogo"},"sameAs":["https:\/\/facebook.com\/eldigitaldeasturias","https:\/\/www.youtube.com\/channel\/UCZP-2wLEB9Rv6erhFmqVnvg"],"address":{"@id":"https:\/\/www.eldigitaldeasturias.com\/noticias\/#postaladdress","@type":"PostalAddress","streetAddress":"san antonio 4","postalCode":"33430","addressLocality":"Cand\u00e1s","addressRegion":"Asturias","addressCountry":"ES"}},{"@type":"Person","@id":"https:\/\/www.eldigitaldeasturias.com\/noticias\/author\/admin\/#author","url":"https:\/\/www.eldigitaldeasturias.com\/noticias\/author\/admin\/","name":"El Digital de Asturias","image":{"@type":"ImageObject","@id":"https:\/\/www.eldigitaldeasturias.com\/noticias\/el-constitucional-espanol-cierra-la-puerta-a-puigdemont-en-cataluna\/#authorImage","url":"https:\/\/secure.gravatar.com\/avatar\/df2aeffc32bcd13f8d26072ef8a91b623d677766deac7f97ca815868cd41bf5e?s=96&d=mm&r=g","width":96,"height":96,"caption":"El Digital de Asturias"}},{"@type":"WebPage","@id":"https:\/\/www.eldigitaldeasturias.com\/noticias\/el-constitucional-espanol-cierra-la-puerta-a-puigdemont-en-cataluna\/#webpage","url":"https:\/\/www.eldigitaldeasturias.com\/noticias\/el-constitucional-espanol-cierra-la-puerta-a-puigdemont-en-cataluna\/","name":"El Constitucional espa\u00f1ol cierra la puerta a Puigdemont en Catalu\u00f1a - El Digital de Asturias","description":"Madrid, 9 may (dpa) - El Tribunal Constitucional espa\u00f1ol cerr\u00f3 hoy la \u00faltima puerta que ten\u00eda abierta el independentista Carles Puigdemont para poder ser investido jefe del Gobierno regional de Catalu\u00f1a al admitir a tr\u00e1mite un recurso interpuesto por el Ejecutivo en Madrid. Seg\u00fan informaron medios espa\u00f1oles, el alto tribunal suspendi\u00f3 la reforma legislativa aprobada","inLanguage":"es-ES","isPartOf":{"@id":"https:\/\/www.eldigitaldeasturias.com\/noticias\/#website"},"breadcrumb":{"@id":"https:\/\/www.eldigitaldeasturias.com\/noticias\/el-constitucional-espanol-cierra-la-puerta-a-puigdemont-en-cataluna\/#breadcrumblist"},"author":{"@id":"https:\/\/www.eldigitaldeasturias.com\/noticias\/author\/admin\/#author"},"creator":{"@id":"https:\/\/www.eldigitaldeasturias.com\/noticias\/author\/admin\/#author"},"image":{"@type":"ImageObject","url":973532,"@id":"https:\/\/www.eldigitaldeasturias.com\/noticias\/el-constitucional-espanol-cierra-la-puerta-a-puigdemont-en-cataluna\/#mainImage"},"primaryImageOfPage":{"@id":"https:\/\/www.eldigitaldeasturias.com\/noticias\/el-constitucional-espanol-cierra-la-puerta-a-puigdemont-en-cataluna\/#mainImage"},"datePublished":"2018-05-09T22:17:48+02:00","dateModified":"2018-05-09T22:17:48+02:00"},{"@type":"WebSite","@id":"https:\/\/www.eldigitaldeasturias.com\/noticias\/#website","url":"https:\/\/www.eldigitaldeasturias.com\/noticias\/","name":"El Digital de Asturias - Diario de actualidad y noticias","alternateName":"El Digital de Asturias - Diario de actualidad y noticias","description":"Hemeroteca","inLanguage":"es-ES","publisher":{"@id":"https:\/\/www.eldigitaldeasturias.com\/noticias\/#organization"}}]},"og:locale":"es_ES","og:site_name":"El Digital de Asturias","og:type":"article","og:title":"El Constitucional espa\u00f1ol cierra la puerta a Puigdemont en Catalu\u00f1a - El Digital de Asturias","og:description":"Madrid, 9 may (dpa) - El Tribunal Constitucional espa\u00f1ol cerr\u00f3 hoy la \u00faltima puerta que ten\u00eda abierta el independentista Carles Puigdemont para poder ser investido jefe del Gobierno regional de Catalu\u00f1a al admitir a tr\u00e1mite un recurso interpuesto por el Ejecutivo en Madrid. Seg\u00fan informaron medios espa\u00f1oles, el alto tribunal suspendi\u00f3 la reforma legislativa aprobada","og:url":"https:\/\/www.eldigitaldeasturias.com\/noticias\/el-constitucional-espanol-cierra-la-puerta-a-puigdemont-en-cataluna\/","article:tag":["actualidad","sucesos"],"article:published_time":"2018-05-09T22:17:48+00:00","article:modified_time":"2018-05-09T22:17:48+00:00","article:publisher":"https:\/\/facebook.com\/eldigitaldeasturias","twitter:card":"summary_large_image","twitter:title":"El Constitucional espa\u00f1ol cierra la puerta a Puigdemont en Catalu\u00f1a - El Digital de Asturias","twitter:description":"Madrid, 9 may (dpa) - El Tribunal Constitucional espa\u00f1ol cerr\u00f3 hoy la \u00faltima puerta que ten\u00eda abierta el independentista Carles Puigdemont para poder ser investido jefe del Gobierno regional de Catalu\u00f1a al admitir a tr\u00e1mite un recurso interpuesto por el Ejecutivo en Madrid. Seg\u00fan informaron medios espa\u00f1oles, el alto tribunal suspendi\u00f3 la reforma legislativa aprobada","twitter:image":"https:\/\/www.eldigitaldeasturias.com\/noticias\/wp-content\/uploads\/2020\/12\/EDA-1.jpg","twitter:label1":"Escrito por","twitter:data1":"El Digital de Asturias","twitter:label2":"Tiempo de lectura estimado","twitter:data2":"3 minutos"},"aioseo_meta_data":{"post_id":"979709","title":null,"description":null,"keywords":null,"keyphrases":null,"primary_term":null,"canonical_url":null,"og_title":null,"og_description":null,"og_object_type":"default","og_image_type":"default","og_image_url":null,"og_image_width":null,"og_image_height":null,"og_image_custom_url":null,"og_image_custom_fields":null,"og_video":null,"og_custom_url":null,"og_article_section":null,"og_article_tags":null,"twitter_use_og":false,"twitter_card":"default","twitter_image_type":"default","twitter_image_url":null,"twitter_image_custom_url":null,"twitter_image_custom_fields":null,"twitter_title":null,"twitter_description":null,"schema":{"blockGraphs":[],"customGraphs":[],"default":{"data":{"Article":[],"Course":[],"Dataset":[],"FAQPage":[],"Movie":[],"Person":[],"Product":[],"ProductReview":[],"Car":[],"Recipe":[],"Service":[],"SoftwareApplication":[],"WebPage":[]},"graphName":"","isEnabled":true},"graphs":[],"defaultGraph":"","defaultPostTypeGraph":""},"schema_type":null,"schema_type_options":null,"pillar_content":false,"robots_default":true,"robots_noindex":false,"robots_noarchive":false,"robots_nosnippet":false,"robots_nofollow":false,"robots_noimageindex":false,"robots_noodp":false,"robots_notranslate":false,"robots_max_snippet":null,"robots_max_videopreview":null,"robots_max_imagepreview":"large","priority":null,"frequency":null,"local_seo":null,"seo_analyzer_scan_date":"2025-10-08 15:17:16","breadcrumb_settings":null,"limit_modified_date":false,"open_ai":null,"ai":null,"created":"2020-12-21 11:58:37","updated":"2025-10-08 15:17:16","focus_keyword":null,"additional_keywords":null,"truseo_locale":null},"aioseo_breadcrumb":"<div class=\"aioseo-breadcrumbs\"><span class=\"aioseo-breadcrumb\">\n\t<a href=\"https:\/\/www.eldigitaldeasturias.com\/noticias\" title=\"Home\">Home<\/a>\n<\/span><span class=\"aioseo-breadcrumb-separator\">\u2013<\/span><span class=\"aioseo-breadcrumb\">\n\t<a href=\"https:\/\/www.eldigitaldeasturias.com\/noticias\/category\/actualidad\/\" title=\"Actualidad\">Actualidad<\/a>\n<\/span><span class=\"aioseo-breadcrumb-separator\">\u2013<\/span><span class=\"aioseo-breadcrumb\">\n\t<a href=\"https:\/\/www.eldigitaldeasturias.com\/noticias\/el-constitucional-espanol-cierra-la-puerta-a-puigdemont-en-cataluna\/\" title=\"El Constitucional espa\u00f1ol cierra la puerta a Puigdemont en Catalu\u00f1a\">El Constitucional espa\u00f1ol cierra la puerta a Puigdemont en Catalu\u00f1a<\/a>\n<\/span><\/div>","aioseo_breadcrumb_json":[{"label":"Home","link":"https:\/\/www.eldigitaldeasturias.com\/noticias"},{"label":"Actualidad","link":"https:\/\/www.eldigitaldeasturias.com\/noticias\/category\/actualidad\/"},{"label":"El Constitucional espa\u00f1ol cierra la puerta a Puigdemont en Catalu\u00f1a","link":"https:\/\/www.eldigitaldeasturias.com\/noticias\/el-constitucional-espanol-cierra-la-puerta-a-puigdemont-en-cataluna\/"}],"_links":{"self":[{"href":"https:\/\/www.eldigitaldeasturias.com\/noticias\/wp-json\/wp\/v2\/posts\/979709","targetHints":{"allow":["GET"]}}],"collection":[{"href":"https:\/\/www.eldigitaldeasturias.com\/noticias\/wp-json\/wp\/v2\/posts"}],"about":[{"href":"https:\/\/www.eldigitaldeasturias.com\/noticias\/wp-json\/wp\/v2\/types\/post"}],"author":[{"embeddable":true,"href":"https:\/\/www.eldigitaldeasturias.com\/noticias\/wp-json\/wp\/v2\/users\/1"}],"replies":[{"embeddable":true,"href":"https:\/\/www.eldigitaldeasturias.com\/noticias\/wp-json\/wp\/v2\/comments?post=979709"}],"version-history":[{"count":0,"href":"https:\/\/www.eldigitaldeasturias.com\/noticias\/wp-json\/wp\/v2\/posts\/979709\/revisions"}],"wp:attachment":[{"href":"https:\/\/www.eldigitaldeasturias.com\/noticias\/wp-json\/wp\/v2\/media?parent=979709"}],"wp:term":[{"taxonomy":"category","embeddable":true,"href":"https:\/\/www.eldigitaldeasturias.com\/noticias\/wp-json\/wp\/v2\/categories?post=979709"},{"taxonomy":"post_tag","embeddable":true,"href":"https:\/\/www.eldigitaldeasturias.com\/noticias\/wp-json\/wp\/v2\/tags?post=979709"}],"curies":[{"name":"wp","href":"https:\/\/api.w.org\/{rel}","templated":true}]}}