{"id":979690,"date":"2018-05-09T22:00:09","date_gmt":"2018-05-09T22:00:09","guid":{"rendered":"http:\/\/www.eldigitaldeasturias.com\/noticias\/?p=979690"},"modified":"2018-05-09T22:00:09","modified_gmt":"2018-05-09T22:00:09","slug":"que-pasara-con-el-acuerdo-nuclear-tras-el-anuncio-de-trump","status":"publish","type":"post","link":"https:\/\/www.eldigitaldeasturias.com\/noticias\/que-pasara-con-el-acuerdo-nuclear-tras-el-anuncio-de-trump\/","title":{"rendered":"\u00bfQu\u00e9 pasar\u00e1 con el acuerdo nuclear tras el anuncio de Trump?"},"content":{"rendered":"<p><img loading=\"lazy\" decoding=\"async\" class=\"alignleft size-medium wp-image-977530\" src=\"https:\/\/www.eldigitaldeasturias.com\/noticias\/wp-content\/uploads\/2018\/04\/Los-blancos-votaron-a-Trump-360x240.jpg\" alt=\"\" width=\"360\" height=\"240\" \/>Washington\/Bruselas, 9 may (dpa) &#8211; El presidente estadounidense, Donald Trump, sac\u00f3 el martes a su pa\u00eds del acuerdo nuclear firmado con Ir\u00e1n. La gran pregunta es qu\u00e9 ocurrir\u00e1 ahora. \u00bfC\u00f3mo quiere Trump obligar a Ir\u00e1n a seguir cumpliendo su parte e incluso imponerle sus otras muchas exigencias? \u00bfY cu\u00e1l es la respuesta de los europeos a esta situaci\u00f3n? A continuaci\u00f3n, algunas claves.<\/p>\n<p><strong>\u00bfTiene el acuerdo opciones de sobrevivir sin Estados Unidos?<\/strong><\/p>\n<p>A corto plazo s\u00ed. El resto de pa\u00edses firmantes han manifestado su intenci\u00f3n de seguir vinculados al acuerdo. Sin embargo Ir\u00e1n quiere ver los frutos econ\u00f3micos esperados y garantizar que el acuerdo se cumple; si la c\u00fapula de Teher\u00e1n se da cuenta de no es as\u00ed, podr\u00eda abandonarlo, tambi\u00e9n ante la presi\u00f3n de los seguidores de la l\u00ednea dura en el pa\u00eds persa.<\/p>\n<p><strong>\u00bfQu\u00e9 persigue EEUU con la medida?<\/strong><\/p>\n<p>Trump ve a Ir\u00e1n como un gran peligro. De hecho, su pol\u00edtica en Oriente Medio al completo est\u00e1 marcada por esa visi\u00f3n de hostilidad con Ir\u00e1n. Su objetivo no es s\u00f3lo evitar que el pa\u00eds persa tenga los medios para hacerse con armas nucleares sino evitar que Ir\u00e1n se convierta en la potencia regional que pretende.<\/p>\n<p>Quiere poner fin la injerencia del pa\u00eds persa en Yemen, L\u00edbano o su intervenci\u00f3n en la guerra en Siria, que Israel ve tambi\u00e9n como una amenaza. Recientemente en Washington se escuch\u00f3 tambi\u00e9n la teor\u00eda de que Trump busca un cambio de poder en Teher\u00e1n, aunque es cuestionable que sea posible algo as\u00ed sin utilizar medios militares.<\/p>\n<p><strong>\u00bfHa enviado Trump se\u00f1ales de sus intenciones?<\/strong><\/p>\n<p>Pocas. Incluso diplom\u00e1ticos europeos abandonaban esta semana la Casa Blanca con gesto de desaprobaci\u00f3n. \u00abNos gustar\u00eda entenderlo\u00bb, les citaron algunas fuentes. Trump se ha limitado a decir que ha puesto fin al acuerdo orquestado por su antecesor Barack Obama para \u00abiniciar una nueva pol\u00edtica exterior que evite de verdad que Ir\u00e1n acceda a armas nucleares\u00bb, al criticar que el acuerdo actual no lo hac\u00eda posible.<\/p>\n<p>No est\u00e1 claro qu\u00e9 significa eso en concreto y si eso incluir\u00eda opciones militares, como temen algunos. Pero lo m\u00e1s probable es que Trump, de forma similar como ha hecho con Corea del Norte, quiera establecer un escenario de m\u00e1xima presi\u00f3n para obligar a Ir\u00e1n a dar su brazo a torcer.<\/p>\n<p><strong>\u00bfC\u00f3mo quiere la UE mantener a Ir\u00e1n en el acuerdo pese a la decisi\u00f3n de Trump?<\/strong><\/p>\n<p>En las pr\u00f3ximas semanas intentar\u00e1n limitar al m\u00e1ximo las consecuencias econ\u00f3micas de las sanciones estadounidenses a Ir\u00e1n. Se podr\u00eda reactivar por ejemplo una \u00abregulaci\u00f3n de protecci\u00f3n\u00bb aprobada en 1996 en el marco de disputas por sanciones contra Cuba, Ir\u00e1n y Libia. El llamado \u00abestatuto de bloqueo\u00bb podr\u00eda impedir a las empresas europeas bajo amenaza de sanciones que cumplan las sanciones estadounidenses contra Ir\u00e1n.<\/p>\n<p>Al mismo tiempo se podr\u00eda regular que las empresas europeas sean indemnizadas de posibles costes o p\u00e9rdidas. Adem\u00e1s se habla de apoyar a Ir\u00e1n a trav\u00e9s del Banco Europeo de Inversiones (BEI) y ayudas a peque\u00f1as y medianas empresas de la UE que podr\u00edan invertir en Ir\u00e1n.<\/p>\n<p><strong>\u00bfC\u00f3mo funciona realmente esa regulaci\u00f3n?<\/strong><\/p>\n<p>Es al menos dudosa: si por ejemplo bancos europeos perdieran el acceso al mercado estadounidense por hacer negocios con Ir\u00e1n, tampoco en la UE podr\u00eda nadie asumir las consecuencias financieras de la medida. Sin embargo, esas empresas podr\u00edan ser tambi\u00e9n eximidas de la aplicaci\u00f3n de la ley de defensa e Ir\u00e1n sentir\u00eda posiblemente con mayor dureza las sanciones estadounidenses.<\/p>\n<p><strong>\u00bfHay opciones de presentar demandas?<\/strong><\/p>\n<p>Te\u00f3ricamente la UE podr\u00eda presentar una queja ante la Organizaci\u00f3n Mundial del Comercio (OMC). Pero en c\u00edrculos de la UE se pone en duda que un paso as\u00ed tenga \u00e9xito, porque se contemplan excepciones al cumplimiento de las normas de la OMC alegando \u00abintereses de seguridad\u00bb.<\/p>\n<p><strong>\u00bfPuede la UE hacer algo para hacer cambiar de opini\u00f3n a Trump?<\/strong><\/p>\n<p>La UE considera aumentar la presi\u00f3n sobre Ir\u00e1n en \u00e1mbitos que no tienen que ver con el acuerdo nuclear y que preocupan a Washington. As\u00ed, Alemania, Francia y Reino Unido se mostraron dispuestos a aprobar nuevas sanciones a personas, organizaciones y personas responsables de la que consideran una pol\u00edtica que incita la confrontaci\u00f3n en la regi\u00f3n. Otros pa\u00edses de la UE ven sin embargo esas nuevas sanciones contra Ir\u00e1n m\u00e1s como un peligro que como una oportunidad para intentar rescatar el acuerdo nuclear.<\/p>\n<p><strong>\u00bfQu\u00e9 ocurrir\u00e1 ahora?<\/strong><\/p>\n<p>Las primeras decisiones podr\u00edan tomarse en la noche del mi\u00e9rcoles de la pr\u00f3xima semana, cuando se re\u00fanan los jefes de Estado y Gobierno de la Uni\u00f3n Europea (UE) en al capital b\u00falgara, Sofia, para decidir c\u00f3mo responder a la decisi\u00f3n de Trump. Antes, el lunes 14 est\u00e1 prevista una reuni\u00f3n de ministros de Exteriores de Francia, Alemania y Reino Unido, seg\u00fan inform\u00f3 hoy Francia.<\/p>\n<p>La Uni\u00f3n Europea ya adelant\u00f3 una actitud de oposici\u00f3n a la postura de Trump, seg\u00fan dijo el presidente del Consejo Europeo, Donald Tusk.<\/p>\n<p>Por Ansgar Haase y Michael Donhauser (dpa)<\/p>\n","protected":false},"excerpt":{"rendered":"<p>Washington\/Bruselas, 9 may (dpa) &#8211; El presidente estadounidense, Donald Trump, sac\u00f3 el martes a su pa\u00eds del acuerdo nuclear firmado con Ir\u00e1n. La gran pregunta es qu\u00e9 ocurrir\u00e1 ahora. \u00bfC\u00f3mo quiere Trump obligar a Ir\u00e1n a seguir cumpliendo su parte e incluso imponerle sus otras muchas exigencias? \u00bfY cu\u00e1l es la respuesta de los europeos [&hellip;]<\/p>\n","protected":false},"author":1,"featured_media":977530,"comment_status":"closed","ping_status":"closed","sticky":false,"template":"","format":"standard","meta":{"footnotes":""},"categories":[1],"tags":[],"class_list":["post-979690","post","type-post","status-publish","format-standard","has-post-thumbnail","hentry","category-actualidad"],"aioseo_notices":[],"aioseo_head":"\n\t\t<!-- All in One SEO Pro 5.0.1 - aioseo.com -->\n\t<meta name=\"description\" content=\"Washington\/Bruselas, 9 may (dpa) - El presidente estadounidense, Donald Trump, sac\u00f3 el martes a su pa\u00eds del acuerdo nuclear firmado con Ir\u00e1n. La gran pregunta es qu\u00e9 ocurrir\u00e1 ahora. \u00bfC\u00f3mo quiere Trump obligar a Ir\u00e1n a seguir cumpliendo su parte e incluso imponerle sus otras muchas exigencias? \u00bfY cu\u00e1l es la respuesta de los europeos\" \/>\n\t<meta name=\"robots\" content=\"max-image-preview:large\" \/>\n\t<meta name=\"author\" content=\"El Digital de Asturias\"\/>\n\t<meta name=\"google-site-verification\" content=\"UA-38556648-1\" \/>\n\t<meta name=\"msvalidate.01\" content=\"7dfe9f3f1b24437ab69f4f2559babe99\" \/>\n\t<meta name=\"keywords\" content=\"actualidad\" \/>\n\t<link rel=\"canonical\" href=\"https:\/\/www.eldigitaldeasturias.com\/noticias\/que-pasara-con-el-acuerdo-nuclear-tras-el-anuncio-de-trump\/\" \/>\n\t<meta name=\"generator\" content=\"All in One SEO Pro (AIOSEO) 5.0.1\" \/>\n\t\t<meta property=\"og:locale\" content=\"es_ES\" \/>\n\t\t<meta property=\"og:site_name\" content=\"El Digital de Asturias\" \/>\n\t\t<meta property=\"og:type\" content=\"article\" \/>\n\t\t<meta property=\"og:title\" content=\"\u00bfQu\u00e9 pasar\u00e1 con el acuerdo nuclear tras el anuncio de Trump? - El Digital de Asturias\" \/>\n\t\t<meta property=\"og:description\" content=\"Washington\/Bruselas, 9 may (dpa) - El presidente estadounidense, Donald Trump, sac\u00f3 el martes a su pa\u00eds del acuerdo nuclear firmado con Ir\u00e1n. La gran pregunta es qu\u00e9 ocurrir\u00e1 ahora. \u00bfC\u00f3mo quiere Trump obligar a Ir\u00e1n a seguir cumpliendo su parte e incluso imponerle sus otras muchas exigencias? \u00bfY cu\u00e1l es la respuesta de los europeos\" \/>\n\t\t<meta property=\"og:url\" content=\"https:\/\/www.eldigitaldeasturias.com\/noticias\/que-pasara-con-el-acuerdo-nuclear-tras-el-anuncio-de-trump\/\" \/>\n\t\t<meta property=\"article:tag\" content=\"actualidad\" \/>\n\t\t<meta property=\"article:published_time\" content=\"2018-05-09T22:00:09+00:00\" \/>\n\t\t<meta property=\"article:modified_time\" content=\"2018-05-09T22:00:09+00:00\" \/>\n\t\t<meta property=\"article:publisher\" content=\"https:\/\/facebook.com\/eldigitaldeasturias\" \/>\n\t\t<meta name=\"twitter:card\" content=\"summary_large_image\" \/>\n\t\t<meta name=\"twitter:title\" content=\"\u00bfQu\u00e9 pasar\u00e1 con el acuerdo nuclear tras el anuncio de Trump? - El Digital de Asturias\" \/>\n\t\t<meta name=\"twitter:description\" content=\"Washington\/Bruselas, 9 may (dpa) - El presidente estadounidense, Donald Trump, sac\u00f3 el martes a su pa\u00eds del acuerdo nuclear firmado con Ir\u00e1n. La gran pregunta es qu\u00e9 ocurrir\u00e1 ahora. \u00bfC\u00f3mo quiere Trump obligar a Ir\u00e1n a seguir cumpliendo su parte e incluso imponerle sus otras muchas exigencias? \u00bfY cu\u00e1l es la respuesta de los europeos\" \/>\n\t\t<meta name=\"twitter:image\" content=\"https:\/\/www.eldigitaldeasturias.com\/noticias\/wp-content\/uploads\/2020\/12\/EDA-1.jpg\" \/>\n\t\t<meta name=\"twitter:label1\" content=\"Escrito por\" \/>\n\t\t<meta name=\"twitter:data1\" content=\"El Digital de Asturias\" \/>\n\t\t<meta name=\"twitter:label2\" content=\"Tiempo de lectura estimado\" \/>\n\t\t<meta name=\"twitter:data2\" content=\"5 minutos\" \/>\n\t\t<script type=\"application\/ld+json\" class=\"aioseo-schema\">\n\t\t\t{\"@context\":\"https:\\\/\\\/schema.org\",\"@graph\":[{\"@type\":\"BlogPosting\",\"@id\":\"https:\\\/\\\/www.eldigitaldeasturias.com\\\/noticias\\\/que-pasara-con-el-acuerdo-nuclear-tras-el-anuncio-de-trump\\\/#blogposting\",\"name\":\"\\u00bfQu\\u00e9 pasar\\u00e1 con el acuerdo nuclear tras el anuncio de Trump? - El Digital de Asturias\",\"headline\":\"\\u00bfQu\\u00e9 pasar\\u00e1 con el acuerdo nuclear tras el anuncio de Trump?\",\"author\":{\"@id\":\"https:\\\/\\\/www.eldigitaldeasturias.com\\\/noticias\\\/author\\\/admin\\\/#author\"},\"publisher\":{\"@id\":\"https:\\\/\\\/www.eldigitaldeasturias.com\\\/noticias\\\/#organization\"},\"image\":{\"@type\":\"ImageObject\",\"url\":977530},\"datePublished\":\"2018-05-09T22:00:09+02:00\",\"dateModified\":\"2018-05-09T22:00:09+02:00\",\"inLanguage\":\"es-ES\",\"mainEntityOfPage\":{\"@id\":\"https:\\\/\\\/www.eldigitaldeasturias.com\\\/noticias\\\/que-pasara-con-el-acuerdo-nuclear-tras-el-anuncio-de-trump\\\/#webpage\"},\"isPartOf\":{\"@id\":\"https:\\\/\\\/www.eldigitaldeasturias.com\\\/noticias\\\/que-pasara-con-el-acuerdo-nuclear-tras-el-anuncio-de-trump\\\/#webpage\"},\"articleSection\":\"Actualidad\"},{\"@type\":\"BreadcrumbList\",\"@id\":\"https:\\\/\\\/www.eldigitaldeasturias.com\\\/noticias\\\/que-pasara-con-el-acuerdo-nuclear-tras-el-anuncio-de-trump\\\/#breadcrumblist\",\"itemListElement\":[{\"@type\":\"ListItem\",\"@id\":\"https:\\\/\\\/www.eldigitaldeasturias.com\\\/noticias#listItem\",\"position\":1,\"name\":\"Home\",\"item\":\"https:\\\/\\\/www.eldigitaldeasturias.com\\\/noticias\",\"nextItem\":{\"@type\":\"ListItem\",\"@id\":\"https:\\\/\\\/www.eldigitaldeasturias.com\\\/noticias\\\/category\\\/actualidad\\\/#listItem\",\"name\":\"Actualidad\"}},{\"@type\":\"ListItem\",\"@id\":\"https:\\\/\\\/www.eldigitaldeasturias.com\\\/noticias\\\/category\\\/actualidad\\\/#listItem\",\"position\":2,\"name\":\"Actualidad\",\"item\":\"https:\\\/\\\/www.eldigitaldeasturias.com\\\/noticias\\\/category\\\/actualidad\\\/\",\"nextItem\":{\"@type\":\"ListItem\",\"@id\":\"https:\\\/\\\/www.eldigitaldeasturias.com\\\/noticias\\\/que-pasara-con-el-acuerdo-nuclear-tras-el-anuncio-de-trump\\\/#listItem\",\"name\":\"\\u00bfQu\\u00e9 pasar\\u00e1 con el acuerdo nuclear tras el anuncio de Trump?\"},\"previousItem\":{\"@type\":\"ListItem\",\"@id\":\"https:\\\/\\\/www.eldigitaldeasturias.com\\\/noticias#listItem\",\"name\":\"Home\"}},{\"@type\":\"ListItem\",\"@id\":\"https:\\\/\\\/www.eldigitaldeasturias.com\\\/noticias\\\/que-pasara-con-el-acuerdo-nuclear-tras-el-anuncio-de-trump\\\/#listItem\",\"position\":3,\"name\":\"\\u00bfQu\\u00e9 pasar\\u00e1 con el acuerdo nuclear tras el anuncio de Trump?\",\"previousItem\":{\"@type\":\"ListItem\",\"@id\":\"https:\\\/\\\/www.eldigitaldeasturias.com\\\/noticias\\\/category\\\/actualidad\\\/#listItem\",\"name\":\"Actualidad\"}}]},{\"@type\":\"Organization\",\"@id\":\"https:\\\/\\\/www.eldigitaldeasturias.com\\\/noticias\\\/#organization\",\"name\":\"El Digital de Asturias\",\"description\":\"Hemeroteca\",\"url\":\"https:\\\/\\\/www.eldigitaldeasturias.com\\\/noticias\\\/\",\"email\":\"info@eldigitaldeasturias.com\",\"telephone\":\"+34652131393\",\"logo\":{\"@type\":\"ImageObject\",\"url\":\"https:\\\/\\\/www.eldigitaldeasturias.com\\\/noticias\\\/wp-content\\\/uploads\\\/2020\\\/12\\\/EDA.jpg\",\"@id\":\"https:\\\/\\\/www.eldigitaldeasturias.com\\\/noticias\\\/que-pasara-con-el-acuerdo-nuclear-tras-el-anuncio-de-trump\\\/#organizationLogo\"},\"image\":{\"@id\":\"https:\\\/\\\/www.eldigitaldeasturias.com\\\/noticias\\\/que-pasara-con-el-acuerdo-nuclear-tras-el-anuncio-de-trump\\\/#organizationLogo\"},\"sameAs\":[\"https:\\\/\\\/facebook.com\\\/eldigitaldeasturias\",\"https:\\\/\\\/www.youtube.com\\\/channel\\\/UCZP-2wLEB9Rv6erhFmqVnvg\"],\"address\":{\"@id\":\"https:\\\/\\\/www.eldigitaldeasturias.com\\\/noticias\\\/#postaladdress\",\"@type\":\"PostalAddress\",\"streetAddress\":\"san antonio 4\",\"postalCode\":\"33430\",\"addressLocality\":\"Cand\\u00e1s\",\"addressRegion\":\"Asturias\",\"addressCountry\":\"ES\"}},{\"@type\":\"Person\",\"@id\":\"https:\\\/\\\/www.eldigitaldeasturias.com\\\/noticias\\\/author\\\/admin\\\/#author\",\"url\":\"https:\\\/\\\/www.eldigitaldeasturias.com\\\/noticias\\\/author\\\/admin\\\/\",\"name\":\"El Digital de Asturias\",\"image\":{\"@type\":\"ImageObject\",\"@id\":\"https:\\\/\\\/www.eldigitaldeasturias.com\\\/noticias\\\/que-pasara-con-el-acuerdo-nuclear-tras-el-anuncio-de-trump\\\/#authorImage\",\"url\":\"https:\\\/\\\/secure.gravatar.com\\\/avatar\\\/df2aeffc32bcd13f8d26072ef8a91b623d677766deac7f97ca815868cd41bf5e?s=96&d=mm&r=g\",\"width\":96,\"height\":96,\"caption\":\"El Digital de Asturias\"}},{\"@type\":\"WebPage\",\"@id\":\"https:\\\/\\\/www.eldigitaldeasturias.com\\\/noticias\\\/que-pasara-con-el-acuerdo-nuclear-tras-el-anuncio-de-trump\\\/#webpage\",\"url\":\"https:\\\/\\\/www.eldigitaldeasturias.com\\\/noticias\\\/que-pasara-con-el-acuerdo-nuclear-tras-el-anuncio-de-trump\\\/\",\"name\":\"\\u00bfQu\\u00e9 pasar\\u00e1 con el acuerdo nuclear tras el anuncio de Trump? - El Digital de Asturias\",\"description\":\"Washington\\\/Bruselas, 9 may (dpa) - El presidente estadounidense, Donald Trump, sac\\u00f3 el martes a su pa\\u00eds del acuerdo nuclear firmado con Ir\\u00e1n. La gran pregunta es qu\\u00e9 ocurrir\\u00e1 ahora. \\u00bfC\\u00f3mo quiere Trump obligar a Ir\\u00e1n a seguir cumpliendo su parte e incluso imponerle sus otras muchas exigencias? \\u00bfY cu\\u00e1l es la respuesta de los europeos\",\"inLanguage\":\"es-ES\",\"isPartOf\":{\"@id\":\"https:\\\/\\\/www.eldigitaldeasturias.com\\\/noticias\\\/#website\"},\"breadcrumb\":{\"@id\":\"https:\\\/\\\/www.eldigitaldeasturias.com\\\/noticias\\\/que-pasara-con-el-acuerdo-nuclear-tras-el-anuncio-de-trump\\\/#breadcrumblist\"},\"author\":{\"@id\":\"https:\\\/\\\/www.eldigitaldeasturias.com\\\/noticias\\\/author\\\/admin\\\/#author\"},\"creator\":{\"@id\":\"https:\\\/\\\/www.eldigitaldeasturias.com\\\/noticias\\\/author\\\/admin\\\/#author\"},\"image\":{\"@type\":\"ImageObject\",\"url\":977530,\"@id\":\"https:\\\/\\\/www.eldigitaldeasturias.com\\\/noticias\\\/que-pasara-con-el-acuerdo-nuclear-tras-el-anuncio-de-trump\\\/#mainImage\"},\"primaryImageOfPage\":{\"@id\":\"https:\\\/\\\/www.eldigitaldeasturias.com\\\/noticias\\\/que-pasara-con-el-acuerdo-nuclear-tras-el-anuncio-de-trump\\\/#mainImage\"},\"datePublished\":\"2018-05-09T22:00:09+02:00\",\"dateModified\":\"2018-05-09T22:00:09+02:00\"},{\"@type\":\"WebSite\",\"@id\":\"https:\\\/\\\/www.eldigitaldeasturias.com\\\/noticias\\\/#website\",\"url\":\"https:\\\/\\\/www.eldigitaldeasturias.com\\\/noticias\\\/\",\"name\":\"El Digital de Asturias - Diario de actualidad y noticias\",\"alternateName\":\"El Digital de Asturias - Diario de actualidad y noticias\",\"description\":\"Hemeroteca\",\"inLanguage\":\"es-ES\",\"publisher\":{\"@id\":\"https:\\\/\\\/www.eldigitaldeasturias.com\\\/noticias\\\/#organization\"}}]}\n\t\t<\/script>\n\t\t<!-- All in One SEO Pro -->\r\n\t\t<title>\u00bfQu\u00e9 pasar\u00e1 con el acuerdo nuclear tras el anuncio de Trump? - El Digital de Asturias<\/title>\n\n","aioseo_head_json":{"title":"\u00bfQu\u00e9 pasar\u00e1 con el acuerdo nuclear tras el anuncio de Trump? - El Digital de Asturias","description":"Washington\/Bruselas, 9 may (dpa) - El presidente estadounidense, Donald Trump, sac\u00f3 el martes a su pa\u00eds del acuerdo nuclear firmado con Ir\u00e1n. La gran pregunta es qu\u00e9 ocurrir\u00e1 ahora. \u00bfC\u00f3mo quiere Trump obligar a Ir\u00e1n a seguir cumpliendo su parte e incluso imponerle sus otras muchas exigencias? \u00bfY cu\u00e1l es la respuesta de los europeos","canonical_url":"https:\/\/www.eldigitaldeasturias.com\/noticias\/que-pasara-con-el-acuerdo-nuclear-tras-el-anuncio-de-trump\/","robots":"max-image-preview:large","keywords":"actualidad","webmasterTools":{"google-site-verification":"UA-38556648-1","msvalidate.01":"7dfe9f3f1b24437ab69f4f2559babe99","miscellaneous":""},"schema":{"@context":"https:\/\/schema.org","@graph":[{"@type":"BlogPosting","@id":"https:\/\/www.eldigitaldeasturias.com\/noticias\/que-pasara-con-el-acuerdo-nuclear-tras-el-anuncio-de-trump\/#blogposting","name":"\u00bfQu\u00e9 pasar\u00e1 con el acuerdo nuclear tras el anuncio de Trump? - El Digital de Asturias","headline":"\u00bfQu\u00e9 pasar\u00e1 con el acuerdo nuclear tras el anuncio de Trump?","author":{"@id":"https:\/\/www.eldigitaldeasturias.com\/noticias\/author\/admin\/#author"},"publisher":{"@id":"https:\/\/www.eldigitaldeasturias.com\/noticias\/#organization"},"image":{"@type":"ImageObject","url":977530},"datePublished":"2018-05-09T22:00:09+02:00","dateModified":"2018-05-09T22:00:09+02:00","inLanguage":"es-ES","mainEntityOfPage":{"@id":"https:\/\/www.eldigitaldeasturias.com\/noticias\/que-pasara-con-el-acuerdo-nuclear-tras-el-anuncio-de-trump\/#webpage"},"isPartOf":{"@id":"https:\/\/www.eldigitaldeasturias.com\/noticias\/que-pasara-con-el-acuerdo-nuclear-tras-el-anuncio-de-trump\/#webpage"},"articleSection":"Actualidad"},{"@type":"BreadcrumbList","@id":"https:\/\/www.eldigitaldeasturias.com\/noticias\/que-pasara-con-el-acuerdo-nuclear-tras-el-anuncio-de-trump\/#breadcrumblist","itemListElement":[{"@type":"ListItem","@id":"https:\/\/www.eldigitaldeasturias.com\/noticias#listItem","position":1,"name":"Home","item":"https:\/\/www.eldigitaldeasturias.com\/noticias","nextItem":{"@type":"ListItem","@id":"https:\/\/www.eldigitaldeasturias.com\/noticias\/category\/actualidad\/#listItem","name":"Actualidad"}},{"@type":"ListItem","@id":"https:\/\/www.eldigitaldeasturias.com\/noticias\/category\/actualidad\/#listItem","position":2,"name":"Actualidad","item":"https:\/\/www.eldigitaldeasturias.com\/noticias\/category\/actualidad\/","nextItem":{"@type":"ListItem","@id":"https:\/\/www.eldigitaldeasturias.com\/noticias\/que-pasara-con-el-acuerdo-nuclear-tras-el-anuncio-de-trump\/#listItem","name":"\u00bfQu\u00e9 pasar\u00e1 con el acuerdo nuclear tras el anuncio de Trump?"},"previousItem":{"@type":"ListItem","@id":"https:\/\/www.eldigitaldeasturias.com\/noticias#listItem","name":"Home"}},{"@type":"ListItem","@id":"https:\/\/www.eldigitaldeasturias.com\/noticias\/que-pasara-con-el-acuerdo-nuclear-tras-el-anuncio-de-trump\/#listItem","position":3,"name":"\u00bfQu\u00e9 pasar\u00e1 con el acuerdo nuclear tras el anuncio de Trump?","previousItem":{"@type":"ListItem","@id":"https:\/\/www.eldigitaldeasturias.com\/noticias\/category\/actualidad\/#listItem","name":"Actualidad"}}]},{"@type":"Organization","@id":"https:\/\/www.eldigitaldeasturias.com\/noticias\/#organization","name":"El Digital de Asturias","description":"Hemeroteca","url":"https:\/\/www.eldigitaldeasturias.com\/noticias\/","email":"info@eldigitaldeasturias.com","telephone":"+34652131393","logo":{"@type":"ImageObject","url":"https:\/\/www.eldigitaldeasturias.com\/noticias\/wp-content\/uploads\/2020\/12\/EDA.jpg","@id":"https:\/\/www.eldigitaldeasturias.com\/noticias\/que-pasara-con-el-acuerdo-nuclear-tras-el-anuncio-de-trump\/#organizationLogo"},"image":{"@id":"https:\/\/www.eldigitaldeasturias.com\/noticias\/que-pasara-con-el-acuerdo-nuclear-tras-el-anuncio-de-trump\/#organizationLogo"},"sameAs":["https:\/\/facebook.com\/eldigitaldeasturias","https:\/\/www.youtube.com\/channel\/UCZP-2wLEB9Rv6erhFmqVnvg"],"address":{"@id":"https:\/\/www.eldigitaldeasturias.com\/noticias\/#postaladdress","@type":"PostalAddress","streetAddress":"san antonio 4","postalCode":"33430","addressLocality":"Cand\u00e1s","addressRegion":"Asturias","addressCountry":"ES"}},{"@type":"Person","@id":"https:\/\/www.eldigitaldeasturias.com\/noticias\/author\/admin\/#author","url":"https:\/\/www.eldigitaldeasturias.com\/noticias\/author\/admin\/","name":"El Digital de Asturias","image":{"@type":"ImageObject","@id":"https:\/\/www.eldigitaldeasturias.com\/noticias\/que-pasara-con-el-acuerdo-nuclear-tras-el-anuncio-de-trump\/#authorImage","url":"https:\/\/secure.gravatar.com\/avatar\/df2aeffc32bcd13f8d26072ef8a91b623d677766deac7f97ca815868cd41bf5e?s=96&d=mm&r=g","width":96,"height":96,"caption":"El Digital de Asturias"}},{"@type":"WebPage","@id":"https:\/\/www.eldigitaldeasturias.com\/noticias\/que-pasara-con-el-acuerdo-nuclear-tras-el-anuncio-de-trump\/#webpage","url":"https:\/\/www.eldigitaldeasturias.com\/noticias\/que-pasara-con-el-acuerdo-nuclear-tras-el-anuncio-de-trump\/","name":"\u00bfQu\u00e9 pasar\u00e1 con el acuerdo nuclear tras el anuncio de Trump? - El Digital de Asturias","description":"Washington\/Bruselas, 9 may (dpa) - El presidente estadounidense, Donald Trump, sac\u00f3 el martes a su pa\u00eds del acuerdo nuclear firmado con Ir\u00e1n. La gran pregunta es qu\u00e9 ocurrir\u00e1 ahora. \u00bfC\u00f3mo quiere Trump obligar a Ir\u00e1n a seguir cumpliendo su parte e incluso imponerle sus otras muchas exigencias? \u00bfY cu\u00e1l es la respuesta de los europeos","inLanguage":"es-ES","isPartOf":{"@id":"https:\/\/www.eldigitaldeasturias.com\/noticias\/#website"},"breadcrumb":{"@id":"https:\/\/www.eldigitaldeasturias.com\/noticias\/que-pasara-con-el-acuerdo-nuclear-tras-el-anuncio-de-trump\/#breadcrumblist"},"author":{"@id":"https:\/\/www.eldigitaldeasturias.com\/noticias\/author\/admin\/#author"},"creator":{"@id":"https:\/\/www.eldigitaldeasturias.com\/noticias\/author\/admin\/#author"},"image":{"@type":"ImageObject","url":977530,"@id":"https:\/\/www.eldigitaldeasturias.com\/noticias\/que-pasara-con-el-acuerdo-nuclear-tras-el-anuncio-de-trump\/#mainImage"},"primaryImageOfPage":{"@id":"https:\/\/www.eldigitaldeasturias.com\/noticias\/que-pasara-con-el-acuerdo-nuclear-tras-el-anuncio-de-trump\/#mainImage"},"datePublished":"2018-05-09T22:00:09+02:00","dateModified":"2018-05-09T22:00:09+02:00"},{"@type":"WebSite","@id":"https:\/\/www.eldigitaldeasturias.com\/noticias\/#website","url":"https:\/\/www.eldigitaldeasturias.com\/noticias\/","name":"El Digital de Asturias - Diario de actualidad y noticias","alternateName":"El Digital de Asturias - Diario de actualidad y noticias","description":"Hemeroteca","inLanguage":"es-ES","publisher":{"@id":"https:\/\/www.eldigitaldeasturias.com\/noticias\/#organization"}}]},"og:locale":"es_ES","og:site_name":"El Digital de Asturias","og:type":"article","og:title":"\u00bfQu\u00e9 pasar\u00e1 con el acuerdo nuclear tras el anuncio de Trump? - El Digital de Asturias","og:description":"Washington\/Bruselas, 9 may (dpa) - El presidente estadounidense, Donald Trump, sac\u00f3 el martes a su pa\u00eds del acuerdo nuclear firmado con Ir\u00e1n. La gran pregunta es qu\u00e9 ocurrir\u00e1 ahora. \u00bfC\u00f3mo quiere Trump obligar a Ir\u00e1n a seguir cumpliendo su parte e incluso imponerle sus otras muchas exigencias? \u00bfY cu\u00e1l es la respuesta de los europeos","og:url":"https:\/\/www.eldigitaldeasturias.com\/noticias\/que-pasara-con-el-acuerdo-nuclear-tras-el-anuncio-de-trump\/","article:tag":["actualidad"],"article:published_time":"2018-05-09T22:00:09+00:00","article:modified_time":"2018-05-09T22:00:09+00:00","article:publisher":"https:\/\/facebook.com\/eldigitaldeasturias","twitter:card":"summary_large_image","twitter:title":"\u00bfQu\u00e9 pasar\u00e1 con el acuerdo nuclear tras el anuncio de Trump? - El Digital de Asturias","twitter:description":"Washington\/Bruselas, 9 may (dpa) - El presidente estadounidense, Donald Trump, sac\u00f3 el martes a su pa\u00eds del acuerdo nuclear firmado con Ir\u00e1n. La gran pregunta es qu\u00e9 ocurrir\u00e1 ahora. \u00bfC\u00f3mo quiere Trump obligar a Ir\u00e1n a seguir cumpliendo su parte e incluso imponerle sus otras muchas exigencias? \u00bfY cu\u00e1l es la respuesta de los europeos","twitter:image":"https:\/\/www.eldigitaldeasturias.com\/noticias\/wp-content\/uploads\/2020\/12\/EDA-1.jpg","twitter:label1":"Escrito por","twitter:data1":"El Digital de Asturias","twitter:label2":"Tiempo de lectura estimado","twitter:data2":"5 minutos"},"aioseo_meta_data":{"post_id":"979690","title":null,"description":null,"keywords":null,"keyphrases":null,"primary_term":null,"canonical_url":null,"og_title":null,"og_description":null,"og_object_type":"default","og_image_type":"default","og_image_url":null,"og_image_width":null,"og_image_height":null,"og_image_custom_url":null,"og_image_custom_fields":null,"og_video":null,"og_custom_url":null,"og_article_section":null,"og_article_tags":null,"twitter_use_og":false,"twitter_card":"default","twitter_image_type":"default","twitter_image_url":null,"twitter_image_custom_url":null,"twitter_image_custom_fields":null,"twitter_title":null,"twitter_description":null,"schema":{"blockGraphs":[],"customGraphs":[],"default":{"data":{"Article":[],"Course":[],"Dataset":[],"FAQPage":[],"Movie":[],"Person":[],"Product":[],"ProductReview":[],"Car":[],"Recipe":[],"Service":[],"SoftwareApplication":[],"WebPage":[]},"graphName":"","isEnabled":true},"graphs":[],"defaultGraph":"","defaultPostTypeGraph":""},"schema_type":null,"schema_type_options":null,"pillar_content":false,"robots_default":true,"robots_noindex":false,"robots_noarchive":false,"robots_nosnippet":false,"robots_nofollow":false,"robots_noimageindex":false,"robots_noodp":false,"robots_notranslate":false,"robots_max_snippet":null,"robots_max_videopreview":null,"robots_max_imagepreview":"large","priority":null,"frequency":null,"local_seo":null,"seo_analyzer_scan_date":"2025-10-08 15:15:06","breadcrumb_settings":null,"limit_modified_date":false,"open_ai":null,"ai":null,"created":"2020-12-21 11:58:37","updated":"2025-10-08 15:15:06","focus_keyword":null,"additional_keywords":null,"truseo_locale":null},"aioseo_breadcrumb":"<div class=\"aioseo-breadcrumbs\"><span class=\"aioseo-breadcrumb\">\n\t<a href=\"https:\/\/www.eldigitaldeasturias.com\/noticias\" title=\"Home\">Home<\/a>\n<\/span><span class=\"aioseo-breadcrumb-separator\">\u2013<\/span><span class=\"aioseo-breadcrumb\">\n\t<a href=\"https:\/\/www.eldigitaldeasturias.com\/noticias\/category\/actualidad\/\" title=\"Actualidad\">Actualidad<\/a>\n<\/span><span class=\"aioseo-breadcrumb-separator\">\u2013<\/span><span class=\"aioseo-breadcrumb\">\n\t<a href=\"https:\/\/www.eldigitaldeasturias.com\/noticias\/que-pasara-con-el-acuerdo-nuclear-tras-el-anuncio-de-trump\/\" title=\"\u00bfQu\u00e9 pasar\u00e1 con el acuerdo nuclear tras el anuncio de Trump?\">\u00bfQu\u00e9 pasar\u00e1 con el acuerdo nuclear tras el anuncio de Trump?<\/a>\n<\/span><\/div>","aioseo_breadcrumb_json":[{"label":"Home","link":"https:\/\/www.eldigitaldeasturias.com\/noticias"},{"label":"Actualidad","link":"https:\/\/www.eldigitaldeasturias.com\/noticias\/category\/actualidad\/"},{"label":"\u00bfQu\u00e9 pasar\u00e1 con el acuerdo nuclear tras el anuncio de Trump?","link":"https:\/\/www.eldigitaldeasturias.com\/noticias\/que-pasara-con-el-acuerdo-nuclear-tras-el-anuncio-de-trump\/"}],"_links":{"self":[{"href":"https:\/\/www.eldigitaldeasturias.com\/noticias\/wp-json\/wp\/v2\/posts\/979690","targetHints":{"allow":["GET"]}}],"collection":[{"href":"https:\/\/www.eldigitaldeasturias.com\/noticias\/wp-json\/wp\/v2\/posts"}],"about":[{"href":"https:\/\/www.eldigitaldeasturias.com\/noticias\/wp-json\/wp\/v2\/types\/post"}],"author":[{"embeddable":true,"href":"https:\/\/www.eldigitaldeasturias.com\/noticias\/wp-json\/wp\/v2\/users\/1"}],"replies":[{"embeddable":true,"href":"https:\/\/www.eldigitaldeasturias.com\/noticias\/wp-json\/wp\/v2\/comments?post=979690"}],"version-history":[{"count":0,"href":"https:\/\/www.eldigitaldeasturias.com\/noticias\/wp-json\/wp\/v2\/posts\/979690\/revisions"}],"wp:attachment":[{"href":"https:\/\/www.eldigitaldeasturias.com\/noticias\/wp-json\/wp\/v2\/media?parent=979690"}],"wp:term":[{"taxonomy":"category","embeddable":true,"href":"https:\/\/www.eldigitaldeasturias.com\/noticias\/wp-json\/wp\/v2\/categories?post=979690"},{"taxonomy":"post_tag","embeddable":true,"href":"https:\/\/www.eldigitaldeasturias.com\/noticias\/wp-json\/wp\/v2\/tags?post=979690"}],"curies":[{"name":"wp","href":"https:\/\/api.w.org\/{rel}","templated":true}]}}