{"id":979684,"date":"2018-05-09T21:52:17","date_gmt":"2018-05-09T21:52:17","guid":{"rendered":"http:\/\/www.eldigitaldeasturias.com\/noticias\/?p=979684"},"modified":"2018-05-09T21:52:17","modified_gmt":"2018-05-09T21:52:17","slug":"putin-y-netanyahu-asisten-juntos-al-desfile-en-la-plaza-roja-de-moscu","status":"publish","type":"post","link":"https:\/\/www.eldigitaldeasturias.com\/noticias\/putin-y-netanyahu-asisten-juntos-al-desfile-en-la-plaza-roja-de-moscu\/","title":{"rendered":"Putin y Netanyahu asisten juntos al desfile en la Plaza Roja de Mosc\u00fa"},"content":{"rendered":"<p><img loading=\"lazy\" decoding=\"async\" class=\"alignleft size-medium wp-image-969687\" src=\"https:\/\/www.eldigitaldeasturias.com\/noticias\/wp-content\/uploads\/2018\/02\/putin-2847423_1280-360x238.jpg\" alt=\"\" width=\"360\" height=\"238\" \/>Mosc\u00fa, 9 may (dpa) &#8211; El presidente ruso, Vladimir Putin, asisti\u00f3 hoy acompa\u00f1ado del primer ministro israel\u00ed, Benjamin Netanyahu, al tradicional desfile en la Plaza Roja de Mosc\u00fa con el que Rusia conmemora la victoria de la Uni\u00f3n Sovi\u00e9tica sobre la Alemania nazi en la Segunda Guerra Mundial.<\/p>\n<p>El encuentro se produce en el marco de las tensiones con Ir\u00e1n. El presidente de Estados Unidos, Donald Trump, anunci\u00f3 el martes que se retiraba del acuerdo nuclear alcanzado en 2015 entre Ir\u00e1n y la comunidad internacional, medida que fue criticada por varios pa\u00edses europeos.<\/p>\n<p>\u00abEs importante que todos los pa\u00edses y personas reconozcan que el mundo es fr\u00e1gil y que su estabilidad s\u00f3lo se ve fortalecida por nuestra disposici\u00f3n a escucharnos, tenernos confianza y respetarnos\u00bb, dijo Putin ante los 13.000 soldados y record\u00f3 las lecciones de las dos guerras mundiales y su significado para el futuro.<\/p>\n<p>\u00abDetr\u00e1s de las nuevas amenazas aparecen todas las viejas y feas caracter\u00edsticas: ego\u00edsmo, intolerancia, nacionalismo agresivo y pedidos de exclusividad\u00bb, dijo. \u00abRusia est\u00e1 dispuesta al di\u00e1logo sobre todos los temas de seguridad global\u00bb.<\/p>\n<p>La visita de Netanyahu es adem\u00e1s de importancia estrat\u00e9gica debido a que en el \u00faltimo tiempo aumentaron las tensiones entre Ir\u00e1n e Israel. M\u00e1s tarde se prev\u00e9n conversaciones entre Putin y Netanyahu.<\/p>\n<p>En el 73 aniversario del fin de la Segunda Guerra Mundial, Rusia hizo desfilar alrededor de 160 unidades de tecnolog\u00eda militar. Mosc\u00fa suele aprovechar el desfile para demostrar su poder\u00edo militar. Adem\u00e1s de tanques se vieron misiles Iskander, misiles intercontinentales Yars y aviones no tripulados modernos.<\/p>\n<p>Tambi\u00e9n marcharon soldados que lucharon para Rusia en Siria. Desde las tribunas, observaban el desfile veteranos de la Segunda Guerra, ni\u00f1os en peque\u00f1os uniformes verdes, pol\u00edticos de alto rango, representantes de la Iglesia y hasta el actor de acci\u00f3n estadounidense Steven Seagal.<\/p>\n<p>Antes de su encuentro con Netanyahu, Putin habl\u00f3 con su Consejo de Seguridad sobre los ataques militares israel\u00edes en Siria. Hubo un \u00abdetallado intercambio de opiniones\u00bb sobre la situaci\u00f3n en Siria, incluyendo \u00abataques nocturnos llevados a cabo por Israel\u00bb, dijo el Kremlin en una declaraci\u00f3n.<\/p>\n<p>El Gobierno sirio ha acusado a Israel de llevar adelante ataques con misiles en un \u00e1rea cerca de Damasco el martes a la noche. Se cree que en esa posici\u00f3n hab\u00eda fuerzas iran\u00edes leales al Gobierno sirio.<\/p>\n<p>Rusia es uno de los principales aliados del Gobierno sirio en medio de la guerra civil y tiene un amplio control sobre el espacio a\u00e9reo de Siria.<\/p>\n<p>Se cree que el conflicto latente entre Israel e Ir\u00e1n debido a la presencia militar iran\u00ed en Siria, que linda con Israel, ser\u00e1 el tema central de las conversaciones hoy entre Putin y Netanyahu.<\/p>\n","protected":false},"excerpt":{"rendered":"<p>Mosc\u00fa, 9 may (dpa) &#8211; El presidente ruso, Vladimir Putin, asisti\u00f3 hoy acompa\u00f1ado del primer ministro israel\u00ed, Benjamin Netanyahu, al tradicional desfile en la Plaza Roja de Mosc\u00fa con el que Rusia conmemora la victoria de la Uni\u00f3n Sovi\u00e9tica sobre la Alemania nazi en la Segunda Guerra Mundial. El encuentro se produce en el marco [&hellip;]<\/p>\n","protected":false},"author":1,"featured_media":969687,"comment_status":"closed","ping_status":"closed","sticky":false,"template":"","format":"standard","meta":{"footnotes":""},"categories":[1],"tags":[],"class_list":["post-979684","post","type-post","status-publish","format-standard","has-post-thumbnail","hentry","category-actualidad"],"aioseo_notices":[],"aioseo_head":"\n\t\t<!-- All in One SEO Pro 5.0.1 - aioseo.com -->\n\t<meta name=\"description\" content=\"Mosc\u00fa, 9 may (dpa) - El presidente ruso, Vladimir Putin, asisti\u00f3 hoy acompa\u00f1ado del primer ministro israel\u00ed, Benjamin Netanyahu, al tradicional desfile en la Plaza Roja de Mosc\u00fa con el que Rusia conmemora la victoria de la Uni\u00f3n Sovi\u00e9tica sobre la Alemania nazi en la Segunda Guerra Mundial. El encuentro se produce en el marco\" \/>\n\t<meta name=\"robots\" content=\"max-image-preview:large\" \/>\n\t<meta name=\"author\" content=\"El Digital de Asturias\"\/>\n\t<meta name=\"google-site-verification\" content=\"UA-38556648-1\" \/>\n\t<meta name=\"msvalidate.01\" content=\"7dfe9f3f1b24437ab69f4f2559babe99\" \/>\n\t<meta name=\"keywords\" content=\"actualidad\" \/>\n\t<link rel=\"canonical\" href=\"https:\/\/www.eldigitaldeasturias.com\/noticias\/putin-y-netanyahu-asisten-juntos-al-desfile-en-la-plaza-roja-de-moscu\/\" \/>\n\t<meta name=\"generator\" content=\"All in One SEO Pro (AIOSEO) 5.0.1\" \/>\n\t\t<meta property=\"og:locale\" content=\"es_ES\" \/>\n\t\t<meta property=\"og:site_name\" content=\"El Digital de Asturias\" \/>\n\t\t<meta property=\"og:type\" content=\"article\" \/>\n\t\t<meta property=\"og:title\" content=\"Putin y Netanyahu asisten juntos al desfile en la Plaza Roja de Mosc\u00fa - El Digital de Asturias\" \/>\n\t\t<meta property=\"og:description\" content=\"Mosc\u00fa, 9 may (dpa) - El presidente ruso, Vladimir Putin, asisti\u00f3 hoy acompa\u00f1ado del primer ministro israel\u00ed, Benjamin Netanyahu, al tradicional desfile en la Plaza Roja de Mosc\u00fa con el que Rusia conmemora la victoria de la Uni\u00f3n Sovi\u00e9tica sobre la Alemania nazi en la Segunda Guerra Mundial. El encuentro se produce en el marco\" \/>\n\t\t<meta property=\"og:url\" content=\"https:\/\/www.eldigitaldeasturias.com\/noticias\/putin-y-netanyahu-asisten-juntos-al-desfile-en-la-plaza-roja-de-moscu\/\" \/>\n\t\t<meta property=\"article:tag\" content=\"actualidad\" \/>\n\t\t<meta property=\"article:published_time\" content=\"2018-05-09T21:52:17+00:00\" \/>\n\t\t<meta property=\"article:modified_time\" content=\"2018-05-09T21:52:17+00:00\" \/>\n\t\t<meta property=\"article:publisher\" content=\"https:\/\/facebook.com\/eldigitaldeasturias\" \/>\n\t\t<meta name=\"twitter:card\" content=\"summary_large_image\" \/>\n\t\t<meta name=\"twitter:title\" content=\"Putin y Netanyahu asisten juntos al desfile en la Plaza Roja de Mosc\u00fa - El Digital de Asturias\" \/>\n\t\t<meta name=\"twitter:description\" content=\"Mosc\u00fa, 9 may (dpa) - El presidente ruso, Vladimir Putin, asisti\u00f3 hoy acompa\u00f1ado del primer ministro israel\u00ed, Benjamin Netanyahu, al tradicional desfile en la Plaza Roja de Mosc\u00fa con el que Rusia conmemora la victoria de la Uni\u00f3n Sovi\u00e9tica sobre la Alemania nazi en la Segunda Guerra Mundial. El encuentro se produce en el marco\" \/>\n\t\t<meta name=\"twitter:image\" content=\"https:\/\/www.eldigitaldeasturias.com\/noticias\/wp-content\/uploads\/2020\/12\/EDA-1.jpg\" \/>\n\t\t<meta name=\"twitter:label1\" content=\"Escrito por\" \/>\n\t\t<meta name=\"twitter:data1\" content=\"El Digital de Asturias\" \/>\n\t\t<meta name=\"twitter:label2\" content=\"Tiempo de lectura estimado\" \/>\n\t\t<meta name=\"twitter:data2\" content=\"2 minutos\" \/>\n\t\t<script type=\"application\/ld+json\" class=\"aioseo-schema\">\n\t\t\t{\"@context\":\"https:\\\/\\\/schema.org\",\"@graph\":[{\"@type\":\"BlogPosting\",\"@id\":\"https:\\\/\\\/www.eldigitaldeasturias.com\\\/noticias\\\/putin-y-netanyahu-asisten-juntos-al-desfile-en-la-plaza-roja-de-moscu\\\/#blogposting\",\"name\":\"Putin y Netanyahu asisten juntos al desfile en la Plaza Roja de Mosc\\u00fa - El Digital de Asturias\",\"headline\":\"Putin y Netanyahu asisten juntos al desfile en la Plaza Roja de Mosc\\u00fa\",\"author\":{\"@id\":\"https:\\\/\\\/www.eldigitaldeasturias.com\\\/noticias\\\/author\\\/admin\\\/#author\"},\"publisher\":{\"@id\":\"https:\\\/\\\/www.eldigitaldeasturias.com\\\/noticias\\\/#organization\"},\"image\":{\"@type\":\"ImageObject\",\"url\":969687},\"datePublished\":\"2018-05-09T21:52:17+02:00\",\"dateModified\":\"2018-05-09T21:52:17+02:00\",\"inLanguage\":\"es-ES\",\"mainEntityOfPage\":{\"@id\":\"https:\\\/\\\/www.eldigitaldeasturias.com\\\/noticias\\\/putin-y-netanyahu-asisten-juntos-al-desfile-en-la-plaza-roja-de-moscu\\\/#webpage\"},\"isPartOf\":{\"@id\":\"https:\\\/\\\/www.eldigitaldeasturias.com\\\/noticias\\\/putin-y-netanyahu-asisten-juntos-al-desfile-en-la-plaza-roja-de-moscu\\\/#webpage\"},\"articleSection\":\"Actualidad\"},{\"@type\":\"BreadcrumbList\",\"@id\":\"https:\\\/\\\/www.eldigitaldeasturias.com\\\/noticias\\\/putin-y-netanyahu-asisten-juntos-al-desfile-en-la-plaza-roja-de-moscu\\\/#breadcrumblist\",\"itemListElement\":[{\"@type\":\"ListItem\",\"@id\":\"https:\\\/\\\/www.eldigitaldeasturias.com\\\/noticias#listItem\",\"position\":1,\"name\":\"Home\",\"item\":\"https:\\\/\\\/www.eldigitaldeasturias.com\\\/noticias\",\"nextItem\":{\"@type\":\"ListItem\",\"@id\":\"https:\\\/\\\/www.eldigitaldeasturias.com\\\/noticias\\\/category\\\/actualidad\\\/#listItem\",\"name\":\"Actualidad\"}},{\"@type\":\"ListItem\",\"@id\":\"https:\\\/\\\/www.eldigitaldeasturias.com\\\/noticias\\\/category\\\/actualidad\\\/#listItem\",\"position\":2,\"name\":\"Actualidad\",\"item\":\"https:\\\/\\\/www.eldigitaldeasturias.com\\\/noticias\\\/category\\\/actualidad\\\/\",\"nextItem\":{\"@type\":\"ListItem\",\"@id\":\"https:\\\/\\\/www.eldigitaldeasturias.com\\\/noticias\\\/putin-y-netanyahu-asisten-juntos-al-desfile-en-la-plaza-roja-de-moscu\\\/#listItem\",\"name\":\"Putin y Netanyahu asisten juntos al desfile en la Plaza Roja de Mosc\\u00fa\"},\"previousItem\":{\"@type\":\"ListItem\",\"@id\":\"https:\\\/\\\/www.eldigitaldeasturias.com\\\/noticias#listItem\",\"name\":\"Home\"}},{\"@type\":\"ListItem\",\"@id\":\"https:\\\/\\\/www.eldigitaldeasturias.com\\\/noticias\\\/putin-y-netanyahu-asisten-juntos-al-desfile-en-la-plaza-roja-de-moscu\\\/#listItem\",\"position\":3,\"name\":\"Putin y Netanyahu asisten juntos al desfile en la Plaza Roja de Mosc\\u00fa\",\"previousItem\":{\"@type\":\"ListItem\",\"@id\":\"https:\\\/\\\/www.eldigitaldeasturias.com\\\/noticias\\\/category\\\/actualidad\\\/#listItem\",\"name\":\"Actualidad\"}}]},{\"@type\":\"Organization\",\"@id\":\"https:\\\/\\\/www.eldigitaldeasturias.com\\\/noticias\\\/#organization\",\"name\":\"El Digital de Asturias\",\"description\":\"Hemeroteca\",\"url\":\"https:\\\/\\\/www.eldigitaldeasturias.com\\\/noticias\\\/\",\"email\":\"info@eldigitaldeasturias.com\",\"telephone\":\"+34652131393\",\"logo\":{\"@type\":\"ImageObject\",\"url\":\"https:\\\/\\\/www.eldigitaldeasturias.com\\\/noticias\\\/wp-content\\\/uploads\\\/2020\\\/12\\\/EDA.jpg\",\"@id\":\"https:\\\/\\\/www.eldigitaldeasturias.com\\\/noticias\\\/putin-y-netanyahu-asisten-juntos-al-desfile-en-la-plaza-roja-de-moscu\\\/#organizationLogo\"},\"image\":{\"@id\":\"https:\\\/\\\/www.eldigitaldeasturias.com\\\/noticias\\\/putin-y-netanyahu-asisten-juntos-al-desfile-en-la-plaza-roja-de-moscu\\\/#organizationLogo\"},\"sameAs\":[\"https:\\\/\\\/facebook.com\\\/eldigitaldeasturias\",\"https:\\\/\\\/www.youtube.com\\\/channel\\\/UCZP-2wLEB9Rv6erhFmqVnvg\"],\"address\":{\"@id\":\"https:\\\/\\\/www.eldigitaldeasturias.com\\\/noticias\\\/#postaladdress\",\"@type\":\"PostalAddress\",\"streetAddress\":\"san antonio 4\",\"postalCode\":\"33430\",\"addressLocality\":\"Cand\\u00e1s\",\"addressRegion\":\"Asturias\",\"addressCountry\":\"ES\"}},{\"@type\":\"Person\",\"@id\":\"https:\\\/\\\/www.eldigitaldeasturias.com\\\/noticias\\\/author\\\/admin\\\/#author\",\"url\":\"https:\\\/\\\/www.eldigitaldeasturias.com\\\/noticias\\\/author\\\/admin\\\/\",\"name\":\"El Digital de Asturias\",\"image\":{\"@type\":\"ImageObject\",\"@id\":\"https:\\\/\\\/www.eldigitaldeasturias.com\\\/noticias\\\/putin-y-netanyahu-asisten-juntos-al-desfile-en-la-plaza-roja-de-moscu\\\/#authorImage\",\"url\":\"https:\\\/\\\/secure.gravatar.com\\\/avatar\\\/df2aeffc32bcd13f8d26072ef8a91b623d677766deac7f97ca815868cd41bf5e?s=96&d=mm&r=g\",\"width\":96,\"height\":96,\"caption\":\"El Digital de Asturias\"}},{\"@type\":\"WebPage\",\"@id\":\"https:\\\/\\\/www.eldigitaldeasturias.com\\\/noticias\\\/putin-y-netanyahu-asisten-juntos-al-desfile-en-la-plaza-roja-de-moscu\\\/#webpage\",\"url\":\"https:\\\/\\\/www.eldigitaldeasturias.com\\\/noticias\\\/putin-y-netanyahu-asisten-juntos-al-desfile-en-la-plaza-roja-de-moscu\\\/\",\"name\":\"Putin y Netanyahu asisten juntos al desfile en la Plaza Roja de Mosc\\u00fa - El Digital de Asturias\",\"description\":\"Mosc\\u00fa, 9 may (dpa) - El presidente ruso, Vladimir Putin, asisti\\u00f3 hoy acompa\\u00f1ado del primer ministro israel\\u00ed, Benjamin Netanyahu, al tradicional desfile en la Plaza Roja de Mosc\\u00fa con el que Rusia conmemora la victoria de la Uni\\u00f3n Sovi\\u00e9tica sobre la Alemania nazi en la Segunda Guerra Mundial. El encuentro se produce en el marco\",\"inLanguage\":\"es-ES\",\"isPartOf\":{\"@id\":\"https:\\\/\\\/www.eldigitaldeasturias.com\\\/noticias\\\/#website\"},\"breadcrumb\":{\"@id\":\"https:\\\/\\\/www.eldigitaldeasturias.com\\\/noticias\\\/putin-y-netanyahu-asisten-juntos-al-desfile-en-la-plaza-roja-de-moscu\\\/#breadcrumblist\"},\"author\":{\"@id\":\"https:\\\/\\\/www.eldigitaldeasturias.com\\\/noticias\\\/author\\\/admin\\\/#author\"},\"creator\":{\"@id\":\"https:\\\/\\\/www.eldigitaldeasturias.com\\\/noticias\\\/author\\\/admin\\\/#author\"},\"image\":{\"@type\":\"ImageObject\",\"url\":969687,\"@id\":\"https:\\\/\\\/www.eldigitaldeasturias.com\\\/noticias\\\/putin-y-netanyahu-asisten-juntos-al-desfile-en-la-plaza-roja-de-moscu\\\/#mainImage\"},\"primaryImageOfPage\":{\"@id\":\"https:\\\/\\\/www.eldigitaldeasturias.com\\\/noticias\\\/putin-y-netanyahu-asisten-juntos-al-desfile-en-la-plaza-roja-de-moscu\\\/#mainImage\"},\"datePublished\":\"2018-05-09T21:52:17+02:00\",\"dateModified\":\"2018-05-09T21:52:17+02:00\"},{\"@type\":\"WebSite\",\"@id\":\"https:\\\/\\\/www.eldigitaldeasturias.com\\\/noticias\\\/#website\",\"url\":\"https:\\\/\\\/www.eldigitaldeasturias.com\\\/noticias\\\/\",\"name\":\"El Digital de Asturias - Diario de actualidad y noticias\",\"alternateName\":\"El Digital de Asturias - Diario de actualidad y noticias\",\"description\":\"Hemeroteca\",\"inLanguage\":\"es-ES\",\"publisher\":{\"@id\":\"https:\\\/\\\/www.eldigitaldeasturias.com\\\/noticias\\\/#organization\"}}]}\n\t\t<\/script>\n\t\t<!-- All in One SEO Pro -->\r\n\t\t<title>Putin y Netanyahu asisten juntos al desfile en la Plaza Roja de Mosc\u00fa - El Digital de Asturias<\/title>\n\n","aioseo_head_json":{"title":"Putin y Netanyahu asisten juntos al desfile en la Plaza Roja de Mosc\u00fa - El Digital de Asturias","description":"Mosc\u00fa, 9 may (dpa) - El presidente ruso, Vladimir Putin, asisti\u00f3 hoy acompa\u00f1ado del primer ministro israel\u00ed, Benjamin Netanyahu, al tradicional desfile en la Plaza Roja de Mosc\u00fa con el que Rusia conmemora la victoria de la Uni\u00f3n Sovi\u00e9tica sobre la Alemania nazi en la Segunda Guerra Mundial. El encuentro se produce en el marco","canonical_url":"https:\/\/www.eldigitaldeasturias.com\/noticias\/putin-y-netanyahu-asisten-juntos-al-desfile-en-la-plaza-roja-de-moscu\/","robots":"max-image-preview:large","keywords":"actualidad","webmasterTools":{"google-site-verification":"UA-38556648-1","msvalidate.01":"7dfe9f3f1b24437ab69f4f2559babe99","miscellaneous":""},"schema":{"@context":"https:\/\/schema.org","@graph":[{"@type":"BlogPosting","@id":"https:\/\/www.eldigitaldeasturias.com\/noticias\/putin-y-netanyahu-asisten-juntos-al-desfile-en-la-plaza-roja-de-moscu\/#blogposting","name":"Putin y Netanyahu asisten juntos al desfile en la Plaza Roja de Mosc\u00fa - El Digital de Asturias","headline":"Putin y Netanyahu asisten juntos al desfile en la Plaza Roja de Mosc\u00fa","author":{"@id":"https:\/\/www.eldigitaldeasturias.com\/noticias\/author\/admin\/#author"},"publisher":{"@id":"https:\/\/www.eldigitaldeasturias.com\/noticias\/#organization"},"image":{"@type":"ImageObject","url":969687},"datePublished":"2018-05-09T21:52:17+02:00","dateModified":"2018-05-09T21:52:17+02:00","inLanguage":"es-ES","mainEntityOfPage":{"@id":"https:\/\/www.eldigitaldeasturias.com\/noticias\/putin-y-netanyahu-asisten-juntos-al-desfile-en-la-plaza-roja-de-moscu\/#webpage"},"isPartOf":{"@id":"https:\/\/www.eldigitaldeasturias.com\/noticias\/putin-y-netanyahu-asisten-juntos-al-desfile-en-la-plaza-roja-de-moscu\/#webpage"},"articleSection":"Actualidad"},{"@type":"BreadcrumbList","@id":"https:\/\/www.eldigitaldeasturias.com\/noticias\/putin-y-netanyahu-asisten-juntos-al-desfile-en-la-plaza-roja-de-moscu\/#breadcrumblist","itemListElement":[{"@type":"ListItem","@id":"https:\/\/www.eldigitaldeasturias.com\/noticias#listItem","position":1,"name":"Home","item":"https:\/\/www.eldigitaldeasturias.com\/noticias","nextItem":{"@type":"ListItem","@id":"https:\/\/www.eldigitaldeasturias.com\/noticias\/category\/actualidad\/#listItem","name":"Actualidad"}},{"@type":"ListItem","@id":"https:\/\/www.eldigitaldeasturias.com\/noticias\/category\/actualidad\/#listItem","position":2,"name":"Actualidad","item":"https:\/\/www.eldigitaldeasturias.com\/noticias\/category\/actualidad\/","nextItem":{"@type":"ListItem","@id":"https:\/\/www.eldigitaldeasturias.com\/noticias\/putin-y-netanyahu-asisten-juntos-al-desfile-en-la-plaza-roja-de-moscu\/#listItem","name":"Putin y Netanyahu asisten juntos al desfile en la Plaza Roja de Mosc\u00fa"},"previousItem":{"@type":"ListItem","@id":"https:\/\/www.eldigitaldeasturias.com\/noticias#listItem","name":"Home"}},{"@type":"ListItem","@id":"https:\/\/www.eldigitaldeasturias.com\/noticias\/putin-y-netanyahu-asisten-juntos-al-desfile-en-la-plaza-roja-de-moscu\/#listItem","position":3,"name":"Putin y Netanyahu asisten juntos al desfile en la Plaza Roja de Mosc\u00fa","previousItem":{"@type":"ListItem","@id":"https:\/\/www.eldigitaldeasturias.com\/noticias\/category\/actualidad\/#listItem","name":"Actualidad"}}]},{"@type":"Organization","@id":"https:\/\/www.eldigitaldeasturias.com\/noticias\/#organization","name":"El Digital de Asturias","description":"Hemeroteca","url":"https:\/\/www.eldigitaldeasturias.com\/noticias\/","email":"info@eldigitaldeasturias.com","telephone":"+34652131393","logo":{"@type":"ImageObject","url":"https:\/\/www.eldigitaldeasturias.com\/noticias\/wp-content\/uploads\/2020\/12\/EDA.jpg","@id":"https:\/\/www.eldigitaldeasturias.com\/noticias\/putin-y-netanyahu-asisten-juntos-al-desfile-en-la-plaza-roja-de-moscu\/#organizationLogo"},"image":{"@id":"https:\/\/www.eldigitaldeasturias.com\/noticias\/putin-y-netanyahu-asisten-juntos-al-desfile-en-la-plaza-roja-de-moscu\/#organizationLogo"},"sameAs":["https:\/\/facebook.com\/eldigitaldeasturias","https:\/\/www.youtube.com\/channel\/UCZP-2wLEB9Rv6erhFmqVnvg"],"address":{"@id":"https:\/\/www.eldigitaldeasturias.com\/noticias\/#postaladdress","@type":"PostalAddress","streetAddress":"san antonio 4","postalCode":"33430","addressLocality":"Cand\u00e1s","addressRegion":"Asturias","addressCountry":"ES"}},{"@type":"Person","@id":"https:\/\/www.eldigitaldeasturias.com\/noticias\/author\/admin\/#author","url":"https:\/\/www.eldigitaldeasturias.com\/noticias\/author\/admin\/","name":"El Digital de Asturias","image":{"@type":"ImageObject","@id":"https:\/\/www.eldigitaldeasturias.com\/noticias\/putin-y-netanyahu-asisten-juntos-al-desfile-en-la-plaza-roja-de-moscu\/#authorImage","url":"https:\/\/secure.gravatar.com\/avatar\/df2aeffc32bcd13f8d26072ef8a91b623d677766deac7f97ca815868cd41bf5e?s=96&d=mm&r=g","width":96,"height":96,"caption":"El Digital de Asturias"}},{"@type":"WebPage","@id":"https:\/\/www.eldigitaldeasturias.com\/noticias\/putin-y-netanyahu-asisten-juntos-al-desfile-en-la-plaza-roja-de-moscu\/#webpage","url":"https:\/\/www.eldigitaldeasturias.com\/noticias\/putin-y-netanyahu-asisten-juntos-al-desfile-en-la-plaza-roja-de-moscu\/","name":"Putin y Netanyahu asisten juntos al desfile en la Plaza Roja de Mosc\u00fa - El Digital de Asturias","description":"Mosc\u00fa, 9 may (dpa) - El presidente ruso, Vladimir Putin, asisti\u00f3 hoy acompa\u00f1ado del primer ministro israel\u00ed, Benjamin Netanyahu, al tradicional desfile en la Plaza Roja de Mosc\u00fa con el que Rusia conmemora la victoria de la Uni\u00f3n Sovi\u00e9tica sobre la Alemania nazi en la Segunda Guerra Mundial. El encuentro se produce en el marco","inLanguage":"es-ES","isPartOf":{"@id":"https:\/\/www.eldigitaldeasturias.com\/noticias\/#website"},"breadcrumb":{"@id":"https:\/\/www.eldigitaldeasturias.com\/noticias\/putin-y-netanyahu-asisten-juntos-al-desfile-en-la-plaza-roja-de-moscu\/#breadcrumblist"},"author":{"@id":"https:\/\/www.eldigitaldeasturias.com\/noticias\/author\/admin\/#author"},"creator":{"@id":"https:\/\/www.eldigitaldeasturias.com\/noticias\/author\/admin\/#author"},"image":{"@type":"ImageObject","url":969687,"@id":"https:\/\/www.eldigitaldeasturias.com\/noticias\/putin-y-netanyahu-asisten-juntos-al-desfile-en-la-plaza-roja-de-moscu\/#mainImage"},"primaryImageOfPage":{"@id":"https:\/\/www.eldigitaldeasturias.com\/noticias\/putin-y-netanyahu-asisten-juntos-al-desfile-en-la-plaza-roja-de-moscu\/#mainImage"},"datePublished":"2018-05-09T21:52:17+02:00","dateModified":"2018-05-09T21:52:17+02:00"},{"@type":"WebSite","@id":"https:\/\/www.eldigitaldeasturias.com\/noticias\/#website","url":"https:\/\/www.eldigitaldeasturias.com\/noticias\/","name":"El Digital de Asturias - Diario de actualidad y noticias","alternateName":"El Digital de Asturias - Diario de actualidad y noticias","description":"Hemeroteca","inLanguage":"es-ES","publisher":{"@id":"https:\/\/www.eldigitaldeasturias.com\/noticias\/#organization"}}]},"og:locale":"es_ES","og:site_name":"El Digital de Asturias","og:type":"article","og:title":"Putin y Netanyahu asisten juntos al desfile en la Plaza Roja de Mosc\u00fa - El Digital de Asturias","og:description":"Mosc\u00fa, 9 may (dpa) - El presidente ruso, Vladimir Putin, asisti\u00f3 hoy acompa\u00f1ado del primer ministro israel\u00ed, Benjamin Netanyahu, al tradicional desfile en la Plaza Roja de Mosc\u00fa con el que Rusia conmemora la victoria de la Uni\u00f3n Sovi\u00e9tica sobre la Alemania nazi en la Segunda Guerra Mundial. El encuentro se produce en el marco","og:url":"https:\/\/www.eldigitaldeasturias.com\/noticias\/putin-y-netanyahu-asisten-juntos-al-desfile-en-la-plaza-roja-de-moscu\/","article:tag":["actualidad"],"article:published_time":"2018-05-09T21:52:17+00:00","article:modified_time":"2018-05-09T21:52:17+00:00","article:publisher":"https:\/\/facebook.com\/eldigitaldeasturias","twitter:card":"summary_large_image","twitter:title":"Putin y Netanyahu asisten juntos al desfile en la Plaza Roja de Mosc\u00fa - El Digital de Asturias","twitter:description":"Mosc\u00fa, 9 may (dpa) - El presidente ruso, Vladimir Putin, asisti\u00f3 hoy acompa\u00f1ado del primer ministro israel\u00ed, Benjamin Netanyahu, al tradicional desfile en la Plaza Roja de Mosc\u00fa con el que Rusia conmemora la victoria de la Uni\u00f3n Sovi\u00e9tica sobre la Alemania nazi en la Segunda Guerra Mundial. El encuentro se produce en el marco","twitter:image":"https:\/\/www.eldigitaldeasturias.com\/noticias\/wp-content\/uploads\/2020\/12\/EDA-1.jpg","twitter:label1":"Escrito por","twitter:data1":"El Digital de Asturias","twitter:label2":"Tiempo de lectura estimado","twitter:data2":"2 minutos"},"aioseo_meta_data":{"post_id":"979684","title":null,"description":null,"keywords":null,"keyphrases":null,"primary_term":null,"canonical_url":null,"og_title":null,"og_description":null,"og_object_type":"default","og_image_type":"default","og_image_url":null,"og_image_width":null,"og_image_height":null,"og_image_custom_url":null,"og_image_custom_fields":null,"og_video":null,"og_custom_url":null,"og_article_section":null,"og_article_tags":null,"twitter_use_og":false,"twitter_card":"default","twitter_image_type":"default","twitter_image_url":null,"twitter_image_custom_url":null,"twitter_image_custom_fields":null,"twitter_title":null,"twitter_description":null,"schema":{"blockGraphs":[],"customGraphs":[],"default":{"data":{"Article":[],"Course":[],"Dataset":[],"FAQPage":[],"Movie":[],"Person":[],"Product":[],"ProductReview":[],"Car":[],"Recipe":[],"Service":[],"SoftwareApplication":[],"WebPage":[]},"graphName":"","isEnabled":true},"graphs":[],"defaultGraph":"","defaultPostTypeGraph":""},"schema_type":null,"schema_type_options":null,"pillar_content":false,"robots_default":true,"robots_noindex":false,"robots_noarchive":false,"robots_nosnippet":false,"robots_nofollow":false,"robots_noimageindex":false,"robots_noodp":false,"robots_notranslate":false,"robots_max_snippet":null,"robots_max_videopreview":null,"robots_max_imagepreview":"large","priority":null,"frequency":null,"local_seo":null,"seo_analyzer_scan_date":"2025-10-08 15:13:05","breadcrumb_settings":null,"limit_modified_date":false,"open_ai":null,"ai":null,"created":"2020-12-21 11:58:37","updated":"2025-10-08 15:13:05","focus_keyword":null,"additional_keywords":null,"truseo_locale":null},"aioseo_breadcrumb":"<div class=\"aioseo-breadcrumbs\"><span class=\"aioseo-breadcrumb\">\n\t<a href=\"https:\/\/www.eldigitaldeasturias.com\/noticias\" title=\"Home\">Home<\/a>\n<\/span><span class=\"aioseo-breadcrumb-separator\">\u2013<\/span><span class=\"aioseo-breadcrumb\">\n\t<a href=\"https:\/\/www.eldigitaldeasturias.com\/noticias\/category\/actualidad\/\" title=\"Actualidad\">Actualidad<\/a>\n<\/span><span class=\"aioseo-breadcrumb-separator\">\u2013<\/span><span class=\"aioseo-breadcrumb\">\n\t<a href=\"https:\/\/www.eldigitaldeasturias.com\/noticias\/putin-y-netanyahu-asisten-juntos-al-desfile-en-la-plaza-roja-de-moscu\/\" title=\"Putin y Netanyahu asisten juntos al desfile en la Plaza Roja de Mosc\u00fa\">Putin y Netanyahu asisten juntos al desfile en la Plaza Roja de Mosc\u00fa<\/a>\n<\/span><\/div>","aioseo_breadcrumb_json":[{"label":"Home","link":"https:\/\/www.eldigitaldeasturias.com\/noticias"},{"label":"Actualidad","link":"https:\/\/www.eldigitaldeasturias.com\/noticias\/category\/actualidad\/"},{"label":"Putin y Netanyahu asisten juntos al desfile en la Plaza Roja de Mosc\u00fa","link":"https:\/\/www.eldigitaldeasturias.com\/noticias\/putin-y-netanyahu-asisten-juntos-al-desfile-en-la-plaza-roja-de-moscu\/"}],"_links":{"self":[{"href":"https:\/\/www.eldigitaldeasturias.com\/noticias\/wp-json\/wp\/v2\/posts\/979684","targetHints":{"allow":["GET"]}}],"collection":[{"href":"https:\/\/www.eldigitaldeasturias.com\/noticias\/wp-json\/wp\/v2\/posts"}],"about":[{"href":"https:\/\/www.eldigitaldeasturias.com\/noticias\/wp-json\/wp\/v2\/types\/post"}],"author":[{"embeddable":true,"href":"https:\/\/www.eldigitaldeasturias.com\/noticias\/wp-json\/wp\/v2\/users\/1"}],"replies":[{"embeddable":true,"href":"https:\/\/www.eldigitaldeasturias.com\/noticias\/wp-json\/wp\/v2\/comments?post=979684"}],"version-history":[{"count":0,"href":"https:\/\/www.eldigitaldeasturias.com\/noticias\/wp-json\/wp\/v2\/posts\/979684\/revisions"}],"wp:attachment":[{"href":"https:\/\/www.eldigitaldeasturias.com\/noticias\/wp-json\/wp\/v2\/media?parent=979684"}],"wp:term":[{"taxonomy":"category","embeddable":true,"href":"https:\/\/www.eldigitaldeasturias.com\/noticias\/wp-json\/wp\/v2\/categories?post=979684"},{"taxonomy":"post_tag","embeddable":true,"href":"https:\/\/www.eldigitaldeasturias.com\/noticias\/wp-json\/wp\/v2\/tags?post=979684"}],"curies":[{"name":"wp","href":"https:\/\/api.w.org\/{rel}","templated":true}]}}