{"id":979682,"date":"2018-05-09T21:49:15","date_gmt":"2018-05-09T21:49:15","guid":{"rendered":"http:\/\/www.eldigitaldeasturias.com\/noticias\/?p=979682"},"modified":"2018-05-09T21:49:15","modified_gmt":"2018-05-09T21:49:15","slug":"tres-ataques-suicidas-sacuden-kabul","status":"publish","type":"post","link":"https:\/\/www.eldigitaldeasturias.com\/noticias\/tres-ataques-suicidas-sacuden-kabul\/","title":{"rendered":"Tres ataques suicidas sacuden Kabul"},"content":{"rendered":"<p><img loading=\"lazy\" decoding=\"async\" class=\"alignleft size-medium wp-image-873757\" src=\"https:\/\/www.eldigitaldeasturias.com\/noticias\/wp-content\/uploads\/2016\/04\/Estado-Isl\u00e1mico-360x198.jpg\" alt=\"\" width=\"360\" height=\"198\" \/>Kabul, 9 may (dpa) &#8211; Tres ataques suicidas consecutivos sacudieron hoy la capital de Afganist\u00e1n, Kabul, y dejaron al menos trece muertos, entre ellos siete civiles, cinco polic\u00edas y un agente de seguridad, inform\u00f3 un portavoz de la Polic\u00eda de Kabul, Hashmatullah Stanakzay.<\/p>\n<p>Dos polic\u00edas murieron y otros dos resultaron heridos en el oeste de Kabul cuando miembros de la milicia terrorista Estado Isl\u00e1mico (EI) atacaron una comisar\u00eda a las 11:30 (07:00 GMT), dijo el ministro del Interior afgano, Wais Ahmad Barmak.<\/p>\n<p>El ministro inform\u00f3 de que cuatro milicianos murieron: dos abatidos por los agentes y otros dos que se volaron por los aires, uno cerca de la entrada al estadio en Dasht e Barchi, una zona chiita habitada por la minor\u00eda hazara, y el otro en una acera cercana.<\/p>\n<p>El otro ataque se produjo cerca de la principal comisar\u00eda de polic\u00eda de la zona de Shar e Naw, en el centro, que comenz\u00f3 cuando un miliciano deton\u00f3 su chaleco explosivo.<\/p>\n<p>Tras la detonaci\u00f3n, otros cuatro atacantes dispararon contra la comisar\u00eda y otras organizaciones cercanas, por lo que se desconoce cu\u00e1l era el objetivo principal de los atentados. En las inmediaciones se encuentran tambi\u00e9n edificios del Afghanistan International Bank, la compa\u00f1\u00eda de telecomunicaciones Etisalat y otras organizaciones privadas.<\/p>\n<p>Los milicianos se atrincheraron en un edificio vac\u00edo. El portavoz de la Polic\u00eda de Kabul Stanakzay dijo que el ataque acab\u00f3 con los cinco atacantes muertos, siete horas despu\u00e9s de su comienzo.<\/p>\n<p>Stanakzay agreg\u00f3 que en el atentado fallecieron tres polic\u00edas y un agente de seguridad de una empresa de telecomunicaciones, mientras que otros tres polic\u00edas resultaron heridos.<\/p>\n<p>El portavoz de los talibanes Zabihullah Mujahid reivindic\u00f3 la autor\u00eda de estos ataque diciendo que los milicianos hab\u00edan matado a numerosos \u00abagentes y trabajadores enemigos\u00bb.<\/p>\n<p>Wahidullah Majroh, portavoz del Ministerio de Salud P\u00fablica, inform\u00f3 de siete civiles muertos y 17 heridos, sin especificar la cifra exacta de v\u00edctimas en cada atentado.<\/p>\n<p>Los ataques de hoy tienen lugar tras el doble atentado del 30 de abril en Kabul, en el que murieron 25 personas, entre ellas nueve periodistas.<\/p>\n<p>Paralelamente murieron otros seis polic\u00edas por accidente en la provincia de Badghis, en el oeste del pa\u00eds, en un bombardeo. Un miembro del consejo provincial cont\u00f3 a dpa que el bombardeo iba dirigido a los talibanes, pero alcanz\u00f3 a los agentes por error.<\/p>\n<p>De momento no est\u00e1 claro si se trataba de un avi\u00f3n del Ej\u00e9rcito estadounidense o de las fuerzas a\u00e9reas afganas. Estados Unidos y Afganist\u00e1n han reforzado sus ataques contra los extremistas desde que el presidente norteamericano, Donald Trump, anunci\u00f3 el pasado agosto una nueva estrategia para el pa\u00eds e hizo que se trasladaran m\u00e1s tropas.<\/p>\n","protected":false},"excerpt":{"rendered":"<p>Kabul, 9 may (dpa) &#8211; Tres ataques suicidas consecutivos sacudieron hoy la capital de Afganist\u00e1n, Kabul, y dejaron al menos trece muertos, entre ellos siete civiles, cinco polic\u00edas y un agente de seguridad, inform\u00f3 un portavoz de la Polic\u00eda de Kabul, Hashmatullah Stanakzay. Dos polic\u00edas murieron y otros dos resultaron heridos en el oeste de [&hellip;]<\/p>\n","protected":false},"author":1,"featured_media":873757,"comment_status":"closed","ping_status":"closed","sticky":false,"template":"","format":"standard","meta":{"footnotes":""},"categories":[1],"tags":[],"class_list":["post-979682","post","type-post","status-publish","format-standard","has-post-thumbnail","hentry","category-actualidad"],"aioseo_notices":[],"aioseo_head":"\n\t\t<!-- All in One SEO Pro 5.0.1 - aioseo.com -->\n\t<meta name=\"description\" content=\"Kabul, 9 may (dpa) - Tres ataques suicidas consecutivos sacudieron hoy la capital de Afganist\u00e1n, Kabul, y dejaron al menos trece muertos, entre ellos siete civiles, cinco polic\u00edas y un agente de seguridad, inform\u00f3 un portavoz de la Polic\u00eda de Kabul, Hashmatullah Stanakzay. Dos polic\u00edas murieron y otros dos resultaron heridos en el oeste de\" \/>\n\t<meta name=\"robots\" content=\"max-image-preview:large\" \/>\n\t<meta name=\"author\" content=\"El Digital de Asturias\"\/>\n\t<meta name=\"google-site-verification\" content=\"UA-38556648-1\" \/>\n\t<meta name=\"msvalidate.01\" content=\"7dfe9f3f1b24437ab69f4f2559babe99\" \/>\n\t<meta name=\"keywords\" content=\"actualidad\" \/>\n\t<link rel=\"canonical\" href=\"https:\/\/www.eldigitaldeasturias.com\/noticias\/tres-ataques-suicidas-sacuden-kabul\/\" \/>\n\t<meta name=\"generator\" content=\"All in One SEO Pro (AIOSEO) 5.0.1\" \/>\n\t\t<meta property=\"og:locale\" content=\"es_ES\" \/>\n\t\t<meta property=\"og:site_name\" content=\"El Digital de Asturias\" \/>\n\t\t<meta property=\"og:type\" content=\"article\" \/>\n\t\t<meta property=\"og:title\" content=\"Tres ataques suicidas sacuden Kabul - El Digital de Asturias\" \/>\n\t\t<meta property=\"og:description\" content=\"Kabul, 9 may (dpa) - Tres ataques suicidas consecutivos sacudieron hoy la capital de Afganist\u00e1n, Kabul, y dejaron al menos trece muertos, entre ellos siete civiles, cinco polic\u00edas y un agente de seguridad, inform\u00f3 un portavoz de la Polic\u00eda de Kabul, Hashmatullah Stanakzay. Dos polic\u00edas murieron y otros dos resultaron heridos en el oeste de\" \/>\n\t\t<meta property=\"og:url\" content=\"https:\/\/www.eldigitaldeasturias.com\/noticias\/tres-ataques-suicidas-sacuden-kabul\/\" \/>\n\t\t<meta property=\"article:tag\" content=\"actualidad\" \/>\n\t\t<meta property=\"article:published_time\" content=\"2018-05-09T21:49:15+00:00\" \/>\n\t\t<meta property=\"article:modified_time\" content=\"2018-05-09T21:49:15+00:00\" \/>\n\t\t<meta property=\"article:publisher\" content=\"https:\/\/facebook.com\/eldigitaldeasturias\" \/>\n\t\t<meta name=\"twitter:card\" content=\"summary_large_image\" \/>\n\t\t<meta name=\"twitter:title\" content=\"Tres ataques suicidas sacuden Kabul - El Digital de Asturias\" \/>\n\t\t<meta name=\"twitter:description\" content=\"Kabul, 9 may (dpa) - Tres ataques suicidas consecutivos sacudieron hoy la capital de Afganist\u00e1n, Kabul, y dejaron al menos trece muertos, entre ellos siete civiles, cinco polic\u00edas y un agente de seguridad, inform\u00f3 un portavoz de la Polic\u00eda de Kabul, Hashmatullah Stanakzay. Dos polic\u00edas murieron y otros dos resultaron heridos en el oeste de\" \/>\n\t\t<meta name=\"twitter:image\" content=\"https:\/\/www.eldigitaldeasturias.com\/noticias\/wp-content\/uploads\/2020\/12\/EDA-1.jpg\" \/>\n\t\t<meta name=\"twitter:label1\" content=\"Escrito por\" \/>\n\t\t<meta name=\"twitter:data1\" content=\"El Digital de Asturias\" \/>\n\t\t<meta name=\"twitter:label2\" content=\"Tiempo de lectura estimado\" \/>\n\t\t<meta name=\"twitter:data2\" content=\"2 minutos\" \/>\n\t\t<script type=\"application\/ld+json\" class=\"aioseo-schema\">\n\t\t\t{\"@context\":\"https:\\\/\\\/schema.org\",\"@graph\":[{\"@type\":\"BlogPosting\",\"@id\":\"https:\\\/\\\/www.eldigitaldeasturias.com\\\/noticias\\\/tres-ataques-suicidas-sacuden-kabul\\\/#blogposting\",\"name\":\"Tres ataques suicidas sacuden Kabul - El Digital de Asturias\",\"headline\":\"Tres ataques suicidas sacuden Kabul\",\"author\":{\"@id\":\"https:\\\/\\\/www.eldigitaldeasturias.com\\\/noticias\\\/author\\\/admin\\\/#author\"},\"publisher\":{\"@id\":\"https:\\\/\\\/www.eldigitaldeasturias.com\\\/noticias\\\/#organization\"},\"image\":{\"@type\":\"ImageObject\",\"url\":873757},\"datePublished\":\"2018-05-09T21:49:15+02:00\",\"dateModified\":\"2018-05-09T21:49:15+02:00\",\"inLanguage\":\"es-ES\",\"mainEntityOfPage\":{\"@id\":\"https:\\\/\\\/www.eldigitaldeasturias.com\\\/noticias\\\/tres-ataques-suicidas-sacuden-kabul\\\/#webpage\"},\"isPartOf\":{\"@id\":\"https:\\\/\\\/www.eldigitaldeasturias.com\\\/noticias\\\/tres-ataques-suicidas-sacuden-kabul\\\/#webpage\"},\"articleSection\":\"Actualidad\"},{\"@type\":\"BreadcrumbList\",\"@id\":\"https:\\\/\\\/www.eldigitaldeasturias.com\\\/noticias\\\/tres-ataques-suicidas-sacuden-kabul\\\/#breadcrumblist\",\"itemListElement\":[{\"@type\":\"ListItem\",\"@id\":\"https:\\\/\\\/www.eldigitaldeasturias.com\\\/noticias#listItem\",\"position\":1,\"name\":\"Home\",\"item\":\"https:\\\/\\\/www.eldigitaldeasturias.com\\\/noticias\",\"nextItem\":{\"@type\":\"ListItem\",\"@id\":\"https:\\\/\\\/www.eldigitaldeasturias.com\\\/noticias\\\/category\\\/actualidad\\\/#listItem\",\"name\":\"Actualidad\"}},{\"@type\":\"ListItem\",\"@id\":\"https:\\\/\\\/www.eldigitaldeasturias.com\\\/noticias\\\/category\\\/actualidad\\\/#listItem\",\"position\":2,\"name\":\"Actualidad\",\"item\":\"https:\\\/\\\/www.eldigitaldeasturias.com\\\/noticias\\\/category\\\/actualidad\\\/\",\"nextItem\":{\"@type\":\"ListItem\",\"@id\":\"https:\\\/\\\/www.eldigitaldeasturias.com\\\/noticias\\\/tres-ataques-suicidas-sacuden-kabul\\\/#listItem\",\"name\":\"Tres ataques suicidas sacuden Kabul\"},\"previousItem\":{\"@type\":\"ListItem\",\"@id\":\"https:\\\/\\\/www.eldigitaldeasturias.com\\\/noticias#listItem\",\"name\":\"Home\"}},{\"@type\":\"ListItem\",\"@id\":\"https:\\\/\\\/www.eldigitaldeasturias.com\\\/noticias\\\/tres-ataques-suicidas-sacuden-kabul\\\/#listItem\",\"position\":3,\"name\":\"Tres ataques suicidas sacuden Kabul\",\"previousItem\":{\"@type\":\"ListItem\",\"@id\":\"https:\\\/\\\/www.eldigitaldeasturias.com\\\/noticias\\\/category\\\/actualidad\\\/#listItem\",\"name\":\"Actualidad\"}}]},{\"@type\":\"Organization\",\"@id\":\"https:\\\/\\\/www.eldigitaldeasturias.com\\\/noticias\\\/#organization\",\"name\":\"El Digital de Asturias\",\"description\":\"Hemeroteca\",\"url\":\"https:\\\/\\\/www.eldigitaldeasturias.com\\\/noticias\\\/\",\"email\":\"info@eldigitaldeasturias.com\",\"telephone\":\"+34652131393\",\"logo\":{\"@type\":\"ImageObject\",\"url\":\"https:\\\/\\\/www.eldigitaldeasturias.com\\\/noticias\\\/wp-content\\\/uploads\\\/2020\\\/12\\\/EDA.jpg\",\"@id\":\"https:\\\/\\\/www.eldigitaldeasturias.com\\\/noticias\\\/tres-ataques-suicidas-sacuden-kabul\\\/#organizationLogo\"},\"image\":{\"@id\":\"https:\\\/\\\/www.eldigitaldeasturias.com\\\/noticias\\\/tres-ataques-suicidas-sacuden-kabul\\\/#organizationLogo\"},\"sameAs\":[\"https:\\\/\\\/facebook.com\\\/eldigitaldeasturias\",\"https:\\\/\\\/www.youtube.com\\\/channel\\\/UCZP-2wLEB9Rv6erhFmqVnvg\"],\"address\":{\"@id\":\"https:\\\/\\\/www.eldigitaldeasturias.com\\\/noticias\\\/#postaladdress\",\"@type\":\"PostalAddress\",\"streetAddress\":\"san antonio 4\",\"postalCode\":\"33430\",\"addressLocality\":\"Cand\\u00e1s\",\"addressRegion\":\"Asturias\",\"addressCountry\":\"ES\"}},{\"@type\":\"Person\",\"@id\":\"https:\\\/\\\/www.eldigitaldeasturias.com\\\/noticias\\\/author\\\/admin\\\/#author\",\"url\":\"https:\\\/\\\/www.eldigitaldeasturias.com\\\/noticias\\\/author\\\/admin\\\/\",\"name\":\"El Digital de Asturias\",\"image\":{\"@type\":\"ImageObject\",\"@id\":\"https:\\\/\\\/www.eldigitaldeasturias.com\\\/noticias\\\/tres-ataques-suicidas-sacuden-kabul\\\/#authorImage\",\"url\":\"https:\\\/\\\/secure.gravatar.com\\\/avatar\\\/df2aeffc32bcd13f8d26072ef8a91b623d677766deac7f97ca815868cd41bf5e?s=96&d=mm&r=g\",\"width\":96,\"height\":96,\"caption\":\"El Digital de Asturias\"}},{\"@type\":\"WebPage\",\"@id\":\"https:\\\/\\\/www.eldigitaldeasturias.com\\\/noticias\\\/tres-ataques-suicidas-sacuden-kabul\\\/#webpage\",\"url\":\"https:\\\/\\\/www.eldigitaldeasturias.com\\\/noticias\\\/tres-ataques-suicidas-sacuden-kabul\\\/\",\"name\":\"Tres ataques suicidas sacuden Kabul - El Digital de Asturias\",\"description\":\"Kabul, 9 may (dpa) - Tres ataques suicidas consecutivos sacudieron hoy la capital de Afganist\\u00e1n, Kabul, y dejaron al menos trece muertos, entre ellos siete civiles, cinco polic\\u00edas y un agente de seguridad, inform\\u00f3 un portavoz de la Polic\\u00eda de Kabul, Hashmatullah Stanakzay. Dos polic\\u00edas murieron y otros dos resultaron heridos en el oeste de\",\"inLanguage\":\"es-ES\",\"isPartOf\":{\"@id\":\"https:\\\/\\\/www.eldigitaldeasturias.com\\\/noticias\\\/#website\"},\"breadcrumb\":{\"@id\":\"https:\\\/\\\/www.eldigitaldeasturias.com\\\/noticias\\\/tres-ataques-suicidas-sacuden-kabul\\\/#breadcrumblist\"},\"author\":{\"@id\":\"https:\\\/\\\/www.eldigitaldeasturias.com\\\/noticias\\\/author\\\/admin\\\/#author\"},\"creator\":{\"@id\":\"https:\\\/\\\/www.eldigitaldeasturias.com\\\/noticias\\\/author\\\/admin\\\/#author\"},\"image\":{\"@type\":\"ImageObject\",\"url\":873757,\"@id\":\"https:\\\/\\\/www.eldigitaldeasturias.com\\\/noticias\\\/tres-ataques-suicidas-sacuden-kabul\\\/#mainImage\"},\"primaryImageOfPage\":{\"@id\":\"https:\\\/\\\/www.eldigitaldeasturias.com\\\/noticias\\\/tres-ataques-suicidas-sacuden-kabul\\\/#mainImage\"},\"datePublished\":\"2018-05-09T21:49:15+02:00\",\"dateModified\":\"2018-05-09T21:49:15+02:00\"},{\"@type\":\"WebSite\",\"@id\":\"https:\\\/\\\/www.eldigitaldeasturias.com\\\/noticias\\\/#website\",\"url\":\"https:\\\/\\\/www.eldigitaldeasturias.com\\\/noticias\\\/\",\"name\":\"El Digital de Asturias - Diario de actualidad y noticias\",\"alternateName\":\"El Digital de Asturias - Diario de actualidad y noticias\",\"description\":\"Hemeroteca\",\"inLanguage\":\"es-ES\",\"publisher\":{\"@id\":\"https:\\\/\\\/www.eldigitaldeasturias.com\\\/noticias\\\/#organization\"}}]}\n\t\t<\/script>\n\t\t<!-- All in One SEO Pro -->\r\n\t\t<title>Tres ataques suicidas sacuden Kabul - El Digital de Asturias<\/title>\n\n","aioseo_head_json":{"title":"Tres ataques suicidas sacuden Kabul - El Digital de Asturias","description":"Kabul, 9 may (dpa) - Tres ataques suicidas consecutivos sacudieron hoy la capital de Afganist\u00e1n, Kabul, y dejaron al menos trece muertos, entre ellos siete civiles, cinco polic\u00edas y un agente de seguridad, inform\u00f3 un portavoz de la Polic\u00eda de Kabul, Hashmatullah Stanakzay. Dos polic\u00edas murieron y otros dos resultaron heridos en el oeste de","canonical_url":"https:\/\/www.eldigitaldeasturias.com\/noticias\/tres-ataques-suicidas-sacuden-kabul\/","robots":"max-image-preview:large","keywords":"actualidad","webmasterTools":{"google-site-verification":"UA-38556648-1","msvalidate.01":"7dfe9f3f1b24437ab69f4f2559babe99","miscellaneous":""},"schema":{"@context":"https:\/\/schema.org","@graph":[{"@type":"BlogPosting","@id":"https:\/\/www.eldigitaldeasturias.com\/noticias\/tres-ataques-suicidas-sacuden-kabul\/#blogposting","name":"Tres ataques suicidas sacuden Kabul - El Digital de Asturias","headline":"Tres ataques suicidas sacuden Kabul","author":{"@id":"https:\/\/www.eldigitaldeasturias.com\/noticias\/author\/admin\/#author"},"publisher":{"@id":"https:\/\/www.eldigitaldeasturias.com\/noticias\/#organization"},"image":{"@type":"ImageObject","url":873757},"datePublished":"2018-05-09T21:49:15+02:00","dateModified":"2018-05-09T21:49:15+02:00","inLanguage":"es-ES","mainEntityOfPage":{"@id":"https:\/\/www.eldigitaldeasturias.com\/noticias\/tres-ataques-suicidas-sacuden-kabul\/#webpage"},"isPartOf":{"@id":"https:\/\/www.eldigitaldeasturias.com\/noticias\/tres-ataques-suicidas-sacuden-kabul\/#webpage"},"articleSection":"Actualidad"},{"@type":"BreadcrumbList","@id":"https:\/\/www.eldigitaldeasturias.com\/noticias\/tres-ataques-suicidas-sacuden-kabul\/#breadcrumblist","itemListElement":[{"@type":"ListItem","@id":"https:\/\/www.eldigitaldeasturias.com\/noticias#listItem","position":1,"name":"Home","item":"https:\/\/www.eldigitaldeasturias.com\/noticias","nextItem":{"@type":"ListItem","@id":"https:\/\/www.eldigitaldeasturias.com\/noticias\/category\/actualidad\/#listItem","name":"Actualidad"}},{"@type":"ListItem","@id":"https:\/\/www.eldigitaldeasturias.com\/noticias\/category\/actualidad\/#listItem","position":2,"name":"Actualidad","item":"https:\/\/www.eldigitaldeasturias.com\/noticias\/category\/actualidad\/","nextItem":{"@type":"ListItem","@id":"https:\/\/www.eldigitaldeasturias.com\/noticias\/tres-ataques-suicidas-sacuden-kabul\/#listItem","name":"Tres ataques suicidas sacuden Kabul"},"previousItem":{"@type":"ListItem","@id":"https:\/\/www.eldigitaldeasturias.com\/noticias#listItem","name":"Home"}},{"@type":"ListItem","@id":"https:\/\/www.eldigitaldeasturias.com\/noticias\/tres-ataques-suicidas-sacuden-kabul\/#listItem","position":3,"name":"Tres ataques suicidas sacuden Kabul","previousItem":{"@type":"ListItem","@id":"https:\/\/www.eldigitaldeasturias.com\/noticias\/category\/actualidad\/#listItem","name":"Actualidad"}}]},{"@type":"Organization","@id":"https:\/\/www.eldigitaldeasturias.com\/noticias\/#organization","name":"El Digital de Asturias","description":"Hemeroteca","url":"https:\/\/www.eldigitaldeasturias.com\/noticias\/","email":"info@eldigitaldeasturias.com","telephone":"+34652131393","logo":{"@type":"ImageObject","url":"https:\/\/www.eldigitaldeasturias.com\/noticias\/wp-content\/uploads\/2020\/12\/EDA.jpg","@id":"https:\/\/www.eldigitaldeasturias.com\/noticias\/tres-ataques-suicidas-sacuden-kabul\/#organizationLogo"},"image":{"@id":"https:\/\/www.eldigitaldeasturias.com\/noticias\/tres-ataques-suicidas-sacuden-kabul\/#organizationLogo"},"sameAs":["https:\/\/facebook.com\/eldigitaldeasturias","https:\/\/www.youtube.com\/channel\/UCZP-2wLEB9Rv6erhFmqVnvg"],"address":{"@id":"https:\/\/www.eldigitaldeasturias.com\/noticias\/#postaladdress","@type":"PostalAddress","streetAddress":"san antonio 4","postalCode":"33430","addressLocality":"Cand\u00e1s","addressRegion":"Asturias","addressCountry":"ES"}},{"@type":"Person","@id":"https:\/\/www.eldigitaldeasturias.com\/noticias\/author\/admin\/#author","url":"https:\/\/www.eldigitaldeasturias.com\/noticias\/author\/admin\/","name":"El Digital de Asturias","image":{"@type":"ImageObject","@id":"https:\/\/www.eldigitaldeasturias.com\/noticias\/tres-ataques-suicidas-sacuden-kabul\/#authorImage","url":"https:\/\/secure.gravatar.com\/avatar\/df2aeffc32bcd13f8d26072ef8a91b623d677766deac7f97ca815868cd41bf5e?s=96&d=mm&r=g","width":96,"height":96,"caption":"El Digital de Asturias"}},{"@type":"WebPage","@id":"https:\/\/www.eldigitaldeasturias.com\/noticias\/tres-ataques-suicidas-sacuden-kabul\/#webpage","url":"https:\/\/www.eldigitaldeasturias.com\/noticias\/tres-ataques-suicidas-sacuden-kabul\/","name":"Tres ataques suicidas sacuden Kabul - El Digital de Asturias","description":"Kabul, 9 may (dpa) - Tres ataques suicidas consecutivos sacudieron hoy la capital de Afganist\u00e1n, Kabul, y dejaron al menos trece muertos, entre ellos siete civiles, cinco polic\u00edas y un agente de seguridad, inform\u00f3 un portavoz de la Polic\u00eda de Kabul, Hashmatullah Stanakzay. Dos polic\u00edas murieron y otros dos resultaron heridos en el oeste de","inLanguage":"es-ES","isPartOf":{"@id":"https:\/\/www.eldigitaldeasturias.com\/noticias\/#website"},"breadcrumb":{"@id":"https:\/\/www.eldigitaldeasturias.com\/noticias\/tres-ataques-suicidas-sacuden-kabul\/#breadcrumblist"},"author":{"@id":"https:\/\/www.eldigitaldeasturias.com\/noticias\/author\/admin\/#author"},"creator":{"@id":"https:\/\/www.eldigitaldeasturias.com\/noticias\/author\/admin\/#author"},"image":{"@type":"ImageObject","url":873757,"@id":"https:\/\/www.eldigitaldeasturias.com\/noticias\/tres-ataques-suicidas-sacuden-kabul\/#mainImage"},"primaryImageOfPage":{"@id":"https:\/\/www.eldigitaldeasturias.com\/noticias\/tres-ataques-suicidas-sacuden-kabul\/#mainImage"},"datePublished":"2018-05-09T21:49:15+02:00","dateModified":"2018-05-09T21:49:15+02:00"},{"@type":"WebSite","@id":"https:\/\/www.eldigitaldeasturias.com\/noticias\/#website","url":"https:\/\/www.eldigitaldeasturias.com\/noticias\/","name":"El Digital de Asturias - Diario de actualidad y noticias","alternateName":"El Digital de Asturias - Diario de actualidad y noticias","description":"Hemeroteca","inLanguage":"es-ES","publisher":{"@id":"https:\/\/www.eldigitaldeasturias.com\/noticias\/#organization"}}]},"og:locale":"es_ES","og:site_name":"El Digital de Asturias","og:type":"article","og:title":"Tres ataques suicidas sacuden Kabul - El Digital de Asturias","og:description":"Kabul, 9 may (dpa) - Tres ataques suicidas consecutivos sacudieron hoy la capital de Afganist\u00e1n, Kabul, y dejaron al menos trece muertos, entre ellos siete civiles, cinco polic\u00edas y un agente de seguridad, inform\u00f3 un portavoz de la Polic\u00eda de Kabul, Hashmatullah Stanakzay. Dos polic\u00edas murieron y otros dos resultaron heridos en el oeste de","og:url":"https:\/\/www.eldigitaldeasturias.com\/noticias\/tres-ataques-suicidas-sacuden-kabul\/","article:tag":["actualidad"],"article:published_time":"2018-05-09T21:49:15+00:00","article:modified_time":"2018-05-09T21:49:15+00:00","article:publisher":"https:\/\/facebook.com\/eldigitaldeasturias","twitter:card":"summary_large_image","twitter:title":"Tres ataques suicidas sacuden Kabul - El Digital de Asturias","twitter:description":"Kabul, 9 may (dpa) - Tres ataques suicidas consecutivos sacudieron hoy la capital de Afganist\u00e1n, Kabul, y dejaron al menos trece muertos, entre ellos siete civiles, cinco polic\u00edas y un agente de seguridad, inform\u00f3 un portavoz de la Polic\u00eda de Kabul, Hashmatullah Stanakzay. Dos polic\u00edas murieron y otros dos resultaron heridos en el oeste de","twitter:image":"https:\/\/www.eldigitaldeasturias.com\/noticias\/wp-content\/uploads\/2020\/12\/EDA-1.jpg","twitter:label1":"Escrito por","twitter:data1":"El Digital de Asturias","twitter:label2":"Tiempo de lectura estimado","twitter:data2":"2 minutos"},"aioseo_meta_data":{"post_id":"979682","title":null,"description":null,"keywords":null,"keyphrases":null,"primary_term":null,"canonical_url":null,"og_title":null,"og_description":null,"og_object_type":"default","og_image_type":"default","og_image_url":null,"og_image_width":null,"og_image_height":null,"og_image_custom_url":null,"og_image_custom_fields":null,"og_video":null,"og_custom_url":null,"og_article_section":null,"og_article_tags":null,"twitter_use_og":false,"twitter_card":"default","twitter_image_type":"default","twitter_image_url":null,"twitter_image_custom_url":null,"twitter_image_custom_fields":null,"twitter_title":null,"twitter_description":null,"schema":{"blockGraphs":[],"customGraphs":[],"default":{"data":{"Article":[],"Course":[],"Dataset":[],"FAQPage":[],"Movie":[],"Person":[],"Product":[],"ProductReview":[],"Car":[],"Recipe":[],"Service":[],"SoftwareApplication":[],"WebPage":[]},"graphName":"","isEnabled":true},"graphs":[],"defaultGraph":"","defaultPostTypeGraph":""},"schema_type":null,"schema_type_options":null,"pillar_content":false,"robots_default":true,"robots_noindex":false,"robots_noarchive":false,"robots_nosnippet":false,"robots_nofollow":false,"robots_noimageindex":false,"robots_noodp":false,"robots_notranslate":false,"robots_max_snippet":null,"robots_max_videopreview":null,"robots_max_imagepreview":"large","priority":null,"frequency":null,"local_seo":null,"seo_analyzer_scan_date":"2025-10-08 15:13:05","breadcrumb_settings":null,"limit_modified_date":false,"open_ai":null,"ai":null,"created":"2020-12-21 11:58:37","updated":"2025-10-08 15:13:05","focus_keyword":null,"additional_keywords":null,"truseo_locale":null},"aioseo_breadcrumb":"<div class=\"aioseo-breadcrumbs\"><span class=\"aioseo-breadcrumb\">\n\t<a href=\"https:\/\/www.eldigitaldeasturias.com\/noticias\" title=\"Home\">Home<\/a>\n<\/span><span class=\"aioseo-breadcrumb-separator\">\u2013<\/span><span class=\"aioseo-breadcrumb\">\n\t<a href=\"https:\/\/www.eldigitaldeasturias.com\/noticias\/category\/actualidad\/\" title=\"Actualidad\">Actualidad<\/a>\n<\/span><span class=\"aioseo-breadcrumb-separator\">\u2013<\/span><span class=\"aioseo-breadcrumb\">\n\t<a href=\"https:\/\/www.eldigitaldeasturias.com\/noticias\/tres-ataques-suicidas-sacuden-kabul\/\" title=\"Tres ataques suicidas sacuden Kabul\">Tres ataques suicidas sacuden Kabul<\/a>\n<\/span><\/div>","aioseo_breadcrumb_json":[{"label":"Home","link":"https:\/\/www.eldigitaldeasturias.com\/noticias"},{"label":"Actualidad","link":"https:\/\/www.eldigitaldeasturias.com\/noticias\/category\/actualidad\/"},{"label":"Tres ataques suicidas sacuden Kabul","link":"https:\/\/www.eldigitaldeasturias.com\/noticias\/tres-ataques-suicidas-sacuden-kabul\/"}],"_links":{"self":[{"href":"https:\/\/www.eldigitaldeasturias.com\/noticias\/wp-json\/wp\/v2\/posts\/979682","targetHints":{"allow":["GET"]}}],"collection":[{"href":"https:\/\/www.eldigitaldeasturias.com\/noticias\/wp-json\/wp\/v2\/posts"}],"about":[{"href":"https:\/\/www.eldigitaldeasturias.com\/noticias\/wp-json\/wp\/v2\/types\/post"}],"author":[{"embeddable":true,"href":"https:\/\/www.eldigitaldeasturias.com\/noticias\/wp-json\/wp\/v2\/users\/1"}],"replies":[{"embeddable":true,"href":"https:\/\/www.eldigitaldeasturias.com\/noticias\/wp-json\/wp\/v2\/comments?post=979682"}],"version-history":[{"count":0,"href":"https:\/\/www.eldigitaldeasturias.com\/noticias\/wp-json\/wp\/v2\/posts\/979682\/revisions"}],"wp:attachment":[{"href":"https:\/\/www.eldigitaldeasturias.com\/noticias\/wp-json\/wp\/v2\/media?parent=979682"}],"wp:term":[{"taxonomy":"category","embeddable":true,"href":"https:\/\/www.eldigitaldeasturias.com\/noticias\/wp-json\/wp\/v2\/categories?post=979682"},{"taxonomy":"post_tag","embeddable":true,"href":"https:\/\/www.eldigitaldeasturias.com\/noticias\/wp-json\/wp\/v2\/tags?post=979682"}],"curies":[{"name":"wp","href":"https:\/\/api.w.org\/{rel}","templated":true}]}}