{"id":979676,"date":"2018-05-09T21:42:22","date_gmt":"2018-05-09T21:42:22","guid":{"rendered":"http:\/\/www.eldigitaldeasturias.com\/noticias\/?p=979676"},"modified":"2018-05-09T21:42:22","modified_gmt":"2018-05-09T21:42:22","slug":"jimenez-barrios-preside-la-entrega-de-los-xi-premios-rosa-regas","status":"publish","type":"post","link":"https:\/\/www.eldigitaldeasturias.com\/noticias\/jimenez-barrios-preside-la-entrega-de-los-xi-premios-rosa-regas\/","title":{"rendered":"Jim\u00e9nez Barrios preside la entrega de los XI Premios Rosa Reg\u00e1s"},"content":{"rendered":"<p><img loading=\"lazy\" decoding=\"async\" class=\"alignleft size-medium wp-image-979677\" src=\"https:\/\/www.eldigitaldeasturias.com\/noticias\/wp-content\/uploads\/2018\/05\/1525865698939-360x212.jpg\" alt=\"\" width=\"360\" height=\"212\" \/>El vicepresidente de la Junta y consejero de la Presidencia, Administraci\u00f3n Local y Memoria Democr\u00e1tica, Manuel Jim\u00e9nez Barrios, ha valorado el papel de la educaci\u00f3n en \u00abalgo tan importante y transversal\u00bb para el Gobierno de la Junta como es avanzar hacia una sociedad en la que la igualdad de g\u00e9nero sea una realidad. As\u00ed lo ha manifestado durante la entrega de la XI edici\u00f3n de los Premios Rosa Reg\u00e1s, que reconoce a materiales curriculares que destaquen por su valor coeducativo. Las distinciones, convocadas por la Consejer\u00eda de Educaci\u00f3n, han reca\u00eddo en cuatro trabajos desarrollados por docentes de centros de Benahadux y Pulp\u00ed, en Almer\u00eda, C\u00f3rdoba y Otura, Montefr\u00edo y Granada capital.<\/p>\n<p>Jim\u00e9nez Barrios ha valorado que estos premios fueron creados con la \u00abpotente idea de fondo\u00bb de hacer de nuestro sistema educativo un \u00abinstrumento efectivo\u00bb para construir una sociedad m\u00e1s igualitaria y ha destacado la \u00abenorme calidad\u00bb de los trabajos premiados este a\u00f1o. Un a\u00f1o que, ha reconocido, \u00abser\u00e1 recordado por ser en el que eclosion\u00f3 el feminismo a nivel internacional\u00bb.<\/p>\n<p>En este sentido, ha puesto en valor las manifestaciones que se produjeron en todo el mundo el pasado 8 de marzo, al tiempo que ha se\u00f1alado que esa lucha \u00abno puede quedarse solo en un d\u00eda\u00bb, sino que \u00abentre todos tenemos que seguir trabajando para que se convierta en algo cotidiano, que impregne todas las pol\u00edticas de las personas y la acci\u00f3n de las personas\u00bb. Seg\u00fan ha explicado, \u00ab\u00e9ste es un trabajo incansable, que no tiene fin, en el que todos los d\u00edas hay que poner nuestro empe\u00f1o en ser capaces de transformar una realidad tan dura y tan dif\u00edcil para muchas mujeres\u00bb.<\/p>\n<p>As\u00ed, ha subrayado que el Gobierno andaluz y su presidenta \u00abforman parte convencida de esta corriente\u00bb y, desde hace a\u00f1os, \u00abhan dise\u00f1ado un modelo de educaci\u00f3n que aborde los valores de la igualdad y la diversidad, que ayude a nuestros j\u00f3venes a construir relaciones basadas en la equidad, el respeto y la corresponsabilidad\u00bb.<\/p>\n<p>De igual forma, ha hecho hincapi\u00e9 en que el \u00abcompromiso con la igualdad ha sido un sello identificativo\u00bb de los diferentes gobiernos de la Junta. As\u00ed, ha recordado que Andaluc\u00eda fue la primera comunidad que elabor\u00f3 un Plan deIigualdad en Educaci\u00f3n y que ahora tiene en marcha el II Plan Estrat\u00e9gico de Igualdad de G\u00e9nero en Educaci\u00f3n 2016-2021. Asimismo, ha destacado que la comunidad tambi\u00e9n fue la primera en regular y publicar c\u00f3mo actuar en los centros educativos ante casos de violencia de g\u00e9nero y supuestos de acoso escolar y ciberacoso.<\/p>\n<p>El vicepresidente ha concluido se\u00f1alando la satisfacci\u00f3n del Gobierno andaluz porque, \u00abcon nuestras acciones, el futuro ser\u00e1 m\u00e1s justo para todos\u00bb.<\/p>\n<p><strong>Premios Rosa Reg\u00e1s<\/strong><\/p>\n<p>Los Premios Rosa Reg\u00e1s, que tiene car\u00e1cter anual, est\u00e1n dirigidos a estimular entre el profesorado de los centros p\u00fablicos andaluces la realizaci\u00f3n de materiales curriculares que promuevan la igualdad de g\u00e9nero. El objetivo es as\u00ed premiar los trabajos que contribuyan a crear en el alumnado una representaci\u00f3n justa y equitativa del mundo y que fomenten los valores de la igualdad real y efectiva entre hombres y mujeres.<\/p>\n<p>Para ello el contenido, desarrollo, lenguaje y actividades incluidos en estos materiales deben tener un car\u00e1cter coeducativo, que favorezcan la igualdad en las relaciones interpersonales.<\/p>\n<p>Los premios presentan dos modalidades. La modalidad A es para materiales curriculares in\u00e9ditos, no publicados, presentados y realizados por el profesorado no universitario que preste sus servicios en centros educativos p\u00fablicos, de forma individual o en equipo. Por su parte, la modalidad B, que en esta edici\u00f3n ha quedado desierta, est\u00e1 destinada a materiales publicados por editoriales o instituciones andaluzas, tanto p\u00fablicas como privadas.<\/p>\n<p>Dentro de la primera modalidad, el primer premio ha reca\u00eddo en el trabajo &#8216;Primer plano, compromiso y acci\u00f3n&#8217;, realizado por Natalia D\u00edaz Estrella del IES Zaid\u00edn-Vergeles, de Granada. Galardonado por su contribuci\u00f3n a promover la igualdad de g\u00e9nero y la prevenci\u00f3n y erradicaci\u00f3n de la violencia de g\u00e9nero entre el alumnado adolescente a trav\u00e9s de la producci\u00f3n audiovisual. Se trata de un proyecto coeducativo que conecta la cultura audiovisual y la alfabetizaci\u00f3n medi\u00e1tica con el II Plan de Igualdad de G\u00e9nero en Educaci\u00f3n.<\/p>\n<p>El segundo premio ha sido para el proyecto &#8216;Espa\u00f1olas ca\u00f1eras&#8217;, elaborado por Raquel Soler Delgado del IES Aurantia, de Benahadux, y Eufrasio Rigaud Granados, del IES Mar Serena, de Pulp\u00ed, ambos en Almer\u00eda. Distinguido por su contribuci\u00f3n a recuperar la memoria colectiva de mujeres que, a trav\u00e9s de sus obras, denunciaron la desigualdad existente entre hombres y mujeres en sus respectivas \u00e9pocas hist\u00f3ricas. Con este trabajo de investigaci\u00f3n pretenden concienciar al alumnado de la lucha de la mujer por sus derechos y por los que a\u00fan faltan por lograr.<\/p>\n<p>La exposici\u00f3n est\u00e1 constituida por un total de 32 carteles con im\u00e1genes de alumnas de 1\u00ba y 2\u00ba de ESO, que representan a estas mujeres y la posibilidad de que ellas mismas lo sean en el futuro.<\/p>\n<p><strong>Tercer premio compartido<\/strong><\/p>\n<p>Con el tercer premio se ha galardonado el trabajo &#8216;Ahimsa, la voz esc\u00e9nica de la equidad&#8217;, por su contribuci\u00f3n a fomentar entre la comunidad educativa, la toma de conciencia del papel vivido por la mujer a lo largo de la historia, a trav\u00e9s de la escenificaci\u00f3n.<\/p>\n<p>Se trata de un proyecto de innovaci\u00f3n coeducativo, que a\u00fana diferentes \u00e1reas dentro del curr\u00edculum, con el flamenco y con el Plan de Igualdad. El proyecto nace para difundir valores universales como la igualdad, la inclusi\u00f3n y la convivencia positiva en los centros, ligados al curriculum del alumnado de 3.\u00ba y 4.\u00ba de ESO, dirigidos por Artes Esc\u00e9nicas, siendo su voz protagonista la igualdad.<\/p>\n<p>Este trabajo ha sido realizado por Susana Fern\u00e1ndez Mill\u00e1n, Vanesa Montserrat Garc\u00eda Hern\u00e1ndez, Ignacio Garc\u00eda Medina, Lilia Lorenzo Hern\u00e1ndez, Guadalupe Rodr\u00edguez Rivas, Antonio Rus Mart\u00ednez, del IES Escultor S\u00e1nchez Mesa, de Otura, y Patricia Latorre P\u00e9rez, Rub\u00e9n L\u00f3pez S\u00e1nchez e Inmaculada Rodr\u00edguez Atero, del IES Hiponova, de Montefr\u00edo, ambos centros de Granada.<\/p>\n<p>Tambi\u00e9n ha obtenido el tercer premio el trabajo &#8216;Lleg\u00f3 la hora de la igualdad&#8217;, realizado por Adolfa M. Vega Rold\u00e1n y M\u00aa Dolores Jim\u00e9nez del R\u00edo, del IES Blas Infante, de C\u00f3rdoba, por su contribuci\u00f3n a promover la coeducaci\u00f3n, la igualdad y la prevenci\u00f3n de la violencia de g\u00e9nero, implicando a toda la comunidad educativa.<\/p>\n<p>El material que se presenta es el trabajo realizado a lo largo de todo el curso, en desarrollo del Plan de Igualdad de G\u00e9nero en el centro educativo. Pretenden concienciar al alumnado y a la comunidad educativa sobre las limitaciones que los estereotipos sexistas representan para la realizaci\u00f3n de su vida personal, profesional y laboral. Con implicaci\u00f3n de todos los departamentos, se han realizado distintas actividades, organizadas por trimestre, a nivel de centro, ciclo y aula. Las actuaciones han sido muy variadas: an\u00e1lisis de pel\u00edculas, microteatros, fomento de la corresponsabilidad o representaci\u00f3n de mon\u00f3logos.<\/p>\n","protected":false},"excerpt":{"rendered":"<p>El vicepresidente de la Junta y consejero de la Presidencia, Administraci\u00f3n Local y Memoria Democr\u00e1tica, Manuel Jim\u00e9nez Barrios, ha valorado el papel de la educaci\u00f3n en \u00abalgo tan importante y transversal\u00bb para el Gobierno de la Junta como es avanzar hacia una sociedad en la que la igualdad de g\u00e9nero sea una realidad. As\u00ed lo [&hellip;]<\/p>\n","protected":false},"author":1,"featured_media":979677,"comment_status":"closed","ping_status":"closed","sticky":false,"template":"","format":"standard","meta":{"footnotes":""},"categories":[1],"tags":[],"class_list":["post-979676","post","type-post","status-publish","format-standard","has-post-thumbnail","hentry","category-actualidad"],"aioseo_notices":[],"aioseo_head":"\n\t\t<!-- All in One SEO Pro 5.0.1 - aioseo.com -->\n\t<meta name=\"description\" content=\"El vicepresidente de la Junta y consejero de la Presidencia, Administraci\u00f3n Local y Memoria Democr\u00e1tica, Manuel Jim\u00e9nez Barrios, ha valorado el papel de la educaci\u00f3n en &quot;algo tan importante y transversal&quot; para el Gobierno de la Junta como es avanzar hacia una sociedad en la que la igualdad de g\u00e9nero sea una realidad. As\u00ed lo\" \/>\n\t<meta name=\"robots\" content=\"max-image-preview:large\" \/>\n\t<meta name=\"author\" content=\"El Digital de Asturias\"\/>\n\t<meta name=\"google-site-verification\" content=\"UA-38556648-1\" \/>\n\t<meta name=\"msvalidate.01\" content=\"7dfe9f3f1b24437ab69f4f2559babe99\" \/>\n\t<meta name=\"keywords\" content=\"actualidad\" \/>\n\t<link rel=\"canonical\" href=\"https:\/\/www.eldigitaldeasturias.com\/noticias\/jimenez-barrios-preside-la-entrega-de-los-xi-premios-rosa-regas\/\" \/>\n\t<meta name=\"generator\" content=\"All in One SEO Pro (AIOSEO) 5.0.1\" \/>\n\t\t<meta property=\"og:locale\" content=\"es_ES\" \/>\n\t\t<meta property=\"og:site_name\" content=\"El Digital de Asturias\" \/>\n\t\t<meta property=\"og:type\" content=\"article\" \/>\n\t\t<meta property=\"og:title\" content=\"Jim\u00e9nez Barrios preside la entrega de los XI Premios Rosa Reg\u00e1s - El Digital de Asturias\" \/>\n\t\t<meta property=\"og:description\" content=\"El vicepresidente de la Junta y consejero de la Presidencia, Administraci\u00f3n Local y Memoria Democr\u00e1tica, Manuel Jim\u00e9nez Barrios, ha valorado el papel de la educaci\u00f3n en &quot;algo tan importante y transversal&quot; para el Gobierno de la Junta como es avanzar hacia una sociedad en la que la igualdad de g\u00e9nero sea una realidad. As\u00ed lo\" \/>\n\t\t<meta property=\"og:url\" content=\"https:\/\/www.eldigitaldeasturias.com\/noticias\/jimenez-barrios-preside-la-entrega-de-los-xi-premios-rosa-regas\/\" \/>\n\t\t<meta property=\"article:tag\" content=\"actualidad\" \/>\n\t\t<meta property=\"article:published_time\" content=\"2018-05-09T21:42:22+00:00\" \/>\n\t\t<meta property=\"article:modified_time\" content=\"2018-05-09T21:42:22+00:00\" \/>\n\t\t<meta property=\"article:publisher\" content=\"https:\/\/facebook.com\/eldigitaldeasturias\" \/>\n\t\t<meta name=\"twitter:card\" content=\"summary_large_image\" \/>\n\t\t<meta name=\"twitter:title\" content=\"Jim\u00e9nez Barrios preside la entrega de los XI Premios Rosa Reg\u00e1s - El Digital de Asturias\" \/>\n\t\t<meta name=\"twitter:description\" content=\"El vicepresidente de la Junta y consejero de la Presidencia, Administraci\u00f3n Local y Memoria Democr\u00e1tica, Manuel Jim\u00e9nez Barrios, ha valorado el papel de la educaci\u00f3n en &quot;algo tan importante y transversal&quot; para el Gobierno de la Junta como es avanzar hacia una sociedad en la que la igualdad de g\u00e9nero sea una realidad. As\u00ed lo\" \/>\n\t\t<meta name=\"twitter:image\" content=\"https:\/\/www.eldigitaldeasturias.com\/noticias\/wp-content\/uploads\/2020\/12\/EDA-1.jpg\" \/>\n\t\t<meta name=\"twitter:label1\" content=\"Escrito por\" \/>\n\t\t<meta name=\"twitter:data1\" content=\"El Digital de Asturias\" \/>\n\t\t<meta name=\"twitter:label2\" content=\"Tiempo de lectura estimado\" \/>\n\t\t<meta name=\"twitter:data2\" content=\"6 minutos\" \/>\n\t\t<script type=\"application\/ld+json\" class=\"aioseo-schema\">\n\t\t\t{\"@context\":\"https:\\\/\\\/schema.org\",\"@graph\":[{\"@type\":\"BlogPosting\",\"@id\":\"https:\\\/\\\/www.eldigitaldeasturias.com\\\/noticias\\\/jimenez-barrios-preside-la-entrega-de-los-xi-premios-rosa-regas\\\/#blogposting\",\"name\":\"Jim\\u00e9nez Barrios preside la entrega de los XI Premios Rosa Reg\\u00e1s - El Digital de Asturias\",\"headline\":\"Jim\\u00e9nez Barrios preside la entrega de los XI Premios Rosa Reg\\u00e1s\",\"author\":{\"@id\":\"https:\\\/\\\/www.eldigitaldeasturias.com\\\/noticias\\\/author\\\/admin\\\/#author\"},\"publisher\":{\"@id\":\"https:\\\/\\\/www.eldigitaldeasturias.com\\\/noticias\\\/#organization\"},\"image\":{\"@type\":\"ImageObject\",\"url\":979677},\"datePublished\":\"2018-05-09T21:42:22+02:00\",\"dateModified\":\"2018-05-09T21:42:22+02:00\",\"inLanguage\":\"es-ES\",\"mainEntityOfPage\":{\"@id\":\"https:\\\/\\\/www.eldigitaldeasturias.com\\\/noticias\\\/jimenez-barrios-preside-la-entrega-de-los-xi-premios-rosa-regas\\\/#webpage\"},\"isPartOf\":{\"@id\":\"https:\\\/\\\/www.eldigitaldeasturias.com\\\/noticias\\\/jimenez-barrios-preside-la-entrega-de-los-xi-premios-rosa-regas\\\/#webpage\"},\"articleSection\":\"Actualidad\"},{\"@type\":\"BreadcrumbList\",\"@id\":\"https:\\\/\\\/www.eldigitaldeasturias.com\\\/noticias\\\/jimenez-barrios-preside-la-entrega-de-los-xi-premios-rosa-regas\\\/#breadcrumblist\",\"itemListElement\":[{\"@type\":\"ListItem\",\"@id\":\"https:\\\/\\\/www.eldigitaldeasturias.com\\\/noticias#listItem\",\"position\":1,\"name\":\"Home\",\"item\":\"https:\\\/\\\/www.eldigitaldeasturias.com\\\/noticias\",\"nextItem\":{\"@type\":\"ListItem\",\"@id\":\"https:\\\/\\\/www.eldigitaldeasturias.com\\\/noticias\\\/category\\\/actualidad\\\/#listItem\",\"name\":\"Actualidad\"}},{\"@type\":\"ListItem\",\"@id\":\"https:\\\/\\\/www.eldigitaldeasturias.com\\\/noticias\\\/category\\\/actualidad\\\/#listItem\",\"position\":2,\"name\":\"Actualidad\",\"item\":\"https:\\\/\\\/www.eldigitaldeasturias.com\\\/noticias\\\/category\\\/actualidad\\\/\",\"nextItem\":{\"@type\":\"ListItem\",\"@id\":\"https:\\\/\\\/www.eldigitaldeasturias.com\\\/noticias\\\/jimenez-barrios-preside-la-entrega-de-los-xi-premios-rosa-regas\\\/#listItem\",\"name\":\"Jim\\u00e9nez Barrios preside la entrega de los XI Premios Rosa Reg\\u00e1s\"},\"previousItem\":{\"@type\":\"ListItem\",\"@id\":\"https:\\\/\\\/www.eldigitaldeasturias.com\\\/noticias#listItem\",\"name\":\"Home\"}},{\"@type\":\"ListItem\",\"@id\":\"https:\\\/\\\/www.eldigitaldeasturias.com\\\/noticias\\\/jimenez-barrios-preside-la-entrega-de-los-xi-premios-rosa-regas\\\/#listItem\",\"position\":3,\"name\":\"Jim\\u00e9nez Barrios preside la entrega de los XI Premios Rosa Reg\\u00e1s\",\"previousItem\":{\"@type\":\"ListItem\",\"@id\":\"https:\\\/\\\/www.eldigitaldeasturias.com\\\/noticias\\\/category\\\/actualidad\\\/#listItem\",\"name\":\"Actualidad\"}}]},{\"@type\":\"Organization\",\"@id\":\"https:\\\/\\\/www.eldigitaldeasturias.com\\\/noticias\\\/#organization\",\"name\":\"El Digital de Asturias\",\"description\":\"Hemeroteca\",\"url\":\"https:\\\/\\\/www.eldigitaldeasturias.com\\\/noticias\\\/\",\"email\":\"info@eldigitaldeasturias.com\",\"telephone\":\"+34652131393\",\"logo\":{\"@type\":\"ImageObject\",\"url\":\"https:\\\/\\\/www.eldigitaldeasturias.com\\\/noticias\\\/wp-content\\\/uploads\\\/2020\\\/12\\\/EDA.jpg\",\"@id\":\"https:\\\/\\\/www.eldigitaldeasturias.com\\\/noticias\\\/jimenez-barrios-preside-la-entrega-de-los-xi-premios-rosa-regas\\\/#organizationLogo\"},\"image\":{\"@id\":\"https:\\\/\\\/www.eldigitaldeasturias.com\\\/noticias\\\/jimenez-barrios-preside-la-entrega-de-los-xi-premios-rosa-regas\\\/#organizationLogo\"},\"sameAs\":[\"https:\\\/\\\/facebook.com\\\/eldigitaldeasturias\",\"https:\\\/\\\/www.youtube.com\\\/channel\\\/UCZP-2wLEB9Rv6erhFmqVnvg\"],\"address\":{\"@id\":\"https:\\\/\\\/www.eldigitaldeasturias.com\\\/noticias\\\/#postaladdress\",\"@type\":\"PostalAddress\",\"streetAddress\":\"san antonio 4\",\"postalCode\":\"33430\",\"addressLocality\":\"Cand\\u00e1s\",\"addressRegion\":\"Asturias\",\"addressCountry\":\"ES\"}},{\"@type\":\"Person\",\"@id\":\"https:\\\/\\\/www.eldigitaldeasturias.com\\\/noticias\\\/author\\\/admin\\\/#author\",\"url\":\"https:\\\/\\\/www.eldigitaldeasturias.com\\\/noticias\\\/author\\\/admin\\\/\",\"name\":\"El Digital de Asturias\",\"image\":{\"@type\":\"ImageObject\",\"@id\":\"https:\\\/\\\/www.eldigitaldeasturias.com\\\/noticias\\\/jimenez-barrios-preside-la-entrega-de-los-xi-premios-rosa-regas\\\/#authorImage\",\"url\":\"https:\\\/\\\/secure.gravatar.com\\\/avatar\\\/df2aeffc32bcd13f8d26072ef8a91b623d677766deac7f97ca815868cd41bf5e?s=96&d=mm&r=g\",\"width\":96,\"height\":96,\"caption\":\"El Digital de Asturias\"}},{\"@type\":\"WebPage\",\"@id\":\"https:\\\/\\\/www.eldigitaldeasturias.com\\\/noticias\\\/jimenez-barrios-preside-la-entrega-de-los-xi-premios-rosa-regas\\\/#webpage\",\"url\":\"https:\\\/\\\/www.eldigitaldeasturias.com\\\/noticias\\\/jimenez-barrios-preside-la-entrega-de-los-xi-premios-rosa-regas\\\/\",\"name\":\"Jim\\u00e9nez Barrios preside la entrega de los XI Premios Rosa Reg\\u00e1s - El Digital de Asturias\",\"description\":\"El vicepresidente de la Junta y consejero de la Presidencia, Administraci\\u00f3n Local y Memoria Democr\\u00e1tica, Manuel Jim\\u00e9nez Barrios, ha valorado el papel de la educaci\\u00f3n en \\\"algo tan importante y transversal\\\" para el Gobierno de la Junta como es avanzar hacia una sociedad en la que la igualdad de g\\u00e9nero sea una realidad. As\\u00ed lo\",\"inLanguage\":\"es-ES\",\"isPartOf\":{\"@id\":\"https:\\\/\\\/www.eldigitaldeasturias.com\\\/noticias\\\/#website\"},\"breadcrumb\":{\"@id\":\"https:\\\/\\\/www.eldigitaldeasturias.com\\\/noticias\\\/jimenez-barrios-preside-la-entrega-de-los-xi-premios-rosa-regas\\\/#breadcrumblist\"},\"author\":{\"@id\":\"https:\\\/\\\/www.eldigitaldeasturias.com\\\/noticias\\\/author\\\/admin\\\/#author\"},\"creator\":{\"@id\":\"https:\\\/\\\/www.eldigitaldeasturias.com\\\/noticias\\\/author\\\/admin\\\/#author\"},\"image\":{\"@type\":\"ImageObject\",\"url\":979677,\"@id\":\"https:\\\/\\\/www.eldigitaldeasturias.com\\\/noticias\\\/jimenez-barrios-preside-la-entrega-de-los-xi-premios-rosa-regas\\\/#mainImage\"},\"primaryImageOfPage\":{\"@id\":\"https:\\\/\\\/www.eldigitaldeasturias.com\\\/noticias\\\/jimenez-barrios-preside-la-entrega-de-los-xi-premios-rosa-regas\\\/#mainImage\"},\"datePublished\":\"2018-05-09T21:42:22+02:00\",\"dateModified\":\"2018-05-09T21:42:22+02:00\"},{\"@type\":\"WebSite\",\"@id\":\"https:\\\/\\\/www.eldigitaldeasturias.com\\\/noticias\\\/#website\",\"url\":\"https:\\\/\\\/www.eldigitaldeasturias.com\\\/noticias\\\/\",\"name\":\"El Digital de Asturias - Diario de actualidad y noticias\",\"alternateName\":\"El Digital de Asturias - Diario de actualidad y noticias\",\"description\":\"Hemeroteca\",\"inLanguage\":\"es-ES\",\"publisher\":{\"@id\":\"https:\\\/\\\/www.eldigitaldeasturias.com\\\/noticias\\\/#organization\"}}]}\n\t\t<\/script>\n\t\t<!-- All in One SEO Pro -->\r\n\t\t<title>Jim\u00e9nez Barrios preside la entrega de los XI Premios Rosa Reg\u00e1s - El Digital de Asturias<\/title>\n\n","aioseo_head_json":{"title":"Jim\u00e9nez Barrios preside la entrega de los XI Premios Rosa Reg\u00e1s - El Digital de Asturias","description":"El vicepresidente de la Junta y consejero de la Presidencia, Administraci\u00f3n Local y Memoria Democr\u00e1tica, Manuel Jim\u00e9nez Barrios, ha valorado el papel de la educaci\u00f3n en \"algo tan importante y transversal\" para el Gobierno de la Junta como es avanzar hacia una sociedad en la que la igualdad de g\u00e9nero sea una realidad. As\u00ed lo","canonical_url":"https:\/\/www.eldigitaldeasturias.com\/noticias\/jimenez-barrios-preside-la-entrega-de-los-xi-premios-rosa-regas\/","robots":"max-image-preview:large","keywords":"actualidad","webmasterTools":{"google-site-verification":"UA-38556648-1","msvalidate.01":"7dfe9f3f1b24437ab69f4f2559babe99","miscellaneous":""},"schema":{"@context":"https:\/\/schema.org","@graph":[{"@type":"BlogPosting","@id":"https:\/\/www.eldigitaldeasturias.com\/noticias\/jimenez-barrios-preside-la-entrega-de-los-xi-premios-rosa-regas\/#blogposting","name":"Jim\u00e9nez Barrios preside la entrega de los XI Premios Rosa Reg\u00e1s - El Digital de Asturias","headline":"Jim\u00e9nez Barrios preside la entrega de los XI Premios Rosa Reg\u00e1s","author":{"@id":"https:\/\/www.eldigitaldeasturias.com\/noticias\/author\/admin\/#author"},"publisher":{"@id":"https:\/\/www.eldigitaldeasturias.com\/noticias\/#organization"},"image":{"@type":"ImageObject","url":979677},"datePublished":"2018-05-09T21:42:22+02:00","dateModified":"2018-05-09T21:42:22+02:00","inLanguage":"es-ES","mainEntityOfPage":{"@id":"https:\/\/www.eldigitaldeasturias.com\/noticias\/jimenez-barrios-preside-la-entrega-de-los-xi-premios-rosa-regas\/#webpage"},"isPartOf":{"@id":"https:\/\/www.eldigitaldeasturias.com\/noticias\/jimenez-barrios-preside-la-entrega-de-los-xi-premios-rosa-regas\/#webpage"},"articleSection":"Actualidad"},{"@type":"BreadcrumbList","@id":"https:\/\/www.eldigitaldeasturias.com\/noticias\/jimenez-barrios-preside-la-entrega-de-los-xi-premios-rosa-regas\/#breadcrumblist","itemListElement":[{"@type":"ListItem","@id":"https:\/\/www.eldigitaldeasturias.com\/noticias#listItem","position":1,"name":"Home","item":"https:\/\/www.eldigitaldeasturias.com\/noticias","nextItem":{"@type":"ListItem","@id":"https:\/\/www.eldigitaldeasturias.com\/noticias\/category\/actualidad\/#listItem","name":"Actualidad"}},{"@type":"ListItem","@id":"https:\/\/www.eldigitaldeasturias.com\/noticias\/category\/actualidad\/#listItem","position":2,"name":"Actualidad","item":"https:\/\/www.eldigitaldeasturias.com\/noticias\/category\/actualidad\/","nextItem":{"@type":"ListItem","@id":"https:\/\/www.eldigitaldeasturias.com\/noticias\/jimenez-barrios-preside-la-entrega-de-los-xi-premios-rosa-regas\/#listItem","name":"Jim\u00e9nez Barrios preside la entrega de los XI Premios Rosa Reg\u00e1s"},"previousItem":{"@type":"ListItem","@id":"https:\/\/www.eldigitaldeasturias.com\/noticias#listItem","name":"Home"}},{"@type":"ListItem","@id":"https:\/\/www.eldigitaldeasturias.com\/noticias\/jimenez-barrios-preside-la-entrega-de-los-xi-premios-rosa-regas\/#listItem","position":3,"name":"Jim\u00e9nez Barrios preside la entrega de los XI Premios Rosa Reg\u00e1s","previousItem":{"@type":"ListItem","@id":"https:\/\/www.eldigitaldeasturias.com\/noticias\/category\/actualidad\/#listItem","name":"Actualidad"}}]},{"@type":"Organization","@id":"https:\/\/www.eldigitaldeasturias.com\/noticias\/#organization","name":"El Digital de Asturias","description":"Hemeroteca","url":"https:\/\/www.eldigitaldeasturias.com\/noticias\/","email":"info@eldigitaldeasturias.com","telephone":"+34652131393","logo":{"@type":"ImageObject","url":"https:\/\/www.eldigitaldeasturias.com\/noticias\/wp-content\/uploads\/2020\/12\/EDA.jpg","@id":"https:\/\/www.eldigitaldeasturias.com\/noticias\/jimenez-barrios-preside-la-entrega-de-los-xi-premios-rosa-regas\/#organizationLogo"},"image":{"@id":"https:\/\/www.eldigitaldeasturias.com\/noticias\/jimenez-barrios-preside-la-entrega-de-los-xi-premios-rosa-regas\/#organizationLogo"},"sameAs":["https:\/\/facebook.com\/eldigitaldeasturias","https:\/\/www.youtube.com\/channel\/UCZP-2wLEB9Rv6erhFmqVnvg"],"address":{"@id":"https:\/\/www.eldigitaldeasturias.com\/noticias\/#postaladdress","@type":"PostalAddress","streetAddress":"san antonio 4","postalCode":"33430","addressLocality":"Cand\u00e1s","addressRegion":"Asturias","addressCountry":"ES"}},{"@type":"Person","@id":"https:\/\/www.eldigitaldeasturias.com\/noticias\/author\/admin\/#author","url":"https:\/\/www.eldigitaldeasturias.com\/noticias\/author\/admin\/","name":"El Digital de Asturias","image":{"@type":"ImageObject","@id":"https:\/\/www.eldigitaldeasturias.com\/noticias\/jimenez-barrios-preside-la-entrega-de-los-xi-premios-rosa-regas\/#authorImage","url":"https:\/\/secure.gravatar.com\/avatar\/df2aeffc32bcd13f8d26072ef8a91b623d677766deac7f97ca815868cd41bf5e?s=96&d=mm&r=g","width":96,"height":96,"caption":"El Digital de Asturias"}},{"@type":"WebPage","@id":"https:\/\/www.eldigitaldeasturias.com\/noticias\/jimenez-barrios-preside-la-entrega-de-los-xi-premios-rosa-regas\/#webpage","url":"https:\/\/www.eldigitaldeasturias.com\/noticias\/jimenez-barrios-preside-la-entrega-de-los-xi-premios-rosa-regas\/","name":"Jim\u00e9nez Barrios preside la entrega de los XI Premios Rosa Reg\u00e1s - El Digital de Asturias","description":"El vicepresidente de la Junta y consejero de la Presidencia, Administraci\u00f3n Local y Memoria Democr\u00e1tica, Manuel Jim\u00e9nez Barrios, ha valorado el papel de la educaci\u00f3n en \"algo tan importante y transversal\" para el Gobierno de la Junta como es avanzar hacia una sociedad en la que la igualdad de g\u00e9nero sea una realidad. As\u00ed lo","inLanguage":"es-ES","isPartOf":{"@id":"https:\/\/www.eldigitaldeasturias.com\/noticias\/#website"},"breadcrumb":{"@id":"https:\/\/www.eldigitaldeasturias.com\/noticias\/jimenez-barrios-preside-la-entrega-de-los-xi-premios-rosa-regas\/#breadcrumblist"},"author":{"@id":"https:\/\/www.eldigitaldeasturias.com\/noticias\/author\/admin\/#author"},"creator":{"@id":"https:\/\/www.eldigitaldeasturias.com\/noticias\/author\/admin\/#author"},"image":{"@type":"ImageObject","url":979677,"@id":"https:\/\/www.eldigitaldeasturias.com\/noticias\/jimenez-barrios-preside-la-entrega-de-los-xi-premios-rosa-regas\/#mainImage"},"primaryImageOfPage":{"@id":"https:\/\/www.eldigitaldeasturias.com\/noticias\/jimenez-barrios-preside-la-entrega-de-los-xi-premios-rosa-regas\/#mainImage"},"datePublished":"2018-05-09T21:42:22+02:00","dateModified":"2018-05-09T21:42:22+02:00"},{"@type":"WebSite","@id":"https:\/\/www.eldigitaldeasturias.com\/noticias\/#website","url":"https:\/\/www.eldigitaldeasturias.com\/noticias\/","name":"El Digital de Asturias - Diario de actualidad y noticias","alternateName":"El Digital de Asturias - Diario de actualidad y noticias","description":"Hemeroteca","inLanguage":"es-ES","publisher":{"@id":"https:\/\/www.eldigitaldeasturias.com\/noticias\/#organization"}}]},"og:locale":"es_ES","og:site_name":"El Digital de Asturias","og:type":"article","og:title":"Jim\u00e9nez Barrios preside la entrega de los XI Premios Rosa Reg\u00e1s - El Digital de Asturias","og:description":"El vicepresidente de la Junta y consejero de la Presidencia, Administraci\u00f3n Local y Memoria Democr\u00e1tica, Manuel Jim\u00e9nez Barrios, ha valorado el papel de la educaci\u00f3n en &quot;algo tan importante y transversal&quot; para el Gobierno de la Junta como es avanzar hacia una sociedad en la que la igualdad de g\u00e9nero sea una realidad. As\u00ed lo","og:url":"https:\/\/www.eldigitaldeasturias.com\/noticias\/jimenez-barrios-preside-la-entrega-de-los-xi-premios-rosa-regas\/","article:tag":["actualidad"],"article:published_time":"2018-05-09T21:42:22+00:00","article:modified_time":"2018-05-09T21:42:22+00:00","article:publisher":"https:\/\/facebook.com\/eldigitaldeasturias","twitter:card":"summary_large_image","twitter:title":"Jim\u00e9nez Barrios preside la entrega de los XI Premios Rosa Reg\u00e1s - El Digital de Asturias","twitter:description":"El vicepresidente de la Junta y consejero de la Presidencia, Administraci\u00f3n Local y Memoria Democr\u00e1tica, Manuel Jim\u00e9nez Barrios, ha valorado el papel de la educaci\u00f3n en &quot;algo tan importante y transversal&quot; para el Gobierno de la Junta como es avanzar hacia una sociedad en la que la igualdad de g\u00e9nero sea una realidad. As\u00ed lo","twitter:image":"https:\/\/www.eldigitaldeasturias.com\/noticias\/wp-content\/uploads\/2020\/12\/EDA-1.jpg","twitter:label1":"Escrito por","twitter:data1":"El Digital de Asturias","twitter:label2":"Tiempo de lectura estimado","twitter:data2":"6 minutos"},"aioseo_meta_data":{"post_id":"979676","title":null,"description":null,"keywords":null,"keyphrases":null,"primary_term":null,"canonical_url":null,"og_title":null,"og_description":null,"og_object_type":"default","og_image_type":"default","og_image_url":null,"og_image_width":null,"og_image_height":null,"og_image_custom_url":null,"og_image_custom_fields":null,"og_video":null,"og_custom_url":null,"og_article_section":null,"og_article_tags":null,"twitter_use_og":false,"twitter_card":"default","twitter_image_type":"default","twitter_image_url":null,"twitter_image_custom_url":null,"twitter_image_custom_fields":null,"twitter_title":null,"twitter_description":null,"schema":{"blockGraphs":[],"customGraphs":[],"default":{"data":{"Article":[],"Course":[],"Dataset":[],"FAQPage":[],"Movie":[],"Person":[],"Product":[],"ProductReview":[],"Car":[],"Recipe":[],"Service":[],"SoftwareApplication":[],"WebPage":[]},"graphName":"","isEnabled":true},"graphs":[],"defaultGraph":"","defaultPostTypeGraph":""},"schema_type":null,"schema_type_options":null,"pillar_content":false,"robots_default":true,"robots_noindex":false,"robots_noarchive":false,"robots_nosnippet":false,"robots_nofollow":false,"robots_noimageindex":false,"robots_noodp":false,"robots_notranslate":false,"robots_max_snippet":null,"robots_max_videopreview":null,"robots_max_imagepreview":"large","priority":null,"frequency":null,"local_seo":null,"seo_analyzer_scan_date":"2025-10-08 15:11:06","breadcrumb_settings":null,"limit_modified_date":false,"open_ai":null,"ai":null,"created":"2020-12-21 11:58:37","updated":"2025-10-08 15:11:06","focus_keyword":null,"additional_keywords":null,"truseo_locale":null},"aioseo_breadcrumb":"<div class=\"aioseo-breadcrumbs\"><span class=\"aioseo-breadcrumb\">\n\t<a href=\"https:\/\/www.eldigitaldeasturias.com\/noticias\" title=\"Home\">Home<\/a>\n<\/span><span class=\"aioseo-breadcrumb-separator\">\u2013<\/span><span class=\"aioseo-breadcrumb\">\n\t<a href=\"https:\/\/www.eldigitaldeasturias.com\/noticias\/category\/actualidad\/\" title=\"Actualidad\">Actualidad<\/a>\n<\/span><span class=\"aioseo-breadcrumb-separator\">\u2013<\/span><span class=\"aioseo-breadcrumb\">\n\t<a href=\"https:\/\/www.eldigitaldeasturias.com\/noticias\/jimenez-barrios-preside-la-entrega-de-los-xi-premios-rosa-regas\/\" title=\"Jim\u00e9nez Barrios preside la entrega de los XI Premios Rosa Reg\u00e1s\">Jim\u00e9nez Barrios preside la entrega de los XI Premios Rosa Reg\u00e1s<\/a>\n<\/span><\/div>","aioseo_breadcrumb_json":[{"label":"Home","link":"https:\/\/www.eldigitaldeasturias.com\/noticias"},{"label":"Actualidad","link":"https:\/\/www.eldigitaldeasturias.com\/noticias\/category\/actualidad\/"},{"label":"Jim\u00e9nez Barrios preside la entrega de los XI Premios Rosa Reg\u00e1s","link":"https:\/\/www.eldigitaldeasturias.com\/noticias\/jimenez-barrios-preside-la-entrega-de-los-xi-premios-rosa-regas\/"}],"_links":{"self":[{"href":"https:\/\/www.eldigitaldeasturias.com\/noticias\/wp-json\/wp\/v2\/posts\/979676","targetHints":{"allow":["GET"]}}],"collection":[{"href":"https:\/\/www.eldigitaldeasturias.com\/noticias\/wp-json\/wp\/v2\/posts"}],"about":[{"href":"https:\/\/www.eldigitaldeasturias.com\/noticias\/wp-json\/wp\/v2\/types\/post"}],"author":[{"embeddable":true,"href":"https:\/\/www.eldigitaldeasturias.com\/noticias\/wp-json\/wp\/v2\/users\/1"}],"replies":[{"embeddable":true,"href":"https:\/\/www.eldigitaldeasturias.com\/noticias\/wp-json\/wp\/v2\/comments?post=979676"}],"version-history":[{"count":0,"href":"https:\/\/www.eldigitaldeasturias.com\/noticias\/wp-json\/wp\/v2\/posts\/979676\/revisions"}],"wp:attachment":[{"href":"https:\/\/www.eldigitaldeasturias.com\/noticias\/wp-json\/wp\/v2\/media?parent=979676"}],"wp:term":[{"taxonomy":"category","embeddable":true,"href":"https:\/\/www.eldigitaldeasturias.com\/noticias\/wp-json\/wp\/v2\/categories?post=979676"},{"taxonomy":"post_tag","embeddable":true,"href":"https:\/\/www.eldigitaldeasturias.com\/noticias\/wp-json\/wp\/v2\/tags?post=979676"}],"curies":[{"name":"wp","href":"https:\/\/api.w.org\/{rel}","templated":true}]}}