{"id":979664,"date":"2018-05-09T21:28:59","date_gmt":"2018-05-09T21:28:59","guid":{"rendered":"http:\/\/www.eldigitaldeasturias.com\/noticias\/?p=979664"},"modified":"2018-05-09T21:28:59","modified_gmt":"2018-05-09T21:28:59","slug":"el-monasterio-de-sijena-tendra-un-archivo-virtual","status":"publish","type":"post","link":"https:\/\/www.eldigitaldeasturias.com\/noticias\/el-monasterio-de-sijena-tendra-un-archivo-virtual\/","title":{"rendered":"El Monasterio de Sijena tendr\u00e1 un archivo virtual"},"content":{"rendered":"<p><img loading=\"lazy\" decoding=\"async\" class=\"alignleft size-medium wp-image-979665\" src=\"https:\/\/www.eldigitaldeasturias.com\/noticias\/wp-content\/uploads\/2018\/05\/MG_8019_Foto_Luis_Correas_GA-360x159.jpg\" alt=\"\" width=\"360\" height=\"159\" \/>El Presidente de Arag\u00f3n, Javier Lamb\u00e1n, ha avanzado la constituci\u00f3n de un archivo virtual del Monasterio de Sijena, depositario de la documentaci\u00f3n de la Corona de Arag\u00f3n antes de que esta se instalara definitivamente en Barcelona a principios del siglo XIV y que reunir\u00e1 toda la documentaci\u00f3n existente en Zaragoza y Huesca, m\u00e1s la entregada por Catalu\u00f1a hace 15 meses.<\/p>\n<p>Igualmente, contempla algunos de los documentos presentados hoy durante la celebraci\u00f3n del D\u00eda de Europa, que tienen relaci\u00f3n con Sijena. Se trata de una colecci\u00f3n de cartas reales de la denominada \u201cAlacena de Zurita\u201d \u2013primer cronista del Reino de Arag\u00f3n-, procedentes del antiguo archivo del Reino de Arag\u00f3n.<br \/>\nEl lote, adquirido en subasta por el Gobierno de Arag\u00f3n, ha sido presentado hoy p\u00fablicamente aprovechando la celebraci\u00f3n del D\u00eda de Europa, en esta ocasi\u00f3n, vinculada al A\u00f1o Europeo del Patrimonio Cultural.<\/p>\n<p>De la misma manera que el Presidente de Arag\u00f3n afirmaba rotundo la \u201cf\u00e9 europe\u00edsta absolutamente insobornable del Gobierno de Arag\u00f3n\u201d, estos documentos as\u00ed lo reflejan tambi\u00e9n, dado que hablan de las relaciones del Reino de Arag\u00f3n con todos los pa\u00edses conocidos, desde el norte de \u00c1frica, centro de Europa, Italia, sur de Francia, todos los puntos en los que se ten\u00eda inter\u00e9s de estar como potencia internacional, incluida la monarqu\u00eda de la \u00e9poca desde el siglo XIV al XVI.<\/p>\n<p>Por ello, Lamb\u00e1n ha reflexionado sobre las manifestaciones m\u00e1s \u201cesplendentes\u201d del aragonesismo, que a su juicio son aquellas en las que Arag\u00f3n fue actor relevante del mundo que le rodeaba porque se sent\u00eda concernido por \u00e9l. En este sentido, cree que, adem\u00e1s de otros ejercicios aragonesistas, se es mucho m\u00e1s aragon\u00e9s y se reconcilia mejor con su historia cuando se impacta en el mundo con el genio y talento aragon\u00e9s, por lo que ha recomendado ser aragoneses dentro, pero tambi\u00e9n fuera de nuestros l\u00edmites geogr\u00e1ficos.<\/p>\n<p>Como ya hiciese durante su discurso en la celebraci\u00f3n del D\u00eda de Arag\u00f3n, ha defendido el \u201cpatriotismo constitucional\u201d, aquel que se construye sobre una constituci\u00f3n y unos derechos pero tambi\u00e9n sobre el amor al pa\u00eds de uno, que se manifiesta sobre el patrimonio natural y cultural. En ese sentido, ha recordado que el Gobierno de Arag\u00f3n trabaja en la recuperaci\u00f3n y reconstituci\u00f3n de su patrimonio cultural, como el que hoy se ha hecho p\u00fablico y que formar\u00e1 parte del archivo virtual de Sijena, embri\u00f3n del Archivo de la Corona.<\/p>\n<p>Igualmente ha reclamado al presidente del Gobierno de Espa\u00f1a, Mariano Rajoy, la convocatoria del patronato del Archivo de la Corona de Arag\u00f3n, del que forman parte cinco comunidades aut\u00f3nomas y que se asocie a la celebraci\u00f3n del A\u00f1o Europeo del Patrimonio Cultural. Lamb\u00e1n cree que la ocasi\u00f3n puede ser aprovechada para tomar medidas que dejen claro que este archivo, aunque sito en Barcelona, \u201cno es de Catalu\u00f1a, sino de Espa\u00f1a y hasta de Europa\u201d y propone que adem\u00e1s \u201cse den pasos hacia una normalizaci\u00f3n de la pol\u00edtica espa\u00f1ola que tambi\u00e9n puede venir de la mano de la cultura y del patrimonio\u201d.<\/p>\n<p><strong>Un lote rescatado<\/strong><\/p>\n<p>Se trata de un lote adquirido en subasta por el Gobierno de Arag\u00f3n que integra una importante colecci\u00f3n de 76 cartas manuscritas de los siglos XIV al XVII, pertenecientes a la correspondencia de los Reyes de Arag\u00f3n durante los reinados de Jaime I a Felipe II (predomina la \u00e9poca de Fernando II, el Cat\u00f3lico) esto es, fechadas entre los siglos XIV a XVI. La mayor\u00eda son cartas reales con firmas aut\u00f3grafas.<\/p>\n<p>Ese fondo documental se constituy\u00f3 a partir de 1576 como un conjunto de lig\u00e1menes en los que el primer cronista del reino, Jer\u00f3nimo Zurita, recopil\u00f3 materiales originales y algunas copias aut\u00e9nticas para la redacci\u00f3n de la obra, Anales de la Corona de Arag\u00f3n, escrita por encargo de la Diputaci\u00f3n del Reino. El fondo de la \u201cAlacena\u201d de Zurita se cre\u00f3 en el citado Archivo del Reino de Arag\u00f3n a partir del testamento del propio cronista (fallecido en 1578), que quiso que se custodiase all\u00ed todo el patrimonio documental que los reyes le hab\u00edan autorizado a consultar en muchos archivos de la Pen\u00ednsula y otros territorios de la antigua Corona de Arag\u00f3n. Esta obra constituye la primera historia general de la regi\u00f3n aragonesa, lo que a\u00f1ade un inter\u00e9s historiogr\u00e1fico que hace doblemente valioso al conjunto.<\/p>\n<p>Las cartas adquiridas contienen informaciones hist\u00f3ricas de especial relevancia en aspectos como las relaciones diplom\u00e1ticas de los reyes de Arag\u00f3n, que es tanto como decir la magnitud y extensi\u00f3n de su presencia pol\u00edtica en el mundo entonces conocido. Destaca una copia de \u00e9poca del Tratado entre Jaime I de Arag\u00f3n y el rey musulm\u00e1n de Marruecos en 1309 y todas las \u00f3rdenes cursadas por Fernando II a sus embajadores en Alemania e Italia, as\u00ed como una carta aut\u00f3grafa de Gonzalo Fern\u00e1ndez de C\u00f3rdoba, Virrey de N\u00e1poles, el Gran Capit\u00e1n.<\/p>\n<p><strong>Escritura encriptada<\/strong><\/p>\n<p>Otro aspecto de singular valor de esta correspondencia respecto a las pr\u00e1cticas culturales y la acci\u00f3n pol\u00edtica del siglo XV es el hecho de encontrar muchas cartas cifradas, es decir, escritas en c\u00f3digo mediante sistemas que no siempre se est\u00e1 en condiciones de descifrar. Esta escritura encriptada es, en opini\u00f3n de Maite Iranzo, directora del Archivo Hist\u00f3rico Provincial de Zaragoza, reflejo de las pr\u00e1cticas diplom\u00e1ticas de la \u00e9lite de gobernantes del siglo XV y XVI que lideraban los reyes de Arag\u00f3n.<\/p>\n<p>El conjunto documental forma parte del patrimonio cultural de Arag\u00f3n, ya que posee elementos que los aragoneses identifican con su pasado, su presente y el legado que deben transmitir a las generaciones futuras como herencia de su cultura, valores que representan la identidad hist\u00f3rica y cultural.<\/p>\n<p>En este sentido, es relevante el hecho de que estos documentos se daban por perdidos, es decir, que su adquisici\u00f3n implicar\u00eda la recuperaci\u00f3n de una parte del patrimonio documental aragon\u00e9s.<\/p>\n","protected":false},"excerpt":{"rendered":"<p>El Presidente de Arag\u00f3n, Javier Lamb\u00e1n, ha avanzado la constituci\u00f3n de un archivo virtual del Monasterio de Sijena, depositario de la documentaci\u00f3n de la Corona de Arag\u00f3n antes de que esta se instalara definitivamente en Barcelona a principios del siglo XIV y que reunir\u00e1 toda la documentaci\u00f3n existente en Zaragoza y Huesca, m\u00e1s la entregada [&hellip;]<\/p>\n","protected":false},"author":1,"featured_media":979665,"comment_status":"closed","ping_status":"closed","sticky":false,"template":"","format":"standard","meta":{"footnotes":""},"categories":[1],"tags":[],"class_list":["post-979664","post","type-post","status-publish","format-standard","has-post-thumbnail","hentry","category-actualidad"],"aioseo_notices":[],"aioseo_head":"\n\t\t<!-- All in One SEO Pro 5.0.1 - aioseo.com -->\n\t<meta name=\"description\" content=\"El Presidente de Arag\u00f3n, Javier Lamb\u00e1n, ha avanzado la constituci\u00f3n de un archivo virtual del Monasterio de Sijena, depositario de la documentaci\u00f3n de la Corona de Arag\u00f3n antes de que esta se instalara definitivamente en Barcelona a principios del siglo XIV y que reunir\u00e1 toda la documentaci\u00f3n existente en Zaragoza y Huesca, m\u00e1s la entregada\" \/>\n\t<meta name=\"robots\" content=\"max-image-preview:large\" \/>\n\t<meta name=\"author\" content=\"El Digital de Asturias\"\/>\n\t<meta name=\"google-site-verification\" content=\"UA-38556648-1\" \/>\n\t<meta name=\"msvalidate.01\" content=\"7dfe9f3f1b24437ab69f4f2559babe99\" \/>\n\t<meta name=\"keywords\" content=\"actualidad\" \/>\n\t<link rel=\"canonical\" href=\"https:\/\/www.eldigitaldeasturias.com\/noticias\/el-monasterio-de-sijena-tendra-un-archivo-virtual\/\" \/>\n\t<meta name=\"generator\" content=\"All in One SEO Pro (AIOSEO) 5.0.1\" \/>\n\t\t<meta property=\"og:locale\" content=\"es_ES\" \/>\n\t\t<meta property=\"og:site_name\" content=\"El Digital de Asturias\" \/>\n\t\t<meta property=\"og:type\" content=\"article\" \/>\n\t\t<meta property=\"og:title\" content=\"El Monasterio de Sijena tendr\u00e1 un archivo virtual - El Digital de Asturias\" \/>\n\t\t<meta property=\"og:description\" content=\"El Presidente de Arag\u00f3n, Javier Lamb\u00e1n, ha avanzado la constituci\u00f3n de un archivo virtual del Monasterio de Sijena, depositario de la documentaci\u00f3n de la Corona de Arag\u00f3n antes de que esta se instalara definitivamente en Barcelona a principios del siglo XIV y que reunir\u00e1 toda la documentaci\u00f3n existente en Zaragoza y Huesca, m\u00e1s la entregada\" \/>\n\t\t<meta property=\"og:url\" content=\"https:\/\/www.eldigitaldeasturias.com\/noticias\/el-monasterio-de-sijena-tendra-un-archivo-virtual\/\" \/>\n\t\t<meta property=\"article:tag\" content=\"actualidad\" \/>\n\t\t<meta property=\"article:published_time\" content=\"2018-05-09T21:28:59+00:00\" \/>\n\t\t<meta property=\"article:modified_time\" content=\"2018-05-09T21:28:59+00:00\" \/>\n\t\t<meta property=\"article:publisher\" content=\"https:\/\/facebook.com\/eldigitaldeasturias\" \/>\n\t\t<meta name=\"twitter:card\" content=\"summary_large_image\" \/>\n\t\t<meta name=\"twitter:title\" content=\"El Monasterio de Sijena tendr\u00e1 un archivo virtual - El Digital de Asturias\" \/>\n\t\t<meta name=\"twitter:description\" content=\"El Presidente de Arag\u00f3n, Javier Lamb\u00e1n, ha avanzado la constituci\u00f3n de un archivo virtual del Monasterio de Sijena, depositario de la documentaci\u00f3n de la Corona de Arag\u00f3n antes de que esta se instalara definitivamente en Barcelona a principios del siglo XIV y que reunir\u00e1 toda la documentaci\u00f3n existente en Zaragoza y Huesca, m\u00e1s la entregada\" \/>\n\t\t<meta name=\"twitter:image\" content=\"https:\/\/www.eldigitaldeasturias.com\/noticias\/wp-content\/uploads\/2020\/12\/EDA-1.jpg\" \/>\n\t\t<meta name=\"twitter:label1\" content=\"Escrito por\" \/>\n\t\t<meta name=\"twitter:data1\" content=\"El Digital de Asturias\" \/>\n\t\t<meta name=\"twitter:label2\" content=\"Tiempo de lectura estimado\" \/>\n\t\t<meta name=\"twitter:data2\" content=\"5 minutos\" \/>\n\t\t<script type=\"application\/ld+json\" class=\"aioseo-schema\">\n\t\t\t{\"@context\":\"https:\\\/\\\/schema.org\",\"@graph\":[{\"@type\":\"BlogPosting\",\"@id\":\"https:\\\/\\\/www.eldigitaldeasturias.com\\\/noticias\\\/el-monasterio-de-sijena-tendra-un-archivo-virtual\\\/#blogposting\",\"name\":\"El Monasterio de Sijena tendr\\u00e1 un archivo virtual - El Digital de Asturias\",\"headline\":\"El Monasterio de Sijena tendr\\u00e1 un archivo virtual\",\"author\":{\"@id\":\"https:\\\/\\\/www.eldigitaldeasturias.com\\\/noticias\\\/author\\\/admin\\\/#author\"},\"publisher\":{\"@id\":\"https:\\\/\\\/www.eldigitaldeasturias.com\\\/noticias\\\/#organization\"},\"image\":{\"@type\":\"ImageObject\",\"url\":979665},\"datePublished\":\"2018-05-09T21:28:59+02:00\",\"dateModified\":\"2018-05-09T21:28:59+02:00\",\"inLanguage\":\"es-ES\",\"mainEntityOfPage\":{\"@id\":\"https:\\\/\\\/www.eldigitaldeasturias.com\\\/noticias\\\/el-monasterio-de-sijena-tendra-un-archivo-virtual\\\/#webpage\"},\"isPartOf\":{\"@id\":\"https:\\\/\\\/www.eldigitaldeasturias.com\\\/noticias\\\/el-monasterio-de-sijena-tendra-un-archivo-virtual\\\/#webpage\"},\"articleSection\":\"Actualidad\"},{\"@type\":\"BreadcrumbList\",\"@id\":\"https:\\\/\\\/www.eldigitaldeasturias.com\\\/noticias\\\/el-monasterio-de-sijena-tendra-un-archivo-virtual\\\/#breadcrumblist\",\"itemListElement\":[{\"@type\":\"ListItem\",\"@id\":\"https:\\\/\\\/www.eldigitaldeasturias.com\\\/noticias#listItem\",\"position\":1,\"name\":\"Home\",\"item\":\"https:\\\/\\\/www.eldigitaldeasturias.com\\\/noticias\",\"nextItem\":{\"@type\":\"ListItem\",\"@id\":\"https:\\\/\\\/www.eldigitaldeasturias.com\\\/noticias\\\/category\\\/actualidad\\\/#listItem\",\"name\":\"Actualidad\"}},{\"@type\":\"ListItem\",\"@id\":\"https:\\\/\\\/www.eldigitaldeasturias.com\\\/noticias\\\/category\\\/actualidad\\\/#listItem\",\"position\":2,\"name\":\"Actualidad\",\"item\":\"https:\\\/\\\/www.eldigitaldeasturias.com\\\/noticias\\\/category\\\/actualidad\\\/\",\"nextItem\":{\"@type\":\"ListItem\",\"@id\":\"https:\\\/\\\/www.eldigitaldeasturias.com\\\/noticias\\\/el-monasterio-de-sijena-tendra-un-archivo-virtual\\\/#listItem\",\"name\":\"El Monasterio de Sijena tendr\\u00e1 un archivo virtual\"},\"previousItem\":{\"@type\":\"ListItem\",\"@id\":\"https:\\\/\\\/www.eldigitaldeasturias.com\\\/noticias#listItem\",\"name\":\"Home\"}},{\"@type\":\"ListItem\",\"@id\":\"https:\\\/\\\/www.eldigitaldeasturias.com\\\/noticias\\\/el-monasterio-de-sijena-tendra-un-archivo-virtual\\\/#listItem\",\"position\":3,\"name\":\"El Monasterio de Sijena tendr\\u00e1 un archivo virtual\",\"previousItem\":{\"@type\":\"ListItem\",\"@id\":\"https:\\\/\\\/www.eldigitaldeasturias.com\\\/noticias\\\/category\\\/actualidad\\\/#listItem\",\"name\":\"Actualidad\"}}]},{\"@type\":\"Organization\",\"@id\":\"https:\\\/\\\/www.eldigitaldeasturias.com\\\/noticias\\\/#organization\",\"name\":\"El Digital de Asturias\",\"description\":\"Hemeroteca\",\"url\":\"https:\\\/\\\/www.eldigitaldeasturias.com\\\/noticias\\\/\",\"email\":\"info@eldigitaldeasturias.com\",\"telephone\":\"+34652131393\",\"logo\":{\"@type\":\"ImageObject\",\"url\":\"https:\\\/\\\/www.eldigitaldeasturias.com\\\/noticias\\\/wp-content\\\/uploads\\\/2020\\\/12\\\/EDA.jpg\",\"@id\":\"https:\\\/\\\/www.eldigitaldeasturias.com\\\/noticias\\\/el-monasterio-de-sijena-tendra-un-archivo-virtual\\\/#organizationLogo\"},\"image\":{\"@id\":\"https:\\\/\\\/www.eldigitaldeasturias.com\\\/noticias\\\/el-monasterio-de-sijena-tendra-un-archivo-virtual\\\/#organizationLogo\"},\"sameAs\":[\"https:\\\/\\\/facebook.com\\\/eldigitaldeasturias\",\"https:\\\/\\\/www.youtube.com\\\/channel\\\/UCZP-2wLEB9Rv6erhFmqVnvg\"],\"address\":{\"@id\":\"https:\\\/\\\/www.eldigitaldeasturias.com\\\/noticias\\\/#postaladdress\",\"@type\":\"PostalAddress\",\"streetAddress\":\"san antonio 4\",\"postalCode\":\"33430\",\"addressLocality\":\"Cand\\u00e1s\",\"addressRegion\":\"Asturias\",\"addressCountry\":\"ES\"}},{\"@type\":\"Person\",\"@id\":\"https:\\\/\\\/www.eldigitaldeasturias.com\\\/noticias\\\/author\\\/admin\\\/#author\",\"url\":\"https:\\\/\\\/www.eldigitaldeasturias.com\\\/noticias\\\/author\\\/admin\\\/\",\"name\":\"El Digital de Asturias\",\"image\":{\"@type\":\"ImageObject\",\"@id\":\"https:\\\/\\\/www.eldigitaldeasturias.com\\\/noticias\\\/el-monasterio-de-sijena-tendra-un-archivo-virtual\\\/#authorImage\",\"url\":\"https:\\\/\\\/secure.gravatar.com\\\/avatar\\\/df2aeffc32bcd13f8d26072ef8a91b623d677766deac7f97ca815868cd41bf5e?s=96&d=mm&r=g\",\"width\":96,\"height\":96,\"caption\":\"El Digital de Asturias\"}},{\"@type\":\"WebPage\",\"@id\":\"https:\\\/\\\/www.eldigitaldeasturias.com\\\/noticias\\\/el-monasterio-de-sijena-tendra-un-archivo-virtual\\\/#webpage\",\"url\":\"https:\\\/\\\/www.eldigitaldeasturias.com\\\/noticias\\\/el-monasterio-de-sijena-tendra-un-archivo-virtual\\\/\",\"name\":\"El Monasterio de Sijena tendr\\u00e1 un archivo virtual - El Digital de Asturias\",\"description\":\"El Presidente de Arag\\u00f3n, Javier Lamb\\u00e1n, ha avanzado la constituci\\u00f3n de un archivo virtual del Monasterio de Sijena, depositario de la documentaci\\u00f3n de la Corona de Arag\\u00f3n antes de que esta se instalara definitivamente en Barcelona a principios del siglo XIV y que reunir\\u00e1 toda la documentaci\\u00f3n existente en Zaragoza y Huesca, m\\u00e1s la entregada\",\"inLanguage\":\"es-ES\",\"isPartOf\":{\"@id\":\"https:\\\/\\\/www.eldigitaldeasturias.com\\\/noticias\\\/#website\"},\"breadcrumb\":{\"@id\":\"https:\\\/\\\/www.eldigitaldeasturias.com\\\/noticias\\\/el-monasterio-de-sijena-tendra-un-archivo-virtual\\\/#breadcrumblist\"},\"author\":{\"@id\":\"https:\\\/\\\/www.eldigitaldeasturias.com\\\/noticias\\\/author\\\/admin\\\/#author\"},\"creator\":{\"@id\":\"https:\\\/\\\/www.eldigitaldeasturias.com\\\/noticias\\\/author\\\/admin\\\/#author\"},\"image\":{\"@type\":\"ImageObject\",\"url\":979665,\"@id\":\"https:\\\/\\\/www.eldigitaldeasturias.com\\\/noticias\\\/el-monasterio-de-sijena-tendra-un-archivo-virtual\\\/#mainImage\"},\"primaryImageOfPage\":{\"@id\":\"https:\\\/\\\/www.eldigitaldeasturias.com\\\/noticias\\\/el-monasterio-de-sijena-tendra-un-archivo-virtual\\\/#mainImage\"},\"datePublished\":\"2018-05-09T21:28:59+02:00\",\"dateModified\":\"2018-05-09T21:28:59+02:00\"},{\"@type\":\"WebSite\",\"@id\":\"https:\\\/\\\/www.eldigitaldeasturias.com\\\/noticias\\\/#website\",\"url\":\"https:\\\/\\\/www.eldigitaldeasturias.com\\\/noticias\\\/\",\"name\":\"El Digital de Asturias - Diario de actualidad y noticias\",\"alternateName\":\"El Digital de Asturias - Diario de actualidad y noticias\",\"description\":\"Hemeroteca\",\"inLanguage\":\"es-ES\",\"publisher\":{\"@id\":\"https:\\\/\\\/www.eldigitaldeasturias.com\\\/noticias\\\/#organization\"}}]}\n\t\t<\/script>\n\t\t<!-- All in One SEO Pro -->\r\n\t\t<title>El Monasterio de Sijena tendr\u00e1 un archivo virtual - El Digital de Asturias<\/title>\n\n","aioseo_head_json":{"title":"El Monasterio de Sijena tendr\u00e1 un archivo virtual - El Digital de Asturias","description":"El Presidente de Arag\u00f3n, Javier Lamb\u00e1n, ha avanzado la constituci\u00f3n de un archivo virtual del Monasterio de Sijena, depositario de la documentaci\u00f3n de la Corona de Arag\u00f3n antes de que esta se instalara definitivamente en Barcelona a principios del siglo XIV y que reunir\u00e1 toda la documentaci\u00f3n existente en Zaragoza y Huesca, m\u00e1s la entregada","canonical_url":"https:\/\/www.eldigitaldeasturias.com\/noticias\/el-monasterio-de-sijena-tendra-un-archivo-virtual\/","robots":"max-image-preview:large","keywords":"actualidad","webmasterTools":{"google-site-verification":"UA-38556648-1","msvalidate.01":"7dfe9f3f1b24437ab69f4f2559babe99","miscellaneous":""},"schema":{"@context":"https:\/\/schema.org","@graph":[{"@type":"BlogPosting","@id":"https:\/\/www.eldigitaldeasturias.com\/noticias\/el-monasterio-de-sijena-tendra-un-archivo-virtual\/#blogposting","name":"El Monasterio de Sijena tendr\u00e1 un archivo virtual - El Digital de Asturias","headline":"El Monasterio de Sijena tendr\u00e1 un archivo virtual","author":{"@id":"https:\/\/www.eldigitaldeasturias.com\/noticias\/author\/admin\/#author"},"publisher":{"@id":"https:\/\/www.eldigitaldeasturias.com\/noticias\/#organization"},"image":{"@type":"ImageObject","url":979665},"datePublished":"2018-05-09T21:28:59+02:00","dateModified":"2018-05-09T21:28:59+02:00","inLanguage":"es-ES","mainEntityOfPage":{"@id":"https:\/\/www.eldigitaldeasturias.com\/noticias\/el-monasterio-de-sijena-tendra-un-archivo-virtual\/#webpage"},"isPartOf":{"@id":"https:\/\/www.eldigitaldeasturias.com\/noticias\/el-monasterio-de-sijena-tendra-un-archivo-virtual\/#webpage"},"articleSection":"Actualidad"},{"@type":"BreadcrumbList","@id":"https:\/\/www.eldigitaldeasturias.com\/noticias\/el-monasterio-de-sijena-tendra-un-archivo-virtual\/#breadcrumblist","itemListElement":[{"@type":"ListItem","@id":"https:\/\/www.eldigitaldeasturias.com\/noticias#listItem","position":1,"name":"Home","item":"https:\/\/www.eldigitaldeasturias.com\/noticias","nextItem":{"@type":"ListItem","@id":"https:\/\/www.eldigitaldeasturias.com\/noticias\/category\/actualidad\/#listItem","name":"Actualidad"}},{"@type":"ListItem","@id":"https:\/\/www.eldigitaldeasturias.com\/noticias\/category\/actualidad\/#listItem","position":2,"name":"Actualidad","item":"https:\/\/www.eldigitaldeasturias.com\/noticias\/category\/actualidad\/","nextItem":{"@type":"ListItem","@id":"https:\/\/www.eldigitaldeasturias.com\/noticias\/el-monasterio-de-sijena-tendra-un-archivo-virtual\/#listItem","name":"El Monasterio de Sijena tendr\u00e1 un archivo virtual"},"previousItem":{"@type":"ListItem","@id":"https:\/\/www.eldigitaldeasturias.com\/noticias#listItem","name":"Home"}},{"@type":"ListItem","@id":"https:\/\/www.eldigitaldeasturias.com\/noticias\/el-monasterio-de-sijena-tendra-un-archivo-virtual\/#listItem","position":3,"name":"El Monasterio de Sijena tendr\u00e1 un archivo virtual","previousItem":{"@type":"ListItem","@id":"https:\/\/www.eldigitaldeasturias.com\/noticias\/category\/actualidad\/#listItem","name":"Actualidad"}}]},{"@type":"Organization","@id":"https:\/\/www.eldigitaldeasturias.com\/noticias\/#organization","name":"El Digital de Asturias","description":"Hemeroteca","url":"https:\/\/www.eldigitaldeasturias.com\/noticias\/","email":"info@eldigitaldeasturias.com","telephone":"+34652131393","logo":{"@type":"ImageObject","url":"https:\/\/www.eldigitaldeasturias.com\/noticias\/wp-content\/uploads\/2020\/12\/EDA.jpg","@id":"https:\/\/www.eldigitaldeasturias.com\/noticias\/el-monasterio-de-sijena-tendra-un-archivo-virtual\/#organizationLogo"},"image":{"@id":"https:\/\/www.eldigitaldeasturias.com\/noticias\/el-monasterio-de-sijena-tendra-un-archivo-virtual\/#organizationLogo"},"sameAs":["https:\/\/facebook.com\/eldigitaldeasturias","https:\/\/www.youtube.com\/channel\/UCZP-2wLEB9Rv6erhFmqVnvg"],"address":{"@id":"https:\/\/www.eldigitaldeasturias.com\/noticias\/#postaladdress","@type":"PostalAddress","streetAddress":"san antonio 4","postalCode":"33430","addressLocality":"Cand\u00e1s","addressRegion":"Asturias","addressCountry":"ES"}},{"@type":"Person","@id":"https:\/\/www.eldigitaldeasturias.com\/noticias\/author\/admin\/#author","url":"https:\/\/www.eldigitaldeasturias.com\/noticias\/author\/admin\/","name":"El Digital de Asturias","image":{"@type":"ImageObject","@id":"https:\/\/www.eldigitaldeasturias.com\/noticias\/el-monasterio-de-sijena-tendra-un-archivo-virtual\/#authorImage","url":"https:\/\/secure.gravatar.com\/avatar\/df2aeffc32bcd13f8d26072ef8a91b623d677766deac7f97ca815868cd41bf5e?s=96&d=mm&r=g","width":96,"height":96,"caption":"El Digital de Asturias"}},{"@type":"WebPage","@id":"https:\/\/www.eldigitaldeasturias.com\/noticias\/el-monasterio-de-sijena-tendra-un-archivo-virtual\/#webpage","url":"https:\/\/www.eldigitaldeasturias.com\/noticias\/el-monasterio-de-sijena-tendra-un-archivo-virtual\/","name":"El Monasterio de Sijena tendr\u00e1 un archivo virtual - El Digital de Asturias","description":"El Presidente de Arag\u00f3n, Javier Lamb\u00e1n, ha avanzado la constituci\u00f3n de un archivo virtual del Monasterio de Sijena, depositario de la documentaci\u00f3n de la Corona de Arag\u00f3n antes de que esta se instalara definitivamente en Barcelona a principios del siglo XIV y que reunir\u00e1 toda la documentaci\u00f3n existente en Zaragoza y Huesca, m\u00e1s la entregada","inLanguage":"es-ES","isPartOf":{"@id":"https:\/\/www.eldigitaldeasturias.com\/noticias\/#website"},"breadcrumb":{"@id":"https:\/\/www.eldigitaldeasturias.com\/noticias\/el-monasterio-de-sijena-tendra-un-archivo-virtual\/#breadcrumblist"},"author":{"@id":"https:\/\/www.eldigitaldeasturias.com\/noticias\/author\/admin\/#author"},"creator":{"@id":"https:\/\/www.eldigitaldeasturias.com\/noticias\/author\/admin\/#author"},"image":{"@type":"ImageObject","url":979665,"@id":"https:\/\/www.eldigitaldeasturias.com\/noticias\/el-monasterio-de-sijena-tendra-un-archivo-virtual\/#mainImage"},"primaryImageOfPage":{"@id":"https:\/\/www.eldigitaldeasturias.com\/noticias\/el-monasterio-de-sijena-tendra-un-archivo-virtual\/#mainImage"},"datePublished":"2018-05-09T21:28:59+02:00","dateModified":"2018-05-09T21:28:59+02:00"},{"@type":"WebSite","@id":"https:\/\/www.eldigitaldeasturias.com\/noticias\/#website","url":"https:\/\/www.eldigitaldeasturias.com\/noticias\/","name":"El Digital de Asturias - Diario de actualidad y noticias","alternateName":"El Digital de Asturias - Diario de actualidad y noticias","description":"Hemeroteca","inLanguage":"es-ES","publisher":{"@id":"https:\/\/www.eldigitaldeasturias.com\/noticias\/#organization"}}]},"og:locale":"es_ES","og:site_name":"El Digital de Asturias","og:type":"article","og:title":"El Monasterio de Sijena tendr\u00e1 un archivo virtual - El Digital de Asturias","og:description":"El Presidente de Arag\u00f3n, Javier Lamb\u00e1n, ha avanzado la constituci\u00f3n de un archivo virtual del Monasterio de Sijena, depositario de la documentaci\u00f3n de la Corona de Arag\u00f3n antes de que esta se instalara definitivamente en Barcelona a principios del siglo XIV y que reunir\u00e1 toda la documentaci\u00f3n existente en Zaragoza y Huesca, m\u00e1s la entregada","og:url":"https:\/\/www.eldigitaldeasturias.com\/noticias\/el-monasterio-de-sijena-tendra-un-archivo-virtual\/","article:tag":["actualidad"],"article:published_time":"2018-05-09T21:28:59+00:00","article:modified_time":"2018-05-09T21:28:59+00:00","article:publisher":"https:\/\/facebook.com\/eldigitaldeasturias","twitter:card":"summary_large_image","twitter:title":"El Monasterio de Sijena tendr\u00e1 un archivo virtual - El Digital de Asturias","twitter:description":"El Presidente de Arag\u00f3n, Javier Lamb\u00e1n, ha avanzado la constituci\u00f3n de un archivo virtual del Monasterio de Sijena, depositario de la documentaci\u00f3n de la Corona de Arag\u00f3n antes de que esta se instalara definitivamente en Barcelona a principios del siglo XIV y que reunir\u00e1 toda la documentaci\u00f3n existente en Zaragoza y Huesca, m\u00e1s la entregada","twitter:image":"https:\/\/www.eldigitaldeasturias.com\/noticias\/wp-content\/uploads\/2020\/12\/EDA-1.jpg","twitter:label1":"Escrito por","twitter:data1":"El Digital de Asturias","twitter:label2":"Tiempo de lectura estimado","twitter:data2":"5 minutos"},"aioseo_meta_data":{"post_id":"979664","title":null,"description":null,"keywords":null,"keyphrases":null,"primary_term":null,"canonical_url":null,"og_title":null,"og_description":null,"og_object_type":"default","og_image_type":"default","og_image_url":null,"og_image_width":null,"og_image_height":null,"og_image_custom_url":null,"og_image_custom_fields":null,"og_video":null,"og_custom_url":null,"og_article_section":null,"og_article_tags":null,"twitter_use_og":false,"twitter_card":"default","twitter_image_type":"default","twitter_image_url":null,"twitter_image_custom_url":null,"twitter_image_custom_fields":null,"twitter_title":null,"twitter_description":null,"schema":{"blockGraphs":[],"customGraphs":[],"default":{"data":{"Article":[],"Course":[],"Dataset":[],"FAQPage":[],"Movie":[],"Person":[],"Product":[],"ProductReview":[],"Car":[],"Recipe":[],"Service":[],"SoftwareApplication":[],"WebPage":[]},"graphName":"","isEnabled":true},"graphs":[],"defaultGraph":"","defaultPostTypeGraph":""},"schema_type":null,"schema_type_options":null,"pillar_content":false,"robots_default":true,"robots_noindex":false,"robots_noarchive":false,"robots_nosnippet":false,"robots_nofollow":false,"robots_noimageindex":false,"robots_noodp":false,"robots_notranslate":false,"robots_max_snippet":null,"robots_max_videopreview":null,"robots_max_imagepreview":"large","priority":null,"frequency":null,"local_seo":null,"seo_analyzer_scan_date":"2025-10-08 15:09:10","breadcrumb_settings":null,"limit_modified_date":false,"open_ai":null,"ai":null,"created":"2020-12-21 11:59:37","updated":"2025-10-08 15:09:10","focus_keyword":null,"additional_keywords":null,"truseo_locale":null},"aioseo_breadcrumb":"<div class=\"aioseo-breadcrumbs\"><span class=\"aioseo-breadcrumb\">\n\t<a href=\"https:\/\/www.eldigitaldeasturias.com\/noticias\" title=\"Home\">Home<\/a>\n<\/span><span class=\"aioseo-breadcrumb-separator\">\u2013<\/span><span class=\"aioseo-breadcrumb\">\n\t<a href=\"https:\/\/www.eldigitaldeasturias.com\/noticias\/category\/actualidad\/\" title=\"Actualidad\">Actualidad<\/a>\n<\/span><span class=\"aioseo-breadcrumb-separator\">\u2013<\/span><span class=\"aioseo-breadcrumb\">\n\t<a href=\"https:\/\/www.eldigitaldeasturias.com\/noticias\/el-monasterio-de-sijena-tendra-un-archivo-virtual\/\" title=\"El Monasterio de Sijena tendr\u00e1 un archivo virtual\">El Monasterio de Sijena tendr\u00e1 un archivo virtual<\/a>\n<\/span><\/div>","aioseo_breadcrumb_json":[{"label":"Home","link":"https:\/\/www.eldigitaldeasturias.com\/noticias"},{"label":"Actualidad","link":"https:\/\/www.eldigitaldeasturias.com\/noticias\/category\/actualidad\/"},{"label":"El Monasterio de Sijena tendr\u00e1 un archivo virtual","link":"https:\/\/www.eldigitaldeasturias.com\/noticias\/el-monasterio-de-sijena-tendra-un-archivo-virtual\/"}],"_links":{"self":[{"href":"https:\/\/www.eldigitaldeasturias.com\/noticias\/wp-json\/wp\/v2\/posts\/979664","targetHints":{"allow":["GET"]}}],"collection":[{"href":"https:\/\/www.eldigitaldeasturias.com\/noticias\/wp-json\/wp\/v2\/posts"}],"about":[{"href":"https:\/\/www.eldigitaldeasturias.com\/noticias\/wp-json\/wp\/v2\/types\/post"}],"author":[{"embeddable":true,"href":"https:\/\/www.eldigitaldeasturias.com\/noticias\/wp-json\/wp\/v2\/users\/1"}],"replies":[{"embeddable":true,"href":"https:\/\/www.eldigitaldeasturias.com\/noticias\/wp-json\/wp\/v2\/comments?post=979664"}],"version-history":[{"count":0,"href":"https:\/\/www.eldigitaldeasturias.com\/noticias\/wp-json\/wp\/v2\/posts\/979664\/revisions"}],"wp:attachment":[{"href":"https:\/\/www.eldigitaldeasturias.com\/noticias\/wp-json\/wp\/v2\/media?parent=979664"}],"wp:term":[{"taxonomy":"category","embeddable":true,"href":"https:\/\/www.eldigitaldeasturias.com\/noticias\/wp-json\/wp\/v2\/categories?post=979664"},{"taxonomy":"post_tag","embeddable":true,"href":"https:\/\/www.eldigitaldeasturias.com\/noticias\/wp-json\/wp\/v2\/tags?post=979664"}],"curies":[{"name":"wp","href":"https:\/\/api.w.org\/{rel}","templated":true}]}}