{"id":979660,"date":"2018-05-09T21:22:18","date_gmt":"2018-05-09T21:22:18","guid":{"rendered":"http:\/\/www.eldigitaldeasturias.com\/noticias\/?p=979660"},"modified":"2018-05-09T21:22:18","modified_gmt":"2018-05-09T21:22:18","slug":"doce-preguntas-sobre-el-futuro-de-europa","status":"publish","type":"post","link":"https:\/\/www.eldigitaldeasturias.com\/noticias\/doce-preguntas-sobre-el-futuro-de-europa\/","title":{"rendered":"Doce preguntas sobre el futuro de Europa"},"content":{"rendered":"<p><img loading=\"lazy\" decoding=\"async\" class=\"alignleft size-medium wp-image-979571\" src=\"https:\/\/www.eldigitaldeasturias.com\/noticias\/wp-content\/uploads\/2018\/05\/flag-3370970_960_720-360x240.jpg\" alt=\"\" width=\"360\" height=\"240\" \/>Hoy, en el D\u00eda de Europa, la Comisi\u00f3n Europea pone en marcha una consulta p\u00fablica en l\u00ednea dirigida a todos los europeos para preguntarles qu\u00e9 direcci\u00f3n deber\u00eda tomar la Uni\u00f3n Europea en el futuro.<\/p>\n<p>Esta consulta \u00fanica, parte del debate m\u00e1s amplio sobre el futuro de Europa lanzado con el Libro Blanco de la Comisi\u00f3n de 1 de marzo de 2017, ha sido preparada por un panel de 96 ciudadanos de 27 Estados miembros que se reunieron para decidir qu\u00e9 preguntas formular a sus conciudadanos europeos.<\/p>\n<p>El presidente de la Comisi\u00f3n Europea, Jean-Claude Juncker, ha declarado hoy lo siguiente: \u00abCon las elecciones europeas a la vuelta de la esquina, es hora de decidir lo que deber\u00eda ser la Uni\u00f3n Europea de los 27. Sea lo que sea, Europa habr\u00e1n de construirla los europeos. La consulta puesta en marcha hoy plantea la pregunta a todos los ciudadanos: \u00bfQu\u00e9 futuro queremos para nosotros, para nuestros hijos y para nuestra Uni\u00f3n? Ahora es el momento de que los europeos hagan o\u00edr su voz, fuerte y clara, sobre los asuntos que les preocupan y lo que quieren que sus dirigentes hagan al respecto\u00bb.<\/p>\n<p>Por primera vez, la Comisi\u00f3n convoc\u00f3 un panel de ciudadanos los d\u00edas 5 y 6 de mayo para elaborar un proyecto de consulta p\u00fablica. Bajo los auspicios del Comit\u00e9 Econ\u00f3mico y Social Europeo, un grupo de 96 ciudadanos europeos se reuni\u00f3 en Bruselas y elabor\u00f3 una encuesta en l\u00ednea compuesta por doce preguntas. Este ejercicio \u00fanico de democracia participativa es la muestra de que los ciudadanos est\u00e1n realmente en el centro de la conversaci\u00f3n sobre el futuro de Europa.<\/p>\n<p>Forma parte del debate en curso sobre el futuro de Europa de 27 lanzado con el Libro Blanco de la Comisi\u00f3n de 1 de marzo de 2017. Los ciudadanos ya pueden enviar sus opiniones en l\u00ednea. La consulta de hoy vendr\u00e1 a completar esta iniciativa. La consulta en l\u00ednea se realizar\u00e1 en paralelo a los actos en curso de la iniciativa \u00abDi\u00e1logos con los ciudadanos\u00bb que est\u00e1n organizando la Comisi\u00f3n Europea y los Estados miembros. Desde 2012 se han celebrado casi 700 de estos debates interactivos en 160 ciudades y la Comisi\u00f3n incrementar\u00e1 su frecuencia de aqu\u00ed a las elecciones europeas de mayo de 2019, con el objetivo de alcanzar una cifra de 500 actos m\u00e1s.<\/p>\n<p>Adem\u00e1s del trabajo de la Comisi\u00f3n, los Gobiernos nacionales est\u00e1n organizando ahora di\u00e1logos con los ciudadanos en todos los Estados miembros, siguiendo una iniciativa de Francia que recibi\u00f3 el apoyo de todos los Jefes de Estado o de Gobierno de la futura EU-27. La Comisi\u00f3n est\u00e1 compartiendo las ense\u00f1anzas de su experiencia con los Estados miembros. La consulta se desarrollar\u00e1 hasta la cumbre de Sibiu de 9 de mayo de 2019. La Comisi\u00f3n presentar\u00e1 un informe provisional a los Estados miembros sobre el proceso del Libro Blanco en el Consejo Europeo de diciembre de 2018. A continuaci\u00f3n se presentar\u00e1 un informe final en la primera cumbre de la EU-27 en Sibiu, Ruman\u00eda, el 9 de mayo de 2019, pocas semanas antes de las elecciones europeas.<\/p>\n","protected":false},"excerpt":{"rendered":"<p>Hoy, en el D\u00eda de Europa, la Comisi\u00f3n Europea pone en marcha una consulta p\u00fablica en l\u00ednea dirigida a todos los europeos para preguntarles qu\u00e9 direcci\u00f3n deber\u00eda tomar la Uni\u00f3n Europea en el futuro. Esta consulta \u00fanica, parte del debate m\u00e1s amplio sobre el futuro de Europa lanzado con el Libro Blanco de la Comisi\u00f3n [&hellip;]<\/p>\n","protected":false},"author":1,"featured_media":979571,"comment_status":"closed","ping_status":"closed","sticky":false,"template":"","format":"standard","meta":{"footnotes":""},"categories":[1],"tags":[],"class_list":["post-979660","post","type-post","status-publish","format-standard","has-post-thumbnail","hentry","category-actualidad"],"aioseo_notices":[],"aioseo_head":"\n\t\t<!-- All in One SEO Pro 5.0.1 - aioseo.com -->\n\t<meta name=\"description\" content=\"Hoy, en el D\u00eda de Europa, la Comisi\u00f3n Europea pone en marcha una consulta p\u00fablica en l\u00ednea dirigida a todos los europeos para preguntarles qu\u00e9 direcci\u00f3n deber\u00eda tomar la Uni\u00f3n Europea en el futuro. Esta consulta \u00fanica, parte del debate m\u00e1s amplio sobre el futuro de Europa lanzado con el Libro Blanco de la Comisi\u00f3n\" \/>\n\t<meta name=\"robots\" content=\"max-image-preview:large\" \/>\n\t<meta name=\"author\" content=\"El Digital de Asturias\"\/>\n\t<meta name=\"google-site-verification\" content=\"UA-38556648-1\" \/>\n\t<meta name=\"msvalidate.01\" content=\"7dfe9f3f1b24437ab69f4f2559babe99\" \/>\n\t<meta name=\"keywords\" content=\"actualidad\" \/>\n\t<link rel=\"canonical\" href=\"https:\/\/www.eldigitaldeasturias.com\/noticias\/doce-preguntas-sobre-el-futuro-de-europa\/\" \/>\n\t<meta name=\"generator\" content=\"All in One SEO Pro (AIOSEO) 5.0.1\" \/>\n\t\t<meta property=\"og:locale\" content=\"es_ES\" \/>\n\t\t<meta property=\"og:site_name\" content=\"El Digital de Asturias\" \/>\n\t\t<meta property=\"og:type\" content=\"article\" \/>\n\t\t<meta property=\"og:title\" content=\"Doce preguntas sobre el futuro de Europa - El Digital de Asturias\" \/>\n\t\t<meta property=\"og:description\" content=\"Hoy, en el D\u00eda de Europa, la Comisi\u00f3n Europea pone en marcha una consulta p\u00fablica en l\u00ednea dirigida a todos los europeos para preguntarles qu\u00e9 direcci\u00f3n deber\u00eda tomar la Uni\u00f3n Europea en el futuro. Esta consulta \u00fanica, parte del debate m\u00e1s amplio sobre el futuro de Europa lanzado con el Libro Blanco de la Comisi\u00f3n\" \/>\n\t\t<meta property=\"og:url\" content=\"https:\/\/www.eldigitaldeasturias.com\/noticias\/doce-preguntas-sobre-el-futuro-de-europa\/\" \/>\n\t\t<meta property=\"article:tag\" content=\"actualidad\" \/>\n\t\t<meta property=\"article:published_time\" content=\"2018-05-09T21:22:18+00:00\" \/>\n\t\t<meta property=\"article:modified_time\" content=\"2018-05-09T21:22:18+00:00\" \/>\n\t\t<meta property=\"article:publisher\" content=\"https:\/\/facebook.com\/eldigitaldeasturias\" \/>\n\t\t<meta name=\"twitter:card\" content=\"summary_large_image\" \/>\n\t\t<meta name=\"twitter:title\" content=\"Doce preguntas sobre el futuro de Europa - El Digital de Asturias\" \/>\n\t\t<meta name=\"twitter:description\" content=\"Hoy, en el D\u00eda de Europa, la Comisi\u00f3n Europea pone en marcha una consulta p\u00fablica en l\u00ednea dirigida a todos los europeos para preguntarles qu\u00e9 direcci\u00f3n deber\u00eda tomar la Uni\u00f3n Europea en el futuro. Esta consulta \u00fanica, parte del debate m\u00e1s amplio sobre el futuro de Europa lanzado con el Libro Blanco de la Comisi\u00f3n\" \/>\n\t\t<meta name=\"twitter:image\" content=\"https:\/\/www.eldigitaldeasturias.com\/noticias\/wp-content\/uploads\/2020\/12\/EDA-1.jpg\" \/>\n\t\t<meta name=\"twitter:label1\" content=\"Escrito por\" \/>\n\t\t<meta name=\"twitter:data1\" content=\"El Digital de Asturias\" \/>\n\t\t<meta name=\"twitter:label2\" content=\"Tiempo de lectura estimado\" \/>\n\t\t<meta name=\"twitter:data2\" content=\"3 minutos\" \/>\n\t\t<script type=\"application\/ld+json\" class=\"aioseo-schema\">\n\t\t\t{\"@context\":\"https:\\\/\\\/schema.org\",\"@graph\":[{\"@type\":\"BlogPosting\",\"@id\":\"https:\\\/\\\/www.eldigitaldeasturias.com\\\/noticias\\\/doce-preguntas-sobre-el-futuro-de-europa\\\/#blogposting\",\"name\":\"Doce preguntas sobre el futuro de Europa - El Digital de Asturias\",\"headline\":\"Doce preguntas sobre el futuro de Europa\",\"author\":{\"@id\":\"https:\\\/\\\/www.eldigitaldeasturias.com\\\/noticias\\\/author\\\/admin\\\/#author\"},\"publisher\":{\"@id\":\"https:\\\/\\\/www.eldigitaldeasturias.com\\\/noticias\\\/#organization\"},\"image\":{\"@type\":\"ImageObject\",\"url\":979571},\"datePublished\":\"2018-05-09T21:22:18+02:00\",\"dateModified\":\"2018-05-09T21:22:18+02:00\",\"inLanguage\":\"es-ES\",\"mainEntityOfPage\":{\"@id\":\"https:\\\/\\\/www.eldigitaldeasturias.com\\\/noticias\\\/doce-preguntas-sobre-el-futuro-de-europa\\\/#webpage\"},\"isPartOf\":{\"@id\":\"https:\\\/\\\/www.eldigitaldeasturias.com\\\/noticias\\\/doce-preguntas-sobre-el-futuro-de-europa\\\/#webpage\"},\"articleSection\":\"Actualidad\"},{\"@type\":\"BreadcrumbList\",\"@id\":\"https:\\\/\\\/www.eldigitaldeasturias.com\\\/noticias\\\/doce-preguntas-sobre-el-futuro-de-europa\\\/#breadcrumblist\",\"itemListElement\":[{\"@type\":\"ListItem\",\"@id\":\"https:\\\/\\\/www.eldigitaldeasturias.com\\\/noticias#listItem\",\"position\":1,\"name\":\"Home\",\"item\":\"https:\\\/\\\/www.eldigitaldeasturias.com\\\/noticias\",\"nextItem\":{\"@type\":\"ListItem\",\"@id\":\"https:\\\/\\\/www.eldigitaldeasturias.com\\\/noticias\\\/category\\\/actualidad\\\/#listItem\",\"name\":\"Actualidad\"}},{\"@type\":\"ListItem\",\"@id\":\"https:\\\/\\\/www.eldigitaldeasturias.com\\\/noticias\\\/category\\\/actualidad\\\/#listItem\",\"position\":2,\"name\":\"Actualidad\",\"item\":\"https:\\\/\\\/www.eldigitaldeasturias.com\\\/noticias\\\/category\\\/actualidad\\\/\",\"nextItem\":{\"@type\":\"ListItem\",\"@id\":\"https:\\\/\\\/www.eldigitaldeasturias.com\\\/noticias\\\/doce-preguntas-sobre-el-futuro-de-europa\\\/#listItem\",\"name\":\"Doce preguntas sobre el futuro de Europa\"},\"previousItem\":{\"@type\":\"ListItem\",\"@id\":\"https:\\\/\\\/www.eldigitaldeasturias.com\\\/noticias#listItem\",\"name\":\"Home\"}},{\"@type\":\"ListItem\",\"@id\":\"https:\\\/\\\/www.eldigitaldeasturias.com\\\/noticias\\\/doce-preguntas-sobre-el-futuro-de-europa\\\/#listItem\",\"position\":3,\"name\":\"Doce preguntas sobre el futuro de Europa\",\"previousItem\":{\"@type\":\"ListItem\",\"@id\":\"https:\\\/\\\/www.eldigitaldeasturias.com\\\/noticias\\\/category\\\/actualidad\\\/#listItem\",\"name\":\"Actualidad\"}}]},{\"@type\":\"Organization\",\"@id\":\"https:\\\/\\\/www.eldigitaldeasturias.com\\\/noticias\\\/#organization\",\"name\":\"El Digital de Asturias\",\"description\":\"Hemeroteca\",\"url\":\"https:\\\/\\\/www.eldigitaldeasturias.com\\\/noticias\\\/\",\"email\":\"info@eldigitaldeasturias.com\",\"telephone\":\"+34652131393\",\"logo\":{\"@type\":\"ImageObject\",\"url\":\"https:\\\/\\\/www.eldigitaldeasturias.com\\\/noticias\\\/wp-content\\\/uploads\\\/2020\\\/12\\\/EDA.jpg\",\"@id\":\"https:\\\/\\\/www.eldigitaldeasturias.com\\\/noticias\\\/doce-preguntas-sobre-el-futuro-de-europa\\\/#organizationLogo\"},\"image\":{\"@id\":\"https:\\\/\\\/www.eldigitaldeasturias.com\\\/noticias\\\/doce-preguntas-sobre-el-futuro-de-europa\\\/#organizationLogo\"},\"sameAs\":[\"https:\\\/\\\/facebook.com\\\/eldigitaldeasturias\",\"https:\\\/\\\/www.youtube.com\\\/channel\\\/UCZP-2wLEB9Rv6erhFmqVnvg\"],\"address\":{\"@id\":\"https:\\\/\\\/www.eldigitaldeasturias.com\\\/noticias\\\/#postaladdress\",\"@type\":\"PostalAddress\",\"streetAddress\":\"san antonio 4\",\"postalCode\":\"33430\",\"addressLocality\":\"Cand\\u00e1s\",\"addressRegion\":\"Asturias\",\"addressCountry\":\"ES\"}},{\"@type\":\"Person\",\"@id\":\"https:\\\/\\\/www.eldigitaldeasturias.com\\\/noticias\\\/author\\\/admin\\\/#author\",\"url\":\"https:\\\/\\\/www.eldigitaldeasturias.com\\\/noticias\\\/author\\\/admin\\\/\",\"name\":\"El Digital de Asturias\",\"image\":{\"@type\":\"ImageObject\",\"@id\":\"https:\\\/\\\/www.eldigitaldeasturias.com\\\/noticias\\\/doce-preguntas-sobre-el-futuro-de-europa\\\/#authorImage\",\"url\":\"https:\\\/\\\/secure.gravatar.com\\\/avatar\\\/df2aeffc32bcd13f8d26072ef8a91b623d677766deac7f97ca815868cd41bf5e?s=96&d=mm&r=g\",\"width\":96,\"height\":96,\"caption\":\"El Digital de Asturias\"}},{\"@type\":\"WebPage\",\"@id\":\"https:\\\/\\\/www.eldigitaldeasturias.com\\\/noticias\\\/doce-preguntas-sobre-el-futuro-de-europa\\\/#webpage\",\"url\":\"https:\\\/\\\/www.eldigitaldeasturias.com\\\/noticias\\\/doce-preguntas-sobre-el-futuro-de-europa\\\/\",\"name\":\"Doce preguntas sobre el futuro de Europa - El Digital de Asturias\",\"description\":\"Hoy, en el D\\u00eda de Europa, la Comisi\\u00f3n Europea pone en marcha una consulta p\\u00fablica en l\\u00ednea dirigida a todos los europeos para preguntarles qu\\u00e9 direcci\\u00f3n deber\\u00eda tomar la Uni\\u00f3n Europea en el futuro. Esta consulta \\u00fanica, parte del debate m\\u00e1s amplio sobre el futuro de Europa lanzado con el Libro Blanco de la Comisi\\u00f3n\",\"inLanguage\":\"es-ES\",\"isPartOf\":{\"@id\":\"https:\\\/\\\/www.eldigitaldeasturias.com\\\/noticias\\\/#website\"},\"breadcrumb\":{\"@id\":\"https:\\\/\\\/www.eldigitaldeasturias.com\\\/noticias\\\/doce-preguntas-sobre-el-futuro-de-europa\\\/#breadcrumblist\"},\"author\":{\"@id\":\"https:\\\/\\\/www.eldigitaldeasturias.com\\\/noticias\\\/author\\\/admin\\\/#author\"},\"creator\":{\"@id\":\"https:\\\/\\\/www.eldigitaldeasturias.com\\\/noticias\\\/author\\\/admin\\\/#author\"},\"image\":{\"@type\":\"ImageObject\",\"url\":979571,\"@id\":\"https:\\\/\\\/www.eldigitaldeasturias.com\\\/noticias\\\/doce-preguntas-sobre-el-futuro-de-europa\\\/#mainImage\"},\"primaryImageOfPage\":{\"@id\":\"https:\\\/\\\/www.eldigitaldeasturias.com\\\/noticias\\\/doce-preguntas-sobre-el-futuro-de-europa\\\/#mainImage\"},\"datePublished\":\"2018-05-09T21:22:18+02:00\",\"dateModified\":\"2018-05-09T21:22:18+02:00\"},{\"@type\":\"WebSite\",\"@id\":\"https:\\\/\\\/www.eldigitaldeasturias.com\\\/noticias\\\/#website\",\"url\":\"https:\\\/\\\/www.eldigitaldeasturias.com\\\/noticias\\\/\",\"name\":\"El Digital de Asturias - Diario de actualidad y noticias\",\"alternateName\":\"El Digital de Asturias - Diario de actualidad y noticias\",\"description\":\"Hemeroteca\",\"inLanguage\":\"es-ES\",\"publisher\":{\"@id\":\"https:\\\/\\\/www.eldigitaldeasturias.com\\\/noticias\\\/#organization\"}}]}\n\t\t<\/script>\n\t\t<!-- All in One SEO Pro -->\r\n\t\t<title>Doce preguntas sobre el futuro de Europa - El Digital de Asturias<\/title>\n\n","aioseo_head_json":{"title":"Doce preguntas sobre el futuro de Europa - El Digital de Asturias","description":"Hoy, en el D\u00eda de Europa, la Comisi\u00f3n Europea pone en marcha una consulta p\u00fablica en l\u00ednea dirigida a todos los europeos para preguntarles qu\u00e9 direcci\u00f3n deber\u00eda tomar la Uni\u00f3n Europea en el futuro. Esta consulta \u00fanica, parte del debate m\u00e1s amplio sobre el futuro de Europa lanzado con el Libro Blanco de la Comisi\u00f3n","canonical_url":"https:\/\/www.eldigitaldeasturias.com\/noticias\/doce-preguntas-sobre-el-futuro-de-europa\/","robots":"max-image-preview:large","keywords":"actualidad","webmasterTools":{"google-site-verification":"UA-38556648-1","msvalidate.01":"7dfe9f3f1b24437ab69f4f2559babe99","miscellaneous":""},"schema":{"@context":"https:\/\/schema.org","@graph":[{"@type":"BlogPosting","@id":"https:\/\/www.eldigitaldeasturias.com\/noticias\/doce-preguntas-sobre-el-futuro-de-europa\/#blogposting","name":"Doce preguntas sobre el futuro de Europa - El Digital de Asturias","headline":"Doce preguntas sobre el futuro de Europa","author":{"@id":"https:\/\/www.eldigitaldeasturias.com\/noticias\/author\/admin\/#author"},"publisher":{"@id":"https:\/\/www.eldigitaldeasturias.com\/noticias\/#organization"},"image":{"@type":"ImageObject","url":979571},"datePublished":"2018-05-09T21:22:18+02:00","dateModified":"2018-05-09T21:22:18+02:00","inLanguage":"es-ES","mainEntityOfPage":{"@id":"https:\/\/www.eldigitaldeasturias.com\/noticias\/doce-preguntas-sobre-el-futuro-de-europa\/#webpage"},"isPartOf":{"@id":"https:\/\/www.eldigitaldeasturias.com\/noticias\/doce-preguntas-sobre-el-futuro-de-europa\/#webpage"},"articleSection":"Actualidad"},{"@type":"BreadcrumbList","@id":"https:\/\/www.eldigitaldeasturias.com\/noticias\/doce-preguntas-sobre-el-futuro-de-europa\/#breadcrumblist","itemListElement":[{"@type":"ListItem","@id":"https:\/\/www.eldigitaldeasturias.com\/noticias#listItem","position":1,"name":"Home","item":"https:\/\/www.eldigitaldeasturias.com\/noticias","nextItem":{"@type":"ListItem","@id":"https:\/\/www.eldigitaldeasturias.com\/noticias\/category\/actualidad\/#listItem","name":"Actualidad"}},{"@type":"ListItem","@id":"https:\/\/www.eldigitaldeasturias.com\/noticias\/category\/actualidad\/#listItem","position":2,"name":"Actualidad","item":"https:\/\/www.eldigitaldeasturias.com\/noticias\/category\/actualidad\/","nextItem":{"@type":"ListItem","@id":"https:\/\/www.eldigitaldeasturias.com\/noticias\/doce-preguntas-sobre-el-futuro-de-europa\/#listItem","name":"Doce preguntas sobre el futuro de Europa"},"previousItem":{"@type":"ListItem","@id":"https:\/\/www.eldigitaldeasturias.com\/noticias#listItem","name":"Home"}},{"@type":"ListItem","@id":"https:\/\/www.eldigitaldeasturias.com\/noticias\/doce-preguntas-sobre-el-futuro-de-europa\/#listItem","position":3,"name":"Doce preguntas sobre el futuro de Europa","previousItem":{"@type":"ListItem","@id":"https:\/\/www.eldigitaldeasturias.com\/noticias\/category\/actualidad\/#listItem","name":"Actualidad"}}]},{"@type":"Organization","@id":"https:\/\/www.eldigitaldeasturias.com\/noticias\/#organization","name":"El Digital de Asturias","description":"Hemeroteca","url":"https:\/\/www.eldigitaldeasturias.com\/noticias\/","email":"info@eldigitaldeasturias.com","telephone":"+34652131393","logo":{"@type":"ImageObject","url":"https:\/\/www.eldigitaldeasturias.com\/noticias\/wp-content\/uploads\/2020\/12\/EDA.jpg","@id":"https:\/\/www.eldigitaldeasturias.com\/noticias\/doce-preguntas-sobre-el-futuro-de-europa\/#organizationLogo"},"image":{"@id":"https:\/\/www.eldigitaldeasturias.com\/noticias\/doce-preguntas-sobre-el-futuro-de-europa\/#organizationLogo"},"sameAs":["https:\/\/facebook.com\/eldigitaldeasturias","https:\/\/www.youtube.com\/channel\/UCZP-2wLEB9Rv6erhFmqVnvg"],"address":{"@id":"https:\/\/www.eldigitaldeasturias.com\/noticias\/#postaladdress","@type":"PostalAddress","streetAddress":"san antonio 4","postalCode":"33430","addressLocality":"Cand\u00e1s","addressRegion":"Asturias","addressCountry":"ES"}},{"@type":"Person","@id":"https:\/\/www.eldigitaldeasturias.com\/noticias\/author\/admin\/#author","url":"https:\/\/www.eldigitaldeasturias.com\/noticias\/author\/admin\/","name":"El Digital de Asturias","image":{"@type":"ImageObject","@id":"https:\/\/www.eldigitaldeasturias.com\/noticias\/doce-preguntas-sobre-el-futuro-de-europa\/#authorImage","url":"https:\/\/secure.gravatar.com\/avatar\/df2aeffc32bcd13f8d26072ef8a91b623d677766deac7f97ca815868cd41bf5e?s=96&d=mm&r=g","width":96,"height":96,"caption":"El Digital de Asturias"}},{"@type":"WebPage","@id":"https:\/\/www.eldigitaldeasturias.com\/noticias\/doce-preguntas-sobre-el-futuro-de-europa\/#webpage","url":"https:\/\/www.eldigitaldeasturias.com\/noticias\/doce-preguntas-sobre-el-futuro-de-europa\/","name":"Doce preguntas sobre el futuro de Europa - El Digital de Asturias","description":"Hoy, en el D\u00eda de Europa, la Comisi\u00f3n Europea pone en marcha una consulta p\u00fablica en l\u00ednea dirigida a todos los europeos para preguntarles qu\u00e9 direcci\u00f3n deber\u00eda tomar la Uni\u00f3n Europea en el futuro. Esta consulta \u00fanica, parte del debate m\u00e1s amplio sobre el futuro de Europa lanzado con el Libro Blanco de la Comisi\u00f3n","inLanguage":"es-ES","isPartOf":{"@id":"https:\/\/www.eldigitaldeasturias.com\/noticias\/#website"},"breadcrumb":{"@id":"https:\/\/www.eldigitaldeasturias.com\/noticias\/doce-preguntas-sobre-el-futuro-de-europa\/#breadcrumblist"},"author":{"@id":"https:\/\/www.eldigitaldeasturias.com\/noticias\/author\/admin\/#author"},"creator":{"@id":"https:\/\/www.eldigitaldeasturias.com\/noticias\/author\/admin\/#author"},"image":{"@type":"ImageObject","url":979571,"@id":"https:\/\/www.eldigitaldeasturias.com\/noticias\/doce-preguntas-sobre-el-futuro-de-europa\/#mainImage"},"primaryImageOfPage":{"@id":"https:\/\/www.eldigitaldeasturias.com\/noticias\/doce-preguntas-sobre-el-futuro-de-europa\/#mainImage"},"datePublished":"2018-05-09T21:22:18+02:00","dateModified":"2018-05-09T21:22:18+02:00"},{"@type":"WebSite","@id":"https:\/\/www.eldigitaldeasturias.com\/noticias\/#website","url":"https:\/\/www.eldigitaldeasturias.com\/noticias\/","name":"El Digital de Asturias - Diario de actualidad y noticias","alternateName":"El Digital de Asturias - Diario de actualidad y noticias","description":"Hemeroteca","inLanguage":"es-ES","publisher":{"@id":"https:\/\/www.eldigitaldeasturias.com\/noticias\/#organization"}}]},"og:locale":"es_ES","og:site_name":"El Digital de Asturias","og:type":"article","og:title":"Doce preguntas sobre el futuro de Europa - El Digital de Asturias","og:description":"Hoy, en el D\u00eda de Europa, la Comisi\u00f3n Europea pone en marcha una consulta p\u00fablica en l\u00ednea dirigida a todos los europeos para preguntarles qu\u00e9 direcci\u00f3n deber\u00eda tomar la Uni\u00f3n Europea en el futuro. Esta consulta \u00fanica, parte del debate m\u00e1s amplio sobre el futuro de Europa lanzado con el Libro Blanco de la Comisi\u00f3n","og:url":"https:\/\/www.eldigitaldeasturias.com\/noticias\/doce-preguntas-sobre-el-futuro-de-europa\/","article:tag":["actualidad"],"article:published_time":"2018-05-09T21:22:18+00:00","article:modified_time":"2018-05-09T21:22:18+00:00","article:publisher":"https:\/\/facebook.com\/eldigitaldeasturias","twitter:card":"summary_large_image","twitter:title":"Doce preguntas sobre el futuro de Europa - El Digital de Asturias","twitter:description":"Hoy, en el D\u00eda de Europa, la Comisi\u00f3n Europea pone en marcha una consulta p\u00fablica en l\u00ednea dirigida a todos los europeos para preguntarles qu\u00e9 direcci\u00f3n deber\u00eda tomar la Uni\u00f3n Europea en el futuro. Esta consulta \u00fanica, parte del debate m\u00e1s amplio sobre el futuro de Europa lanzado con el Libro Blanco de la Comisi\u00f3n","twitter:image":"https:\/\/www.eldigitaldeasturias.com\/noticias\/wp-content\/uploads\/2020\/12\/EDA-1.jpg","twitter:label1":"Escrito por","twitter:data1":"El Digital de Asturias","twitter:label2":"Tiempo de lectura estimado","twitter:data2":"3 minutos"},"aioseo_meta_data":{"post_id":"979660","title":null,"description":null,"keywords":null,"keyphrases":null,"primary_term":null,"canonical_url":null,"og_title":null,"og_description":null,"og_object_type":"default","og_image_type":"default","og_image_url":null,"og_image_width":null,"og_image_height":null,"og_image_custom_url":null,"og_image_custom_fields":null,"og_video":null,"og_custom_url":null,"og_article_section":null,"og_article_tags":null,"twitter_use_og":false,"twitter_card":"default","twitter_image_type":"default","twitter_image_url":null,"twitter_image_custom_url":null,"twitter_image_custom_fields":null,"twitter_title":null,"twitter_description":null,"schema":{"blockGraphs":[],"customGraphs":[],"default":{"data":{"Article":[],"Course":[],"Dataset":[],"FAQPage":[],"Movie":[],"Person":[],"Product":[],"ProductReview":[],"Car":[],"Recipe":[],"Service":[],"SoftwareApplication":[],"WebPage":[]},"graphName":"","isEnabled":true},"graphs":[],"defaultGraph":"","defaultPostTypeGraph":""},"schema_type":null,"schema_type_options":null,"pillar_content":false,"robots_default":true,"robots_noindex":false,"robots_noarchive":false,"robots_nosnippet":false,"robots_nofollow":false,"robots_noimageindex":false,"robots_noodp":false,"robots_notranslate":false,"robots_max_snippet":null,"robots_max_videopreview":null,"robots_max_imagepreview":"large","priority":null,"frequency":null,"local_seo":null,"seo_analyzer_scan_date":"2025-10-08 15:07:06","breadcrumb_settings":null,"limit_modified_date":false,"open_ai":null,"ai":null,"created":"2020-12-21 11:59:37","updated":"2025-10-08 15:07:06","focus_keyword":null,"additional_keywords":null,"truseo_locale":null},"aioseo_breadcrumb":"<div class=\"aioseo-breadcrumbs\"><span class=\"aioseo-breadcrumb\">\n\t<a href=\"https:\/\/www.eldigitaldeasturias.com\/noticias\" title=\"Home\">Home<\/a>\n<\/span><span class=\"aioseo-breadcrumb-separator\">\u2013<\/span><span class=\"aioseo-breadcrumb\">\n\t<a href=\"https:\/\/www.eldigitaldeasturias.com\/noticias\/category\/actualidad\/\" title=\"Actualidad\">Actualidad<\/a>\n<\/span><span class=\"aioseo-breadcrumb-separator\">\u2013<\/span><span class=\"aioseo-breadcrumb\">\n\t<a href=\"https:\/\/www.eldigitaldeasturias.com\/noticias\/doce-preguntas-sobre-el-futuro-de-europa\/\" title=\"Doce preguntas sobre el futuro de Europa\">Doce preguntas sobre el futuro de Europa<\/a>\n<\/span><\/div>","aioseo_breadcrumb_json":[{"label":"Home","link":"https:\/\/www.eldigitaldeasturias.com\/noticias"},{"label":"Actualidad","link":"https:\/\/www.eldigitaldeasturias.com\/noticias\/category\/actualidad\/"},{"label":"Doce preguntas sobre el futuro de Europa","link":"https:\/\/www.eldigitaldeasturias.com\/noticias\/doce-preguntas-sobre-el-futuro-de-europa\/"}],"_links":{"self":[{"href":"https:\/\/www.eldigitaldeasturias.com\/noticias\/wp-json\/wp\/v2\/posts\/979660","targetHints":{"allow":["GET"]}}],"collection":[{"href":"https:\/\/www.eldigitaldeasturias.com\/noticias\/wp-json\/wp\/v2\/posts"}],"about":[{"href":"https:\/\/www.eldigitaldeasturias.com\/noticias\/wp-json\/wp\/v2\/types\/post"}],"author":[{"embeddable":true,"href":"https:\/\/www.eldigitaldeasturias.com\/noticias\/wp-json\/wp\/v2\/users\/1"}],"replies":[{"embeddable":true,"href":"https:\/\/www.eldigitaldeasturias.com\/noticias\/wp-json\/wp\/v2\/comments?post=979660"}],"version-history":[{"count":0,"href":"https:\/\/www.eldigitaldeasturias.com\/noticias\/wp-json\/wp\/v2\/posts\/979660\/revisions"}],"wp:attachment":[{"href":"https:\/\/www.eldigitaldeasturias.com\/noticias\/wp-json\/wp\/v2\/media?parent=979660"}],"wp:term":[{"taxonomy":"category","embeddable":true,"href":"https:\/\/www.eldigitaldeasturias.com\/noticias\/wp-json\/wp\/v2\/categories?post=979660"},{"taxonomy":"post_tag","embeddable":true,"href":"https:\/\/www.eldigitaldeasturias.com\/noticias\/wp-json\/wp\/v2\/tags?post=979660"}],"curies":[{"name":"wp","href":"https:\/\/api.w.org\/{rel}","templated":true}]}}