{"id":979650,"date":"2018-05-09T20:47:59","date_gmt":"2018-05-09T20:47:59","guid":{"rendered":"http:\/\/www.eldigitaldeasturias.com\/noticias\/?p=979650"},"modified":"2018-05-09T20:47:59","modified_gmt":"2018-05-09T20:47:59","slug":"las-empresas-de-huesca-se-interesan-por-las-ayudas-a-la-industria-4-0","status":"publish","type":"post","link":"https:\/\/www.eldigitaldeasturias.com\/noticias\/las-empresas-de-huesca-se-interesan-por-las-ayudas-a-la-industria-4-0\/","title":{"rendered":"Las empresas de Huesca se interesan por las ayudas a la Industria 4.0"},"content":{"rendered":"<p><img loading=\"lazy\" decoding=\"async\" class=\"alignleft size-medium wp-image-979651\" src=\"https:\/\/www.eldigitaldeasturias.com\/noticias\/wp-content\/uploads\/2018\/05\/WALQA_4.0-360x159.jpg\" alt=\"\" width=\"360\" height=\"159\" \/>Alrededor de 30 personas, en representaci\u00f3n de empresas ubicadas tanto en Walqa como en otras partes de la provincia de Huesca, han acudido esta ma\u00f1ana a la reuni\u00f3n informativa organizada por el Parque Tecnol\u00f3gico Walqa, en la que el director general de Industria, PYME, Comercio y Artesan\u00eda del Gobierno de Arag\u00f3n, Jes\u00fas Sanchez Farraces, ha destacado que en esta convocatoria de ayudas a la Industria 4.0 se hace especial hincapi\u00e9 en los proyectos que incentiven inversiones productivas, con desarrollo de proyectos de I+D, Innovaci\u00f3n, patentes para desarrollo comercial y, sobre todo que tengan potenciales diferenciados de valor a\u00f1adido. \u201cHemos querido abarcar un paraguas amplio para que la industria aragonesa disponga de mejores herramientas en su necesaria adaptaci\u00f3n a la transformaci\u00f3n digital\u201d, ha dicho el director general.<\/p>\n<p>Con estas ayudas se tiene un trato preferencial especialmente para las empresas ubicadas en Huesca y Teruel, y a las ubicadas fuera del t\u00e9rmino municipal de Zaragoza. Tambi\u00e9n, especialmente, se incluye un mayor porcentaje en las ayudas para las peque\u00f1as empresas, de menos de 50 trabajadores y 10 millones de facturaci\u00f3n. \u201cDesde Gobierno de Arag\u00f3n creemos \u2013 contin\u00faa S\u00e1nchez Farraces \u2013 que este tipo de apoyos a las peque\u00f1as y medianas empresas es necesario\u201d. Adem\u00e1s, ha a\u00f1adido, \u201cel tejido industrial est\u00e1 trabajando y saliendo de la crisis\u201d.<\/p>\n<p>Por otra parte, el jefe del Servicio de Apoyo a la Peque\u00f1a y Mediana Empresa del Gobierno de Arag\u00f3n, Javier Burillo, ha explicado en detalle la convocatoria de ayudas, que pretenden en \u00faltima instancia incentivar la Industria 4.0 entendida como \u201cel proceso de transformaci\u00f3n digital que afecta a toda la sociedad\u201d, y que abarca \u00e1mbitos como tecnolog\u00edas 3D, rob\u00f3tica, ciberseguridad o realidad aumentada aplicados al desarrollo empresarial, campos en los que trabajan las empresas representadas en la reuni\u00f3n.<\/p>\n<p>Destac\u00f3 especialmente Javier Burillo las puntuaciones para las empresas instaladas en Walqa y Tecnopark (20 puntos), que hayan participado en el programa PAED de las C\u00e1maras de Comercio (30 puntos) y proyectos con diagn\u00f3stico previo con las herramientas HADA y Activa (30 puntos en ambas). El plazo de presentaci\u00f3n termina el 24 de mayo de 2018 y la convocatoria est\u00e1 financiada con 4,6 millones de euros, m\u00e1s del doble que en 2017.<\/p>\n<p>Por su parte, el director del CADI (Centro Aragon\u00e9s de Dise\u00f1o Industrial), Juan Manuel Ubiergo, ha presentado las ayudas del programa DISE\u00d1A+, cuyo plazo de solicitud termina el 4 de junio. Estas ayudas, que incluyen en esta convocatoria el dise\u00f1o de servicios a los ya tradicionales de producto e identidad, est\u00e1n dirigidas a empresas consolidadas y de reciente creaci\u00f3n. \u201cEl dise\u00f1o ayuda a mejorar el valor de las empresas, es estrat\u00e9gico\u201d, ha comentado Ubiergo.<\/p>\n<p><strong>Tambi\u00e9n en el CEEIARAGON<\/strong><\/p>\n<p>Una reuni\u00f3n en la misma l\u00ednea tuvo lugar el lunes en el CEEIARAGON (Zaragoza) para explicar las ayudas PAIP, Industria 4.0 y ayudas Dise\u00f1a En este caso intervinieron Fernando Latorre (Jefe Secci\u00f3n de Innovaci\u00f3n y Mejora Competitiva) que habl\u00f3 de la nueva convocatoria de Ayudas PAIP 2018; Francisco Buil (asesor t\u00e9cnico de la Direcci\u00f3n General Industria, Pymes, Comercio y Artesan\u00eda) que explic\u00f3 las ayudas a la Industria 4.0; y Juan Manuel Ubiergo Castillo (director del Centro Aragon\u00e9s de Dise\u00f1o CADI) que expuso el nuevo Programa de Ayudas del DISE\u00d1A+.<br \/>\nLas empresas ubicadas en el CEEIARAGON, al igual que las instaladas en Walqa y Tecnopark, tambi\u00e9n cuenta con 20 puntos a\u00f1adidos a la hora de la baremaci\u00f3n de sus solicitudes.<\/p>\n","protected":false},"excerpt":{"rendered":"<p>Alrededor de 30 personas, en representaci\u00f3n de empresas ubicadas tanto en Walqa como en otras partes de la provincia de Huesca, han acudido esta ma\u00f1ana a la reuni\u00f3n informativa organizada por el Parque Tecnol\u00f3gico Walqa, en la que el director general de Industria, PYME, Comercio y Artesan\u00eda del Gobierno de Arag\u00f3n, Jes\u00fas Sanchez Farraces, ha [&hellip;]<\/p>\n","protected":false},"author":1,"featured_media":979651,"comment_status":"closed","ping_status":"closed","sticky":false,"template":"","format":"standard","meta":{"footnotes":""},"categories":[1],"tags":[],"class_list":["post-979650","post","type-post","status-publish","format-standard","has-post-thumbnail","hentry","category-actualidad"],"aioseo_notices":[],"aioseo_head":"\n\t\t<!-- All in One SEO Pro 5.0.1 - aioseo.com -->\n\t<meta name=\"description\" content=\"Alrededor de 30 personas, en representaci\u00f3n de empresas ubicadas tanto en Walqa como en otras partes de la provincia de Huesca, han acudido esta ma\u00f1ana a la reuni\u00f3n informativa organizada por el Parque Tecnol\u00f3gico Walqa, en la que el director general de Industria, PYME, Comercio y Artesan\u00eda del Gobierno de Arag\u00f3n, Jes\u00fas Sanchez Farraces, ha\" \/>\n\t<meta name=\"robots\" content=\"max-image-preview:large\" \/>\n\t<meta name=\"author\" content=\"El Digital de Asturias\"\/>\n\t<meta name=\"google-site-verification\" content=\"UA-38556648-1\" \/>\n\t<meta name=\"msvalidate.01\" content=\"7dfe9f3f1b24437ab69f4f2559babe99\" \/>\n\t<meta name=\"keywords\" content=\"actualidad\" \/>\n\t<link rel=\"canonical\" href=\"https:\/\/www.eldigitaldeasturias.com\/noticias\/las-empresas-de-huesca-se-interesan-por-las-ayudas-a-la-industria-4-0\/\" \/>\n\t<meta name=\"generator\" content=\"All in One SEO Pro (AIOSEO) 5.0.1\" \/>\n\t\t<meta property=\"og:locale\" content=\"es_ES\" \/>\n\t\t<meta property=\"og:site_name\" content=\"El Digital de Asturias\" \/>\n\t\t<meta property=\"og:type\" content=\"article\" \/>\n\t\t<meta property=\"og:title\" content=\"Las empresas de Huesca se interesan por las ayudas a la Industria 4.0 - El Digital de Asturias\" \/>\n\t\t<meta property=\"og:description\" content=\"Alrededor de 30 personas, en representaci\u00f3n de empresas ubicadas tanto en Walqa como en otras partes de la provincia de Huesca, han acudido esta ma\u00f1ana a la reuni\u00f3n informativa organizada por el Parque Tecnol\u00f3gico Walqa, en la que el director general de Industria, PYME, Comercio y Artesan\u00eda del Gobierno de Arag\u00f3n, Jes\u00fas Sanchez Farraces, ha\" \/>\n\t\t<meta property=\"og:url\" content=\"https:\/\/www.eldigitaldeasturias.com\/noticias\/las-empresas-de-huesca-se-interesan-por-las-ayudas-a-la-industria-4-0\/\" \/>\n\t\t<meta property=\"article:tag\" content=\"actualidad\" \/>\n\t\t<meta property=\"article:published_time\" content=\"2018-05-09T20:47:59+00:00\" \/>\n\t\t<meta property=\"article:modified_time\" content=\"2018-05-09T20:47:59+00:00\" \/>\n\t\t<meta property=\"article:publisher\" content=\"https:\/\/facebook.com\/eldigitaldeasturias\" \/>\n\t\t<meta name=\"twitter:card\" content=\"summary_large_image\" \/>\n\t\t<meta name=\"twitter:title\" content=\"Las empresas de Huesca se interesan por las ayudas a la Industria 4.0 - El Digital de Asturias\" \/>\n\t\t<meta name=\"twitter:description\" content=\"Alrededor de 30 personas, en representaci\u00f3n de empresas ubicadas tanto en Walqa como en otras partes de la provincia de Huesca, han acudido esta ma\u00f1ana a la reuni\u00f3n informativa organizada por el Parque Tecnol\u00f3gico Walqa, en la que el director general de Industria, PYME, Comercio y Artesan\u00eda del Gobierno de Arag\u00f3n, Jes\u00fas Sanchez Farraces, ha\" \/>\n\t\t<meta name=\"twitter:image\" content=\"https:\/\/www.eldigitaldeasturias.com\/noticias\/wp-content\/uploads\/2020\/12\/EDA-1.jpg\" \/>\n\t\t<meta name=\"twitter:label1\" content=\"Escrito por\" \/>\n\t\t<meta name=\"twitter:data1\" content=\"El Digital de Asturias\" \/>\n\t\t<meta name=\"twitter:label2\" content=\"Tiempo de lectura estimado\" \/>\n\t\t<meta name=\"twitter:data2\" content=\"3 minutos\" \/>\n\t\t<script type=\"application\/ld+json\" class=\"aioseo-schema\">\n\t\t\t{\"@context\":\"https:\\\/\\\/schema.org\",\"@graph\":[{\"@type\":\"BlogPosting\",\"@id\":\"https:\\\/\\\/www.eldigitaldeasturias.com\\\/noticias\\\/las-empresas-de-huesca-se-interesan-por-las-ayudas-a-la-industria-4-0\\\/#blogposting\",\"name\":\"Las empresas de Huesca se interesan por las ayudas a la Industria 4.0 - El Digital de Asturias\",\"headline\":\"Las empresas de Huesca se interesan por las ayudas a la Industria 4.0\",\"author\":{\"@id\":\"https:\\\/\\\/www.eldigitaldeasturias.com\\\/noticias\\\/author\\\/admin\\\/#author\"},\"publisher\":{\"@id\":\"https:\\\/\\\/www.eldigitaldeasturias.com\\\/noticias\\\/#organization\"},\"image\":{\"@type\":\"ImageObject\",\"url\":979651},\"datePublished\":\"2018-05-09T20:47:59+02:00\",\"dateModified\":\"2018-05-09T20:47:59+02:00\",\"inLanguage\":\"es-ES\",\"mainEntityOfPage\":{\"@id\":\"https:\\\/\\\/www.eldigitaldeasturias.com\\\/noticias\\\/las-empresas-de-huesca-se-interesan-por-las-ayudas-a-la-industria-4-0\\\/#webpage\"},\"isPartOf\":{\"@id\":\"https:\\\/\\\/www.eldigitaldeasturias.com\\\/noticias\\\/las-empresas-de-huesca-se-interesan-por-las-ayudas-a-la-industria-4-0\\\/#webpage\"},\"articleSection\":\"Actualidad\"},{\"@type\":\"BreadcrumbList\",\"@id\":\"https:\\\/\\\/www.eldigitaldeasturias.com\\\/noticias\\\/las-empresas-de-huesca-se-interesan-por-las-ayudas-a-la-industria-4-0\\\/#breadcrumblist\",\"itemListElement\":[{\"@type\":\"ListItem\",\"@id\":\"https:\\\/\\\/www.eldigitaldeasturias.com\\\/noticias#listItem\",\"position\":1,\"name\":\"Home\",\"item\":\"https:\\\/\\\/www.eldigitaldeasturias.com\\\/noticias\",\"nextItem\":{\"@type\":\"ListItem\",\"@id\":\"https:\\\/\\\/www.eldigitaldeasturias.com\\\/noticias\\\/category\\\/actualidad\\\/#listItem\",\"name\":\"Actualidad\"}},{\"@type\":\"ListItem\",\"@id\":\"https:\\\/\\\/www.eldigitaldeasturias.com\\\/noticias\\\/category\\\/actualidad\\\/#listItem\",\"position\":2,\"name\":\"Actualidad\",\"item\":\"https:\\\/\\\/www.eldigitaldeasturias.com\\\/noticias\\\/category\\\/actualidad\\\/\",\"nextItem\":{\"@type\":\"ListItem\",\"@id\":\"https:\\\/\\\/www.eldigitaldeasturias.com\\\/noticias\\\/las-empresas-de-huesca-se-interesan-por-las-ayudas-a-la-industria-4-0\\\/#listItem\",\"name\":\"Las empresas de Huesca se interesan por las ayudas a la Industria 4.0\"},\"previousItem\":{\"@type\":\"ListItem\",\"@id\":\"https:\\\/\\\/www.eldigitaldeasturias.com\\\/noticias#listItem\",\"name\":\"Home\"}},{\"@type\":\"ListItem\",\"@id\":\"https:\\\/\\\/www.eldigitaldeasturias.com\\\/noticias\\\/las-empresas-de-huesca-se-interesan-por-las-ayudas-a-la-industria-4-0\\\/#listItem\",\"position\":3,\"name\":\"Las empresas de Huesca se interesan por las ayudas a la Industria 4.0\",\"previousItem\":{\"@type\":\"ListItem\",\"@id\":\"https:\\\/\\\/www.eldigitaldeasturias.com\\\/noticias\\\/category\\\/actualidad\\\/#listItem\",\"name\":\"Actualidad\"}}]},{\"@type\":\"Organization\",\"@id\":\"https:\\\/\\\/www.eldigitaldeasturias.com\\\/noticias\\\/#organization\",\"name\":\"El Digital de Asturias\",\"description\":\"Hemeroteca\",\"url\":\"https:\\\/\\\/www.eldigitaldeasturias.com\\\/noticias\\\/\",\"email\":\"info@eldigitaldeasturias.com\",\"telephone\":\"+34652131393\",\"logo\":{\"@type\":\"ImageObject\",\"url\":\"https:\\\/\\\/www.eldigitaldeasturias.com\\\/noticias\\\/wp-content\\\/uploads\\\/2020\\\/12\\\/EDA.jpg\",\"@id\":\"https:\\\/\\\/www.eldigitaldeasturias.com\\\/noticias\\\/las-empresas-de-huesca-se-interesan-por-las-ayudas-a-la-industria-4-0\\\/#organizationLogo\"},\"image\":{\"@id\":\"https:\\\/\\\/www.eldigitaldeasturias.com\\\/noticias\\\/las-empresas-de-huesca-se-interesan-por-las-ayudas-a-la-industria-4-0\\\/#organizationLogo\"},\"sameAs\":[\"https:\\\/\\\/facebook.com\\\/eldigitaldeasturias\",\"https:\\\/\\\/www.youtube.com\\\/channel\\\/UCZP-2wLEB9Rv6erhFmqVnvg\"],\"address\":{\"@id\":\"https:\\\/\\\/www.eldigitaldeasturias.com\\\/noticias\\\/#postaladdress\",\"@type\":\"PostalAddress\",\"streetAddress\":\"san antonio 4\",\"postalCode\":\"33430\",\"addressLocality\":\"Cand\\u00e1s\",\"addressRegion\":\"Asturias\",\"addressCountry\":\"ES\"}},{\"@type\":\"Person\",\"@id\":\"https:\\\/\\\/www.eldigitaldeasturias.com\\\/noticias\\\/author\\\/admin\\\/#author\",\"url\":\"https:\\\/\\\/www.eldigitaldeasturias.com\\\/noticias\\\/author\\\/admin\\\/\",\"name\":\"El Digital de Asturias\",\"image\":{\"@type\":\"ImageObject\",\"@id\":\"https:\\\/\\\/www.eldigitaldeasturias.com\\\/noticias\\\/las-empresas-de-huesca-se-interesan-por-las-ayudas-a-la-industria-4-0\\\/#authorImage\",\"url\":\"https:\\\/\\\/secure.gravatar.com\\\/avatar\\\/df2aeffc32bcd13f8d26072ef8a91b623d677766deac7f97ca815868cd41bf5e?s=96&d=mm&r=g\",\"width\":96,\"height\":96,\"caption\":\"El Digital de Asturias\"}},{\"@type\":\"WebPage\",\"@id\":\"https:\\\/\\\/www.eldigitaldeasturias.com\\\/noticias\\\/las-empresas-de-huesca-se-interesan-por-las-ayudas-a-la-industria-4-0\\\/#webpage\",\"url\":\"https:\\\/\\\/www.eldigitaldeasturias.com\\\/noticias\\\/las-empresas-de-huesca-se-interesan-por-las-ayudas-a-la-industria-4-0\\\/\",\"name\":\"Las empresas de Huesca se interesan por las ayudas a la Industria 4.0 - El Digital de Asturias\",\"description\":\"Alrededor de 30 personas, en representaci\\u00f3n de empresas ubicadas tanto en Walqa como en otras partes de la provincia de Huesca, han acudido esta ma\\u00f1ana a la reuni\\u00f3n informativa organizada por el Parque Tecnol\\u00f3gico Walqa, en la que el director general de Industria, PYME, Comercio y Artesan\\u00eda del Gobierno de Arag\\u00f3n, Jes\\u00fas Sanchez Farraces, ha\",\"inLanguage\":\"es-ES\",\"isPartOf\":{\"@id\":\"https:\\\/\\\/www.eldigitaldeasturias.com\\\/noticias\\\/#website\"},\"breadcrumb\":{\"@id\":\"https:\\\/\\\/www.eldigitaldeasturias.com\\\/noticias\\\/las-empresas-de-huesca-se-interesan-por-las-ayudas-a-la-industria-4-0\\\/#breadcrumblist\"},\"author\":{\"@id\":\"https:\\\/\\\/www.eldigitaldeasturias.com\\\/noticias\\\/author\\\/admin\\\/#author\"},\"creator\":{\"@id\":\"https:\\\/\\\/www.eldigitaldeasturias.com\\\/noticias\\\/author\\\/admin\\\/#author\"},\"image\":{\"@type\":\"ImageObject\",\"url\":979651,\"@id\":\"https:\\\/\\\/www.eldigitaldeasturias.com\\\/noticias\\\/las-empresas-de-huesca-se-interesan-por-las-ayudas-a-la-industria-4-0\\\/#mainImage\"},\"primaryImageOfPage\":{\"@id\":\"https:\\\/\\\/www.eldigitaldeasturias.com\\\/noticias\\\/las-empresas-de-huesca-se-interesan-por-las-ayudas-a-la-industria-4-0\\\/#mainImage\"},\"datePublished\":\"2018-05-09T20:47:59+02:00\",\"dateModified\":\"2018-05-09T20:47:59+02:00\"},{\"@type\":\"WebSite\",\"@id\":\"https:\\\/\\\/www.eldigitaldeasturias.com\\\/noticias\\\/#website\",\"url\":\"https:\\\/\\\/www.eldigitaldeasturias.com\\\/noticias\\\/\",\"name\":\"El Digital de Asturias - Diario de actualidad y noticias\",\"alternateName\":\"El Digital de Asturias - Diario de actualidad y noticias\",\"description\":\"Hemeroteca\",\"inLanguage\":\"es-ES\",\"publisher\":{\"@id\":\"https:\\\/\\\/www.eldigitaldeasturias.com\\\/noticias\\\/#organization\"}}]}\n\t\t<\/script>\n\t\t<!-- All in One SEO Pro -->\r\n\t\t<title>Las empresas de Huesca se interesan por las ayudas a la Industria 4.0 - El Digital de Asturias<\/title>\n\n","aioseo_head_json":{"title":"Las empresas de Huesca se interesan por las ayudas a la Industria 4.0 - El Digital de Asturias","description":"Alrededor de 30 personas, en representaci\u00f3n de empresas ubicadas tanto en Walqa como en otras partes de la provincia de Huesca, han acudido esta ma\u00f1ana a la reuni\u00f3n informativa organizada por el Parque Tecnol\u00f3gico Walqa, en la que el director general de Industria, PYME, Comercio y Artesan\u00eda del Gobierno de Arag\u00f3n, Jes\u00fas Sanchez Farraces, ha","canonical_url":"https:\/\/www.eldigitaldeasturias.com\/noticias\/las-empresas-de-huesca-se-interesan-por-las-ayudas-a-la-industria-4-0\/","robots":"max-image-preview:large","keywords":"actualidad","webmasterTools":{"google-site-verification":"UA-38556648-1","msvalidate.01":"7dfe9f3f1b24437ab69f4f2559babe99","miscellaneous":""},"schema":{"@context":"https:\/\/schema.org","@graph":[{"@type":"BlogPosting","@id":"https:\/\/www.eldigitaldeasturias.com\/noticias\/las-empresas-de-huesca-se-interesan-por-las-ayudas-a-la-industria-4-0\/#blogposting","name":"Las empresas de Huesca se interesan por las ayudas a la Industria 4.0 - El Digital de Asturias","headline":"Las empresas de Huesca se interesan por las ayudas a la Industria 4.0","author":{"@id":"https:\/\/www.eldigitaldeasturias.com\/noticias\/author\/admin\/#author"},"publisher":{"@id":"https:\/\/www.eldigitaldeasturias.com\/noticias\/#organization"},"image":{"@type":"ImageObject","url":979651},"datePublished":"2018-05-09T20:47:59+02:00","dateModified":"2018-05-09T20:47:59+02:00","inLanguage":"es-ES","mainEntityOfPage":{"@id":"https:\/\/www.eldigitaldeasturias.com\/noticias\/las-empresas-de-huesca-se-interesan-por-las-ayudas-a-la-industria-4-0\/#webpage"},"isPartOf":{"@id":"https:\/\/www.eldigitaldeasturias.com\/noticias\/las-empresas-de-huesca-se-interesan-por-las-ayudas-a-la-industria-4-0\/#webpage"},"articleSection":"Actualidad"},{"@type":"BreadcrumbList","@id":"https:\/\/www.eldigitaldeasturias.com\/noticias\/las-empresas-de-huesca-se-interesan-por-las-ayudas-a-la-industria-4-0\/#breadcrumblist","itemListElement":[{"@type":"ListItem","@id":"https:\/\/www.eldigitaldeasturias.com\/noticias#listItem","position":1,"name":"Home","item":"https:\/\/www.eldigitaldeasturias.com\/noticias","nextItem":{"@type":"ListItem","@id":"https:\/\/www.eldigitaldeasturias.com\/noticias\/category\/actualidad\/#listItem","name":"Actualidad"}},{"@type":"ListItem","@id":"https:\/\/www.eldigitaldeasturias.com\/noticias\/category\/actualidad\/#listItem","position":2,"name":"Actualidad","item":"https:\/\/www.eldigitaldeasturias.com\/noticias\/category\/actualidad\/","nextItem":{"@type":"ListItem","@id":"https:\/\/www.eldigitaldeasturias.com\/noticias\/las-empresas-de-huesca-se-interesan-por-las-ayudas-a-la-industria-4-0\/#listItem","name":"Las empresas de Huesca se interesan por las ayudas a la Industria 4.0"},"previousItem":{"@type":"ListItem","@id":"https:\/\/www.eldigitaldeasturias.com\/noticias#listItem","name":"Home"}},{"@type":"ListItem","@id":"https:\/\/www.eldigitaldeasturias.com\/noticias\/las-empresas-de-huesca-se-interesan-por-las-ayudas-a-la-industria-4-0\/#listItem","position":3,"name":"Las empresas de Huesca se interesan por las ayudas a la Industria 4.0","previousItem":{"@type":"ListItem","@id":"https:\/\/www.eldigitaldeasturias.com\/noticias\/category\/actualidad\/#listItem","name":"Actualidad"}}]},{"@type":"Organization","@id":"https:\/\/www.eldigitaldeasturias.com\/noticias\/#organization","name":"El Digital de Asturias","description":"Hemeroteca","url":"https:\/\/www.eldigitaldeasturias.com\/noticias\/","email":"info@eldigitaldeasturias.com","telephone":"+34652131393","logo":{"@type":"ImageObject","url":"https:\/\/www.eldigitaldeasturias.com\/noticias\/wp-content\/uploads\/2020\/12\/EDA.jpg","@id":"https:\/\/www.eldigitaldeasturias.com\/noticias\/las-empresas-de-huesca-se-interesan-por-las-ayudas-a-la-industria-4-0\/#organizationLogo"},"image":{"@id":"https:\/\/www.eldigitaldeasturias.com\/noticias\/las-empresas-de-huesca-se-interesan-por-las-ayudas-a-la-industria-4-0\/#organizationLogo"},"sameAs":["https:\/\/facebook.com\/eldigitaldeasturias","https:\/\/www.youtube.com\/channel\/UCZP-2wLEB9Rv6erhFmqVnvg"],"address":{"@id":"https:\/\/www.eldigitaldeasturias.com\/noticias\/#postaladdress","@type":"PostalAddress","streetAddress":"san antonio 4","postalCode":"33430","addressLocality":"Cand\u00e1s","addressRegion":"Asturias","addressCountry":"ES"}},{"@type":"Person","@id":"https:\/\/www.eldigitaldeasturias.com\/noticias\/author\/admin\/#author","url":"https:\/\/www.eldigitaldeasturias.com\/noticias\/author\/admin\/","name":"El Digital de Asturias","image":{"@type":"ImageObject","@id":"https:\/\/www.eldigitaldeasturias.com\/noticias\/las-empresas-de-huesca-se-interesan-por-las-ayudas-a-la-industria-4-0\/#authorImage","url":"https:\/\/secure.gravatar.com\/avatar\/df2aeffc32bcd13f8d26072ef8a91b623d677766deac7f97ca815868cd41bf5e?s=96&d=mm&r=g","width":96,"height":96,"caption":"El Digital de Asturias"}},{"@type":"WebPage","@id":"https:\/\/www.eldigitaldeasturias.com\/noticias\/las-empresas-de-huesca-se-interesan-por-las-ayudas-a-la-industria-4-0\/#webpage","url":"https:\/\/www.eldigitaldeasturias.com\/noticias\/las-empresas-de-huesca-se-interesan-por-las-ayudas-a-la-industria-4-0\/","name":"Las empresas de Huesca se interesan por las ayudas a la Industria 4.0 - El Digital de Asturias","description":"Alrededor de 30 personas, en representaci\u00f3n de empresas ubicadas tanto en Walqa como en otras partes de la provincia de Huesca, han acudido esta ma\u00f1ana a la reuni\u00f3n informativa organizada por el Parque Tecnol\u00f3gico Walqa, en la que el director general de Industria, PYME, Comercio y Artesan\u00eda del Gobierno de Arag\u00f3n, Jes\u00fas Sanchez Farraces, ha","inLanguage":"es-ES","isPartOf":{"@id":"https:\/\/www.eldigitaldeasturias.com\/noticias\/#website"},"breadcrumb":{"@id":"https:\/\/www.eldigitaldeasturias.com\/noticias\/las-empresas-de-huesca-se-interesan-por-las-ayudas-a-la-industria-4-0\/#breadcrumblist"},"author":{"@id":"https:\/\/www.eldigitaldeasturias.com\/noticias\/author\/admin\/#author"},"creator":{"@id":"https:\/\/www.eldigitaldeasturias.com\/noticias\/author\/admin\/#author"},"image":{"@type":"ImageObject","url":979651,"@id":"https:\/\/www.eldigitaldeasturias.com\/noticias\/las-empresas-de-huesca-se-interesan-por-las-ayudas-a-la-industria-4-0\/#mainImage"},"primaryImageOfPage":{"@id":"https:\/\/www.eldigitaldeasturias.com\/noticias\/las-empresas-de-huesca-se-interesan-por-las-ayudas-a-la-industria-4-0\/#mainImage"},"datePublished":"2018-05-09T20:47:59+02:00","dateModified":"2018-05-09T20:47:59+02:00"},{"@type":"WebSite","@id":"https:\/\/www.eldigitaldeasturias.com\/noticias\/#website","url":"https:\/\/www.eldigitaldeasturias.com\/noticias\/","name":"El Digital de Asturias - Diario de actualidad y noticias","alternateName":"El Digital de Asturias - Diario de actualidad y noticias","description":"Hemeroteca","inLanguage":"es-ES","publisher":{"@id":"https:\/\/www.eldigitaldeasturias.com\/noticias\/#organization"}}]},"og:locale":"es_ES","og:site_name":"El Digital de Asturias","og:type":"article","og:title":"Las empresas de Huesca se interesan por las ayudas a la Industria 4.0 - El Digital de Asturias","og:description":"Alrededor de 30 personas, en representaci\u00f3n de empresas ubicadas tanto en Walqa como en otras partes de la provincia de Huesca, han acudido esta ma\u00f1ana a la reuni\u00f3n informativa organizada por el Parque Tecnol\u00f3gico Walqa, en la que el director general de Industria, PYME, Comercio y Artesan\u00eda del Gobierno de Arag\u00f3n, Jes\u00fas Sanchez Farraces, ha","og:url":"https:\/\/www.eldigitaldeasturias.com\/noticias\/las-empresas-de-huesca-se-interesan-por-las-ayudas-a-la-industria-4-0\/","article:tag":["actualidad"],"article:published_time":"2018-05-09T20:47:59+00:00","article:modified_time":"2018-05-09T20:47:59+00:00","article:publisher":"https:\/\/facebook.com\/eldigitaldeasturias","twitter:card":"summary_large_image","twitter:title":"Las empresas de Huesca se interesan por las ayudas a la Industria 4.0 - El Digital de Asturias","twitter:description":"Alrededor de 30 personas, en representaci\u00f3n de empresas ubicadas tanto en Walqa como en otras partes de la provincia de Huesca, han acudido esta ma\u00f1ana a la reuni\u00f3n informativa organizada por el Parque Tecnol\u00f3gico Walqa, en la que el director general de Industria, PYME, Comercio y Artesan\u00eda del Gobierno de Arag\u00f3n, Jes\u00fas Sanchez Farraces, ha","twitter:image":"https:\/\/www.eldigitaldeasturias.com\/noticias\/wp-content\/uploads\/2020\/12\/EDA-1.jpg","twitter:label1":"Escrito por","twitter:data1":"El Digital de Asturias","twitter:label2":"Tiempo de lectura estimado","twitter:data2":"3 minutos"},"aioseo_meta_data":{"post_id":"979650","title":null,"description":null,"keywords":null,"keyphrases":null,"primary_term":null,"canonical_url":null,"og_title":null,"og_description":null,"og_object_type":"default","og_image_type":"default","og_image_url":null,"og_image_width":null,"og_image_height":null,"og_image_custom_url":null,"og_image_custom_fields":null,"og_video":null,"og_custom_url":null,"og_article_section":null,"og_article_tags":null,"twitter_use_og":false,"twitter_card":"default","twitter_image_type":"default","twitter_image_url":null,"twitter_image_custom_url":null,"twitter_image_custom_fields":null,"twitter_title":null,"twitter_description":null,"schema":{"blockGraphs":[],"customGraphs":[],"default":{"data":{"Article":[],"Course":[],"Dataset":[],"FAQPage":[],"Movie":[],"Person":[],"Product":[],"ProductReview":[],"Car":[],"Recipe":[],"Service":[],"SoftwareApplication":[],"WebPage":[]},"graphName":"","isEnabled":true},"graphs":[],"defaultGraph":"","defaultPostTypeGraph":""},"schema_type":null,"schema_type_options":null,"pillar_content":false,"robots_default":true,"robots_noindex":false,"robots_noarchive":false,"robots_nosnippet":false,"robots_nofollow":false,"robots_noimageindex":false,"robots_noodp":false,"robots_notranslate":false,"robots_max_snippet":null,"robots_max_videopreview":null,"robots_max_imagepreview":"large","priority":null,"frequency":null,"local_seo":null,"seo_analyzer_scan_date":"2025-10-08 15:05:16","breadcrumb_settings":null,"limit_modified_date":false,"open_ai":null,"ai":null,"created":"2020-12-21 11:59:37","updated":"2025-10-08 15:05:16","focus_keyword":null,"additional_keywords":null,"truseo_locale":null},"aioseo_breadcrumb":"<div class=\"aioseo-breadcrumbs\"><span class=\"aioseo-breadcrumb\">\n\t<a href=\"https:\/\/www.eldigitaldeasturias.com\/noticias\" title=\"Home\">Home<\/a>\n<\/span><span class=\"aioseo-breadcrumb-separator\">\u2013<\/span><span class=\"aioseo-breadcrumb\">\n\t<a href=\"https:\/\/www.eldigitaldeasturias.com\/noticias\/category\/actualidad\/\" title=\"Actualidad\">Actualidad<\/a>\n<\/span><span class=\"aioseo-breadcrumb-separator\">\u2013<\/span><span class=\"aioseo-breadcrumb\">\n\t<a href=\"https:\/\/www.eldigitaldeasturias.com\/noticias\/las-empresas-de-huesca-se-interesan-por-las-ayudas-a-la-industria-4-0\/\" title=\"Las empresas de Huesca se interesan por las ayudas a la Industria 4.0\">Las empresas de Huesca se interesan por las ayudas a la Industria 4.0<\/a>\n<\/span><\/div>","aioseo_breadcrumb_json":[{"label":"Home","link":"https:\/\/www.eldigitaldeasturias.com\/noticias"},{"label":"Actualidad","link":"https:\/\/www.eldigitaldeasturias.com\/noticias\/category\/actualidad\/"},{"label":"Las empresas de Huesca se interesan por las ayudas a la Industria 4.0","link":"https:\/\/www.eldigitaldeasturias.com\/noticias\/las-empresas-de-huesca-se-interesan-por-las-ayudas-a-la-industria-4-0\/"}],"_links":{"self":[{"href":"https:\/\/www.eldigitaldeasturias.com\/noticias\/wp-json\/wp\/v2\/posts\/979650","targetHints":{"allow":["GET"]}}],"collection":[{"href":"https:\/\/www.eldigitaldeasturias.com\/noticias\/wp-json\/wp\/v2\/posts"}],"about":[{"href":"https:\/\/www.eldigitaldeasturias.com\/noticias\/wp-json\/wp\/v2\/types\/post"}],"author":[{"embeddable":true,"href":"https:\/\/www.eldigitaldeasturias.com\/noticias\/wp-json\/wp\/v2\/users\/1"}],"replies":[{"embeddable":true,"href":"https:\/\/www.eldigitaldeasturias.com\/noticias\/wp-json\/wp\/v2\/comments?post=979650"}],"version-history":[{"count":0,"href":"https:\/\/www.eldigitaldeasturias.com\/noticias\/wp-json\/wp\/v2\/posts\/979650\/revisions"}],"wp:attachment":[{"href":"https:\/\/www.eldigitaldeasturias.com\/noticias\/wp-json\/wp\/v2\/media?parent=979650"}],"wp:term":[{"taxonomy":"category","embeddable":true,"href":"https:\/\/www.eldigitaldeasturias.com\/noticias\/wp-json\/wp\/v2\/categories?post=979650"},{"taxonomy":"post_tag","embeddable":true,"href":"https:\/\/www.eldigitaldeasturias.com\/noticias\/wp-json\/wp\/v2\/tags?post=979650"}],"curies":[{"name":"wp","href":"https:\/\/api.w.org\/{rel}","templated":true}]}}