{"id":979647,"date":"2018-05-09T20:42:37","date_gmt":"2018-05-09T20:42:37","guid":{"rendered":"http:\/\/www.eldigitaldeasturias.com\/noticias\/?p=979647"},"modified":"2018-05-09T20:42:37","modified_gmt":"2018-05-09T20:42:37","slug":"alcaniz-acoge-el-ii-aprat-rescue-2018","status":"publish","type":"post","link":"https:\/\/www.eldigitaldeasturias.com\/noticias\/alcaniz-acoge-el-ii-aprat-rescue-2018\/","title":{"rendered":"Alca\u00f1iz acoge el II APRAT Rescue 2018"},"content":{"rendered":"<p><img loading=\"lazy\" decoding=\"async\" class=\"alignleft size-medium wp-image-979648\" src=\"https:\/\/www.eldigitaldeasturias.com\/noticias\/wp-content\/uploads\/2018\/05\/2018-05-092f-360x159.jpeg\" alt=\"\" width=\"360\" height=\"159\" \/>Alca\u00f1iz acoge hoy y ma\u00f1ana el II APRAT Rescue 2018, unas jornadas de formaci\u00f3n que re\u00fanen a m\u00e1s de 200 bomberos profesionales provenientes de toda Espa\u00f1a. La directora general de Justicia e Interior, Mar\u00eda \u00c1ngeles J\u00falvez, ha participado en la inauguraci\u00f3n de este encuentro, mostrando as\u00ed el inter\u00e9s de la Academia Aragonesa de Bomberos, dependiente del Gobierno de Arag\u00f3n, en impulsar todas las acciones formativas para bomberos que se organicen en nuestra comunidad aut\u00f3noma.<\/p>\n<p>J\u00falvez ha explicado que la Academia Aragonesa de Bomberos, adem\u00e1s de velar por la formaci\u00f3n de los bomberos de Arag\u00f3n, colabora de forma permanente con los Servicios de Prevenci\u00f3n y Extinci\u00f3n de Incendios de la Diputaci\u00f3n Provincial de Teruel y de la Diputaci\u00f3n Provincial de Zaragoza y apoya a la Diputaci\u00f3n Provincial de Huesca en la creaci\u00f3n del nuevo servicio de bomberos de Huesca.<\/p>\n<p>Adem\u00e1s, la directora general de Justicia e Interior ha aprovechado este encuentro con bomberos para recordar que el pasado 17 de abril fue publicada en el Bolet\u00edn Oficial de Arag\u00f3n la resoluci\u00f3n por la que se convoca el Procedimiento de Evaluaci\u00f3n y Acreditaci\u00f3n de Competencias Profesionales (PEAC) adquiridas a trav\u00e9s de la experiencia laboral o de v\u00edas no formales de formaci\u00f3n incluidas en la cualificaci\u00f3n \u201cExtinci\u00f3n de Incendios y Salvamento\u201d. El plazo de inscripci\u00f3n para acceder a este proceso es del 14 al 25 de mayo de 2018, ambos inclusive. El n\u00famero de plazas de esta convocatoria es de 75.<\/p>\n<p><strong>La Asociaci\u00f3n Profesional de Rescate en Accidentes de Tr\u00e1fico (APRAT)<\/strong><\/p>\n<p>La Asociaci\u00f3n Profesional de Rescate en Accidentes de Tr\u00e1fico (APRAT) se crea en el a\u00f1o 2004 desde el \u00e1mbito profesional de bomberos, para recoger y encauzar todas las iniciativas relacionadas con las t\u00e9cnicas de excarcelaci\u00f3n de v\u00edctimas en los accidentes de tr\u00e1fico, as\u00ed como para su perfeccionamiento debido a las mejoras continuas en el dise\u00f1o de los elementos de seguridad en los autom\u00f3viles.<\/p>\n<p>El objetivo de estas jornadas es la sistematizaci\u00f3n a la hora de abordar los accidentes de tr\u00e1fico, para que el personal trabaje de la misma manera, creando un procedimiento y secuenciaci\u00f3n de trabajo. Son unos talleres t\u00e9cnicos-sanitarios destinados a ampliar los conocimientos y habilidades del cuerpo de bomberos en materia de excarcelaci\u00f3n.<\/p>\n<p>APRAT proporciona a nivel nacional una plataforma de trabajo para el personal relacionado con este tipo de accidentes, tanto dentro del sector de los servicios que realizan el rescate, como los diferentes sectores, que en general trabajan en la seguridad del autom\u00f3vil con la finalidad de difundir las nuevas tecnolog\u00edas en relaci\u00f3n con la seguridad, para as\u00ed proporcionar y fomentar, mediante la organizaci\u00f3n de este tipo de jornadas, el di\u00e1logo y el encuentro entre los sectores involucrados.<\/p>\n<p>El II APRAT Rescue 2018 ha sido organizado por la Asociaci\u00f3n Profesional de Rescate en Accidentes de Tr\u00e1fico (APRAT) y el Ayuntamiento de Alca\u00f1iz y ha contado con la colaboraci\u00f3n de Servicio de Extinci\u00f3n de Incendios de la Diputaci\u00f3n Provincial de Teruel.<\/p>\n<p>Son varias las actividades para bomberos que se realizan en Alca\u00f1iz, todas ellas con el objetivo de que esta ciudad se convierta en el epicentro nacional en la formaci\u00f3n en rescate en accidentes de tr\u00e1fico.<\/p>\n<p><strong>XIV Encuentro Nacional de Rescate en Accidentes de Tr\u00e1fico-ENRAT 2018<\/strong><\/p>\n<p>En septiembre de 2018 se va a celebrar en Motorland (Alca\u00f1iz) el XIV Encuentro Nacional de Rescate en Accidentes de Tr\u00e1fico-ENRAT 2018, en el que participar\u00e1n en el rescate de v\u00edctimas de tr\u00e1fico distintos equipos inscritos en el encuentro. Los tres primeros clasificados participar\u00e1n en el campeonato del mundo de la misma modalidad, que se celebrar\u00e1n en Sud\u00e1frica en octubre de 2018.<\/p>\n","protected":false},"excerpt":{"rendered":"<p>Alca\u00f1iz acoge hoy y ma\u00f1ana el II APRAT Rescue 2018, unas jornadas de formaci\u00f3n que re\u00fanen a m\u00e1s de 200 bomberos profesionales provenientes de toda Espa\u00f1a. La directora general de Justicia e Interior, Mar\u00eda \u00c1ngeles J\u00falvez, ha participado en la inauguraci\u00f3n de este encuentro, mostrando as\u00ed el inter\u00e9s de la Academia Aragonesa de Bomberos, dependiente [&hellip;]<\/p>\n","protected":false},"author":1,"featured_media":979648,"comment_status":"closed","ping_status":"closed","sticky":false,"template":"","format":"standard","meta":{"footnotes":""},"categories":[1],"tags":[],"class_list":["post-979647","post","type-post","status-publish","format-standard","has-post-thumbnail","hentry","category-actualidad"],"aioseo_notices":[],"aioseo_head":"\n\t\t<!-- All in One SEO Pro 5.0.1 - aioseo.com -->\n\t<meta name=\"description\" content=\"Alca\u00f1iz acoge hoy y ma\u00f1ana el II APRAT Rescue 2018, unas jornadas de formaci\u00f3n que re\u00fanen a m\u00e1s de 200 bomberos profesionales provenientes de toda Espa\u00f1a. La directora general de Justicia e Interior, Mar\u00eda \u00c1ngeles J\u00falvez, ha participado en la inauguraci\u00f3n de este encuentro, mostrando as\u00ed el inter\u00e9s de la Academia Aragonesa de Bomberos, dependiente\" \/>\n\t<meta name=\"robots\" content=\"max-image-preview:large\" \/>\n\t<meta name=\"author\" content=\"El Digital de Asturias\"\/>\n\t<meta name=\"google-site-verification\" content=\"UA-38556648-1\" \/>\n\t<meta name=\"msvalidate.01\" content=\"7dfe9f3f1b24437ab69f4f2559babe99\" \/>\n\t<meta name=\"keywords\" content=\"actualidad\" \/>\n\t<link rel=\"canonical\" href=\"https:\/\/www.eldigitaldeasturias.com\/noticias\/alcaniz-acoge-el-ii-aprat-rescue-2018\/\" \/>\n\t<meta name=\"generator\" content=\"All in One SEO Pro (AIOSEO) 5.0.1\" \/>\n\t\t<meta property=\"og:locale\" content=\"es_ES\" \/>\n\t\t<meta property=\"og:site_name\" content=\"El Digital de Asturias\" \/>\n\t\t<meta property=\"og:type\" content=\"article\" \/>\n\t\t<meta property=\"og:title\" content=\"Alca\u00f1iz acoge el II APRAT Rescue 2018 - El Digital de Asturias\" \/>\n\t\t<meta property=\"og:description\" content=\"Alca\u00f1iz acoge hoy y ma\u00f1ana el II APRAT Rescue 2018, unas jornadas de formaci\u00f3n que re\u00fanen a m\u00e1s de 200 bomberos profesionales provenientes de toda Espa\u00f1a. La directora general de Justicia e Interior, Mar\u00eda \u00c1ngeles J\u00falvez, ha participado en la inauguraci\u00f3n de este encuentro, mostrando as\u00ed el inter\u00e9s de la Academia Aragonesa de Bomberos, dependiente\" \/>\n\t\t<meta property=\"og:url\" content=\"https:\/\/www.eldigitaldeasturias.com\/noticias\/alcaniz-acoge-el-ii-aprat-rescue-2018\/\" \/>\n\t\t<meta property=\"article:tag\" content=\"actualidad\" \/>\n\t\t<meta property=\"article:published_time\" content=\"2018-05-09T20:42:37+00:00\" \/>\n\t\t<meta property=\"article:modified_time\" content=\"2018-05-09T20:42:37+00:00\" \/>\n\t\t<meta property=\"article:publisher\" content=\"https:\/\/facebook.com\/eldigitaldeasturias\" \/>\n\t\t<meta name=\"twitter:card\" content=\"summary_large_image\" \/>\n\t\t<meta name=\"twitter:title\" content=\"Alca\u00f1iz acoge el II APRAT Rescue 2018 - El Digital de Asturias\" \/>\n\t\t<meta name=\"twitter:description\" content=\"Alca\u00f1iz acoge hoy y ma\u00f1ana el II APRAT Rescue 2018, unas jornadas de formaci\u00f3n que re\u00fanen a m\u00e1s de 200 bomberos profesionales provenientes de toda Espa\u00f1a. La directora general de Justicia e Interior, Mar\u00eda \u00c1ngeles J\u00falvez, ha participado en la inauguraci\u00f3n de este encuentro, mostrando as\u00ed el inter\u00e9s de la Academia Aragonesa de Bomberos, dependiente\" \/>\n\t\t<meta name=\"twitter:image\" content=\"https:\/\/www.eldigitaldeasturias.com\/noticias\/wp-content\/uploads\/2020\/12\/EDA-1.jpg\" \/>\n\t\t<meta name=\"twitter:label1\" content=\"Escrito por\" \/>\n\t\t<meta name=\"twitter:data1\" content=\"El Digital de Asturias\" \/>\n\t\t<meta name=\"twitter:label2\" content=\"Tiempo de lectura estimado\" \/>\n\t\t<meta name=\"twitter:data2\" content=\"3 minutos\" \/>\n\t\t<script type=\"application\/ld+json\" class=\"aioseo-schema\">\n\t\t\t{\"@context\":\"https:\\\/\\\/schema.org\",\"@graph\":[{\"@type\":\"BlogPosting\",\"@id\":\"https:\\\/\\\/www.eldigitaldeasturias.com\\\/noticias\\\/alcaniz-acoge-el-ii-aprat-rescue-2018\\\/#blogposting\",\"name\":\"Alca\\u00f1iz acoge el II APRAT Rescue 2018 - El Digital de Asturias\",\"headline\":\"Alca\\u00f1iz acoge el II APRAT Rescue 2018\",\"author\":{\"@id\":\"https:\\\/\\\/www.eldigitaldeasturias.com\\\/noticias\\\/author\\\/admin\\\/#author\"},\"publisher\":{\"@id\":\"https:\\\/\\\/www.eldigitaldeasturias.com\\\/noticias\\\/#organization\"},\"image\":{\"@type\":\"ImageObject\",\"url\":979648},\"datePublished\":\"2018-05-09T20:42:37+02:00\",\"dateModified\":\"2018-05-09T20:42:37+02:00\",\"inLanguage\":\"es-ES\",\"mainEntityOfPage\":{\"@id\":\"https:\\\/\\\/www.eldigitaldeasturias.com\\\/noticias\\\/alcaniz-acoge-el-ii-aprat-rescue-2018\\\/#webpage\"},\"isPartOf\":{\"@id\":\"https:\\\/\\\/www.eldigitaldeasturias.com\\\/noticias\\\/alcaniz-acoge-el-ii-aprat-rescue-2018\\\/#webpage\"},\"articleSection\":\"Actualidad\"},{\"@type\":\"BreadcrumbList\",\"@id\":\"https:\\\/\\\/www.eldigitaldeasturias.com\\\/noticias\\\/alcaniz-acoge-el-ii-aprat-rescue-2018\\\/#breadcrumblist\",\"itemListElement\":[{\"@type\":\"ListItem\",\"@id\":\"https:\\\/\\\/www.eldigitaldeasturias.com\\\/noticias#listItem\",\"position\":1,\"name\":\"Home\",\"item\":\"https:\\\/\\\/www.eldigitaldeasturias.com\\\/noticias\",\"nextItem\":{\"@type\":\"ListItem\",\"@id\":\"https:\\\/\\\/www.eldigitaldeasturias.com\\\/noticias\\\/category\\\/actualidad\\\/#listItem\",\"name\":\"Actualidad\"}},{\"@type\":\"ListItem\",\"@id\":\"https:\\\/\\\/www.eldigitaldeasturias.com\\\/noticias\\\/category\\\/actualidad\\\/#listItem\",\"position\":2,\"name\":\"Actualidad\",\"item\":\"https:\\\/\\\/www.eldigitaldeasturias.com\\\/noticias\\\/category\\\/actualidad\\\/\",\"nextItem\":{\"@type\":\"ListItem\",\"@id\":\"https:\\\/\\\/www.eldigitaldeasturias.com\\\/noticias\\\/alcaniz-acoge-el-ii-aprat-rescue-2018\\\/#listItem\",\"name\":\"Alca\\u00f1iz acoge el II APRAT Rescue 2018\"},\"previousItem\":{\"@type\":\"ListItem\",\"@id\":\"https:\\\/\\\/www.eldigitaldeasturias.com\\\/noticias#listItem\",\"name\":\"Home\"}},{\"@type\":\"ListItem\",\"@id\":\"https:\\\/\\\/www.eldigitaldeasturias.com\\\/noticias\\\/alcaniz-acoge-el-ii-aprat-rescue-2018\\\/#listItem\",\"position\":3,\"name\":\"Alca\\u00f1iz acoge el II APRAT Rescue 2018\",\"previousItem\":{\"@type\":\"ListItem\",\"@id\":\"https:\\\/\\\/www.eldigitaldeasturias.com\\\/noticias\\\/category\\\/actualidad\\\/#listItem\",\"name\":\"Actualidad\"}}]},{\"@type\":\"Organization\",\"@id\":\"https:\\\/\\\/www.eldigitaldeasturias.com\\\/noticias\\\/#organization\",\"name\":\"El Digital de Asturias\",\"description\":\"Hemeroteca\",\"url\":\"https:\\\/\\\/www.eldigitaldeasturias.com\\\/noticias\\\/\",\"email\":\"info@eldigitaldeasturias.com\",\"telephone\":\"+34652131393\",\"logo\":{\"@type\":\"ImageObject\",\"url\":\"https:\\\/\\\/www.eldigitaldeasturias.com\\\/noticias\\\/wp-content\\\/uploads\\\/2020\\\/12\\\/EDA.jpg\",\"@id\":\"https:\\\/\\\/www.eldigitaldeasturias.com\\\/noticias\\\/alcaniz-acoge-el-ii-aprat-rescue-2018\\\/#organizationLogo\"},\"image\":{\"@id\":\"https:\\\/\\\/www.eldigitaldeasturias.com\\\/noticias\\\/alcaniz-acoge-el-ii-aprat-rescue-2018\\\/#organizationLogo\"},\"sameAs\":[\"https:\\\/\\\/facebook.com\\\/eldigitaldeasturias\",\"https:\\\/\\\/www.youtube.com\\\/channel\\\/UCZP-2wLEB9Rv6erhFmqVnvg\"],\"address\":{\"@id\":\"https:\\\/\\\/www.eldigitaldeasturias.com\\\/noticias\\\/#postaladdress\",\"@type\":\"PostalAddress\",\"streetAddress\":\"san antonio 4\",\"postalCode\":\"33430\",\"addressLocality\":\"Cand\\u00e1s\",\"addressRegion\":\"Asturias\",\"addressCountry\":\"ES\"}},{\"@type\":\"Person\",\"@id\":\"https:\\\/\\\/www.eldigitaldeasturias.com\\\/noticias\\\/author\\\/admin\\\/#author\",\"url\":\"https:\\\/\\\/www.eldigitaldeasturias.com\\\/noticias\\\/author\\\/admin\\\/\",\"name\":\"El Digital de Asturias\",\"image\":{\"@type\":\"ImageObject\",\"@id\":\"https:\\\/\\\/www.eldigitaldeasturias.com\\\/noticias\\\/alcaniz-acoge-el-ii-aprat-rescue-2018\\\/#authorImage\",\"url\":\"https:\\\/\\\/secure.gravatar.com\\\/avatar\\\/df2aeffc32bcd13f8d26072ef8a91b623d677766deac7f97ca815868cd41bf5e?s=96&d=mm&r=g\",\"width\":96,\"height\":96,\"caption\":\"El Digital de Asturias\"}},{\"@type\":\"WebPage\",\"@id\":\"https:\\\/\\\/www.eldigitaldeasturias.com\\\/noticias\\\/alcaniz-acoge-el-ii-aprat-rescue-2018\\\/#webpage\",\"url\":\"https:\\\/\\\/www.eldigitaldeasturias.com\\\/noticias\\\/alcaniz-acoge-el-ii-aprat-rescue-2018\\\/\",\"name\":\"Alca\\u00f1iz acoge el II APRAT Rescue 2018 - El Digital de Asturias\",\"description\":\"Alca\\u00f1iz acoge hoy y ma\\u00f1ana el II APRAT Rescue 2018, unas jornadas de formaci\\u00f3n que re\\u00fanen a m\\u00e1s de 200 bomberos profesionales provenientes de toda Espa\\u00f1a. La directora general de Justicia e Interior, Mar\\u00eda \\u00c1ngeles J\\u00falvez, ha participado en la inauguraci\\u00f3n de este encuentro, mostrando as\\u00ed el inter\\u00e9s de la Academia Aragonesa de Bomberos, dependiente\",\"inLanguage\":\"es-ES\",\"isPartOf\":{\"@id\":\"https:\\\/\\\/www.eldigitaldeasturias.com\\\/noticias\\\/#website\"},\"breadcrumb\":{\"@id\":\"https:\\\/\\\/www.eldigitaldeasturias.com\\\/noticias\\\/alcaniz-acoge-el-ii-aprat-rescue-2018\\\/#breadcrumblist\"},\"author\":{\"@id\":\"https:\\\/\\\/www.eldigitaldeasturias.com\\\/noticias\\\/author\\\/admin\\\/#author\"},\"creator\":{\"@id\":\"https:\\\/\\\/www.eldigitaldeasturias.com\\\/noticias\\\/author\\\/admin\\\/#author\"},\"image\":{\"@type\":\"ImageObject\",\"url\":979648,\"@id\":\"https:\\\/\\\/www.eldigitaldeasturias.com\\\/noticias\\\/alcaniz-acoge-el-ii-aprat-rescue-2018\\\/#mainImage\"},\"primaryImageOfPage\":{\"@id\":\"https:\\\/\\\/www.eldigitaldeasturias.com\\\/noticias\\\/alcaniz-acoge-el-ii-aprat-rescue-2018\\\/#mainImage\"},\"datePublished\":\"2018-05-09T20:42:37+02:00\",\"dateModified\":\"2018-05-09T20:42:37+02:00\"},{\"@type\":\"WebSite\",\"@id\":\"https:\\\/\\\/www.eldigitaldeasturias.com\\\/noticias\\\/#website\",\"url\":\"https:\\\/\\\/www.eldigitaldeasturias.com\\\/noticias\\\/\",\"name\":\"El Digital de Asturias - Diario de actualidad y noticias\",\"alternateName\":\"El Digital de Asturias - Diario de actualidad y noticias\",\"description\":\"Hemeroteca\",\"inLanguage\":\"es-ES\",\"publisher\":{\"@id\":\"https:\\\/\\\/www.eldigitaldeasturias.com\\\/noticias\\\/#organization\"}}]}\n\t\t<\/script>\n\t\t<!-- All in One SEO Pro -->\r\n\t\t<title>Alca\u00f1iz acoge el II APRAT Rescue 2018 - El Digital de Asturias<\/title>\n\n","aioseo_head_json":{"title":"Alca\u00f1iz acoge el II APRAT Rescue 2018 - El Digital de Asturias","description":"Alca\u00f1iz acoge hoy y ma\u00f1ana el II APRAT Rescue 2018, unas jornadas de formaci\u00f3n que re\u00fanen a m\u00e1s de 200 bomberos profesionales provenientes de toda Espa\u00f1a. La directora general de Justicia e Interior, Mar\u00eda \u00c1ngeles J\u00falvez, ha participado en la inauguraci\u00f3n de este encuentro, mostrando as\u00ed el inter\u00e9s de la Academia Aragonesa de Bomberos, dependiente","canonical_url":"https:\/\/www.eldigitaldeasturias.com\/noticias\/alcaniz-acoge-el-ii-aprat-rescue-2018\/","robots":"max-image-preview:large","keywords":"actualidad","webmasterTools":{"google-site-verification":"UA-38556648-1","msvalidate.01":"7dfe9f3f1b24437ab69f4f2559babe99","miscellaneous":""},"schema":{"@context":"https:\/\/schema.org","@graph":[{"@type":"BlogPosting","@id":"https:\/\/www.eldigitaldeasturias.com\/noticias\/alcaniz-acoge-el-ii-aprat-rescue-2018\/#blogposting","name":"Alca\u00f1iz acoge el II APRAT Rescue 2018 - El Digital de Asturias","headline":"Alca\u00f1iz acoge el II APRAT Rescue 2018","author":{"@id":"https:\/\/www.eldigitaldeasturias.com\/noticias\/author\/admin\/#author"},"publisher":{"@id":"https:\/\/www.eldigitaldeasturias.com\/noticias\/#organization"},"image":{"@type":"ImageObject","url":979648},"datePublished":"2018-05-09T20:42:37+02:00","dateModified":"2018-05-09T20:42:37+02:00","inLanguage":"es-ES","mainEntityOfPage":{"@id":"https:\/\/www.eldigitaldeasturias.com\/noticias\/alcaniz-acoge-el-ii-aprat-rescue-2018\/#webpage"},"isPartOf":{"@id":"https:\/\/www.eldigitaldeasturias.com\/noticias\/alcaniz-acoge-el-ii-aprat-rescue-2018\/#webpage"},"articleSection":"Actualidad"},{"@type":"BreadcrumbList","@id":"https:\/\/www.eldigitaldeasturias.com\/noticias\/alcaniz-acoge-el-ii-aprat-rescue-2018\/#breadcrumblist","itemListElement":[{"@type":"ListItem","@id":"https:\/\/www.eldigitaldeasturias.com\/noticias#listItem","position":1,"name":"Home","item":"https:\/\/www.eldigitaldeasturias.com\/noticias","nextItem":{"@type":"ListItem","@id":"https:\/\/www.eldigitaldeasturias.com\/noticias\/category\/actualidad\/#listItem","name":"Actualidad"}},{"@type":"ListItem","@id":"https:\/\/www.eldigitaldeasturias.com\/noticias\/category\/actualidad\/#listItem","position":2,"name":"Actualidad","item":"https:\/\/www.eldigitaldeasturias.com\/noticias\/category\/actualidad\/","nextItem":{"@type":"ListItem","@id":"https:\/\/www.eldigitaldeasturias.com\/noticias\/alcaniz-acoge-el-ii-aprat-rescue-2018\/#listItem","name":"Alca\u00f1iz acoge el II APRAT Rescue 2018"},"previousItem":{"@type":"ListItem","@id":"https:\/\/www.eldigitaldeasturias.com\/noticias#listItem","name":"Home"}},{"@type":"ListItem","@id":"https:\/\/www.eldigitaldeasturias.com\/noticias\/alcaniz-acoge-el-ii-aprat-rescue-2018\/#listItem","position":3,"name":"Alca\u00f1iz acoge el II APRAT Rescue 2018","previousItem":{"@type":"ListItem","@id":"https:\/\/www.eldigitaldeasturias.com\/noticias\/category\/actualidad\/#listItem","name":"Actualidad"}}]},{"@type":"Organization","@id":"https:\/\/www.eldigitaldeasturias.com\/noticias\/#organization","name":"El Digital de Asturias","description":"Hemeroteca","url":"https:\/\/www.eldigitaldeasturias.com\/noticias\/","email":"info@eldigitaldeasturias.com","telephone":"+34652131393","logo":{"@type":"ImageObject","url":"https:\/\/www.eldigitaldeasturias.com\/noticias\/wp-content\/uploads\/2020\/12\/EDA.jpg","@id":"https:\/\/www.eldigitaldeasturias.com\/noticias\/alcaniz-acoge-el-ii-aprat-rescue-2018\/#organizationLogo"},"image":{"@id":"https:\/\/www.eldigitaldeasturias.com\/noticias\/alcaniz-acoge-el-ii-aprat-rescue-2018\/#organizationLogo"},"sameAs":["https:\/\/facebook.com\/eldigitaldeasturias","https:\/\/www.youtube.com\/channel\/UCZP-2wLEB9Rv6erhFmqVnvg"],"address":{"@id":"https:\/\/www.eldigitaldeasturias.com\/noticias\/#postaladdress","@type":"PostalAddress","streetAddress":"san antonio 4","postalCode":"33430","addressLocality":"Cand\u00e1s","addressRegion":"Asturias","addressCountry":"ES"}},{"@type":"Person","@id":"https:\/\/www.eldigitaldeasturias.com\/noticias\/author\/admin\/#author","url":"https:\/\/www.eldigitaldeasturias.com\/noticias\/author\/admin\/","name":"El Digital de Asturias","image":{"@type":"ImageObject","@id":"https:\/\/www.eldigitaldeasturias.com\/noticias\/alcaniz-acoge-el-ii-aprat-rescue-2018\/#authorImage","url":"https:\/\/secure.gravatar.com\/avatar\/df2aeffc32bcd13f8d26072ef8a91b623d677766deac7f97ca815868cd41bf5e?s=96&d=mm&r=g","width":96,"height":96,"caption":"El Digital de Asturias"}},{"@type":"WebPage","@id":"https:\/\/www.eldigitaldeasturias.com\/noticias\/alcaniz-acoge-el-ii-aprat-rescue-2018\/#webpage","url":"https:\/\/www.eldigitaldeasturias.com\/noticias\/alcaniz-acoge-el-ii-aprat-rescue-2018\/","name":"Alca\u00f1iz acoge el II APRAT Rescue 2018 - El Digital de Asturias","description":"Alca\u00f1iz acoge hoy y ma\u00f1ana el II APRAT Rescue 2018, unas jornadas de formaci\u00f3n que re\u00fanen a m\u00e1s de 200 bomberos profesionales provenientes de toda Espa\u00f1a. La directora general de Justicia e Interior, Mar\u00eda \u00c1ngeles J\u00falvez, ha participado en la inauguraci\u00f3n de este encuentro, mostrando as\u00ed el inter\u00e9s de la Academia Aragonesa de Bomberos, dependiente","inLanguage":"es-ES","isPartOf":{"@id":"https:\/\/www.eldigitaldeasturias.com\/noticias\/#website"},"breadcrumb":{"@id":"https:\/\/www.eldigitaldeasturias.com\/noticias\/alcaniz-acoge-el-ii-aprat-rescue-2018\/#breadcrumblist"},"author":{"@id":"https:\/\/www.eldigitaldeasturias.com\/noticias\/author\/admin\/#author"},"creator":{"@id":"https:\/\/www.eldigitaldeasturias.com\/noticias\/author\/admin\/#author"},"image":{"@type":"ImageObject","url":979648,"@id":"https:\/\/www.eldigitaldeasturias.com\/noticias\/alcaniz-acoge-el-ii-aprat-rescue-2018\/#mainImage"},"primaryImageOfPage":{"@id":"https:\/\/www.eldigitaldeasturias.com\/noticias\/alcaniz-acoge-el-ii-aprat-rescue-2018\/#mainImage"},"datePublished":"2018-05-09T20:42:37+02:00","dateModified":"2018-05-09T20:42:37+02:00"},{"@type":"WebSite","@id":"https:\/\/www.eldigitaldeasturias.com\/noticias\/#website","url":"https:\/\/www.eldigitaldeasturias.com\/noticias\/","name":"El Digital de Asturias - Diario de actualidad y noticias","alternateName":"El Digital de Asturias - Diario de actualidad y noticias","description":"Hemeroteca","inLanguage":"es-ES","publisher":{"@id":"https:\/\/www.eldigitaldeasturias.com\/noticias\/#organization"}}]},"og:locale":"es_ES","og:site_name":"El Digital de Asturias","og:type":"article","og:title":"Alca\u00f1iz acoge el II APRAT Rescue 2018 - El Digital de Asturias","og:description":"Alca\u00f1iz acoge hoy y ma\u00f1ana el II APRAT Rescue 2018, unas jornadas de formaci\u00f3n que re\u00fanen a m\u00e1s de 200 bomberos profesionales provenientes de toda Espa\u00f1a. La directora general de Justicia e Interior, Mar\u00eda \u00c1ngeles J\u00falvez, ha participado en la inauguraci\u00f3n de este encuentro, mostrando as\u00ed el inter\u00e9s de la Academia Aragonesa de Bomberos, dependiente","og:url":"https:\/\/www.eldigitaldeasturias.com\/noticias\/alcaniz-acoge-el-ii-aprat-rescue-2018\/","article:tag":["actualidad"],"article:published_time":"2018-05-09T20:42:37+00:00","article:modified_time":"2018-05-09T20:42:37+00:00","article:publisher":"https:\/\/facebook.com\/eldigitaldeasturias","twitter:card":"summary_large_image","twitter:title":"Alca\u00f1iz acoge el II APRAT Rescue 2018 - El Digital de Asturias","twitter:description":"Alca\u00f1iz acoge hoy y ma\u00f1ana el II APRAT Rescue 2018, unas jornadas de formaci\u00f3n que re\u00fanen a m\u00e1s de 200 bomberos profesionales provenientes de toda Espa\u00f1a. La directora general de Justicia e Interior, Mar\u00eda \u00c1ngeles J\u00falvez, ha participado en la inauguraci\u00f3n de este encuentro, mostrando as\u00ed el inter\u00e9s de la Academia Aragonesa de Bomberos, dependiente","twitter:image":"https:\/\/www.eldigitaldeasturias.com\/noticias\/wp-content\/uploads\/2020\/12\/EDA-1.jpg","twitter:label1":"Escrito por","twitter:data1":"El Digital de Asturias","twitter:label2":"Tiempo de lectura estimado","twitter:data2":"3 minutos"},"aioseo_meta_data":{"post_id":"979647","title":null,"description":null,"keywords":null,"keyphrases":null,"primary_term":null,"canonical_url":null,"og_title":null,"og_description":null,"og_object_type":"default","og_image_type":"default","og_image_url":null,"og_image_width":null,"og_image_height":null,"og_image_custom_url":null,"og_image_custom_fields":null,"og_video":null,"og_custom_url":null,"og_article_section":null,"og_article_tags":null,"twitter_use_og":false,"twitter_card":"default","twitter_image_type":"default","twitter_image_url":null,"twitter_image_custom_url":null,"twitter_image_custom_fields":null,"twitter_title":null,"twitter_description":null,"schema":{"blockGraphs":[],"customGraphs":[],"default":{"data":{"Article":[],"Course":[],"Dataset":[],"FAQPage":[],"Movie":[],"Person":[],"Product":[],"ProductReview":[],"Car":[],"Recipe":[],"Service":[],"SoftwareApplication":[],"WebPage":[]},"graphName":"","isEnabled":true},"graphs":[],"defaultGraph":"","defaultPostTypeGraph":""},"schema_type":null,"schema_type_options":null,"pillar_content":false,"robots_default":true,"robots_noindex":false,"robots_noarchive":false,"robots_nosnippet":false,"robots_nofollow":false,"robots_noimageindex":false,"robots_noodp":false,"robots_notranslate":false,"robots_max_snippet":null,"robots_max_videopreview":null,"robots_max_imagepreview":"large","priority":null,"frequency":null,"local_seo":null,"seo_analyzer_scan_date":"2025-10-08 15:05:16","breadcrumb_settings":null,"limit_modified_date":false,"open_ai":null,"ai":null,"created":"2020-12-21 11:59:37","updated":"2025-10-08 15:05:16","focus_keyword":null,"additional_keywords":null,"truseo_locale":null},"aioseo_breadcrumb":"<div class=\"aioseo-breadcrumbs\"><span class=\"aioseo-breadcrumb\">\n\t<a href=\"https:\/\/www.eldigitaldeasturias.com\/noticias\" title=\"Home\">Home<\/a>\n<\/span><span class=\"aioseo-breadcrumb-separator\">\u2013<\/span><span class=\"aioseo-breadcrumb\">\n\t<a href=\"https:\/\/www.eldigitaldeasturias.com\/noticias\/category\/actualidad\/\" title=\"Actualidad\">Actualidad<\/a>\n<\/span><span class=\"aioseo-breadcrumb-separator\">\u2013<\/span><span class=\"aioseo-breadcrumb\">\n\t<a href=\"https:\/\/www.eldigitaldeasturias.com\/noticias\/alcaniz-acoge-el-ii-aprat-rescue-2018\/\" title=\"Alca\u00f1iz acoge el II APRAT Rescue 2018\">Alca\u00f1iz acoge el II APRAT Rescue 2018<\/a>\n<\/span><\/div>","aioseo_breadcrumb_json":[{"label":"Home","link":"https:\/\/www.eldigitaldeasturias.com\/noticias"},{"label":"Actualidad","link":"https:\/\/www.eldigitaldeasturias.com\/noticias\/category\/actualidad\/"},{"label":"Alca\u00f1iz acoge el II APRAT Rescue 2018","link":"https:\/\/www.eldigitaldeasturias.com\/noticias\/alcaniz-acoge-el-ii-aprat-rescue-2018\/"}],"_links":{"self":[{"href":"https:\/\/www.eldigitaldeasturias.com\/noticias\/wp-json\/wp\/v2\/posts\/979647","targetHints":{"allow":["GET"]}}],"collection":[{"href":"https:\/\/www.eldigitaldeasturias.com\/noticias\/wp-json\/wp\/v2\/posts"}],"about":[{"href":"https:\/\/www.eldigitaldeasturias.com\/noticias\/wp-json\/wp\/v2\/types\/post"}],"author":[{"embeddable":true,"href":"https:\/\/www.eldigitaldeasturias.com\/noticias\/wp-json\/wp\/v2\/users\/1"}],"replies":[{"embeddable":true,"href":"https:\/\/www.eldigitaldeasturias.com\/noticias\/wp-json\/wp\/v2\/comments?post=979647"}],"version-history":[{"count":0,"href":"https:\/\/www.eldigitaldeasturias.com\/noticias\/wp-json\/wp\/v2\/posts\/979647\/revisions"}],"wp:attachment":[{"href":"https:\/\/www.eldigitaldeasturias.com\/noticias\/wp-json\/wp\/v2\/media?parent=979647"}],"wp:term":[{"taxonomy":"category","embeddable":true,"href":"https:\/\/www.eldigitaldeasturias.com\/noticias\/wp-json\/wp\/v2\/categories?post=979647"},{"taxonomy":"post_tag","embeddable":true,"href":"https:\/\/www.eldigitaldeasturias.com\/noticias\/wp-json\/wp\/v2\/tags?post=979647"}],"curies":[{"name":"wp","href":"https:\/\/api.w.org\/{rel}","templated":true}]}}