{"id":979628,"date":"2018-05-09T20:13:58","date_gmt":"2018-05-09T20:13:58","guid":{"rendered":"http:\/\/www.eldigitaldeasturias.com\/noticias\/?p=979628"},"modified":"2018-05-09T20:13:58","modified_gmt":"2018-05-09T20:13:58","slug":"macron-recibira-el-premio-carlomagno","status":"publish","type":"post","link":"https:\/\/www.eldigitaldeasturias.com\/noticias\/macron-recibira-el-premio-carlomagno\/","title":{"rendered":"Macron recibir\u00e1 el Premio Carlomagno"},"content":{"rendered":"<p><img loading=\"lazy\" decoding=\"async\" class=\"alignleft size-medium wp-image-653067\" src=\"https:\/\/www.eldigitaldeasturias.com\/noticias\/wp-content\/uploads\/2014\/10\/6773324w-360x250.jpg\" alt=\"\" width=\"360\" height=\"250\" \/>Aquisgr\u00e1n, 9 may (dpa) &#8211; Tan solo un a\u00f1o despu\u00e9s de asumir la presidencia en el El\u00edseo, el dirigente franc\u00e9s Emmamnuel Macron ser\u00e1 condecorado este jueves en la ciudad alemana de Aquisgr\u00e1n con el prestigioso Premio Carlomagno 2018 por sus m\u00e9ritos en pos de la Uni\u00f3n Europea (UE).<\/p>\n<p>Su \u00abvisi\u00f3n vigorosa de una nueva Europa\u00bb y su liderazgo a la hora de plantear una \u00abrenovaci\u00f3n del sue\u00f1o europeo\u00bb constituyen, a ojos del jurado, una inmensa contribuci\u00f3n al proyecto comunitario que merece ser distinguida.<\/p>\n<p>Su pasi\u00f3n y su \u00ablucha ferviente contra cualquier tipo de nacionalismo y aislacionismo para superar la crisis europea\u00bb son ejemplares y abren nuevos horizontes, argument\u00f3 en diciembre el directorio que otorga el galard\u00f3n cuando dio a conocer el fallo.<\/p>\n<p>El presidente franc\u00e9s est\u00e1 considerado por muchos en Europa como la gran esperanza para revitalizar el proyecto europeo.<\/p>\n<p>En mayo del a\u00f1o pasado, quien fuera ministro de Econom\u00eda de la Administraci\u00f3n de Fran\u00e7ois Hollande conquist\u00f3 el Palacio del El\u00edseo con una campa\u00f1a electoral de marcado perfil proeuropeo. Una vez en el poder, en un esperado discurso en la Universidad de la Sorbona de Par\u00eds, el dirigente present\u00f3 una profunda reforma de la UE en la que abogaba por refundar Europa.<\/p>\n<p>En su opini\u00f3n, Europa se volvi\u00f3 \u00abdemasiado d\u00e9bil, demasiado lenta\u00bb, motivo por el que propone activar un ambicioso plan que incluya, entre otros, un presupuesto propio de la eurozona, la creaci\u00f3n de la figura de un ministro de Finanzas o una fuerza militar europea de intervenci\u00f3n.<\/p>\n<p>En la actualidad, cuando falta un a\u00f1o para la celebraci\u00f3n de elecciones europeas, Macron y Merkel trabajan en la elaboraci\u00f3n de propuestas conjuntas para relanzar el bloque y hacerlo m\u00e1s atractivo para los ciudadanos. Ambos dirigentes buscan superar sus diferencias, haciendo equilibrios entre el \u00edmpetu reformista del franc\u00e9s y la reticencia alemana, para tener listos sus nuevos planes en la cumbre de la Uni\u00f3n Europea de finales de junio.<\/p>\n<p>Durante la ceremonia de entrega del Premio Carlomagno 2018, a la que acudir\u00e1 el rey de Espa\u00f1a, Felipe VI, est\u00e1 previsto que la canciller Merkel pronuncie un discurso.<\/p>\n<p>Los organizadores del galard\u00f3n esperan que la entrega de la distinci\u00f3n ponga en marcha el di\u00e1logo sobre las propuestas de Macron para refundar la Uni\u00f3n Europea.<\/p>\n<p>\u00abEs una oportunidad para que el Gobierno alem\u00e1n d\u00e9 una respuesta m\u00e1s concreta al discurso de Macron sobre la renovaci\u00f3n del proyecto europeo en lugar de solo hablar de hojas de ruta\u00bb, dijo el presidente del directorio, el ex alcalde de Aquisgr\u00e1n J\u00fcrgen Linden.<\/p>\n<p>La canciller alemana, Angela Merkel, el ex presidente de Estados Unidos, Bill Clinton o el Rey Juan Carlos I de Espa\u00f1a son algunas de las personas que han sido merecedoras de este premio en a\u00f1os anteriores.<\/p>\n<p>El Premio Carlomagno se otorga en la ciudad alemana de Aquisgr\u00e1n desde el a\u00f1o 1950. Ostenta el honor de ser el premio m\u00e1s antiguo y conocido con el que son distinguidas tanto personalidades como instituciones cuyas sobresalientes aportaciones al \u00e1mbito pol\u00edtico, econ\u00f3mico y espiritual hayan servido para fomentar la unidad en Europa.<\/p>\n<p>El galard\u00f3n internacional comenz\u00f3 por la iniciativa de un grupo de personas destacadas de la ciudad alemana de Aquisgr\u00e1n, situada junto a la frontera con B\u00e9lgica y Holanda.<\/p>\n<p>All\u00ed tuvo su residencia Carlomagno (747\/748-814), rey de los francos, de Italia y emperador del Sacro Imperio Romano, que unific\u00f3 buena parte de Europa Occidental en su imperio. Aunque su reino se partir\u00eda de nuevo en varios Estados durante la alta Edad Media, se lo recuerda como un predecesor de la unidad de Europa.<\/p>\n<p>Por Mar\u00eda Prieto (dpa)<\/p>\n","protected":false},"excerpt":{"rendered":"<p>Aquisgr\u00e1n, 9 may (dpa) &#8211; Tan solo un a\u00f1o despu\u00e9s de asumir la presidencia en el El\u00edseo, el dirigente franc\u00e9s Emmamnuel Macron ser\u00e1 condecorado este jueves en la ciudad alemana de Aquisgr\u00e1n con el prestigioso Premio Carlomagno 2018 por sus m\u00e9ritos en pos de la Uni\u00f3n Europea (UE). Su \u00abvisi\u00f3n vigorosa de una nueva Europa\u00bb [&hellip;]<\/p>\n","protected":false},"author":1,"featured_media":653067,"comment_status":"closed","ping_status":"closed","sticky":false,"template":"","format":"standard","meta":{"footnotes":""},"categories":[1],"tags":[],"class_list":["post-979628","post","type-post","status-publish","format-standard","has-post-thumbnail","hentry","category-actualidad"],"aioseo_notices":[],"aioseo_head":"\n\t\t<!-- All in One SEO Pro 5.0.1 - aioseo.com -->\n\t<meta name=\"description\" content=\"Aquisgr\u00e1n, 9 may (dpa) - Tan solo un a\u00f1o despu\u00e9s de asumir la presidencia en el El\u00edseo, el dirigente franc\u00e9s Emmamnuel Macron ser\u00e1 condecorado este jueves en la ciudad alemana de Aquisgr\u00e1n con el prestigioso Premio Carlomagno 2018 por sus m\u00e9ritos en pos de la Uni\u00f3n Europea (UE). Su &quot;visi\u00f3n vigorosa de una nueva Europa&quot;\" \/>\n\t<meta name=\"robots\" content=\"max-image-preview:large\" \/>\n\t<meta name=\"author\" content=\"El Digital de Asturias\"\/>\n\t<meta name=\"google-site-verification\" content=\"UA-38556648-1\" \/>\n\t<meta name=\"msvalidate.01\" content=\"7dfe9f3f1b24437ab69f4f2559babe99\" \/>\n\t<meta name=\"keywords\" content=\"actualidad\" \/>\n\t<link rel=\"canonical\" href=\"https:\/\/www.eldigitaldeasturias.com\/noticias\/macron-recibira-el-premio-carlomagno\/\" \/>\n\t<meta name=\"generator\" content=\"All in One SEO Pro (AIOSEO) 5.0.1\" \/>\n\t\t<meta property=\"og:locale\" content=\"es_ES\" \/>\n\t\t<meta property=\"og:site_name\" content=\"El Digital de Asturias\" \/>\n\t\t<meta property=\"og:type\" content=\"article\" \/>\n\t\t<meta property=\"og:title\" content=\"Macron recibir\u00e1 el Premio Carlomagno - El Digital de Asturias\" \/>\n\t\t<meta property=\"og:description\" content=\"Aquisgr\u00e1n, 9 may (dpa) - Tan solo un a\u00f1o despu\u00e9s de asumir la presidencia en el El\u00edseo, el dirigente franc\u00e9s Emmamnuel Macron ser\u00e1 condecorado este jueves en la ciudad alemana de Aquisgr\u00e1n con el prestigioso Premio Carlomagno 2018 por sus m\u00e9ritos en pos de la Uni\u00f3n Europea (UE). Su &quot;visi\u00f3n vigorosa de una nueva Europa&quot;\" \/>\n\t\t<meta property=\"og:url\" content=\"https:\/\/www.eldigitaldeasturias.com\/noticias\/macron-recibira-el-premio-carlomagno\/\" \/>\n\t\t<meta property=\"article:tag\" content=\"actualidad\" \/>\n\t\t<meta property=\"article:published_time\" content=\"2018-05-09T20:13:58+00:00\" \/>\n\t\t<meta property=\"article:modified_time\" content=\"2018-05-09T20:13:58+00:00\" \/>\n\t\t<meta property=\"article:publisher\" content=\"https:\/\/facebook.com\/eldigitaldeasturias\" \/>\n\t\t<meta name=\"twitter:card\" content=\"summary_large_image\" \/>\n\t\t<meta name=\"twitter:title\" content=\"Macron recibir\u00e1 el Premio Carlomagno - El Digital de Asturias\" \/>\n\t\t<meta name=\"twitter:description\" content=\"Aquisgr\u00e1n, 9 may (dpa) - Tan solo un a\u00f1o despu\u00e9s de asumir la presidencia en el El\u00edseo, el dirigente franc\u00e9s Emmamnuel Macron ser\u00e1 condecorado este jueves en la ciudad alemana de Aquisgr\u00e1n con el prestigioso Premio Carlomagno 2018 por sus m\u00e9ritos en pos de la Uni\u00f3n Europea (UE). Su &quot;visi\u00f3n vigorosa de una nueva Europa&quot;\" \/>\n\t\t<meta name=\"twitter:image\" content=\"https:\/\/www.eldigitaldeasturias.com\/noticias\/wp-content\/uploads\/2020\/12\/EDA-1.jpg\" \/>\n\t\t<meta name=\"twitter:label1\" content=\"Escrito por\" \/>\n\t\t<meta name=\"twitter:data1\" content=\"El Digital de Asturias\" \/>\n\t\t<meta name=\"twitter:label2\" content=\"Tiempo de lectura estimado\" \/>\n\t\t<meta name=\"twitter:data2\" content=\"3 minutos\" \/>\n\t\t<script type=\"application\/ld+json\" class=\"aioseo-schema\">\n\t\t\t{\"@context\":\"https:\\\/\\\/schema.org\",\"@graph\":[{\"@type\":\"BlogPosting\",\"@id\":\"https:\\\/\\\/www.eldigitaldeasturias.com\\\/noticias\\\/macron-recibira-el-premio-carlomagno\\\/#blogposting\",\"name\":\"Macron recibir\\u00e1 el Premio Carlomagno - El Digital de Asturias\",\"headline\":\"Macron recibir\\u00e1 el Premio Carlomagno\",\"author\":{\"@id\":\"https:\\\/\\\/www.eldigitaldeasturias.com\\\/noticias\\\/author\\\/admin\\\/#author\"},\"publisher\":{\"@id\":\"https:\\\/\\\/www.eldigitaldeasturias.com\\\/noticias\\\/#organization\"},\"image\":{\"@type\":\"ImageObject\",\"url\":653067},\"datePublished\":\"2018-05-09T20:13:58+02:00\",\"dateModified\":\"2018-05-09T20:13:58+02:00\",\"inLanguage\":\"es-ES\",\"mainEntityOfPage\":{\"@id\":\"https:\\\/\\\/www.eldigitaldeasturias.com\\\/noticias\\\/macron-recibira-el-premio-carlomagno\\\/#webpage\"},\"isPartOf\":{\"@id\":\"https:\\\/\\\/www.eldigitaldeasturias.com\\\/noticias\\\/macron-recibira-el-premio-carlomagno\\\/#webpage\"},\"articleSection\":\"Actualidad\"},{\"@type\":\"BreadcrumbList\",\"@id\":\"https:\\\/\\\/www.eldigitaldeasturias.com\\\/noticias\\\/macron-recibira-el-premio-carlomagno\\\/#breadcrumblist\",\"itemListElement\":[{\"@type\":\"ListItem\",\"@id\":\"https:\\\/\\\/www.eldigitaldeasturias.com\\\/noticias#listItem\",\"position\":1,\"name\":\"Home\",\"item\":\"https:\\\/\\\/www.eldigitaldeasturias.com\\\/noticias\",\"nextItem\":{\"@type\":\"ListItem\",\"@id\":\"https:\\\/\\\/www.eldigitaldeasturias.com\\\/noticias\\\/category\\\/actualidad\\\/#listItem\",\"name\":\"Actualidad\"}},{\"@type\":\"ListItem\",\"@id\":\"https:\\\/\\\/www.eldigitaldeasturias.com\\\/noticias\\\/category\\\/actualidad\\\/#listItem\",\"position\":2,\"name\":\"Actualidad\",\"item\":\"https:\\\/\\\/www.eldigitaldeasturias.com\\\/noticias\\\/category\\\/actualidad\\\/\",\"nextItem\":{\"@type\":\"ListItem\",\"@id\":\"https:\\\/\\\/www.eldigitaldeasturias.com\\\/noticias\\\/macron-recibira-el-premio-carlomagno\\\/#listItem\",\"name\":\"Macron recibir\\u00e1 el Premio Carlomagno\"},\"previousItem\":{\"@type\":\"ListItem\",\"@id\":\"https:\\\/\\\/www.eldigitaldeasturias.com\\\/noticias#listItem\",\"name\":\"Home\"}},{\"@type\":\"ListItem\",\"@id\":\"https:\\\/\\\/www.eldigitaldeasturias.com\\\/noticias\\\/macron-recibira-el-premio-carlomagno\\\/#listItem\",\"position\":3,\"name\":\"Macron recibir\\u00e1 el Premio Carlomagno\",\"previousItem\":{\"@type\":\"ListItem\",\"@id\":\"https:\\\/\\\/www.eldigitaldeasturias.com\\\/noticias\\\/category\\\/actualidad\\\/#listItem\",\"name\":\"Actualidad\"}}]},{\"@type\":\"Organization\",\"@id\":\"https:\\\/\\\/www.eldigitaldeasturias.com\\\/noticias\\\/#organization\",\"name\":\"El Digital de Asturias\",\"description\":\"Hemeroteca\",\"url\":\"https:\\\/\\\/www.eldigitaldeasturias.com\\\/noticias\\\/\",\"email\":\"info@eldigitaldeasturias.com\",\"telephone\":\"+34652131393\",\"logo\":{\"@type\":\"ImageObject\",\"url\":\"https:\\\/\\\/www.eldigitaldeasturias.com\\\/noticias\\\/wp-content\\\/uploads\\\/2020\\\/12\\\/EDA.jpg\",\"@id\":\"https:\\\/\\\/www.eldigitaldeasturias.com\\\/noticias\\\/macron-recibira-el-premio-carlomagno\\\/#organizationLogo\"},\"image\":{\"@id\":\"https:\\\/\\\/www.eldigitaldeasturias.com\\\/noticias\\\/macron-recibira-el-premio-carlomagno\\\/#organizationLogo\"},\"sameAs\":[\"https:\\\/\\\/facebook.com\\\/eldigitaldeasturias\",\"https:\\\/\\\/www.youtube.com\\\/channel\\\/UCZP-2wLEB9Rv6erhFmqVnvg\"],\"address\":{\"@id\":\"https:\\\/\\\/www.eldigitaldeasturias.com\\\/noticias\\\/#postaladdress\",\"@type\":\"PostalAddress\",\"streetAddress\":\"san antonio 4\",\"postalCode\":\"33430\",\"addressLocality\":\"Cand\\u00e1s\",\"addressRegion\":\"Asturias\",\"addressCountry\":\"ES\"}},{\"@type\":\"Person\",\"@id\":\"https:\\\/\\\/www.eldigitaldeasturias.com\\\/noticias\\\/author\\\/admin\\\/#author\",\"url\":\"https:\\\/\\\/www.eldigitaldeasturias.com\\\/noticias\\\/author\\\/admin\\\/\",\"name\":\"El Digital de Asturias\",\"image\":{\"@type\":\"ImageObject\",\"@id\":\"https:\\\/\\\/www.eldigitaldeasturias.com\\\/noticias\\\/macron-recibira-el-premio-carlomagno\\\/#authorImage\",\"url\":\"https:\\\/\\\/secure.gravatar.com\\\/avatar\\\/df2aeffc32bcd13f8d26072ef8a91b623d677766deac7f97ca815868cd41bf5e?s=96&d=mm&r=g\",\"width\":96,\"height\":96,\"caption\":\"El Digital de Asturias\"}},{\"@type\":\"WebPage\",\"@id\":\"https:\\\/\\\/www.eldigitaldeasturias.com\\\/noticias\\\/macron-recibira-el-premio-carlomagno\\\/#webpage\",\"url\":\"https:\\\/\\\/www.eldigitaldeasturias.com\\\/noticias\\\/macron-recibira-el-premio-carlomagno\\\/\",\"name\":\"Macron recibir\\u00e1 el Premio Carlomagno - El Digital de Asturias\",\"description\":\"Aquisgr\\u00e1n, 9 may (dpa) - Tan solo un a\\u00f1o despu\\u00e9s de asumir la presidencia en el El\\u00edseo, el dirigente franc\\u00e9s Emmamnuel Macron ser\\u00e1 condecorado este jueves en la ciudad alemana de Aquisgr\\u00e1n con el prestigioso Premio Carlomagno 2018 por sus m\\u00e9ritos en pos de la Uni\\u00f3n Europea (UE). Su \\\"visi\\u00f3n vigorosa de una nueva Europa\\\"\",\"inLanguage\":\"es-ES\",\"isPartOf\":{\"@id\":\"https:\\\/\\\/www.eldigitaldeasturias.com\\\/noticias\\\/#website\"},\"breadcrumb\":{\"@id\":\"https:\\\/\\\/www.eldigitaldeasturias.com\\\/noticias\\\/macron-recibira-el-premio-carlomagno\\\/#breadcrumblist\"},\"author\":{\"@id\":\"https:\\\/\\\/www.eldigitaldeasturias.com\\\/noticias\\\/author\\\/admin\\\/#author\"},\"creator\":{\"@id\":\"https:\\\/\\\/www.eldigitaldeasturias.com\\\/noticias\\\/author\\\/admin\\\/#author\"},\"image\":{\"@type\":\"ImageObject\",\"url\":653067,\"@id\":\"https:\\\/\\\/www.eldigitaldeasturias.com\\\/noticias\\\/macron-recibira-el-premio-carlomagno\\\/#mainImage\"},\"primaryImageOfPage\":{\"@id\":\"https:\\\/\\\/www.eldigitaldeasturias.com\\\/noticias\\\/macron-recibira-el-premio-carlomagno\\\/#mainImage\"},\"datePublished\":\"2018-05-09T20:13:58+02:00\",\"dateModified\":\"2018-05-09T20:13:58+02:00\"},{\"@type\":\"WebSite\",\"@id\":\"https:\\\/\\\/www.eldigitaldeasturias.com\\\/noticias\\\/#website\",\"url\":\"https:\\\/\\\/www.eldigitaldeasturias.com\\\/noticias\\\/\",\"name\":\"El Digital de Asturias - Diario de actualidad y noticias\",\"alternateName\":\"El Digital de Asturias - Diario de actualidad y noticias\",\"description\":\"Hemeroteca\",\"inLanguage\":\"es-ES\",\"publisher\":{\"@id\":\"https:\\\/\\\/www.eldigitaldeasturias.com\\\/noticias\\\/#organization\"}}]}\n\t\t<\/script>\n\t\t<!-- All in One SEO Pro -->\r\n\t\t<title>Macron recibir\u00e1 el Premio Carlomagno - El Digital de Asturias<\/title>\n\n","aioseo_head_json":{"title":"Macron recibir\u00e1 el Premio Carlomagno - El Digital de Asturias","description":"Aquisgr\u00e1n, 9 may (dpa) - Tan solo un a\u00f1o despu\u00e9s de asumir la presidencia en el El\u00edseo, el dirigente franc\u00e9s Emmamnuel Macron ser\u00e1 condecorado este jueves en la ciudad alemana de Aquisgr\u00e1n con el prestigioso Premio Carlomagno 2018 por sus m\u00e9ritos en pos de la Uni\u00f3n Europea (UE). Su \"visi\u00f3n vigorosa de una nueva Europa\"","canonical_url":"https:\/\/www.eldigitaldeasturias.com\/noticias\/macron-recibira-el-premio-carlomagno\/","robots":"max-image-preview:large","keywords":"actualidad","webmasterTools":{"google-site-verification":"UA-38556648-1","msvalidate.01":"7dfe9f3f1b24437ab69f4f2559babe99","miscellaneous":""},"schema":{"@context":"https:\/\/schema.org","@graph":[{"@type":"BlogPosting","@id":"https:\/\/www.eldigitaldeasturias.com\/noticias\/macron-recibira-el-premio-carlomagno\/#blogposting","name":"Macron recibir\u00e1 el Premio Carlomagno - El Digital de Asturias","headline":"Macron recibir\u00e1 el Premio Carlomagno","author":{"@id":"https:\/\/www.eldigitaldeasturias.com\/noticias\/author\/admin\/#author"},"publisher":{"@id":"https:\/\/www.eldigitaldeasturias.com\/noticias\/#organization"},"image":{"@type":"ImageObject","url":653067},"datePublished":"2018-05-09T20:13:58+02:00","dateModified":"2018-05-09T20:13:58+02:00","inLanguage":"es-ES","mainEntityOfPage":{"@id":"https:\/\/www.eldigitaldeasturias.com\/noticias\/macron-recibira-el-premio-carlomagno\/#webpage"},"isPartOf":{"@id":"https:\/\/www.eldigitaldeasturias.com\/noticias\/macron-recibira-el-premio-carlomagno\/#webpage"},"articleSection":"Actualidad"},{"@type":"BreadcrumbList","@id":"https:\/\/www.eldigitaldeasturias.com\/noticias\/macron-recibira-el-premio-carlomagno\/#breadcrumblist","itemListElement":[{"@type":"ListItem","@id":"https:\/\/www.eldigitaldeasturias.com\/noticias#listItem","position":1,"name":"Home","item":"https:\/\/www.eldigitaldeasturias.com\/noticias","nextItem":{"@type":"ListItem","@id":"https:\/\/www.eldigitaldeasturias.com\/noticias\/category\/actualidad\/#listItem","name":"Actualidad"}},{"@type":"ListItem","@id":"https:\/\/www.eldigitaldeasturias.com\/noticias\/category\/actualidad\/#listItem","position":2,"name":"Actualidad","item":"https:\/\/www.eldigitaldeasturias.com\/noticias\/category\/actualidad\/","nextItem":{"@type":"ListItem","@id":"https:\/\/www.eldigitaldeasturias.com\/noticias\/macron-recibira-el-premio-carlomagno\/#listItem","name":"Macron recibir\u00e1 el Premio Carlomagno"},"previousItem":{"@type":"ListItem","@id":"https:\/\/www.eldigitaldeasturias.com\/noticias#listItem","name":"Home"}},{"@type":"ListItem","@id":"https:\/\/www.eldigitaldeasturias.com\/noticias\/macron-recibira-el-premio-carlomagno\/#listItem","position":3,"name":"Macron recibir\u00e1 el Premio Carlomagno","previousItem":{"@type":"ListItem","@id":"https:\/\/www.eldigitaldeasturias.com\/noticias\/category\/actualidad\/#listItem","name":"Actualidad"}}]},{"@type":"Organization","@id":"https:\/\/www.eldigitaldeasturias.com\/noticias\/#organization","name":"El Digital de Asturias","description":"Hemeroteca","url":"https:\/\/www.eldigitaldeasturias.com\/noticias\/","email":"info@eldigitaldeasturias.com","telephone":"+34652131393","logo":{"@type":"ImageObject","url":"https:\/\/www.eldigitaldeasturias.com\/noticias\/wp-content\/uploads\/2020\/12\/EDA.jpg","@id":"https:\/\/www.eldigitaldeasturias.com\/noticias\/macron-recibira-el-premio-carlomagno\/#organizationLogo"},"image":{"@id":"https:\/\/www.eldigitaldeasturias.com\/noticias\/macron-recibira-el-premio-carlomagno\/#organizationLogo"},"sameAs":["https:\/\/facebook.com\/eldigitaldeasturias","https:\/\/www.youtube.com\/channel\/UCZP-2wLEB9Rv6erhFmqVnvg"],"address":{"@id":"https:\/\/www.eldigitaldeasturias.com\/noticias\/#postaladdress","@type":"PostalAddress","streetAddress":"san antonio 4","postalCode":"33430","addressLocality":"Cand\u00e1s","addressRegion":"Asturias","addressCountry":"ES"}},{"@type":"Person","@id":"https:\/\/www.eldigitaldeasturias.com\/noticias\/author\/admin\/#author","url":"https:\/\/www.eldigitaldeasturias.com\/noticias\/author\/admin\/","name":"El Digital de Asturias","image":{"@type":"ImageObject","@id":"https:\/\/www.eldigitaldeasturias.com\/noticias\/macron-recibira-el-premio-carlomagno\/#authorImage","url":"https:\/\/secure.gravatar.com\/avatar\/df2aeffc32bcd13f8d26072ef8a91b623d677766deac7f97ca815868cd41bf5e?s=96&d=mm&r=g","width":96,"height":96,"caption":"El Digital de Asturias"}},{"@type":"WebPage","@id":"https:\/\/www.eldigitaldeasturias.com\/noticias\/macron-recibira-el-premio-carlomagno\/#webpage","url":"https:\/\/www.eldigitaldeasturias.com\/noticias\/macron-recibira-el-premio-carlomagno\/","name":"Macron recibir\u00e1 el Premio Carlomagno - El Digital de Asturias","description":"Aquisgr\u00e1n, 9 may (dpa) - Tan solo un a\u00f1o despu\u00e9s de asumir la presidencia en el El\u00edseo, el dirigente franc\u00e9s Emmamnuel Macron ser\u00e1 condecorado este jueves en la ciudad alemana de Aquisgr\u00e1n con el prestigioso Premio Carlomagno 2018 por sus m\u00e9ritos en pos de la Uni\u00f3n Europea (UE). Su \"visi\u00f3n vigorosa de una nueva Europa\"","inLanguage":"es-ES","isPartOf":{"@id":"https:\/\/www.eldigitaldeasturias.com\/noticias\/#website"},"breadcrumb":{"@id":"https:\/\/www.eldigitaldeasturias.com\/noticias\/macron-recibira-el-premio-carlomagno\/#breadcrumblist"},"author":{"@id":"https:\/\/www.eldigitaldeasturias.com\/noticias\/author\/admin\/#author"},"creator":{"@id":"https:\/\/www.eldigitaldeasturias.com\/noticias\/author\/admin\/#author"},"image":{"@type":"ImageObject","url":653067,"@id":"https:\/\/www.eldigitaldeasturias.com\/noticias\/macron-recibira-el-premio-carlomagno\/#mainImage"},"primaryImageOfPage":{"@id":"https:\/\/www.eldigitaldeasturias.com\/noticias\/macron-recibira-el-premio-carlomagno\/#mainImage"},"datePublished":"2018-05-09T20:13:58+02:00","dateModified":"2018-05-09T20:13:58+02:00"},{"@type":"WebSite","@id":"https:\/\/www.eldigitaldeasturias.com\/noticias\/#website","url":"https:\/\/www.eldigitaldeasturias.com\/noticias\/","name":"El Digital de Asturias - Diario de actualidad y noticias","alternateName":"El Digital de Asturias - Diario de actualidad y noticias","description":"Hemeroteca","inLanguage":"es-ES","publisher":{"@id":"https:\/\/www.eldigitaldeasturias.com\/noticias\/#organization"}}]},"og:locale":"es_ES","og:site_name":"El Digital de Asturias","og:type":"article","og:title":"Macron recibir\u00e1 el Premio Carlomagno - El Digital de Asturias","og:description":"Aquisgr\u00e1n, 9 may (dpa) - Tan solo un a\u00f1o despu\u00e9s de asumir la presidencia en el El\u00edseo, el dirigente franc\u00e9s Emmamnuel Macron ser\u00e1 condecorado este jueves en la ciudad alemana de Aquisgr\u00e1n con el prestigioso Premio Carlomagno 2018 por sus m\u00e9ritos en pos de la Uni\u00f3n Europea (UE). Su &quot;visi\u00f3n vigorosa de una nueva Europa&quot;","og:url":"https:\/\/www.eldigitaldeasturias.com\/noticias\/macron-recibira-el-premio-carlomagno\/","article:tag":["actualidad"],"article:published_time":"2018-05-09T20:13:58+00:00","article:modified_time":"2018-05-09T20:13:58+00:00","article:publisher":"https:\/\/facebook.com\/eldigitaldeasturias","twitter:card":"summary_large_image","twitter:title":"Macron recibir\u00e1 el Premio Carlomagno - El Digital de Asturias","twitter:description":"Aquisgr\u00e1n, 9 may (dpa) - Tan solo un a\u00f1o despu\u00e9s de asumir la presidencia en el El\u00edseo, el dirigente franc\u00e9s Emmamnuel Macron ser\u00e1 condecorado este jueves en la ciudad alemana de Aquisgr\u00e1n con el prestigioso Premio Carlomagno 2018 por sus m\u00e9ritos en pos de la Uni\u00f3n Europea (UE). Su &quot;visi\u00f3n vigorosa de una nueva Europa&quot;","twitter:image":"https:\/\/www.eldigitaldeasturias.com\/noticias\/wp-content\/uploads\/2020\/12\/EDA-1.jpg","twitter:label1":"Escrito por","twitter:data1":"El Digital de Asturias","twitter:label2":"Tiempo de lectura estimado","twitter:data2":"3 minutos"},"aioseo_meta_data":{"post_id":"979628","title":null,"description":null,"keywords":null,"keyphrases":null,"primary_term":null,"canonical_url":null,"og_title":null,"og_description":null,"og_object_type":"default","og_image_type":"default","og_image_url":null,"og_image_width":null,"og_image_height":null,"og_image_custom_url":null,"og_image_custom_fields":null,"og_video":null,"og_custom_url":null,"og_article_section":null,"og_article_tags":null,"twitter_use_og":false,"twitter_card":"default","twitter_image_type":"default","twitter_image_url":null,"twitter_image_custom_url":null,"twitter_image_custom_fields":null,"twitter_title":null,"twitter_description":null,"schema":{"blockGraphs":[],"customGraphs":[],"default":{"data":{"Article":[],"Course":[],"Dataset":[],"FAQPage":[],"Movie":[],"Person":[],"Product":[],"ProductReview":[],"Car":[],"Recipe":[],"Service":[],"SoftwareApplication":[],"WebPage":[]},"graphName":"","isEnabled":true},"graphs":[],"defaultGraph":"","defaultPostTypeGraph":""},"schema_type":null,"schema_type_options":null,"pillar_content":false,"robots_default":true,"robots_noindex":false,"robots_noarchive":false,"robots_nosnippet":false,"robots_nofollow":false,"robots_noimageindex":false,"robots_noodp":false,"robots_notranslate":false,"robots_max_snippet":null,"robots_max_videopreview":null,"robots_max_imagepreview":"large","priority":null,"frequency":null,"local_seo":null,"seo_analyzer_scan_date":"2025-10-08 15:01:12","breadcrumb_settings":null,"limit_modified_date":false,"open_ai":null,"ai":null,"created":"2020-12-21 11:59:37","updated":"2025-10-08 15:01:12","focus_keyword":null,"additional_keywords":null,"truseo_locale":null},"aioseo_breadcrumb":"<div class=\"aioseo-breadcrumbs\"><span class=\"aioseo-breadcrumb\">\n\t<a href=\"https:\/\/www.eldigitaldeasturias.com\/noticias\" title=\"Home\">Home<\/a>\n<\/span><span class=\"aioseo-breadcrumb-separator\">\u2013<\/span><span class=\"aioseo-breadcrumb\">\n\t<a href=\"https:\/\/www.eldigitaldeasturias.com\/noticias\/category\/actualidad\/\" title=\"Actualidad\">Actualidad<\/a>\n<\/span><span class=\"aioseo-breadcrumb-separator\">\u2013<\/span><span class=\"aioseo-breadcrumb\">\n\t<a href=\"https:\/\/www.eldigitaldeasturias.com\/noticias\/macron-recibira-el-premio-carlomagno\/\" title=\"Macron recibir\u00e1 el Premio Carlomagno\">Macron recibir\u00e1 el Premio Carlomagno<\/a>\n<\/span><\/div>","aioseo_breadcrumb_json":[{"label":"Home","link":"https:\/\/www.eldigitaldeasturias.com\/noticias"},{"label":"Actualidad","link":"https:\/\/www.eldigitaldeasturias.com\/noticias\/category\/actualidad\/"},{"label":"Macron recibir\u00e1 el Premio Carlomagno","link":"https:\/\/www.eldigitaldeasturias.com\/noticias\/macron-recibira-el-premio-carlomagno\/"}],"_links":{"self":[{"href":"https:\/\/www.eldigitaldeasturias.com\/noticias\/wp-json\/wp\/v2\/posts\/979628","targetHints":{"allow":["GET"]}}],"collection":[{"href":"https:\/\/www.eldigitaldeasturias.com\/noticias\/wp-json\/wp\/v2\/posts"}],"about":[{"href":"https:\/\/www.eldigitaldeasturias.com\/noticias\/wp-json\/wp\/v2\/types\/post"}],"author":[{"embeddable":true,"href":"https:\/\/www.eldigitaldeasturias.com\/noticias\/wp-json\/wp\/v2\/users\/1"}],"replies":[{"embeddable":true,"href":"https:\/\/www.eldigitaldeasturias.com\/noticias\/wp-json\/wp\/v2\/comments?post=979628"}],"version-history":[{"count":0,"href":"https:\/\/www.eldigitaldeasturias.com\/noticias\/wp-json\/wp\/v2\/posts\/979628\/revisions"}],"wp:attachment":[{"href":"https:\/\/www.eldigitaldeasturias.com\/noticias\/wp-json\/wp\/v2\/media?parent=979628"}],"wp:term":[{"taxonomy":"category","embeddable":true,"href":"https:\/\/www.eldigitaldeasturias.com\/noticias\/wp-json\/wp\/v2\/categories?post=979628"},{"taxonomy":"post_tag","embeddable":true,"href":"https:\/\/www.eldigitaldeasturias.com\/noticias\/wp-json\/wp\/v2\/tags?post=979628"}],"curies":[{"name":"wp","href":"https:\/\/api.w.org\/{rel}","templated":true}]}}