{"id":979586,"date":"2018-05-09T15:48:12","date_gmt":"2018-05-09T15:48:12","guid":{"rendered":"http:\/\/www.eldigitaldeasturias.com\/noticias\/?p=979586"},"modified":"2018-05-09T15:48:12","modified_gmt":"2018-05-09T15:48:12","slug":"el-instituto-valle-de-aller-compite-en-la-final-de-los-premios-europeos-de-prevencion-de-residuos","status":"publish","type":"post","link":"https:\/\/www.eldigitaldeasturias.com\/noticias\/el-instituto-valle-de-aller-compite-en-la-final-de-los-premios-europeos-de-prevencion-de-residuos\/","title":{"rendered":"El instituto Valle de Aller compite en la final de los Premios Europeos de Prevenci\u00f3n de Residuos"},"content":{"rendered":"<p><img loading=\"lazy\" decoding=\"async\" class=\"alignleft size-medium wp-image-979587\" src=\"https:\/\/www.eldigitaldeasturias.com\/noticias\/wp-content\/uploads\/2018\/05\/visita-ies-valle-aller-360x199.jpg\" alt=\"\" width=\"360\" height=\"199\" srcset=\"https:\/\/www.eldigitaldeasturias.com\/noticias\/wp-content\/uploads\/2018\/05\/visita-ies-valle-aller-360x199.jpg 360w, https:\/\/www.eldigitaldeasturias.com\/noticias\/wp-content\/uploads\/2018\/05\/visita-ies-valle-aller-768x424.jpg 768w, https:\/\/www.eldigitaldeasturias.com\/noticias\/wp-content\/uploads\/2018\/05\/visita-ies-valle-aller-650x359.jpg 650w, https:\/\/www.eldigitaldeasturias.com\/noticias\/wp-content\/uploads\/2018\/05\/visita-ies-valle-aller.jpg 1280w\" sizes=\"auto, (max-width: 360px) 100vw, 360px\" \/>El consejero de Infraestructuras, Ordenaci\u00f3n del Territorio y Medio Ambiente, Fernando Lastra, ha visitado hoy el Instituto de Educaci\u00f3n Secundaria Valle de Aller, en Moreda, para conocer de primera mano el proyecto de reducci\u00f3n, reutilizaci\u00f3n y reciclaje de residuos que ha situado al centro entre los finalistas de los Premios Europeos de Prevenci\u00f3n, que se fallar\u00e1n el pr\u00f3ximo d\u00eda 22 en Bruselas.<\/p>\n<p>La candidatura asturiana compite en su categor\u00eda con el IES Comte de Rius, de Tarragona, que ha presentado una iniciativa para desarrollar dispositivos m\u00e9dicos y ortop\u00e9dicos con materiales reutilizados, y con el Carluke Primary School, de Escocia, que ha dise\u00f1ado un proyecto de prevenci\u00f3n de residuos alimentarios.<\/p>\n<p>El instituto desarroll\u00f3 buena parte de sus acciones en el marco de la Semana Europea de la Prevenci\u00f3n de Residuos, que en Asturias coordina el Consorcio para la Gesti\u00f3n de Residuos S\u00f3lidos (Cogersa) y que se celebr\u00f3 del 18 al 26 de noviembre. La convocatoria cuenta con el respaldo de la Comisi\u00f3n Europea, a trav\u00e9s del programa Life+, y en ella participan todos los pa\u00edses de la Uni\u00f3n Europea y otras cinco comunidades espa\u00f1olas. En total, se llevaron a cabo 13.000 actividades simult\u00e1neas.<\/p>\n<p>El centro allerano ha sido elegido entre decenas de proyectos de toda Europa por un jurado especializado en sostenibilidad y educaci\u00f3n ambiental. Su trabajo El desarrollo sostenible comienza con la educaci\u00f3n incluye, entre otras actividades, una campa\u00f1a para promover el reciclado y la reducci\u00f3n con la elaboraci\u00f3n de materiales educativos, un concurso de carteles para concienciar sobre el consumo responsable y la lucha contra el despilfarro de alimentos, la recogida solidaria de enseres a beneficio de la fundaci\u00f3n social Ema\u00fas y buenas pr\u00e1cticas para poner en marcha desayunos cardiosaludables y con menos residuos.<\/p>\n<p>El objetivo de los Premios Europeos de Prevenci\u00f3n es promover una reflexi\u00f3n colectiva sobre la necesidad de reducir la generaci\u00f3n de residuos y sus componentes m\u00e1s t\u00f3xicos, algo que pasa por el ecodise\u00f1o de productos y el consumo sostenible, as\u00ed como por evitar el desperdicio de alimentos y promover la reutilizaci\u00f3n, la reparaci\u00f3n o la donaci\u00f3n solidaria de objetos usados.<\/p>\n<p>El consejero de Medio Ambiente ha destacado que uno de los principales logros del Valle de Aller es haber logrado implicar en estos prop\u00f3sitos a toda la comunidad escolar, incluidas las familias y el personal no docente. Tambi\u00e9n ha valorado que el instituto haya conseguido enviar un contundente mensaje de ejemplaridad a toda la sociedad asturiana a trav\u00e9s de las nuevas tecnolog\u00edas y las redes sociales.<\/p>\n<p>Lastra ha estado acompa\u00f1ado en la visita por el director general de Calidad Ambiental, Manuel Guti\u00e9rrez, y el jefe de estudios del instituto, Diego Fern\u00e1ndez.<\/p>\n","protected":false},"excerpt":{"rendered":"<p>El consejero de Infraestructuras, Ordenaci\u00f3n del Territorio y Medio Ambiente, Fernando Lastra, ha visitado hoy el Instituto de Educaci\u00f3n Secundaria Valle de Aller, en Moreda, para conocer de primera mano el proyecto de reducci\u00f3n, reutilizaci\u00f3n y reciclaje de residuos que ha situado al centro entre los finalistas de los Premios Europeos de Prevenci\u00f3n, que se [&hellip;]<\/p>\n","protected":false},"author":1,"featured_media":979587,"comment_status":"closed","ping_status":"closed","sticky":false,"template":"","format":"standard","meta":{"footnotes":""},"categories":[12],"tags":[],"class_list":["post-979586","post","type-post","status-publish","format-standard","has-post-thumbnail","hentry","category-actualidad-asturias"],"aioseo_notices":[],"aioseo_head":"\n\t\t<!-- All in One SEO Pro 4.9.6.2 - aioseo.com -->\n\t<meta name=\"description\" content=\"El consejero de Infraestructuras, Ordenaci\u00f3n del Territorio y Medio Ambiente, Fernando Lastra, ha visitado hoy el Instituto de Educaci\u00f3n Secundaria Valle de Aller, en Moreda, para conocer de primera mano el proyecto de reducci\u00f3n, reutilizaci\u00f3n y reciclaje de residuos que ha situado al centro entre los finalistas de los Premios Europeos de Prevenci\u00f3n, que se\" \/>\n\t<meta name=\"robots\" content=\"max-image-preview:large\" \/>\n\t<meta name=\"author\" content=\"El Digital de Asturias\"\/>\n\t<meta name=\"google-site-verification\" content=\"UA-38556648-1\" \/>\n\t<meta name=\"msvalidate.01\" content=\"7dfe9f3f1b24437ab69f4f2559babe99\" \/>\n\t<meta name=\"keywords\" content=\"actualidad asturias\" \/>\n\t<link rel=\"canonical\" href=\"https:\/\/www.eldigitaldeasturias.com\/noticias\/el-instituto-valle-de-aller-compite-en-la-final-de-los-premios-europeos-de-prevencion-de-residuos\/\" \/>\n\t<meta name=\"generator\" content=\"All in One SEO Pro (AIOSEO) 4.9.6.2\" \/>\n\t\t<meta property=\"og:locale\" content=\"es_ES\" \/>\n\t\t<meta property=\"og:site_name\" content=\"El Digital de Asturias\" \/>\n\t\t<meta property=\"og:type\" content=\"article\" \/>\n\t\t<meta property=\"og:title\" content=\"El instituto Valle de Aller compite en la final de los Premios Europeos de Prevenci\u00f3n de Residuos - El Digital de Asturias\" \/>\n\t\t<meta property=\"og:description\" content=\"El consejero de Infraestructuras, Ordenaci\u00f3n del Territorio y Medio Ambiente, Fernando Lastra, ha visitado hoy el Instituto de Educaci\u00f3n Secundaria Valle de Aller, en Moreda, para conocer de primera mano el proyecto de reducci\u00f3n, reutilizaci\u00f3n y reciclaje de residuos que ha situado al centro entre los finalistas de los Premios Europeos de Prevenci\u00f3n, que se\" \/>\n\t\t<meta property=\"og:url\" content=\"https:\/\/www.eldigitaldeasturias.com\/noticias\/el-instituto-valle-de-aller-compite-en-la-final-de-los-premios-europeos-de-prevencion-de-residuos\/\" \/>\n\t\t<meta property=\"og:image\" content=\"https:\/\/www.eldigitaldeasturias.com\/noticias\/wp-content\/uploads\/2018\/05\/visita-ies-valle-aller.jpg\" \/>\n\t\t<meta property=\"og:image:secure_url\" content=\"https:\/\/www.eldigitaldeasturias.com\/noticias\/wp-content\/uploads\/2018\/05\/visita-ies-valle-aller.jpg\" \/>\n\t\t<meta property=\"og:image:width\" content=\"1280\" \/>\n\t\t<meta property=\"og:image:height\" content=\"707\" \/>\n\t\t<meta property=\"article:tag\" content=\"actualidad asturias\" \/>\n\t\t<meta property=\"article:published_time\" content=\"2018-05-09T15:48:12+00:00\" \/>\n\t\t<meta property=\"article:modified_time\" content=\"2018-05-09T15:48:12+00:00\" \/>\n\t\t<meta property=\"article:publisher\" content=\"https:\/\/facebook.com\/eldigitaldeasturias\" \/>\n\t\t<meta name=\"twitter:card\" content=\"summary_large_image\" \/>\n\t\t<meta name=\"twitter:title\" content=\"El instituto Valle de Aller compite en la final de los Premios Europeos de Prevenci\u00f3n de Residuos - El Digital de Asturias\" \/>\n\t\t<meta name=\"twitter:description\" content=\"El consejero de Infraestructuras, Ordenaci\u00f3n del Territorio y Medio Ambiente, Fernando Lastra, ha visitado hoy el Instituto de Educaci\u00f3n Secundaria Valle de Aller, en Moreda, para conocer de primera mano el proyecto de reducci\u00f3n, reutilizaci\u00f3n y reciclaje de residuos que ha situado al centro entre los finalistas de los Premios Europeos de Prevenci\u00f3n, que se\" \/>\n\t\t<meta name=\"twitter:image\" content=\"https:\/\/www.eldigitaldeasturias.com\/noticias\/wp-content\/uploads\/2018\/05\/visita-ies-valle-aller.jpg\" \/>\n\t\t<meta name=\"twitter:label1\" content=\"Escrito por\" \/>\n\t\t<meta name=\"twitter:data1\" content=\"El Digital de Asturias\" \/>\n\t\t<meta name=\"twitter:label2\" content=\"Tiempo de lectura estimado\" \/>\n\t\t<meta name=\"twitter:data2\" content=\"2 minutos\" \/>\n\t\t<script type=\"application\/ld+json\" class=\"aioseo-schema\">\n\t\t\t{\"@context\":\"https:\\\/\\\/schema.org\",\"@graph\":[{\"@type\":\"BlogPosting\",\"@id\":\"https:\\\/\\\/www.eldigitaldeasturias.com\\\/noticias\\\/el-instituto-valle-de-aller-compite-en-la-final-de-los-premios-europeos-de-prevencion-de-residuos\\\/#blogposting\",\"name\":\"El instituto Valle de Aller compite en la final de los Premios Europeos de Prevenci\\u00f3n de Residuos - El Digital de Asturias\",\"headline\":\"El instituto Valle de Aller compite en la final de los Premios Europeos de Prevenci\\u00f3n de Residuos\",\"author\":{\"@id\":\"https:\\\/\\\/www.eldigitaldeasturias.com\\\/noticias\\\/author\\\/admin\\\/#author\"},\"publisher\":{\"@id\":\"https:\\\/\\\/www.eldigitaldeasturias.com\\\/noticias\\\/#organization\"},\"image\":{\"@type\":\"ImageObject\",\"url\":\"https:\\\/\\\/www.eldigitaldeasturias.com\\\/noticias\\\/wp-content\\\/uploads\\\/2018\\\/05\\\/visita-ies-valle-aller.jpg\",\"width\":1280,\"height\":707},\"datePublished\":\"2018-05-09T15:48:12+02:00\",\"dateModified\":\"2018-05-09T15:48:12+02:00\",\"inLanguage\":\"es-ES\",\"mainEntityOfPage\":{\"@id\":\"https:\\\/\\\/www.eldigitaldeasturias.com\\\/noticias\\\/el-instituto-valle-de-aller-compite-en-la-final-de-los-premios-europeos-de-prevencion-de-residuos\\\/#webpage\"},\"isPartOf\":{\"@id\":\"https:\\\/\\\/www.eldigitaldeasturias.com\\\/noticias\\\/el-instituto-valle-de-aller-compite-en-la-final-de-los-premios-europeos-de-prevencion-de-residuos\\\/#webpage\"},\"articleSection\":\"Actualidad Asturias\"},{\"@type\":\"BreadcrumbList\",\"@id\":\"https:\\\/\\\/www.eldigitaldeasturias.com\\\/noticias\\\/el-instituto-valle-de-aller-compite-en-la-final-de-los-premios-europeos-de-prevencion-de-residuos\\\/#breadcrumblist\",\"itemListElement\":[{\"@type\":\"ListItem\",\"@id\":\"https:\\\/\\\/www.eldigitaldeasturias.com\\\/noticias#listItem\",\"position\":1,\"name\":\"Home\",\"item\":\"https:\\\/\\\/www.eldigitaldeasturias.com\\\/noticias\",\"nextItem\":{\"@type\":\"ListItem\",\"@id\":\"https:\\\/\\\/www.eldigitaldeasturias.com\\\/noticias\\\/category\\\/actualidad-asturias\\\/#listItem\",\"name\":\"Actualidad Asturias\"}},{\"@type\":\"ListItem\",\"@id\":\"https:\\\/\\\/www.eldigitaldeasturias.com\\\/noticias\\\/category\\\/actualidad-asturias\\\/#listItem\",\"position\":2,\"name\":\"Actualidad Asturias\",\"item\":\"https:\\\/\\\/www.eldigitaldeasturias.com\\\/noticias\\\/category\\\/actualidad-asturias\\\/\",\"nextItem\":{\"@type\":\"ListItem\",\"@id\":\"https:\\\/\\\/www.eldigitaldeasturias.com\\\/noticias\\\/el-instituto-valle-de-aller-compite-en-la-final-de-los-premios-europeos-de-prevencion-de-residuos\\\/#listItem\",\"name\":\"El instituto Valle de Aller compite en la final de los Premios Europeos de Prevenci\\u00f3n de Residuos\"},\"previousItem\":{\"@type\":\"ListItem\",\"@id\":\"https:\\\/\\\/www.eldigitaldeasturias.com\\\/noticias#listItem\",\"name\":\"Home\"}},{\"@type\":\"ListItem\",\"@id\":\"https:\\\/\\\/www.eldigitaldeasturias.com\\\/noticias\\\/el-instituto-valle-de-aller-compite-en-la-final-de-los-premios-europeos-de-prevencion-de-residuos\\\/#listItem\",\"position\":3,\"name\":\"El instituto Valle de Aller compite en la final de los Premios Europeos de Prevenci\\u00f3n de Residuos\",\"previousItem\":{\"@type\":\"ListItem\",\"@id\":\"https:\\\/\\\/www.eldigitaldeasturias.com\\\/noticias\\\/category\\\/actualidad-asturias\\\/#listItem\",\"name\":\"Actualidad Asturias\"}}]},{\"@type\":\"Organization\",\"@id\":\"https:\\\/\\\/www.eldigitaldeasturias.com\\\/noticias\\\/#organization\",\"name\":\"El Digital de Asturias\",\"description\":\"Hemeroteca\",\"url\":\"https:\\\/\\\/www.eldigitaldeasturias.com\\\/noticias\\\/\",\"email\":\"info@eldigitaldeasturias.com\",\"telephone\":\"+34652131393\",\"logo\":{\"@type\":\"ImageObject\",\"url\":\"https:\\\/\\\/www.eldigitaldeasturias.com\\\/noticias\\\/wp-content\\\/uploads\\\/2020\\\/12\\\/EDA.jpg\",\"@id\":\"https:\\\/\\\/www.eldigitaldeasturias.com\\\/noticias\\\/el-instituto-valle-de-aller-compite-en-la-final-de-los-premios-europeos-de-prevencion-de-residuos\\\/#organizationLogo\",\"width\":649,\"height\":297},\"image\":{\"@id\":\"https:\\\/\\\/www.eldigitaldeasturias.com\\\/noticias\\\/el-instituto-valle-de-aller-compite-en-la-final-de-los-premios-europeos-de-prevencion-de-residuos\\\/#organizationLogo\"},\"sameAs\":[\"https:\\\/\\\/facebook.com\\\/eldigitaldeasturias\",\"https:\\\/\\\/www.youtube.com\\\/channel\\\/UCZP-2wLEB9Rv6erhFmqVnvg\"],\"address\":{\"@id\":\"https:\\\/\\\/www.eldigitaldeasturias.com\\\/noticias\\\/#postaladdress\",\"@type\":\"PostalAddress\",\"streetAddress\":\"san antonio 4,\",\"postalCode\":\"33430\",\"addressLocality\":\"Cand\\u00e1s\",\"addressRegion\":\"Asturias\",\"addressCountry\":\"ES\"}},{\"@type\":\"Person\",\"@id\":\"https:\\\/\\\/www.eldigitaldeasturias.com\\\/noticias\\\/author\\\/admin\\\/#author\",\"url\":\"https:\\\/\\\/www.eldigitaldeasturias.com\\\/noticias\\\/author\\\/admin\\\/\",\"name\":\"El Digital de Asturias\",\"image\":{\"@type\":\"ImageObject\",\"@id\":\"https:\\\/\\\/www.eldigitaldeasturias.com\\\/noticias\\\/el-instituto-valle-de-aller-compite-en-la-final-de-los-premios-europeos-de-prevencion-de-residuos\\\/#authorImage\",\"url\":\"https:\\\/\\\/www.eldigitaldeasturias.com\\\/noticias\\\/wp-content\\\/litespeed\\\/avatar\\\/18677e78aa0546b92d9dbf31ec7d7668.jpg?ver=1777290358\",\"width\":96,\"height\":96,\"caption\":\"El Digital de Asturias\"}},{\"@type\":\"WebPage\",\"@id\":\"https:\\\/\\\/www.eldigitaldeasturias.com\\\/noticias\\\/el-instituto-valle-de-aller-compite-en-la-final-de-los-premios-europeos-de-prevencion-de-residuos\\\/#webpage\",\"url\":\"https:\\\/\\\/www.eldigitaldeasturias.com\\\/noticias\\\/el-instituto-valle-de-aller-compite-en-la-final-de-los-premios-europeos-de-prevencion-de-residuos\\\/\",\"name\":\"El instituto Valle de Aller compite en la final de los Premios Europeos de Prevenci\\u00f3n de Residuos - El Digital de Asturias\",\"description\":\"El consejero de Infraestructuras, Ordenaci\\u00f3n del Territorio y Medio Ambiente, Fernando Lastra, ha visitado hoy el Instituto de Educaci\\u00f3n Secundaria Valle de Aller, en Moreda, para conocer de primera mano el proyecto de reducci\\u00f3n, reutilizaci\\u00f3n y reciclaje de residuos que ha situado al centro entre los finalistas de los Premios Europeos de Prevenci\\u00f3n, que se\",\"inLanguage\":\"es-ES\",\"isPartOf\":{\"@id\":\"https:\\\/\\\/www.eldigitaldeasturias.com\\\/noticias\\\/#website\"},\"breadcrumb\":{\"@id\":\"https:\\\/\\\/www.eldigitaldeasturias.com\\\/noticias\\\/el-instituto-valle-de-aller-compite-en-la-final-de-los-premios-europeos-de-prevencion-de-residuos\\\/#breadcrumblist\"},\"author\":{\"@id\":\"https:\\\/\\\/www.eldigitaldeasturias.com\\\/noticias\\\/author\\\/admin\\\/#author\"},\"creator\":{\"@id\":\"https:\\\/\\\/www.eldigitaldeasturias.com\\\/noticias\\\/author\\\/admin\\\/#author\"},\"image\":{\"@type\":\"ImageObject\",\"url\":\"https:\\\/\\\/www.eldigitaldeasturias.com\\\/noticias\\\/wp-content\\\/uploads\\\/2018\\\/05\\\/visita-ies-valle-aller.jpg\",\"@id\":\"https:\\\/\\\/www.eldigitaldeasturias.com\\\/noticias\\\/el-instituto-valle-de-aller-compite-en-la-final-de-los-premios-europeos-de-prevencion-de-residuos\\\/#mainImage\",\"width\":1280,\"height\":707},\"primaryImageOfPage\":{\"@id\":\"https:\\\/\\\/www.eldigitaldeasturias.com\\\/noticias\\\/el-instituto-valle-de-aller-compite-en-la-final-de-los-premios-europeos-de-prevencion-de-residuos\\\/#mainImage\"},\"datePublished\":\"2018-05-09T15:48:12+02:00\",\"dateModified\":\"2018-05-09T15:48:12+02:00\"},{\"@type\":\"WebSite\",\"@id\":\"https:\\\/\\\/www.eldigitaldeasturias.com\\\/noticias\\\/#website\",\"url\":\"https:\\\/\\\/www.eldigitaldeasturias.com\\\/noticias\\\/\",\"name\":\"El Digital de Asturias - Diario de actualidad y noticias\",\"alternateName\":\"El Digital de Asturias - Diario de actualidad y noticias\",\"description\":\"Hemeroteca\",\"inLanguage\":\"es-ES\",\"publisher\":{\"@id\":\"https:\\\/\\\/www.eldigitaldeasturias.com\\\/noticias\\\/#organization\"}}]}\n\t\t<\/script>\n\t\t<!-- All in One SEO Pro -->\r\n\t\t<title>El instituto Valle de Aller compite en la final de los Premios Europeos de Prevenci\u00f3n de Residuos - El Digital de Asturias<\/title>\n\n","aioseo_head_json":{"title":"El instituto Valle de Aller compite en la final de los Premios Europeos de Prevenci\u00f3n de Residuos - El Digital de Asturias","description":"El consejero de Infraestructuras, Ordenaci\u00f3n del Territorio y Medio Ambiente, Fernando Lastra, ha visitado hoy el Instituto de Educaci\u00f3n Secundaria Valle de Aller, en Moreda, para conocer de primera mano el proyecto de reducci\u00f3n, reutilizaci\u00f3n y reciclaje de residuos que ha situado al centro entre los finalistas de los Premios Europeos de Prevenci\u00f3n, que se","canonical_url":"https:\/\/www.eldigitaldeasturias.com\/noticias\/el-instituto-valle-de-aller-compite-en-la-final-de-los-premios-europeos-de-prevencion-de-residuos\/","robots":"max-image-preview:large","keywords":"actualidad asturias","webmasterTools":{"google-site-verification":"UA-38556648-1","msvalidate.01":"7dfe9f3f1b24437ab69f4f2559babe99","miscellaneous":""},"schema":{"@context":"https:\/\/schema.org","@graph":[{"@type":"BlogPosting","@id":"https:\/\/www.eldigitaldeasturias.com\/noticias\/el-instituto-valle-de-aller-compite-en-la-final-de-los-premios-europeos-de-prevencion-de-residuos\/#blogposting","name":"El instituto Valle de Aller compite en la final de los Premios Europeos de Prevenci\u00f3n de Residuos - El Digital de Asturias","headline":"El instituto Valle de Aller compite en la final de los Premios Europeos de Prevenci\u00f3n de Residuos","author":{"@id":"https:\/\/www.eldigitaldeasturias.com\/noticias\/author\/admin\/#author"},"publisher":{"@id":"https:\/\/www.eldigitaldeasturias.com\/noticias\/#organization"},"image":{"@type":"ImageObject","url":"https:\/\/www.eldigitaldeasturias.com\/noticias\/wp-content\/uploads\/2018\/05\/visita-ies-valle-aller.jpg","width":1280,"height":707},"datePublished":"2018-05-09T15:48:12+02:00","dateModified":"2018-05-09T15:48:12+02:00","inLanguage":"es-ES","mainEntityOfPage":{"@id":"https:\/\/www.eldigitaldeasturias.com\/noticias\/el-instituto-valle-de-aller-compite-en-la-final-de-los-premios-europeos-de-prevencion-de-residuos\/#webpage"},"isPartOf":{"@id":"https:\/\/www.eldigitaldeasturias.com\/noticias\/el-instituto-valle-de-aller-compite-en-la-final-de-los-premios-europeos-de-prevencion-de-residuos\/#webpage"},"articleSection":"Actualidad Asturias"},{"@type":"BreadcrumbList","@id":"https:\/\/www.eldigitaldeasturias.com\/noticias\/el-instituto-valle-de-aller-compite-en-la-final-de-los-premios-europeos-de-prevencion-de-residuos\/#breadcrumblist","itemListElement":[{"@type":"ListItem","@id":"https:\/\/www.eldigitaldeasturias.com\/noticias#listItem","position":1,"name":"Home","item":"https:\/\/www.eldigitaldeasturias.com\/noticias","nextItem":{"@type":"ListItem","@id":"https:\/\/www.eldigitaldeasturias.com\/noticias\/category\/actualidad-asturias\/#listItem","name":"Actualidad Asturias"}},{"@type":"ListItem","@id":"https:\/\/www.eldigitaldeasturias.com\/noticias\/category\/actualidad-asturias\/#listItem","position":2,"name":"Actualidad Asturias","item":"https:\/\/www.eldigitaldeasturias.com\/noticias\/category\/actualidad-asturias\/","nextItem":{"@type":"ListItem","@id":"https:\/\/www.eldigitaldeasturias.com\/noticias\/el-instituto-valle-de-aller-compite-en-la-final-de-los-premios-europeos-de-prevencion-de-residuos\/#listItem","name":"El instituto Valle de Aller compite en la final de los Premios Europeos de Prevenci\u00f3n de Residuos"},"previousItem":{"@type":"ListItem","@id":"https:\/\/www.eldigitaldeasturias.com\/noticias#listItem","name":"Home"}},{"@type":"ListItem","@id":"https:\/\/www.eldigitaldeasturias.com\/noticias\/el-instituto-valle-de-aller-compite-en-la-final-de-los-premios-europeos-de-prevencion-de-residuos\/#listItem","position":3,"name":"El instituto Valle de Aller compite en la final de los Premios Europeos de Prevenci\u00f3n de Residuos","previousItem":{"@type":"ListItem","@id":"https:\/\/www.eldigitaldeasturias.com\/noticias\/category\/actualidad-asturias\/#listItem","name":"Actualidad Asturias"}}]},{"@type":"Organization","@id":"https:\/\/www.eldigitaldeasturias.com\/noticias\/#organization","name":"El Digital de Asturias","description":"Hemeroteca","url":"https:\/\/www.eldigitaldeasturias.com\/noticias\/","email":"info@eldigitaldeasturias.com","telephone":"+34652131393","logo":{"@type":"ImageObject","url":"https:\/\/www.eldigitaldeasturias.com\/noticias\/wp-content\/uploads\/2020\/12\/EDA.jpg","@id":"https:\/\/www.eldigitaldeasturias.com\/noticias\/el-instituto-valle-de-aller-compite-en-la-final-de-los-premios-europeos-de-prevencion-de-residuos\/#organizationLogo","width":649,"height":297},"image":{"@id":"https:\/\/www.eldigitaldeasturias.com\/noticias\/el-instituto-valle-de-aller-compite-en-la-final-de-los-premios-europeos-de-prevencion-de-residuos\/#organizationLogo"},"sameAs":["https:\/\/facebook.com\/eldigitaldeasturias","https:\/\/www.youtube.com\/channel\/UCZP-2wLEB9Rv6erhFmqVnvg"],"address":{"@id":"https:\/\/www.eldigitaldeasturias.com\/noticias\/#postaladdress","@type":"PostalAddress","streetAddress":"san antonio 4,","postalCode":"33430","addressLocality":"Cand\u00e1s","addressRegion":"Asturias","addressCountry":"ES"}},{"@type":"Person","@id":"https:\/\/www.eldigitaldeasturias.com\/noticias\/author\/admin\/#author","url":"https:\/\/www.eldigitaldeasturias.com\/noticias\/author\/admin\/","name":"El Digital de Asturias","image":{"@type":"ImageObject","@id":"https:\/\/www.eldigitaldeasturias.com\/noticias\/el-instituto-valle-de-aller-compite-en-la-final-de-los-premios-europeos-de-prevencion-de-residuos\/#authorImage","url":"https:\/\/www.eldigitaldeasturias.com\/noticias\/wp-content\/litespeed\/avatar\/18677e78aa0546b92d9dbf31ec7d7668.jpg?ver=1777290358","width":96,"height":96,"caption":"El Digital de Asturias"}},{"@type":"WebPage","@id":"https:\/\/www.eldigitaldeasturias.com\/noticias\/el-instituto-valle-de-aller-compite-en-la-final-de-los-premios-europeos-de-prevencion-de-residuos\/#webpage","url":"https:\/\/www.eldigitaldeasturias.com\/noticias\/el-instituto-valle-de-aller-compite-en-la-final-de-los-premios-europeos-de-prevencion-de-residuos\/","name":"El instituto Valle de Aller compite en la final de los Premios Europeos de Prevenci\u00f3n de Residuos - El Digital de Asturias","description":"El consejero de Infraestructuras, Ordenaci\u00f3n del Territorio y Medio Ambiente, Fernando Lastra, ha visitado hoy el Instituto de Educaci\u00f3n Secundaria Valle de Aller, en Moreda, para conocer de primera mano el proyecto de reducci\u00f3n, reutilizaci\u00f3n y reciclaje de residuos que ha situado al centro entre los finalistas de los Premios Europeos de Prevenci\u00f3n, que se","inLanguage":"es-ES","isPartOf":{"@id":"https:\/\/www.eldigitaldeasturias.com\/noticias\/#website"},"breadcrumb":{"@id":"https:\/\/www.eldigitaldeasturias.com\/noticias\/el-instituto-valle-de-aller-compite-en-la-final-de-los-premios-europeos-de-prevencion-de-residuos\/#breadcrumblist"},"author":{"@id":"https:\/\/www.eldigitaldeasturias.com\/noticias\/author\/admin\/#author"},"creator":{"@id":"https:\/\/www.eldigitaldeasturias.com\/noticias\/author\/admin\/#author"},"image":{"@type":"ImageObject","url":"https:\/\/www.eldigitaldeasturias.com\/noticias\/wp-content\/uploads\/2018\/05\/visita-ies-valle-aller.jpg","@id":"https:\/\/www.eldigitaldeasturias.com\/noticias\/el-instituto-valle-de-aller-compite-en-la-final-de-los-premios-europeos-de-prevencion-de-residuos\/#mainImage","width":1280,"height":707},"primaryImageOfPage":{"@id":"https:\/\/www.eldigitaldeasturias.com\/noticias\/el-instituto-valle-de-aller-compite-en-la-final-de-los-premios-europeos-de-prevencion-de-residuos\/#mainImage"},"datePublished":"2018-05-09T15:48:12+02:00","dateModified":"2018-05-09T15:48:12+02:00"},{"@type":"WebSite","@id":"https:\/\/www.eldigitaldeasturias.com\/noticias\/#website","url":"https:\/\/www.eldigitaldeasturias.com\/noticias\/","name":"El Digital de Asturias - Diario de actualidad y noticias","alternateName":"El Digital de Asturias - Diario de actualidad y noticias","description":"Hemeroteca","inLanguage":"es-ES","publisher":{"@id":"https:\/\/www.eldigitaldeasturias.com\/noticias\/#organization"}}]},"og:locale":"es_ES","og:site_name":"El Digital de Asturias","og:type":"article","og:title":"El instituto Valle de Aller compite en la final de los Premios Europeos de Prevenci\u00f3n de Residuos - El Digital de Asturias","og:description":"El consejero de Infraestructuras, Ordenaci\u00f3n del Territorio y Medio Ambiente, Fernando Lastra, ha visitado hoy el Instituto de Educaci\u00f3n Secundaria Valle de Aller, en Moreda, para conocer de primera mano el proyecto de reducci\u00f3n, reutilizaci\u00f3n y reciclaje de residuos que ha situado al centro entre los finalistas de los Premios Europeos de Prevenci\u00f3n, que se","og:url":"https:\/\/www.eldigitaldeasturias.com\/noticias\/el-instituto-valle-de-aller-compite-en-la-final-de-los-premios-europeos-de-prevencion-de-residuos\/","og:image":"https:\/\/www.eldigitaldeasturias.com\/noticias\/wp-content\/uploads\/2018\/05\/visita-ies-valle-aller.jpg","og:image:secure_url":"https:\/\/www.eldigitaldeasturias.com\/noticias\/wp-content\/uploads\/2018\/05\/visita-ies-valle-aller.jpg","og:image:width":1280,"og:image:height":707,"article:tag":["actualidad asturias"],"article:published_time":"2018-05-09T15:48:12+00:00","article:modified_time":"2018-05-09T15:48:12+00:00","article:publisher":"https:\/\/facebook.com\/eldigitaldeasturias","twitter:card":"summary_large_image","twitter:title":"El instituto Valle de Aller compite en la final de los Premios Europeos de Prevenci\u00f3n de Residuos - El Digital de Asturias","twitter:description":"El consejero de Infraestructuras, Ordenaci\u00f3n del Territorio y Medio Ambiente, Fernando Lastra, ha visitado hoy el Instituto de Educaci\u00f3n Secundaria Valle de Aller, en Moreda, para conocer de primera mano el proyecto de reducci\u00f3n, reutilizaci\u00f3n y reciclaje de residuos que ha situado al centro entre los finalistas de los Premios Europeos de Prevenci\u00f3n, que se","twitter:image":"https:\/\/www.eldigitaldeasturias.com\/noticias\/wp-content\/uploads\/2018\/05\/visita-ies-valle-aller.jpg","twitter:label1":"Escrito por","twitter:data1":"El Digital de Asturias","twitter:label2":"Tiempo de lectura estimado","twitter:data2":"2 minutos"},"aioseo_meta_data":{"post_id":"979586","title":null,"description":null,"keywords":null,"keyphrases":null,"primary_term":null,"canonical_url":null,"og_title":null,"og_description":null,"og_object_type":"default","og_image_type":"default","og_image_url":null,"og_image_width":null,"og_image_height":null,"og_image_custom_url":null,"og_image_custom_fields":null,"og_video":null,"og_custom_url":null,"og_article_section":null,"og_article_tags":null,"twitter_use_og":false,"twitter_card":"default","twitter_image_type":"default","twitter_image_url":null,"twitter_image_custom_url":null,"twitter_image_custom_fields":null,"twitter_title":null,"twitter_description":null,"schema":{"blockGraphs":[],"customGraphs":[],"default":{"data":{"Article":[],"Course":[],"Dataset":[],"FAQPage":[],"Movie":[],"Person":[],"Product":[],"ProductReview":[],"Car":[],"Recipe":[],"Service":[],"SoftwareApplication":[],"WebPage":[]},"graphName":"","isEnabled":true},"graphs":[],"defaultGraph":"","defaultPostTypeGraph":""},"schema_type":null,"schema_type_options":null,"pillar_content":false,"robots_default":true,"robots_noindex":false,"robots_noarchive":false,"robots_nosnippet":false,"robots_nofollow":false,"robots_noimageindex":false,"robots_noodp":false,"robots_notranslate":false,"robots_max_snippet":null,"robots_max_videopreview":null,"robots_max_imagepreview":"large","priority":null,"frequency":null,"local_seo":null,"seo_analyzer_scan_date":"2025-10-08 14:51:06","breadcrumb_settings":null,"limit_modified_date":false,"open_ai":null,"ai":null,"created":"2020-12-21 11:59:37","updated":"2025-10-08 14:51:06"},"aioseo_breadcrumb":"<div class=\"aioseo-breadcrumbs\"><span class=\"aioseo-breadcrumb\">\n\t<a href=\"https:\/\/www.eldigitaldeasturias.com\/noticias\" title=\"Home\">Home<\/a>\n<\/span><span class=\"aioseo-breadcrumb-separator\">\u2013<\/span><span class=\"aioseo-breadcrumb\">\n\t<a href=\"https:\/\/www.eldigitaldeasturias.com\/noticias\/category\/actualidad-asturias\/\" title=\"Actualidad Asturias\">Actualidad Asturias<\/a>\n<\/span><span class=\"aioseo-breadcrumb-separator\">\u2013<\/span><span class=\"aioseo-breadcrumb\">\n\t<a href=\"https:\/\/www.eldigitaldeasturias.com\/noticias\/el-instituto-valle-de-aller-compite-en-la-final-de-los-premios-europeos-de-prevencion-de-residuos\/\" title=\"El instituto Valle de Aller compite en la final de los Premios Europeos de Prevenci\u00f3n de Residuos\">El instituto Valle de Aller compite en la final de los Premios Europeos de Prevenci\u00f3n de Residuos<\/a>\n<\/span><\/div>","aioseo_breadcrumb_json":[{"label":"Home","link":"https:\/\/www.eldigitaldeasturias.com\/noticias"},{"label":"Actualidad Asturias","link":"https:\/\/www.eldigitaldeasturias.com\/noticias\/category\/actualidad-asturias\/"},{"label":"El instituto Valle de Aller compite en la final de los Premios Europeos de Prevenci\u00f3n de Residuos","link":"https:\/\/www.eldigitaldeasturias.com\/noticias\/el-instituto-valle-de-aller-compite-en-la-final-de-los-premios-europeos-de-prevencion-de-residuos\/"}],"_links":{"self":[{"href":"https:\/\/www.eldigitaldeasturias.com\/noticias\/wp-json\/wp\/v2\/posts\/979586","targetHints":{"allow":["GET"]}}],"collection":[{"href":"https:\/\/www.eldigitaldeasturias.com\/noticias\/wp-json\/wp\/v2\/posts"}],"about":[{"href":"https:\/\/www.eldigitaldeasturias.com\/noticias\/wp-json\/wp\/v2\/types\/post"}],"author":[{"embeddable":true,"href":"https:\/\/www.eldigitaldeasturias.com\/noticias\/wp-json\/wp\/v2\/users\/1"}],"replies":[{"embeddable":true,"href":"https:\/\/www.eldigitaldeasturias.com\/noticias\/wp-json\/wp\/v2\/comments?post=979586"}],"version-history":[{"count":0,"href":"https:\/\/www.eldigitaldeasturias.com\/noticias\/wp-json\/wp\/v2\/posts\/979586\/revisions"}],"wp:featuredmedia":[{"embeddable":true,"href":"https:\/\/www.eldigitaldeasturias.com\/noticias\/wp-json\/wp\/v2\/media\/979587"}],"wp:attachment":[{"href":"https:\/\/www.eldigitaldeasturias.com\/noticias\/wp-json\/wp\/v2\/media?parent=979586"}],"wp:term":[{"taxonomy":"category","embeddable":true,"href":"https:\/\/www.eldigitaldeasturias.com\/noticias\/wp-json\/wp\/v2\/categories?post=979586"},{"taxonomy":"post_tag","embeddable":true,"href":"https:\/\/www.eldigitaldeasturias.com\/noticias\/wp-json\/wp\/v2\/tags?post=979586"}],"curies":[{"name":"wp","href":"https:\/\/api.w.org\/{rel}","templated":true}]}}