{"id":979570,"date":"2018-05-08T21:07:00","date_gmt":"2018-05-08T21:07:00","guid":{"rendered":"http:\/\/www.eldigitaldeasturias.com\/noticias\/?p=979570"},"modified":"2018-05-08T21:07:00","modified_gmt":"2018-05-08T21:07:00","slug":"arrancan-las-consultas-ciudadanas-sobre-el-futuro-de-europa","status":"publish","type":"post","link":"https:\/\/www.eldigitaldeasturias.com\/noticias\/arrancan-las-consultas-ciudadanas-sobre-el-futuro-de-europa\/","title":{"rendered":"Arrancan las consultas ciudadanas sobre el futuro de Europa"},"content":{"rendered":"<p><img loading=\"lazy\" decoding=\"async\" class=\"alignleft size-medium wp-image-979571\" src=\"https:\/\/www.eldigitaldeasturias.com\/noticias\/wp-content\/uploads\/2018\/05\/flag-3370970_960_720-360x240.jpg\" alt=\"\" width=\"360\" height=\"240\" \/>El ministro de Asuntos Exteriores y de Cooperaci\u00f3n, Alfonso Dastis, ha participado en el acto de lanzamiento del proceso de \u00abconsultas ciudadanas\u00bb sobre el futuro de Europa, presidido por el presidente del Senado, P\u00edo Garc\u00eda Escudero, en el antiguo sal\u00f3n de sesiones del Senado.<\/p>\n<p>En el acto han participado tambi\u00e9n el secretario de Estado de Asuntos Europeos, Jorge Toledo, la presidenta de la Comisi\u00f3n Mixta para la Uni\u00f3n Europea, Soraya Rodr\u00edguez Ramos, y los representantes de la Comisi\u00f3n y Parlamento Europeo en Madrid, Maria Andr\u00e9s y Juergen Foecking, entre otras personalidades.<\/p>\n<p>Ante el inminente reequilibrio de poderes tras el Brexit y siendo Espa\u00f1a un pa\u00eds con una poblaci\u00f3n marcadamente pro-europea, un ejercicio de consultas ciudadanas es una oportunidad para que los ciudadanos tengan un papel relevante a la hora de asentar sobre bases s\u00f3lidas un papel de liderazgo para nuestro pa\u00eds en la construcci\u00f3n de la Europa del futuro.<\/p>\n<p>Muchos europeos se sienten desvinculados del proceso de toma de decisiones, de pol\u00edticas adoptadas en Bruselas pero con repercusiones en su vida diaria y un n\u00famero significativo de ellos manifiesta su escepticismo ante el proyecto europeo.<\/p>\n<p>Tras el \u00faltimo Consejo Europeo de 2017, los 27 pa\u00edses de la Uni\u00f3n Europea (a excepci\u00f3n del Reino Unido) decidieron lanzar esta iniciativa recogiendo el testigo lanzado por el presidente franc\u00e9s Emmanuel Macron. As\u00ed, este proyecto de \u00abconsultas ciudadanas\u00bb dar\u00e1 lugar al mayor proceso de participaci\u00f3n ciudadana sobre el futuro de Europa llevado a cabo de forma simult\u00e1nea en los pa\u00edses de la UE.<\/p>\n<p>Ser\u00e1n directamente los actores de la sociedad civil e interlocutores econ\u00f3micos y sociales quienes lideren la ejecuci\u00f3n del proceso, decidiendo su grado de participaci\u00f3n en estas consultas y el formato de actos que se propongan organizar. El Ministerio de Asuntos Exteriores y de Cooperaci\u00f3n realizar\u00e1 una labor de apoyo, coordinaci\u00f3n y homologaci\u00f3n de resultados, que ser\u00e1n enviados al \u00faltimo Consejo europeo del a\u00f1o.<\/p>\n","protected":false},"excerpt":{"rendered":"<p>El ministro de Asuntos Exteriores y de Cooperaci\u00f3n, Alfonso Dastis, ha participado en el acto de lanzamiento del proceso de \u00abconsultas ciudadanas\u00bb sobre el futuro de Europa, presidido por el presidente del Senado, P\u00edo Garc\u00eda Escudero, en el antiguo sal\u00f3n de sesiones del Senado. En el acto han participado tambi\u00e9n el secretario de Estado de [&hellip;]<\/p>\n","protected":false},"author":1,"featured_media":979571,"comment_status":"closed","ping_status":"closed","sticky":false,"template":"","format":"standard","meta":{"footnotes":""},"categories":[1],"tags":[],"class_list":["post-979570","post","type-post","status-publish","format-standard","has-post-thumbnail","hentry","category-actualidad"],"aioseo_notices":[],"aioseo_head":"\n\t\t<!-- All in One SEO Pro 5.0.1 - aioseo.com -->\n\t<meta name=\"description\" content=\"El ministro de Asuntos Exteriores y de Cooperaci\u00f3n, Alfonso Dastis, ha participado en el acto de lanzamiento del proceso de &quot;consultas ciudadanas&quot; sobre el futuro de Europa, presidido por el presidente del Senado, P\u00edo Garc\u00eda Escudero, en el antiguo sal\u00f3n de sesiones del Senado. En el acto han participado tambi\u00e9n el secretario de Estado de\" \/>\n\t<meta name=\"robots\" content=\"max-image-preview:large\" \/>\n\t<meta name=\"author\" content=\"El Digital de Asturias\"\/>\n\t<meta name=\"google-site-verification\" content=\"UA-38556648-1\" \/>\n\t<meta name=\"msvalidate.01\" content=\"7dfe9f3f1b24437ab69f4f2559babe99\" \/>\n\t<meta name=\"keywords\" content=\"actualidad\" \/>\n\t<link rel=\"canonical\" href=\"https:\/\/www.eldigitaldeasturias.com\/noticias\/arrancan-las-consultas-ciudadanas-sobre-el-futuro-de-europa\/\" \/>\n\t<meta name=\"generator\" content=\"All in One SEO Pro (AIOSEO) 5.0.1\" \/>\n\t\t<meta property=\"og:locale\" content=\"es_ES\" \/>\n\t\t<meta property=\"og:site_name\" content=\"El Digital de Asturias\" \/>\n\t\t<meta property=\"og:type\" content=\"article\" \/>\n\t\t<meta property=\"og:title\" content=\"Arrancan las consultas ciudadanas sobre el futuro de Europa - El Digital de Asturias\" \/>\n\t\t<meta property=\"og:description\" content=\"El ministro de Asuntos Exteriores y de Cooperaci\u00f3n, Alfonso Dastis, ha participado en el acto de lanzamiento del proceso de &quot;consultas ciudadanas&quot; sobre el futuro de Europa, presidido por el presidente del Senado, P\u00edo Garc\u00eda Escudero, en el antiguo sal\u00f3n de sesiones del Senado. En el acto han participado tambi\u00e9n el secretario de Estado de\" \/>\n\t\t<meta property=\"og:url\" content=\"https:\/\/www.eldigitaldeasturias.com\/noticias\/arrancan-las-consultas-ciudadanas-sobre-el-futuro-de-europa\/\" \/>\n\t\t<meta property=\"article:tag\" content=\"actualidad\" \/>\n\t\t<meta property=\"article:published_time\" content=\"2018-05-08T21:07:00+00:00\" \/>\n\t\t<meta property=\"article:modified_time\" content=\"2018-05-08T21:07:00+00:00\" \/>\n\t\t<meta property=\"article:publisher\" content=\"https:\/\/facebook.com\/eldigitaldeasturias\" \/>\n\t\t<meta name=\"twitter:card\" content=\"summary_large_image\" \/>\n\t\t<meta name=\"twitter:title\" content=\"Arrancan las consultas ciudadanas sobre el futuro de Europa - El Digital de Asturias\" \/>\n\t\t<meta name=\"twitter:description\" content=\"El ministro de Asuntos Exteriores y de Cooperaci\u00f3n, Alfonso Dastis, ha participado en el acto de lanzamiento del proceso de &quot;consultas ciudadanas&quot; sobre el futuro de Europa, presidido por el presidente del Senado, P\u00edo Garc\u00eda Escudero, en el antiguo sal\u00f3n de sesiones del Senado. En el acto han participado tambi\u00e9n el secretario de Estado de\" \/>\n\t\t<meta name=\"twitter:image\" content=\"https:\/\/www.eldigitaldeasturias.com\/noticias\/wp-content\/uploads\/2020\/12\/EDA-1.jpg\" \/>\n\t\t<meta name=\"twitter:label1\" content=\"Escrito por\" \/>\n\t\t<meta name=\"twitter:data1\" content=\"El Digital de Asturias\" \/>\n\t\t<meta name=\"twitter:label2\" content=\"Tiempo de lectura estimado\" \/>\n\t\t<meta name=\"twitter:data2\" content=\"2 minutos\" \/>\n\t\t<script type=\"application\/ld+json\" class=\"aioseo-schema\">\n\t\t\t{\"@context\":\"https:\\\/\\\/schema.org\",\"@graph\":[{\"@type\":\"BlogPosting\",\"@id\":\"https:\\\/\\\/www.eldigitaldeasturias.com\\\/noticias\\\/arrancan-las-consultas-ciudadanas-sobre-el-futuro-de-europa\\\/#blogposting\",\"name\":\"Arrancan las consultas ciudadanas sobre el futuro de Europa - El Digital de Asturias\",\"headline\":\"Arrancan las consultas ciudadanas sobre el futuro de Europa\",\"author\":{\"@id\":\"https:\\\/\\\/www.eldigitaldeasturias.com\\\/noticias\\\/author\\\/admin\\\/#author\"},\"publisher\":{\"@id\":\"https:\\\/\\\/www.eldigitaldeasturias.com\\\/noticias\\\/#organization\"},\"image\":{\"@type\":\"ImageObject\",\"url\":979571},\"datePublished\":\"2018-05-08T21:07:00+02:00\",\"dateModified\":\"2018-05-08T21:07:00+02:00\",\"inLanguage\":\"es-ES\",\"mainEntityOfPage\":{\"@id\":\"https:\\\/\\\/www.eldigitaldeasturias.com\\\/noticias\\\/arrancan-las-consultas-ciudadanas-sobre-el-futuro-de-europa\\\/#webpage\"},\"isPartOf\":{\"@id\":\"https:\\\/\\\/www.eldigitaldeasturias.com\\\/noticias\\\/arrancan-las-consultas-ciudadanas-sobre-el-futuro-de-europa\\\/#webpage\"},\"articleSection\":\"Actualidad\"},{\"@type\":\"BreadcrumbList\",\"@id\":\"https:\\\/\\\/www.eldigitaldeasturias.com\\\/noticias\\\/arrancan-las-consultas-ciudadanas-sobre-el-futuro-de-europa\\\/#breadcrumblist\",\"itemListElement\":[{\"@type\":\"ListItem\",\"@id\":\"https:\\\/\\\/www.eldigitaldeasturias.com\\\/noticias#listItem\",\"position\":1,\"name\":\"Home\",\"item\":\"https:\\\/\\\/www.eldigitaldeasturias.com\\\/noticias\",\"nextItem\":{\"@type\":\"ListItem\",\"@id\":\"https:\\\/\\\/www.eldigitaldeasturias.com\\\/noticias\\\/category\\\/actualidad\\\/#listItem\",\"name\":\"Actualidad\"}},{\"@type\":\"ListItem\",\"@id\":\"https:\\\/\\\/www.eldigitaldeasturias.com\\\/noticias\\\/category\\\/actualidad\\\/#listItem\",\"position\":2,\"name\":\"Actualidad\",\"item\":\"https:\\\/\\\/www.eldigitaldeasturias.com\\\/noticias\\\/category\\\/actualidad\\\/\",\"nextItem\":{\"@type\":\"ListItem\",\"@id\":\"https:\\\/\\\/www.eldigitaldeasturias.com\\\/noticias\\\/arrancan-las-consultas-ciudadanas-sobre-el-futuro-de-europa\\\/#listItem\",\"name\":\"Arrancan las consultas ciudadanas sobre el futuro de Europa\"},\"previousItem\":{\"@type\":\"ListItem\",\"@id\":\"https:\\\/\\\/www.eldigitaldeasturias.com\\\/noticias#listItem\",\"name\":\"Home\"}},{\"@type\":\"ListItem\",\"@id\":\"https:\\\/\\\/www.eldigitaldeasturias.com\\\/noticias\\\/arrancan-las-consultas-ciudadanas-sobre-el-futuro-de-europa\\\/#listItem\",\"position\":3,\"name\":\"Arrancan las consultas ciudadanas sobre el futuro de Europa\",\"previousItem\":{\"@type\":\"ListItem\",\"@id\":\"https:\\\/\\\/www.eldigitaldeasturias.com\\\/noticias\\\/category\\\/actualidad\\\/#listItem\",\"name\":\"Actualidad\"}}]},{\"@type\":\"Organization\",\"@id\":\"https:\\\/\\\/www.eldigitaldeasturias.com\\\/noticias\\\/#organization\",\"name\":\"El Digital de Asturias\",\"description\":\"Hemeroteca\",\"url\":\"https:\\\/\\\/www.eldigitaldeasturias.com\\\/noticias\\\/\",\"email\":\"info@eldigitaldeasturias.com\",\"telephone\":\"+34652131393\",\"logo\":{\"@type\":\"ImageObject\",\"url\":\"https:\\\/\\\/www.eldigitaldeasturias.com\\\/noticias\\\/wp-content\\\/uploads\\\/2020\\\/12\\\/EDA.jpg\",\"@id\":\"https:\\\/\\\/www.eldigitaldeasturias.com\\\/noticias\\\/arrancan-las-consultas-ciudadanas-sobre-el-futuro-de-europa\\\/#organizationLogo\"},\"image\":{\"@id\":\"https:\\\/\\\/www.eldigitaldeasturias.com\\\/noticias\\\/arrancan-las-consultas-ciudadanas-sobre-el-futuro-de-europa\\\/#organizationLogo\"},\"sameAs\":[\"https:\\\/\\\/facebook.com\\\/eldigitaldeasturias\",\"https:\\\/\\\/www.youtube.com\\\/channel\\\/UCZP-2wLEB9Rv6erhFmqVnvg\"],\"address\":{\"@id\":\"https:\\\/\\\/www.eldigitaldeasturias.com\\\/noticias\\\/#postaladdress\",\"@type\":\"PostalAddress\",\"streetAddress\":\"san antonio 4\",\"postalCode\":\"33430\",\"addressLocality\":\"Cand\\u00e1s\",\"addressRegion\":\"Asturias\",\"addressCountry\":\"ES\"}},{\"@type\":\"Person\",\"@id\":\"https:\\\/\\\/www.eldigitaldeasturias.com\\\/noticias\\\/author\\\/admin\\\/#author\",\"url\":\"https:\\\/\\\/www.eldigitaldeasturias.com\\\/noticias\\\/author\\\/admin\\\/\",\"name\":\"El Digital de Asturias\",\"image\":{\"@type\":\"ImageObject\",\"@id\":\"https:\\\/\\\/www.eldigitaldeasturias.com\\\/noticias\\\/arrancan-las-consultas-ciudadanas-sobre-el-futuro-de-europa\\\/#authorImage\",\"url\":\"https:\\\/\\\/secure.gravatar.com\\\/avatar\\\/df2aeffc32bcd13f8d26072ef8a91b623d677766deac7f97ca815868cd41bf5e?s=96&d=mm&r=g\",\"width\":96,\"height\":96,\"caption\":\"El Digital de Asturias\"}},{\"@type\":\"WebPage\",\"@id\":\"https:\\\/\\\/www.eldigitaldeasturias.com\\\/noticias\\\/arrancan-las-consultas-ciudadanas-sobre-el-futuro-de-europa\\\/#webpage\",\"url\":\"https:\\\/\\\/www.eldigitaldeasturias.com\\\/noticias\\\/arrancan-las-consultas-ciudadanas-sobre-el-futuro-de-europa\\\/\",\"name\":\"Arrancan las consultas ciudadanas sobre el futuro de Europa - El Digital de Asturias\",\"description\":\"El ministro de Asuntos Exteriores y de Cooperaci\\u00f3n, Alfonso Dastis, ha participado en el acto de lanzamiento del proceso de \\\"consultas ciudadanas\\\" sobre el futuro de Europa, presidido por el presidente del Senado, P\\u00edo Garc\\u00eda Escudero, en el antiguo sal\\u00f3n de sesiones del Senado. En el acto han participado tambi\\u00e9n el secretario de Estado de\",\"inLanguage\":\"es-ES\",\"isPartOf\":{\"@id\":\"https:\\\/\\\/www.eldigitaldeasturias.com\\\/noticias\\\/#website\"},\"breadcrumb\":{\"@id\":\"https:\\\/\\\/www.eldigitaldeasturias.com\\\/noticias\\\/arrancan-las-consultas-ciudadanas-sobre-el-futuro-de-europa\\\/#breadcrumblist\"},\"author\":{\"@id\":\"https:\\\/\\\/www.eldigitaldeasturias.com\\\/noticias\\\/author\\\/admin\\\/#author\"},\"creator\":{\"@id\":\"https:\\\/\\\/www.eldigitaldeasturias.com\\\/noticias\\\/author\\\/admin\\\/#author\"},\"image\":{\"@type\":\"ImageObject\",\"url\":979571,\"@id\":\"https:\\\/\\\/www.eldigitaldeasturias.com\\\/noticias\\\/arrancan-las-consultas-ciudadanas-sobre-el-futuro-de-europa\\\/#mainImage\"},\"primaryImageOfPage\":{\"@id\":\"https:\\\/\\\/www.eldigitaldeasturias.com\\\/noticias\\\/arrancan-las-consultas-ciudadanas-sobre-el-futuro-de-europa\\\/#mainImage\"},\"datePublished\":\"2018-05-08T21:07:00+02:00\",\"dateModified\":\"2018-05-08T21:07:00+02:00\"},{\"@type\":\"WebSite\",\"@id\":\"https:\\\/\\\/www.eldigitaldeasturias.com\\\/noticias\\\/#website\",\"url\":\"https:\\\/\\\/www.eldigitaldeasturias.com\\\/noticias\\\/\",\"name\":\"El Digital de Asturias - Diario de actualidad y noticias\",\"alternateName\":\"El Digital de Asturias - Diario de actualidad y noticias\",\"description\":\"Hemeroteca\",\"inLanguage\":\"es-ES\",\"publisher\":{\"@id\":\"https:\\\/\\\/www.eldigitaldeasturias.com\\\/noticias\\\/#organization\"}}]}\n\t\t<\/script>\n\t\t<!-- All in One SEO Pro -->\r\n\t\t<title>Arrancan las consultas ciudadanas sobre el futuro de Europa - El Digital de Asturias<\/title>\n\n","aioseo_head_json":{"title":"Arrancan las consultas ciudadanas sobre el futuro de Europa - El Digital de Asturias","description":"El ministro de Asuntos Exteriores y de Cooperaci\u00f3n, Alfonso Dastis, ha participado en el acto de lanzamiento del proceso de \"consultas ciudadanas\" sobre el futuro de Europa, presidido por el presidente del Senado, P\u00edo Garc\u00eda Escudero, en el antiguo sal\u00f3n de sesiones del Senado. En el acto han participado tambi\u00e9n el secretario de Estado de","canonical_url":"https:\/\/www.eldigitaldeasturias.com\/noticias\/arrancan-las-consultas-ciudadanas-sobre-el-futuro-de-europa\/","robots":"max-image-preview:large","keywords":"actualidad","webmasterTools":{"google-site-verification":"UA-38556648-1","msvalidate.01":"7dfe9f3f1b24437ab69f4f2559babe99","miscellaneous":""},"schema":{"@context":"https:\/\/schema.org","@graph":[{"@type":"BlogPosting","@id":"https:\/\/www.eldigitaldeasturias.com\/noticias\/arrancan-las-consultas-ciudadanas-sobre-el-futuro-de-europa\/#blogposting","name":"Arrancan las consultas ciudadanas sobre el futuro de Europa - El Digital de Asturias","headline":"Arrancan las consultas ciudadanas sobre el futuro de Europa","author":{"@id":"https:\/\/www.eldigitaldeasturias.com\/noticias\/author\/admin\/#author"},"publisher":{"@id":"https:\/\/www.eldigitaldeasturias.com\/noticias\/#organization"},"image":{"@type":"ImageObject","url":979571},"datePublished":"2018-05-08T21:07:00+02:00","dateModified":"2018-05-08T21:07:00+02:00","inLanguage":"es-ES","mainEntityOfPage":{"@id":"https:\/\/www.eldigitaldeasturias.com\/noticias\/arrancan-las-consultas-ciudadanas-sobre-el-futuro-de-europa\/#webpage"},"isPartOf":{"@id":"https:\/\/www.eldigitaldeasturias.com\/noticias\/arrancan-las-consultas-ciudadanas-sobre-el-futuro-de-europa\/#webpage"},"articleSection":"Actualidad"},{"@type":"BreadcrumbList","@id":"https:\/\/www.eldigitaldeasturias.com\/noticias\/arrancan-las-consultas-ciudadanas-sobre-el-futuro-de-europa\/#breadcrumblist","itemListElement":[{"@type":"ListItem","@id":"https:\/\/www.eldigitaldeasturias.com\/noticias#listItem","position":1,"name":"Home","item":"https:\/\/www.eldigitaldeasturias.com\/noticias","nextItem":{"@type":"ListItem","@id":"https:\/\/www.eldigitaldeasturias.com\/noticias\/category\/actualidad\/#listItem","name":"Actualidad"}},{"@type":"ListItem","@id":"https:\/\/www.eldigitaldeasturias.com\/noticias\/category\/actualidad\/#listItem","position":2,"name":"Actualidad","item":"https:\/\/www.eldigitaldeasturias.com\/noticias\/category\/actualidad\/","nextItem":{"@type":"ListItem","@id":"https:\/\/www.eldigitaldeasturias.com\/noticias\/arrancan-las-consultas-ciudadanas-sobre-el-futuro-de-europa\/#listItem","name":"Arrancan las consultas ciudadanas sobre el futuro de Europa"},"previousItem":{"@type":"ListItem","@id":"https:\/\/www.eldigitaldeasturias.com\/noticias#listItem","name":"Home"}},{"@type":"ListItem","@id":"https:\/\/www.eldigitaldeasturias.com\/noticias\/arrancan-las-consultas-ciudadanas-sobre-el-futuro-de-europa\/#listItem","position":3,"name":"Arrancan las consultas ciudadanas sobre el futuro de Europa","previousItem":{"@type":"ListItem","@id":"https:\/\/www.eldigitaldeasturias.com\/noticias\/category\/actualidad\/#listItem","name":"Actualidad"}}]},{"@type":"Organization","@id":"https:\/\/www.eldigitaldeasturias.com\/noticias\/#organization","name":"El Digital de Asturias","description":"Hemeroteca","url":"https:\/\/www.eldigitaldeasturias.com\/noticias\/","email":"info@eldigitaldeasturias.com","telephone":"+34652131393","logo":{"@type":"ImageObject","url":"https:\/\/www.eldigitaldeasturias.com\/noticias\/wp-content\/uploads\/2020\/12\/EDA.jpg","@id":"https:\/\/www.eldigitaldeasturias.com\/noticias\/arrancan-las-consultas-ciudadanas-sobre-el-futuro-de-europa\/#organizationLogo"},"image":{"@id":"https:\/\/www.eldigitaldeasturias.com\/noticias\/arrancan-las-consultas-ciudadanas-sobre-el-futuro-de-europa\/#organizationLogo"},"sameAs":["https:\/\/facebook.com\/eldigitaldeasturias","https:\/\/www.youtube.com\/channel\/UCZP-2wLEB9Rv6erhFmqVnvg"],"address":{"@id":"https:\/\/www.eldigitaldeasturias.com\/noticias\/#postaladdress","@type":"PostalAddress","streetAddress":"san antonio 4","postalCode":"33430","addressLocality":"Cand\u00e1s","addressRegion":"Asturias","addressCountry":"ES"}},{"@type":"Person","@id":"https:\/\/www.eldigitaldeasturias.com\/noticias\/author\/admin\/#author","url":"https:\/\/www.eldigitaldeasturias.com\/noticias\/author\/admin\/","name":"El Digital de Asturias","image":{"@type":"ImageObject","@id":"https:\/\/www.eldigitaldeasturias.com\/noticias\/arrancan-las-consultas-ciudadanas-sobre-el-futuro-de-europa\/#authorImage","url":"https:\/\/secure.gravatar.com\/avatar\/df2aeffc32bcd13f8d26072ef8a91b623d677766deac7f97ca815868cd41bf5e?s=96&d=mm&r=g","width":96,"height":96,"caption":"El Digital de Asturias"}},{"@type":"WebPage","@id":"https:\/\/www.eldigitaldeasturias.com\/noticias\/arrancan-las-consultas-ciudadanas-sobre-el-futuro-de-europa\/#webpage","url":"https:\/\/www.eldigitaldeasturias.com\/noticias\/arrancan-las-consultas-ciudadanas-sobre-el-futuro-de-europa\/","name":"Arrancan las consultas ciudadanas sobre el futuro de Europa - El Digital de Asturias","description":"El ministro de Asuntos Exteriores y de Cooperaci\u00f3n, Alfonso Dastis, ha participado en el acto de lanzamiento del proceso de \"consultas ciudadanas\" sobre el futuro de Europa, presidido por el presidente del Senado, P\u00edo Garc\u00eda Escudero, en el antiguo sal\u00f3n de sesiones del Senado. En el acto han participado tambi\u00e9n el secretario de Estado de","inLanguage":"es-ES","isPartOf":{"@id":"https:\/\/www.eldigitaldeasturias.com\/noticias\/#website"},"breadcrumb":{"@id":"https:\/\/www.eldigitaldeasturias.com\/noticias\/arrancan-las-consultas-ciudadanas-sobre-el-futuro-de-europa\/#breadcrumblist"},"author":{"@id":"https:\/\/www.eldigitaldeasturias.com\/noticias\/author\/admin\/#author"},"creator":{"@id":"https:\/\/www.eldigitaldeasturias.com\/noticias\/author\/admin\/#author"},"image":{"@type":"ImageObject","url":979571,"@id":"https:\/\/www.eldigitaldeasturias.com\/noticias\/arrancan-las-consultas-ciudadanas-sobre-el-futuro-de-europa\/#mainImage"},"primaryImageOfPage":{"@id":"https:\/\/www.eldigitaldeasturias.com\/noticias\/arrancan-las-consultas-ciudadanas-sobre-el-futuro-de-europa\/#mainImage"},"datePublished":"2018-05-08T21:07:00+02:00","dateModified":"2018-05-08T21:07:00+02:00"},{"@type":"WebSite","@id":"https:\/\/www.eldigitaldeasturias.com\/noticias\/#website","url":"https:\/\/www.eldigitaldeasturias.com\/noticias\/","name":"El Digital de Asturias - Diario de actualidad y noticias","alternateName":"El Digital de Asturias - Diario de actualidad y noticias","description":"Hemeroteca","inLanguage":"es-ES","publisher":{"@id":"https:\/\/www.eldigitaldeasturias.com\/noticias\/#organization"}}]},"og:locale":"es_ES","og:site_name":"El Digital de Asturias","og:type":"article","og:title":"Arrancan las consultas ciudadanas sobre el futuro de Europa - El Digital de Asturias","og:description":"El ministro de Asuntos Exteriores y de Cooperaci\u00f3n, Alfonso Dastis, ha participado en el acto de lanzamiento del proceso de &quot;consultas ciudadanas&quot; sobre el futuro de Europa, presidido por el presidente del Senado, P\u00edo Garc\u00eda Escudero, en el antiguo sal\u00f3n de sesiones del Senado. En el acto han participado tambi\u00e9n el secretario de Estado de","og:url":"https:\/\/www.eldigitaldeasturias.com\/noticias\/arrancan-las-consultas-ciudadanas-sobre-el-futuro-de-europa\/","article:tag":["actualidad"],"article:published_time":"2018-05-08T21:07:00+00:00","article:modified_time":"2018-05-08T21:07:00+00:00","article:publisher":"https:\/\/facebook.com\/eldigitaldeasturias","twitter:card":"summary_large_image","twitter:title":"Arrancan las consultas ciudadanas sobre el futuro de Europa - El Digital de Asturias","twitter:description":"El ministro de Asuntos Exteriores y de Cooperaci\u00f3n, Alfonso Dastis, ha participado en el acto de lanzamiento del proceso de &quot;consultas ciudadanas&quot; sobre el futuro de Europa, presidido por el presidente del Senado, P\u00edo Garc\u00eda Escudero, en el antiguo sal\u00f3n de sesiones del Senado. En el acto han participado tambi\u00e9n el secretario de Estado de","twitter:image":"https:\/\/www.eldigitaldeasturias.com\/noticias\/wp-content\/uploads\/2020\/12\/EDA-1.jpg","twitter:label1":"Escrito por","twitter:data1":"El Digital de Asturias","twitter:label2":"Tiempo de lectura estimado","twitter:data2":"2 minutos"},"aioseo_meta_data":{"post_id":"979570","title":null,"description":null,"keywords":null,"keyphrases":null,"primary_term":null,"canonical_url":null,"og_title":null,"og_description":null,"og_object_type":"default","og_image_type":"default","og_image_url":null,"og_image_width":null,"og_image_height":null,"og_image_custom_url":null,"og_image_custom_fields":null,"og_video":null,"og_custom_url":null,"og_article_section":null,"og_article_tags":null,"twitter_use_og":false,"twitter_card":"default","twitter_image_type":"default","twitter_image_url":null,"twitter_image_custom_url":null,"twitter_image_custom_fields":null,"twitter_title":null,"twitter_description":null,"schema":{"blockGraphs":[],"customGraphs":[],"default":{"data":{"Article":[],"Course":[],"Dataset":[],"FAQPage":[],"Movie":[],"Person":[],"Product":[],"ProductReview":[],"Car":[],"Recipe":[],"Service":[],"SoftwareApplication":[],"WebPage":[]},"graphName":"","isEnabled":true},"graphs":[],"defaultGraph":"","defaultPostTypeGraph":""},"schema_type":null,"schema_type_options":null,"pillar_content":false,"robots_default":true,"robots_noindex":false,"robots_noarchive":false,"robots_nosnippet":false,"robots_nofollow":false,"robots_noimageindex":false,"robots_noodp":false,"robots_notranslate":false,"robots_max_snippet":null,"robots_max_videopreview":null,"robots_max_imagepreview":"large","priority":null,"frequency":null,"local_seo":null,"seo_analyzer_scan_date":"2025-10-08 14:49:08","breadcrumb_settings":null,"limit_modified_date":false,"open_ai":null,"ai":null,"created":"2020-12-21 11:59:37","updated":"2025-10-08 14:49:08","focus_keyword":null,"additional_keywords":null,"truseo_locale":null},"aioseo_breadcrumb":"<div class=\"aioseo-breadcrumbs\"><span class=\"aioseo-breadcrumb\">\n\t<a href=\"https:\/\/www.eldigitaldeasturias.com\/noticias\" title=\"Home\">Home<\/a>\n<\/span><span class=\"aioseo-breadcrumb-separator\">\u2013<\/span><span class=\"aioseo-breadcrumb\">\n\t<a href=\"https:\/\/www.eldigitaldeasturias.com\/noticias\/category\/actualidad\/\" title=\"Actualidad\">Actualidad<\/a>\n<\/span><span class=\"aioseo-breadcrumb-separator\">\u2013<\/span><span class=\"aioseo-breadcrumb\">\n\t<a href=\"https:\/\/www.eldigitaldeasturias.com\/noticias\/arrancan-las-consultas-ciudadanas-sobre-el-futuro-de-europa\/\" title=\"Arrancan las consultas ciudadanas sobre el futuro de Europa\">Arrancan las consultas ciudadanas sobre el futuro de Europa<\/a>\n<\/span><\/div>","aioseo_breadcrumb_json":[{"label":"Home","link":"https:\/\/www.eldigitaldeasturias.com\/noticias"},{"label":"Actualidad","link":"https:\/\/www.eldigitaldeasturias.com\/noticias\/category\/actualidad\/"},{"label":"Arrancan las consultas ciudadanas sobre el futuro de Europa","link":"https:\/\/www.eldigitaldeasturias.com\/noticias\/arrancan-las-consultas-ciudadanas-sobre-el-futuro-de-europa\/"}],"_links":{"self":[{"href":"https:\/\/www.eldigitaldeasturias.com\/noticias\/wp-json\/wp\/v2\/posts\/979570","targetHints":{"allow":["GET"]}}],"collection":[{"href":"https:\/\/www.eldigitaldeasturias.com\/noticias\/wp-json\/wp\/v2\/posts"}],"about":[{"href":"https:\/\/www.eldigitaldeasturias.com\/noticias\/wp-json\/wp\/v2\/types\/post"}],"author":[{"embeddable":true,"href":"https:\/\/www.eldigitaldeasturias.com\/noticias\/wp-json\/wp\/v2\/users\/1"}],"replies":[{"embeddable":true,"href":"https:\/\/www.eldigitaldeasturias.com\/noticias\/wp-json\/wp\/v2\/comments?post=979570"}],"version-history":[{"count":0,"href":"https:\/\/www.eldigitaldeasturias.com\/noticias\/wp-json\/wp\/v2\/posts\/979570\/revisions"}],"wp:attachment":[{"href":"https:\/\/www.eldigitaldeasturias.com\/noticias\/wp-json\/wp\/v2\/media?parent=979570"}],"wp:term":[{"taxonomy":"category","embeddable":true,"href":"https:\/\/www.eldigitaldeasturias.com\/noticias\/wp-json\/wp\/v2\/categories?post=979570"},{"taxonomy":"post_tag","embeddable":true,"href":"https:\/\/www.eldigitaldeasturias.com\/noticias\/wp-json\/wp\/v2\/tags?post=979570"}],"curies":[{"name":"wp","href":"https:\/\/api.w.org\/{rel}","templated":true}]}}