{"id":979500,"date":"2018-05-07T23:30:29","date_gmt":"2018-05-07T23:30:29","guid":{"rendered":"http:\/\/www.eldigitaldeasturias.com\/noticias\/?p=979500"},"modified":"2018-05-07T23:30:29","modified_gmt":"2018-05-07T23:30:29","slug":"cae-la-imagen-de-macri-por-la-crisis-del-peso","status":"publish","type":"post","link":"https:\/\/www.eldigitaldeasturias.com\/noticias\/cae-la-imagen-de-macri-por-la-crisis-del-peso\/","title":{"rendered":"Cae la imagen de Macri por la crisis del peso"},"content":{"rendered":"<p><img loading=\"lazy\" decoding=\"async\" class=\"alignleft size-medium wp-image-978127\" src=\"https:\/\/www.eldigitaldeasturias.com\/noticias\/wp-content\/uploads\/2018\/04\/buenos-aires-2437858_960_720-360x240.jpg\" alt=\"\" width=\"360\" height=\"240\" \/>Buenos Aires, 7 may (dpa) &#8211; La imagen de la gesti\u00f3n del presidente argentino, Mauricio Macri, cay\u00f3 en la \u00faltima semana como consecuencia de la crisis del peso y el temor a que la subida de la cotizaci\u00f3n del d\u00f3lar se traslade a los precios y genere mayor inflaci\u00f3n, seg\u00fan un sondeo difundido hoy.<\/p>\n<p>El \u00edndice de optimismo econ\u00f3mico cay\u00f3 1,4 puntos a 33,6 por ciento, mientras que el de optimismo pol\u00edtico baj\u00f3 1,7 puntos a 36,4 por ciento, de acuerdo a la medici\u00f3n de la consultora Management &amp; Fit (M&amp;F) publicado hoy por el diario \u00abClar\u00edn\u00bb. \u00abFue una semana dif\u00edcil\u00bb, se\u00f1al\u00f3 el consultor Juan Pablo Hedo, de M&amp;F.<\/p>\n<p>\u00abEn ambos casos, los sub\u00edndices que miden las expectativas tanto sobre la situaci\u00f3n econ\u00f3mica como pol\u00edtica futura cayeron proporcionalmente m\u00e1s que aquellos que miden el diagn\u00f3stico sobre la situaci\u00f3n actual\u00bb, evalu\u00f3 el experto. Las expectativas econ\u00f3micas cayeron por segunda semana consecutiva y las principales variables afectadas fueron las que miden la situaci\u00f3n de precios.<\/p>\n<p>En tanto, el indicador que mide las expectativas pol\u00edticas sobre la gesti\u00f3n de Macri bajaron m\u00e1s de tres puntos a 34,1 por ciento.<\/p>\n<p>El peso registr\u00f3 la semana pasada una devaluaci\u00f3n superior al 13 por ciento frente al d\u00f3lar, que el jueves toc\u00f3 su pico hist\u00f3rico a 23,30 pesos, pero tras una serie de fuertes medidas lanzadas por el Gobierno la p\u00e9rdida de la moneda argentina se recort\u00f3 a s\u00f3lo poco m\u00e1s del 8 por ciento, en medio de amplias tensiones financieras.<\/p>\n","protected":false},"excerpt":{"rendered":"<p>Buenos Aires, 7 may (dpa) &#8211; La imagen de la gesti\u00f3n del presidente argentino, Mauricio Macri, cay\u00f3 en la \u00faltima semana como consecuencia de la crisis del peso y el temor a que la subida de la cotizaci\u00f3n del d\u00f3lar se traslade a los precios y genere mayor inflaci\u00f3n, seg\u00fan un sondeo difundido hoy. El [&hellip;]<\/p>\n","protected":false},"author":1,"featured_media":978127,"comment_status":"closed","ping_status":"closed","sticky":false,"template":"","format":"standard","meta":{"footnotes":""},"categories":[1],"tags":[],"class_list":["post-979500","post","type-post","status-publish","format-standard","has-post-thumbnail","hentry","category-actualidad"],"aioseo_notices":[],"aioseo_head":"\n\t\t<!-- All in One SEO Pro 5.0.1 - aioseo.com -->\n\t<meta name=\"description\" content=\"Buenos Aires, 7 may (dpa) - La imagen de la gesti\u00f3n del presidente argentino, Mauricio Macri, cay\u00f3 en la \u00faltima semana como consecuencia de la crisis del peso y el temor a que la subida de la cotizaci\u00f3n del d\u00f3lar se traslade a los precios y genere mayor inflaci\u00f3n, seg\u00fan un sondeo difundido hoy. El\" \/>\n\t<meta name=\"robots\" content=\"max-image-preview:large\" \/>\n\t<meta name=\"author\" content=\"El Digital de Asturias\"\/>\n\t<meta name=\"google-site-verification\" content=\"UA-38556648-1\" \/>\n\t<meta name=\"msvalidate.01\" content=\"7dfe9f3f1b24437ab69f4f2559babe99\" \/>\n\t<meta name=\"keywords\" content=\"actualidad\" \/>\n\t<link rel=\"canonical\" href=\"https:\/\/www.eldigitaldeasturias.com\/noticias\/cae-la-imagen-de-macri-por-la-crisis-del-peso\/\" \/>\n\t<meta name=\"generator\" content=\"All in One SEO Pro (AIOSEO) 5.0.1\" \/>\n\t\t<meta property=\"og:locale\" content=\"es_ES\" \/>\n\t\t<meta property=\"og:site_name\" content=\"El Digital de Asturias\" \/>\n\t\t<meta property=\"og:type\" content=\"article\" \/>\n\t\t<meta property=\"og:title\" content=\"Cae la imagen de Macri por la crisis del peso - El Digital de Asturias\" \/>\n\t\t<meta property=\"og:description\" content=\"Buenos Aires, 7 may (dpa) - La imagen de la gesti\u00f3n del presidente argentino, Mauricio Macri, cay\u00f3 en la \u00faltima semana como consecuencia de la crisis del peso y el temor a que la subida de la cotizaci\u00f3n del d\u00f3lar se traslade a los precios y genere mayor inflaci\u00f3n, seg\u00fan un sondeo difundido hoy. El\" \/>\n\t\t<meta property=\"og:url\" content=\"https:\/\/www.eldigitaldeasturias.com\/noticias\/cae-la-imagen-de-macri-por-la-crisis-del-peso\/\" \/>\n\t\t<meta property=\"article:tag\" content=\"actualidad\" \/>\n\t\t<meta property=\"article:published_time\" content=\"2018-05-07T23:30:29+00:00\" \/>\n\t\t<meta property=\"article:modified_time\" content=\"2018-05-07T23:30:29+00:00\" \/>\n\t\t<meta property=\"article:publisher\" content=\"https:\/\/facebook.com\/eldigitaldeasturias\" \/>\n\t\t<meta name=\"twitter:card\" content=\"summary_large_image\" \/>\n\t\t<meta name=\"twitter:title\" content=\"Cae la imagen de Macri por la crisis del peso - El Digital de Asturias\" \/>\n\t\t<meta name=\"twitter:description\" content=\"Buenos Aires, 7 may (dpa) - La imagen de la gesti\u00f3n del presidente argentino, Mauricio Macri, cay\u00f3 en la \u00faltima semana como consecuencia de la crisis del peso y el temor a que la subida de la cotizaci\u00f3n del d\u00f3lar se traslade a los precios y genere mayor inflaci\u00f3n, seg\u00fan un sondeo difundido hoy. El\" \/>\n\t\t<meta name=\"twitter:image\" content=\"https:\/\/www.eldigitaldeasturias.com\/noticias\/wp-content\/uploads\/2020\/12\/EDA-1.jpg\" \/>\n\t\t<meta name=\"twitter:label1\" content=\"Escrito por\" \/>\n\t\t<meta name=\"twitter:data1\" content=\"El Digital de Asturias\" \/>\n\t\t<meta name=\"twitter:label2\" content=\"Tiempo de lectura estimado\" \/>\n\t\t<meta name=\"twitter:data2\" content=\"1 minuto\" \/>\n\t\t<script type=\"application\/ld+json\" class=\"aioseo-schema\">\n\t\t\t{\"@context\":\"https:\\\/\\\/schema.org\",\"@graph\":[{\"@type\":\"BlogPosting\",\"@id\":\"https:\\\/\\\/www.eldigitaldeasturias.com\\\/noticias\\\/cae-la-imagen-de-macri-por-la-crisis-del-peso\\\/#blogposting\",\"name\":\"Cae la imagen de Macri por la crisis del peso - El Digital de Asturias\",\"headline\":\"Cae la imagen de Macri por la crisis del peso\",\"author\":{\"@id\":\"https:\\\/\\\/www.eldigitaldeasturias.com\\\/noticias\\\/author\\\/admin\\\/#author\"},\"publisher\":{\"@id\":\"https:\\\/\\\/www.eldigitaldeasturias.com\\\/noticias\\\/#organization\"},\"image\":{\"@type\":\"ImageObject\",\"url\":978127},\"datePublished\":\"2018-05-07T23:30:29+02:00\",\"dateModified\":\"2018-05-07T23:30:29+02:00\",\"inLanguage\":\"es-ES\",\"mainEntityOfPage\":{\"@id\":\"https:\\\/\\\/www.eldigitaldeasturias.com\\\/noticias\\\/cae-la-imagen-de-macri-por-la-crisis-del-peso\\\/#webpage\"},\"isPartOf\":{\"@id\":\"https:\\\/\\\/www.eldigitaldeasturias.com\\\/noticias\\\/cae-la-imagen-de-macri-por-la-crisis-del-peso\\\/#webpage\"},\"articleSection\":\"Actualidad\"},{\"@type\":\"BreadcrumbList\",\"@id\":\"https:\\\/\\\/www.eldigitaldeasturias.com\\\/noticias\\\/cae-la-imagen-de-macri-por-la-crisis-del-peso\\\/#breadcrumblist\",\"itemListElement\":[{\"@type\":\"ListItem\",\"@id\":\"https:\\\/\\\/www.eldigitaldeasturias.com\\\/noticias#listItem\",\"position\":1,\"name\":\"Home\",\"item\":\"https:\\\/\\\/www.eldigitaldeasturias.com\\\/noticias\",\"nextItem\":{\"@type\":\"ListItem\",\"@id\":\"https:\\\/\\\/www.eldigitaldeasturias.com\\\/noticias\\\/category\\\/actualidad\\\/#listItem\",\"name\":\"Actualidad\"}},{\"@type\":\"ListItem\",\"@id\":\"https:\\\/\\\/www.eldigitaldeasturias.com\\\/noticias\\\/category\\\/actualidad\\\/#listItem\",\"position\":2,\"name\":\"Actualidad\",\"item\":\"https:\\\/\\\/www.eldigitaldeasturias.com\\\/noticias\\\/category\\\/actualidad\\\/\",\"nextItem\":{\"@type\":\"ListItem\",\"@id\":\"https:\\\/\\\/www.eldigitaldeasturias.com\\\/noticias\\\/cae-la-imagen-de-macri-por-la-crisis-del-peso\\\/#listItem\",\"name\":\"Cae la imagen de Macri por la crisis del peso\"},\"previousItem\":{\"@type\":\"ListItem\",\"@id\":\"https:\\\/\\\/www.eldigitaldeasturias.com\\\/noticias#listItem\",\"name\":\"Home\"}},{\"@type\":\"ListItem\",\"@id\":\"https:\\\/\\\/www.eldigitaldeasturias.com\\\/noticias\\\/cae-la-imagen-de-macri-por-la-crisis-del-peso\\\/#listItem\",\"position\":3,\"name\":\"Cae la imagen de Macri por la crisis del peso\",\"previousItem\":{\"@type\":\"ListItem\",\"@id\":\"https:\\\/\\\/www.eldigitaldeasturias.com\\\/noticias\\\/category\\\/actualidad\\\/#listItem\",\"name\":\"Actualidad\"}}]},{\"@type\":\"Organization\",\"@id\":\"https:\\\/\\\/www.eldigitaldeasturias.com\\\/noticias\\\/#organization\",\"name\":\"El Digital de Asturias\",\"description\":\"Hemeroteca\",\"url\":\"https:\\\/\\\/www.eldigitaldeasturias.com\\\/noticias\\\/\",\"email\":\"info@eldigitaldeasturias.com\",\"telephone\":\"+34652131393\",\"logo\":{\"@type\":\"ImageObject\",\"url\":\"https:\\\/\\\/www.eldigitaldeasturias.com\\\/noticias\\\/wp-content\\\/uploads\\\/2020\\\/12\\\/EDA.jpg\",\"@id\":\"https:\\\/\\\/www.eldigitaldeasturias.com\\\/noticias\\\/cae-la-imagen-de-macri-por-la-crisis-del-peso\\\/#organizationLogo\"},\"image\":{\"@id\":\"https:\\\/\\\/www.eldigitaldeasturias.com\\\/noticias\\\/cae-la-imagen-de-macri-por-la-crisis-del-peso\\\/#organizationLogo\"},\"sameAs\":[\"https:\\\/\\\/facebook.com\\\/eldigitaldeasturias\",\"https:\\\/\\\/www.youtube.com\\\/channel\\\/UCZP-2wLEB9Rv6erhFmqVnvg\"],\"address\":{\"@id\":\"https:\\\/\\\/www.eldigitaldeasturias.com\\\/noticias\\\/#postaladdress\",\"@type\":\"PostalAddress\",\"streetAddress\":\"san antonio 4\",\"postalCode\":\"33430\",\"addressLocality\":\"Cand\\u00e1s\",\"addressRegion\":\"Asturias\",\"addressCountry\":\"ES\"}},{\"@type\":\"Person\",\"@id\":\"https:\\\/\\\/www.eldigitaldeasturias.com\\\/noticias\\\/author\\\/admin\\\/#author\",\"url\":\"https:\\\/\\\/www.eldigitaldeasturias.com\\\/noticias\\\/author\\\/admin\\\/\",\"name\":\"El Digital de Asturias\",\"image\":{\"@type\":\"ImageObject\",\"@id\":\"https:\\\/\\\/www.eldigitaldeasturias.com\\\/noticias\\\/cae-la-imagen-de-macri-por-la-crisis-del-peso\\\/#authorImage\",\"url\":\"https:\\\/\\\/secure.gravatar.com\\\/avatar\\\/df2aeffc32bcd13f8d26072ef8a91b623d677766deac7f97ca815868cd41bf5e?s=96&d=mm&r=g\",\"width\":96,\"height\":96,\"caption\":\"El Digital de Asturias\"}},{\"@type\":\"WebPage\",\"@id\":\"https:\\\/\\\/www.eldigitaldeasturias.com\\\/noticias\\\/cae-la-imagen-de-macri-por-la-crisis-del-peso\\\/#webpage\",\"url\":\"https:\\\/\\\/www.eldigitaldeasturias.com\\\/noticias\\\/cae-la-imagen-de-macri-por-la-crisis-del-peso\\\/\",\"name\":\"Cae la imagen de Macri por la crisis del peso - El Digital de Asturias\",\"description\":\"Buenos Aires, 7 may (dpa) - La imagen de la gesti\\u00f3n del presidente argentino, Mauricio Macri, cay\\u00f3 en la \\u00faltima semana como consecuencia de la crisis del peso y el temor a que la subida de la cotizaci\\u00f3n del d\\u00f3lar se traslade a los precios y genere mayor inflaci\\u00f3n, seg\\u00fan un sondeo difundido hoy. El\",\"inLanguage\":\"es-ES\",\"isPartOf\":{\"@id\":\"https:\\\/\\\/www.eldigitaldeasturias.com\\\/noticias\\\/#website\"},\"breadcrumb\":{\"@id\":\"https:\\\/\\\/www.eldigitaldeasturias.com\\\/noticias\\\/cae-la-imagen-de-macri-por-la-crisis-del-peso\\\/#breadcrumblist\"},\"author\":{\"@id\":\"https:\\\/\\\/www.eldigitaldeasturias.com\\\/noticias\\\/author\\\/admin\\\/#author\"},\"creator\":{\"@id\":\"https:\\\/\\\/www.eldigitaldeasturias.com\\\/noticias\\\/author\\\/admin\\\/#author\"},\"image\":{\"@type\":\"ImageObject\",\"url\":978127,\"@id\":\"https:\\\/\\\/www.eldigitaldeasturias.com\\\/noticias\\\/cae-la-imagen-de-macri-por-la-crisis-del-peso\\\/#mainImage\"},\"primaryImageOfPage\":{\"@id\":\"https:\\\/\\\/www.eldigitaldeasturias.com\\\/noticias\\\/cae-la-imagen-de-macri-por-la-crisis-del-peso\\\/#mainImage\"},\"datePublished\":\"2018-05-07T23:30:29+02:00\",\"dateModified\":\"2018-05-07T23:30:29+02:00\"},{\"@type\":\"WebSite\",\"@id\":\"https:\\\/\\\/www.eldigitaldeasturias.com\\\/noticias\\\/#website\",\"url\":\"https:\\\/\\\/www.eldigitaldeasturias.com\\\/noticias\\\/\",\"name\":\"El Digital de Asturias - Diario de actualidad y noticias\",\"alternateName\":\"El Digital de Asturias - Diario de actualidad y noticias\",\"description\":\"Hemeroteca\",\"inLanguage\":\"es-ES\",\"publisher\":{\"@id\":\"https:\\\/\\\/www.eldigitaldeasturias.com\\\/noticias\\\/#organization\"}}]}\n\t\t<\/script>\n\t\t<!-- All in One SEO Pro -->\r\n\t\t<title>Cae la imagen de Macri por la crisis del peso - El Digital de Asturias<\/title>\n\n","aioseo_head_json":{"title":"Cae la imagen de Macri por la crisis del peso - El Digital de Asturias","description":"Buenos Aires, 7 may (dpa) - La imagen de la gesti\u00f3n del presidente argentino, Mauricio Macri, cay\u00f3 en la \u00faltima semana como consecuencia de la crisis del peso y el temor a que la subida de la cotizaci\u00f3n del d\u00f3lar se traslade a los precios y genere mayor inflaci\u00f3n, seg\u00fan un sondeo difundido hoy. El","canonical_url":"https:\/\/www.eldigitaldeasturias.com\/noticias\/cae-la-imagen-de-macri-por-la-crisis-del-peso\/","robots":"max-image-preview:large","keywords":"actualidad","webmasterTools":{"google-site-verification":"UA-38556648-1","msvalidate.01":"7dfe9f3f1b24437ab69f4f2559babe99","miscellaneous":""},"schema":{"@context":"https:\/\/schema.org","@graph":[{"@type":"BlogPosting","@id":"https:\/\/www.eldigitaldeasturias.com\/noticias\/cae-la-imagen-de-macri-por-la-crisis-del-peso\/#blogposting","name":"Cae la imagen de Macri por la crisis del peso - El Digital de Asturias","headline":"Cae la imagen de Macri por la crisis del peso","author":{"@id":"https:\/\/www.eldigitaldeasturias.com\/noticias\/author\/admin\/#author"},"publisher":{"@id":"https:\/\/www.eldigitaldeasturias.com\/noticias\/#organization"},"image":{"@type":"ImageObject","url":978127},"datePublished":"2018-05-07T23:30:29+02:00","dateModified":"2018-05-07T23:30:29+02:00","inLanguage":"es-ES","mainEntityOfPage":{"@id":"https:\/\/www.eldigitaldeasturias.com\/noticias\/cae-la-imagen-de-macri-por-la-crisis-del-peso\/#webpage"},"isPartOf":{"@id":"https:\/\/www.eldigitaldeasturias.com\/noticias\/cae-la-imagen-de-macri-por-la-crisis-del-peso\/#webpage"},"articleSection":"Actualidad"},{"@type":"BreadcrumbList","@id":"https:\/\/www.eldigitaldeasturias.com\/noticias\/cae-la-imagen-de-macri-por-la-crisis-del-peso\/#breadcrumblist","itemListElement":[{"@type":"ListItem","@id":"https:\/\/www.eldigitaldeasturias.com\/noticias#listItem","position":1,"name":"Home","item":"https:\/\/www.eldigitaldeasturias.com\/noticias","nextItem":{"@type":"ListItem","@id":"https:\/\/www.eldigitaldeasturias.com\/noticias\/category\/actualidad\/#listItem","name":"Actualidad"}},{"@type":"ListItem","@id":"https:\/\/www.eldigitaldeasturias.com\/noticias\/category\/actualidad\/#listItem","position":2,"name":"Actualidad","item":"https:\/\/www.eldigitaldeasturias.com\/noticias\/category\/actualidad\/","nextItem":{"@type":"ListItem","@id":"https:\/\/www.eldigitaldeasturias.com\/noticias\/cae-la-imagen-de-macri-por-la-crisis-del-peso\/#listItem","name":"Cae la imagen de Macri por la crisis del peso"},"previousItem":{"@type":"ListItem","@id":"https:\/\/www.eldigitaldeasturias.com\/noticias#listItem","name":"Home"}},{"@type":"ListItem","@id":"https:\/\/www.eldigitaldeasturias.com\/noticias\/cae-la-imagen-de-macri-por-la-crisis-del-peso\/#listItem","position":3,"name":"Cae la imagen de Macri por la crisis del peso","previousItem":{"@type":"ListItem","@id":"https:\/\/www.eldigitaldeasturias.com\/noticias\/category\/actualidad\/#listItem","name":"Actualidad"}}]},{"@type":"Organization","@id":"https:\/\/www.eldigitaldeasturias.com\/noticias\/#organization","name":"El Digital de Asturias","description":"Hemeroteca","url":"https:\/\/www.eldigitaldeasturias.com\/noticias\/","email":"info@eldigitaldeasturias.com","telephone":"+34652131393","logo":{"@type":"ImageObject","url":"https:\/\/www.eldigitaldeasturias.com\/noticias\/wp-content\/uploads\/2020\/12\/EDA.jpg","@id":"https:\/\/www.eldigitaldeasturias.com\/noticias\/cae-la-imagen-de-macri-por-la-crisis-del-peso\/#organizationLogo"},"image":{"@id":"https:\/\/www.eldigitaldeasturias.com\/noticias\/cae-la-imagen-de-macri-por-la-crisis-del-peso\/#organizationLogo"},"sameAs":["https:\/\/facebook.com\/eldigitaldeasturias","https:\/\/www.youtube.com\/channel\/UCZP-2wLEB9Rv6erhFmqVnvg"],"address":{"@id":"https:\/\/www.eldigitaldeasturias.com\/noticias\/#postaladdress","@type":"PostalAddress","streetAddress":"san antonio 4","postalCode":"33430","addressLocality":"Cand\u00e1s","addressRegion":"Asturias","addressCountry":"ES"}},{"@type":"Person","@id":"https:\/\/www.eldigitaldeasturias.com\/noticias\/author\/admin\/#author","url":"https:\/\/www.eldigitaldeasturias.com\/noticias\/author\/admin\/","name":"El Digital de Asturias","image":{"@type":"ImageObject","@id":"https:\/\/www.eldigitaldeasturias.com\/noticias\/cae-la-imagen-de-macri-por-la-crisis-del-peso\/#authorImage","url":"https:\/\/secure.gravatar.com\/avatar\/df2aeffc32bcd13f8d26072ef8a91b623d677766deac7f97ca815868cd41bf5e?s=96&d=mm&r=g","width":96,"height":96,"caption":"El Digital de Asturias"}},{"@type":"WebPage","@id":"https:\/\/www.eldigitaldeasturias.com\/noticias\/cae-la-imagen-de-macri-por-la-crisis-del-peso\/#webpage","url":"https:\/\/www.eldigitaldeasturias.com\/noticias\/cae-la-imagen-de-macri-por-la-crisis-del-peso\/","name":"Cae la imagen de Macri por la crisis del peso - El Digital de Asturias","description":"Buenos Aires, 7 may (dpa) - La imagen de la gesti\u00f3n del presidente argentino, Mauricio Macri, cay\u00f3 en la \u00faltima semana como consecuencia de la crisis del peso y el temor a que la subida de la cotizaci\u00f3n del d\u00f3lar se traslade a los precios y genere mayor inflaci\u00f3n, seg\u00fan un sondeo difundido hoy. El","inLanguage":"es-ES","isPartOf":{"@id":"https:\/\/www.eldigitaldeasturias.com\/noticias\/#website"},"breadcrumb":{"@id":"https:\/\/www.eldigitaldeasturias.com\/noticias\/cae-la-imagen-de-macri-por-la-crisis-del-peso\/#breadcrumblist"},"author":{"@id":"https:\/\/www.eldigitaldeasturias.com\/noticias\/author\/admin\/#author"},"creator":{"@id":"https:\/\/www.eldigitaldeasturias.com\/noticias\/author\/admin\/#author"},"image":{"@type":"ImageObject","url":978127,"@id":"https:\/\/www.eldigitaldeasturias.com\/noticias\/cae-la-imagen-de-macri-por-la-crisis-del-peso\/#mainImage"},"primaryImageOfPage":{"@id":"https:\/\/www.eldigitaldeasturias.com\/noticias\/cae-la-imagen-de-macri-por-la-crisis-del-peso\/#mainImage"},"datePublished":"2018-05-07T23:30:29+02:00","dateModified":"2018-05-07T23:30:29+02:00"},{"@type":"WebSite","@id":"https:\/\/www.eldigitaldeasturias.com\/noticias\/#website","url":"https:\/\/www.eldigitaldeasturias.com\/noticias\/","name":"El Digital de Asturias - Diario de actualidad y noticias","alternateName":"El Digital de Asturias - Diario de actualidad y noticias","description":"Hemeroteca","inLanguage":"es-ES","publisher":{"@id":"https:\/\/www.eldigitaldeasturias.com\/noticias\/#organization"}}]},"og:locale":"es_ES","og:site_name":"El Digital de Asturias","og:type":"article","og:title":"Cae la imagen de Macri por la crisis del peso - El Digital de Asturias","og:description":"Buenos Aires, 7 may (dpa) - La imagen de la gesti\u00f3n del presidente argentino, Mauricio Macri, cay\u00f3 en la \u00faltima semana como consecuencia de la crisis del peso y el temor a que la subida de la cotizaci\u00f3n del d\u00f3lar se traslade a los precios y genere mayor inflaci\u00f3n, seg\u00fan un sondeo difundido hoy. El","og:url":"https:\/\/www.eldigitaldeasturias.com\/noticias\/cae-la-imagen-de-macri-por-la-crisis-del-peso\/","article:tag":["actualidad"],"article:published_time":"2018-05-07T23:30:29+00:00","article:modified_time":"2018-05-07T23:30:29+00:00","article:publisher":"https:\/\/facebook.com\/eldigitaldeasturias","twitter:card":"summary_large_image","twitter:title":"Cae la imagen de Macri por la crisis del peso - El Digital de Asturias","twitter:description":"Buenos Aires, 7 may (dpa) - La imagen de la gesti\u00f3n del presidente argentino, Mauricio Macri, cay\u00f3 en la \u00faltima semana como consecuencia de la crisis del peso y el temor a que la subida de la cotizaci\u00f3n del d\u00f3lar se traslade a los precios y genere mayor inflaci\u00f3n, seg\u00fan un sondeo difundido hoy. El","twitter:image":"https:\/\/www.eldigitaldeasturias.com\/noticias\/wp-content\/uploads\/2020\/12\/EDA-1.jpg","twitter:label1":"Escrito por","twitter:data1":"El Digital de Asturias","twitter:label2":"Tiempo de lectura estimado","twitter:data2":"1 minuto"},"aioseo_meta_data":{"post_id":"979500","title":null,"description":null,"keywords":null,"keyphrases":null,"primary_term":null,"canonical_url":null,"og_title":null,"og_description":null,"og_object_type":"default","og_image_type":"default","og_image_url":null,"og_image_width":null,"og_image_height":null,"og_image_custom_url":null,"og_image_custom_fields":null,"og_video":null,"og_custom_url":null,"og_article_section":null,"og_article_tags":null,"twitter_use_og":false,"twitter_card":"default","twitter_image_type":"default","twitter_image_url":null,"twitter_image_custom_url":null,"twitter_image_custom_fields":null,"twitter_title":null,"twitter_description":null,"schema":{"blockGraphs":[],"customGraphs":[],"default":{"data":{"Article":[],"Course":[],"Dataset":[],"FAQPage":[],"Movie":[],"Person":[],"Product":[],"ProductReview":[],"Car":[],"Recipe":[],"Service":[],"SoftwareApplication":[],"WebPage":[]},"graphName":"","isEnabled":true},"graphs":[],"defaultGraph":"","defaultPostTypeGraph":""},"schema_type":null,"schema_type_options":null,"pillar_content":false,"robots_default":true,"robots_noindex":false,"robots_noarchive":false,"robots_nosnippet":false,"robots_nofollow":false,"robots_noimageindex":false,"robots_noodp":false,"robots_notranslate":false,"robots_max_snippet":null,"robots_max_videopreview":null,"robots_max_imagepreview":"large","priority":null,"frequency":null,"local_seo":null,"seo_analyzer_scan_date":"2025-10-08 14:33:08","breadcrumb_settings":null,"limit_modified_date":false,"open_ai":null,"ai":null,"created":"2020-12-21 11:59:38","updated":"2025-10-08 14:33:08","focus_keyword":null,"additional_keywords":null,"truseo_locale":null},"aioseo_breadcrumb":"<div class=\"aioseo-breadcrumbs\"><span class=\"aioseo-breadcrumb\">\n\t<a href=\"https:\/\/www.eldigitaldeasturias.com\/noticias\" title=\"Home\">Home<\/a>\n<\/span><span class=\"aioseo-breadcrumb-separator\">\u2013<\/span><span class=\"aioseo-breadcrumb\">\n\t<a href=\"https:\/\/www.eldigitaldeasturias.com\/noticias\/category\/actualidad\/\" title=\"Actualidad\">Actualidad<\/a>\n<\/span><span class=\"aioseo-breadcrumb-separator\">\u2013<\/span><span class=\"aioseo-breadcrumb\">\n\t<a href=\"https:\/\/www.eldigitaldeasturias.com\/noticias\/cae-la-imagen-de-macri-por-la-crisis-del-peso\/\" title=\"Cae la imagen de Macri por la crisis del peso\">Cae la imagen de Macri por la crisis del peso<\/a>\n<\/span><\/div>","aioseo_breadcrumb_json":[{"label":"Home","link":"https:\/\/www.eldigitaldeasturias.com\/noticias"},{"label":"Actualidad","link":"https:\/\/www.eldigitaldeasturias.com\/noticias\/category\/actualidad\/"},{"label":"Cae la imagen de Macri por la crisis del peso","link":"https:\/\/www.eldigitaldeasturias.com\/noticias\/cae-la-imagen-de-macri-por-la-crisis-del-peso\/"}],"_links":{"self":[{"href":"https:\/\/www.eldigitaldeasturias.com\/noticias\/wp-json\/wp\/v2\/posts\/979500","targetHints":{"allow":["GET"]}}],"collection":[{"href":"https:\/\/www.eldigitaldeasturias.com\/noticias\/wp-json\/wp\/v2\/posts"}],"about":[{"href":"https:\/\/www.eldigitaldeasturias.com\/noticias\/wp-json\/wp\/v2\/types\/post"}],"author":[{"embeddable":true,"href":"https:\/\/www.eldigitaldeasturias.com\/noticias\/wp-json\/wp\/v2\/users\/1"}],"replies":[{"embeddable":true,"href":"https:\/\/www.eldigitaldeasturias.com\/noticias\/wp-json\/wp\/v2\/comments?post=979500"}],"version-history":[{"count":0,"href":"https:\/\/www.eldigitaldeasturias.com\/noticias\/wp-json\/wp\/v2\/posts\/979500\/revisions"}],"wp:attachment":[{"href":"https:\/\/www.eldigitaldeasturias.com\/noticias\/wp-json\/wp\/v2\/media?parent=979500"}],"wp:term":[{"taxonomy":"category","embeddable":true,"href":"https:\/\/www.eldigitaldeasturias.com\/noticias\/wp-json\/wp\/v2\/categories?post=979500"},{"taxonomy":"post_tag","embeddable":true,"href":"https:\/\/www.eldigitaldeasturias.com\/noticias\/wp-json\/wp\/v2\/tags?post=979500"}],"curies":[{"name":"wp","href":"https:\/\/api.w.org\/{rel}","templated":true}]}}