{"id":979493,"date":"2018-05-07T23:24:43","date_gmt":"2018-05-07T23:24:43","guid":{"rendered":"http:\/\/www.eldigitaldeasturias.com\/noticias\/?p=979493"},"modified":"2018-05-07T23:24:43","modified_gmt":"2018-05-07T23:24:43","slug":"rajoy-intentara-frenar-una-investidura-de-puigdemont-a-distancia","status":"publish","type":"post","link":"https:\/\/www.eldigitaldeasturias.com\/noticias\/rajoy-intentara-frenar-una-investidura-de-puigdemont-a-distancia\/","title":{"rendered":"Rajoy intentar\u00e1 frenar una investidura de Puigdemont a distancia"},"content":{"rendered":"<p><img loading=\"lazy\" decoding=\"async\" class=\"alignleft size-medium wp-image-979340\" src=\"https:\/\/www.eldigitaldeasturias.com\/noticias\/wp-content\/uploads\/2018\/05\/RAJOY-PP-360x214.jpg\" alt=\"\" width=\"360\" height=\"214\" \/>Madrid, 7 may (dpa) &#8211; El jefe del Gobierno espa\u00f1ol, Mariano Rajoy, comunic\u00f3 hoy a su partido que recurrir\u00e1 ante la Justicia la reforma legislativa que aprob\u00f3 hace unos d\u00edas el Parlamento de Catalu\u00f1a para facilitar una posible investidura a distancia del independentista Carles Puigdemont, quien se encuentra en Alemania.<\/p>\n<p>La decisi\u00f3n lleg\u00f3 despu\u00e9s de que el Consejo de Estado, \u00f3rgano consultivo del Ejecutivo espa\u00f1ol, avalara en un informe un eventual recurso ante el Tribunal Constitucional contra la reforma de la llamada Ley de Presidencia en Catalu\u00f1a.<\/p>\n<p>\u00abHemos debatido y confirmado que el Gobierno va a continuar impugnando y recurriendo esta decisi\u00f3n, como lo ha hecho en m\u00e1s de 20 ocasiones ante el Tribunal Constitucional\u00bb, anunci\u00f3 el coordinador general del Partido Popular (PP) de Rajoy, Fernando Mart\u00ednez-Maillo.<\/p>\n<p>El Parlamento de Catalu\u00f1a dio luz verde a la reforma legal el pasado 4 de mayo para tratar de nombrar a distancia a Puigdemont presidente del Gobierno de Catalu\u00f1a y desbloquear as\u00ed la situaci\u00f3n pol\u00edtica en la regi\u00f3n, cuya autonom\u00eda est\u00e1 intervenida por Madrid desde octubre.<\/p>\n<p>El Ejecutivo de Rajoy hab\u00eda advertido ya que la impugnar\u00eda ante el Constitucional, tribunal que ya el pasado enero se posicion\u00f3 en contra de una investidura a distancia de Puigdemont.<\/p>\n<p>El ex jefe del Gobierno catal\u00e1n, destituido por Madrid en octubre, se encuentra en Alemania a la espera de que la Justicia de ese pa\u00eds decida si lo entrega a Espa\u00f1a, donde est\u00e1 siendo investigado por un delito de rebeli\u00f3n vinculado a sus planes separatistas.<\/p>\n<p>El 21 de mayo concluye en Catalu\u00f1a el plazo para formar Gobierno. Si ese d\u00eda no hay investido un presidente, se convocar\u00e1n de forma autom\u00e1tica nuevas elecciones en la regi\u00f3n espa\u00f1ola, de 7,5 millones de habitantes.<\/p>\n","protected":false},"excerpt":{"rendered":"<p>Madrid, 7 may (dpa) &#8211; El jefe del Gobierno espa\u00f1ol, Mariano Rajoy, comunic\u00f3 hoy a su partido que recurrir\u00e1 ante la Justicia la reforma legislativa que aprob\u00f3 hace unos d\u00edas el Parlamento de Catalu\u00f1a para facilitar una posible investidura a distancia del independentista Carles Puigdemont, quien se encuentra en Alemania. La decisi\u00f3n lleg\u00f3 despu\u00e9s de [&hellip;]<\/p>\n","protected":false},"author":1,"featured_media":979340,"comment_status":"closed","ping_status":"closed","sticky":false,"template":"","format":"standard","meta":{"footnotes":""},"categories":[1],"tags":[],"class_list":["post-979493","post","type-post","status-publish","format-standard","has-post-thumbnail","hentry","category-actualidad"],"aioseo_notices":[],"aioseo_head":"\n\t\t<!-- All in One SEO Pro 5.0.1 - aioseo.com -->\n\t<meta name=\"description\" content=\"Madrid, 7 may (dpa) - El jefe del Gobierno espa\u00f1ol, Mariano Rajoy, comunic\u00f3 hoy a su partido que recurrir\u00e1 ante la Justicia la reforma legislativa que aprob\u00f3 hace unos d\u00edas el Parlamento de Catalu\u00f1a para facilitar una posible investidura a distancia del independentista Carles Puigdemont, quien se encuentra en Alemania. La decisi\u00f3n lleg\u00f3 despu\u00e9s de\" \/>\n\t<meta name=\"robots\" content=\"max-image-preview:large\" \/>\n\t<meta name=\"author\" content=\"El Digital de Asturias\"\/>\n\t<meta name=\"google-site-verification\" content=\"UA-38556648-1\" \/>\n\t<meta name=\"msvalidate.01\" content=\"7dfe9f3f1b24437ab69f4f2559babe99\" \/>\n\t<meta name=\"keywords\" content=\"actualidad\" \/>\n\t<link rel=\"canonical\" href=\"https:\/\/www.eldigitaldeasturias.com\/noticias\/rajoy-intentara-frenar-una-investidura-de-puigdemont-a-distancia\/\" \/>\n\t<meta name=\"generator\" content=\"All in One SEO Pro (AIOSEO) 5.0.1\" \/>\n\t\t<meta property=\"og:locale\" content=\"es_ES\" \/>\n\t\t<meta property=\"og:site_name\" content=\"El Digital de Asturias\" \/>\n\t\t<meta property=\"og:type\" content=\"article\" \/>\n\t\t<meta property=\"og:title\" content=\"Rajoy intentar\u00e1 frenar una investidura de Puigdemont a distancia - El Digital de Asturias\" \/>\n\t\t<meta property=\"og:description\" content=\"Madrid, 7 may (dpa) - El jefe del Gobierno espa\u00f1ol, Mariano Rajoy, comunic\u00f3 hoy a su partido que recurrir\u00e1 ante la Justicia la reforma legislativa que aprob\u00f3 hace unos d\u00edas el Parlamento de Catalu\u00f1a para facilitar una posible investidura a distancia del independentista Carles Puigdemont, quien se encuentra en Alemania. La decisi\u00f3n lleg\u00f3 despu\u00e9s de\" \/>\n\t\t<meta property=\"og:url\" content=\"https:\/\/www.eldigitaldeasturias.com\/noticias\/rajoy-intentara-frenar-una-investidura-de-puigdemont-a-distancia\/\" \/>\n\t\t<meta property=\"article:tag\" content=\"actualidad\" \/>\n\t\t<meta property=\"article:published_time\" content=\"2018-05-07T23:24:43+00:00\" \/>\n\t\t<meta property=\"article:modified_time\" content=\"2018-05-07T23:24:43+00:00\" \/>\n\t\t<meta property=\"article:publisher\" content=\"https:\/\/facebook.com\/eldigitaldeasturias\" \/>\n\t\t<meta name=\"twitter:card\" content=\"summary_large_image\" \/>\n\t\t<meta name=\"twitter:title\" content=\"Rajoy intentar\u00e1 frenar una investidura de Puigdemont a distancia - El Digital de Asturias\" \/>\n\t\t<meta name=\"twitter:description\" content=\"Madrid, 7 may (dpa) - El jefe del Gobierno espa\u00f1ol, Mariano Rajoy, comunic\u00f3 hoy a su partido que recurrir\u00e1 ante la Justicia la reforma legislativa que aprob\u00f3 hace unos d\u00edas el Parlamento de Catalu\u00f1a para facilitar una posible investidura a distancia del independentista Carles Puigdemont, quien se encuentra en Alemania. La decisi\u00f3n lleg\u00f3 despu\u00e9s de\" \/>\n\t\t<meta name=\"twitter:image\" content=\"https:\/\/www.eldigitaldeasturias.com\/noticias\/wp-content\/uploads\/2020\/12\/EDA-1.jpg\" \/>\n\t\t<meta name=\"twitter:label1\" content=\"Escrito por\" \/>\n\t\t<meta name=\"twitter:data1\" content=\"El Digital de Asturias\" \/>\n\t\t<meta name=\"twitter:label2\" content=\"Tiempo de lectura estimado\" \/>\n\t\t<meta name=\"twitter:data2\" content=\"2 minutos\" \/>\n\t\t<script type=\"application\/ld+json\" class=\"aioseo-schema\">\n\t\t\t{\"@context\":\"https:\\\/\\\/schema.org\",\"@graph\":[{\"@type\":\"BlogPosting\",\"@id\":\"https:\\\/\\\/www.eldigitaldeasturias.com\\\/noticias\\\/rajoy-intentara-frenar-una-investidura-de-puigdemont-a-distancia\\\/#blogposting\",\"name\":\"Rajoy intentar\\u00e1 frenar una investidura de Puigdemont a distancia - El Digital de Asturias\",\"headline\":\"Rajoy intentar\\u00e1 frenar una investidura de Puigdemont a distancia\",\"author\":{\"@id\":\"https:\\\/\\\/www.eldigitaldeasturias.com\\\/noticias\\\/author\\\/admin\\\/#author\"},\"publisher\":{\"@id\":\"https:\\\/\\\/www.eldigitaldeasturias.com\\\/noticias\\\/#organization\"},\"image\":{\"@type\":\"ImageObject\",\"url\":979340},\"datePublished\":\"2018-05-07T23:24:43+02:00\",\"dateModified\":\"2018-05-07T23:24:43+02:00\",\"inLanguage\":\"es-ES\",\"mainEntityOfPage\":{\"@id\":\"https:\\\/\\\/www.eldigitaldeasturias.com\\\/noticias\\\/rajoy-intentara-frenar-una-investidura-de-puigdemont-a-distancia\\\/#webpage\"},\"isPartOf\":{\"@id\":\"https:\\\/\\\/www.eldigitaldeasturias.com\\\/noticias\\\/rajoy-intentara-frenar-una-investidura-de-puigdemont-a-distancia\\\/#webpage\"},\"articleSection\":\"Actualidad\"},{\"@type\":\"BreadcrumbList\",\"@id\":\"https:\\\/\\\/www.eldigitaldeasturias.com\\\/noticias\\\/rajoy-intentara-frenar-una-investidura-de-puigdemont-a-distancia\\\/#breadcrumblist\",\"itemListElement\":[{\"@type\":\"ListItem\",\"@id\":\"https:\\\/\\\/www.eldigitaldeasturias.com\\\/noticias#listItem\",\"position\":1,\"name\":\"Home\",\"item\":\"https:\\\/\\\/www.eldigitaldeasturias.com\\\/noticias\",\"nextItem\":{\"@type\":\"ListItem\",\"@id\":\"https:\\\/\\\/www.eldigitaldeasturias.com\\\/noticias\\\/category\\\/actualidad\\\/#listItem\",\"name\":\"Actualidad\"}},{\"@type\":\"ListItem\",\"@id\":\"https:\\\/\\\/www.eldigitaldeasturias.com\\\/noticias\\\/category\\\/actualidad\\\/#listItem\",\"position\":2,\"name\":\"Actualidad\",\"item\":\"https:\\\/\\\/www.eldigitaldeasturias.com\\\/noticias\\\/category\\\/actualidad\\\/\",\"nextItem\":{\"@type\":\"ListItem\",\"@id\":\"https:\\\/\\\/www.eldigitaldeasturias.com\\\/noticias\\\/rajoy-intentara-frenar-una-investidura-de-puigdemont-a-distancia\\\/#listItem\",\"name\":\"Rajoy intentar\\u00e1 frenar una investidura de Puigdemont a distancia\"},\"previousItem\":{\"@type\":\"ListItem\",\"@id\":\"https:\\\/\\\/www.eldigitaldeasturias.com\\\/noticias#listItem\",\"name\":\"Home\"}},{\"@type\":\"ListItem\",\"@id\":\"https:\\\/\\\/www.eldigitaldeasturias.com\\\/noticias\\\/rajoy-intentara-frenar-una-investidura-de-puigdemont-a-distancia\\\/#listItem\",\"position\":3,\"name\":\"Rajoy intentar\\u00e1 frenar una investidura de Puigdemont a distancia\",\"previousItem\":{\"@type\":\"ListItem\",\"@id\":\"https:\\\/\\\/www.eldigitaldeasturias.com\\\/noticias\\\/category\\\/actualidad\\\/#listItem\",\"name\":\"Actualidad\"}}]},{\"@type\":\"Organization\",\"@id\":\"https:\\\/\\\/www.eldigitaldeasturias.com\\\/noticias\\\/#organization\",\"name\":\"El Digital de Asturias\",\"description\":\"Hemeroteca\",\"url\":\"https:\\\/\\\/www.eldigitaldeasturias.com\\\/noticias\\\/\",\"email\":\"info@eldigitaldeasturias.com\",\"telephone\":\"+34652131393\",\"logo\":{\"@type\":\"ImageObject\",\"url\":\"https:\\\/\\\/www.eldigitaldeasturias.com\\\/noticias\\\/wp-content\\\/uploads\\\/2020\\\/12\\\/EDA.jpg\",\"@id\":\"https:\\\/\\\/www.eldigitaldeasturias.com\\\/noticias\\\/rajoy-intentara-frenar-una-investidura-de-puigdemont-a-distancia\\\/#organizationLogo\"},\"image\":{\"@id\":\"https:\\\/\\\/www.eldigitaldeasturias.com\\\/noticias\\\/rajoy-intentara-frenar-una-investidura-de-puigdemont-a-distancia\\\/#organizationLogo\"},\"sameAs\":[\"https:\\\/\\\/facebook.com\\\/eldigitaldeasturias\",\"https:\\\/\\\/www.youtube.com\\\/channel\\\/UCZP-2wLEB9Rv6erhFmqVnvg\"],\"address\":{\"@id\":\"https:\\\/\\\/www.eldigitaldeasturias.com\\\/noticias\\\/#postaladdress\",\"@type\":\"PostalAddress\",\"streetAddress\":\"san antonio 4\",\"postalCode\":\"33430\",\"addressLocality\":\"Cand\\u00e1s\",\"addressRegion\":\"Asturias\",\"addressCountry\":\"ES\"}},{\"@type\":\"Person\",\"@id\":\"https:\\\/\\\/www.eldigitaldeasturias.com\\\/noticias\\\/author\\\/admin\\\/#author\",\"url\":\"https:\\\/\\\/www.eldigitaldeasturias.com\\\/noticias\\\/author\\\/admin\\\/\",\"name\":\"El Digital de Asturias\",\"image\":{\"@type\":\"ImageObject\",\"@id\":\"https:\\\/\\\/www.eldigitaldeasturias.com\\\/noticias\\\/rajoy-intentara-frenar-una-investidura-de-puigdemont-a-distancia\\\/#authorImage\",\"url\":\"https:\\\/\\\/secure.gravatar.com\\\/avatar\\\/df2aeffc32bcd13f8d26072ef8a91b623d677766deac7f97ca815868cd41bf5e?s=96&d=mm&r=g\",\"width\":96,\"height\":96,\"caption\":\"El Digital de Asturias\"}},{\"@type\":\"WebPage\",\"@id\":\"https:\\\/\\\/www.eldigitaldeasturias.com\\\/noticias\\\/rajoy-intentara-frenar-una-investidura-de-puigdemont-a-distancia\\\/#webpage\",\"url\":\"https:\\\/\\\/www.eldigitaldeasturias.com\\\/noticias\\\/rajoy-intentara-frenar-una-investidura-de-puigdemont-a-distancia\\\/\",\"name\":\"Rajoy intentar\\u00e1 frenar una investidura de Puigdemont a distancia - El Digital de Asturias\",\"description\":\"Madrid, 7 may (dpa) - El jefe del Gobierno espa\\u00f1ol, Mariano Rajoy, comunic\\u00f3 hoy a su partido que recurrir\\u00e1 ante la Justicia la reforma legislativa que aprob\\u00f3 hace unos d\\u00edas el Parlamento de Catalu\\u00f1a para facilitar una posible investidura a distancia del independentista Carles Puigdemont, quien se encuentra en Alemania. La decisi\\u00f3n lleg\\u00f3 despu\\u00e9s de\",\"inLanguage\":\"es-ES\",\"isPartOf\":{\"@id\":\"https:\\\/\\\/www.eldigitaldeasturias.com\\\/noticias\\\/#website\"},\"breadcrumb\":{\"@id\":\"https:\\\/\\\/www.eldigitaldeasturias.com\\\/noticias\\\/rajoy-intentara-frenar-una-investidura-de-puigdemont-a-distancia\\\/#breadcrumblist\"},\"author\":{\"@id\":\"https:\\\/\\\/www.eldigitaldeasturias.com\\\/noticias\\\/author\\\/admin\\\/#author\"},\"creator\":{\"@id\":\"https:\\\/\\\/www.eldigitaldeasturias.com\\\/noticias\\\/author\\\/admin\\\/#author\"},\"image\":{\"@type\":\"ImageObject\",\"url\":979340,\"@id\":\"https:\\\/\\\/www.eldigitaldeasturias.com\\\/noticias\\\/rajoy-intentara-frenar-una-investidura-de-puigdemont-a-distancia\\\/#mainImage\"},\"primaryImageOfPage\":{\"@id\":\"https:\\\/\\\/www.eldigitaldeasturias.com\\\/noticias\\\/rajoy-intentara-frenar-una-investidura-de-puigdemont-a-distancia\\\/#mainImage\"},\"datePublished\":\"2018-05-07T23:24:43+02:00\",\"dateModified\":\"2018-05-07T23:24:43+02:00\"},{\"@type\":\"WebSite\",\"@id\":\"https:\\\/\\\/www.eldigitaldeasturias.com\\\/noticias\\\/#website\",\"url\":\"https:\\\/\\\/www.eldigitaldeasturias.com\\\/noticias\\\/\",\"name\":\"El Digital de Asturias - Diario de actualidad y noticias\",\"alternateName\":\"El Digital de Asturias - Diario de actualidad y noticias\",\"description\":\"Hemeroteca\",\"inLanguage\":\"es-ES\",\"publisher\":{\"@id\":\"https:\\\/\\\/www.eldigitaldeasturias.com\\\/noticias\\\/#organization\"}}]}\n\t\t<\/script>\n\t\t<!-- All in One SEO Pro -->\r\n\t\t<title>Rajoy intentar\u00e1 frenar una investidura de Puigdemont a distancia - El Digital de Asturias<\/title>\n\n","aioseo_head_json":{"title":"Rajoy intentar\u00e1 frenar una investidura de Puigdemont a distancia - El Digital de Asturias","description":"Madrid, 7 may (dpa) - El jefe del Gobierno espa\u00f1ol, Mariano Rajoy, comunic\u00f3 hoy a su partido que recurrir\u00e1 ante la Justicia la reforma legislativa que aprob\u00f3 hace unos d\u00edas el Parlamento de Catalu\u00f1a para facilitar una posible investidura a distancia del independentista Carles Puigdemont, quien se encuentra en Alemania. La decisi\u00f3n lleg\u00f3 despu\u00e9s de","canonical_url":"https:\/\/www.eldigitaldeasturias.com\/noticias\/rajoy-intentara-frenar-una-investidura-de-puigdemont-a-distancia\/","robots":"max-image-preview:large","keywords":"actualidad","webmasterTools":{"google-site-verification":"UA-38556648-1","msvalidate.01":"7dfe9f3f1b24437ab69f4f2559babe99","miscellaneous":""},"schema":{"@context":"https:\/\/schema.org","@graph":[{"@type":"BlogPosting","@id":"https:\/\/www.eldigitaldeasturias.com\/noticias\/rajoy-intentara-frenar-una-investidura-de-puigdemont-a-distancia\/#blogposting","name":"Rajoy intentar\u00e1 frenar una investidura de Puigdemont a distancia - El Digital de Asturias","headline":"Rajoy intentar\u00e1 frenar una investidura de Puigdemont a distancia","author":{"@id":"https:\/\/www.eldigitaldeasturias.com\/noticias\/author\/admin\/#author"},"publisher":{"@id":"https:\/\/www.eldigitaldeasturias.com\/noticias\/#organization"},"image":{"@type":"ImageObject","url":979340},"datePublished":"2018-05-07T23:24:43+02:00","dateModified":"2018-05-07T23:24:43+02:00","inLanguage":"es-ES","mainEntityOfPage":{"@id":"https:\/\/www.eldigitaldeasturias.com\/noticias\/rajoy-intentara-frenar-una-investidura-de-puigdemont-a-distancia\/#webpage"},"isPartOf":{"@id":"https:\/\/www.eldigitaldeasturias.com\/noticias\/rajoy-intentara-frenar-una-investidura-de-puigdemont-a-distancia\/#webpage"},"articleSection":"Actualidad"},{"@type":"BreadcrumbList","@id":"https:\/\/www.eldigitaldeasturias.com\/noticias\/rajoy-intentara-frenar-una-investidura-de-puigdemont-a-distancia\/#breadcrumblist","itemListElement":[{"@type":"ListItem","@id":"https:\/\/www.eldigitaldeasturias.com\/noticias#listItem","position":1,"name":"Home","item":"https:\/\/www.eldigitaldeasturias.com\/noticias","nextItem":{"@type":"ListItem","@id":"https:\/\/www.eldigitaldeasturias.com\/noticias\/category\/actualidad\/#listItem","name":"Actualidad"}},{"@type":"ListItem","@id":"https:\/\/www.eldigitaldeasturias.com\/noticias\/category\/actualidad\/#listItem","position":2,"name":"Actualidad","item":"https:\/\/www.eldigitaldeasturias.com\/noticias\/category\/actualidad\/","nextItem":{"@type":"ListItem","@id":"https:\/\/www.eldigitaldeasturias.com\/noticias\/rajoy-intentara-frenar-una-investidura-de-puigdemont-a-distancia\/#listItem","name":"Rajoy intentar\u00e1 frenar una investidura de Puigdemont a distancia"},"previousItem":{"@type":"ListItem","@id":"https:\/\/www.eldigitaldeasturias.com\/noticias#listItem","name":"Home"}},{"@type":"ListItem","@id":"https:\/\/www.eldigitaldeasturias.com\/noticias\/rajoy-intentara-frenar-una-investidura-de-puigdemont-a-distancia\/#listItem","position":3,"name":"Rajoy intentar\u00e1 frenar una investidura de Puigdemont a distancia","previousItem":{"@type":"ListItem","@id":"https:\/\/www.eldigitaldeasturias.com\/noticias\/category\/actualidad\/#listItem","name":"Actualidad"}}]},{"@type":"Organization","@id":"https:\/\/www.eldigitaldeasturias.com\/noticias\/#organization","name":"El Digital de Asturias","description":"Hemeroteca","url":"https:\/\/www.eldigitaldeasturias.com\/noticias\/","email":"info@eldigitaldeasturias.com","telephone":"+34652131393","logo":{"@type":"ImageObject","url":"https:\/\/www.eldigitaldeasturias.com\/noticias\/wp-content\/uploads\/2020\/12\/EDA.jpg","@id":"https:\/\/www.eldigitaldeasturias.com\/noticias\/rajoy-intentara-frenar-una-investidura-de-puigdemont-a-distancia\/#organizationLogo"},"image":{"@id":"https:\/\/www.eldigitaldeasturias.com\/noticias\/rajoy-intentara-frenar-una-investidura-de-puigdemont-a-distancia\/#organizationLogo"},"sameAs":["https:\/\/facebook.com\/eldigitaldeasturias","https:\/\/www.youtube.com\/channel\/UCZP-2wLEB9Rv6erhFmqVnvg"],"address":{"@id":"https:\/\/www.eldigitaldeasturias.com\/noticias\/#postaladdress","@type":"PostalAddress","streetAddress":"san antonio 4","postalCode":"33430","addressLocality":"Cand\u00e1s","addressRegion":"Asturias","addressCountry":"ES"}},{"@type":"Person","@id":"https:\/\/www.eldigitaldeasturias.com\/noticias\/author\/admin\/#author","url":"https:\/\/www.eldigitaldeasturias.com\/noticias\/author\/admin\/","name":"El Digital de Asturias","image":{"@type":"ImageObject","@id":"https:\/\/www.eldigitaldeasturias.com\/noticias\/rajoy-intentara-frenar-una-investidura-de-puigdemont-a-distancia\/#authorImage","url":"https:\/\/secure.gravatar.com\/avatar\/df2aeffc32bcd13f8d26072ef8a91b623d677766deac7f97ca815868cd41bf5e?s=96&d=mm&r=g","width":96,"height":96,"caption":"El Digital de Asturias"}},{"@type":"WebPage","@id":"https:\/\/www.eldigitaldeasturias.com\/noticias\/rajoy-intentara-frenar-una-investidura-de-puigdemont-a-distancia\/#webpage","url":"https:\/\/www.eldigitaldeasturias.com\/noticias\/rajoy-intentara-frenar-una-investidura-de-puigdemont-a-distancia\/","name":"Rajoy intentar\u00e1 frenar una investidura de Puigdemont a distancia - El Digital de Asturias","description":"Madrid, 7 may (dpa) - El jefe del Gobierno espa\u00f1ol, Mariano Rajoy, comunic\u00f3 hoy a su partido que recurrir\u00e1 ante la Justicia la reforma legislativa que aprob\u00f3 hace unos d\u00edas el Parlamento de Catalu\u00f1a para facilitar una posible investidura a distancia del independentista Carles Puigdemont, quien se encuentra en Alemania. La decisi\u00f3n lleg\u00f3 despu\u00e9s de","inLanguage":"es-ES","isPartOf":{"@id":"https:\/\/www.eldigitaldeasturias.com\/noticias\/#website"},"breadcrumb":{"@id":"https:\/\/www.eldigitaldeasturias.com\/noticias\/rajoy-intentara-frenar-una-investidura-de-puigdemont-a-distancia\/#breadcrumblist"},"author":{"@id":"https:\/\/www.eldigitaldeasturias.com\/noticias\/author\/admin\/#author"},"creator":{"@id":"https:\/\/www.eldigitaldeasturias.com\/noticias\/author\/admin\/#author"},"image":{"@type":"ImageObject","url":979340,"@id":"https:\/\/www.eldigitaldeasturias.com\/noticias\/rajoy-intentara-frenar-una-investidura-de-puigdemont-a-distancia\/#mainImage"},"primaryImageOfPage":{"@id":"https:\/\/www.eldigitaldeasturias.com\/noticias\/rajoy-intentara-frenar-una-investidura-de-puigdemont-a-distancia\/#mainImage"},"datePublished":"2018-05-07T23:24:43+02:00","dateModified":"2018-05-07T23:24:43+02:00"},{"@type":"WebSite","@id":"https:\/\/www.eldigitaldeasturias.com\/noticias\/#website","url":"https:\/\/www.eldigitaldeasturias.com\/noticias\/","name":"El Digital de Asturias - Diario de actualidad y noticias","alternateName":"El Digital de Asturias - Diario de actualidad y noticias","description":"Hemeroteca","inLanguage":"es-ES","publisher":{"@id":"https:\/\/www.eldigitaldeasturias.com\/noticias\/#organization"}}]},"og:locale":"es_ES","og:site_name":"El Digital de Asturias","og:type":"article","og:title":"Rajoy intentar\u00e1 frenar una investidura de Puigdemont a distancia - El Digital de Asturias","og:description":"Madrid, 7 may (dpa) - El jefe del Gobierno espa\u00f1ol, Mariano Rajoy, comunic\u00f3 hoy a su partido que recurrir\u00e1 ante la Justicia la reforma legislativa que aprob\u00f3 hace unos d\u00edas el Parlamento de Catalu\u00f1a para facilitar una posible investidura a distancia del independentista Carles Puigdemont, quien se encuentra en Alemania. La decisi\u00f3n lleg\u00f3 despu\u00e9s de","og:url":"https:\/\/www.eldigitaldeasturias.com\/noticias\/rajoy-intentara-frenar-una-investidura-de-puigdemont-a-distancia\/","article:tag":["actualidad"],"article:published_time":"2018-05-07T23:24:43+00:00","article:modified_time":"2018-05-07T23:24:43+00:00","article:publisher":"https:\/\/facebook.com\/eldigitaldeasturias","twitter:card":"summary_large_image","twitter:title":"Rajoy intentar\u00e1 frenar una investidura de Puigdemont a distancia - El Digital de Asturias","twitter:description":"Madrid, 7 may (dpa) - El jefe del Gobierno espa\u00f1ol, Mariano Rajoy, comunic\u00f3 hoy a su partido que recurrir\u00e1 ante la Justicia la reforma legislativa que aprob\u00f3 hace unos d\u00edas el Parlamento de Catalu\u00f1a para facilitar una posible investidura a distancia del independentista Carles Puigdemont, quien se encuentra en Alemania. La decisi\u00f3n lleg\u00f3 despu\u00e9s de","twitter:image":"https:\/\/www.eldigitaldeasturias.com\/noticias\/wp-content\/uploads\/2020\/12\/EDA-1.jpg","twitter:label1":"Escrito por","twitter:data1":"El Digital de Asturias","twitter:label2":"Tiempo de lectura estimado","twitter:data2":"2 minutos"},"aioseo_meta_data":{"post_id":"979493","title":null,"description":null,"keywords":null,"keyphrases":null,"primary_term":null,"canonical_url":null,"og_title":null,"og_description":null,"og_object_type":"default","og_image_type":"default","og_image_url":null,"og_image_width":null,"og_image_height":null,"og_image_custom_url":null,"og_image_custom_fields":null,"og_video":null,"og_custom_url":null,"og_article_section":null,"og_article_tags":null,"twitter_use_og":false,"twitter_card":"default","twitter_image_type":"default","twitter_image_url":null,"twitter_image_custom_url":null,"twitter_image_custom_fields":null,"twitter_title":null,"twitter_description":null,"schema":{"blockGraphs":[],"customGraphs":[],"default":{"data":{"Article":[],"Course":[],"Dataset":[],"FAQPage":[],"Movie":[],"Person":[],"Product":[],"ProductReview":[],"Car":[],"Recipe":[],"Service":[],"SoftwareApplication":[],"WebPage":[]},"graphName":"","isEnabled":true},"graphs":[],"defaultGraph":"","defaultPostTypeGraph":""},"schema_type":null,"schema_type_options":null,"pillar_content":false,"robots_default":true,"robots_noindex":false,"robots_noarchive":false,"robots_nosnippet":false,"robots_nofollow":false,"robots_noimageindex":false,"robots_noodp":false,"robots_notranslate":false,"robots_max_snippet":null,"robots_max_videopreview":null,"robots_max_imagepreview":"large","priority":null,"frequency":null,"local_seo":null,"seo_analyzer_scan_date":"2025-10-08 14:33:06","breadcrumb_settings":null,"limit_modified_date":false,"open_ai":null,"ai":null,"created":"2020-12-21 11:59:38","updated":"2025-10-08 14:33:06","focus_keyword":null,"additional_keywords":null,"truseo_locale":null},"aioseo_breadcrumb":"<div class=\"aioseo-breadcrumbs\"><span class=\"aioseo-breadcrumb\">\n\t<a href=\"https:\/\/www.eldigitaldeasturias.com\/noticias\" title=\"Home\">Home<\/a>\n<\/span><span class=\"aioseo-breadcrumb-separator\">\u2013<\/span><span class=\"aioseo-breadcrumb\">\n\t<a href=\"https:\/\/www.eldigitaldeasturias.com\/noticias\/category\/actualidad\/\" title=\"Actualidad\">Actualidad<\/a>\n<\/span><span class=\"aioseo-breadcrumb-separator\">\u2013<\/span><span class=\"aioseo-breadcrumb\">\n\t<a href=\"https:\/\/www.eldigitaldeasturias.com\/noticias\/rajoy-intentara-frenar-una-investidura-de-puigdemont-a-distancia\/\" title=\"Rajoy intentar\u00e1 frenar una investidura de Puigdemont a distancia\">Rajoy intentar\u00e1 frenar una investidura de Puigdemont a distancia<\/a>\n<\/span><\/div>","aioseo_breadcrumb_json":[{"label":"Home","link":"https:\/\/www.eldigitaldeasturias.com\/noticias"},{"label":"Actualidad","link":"https:\/\/www.eldigitaldeasturias.com\/noticias\/category\/actualidad\/"},{"label":"Rajoy intentar\u00e1 frenar una investidura de Puigdemont a distancia","link":"https:\/\/www.eldigitaldeasturias.com\/noticias\/rajoy-intentara-frenar-una-investidura-de-puigdemont-a-distancia\/"}],"_links":{"self":[{"href":"https:\/\/www.eldigitaldeasturias.com\/noticias\/wp-json\/wp\/v2\/posts\/979493","targetHints":{"allow":["GET"]}}],"collection":[{"href":"https:\/\/www.eldigitaldeasturias.com\/noticias\/wp-json\/wp\/v2\/posts"}],"about":[{"href":"https:\/\/www.eldigitaldeasturias.com\/noticias\/wp-json\/wp\/v2\/types\/post"}],"author":[{"embeddable":true,"href":"https:\/\/www.eldigitaldeasturias.com\/noticias\/wp-json\/wp\/v2\/users\/1"}],"replies":[{"embeddable":true,"href":"https:\/\/www.eldigitaldeasturias.com\/noticias\/wp-json\/wp\/v2\/comments?post=979493"}],"version-history":[{"count":0,"href":"https:\/\/www.eldigitaldeasturias.com\/noticias\/wp-json\/wp\/v2\/posts\/979493\/revisions"}],"wp:attachment":[{"href":"https:\/\/www.eldigitaldeasturias.com\/noticias\/wp-json\/wp\/v2\/media?parent=979493"}],"wp:term":[{"taxonomy":"category","embeddable":true,"href":"https:\/\/www.eldigitaldeasturias.com\/noticias\/wp-json\/wp\/v2\/categories?post=979493"},{"taxonomy":"post_tag","embeddable":true,"href":"https:\/\/www.eldigitaldeasturias.com\/noticias\/wp-json\/wp\/v2\/tags?post=979493"}],"curies":[{"name":"wp","href":"https:\/\/api.w.org\/{rel}","templated":true}]}}