{"id":979489,"date":"2018-05-07T23:19:43","date_gmt":"2018-05-07T23:19:43","guid":{"rendered":"http:\/\/www.eldigitaldeasturias.com\/noticias\/?p=979489"},"modified":"2018-05-07T23:19:43","modified_gmt":"2018-05-07T23:19:43","slug":"maduro-y-abbas-firman-en-venezuela-acuerdos-de-cooperacion","status":"publish","type":"post","link":"https:\/\/www.eldigitaldeasturias.com\/noticias\/maduro-y-abbas-firman-en-venezuela-acuerdos-de-cooperacion\/","title":{"rendered":"Maduro y Abbas firman en Venezuela acuerdos de cooperaci\u00f3n"},"content":{"rendered":"<p><img loading=\"lazy\" decoding=\"async\" class=\"alignleft size-medium wp-image-485917\" src=\"https:\/\/www.eldigitaldeasturias.com\/noticias\/wp-content\/uploads\/2014\/02\/5919099w-360x240.jpg\" alt=\"\" width=\"360\" height=\"240\" \/>Caracas, 7 may (dpa) \u2013 El presidente de Venezuela, Nicol\u00e1s Maduro, recibi\u00f3 hoy en Caracas al presidente palestino, Mahmud Abbas, con quien firm\u00f3 una serie de acuerdos de cooperaci\u00f3n energ\u00e9tica, comercial y militar, y anunci\u00f3 la creaci\u00f3n de un fondo binacional financiado con la criptomoneda petro.<\/p>\n<p>Maduro aprovech\u00f3 el encuentro en la Casa de Gobierno para reiterar el apoyo de su Gobierno a la causa palestina, mientras que Abbas exhort\u00f3 a los pa\u00edses de Am\u00e9rica Latina a no trasladar sus embajadas desde Tel Aviv a Jerusal\u00e9n, como lo planea hacer Estados Unidos.<\/p>\n<p>\u00abNosotros esperamos que algunos pa\u00edses del continente americano no vayan a trasladar sus embajadas a Jerusal\u00e9n, pues contradice la legalidad internacional. Jerusal\u00e9n Oriental es una ciudad ocupada desde 1967, es la capital del Estado palestino, lo cual respeta la mayor\u00eda de los pa\u00edses del mundo\u00bb, dijo Abbas en un corto discurso despu\u00e9s de una reuni\u00f3n de casi una hora con Maduro.<\/p>\n<p>El presidente anunci\u00f3 adem\u00e1s la creaci\u00f3n de un fondo binacional para programas de desarrollo que comenzar\u00e1 con 20 millones de petros, la criptomoneda creada por el Gobierno venezolano que es respaldada por campos de petr\u00f3leo y rechazada por Estados Unidos.<\/p>\n<p>Tambi\u00e9n firm\u00f3 un decreto sobre la creaci\u00f3n de una empresa mixta para el desarrollo de la explotaci\u00f3n de oro, diamante y colt\u00e1n, que estar\u00e1 adscrita al Ministerio para el Desarrollo Ecol\u00f3gico y Minero.<\/p>\n<p>Entre los acuerdos figura uno de cooperaci\u00f3n militar que fue firmado por el ministro de Defensa, general Vladimir Padrino.<\/p>\n<p>\u00abSomos un pueblo de paz. Lo que queremos es la paz y la felicidad humana y por la paz y por la causa palestina nos la jugamos todas. Los pueblos \u00e1rabes deben saber que tienen en el Gobierno venezolano un amigo\u00bb, se\u00f1al\u00f3 Maduro.<\/p>\n<p>Asimismo, abog\u00f3 por la causa palestina. \u00abVenezuela apoya decidida y activamente la causa de una Palestina libre, independiente y en paz. Adem\u00e1s rechazamos la decisi\u00f3n antinatura del Gobierno de Estados Unidos de querer arrebatarle Jerusal\u00e9n. Es una decisi\u00f3n ilegal que desconoce los mandatos de las Naciones Unidas\u00bb, asever\u00f3.<\/p>\n<p>Maduro dijo que hay que hacer \u00abm\u00e1s\u00bb por el pueblo palestino, adem\u00e1s de denunciar la \u00abmasacre y el martirio\u00bb de su pueblo. \u00abMe pongo a la orden de los pueblos \u00e1rabes del mundo para hacer m\u00e1s por Palestina\u00bb, dijo Maduro, quien anunci\u00f3 que antes de fin de a\u00f1o visitar\u00e1 esos territorios.<\/p>\n<p>Por su parte, Abbas agradeci\u00f3 a Maduro las becas para que estudiantes palestinos estudien medicina e ingenier\u00eda en Venezuela, as\u00ed como el financiamiento venezolano para un hospital oftalmol\u00f3gico.<\/p>\n<p>\u00abEste hospital ha sido totalmente construido y va a entrar en funcionamiento muy pronto&#8230; Quisiera reiterar el agradecimiento al presidente Maduro, al Gobierno venezolano, por su apoyo a la causa palestina, esperando que Venezuela siga progresando; para su pueblo prosperidad y resistencia en contra de todos los que quieran enfrentarla\u00bb, agreg\u00f3 Abbas.<\/p>\n","protected":false},"excerpt":{"rendered":"<p>Caracas, 7 may (dpa) \u2013 El presidente de Venezuela, Nicol\u00e1s Maduro, recibi\u00f3 hoy en Caracas al presidente palestino, Mahmud Abbas, con quien firm\u00f3 una serie de acuerdos de cooperaci\u00f3n energ\u00e9tica, comercial y militar, y anunci\u00f3 la creaci\u00f3n de un fondo binacional financiado con la criptomoneda petro. Maduro aprovech\u00f3 el encuentro en la Casa de Gobierno [&hellip;]<\/p>\n","protected":false},"author":1,"featured_media":485917,"comment_status":"closed","ping_status":"closed","sticky":false,"template":"","format":"standard","meta":{"footnotes":""},"categories":[1],"tags":[],"class_list":["post-979489","post","type-post","status-publish","format-standard","has-post-thumbnail","hentry","category-actualidad"],"aioseo_notices":[],"aioseo_head":"\n\t\t<!-- All in One SEO Pro 5.0.1 - aioseo.com -->\n\t<meta name=\"description\" content=\"Caracas, 7 may (dpa) \u2013 El presidente de Venezuela, Nicol\u00e1s Maduro, recibi\u00f3 hoy en Caracas al presidente palestino, Mahmud Abbas, con quien firm\u00f3 una serie de acuerdos de cooperaci\u00f3n energ\u00e9tica, comercial y militar, y anunci\u00f3 la creaci\u00f3n de un fondo binacional financiado con la criptomoneda petro. Maduro aprovech\u00f3 el encuentro en la Casa de Gobierno\" \/>\n\t<meta name=\"robots\" content=\"max-image-preview:large\" \/>\n\t<meta name=\"author\" content=\"El Digital de Asturias\"\/>\n\t<meta name=\"google-site-verification\" content=\"UA-38556648-1\" \/>\n\t<meta name=\"msvalidate.01\" content=\"7dfe9f3f1b24437ab69f4f2559babe99\" \/>\n\t<meta name=\"keywords\" content=\"actualidad\" \/>\n\t<link rel=\"canonical\" href=\"https:\/\/www.eldigitaldeasturias.com\/noticias\/maduro-y-abbas-firman-en-venezuela-acuerdos-de-cooperacion\/\" \/>\n\t<meta name=\"generator\" content=\"All in One SEO Pro (AIOSEO) 5.0.1\" \/>\n\t\t<meta property=\"og:locale\" content=\"es_ES\" \/>\n\t\t<meta property=\"og:site_name\" content=\"El Digital de Asturias\" \/>\n\t\t<meta property=\"og:type\" content=\"article\" \/>\n\t\t<meta property=\"og:title\" content=\"Maduro y Abbas firman en Venezuela acuerdos de cooperaci\u00f3n - El Digital de Asturias\" \/>\n\t\t<meta property=\"og:description\" content=\"Caracas, 7 may (dpa) \u2013 El presidente de Venezuela, Nicol\u00e1s Maduro, recibi\u00f3 hoy en Caracas al presidente palestino, Mahmud Abbas, con quien firm\u00f3 una serie de acuerdos de cooperaci\u00f3n energ\u00e9tica, comercial y militar, y anunci\u00f3 la creaci\u00f3n de un fondo binacional financiado con la criptomoneda petro. Maduro aprovech\u00f3 el encuentro en la Casa de Gobierno\" \/>\n\t\t<meta property=\"og:url\" content=\"https:\/\/www.eldigitaldeasturias.com\/noticias\/maduro-y-abbas-firman-en-venezuela-acuerdos-de-cooperacion\/\" \/>\n\t\t<meta property=\"article:tag\" content=\"actualidad\" \/>\n\t\t<meta property=\"article:published_time\" content=\"2018-05-07T23:19:43+00:00\" \/>\n\t\t<meta property=\"article:modified_time\" content=\"2018-05-07T23:19:43+00:00\" \/>\n\t\t<meta property=\"article:publisher\" content=\"https:\/\/facebook.com\/eldigitaldeasturias\" \/>\n\t\t<meta name=\"twitter:card\" content=\"summary_large_image\" \/>\n\t\t<meta name=\"twitter:title\" content=\"Maduro y Abbas firman en Venezuela acuerdos de cooperaci\u00f3n - El Digital de Asturias\" \/>\n\t\t<meta name=\"twitter:description\" content=\"Caracas, 7 may (dpa) \u2013 El presidente de Venezuela, Nicol\u00e1s Maduro, recibi\u00f3 hoy en Caracas al presidente palestino, Mahmud Abbas, con quien firm\u00f3 una serie de acuerdos de cooperaci\u00f3n energ\u00e9tica, comercial y militar, y anunci\u00f3 la creaci\u00f3n de un fondo binacional financiado con la criptomoneda petro. Maduro aprovech\u00f3 el encuentro en la Casa de Gobierno\" \/>\n\t\t<meta name=\"twitter:image\" content=\"https:\/\/www.eldigitaldeasturias.com\/noticias\/wp-content\/uploads\/2020\/12\/EDA-1.jpg\" \/>\n\t\t<meta name=\"twitter:label1\" content=\"Escrito por\" \/>\n\t\t<meta name=\"twitter:data1\" content=\"El Digital de Asturias\" \/>\n\t\t<meta name=\"twitter:label2\" content=\"Tiempo de lectura estimado\" \/>\n\t\t<meta name=\"twitter:data2\" content=\"2 minutos\" \/>\n\t\t<script type=\"application\/ld+json\" class=\"aioseo-schema\">\n\t\t\t{\"@context\":\"https:\\\/\\\/schema.org\",\"@graph\":[{\"@type\":\"BlogPosting\",\"@id\":\"https:\\\/\\\/www.eldigitaldeasturias.com\\\/noticias\\\/maduro-y-abbas-firman-en-venezuela-acuerdos-de-cooperacion\\\/#blogposting\",\"name\":\"Maduro y Abbas firman en Venezuela acuerdos de cooperaci\\u00f3n - El Digital de Asturias\",\"headline\":\"Maduro y Abbas firman en Venezuela acuerdos de cooperaci\\u00f3n\",\"author\":{\"@id\":\"https:\\\/\\\/www.eldigitaldeasturias.com\\\/noticias\\\/author\\\/admin\\\/#author\"},\"publisher\":{\"@id\":\"https:\\\/\\\/www.eldigitaldeasturias.com\\\/noticias\\\/#organization\"},\"image\":{\"@type\":\"ImageObject\",\"url\":485917},\"datePublished\":\"2018-05-07T23:19:43+02:00\",\"dateModified\":\"2018-05-07T23:19:43+02:00\",\"inLanguage\":\"es-ES\",\"mainEntityOfPage\":{\"@id\":\"https:\\\/\\\/www.eldigitaldeasturias.com\\\/noticias\\\/maduro-y-abbas-firman-en-venezuela-acuerdos-de-cooperacion\\\/#webpage\"},\"isPartOf\":{\"@id\":\"https:\\\/\\\/www.eldigitaldeasturias.com\\\/noticias\\\/maduro-y-abbas-firman-en-venezuela-acuerdos-de-cooperacion\\\/#webpage\"},\"articleSection\":\"Actualidad\"},{\"@type\":\"BreadcrumbList\",\"@id\":\"https:\\\/\\\/www.eldigitaldeasturias.com\\\/noticias\\\/maduro-y-abbas-firman-en-venezuela-acuerdos-de-cooperacion\\\/#breadcrumblist\",\"itemListElement\":[{\"@type\":\"ListItem\",\"@id\":\"https:\\\/\\\/www.eldigitaldeasturias.com\\\/noticias#listItem\",\"position\":1,\"name\":\"Home\",\"item\":\"https:\\\/\\\/www.eldigitaldeasturias.com\\\/noticias\",\"nextItem\":{\"@type\":\"ListItem\",\"@id\":\"https:\\\/\\\/www.eldigitaldeasturias.com\\\/noticias\\\/category\\\/actualidad\\\/#listItem\",\"name\":\"Actualidad\"}},{\"@type\":\"ListItem\",\"@id\":\"https:\\\/\\\/www.eldigitaldeasturias.com\\\/noticias\\\/category\\\/actualidad\\\/#listItem\",\"position\":2,\"name\":\"Actualidad\",\"item\":\"https:\\\/\\\/www.eldigitaldeasturias.com\\\/noticias\\\/category\\\/actualidad\\\/\",\"nextItem\":{\"@type\":\"ListItem\",\"@id\":\"https:\\\/\\\/www.eldigitaldeasturias.com\\\/noticias\\\/maduro-y-abbas-firman-en-venezuela-acuerdos-de-cooperacion\\\/#listItem\",\"name\":\"Maduro y Abbas firman en Venezuela acuerdos de cooperaci\\u00f3n\"},\"previousItem\":{\"@type\":\"ListItem\",\"@id\":\"https:\\\/\\\/www.eldigitaldeasturias.com\\\/noticias#listItem\",\"name\":\"Home\"}},{\"@type\":\"ListItem\",\"@id\":\"https:\\\/\\\/www.eldigitaldeasturias.com\\\/noticias\\\/maduro-y-abbas-firman-en-venezuela-acuerdos-de-cooperacion\\\/#listItem\",\"position\":3,\"name\":\"Maduro y Abbas firman en Venezuela acuerdos de cooperaci\\u00f3n\",\"previousItem\":{\"@type\":\"ListItem\",\"@id\":\"https:\\\/\\\/www.eldigitaldeasturias.com\\\/noticias\\\/category\\\/actualidad\\\/#listItem\",\"name\":\"Actualidad\"}}]},{\"@type\":\"Organization\",\"@id\":\"https:\\\/\\\/www.eldigitaldeasturias.com\\\/noticias\\\/#organization\",\"name\":\"El Digital de Asturias\",\"description\":\"Hemeroteca\",\"url\":\"https:\\\/\\\/www.eldigitaldeasturias.com\\\/noticias\\\/\",\"email\":\"info@eldigitaldeasturias.com\",\"telephone\":\"+34652131393\",\"logo\":{\"@type\":\"ImageObject\",\"url\":\"https:\\\/\\\/www.eldigitaldeasturias.com\\\/noticias\\\/wp-content\\\/uploads\\\/2020\\\/12\\\/EDA.jpg\",\"@id\":\"https:\\\/\\\/www.eldigitaldeasturias.com\\\/noticias\\\/maduro-y-abbas-firman-en-venezuela-acuerdos-de-cooperacion\\\/#organizationLogo\"},\"image\":{\"@id\":\"https:\\\/\\\/www.eldigitaldeasturias.com\\\/noticias\\\/maduro-y-abbas-firman-en-venezuela-acuerdos-de-cooperacion\\\/#organizationLogo\"},\"sameAs\":[\"https:\\\/\\\/facebook.com\\\/eldigitaldeasturias\",\"https:\\\/\\\/www.youtube.com\\\/channel\\\/UCZP-2wLEB9Rv6erhFmqVnvg\"],\"address\":{\"@id\":\"https:\\\/\\\/www.eldigitaldeasturias.com\\\/noticias\\\/#postaladdress\",\"@type\":\"PostalAddress\",\"streetAddress\":\"san antonio 4\",\"postalCode\":\"33430\",\"addressLocality\":\"Cand\\u00e1s\",\"addressRegion\":\"Asturias\",\"addressCountry\":\"ES\"}},{\"@type\":\"Person\",\"@id\":\"https:\\\/\\\/www.eldigitaldeasturias.com\\\/noticias\\\/author\\\/admin\\\/#author\",\"url\":\"https:\\\/\\\/www.eldigitaldeasturias.com\\\/noticias\\\/author\\\/admin\\\/\",\"name\":\"El Digital de Asturias\",\"image\":{\"@type\":\"ImageObject\",\"@id\":\"https:\\\/\\\/www.eldigitaldeasturias.com\\\/noticias\\\/maduro-y-abbas-firman-en-venezuela-acuerdos-de-cooperacion\\\/#authorImage\",\"url\":\"https:\\\/\\\/secure.gravatar.com\\\/avatar\\\/df2aeffc32bcd13f8d26072ef8a91b623d677766deac7f97ca815868cd41bf5e?s=96&d=mm&r=g\",\"width\":96,\"height\":96,\"caption\":\"El Digital de Asturias\"}},{\"@type\":\"WebPage\",\"@id\":\"https:\\\/\\\/www.eldigitaldeasturias.com\\\/noticias\\\/maduro-y-abbas-firman-en-venezuela-acuerdos-de-cooperacion\\\/#webpage\",\"url\":\"https:\\\/\\\/www.eldigitaldeasturias.com\\\/noticias\\\/maduro-y-abbas-firman-en-venezuela-acuerdos-de-cooperacion\\\/\",\"name\":\"Maduro y Abbas firman en Venezuela acuerdos de cooperaci\\u00f3n - El Digital de Asturias\",\"description\":\"Caracas, 7 may (dpa) \\u2013 El presidente de Venezuela, Nicol\\u00e1s Maduro, recibi\\u00f3 hoy en Caracas al presidente palestino, Mahmud Abbas, con quien firm\\u00f3 una serie de acuerdos de cooperaci\\u00f3n energ\\u00e9tica, comercial y militar, y anunci\\u00f3 la creaci\\u00f3n de un fondo binacional financiado con la criptomoneda petro. Maduro aprovech\\u00f3 el encuentro en la Casa de Gobierno\",\"inLanguage\":\"es-ES\",\"isPartOf\":{\"@id\":\"https:\\\/\\\/www.eldigitaldeasturias.com\\\/noticias\\\/#website\"},\"breadcrumb\":{\"@id\":\"https:\\\/\\\/www.eldigitaldeasturias.com\\\/noticias\\\/maduro-y-abbas-firman-en-venezuela-acuerdos-de-cooperacion\\\/#breadcrumblist\"},\"author\":{\"@id\":\"https:\\\/\\\/www.eldigitaldeasturias.com\\\/noticias\\\/author\\\/admin\\\/#author\"},\"creator\":{\"@id\":\"https:\\\/\\\/www.eldigitaldeasturias.com\\\/noticias\\\/author\\\/admin\\\/#author\"},\"image\":{\"@type\":\"ImageObject\",\"url\":485917,\"@id\":\"https:\\\/\\\/www.eldigitaldeasturias.com\\\/noticias\\\/maduro-y-abbas-firman-en-venezuela-acuerdos-de-cooperacion\\\/#mainImage\"},\"primaryImageOfPage\":{\"@id\":\"https:\\\/\\\/www.eldigitaldeasturias.com\\\/noticias\\\/maduro-y-abbas-firman-en-venezuela-acuerdos-de-cooperacion\\\/#mainImage\"},\"datePublished\":\"2018-05-07T23:19:43+02:00\",\"dateModified\":\"2018-05-07T23:19:43+02:00\"},{\"@type\":\"WebSite\",\"@id\":\"https:\\\/\\\/www.eldigitaldeasturias.com\\\/noticias\\\/#website\",\"url\":\"https:\\\/\\\/www.eldigitaldeasturias.com\\\/noticias\\\/\",\"name\":\"El Digital de Asturias - Diario de actualidad y noticias\",\"alternateName\":\"El Digital de Asturias - Diario de actualidad y noticias\",\"description\":\"Hemeroteca\",\"inLanguage\":\"es-ES\",\"publisher\":{\"@id\":\"https:\\\/\\\/www.eldigitaldeasturias.com\\\/noticias\\\/#organization\"}}]}\n\t\t<\/script>\n\t\t<!-- All in One SEO Pro -->\r\n\t\t<title>Maduro y Abbas firman en Venezuela acuerdos de cooperaci\u00f3n - El Digital de Asturias<\/title>\n\n","aioseo_head_json":{"title":"Maduro y Abbas firman en Venezuela acuerdos de cooperaci\u00f3n - El Digital de Asturias","description":"Caracas, 7 may (dpa) \u2013 El presidente de Venezuela, Nicol\u00e1s Maduro, recibi\u00f3 hoy en Caracas al presidente palestino, Mahmud Abbas, con quien firm\u00f3 una serie de acuerdos de cooperaci\u00f3n energ\u00e9tica, comercial y militar, y anunci\u00f3 la creaci\u00f3n de un fondo binacional financiado con la criptomoneda petro. Maduro aprovech\u00f3 el encuentro en la Casa de Gobierno","canonical_url":"https:\/\/www.eldigitaldeasturias.com\/noticias\/maduro-y-abbas-firman-en-venezuela-acuerdos-de-cooperacion\/","robots":"max-image-preview:large","keywords":"actualidad","webmasterTools":{"google-site-verification":"UA-38556648-1","msvalidate.01":"7dfe9f3f1b24437ab69f4f2559babe99","miscellaneous":""},"schema":{"@context":"https:\/\/schema.org","@graph":[{"@type":"BlogPosting","@id":"https:\/\/www.eldigitaldeasturias.com\/noticias\/maduro-y-abbas-firman-en-venezuela-acuerdos-de-cooperacion\/#blogposting","name":"Maduro y Abbas firman en Venezuela acuerdos de cooperaci\u00f3n - El Digital de Asturias","headline":"Maduro y Abbas firman en Venezuela acuerdos de cooperaci\u00f3n","author":{"@id":"https:\/\/www.eldigitaldeasturias.com\/noticias\/author\/admin\/#author"},"publisher":{"@id":"https:\/\/www.eldigitaldeasturias.com\/noticias\/#organization"},"image":{"@type":"ImageObject","url":485917},"datePublished":"2018-05-07T23:19:43+02:00","dateModified":"2018-05-07T23:19:43+02:00","inLanguage":"es-ES","mainEntityOfPage":{"@id":"https:\/\/www.eldigitaldeasturias.com\/noticias\/maduro-y-abbas-firman-en-venezuela-acuerdos-de-cooperacion\/#webpage"},"isPartOf":{"@id":"https:\/\/www.eldigitaldeasturias.com\/noticias\/maduro-y-abbas-firman-en-venezuela-acuerdos-de-cooperacion\/#webpage"},"articleSection":"Actualidad"},{"@type":"BreadcrumbList","@id":"https:\/\/www.eldigitaldeasturias.com\/noticias\/maduro-y-abbas-firman-en-venezuela-acuerdos-de-cooperacion\/#breadcrumblist","itemListElement":[{"@type":"ListItem","@id":"https:\/\/www.eldigitaldeasturias.com\/noticias#listItem","position":1,"name":"Home","item":"https:\/\/www.eldigitaldeasturias.com\/noticias","nextItem":{"@type":"ListItem","@id":"https:\/\/www.eldigitaldeasturias.com\/noticias\/category\/actualidad\/#listItem","name":"Actualidad"}},{"@type":"ListItem","@id":"https:\/\/www.eldigitaldeasturias.com\/noticias\/category\/actualidad\/#listItem","position":2,"name":"Actualidad","item":"https:\/\/www.eldigitaldeasturias.com\/noticias\/category\/actualidad\/","nextItem":{"@type":"ListItem","@id":"https:\/\/www.eldigitaldeasturias.com\/noticias\/maduro-y-abbas-firman-en-venezuela-acuerdos-de-cooperacion\/#listItem","name":"Maduro y Abbas firman en Venezuela acuerdos de cooperaci\u00f3n"},"previousItem":{"@type":"ListItem","@id":"https:\/\/www.eldigitaldeasturias.com\/noticias#listItem","name":"Home"}},{"@type":"ListItem","@id":"https:\/\/www.eldigitaldeasturias.com\/noticias\/maduro-y-abbas-firman-en-venezuela-acuerdos-de-cooperacion\/#listItem","position":3,"name":"Maduro y Abbas firman en Venezuela acuerdos de cooperaci\u00f3n","previousItem":{"@type":"ListItem","@id":"https:\/\/www.eldigitaldeasturias.com\/noticias\/category\/actualidad\/#listItem","name":"Actualidad"}}]},{"@type":"Organization","@id":"https:\/\/www.eldigitaldeasturias.com\/noticias\/#organization","name":"El Digital de Asturias","description":"Hemeroteca","url":"https:\/\/www.eldigitaldeasturias.com\/noticias\/","email":"info@eldigitaldeasturias.com","telephone":"+34652131393","logo":{"@type":"ImageObject","url":"https:\/\/www.eldigitaldeasturias.com\/noticias\/wp-content\/uploads\/2020\/12\/EDA.jpg","@id":"https:\/\/www.eldigitaldeasturias.com\/noticias\/maduro-y-abbas-firman-en-venezuela-acuerdos-de-cooperacion\/#organizationLogo"},"image":{"@id":"https:\/\/www.eldigitaldeasturias.com\/noticias\/maduro-y-abbas-firman-en-venezuela-acuerdos-de-cooperacion\/#organizationLogo"},"sameAs":["https:\/\/facebook.com\/eldigitaldeasturias","https:\/\/www.youtube.com\/channel\/UCZP-2wLEB9Rv6erhFmqVnvg"],"address":{"@id":"https:\/\/www.eldigitaldeasturias.com\/noticias\/#postaladdress","@type":"PostalAddress","streetAddress":"san antonio 4","postalCode":"33430","addressLocality":"Cand\u00e1s","addressRegion":"Asturias","addressCountry":"ES"}},{"@type":"Person","@id":"https:\/\/www.eldigitaldeasturias.com\/noticias\/author\/admin\/#author","url":"https:\/\/www.eldigitaldeasturias.com\/noticias\/author\/admin\/","name":"El Digital de Asturias","image":{"@type":"ImageObject","@id":"https:\/\/www.eldigitaldeasturias.com\/noticias\/maduro-y-abbas-firman-en-venezuela-acuerdos-de-cooperacion\/#authorImage","url":"https:\/\/secure.gravatar.com\/avatar\/df2aeffc32bcd13f8d26072ef8a91b623d677766deac7f97ca815868cd41bf5e?s=96&d=mm&r=g","width":96,"height":96,"caption":"El Digital de Asturias"}},{"@type":"WebPage","@id":"https:\/\/www.eldigitaldeasturias.com\/noticias\/maduro-y-abbas-firman-en-venezuela-acuerdos-de-cooperacion\/#webpage","url":"https:\/\/www.eldigitaldeasturias.com\/noticias\/maduro-y-abbas-firman-en-venezuela-acuerdos-de-cooperacion\/","name":"Maduro y Abbas firman en Venezuela acuerdos de cooperaci\u00f3n - El Digital de Asturias","description":"Caracas, 7 may (dpa) \u2013 El presidente de Venezuela, Nicol\u00e1s Maduro, recibi\u00f3 hoy en Caracas al presidente palestino, Mahmud Abbas, con quien firm\u00f3 una serie de acuerdos de cooperaci\u00f3n energ\u00e9tica, comercial y militar, y anunci\u00f3 la creaci\u00f3n de un fondo binacional financiado con la criptomoneda petro. Maduro aprovech\u00f3 el encuentro en la Casa de Gobierno","inLanguage":"es-ES","isPartOf":{"@id":"https:\/\/www.eldigitaldeasturias.com\/noticias\/#website"},"breadcrumb":{"@id":"https:\/\/www.eldigitaldeasturias.com\/noticias\/maduro-y-abbas-firman-en-venezuela-acuerdos-de-cooperacion\/#breadcrumblist"},"author":{"@id":"https:\/\/www.eldigitaldeasturias.com\/noticias\/author\/admin\/#author"},"creator":{"@id":"https:\/\/www.eldigitaldeasturias.com\/noticias\/author\/admin\/#author"},"image":{"@type":"ImageObject","url":485917,"@id":"https:\/\/www.eldigitaldeasturias.com\/noticias\/maduro-y-abbas-firman-en-venezuela-acuerdos-de-cooperacion\/#mainImage"},"primaryImageOfPage":{"@id":"https:\/\/www.eldigitaldeasturias.com\/noticias\/maduro-y-abbas-firman-en-venezuela-acuerdos-de-cooperacion\/#mainImage"},"datePublished":"2018-05-07T23:19:43+02:00","dateModified":"2018-05-07T23:19:43+02:00"},{"@type":"WebSite","@id":"https:\/\/www.eldigitaldeasturias.com\/noticias\/#website","url":"https:\/\/www.eldigitaldeasturias.com\/noticias\/","name":"El Digital de Asturias - Diario de actualidad y noticias","alternateName":"El Digital de Asturias - Diario de actualidad y noticias","description":"Hemeroteca","inLanguage":"es-ES","publisher":{"@id":"https:\/\/www.eldigitaldeasturias.com\/noticias\/#organization"}}]},"og:locale":"es_ES","og:site_name":"El Digital de Asturias","og:type":"article","og:title":"Maduro y Abbas firman en Venezuela acuerdos de cooperaci\u00f3n - El Digital de Asturias","og:description":"Caracas, 7 may (dpa) \u2013 El presidente de Venezuela, Nicol\u00e1s Maduro, recibi\u00f3 hoy en Caracas al presidente palestino, Mahmud Abbas, con quien firm\u00f3 una serie de acuerdos de cooperaci\u00f3n energ\u00e9tica, comercial y militar, y anunci\u00f3 la creaci\u00f3n de un fondo binacional financiado con la criptomoneda petro. Maduro aprovech\u00f3 el encuentro en la Casa de Gobierno","og:url":"https:\/\/www.eldigitaldeasturias.com\/noticias\/maduro-y-abbas-firman-en-venezuela-acuerdos-de-cooperacion\/","article:tag":["actualidad"],"article:published_time":"2018-05-07T23:19:43+00:00","article:modified_time":"2018-05-07T23:19:43+00:00","article:publisher":"https:\/\/facebook.com\/eldigitaldeasturias","twitter:card":"summary_large_image","twitter:title":"Maduro y Abbas firman en Venezuela acuerdos de cooperaci\u00f3n - El Digital de Asturias","twitter:description":"Caracas, 7 may (dpa) \u2013 El presidente de Venezuela, Nicol\u00e1s Maduro, recibi\u00f3 hoy en Caracas al presidente palestino, Mahmud Abbas, con quien firm\u00f3 una serie de acuerdos de cooperaci\u00f3n energ\u00e9tica, comercial y militar, y anunci\u00f3 la creaci\u00f3n de un fondo binacional financiado con la criptomoneda petro. Maduro aprovech\u00f3 el encuentro en la Casa de Gobierno","twitter:image":"https:\/\/www.eldigitaldeasturias.com\/noticias\/wp-content\/uploads\/2020\/12\/EDA-1.jpg","twitter:label1":"Escrito por","twitter:data1":"El Digital de Asturias","twitter:label2":"Tiempo de lectura estimado","twitter:data2":"2 minutos"},"aioseo_meta_data":{"post_id":"979489","title":null,"description":null,"keywords":null,"keyphrases":null,"primary_term":null,"canonical_url":null,"og_title":null,"og_description":null,"og_object_type":"default","og_image_type":"default","og_image_url":null,"og_image_width":null,"og_image_height":null,"og_image_custom_url":null,"og_image_custom_fields":null,"og_video":null,"og_custom_url":null,"og_article_section":null,"og_article_tags":null,"twitter_use_og":false,"twitter_card":"default","twitter_image_type":"default","twitter_image_url":null,"twitter_image_custom_url":null,"twitter_image_custom_fields":null,"twitter_title":null,"twitter_description":null,"schema":{"blockGraphs":[],"customGraphs":[],"default":{"data":{"Article":[],"Course":[],"Dataset":[],"FAQPage":[],"Movie":[],"Person":[],"Product":[],"ProductReview":[],"Car":[],"Recipe":[],"Service":[],"SoftwareApplication":[],"WebPage":[]},"graphName":"","isEnabled":true},"graphs":[],"defaultGraph":"","defaultPostTypeGraph":""},"schema_type":null,"schema_type_options":null,"pillar_content":false,"robots_default":true,"robots_noindex":false,"robots_noarchive":false,"robots_nosnippet":false,"robots_nofollow":false,"robots_noimageindex":false,"robots_noodp":false,"robots_notranslate":false,"robots_max_snippet":null,"robots_max_videopreview":null,"robots_max_imagepreview":"large","priority":null,"frequency":null,"local_seo":null,"seo_analyzer_scan_date":"2025-10-08 14:31:08","breadcrumb_settings":null,"limit_modified_date":false,"open_ai":null,"ai":null,"created":"2020-12-21 11:59:38","updated":"2025-10-08 14:31:08","focus_keyword":null,"additional_keywords":null,"truseo_locale":null},"aioseo_breadcrumb":"<div class=\"aioseo-breadcrumbs\"><span class=\"aioseo-breadcrumb\">\n\t<a href=\"https:\/\/www.eldigitaldeasturias.com\/noticias\" title=\"Home\">Home<\/a>\n<\/span><span class=\"aioseo-breadcrumb-separator\">\u2013<\/span><span class=\"aioseo-breadcrumb\">\n\t<a href=\"https:\/\/www.eldigitaldeasturias.com\/noticias\/category\/actualidad\/\" title=\"Actualidad\">Actualidad<\/a>\n<\/span><span class=\"aioseo-breadcrumb-separator\">\u2013<\/span><span class=\"aioseo-breadcrumb\">\n\t<a href=\"https:\/\/www.eldigitaldeasturias.com\/noticias\/maduro-y-abbas-firman-en-venezuela-acuerdos-de-cooperacion\/\" title=\"Maduro y Abbas firman en Venezuela acuerdos de cooperaci\u00f3n\">Maduro y Abbas firman en Venezuela acuerdos de cooperaci\u00f3n<\/a>\n<\/span><\/div>","aioseo_breadcrumb_json":[{"label":"Home","link":"https:\/\/www.eldigitaldeasturias.com\/noticias"},{"label":"Actualidad","link":"https:\/\/www.eldigitaldeasturias.com\/noticias\/category\/actualidad\/"},{"label":"Maduro y Abbas firman en Venezuela acuerdos de cooperaci\u00f3n","link":"https:\/\/www.eldigitaldeasturias.com\/noticias\/maduro-y-abbas-firman-en-venezuela-acuerdos-de-cooperacion\/"}],"_links":{"self":[{"href":"https:\/\/www.eldigitaldeasturias.com\/noticias\/wp-json\/wp\/v2\/posts\/979489","targetHints":{"allow":["GET"]}}],"collection":[{"href":"https:\/\/www.eldigitaldeasturias.com\/noticias\/wp-json\/wp\/v2\/posts"}],"about":[{"href":"https:\/\/www.eldigitaldeasturias.com\/noticias\/wp-json\/wp\/v2\/types\/post"}],"author":[{"embeddable":true,"href":"https:\/\/www.eldigitaldeasturias.com\/noticias\/wp-json\/wp\/v2\/users\/1"}],"replies":[{"embeddable":true,"href":"https:\/\/www.eldigitaldeasturias.com\/noticias\/wp-json\/wp\/v2\/comments?post=979489"}],"version-history":[{"count":0,"href":"https:\/\/www.eldigitaldeasturias.com\/noticias\/wp-json\/wp\/v2\/posts\/979489\/revisions"}],"wp:attachment":[{"href":"https:\/\/www.eldigitaldeasturias.com\/noticias\/wp-json\/wp\/v2\/media?parent=979489"}],"wp:term":[{"taxonomy":"category","embeddable":true,"href":"https:\/\/www.eldigitaldeasturias.com\/noticias\/wp-json\/wp\/v2\/categories?post=979489"},{"taxonomy":"post_tag","embeddable":true,"href":"https:\/\/www.eldigitaldeasturias.com\/noticias\/wp-json\/wp\/v2\/tags?post=979489"}],"curies":[{"name":"wp","href":"https:\/\/api.w.org\/{rel}","templated":true}]}}