{"id":979487,"date":"2018-05-07T23:18:05","date_gmt":"2018-05-07T23:18:05","guid":{"rendered":"http:\/\/www.eldigitaldeasturias.com\/noticias\/?p=979487"},"modified":"2018-05-07T23:18:05","modified_gmt":"2018-05-07T23:18:05","slug":"el-general-haftar-anuncia-una-ofensiva-contra-el-estado-islamico-en-libia","status":"publish","type":"post","link":"https:\/\/www.eldigitaldeasturias.com\/noticias\/el-general-haftar-anuncia-una-ofensiva-contra-el-estado-islamico-en-libia\/","title":{"rendered":"El general Haftar anuncia una ofensiva contra el Estado Isl\u00e1mico en Libia"},"content":{"rendered":"<p><img loading=\"lazy\" decoding=\"async\" class=\"alignleft size-medium wp-image-873757\" src=\"https:\/\/www.eldigitaldeasturias.com\/noticias\/wp-content\/uploads\/2016\/04\/Estado-Isl\u00e1mico-360x198.jpg\" alt=\"\" width=\"360\" height=\"198\" \/>Tr\u00edpoli, 7 may (dpa) &#8211; El poderoso general libio Khalifa Haftar anunci\u00f3 hoy una ofensiva contra la milicia terrorista Estado Isl\u00e1mico (EI) en la ciudad portuaria de Derna.<\/p>\n<p>Durante un desfile militar en la ciudad de Bengasi, en el este de Libia, explic\u00f3 que lleg\u00f3 \u00abla hora cero\u00bb para la liberaci\u00f3n de Derna. Todos los esfuerzos pac\u00edficos para la soluci\u00f3n de la crisis fallaron, por lo que dio a sus fuerzas de combate \u00abestrictas indicaciones\u00bb de proteger a los civiles en la ciudad.<\/p>\n<p>Derna es la \u00fanica ciudad en el este de Libia que no est\u00e1 bajo control del Ej\u00e9rcito de Haftar. Las tropas de Haftar controlan tambi\u00e9n zonas m\u00e1s grandes en el centro de Libia. El general vive en Bengasi, donde comenz\u00f3 en 2011 el levantamiento armado contra el entonces l\u00edder libio Muamar al Gadafi.<\/p>\n<p>Desde la ca\u00edda de Gadafi, Libia se ve sacudida por una guerra civil. Tres distintos gobiernos e incontables milicias luchan por el control del pa\u00eds. Adem\u00e1s, Libia es el principal punto de salida de los refugiados que intentan llegar a Europa a trav\u00e9s del Mediterr\u00e1neo.<\/p>\n","protected":false},"excerpt":{"rendered":"<p>Tr\u00edpoli, 7 may (dpa) &#8211; El poderoso general libio Khalifa Haftar anunci\u00f3 hoy una ofensiva contra la milicia terrorista Estado Isl\u00e1mico (EI) en la ciudad portuaria de Derna. Durante un desfile militar en la ciudad de Bengasi, en el este de Libia, explic\u00f3 que lleg\u00f3 \u00abla hora cero\u00bb para la liberaci\u00f3n de Derna. Todos los [&hellip;]<\/p>\n","protected":false},"author":1,"featured_media":873757,"comment_status":"closed","ping_status":"closed","sticky":false,"template":"","format":"standard","meta":{"footnotes":""},"categories":[1],"tags":[],"class_list":["post-979487","post","type-post","status-publish","format-standard","has-post-thumbnail","hentry","category-actualidad"],"aioseo_notices":[],"aioseo_head":"\n\t\t<!-- All in One SEO Pro 5.0.1 - aioseo.com -->\n\t<meta name=\"description\" content=\"Tr\u00edpoli, 7 may (dpa) - El poderoso general libio Khalifa Haftar anunci\u00f3 hoy una ofensiva contra la milicia terrorista Estado Isl\u00e1mico (EI) en la ciudad portuaria de Derna. Durante un desfile militar en la ciudad de Bengasi, en el este de Libia, explic\u00f3 que lleg\u00f3 &quot;la hora cero&quot; para la liberaci\u00f3n de Derna. Todos los\" \/>\n\t<meta name=\"robots\" content=\"max-image-preview:large\" \/>\n\t<meta name=\"author\" content=\"El Digital de Asturias\"\/>\n\t<meta name=\"google-site-verification\" content=\"UA-38556648-1\" \/>\n\t<meta name=\"msvalidate.01\" content=\"7dfe9f3f1b24437ab69f4f2559babe99\" \/>\n\t<meta name=\"keywords\" content=\"actualidad\" \/>\n\t<link rel=\"canonical\" href=\"https:\/\/www.eldigitaldeasturias.com\/noticias\/el-general-haftar-anuncia-una-ofensiva-contra-el-estado-islamico-en-libia\/\" \/>\n\t<meta name=\"generator\" content=\"All in One SEO Pro (AIOSEO) 5.0.1\" \/>\n\t\t<meta property=\"og:locale\" content=\"es_ES\" \/>\n\t\t<meta property=\"og:site_name\" content=\"El Digital de Asturias\" \/>\n\t\t<meta property=\"og:type\" content=\"article\" \/>\n\t\t<meta property=\"og:title\" content=\"El general Haftar anuncia una ofensiva contra el Estado Isl\u00e1mico en Libia - El Digital de Asturias\" \/>\n\t\t<meta property=\"og:description\" content=\"Tr\u00edpoli, 7 may (dpa) - El poderoso general libio Khalifa Haftar anunci\u00f3 hoy una ofensiva contra la milicia terrorista Estado Isl\u00e1mico (EI) en la ciudad portuaria de Derna. Durante un desfile militar en la ciudad de Bengasi, en el este de Libia, explic\u00f3 que lleg\u00f3 &quot;la hora cero&quot; para la liberaci\u00f3n de Derna. Todos los\" \/>\n\t\t<meta property=\"og:url\" content=\"https:\/\/www.eldigitaldeasturias.com\/noticias\/el-general-haftar-anuncia-una-ofensiva-contra-el-estado-islamico-en-libia\/\" \/>\n\t\t<meta property=\"article:tag\" content=\"actualidad\" \/>\n\t\t<meta property=\"article:published_time\" content=\"2018-05-07T23:18:05+00:00\" \/>\n\t\t<meta property=\"article:modified_time\" content=\"2018-05-07T23:18:05+00:00\" \/>\n\t\t<meta property=\"article:publisher\" content=\"https:\/\/facebook.com\/eldigitaldeasturias\" \/>\n\t\t<meta name=\"twitter:card\" content=\"summary_large_image\" \/>\n\t\t<meta name=\"twitter:title\" content=\"El general Haftar anuncia una ofensiva contra el Estado Isl\u00e1mico en Libia - El Digital de Asturias\" \/>\n\t\t<meta name=\"twitter:description\" content=\"Tr\u00edpoli, 7 may (dpa) - El poderoso general libio Khalifa Haftar anunci\u00f3 hoy una ofensiva contra la milicia terrorista Estado Isl\u00e1mico (EI) en la ciudad portuaria de Derna. Durante un desfile militar en la ciudad de Bengasi, en el este de Libia, explic\u00f3 que lleg\u00f3 &quot;la hora cero&quot; para la liberaci\u00f3n de Derna. Todos los\" \/>\n\t\t<meta name=\"twitter:image\" content=\"https:\/\/www.eldigitaldeasturias.com\/noticias\/wp-content\/uploads\/2020\/12\/EDA-1.jpg\" \/>\n\t\t<meta name=\"twitter:label1\" content=\"Escrito por\" \/>\n\t\t<meta name=\"twitter:data1\" content=\"El Digital de Asturias\" \/>\n\t\t<meta name=\"twitter:label2\" content=\"Tiempo de lectura estimado\" \/>\n\t\t<meta name=\"twitter:data2\" content=\"1 minuto\" \/>\n\t\t<script type=\"application\/ld+json\" class=\"aioseo-schema\">\n\t\t\t{\"@context\":\"https:\\\/\\\/schema.org\",\"@graph\":[{\"@type\":\"BlogPosting\",\"@id\":\"https:\\\/\\\/www.eldigitaldeasturias.com\\\/noticias\\\/el-general-haftar-anuncia-una-ofensiva-contra-el-estado-islamico-en-libia\\\/#blogposting\",\"name\":\"El general Haftar anuncia una ofensiva contra el Estado Isl\\u00e1mico en Libia - El Digital de Asturias\",\"headline\":\"El general Haftar anuncia una ofensiva contra el Estado Isl\\u00e1mico en Libia\",\"author\":{\"@id\":\"https:\\\/\\\/www.eldigitaldeasturias.com\\\/noticias\\\/author\\\/admin\\\/#author\"},\"publisher\":{\"@id\":\"https:\\\/\\\/www.eldigitaldeasturias.com\\\/noticias\\\/#organization\"},\"image\":{\"@type\":\"ImageObject\",\"url\":873757},\"datePublished\":\"2018-05-07T23:18:05+02:00\",\"dateModified\":\"2018-05-07T23:18:05+02:00\",\"inLanguage\":\"es-ES\",\"mainEntityOfPage\":{\"@id\":\"https:\\\/\\\/www.eldigitaldeasturias.com\\\/noticias\\\/el-general-haftar-anuncia-una-ofensiva-contra-el-estado-islamico-en-libia\\\/#webpage\"},\"isPartOf\":{\"@id\":\"https:\\\/\\\/www.eldigitaldeasturias.com\\\/noticias\\\/el-general-haftar-anuncia-una-ofensiva-contra-el-estado-islamico-en-libia\\\/#webpage\"},\"articleSection\":\"Actualidad\"},{\"@type\":\"BreadcrumbList\",\"@id\":\"https:\\\/\\\/www.eldigitaldeasturias.com\\\/noticias\\\/el-general-haftar-anuncia-una-ofensiva-contra-el-estado-islamico-en-libia\\\/#breadcrumblist\",\"itemListElement\":[{\"@type\":\"ListItem\",\"@id\":\"https:\\\/\\\/www.eldigitaldeasturias.com\\\/noticias#listItem\",\"position\":1,\"name\":\"Home\",\"item\":\"https:\\\/\\\/www.eldigitaldeasturias.com\\\/noticias\",\"nextItem\":{\"@type\":\"ListItem\",\"@id\":\"https:\\\/\\\/www.eldigitaldeasturias.com\\\/noticias\\\/category\\\/actualidad\\\/#listItem\",\"name\":\"Actualidad\"}},{\"@type\":\"ListItem\",\"@id\":\"https:\\\/\\\/www.eldigitaldeasturias.com\\\/noticias\\\/category\\\/actualidad\\\/#listItem\",\"position\":2,\"name\":\"Actualidad\",\"item\":\"https:\\\/\\\/www.eldigitaldeasturias.com\\\/noticias\\\/category\\\/actualidad\\\/\",\"nextItem\":{\"@type\":\"ListItem\",\"@id\":\"https:\\\/\\\/www.eldigitaldeasturias.com\\\/noticias\\\/el-general-haftar-anuncia-una-ofensiva-contra-el-estado-islamico-en-libia\\\/#listItem\",\"name\":\"El general Haftar anuncia una ofensiva contra el Estado Isl\\u00e1mico en Libia\"},\"previousItem\":{\"@type\":\"ListItem\",\"@id\":\"https:\\\/\\\/www.eldigitaldeasturias.com\\\/noticias#listItem\",\"name\":\"Home\"}},{\"@type\":\"ListItem\",\"@id\":\"https:\\\/\\\/www.eldigitaldeasturias.com\\\/noticias\\\/el-general-haftar-anuncia-una-ofensiva-contra-el-estado-islamico-en-libia\\\/#listItem\",\"position\":3,\"name\":\"El general Haftar anuncia una ofensiva contra el Estado Isl\\u00e1mico en Libia\",\"previousItem\":{\"@type\":\"ListItem\",\"@id\":\"https:\\\/\\\/www.eldigitaldeasturias.com\\\/noticias\\\/category\\\/actualidad\\\/#listItem\",\"name\":\"Actualidad\"}}]},{\"@type\":\"Organization\",\"@id\":\"https:\\\/\\\/www.eldigitaldeasturias.com\\\/noticias\\\/#organization\",\"name\":\"El Digital de Asturias\",\"description\":\"Hemeroteca\",\"url\":\"https:\\\/\\\/www.eldigitaldeasturias.com\\\/noticias\\\/\",\"email\":\"info@eldigitaldeasturias.com\",\"telephone\":\"+34652131393\",\"logo\":{\"@type\":\"ImageObject\",\"url\":\"https:\\\/\\\/www.eldigitaldeasturias.com\\\/noticias\\\/wp-content\\\/uploads\\\/2020\\\/12\\\/EDA.jpg\",\"@id\":\"https:\\\/\\\/www.eldigitaldeasturias.com\\\/noticias\\\/el-general-haftar-anuncia-una-ofensiva-contra-el-estado-islamico-en-libia\\\/#organizationLogo\"},\"image\":{\"@id\":\"https:\\\/\\\/www.eldigitaldeasturias.com\\\/noticias\\\/el-general-haftar-anuncia-una-ofensiva-contra-el-estado-islamico-en-libia\\\/#organizationLogo\"},\"sameAs\":[\"https:\\\/\\\/facebook.com\\\/eldigitaldeasturias\",\"https:\\\/\\\/www.youtube.com\\\/channel\\\/UCZP-2wLEB9Rv6erhFmqVnvg\"],\"address\":{\"@id\":\"https:\\\/\\\/www.eldigitaldeasturias.com\\\/noticias\\\/#postaladdress\",\"@type\":\"PostalAddress\",\"streetAddress\":\"san antonio 4\",\"postalCode\":\"33430\",\"addressLocality\":\"Cand\\u00e1s\",\"addressRegion\":\"Asturias\",\"addressCountry\":\"ES\"}},{\"@type\":\"Person\",\"@id\":\"https:\\\/\\\/www.eldigitaldeasturias.com\\\/noticias\\\/author\\\/admin\\\/#author\",\"url\":\"https:\\\/\\\/www.eldigitaldeasturias.com\\\/noticias\\\/author\\\/admin\\\/\",\"name\":\"El Digital de Asturias\",\"image\":{\"@type\":\"ImageObject\",\"@id\":\"https:\\\/\\\/www.eldigitaldeasturias.com\\\/noticias\\\/el-general-haftar-anuncia-una-ofensiva-contra-el-estado-islamico-en-libia\\\/#authorImage\",\"url\":\"https:\\\/\\\/secure.gravatar.com\\\/avatar\\\/df2aeffc32bcd13f8d26072ef8a91b623d677766deac7f97ca815868cd41bf5e?s=96&d=mm&r=g\",\"width\":96,\"height\":96,\"caption\":\"El Digital de Asturias\"}},{\"@type\":\"WebPage\",\"@id\":\"https:\\\/\\\/www.eldigitaldeasturias.com\\\/noticias\\\/el-general-haftar-anuncia-una-ofensiva-contra-el-estado-islamico-en-libia\\\/#webpage\",\"url\":\"https:\\\/\\\/www.eldigitaldeasturias.com\\\/noticias\\\/el-general-haftar-anuncia-una-ofensiva-contra-el-estado-islamico-en-libia\\\/\",\"name\":\"El general Haftar anuncia una ofensiva contra el Estado Isl\\u00e1mico en Libia - El Digital de Asturias\",\"description\":\"Tr\\u00edpoli, 7 may (dpa) - El poderoso general libio Khalifa Haftar anunci\\u00f3 hoy una ofensiva contra la milicia terrorista Estado Isl\\u00e1mico (EI) en la ciudad portuaria de Derna. Durante un desfile militar en la ciudad de Bengasi, en el este de Libia, explic\\u00f3 que lleg\\u00f3 \\\"la hora cero\\\" para la liberaci\\u00f3n de Derna. Todos los\",\"inLanguage\":\"es-ES\",\"isPartOf\":{\"@id\":\"https:\\\/\\\/www.eldigitaldeasturias.com\\\/noticias\\\/#website\"},\"breadcrumb\":{\"@id\":\"https:\\\/\\\/www.eldigitaldeasturias.com\\\/noticias\\\/el-general-haftar-anuncia-una-ofensiva-contra-el-estado-islamico-en-libia\\\/#breadcrumblist\"},\"author\":{\"@id\":\"https:\\\/\\\/www.eldigitaldeasturias.com\\\/noticias\\\/author\\\/admin\\\/#author\"},\"creator\":{\"@id\":\"https:\\\/\\\/www.eldigitaldeasturias.com\\\/noticias\\\/author\\\/admin\\\/#author\"},\"image\":{\"@type\":\"ImageObject\",\"url\":873757,\"@id\":\"https:\\\/\\\/www.eldigitaldeasturias.com\\\/noticias\\\/el-general-haftar-anuncia-una-ofensiva-contra-el-estado-islamico-en-libia\\\/#mainImage\"},\"primaryImageOfPage\":{\"@id\":\"https:\\\/\\\/www.eldigitaldeasturias.com\\\/noticias\\\/el-general-haftar-anuncia-una-ofensiva-contra-el-estado-islamico-en-libia\\\/#mainImage\"},\"datePublished\":\"2018-05-07T23:18:05+02:00\",\"dateModified\":\"2018-05-07T23:18:05+02:00\"},{\"@type\":\"WebSite\",\"@id\":\"https:\\\/\\\/www.eldigitaldeasturias.com\\\/noticias\\\/#website\",\"url\":\"https:\\\/\\\/www.eldigitaldeasturias.com\\\/noticias\\\/\",\"name\":\"El Digital de Asturias - Diario de actualidad y noticias\",\"alternateName\":\"El Digital de Asturias - Diario de actualidad y noticias\",\"description\":\"Hemeroteca\",\"inLanguage\":\"es-ES\",\"publisher\":{\"@id\":\"https:\\\/\\\/www.eldigitaldeasturias.com\\\/noticias\\\/#organization\"}}]}\n\t\t<\/script>\n\t\t<!-- All in One SEO Pro -->\r\n\t\t<title>El general Haftar anuncia una ofensiva contra el Estado Isl\u00e1mico en Libia - El Digital de Asturias<\/title>\n\n","aioseo_head_json":{"title":"El general Haftar anuncia una ofensiva contra el Estado Isl\u00e1mico en Libia - El Digital de Asturias","description":"Tr\u00edpoli, 7 may (dpa) - El poderoso general libio Khalifa Haftar anunci\u00f3 hoy una ofensiva contra la milicia terrorista Estado Isl\u00e1mico (EI) en la ciudad portuaria de Derna. Durante un desfile militar en la ciudad de Bengasi, en el este de Libia, explic\u00f3 que lleg\u00f3 \"la hora cero\" para la liberaci\u00f3n de Derna. Todos los","canonical_url":"https:\/\/www.eldigitaldeasturias.com\/noticias\/el-general-haftar-anuncia-una-ofensiva-contra-el-estado-islamico-en-libia\/","robots":"max-image-preview:large","keywords":"actualidad","webmasterTools":{"google-site-verification":"UA-38556648-1","msvalidate.01":"7dfe9f3f1b24437ab69f4f2559babe99","miscellaneous":""},"schema":{"@context":"https:\/\/schema.org","@graph":[{"@type":"BlogPosting","@id":"https:\/\/www.eldigitaldeasturias.com\/noticias\/el-general-haftar-anuncia-una-ofensiva-contra-el-estado-islamico-en-libia\/#blogposting","name":"El general Haftar anuncia una ofensiva contra el Estado Isl\u00e1mico en Libia - El Digital de Asturias","headline":"El general Haftar anuncia una ofensiva contra el Estado Isl\u00e1mico en Libia","author":{"@id":"https:\/\/www.eldigitaldeasturias.com\/noticias\/author\/admin\/#author"},"publisher":{"@id":"https:\/\/www.eldigitaldeasturias.com\/noticias\/#organization"},"image":{"@type":"ImageObject","url":873757},"datePublished":"2018-05-07T23:18:05+02:00","dateModified":"2018-05-07T23:18:05+02:00","inLanguage":"es-ES","mainEntityOfPage":{"@id":"https:\/\/www.eldigitaldeasturias.com\/noticias\/el-general-haftar-anuncia-una-ofensiva-contra-el-estado-islamico-en-libia\/#webpage"},"isPartOf":{"@id":"https:\/\/www.eldigitaldeasturias.com\/noticias\/el-general-haftar-anuncia-una-ofensiva-contra-el-estado-islamico-en-libia\/#webpage"},"articleSection":"Actualidad"},{"@type":"BreadcrumbList","@id":"https:\/\/www.eldigitaldeasturias.com\/noticias\/el-general-haftar-anuncia-una-ofensiva-contra-el-estado-islamico-en-libia\/#breadcrumblist","itemListElement":[{"@type":"ListItem","@id":"https:\/\/www.eldigitaldeasturias.com\/noticias#listItem","position":1,"name":"Home","item":"https:\/\/www.eldigitaldeasturias.com\/noticias","nextItem":{"@type":"ListItem","@id":"https:\/\/www.eldigitaldeasturias.com\/noticias\/category\/actualidad\/#listItem","name":"Actualidad"}},{"@type":"ListItem","@id":"https:\/\/www.eldigitaldeasturias.com\/noticias\/category\/actualidad\/#listItem","position":2,"name":"Actualidad","item":"https:\/\/www.eldigitaldeasturias.com\/noticias\/category\/actualidad\/","nextItem":{"@type":"ListItem","@id":"https:\/\/www.eldigitaldeasturias.com\/noticias\/el-general-haftar-anuncia-una-ofensiva-contra-el-estado-islamico-en-libia\/#listItem","name":"El general Haftar anuncia una ofensiva contra el Estado Isl\u00e1mico en Libia"},"previousItem":{"@type":"ListItem","@id":"https:\/\/www.eldigitaldeasturias.com\/noticias#listItem","name":"Home"}},{"@type":"ListItem","@id":"https:\/\/www.eldigitaldeasturias.com\/noticias\/el-general-haftar-anuncia-una-ofensiva-contra-el-estado-islamico-en-libia\/#listItem","position":3,"name":"El general Haftar anuncia una ofensiva contra el Estado Isl\u00e1mico en Libia","previousItem":{"@type":"ListItem","@id":"https:\/\/www.eldigitaldeasturias.com\/noticias\/category\/actualidad\/#listItem","name":"Actualidad"}}]},{"@type":"Organization","@id":"https:\/\/www.eldigitaldeasturias.com\/noticias\/#organization","name":"El Digital de Asturias","description":"Hemeroteca","url":"https:\/\/www.eldigitaldeasturias.com\/noticias\/","email":"info@eldigitaldeasturias.com","telephone":"+34652131393","logo":{"@type":"ImageObject","url":"https:\/\/www.eldigitaldeasturias.com\/noticias\/wp-content\/uploads\/2020\/12\/EDA.jpg","@id":"https:\/\/www.eldigitaldeasturias.com\/noticias\/el-general-haftar-anuncia-una-ofensiva-contra-el-estado-islamico-en-libia\/#organizationLogo"},"image":{"@id":"https:\/\/www.eldigitaldeasturias.com\/noticias\/el-general-haftar-anuncia-una-ofensiva-contra-el-estado-islamico-en-libia\/#organizationLogo"},"sameAs":["https:\/\/facebook.com\/eldigitaldeasturias","https:\/\/www.youtube.com\/channel\/UCZP-2wLEB9Rv6erhFmqVnvg"],"address":{"@id":"https:\/\/www.eldigitaldeasturias.com\/noticias\/#postaladdress","@type":"PostalAddress","streetAddress":"san antonio 4","postalCode":"33430","addressLocality":"Cand\u00e1s","addressRegion":"Asturias","addressCountry":"ES"}},{"@type":"Person","@id":"https:\/\/www.eldigitaldeasturias.com\/noticias\/author\/admin\/#author","url":"https:\/\/www.eldigitaldeasturias.com\/noticias\/author\/admin\/","name":"El Digital de Asturias","image":{"@type":"ImageObject","@id":"https:\/\/www.eldigitaldeasturias.com\/noticias\/el-general-haftar-anuncia-una-ofensiva-contra-el-estado-islamico-en-libia\/#authorImage","url":"https:\/\/secure.gravatar.com\/avatar\/df2aeffc32bcd13f8d26072ef8a91b623d677766deac7f97ca815868cd41bf5e?s=96&d=mm&r=g","width":96,"height":96,"caption":"El Digital de Asturias"}},{"@type":"WebPage","@id":"https:\/\/www.eldigitaldeasturias.com\/noticias\/el-general-haftar-anuncia-una-ofensiva-contra-el-estado-islamico-en-libia\/#webpage","url":"https:\/\/www.eldigitaldeasturias.com\/noticias\/el-general-haftar-anuncia-una-ofensiva-contra-el-estado-islamico-en-libia\/","name":"El general Haftar anuncia una ofensiva contra el Estado Isl\u00e1mico en Libia - El Digital de Asturias","description":"Tr\u00edpoli, 7 may (dpa) - El poderoso general libio Khalifa Haftar anunci\u00f3 hoy una ofensiva contra la milicia terrorista Estado Isl\u00e1mico (EI) en la ciudad portuaria de Derna. Durante un desfile militar en la ciudad de Bengasi, en el este de Libia, explic\u00f3 que lleg\u00f3 \"la hora cero\" para la liberaci\u00f3n de Derna. Todos los","inLanguage":"es-ES","isPartOf":{"@id":"https:\/\/www.eldigitaldeasturias.com\/noticias\/#website"},"breadcrumb":{"@id":"https:\/\/www.eldigitaldeasturias.com\/noticias\/el-general-haftar-anuncia-una-ofensiva-contra-el-estado-islamico-en-libia\/#breadcrumblist"},"author":{"@id":"https:\/\/www.eldigitaldeasturias.com\/noticias\/author\/admin\/#author"},"creator":{"@id":"https:\/\/www.eldigitaldeasturias.com\/noticias\/author\/admin\/#author"},"image":{"@type":"ImageObject","url":873757,"@id":"https:\/\/www.eldigitaldeasturias.com\/noticias\/el-general-haftar-anuncia-una-ofensiva-contra-el-estado-islamico-en-libia\/#mainImage"},"primaryImageOfPage":{"@id":"https:\/\/www.eldigitaldeasturias.com\/noticias\/el-general-haftar-anuncia-una-ofensiva-contra-el-estado-islamico-en-libia\/#mainImage"},"datePublished":"2018-05-07T23:18:05+02:00","dateModified":"2018-05-07T23:18:05+02:00"},{"@type":"WebSite","@id":"https:\/\/www.eldigitaldeasturias.com\/noticias\/#website","url":"https:\/\/www.eldigitaldeasturias.com\/noticias\/","name":"El Digital de Asturias - Diario de actualidad y noticias","alternateName":"El Digital de Asturias - Diario de actualidad y noticias","description":"Hemeroteca","inLanguage":"es-ES","publisher":{"@id":"https:\/\/www.eldigitaldeasturias.com\/noticias\/#organization"}}]},"og:locale":"es_ES","og:site_name":"El Digital de Asturias","og:type":"article","og:title":"El general Haftar anuncia una ofensiva contra el Estado Isl\u00e1mico en Libia - El Digital de Asturias","og:description":"Tr\u00edpoli, 7 may (dpa) - El poderoso general libio Khalifa Haftar anunci\u00f3 hoy una ofensiva contra la milicia terrorista Estado Isl\u00e1mico (EI) en la ciudad portuaria de Derna. Durante un desfile militar en la ciudad de Bengasi, en el este de Libia, explic\u00f3 que lleg\u00f3 &quot;la hora cero&quot; para la liberaci\u00f3n de Derna. Todos los","og:url":"https:\/\/www.eldigitaldeasturias.com\/noticias\/el-general-haftar-anuncia-una-ofensiva-contra-el-estado-islamico-en-libia\/","article:tag":["actualidad"],"article:published_time":"2018-05-07T23:18:05+00:00","article:modified_time":"2018-05-07T23:18:05+00:00","article:publisher":"https:\/\/facebook.com\/eldigitaldeasturias","twitter:card":"summary_large_image","twitter:title":"El general Haftar anuncia una ofensiva contra el Estado Isl\u00e1mico en Libia - El Digital de Asturias","twitter:description":"Tr\u00edpoli, 7 may (dpa) - El poderoso general libio Khalifa Haftar anunci\u00f3 hoy una ofensiva contra la milicia terrorista Estado Isl\u00e1mico (EI) en la ciudad portuaria de Derna. Durante un desfile militar en la ciudad de Bengasi, en el este de Libia, explic\u00f3 que lleg\u00f3 &quot;la hora cero&quot; para la liberaci\u00f3n de Derna. Todos los","twitter:image":"https:\/\/www.eldigitaldeasturias.com\/noticias\/wp-content\/uploads\/2020\/12\/EDA-1.jpg","twitter:label1":"Escrito por","twitter:data1":"El Digital de Asturias","twitter:label2":"Tiempo de lectura estimado","twitter:data2":"1 minuto"},"aioseo_meta_data":{"post_id":"979487","title":null,"description":null,"keywords":null,"keyphrases":null,"primary_term":null,"canonical_url":null,"og_title":null,"og_description":null,"og_object_type":"default","og_image_type":"default","og_image_url":null,"og_image_width":null,"og_image_height":null,"og_image_custom_url":null,"og_image_custom_fields":null,"og_video":null,"og_custom_url":null,"og_article_section":null,"og_article_tags":null,"twitter_use_og":false,"twitter_card":"default","twitter_image_type":"default","twitter_image_url":null,"twitter_image_custom_url":null,"twitter_image_custom_fields":null,"twitter_title":null,"twitter_description":null,"schema":{"blockGraphs":[],"customGraphs":[],"default":{"data":{"Article":[],"Course":[],"Dataset":[],"FAQPage":[],"Movie":[],"Person":[],"Product":[],"ProductReview":[],"Car":[],"Recipe":[],"Service":[],"SoftwareApplication":[],"WebPage":[]},"graphName":"","isEnabled":true},"graphs":[],"defaultGraph":"","defaultPostTypeGraph":""},"schema_type":null,"schema_type_options":null,"pillar_content":false,"robots_default":true,"robots_noindex":false,"robots_noarchive":false,"robots_nosnippet":false,"robots_nofollow":false,"robots_noimageindex":false,"robots_noodp":false,"robots_notranslate":false,"robots_max_snippet":null,"robots_max_videopreview":null,"robots_max_imagepreview":"large","priority":null,"frequency":null,"local_seo":null,"seo_analyzer_scan_date":"2025-10-08 14:31:07","breadcrumb_settings":null,"limit_modified_date":false,"open_ai":null,"ai":null,"created":"2020-12-21 11:59:38","updated":"2025-10-08 14:31:07","focus_keyword":null,"additional_keywords":null,"truseo_locale":null},"aioseo_breadcrumb":"<div class=\"aioseo-breadcrumbs\"><span class=\"aioseo-breadcrumb\">\n\t<a href=\"https:\/\/www.eldigitaldeasturias.com\/noticias\" title=\"Home\">Home<\/a>\n<\/span><span class=\"aioseo-breadcrumb-separator\">\u2013<\/span><span class=\"aioseo-breadcrumb\">\n\t<a href=\"https:\/\/www.eldigitaldeasturias.com\/noticias\/category\/actualidad\/\" title=\"Actualidad\">Actualidad<\/a>\n<\/span><span class=\"aioseo-breadcrumb-separator\">\u2013<\/span><span class=\"aioseo-breadcrumb\">\n\t<a href=\"https:\/\/www.eldigitaldeasturias.com\/noticias\/el-general-haftar-anuncia-una-ofensiva-contra-el-estado-islamico-en-libia\/\" title=\"El general Haftar anuncia una ofensiva contra el Estado Isl\u00e1mico en Libia\">El general Haftar anuncia una ofensiva contra el Estado Isl\u00e1mico en Libia<\/a>\n<\/span><\/div>","aioseo_breadcrumb_json":[{"label":"Home","link":"https:\/\/www.eldigitaldeasturias.com\/noticias"},{"label":"Actualidad","link":"https:\/\/www.eldigitaldeasturias.com\/noticias\/category\/actualidad\/"},{"label":"El general Haftar anuncia una ofensiva contra el Estado Isl\u00e1mico en Libia","link":"https:\/\/www.eldigitaldeasturias.com\/noticias\/el-general-haftar-anuncia-una-ofensiva-contra-el-estado-islamico-en-libia\/"}],"_links":{"self":[{"href":"https:\/\/www.eldigitaldeasturias.com\/noticias\/wp-json\/wp\/v2\/posts\/979487","targetHints":{"allow":["GET"]}}],"collection":[{"href":"https:\/\/www.eldigitaldeasturias.com\/noticias\/wp-json\/wp\/v2\/posts"}],"about":[{"href":"https:\/\/www.eldigitaldeasturias.com\/noticias\/wp-json\/wp\/v2\/types\/post"}],"author":[{"embeddable":true,"href":"https:\/\/www.eldigitaldeasturias.com\/noticias\/wp-json\/wp\/v2\/users\/1"}],"replies":[{"embeddable":true,"href":"https:\/\/www.eldigitaldeasturias.com\/noticias\/wp-json\/wp\/v2\/comments?post=979487"}],"version-history":[{"count":0,"href":"https:\/\/www.eldigitaldeasturias.com\/noticias\/wp-json\/wp\/v2\/posts\/979487\/revisions"}],"wp:attachment":[{"href":"https:\/\/www.eldigitaldeasturias.com\/noticias\/wp-json\/wp\/v2\/media?parent=979487"}],"wp:term":[{"taxonomy":"category","embeddable":true,"href":"https:\/\/www.eldigitaldeasturias.com\/noticias\/wp-json\/wp\/v2\/categories?post=979487"},{"taxonomy":"post_tag","embeddable":true,"href":"https:\/\/www.eldigitaldeasturias.com\/noticias\/wp-json\/wp\/v2\/tags?post=979487"}],"curies":[{"name":"wp","href":"https:\/\/api.w.org\/{rel}","templated":true}]}}