{"id":979464,"date":"2018-05-07T22:24:18","date_gmt":"2018-05-07T22:24:18","guid":{"rendered":"http:\/\/www.eldigitaldeasturias.com\/noticias\/?p=979464"},"modified":"2018-05-07T22:24:18","modified_gmt":"2018-05-07T22:24:18","slug":"felipe-gonzalez-el-regimen-de-maduro-se-va-a-caer-solo","status":"publish","type":"post","link":"https:\/\/www.eldigitaldeasturias.com\/noticias\/felipe-gonzalez-el-regimen-de-maduro-se-va-a-caer-solo\/","title":{"rendered":"Felipe Gonz\u00e1lez: \u00abEl r\u00e9gimen de Maduro se va a caer solo\u00bb"},"content":{"rendered":"<p><img loading=\"lazy\" decoding=\"async\" class=\"alignleft size-medium wp-image-977059\" src=\"https:\/\/www.eldigitaldeasturias.com\/noticias\/wp-content\/uploads\/2018\/04\/flag-2530554_960_720-360x270.jpg\" alt=\"\" width=\"360\" height=\"270\" \/>Madrid, 7 may (dpa) &#8211; El ex presidente del Gobierno espa\u00f1ol Felipe Gonz\u00e1lez asegur\u00f3 que hay una fractura interna en el \u00abr\u00e9gimen\u00bb de Nicol\u00e1s Maduro y que \u00e9ste \u00abse va a caer solo\u00bb pase lo que pase en las elecciones venezolanas del 20 de mayo, que seg\u00fan la oposici\u00f3n se celebran sin garant\u00edas democr\u00e1ticas.<\/p>\n<p>\u00abSe est\u00e1 fracturando el r\u00e9gimen por dentro. Lo digo con conocimiento de causa. Hay mucha gente del r\u00e9gimen que no quiere continuar con esta farsa, que no quiere continuar la responsabilidad de destruir a su propio pa\u00eds\u00bb, asegur\u00f3 el pol\u00edtico socialista en una entrevista publicada hoy en el rotativo espa\u00f1ol.<\/p>\n<p>El ex mandatario espa\u00f1ol, quien en los \u00faltimos a\u00f1os se ha convertido en azote de Nicol\u00e1s Maduro, teme un acuerdo poselectoral entre el presidente venezolano y el candidato electoral Henri Falc\u00f3n en un intento de lavado de imagen, aunque advirti\u00f3 que la situaci\u00f3n en el pa\u00eds ser\u00e1 igual de grave tras las elecciones del d\u00eda 20.<\/p>\n<p>\u00abHagan la maniobra que hagan de imagen, de pactar el Gobierno con la supuesta oposici\u00f3n derrotada, que ser\u00eda Falc\u00f3n, o no, la situaci\u00f3n del pa\u00eds ser\u00eda la misma. La situaci\u00f3n ser\u00eda del 13.000 por ciento o 14.000 por ciento de inflaci\u00f3n, un salario m\u00ednimo que sube cuatro veces en un a\u00f1o y que se devora a s\u00ed mismo inmediatamente. Es una cat\u00e1strofe sin paliativos\u00bb, explic\u00f3.<\/p>\n<p>Para Gonz\u00e1lez, la crisis migratoria que sufre Venezuela, con cientos de miles de desplazados, es \u00abel problema m\u00e1s grave\u00bb de Latinoam\u00e9rica y afecta especialmente a Colombia.<\/p>\n<p>\u00abEs insoportable lo que est\u00e1 ocurriendo. Tiene que haber planes de emergencia de la comunidad internacional para darle acogida a esa fuga de venezolanos, que est\u00e1n inundando toda la regi\u00f3n\u00bb, se\u00f1al\u00f3.<\/p>\n<p>El ex presidente del Gobierno espa\u00f1ol inst\u00f3 a la oposici\u00f3n venezolana a \u00abreaglutinarse\u00bb incluyendo a todas las fuerzas dem\u00f3cratas y a \u00abresistir pac\u00edficamente\u00bb. \u00abEl r\u00e9gimen a mi juicio se va a caer solo\u00bb, vaticin\u00f3.<\/p>\n<p>Gonz\u00e1lez se posicion\u00f3 en contra de una eventual intervenci\u00f3n en Venezuela por parte de la comunidad internacional, pero pidi\u00f3 una coordinaci\u00f3n m\u00e1s firme de las sanciones contra \u00ablos depredadores\u00bb del pa\u00eds suramericano.<\/p>\n<p>\u00abYo no soy partidario del embargo de petr\u00f3leo, que ya no tienen nada que embargar. Lo que creo es que hay que bloquear las cuentas de todos los que han robado. Y que en eso tienen que estar de acuerdo todos los l\u00edderes que creen en la democracia\u00bb, dijo.<\/p>\n","protected":false},"excerpt":{"rendered":"<p>Madrid, 7 may (dpa) &#8211; El ex presidente del Gobierno espa\u00f1ol Felipe Gonz\u00e1lez asegur\u00f3 que hay una fractura interna en el \u00abr\u00e9gimen\u00bb de Nicol\u00e1s Maduro y que \u00e9ste \u00abse va a caer solo\u00bb pase lo que pase en las elecciones venezolanas del 20 de mayo, que seg\u00fan la oposici\u00f3n se celebran sin garant\u00edas democr\u00e1ticas. \u00abSe [&hellip;]<\/p>\n","protected":false},"author":1,"featured_media":977059,"comment_status":"closed","ping_status":"closed","sticky":false,"template":"","format":"standard","meta":{"footnotes":""},"categories":[1],"tags":[],"class_list":["post-979464","post","type-post","status-publish","format-standard","has-post-thumbnail","hentry","category-actualidad"],"aioseo_notices":[],"aioseo_head":"\n\t\t<!-- All in One SEO Pro 5.0.1 - aioseo.com -->\n\t<meta name=\"description\" content=\"Madrid, 7 may (dpa) - El ex presidente del Gobierno espa\u00f1ol Felipe Gonz\u00e1lez asegur\u00f3 que hay una fractura interna en el &quot;r\u00e9gimen&quot; de Nicol\u00e1s Maduro y que \u00e9ste &quot;se va a caer solo&quot; pase lo que pase en las elecciones venezolanas del 20 de mayo, que seg\u00fan la oposici\u00f3n se celebran sin garant\u00edas democr\u00e1ticas. &quot;Se\" \/>\n\t<meta name=\"robots\" content=\"max-image-preview:large\" \/>\n\t<meta name=\"author\" content=\"El Digital de Asturias\"\/>\n\t<meta name=\"google-site-verification\" content=\"UA-38556648-1\" \/>\n\t<meta name=\"msvalidate.01\" content=\"7dfe9f3f1b24437ab69f4f2559babe99\" \/>\n\t<meta name=\"keywords\" content=\"actualidad\" \/>\n\t<link rel=\"canonical\" href=\"https:\/\/www.eldigitaldeasturias.com\/noticias\/felipe-gonzalez-el-regimen-de-maduro-se-va-a-caer-solo\/\" \/>\n\t<meta name=\"generator\" content=\"All in One SEO Pro (AIOSEO) 5.0.1\" \/>\n\t\t<meta property=\"og:locale\" content=\"es_ES\" \/>\n\t\t<meta property=\"og:site_name\" content=\"El Digital de Asturias\" \/>\n\t\t<meta property=\"og:type\" content=\"article\" \/>\n\t\t<meta property=\"og:title\" content=\"Felipe Gonz\u00e1lez: \u00abEl r\u00e9gimen de Maduro se va a caer solo\u00bb - El Digital de Asturias\" \/>\n\t\t<meta property=\"og:description\" content=\"Madrid, 7 may (dpa) - El ex presidente del Gobierno espa\u00f1ol Felipe Gonz\u00e1lez asegur\u00f3 que hay una fractura interna en el &quot;r\u00e9gimen&quot; de Nicol\u00e1s Maduro y que \u00e9ste &quot;se va a caer solo&quot; pase lo que pase en las elecciones venezolanas del 20 de mayo, que seg\u00fan la oposici\u00f3n se celebran sin garant\u00edas democr\u00e1ticas. &quot;Se\" \/>\n\t\t<meta property=\"og:url\" content=\"https:\/\/www.eldigitaldeasturias.com\/noticias\/felipe-gonzalez-el-regimen-de-maduro-se-va-a-caer-solo\/\" \/>\n\t\t<meta property=\"article:tag\" content=\"actualidad\" \/>\n\t\t<meta property=\"article:published_time\" content=\"2018-05-07T22:24:18+00:00\" \/>\n\t\t<meta property=\"article:modified_time\" content=\"2018-05-07T22:24:18+00:00\" \/>\n\t\t<meta property=\"article:publisher\" content=\"https:\/\/facebook.com\/eldigitaldeasturias\" \/>\n\t\t<meta name=\"twitter:card\" content=\"summary_large_image\" \/>\n\t\t<meta name=\"twitter:title\" content=\"Felipe Gonz\u00e1lez: \u00abEl r\u00e9gimen de Maduro se va a caer solo\u00bb - El Digital de Asturias\" \/>\n\t\t<meta name=\"twitter:description\" content=\"Madrid, 7 may (dpa) - El ex presidente del Gobierno espa\u00f1ol Felipe Gonz\u00e1lez asegur\u00f3 que hay una fractura interna en el &quot;r\u00e9gimen&quot; de Nicol\u00e1s Maduro y que \u00e9ste &quot;se va a caer solo&quot; pase lo que pase en las elecciones venezolanas del 20 de mayo, que seg\u00fan la oposici\u00f3n se celebran sin garant\u00edas democr\u00e1ticas. &quot;Se\" \/>\n\t\t<meta name=\"twitter:image\" content=\"https:\/\/www.eldigitaldeasturias.com\/noticias\/wp-content\/uploads\/2020\/12\/EDA-1.jpg\" \/>\n\t\t<meta name=\"twitter:label1\" content=\"Escrito por\" \/>\n\t\t<meta name=\"twitter:data1\" content=\"El Digital de Asturias\" \/>\n\t\t<meta name=\"twitter:label2\" content=\"Tiempo de lectura estimado\" \/>\n\t\t<meta name=\"twitter:data2\" content=\"2 minutos\" \/>\n\t\t<script type=\"application\/ld+json\" class=\"aioseo-schema\">\n\t\t\t{\"@context\":\"https:\\\/\\\/schema.org\",\"@graph\":[{\"@type\":\"BlogPosting\",\"@id\":\"https:\\\/\\\/www.eldigitaldeasturias.com\\\/noticias\\\/felipe-gonzalez-el-regimen-de-maduro-se-va-a-caer-solo\\\/#blogposting\",\"name\":\"Felipe Gonz\\u00e1lez: \\u00abEl r\\u00e9gimen de Maduro se va a caer solo\\u00bb - El Digital de Asturias\",\"headline\":\"Felipe Gonz\\u00e1lez: \\u00abEl r\\u00e9gimen de Maduro se va a caer solo\\u00bb\",\"author\":{\"@id\":\"https:\\\/\\\/www.eldigitaldeasturias.com\\\/noticias\\\/author\\\/admin\\\/#author\"},\"publisher\":{\"@id\":\"https:\\\/\\\/www.eldigitaldeasturias.com\\\/noticias\\\/#organization\"},\"image\":{\"@type\":\"ImageObject\",\"url\":977059},\"datePublished\":\"2018-05-07T22:24:18+02:00\",\"dateModified\":\"2018-05-07T22:24:18+02:00\",\"inLanguage\":\"es-ES\",\"mainEntityOfPage\":{\"@id\":\"https:\\\/\\\/www.eldigitaldeasturias.com\\\/noticias\\\/felipe-gonzalez-el-regimen-de-maduro-se-va-a-caer-solo\\\/#webpage\"},\"isPartOf\":{\"@id\":\"https:\\\/\\\/www.eldigitaldeasturias.com\\\/noticias\\\/felipe-gonzalez-el-regimen-de-maduro-se-va-a-caer-solo\\\/#webpage\"},\"articleSection\":\"Actualidad\"},{\"@type\":\"BreadcrumbList\",\"@id\":\"https:\\\/\\\/www.eldigitaldeasturias.com\\\/noticias\\\/felipe-gonzalez-el-regimen-de-maduro-se-va-a-caer-solo\\\/#breadcrumblist\",\"itemListElement\":[{\"@type\":\"ListItem\",\"@id\":\"https:\\\/\\\/www.eldigitaldeasturias.com\\\/noticias#listItem\",\"position\":1,\"name\":\"Home\",\"item\":\"https:\\\/\\\/www.eldigitaldeasturias.com\\\/noticias\",\"nextItem\":{\"@type\":\"ListItem\",\"@id\":\"https:\\\/\\\/www.eldigitaldeasturias.com\\\/noticias\\\/category\\\/actualidad\\\/#listItem\",\"name\":\"Actualidad\"}},{\"@type\":\"ListItem\",\"@id\":\"https:\\\/\\\/www.eldigitaldeasturias.com\\\/noticias\\\/category\\\/actualidad\\\/#listItem\",\"position\":2,\"name\":\"Actualidad\",\"item\":\"https:\\\/\\\/www.eldigitaldeasturias.com\\\/noticias\\\/category\\\/actualidad\\\/\",\"nextItem\":{\"@type\":\"ListItem\",\"@id\":\"https:\\\/\\\/www.eldigitaldeasturias.com\\\/noticias\\\/felipe-gonzalez-el-regimen-de-maduro-se-va-a-caer-solo\\\/#listItem\",\"name\":\"Felipe Gonz\\u00e1lez: \\u00abEl r\\u00e9gimen de Maduro se va a caer solo\\u00bb\"},\"previousItem\":{\"@type\":\"ListItem\",\"@id\":\"https:\\\/\\\/www.eldigitaldeasturias.com\\\/noticias#listItem\",\"name\":\"Home\"}},{\"@type\":\"ListItem\",\"@id\":\"https:\\\/\\\/www.eldigitaldeasturias.com\\\/noticias\\\/felipe-gonzalez-el-regimen-de-maduro-se-va-a-caer-solo\\\/#listItem\",\"position\":3,\"name\":\"Felipe Gonz\\u00e1lez: \\u00abEl r\\u00e9gimen de Maduro se va a caer solo\\u00bb\",\"previousItem\":{\"@type\":\"ListItem\",\"@id\":\"https:\\\/\\\/www.eldigitaldeasturias.com\\\/noticias\\\/category\\\/actualidad\\\/#listItem\",\"name\":\"Actualidad\"}}]},{\"@type\":\"Organization\",\"@id\":\"https:\\\/\\\/www.eldigitaldeasturias.com\\\/noticias\\\/#organization\",\"name\":\"El Digital de Asturias\",\"description\":\"Hemeroteca\",\"url\":\"https:\\\/\\\/www.eldigitaldeasturias.com\\\/noticias\\\/\",\"email\":\"info@eldigitaldeasturias.com\",\"telephone\":\"+34652131393\",\"logo\":{\"@type\":\"ImageObject\",\"url\":\"https:\\\/\\\/www.eldigitaldeasturias.com\\\/noticias\\\/wp-content\\\/uploads\\\/2020\\\/12\\\/EDA.jpg\",\"@id\":\"https:\\\/\\\/www.eldigitaldeasturias.com\\\/noticias\\\/felipe-gonzalez-el-regimen-de-maduro-se-va-a-caer-solo\\\/#organizationLogo\"},\"image\":{\"@id\":\"https:\\\/\\\/www.eldigitaldeasturias.com\\\/noticias\\\/felipe-gonzalez-el-regimen-de-maduro-se-va-a-caer-solo\\\/#organizationLogo\"},\"sameAs\":[\"https:\\\/\\\/facebook.com\\\/eldigitaldeasturias\",\"https:\\\/\\\/www.youtube.com\\\/channel\\\/UCZP-2wLEB9Rv6erhFmqVnvg\"],\"address\":{\"@id\":\"https:\\\/\\\/www.eldigitaldeasturias.com\\\/noticias\\\/#postaladdress\",\"@type\":\"PostalAddress\",\"streetAddress\":\"san antonio 4\",\"postalCode\":\"33430\",\"addressLocality\":\"Cand\\u00e1s\",\"addressRegion\":\"Asturias\",\"addressCountry\":\"ES\"}},{\"@type\":\"Person\",\"@id\":\"https:\\\/\\\/www.eldigitaldeasturias.com\\\/noticias\\\/author\\\/admin\\\/#author\",\"url\":\"https:\\\/\\\/www.eldigitaldeasturias.com\\\/noticias\\\/author\\\/admin\\\/\",\"name\":\"El Digital de Asturias\",\"image\":{\"@type\":\"ImageObject\",\"@id\":\"https:\\\/\\\/www.eldigitaldeasturias.com\\\/noticias\\\/felipe-gonzalez-el-regimen-de-maduro-se-va-a-caer-solo\\\/#authorImage\",\"url\":\"https:\\\/\\\/secure.gravatar.com\\\/avatar\\\/df2aeffc32bcd13f8d26072ef8a91b623d677766deac7f97ca815868cd41bf5e?s=96&d=mm&r=g\",\"width\":96,\"height\":96,\"caption\":\"El Digital de Asturias\"}},{\"@type\":\"WebPage\",\"@id\":\"https:\\\/\\\/www.eldigitaldeasturias.com\\\/noticias\\\/felipe-gonzalez-el-regimen-de-maduro-se-va-a-caer-solo\\\/#webpage\",\"url\":\"https:\\\/\\\/www.eldigitaldeasturias.com\\\/noticias\\\/felipe-gonzalez-el-regimen-de-maduro-se-va-a-caer-solo\\\/\",\"name\":\"Felipe Gonz\\u00e1lez: \\u00abEl r\\u00e9gimen de Maduro se va a caer solo\\u00bb - El Digital de Asturias\",\"description\":\"Madrid, 7 may (dpa) - El ex presidente del Gobierno espa\\u00f1ol Felipe Gonz\\u00e1lez asegur\\u00f3 que hay una fractura interna en el \\\"r\\u00e9gimen\\\" de Nicol\\u00e1s Maduro y que \\u00e9ste \\\"se va a caer solo\\\" pase lo que pase en las elecciones venezolanas del 20 de mayo, que seg\\u00fan la oposici\\u00f3n se celebran sin garant\\u00edas democr\\u00e1ticas. \\\"Se\",\"inLanguage\":\"es-ES\",\"isPartOf\":{\"@id\":\"https:\\\/\\\/www.eldigitaldeasturias.com\\\/noticias\\\/#website\"},\"breadcrumb\":{\"@id\":\"https:\\\/\\\/www.eldigitaldeasturias.com\\\/noticias\\\/felipe-gonzalez-el-regimen-de-maduro-se-va-a-caer-solo\\\/#breadcrumblist\"},\"author\":{\"@id\":\"https:\\\/\\\/www.eldigitaldeasturias.com\\\/noticias\\\/author\\\/admin\\\/#author\"},\"creator\":{\"@id\":\"https:\\\/\\\/www.eldigitaldeasturias.com\\\/noticias\\\/author\\\/admin\\\/#author\"},\"image\":{\"@type\":\"ImageObject\",\"url\":977059,\"@id\":\"https:\\\/\\\/www.eldigitaldeasturias.com\\\/noticias\\\/felipe-gonzalez-el-regimen-de-maduro-se-va-a-caer-solo\\\/#mainImage\"},\"primaryImageOfPage\":{\"@id\":\"https:\\\/\\\/www.eldigitaldeasturias.com\\\/noticias\\\/felipe-gonzalez-el-regimen-de-maduro-se-va-a-caer-solo\\\/#mainImage\"},\"datePublished\":\"2018-05-07T22:24:18+02:00\",\"dateModified\":\"2018-05-07T22:24:18+02:00\"},{\"@type\":\"WebSite\",\"@id\":\"https:\\\/\\\/www.eldigitaldeasturias.com\\\/noticias\\\/#website\",\"url\":\"https:\\\/\\\/www.eldigitaldeasturias.com\\\/noticias\\\/\",\"name\":\"El Digital de Asturias - Diario de actualidad y noticias\",\"alternateName\":\"El Digital de Asturias - Diario de actualidad y noticias\",\"description\":\"Hemeroteca\",\"inLanguage\":\"es-ES\",\"publisher\":{\"@id\":\"https:\\\/\\\/www.eldigitaldeasturias.com\\\/noticias\\\/#organization\"}}]}\n\t\t<\/script>\n\t\t<!-- All in One SEO Pro -->\r\n\t\t<title>Felipe Gonz\u00e1lez: \u00abEl r\u00e9gimen de Maduro se va a caer solo\u00bb - El Digital de Asturias<\/title>\n\n","aioseo_head_json":{"title":"Felipe Gonz\u00e1lez: \u00abEl r\u00e9gimen de Maduro se va a caer solo\u00bb - El Digital de Asturias","description":"Madrid, 7 may (dpa) - El ex presidente del Gobierno espa\u00f1ol Felipe Gonz\u00e1lez asegur\u00f3 que hay una fractura interna en el \"r\u00e9gimen\" de Nicol\u00e1s Maduro y que \u00e9ste \"se va a caer solo\" pase lo que pase en las elecciones venezolanas del 20 de mayo, que seg\u00fan la oposici\u00f3n se celebran sin garant\u00edas democr\u00e1ticas. \"Se","canonical_url":"https:\/\/www.eldigitaldeasturias.com\/noticias\/felipe-gonzalez-el-regimen-de-maduro-se-va-a-caer-solo\/","robots":"max-image-preview:large","keywords":"actualidad","webmasterTools":{"google-site-verification":"UA-38556648-1","msvalidate.01":"7dfe9f3f1b24437ab69f4f2559babe99","miscellaneous":""},"schema":{"@context":"https:\/\/schema.org","@graph":[{"@type":"BlogPosting","@id":"https:\/\/www.eldigitaldeasturias.com\/noticias\/felipe-gonzalez-el-regimen-de-maduro-se-va-a-caer-solo\/#blogposting","name":"Felipe Gonz\u00e1lez: \u00abEl r\u00e9gimen de Maduro se va a caer solo\u00bb - El Digital de Asturias","headline":"Felipe Gonz\u00e1lez: \u00abEl r\u00e9gimen de Maduro se va a caer solo\u00bb","author":{"@id":"https:\/\/www.eldigitaldeasturias.com\/noticias\/author\/admin\/#author"},"publisher":{"@id":"https:\/\/www.eldigitaldeasturias.com\/noticias\/#organization"},"image":{"@type":"ImageObject","url":977059},"datePublished":"2018-05-07T22:24:18+02:00","dateModified":"2018-05-07T22:24:18+02:00","inLanguage":"es-ES","mainEntityOfPage":{"@id":"https:\/\/www.eldigitaldeasturias.com\/noticias\/felipe-gonzalez-el-regimen-de-maduro-se-va-a-caer-solo\/#webpage"},"isPartOf":{"@id":"https:\/\/www.eldigitaldeasturias.com\/noticias\/felipe-gonzalez-el-regimen-de-maduro-se-va-a-caer-solo\/#webpage"},"articleSection":"Actualidad"},{"@type":"BreadcrumbList","@id":"https:\/\/www.eldigitaldeasturias.com\/noticias\/felipe-gonzalez-el-regimen-de-maduro-se-va-a-caer-solo\/#breadcrumblist","itemListElement":[{"@type":"ListItem","@id":"https:\/\/www.eldigitaldeasturias.com\/noticias#listItem","position":1,"name":"Home","item":"https:\/\/www.eldigitaldeasturias.com\/noticias","nextItem":{"@type":"ListItem","@id":"https:\/\/www.eldigitaldeasturias.com\/noticias\/category\/actualidad\/#listItem","name":"Actualidad"}},{"@type":"ListItem","@id":"https:\/\/www.eldigitaldeasturias.com\/noticias\/category\/actualidad\/#listItem","position":2,"name":"Actualidad","item":"https:\/\/www.eldigitaldeasturias.com\/noticias\/category\/actualidad\/","nextItem":{"@type":"ListItem","@id":"https:\/\/www.eldigitaldeasturias.com\/noticias\/felipe-gonzalez-el-regimen-de-maduro-se-va-a-caer-solo\/#listItem","name":"Felipe Gonz\u00e1lez: \u00abEl r\u00e9gimen de Maduro se va a caer solo\u00bb"},"previousItem":{"@type":"ListItem","@id":"https:\/\/www.eldigitaldeasturias.com\/noticias#listItem","name":"Home"}},{"@type":"ListItem","@id":"https:\/\/www.eldigitaldeasturias.com\/noticias\/felipe-gonzalez-el-regimen-de-maduro-se-va-a-caer-solo\/#listItem","position":3,"name":"Felipe Gonz\u00e1lez: \u00abEl r\u00e9gimen de Maduro se va a caer solo\u00bb","previousItem":{"@type":"ListItem","@id":"https:\/\/www.eldigitaldeasturias.com\/noticias\/category\/actualidad\/#listItem","name":"Actualidad"}}]},{"@type":"Organization","@id":"https:\/\/www.eldigitaldeasturias.com\/noticias\/#organization","name":"El Digital de Asturias","description":"Hemeroteca","url":"https:\/\/www.eldigitaldeasturias.com\/noticias\/","email":"info@eldigitaldeasturias.com","telephone":"+34652131393","logo":{"@type":"ImageObject","url":"https:\/\/www.eldigitaldeasturias.com\/noticias\/wp-content\/uploads\/2020\/12\/EDA.jpg","@id":"https:\/\/www.eldigitaldeasturias.com\/noticias\/felipe-gonzalez-el-regimen-de-maduro-se-va-a-caer-solo\/#organizationLogo"},"image":{"@id":"https:\/\/www.eldigitaldeasturias.com\/noticias\/felipe-gonzalez-el-regimen-de-maduro-se-va-a-caer-solo\/#organizationLogo"},"sameAs":["https:\/\/facebook.com\/eldigitaldeasturias","https:\/\/www.youtube.com\/channel\/UCZP-2wLEB9Rv6erhFmqVnvg"],"address":{"@id":"https:\/\/www.eldigitaldeasturias.com\/noticias\/#postaladdress","@type":"PostalAddress","streetAddress":"san antonio 4","postalCode":"33430","addressLocality":"Cand\u00e1s","addressRegion":"Asturias","addressCountry":"ES"}},{"@type":"Person","@id":"https:\/\/www.eldigitaldeasturias.com\/noticias\/author\/admin\/#author","url":"https:\/\/www.eldigitaldeasturias.com\/noticias\/author\/admin\/","name":"El Digital de Asturias","image":{"@type":"ImageObject","@id":"https:\/\/www.eldigitaldeasturias.com\/noticias\/felipe-gonzalez-el-regimen-de-maduro-se-va-a-caer-solo\/#authorImage","url":"https:\/\/secure.gravatar.com\/avatar\/df2aeffc32bcd13f8d26072ef8a91b623d677766deac7f97ca815868cd41bf5e?s=96&d=mm&r=g","width":96,"height":96,"caption":"El Digital de Asturias"}},{"@type":"WebPage","@id":"https:\/\/www.eldigitaldeasturias.com\/noticias\/felipe-gonzalez-el-regimen-de-maduro-se-va-a-caer-solo\/#webpage","url":"https:\/\/www.eldigitaldeasturias.com\/noticias\/felipe-gonzalez-el-regimen-de-maduro-se-va-a-caer-solo\/","name":"Felipe Gonz\u00e1lez: \u00abEl r\u00e9gimen de Maduro se va a caer solo\u00bb - El Digital de Asturias","description":"Madrid, 7 may (dpa) - El ex presidente del Gobierno espa\u00f1ol Felipe Gonz\u00e1lez asegur\u00f3 que hay una fractura interna en el \"r\u00e9gimen\" de Nicol\u00e1s Maduro y que \u00e9ste \"se va a caer solo\" pase lo que pase en las elecciones venezolanas del 20 de mayo, que seg\u00fan la oposici\u00f3n se celebran sin garant\u00edas democr\u00e1ticas. \"Se","inLanguage":"es-ES","isPartOf":{"@id":"https:\/\/www.eldigitaldeasturias.com\/noticias\/#website"},"breadcrumb":{"@id":"https:\/\/www.eldigitaldeasturias.com\/noticias\/felipe-gonzalez-el-regimen-de-maduro-se-va-a-caer-solo\/#breadcrumblist"},"author":{"@id":"https:\/\/www.eldigitaldeasturias.com\/noticias\/author\/admin\/#author"},"creator":{"@id":"https:\/\/www.eldigitaldeasturias.com\/noticias\/author\/admin\/#author"},"image":{"@type":"ImageObject","url":977059,"@id":"https:\/\/www.eldigitaldeasturias.com\/noticias\/felipe-gonzalez-el-regimen-de-maduro-se-va-a-caer-solo\/#mainImage"},"primaryImageOfPage":{"@id":"https:\/\/www.eldigitaldeasturias.com\/noticias\/felipe-gonzalez-el-regimen-de-maduro-se-va-a-caer-solo\/#mainImage"},"datePublished":"2018-05-07T22:24:18+02:00","dateModified":"2018-05-07T22:24:18+02:00"},{"@type":"WebSite","@id":"https:\/\/www.eldigitaldeasturias.com\/noticias\/#website","url":"https:\/\/www.eldigitaldeasturias.com\/noticias\/","name":"El Digital de Asturias - Diario de actualidad y noticias","alternateName":"El Digital de Asturias - Diario de actualidad y noticias","description":"Hemeroteca","inLanguage":"es-ES","publisher":{"@id":"https:\/\/www.eldigitaldeasturias.com\/noticias\/#organization"}}]},"og:locale":"es_ES","og:site_name":"El Digital de Asturias","og:type":"article","og:title":"Felipe Gonz\u00e1lez: \u00abEl r\u00e9gimen de Maduro se va a caer solo\u00bb - El Digital de Asturias","og:description":"Madrid, 7 may (dpa) - El ex presidente del Gobierno espa\u00f1ol Felipe Gonz\u00e1lez asegur\u00f3 que hay una fractura interna en el &quot;r\u00e9gimen&quot; de Nicol\u00e1s Maduro y que \u00e9ste &quot;se va a caer solo&quot; pase lo que pase en las elecciones venezolanas del 20 de mayo, que seg\u00fan la oposici\u00f3n se celebran sin garant\u00edas democr\u00e1ticas. &quot;Se","og:url":"https:\/\/www.eldigitaldeasturias.com\/noticias\/felipe-gonzalez-el-regimen-de-maduro-se-va-a-caer-solo\/","article:tag":["actualidad"],"article:published_time":"2018-05-07T22:24:18+00:00","article:modified_time":"2018-05-07T22:24:18+00:00","article:publisher":"https:\/\/facebook.com\/eldigitaldeasturias","twitter:card":"summary_large_image","twitter:title":"Felipe Gonz\u00e1lez: \u00abEl r\u00e9gimen de Maduro se va a caer solo\u00bb - El Digital de Asturias","twitter:description":"Madrid, 7 may (dpa) - El ex presidente del Gobierno espa\u00f1ol Felipe Gonz\u00e1lez asegur\u00f3 que hay una fractura interna en el &quot;r\u00e9gimen&quot; de Nicol\u00e1s Maduro y que \u00e9ste &quot;se va a caer solo&quot; pase lo que pase en las elecciones venezolanas del 20 de mayo, que seg\u00fan la oposici\u00f3n se celebran sin garant\u00edas democr\u00e1ticas. &quot;Se","twitter:image":"https:\/\/www.eldigitaldeasturias.com\/noticias\/wp-content\/uploads\/2020\/12\/EDA-1.jpg","twitter:label1":"Escrito por","twitter:data1":"El Digital de Asturias","twitter:label2":"Tiempo de lectura estimado","twitter:data2":"2 minutos"},"aioseo_meta_data":{"post_id":"979464","title":null,"description":null,"keywords":null,"keyphrases":null,"primary_term":null,"canonical_url":null,"og_title":null,"og_description":null,"og_object_type":"default","og_image_type":"default","og_image_url":null,"og_image_width":null,"og_image_height":null,"og_image_custom_url":null,"og_image_custom_fields":null,"og_video":null,"og_custom_url":null,"og_article_section":null,"og_article_tags":null,"twitter_use_og":false,"twitter_card":"default","twitter_image_type":"default","twitter_image_url":null,"twitter_image_custom_url":null,"twitter_image_custom_fields":null,"twitter_title":null,"twitter_description":null,"schema":{"blockGraphs":[],"customGraphs":[],"default":{"data":{"Article":[],"Course":[],"Dataset":[],"FAQPage":[],"Movie":[],"Person":[],"Product":[],"ProductReview":[],"Car":[],"Recipe":[],"Service":[],"SoftwareApplication":[],"WebPage":[]},"graphName":"","isEnabled":true},"graphs":[],"defaultGraph":"","defaultPostTypeGraph":""},"schema_type":null,"schema_type_options":null,"pillar_content":false,"robots_default":true,"robots_noindex":false,"robots_noarchive":false,"robots_nosnippet":false,"robots_nofollow":false,"robots_noimageindex":false,"robots_noodp":false,"robots_notranslate":false,"robots_max_snippet":null,"robots_max_videopreview":null,"robots_max_imagepreview":"large","priority":null,"frequency":null,"local_seo":null,"seo_analyzer_scan_date":"2025-10-08 14:25:23","breadcrumb_settings":null,"limit_modified_date":false,"open_ai":null,"ai":null,"created":"2020-12-21 11:59:38","updated":"2025-10-08 14:25:23","focus_keyword":null,"additional_keywords":null,"truseo_locale":null},"aioseo_breadcrumb":"<div class=\"aioseo-breadcrumbs\"><span class=\"aioseo-breadcrumb\">\n\t<a href=\"https:\/\/www.eldigitaldeasturias.com\/noticias\" title=\"Home\">Home<\/a>\n<\/span><span class=\"aioseo-breadcrumb-separator\">\u2013<\/span><span class=\"aioseo-breadcrumb\">\n\t<a href=\"https:\/\/www.eldigitaldeasturias.com\/noticias\/category\/actualidad\/\" title=\"Actualidad\">Actualidad<\/a>\n<\/span><span class=\"aioseo-breadcrumb-separator\">\u2013<\/span><span class=\"aioseo-breadcrumb\">\n\t<a href=\"https:\/\/www.eldigitaldeasturias.com\/noticias\/felipe-gonzalez-el-regimen-de-maduro-se-va-a-caer-solo\/\" title=\"Felipe Gonz\u00e1lez: \u00abEl r\u00e9gimen de Maduro se va a caer solo\u00bb\">Felipe Gonz\u00e1lez: \u00abEl r\u00e9gimen de Maduro se va a caer solo\u00bb<\/a>\n<\/span><\/div>","aioseo_breadcrumb_json":[{"label":"Home","link":"https:\/\/www.eldigitaldeasturias.com\/noticias"},{"label":"Actualidad","link":"https:\/\/www.eldigitaldeasturias.com\/noticias\/category\/actualidad\/"},{"label":"Felipe Gonz\u00e1lez: \u00abEl r\u00e9gimen de Maduro se va a caer solo\u00bb","link":"https:\/\/www.eldigitaldeasturias.com\/noticias\/felipe-gonzalez-el-regimen-de-maduro-se-va-a-caer-solo\/"}],"_links":{"self":[{"href":"https:\/\/www.eldigitaldeasturias.com\/noticias\/wp-json\/wp\/v2\/posts\/979464","targetHints":{"allow":["GET"]}}],"collection":[{"href":"https:\/\/www.eldigitaldeasturias.com\/noticias\/wp-json\/wp\/v2\/posts"}],"about":[{"href":"https:\/\/www.eldigitaldeasturias.com\/noticias\/wp-json\/wp\/v2\/types\/post"}],"author":[{"embeddable":true,"href":"https:\/\/www.eldigitaldeasturias.com\/noticias\/wp-json\/wp\/v2\/users\/1"}],"replies":[{"embeddable":true,"href":"https:\/\/www.eldigitaldeasturias.com\/noticias\/wp-json\/wp\/v2\/comments?post=979464"}],"version-history":[{"count":0,"href":"https:\/\/www.eldigitaldeasturias.com\/noticias\/wp-json\/wp\/v2\/posts\/979464\/revisions"}],"wp:attachment":[{"href":"https:\/\/www.eldigitaldeasturias.com\/noticias\/wp-json\/wp\/v2\/media?parent=979464"}],"wp:term":[{"taxonomy":"category","embeddable":true,"href":"https:\/\/www.eldigitaldeasturias.com\/noticias\/wp-json\/wp\/v2\/categories?post=979464"},{"taxonomy":"post_tag","embeddable":true,"href":"https:\/\/www.eldigitaldeasturias.com\/noticias\/wp-json\/wp\/v2\/tags?post=979464"}],"curies":[{"name":"wp","href":"https:\/\/api.w.org\/{rel}","templated":true}]}}