{"id":979457,"date":"2018-05-07T22:18:24","date_gmt":"2018-05-07T22:18:24","guid":{"rendered":"http:\/\/www.eldigitaldeasturias.com\/noticias\/?p=979457"},"modified":"2018-05-07T22:18:24","modified_gmt":"2018-05-07T22:18:24","slug":"el-momento-mas-dificil-miles-de-venezolanos-llegan-sin-nada-a-brasil","status":"publish","type":"post","link":"https:\/\/www.eldigitaldeasturias.com\/noticias\/el-momento-mas-dificil-miles-de-venezolanos-llegan-sin-nada-a-brasil\/","title":{"rendered":"El momento m\u00e1s dif\u00edcil: miles de venezolanos llegan sin nada a Brasil"},"content":{"rendered":"<p><img loading=\"lazy\" decoding=\"async\" class=\"alignleft size-medium wp-image-979458\" src=\"https:\/\/www.eldigitaldeasturias.com\/noticias\/wp-content\/uploads\/2018\/05\/favelas-51318_960_720-360x270.jpg\" alt=\"\" width=\"360\" height=\"270\" \/>R\u00edo de Janeiro\/Boa Vista, 7 may (dpa) &#8211; La crisis migratoria venezolana se extiende casi por toda Sudam\u00e9rica, pero las autoridades brasile\u00f1as creen que una de las caras m\u00e1s duras del \u00e9xodo se vive en el norte del gigante sudamericano, en una regi\u00f3n amaz\u00f3nica alejada de los grandes centros urbanos del continente.<\/p>\n<p>Muchos venezolanos cruzan desde hace meses a pie la frontera y entran al estado brasile\u00f1o de Roraima con las manos vac\u00edas, a veces sin la posibilidad de comprarse siquiera un pasaje que los traslade a la ciudad m\u00e1s cercana, Boa Vista, a unos 215 kil\u00f3metros de distancia.<\/p>\n<p>La caminata puede durar unos cuatro d\u00edas, reportaba recientemente el canal de televisi\u00f3n brasile\u00f1o Estado tras visitar la zona. Y la traves\u00eda es s\u00f3lo el comienzo de una dura vida en Boa Vista.<\/p>\n<p>Los inmigrantes suelen dormir a la intemperie en plazas p\u00fablicas y vender fruta o limpiar cristales de autom\u00f3viles en los sem\u00e1foros, mientras los m\u00e1s desvalidos viven de la caridad.<\/p>\n<p>Es \u00abel momento m\u00e1s dif\u00edcil en la historia de Venezuela\u00bb, contaba al canal UOL un hombre instalado en una plaza de Boa Vista llamada casualmente Sim\u00f3n Bol\u00edvar, como el h\u00e9roe nacional venezolano.<\/p>\n<p>En la principal ciudad de Roraima, el estado menos poblado de Brasil, se han asentado en tanto unos 50.000 venezolanos, calcula el Gobierno regional. La cifra representa casi el diez por ciento de los 522.000 habitantes que ten\u00eda Roraima en las \u00faltimas estad\u00edsticas oficiales.<\/p>\n<p>Debido a la crisis migratoria, las autoridades regionales declararon hace meses el estado de emergencia social. Y la gobernadora de Roraima, Suely Campos, pidi\u00f3 a mediados de abril al Supremo Tribunal Federal en Brasilia incluso el cierre temporal de la frontera como medida de emergencia.<\/p>\n<p>\u00abNo tenemos c\u00f3mo aguantar el aumento abrupto de nuestra poblaci\u00f3n\u00bb, se justific\u00f3 Campos. \u00abDe la forma en c\u00f3mo est\u00e1, contin\u00faan entrando unas 400, 500 personas por d\u00eda\u00bb, se quej\u00f3 en una entrevista con el portal de noticias de UOL.<\/p>\n<p>Roraima alerta desde hace meses de que sus servicios sanitarios est\u00e1n desbordados. El estado report\u00f3 recientemente un brote de sarampi\u00f3n, una enfermedad considerada antes erradicada en Brasil y que las autoridades consideran llegada desde el otro lado de la frontera.<\/p>\n<p>Medios locales reportan tambi\u00e9n roces sociales y algunas manifestaciones de xenofobia, traducidas por ejemplo en simpat\u00edas por Jair Bolsonaro, un militar de ultraderecha que aspira a ganar las elecciones presidenciales de octubre y que pidi\u00f3 hace poco construir campos de refugiados en la frontera con Venezuela.<\/p>\n<p>Seg\u00fan el Gobierno regional, Roraima recibe inmigrantes venezolanos desde 2015, pero la llegada de personas se dispar\u00f3 en 2017, seg\u00fan arreciaba la crisis en la naci\u00f3n vecina.<\/p>\n<p>La diferencia del \u00e9xodo hacia otros pa\u00edses sudamericanos es que los inmigrantes que llegan a Brasil son personas extremadamente pobres, a menudo ind\u00edgenas, y que \u00e9stos se instalan en una regi\u00f3n ya muy desfavorecida y lejana de los centros industriales brasile\u00f1os.<\/p>\n<p>En Boa Vista se suele recordar que la ciudad de Miami est\u00e1 a similar distancia que R\u00edo de Janeiro (unos 3.000 kil\u00f3metros en ambos casos) y Roraima es tradicionalmente una sociedad rural, marcada en gran parte todav\u00eda por los antiguos conflictos entre pueblos ind\u00edgenas amaz\u00f3nicos y grandes latifundistas.<\/p>\n<p>Mientras que las clases altas venezolanas salieron en los \u00faltimos a\u00f1os en direcci\u00f3n hacia Estados Unidos, Espa\u00f1a y otros pa\u00edses europeos, los inmigrantes menos favorecidos emprenden recientemente el viaje hacia pa\u00edses cercanos como Colombia, Per\u00fa, Chile o Argentina para buscarse la vida en las capitales sudamericanas.<\/p>\n<p>En ese escenario, es posible que Boa Vista sea una de las paradas de los que ya no consiguen llegar m\u00e1s lejos huyendo de la crisis.<\/p>\n<p>En Brasil se espera que la Corte Suprema se pronuncie en las pr\u00f3ximas semanas sobre el pedido de Roraima de cerrar las fronteras. El presidente Michel Temer ya critic\u00f3 la medida. \u00abEso no es h\u00e1bito de Brasil, Brasil no cerrar\u00eda las fronteras\u00bb, dijo el mandatario.<\/p>\n<p>El Gobierno de Temer aprob\u00f3 en febrero medidas extraordinarias para afrontar la crisis. Adem\u00e1s de liberar fondos de unos 190 millones de reales (54 millones de d\u00f3lares) para mejorar la seguridad en la frontera, el Ejecutivo anunci\u00f3 recientemente la construcci\u00f3n de cinco albergues m\u00e1s para contar con unos 11 centros de acogida con capacidad para unas 5.500 personas en Roraima.<\/p>\n<p>En abril, adem\u00e1s, las autoridades empezaron a trasladar a cientos de inmigrantes a Sao Paulo, en la regi\u00f3n industrial del sureste, y a Cuiab\u00e1, en el Mato Grosso, una de las regiones agr\u00edcolas m\u00e1s grandes del pa\u00eds.<\/p>\n<p>\u00abEso representa una cifra \u00ednfima considerando los m\u00e1s de 50.000 (inmigrantes llegados), muchos de los cuales deambulan por las plazas de Boa Vista\u00bb, critic\u00f3 sin embargo Campos.<\/p>\n<p>Por Isaac Risco (dpa)<\/p>\n","protected":false},"excerpt":{"rendered":"<p>R\u00edo de Janeiro\/Boa Vista, 7 may (dpa) &#8211; La crisis migratoria venezolana se extiende casi por toda Sudam\u00e9rica, pero las autoridades brasile\u00f1as creen que una de las caras m\u00e1s duras del \u00e9xodo se vive en el norte del gigante sudamericano, en una regi\u00f3n amaz\u00f3nica alejada de los grandes centros urbanos del continente. Muchos venezolanos cruzan [&hellip;]<\/p>\n","protected":false},"author":1,"featured_media":979458,"comment_status":"closed","ping_status":"closed","sticky":false,"template":"","format":"standard","meta":{"footnotes":""},"categories":[1],"tags":[],"class_list":["post-979457","post","type-post","status-publish","format-standard","has-post-thumbnail","hentry","category-actualidad"],"aioseo_notices":[],"aioseo_head":"\n\t\t<!-- All in One SEO Pro 5.0.1 - aioseo.com -->\n\t<meta name=\"description\" content=\"R\u00edo de Janeiro\/Boa Vista, 7 may (dpa) - La crisis migratoria venezolana se extiende casi por toda Sudam\u00e9rica, pero las autoridades brasile\u00f1as creen que una de las caras m\u00e1s duras del \u00e9xodo se vive en el norte del gigante sudamericano, en una regi\u00f3n amaz\u00f3nica alejada de los grandes centros urbanos del continente. Muchos venezolanos cruzan\" \/>\n\t<meta name=\"robots\" content=\"max-image-preview:large\" \/>\n\t<meta name=\"author\" content=\"El Digital de Asturias\"\/>\n\t<meta name=\"google-site-verification\" content=\"UA-38556648-1\" \/>\n\t<meta name=\"msvalidate.01\" content=\"7dfe9f3f1b24437ab69f4f2559babe99\" \/>\n\t<meta name=\"keywords\" content=\"actualidad\" \/>\n\t<link rel=\"canonical\" href=\"https:\/\/www.eldigitaldeasturias.com\/noticias\/el-momento-mas-dificil-miles-de-venezolanos-llegan-sin-nada-a-brasil\/\" \/>\n\t<meta name=\"generator\" content=\"All in One SEO Pro (AIOSEO) 5.0.1\" \/>\n\t\t<meta property=\"og:locale\" content=\"es_ES\" \/>\n\t\t<meta property=\"og:site_name\" content=\"El Digital de Asturias\" \/>\n\t\t<meta property=\"og:type\" content=\"article\" \/>\n\t\t<meta property=\"og:title\" content=\"El momento m\u00e1s dif\u00edcil: miles de venezolanos llegan sin nada a Brasil - El Digital de Asturias\" \/>\n\t\t<meta property=\"og:description\" content=\"R\u00edo de Janeiro\/Boa Vista, 7 may (dpa) - La crisis migratoria venezolana se extiende casi por toda Sudam\u00e9rica, pero las autoridades brasile\u00f1as creen que una de las caras m\u00e1s duras del \u00e9xodo se vive en el norte del gigante sudamericano, en una regi\u00f3n amaz\u00f3nica alejada de los grandes centros urbanos del continente. Muchos venezolanos cruzan\" \/>\n\t\t<meta property=\"og:url\" content=\"https:\/\/www.eldigitaldeasturias.com\/noticias\/el-momento-mas-dificil-miles-de-venezolanos-llegan-sin-nada-a-brasil\/\" \/>\n\t\t<meta property=\"article:tag\" content=\"actualidad\" \/>\n\t\t<meta property=\"article:published_time\" content=\"2018-05-07T22:18:24+00:00\" \/>\n\t\t<meta property=\"article:modified_time\" content=\"2018-05-07T22:18:24+00:00\" \/>\n\t\t<meta property=\"article:publisher\" content=\"https:\/\/facebook.com\/eldigitaldeasturias\" \/>\n\t\t<meta name=\"twitter:card\" content=\"summary_large_image\" \/>\n\t\t<meta name=\"twitter:title\" content=\"El momento m\u00e1s dif\u00edcil: miles de venezolanos llegan sin nada a Brasil - El Digital de Asturias\" \/>\n\t\t<meta name=\"twitter:description\" content=\"R\u00edo de Janeiro\/Boa Vista, 7 may (dpa) - La crisis migratoria venezolana se extiende casi por toda Sudam\u00e9rica, pero las autoridades brasile\u00f1as creen que una de las caras m\u00e1s duras del \u00e9xodo se vive en el norte del gigante sudamericano, en una regi\u00f3n amaz\u00f3nica alejada de los grandes centros urbanos del continente. Muchos venezolanos cruzan\" \/>\n\t\t<meta name=\"twitter:image\" content=\"https:\/\/www.eldigitaldeasturias.com\/noticias\/wp-content\/uploads\/2020\/12\/EDA-1.jpg\" \/>\n\t\t<meta name=\"twitter:label1\" content=\"Escrito por\" \/>\n\t\t<meta name=\"twitter:data1\" content=\"El Digital de Asturias\" \/>\n\t\t<meta name=\"twitter:label2\" content=\"Tiempo de lectura estimado\" \/>\n\t\t<meta name=\"twitter:data2\" content=\"4 minutos\" \/>\n\t\t<script type=\"application\/ld+json\" class=\"aioseo-schema\">\n\t\t\t{\"@context\":\"https:\\\/\\\/schema.org\",\"@graph\":[{\"@type\":\"BlogPosting\",\"@id\":\"https:\\\/\\\/www.eldigitaldeasturias.com\\\/noticias\\\/el-momento-mas-dificil-miles-de-venezolanos-llegan-sin-nada-a-brasil\\\/#blogposting\",\"name\":\"El momento m\\u00e1s dif\\u00edcil: miles de venezolanos llegan sin nada a Brasil - El Digital de Asturias\",\"headline\":\"El momento m\\u00e1s dif\\u00edcil: miles de venezolanos llegan sin nada a Brasil\",\"author\":{\"@id\":\"https:\\\/\\\/www.eldigitaldeasturias.com\\\/noticias\\\/author\\\/admin\\\/#author\"},\"publisher\":{\"@id\":\"https:\\\/\\\/www.eldigitaldeasturias.com\\\/noticias\\\/#organization\"},\"image\":{\"@type\":\"ImageObject\",\"url\":979458},\"datePublished\":\"2018-05-07T22:18:24+02:00\",\"dateModified\":\"2018-05-07T22:18:24+02:00\",\"inLanguage\":\"es-ES\",\"mainEntityOfPage\":{\"@id\":\"https:\\\/\\\/www.eldigitaldeasturias.com\\\/noticias\\\/el-momento-mas-dificil-miles-de-venezolanos-llegan-sin-nada-a-brasil\\\/#webpage\"},\"isPartOf\":{\"@id\":\"https:\\\/\\\/www.eldigitaldeasturias.com\\\/noticias\\\/el-momento-mas-dificil-miles-de-venezolanos-llegan-sin-nada-a-brasil\\\/#webpage\"},\"articleSection\":\"Actualidad\"},{\"@type\":\"BreadcrumbList\",\"@id\":\"https:\\\/\\\/www.eldigitaldeasturias.com\\\/noticias\\\/el-momento-mas-dificil-miles-de-venezolanos-llegan-sin-nada-a-brasil\\\/#breadcrumblist\",\"itemListElement\":[{\"@type\":\"ListItem\",\"@id\":\"https:\\\/\\\/www.eldigitaldeasturias.com\\\/noticias#listItem\",\"position\":1,\"name\":\"Home\",\"item\":\"https:\\\/\\\/www.eldigitaldeasturias.com\\\/noticias\",\"nextItem\":{\"@type\":\"ListItem\",\"@id\":\"https:\\\/\\\/www.eldigitaldeasturias.com\\\/noticias\\\/category\\\/actualidad\\\/#listItem\",\"name\":\"Actualidad\"}},{\"@type\":\"ListItem\",\"@id\":\"https:\\\/\\\/www.eldigitaldeasturias.com\\\/noticias\\\/category\\\/actualidad\\\/#listItem\",\"position\":2,\"name\":\"Actualidad\",\"item\":\"https:\\\/\\\/www.eldigitaldeasturias.com\\\/noticias\\\/category\\\/actualidad\\\/\",\"nextItem\":{\"@type\":\"ListItem\",\"@id\":\"https:\\\/\\\/www.eldigitaldeasturias.com\\\/noticias\\\/el-momento-mas-dificil-miles-de-venezolanos-llegan-sin-nada-a-brasil\\\/#listItem\",\"name\":\"El momento m\\u00e1s dif\\u00edcil: miles de venezolanos llegan sin nada a Brasil\"},\"previousItem\":{\"@type\":\"ListItem\",\"@id\":\"https:\\\/\\\/www.eldigitaldeasturias.com\\\/noticias#listItem\",\"name\":\"Home\"}},{\"@type\":\"ListItem\",\"@id\":\"https:\\\/\\\/www.eldigitaldeasturias.com\\\/noticias\\\/el-momento-mas-dificil-miles-de-venezolanos-llegan-sin-nada-a-brasil\\\/#listItem\",\"position\":3,\"name\":\"El momento m\\u00e1s dif\\u00edcil: miles de venezolanos llegan sin nada a Brasil\",\"previousItem\":{\"@type\":\"ListItem\",\"@id\":\"https:\\\/\\\/www.eldigitaldeasturias.com\\\/noticias\\\/category\\\/actualidad\\\/#listItem\",\"name\":\"Actualidad\"}}]},{\"@type\":\"Organization\",\"@id\":\"https:\\\/\\\/www.eldigitaldeasturias.com\\\/noticias\\\/#organization\",\"name\":\"El Digital de Asturias\",\"description\":\"Hemeroteca\",\"url\":\"https:\\\/\\\/www.eldigitaldeasturias.com\\\/noticias\\\/\",\"email\":\"info@eldigitaldeasturias.com\",\"telephone\":\"+34652131393\",\"logo\":{\"@type\":\"ImageObject\",\"url\":\"https:\\\/\\\/www.eldigitaldeasturias.com\\\/noticias\\\/wp-content\\\/uploads\\\/2020\\\/12\\\/EDA.jpg\",\"@id\":\"https:\\\/\\\/www.eldigitaldeasturias.com\\\/noticias\\\/el-momento-mas-dificil-miles-de-venezolanos-llegan-sin-nada-a-brasil\\\/#organizationLogo\"},\"image\":{\"@id\":\"https:\\\/\\\/www.eldigitaldeasturias.com\\\/noticias\\\/el-momento-mas-dificil-miles-de-venezolanos-llegan-sin-nada-a-brasil\\\/#organizationLogo\"},\"sameAs\":[\"https:\\\/\\\/facebook.com\\\/eldigitaldeasturias\",\"https:\\\/\\\/www.youtube.com\\\/channel\\\/UCZP-2wLEB9Rv6erhFmqVnvg\"],\"address\":{\"@id\":\"https:\\\/\\\/www.eldigitaldeasturias.com\\\/noticias\\\/#postaladdress\",\"@type\":\"PostalAddress\",\"streetAddress\":\"san antonio 4\",\"postalCode\":\"33430\",\"addressLocality\":\"Cand\\u00e1s\",\"addressRegion\":\"Asturias\",\"addressCountry\":\"ES\"}},{\"@type\":\"Person\",\"@id\":\"https:\\\/\\\/www.eldigitaldeasturias.com\\\/noticias\\\/author\\\/admin\\\/#author\",\"url\":\"https:\\\/\\\/www.eldigitaldeasturias.com\\\/noticias\\\/author\\\/admin\\\/\",\"name\":\"El Digital de Asturias\",\"image\":{\"@type\":\"ImageObject\",\"@id\":\"https:\\\/\\\/www.eldigitaldeasturias.com\\\/noticias\\\/el-momento-mas-dificil-miles-de-venezolanos-llegan-sin-nada-a-brasil\\\/#authorImage\",\"url\":\"https:\\\/\\\/secure.gravatar.com\\\/avatar\\\/df2aeffc32bcd13f8d26072ef8a91b623d677766deac7f97ca815868cd41bf5e?s=96&d=mm&r=g\",\"width\":96,\"height\":96,\"caption\":\"El Digital de Asturias\"}},{\"@type\":\"WebPage\",\"@id\":\"https:\\\/\\\/www.eldigitaldeasturias.com\\\/noticias\\\/el-momento-mas-dificil-miles-de-venezolanos-llegan-sin-nada-a-brasil\\\/#webpage\",\"url\":\"https:\\\/\\\/www.eldigitaldeasturias.com\\\/noticias\\\/el-momento-mas-dificil-miles-de-venezolanos-llegan-sin-nada-a-brasil\\\/\",\"name\":\"El momento m\\u00e1s dif\\u00edcil: miles de venezolanos llegan sin nada a Brasil - El Digital de Asturias\",\"description\":\"R\\u00edo de Janeiro\\\/Boa Vista, 7 may (dpa) - La crisis migratoria venezolana se extiende casi por toda Sudam\\u00e9rica, pero las autoridades brasile\\u00f1as creen que una de las caras m\\u00e1s duras del \\u00e9xodo se vive en el norte del gigante sudamericano, en una regi\\u00f3n amaz\\u00f3nica alejada de los grandes centros urbanos del continente. Muchos venezolanos cruzan\",\"inLanguage\":\"es-ES\",\"isPartOf\":{\"@id\":\"https:\\\/\\\/www.eldigitaldeasturias.com\\\/noticias\\\/#website\"},\"breadcrumb\":{\"@id\":\"https:\\\/\\\/www.eldigitaldeasturias.com\\\/noticias\\\/el-momento-mas-dificil-miles-de-venezolanos-llegan-sin-nada-a-brasil\\\/#breadcrumblist\"},\"author\":{\"@id\":\"https:\\\/\\\/www.eldigitaldeasturias.com\\\/noticias\\\/author\\\/admin\\\/#author\"},\"creator\":{\"@id\":\"https:\\\/\\\/www.eldigitaldeasturias.com\\\/noticias\\\/author\\\/admin\\\/#author\"},\"image\":{\"@type\":\"ImageObject\",\"url\":979458,\"@id\":\"https:\\\/\\\/www.eldigitaldeasturias.com\\\/noticias\\\/el-momento-mas-dificil-miles-de-venezolanos-llegan-sin-nada-a-brasil\\\/#mainImage\"},\"primaryImageOfPage\":{\"@id\":\"https:\\\/\\\/www.eldigitaldeasturias.com\\\/noticias\\\/el-momento-mas-dificil-miles-de-venezolanos-llegan-sin-nada-a-brasil\\\/#mainImage\"},\"datePublished\":\"2018-05-07T22:18:24+02:00\",\"dateModified\":\"2018-05-07T22:18:24+02:00\"},{\"@type\":\"WebSite\",\"@id\":\"https:\\\/\\\/www.eldigitaldeasturias.com\\\/noticias\\\/#website\",\"url\":\"https:\\\/\\\/www.eldigitaldeasturias.com\\\/noticias\\\/\",\"name\":\"El Digital de Asturias - Diario de actualidad y noticias\",\"alternateName\":\"El Digital de Asturias - Diario de actualidad y noticias\",\"description\":\"Hemeroteca\",\"inLanguage\":\"es-ES\",\"publisher\":{\"@id\":\"https:\\\/\\\/www.eldigitaldeasturias.com\\\/noticias\\\/#organization\"}}]}\n\t\t<\/script>\n\t\t<!-- All in One SEO Pro -->\r\n\t\t<title>El momento m\u00e1s dif\u00edcil: miles de venezolanos llegan sin nada a Brasil - El Digital de Asturias<\/title>\n\n","aioseo_head_json":{"title":"El momento m\u00e1s dif\u00edcil: miles de venezolanos llegan sin nada a Brasil - El Digital de Asturias","description":"R\u00edo de Janeiro\/Boa Vista, 7 may (dpa) - La crisis migratoria venezolana se extiende casi por toda Sudam\u00e9rica, pero las autoridades brasile\u00f1as creen que una de las caras m\u00e1s duras del \u00e9xodo se vive en el norte del gigante sudamericano, en una regi\u00f3n amaz\u00f3nica alejada de los grandes centros urbanos del continente. Muchos venezolanos cruzan","canonical_url":"https:\/\/www.eldigitaldeasturias.com\/noticias\/el-momento-mas-dificil-miles-de-venezolanos-llegan-sin-nada-a-brasil\/","robots":"max-image-preview:large","keywords":"actualidad","webmasterTools":{"google-site-verification":"UA-38556648-1","msvalidate.01":"7dfe9f3f1b24437ab69f4f2559babe99","miscellaneous":""},"schema":{"@context":"https:\/\/schema.org","@graph":[{"@type":"BlogPosting","@id":"https:\/\/www.eldigitaldeasturias.com\/noticias\/el-momento-mas-dificil-miles-de-venezolanos-llegan-sin-nada-a-brasil\/#blogposting","name":"El momento m\u00e1s dif\u00edcil: miles de venezolanos llegan sin nada a Brasil - El Digital de Asturias","headline":"El momento m\u00e1s dif\u00edcil: miles de venezolanos llegan sin nada a Brasil","author":{"@id":"https:\/\/www.eldigitaldeasturias.com\/noticias\/author\/admin\/#author"},"publisher":{"@id":"https:\/\/www.eldigitaldeasturias.com\/noticias\/#organization"},"image":{"@type":"ImageObject","url":979458},"datePublished":"2018-05-07T22:18:24+02:00","dateModified":"2018-05-07T22:18:24+02:00","inLanguage":"es-ES","mainEntityOfPage":{"@id":"https:\/\/www.eldigitaldeasturias.com\/noticias\/el-momento-mas-dificil-miles-de-venezolanos-llegan-sin-nada-a-brasil\/#webpage"},"isPartOf":{"@id":"https:\/\/www.eldigitaldeasturias.com\/noticias\/el-momento-mas-dificil-miles-de-venezolanos-llegan-sin-nada-a-brasil\/#webpage"},"articleSection":"Actualidad"},{"@type":"BreadcrumbList","@id":"https:\/\/www.eldigitaldeasturias.com\/noticias\/el-momento-mas-dificil-miles-de-venezolanos-llegan-sin-nada-a-brasil\/#breadcrumblist","itemListElement":[{"@type":"ListItem","@id":"https:\/\/www.eldigitaldeasturias.com\/noticias#listItem","position":1,"name":"Home","item":"https:\/\/www.eldigitaldeasturias.com\/noticias","nextItem":{"@type":"ListItem","@id":"https:\/\/www.eldigitaldeasturias.com\/noticias\/category\/actualidad\/#listItem","name":"Actualidad"}},{"@type":"ListItem","@id":"https:\/\/www.eldigitaldeasturias.com\/noticias\/category\/actualidad\/#listItem","position":2,"name":"Actualidad","item":"https:\/\/www.eldigitaldeasturias.com\/noticias\/category\/actualidad\/","nextItem":{"@type":"ListItem","@id":"https:\/\/www.eldigitaldeasturias.com\/noticias\/el-momento-mas-dificil-miles-de-venezolanos-llegan-sin-nada-a-brasil\/#listItem","name":"El momento m\u00e1s dif\u00edcil: miles de venezolanos llegan sin nada a Brasil"},"previousItem":{"@type":"ListItem","@id":"https:\/\/www.eldigitaldeasturias.com\/noticias#listItem","name":"Home"}},{"@type":"ListItem","@id":"https:\/\/www.eldigitaldeasturias.com\/noticias\/el-momento-mas-dificil-miles-de-venezolanos-llegan-sin-nada-a-brasil\/#listItem","position":3,"name":"El momento m\u00e1s dif\u00edcil: miles de venezolanos llegan sin nada a Brasil","previousItem":{"@type":"ListItem","@id":"https:\/\/www.eldigitaldeasturias.com\/noticias\/category\/actualidad\/#listItem","name":"Actualidad"}}]},{"@type":"Organization","@id":"https:\/\/www.eldigitaldeasturias.com\/noticias\/#organization","name":"El Digital de Asturias","description":"Hemeroteca","url":"https:\/\/www.eldigitaldeasturias.com\/noticias\/","email":"info@eldigitaldeasturias.com","telephone":"+34652131393","logo":{"@type":"ImageObject","url":"https:\/\/www.eldigitaldeasturias.com\/noticias\/wp-content\/uploads\/2020\/12\/EDA.jpg","@id":"https:\/\/www.eldigitaldeasturias.com\/noticias\/el-momento-mas-dificil-miles-de-venezolanos-llegan-sin-nada-a-brasil\/#organizationLogo"},"image":{"@id":"https:\/\/www.eldigitaldeasturias.com\/noticias\/el-momento-mas-dificil-miles-de-venezolanos-llegan-sin-nada-a-brasil\/#organizationLogo"},"sameAs":["https:\/\/facebook.com\/eldigitaldeasturias","https:\/\/www.youtube.com\/channel\/UCZP-2wLEB9Rv6erhFmqVnvg"],"address":{"@id":"https:\/\/www.eldigitaldeasturias.com\/noticias\/#postaladdress","@type":"PostalAddress","streetAddress":"san antonio 4","postalCode":"33430","addressLocality":"Cand\u00e1s","addressRegion":"Asturias","addressCountry":"ES"}},{"@type":"Person","@id":"https:\/\/www.eldigitaldeasturias.com\/noticias\/author\/admin\/#author","url":"https:\/\/www.eldigitaldeasturias.com\/noticias\/author\/admin\/","name":"El Digital de Asturias","image":{"@type":"ImageObject","@id":"https:\/\/www.eldigitaldeasturias.com\/noticias\/el-momento-mas-dificil-miles-de-venezolanos-llegan-sin-nada-a-brasil\/#authorImage","url":"https:\/\/secure.gravatar.com\/avatar\/df2aeffc32bcd13f8d26072ef8a91b623d677766deac7f97ca815868cd41bf5e?s=96&d=mm&r=g","width":96,"height":96,"caption":"El Digital de Asturias"}},{"@type":"WebPage","@id":"https:\/\/www.eldigitaldeasturias.com\/noticias\/el-momento-mas-dificil-miles-de-venezolanos-llegan-sin-nada-a-brasil\/#webpage","url":"https:\/\/www.eldigitaldeasturias.com\/noticias\/el-momento-mas-dificil-miles-de-venezolanos-llegan-sin-nada-a-brasil\/","name":"El momento m\u00e1s dif\u00edcil: miles de venezolanos llegan sin nada a Brasil - El Digital de Asturias","description":"R\u00edo de Janeiro\/Boa Vista, 7 may (dpa) - La crisis migratoria venezolana se extiende casi por toda Sudam\u00e9rica, pero las autoridades brasile\u00f1as creen que una de las caras m\u00e1s duras del \u00e9xodo se vive en el norte del gigante sudamericano, en una regi\u00f3n amaz\u00f3nica alejada de los grandes centros urbanos del continente. Muchos venezolanos cruzan","inLanguage":"es-ES","isPartOf":{"@id":"https:\/\/www.eldigitaldeasturias.com\/noticias\/#website"},"breadcrumb":{"@id":"https:\/\/www.eldigitaldeasturias.com\/noticias\/el-momento-mas-dificil-miles-de-venezolanos-llegan-sin-nada-a-brasil\/#breadcrumblist"},"author":{"@id":"https:\/\/www.eldigitaldeasturias.com\/noticias\/author\/admin\/#author"},"creator":{"@id":"https:\/\/www.eldigitaldeasturias.com\/noticias\/author\/admin\/#author"},"image":{"@type":"ImageObject","url":979458,"@id":"https:\/\/www.eldigitaldeasturias.com\/noticias\/el-momento-mas-dificil-miles-de-venezolanos-llegan-sin-nada-a-brasil\/#mainImage"},"primaryImageOfPage":{"@id":"https:\/\/www.eldigitaldeasturias.com\/noticias\/el-momento-mas-dificil-miles-de-venezolanos-llegan-sin-nada-a-brasil\/#mainImage"},"datePublished":"2018-05-07T22:18:24+02:00","dateModified":"2018-05-07T22:18:24+02:00"},{"@type":"WebSite","@id":"https:\/\/www.eldigitaldeasturias.com\/noticias\/#website","url":"https:\/\/www.eldigitaldeasturias.com\/noticias\/","name":"El Digital de Asturias - Diario de actualidad y noticias","alternateName":"El Digital de Asturias - Diario de actualidad y noticias","description":"Hemeroteca","inLanguage":"es-ES","publisher":{"@id":"https:\/\/www.eldigitaldeasturias.com\/noticias\/#organization"}}]},"og:locale":"es_ES","og:site_name":"El Digital de Asturias","og:type":"article","og:title":"El momento m\u00e1s dif\u00edcil: miles de venezolanos llegan sin nada a Brasil - El Digital de Asturias","og:description":"R\u00edo de Janeiro\/Boa Vista, 7 may (dpa) - La crisis migratoria venezolana se extiende casi por toda Sudam\u00e9rica, pero las autoridades brasile\u00f1as creen que una de las caras m\u00e1s duras del \u00e9xodo se vive en el norte del gigante sudamericano, en una regi\u00f3n amaz\u00f3nica alejada de los grandes centros urbanos del continente. Muchos venezolanos cruzan","og:url":"https:\/\/www.eldigitaldeasturias.com\/noticias\/el-momento-mas-dificil-miles-de-venezolanos-llegan-sin-nada-a-brasil\/","article:tag":["actualidad"],"article:published_time":"2018-05-07T22:18:24+00:00","article:modified_time":"2018-05-07T22:18:24+00:00","article:publisher":"https:\/\/facebook.com\/eldigitaldeasturias","twitter:card":"summary_large_image","twitter:title":"El momento m\u00e1s dif\u00edcil: miles de venezolanos llegan sin nada a Brasil - El Digital de Asturias","twitter:description":"R\u00edo de Janeiro\/Boa Vista, 7 may (dpa) - La crisis migratoria venezolana se extiende casi por toda Sudam\u00e9rica, pero las autoridades brasile\u00f1as creen que una de las caras m\u00e1s duras del \u00e9xodo se vive en el norte del gigante sudamericano, en una regi\u00f3n amaz\u00f3nica alejada de los grandes centros urbanos del continente. Muchos venezolanos cruzan","twitter:image":"https:\/\/www.eldigitaldeasturias.com\/noticias\/wp-content\/uploads\/2020\/12\/EDA-1.jpg","twitter:label1":"Escrito por","twitter:data1":"El Digital de Asturias","twitter:label2":"Tiempo de lectura estimado","twitter:data2":"4 minutos"},"aioseo_meta_data":{"post_id":"979457","title":null,"description":null,"keywords":null,"keyphrases":null,"primary_term":null,"canonical_url":null,"og_title":null,"og_description":null,"og_object_type":"default","og_image_type":"default","og_image_url":null,"og_image_width":null,"og_image_height":null,"og_image_custom_url":null,"og_image_custom_fields":null,"og_video":null,"og_custom_url":null,"og_article_section":null,"og_article_tags":null,"twitter_use_og":false,"twitter_card":"default","twitter_image_type":"default","twitter_image_url":null,"twitter_image_custom_url":null,"twitter_image_custom_fields":null,"twitter_title":null,"twitter_description":null,"schema":{"blockGraphs":[],"customGraphs":[],"default":{"data":{"Article":[],"Course":[],"Dataset":[],"FAQPage":[],"Movie":[],"Person":[],"Product":[],"ProductReview":[],"Car":[],"Recipe":[],"Service":[],"SoftwareApplication":[],"WebPage":[]},"graphName":"","isEnabled":true},"graphs":[],"defaultGraph":"","defaultPostTypeGraph":""},"schema_type":null,"schema_type_options":null,"pillar_content":false,"robots_default":true,"robots_noindex":false,"robots_noarchive":false,"robots_nosnippet":false,"robots_nofollow":false,"robots_noimageindex":false,"robots_noodp":false,"robots_notranslate":false,"robots_max_snippet":null,"robots_max_videopreview":null,"robots_max_imagepreview":"large","priority":null,"frequency":null,"local_seo":null,"seo_analyzer_scan_date":"2025-10-08 14:25:21","breadcrumb_settings":null,"limit_modified_date":false,"open_ai":null,"ai":null,"created":"2020-12-21 11:59:38","updated":"2025-10-08 14:25:21","focus_keyword":null,"additional_keywords":null,"truseo_locale":null},"aioseo_breadcrumb":"<div class=\"aioseo-breadcrumbs\"><span class=\"aioseo-breadcrumb\">\n\t<a href=\"https:\/\/www.eldigitaldeasturias.com\/noticias\" title=\"Home\">Home<\/a>\n<\/span><span class=\"aioseo-breadcrumb-separator\">\u2013<\/span><span class=\"aioseo-breadcrumb\">\n\t<a href=\"https:\/\/www.eldigitaldeasturias.com\/noticias\/category\/actualidad\/\" title=\"Actualidad\">Actualidad<\/a>\n<\/span><span class=\"aioseo-breadcrumb-separator\">\u2013<\/span><span class=\"aioseo-breadcrumb\">\n\t<a href=\"https:\/\/www.eldigitaldeasturias.com\/noticias\/el-momento-mas-dificil-miles-de-venezolanos-llegan-sin-nada-a-brasil\/\" title=\"El momento m\u00e1s dif\u00edcil: miles de venezolanos llegan sin nada a Brasil\">El momento m\u00e1s dif\u00edcil: miles de venezolanos llegan sin nada a Brasil<\/a>\n<\/span><\/div>","aioseo_breadcrumb_json":[{"label":"Home","link":"https:\/\/www.eldigitaldeasturias.com\/noticias"},{"label":"Actualidad","link":"https:\/\/www.eldigitaldeasturias.com\/noticias\/category\/actualidad\/"},{"label":"El momento m\u00e1s dif\u00edcil: miles de venezolanos llegan sin nada a Brasil","link":"https:\/\/www.eldigitaldeasturias.com\/noticias\/el-momento-mas-dificil-miles-de-venezolanos-llegan-sin-nada-a-brasil\/"}],"_links":{"self":[{"href":"https:\/\/www.eldigitaldeasturias.com\/noticias\/wp-json\/wp\/v2\/posts\/979457","targetHints":{"allow":["GET"]}}],"collection":[{"href":"https:\/\/www.eldigitaldeasturias.com\/noticias\/wp-json\/wp\/v2\/posts"}],"about":[{"href":"https:\/\/www.eldigitaldeasturias.com\/noticias\/wp-json\/wp\/v2\/types\/post"}],"author":[{"embeddable":true,"href":"https:\/\/www.eldigitaldeasturias.com\/noticias\/wp-json\/wp\/v2\/users\/1"}],"replies":[{"embeddable":true,"href":"https:\/\/www.eldigitaldeasturias.com\/noticias\/wp-json\/wp\/v2\/comments?post=979457"}],"version-history":[{"count":0,"href":"https:\/\/www.eldigitaldeasturias.com\/noticias\/wp-json\/wp\/v2\/posts\/979457\/revisions"}],"wp:attachment":[{"href":"https:\/\/www.eldigitaldeasturias.com\/noticias\/wp-json\/wp\/v2\/media?parent=979457"}],"wp:term":[{"taxonomy":"category","embeddable":true,"href":"https:\/\/www.eldigitaldeasturias.com\/noticias\/wp-json\/wp\/v2\/categories?post=979457"},{"taxonomy":"post_tag","embeddable":true,"href":"https:\/\/www.eldigitaldeasturias.com\/noticias\/wp-json\/wp\/v2\/tags?post=979457"}],"curies":[{"name":"wp","href":"https:\/\/api.w.org\/{rel}","templated":true}]}}