{"id":979446,"date":"2018-05-07T21:37:30","date_gmt":"2018-05-07T21:37:30","guid":{"rendered":"http:\/\/www.eldigitaldeasturias.com\/noticias\/?p=979446"},"modified":"2018-05-07T21:37:30","modified_gmt":"2018-05-07T21:37:30","slug":"putin-estrena-coche-oficial-de-fabricacion-rusa","status":"publish","type":"post","link":"https:\/\/www.eldigitaldeasturias.com\/noticias\/putin-estrena-coche-oficial-de-fabricacion-rusa\/","title":{"rendered":"Putin estrena coche oficial de fabricaci\u00f3n rusa"},"content":{"rendered":"<p><img loading=\"lazy\" decoding=\"async\" class=\"alignleft size-medium wp-image-969687\" src=\"https:\/\/www.eldigitaldeasturias.com\/noticias\/wp-content\/uploads\/2018\/02\/putin-2847423_1280-360x238.jpg\" alt=\"\" width=\"360\" height=\"238\" \/>Mosc\u00fa, 7 may (dpa) &#8211; Durante su cuarta investidura como presidente de Rusia, Vladimir Putin present\u00f3 hoy al p\u00fablico su nuevo veh\u00edculo oficial, fabricado en Rusia y bautizado como \u00abCortege\u00bb (escolta de honor).<\/p>\n<p>Se trata de un veh\u00edculo de lujo de serie, encargado en 2012 en el marco de un proyecto que tambi\u00e9n incluye SUV y monovol\u00famenes. La serie Cortege acaba con una tradici\u00f3n de d\u00e9cadas, puesto que desde los a\u00f1os 90 el Kremlin privilegiaba exclusivamente autos de lujo de la alemana Mercedes.<\/p>\n<p>A\u00fan as\u00ed, la tecnolog\u00eda alemana se encuentra tambi\u00e9n en la nueva serie de veh\u00edculos rusos. Seg\u00fan los medios, Porsche y Bosch colaboraron en el desarrollo del motor.<\/p>\n<p>El nuevo veh\u00edculo de alta gama, que tiene 600 caballos, es ideal para el presidente ruso, dijo un experto en coches de la agencia Tass, y ha superado todas las pruebas necesarias para garantizar la seguridad de Putin.<\/p>\n<p>El pueblo tambi\u00e9n podr\u00e1 disfrutarlo ya que a partir del oto\u00f1o se podr\u00e1n realizar los primeros encargos de la serie Cortege, inform\u00f3 el Ministerio de Industria ruso.<\/p>\n","protected":false},"excerpt":{"rendered":"<p>Mosc\u00fa, 7 may (dpa) &#8211; Durante su cuarta investidura como presidente de Rusia, Vladimir Putin present\u00f3 hoy al p\u00fablico su nuevo veh\u00edculo oficial, fabricado en Rusia y bautizado como \u00abCortege\u00bb (escolta de honor). Se trata de un veh\u00edculo de lujo de serie, encargado en 2012 en el marco de un proyecto que tambi\u00e9n incluye SUV [&hellip;]<\/p>\n","protected":false},"author":1,"featured_media":969687,"comment_status":"closed","ping_status":"closed","sticky":false,"template":"","format":"standard","meta":{"footnotes":""},"categories":[1],"tags":[],"class_list":["post-979446","post","type-post","status-publish","format-standard","has-post-thumbnail","hentry","category-actualidad"],"aioseo_notices":[],"aioseo_head":"\n\t\t<!-- All in One SEO Pro 5.0.1 - aioseo.com -->\n\t<meta name=\"description\" content=\"Mosc\u00fa, 7 may (dpa) - Durante su cuarta investidura como presidente de Rusia, Vladimir Putin present\u00f3 hoy al p\u00fablico su nuevo veh\u00edculo oficial, fabricado en Rusia y bautizado como &quot;Cortege&quot; (escolta de honor). Se trata de un veh\u00edculo de lujo de serie, encargado en 2012 en el marco de un proyecto que tambi\u00e9n incluye SUV\" \/>\n\t<meta name=\"robots\" content=\"max-image-preview:large\" \/>\n\t<meta name=\"author\" content=\"El Digital de Asturias\"\/>\n\t<meta name=\"google-site-verification\" content=\"UA-38556648-1\" \/>\n\t<meta name=\"msvalidate.01\" content=\"7dfe9f3f1b24437ab69f4f2559babe99\" \/>\n\t<meta name=\"keywords\" content=\"actualidad\" \/>\n\t<link rel=\"canonical\" href=\"https:\/\/www.eldigitaldeasturias.com\/noticias\/putin-estrena-coche-oficial-de-fabricacion-rusa\/\" \/>\n\t<meta name=\"generator\" content=\"All in One SEO Pro (AIOSEO) 5.0.1\" \/>\n\t\t<meta property=\"og:locale\" content=\"es_ES\" \/>\n\t\t<meta property=\"og:site_name\" content=\"El Digital de Asturias\" \/>\n\t\t<meta property=\"og:type\" content=\"article\" \/>\n\t\t<meta property=\"og:title\" content=\"Putin estrena coche oficial de fabricaci\u00f3n rusa - El Digital de Asturias\" \/>\n\t\t<meta property=\"og:description\" content=\"Mosc\u00fa, 7 may (dpa) - Durante su cuarta investidura como presidente de Rusia, Vladimir Putin present\u00f3 hoy al p\u00fablico su nuevo veh\u00edculo oficial, fabricado en Rusia y bautizado como &quot;Cortege&quot; (escolta de honor). Se trata de un veh\u00edculo de lujo de serie, encargado en 2012 en el marco de un proyecto que tambi\u00e9n incluye SUV\" \/>\n\t\t<meta property=\"og:url\" content=\"https:\/\/www.eldigitaldeasturias.com\/noticias\/putin-estrena-coche-oficial-de-fabricacion-rusa\/\" \/>\n\t\t<meta property=\"article:tag\" content=\"actualidad\" \/>\n\t\t<meta property=\"article:published_time\" content=\"2018-05-07T21:37:30+00:00\" \/>\n\t\t<meta property=\"article:modified_time\" content=\"2018-05-07T21:37:30+00:00\" \/>\n\t\t<meta property=\"article:publisher\" content=\"https:\/\/facebook.com\/eldigitaldeasturias\" \/>\n\t\t<meta name=\"twitter:card\" content=\"summary_large_image\" \/>\n\t\t<meta name=\"twitter:title\" content=\"Putin estrena coche oficial de fabricaci\u00f3n rusa - El Digital de Asturias\" \/>\n\t\t<meta name=\"twitter:description\" content=\"Mosc\u00fa, 7 may (dpa) - Durante su cuarta investidura como presidente de Rusia, Vladimir Putin present\u00f3 hoy al p\u00fablico su nuevo veh\u00edculo oficial, fabricado en Rusia y bautizado como &quot;Cortege&quot; (escolta de honor). Se trata de un veh\u00edculo de lujo de serie, encargado en 2012 en el marco de un proyecto que tambi\u00e9n incluye SUV\" \/>\n\t\t<meta name=\"twitter:image\" content=\"https:\/\/www.eldigitaldeasturias.com\/noticias\/wp-content\/uploads\/2020\/12\/EDA-1.jpg\" \/>\n\t\t<meta name=\"twitter:label1\" content=\"Escrito por\" \/>\n\t\t<meta name=\"twitter:data1\" content=\"El Digital de Asturias\" \/>\n\t\t<meta name=\"twitter:label2\" content=\"Tiempo de lectura estimado\" \/>\n\t\t<meta name=\"twitter:data2\" content=\"1 minuto\" \/>\n\t\t<script type=\"application\/ld+json\" class=\"aioseo-schema\">\n\t\t\t{\"@context\":\"https:\\\/\\\/schema.org\",\"@graph\":[{\"@type\":\"BlogPosting\",\"@id\":\"https:\\\/\\\/www.eldigitaldeasturias.com\\\/noticias\\\/putin-estrena-coche-oficial-de-fabricacion-rusa\\\/#blogposting\",\"name\":\"Putin estrena coche oficial de fabricaci\\u00f3n rusa - El Digital de Asturias\",\"headline\":\"Putin estrena coche oficial de fabricaci\\u00f3n rusa\",\"author\":{\"@id\":\"https:\\\/\\\/www.eldigitaldeasturias.com\\\/noticias\\\/author\\\/admin\\\/#author\"},\"publisher\":{\"@id\":\"https:\\\/\\\/www.eldigitaldeasturias.com\\\/noticias\\\/#organization\"},\"image\":{\"@type\":\"ImageObject\",\"url\":969687},\"datePublished\":\"2018-05-07T21:37:30+02:00\",\"dateModified\":\"2018-05-07T21:37:30+02:00\",\"inLanguage\":\"es-ES\",\"mainEntityOfPage\":{\"@id\":\"https:\\\/\\\/www.eldigitaldeasturias.com\\\/noticias\\\/putin-estrena-coche-oficial-de-fabricacion-rusa\\\/#webpage\"},\"isPartOf\":{\"@id\":\"https:\\\/\\\/www.eldigitaldeasturias.com\\\/noticias\\\/putin-estrena-coche-oficial-de-fabricacion-rusa\\\/#webpage\"},\"articleSection\":\"Actualidad\"},{\"@type\":\"BreadcrumbList\",\"@id\":\"https:\\\/\\\/www.eldigitaldeasturias.com\\\/noticias\\\/putin-estrena-coche-oficial-de-fabricacion-rusa\\\/#breadcrumblist\",\"itemListElement\":[{\"@type\":\"ListItem\",\"@id\":\"https:\\\/\\\/www.eldigitaldeasturias.com\\\/noticias#listItem\",\"position\":1,\"name\":\"Home\",\"item\":\"https:\\\/\\\/www.eldigitaldeasturias.com\\\/noticias\",\"nextItem\":{\"@type\":\"ListItem\",\"@id\":\"https:\\\/\\\/www.eldigitaldeasturias.com\\\/noticias\\\/category\\\/actualidad\\\/#listItem\",\"name\":\"Actualidad\"}},{\"@type\":\"ListItem\",\"@id\":\"https:\\\/\\\/www.eldigitaldeasturias.com\\\/noticias\\\/category\\\/actualidad\\\/#listItem\",\"position\":2,\"name\":\"Actualidad\",\"item\":\"https:\\\/\\\/www.eldigitaldeasturias.com\\\/noticias\\\/category\\\/actualidad\\\/\",\"nextItem\":{\"@type\":\"ListItem\",\"@id\":\"https:\\\/\\\/www.eldigitaldeasturias.com\\\/noticias\\\/putin-estrena-coche-oficial-de-fabricacion-rusa\\\/#listItem\",\"name\":\"Putin estrena coche oficial de fabricaci\\u00f3n rusa\"},\"previousItem\":{\"@type\":\"ListItem\",\"@id\":\"https:\\\/\\\/www.eldigitaldeasturias.com\\\/noticias#listItem\",\"name\":\"Home\"}},{\"@type\":\"ListItem\",\"@id\":\"https:\\\/\\\/www.eldigitaldeasturias.com\\\/noticias\\\/putin-estrena-coche-oficial-de-fabricacion-rusa\\\/#listItem\",\"position\":3,\"name\":\"Putin estrena coche oficial de fabricaci\\u00f3n rusa\",\"previousItem\":{\"@type\":\"ListItem\",\"@id\":\"https:\\\/\\\/www.eldigitaldeasturias.com\\\/noticias\\\/category\\\/actualidad\\\/#listItem\",\"name\":\"Actualidad\"}}]},{\"@type\":\"Organization\",\"@id\":\"https:\\\/\\\/www.eldigitaldeasturias.com\\\/noticias\\\/#organization\",\"name\":\"El Digital de Asturias\",\"description\":\"Hemeroteca\",\"url\":\"https:\\\/\\\/www.eldigitaldeasturias.com\\\/noticias\\\/\",\"email\":\"info@eldigitaldeasturias.com\",\"telephone\":\"+34652131393\",\"logo\":{\"@type\":\"ImageObject\",\"url\":\"https:\\\/\\\/www.eldigitaldeasturias.com\\\/noticias\\\/wp-content\\\/uploads\\\/2020\\\/12\\\/EDA.jpg\",\"@id\":\"https:\\\/\\\/www.eldigitaldeasturias.com\\\/noticias\\\/putin-estrena-coche-oficial-de-fabricacion-rusa\\\/#organizationLogo\"},\"image\":{\"@id\":\"https:\\\/\\\/www.eldigitaldeasturias.com\\\/noticias\\\/putin-estrena-coche-oficial-de-fabricacion-rusa\\\/#organizationLogo\"},\"sameAs\":[\"https:\\\/\\\/facebook.com\\\/eldigitaldeasturias\",\"https:\\\/\\\/www.youtube.com\\\/channel\\\/UCZP-2wLEB9Rv6erhFmqVnvg\"],\"address\":{\"@id\":\"https:\\\/\\\/www.eldigitaldeasturias.com\\\/noticias\\\/#postaladdress\",\"@type\":\"PostalAddress\",\"streetAddress\":\"san antonio 4\",\"postalCode\":\"33430\",\"addressLocality\":\"Cand\\u00e1s\",\"addressRegion\":\"Asturias\",\"addressCountry\":\"ES\"}},{\"@type\":\"Person\",\"@id\":\"https:\\\/\\\/www.eldigitaldeasturias.com\\\/noticias\\\/author\\\/admin\\\/#author\",\"url\":\"https:\\\/\\\/www.eldigitaldeasturias.com\\\/noticias\\\/author\\\/admin\\\/\",\"name\":\"El Digital de Asturias\",\"image\":{\"@type\":\"ImageObject\",\"@id\":\"https:\\\/\\\/www.eldigitaldeasturias.com\\\/noticias\\\/putin-estrena-coche-oficial-de-fabricacion-rusa\\\/#authorImage\",\"url\":\"https:\\\/\\\/secure.gravatar.com\\\/avatar\\\/df2aeffc32bcd13f8d26072ef8a91b623d677766deac7f97ca815868cd41bf5e?s=96&d=mm&r=g\",\"width\":96,\"height\":96,\"caption\":\"El Digital de Asturias\"}},{\"@type\":\"WebPage\",\"@id\":\"https:\\\/\\\/www.eldigitaldeasturias.com\\\/noticias\\\/putin-estrena-coche-oficial-de-fabricacion-rusa\\\/#webpage\",\"url\":\"https:\\\/\\\/www.eldigitaldeasturias.com\\\/noticias\\\/putin-estrena-coche-oficial-de-fabricacion-rusa\\\/\",\"name\":\"Putin estrena coche oficial de fabricaci\\u00f3n rusa - El Digital de Asturias\",\"description\":\"Mosc\\u00fa, 7 may (dpa) - Durante su cuarta investidura como presidente de Rusia, Vladimir Putin present\\u00f3 hoy al p\\u00fablico su nuevo veh\\u00edculo oficial, fabricado en Rusia y bautizado como \\\"Cortege\\\" (escolta de honor). Se trata de un veh\\u00edculo de lujo de serie, encargado en 2012 en el marco de un proyecto que tambi\\u00e9n incluye SUV\",\"inLanguage\":\"es-ES\",\"isPartOf\":{\"@id\":\"https:\\\/\\\/www.eldigitaldeasturias.com\\\/noticias\\\/#website\"},\"breadcrumb\":{\"@id\":\"https:\\\/\\\/www.eldigitaldeasturias.com\\\/noticias\\\/putin-estrena-coche-oficial-de-fabricacion-rusa\\\/#breadcrumblist\"},\"author\":{\"@id\":\"https:\\\/\\\/www.eldigitaldeasturias.com\\\/noticias\\\/author\\\/admin\\\/#author\"},\"creator\":{\"@id\":\"https:\\\/\\\/www.eldigitaldeasturias.com\\\/noticias\\\/author\\\/admin\\\/#author\"},\"image\":{\"@type\":\"ImageObject\",\"url\":969687,\"@id\":\"https:\\\/\\\/www.eldigitaldeasturias.com\\\/noticias\\\/putin-estrena-coche-oficial-de-fabricacion-rusa\\\/#mainImage\"},\"primaryImageOfPage\":{\"@id\":\"https:\\\/\\\/www.eldigitaldeasturias.com\\\/noticias\\\/putin-estrena-coche-oficial-de-fabricacion-rusa\\\/#mainImage\"},\"datePublished\":\"2018-05-07T21:37:30+02:00\",\"dateModified\":\"2018-05-07T21:37:30+02:00\"},{\"@type\":\"WebSite\",\"@id\":\"https:\\\/\\\/www.eldigitaldeasturias.com\\\/noticias\\\/#website\",\"url\":\"https:\\\/\\\/www.eldigitaldeasturias.com\\\/noticias\\\/\",\"name\":\"El Digital de Asturias - Diario de actualidad y noticias\",\"alternateName\":\"El Digital de Asturias - Diario de actualidad y noticias\",\"description\":\"Hemeroteca\",\"inLanguage\":\"es-ES\",\"publisher\":{\"@id\":\"https:\\\/\\\/www.eldigitaldeasturias.com\\\/noticias\\\/#organization\"}}]}\n\t\t<\/script>\n\t\t<!-- All in One SEO Pro -->\r\n\t\t<title>Putin estrena coche oficial de fabricaci\u00f3n rusa - El Digital de Asturias<\/title>\n\n","aioseo_head_json":{"title":"Putin estrena coche oficial de fabricaci\u00f3n rusa - El Digital de Asturias","description":"Mosc\u00fa, 7 may (dpa) - Durante su cuarta investidura como presidente de Rusia, Vladimir Putin present\u00f3 hoy al p\u00fablico su nuevo veh\u00edculo oficial, fabricado en Rusia y bautizado como \"Cortege\" (escolta de honor). Se trata de un veh\u00edculo de lujo de serie, encargado en 2012 en el marco de un proyecto que tambi\u00e9n incluye SUV","canonical_url":"https:\/\/www.eldigitaldeasturias.com\/noticias\/putin-estrena-coche-oficial-de-fabricacion-rusa\/","robots":"max-image-preview:large","keywords":"actualidad","webmasterTools":{"google-site-verification":"UA-38556648-1","msvalidate.01":"7dfe9f3f1b24437ab69f4f2559babe99","miscellaneous":""},"schema":{"@context":"https:\/\/schema.org","@graph":[{"@type":"BlogPosting","@id":"https:\/\/www.eldigitaldeasturias.com\/noticias\/putin-estrena-coche-oficial-de-fabricacion-rusa\/#blogposting","name":"Putin estrena coche oficial de fabricaci\u00f3n rusa - El Digital de Asturias","headline":"Putin estrena coche oficial de fabricaci\u00f3n rusa","author":{"@id":"https:\/\/www.eldigitaldeasturias.com\/noticias\/author\/admin\/#author"},"publisher":{"@id":"https:\/\/www.eldigitaldeasturias.com\/noticias\/#organization"},"image":{"@type":"ImageObject","url":969687},"datePublished":"2018-05-07T21:37:30+02:00","dateModified":"2018-05-07T21:37:30+02:00","inLanguage":"es-ES","mainEntityOfPage":{"@id":"https:\/\/www.eldigitaldeasturias.com\/noticias\/putin-estrena-coche-oficial-de-fabricacion-rusa\/#webpage"},"isPartOf":{"@id":"https:\/\/www.eldigitaldeasturias.com\/noticias\/putin-estrena-coche-oficial-de-fabricacion-rusa\/#webpage"},"articleSection":"Actualidad"},{"@type":"BreadcrumbList","@id":"https:\/\/www.eldigitaldeasturias.com\/noticias\/putin-estrena-coche-oficial-de-fabricacion-rusa\/#breadcrumblist","itemListElement":[{"@type":"ListItem","@id":"https:\/\/www.eldigitaldeasturias.com\/noticias#listItem","position":1,"name":"Home","item":"https:\/\/www.eldigitaldeasturias.com\/noticias","nextItem":{"@type":"ListItem","@id":"https:\/\/www.eldigitaldeasturias.com\/noticias\/category\/actualidad\/#listItem","name":"Actualidad"}},{"@type":"ListItem","@id":"https:\/\/www.eldigitaldeasturias.com\/noticias\/category\/actualidad\/#listItem","position":2,"name":"Actualidad","item":"https:\/\/www.eldigitaldeasturias.com\/noticias\/category\/actualidad\/","nextItem":{"@type":"ListItem","@id":"https:\/\/www.eldigitaldeasturias.com\/noticias\/putin-estrena-coche-oficial-de-fabricacion-rusa\/#listItem","name":"Putin estrena coche oficial de fabricaci\u00f3n rusa"},"previousItem":{"@type":"ListItem","@id":"https:\/\/www.eldigitaldeasturias.com\/noticias#listItem","name":"Home"}},{"@type":"ListItem","@id":"https:\/\/www.eldigitaldeasturias.com\/noticias\/putin-estrena-coche-oficial-de-fabricacion-rusa\/#listItem","position":3,"name":"Putin estrena coche oficial de fabricaci\u00f3n rusa","previousItem":{"@type":"ListItem","@id":"https:\/\/www.eldigitaldeasturias.com\/noticias\/category\/actualidad\/#listItem","name":"Actualidad"}}]},{"@type":"Organization","@id":"https:\/\/www.eldigitaldeasturias.com\/noticias\/#organization","name":"El Digital de Asturias","description":"Hemeroteca","url":"https:\/\/www.eldigitaldeasturias.com\/noticias\/","email":"info@eldigitaldeasturias.com","telephone":"+34652131393","logo":{"@type":"ImageObject","url":"https:\/\/www.eldigitaldeasturias.com\/noticias\/wp-content\/uploads\/2020\/12\/EDA.jpg","@id":"https:\/\/www.eldigitaldeasturias.com\/noticias\/putin-estrena-coche-oficial-de-fabricacion-rusa\/#organizationLogo"},"image":{"@id":"https:\/\/www.eldigitaldeasturias.com\/noticias\/putin-estrena-coche-oficial-de-fabricacion-rusa\/#organizationLogo"},"sameAs":["https:\/\/facebook.com\/eldigitaldeasturias","https:\/\/www.youtube.com\/channel\/UCZP-2wLEB9Rv6erhFmqVnvg"],"address":{"@id":"https:\/\/www.eldigitaldeasturias.com\/noticias\/#postaladdress","@type":"PostalAddress","streetAddress":"san antonio 4","postalCode":"33430","addressLocality":"Cand\u00e1s","addressRegion":"Asturias","addressCountry":"ES"}},{"@type":"Person","@id":"https:\/\/www.eldigitaldeasturias.com\/noticias\/author\/admin\/#author","url":"https:\/\/www.eldigitaldeasturias.com\/noticias\/author\/admin\/","name":"El Digital de Asturias","image":{"@type":"ImageObject","@id":"https:\/\/www.eldigitaldeasturias.com\/noticias\/putin-estrena-coche-oficial-de-fabricacion-rusa\/#authorImage","url":"https:\/\/secure.gravatar.com\/avatar\/df2aeffc32bcd13f8d26072ef8a91b623d677766deac7f97ca815868cd41bf5e?s=96&d=mm&r=g","width":96,"height":96,"caption":"El Digital de Asturias"}},{"@type":"WebPage","@id":"https:\/\/www.eldigitaldeasturias.com\/noticias\/putin-estrena-coche-oficial-de-fabricacion-rusa\/#webpage","url":"https:\/\/www.eldigitaldeasturias.com\/noticias\/putin-estrena-coche-oficial-de-fabricacion-rusa\/","name":"Putin estrena coche oficial de fabricaci\u00f3n rusa - El Digital de Asturias","description":"Mosc\u00fa, 7 may (dpa) - Durante su cuarta investidura como presidente de Rusia, Vladimir Putin present\u00f3 hoy al p\u00fablico su nuevo veh\u00edculo oficial, fabricado en Rusia y bautizado como \"Cortege\" (escolta de honor). Se trata de un veh\u00edculo de lujo de serie, encargado en 2012 en el marco de un proyecto que tambi\u00e9n incluye SUV","inLanguage":"es-ES","isPartOf":{"@id":"https:\/\/www.eldigitaldeasturias.com\/noticias\/#website"},"breadcrumb":{"@id":"https:\/\/www.eldigitaldeasturias.com\/noticias\/putin-estrena-coche-oficial-de-fabricacion-rusa\/#breadcrumblist"},"author":{"@id":"https:\/\/www.eldigitaldeasturias.com\/noticias\/author\/admin\/#author"},"creator":{"@id":"https:\/\/www.eldigitaldeasturias.com\/noticias\/author\/admin\/#author"},"image":{"@type":"ImageObject","url":969687,"@id":"https:\/\/www.eldigitaldeasturias.com\/noticias\/putin-estrena-coche-oficial-de-fabricacion-rusa\/#mainImage"},"primaryImageOfPage":{"@id":"https:\/\/www.eldigitaldeasturias.com\/noticias\/putin-estrena-coche-oficial-de-fabricacion-rusa\/#mainImage"},"datePublished":"2018-05-07T21:37:30+02:00","dateModified":"2018-05-07T21:37:30+02:00"},{"@type":"WebSite","@id":"https:\/\/www.eldigitaldeasturias.com\/noticias\/#website","url":"https:\/\/www.eldigitaldeasturias.com\/noticias\/","name":"El Digital de Asturias - Diario de actualidad y noticias","alternateName":"El Digital de Asturias - Diario de actualidad y noticias","description":"Hemeroteca","inLanguage":"es-ES","publisher":{"@id":"https:\/\/www.eldigitaldeasturias.com\/noticias\/#organization"}}]},"og:locale":"es_ES","og:site_name":"El Digital de Asturias","og:type":"article","og:title":"Putin estrena coche oficial de fabricaci\u00f3n rusa - El Digital de Asturias","og:description":"Mosc\u00fa, 7 may (dpa) - Durante su cuarta investidura como presidente de Rusia, Vladimir Putin present\u00f3 hoy al p\u00fablico su nuevo veh\u00edculo oficial, fabricado en Rusia y bautizado como &quot;Cortege&quot; (escolta de honor). Se trata de un veh\u00edculo de lujo de serie, encargado en 2012 en el marco de un proyecto que tambi\u00e9n incluye SUV","og:url":"https:\/\/www.eldigitaldeasturias.com\/noticias\/putin-estrena-coche-oficial-de-fabricacion-rusa\/","article:tag":["actualidad"],"article:published_time":"2018-05-07T21:37:30+00:00","article:modified_time":"2018-05-07T21:37:30+00:00","article:publisher":"https:\/\/facebook.com\/eldigitaldeasturias","twitter:card":"summary_large_image","twitter:title":"Putin estrena coche oficial de fabricaci\u00f3n rusa - El Digital de Asturias","twitter:description":"Mosc\u00fa, 7 may (dpa) - Durante su cuarta investidura como presidente de Rusia, Vladimir Putin present\u00f3 hoy al p\u00fablico su nuevo veh\u00edculo oficial, fabricado en Rusia y bautizado como &quot;Cortege&quot; (escolta de honor). Se trata de un veh\u00edculo de lujo de serie, encargado en 2012 en el marco de un proyecto que tambi\u00e9n incluye SUV","twitter:image":"https:\/\/www.eldigitaldeasturias.com\/noticias\/wp-content\/uploads\/2020\/12\/EDA-1.jpg","twitter:label1":"Escrito por","twitter:data1":"El Digital de Asturias","twitter:label2":"Tiempo de lectura estimado","twitter:data2":"1 minuto"},"aioseo_meta_data":{"post_id":"979446","title":null,"description":null,"keywords":null,"keyphrases":null,"primary_term":null,"canonical_url":null,"og_title":null,"og_description":null,"og_object_type":"default","og_image_type":"default","og_image_url":null,"og_image_width":null,"og_image_height":null,"og_image_custom_url":null,"og_image_custom_fields":null,"og_video":null,"og_custom_url":null,"og_article_section":null,"og_article_tags":null,"twitter_use_og":false,"twitter_card":"default","twitter_image_type":"default","twitter_image_url":null,"twitter_image_custom_url":null,"twitter_image_custom_fields":null,"twitter_title":null,"twitter_description":null,"schema":{"blockGraphs":[],"customGraphs":[],"default":{"data":{"Article":[],"Course":[],"Dataset":[],"FAQPage":[],"Movie":[],"Person":[],"Product":[],"ProductReview":[],"Car":[],"Recipe":[],"Service":[],"SoftwareApplication":[],"WebPage":[]},"graphName":"","isEnabled":true},"graphs":[],"defaultGraph":"","defaultPostTypeGraph":""},"schema_type":null,"schema_type_options":null,"pillar_content":false,"robots_default":true,"robots_noindex":false,"robots_noarchive":false,"robots_nosnippet":false,"robots_nofollow":false,"robots_noimageindex":false,"robots_noodp":false,"robots_notranslate":false,"robots_max_snippet":null,"robots_max_videopreview":null,"robots_max_imagepreview":"large","priority":null,"frequency":null,"local_seo":null,"seo_analyzer_scan_date":"2025-10-08 14:21:29","breadcrumb_settings":null,"limit_modified_date":false,"open_ai":null,"ai":null,"created":"2020-12-21 11:59:38","updated":"2025-10-08 14:21:29","focus_keyword":null,"additional_keywords":null,"truseo_locale":null},"aioseo_breadcrumb":"<div class=\"aioseo-breadcrumbs\"><span class=\"aioseo-breadcrumb\">\n\t<a href=\"https:\/\/www.eldigitaldeasturias.com\/noticias\" title=\"Home\">Home<\/a>\n<\/span><span class=\"aioseo-breadcrumb-separator\">\u2013<\/span><span class=\"aioseo-breadcrumb\">\n\t<a href=\"https:\/\/www.eldigitaldeasturias.com\/noticias\/category\/actualidad\/\" title=\"Actualidad\">Actualidad<\/a>\n<\/span><span class=\"aioseo-breadcrumb-separator\">\u2013<\/span><span class=\"aioseo-breadcrumb\">\n\t<a href=\"https:\/\/www.eldigitaldeasturias.com\/noticias\/putin-estrena-coche-oficial-de-fabricacion-rusa\/\" title=\"Putin estrena coche oficial de fabricaci\u00f3n rusa\">Putin estrena coche oficial de fabricaci\u00f3n rusa<\/a>\n<\/span><\/div>","aioseo_breadcrumb_json":[{"label":"Home","link":"https:\/\/www.eldigitaldeasturias.com\/noticias"},{"label":"Actualidad","link":"https:\/\/www.eldigitaldeasturias.com\/noticias\/category\/actualidad\/"},{"label":"Putin estrena coche oficial de fabricaci\u00f3n rusa","link":"https:\/\/www.eldigitaldeasturias.com\/noticias\/putin-estrena-coche-oficial-de-fabricacion-rusa\/"}],"_links":{"self":[{"href":"https:\/\/www.eldigitaldeasturias.com\/noticias\/wp-json\/wp\/v2\/posts\/979446","targetHints":{"allow":["GET"]}}],"collection":[{"href":"https:\/\/www.eldigitaldeasturias.com\/noticias\/wp-json\/wp\/v2\/posts"}],"about":[{"href":"https:\/\/www.eldigitaldeasturias.com\/noticias\/wp-json\/wp\/v2\/types\/post"}],"author":[{"embeddable":true,"href":"https:\/\/www.eldigitaldeasturias.com\/noticias\/wp-json\/wp\/v2\/users\/1"}],"replies":[{"embeddable":true,"href":"https:\/\/www.eldigitaldeasturias.com\/noticias\/wp-json\/wp\/v2\/comments?post=979446"}],"version-history":[{"count":0,"href":"https:\/\/www.eldigitaldeasturias.com\/noticias\/wp-json\/wp\/v2\/posts\/979446\/revisions"}],"wp:attachment":[{"href":"https:\/\/www.eldigitaldeasturias.com\/noticias\/wp-json\/wp\/v2\/media?parent=979446"}],"wp:term":[{"taxonomy":"category","embeddable":true,"href":"https:\/\/www.eldigitaldeasturias.com\/noticias\/wp-json\/wp\/v2\/categories?post=979446"},{"taxonomy":"post_tag","embeddable":true,"href":"https:\/\/www.eldigitaldeasturias.com\/noticias\/wp-json\/wp\/v2\/tags?post=979446"}],"curies":[{"name":"wp","href":"https:\/\/api.w.org\/{rel}","templated":true}]}}