{"id":979442,"date":"2018-05-07T21:31:09","date_gmt":"2018-05-07T21:31:09","guid":{"rendered":"http:\/\/www.eldigitaldeasturias.com\/noticias\/?p=979442"},"modified":"2018-05-07T21:31:09","modified_gmt":"2018-05-07T21:31:09","slug":"mariano-barroso-unico-candidato-para-presidir-la-academia-de-cine","status":"publish","type":"post","link":"https:\/\/www.eldigitaldeasturias.com\/noticias\/mariano-barroso-unico-candidato-para-presidir-la-academia-de-cine\/","title":{"rendered":"Mariano Barroso, \u00fanico candidato para presidir la Academia de Cine"},"content":{"rendered":"<p><img loading=\"lazy\" decoding=\"async\" class=\"alignleft size-medium wp-image-942955\" src=\"https:\/\/www.eldigitaldeasturias.com\/noticias\/wp-content\/uploads\/2017\/06\/cine-2233692_960_720-360x248.jpg\" alt=\"\" width=\"360\" height=\"248\" \/>Mariano Barroso encabeza la \u00fanica candidatura a la presidencia de la Academia de Cine, instituci\u00f3n que el pr\u00f3ximo 9 de junio celebrar\u00e1 elecciones para elegir la nueva terna presidencial y renovar la mitad de su Junta Directiva.<\/p>\n<p>La candidatura presentada por el director, guionista y actual presidente en funciones de la instituci\u00f3n, esta formada por el productor Rafael Portela y la actriz Nora Navas como vicepresidentes primero y segundo, respectivamente.<\/p>\n<p>El plazo para recibir las candidaturas se cerr\u00f3 el pasado 4 de mayo, viernes, a las 14:00 horas, y tras la revisi\u00f3n de la Comisi\u00f3n Electoral, esta ha considerado que la propuesta encabezada por Barroso re\u00fane los requisitos para tomar el relevo a Yvonne Blake, que recientemente fue nombrada Presidenta de Honor de la Academia de Cine.<\/p>\n<p>En la pr\u00f3xima Asamblea, que se celebrar\u00e1 el 9 de junio, los miembros de la Academia elegir\u00e1n o rechazar\u00e1n con sus votos la \u00fanica candidatura presentada.<\/p>\n<p>Productor de La pr\u00f3xima piel, Todas las mujeres, Una palabra tuya, Lo mejor de Eva, La noche que no acaba y La silla de Fernando, Rafael Portela fue vicepresidente editorial de Paramount Channel y dirigi\u00f3 durante nueve a\u00f1os la programaci\u00f3n de los canales de cine TCM y TNT.<\/p>\n<p>Desde su creaci\u00f3n, la Academia ha tenido como presidentes a Jos\u00e9 Mar\u00eda Gonz\u00e1lez Sinde, Fernando Trueba, Antonio Gim\u00e9nez-Rico, Fernando Rey, Gerardo Herrero, Jos\u00e9 Luis Borau, Aitana S\u00e1nchez-Gij\u00f3n, Marisa Paredes, Mercedes Sampietro, \u00c1ngeles Gonz\u00e1lez-Sinde, Eduardo Campoy, \u00c1lex de la Iglesia, Enrique Gonz\u00e1lez Macho, Antonio Resines e Yvonne Blake.<\/p>\n","protected":false},"excerpt":{"rendered":"<p>Mariano Barroso encabeza la \u00fanica candidatura a la presidencia de la Academia de Cine, instituci\u00f3n que el pr\u00f3ximo 9 de junio celebrar\u00e1 elecciones para elegir la nueva terna presidencial y renovar la mitad de su Junta Directiva. La candidatura presentada por el director, guionista y actual presidente en funciones de la instituci\u00f3n, esta formada por [&hellip;]<\/p>\n","protected":false},"author":1,"featured_media":942955,"comment_status":"closed","ping_status":"closed","sticky":false,"template":"","format":"standard","meta":{"footnotes":""},"categories":[1],"tags":[],"class_list":["post-979442","post","type-post","status-publish","format-standard","has-post-thumbnail","hentry","category-actualidad"],"aioseo_notices":[],"aioseo_head":"\n\t\t<!-- All in One SEO Pro 5.0.1 - aioseo.com -->\n\t<meta name=\"description\" content=\"Mariano Barroso encabeza la \u00fanica candidatura a la presidencia de la Academia de Cine, instituci\u00f3n que el pr\u00f3ximo 9 de junio celebrar\u00e1 elecciones para elegir la nueva terna presidencial y renovar la mitad de su Junta Directiva. La candidatura presentada por el director, guionista y actual presidente en funciones de la instituci\u00f3n, esta formada por\" \/>\n\t<meta name=\"robots\" content=\"max-image-preview:large\" \/>\n\t<meta name=\"author\" content=\"El Digital de Asturias\"\/>\n\t<meta name=\"google-site-verification\" content=\"UA-38556648-1\" \/>\n\t<meta name=\"msvalidate.01\" content=\"7dfe9f3f1b24437ab69f4f2559babe99\" \/>\n\t<meta name=\"keywords\" content=\"actualidad\" \/>\n\t<link rel=\"canonical\" href=\"https:\/\/www.eldigitaldeasturias.com\/noticias\/mariano-barroso-unico-candidato-para-presidir-la-academia-de-cine\/\" \/>\n\t<meta name=\"generator\" content=\"All in One SEO Pro (AIOSEO) 5.0.1\" \/>\n\t\t<meta property=\"og:locale\" content=\"es_ES\" \/>\n\t\t<meta property=\"og:site_name\" content=\"El Digital de Asturias\" \/>\n\t\t<meta property=\"og:type\" content=\"article\" \/>\n\t\t<meta property=\"og:title\" content=\"Mariano Barroso, \u00fanico candidato para presidir la Academia de Cine - El Digital de Asturias\" \/>\n\t\t<meta property=\"og:description\" content=\"Mariano Barroso encabeza la \u00fanica candidatura a la presidencia de la Academia de Cine, instituci\u00f3n que el pr\u00f3ximo 9 de junio celebrar\u00e1 elecciones para elegir la nueva terna presidencial y renovar la mitad de su Junta Directiva. La candidatura presentada por el director, guionista y actual presidente en funciones de la instituci\u00f3n, esta formada por\" \/>\n\t\t<meta property=\"og:url\" content=\"https:\/\/www.eldigitaldeasturias.com\/noticias\/mariano-barroso-unico-candidato-para-presidir-la-academia-de-cine\/\" \/>\n\t\t<meta property=\"article:tag\" content=\"actualidad\" \/>\n\t\t<meta property=\"article:published_time\" content=\"2018-05-07T21:31:09+00:00\" \/>\n\t\t<meta property=\"article:modified_time\" content=\"2018-05-07T21:31:09+00:00\" \/>\n\t\t<meta property=\"article:publisher\" content=\"https:\/\/facebook.com\/eldigitaldeasturias\" \/>\n\t\t<meta name=\"twitter:card\" content=\"summary_large_image\" \/>\n\t\t<meta name=\"twitter:title\" content=\"Mariano Barroso, \u00fanico candidato para presidir la Academia de Cine - El Digital de Asturias\" \/>\n\t\t<meta name=\"twitter:description\" content=\"Mariano Barroso encabeza la \u00fanica candidatura a la presidencia de la Academia de Cine, instituci\u00f3n que el pr\u00f3ximo 9 de junio celebrar\u00e1 elecciones para elegir la nueva terna presidencial y renovar la mitad de su Junta Directiva. La candidatura presentada por el director, guionista y actual presidente en funciones de la instituci\u00f3n, esta formada por\" \/>\n\t\t<meta name=\"twitter:image\" content=\"https:\/\/www.eldigitaldeasturias.com\/noticias\/wp-content\/uploads\/2020\/12\/EDA-1.jpg\" \/>\n\t\t<meta name=\"twitter:label1\" content=\"Escrito por\" \/>\n\t\t<meta name=\"twitter:data1\" content=\"El Digital de Asturias\" \/>\n\t\t<meta name=\"twitter:label2\" content=\"Tiempo de lectura estimado\" \/>\n\t\t<meta name=\"twitter:data2\" content=\"1 minuto\" \/>\n\t\t<script type=\"application\/ld+json\" class=\"aioseo-schema\">\n\t\t\t{\"@context\":\"https:\\\/\\\/schema.org\",\"@graph\":[{\"@type\":\"BlogPosting\",\"@id\":\"https:\\\/\\\/www.eldigitaldeasturias.com\\\/noticias\\\/mariano-barroso-unico-candidato-para-presidir-la-academia-de-cine\\\/#blogposting\",\"name\":\"Mariano Barroso, \\u00fanico candidato para presidir la Academia de Cine - El Digital de Asturias\",\"headline\":\"Mariano Barroso, \\u00fanico candidato para presidir la Academia de Cine\",\"author\":{\"@id\":\"https:\\\/\\\/www.eldigitaldeasturias.com\\\/noticias\\\/author\\\/admin\\\/#author\"},\"publisher\":{\"@id\":\"https:\\\/\\\/www.eldigitaldeasturias.com\\\/noticias\\\/#organization\"},\"image\":{\"@type\":\"ImageObject\",\"url\":942955},\"datePublished\":\"2018-05-07T21:31:09+02:00\",\"dateModified\":\"2018-05-07T21:31:09+02:00\",\"inLanguage\":\"es-ES\",\"mainEntityOfPage\":{\"@id\":\"https:\\\/\\\/www.eldigitaldeasturias.com\\\/noticias\\\/mariano-barroso-unico-candidato-para-presidir-la-academia-de-cine\\\/#webpage\"},\"isPartOf\":{\"@id\":\"https:\\\/\\\/www.eldigitaldeasturias.com\\\/noticias\\\/mariano-barroso-unico-candidato-para-presidir-la-academia-de-cine\\\/#webpage\"},\"articleSection\":\"Actualidad\"},{\"@type\":\"BreadcrumbList\",\"@id\":\"https:\\\/\\\/www.eldigitaldeasturias.com\\\/noticias\\\/mariano-barroso-unico-candidato-para-presidir-la-academia-de-cine\\\/#breadcrumblist\",\"itemListElement\":[{\"@type\":\"ListItem\",\"@id\":\"https:\\\/\\\/www.eldigitaldeasturias.com\\\/noticias#listItem\",\"position\":1,\"name\":\"Home\",\"item\":\"https:\\\/\\\/www.eldigitaldeasturias.com\\\/noticias\",\"nextItem\":{\"@type\":\"ListItem\",\"@id\":\"https:\\\/\\\/www.eldigitaldeasturias.com\\\/noticias\\\/category\\\/actualidad\\\/#listItem\",\"name\":\"Actualidad\"}},{\"@type\":\"ListItem\",\"@id\":\"https:\\\/\\\/www.eldigitaldeasturias.com\\\/noticias\\\/category\\\/actualidad\\\/#listItem\",\"position\":2,\"name\":\"Actualidad\",\"item\":\"https:\\\/\\\/www.eldigitaldeasturias.com\\\/noticias\\\/category\\\/actualidad\\\/\",\"nextItem\":{\"@type\":\"ListItem\",\"@id\":\"https:\\\/\\\/www.eldigitaldeasturias.com\\\/noticias\\\/mariano-barroso-unico-candidato-para-presidir-la-academia-de-cine\\\/#listItem\",\"name\":\"Mariano Barroso, \\u00fanico candidato para presidir la Academia de Cine\"},\"previousItem\":{\"@type\":\"ListItem\",\"@id\":\"https:\\\/\\\/www.eldigitaldeasturias.com\\\/noticias#listItem\",\"name\":\"Home\"}},{\"@type\":\"ListItem\",\"@id\":\"https:\\\/\\\/www.eldigitaldeasturias.com\\\/noticias\\\/mariano-barroso-unico-candidato-para-presidir-la-academia-de-cine\\\/#listItem\",\"position\":3,\"name\":\"Mariano Barroso, \\u00fanico candidato para presidir la Academia de Cine\",\"previousItem\":{\"@type\":\"ListItem\",\"@id\":\"https:\\\/\\\/www.eldigitaldeasturias.com\\\/noticias\\\/category\\\/actualidad\\\/#listItem\",\"name\":\"Actualidad\"}}]},{\"@type\":\"Organization\",\"@id\":\"https:\\\/\\\/www.eldigitaldeasturias.com\\\/noticias\\\/#organization\",\"name\":\"El Digital de Asturias\",\"description\":\"Hemeroteca\",\"url\":\"https:\\\/\\\/www.eldigitaldeasturias.com\\\/noticias\\\/\",\"email\":\"info@eldigitaldeasturias.com\",\"telephone\":\"+34652131393\",\"logo\":{\"@type\":\"ImageObject\",\"url\":\"https:\\\/\\\/www.eldigitaldeasturias.com\\\/noticias\\\/wp-content\\\/uploads\\\/2020\\\/12\\\/EDA.jpg\",\"@id\":\"https:\\\/\\\/www.eldigitaldeasturias.com\\\/noticias\\\/mariano-barroso-unico-candidato-para-presidir-la-academia-de-cine\\\/#organizationLogo\"},\"image\":{\"@id\":\"https:\\\/\\\/www.eldigitaldeasturias.com\\\/noticias\\\/mariano-barroso-unico-candidato-para-presidir-la-academia-de-cine\\\/#organizationLogo\"},\"sameAs\":[\"https:\\\/\\\/facebook.com\\\/eldigitaldeasturias\",\"https:\\\/\\\/www.youtube.com\\\/channel\\\/UCZP-2wLEB9Rv6erhFmqVnvg\"],\"address\":{\"@id\":\"https:\\\/\\\/www.eldigitaldeasturias.com\\\/noticias\\\/#postaladdress\",\"@type\":\"PostalAddress\",\"streetAddress\":\"san antonio 4\",\"postalCode\":\"33430\",\"addressLocality\":\"Cand\\u00e1s\",\"addressRegion\":\"Asturias\",\"addressCountry\":\"ES\"}},{\"@type\":\"Person\",\"@id\":\"https:\\\/\\\/www.eldigitaldeasturias.com\\\/noticias\\\/author\\\/admin\\\/#author\",\"url\":\"https:\\\/\\\/www.eldigitaldeasturias.com\\\/noticias\\\/author\\\/admin\\\/\",\"name\":\"El Digital de Asturias\",\"image\":{\"@type\":\"ImageObject\",\"@id\":\"https:\\\/\\\/www.eldigitaldeasturias.com\\\/noticias\\\/mariano-barroso-unico-candidato-para-presidir-la-academia-de-cine\\\/#authorImage\",\"url\":\"https:\\\/\\\/secure.gravatar.com\\\/avatar\\\/df2aeffc32bcd13f8d26072ef8a91b623d677766deac7f97ca815868cd41bf5e?s=96&d=mm&r=g\",\"width\":96,\"height\":96,\"caption\":\"El Digital de Asturias\"}},{\"@type\":\"WebPage\",\"@id\":\"https:\\\/\\\/www.eldigitaldeasturias.com\\\/noticias\\\/mariano-barroso-unico-candidato-para-presidir-la-academia-de-cine\\\/#webpage\",\"url\":\"https:\\\/\\\/www.eldigitaldeasturias.com\\\/noticias\\\/mariano-barroso-unico-candidato-para-presidir-la-academia-de-cine\\\/\",\"name\":\"Mariano Barroso, \\u00fanico candidato para presidir la Academia de Cine - El Digital de Asturias\",\"description\":\"Mariano Barroso encabeza la \\u00fanica candidatura a la presidencia de la Academia de Cine, instituci\\u00f3n que el pr\\u00f3ximo 9 de junio celebrar\\u00e1 elecciones para elegir la nueva terna presidencial y renovar la mitad de su Junta Directiva. La candidatura presentada por el director, guionista y actual presidente en funciones de la instituci\\u00f3n, esta formada por\",\"inLanguage\":\"es-ES\",\"isPartOf\":{\"@id\":\"https:\\\/\\\/www.eldigitaldeasturias.com\\\/noticias\\\/#website\"},\"breadcrumb\":{\"@id\":\"https:\\\/\\\/www.eldigitaldeasturias.com\\\/noticias\\\/mariano-barroso-unico-candidato-para-presidir-la-academia-de-cine\\\/#breadcrumblist\"},\"author\":{\"@id\":\"https:\\\/\\\/www.eldigitaldeasturias.com\\\/noticias\\\/author\\\/admin\\\/#author\"},\"creator\":{\"@id\":\"https:\\\/\\\/www.eldigitaldeasturias.com\\\/noticias\\\/author\\\/admin\\\/#author\"},\"image\":{\"@type\":\"ImageObject\",\"url\":942955,\"@id\":\"https:\\\/\\\/www.eldigitaldeasturias.com\\\/noticias\\\/mariano-barroso-unico-candidato-para-presidir-la-academia-de-cine\\\/#mainImage\"},\"primaryImageOfPage\":{\"@id\":\"https:\\\/\\\/www.eldigitaldeasturias.com\\\/noticias\\\/mariano-barroso-unico-candidato-para-presidir-la-academia-de-cine\\\/#mainImage\"},\"datePublished\":\"2018-05-07T21:31:09+02:00\",\"dateModified\":\"2018-05-07T21:31:09+02:00\"},{\"@type\":\"WebSite\",\"@id\":\"https:\\\/\\\/www.eldigitaldeasturias.com\\\/noticias\\\/#website\",\"url\":\"https:\\\/\\\/www.eldigitaldeasturias.com\\\/noticias\\\/\",\"name\":\"El Digital de Asturias - Diario de actualidad y noticias\",\"alternateName\":\"El Digital de Asturias - Diario de actualidad y noticias\",\"description\":\"Hemeroteca\",\"inLanguage\":\"es-ES\",\"publisher\":{\"@id\":\"https:\\\/\\\/www.eldigitaldeasturias.com\\\/noticias\\\/#organization\"}}]}\n\t\t<\/script>\n\t\t<!-- All in One SEO Pro -->\r\n\t\t<title>Mariano Barroso, \u00fanico candidato para presidir la Academia de Cine - El Digital de Asturias<\/title>\n\n","aioseo_head_json":{"title":"Mariano Barroso, \u00fanico candidato para presidir la Academia de Cine - El Digital de Asturias","description":"Mariano Barroso encabeza la \u00fanica candidatura a la presidencia de la Academia de Cine, instituci\u00f3n que el pr\u00f3ximo 9 de junio celebrar\u00e1 elecciones para elegir la nueva terna presidencial y renovar la mitad de su Junta Directiva. La candidatura presentada por el director, guionista y actual presidente en funciones de la instituci\u00f3n, esta formada por","canonical_url":"https:\/\/www.eldigitaldeasturias.com\/noticias\/mariano-barroso-unico-candidato-para-presidir-la-academia-de-cine\/","robots":"max-image-preview:large","keywords":"actualidad","webmasterTools":{"google-site-verification":"UA-38556648-1","msvalidate.01":"7dfe9f3f1b24437ab69f4f2559babe99","miscellaneous":""},"schema":{"@context":"https:\/\/schema.org","@graph":[{"@type":"BlogPosting","@id":"https:\/\/www.eldigitaldeasturias.com\/noticias\/mariano-barroso-unico-candidato-para-presidir-la-academia-de-cine\/#blogposting","name":"Mariano Barroso, \u00fanico candidato para presidir la Academia de Cine - El Digital de Asturias","headline":"Mariano Barroso, \u00fanico candidato para presidir la Academia de Cine","author":{"@id":"https:\/\/www.eldigitaldeasturias.com\/noticias\/author\/admin\/#author"},"publisher":{"@id":"https:\/\/www.eldigitaldeasturias.com\/noticias\/#organization"},"image":{"@type":"ImageObject","url":942955},"datePublished":"2018-05-07T21:31:09+02:00","dateModified":"2018-05-07T21:31:09+02:00","inLanguage":"es-ES","mainEntityOfPage":{"@id":"https:\/\/www.eldigitaldeasturias.com\/noticias\/mariano-barroso-unico-candidato-para-presidir-la-academia-de-cine\/#webpage"},"isPartOf":{"@id":"https:\/\/www.eldigitaldeasturias.com\/noticias\/mariano-barroso-unico-candidato-para-presidir-la-academia-de-cine\/#webpage"},"articleSection":"Actualidad"},{"@type":"BreadcrumbList","@id":"https:\/\/www.eldigitaldeasturias.com\/noticias\/mariano-barroso-unico-candidato-para-presidir-la-academia-de-cine\/#breadcrumblist","itemListElement":[{"@type":"ListItem","@id":"https:\/\/www.eldigitaldeasturias.com\/noticias#listItem","position":1,"name":"Home","item":"https:\/\/www.eldigitaldeasturias.com\/noticias","nextItem":{"@type":"ListItem","@id":"https:\/\/www.eldigitaldeasturias.com\/noticias\/category\/actualidad\/#listItem","name":"Actualidad"}},{"@type":"ListItem","@id":"https:\/\/www.eldigitaldeasturias.com\/noticias\/category\/actualidad\/#listItem","position":2,"name":"Actualidad","item":"https:\/\/www.eldigitaldeasturias.com\/noticias\/category\/actualidad\/","nextItem":{"@type":"ListItem","@id":"https:\/\/www.eldigitaldeasturias.com\/noticias\/mariano-barroso-unico-candidato-para-presidir-la-academia-de-cine\/#listItem","name":"Mariano Barroso, \u00fanico candidato para presidir la Academia de Cine"},"previousItem":{"@type":"ListItem","@id":"https:\/\/www.eldigitaldeasturias.com\/noticias#listItem","name":"Home"}},{"@type":"ListItem","@id":"https:\/\/www.eldigitaldeasturias.com\/noticias\/mariano-barroso-unico-candidato-para-presidir-la-academia-de-cine\/#listItem","position":3,"name":"Mariano Barroso, \u00fanico candidato para presidir la Academia de Cine","previousItem":{"@type":"ListItem","@id":"https:\/\/www.eldigitaldeasturias.com\/noticias\/category\/actualidad\/#listItem","name":"Actualidad"}}]},{"@type":"Organization","@id":"https:\/\/www.eldigitaldeasturias.com\/noticias\/#organization","name":"El Digital de Asturias","description":"Hemeroteca","url":"https:\/\/www.eldigitaldeasturias.com\/noticias\/","email":"info@eldigitaldeasturias.com","telephone":"+34652131393","logo":{"@type":"ImageObject","url":"https:\/\/www.eldigitaldeasturias.com\/noticias\/wp-content\/uploads\/2020\/12\/EDA.jpg","@id":"https:\/\/www.eldigitaldeasturias.com\/noticias\/mariano-barroso-unico-candidato-para-presidir-la-academia-de-cine\/#organizationLogo"},"image":{"@id":"https:\/\/www.eldigitaldeasturias.com\/noticias\/mariano-barroso-unico-candidato-para-presidir-la-academia-de-cine\/#organizationLogo"},"sameAs":["https:\/\/facebook.com\/eldigitaldeasturias","https:\/\/www.youtube.com\/channel\/UCZP-2wLEB9Rv6erhFmqVnvg"],"address":{"@id":"https:\/\/www.eldigitaldeasturias.com\/noticias\/#postaladdress","@type":"PostalAddress","streetAddress":"san antonio 4","postalCode":"33430","addressLocality":"Cand\u00e1s","addressRegion":"Asturias","addressCountry":"ES"}},{"@type":"Person","@id":"https:\/\/www.eldigitaldeasturias.com\/noticias\/author\/admin\/#author","url":"https:\/\/www.eldigitaldeasturias.com\/noticias\/author\/admin\/","name":"El Digital de Asturias","image":{"@type":"ImageObject","@id":"https:\/\/www.eldigitaldeasturias.com\/noticias\/mariano-barroso-unico-candidato-para-presidir-la-academia-de-cine\/#authorImage","url":"https:\/\/secure.gravatar.com\/avatar\/df2aeffc32bcd13f8d26072ef8a91b623d677766deac7f97ca815868cd41bf5e?s=96&d=mm&r=g","width":96,"height":96,"caption":"El Digital de Asturias"}},{"@type":"WebPage","@id":"https:\/\/www.eldigitaldeasturias.com\/noticias\/mariano-barroso-unico-candidato-para-presidir-la-academia-de-cine\/#webpage","url":"https:\/\/www.eldigitaldeasturias.com\/noticias\/mariano-barroso-unico-candidato-para-presidir-la-academia-de-cine\/","name":"Mariano Barroso, \u00fanico candidato para presidir la Academia de Cine - El Digital de Asturias","description":"Mariano Barroso encabeza la \u00fanica candidatura a la presidencia de la Academia de Cine, instituci\u00f3n que el pr\u00f3ximo 9 de junio celebrar\u00e1 elecciones para elegir la nueva terna presidencial y renovar la mitad de su Junta Directiva. La candidatura presentada por el director, guionista y actual presidente en funciones de la instituci\u00f3n, esta formada por","inLanguage":"es-ES","isPartOf":{"@id":"https:\/\/www.eldigitaldeasturias.com\/noticias\/#website"},"breadcrumb":{"@id":"https:\/\/www.eldigitaldeasturias.com\/noticias\/mariano-barroso-unico-candidato-para-presidir-la-academia-de-cine\/#breadcrumblist"},"author":{"@id":"https:\/\/www.eldigitaldeasturias.com\/noticias\/author\/admin\/#author"},"creator":{"@id":"https:\/\/www.eldigitaldeasturias.com\/noticias\/author\/admin\/#author"},"image":{"@type":"ImageObject","url":942955,"@id":"https:\/\/www.eldigitaldeasturias.com\/noticias\/mariano-barroso-unico-candidato-para-presidir-la-academia-de-cine\/#mainImage"},"primaryImageOfPage":{"@id":"https:\/\/www.eldigitaldeasturias.com\/noticias\/mariano-barroso-unico-candidato-para-presidir-la-academia-de-cine\/#mainImage"},"datePublished":"2018-05-07T21:31:09+02:00","dateModified":"2018-05-07T21:31:09+02:00"},{"@type":"WebSite","@id":"https:\/\/www.eldigitaldeasturias.com\/noticias\/#website","url":"https:\/\/www.eldigitaldeasturias.com\/noticias\/","name":"El Digital de Asturias - Diario de actualidad y noticias","alternateName":"El Digital de Asturias - Diario de actualidad y noticias","description":"Hemeroteca","inLanguage":"es-ES","publisher":{"@id":"https:\/\/www.eldigitaldeasturias.com\/noticias\/#organization"}}]},"og:locale":"es_ES","og:site_name":"El Digital de Asturias","og:type":"article","og:title":"Mariano Barroso, \u00fanico candidato para presidir la Academia de Cine - El Digital de Asturias","og:description":"Mariano Barroso encabeza la \u00fanica candidatura a la presidencia de la Academia de Cine, instituci\u00f3n que el pr\u00f3ximo 9 de junio celebrar\u00e1 elecciones para elegir la nueva terna presidencial y renovar la mitad de su Junta Directiva. La candidatura presentada por el director, guionista y actual presidente en funciones de la instituci\u00f3n, esta formada por","og:url":"https:\/\/www.eldigitaldeasturias.com\/noticias\/mariano-barroso-unico-candidato-para-presidir-la-academia-de-cine\/","article:tag":["actualidad"],"article:published_time":"2018-05-07T21:31:09+00:00","article:modified_time":"2018-05-07T21:31:09+00:00","article:publisher":"https:\/\/facebook.com\/eldigitaldeasturias","twitter:card":"summary_large_image","twitter:title":"Mariano Barroso, \u00fanico candidato para presidir la Academia de Cine - El Digital de Asturias","twitter:description":"Mariano Barroso encabeza la \u00fanica candidatura a la presidencia de la Academia de Cine, instituci\u00f3n que el pr\u00f3ximo 9 de junio celebrar\u00e1 elecciones para elegir la nueva terna presidencial y renovar la mitad de su Junta Directiva. La candidatura presentada por el director, guionista y actual presidente en funciones de la instituci\u00f3n, esta formada por","twitter:image":"https:\/\/www.eldigitaldeasturias.com\/noticias\/wp-content\/uploads\/2020\/12\/EDA-1.jpg","twitter:label1":"Escrito por","twitter:data1":"El Digital de Asturias","twitter:label2":"Tiempo de lectura estimado","twitter:data2":"1 minuto"},"aioseo_meta_data":{"post_id":"979442","title":null,"description":null,"keywords":null,"keyphrases":null,"primary_term":null,"canonical_url":null,"og_title":null,"og_description":null,"og_object_type":"default","og_image_type":"default","og_image_url":null,"og_image_width":null,"og_image_height":null,"og_image_custom_url":null,"og_image_custom_fields":null,"og_video":null,"og_custom_url":null,"og_article_section":null,"og_article_tags":null,"twitter_use_og":false,"twitter_card":"default","twitter_image_type":"default","twitter_image_url":null,"twitter_image_custom_url":null,"twitter_image_custom_fields":null,"twitter_title":null,"twitter_description":null,"schema":{"blockGraphs":[],"customGraphs":[],"default":{"data":{"Article":[],"Course":[],"Dataset":[],"FAQPage":[],"Movie":[],"Person":[],"Product":[],"ProductReview":[],"Car":[],"Recipe":[],"Service":[],"SoftwareApplication":[],"WebPage":[]},"graphName":"","isEnabled":true},"graphs":[],"defaultGraph":"","defaultPostTypeGraph":""},"schema_type":null,"schema_type_options":null,"pillar_content":false,"robots_default":true,"robots_noindex":false,"robots_noarchive":false,"robots_nosnippet":false,"robots_nofollow":false,"robots_noimageindex":false,"robots_noodp":false,"robots_notranslate":false,"robots_max_snippet":null,"robots_max_videopreview":null,"robots_max_imagepreview":"large","priority":null,"frequency":null,"local_seo":null,"seo_analyzer_scan_date":"2025-10-08 14:21:28","breadcrumb_settings":null,"limit_modified_date":false,"open_ai":null,"ai":null,"created":"2020-12-21 11:59:38","updated":"2025-10-08 14:21:28","focus_keyword":null,"additional_keywords":null,"truseo_locale":null},"aioseo_breadcrumb":"<div class=\"aioseo-breadcrumbs\"><span class=\"aioseo-breadcrumb\">\n\t<a href=\"https:\/\/www.eldigitaldeasturias.com\/noticias\" title=\"Home\">Home<\/a>\n<\/span><span class=\"aioseo-breadcrumb-separator\">\u2013<\/span><span class=\"aioseo-breadcrumb\">\n\t<a href=\"https:\/\/www.eldigitaldeasturias.com\/noticias\/category\/actualidad\/\" title=\"Actualidad\">Actualidad<\/a>\n<\/span><span class=\"aioseo-breadcrumb-separator\">\u2013<\/span><span class=\"aioseo-breadcrumb\">\n\t<a href=\"https:\/\/www.eldigitaldeasturias.com\/noticias\/mariano-barroso-unico-candidato-para-presidir-la-academia-de-cine\/\" title=\"Mariano Barroso, \u00fanico candidato para presidir la Academia de Cine\">Mariano Barroso, \u00fanico candidato para presidir la Academia de Cine<\/a>\n<\/span><\/div>","aioseo_breadcrumb_json":[{"label":"Home","link":"https:\/\/www.eldigitaldeasturias.com\/noticias"},{"label":"Actualidad","link":"https:\/\/www.eldigitaldeasturias.com\/noticias\/category\/actualidad\/"},{"label":"Mariano Barroso, \u00fanico candidato para presidir la Academia de Cine","link":"https:\/\/www.eldigitaldeasturias.com\/noticias\/mariano-barroso-unico-candidato-para-presidir-la-academia-de-cine\/"}],"_links":{"self":[{"href":"https:\/\/www.eldigitaldeasturias.com\/noticias\/wp-json\/wp\/v2\/posts\/979442","targetHints":{"allow":["GET"]}}],"collection":[{"href":"https:\/\/www.eldigitaldeasturias.com\/noticias\/wp-json\/wp\/v2\/posts"}],"about":[{"href":"https:\/\/www.eldigitaldeasturias.com\/noticias\/wp-json\/wp\/v2\/types\/post"}],"author":[{"embeddable":true,"href":"https:\/\/www.eldigitaldeasturias.com\/noticias\/wp-json\/wp\/v2\/users\/1"}],"replies":[{"embeddable":true,"href":"https:\/\/www.eldigitaldeasturias.com\/noticias\/wp-json\/wp\/v2\/comments?post=979442"}],"version-history":[{"count":0,"href":"https:\/\/www.eldigitaldeasturias.com\/noticias\/wp-json\/wp\/v2\/posts\/979442\/revisions"}],"wp:attachment":[{"href":"https:\/\/www.eldigitaldeasturias.com\/noticias\/wp-json\/wp\/v2\/media?parent=979442"}],"wp:term":[{"taxonomy":"category","embeddable":true,"href":"https:\/\/www.eldigitaldeasturias.com\/noticias\/wp-json\/wp\/v2\/categories?post=979442"},{"taxonomy":"post_tag","embeddable":true,"href":"https:\/\/www.eldigitaldeasturias.com\/noticias\/wp-json\/wp\/v2\/tags?post=979442"}],"curies":[{"name":"wp","href":"https:\/\/api.w.org\/{rel}","templated":true}]}}