{"id":979432,"date":"2018-05-07T21:24:26","date_gmt":"2018-05-07T21:24:26","guid":{"rendered":"http:\/\/www.eldigitaldeasturias.com\/noticias\/?p=979432"},"modified":"2018-05-07T21:24:26","modified_gmt":"2018-05-07T21:24:26","slug":"el-museo-arqueologico-nacional-renueva-su-patronato","status":"publish","type":"post","link":"https:\/\/www.eldigitaldeasturias.com\/noticias\/el-museo-arqueologico-nacional-renueva-su-patronato\/","title":{"rendered":"El Museo Arqueol\u00f3gico Nacional renueva su Patronato"},"content":{"rendered":"<p><img loading=\"lazy\" decoding=\"async\" class=\"alignleft size-medium wp-image-979433\" src=\"https:\/\/www.eldigitaldeasturias.com\/noticias\/wp-content\/uploads\/2018\/05\/070518PatronatoMAN02-360x239.jpg\" alt=\"\" width=\"360\" height=\"239\" \/>El ministro de Educaci\u00f3n, Cultura y Deporte, \u00cd\u00f1igo M\u00e9ndez de Vigo, ha presidido hoy la reuni\u00f3n del pleno del Patronato del Museo Arqueol\u00f3gico Nacional (MAN), que ha renovado su composici\u00f3n tras la reapertura del Museo, con el objetivo de impulsar su actividad y difusi\u00f3n.<\/p>\n<p>\u200bLa reuni\u00f3n del Patronato del Museo acompa\u00f1a la din\u00e1mica de renovaci\u00f3n que en los \u00faltimos a\u00f1os ha venido llevando a cabo esta instituci\u00f3n para establecerse como un verdadero museo del siglo XXI.<\/p>\n<p>En el pleno han tomado posesi\u00f3n los nuevos vocales. Asimismo, se ha designado como vicepresidente a Antonio Zoido, presidente de Bolsas y Mercados Espa\u00f1oles y se ha constituido la Comisi\u00f3n Permanente con funciones t\u00e9cnicas.<\/p>\n<p><strong>Acad\u00e9micos, catedr\u00e1ticos, directores de museos y del \u00e1mbito empresarial, nuevos patronos del MAN<\/strong><\/p>\n<p>Han sido designados como vocales a Jos\u00e9 Mar\u00eda Luz\u00f3n, acad\u00e9mico de la Real Academia de Bellas Artes de San Fernando; Pilar Le\u00f3n-Castro, acad\u00e9mica de la Real Academia de la Historia; Manuel Olcina, director del Museo Arqueol\u00f3gico de Alicante; Enrique Baquedano, director del Museo Arqueol\u00f3gico Regional de Madrid; Mar\u00eda Concepci\u00f3n Blasco, catedr\u00e1tica de la Universidad Aut\u00f3noma de Madrid; Juan Ignacio Entrecanales, vicepresidente de Acciona; Francisco Ivorra, presidente de ASISA; Antonio Zoido, presidente de Bolsas y Mercados Espa\u00f1oles; y Alfredo P\u00e9rez de Armi\u00f1\u00e1n y de la Serna, presidente de Patrimonio Nacional.<\/p>\n<p>Respecto a la nueva Comisi\u00f3n Permanente ha quedado integrada por las vocales Concepci\u00f3n Garc\u00eda, directora del Museo de Am\u00e9rica; Teresa Chapa, catedr\u00e1tica de la Universidad Complutense de Madrid; y B\u00e1rbara Boek, investigadora del Consejo Superior de Investigaciones Cient\u00edficas (CSIC).<\/p>\n<p>Completan el Patronato los nueve vocales natos: el secretario de Estado de Cultura, Fernando Benzo; el presidente de la Comunidad de Madrid; la alcaldesa del Ayuntamiento de Madrid, Manuela Carmena; la presidenta del CSIC, Rosa Men\u00e9ndez; el director general de Bellas Artes y Patrimonio Cultural, Luis Lafuente; el subdirector general de Museos Estatales, Miguel Gonz\u00e1lez Suela; el director del MAN, Andr\u00e9s Carretero; el presidente de la Asociaci\u00f3n Cultural de Protectores y Amigos del MAN, Juan Alarc\u00f3n; y el presidente del Real Patronato del Museo Nacional del Prado, Jos\u00e9 Pedro P\u00e9rez-Llorca.<\/p>\n<p>Las funciones del Patronato del Museo Arqueol\u00f3gico Nacional son las de promover acciones que sirvan para un mejor cumplimiento de los fines de la instituci\u00f3n. Asimismo, fomentar la participaci\u00f3n de la sociedad en el conocimiento, disfrute y salvaguarda del museo.<\/p>\n","protected":false},"excerpt":{"rendered":"<p>El ministro de Educaci\u00f3n, Cultura y Deporte, \u00cd\u00f1igo M\u00e9ndez de Vigo, ha presidido hoy la reuni\u00f3n del pleno del Patronato del Museo Arqueol\u00f3gico Nacional (MAN), que ha renovado su composici\u00f3n tras la reapertura del Museo, con el objetivo de impulsar su actividad y difusi\u00f3n. \u200bLa reuni\u00f3n del Patronato del Museo acompa\u00f1a la din\u00e1mica de renovaci\u00f3n [&hellip;]<\/p>\n","protected":false},"author":1,"featured_media":979433,"comment_status":"closed","ping_status":"closed","sticky":false,"template":"","format":"standard","meta":{"footnotes":""},"categories":[1],"tags":[],"class_list":["post-979432","post","type-post","status-publish","format-standard","has-post-thumbnail","hentry","category-actualidad"],"aioseo_notices":[],"aioseo_head":"\n\t\t<!-- All in One SEO Pro 5.0.1 - aioseo.com -->\n\t<meta name=\"description\" content=\"El ministro de Educaci\u00f3n, Cultura y Deporte, \u00cd\u00f1igo M\u00e9ndez de Vigo, ha presidido hoy la reuni\u00f3n del pleno del Patronato del Museo Arqueol\u00f3gico Nacional (MAN), que ha renovado su composici\u00f3n tras la reapertura del Museo, con el objetivo de impulsar su actividad y difusi\u00f3n. \u200bLa reuni\u00f3n del Patronato del Museo acompa\u00f1a la din\u00e1mica de renovaci\u00f3n\" \/>\n\t<meta name=\"robots\" content=\"max-image-preview:large\" \/>\n\t<meta name=\"author\" content=\"El Digital de Asturias\"\/>\n\t<meta name=\"google-site-verification\" content=\"UA-38556648-1\" \/>\n\t<meta name=\"msvalidate.01\" content=\"7dfe9f3f1b24437ab69f4f2559babe99\" \/>\n\t<meta name=\"keywords\" content=\"actualidad\" \/>\n\t<link rel=\"canonical\" href=\"https:\/\/www.eldigitaldeasturias.com\/noticias\/el-museo-arqueologico-nacional-renueva-su-patronato\/\" \/>\n\t<meta name=\"generator\" content=\"All in One SEO Pro (AIOSEO) 5.0.1\" \/>\n\t\t<meta property=\"og:locale\" content=\"es_ES\" \/>\n\t\t<meta property=\"og:site_name\" content=\"El Digital de Asturias\" \/>\n\t\t<meta property=\"og:type\" content=\"article\" \/>\n\t\t<meta property=\"og:title\" content=\"El Museo Arqueol\u00f3gico Nacional renueva su Patronato - El Digital de Asturias\" \/>\n\t\t<meta property=\"og:description\" content=\"El ministro de Educaci\u00f3n, Cultura y Deporte, \u00cd\u00f1igo M\u00e9ndez de Vigo, ha presidido hoy la reuni\u00f3n del pleno del Patronato del Museo Arqueol\u00f3gico Nacional (MAN), que ha renovado su composici\u00f3n tras la reapertura del Museo, con el objetivo de impulsar su actividad y difusi\u00f3n. \u200bLa reuni\u00f3n del Patronato del Museo acompa\u00f1a la din\u00e1mica de renovaci\u00f3n\" \/>\n\t\t<meta property=\"og:url\" content=\"https:\/\/www.eldigitaldeasturias.com\/noticias\/el-museo-arqueologico-nacional-renueva-su-patronato\/\" \/>\n\t\t<meta property=\"article:tag\" content=\"actualidad\" \/>\n\t\t<meta property=\"article:published_time\" content=\"2018-05-07T21:24:26+00:00\" \/>\n\t\t<meta property=\"article:modified_time\" content=\"2018-05-07T21:24:26+00:00\" \/>\n\t\t<meta property=\"article:publisher\" content=\"https:\/\/facebook.com\/eldigitaldeasturias\" \/>\n\t\t<meta name=\"twitter:card\" content=\"summary_large_image\" \/>\n\t\t<meta name=\"twitter:title\" content=\"El Museo Arqueol\u00f3gico Nacional renueva su Patronato - El Digital de Asturias\" \/>\n\t\t<meta name=\"twitter:description\" content=\"El ministro de Educaci\u00f3n, Cultura y Deporte, \u00cd\u00f1igo M\u00e9ndez de Vigo, ha presidido hoy la reuni\u00f3n del pleno del Patronato del Museo Arqueol\u00f3gico Nacional (MAN), que ha renovado su composici\u00f3n tras la reapertura del Museo, con el objetivo de impulsar su actividad y difusi\u00f3n. \u200bLa reuni\u00f3n del Patronato del Museo acompa\u00f1a la din\u00e1mica de renovaci\u00f3n\" \/>\n\t\t<meta name=\"twitter:image\" content=\"https:\/\/www.eldigitaldeasturias.com\/noticias\/wp-content\/uploads\/2020\/12\/EDA-1.jpg\" \/>\n\t\t<meta name=\"twitter:label1\" content=\"Escrito por\" \/>\n\t\t<meta name=\"twitter:data1\" content=\"El Digital de Asturias\" \/>\n\t\t<meta name=\"twitter:label2\" content=\"Tiempo de lectura estimado\" \/>\n\t\t<meta name=\"twitter:data2\" content=\"2 minutos\" \/>\n\t\t<script type=\"application\/ld+json\" class=\"aioseo-schema\">\n\t\t\t{\"@context\":\"https:\\\/\\\/schema.org\",\"@graph\":[{\"@type\":\"BlogPosting\",\"@id\":\"https:\\\/\\\/www.eldigitaldeasturias.com\\\/noticias\\\/el-museo-arqueologico-nacional-renueva-su-patronato\\\/#blogposting\",\"name\":\"El Museo Arqueol\\u00f3gico Nacional renueva su Patronato - El Digital de Asturias\",\"headline\":\"El Museo Arqueol\\u00f3gico Nacional renueva su Patronato\",\"author\":{\"@id\":\"https:\\\/\\\/www.eldigitaldeasturias.com\\\/noticias\\\/author\\\/admin\\\/#author\"},\"publisher\":{\"@id\":\"https:\\\/\\\/www.eldigitaldeasturias.com\\\/noticias\\\/#organization\"},\"image\":{\"@type\":\"ImageObject\",\"url\":979433},\"datePublished\":\"2018-05-07T21:24:26+02:00\",\"dateModified\":\"2018-05-07T21:24:26+02:00\",\"inLanguage\":\"es-ES\",\"mainEntityOfPage\":{\"@id\":\"https:\\\/\\\/www.eldigitaldeasturias.com\\\/noticias\\\/el-museo-arqueologico-nacional-renueva-su-patronato\\\/#webpage\"},\"isPartOf\":{\"@id\":\"https:\\\/\\\/www.eldigitaldeasturias.com\\\/noticias\\\/el-museo-arqueologico-nacional-renueva-su-patronato\\\/#webpage\"},\"articleSection\":\"Actualidad\"},{\"@type\":\"BreadcrumbList\",\"@id\":\"https:\\\/\\\/www.eldigitaldeasturias.com\\\/noticias\\\/el-museo-arqueologico-nacional-renueva-su-patronato\\\/#breadcrumblist\",\"itemListElement\":[{\"@type\":\"ListItem\",\"@id\":\"https:\\\/\\\/www.eldigitaldeasturias.com\\\/noticias#listItem\",\"position\":1,\"name\":\"Home\",\"item\":\"https:\\\/\\\/www.eldigitaldeasturias.com\\\/noticias\",\"nextItem\":{\"@type\":\"ListItem\",\"@id\":\"https:\\\/\\\/www.eldigitaldeasturias.com\\\/noticias\\\/category\\\/actualidad\\\/#listItem\",\"name\":\"Actualidad\"}},{\"@type\":\"ListItem\",\"@id\":\"https:\\\/\\\/www.eldigitaldeasturias.com\\\/noticias\\\/category\\\/actualidad\\\/#listItem\",\"position\":2,\"name\":\"Actualidad\",\"item\":\"https:\\\/\\\/www.eldigitaldeasturias.com\\\/noticias\\\/category\\\/actualidad\\\/\",\"nextItem\":{\"@type\":\"ListItem\",\"@id\":\"https:\\\/\\\/www.eldigitaldeasturias.com\\\/noticias\\\/el-museo-arqueologico-nacional-renueva-su-patronato\\\/#listItem\",\"name\":\"El Museo Arqueol\\u00f3gico Nacional renueva su Patronato\"},\"previousItem\":{\"@type\":\"ListItem\",\"@id\":\"https:\\\/\\\/www.eldigitaldeasturias.com\\\/noticias#listItem\",\"name\":\"Home\"}},{\"@type\":\"ListItem\",\"@id\":\"https:\\\/\\\/www.eldigitaldeasturias.com\\\/noticias\\\/el-museo-arqueologico-nacional-renueva-su-patronato\\\/#listItem\",\"position\":3,\"name\":\"El Museo Arqueol\\u00f3gico Nacional renueva su Patronato\",\"previousItem\":{\"@type\":\"ListItem\",\"@id\":\"https:\\\/\\\/www.eldigitaldeasturias.com\\\/noticias\\\/category\\\/actualidad\\\/#listItem\",\"name\":\"Actualidad\"}}]},{\"@type\":\"Organization\",\"@id\":\"https:\\\/\\\/www.eldigitaldeasturias.com\\\/noticias\\\/#organization\",\"name\":\"El Digital de Asturias\",\"description\":\"Hemeroteca\",\"url\":\"https:\\\/\\\/www.eldigitaldeasturias.com\\\/noticias\\\/\",\"email\":\"info@eldigitaldeasturias.com\",\"telephone\":\"+34652131393\",\"logo\":{\"@type\":\"ImageObject\",\"url\":\"https:\\\/\\\/www.eldigitaldeasturias.com\\\/noticias\\\/wp-content\\\/uploads\\\/2020\\\/12\\\/EDA.jpg\",\"@id\":\"https:\\\/\\\/www.eldigitaldeasturias.com\\\/noticias\\\/el-museo-arqueologico-nacional-renueva-su-patronato\\\/#organizationLogo\"},\"image\":{\"@id\":\"https:\\\/\\\/www.eldigitaldeasturias.com\\\/noticias\\\/el-museo-arqueologico-nacional-renueva-su-patronato\\\/#organizationLogo\"},\"sameAs\":[\"https:\\\/\\\/facebook.com\\\/eldigitaldeasturias\",\"https:\\\/\\\/www.youtube.com\\\/channel\\\/UCZP-2wLEB9Rv6erhFmqVnvg\"],\"address\":{\"@id\":\"https:\\\/\\\/www.eldigitaldeasturias.com\\\/noticias\\\/#postaladdress\",\"@type\":\"PostalAddress\",\"streetAddress\":\"san antonio 4\",\"postalCode\":\"33430\",\"addressLocality\":\"Cand\\u00e1s\",\"addressRegion\":\"Asturias\",\"addressCountry\":\"ES\"}},{\"@type\":\"Person\",\"@id\":\"https:\\\/\\\/www.eldigitaldeasturias.com\\\/noticias\\\/author\\\/admin\\\/#author\",\"url\":\"https:\\\/\\\/www.eldigitaldeasturias.com\\\/noticias\\\/author\\\/admin\\\/\",\"name\":\"El Digital de Asturias\",\"image\":{\"@type\":\"ImageObject\",\"@id\":\"https:\\\/\\\/www.eldigitaldeasturias.com\\\/noticias\\\/el-museo-arqueologico-nacional-renueva-su-patronato\\\/#authorImage\",\"url\":\"https:\\\/\\\/secure.gravatar.com\\\/avatar\\\/df2aeffc32bcd13f8d26072ef8a91b623d677766deac7f97ca815868cd41bf5e?s=96&d=mm&r=g\",\"width\":96,\"height\":96,\"caption\":\"El Digital de Asturias\"}},{\"@type\":\"WebPage\",\"@id\":\"https:\\\/\\\/www.eldigitaldeasturias.com\\\/noticias\\\/el-museo-arqueologico-nacional-renueva-su-patronato\\\/#webpage\",\"url\":\"https:\\\/\\\/www.eldigitaldeasturias.com\\\/noticias\\\/el-museo-arqueologico-nacional-renueva-su-patronato\\\/\",\"name\":\"El Museo Arqueol\\u00f3gico Nacional renueva su Patronato - El Digital de Asturias\",\"description\":\"El ministro de Educaci\\u00f3n, Cultura y Deporte, \\u00cd\\u00f1igo M\\u00e9ndez de Vigo, ha presidido hoy la reuni\\u00f3n del pleno del Patronato del Museo Arqueol\\u00f3gico Nacional (MAN), que ha renovado su composici\\u00f3n tras la reapertura del Museo, con el objetivo de impulsar su actividad y difusi\\u00f3n. \\u200bLa reuni\\u00f3n del Patronato del Museo acompa\\u00f1a la din\\u00e1mica de renovaci\\u00f3n\",\"inLanguage\":\"es-ES\",\"isPartOf\":{\"@id\":\"https:\\\/\\\/www.eldigitaldeasturias.com\\\/noticias\\\/#website\"},\"breadcrumb\":{\"@id\":\"https:\\\/\\\/www.eldigitaldeasturias.com\\\/noticias\\\/el-museo-arqueologico-nacional-renueva-su-patronato\\\/#breadcrumblist\"},\"author\":{\"@id\":\"https:\\\/\\\/www.eldigitaldeasturias.com\\\/noticias\\\/author\\\/admin\\\/#author\"},\"creator\":{\"@id\":\"https:\\\/\\\/www.eldigitaldeasturias.com\\\/noticias\\\/author\\\/admin\\\/#author\"},\"image\":{\"@type\":\"ImageObject\",\"url\":979433,\"@id\":\"https:\\\/\\\/www.eldigitaldeasturias.com\\\/noticias\\\/el-museo-arqueologico-nacional-renueva-su-patronato\\\/#mainImage\"},\"primaryImageOfPage\":{\"@id\":\"https:\\\/\\\/www.eldigitaldeasturias.com\\\/noticias\\\/el-museo-arqueologico-nacional-renueva-su-patronato\\\/#mainImage\"},\"datePublished\":\"2018-05-07T21:24:26+02:00\",\"dateModified\":\"2018-05-07T21:24:26+02:00\"},{\"@type\":\"WebSite\",\"@id\":\"https:\\\/\\\/www.eldigitaldeasturias.com\\\/noticias\\\/#website\",\"url\":\"https:\\\/\\\/www.eldigitaldeasturias.com\\\/noticias\\\/\",\"name\":\"El Digital de Asturias - Diario de actualidad y noticias\",\"alternateName\":\"El Digital de Asturias - Diario de actualidad y noticias\",\"description\":\"Hemeroteca\",\"inLanguage\":\"es-ES\",\"publisher\":{\"@id\":\"https:\\\/\\\/www.eldigitaldeasturias.com\\\/noticias\\\/#organization\"}}]}\n\t\t<\/script>\n\t\t<!-- All in One SEO Pro -->\r\n\t\t<title>El Museo Arqueol\u00f3gico Nacional renueva su Patronato - El Digital de Asturias<\/title>\n\n","aioseo_head_json":{"title":"El Museo Arqueol\u00f3gico Nacional renueva su Patronato - El Digital de Asturias","description":"El ministro de Educaci\u00f3n, Cultura y Deporte, \u00cd\u00f1igo M\u00e9ndez de Vigo, ha presidido hoy la reuni\u00f3n del pleno del Patronato del Museo Arqueol\u00f3gico Nacional (MAN), que ha renovado su composici\u00f3n tras la reapertura del Museo, con el objetivo de impulsar su actividad y difusi\u00f3n. \u200bLa reuni\u00f3n del Patronato del Museo acompa\u00f1a la din\u00e1mica de renovaci\u00f3n","canonical_url":"https:\/\/www.eldigitaldeasturias.com\/noticias\/el-museo-arqueologico-nacional-renueva-su-patronato\/","robots":"max-image-preview:large","keywords":"actualidad","webmasterTools":{"google-site-verification":"UA-38556648-1","msvalidate.01":"7dfe9f3f1b24437ab69f4f2559babe99","miscellaneous":""},"schema":{"@context":"https:\/\/schema.org","@graph":[{"@type":"BlogPosting","@id":"https:\/\/www.eldigitaldeasturias.com\/noticias\/el-museo-arqueologico-nacional-renueva-su-patronato\/#blogposting","name":"El Museo Arqueol\u00f3gico Nacional renueva su Patronato - El Digital de Asturias","headline":"El Museo Arqueol\u00f3gico Nacional renueva su Patronato","author":{"@id":"https:\/\/www.eldigitaldeasturias.com\/noticias\/author\/admin\/#author"},"publisher":{"@id":"https:\/\/www.eldigitaldeasturias.com\/noticias\/#organization"},"image":{"@type":"ImageObject","url":979433},"datePublished":"2018-05-07T21:24:26+02:00","dateModified":"2018-05-07T21:24:26+02:00","inLanguage":"es-ES","mainEntityOfPage":{"@id":"https:\/\/www.eldigitaldeasturias.com\/noticias\/el-museo-arqueologico-nacional-renueva-su-patronato\/#webpage"},"isPartOf":{"@id":"https:\/\/www.eldigitaldeasturias.com\/noticias\/el-museo-arqueologico-nacional-renueva-su-patronato\/#webpage"},"articleSection":"Actualidad"},{"@type":"BreadcrumbList","@id":"https:\/\/www.eldigitaldeasturias.com\/noticias\/el-museo-arqueologico-nacional-renueva-su-patronato\/#breadcrumblist","itemListElement":[{"@type":"ListItem","@id":"https:\/\/www.eldigitaldeasturias.com\/noticias#listItem","position":1,"name":"Home","item":"https:\/\/www.eldigitaldeasturias.com\/noticias","nextItem":{"@type":"ListItem","@id":"https:\/\/www.eldigitaldeasturias.com\/noticias\/category\/actualidad\/#listItem","name":"Actualidad"}},{"@type":"ListItem","@id":"https:\/\/www.eldigitaldeasturias.com\/noticias\/category\/actualidad\/#listItem","position":2,"name":"Actualidad","item":"https:\/\/www.eldigitaldeasturias.com\/noticias\/category\/actualidad\/","nextItem":{"@type":"ListItem","@id":"https:\/\/www.eldigitaldeasturias.com\/noticias\/el-museo-arqueologico-nacional-renueva-su-patronato\/#listItem","name":"El Museo Arqueol\u00f3gico Nacional renueva su Patronato"},"previousItem":{"@type":"ListItem","@id":"https:\/\/www.eldigitaldeasturias.com\/noticias#listItem","name":"Home"}},{"@type":"ListItem","@id":"https:\/\/www.eldigitaldeasturias.com\/noticias\/el-museo-arqueologico-nacional-renueva-su-patronato\/#listItem","position":3,"name":"El Museo Arqueol\u00f3gico Nacional renueva su Patronato","previousItem":{"@type":"ListItem","@id":"https:\/\/www.eldigitaldeasturias.com\/noticias\/category\/actualidad\/#listItem","name":"Actualidad"}}]},{"@type":"Organization","@id":"https:\/\/www.eldigitaldeasturias.com\/noticias\/#organization","name":"El Digital de Asturias","description":"Hemeroteca","url":"https:\/\/www.eldigitaldeasturias.com\/noticias\/","email":"info@eldigitaldeasturias.com","telephone":"+34652131393","logo":{"@type":"ImageObject","url":"https:\/\/www.eldigitaldeasturias.com\/noticias\/wp-content\/uploads\/2020\/12\/EDA.jpg","@id":"https:\/\/www.eldigitaldeasturias.com\/noticias\/el-museo-arqueologico-nacional-renueva-su-patronato\/#organizationLogo"},"image":{"@id":"https:\/\/www.eldigitaldeasturias.com\/noticias\/el-museo-arqueologico-nacional-renueva-su-patronato\/#organizationLogo"},"sameAs":["https:\/\/facebook.com\/eldigitaldeasturias","https:\/\/www.youtube.com\/channel\/UCZP-2wLEB9Rv6erhFmqVnvg"],"address":{"@id":"https:\/\/www.eldigitaldeasturias.com\/noticias\/#postaladdress","@type":"PostalAddress","streetAddress":"san antonio 4","postalCode":"33430","addressLocality":"Cand\u00e1s","addressRegion":"Asturias","addressCountry":"ES"}},{"@type":"Person","@id":"https:\/\/www.eldigitaldeasturias.com\/noticias\/author\/admin\/#author","url":"https:\/\/www.eldigitaldeasturias.com\/noticias\/author\/admin\/","name":"El Digital de Asturias","image":{"@type":"ImageObject","@id":"https:\/\/www.eldigitaldeasturias.com\/noticias\/el-museo-arqueologico-nacional-renueva-su-patronato\/#authorImage","url":"https:\/\/secure.gravatar.com\/avatar\/df2aeffc32bcd13f8d26072ef8a91b623d677766deac7f97ca815868cd41bf5e?s=96&d=mm&r=g","width":96,"height":96,"caption":"El Digital de Asturias"}},{"@type":"WebPage","@id":"https:\/\/www.eldigitaldeasturias.com\/noticias\/el-museo-arqueologico-nacional-renueva-su-patronato\/#webpage","url":"https:\/\/www.eldigitaldeasturias.com\/noticias\/el-museo-arqueologico-nacional-renueva-su-patronato\/","name":"El Museo Arqueol\u00f3gico Nacional renueva su Patronato - El Digital de Asturias","description":"El ministro de Educaci\u00f3n, Cultura y Deporte, \u00cd\u00f1igo M\u00e9ndez de Vigo, ha presidido hoy la reuni\u00f3n del pleno del Patronato del Museo Arqueol\u00f3gico Nacional (MAN), que ha renovado su composici\u00f3n tras la reapertura del Museo, con el objetivo de impulsar su actividad y difusi\u00f3n. \u200bLa reuni\u00f3n del Patronato del Museo acompa\u00f1a la din\u00e1mica de renovaci\u00f3n","inLanguage":"es-ES","isPartOf":{"@id":"https:\/\/www.eldigitaldeasturias.com\/noticias\/#website"},"breadcrumb":{"@id":"https:\/\/www.eldigitaldeasturias.com\/noticias\/el-museo-arqueologico-nacional-renueva-su-patronato\/#breadcrumblist"},"author":{"@id":"https:\/\/www.eldigitaldeasturias.com\/noticias\/author\/admin\/#author"},"creator":{"@id":"https:\/\/www.eldigitaldeasturias.com\/noticias\/author\/admin\/#author"},"image":{"@type":"ImageObject","url":979433,"@id":"https:\/\/www.eldigitaldeasturias.com\/noticias\/el-museo-arqueologico-nacional-renueva-su-patronato\/#mainImage"},"primaryImageOfPage":{"@id":"https:\/\/www.eldigitaldeasturias.com\/noticias\/el-museo-arqueologico-nacional-renueva-su-patronato\/#mainImage"},"datePublished":"2018-05-07T21:24:26+02:00","dateModified":"2018-05-07T21:24:26+02:00"},{"@type":"WebSite","@id":"https:\/\/www.eldigitaldeasturias.com\/noticias\/#website","url":"https:\/\/www.eldigitaldeasturias.com\/noticias\/","name":"El Digital de Asturias - Diario de actualidad y noticias","alternateName":"El Digital de Asturias - Diario de actualidad y noticias","description":"Hemeroteca","inLanguage":"es-ES","publisher":{"@id":"https:\/\/www.eldigitaldeasturias.com\/noticias\/#organization"}}]},"og:locale":"es_ES","og:site_name":"El Digital de Asturias","og:type":"article","og:title":"El Museo Arqueol\u00f3gico Nacional renueva su Patronato - El Digital de Asturias","og:description":"El ministro de Educaci\u00f3n, Cultura y Deporte, \u00cd\u00f1igo M\u00e9ndez de Vigo, ha presidido hoy la reuni\u00f3n del pleno del Patronato del Museo Arqueol\u00f3gico Nacional (MAN), que ha renovado su composici\u00f3n tras la reapertura del Museo, con el objetivo de impulsar su actividad y difusi\u00f3n. \u200bLa reuni\u00f3n del Patronato del Museo acompa\u00f1a la din\u00e1mica de renovaci\u00f3n","og:url":"https:\/\/www.eldigitaldeasturias.com\/noticias\/el-museo-arqueologico-nacional-renueva-su-patronato\/","article:tag":["actualidad"],"article:published_time":"2018-05-07T21:24:26+00:00","article:modified_time":"2018-05-07T21:24:26+00:00","article:publisher":"https:\/\/facebook.com\/eldigitaldeasturias","twitter:card":"summary_large_image","twitter:title":"El Museo Arqueol\u00f3gico Nacional renueva su Patronato - El Digital de Asturias","twitter:description":"El ministro de Educaci\u00f3n, Cultura y Deporte, \u00cd\u00f1igo M\u00e9ndez de Vigo, ha presidido hoy la reuni\u00f3n del pleno del Patronato del Museo Arqueol\u00f3gico Nacional (MAN), que ha renovado su composici\u00f3n tras la reapertura del Museo, con el objetivo de impulsar su actividad y difusi\u00f3n. \u200bLa reuni\u00f3n del Patronato del Museo acompa\u00f1a la din\u00e1mica de renovaci\u00f3n","twitter:image":"https:\/\/www.eldigitaldeasturias.com\/noticias\/wp-content\/uploads\/2020\/12\/EDA-1.jpg","twitter:label1":"Escrito por","twitter:data1":"El Digital de Asturias","twitter:label2":"Tiempo de lectura estimado","twitter:data2":"2 minutos"},"aioseo_meta_data":{"post_id":"979432","title":null,"description":null,"keywords":null,"keyphrases":null,"primary_term":null,"canonical_url":null,"og_title":null,"og_description":null,"og_object_type":"default","og_image_type":"default","og_image_url":null,"og_image_width":null,"og_image_height":null,"og_image_custom_url":null,"og_image_custom_fields":null,"og_video":null,"og_custom_url":null,"og_article_section":null,"og_article_tags":null,"twitter_use_og":false,"twitter_card":"default","twitter_image_type":"default","twitter_image_url":null,"twitter_image_custom_url":null,"twitter_image_custom_fields":null,"twitter_title":null,"twitter_description":null,"schema":{"blockGraphs":[],"customGraphs":[],"default":{"data":{"Article":[],"Course":[],"Dataset":[],"FAQPage":[],"Movie":[],"Person":[],"Product":[],"ProductReview":[],"Car":[],"Recipe":[],"Service":[],"SoftwareApplication":[],"WebPage":[]},"graphName":"","isEnabled":true},"graphs":[],"defaultGraph":"","defaultPostTypeGraph":""},"schema_type":null,"schema_type_options":null,"pillar_content":false,"robots_default":true,"robots_noindex":false,"robots_noarchive":false,"robots_nosnippet":false,"robots_nofollow":false,"robots_noimageindex":false,"robots_noodp":false,"robots_notranslate":false,"robots_max_snippet":null,"robots_max_videopreview":null,"robots_max_imagepreview":"large","priority":null,"frequency":null,"local_seo":null,"seo_analyzer_scan_date":"2025-10-08 14:19:09","breadcrumb_settings":null,"limit_modified_date":false,"open_ai":null,"ai":null,"created":"2020-12-21 11:59:38","updated":"2025-10-08 14:19:09","focus_keyword":null,"additional_keywords":null,"truseo_locale":null},"aioseo_breadcrumb":"<div class=\"aioseo-breadcrumbs\"><span class=\"aioseo-breadcrumb\">\n\t<a href=\"https:\/\/www.eldigitaldeasturias.com\/noticias\" title=\"Home\">Home<\/a>\n<\/span><span class=\"aioseo-breadcrumb-separator\">\u2013<\/span><span class=\"aioseo-breadcrumb\">\n\t<a href=\"https:\/\/www.eldigitaldeasturias.com\/noticias\/category\/actualidad\/\" title=\"Actualidad\">Actualidad<\/a>\n<\/span><span class=\"aioseo-breadcrumb-separator\">\u2013<\/span><span class=\"aioseo-breadcrumb\">\n\t<a href=\"https:\/\/www.eldigitaldeasturias.com\/noticias\/el-museo-arqueologico-nacional-renueva-su-patronato\/\" title=\"El Museo Arqueol\u00f3gico Nacional renueva su Patronato\">El Museo Arqueol\u00f3gico Nacional renueva su Patronato<\/a>\n<\/span><\/div>","aioseo_breadcrumb_json":[{"label":"Home","link":"https:\/\/www.eldigitaldeasturias.com\/noticias"},{"label":"Actualidad","link":"https:\/\/www.eldigitaldeasturias.com\/noticias\/category\/actualidad\/"},{"label":"El Museo Arqueol\u00f3gico Nacional renueva su Patronato","link":"https:\/\/www.eldigitaldeasturias.com\/noticias\/el-museo-arqueologico-nacional-renueva-su-patronato\/"}],"_links":{"self":[{"href":"https:\/\/www.eldigitaldeasturias.com\/noticias\/wp-json\/wp\/v2\/posts\/979432","targetHints":{"allow":["GET"]}}],"collection":[{"href":"https:\/\/www.eldigitaldeasturias.com\/noticias\/wp-json\/wp\/v2\/posts"}],"about":[{"href":"https:\/\/www.eldigitaldeasturias.com\/noticias\/wp-json\/wp\/v2\/types\/post"}],"author":[{"embeddable":true,"href":"https:\/\/www.eldigitaldeasturias.com\/noticias\/wp-json\/wp\/v2\/users\/1"}],"replies":[{"embeddable":true,"href":"https:\/\/www.eldigitaldeasturias.com\/noticias\/wp-json\/wp\/v2\/comments?post=979432"}],"version-history":[{"count":0,"href":"https:\/\/www.eldigitaldeasturias.com\/noticias\/wp-json\/wp\/v2\/posts\/979432\/revisions"}],"wp:attachment":[{"href":"https:\/\/www.eldigitaldeasturias.com\/noticias\/wp-json\/wp\/v2\/media?parent=979432"}],"wp:term":[{"taxonomy":"category","embeddable":true,"href":"https:\/\/www.eldigitaldeasturias.com\/noticias\/wp-json\/wp\/v2\/categories?post=979432"},{"taxonomy":"post_tag","embeddable":true,"href":"https:\/\/www.eldigitaldeasturias.com\/noticias\/wp-json\/wp\/v2\/tags?post=979432"}],"curies":[{"name":"wp","href":"https:\/\/api.w.org\/{rel}","templated":true}]}}