{"id":979429,"date":"2018-05-07T21:19:40","date_gmt":"2018-05-07T21:19:40","guid":{"rendered":"http:\/\/www.eldigitaldeasturias.com\/noticias\/?p=979429"},"modified":"2018-05-07T21:19:40","modified_gmt":"2018-05-07T21:19:40","slug":"empresas-aragonesas-participan-en-la-feria-de-yiwu","status":"publish","type":"post","link":"https:\/\/www.eldigitaldeasturias.com\/noticias\/empresas-aragonesas-participan-en-la-feria-de-yiwu\/","title":{"rendered":"Empresas aragonesas participan en la Feria de Yiwu"},"content":{"rendered":"<p><img loading=\"lazy\" decoding=\"async\" class=\"alignleft size-medium wp-image-979430\" src=\"https:\/\/www.eldigitaldeasturias.com\/noticias\/wp-content\/uploads\/2018\/05\/Yiwu-360x159.jpg\" alt=\"\" width=\"360\" height=\"159\" \/>Una delegaci\u00f3n de empresas aragonesas est\u00e1 participando en la Feria de Yiwu (China), de la mano de la empresa p\u00fablica Arag\u00f3n Exterior (Arex). Un total de siete firmas de los sectores del vino, la fruta, la cosm\u00e9tica y la carne asistieron ayer a la inauguraci\u00f3n de uno de los mayores cert\u00e1menes de bienes de consumo del mundo, donde pudieron contactar con importadores y distribuidores de toda China, acompa\u00f1ados por el equipo de Arex en el pa\u00eds.<\/p>\n<p>Yiwu es una ciudad pr\u00f3xima a Shanghai, y ubicada junto al mayor puerto comercial del mundo (Nimbao), y exhibe en su mercado uno de los mayores escaparates del planeta. Durante d\u00e9cadas era un mercado orientado a la exportaci\u00f3n de productos manufacturados pero la crisis de los mercados occidentales de la \u00faltima d\u00e9cada y el aumento de renta de la poblaci\u00f3n china han provocado que dicho mercado y su Feria principal se orienten cada vez m\u00e1s a la importaci\u00f3n de productos de otros pa\u00edses.<\/p>\n<p>\u201cLos productos agroalimentarios europeos tienen muy buena acogida dada la imagen de prestigio que tienen entre los consumidores chinos\u201d y la apertura de los mercados que ha permitido el Gobierno Chino en los \u00faltimos a\u00f1os ha generado importantes oportunidades, ha expuesto el gerente de Arex, Fernando Fern\u00e1ndez, quien ha acompa\u00f1ado a la delegaci\u00f3n aragonesa a Yiwu.<\/p>\n<p>En los \u00faltimos dos a\u00f1os, la relaci\u00f3n con la regi\u00f3n de Yiwu con Arag\u00f3n se ha estrechado debido a que el Gobierno de Arag\u00f3n decidi\u00f3 priorizar estos contactos con un \u00e1rea del planeta de la proceden la gran mayor\u00eda de inmigrantes chinos en Espa\u00f1a. Pero el inter\u00e9s tambi\u00e9n se ha fijado en Yiwu por la nueva l\u00ednea de ferrocarril que une la ciudad con Espa\u00f1a, y que reduce los tiempos de transporte a la mitad del que requiere la v\u00eda mar\u00edtima hasta rebajar a los 18 d\u00edas esta conexi\u00f3n.<\/p>\n<p>El a\u00f1o pasado, la consejera de Economia, Industria y Empleo del Gobierno aragon\u00e9s, Marta Gast\u00f3n, presidi\u00f3 la delegaci\u00f3n aragonesa en una visita oficial a Yiwu que hizo posible estrechar estos lazos econ\u00f3micos y diplom\u00e1ticos que interesan a ambas regiones tanto desde el punto de vista de la conexi\u00f3n directa por tren como para reforzar el intercambio comercial y de inversiones.<\/p>\n<p>En los pr\u00f3ximos d\u00edas, Fern\u00e1ndez \u2013junto a la delegaci\u00f3n china de la empresa p\u00fablica- se entrevistar\u00e1 con los responsables de las asociaciones log\u00edsticas y de empresarios de la nueva Ruta de la Seda, y con otros del nudo de comercio electr\u00f3nico mundial de Zhijanj.<\/p>\n","protected":false},"excerpt":{"rendered":"<p>Una delegaci\u00f3n de empresas aragonesas est\u00e1 participando en la Feria de Yiwu (China), de la mano de la empresa p\u00fablica Arag\u00f3n Exterior (Arex). Un total de siete firmas de los sectores del vino, la fruta, la cosm\u00e9tica y la carne asistieron ayer a la inauguraci\u00f3n de uno de los mayores cert\u00e1menes de bienes de consumo [&hellip;]<\/p>\n","protected":false},"author":1,"featured_media":979430,"comment_status":"closed","ping_status":"closed","sticky":false,"template":"","format":"standard","meta":{"footnotes":""},"categories":[1],"tags":[],"class_list":["post-979429","post","type-post","status-publish","format-standard","has-post-thumbnail","hentry","category-actualidad"],"aioseo_notices":[],"aioseo_head":"\n\t\t<!-- All in One SEO Pro 5.0.1 - aioseo.com -->\n\t<meta name=\"description\" content=\"Una delegaci\u00f3n de empresas aragonesas est\u00e1 participando en la Feria de Yiwu (China), de la mano de la empresa p\u00fablica Arag\u00f3n Exterior (Arex). Un total de siete firmas de los sectores del vino, la fruta, la cosm\u00e9tica y la carne asistieron ayer a la inauguraci\u00f3n de uno de los mayores cert\u00e1menes de bienes de consumo\" \/>\n\t<meta name=\"robots\" content=\"max-image-preview:large\" \/>\n\t<meta name=\"author\" content=\"El Digital de Asturias\"\/>\n\t<meta name=\"google-site-verification\" content=\"UA-38556648-1\" \/>\n\t<meta name=\"msvalidate.01\" content=\"7dfe9f3f1b24437ab69f4f2559babe99\" \/>\n\t<meta name=\"keywords\" content=\"actualidad\" \/>\n\t<link rel=\"canonical\" href=\"https:\/\/www.eldigitaldeasturias.com\/noticias\/empresas-aragonesas-participan-en-la-feria-de-yiwu\/\" \/>\n\t<meta name=\"generator\" content=\"All in One SEO Pro (AIOSEO) 5.0.1\" \/>\n\t\t<meta property=\"og:locale\" content=\"es_ES\" \/>\n\t\t<meta property=\"og:site_name\" content=\"El Digital de Asturias\" \/>\n\t\t<meta property=\"og:type\" content=\"article\" \/>\n\t\t<meta property=\"og:title\" content=\"Empresas aragonesas participan en la Feria de Yiwu - El Digital de Asturias\" \/>\n\t\t<meta property=\"og:description\" content=\"Una delegaci\u00f3n de empresas aragonesas est\u00e1 participando en la Feria de Yiwu (China), de la mano de la empresa p\u00fablica Arag\u00f3n Exterior (Arex). Un total de siete firmas de los sectores del vino, la fruta, la cosm\u00e9tica y la carne asistieron ayer a la inauguraci\u00f3n de uno de los mayores cert\u00e1menes de bienes de consumo\" \/>\n\t\t<meta property=\"og:url\" content=\"https:\/\/www.eldigitaldeasturias.com\/noticias\/empresas-aragonesas-participan-en-la-feria-de-yiwu\/\" \/>\n\t\t<meta property=\"article:tag\" content=\"actualidad\" \/>\n\t\t<meta property=\"article:published_time\" content=\"2018-05-07T21:19:40+00:00\" \/>\n\t\t<meta property=\"article:modified_time\" content=\"2018-05-07T21:19:40+00:00\" \/>\n\t\t<meta property=\"article:publisher\" content=\"https:\/\/facebook.com\/eldigitaldeasturias\" \/>\n\t\t<meta name=\"twitter:card\" content=\"summary_large_image\" \/>\n\t\t<meta name=\"twitter:title\" content=\"Empresas aragonesas participan en la Feria de Yiwu - El Digital de Asturias\" \/>\n\t\t<meta name=\"twitter:description\" content=\"Una delegaci\u00f3n de empresas aragonesas est\u00e1 participando en la Feria de Yiwu (China), de la mano de la empresa p\u00fablica Arag\u00f3n Exterior (Arex). Un total de siete firmas de los sectores del vino, la fruta, la cosm\u00e9tica y la carne asistieron ayer a la inauguraci\u00f3n de uno de los mayores cert\u00e1menes de bienes de consumo\" \/>\n\t\t<meta name=\"twitter:image\" content=\"https:\/\/www.eldigitaldeasturias.com\/noticias\/wp-content\/uploads\/2020\/12\/EDA-1.jpg\" \/>\n\t\t<meta name=\"twitter:label1\" content=\"Escrito por\" \/>\n\t\t<meta name=\"twitter:data1\" content=\"El Digital de Asturias\" \/>\n\t\t<meta name=\"twitter:label2\" content=\"Tiempo de lectura estimado\" \/>\n\t\t<meta name=\"twitter:data2\" content=\"2 minutos\" \/>\n\t\t<script type=\"application\/ld+json\" class=\"aioseo-schema\">\n\t\t\t{\"@context\":\"https:\\\/\\\/schema.org\",\"@graph\":[{\"@type\":\"BlogPosting\",\"@id\":\"https:\\\/\\\/www.eldigitaldeasturias.com\\\/noticias\\\/empresas-aragonesas-participan-en-la-feria-de-yiwu\\\/#blogposting\",\"name\":\"Empresas aragonesas participan en la Feria de Yiwu - El Digital de Asturias\",\"headline\":\"Empresas aragonesas participan en la Feria de Yiwu\",\"author\":{\"@id\":\"https:\\\/\\\/www.eldigitaldeasturias.com\\\/noticias\\\/author\\\/admin\\\/#author\"},\"publisher\":{\"@id\":\"https:\\\/\\\/www.eldigitaldeasturias.com\\\/noticias\\\/#organization\"},\"image\":{\"@type\":\"ImageObject\",\"url\":979430},\"datePublished\":\"2018-05-07T21:19:40+02:00\",\"dateModified\":\"2018-05-07T21:19:40+02:00\",\"inLanguage\":\"es-ES\",\"mainEntityOfPage\":{\"@id\":\"https:\\\/\\\/www.eldigitaldeasturias.com\\\/noticias\\\/empresas-aragonesas-participan-en-la-feria-de-yiwu\\\/#webpage\"},\"isPartOf\":{\"@id\":\"https:\\\/\\\/www.eldigitaldeasturias.com\\\/noticias\\\/empresas-aragonesas-participan-en-la-feria-de-yiwu\\\/#webpage\"},\"articleSection\":\"Actualidad\"},{\"@type\":\"BreadcrumbList\",\"@id\":\"https:\\\/\\\/www.eldigitaldeasturias.com\\\/noticias\\\/empresas-aragonesas-participan-en-la-feria-de-yiwu\\\/#breadcrumblist\",\"itemListElement\":[{\"@type\":\"ListItem\",\"@id\":\"https:\\\/\\\/www.eldigitaldeasturias.com\\\/noticias#listItem\",\"position\":1,\"name\":\"Home\",\"item\":\"https:\\\/\\\/www.eldigitaldeasturias.com\\\/noticias\",\"nextItem\":{\"@type\":\"ListItem\",\"@id\":\"https:\\\/\\\/www.eldigitaldeasturias.com\\\/noticias\\\/category\\\/actualidad\\\/#listItem\",\"name\":\"Actualidad\"}},{\"@type\":\"ListItem\",\"@id\":\"https:\\\/\\\/www.eldigitaldeasturias.com\\\/noticias\\\/category\\\/actualidad\\\/#listItem\",\"position\":2,\"name\":\"Actualidad\",\"item\":\"https:\\\/\\\/www.eldigitaldeasturias.com\\\/noticias\\\/category\\\/actualidad\\\/\",\"nextItem\":{\"@type\":\"ListItem\",\"@id\":\"https:\\\/\\\/www.eldigitaldeasturias.com\\\/noticias\\\/empresas-aragonesas-participan-en-la-feria-de-yiwu\\\/#listItem\",\"name\":\"Empresas aragonesas participan en la Feria de Yiwu\"},\"previousItem\":{\"@type\":\"ListItem\",\"@id\":\"https:\\\/\\\/www.eldigitaldeasturias.com\\\/noticias#listItem\",\"name\":\"Home\"}},{\"@type\":\"ListItem\",\"@id\":\"https:\\\/\\\/www.eldigitaldeasturias.com\\\/noticias\\\/empresas-aragonesas-participan-en-la-feria-de-yiwu\\\/#listItem\",\"position\":3,\"name\":\"Empresas aragonesas participan en la Feria de Yiwu\",\"previousItem\":{\"@type\":\"ListItem\",\"@id\":\"https:\\\/\\\/www.eldigitaldeasturias.com\\\/noticias\\\/category\\\/actualidad\\\/#listItem\",\"name\":\"Actualidad\"}}]},{\"@type\":\"Organization\",\"@id\":\"https:\\\/\\\/www.eldigitaldeasturias.com\\\/noticias\\\/#organization\",\"name\":\"El Digital de Asturias\",\"description\":\"Hemeroteca\",\"url\":\"https:\\\/\\\/www.eldigitaldeasturias.com\\\/noticias\\\/\",\"email\":\"info@eldigitaldeasturias.com\",\"telephone\":\"+34652131393\",\"logo\":{\"@type\":\"ImageObject\",\"url\":\"https:\\\/\\\/www.eldigitaldeasturias.com\\\/noticias\\\/wp-content\\\/uploads\\\/2020\\\/12\\\/EDA.jpg\",\"@id\":\"https:\\\/\\\/www.eldigitaldeasturias.com\\\/noticias\\\/empresas-aragonesas-participan-en-la-feria-de-yiwu\\\/#organizationLogo\"},\"image\":{\"@id\":\"https:\\\/\\\/www.eldigitaldeasturias.com\\\/noticias\\\/empresas-aragonesas-participan-en-la-feria-de-yiwu\\\/#organizationLogo\"},\"sameAs\":[\"https:\\\/\\\/facebook.com\\\/eldigitaldeasturias\",\"https:\\\/\\\/www.youtube.com\\\/channel\\\/UCZP-2wLEB9Rv6erhFmqVnvg\"],\"address\":{\"@id\":\"https:\\\/\\\/www.eldigitaldeasturias.com\\\/noticias\\\/#postaladdress\",\"@type\":\"PostalAddress\",\"streetAddress\":\"san antonio 4\",\"postalCode\":\"33430\",\"addressLocality\":\"Cand\\u00e1s\",\"addressRegion\":\"Asturias\",\"addressCountry\":\"ES\"}},{\"@type\":\"Person\",\"@id\":\"https:\\\/\\\/www.eldigitaldeasturias.com\\\/noticias\\\/author\\\/admin\\\/#author\",\"url\":\"https:\\\/\\\/www.eldigitaldeasturias.com\\\/noticias\\\/author\\\/admin\\\/\",\"name\":\"El Digital de Asturias\",\"image\":{\"@type\":\"ImageObject\",\"@id\":\"https:\\\/\\\/www.eldigitaldeasturias.com\\\/noticias\\\/empresas-aragonesas-participan-en-la-feria-de-yiwu\\\/#authorImage\",\"url\":\"https:\\\/\\\/secure.gravatar.com\\\/avatar\\\/df2aeffc32bcd13f8d26072ef8a91b623d677766deac7f97ca815868cd41bf5e?s=96&d=mm&r=g\",\"width\":96,\"height\":96,\"caption\":\"El Digital de Asturias\"}},{\"@type\":\"WebPage\",\"@id\":\"https:\\\/\\\/www.eldigitaldeasturias.com\\\/noticias\\\/empresas-aragonesas-participan-en-la-feria-de-yiwu\\\/#webpage\",\"url\":\"https:\\\/\\\/www.eldigitaldeasturias.com\\\/noticias\\\/empresas-aragonesas-participan-en-la-feria-de-yiwu\\\/\",\"name\":\"Empresas aragonesas participan en la Feria de Yiwu - El Digital de Asturias\",\"description\":\"Una delegaci\\u00f3n de empresas aragonesas est\\u00e1 participando en la Feria de Yiwu (China), de la mano de la empresa p\\u00fablica Arag\\u00f3n Exterior (Arex). Un total de siete firmas de los sectores del vino, la fruta, la cosm\\u00e9tica y la carne asistieron ayer a la inauguraci\\u00f3n de uno de los mayores cert\\u00e1menes de bienes de consumo\",\"inLanguage\":\"es-ES\",\"isPartOf\":{\"@id\":\"https:\\\/\\\/www.eldigitaldeasturias.com\\\/noticias\\\/#website\"},\"breadcrumb\":{\"@id\":\"https:\\\/\\\/www.eldigitaldeasturias.com\\\/noticias\\\/empresas-aragonesas-participan-en-la-feria-de-yiwu\\\/#breadcrumblist\"},\"author\":{\"@id\":\"https:\\\/\\\/www.eldigitaldeasturias.com\\\/noticias\\\/author\\\/admin\\\/#author\"},\"creator\":{\"@id\":\"https:\\\/\\\/www.eldigitaldeasturias.com\\\/noticias\\\/author\\\/admin\\\/#author\"},\"image\":{\"@type\":\"ImageObject\",\"url\":979430,\"@id\":\"https:\\\/\\\/www.eldigitaldeasturias.com\\\/noticias\\\/empresas-aragonesas-participan-en-la-feria-de-yiwu\\\/#mainImage\"},\"primaryImageOfPage\":{\"@id\":\"https:\\\/\\\/www.eldigitaldeasturias.com\\\/noticias\\\/empresas-aragonesas-participan-en-la-feria-de-yiwu\\\/#mainImage\"},\"datePublished\":\"2018-05-07T21:19:40+02:00\",\"dateModified\":\"2018-05-07T21:19:40+02:00\"},{\"@type\":\"WebSite\",\"@id\":\"https:\\\/\\\/www.eldigitaldeasturias.com\\\/noticias\\\/#website\",\"url\":\"https:\\\/\\\/www.eldigitaldeasturias.com\\\/noticias\\\/\",\"name\":\"El Digital de Asturias - Diario de actualidad y noticias\",\"alternateName\":\"El Digital de Asturias - Diario de actualidad y noticias\",\"description\":\"Hemeroteca\",\"inLanguage\":\"es-ES\",\"publisher\":{\"@id\":\"https:\\\/\\\/www.eldigitaldeasturias.com\\\/noticias\\\/#organization\"}}]}\n\t\t<\/script>\n\t\t<!-- All in One SEO Pro -->\r\n\t\t<title>Empresas aragonesas participan en la Feria de Yiwu - El Digital de Asturias<\/title>\n\n","aioseo_head_json":{"title":"Empresas aragonesas participan en la Feria de Yiwu - El Digital de Asturias","description":"Una delegaci\u00f3n de empresas aragonesas est\u00e1 participando en la Feria de Yiwu (China), de la mano de la empresa p\u00fablica Arag\u00f3n Exterior (Arex). Un total de siete firmas de los sectores del vino, la fruta, la cosm\u00e9tica y la carne asistieron ayer a la inauguraci\u00f3n de uno de los mayores cert\u00e1menes de bienes de consumo","canonical_url":"https:\/\/www.eldigitaldeasturias.com\/noticias\/empresas-aragonesas-participan-en-la-feria-de-yiwu\/","robots":"max-image-preview:large","keywords":"actualidad","webmasterTools":{"google-site-verification":"UA-38556648-1","msvalidate.01":"7dfe9f3f1b24437ab69f4f2559babe99","miscellaneous":""},"schema":{"@context":"https:\/\/schema.org","@graph":[{"@type":"BlogPosting","@id":"https:\/\/www.eldigitaldeasturias.com\/noticias\/empresas-aragonesas-participan-en-la-feria-de-yiwu\/#blogposting","name":"Empresas aragonesas participan en la Feria de Yiwu - El Digital de Asturias","headline":"Empresas aragonesas participan en la Feria de Yiwu","author":{"@id":"https:\/\/www.eldigitaldeasturias.com\/noticias\/author\/admin\/#author"},"publisher":{"@id":"https:\/\/www.eldigitaldeasturias.com\/noticias\/#organization"},"image":{"@type":"ImageObject","url":979430},"datePublished":"2018-05-07T21:19:40+02:00","dateModified":"2018-05-07T21:19:40+02:00","inLanguage":"es-ES","mainEntityOfPage":{"@id":"https:\/\/www.eldigitaldeasturias.com\/noticias\/empresas-aragonesas-participan-en-la-feria-de-yiwu\/#webpage"},"isPartOf":{"@id":"https:\/\/www.eldigitaldeasturias.com\/noticias\/empresas-aragonesas-participan-en-la-feria-de-yiwu\/#webpage"},"articleSection":"Actualidad"},{"@type":"BreadcrumbList","@id":"https:\/\/www.eldigitaldeasturias.com\/noticias\/empresas-aragonesas-participan-en-la-feria-de-yiwu\/#breadcrumblist","itemListElement":[{"@type":"ListItem","@id":"https:\/\/www.eldigitaldeasturias.com\/noticias#listItem","position":1,"name":"Home","item":"https:\/\/www.eldigitaldeasturias.com\/noticias","nextItem":{"@type":"ListItem","@id":"https:\/\/www.eldigitaldeasturias.com\/noticias\/category\/actualidad\/#listItem","name":"Actualidad"}},{"@type":"ListItem","@id":"https:\/\/www.eldigitaldeasturias.com\/noticias\/category\/actualidad\/#listItem","position":2,"name":"Actualidad","item":"https:\/\/www.eldigitaldeasturias.com\/noticias\/category\/actualidad\/","nextItem":{"@type":"ListItem","@id":"https:\/\/www.eldigitaldeasturias.com\/noticias\/empresas-aragonesas-participan-en-la-feria-de-yiwu\/#listItem","name":"Empresas aragonesas participan en la Feria de Yiwu"},"previousItem":{"@type":"ListItem","@id":"https:\/\/www.eldigitaldeasturias.com\/noticias#listItem","name":"Home"}},{"@type":"ListItem","@id":"https:\/\/www.eldigitaldeasturias.com\/noticias\/empresas-aragonesas-participan-en-la-feria-de-yiwu\/#listItem","position":3,"name":"Empresas aragonesas participan en la Feria de Yiwu","previousItem":{"@type":"ListItem","@id":"https:\/\/www.eldigitaldeasturias.com\/noticias\/category\/actualidad\/#listItem","name":"Actualidad"}}]},{"@type":"Organization","@id":"https:\/\/www.eldigitaldeasturias.com\/noticias\/#organization","name":"El Digital de Asturias","description":"Hemeroteca","url":"https:\/\/www.eldigitaldeasturias.com\/noticias\/","email":"info@eldigitaldeasturias.com","telephone":"+34652131393","logo":{"@type":"ImageObject","url":"https:\/\/www.eldigitaldeasturias.com\/noticias\/wp-content\/uploads\/2020\/12\/EDA.jpg","@id":"https:\/\/www.eldigitaldeasturias.com\/noticias\/empresas-aragonesas-participan-en-la-feria-de-yiwu\/#organizationLogo"},"image":{"@id":"https:\/\/www.eldigitaldeasturias.com\/noticias\/empresas-aragonesas-participan-en-la-feria-de-yiwu\/#organizationLogo"},"sameAs":["https:\/\/facebook.com\/eldigitaldeasturias","https:\/\/www.youtube.com\/channel\/UCZP-2wLEB9Rv6erhFmqVnvg"],"address":{"@id":"https:\/\/www.eldigitaldeasturias.com\/noticias\/#postaladdress","@type":"PostalAddress","streetAddress":"san antonio 4","postalCode":"33430","addressLocality":"Cand\u00e1s","addressRegion":"Asturias","addressCountry":"ES"}},{"@type":"Person","@id":"https:\/\/www.eldigitaldeasturias.com\/noticias\/author\/admin\/#author","url":"https:\/\/www.eldigitaldeasturias.com\/noticias\/author\/admin\/","name":"El Digital de Asturias","image":{"@type":"ImageObject","@id":"https:\/\/www.eldigitaldeasturias.com\/noticias\/empresas-aragonesas-participan-en-la-feria-de-yiwu\/#authorImage","url":"https:\/\/secure.gravatar.com\/avatar\/df2aeffc32bcd13f8d26072ef8a91b623d677766deac7f97ca815868cd41bf5e?s=96&d=mm&r=g","width":96,"height":96,"caption":"El Digital de Asturias"}},{"@type":"WebPage","@id":"https:\/\/www.eldigitaldeasturias.com\/noticias\/empresas-aragonesas-participan-en-la-feria-de-yiwu\/#webpage","url":"https:\/\/www.eldigitaldeasturias.com\/noticias\/empresas-aragonesas-participan-en-la-feria-de-yiwu\/","name":"Empresas aragonesas participan en la Feria de Yiwu - El Digital de Asturias","description":"Una delegaci\u00f3n de empresas aragonesas est\u00e1 participando en la Feria de Yiwu (China), de la mano de la empresa p\u00fablica Arag\u00f3n Exterior (Arex). Un total de siete firmas de los sectores del vino, la fruta, la cosm\u00e9tica y la carne asistieron ayer a la inauguraci\u00f3n de uno de los mayores cert\u00e1menes de bienes de consumo","inLanguage":"es-ES","isPartOf":{"@id":"https:\/\/www.eldigitaldeasturias.com\/noticias\/#website"},"breadcrumb":{"@id":"https:\/\/www.eldigitaldeasturias.com\/noticias\/empresas-aragonesas-participan-en-la-feria-de-yiwu\/#breadcrumblist"},"author":{"@id":"https:\/\/www.eldigitaldeasturias.com\/noticias\/author\/admin\/#author"},"creator":{"@id":"https:\/\/www.eldigitaldeasturias.com\/noticias\/author\/admin\/#author"},"image":{"@type":"ImageObject","url":979430,"@id":"https:\/\/www.eldigitaldeasturias.com\/noticias\/empresas-aragonesas-participan-en-la-feria-de-yiwu\/#mainImage"},"primaryImageOfPage":{"@id":"https:\/\/www.eldigitaldeasturias.com\/noticias\/empresas-aragonesas-participan-en-la-feria-de-yiwu\/#mainImage"},"datePublished":"2018-05-07T21:19:40+02:00","dateModified":"2018-05-07T21:19:40+02:00"},{"@type":"WebSite","@id":"https:\/\/www.eldigitaldeasturias.com\/noticias\/#website","url":"https:\/\/www.eldigitaldeasturias.com\/noticias\/","name":"El Digital de Asturias - Diario de actualidad y noticias","alternateName":"El Digital de Asturias - Diario de actualidad y noticias","description":"Hemeroteca","inLanguage":"es-ES","publisher":{"@id":"https:\/\/www.eldigitaldeasturias.com\/noticias\/#organization"}}]},"og:locale":"es_ES","og:site_name":"El Digital de Asturias","og:type":"article","og:title":"Empresas aragonesas participan en la Feria de Yiwu - El Digital de Asturias","og:description":"Una delegaci\u00f3n de empresas aragonesas est\u00e1 participando en la Feria de Yiwu (China), de la mano de la empresa p\u00fablica Arag\u00f3n Exterior (Arex). Un total de siete firmas de los sectores del vino, la fruta, la cosm\u00e9tica y la carne asistieron ayer a la inauguraci\u00f3n de uno de los mayores cert\u00e1menes de bienes de consumo","og:url":"https:\/\/www.eldigitaldeasturias.com\/noticias\/empresas-aragonesas-participan-en-la-feria-de-yiwu\/","article:tag":["actualidad"],"article:published_time":"2018-05-07T21:19:40+00:00","article:modified_time":"2018-05-07T21:19:40+00:00","article:publisher":"https:\/\/facebook.com\/eldigitaldeasturias","twitter:card":"summary_large_image","twitter:title":"Empresas aragonesas participan en la Feria de Yiwu - El Digital de Asturias","twitter:description":"Una delegaci\u00f3n de empresas aragonesas est\u00e1 participando en la Feria de Yiwu (China), de la mano de la empresa p\u00fablica Arag\u00f3n Exterior (Arex). Un total de siete firmas de los sectores del vino, la fruta, la cosm\u00e9tica y la carne asistieron ayer a la inauguraci\u00f3n de uno de los mayores cert\u00e1menes de bienes de consumo","twitter:image":"https:\/\/www.eldigitaldeasturias.com\/noticias\/wp-content\/uploads\/2020\/12\/EDA-1.jpg","twitter:label1":"Escrito por","twitter:data1":"El Digital de Asturias","twitter:label2":"Tiempo de lectura estimado","twitter:data2":"2 minutos"},"aioseo_meta_data":{"post_id":"979429","title":null,"description":null,"keywords":null,"keyphrases":null,"primary_term":null,"canonical_url":null,"og_title":null,"og_description":null,"og_object_type":"default","og_image_type":"default","og_image_url":null,"og_image_width":null,"og_image_height":null,"og_image_custom_url":null,"og_image_custom_fields":null,"og_video":null,"og_custom_url":null,"og_article_section":null,"og_article_tags":null,"twitter_use_og":false,"twitter_card":"default","twitter_image_type":"default","twitter_image_url":null,"twitter_image_custom_url":null,"twitter_image_custom_fields":null,"twitter_title":null,"twitter_description":null,"schema":{"blockGraphs":[],"customGraphs":[],"default":{"data":{"Article":[],"Course":[],"Dataset":[],"FAQPage":[],"Movie":[],"Person":[],"Product":[],"ProductReview":[],"Car":[],"Recipe":[],"Service":[],"SoftwareApplication":[],"WebPage":[]},"graphName":"","isEnabled":true},"graphs":[],"defaultGraph":"","defaultPostTypeGraph":""},"schema_type":null,"schema_type_options":null,"pillar_content":false,"robots_default":true,"robots_noindex":false,"robots_noarchive":false,"robots_nosnippet":false,"robots_nofollow":false,"robots_noimageindex":false,"robots_noodp":false,"robots_notranslate":false,"robots_max_snippet":null,"robots_max_videopreview":null,"robots_max_imagepreview":"large","priority":null,"frequency":null,"local_seo":null,"seo_analyzer_scan_date":"2025-10-08 14:19:09","breadcrumb_settings":null,"limit_modified_date":false,"open_ai":null,"ai":null,"created":"2020-12-21 11:59:38","updated":"2025-10-08 14:19:09","focus_keyword":null,"additional_keywords":null,"truseo_locale":null},"aioseo_breadcrumb":"<div class=\"aioseo-breadcrumbs\"><span class=\"aioseo-breadcrumb\">\n\t<a href=\"https:\/\/www.eldigitaldeasturias.com\/noticias\" title=\"Home\">Home<\/a>\n<\/span><span class=\"aioseo-breadcrumb-separator\">\u2013<\/span><span class=\"aioseo-breadcrumb\">\n\t<a href=\"https:\/\/www.eldigitaldeasturias.com\/noticias\/category\/actualidad\/\" title=\"Actualidad\">Actualidad<\/a>\n<\/span><span class=\"aioseo-breadcrumb-separator\">\u2013<\/span><span class=\"aioseo-breadcrumb\">\n\t<a href=\"https:\/\/www.eldigitaldeasturias.com\/noticias\/empresas-aragonesas-participan-en-la-feria-de-yiwu\/\" title=\"Empresas aragonesas participan en la Feria de Yiwu\">Empresas aragonesas participan en la Feria de Yiwu<\/a>\n<\/span><\/div>","aioseo_breadcrumb_json":[{"label":"Home","link":"https:\/\/www.eldigitaldeasturias.com\/noticias"},{"label":"Actualidad","link":"https:\/\/www.eldigitaldeasturias.com\/noticias\/category\/actualidad\/"},{"label":"Empresas aragonesas participan en la Feria de Yiwu","link":"https:\/\/www.eldigitaldeasturias.com\/noticias\/empresas-aragonesas-participan-en-la-feria-de-yiwu\/"}],"_links":{"self":[{"href":"https:\/\/www.eldigitaldeasturias.com\/noticias\/wp-json\/wp\/v2\/posts\/979429","targetHints":{"allow":["GET"]}}],"collection":[{"href":"https:\/\/www.eldigitaldeasturias.com\/noticias\/wp-json\/wp\/v2\/posts"}],"about":[{"href":"https:\/\/www.eldigitaldeasturias.com\/noticias\/wp-json\/wp\/v2\/types\/post"}],"author":[{"embeddable":true,"href":"https:\/\/www.eldigitaldeasturias.com\/noticias\/wp-json\/wp\/v2\/users\/1"}],"replies":[{"embeddable":true,"href":"https:\/\/www.eldigitaldeasturias.com\/noticias\/wp-json\/wp\/v2\/comments?post=979429"}],"version-history":[{"count":0,"href":"https:\/\/www.eldigitaldeasturias.com\/noticias\/wp-json\/wp\/v2\/posts\/979429\/revisions"}],"wp:attachment":[{"href":"https:\/\/www.eldigitaldeasturias.com\/noticias\/wp-json\/wp\/v2\/media?parent=979429"}],"wp:term":[{"taxonomy":"category","embeddable":true,"href":"https:\/\/www.eldigitaldeasturias.com\/noticias\/wp-json\/wp\/v2\/categories?post=979429"},{"taxonomy":"post_tag","embeddable":true,"href":"https:\/\/www.eldigitaldeasturias.com\/noticias\/wp-json\/wp\/v2\/tags?post=979429"}],"curies":[{"name":"wp","href":"https:\/\/api.w.org\/{rel}","templated":true}]}}