{"id":979426,"date":"2018-05-07T21:17:57","date_gmt":"2018-05-07T21:17:57","guid":{"rendered":"http:\/\/www.eldigitaldeasturias.com\/noticias\/?p=979426"},"modified":"2018-05-07T21:17:57","modified_gmt":"2018-05-07T21:17:57","slug":"jornadas-cine-y-escuela-en-zaragoza","status":"publish","type":"post","link":"https:\/\/www.eldigitaldeasturias.com\/noticias\/jornadas-cine-y-escuela-en-zaragoza\/","title":{"rendered":"Jornadas \u00abCine y Escuela\u00bb en Zaragoza"},"content":{"rendered":"<p><img loading=\"lazy\" decoding=\"async\" class=\"alignleft size-medium wp-image-979427\" src=\"https:\/\/www.eldigitaldeasturias.com\/noticias\/wp-content\/uploads\/2018\/05\/Jornadas_Cine_y_Escuela-360x159.jpg\" alt=\"\" width=\"360\" height=\"159\" \/>Ense\u00f1ar a ver cine y fomentar su uso como una herramienta m\u00e1s en el aprendizaje es el fin que buscan las Jornadas de Cine y Escuela que se celebran desde ma\u00f1ana en Zaragoza. Promovidas por el Departamento de Educaci\u00f3n, Cultura y Deporte y organizadas por el CIFE Juan de Lanuza, tendr\u00e1n lugar en el Auditorio Eduardo del Pueyo del Conservatorio Superior de M\u00fasica de Arag\u00f3n, los d\u00edas 8 y 10 de mayo, y en el IES Luis Bu\u00f1uel, el d\u00eda 9. Estas jornadas conviven con el XVI Certamen de Cine y Salud y con el Festival de Cine de La Almunia. De este modo, complementan un intenso mes de mayo dedicado a la formaci\u00f3n del profesorado en una doble perspectiva: ense\u00f1ar a ver cine y a hacer cine. Adem\u00e1s, se presenta como un valioso recurso educativo para transmitir valores, reforzar contenidos curriculares, trabajar las emociones, despertar el esp\u00edritu cr\u00edtico del alumnado\u2026<\/p>\n<p>Tras la inauguraci\u00f3n oficial a cargo de Tom\u00e1s Guajardo, director general de Personal y Formaci\u00f3n del Profesorado, se proyectar\u00e1 un v\u00eddeo, creado para la ocasi\u00f3n, que presenta las sesiones y que puede verse a trav\u00e9s de YouTube<\/p>\n<p>A continuaci\u00f3n, la sesi\u00f3n del d\u00eda 8 se abrir\u00e1 con la ponencia \u201cCine y escuela. Estado actual\u201d, impartida por Marta Tar\u00edn, miembro de la Academia de las Artes y las Ciencias Cinematogr\u00e1ficas de Espa\u00f1a. Despu\u00e9s, tendr\u00e1 lugar la mesa redonda \u201c\u00bfCine en el aula o cine de aula?\u201d en la que compartir\u00e1n sus reflexiones Marta Tar\u00edn; \u00c1ngel Gonzalvo, profesor coordinador del Programa Un d\u00eda de Cine; Carlos Gurpegui, coordinador de programa Cine y Salud; Mar Rodr\u00edguez, maestra creadora de Amiguicos producciones; Leonor Bruna, directora de la escuela de cine Un Perro Andaluz; Carmen Pem\u00e1n, directora del Festival de Cine de La Almunia; To\u00f1a Medina y Christian Fern\u00e1ndez Mir\u00f3n, artistas educadores; y Miguel \u00c1ngel Lamata, guionista y director de cine. La sesi\u00f3n se cerrar\u00e1 con la videocreaci\u00f3n musical colaborativa \u201cLuces, c\u00e1mara, canci\u00f3n\u201d, de To\u00f1a Medina y Christian Fern\u00e1ndez Mir\u00f3n, y con la ponencia final en la que el director de cine Miguel \u00c1ngel Lamata expondr\u00e1 las reflexiones de la jornada.<\/p>\n<p>La segunda sesi\u00f3n de las jornadas se celebrar\u00e1 en el IES Luis Bu\u00f1uel, con car\u00e1cter fundamentalmente pr\u00e1ctico, y se centrar\u00e1 en el cine como herramienta educativa y c\u00f3mo hacer cine en la escuela. As\u00ed pues, los asistentes podr\u00e1n realizar los talleres siguientes: \u201cEl trabajo de preproducci\u00f3n como herramienta para el ABP\u201d, impartido por Joaqu\u00edn Macipe (IES Dami\u00e1n Forment de Alcorisa); \u201cLa c\u00e1mara y su manejo\u201d, con Lorenzo Latorre (CEIP Vicente Ferrer de Valderrobres); \u201cApps para usar en el aula. El m\u00f3vil y la tablet como c\u00e1mara\u201d, a cargo de Juli\u00e1n Trullenque e Israel Sardino; y \u201cCromas y otros secretos de animaci\u00f3n\u201d, impartido por Javier Vispe (CRA Cinca-Cinqueta de Ainsa).<\/p>\n<p>La \u00faltima sesi\u00f3n de las Jornadas de Cine y Escuela, que tendr\u00e1 lugar en el Auditorio Eduardo del Pueyo del CSMA el jueves, estar\u00e1 dedicada a conocer y compartir buenas pr\u00e1cticas cinematogr\u00e1ficas en el aula. Se proyectar\u00e1n cortos realizados por distintos centros educativos de Arag\u00f3n: \u00a1Qu\u00e9 mala pata! (CRA Bajo Mart\u00edn de Urrea de Ga\u00e9n), Valientes (CRA Mar\u00eda Moliner de Mediana de Arag\u00f3n), Sin miedo (CEIP Vicente Ferrer de Valderrobres), Tocata (IES Pedro De Luna), As\u00ed suenan, as\u00ed suena (CEE Gloria Fuertes de Andorra) y Teveo (Escuela de Arte de Huesca). Los asistentes a estas Jornadas podr\u00e1n participar en la mesa redonda sobre cine y educaci\u00f3n del Festival de Cine de La Almunia de Do\u00f1a Godina que se celebrar\u00e1 el d\u00eda 11 de mayo.<\/p>\n<p>La actividad ha sido difundida a trav\u00e9s de las redes sociales y podr\u00e1 seguirse en Twitter mediante la etiqueta #educlaqueta<\/p>\n","protected":false},"excerpt":{"rendered":"<p>Ense\u00f1ar a ver cine y fomentar su uso como una herramienta m\u00e1s en el aprendizaje es el fin que buscan las Jornadas de Cine y Escuela que se celebran desde ma\u00f1ana en Zaragoza. Promovidas por el Departamento de Educaci\u00f3n, Cultura y Deporte y organizadas por el CIFE Juan de Lanuza, tendr\u00e1n lugar en el Auditorio [&hellip;]<\/p>\n","protected":false},"author":1,"featured_media":979427,"comment_status":"closed","ping_status":"closed","sticky":false,"template":"","format":"standard","meta":{"footnotes":""},"categories":[1],"tags":[],"class_list":["post-979426","post","type-post","status-publish","format-standard","has-post-thumbnail","hentry","category-actualidad"],"aioseo_notices":[],"aioseo_head":"\n\t\t<!-- All in One SEO Pro 5.0.1 - aioseo.com -->\n\t<meta name=\"description\" content=\"Ense\u00f1ar a ver cine y fomentar su uso como una herramienta m\u00e1s en el aprendizaje es el fin que buscan las Jornadas de Cine y Escuela que se celebran desde ma\u00f1ana en Zaragoza. Promovidas por el Departamento de Educaci\u00f3n, Cultura y Deporte y organizadas por el CIFE Juan de Lanuza, tendr\u00e1n lugar en el Auditorio\" \/>\n\t<meta name=\"robots\" content=\"max-image-preview:large\" \/>\n\t<meta name=\"author\" content=\"El Digital de Asturias\"\/>\n\t<meta name=\"google-site-verification\" content=\"UA-38556648-1\" \/>\n\t<meta name=\"msvalidate.01\" content=\"7dfe9f3f1b24437ab69f4f2559babe99\" \/>\n\t<meta name=\"keywords\" content=\"actualidad\" \/>\n\t<link rel=\"canonical\" href=\"https:\/\/www.eldigitaldeasturias.com\/noticias\/jornadas-cine-y-escuela-en-zaragoza\/\" \/>\n\t<meta name=\"generator\" content=\"All in One SEO Pro (AIOSEO) 5.0.1\" \/>\n\t\t<meta property=\"og:locale\" content=\"es_ES\" \/>\n\t\t<meta property=\"og:site_name\" content=\"El Digital de Asturias\" \/>\n\t\t<meta property=\"og:type\" content=\"article\" \/>\n\t\t<meta property=\"og:title\" content=\"Jornadas \u00abCine y Escuela\u00bb en Zaragoza - El Digital de Asturias\" \/>\n\t\t<meta property=\"og:description\" content=\"Ense\u00f1ar a ver cine y fomentar su uso como una herramienta m\u00e1s en el aprendizaje es el fin que buscan las Jornadas de Cine y Escuela que se celebran desde ma\u00f1ana en Zaragoza. Promovidas por el Departamento de Educaci\u00f3n, Cultura y Deporte y organizadas por el CIFE Juan de Lanuza, tendr\u00e1n lugar en el Auditorio\" \/>\n\t\t<meta property=\"og:url\" content=\"https:\/\/www.eldigitaldeasturias.com\/noticias\/jornadas-cine-y-escuela-en-zaragoza\/\" \/>\n\t\t<meta property=\"article:tag\" content=\"actualidad\" \/>\n\t\t<meta property=\"article:published_time\" content=\"2018-05-07T21:17:57+00:00\" \/>\n\t\t<meta property=\"article:modified_time\" content=\"2018-05-07T21:17:57+00:00\" \/>\n\t\t<meta property=\"article:publisher\" content=\"https:\/\/facebook.com\/eldigitaldeasturias\" \/>\n\t\t<meta name=\"twitter:card\" content=\"summary_large_image\" \/>\n\t\t<meta name=\"twitter:title\" content=\"Jornadas \u00abCine y Escuela\u00bb en Zaragoza - El Digital de Asturias\" \/>\n\t\t<meta name=\"twitter:description\" content=\"Ense\u00f1ar a ver cine y fomentar su uso como una herramienta m\u00e1s en el aprendizaje es el fin que buscan las Jornadas de Cine y Escuela que se celebran desde ma\u00f1ana en Zaragoza. Promovidas por el Departamento de Educaci\u00f3n, Cultura y Deporte y organizadas por el CIFE Juan de Lanuza, tendr\u00e1n lugar en el Auditorio\" \/>\n\t\t<meta name=\"twitter:image\" content=\"https:\/\/www.eldigitaldeasturias.com\/noticias\/wp-content\/uploads\/2020\/12\/EDA-1.jpg\" \/>\n\t\t<meta name=\"twitter:label1\" content=\"Escrito por\" \/>\n\t\t<meta name=\"twitter:data1\" content=\"El Digital de Asturias\" \/>\n\t\t<meta name=\"twitter:label2\" content=\"Tiempo de lectura estimado\" \/>\n\t\t<meta name=\"twitter:data2\" content=\"3 minutos\" \/>\n\t\t<script type=\"application\/ld+json\" class=\"aioseo-schema\">\n\t\t\t{\"@context\":\"https:\\\/\\\/schema.org\",\"@graph\":[{\"@type\":\"BlogPosting\",\"@id\":\"https:\\\/\\\/www.eldigitaldeasturias.com\\\/noticias\\\/jornadas-cine-y-escuela-en-zaragoza\\\/#blogposting\",\"name\":\"Jornadas \\u00abCine y Escuela\\u00bb en Zaragoza - El Digital de Asturias\",\"headline\":\"Jornadas \\u00abCine y Escuela\\u00bb en Zaragoza\",\"author\":{\"@id\":\"https:\\\/\\\/www.eldigitaldeasturias.com\\\/noticias\\\/author\\\/admin\\\/#author\"},\"publisher\":{\"@id\":\"https:\\\/\\\/www.eldigitaldeasturias.com\\\/noticias\\\/#organization\"},\"image\":{\"@type\":\"ImageObject\",\"url\":979427},\"datePublished\":\"2018-05-07T21:17:57+02:00\",\"dateModified\":\"2018-05-07T21:17:57+02:00\",\"inLanguage\":\"es-ES\",\"mainEntityOfPage\":{\"@id\":\"https:\\\/\\\/www.eldigitaldeasturias.com\\\/noticias\\\/jornadas-cine-y-escuela-en-zaragoza\\\/#webpage\"},\"isPartOf\":{\"@id\":\"https:\\\/\\\/www.eldigitaldeasturias.com\\\/noticias\\\/jornadas-cine-y-escuela-en-zaragoza\\\/#webpage\"},\"articleSection\":\"Actualidad\"},{\"@type\":\"BreadcrumbList\",\"@id\":\"https:\\\/\\\/www.eldigitaldeasturias.com\\\/noticias\\\/jornadas-cine-y-escuela-en-zaragoza\\\/#breadcrumblist\",\"itemListElement\":[{\"@type\":\"ListItem\",\"@id\":\"https:\\\/\\\/www.eldigitaldeasturias.com\\\/noticias#listItem\",\"position\":1,\"name\":\"Home\",\"item\":\"https:\\\/\\\/www.eldigitaldeasturias.com\\\/noticias\",\"nextItem\":{\"@type\":\"ListItem\",\"@id\":\"https:\\\/\\\/www.eldigitaldeasturias.com\\\/noticias\\\/category\\\/actualidad\\\/#listItem\",\"name\":\"Actualidad\"}},{\"@type\":\"ListItem\",\"@id\":\"https:\\\/\\\/www.eldigitaldeasturias.com\\\/noticias\\\/category\\\/actualidad\\\/#listItem\",\"position\":2,\"name\":\"Actualidad\",\"item\":\"https:\\\/\\\/www.eldigitaldeasturias.com\\\/noticias\\\/category\\\/actualidad\\\/\",\"nextItem\":{\"@type\":\"ListItem\",\"@id\":\"https:\\\/\\\/www.eldigitaldeasturias.com\\\/noticias\\\/jornadas-cine-y-escuela-en-zaragoza\\\/#listItem\",\"name\":\"Jornadas \\u00abCine y Escuela\\u00bb en Zaragoza\"},\"previousItem\":{\"@type\":\"ListItem\",\"@id\":\"https:\\\/\\\/www.eldigitaldeasturias.com\\\/noticias#listItem\",\"name\":\"Home\"}},{\"@type\":\"ListItem\",\"@id\":\"https:\\\/\\\/www.eldigitaldeasturias.com\\\/noticias\\\/jornadas-cine-y-escuela-en-zaragoza\\\/#listItem\",\"position\":3,\"name\":\"Jornadas \\u00abCine y Escuela\\u00bb en Zaragoza\",\"previousItem\":{\"@type\":\"ListItem\",\"@id\":\"https:\\\/\\\/www.eldigitaldeasturias.com\\\/noticias\\\/category\\\/actualidad\\\/#listItem\",\"name\":\"Actualidad\"}}]},{\"@type\":\"Organization\",\"@id\":\"https:\\\/\\\/www.eldigitaldeasturias.com\\\/noticias\\\/#organization\",\"name\":\"El Digital de Asturias\",\"description\":\"Hemeroteca\",\"url\":\"https:\\\/\\\/www.eldigitaldeasturias.com\\\/noticias\\\/\",\"email\":\"info@eldigitaldeasturias.com\",\"telephone\":\"+34652131393\",\"logo\":{\"@type\":\"ImageObject\",\"url\":\"https:\\\/\\\/www.eldigitaldeasturias.com\\\/noticias\\\/wp-content\\\/uploads\\\/2020\\\/12\\\/EDA.jpg\",\"@id\":\"https:\\\/\\\/www.eldigitaldeasturias.com\\\/noticias\\\/jornadas-cine-y-escuela-en-zaragoza\\\/#organizationLogo\"},\"image\":{\"@id\":\"https:\\\/\\\/www.eldigitaldeasturias.com\\\/noticias\\\/jornadas-cine-y-escuela-en-zaragoza\\\/#organizationLogo\"},\"sameAs\":[\"https:\\\/\\\/facebook.com\\\/eldigitaldeasturias\",\"https:\\\/\\\/www.youtube.com\\\/channel\\\/UCZP-2wLEB9Rv6erhFmqVnvg\"],\"address\":{\"@id\":\"https:\\\/\\\/www.eldigitaldeasturias.com\\\/noticias\\\/#postaladdress\",\"@type\":\"PostalAddress\",\"streetAddress\":\"san antonio 4\",\"postalCode\":\"33430\",\"addressLocality\":\"Cand\\u00e1s\",\"addressRegion\":\"Asturias\",\"addressCountry\":\"ES\"}},{\"@type\":\"Person\",\"@id\":\"https:\\\/\\\/www.eldigitaldeasturias.com\\\/noticias\\\/author\\\/admin\\\/#author\",\"url\":\"https:\\\/\\\/www.eldigitaldeasturias.com\\\/noticias\\\/author\\\/admin\\\/\",\"name\":\"El Digital de Asturias\",\"image\":{\"@type\":\"ImageObject\",\"@id\":\"https:\\\/\\\/www.eldigitaldeasturias.com\\\/noticias\\\/jornadas-cine-y-escuela-en-zaragoza\\\/#authorImage\",\"url\":\"https:\\\/\\\/secure.gravatar.com\\\/avatar\\\/df2aeffc32bcd13f8d26072ef8a91b623d677766deac7f97ca815868cd41bf5e?s=96&d=mm&r=g\",\"width\":96,\"height\":96,\"caption\":\"El Digital de Asturias\"}},{\"@type\":\"WebPage\",\"@id\":\"https:\\\/\\\/www.eldigitaldeasturias.com\\\/noticias\\\/jornadas-cine-y-escuela-en-zaragoza\\\/#webpage\",\"url\":\"https:\\\/\\\/www.eldigitaldeasturias.com\\\/noticias\\\/jornadas-cine-y-escuela-en-zaragoza\\\/\",\"name\":\"Jornadas \\u00abCine y Escuela\\u00bb en Zaragoza - El Digital de Asturias\",\"description\":\"Ense\\u00f1ar a ver cine y fomentar su uso como una herramienta m\\u00e1s en el aprendizaje es el fin que buscan las Jornadas de Cine y Escuela que se celebran desde ma\\u00f1ana en Zaragoza. Promovidas por el Departamento de Educaci\\u00f3n, Cultura y Deporte y organizadas por el CIFE Juan de Lanuza, tendr\\u00e1n lugar en el Auditorio\",\"inLanguage\":\"es-ES\",\"isPartOf\":{\"@id\":\"https:\\\/\\\/www.eldigitaldeasturias.com\\\/noticias\\\/#website\"},\"breadcrumb\":{\"@id\":\"https:\\\/\\\/www.eldigitaldeasturias.com\\\/noticias\\\/jornadas-cine-y-escuela-en-zaragoza\\\/#breadcrumblist\"},\"author\":{\"@id\":\"https:\\\/\\\/www.eldigitaldeasturias.com\\\/noticias\\\/author\\\/admin\\\/#author\"},\"creator\":{\"@id\":\"https:\\\/\\\/www.eldigitaldeasturias.com\\\/noticias\\\/author\\\/admin\\\/#author\"},\"image\":{\"@type\":\"ImageObject\",\"url\":979427,\"@id\":\"https:\\\/\\\/www.eldigitaldeasturias.com\\\/noticias\\\/jornadas-cine-y-escuela-en-zaragoza\\\/#mainImage\"},\"primaryImageOfPage\":{\"@id\":\"https:\\\/\\\/www.eldigitaldeasturias.com\\\/noticias\\\/jornadas-cine-y-escuela-en-zaragoza\\\/#mainImage\"},\"datePublished\":\"2018-05-07T21:17:57+02:00\",\"dateModified\":\"2018-05-07T21:17:57+02:00\"},{\"@type\":\"WebSite\",\"@id\":\"https:\\\/\\\/www.eldigitaldeasturias.com\\\/noticias\\\/#website\",\"url\":\"https:\\\/\\\/www.eldigitaldeasturias.com\\\/noticias\\\/\",\"name\":\"El Digital de Asturias - Diario de actualidad y noticias\",\"alternateName\":\"El Digital de Asturias - Diario de actualidad y noticias\",\"description\":\"Hemeroteca\",\"inLanguage\":\"es-ES\",\"publisher\":{\"@id\":\"https:\\\/\\\/www.eldigitaldeasturias.com\\\/noticias\\\/#organization\"}}]}\n\t\t<\/script>\n\t\t<!-- All in One SEO Pro -->\r\n\t\t<title>Jornadas \u00abCine y Escuela\u00bb en Zaragoza - El Digital de Asturias<\/title>\n\n","aioseo_head_json":{"title":"Jornadas \u00abCine y Escuela\u00bb en Zaragoza - El Digital de Asturias","description":"Ense\u00f1ar a ver cine y fomentar su uso como una herramienta m\u00e1s en el aprendizaje es el fin que buscan las Jornadas de Cine y Escuela que se celebran desde ma\u00f1ana en Zaragoza. Promovidas por el Departamento de Educaci\u00f3n, Cultura y Deporte y organizadas por el CIFE Juan de Lanuza, tendr\u00e1n lugar en el Auditorio","canonical_url":"https:\/\/www.eldigitaldeasturias.com\/noticias\/jornadas-cine-y-escuela-en-zaragoza\/","robots":"max-image-preview:large","keywords":"actualidad","webmasterTools":{"google-site-verification":"UA-38556648-1","msvalidate.01":"7dfe9f3f1b24437ab69f4f2559babe99","miscellaneous":""},"schema":{"@context":"https:\/\/schema.org","@graph":[{"@type":"BlogPosting","@id":"https:\/\/www.eldigitaldeasturias.com\/noticias\/jornadas-cine-y-escuela-en-zaragoza\/#blogposting","name":"Jornadas \u00abCine y Escuela\u00bb en Zaragoza - El Digital de Asturias","headline":"Jornadas \u00abCine y Escuela\u00bb en Zaragoza","author":{"@id":"https:\/\/www.eldigitaldeasturias.com\/noticias\/author\/admin\/#author"},"publisher":{"@id":"https:\/\/www.eldigitaldeasturias.com\/noticias\/#organization"},"image":{"@type":"ImageObject","url":979427},"datePublished":"2018-05-07T21:17:57+02:00","dateModified":"2018-05-07T21:17:57+02:00","inLanguage":"es-ES","mainEntityOfPage":{"@id":"https:\/\/www.eldigitaldeasturias.com\/noticias\/jornadas-cine-y-escuela-en-zaragoza\/#webpage"},"isPartOf":{"@id":"https:\/\/www.eldigitaldeasturias.com\/noticias\/jornadas-cine-y-escuela-en-zaragoza\/#webpage"},"articleSection":"Actualidad"},{"@type":"BreadcrumbList","@id":"https:\/\/www.eldigitaldeasturias.com\/noticias\/jornadas-cine-y-escuela-en-zaragoza\/#breadcrumblist","itemListElement":[{"@type":"ListItem","@id":"https:\/\/www.eldigitaldeasturias.com\/noticias#listItem","position":1,"name":"Home","item":"https:\/\/www.eldigitaldeasturias.com\/noticias","nextItem":{"@type":"ListItem","@id":"https:\/\/www.eldigitaldeasturias.com\/noticias\/category\/actualidad\/#listItem","name":"Actualidad"}},{"@type":"ListItem","@id":"https:\/\/www.eldigitaldeasturias.com\/noticias\/category\/actualidad\/#listItem","position":2,"name":"Actualidad","item":"https:\/\/www.eldigitaldeasturias.com\/noticias\/category\/actualidad\/","nextItem":{"@type":"ListItem","@id":"https:\/\/www.eldigitaldeasturias.com\/noticias\/jornadas-cine-y-escuela-en-zaragoza\/#listItem","name":"Jornadas \u00abCine y Escuela\u00bb en Zaragoza"},"previousItem":{"@type":"ListItem","@id":"https:\/\/www.eldigitaldeasturias.com\/noticias#listItem","name":"Home"}},{"@type":"ListItem","@id":"https:\/\/www.eldigitaldeasturias.com\/noticias\/jornadas-cine-y-escuela-en-zaragoza\/#listItem","position":3,"name":"Jornadas \u00abCine y Escuela\u00bb en Zaragoza","previousItem":{"@type":"ListItem","@id":"https:\/\/www.eldigitaldeasturias.com\/noticias\/category\/actualidad\/#listItem","name":"Actualidad"}}]},{"@type":"Organization","@id":"https:\/\/www.eldigitaldeasturias.com\/noticias\/#organization","name":"El Digital de Asturias","description":"Hemeroteca","url":"https:\/\/www.eldigitaldeasturias.com\/noticias\/","email":"info@eldigitaldeasturias.com","telephone":"+34652131393","logo":{"@type":"ImageObject","url":"https:\/\/www.eldigitaldeasturias.com\/noticias\/wp-content\/uploads\/2020\/12\/EDA.jpg","@id":"https:\/\/www.eldigitaldeasturias.com\/noticias\/jornadas-cine-y-escuela-en-zaragoza\/#organizationLogo"},"image":{"@id":"https:\/\/www.eldigitaldeasturias.com\/noticias\/jornadas-cine-y-escuela-en-zaragoza\/#organizationLogo"},"sameAs":["https:\/\/facebook.com\/eldigitaldeasturias","https:\/\/www.youtube.com\/channel\/UCZP-2wLEB9Rv6erhFmqVnvg"],"address":{"@id":"https:\/\/www.eldigitaldeasturias.com\/noticias\/#postaladdress","@type":"PostalAddress","streetAddress":"san antonio 4","postalCode":"33430","addressLocality":"Cand\u00e1s","addressRegion":"Asturias","addressCountry":"ES"}},{"@type":"Person","@id":"https:\/\/www.eldigitaldeasturias.com\/noticias\/author\/admin\/#author","url":"https:\/\/www.eldigitaldeasturias.com\/noticias\/author\/admin\/","name":"El Digital de Asturias","image":{"@type":"ImageObject","@id":"https:\/\/www.eldigitaldeasturias.com\/noticias\/jornadas-cine-y-escuela-en-zaragoza\/#authorImage","url":"https:\/\/secure.gravatar.com\/avatar\/df2aeffc32bcd13f8d26072ef8a91b623d677766deac7f97ca815868cd41bf5e?s=96&d=mm&r=g","width":96,"height":96,"caption":"El Digital de Asturias"}},{"@type":"WebPage","@id":"https:\/\/www.eldigitaldeasturias.com\/noticias\/jornadas-cine-y-escuela-en-zaragoza\/#webpage","url":"https:\/\/www.eldigitaldeasturias.com\/noticias\/jornadas-cine-y-escuela-en-zaragoza\/","name":"Jornadas \u00abCine y Escuela\u00bb en Zaragoza - El Digital de Asturias","description":"Ense\u00f1ar a ver cine y fomentar su uso como una herramienta m\u00e1s en el aprendizaje es el fin que buscan las Jornadas de Cine y Escuela que se celebran desde ma\u00f1ana en Zaragoza. Promovidas por el Departamento de Educaci\u00f3n, Cultura y Deporte y organizadas por el CIFE Juan de Lanuza, tendr\u00e1n lugar en el Auditorio","inLanguage":"es-ES","isPartOf":{"@id":"https:\/\/www.eldigitaldeasturias.com\/noticias\/#website"},"breadcrumb":{"@id":"https:\/\/www.eldigitaldeasturias.com\/noticias\/jornadas-cine-y-escuela-en-zaragoza\/#breadcrumblist"},"author":{"@id":"https:\/\/www.eldigitaldeasturias.com\/noticias\/author\/admin\/#author"},"creator":{"@id":"https:\/\/www.eldigitaldeasturias.com\/noticias\/author\/admin\/#author"},"image":{"@type":"ImageObject","url":979427,"@id":"https:\/\/www.eldigitaldeasturias.com\/noticias\/jornadas-cine-y-escuela-en-zaragoza\/#mainImage"},"primaryImageOfPage":{"@id":"https:\/\/www.eldigitaldeasturias.com\/noticias\/jornadas-cine-y-escuela-en-zaragoza\/#mainImage"},"datePublished":"2018-05-07T21:17:57+02:00","dateModified":"2018-05-07T21:17:57+02:00"},{"@type":"WebSite","@id":"https:\/\/www.eldigitaldeasturias.com\/noticias\/#website","url":"https:\/\/www.eldigitaldeasturias.com\/noticias\/","name":"El Digital de Asturias - Diario de actualidad y noticias","alternateName":"El Digital de Asturias - Diario de actualidad y noticias","description":"Hemeroteca","inLanguage":"es-ES","publisher":{"@id":"https:\/\/www.eldigitaldeasturias.com\/noticias\/#organization"}}]},"og:locale":"es_ES","og:site_name":"El Digital de Asturias","og:type":"article","og:title":"Jornadas \u00abCine y Escuela\u00bb en Zaragoza - El Digital de Asturias","og:description":"Ense\u00f1ar a ver cine y fomentar su uso como una herramienta m\u00e1s en el aprendizaje es el fin que buscan las Jornadas de Cine y Escuela que se celebran desde ma\u00f1ana en Zaragoza. Promovidas por el Departamento de Educaci\u00f3n, Cultura y Deporte y organizadas por el CIFE Juan de Lanuza, tendr\u00e1n lugar en el Auditorio","og:url":"https:\/\/www.eldigitaldeasturias.com\/noticias\/jornadas-cine-y-escuela-en-zaragoza\/","article:tag":["actualidad"],"article:published_time":"2018-05-07T21:17:57+00:00","article:modified_time":"2018-05-07T21:17:57+00:00","article:publisher":"https:\/\/facebook.com\/eldigitaldeasturias","twitter:card":"summary_large_image","twitter:title":"Jornadas \u00abCine y Escuela\u00bb en Zaragoza - El Digital de Asturias","twitter:description":"Ense\u00f1ar a ver cine y fomentar su uso como una herramienta m\u00e1s en el aprendizaje es el fin que buscan las Jornadas de Cine y Escuela que se celebran desde ma\u00f1ana en Zaragoza. Promovidas por el Departamento de Educaci\u00f3n, Cultura y Deporte y organizadas por el CIFE Juan de Lanuza, tendr\u00e1n lugar en el Auditorio","twitter:image":"https:\/\/www.eldigitaldeasturias.com\/noticias\/wp-content\/uploads\/2020\/12\/EDA-1.jpg","twitter:label1":"Escrito por","twitter:data1":"El Digital de Asturias","twitter:label2":"Tiempo de lectura estimado","twitter:data2":"3 minutos"},"aioseo_meta_data":{"post_id":"979426","title":null,"description":null,"keywords":null,"keyphrases":null,"primary_term":null,"canonical_url":null,"og_title":null,"og_description":null,"og_object_type":"default","og_image_type":"default","og_image_url":null,"og_image_width":null,"og_image_height":null,"og_image_custom_url":null,"og_image_custom_fields":null,"og_video":null,"og_custom_url":null,"og_article_section":null,"og_article_tags":null,"twitter_use_og":false,"twitter_card":"default","twitter_image_type":"default","twitter_image_url":null,"twitter_image_custom_url":null,"twitter_image_custom_fields":null,"twitter_title":null,"twitter_description":null,"schema":{"blockGraphs":[],"customGraphs":[],"default":{"data":{"Article":[],"Course":[],"Dataset":[],"FAQPage":[],"Movie":[],"Person":[],"Product":[],"ProductReview":[],"Car":[],"Recipe":[],"Service":[],"SoftwareApplication":[],"WebPage":[]},"graphName":"","isEnabled":true},"graphs":[],"defaultGraph":"","defaultPostTypeGraph":""},"schema_type":null,"schema_type_options":null,"pillar_content":false,"robots_default":true,"robots_noindex":false,"robots_noarchive":false,"robots_nosnippet":false,"robots_nofollow":false,"robots_noimageindex":false,"robots_noodp":false,"robots_notranslate":false,"robots_max_snippet":null,"robots_max_videopreview":null,"robots_max_imagepreview":"large","priority":null,"frequency":null,"local_seo":null,"seo_analyzer_scan_date":"2025-10-08 14:17:43","breadcrumb_settings":null,"limit_modified_date":false,"open_ai":null,"ai":null,"created":"2020-12-21 11:59:38","updated":"2025-10-08 14:17:43","focus_keyword":null,"additional_keywords":null,"truseo_locale":null},"aioseo_breadcrumb":"<div class=\"aioseo-breadcrumbs\"><span class=\"aioseo-breadcrumb\">\n\t<a href=\"https:\/\/www.eldigitaldeasturias.com\/noticias\" title=\"Home\">Home<\/a>\n<\/span><span class=\"aioseo-breadcrumb-separator\">\u2013<\/span><span class=\"aioseo-breadcrumb\">\n\t<a href=\"https:\/\/www.eldigitaldeasturias.com\/noticias\/category\/actualidad\/\" title=\"Actualidad\">Actualidad<\/a>\n<\/span><span class=\"aioseo-breadcrumb-separator\">\u2013<\/span><span class=\"aioseo-breadcrumb\">\n\t<a href=\"https:\/\/www.eldigitaldeasturias.com\/noticias\/jornadas-cine-y-escuela-en-zaragoza\/\" title=\"Jornadas \u00abCine y Escuela\u00bb en Zaragoza\">Jornadas \u00abCine y Escuela\u00bb en Zaragoza<\/a>\n<\/span><\/div>","aioseo_breadcrumb_json":[{"label":"Home","link":"https:\/\/www.eldigitaldeasturias.com\/noticias"},{"label":"Actualidad","link":"https:\/\/www.eldigitaldeasturias.com\/noticias\/category\/actualidad\/"},{"label":"Jornadas \u00abCine y Escuela\u00bb en Zaragoza","link":"https:\/\/www.eldigitaldeasturias.com\/noticias\/jornadas-cine-y-escuela-en-zaragoza\/"}],"_links":{"self":[{"href":"https:\/\/www.eldigitaldeasturias.com\/noticias\/wp-json\/wp\/v2\/posts\/979426","targetHints":{"allow":["GET"]}}],"collection":[{"href":"https:\/\/www.eldigitaldeasturias.com\/noticias\/wp-json\/wp\/v2\/posts"}],"about":[{"href":"https:\/\/www.eldigitaldeasturias.com\/noticias\/wp-json\/wp\/v2\/types\/post"}],"author":[{"embeddable":true,"href":"https:\/\/www.eldigitaldeasturias.com\/noticias\/wp-json\/wp\/v2\/users\/1"}],"replies":[{"embeddable":true,"href":"https:\/\/www.eldigitaldeasturias.com\/noticias\/wp-json\/wp\/v2\/comments?post=979426"}],"version-history":[{"count":0,"href":"https:\/\/www.eldigitaldeasturias.com\/noticias\/wp-json\/wp\/v2\/posts\/979426\/revisions"}],"wp:attachment":[{"href":"https:\/\/www.eldigitaldeasturias.com\/noticias\/wp-json\/wp\/v2\/media?parent=979426"}],"wp:term":[{"taxonomy":"category","embeddable":true,"href":"https:\/\/www.eldigitaldeasturias.com\/noticias\/wp-json\/wp\/v2\/categories?post=979426"},{"taxonomy":"post_tag","embeddable":true,"href":"https:\/\/www.eldigitaldeasturias.com\/noticias\/wp-json\/wp\/v2\/tags?post=979426"}],"curies":[{"name":"wp","href":"https:\/\/api.w.org\/{rel}","templated":true}]}}