{"id":979416,"date":"2018-05-07T19:53:26","date_gmt":"2018-05-07T19:53:26","guid":{"rendered":"http:\/\/www.eldigitaldeasturias.com\/noticias\/?p=979416"},"modified":"2018-05-07T19:53:26","modified_gmt":"2018-05-07T19:53:26","slug":"jose-luis-abalos-garrido-es-mas-de-lo-mismo","status":"publish","type":"post","link":"https:\/\/www.eldigitaldeasturias.com\/noticias\/jose-luis-abalos-garrido-es-mas-de-lo-mismo\/","title":{"rendered":"Jos\u00e9 Luis \u00c1balos: \u00abGarrido es m\u00e1s de lo mismo\u00bb"},"content":{"rendered":"<p><img loading=\"lazy\" decoding=\"async\" class=\"alignleft size-medium wp-image-975948\" src=\"https:\/\/www.eldigitaldeasturias.com\/noticias\/wp-content\/uploads\/2018\/04\/\u00c4balos-rueda-prensa-1024x475-360x167.jpeg\" alt=\"\" width=\"360\" height=\"167\" \/>El secretario de Organizaci\u00f3n, Jos\u00e9 Luis \u00c1balos, se ha referido a la designaci\u00f3n de \u00c1ngel Garrido como candidato del PP a la presidencia de la CAM y ha se\u00f1alado que \u201ces m\u00e1s de lo mismo\u201d, de \u201cla misma escuela que Cifuentes\u201d, por lo que \u201ca\u00fan hay m\u00e1s motivo\u201d para instar a Ciudadanos a que no le d\u00e9 su apoyo, ni se convierta en \u201cel verdadero responsable\u201d de que la investidura salga adelante.<\/p>\n<p>\u201cCiudadanos, que intenta no comprometerse y que ha apelado a la regeneraci\u00f3n y al cambio, que dice que quiere centrarse para 2019 en un proyecto limpio, nos condena mientras tanto a que tengamos un proyecto sucio\u201d, ha lamentado \u00c1balos, quien ha insistido en que \u201csolamente le pedimos que no apoye al PP\u201d.<\/p>\n<p>En rueda de prensa en la sede de Ferraz, el secretario de Organizaci\u00f3n ha subrayado que la elecci\u00f3n de Garrido implica \u201cseguir en la misma estela\u201d y \u201ceso es justamente lo que Madrid no se puede permitir\u201d. En toda la gesti\u00f3n del \u2018caso Cifuentes\u2019, ya vimos \u201clo que dijo, c\u00f3mo encubri\u00f3 la cuesti\u00f3n\u201d y form\u00f3 \u201cparte de la propia operaci\u00f3n\u201d, por lo que su designaci\u00f3n no supone \u201cning\u00fan cambio\u201d.<\/p>\n<p>Adem\u00e1s, Garrido \u201ces de la cultura negacionista\u201d porque \u201clleg\u00f3 a afirmar que en la Comunidad de Madrid no exist\u00eda ning\u00fan caso de corrupci\u00f3n\u201d, y si \u201cno admite el gran problema de Madrid, imagino que muy apegado a la realidad no est\u00e1\u201d, a\u00f1adi\u00f3 \u00c1balos, quien tambi\u00e9n ha recordado que \u00c1ngel Garrido ha sido presidente del Canal de Isabel II, un organismo que se ha visto salpicado por los casos de corrupci\u00f3n del PP.<\/p>\n<p>Por ello, el dirigente socialista se pregunt\u00f3 \u201chasta cu\u00e1ndo va a seguir Ciudadanos apoyando al PP\u201d y \u201cqu\u00e9 es lo que necesita para dejar de ser comparsa del PP\u201d. En este sentido, insisti\u00f3 en que \u201ca d\u00eda de hoy hay un candidato, que es \u00c1ngel Gabilondo, que cuenta con el apoyo de un mill\u00f3n cuatrocientos mil votos, mientras que el candidato del PP tiene poco m\u00e1s de 1 mill\u00f3n de votos, y 64 diputados que apoyar\u00edan la opci\u00f3n de Gabilondo frente a 48 que apoyar\u00edan al candidato de G\u00e9nova\u201d.<\/p>\n<p>\u201cSobre esta situaci\u00f3n, quien tiene la responsabilidad de plantear un horizonte m\u00e1s digno para la ciudadan\u00eda que suponga regeneraci\u00f3n y cambio es Ciudadanos y por eso a Ciudadanos no le pedimos que haga nada, sino que se abstenga de apoyar al PP, que, a su juicio, era un partido podrido y en descomposici\u00f3n\u201d, dijo.<\/p>\n<p>Preguntado por si Cristina Cifuentes debe abandonar el esca\u00f1o en la Asamblea de Madrid, subray\u00f3 que \u201clo normal es que no est\u00e9. Si no puede presidir la comunidad, por los mismos motivos debe renunciar a la representaci\u00f3n ciudadana\u201d en el parlamento madrile\u00f1o.<\/p>\n<p><strong>Catalu\u00f1a<\/strong><\/p>\n<p>Respecto a la situaci\u00f3n en Catalu\u00f1a, \u00c1balos se\u00f1al\u00f3 que \u201ceste fin de semana hemos visto que Puigdemont insiste en tener un solo plan que se llama Puigdemont\u201d, \u201cque es un plan personal, de restituci\u00f3n, que pasa por asociar su futuro con el futuro de Catalu\u00f1a, y por tanto, introducir a Catalu\u00f1a en una situaci\u00f3n absolutamente inviable e intransitable\u201d.<\/p>\n<p>En su opini\u00f3n, \u201cla pol\u00edtica catalana necesita el regreso a la normalidad y esta no puede depender de la situaci\u00f3n personal de Puigdemont\u201d. As\u00ed, se pregunt\u00f3 \u201csi no hay nadie en el mundo independentista que tenga el valor para decir con claridad y en alto lo que piensan para poner en cuesti\u00f3n esta din\u00e1mica caudillista que se est\u00e1 instalando en Catalu\u00f1a y que pueda encontrar una v\u00eda de normalizaci\u00f3n que impida unas nuevas elecciones\u201d.<\/p>\n<p>\u201cEl bloque independentista tiene mayor\u00eda parlamentaria, de su capacidad est\u00e1 que tengan candidato viable y dar una respuesta\u201d, sentenci\u00f3.<\/p>\n<p><strong>Financiaci\u00f3n auton\u00f3mica<\/strong><\/p>\n<p>Respecto a la apelaci\u00f3n que hacen los presidentes auton\u00f3micos para que se negocie un nuevo modelo de financiaci\u00f3n, Jos\u00e9 Luis \u00c1balos, ha recordado que es \u201cel gobierno quien est\u00e1 incumpliendo\u201d su obligaci\u00f3n, ya que hace cuatro a\u00f1os que tendr\u00eda que haberse renovado. Un incumplimiento que tambi\u00e9n se da cuando el Ejecutivo ha marcado plazos a su compromiso de presentaci\u00f3n de una propuesta.<\/p>\n<p>En su opini\u00f3n, el Gobierno debe llevar adelante esa iniciativa \u201ccon independencia de la situaci\u00f3n en Catalu\u00f1a\u201d, que utiliza como una \u201cexcusa\u201d, pues \u201cest\u00e1n en condiciones de hacerlo\u201d, y ha lamentado que el retraso de ese debate sobre la financiaci\u00f3n auton\u00f3mica est\u00e9 \u201cafectando al conjunto de la CCAA que no pueden seguir soportando esta indolencia y falta de compromiso, pues estamos hablando de la financiaci\u00f3n de los servicios p\u00fablicos, que tienen verdaderos problemas\u201d.<\/p>\n<p><strong>Apoyo a los bomberos sevillanos<\/strong><\/p>\n<p>Durante su comparecencia, \u00c1balos quiso trasladar el apoyo de la direcci\u00f3n del PSOE a 3 los bomberos sevillanos que hoy est\u00e1n siendo juzgados en Grecia, acusados de un delito de tr\u00e1fico de inmigrantes, dejando claro que \u201chace falta otra pol\u00edtica migratoria en Europa y, por supuesto, que salvar vidas no puede constituir nunca delito\u201d.<\/p>\n","protected":false},"excerpt":{"rendered":"<p>El secretario de Organizaci\u00f3n, Jos\u00e9 Luis \u00c1balos, se ha referido a la designaci\u00f3n de \u00c1ngel Garrido como candidato del PP a la presidencia de la CAM y ha se\u00f1alado que \u201ces m\u00e1s de lo mismo\u201d, de \u201cla misma escuela que Cifuentes\u201d, por lo que \u201ca\u00fan hay m\u00e1s motivo\u201d para instar a Ciudadanos a que no [&hellip;]<\/p>\n","protected":false},"author":1,"featured_media":975948,"comment_status":"closed","ping_status":"closed","sticky":false,"template":"","format":"standard","meta":{"footnotes":""},"categories":[1],"tags":[],"class_list":["post-979416","post","type-post","status-publish","format-standard","has-post-thumbnail","hentry","category-actualidad"],"aioseo_notices":[],"aioseo_head":"\n\t\t<!-- All in One SEO Pro 5.0.1 - aioseo.com -->\n\t<meta name=\"description\" content=\"El secretario de Organizaci\u00f3n, Jos\u00e9 Luis \u00c1balos, se ha referido a la designaci\u00f3n de \u00c1ngel Garrido como candidato del PP a la presidencia de la CAM y ha se\u00f1alado que \u201ces m\u00e1s de lo mismo\u201d, de \u201cla misma escuela que Cifuentes\u201d, por lo que \u201ca\u00fan hay m\u00e1s motivo\u201d para instar a Ciudadanos a que no\" \/>\n\t<meta name=\"robots\" content=\"max-image-preview:large\" \/>\n\t<meta name=\"author\" content=\"El Digital de Asturias\"\/>\n\t<meta name=\"google-site-verification\" content=\"UA-38556648-1\" \/>\n\t<meta name=\"msvalidate.01\" content=\"7dfe9f3f1b24437ab69f4f2559babe99\" \/>\n\t<meta name=\"keywords\" content=\"actualidad\" \/>\n\t<link rel=\"canonical\" href=\"https:\/\/www.eldigitaldeasturias.com\/noticias\/jose-luis-abalos-garrido-es-mas-de-lo-mismo\/\" \/>\n\t<meta name=\"generator\" content=\"All in One SEO Pro (AIOSEO) 5.0.1\" \/>\n\t\t<meta property=\"og:locale\" content=\"es_ES\" \/>\n\t\t<meta property=\"og:site_name\" content=\"El Digital de Asturias\" \/>\n\t\t<meta property=\"og:type\" content=\"article\" \/>\n\t\t<meta property=\"og:title\" content=\"Jos\u00e9 Luis \u00c1balos: \u00abGarrido es m\u00e1s de lo mismo\u00bb - El Digital de Asturias\" \/>\n\t\t<meta property=\"og:description\" content=\"El secretario de Organizaci\u00f3n, Jos\u00e9 Luis \u00c1balos, se ha referido a la designaci\u00f3n de \u00c1ngel Garrido como candidato del PP a la presidencia de la CAM y ha se\u00f1alado que \u201ces m\u00e1s de lo mismo\u201d, de \u201cla misma escuela que Cifuentes\u201d, por lo que \u201ca\u00fan hay m\u00e1s motivo\u201d para instar a Ciudadanos a que no\" \/>\n\t\t<meta property=\"og:url\" content=\"https:\/\/www.eldigitaldeasturias.com\/noticias\/jose-luis-abalos-garrido-es-mas-de-lo-mismo\/\" \/>\n\t\t<meta property=\"article:tag\" content=\"actualidad\" \/>\n\t\t<meta property=\"article:published_time\" content=\"2018-05-07T19:53:26+00:00\" \/>\n\t\t<meta property=\"article:modified_time\" content=\"2018-05-07T19:53:26+00:00\" \/>\n\t\t<meta property=\"article:publisher\" content=\"https:\/\/facebook.com\/eldigitaldeasturias\" \/>\n\t\t<meta name=\"twitter:card\" content=\"summary_large_image\" \/>\n\t\t<meta name=\"twitter:title\" content=\"Jos\u00e9 Luis \u00c1balos: \u00abGarrido es m\u00e1s de lo mismo\u00bb - El Digital de Asturias\" \/>\n\t\t<meta name=\"twitter:description\" content=\"El secretario de Organizaci\u00f3n, Jos\u00e9 Luis \u00c1balos, se ha referido a la designaci\u00f3n de \u00c1ngel Garrido como candidato del PP a la presidencia de la CAM y ha se\u00f1alado que \u201ces m\u00e1s de lo mismo\u201d, de \u201cla misma escuela que Cifuentes\u201d, por lo que \u201ca\u00fan hay m\u00e1s motivo\u201d para instar a Ciudadanos a que no\" \/>\n\t\t<meta name=\"twitter:image\" content=\"https:\/\/www.eldigitaldeasturias.com\/noticias\/wp-content\/uploads\/2020\/12\/EDA-1.jpg\" \/>\n\t\t<meta name=\"twitter:label1\" content=\"Escrito por\" \/>\n\t\t<meta name=\"twitter:data1\" content=\"El Digital de Asturias\" \/>\n\t\t<meta name=\"twitter:label2\" content=\"Tiempo de lectura estimado\" \/>\n\t\t<meta name=\"twitter:data2\" content=\"4 minutos\" \/>\n\t\t<script type=\"application\/ld+json\" class=\"aioseo-schema\">\n\t\t\t{\"@context\":\"https:\\\/\\\/schema.org\",\"@graph\":[{\"@type\":\"BlogPosting\",\"@id\":\"https:\\\/\\\/www.eldigitaldeasturias.com\\\/noticias\\\/jose-luis-abalos-garrido-es-mas-de-lo-mismo\\\/#blogposting\",\"name\":\"Jos\\u00e9 Luis \\u00c1balos: \\u00abGarrido es m\\u00e1s de lo mismo\\u00bb - El Digital de Asturias\",\"headline\":\"Jos\\u00e9 Luis \\u00c1balos: \\u00abGarrido es m\\u00e1s de lo mismo\\u00bb\",\"author\":{\"@id\":\"https:\\\/\\\/www.eldigitaldeasturias.com\\\/noticias\\\/author\\\/admin\\\/#author\"},\"publisher\":{\"@id\":\"https:\\\/\\\/www.eldigitaldeasturias.com\\\/noticias\\\/#organization\"},\"image\":{\"@type\":\"ImageObject\",\"url\":975948},\"datePublished\":\"2018-05-07T19:53:26+02:00\",\"dateModified\":\"2018-05-07T19:53:26+02:00\",\"inLanguage\":\"es-ES\",\"mainEntityOfPage\":{\"@id\":\"https:\\\/\\\/www.eldigitaldeasturias.com\\\/noticias\\\/jose-luis-abalos-garrido-es-mas-de-lo-mismo\\\/#webpage\"},\"isPartOf\":{\"@id\":\"https:\\\/\\\/www.eldigitaldeasturias.com\\\/noticias\\\/jose-luis-abalos-garrido-es-mas-de-lo-mismo\\\/#webpage\"},\"articleSection\":\"Actualidad\"},{\"@type\":\"BreadcrumbList\",\"@id\":\"https:\\\/\\\/www.eldigitaldeasturias.com\\\/noticias\\\/jose-luis-abalos-garrido-es-mas-de-lo-mismo\\\/#breadcrumblist\",\"itemListElement\":[{\"@type\":\"ListItem\",\"@id\":\"https:\\\/\\\/www.eldigitaldeasturias.com\\\/noticias#listItem\",\"position\":1,\"name\":\"Home\",\"item\":\"https:\\\/\\\/www.eldigitaldeasturias.com\\\/noticias\",\"nextItem\":{\"@type\":\"ListItem\",\"@id\":\"https:\\\/\\\/www.eldigitaldeasturias.com\\\/noticias\\\/category\\\/actualidad\\\/#listItem\",\"name\":\"Actualidad\"}},{\"@type\":\"ListItem\",\"@id\":\"https:\\\/\\\/www.eldigitaldeasturias.com\\\/noticias\\\/category\\\/actualidad\\\/#listItem\",\"position\":2,\"name\":\"Actualidad\",\"item\":\"https:\\\/\\\/www.eldigitaldeasturias.com\\\/noticias\\\/category\\\/actualidad\\\/\",\"nextItem\":{\"@type\":\"ListItem\",\"@id\":\"https:\\\/\\\/www.eldigitaldeasturias.com\\\/noticias\\\/jose-luis-abalos-garrido-es-mas-de-lo-mismo\\\/#listItem\",\"name\":\"Jos\\u00e9 Luis \\u00c1balos: \\u00abGarrido es m\\u00e1s de lo mismo\\u00bb\"},\"previousItem\":{\"@type\":\"ListItem\",\"@id\":\"https:\\\/\\\/www.eldigitaldeasturias.com\\\/noticias#listItem\",\"name\":\"Home\"}},{\"@type\":\"ListItem\",\"@id\":\"https:\\\/\\\/www.eldigitaldeasturias.com\\\/noticias\\\/jose-luis-abalos-garrido-es-mas-de-lo-mismo\\\/#listItem\",\"position\":3,\"name\":\"Jos\\u00e9 Luis \\u00c1balos: \\u00abGarrido es m\\u00e1s de lo mismo\\u00bb\",\"previousItem\":{\"@type\":\"ListItem\",\"@id\":\"https:\\\/\\\/www.eldigitaldeasturias.com\\\/noticias\\\/category\\\/actualidad\\\/#listItem\",\"name\":\"Actualidad\"}}]},{\"@type\":\"Organization\",\"@id\":\"https:\\\/\\\/www.eldigitaldeasturias.com\\\/noticias\\\/#organization\",\"name\":\"El Digital de Asturias\",\"description\":\"Hemeroteca\",\"url\":\"https:\\\/\\\/www.eldigitaldeasturias.com\\\/noticias\\\/\",\"email\":\"info@eldigitaldeasturias.com\",\"telephone\":\"+34652131393\",\"logo\":{\"@type\":\"ImageObject\",\"url\":\"https:\\\/\\\/www.eldigitaldeasturias.com\\\/noticias\\\/wp-content\\\/uploads\\\/2020\\\/12\\\/EDA.jpg\",\"@id\":\"https:\\\/\\\/www.eldigitaldeasturias.com\\\/noticias\\\/jose-luis-abalos-garrido-es-mas-de-lo-mismo\\\/#organizationLogo\"},\"image\":{\"@id\":\"https:\\\/\\\/www.eldigitaldeasturias.com\\\/noticias\\\/jose-luis-abalos-garrido-es-mas-de-lo-mismo\\\/#organizationLogo\"},\"sameAs\":[\"https:\\\/\\\/facebook.com\\\/eldigitaldeasturias\",\"https:\\\/\\\/www.youtube.com\\\/channel\\\/UCZP-2wLEB9Rv6erhFmqVnvg\"],\"address\":{\"@id\":\"https:\\\/\\\/www.eldigitaldeasturias.com\\\/noticias\\\/#postaladdress\",\"@type\":\"PostalAddress\",\"streetAddress\":\"san antonio 4\",\"postalCode\":\"33430\",\"addressLocality\":\"Cand\\u00e1s\",\"addressRegion\":\"Asturias\",\"addressCountry\":\"ES\"}},{\"@type\":\"Person\",\"@id\":\"https:\\\/\\\/www.eldigitaldeasturias.com\\\/noticias\\\/author\\\/admin\\\/#author\",\"url\":\"https:\\\/\\\/www.eldigitaldeasturias.com\\\/noticias\\\/author\\\/admin\\\/\",\"name\":\"El Digital de Asturias\",\"image\":{\"@type\":\"ImageObject\",\"@id\":\"https:\\\/\\\/www.eldigitaldeasturias.com\\\/noticias\\\/jose-luis-abalos-garrido-es-mas-de-lo-mismo\\\/#authorImage\",\"url\":\"https:\\\/\\\/secure.gravatar.com\\\/avatar\\\/df2aeffc32bcd13f8d26072ef8a91b623d677766deac7f97ca815868cd41bf5e?s=96&d=mm&r=g\",\"width\":96,\"height\":96,\"caption\":\"El Digital de Asturias\"}},{\"@type\":\"WebPage\",\"@id\":\"https:\\\/\\\/www.eldigitaldeasturias.com\\\/noticias\\\/jose-luis-abalos-garrido-es-mas-de-lo-mismo\\\/#webpage\",\"url\":\"https:\\\/\\\/www.eldigitaldeasturias.com\\\/noticias\\\/jose-luis-abalos-garrido-es-mas-de-lo-mismo\\\/\",\"name\":\"Jos\\u00e9 Luis \\u00c1balos: \\u00abGarrido es m\\u00e1s de lo mismo\\u00bb - El Digital de Asturias\",\"description\":\"El secretario de Organizaci\\u00f3n, Jos\\u00e9 Luis \\u00c1balos, se ha referido a la designaci\\u00f3n de \\u00c1ngel Garrido como candidato del PP a la presidencia de la CAM y ha se\\u00f1alado que \\u201ces m\\u00e1s de lo mismo\\u201d, de \\u201cla misma escuela que Cifuentes\\u201d, por lo que \\u201ca\\u00fan hay m\\u00e1s motivo\\u201d para instar a Ciudadanos a que no\",\"inLanguage\":\"es-ES\",\"isPartOf\":{\"@id\":\"https:\\\/\\\/www.eldigitaldeasturias.com\\\/noticias\\\/#website\"},\"breadcrumb\":{\"@id\":\"https:\\\/\\\/www.eldigitaldeasturias.com\\\/noticias\\\/jose-luis-abalos-garrido-es-mas-de-lo-mismo\\\/#breadcrumblist\"},\"author\":{\"@id\":\"https:\\\/\\\/www.eldigitaldeasturias.com\\\/noticias\\\/author\\\/admin\\\/#author\"},\"creator\":{\"@id\":\"https:\\\/\\\/www.eldigitaldeasturias.com\\\/noticias\\\/author\\\/admin\\\/#author\"},\"image\":{\"@type\":\"ImageObject\",\"url\":975948,\"@id\":\"https:\\\/\\\/www.eldigitaldeasturias.com\\\/noticias\\\/jose-luis-abalos-garrido-es-mas-de-lo-mismo\\\/#mainImage\"},\"primaryImageOfPage\":{\"@id\":\"https:\\\/\\\/www.eldigitaldeasturias.com\\\/noticias\\\/jose-luis-abalos-garrido-es-mas-de-lo-mismo\\\/#mainImage\"},\"datePublished\":\"2018-05-07T19:53:26+02:00\",\"dateModified\":\"2018-05-07T19:53:26+02:00\"},{\"@type\":\"WebSite\",\"@id\":\"https:\\\/\\\/www.eldigitaldeasturias.com\\\/noticias\\\/#website\",\"url\":\"https:\\\/\\\/www.eldigitaldeasturias.com\\\/noticias\\\/\",\"name\":\"El Digital de Asturias - Diario de actualidad y noticias\",\"alternateName\":\"El Digital de Asturias - Diario de actualidad y noticias\",\"description\":\"Hemeroteca\",\"inLanguage\":\"es-ES\",\"publisher\":{\"@id\":\"https:\\\/\\\/www.eldigitaldeasturias.com\\\/noticias\\\/#organization\"}}]}\n\t\t<\/script>\n\t\t<!-- All in One SEO Pro -->\r\n\t\t<title>Jos\u00e9 Luis \u00c1balos: \u00abGarrido es m\u00e1s de lo mismo\u00bb - El Digital de Asturias<\/title>\n\n","aioseo_head_json":{"title":"Jos\u00e9 Luis \u00c1balos: \u00abGarrido es m\u00e1s de lo mismo\u00bb - El Digital de Asturias","description":"El secretario de Organizaci\u00f3n, Jos\u00e9 Luis \u00c1balos, se ha referido a la designaci\u00f3n de \u00c1ngel Garrido como candidato del PP a la presidencia de la CAM y ha se\u00f1alado que \u201ces m\u00e1s de lo mismo\u201d, de \u201cla misma escuela que Cifuentes\u201d, por lo que \u201ca\u00fan hay m\u00e1s motivo\u201d para instar a Ciudadanos a que no","canonical_url":"https:\/\/www.eldigitaldeasturias.com\/noticias\/jose-luis-abalos-garrido-es-mas-de-lo-mismo\/","robots":"max-image-preview:large","keywords":"actualidad","webmasterTools":{"google-site-verification":"UA-38556648-1","msvalidate.01":"7dfe9f3f1b24437ab69f4f2559babe99","miscellaneous":""},"schema":{"@context":"https:\/\/schema.org","@graph":[{"@type":"BlogPosting","@id":"https:\/\/www.eldigitaldeasturias.com\/noticias\/jose-luis-abalos-garrido-es-mas-de-lo-mismo\/#blogposting","name":"Jos\u00e9 Luis \u00c1balos: \u00abGarrido es m\u00e1s de lo mismo\u00bb - El Digital de Asturias","headline":"Jos\u00e9 Luis \u00c1balos: \u00abGarrido es m\u00e1s de lo mismo\u00bb","author":{"@id":"https:\/\/www.eldigitaldeasturias.com\/noticias\/author\/admin\/#author"},"publisher":{"@id":"https:\/\/www.eldigitaldeasturias.com\/noticias\/#organization"},"image":{"@type":"ImageObject","url":975948},"datePublished":"2018-05-07T19:53:26+02:00","dateModified":"2018-05-07T19:53:26+02:00","inLanguage":"es-ES","mainEntityOfPage":{"@id":"https:\/\/www.eldigitaldeasturias.com\/noticias\/jose-luis-abalos-garrido-es-mas-de-lo-mismo\/#webpage"},"isPartOf":{"@id":"https:\/\/www.eldigitaldeasturias.com\/noticias\/jose-luis-abalos-garrido-es-mas-de-lo-mismo\/#webpage"},"articleSection":"Actualidad"},{"@type":"BreadcrumbList","@id":"https:\/\/www.eldigitaldeasturias.com\/noticias\/jose-luis-abalos-garrido-es-mas-de-lo-mismo\/#breadcrumblist","itemListElement":[{"@type":"ListItem","@id":"https:\/\/www.eldigitaldeasturias.com\/noticias#listItem","position":1,"name":"Home","item":"https:\/\/www.eldigitaldeasturias.com\/noticias","nextItem":{"@type":"ListItem","@id":"https:\/\/www.eldigitaldeasturias.com\/noticias\/category\/actualidad\/#listItem","name":"Actualidad"}},{"@type":"ListItem","@id":"https:\/\/www.eldigitaldeasturias.com\/noticias\/category\/actualidad\/#listItem","position":2,"name":"Actualidad","item":"https:\/\/www.eldigitaldeasturias.com\/noticias\/category\/actualidad\/","nextItem":{"@type":"ListItem","@id":"https:\/\/www.eldigitaldeasturias.com\/noticias\/jose-luis-abalos-garrido-es-mas-de-lo-mismo\/#listItem","name":"Jos\u00e9 Luis \u00c1balos: \u00abGarrido es m\u00e1s de lo mismo\u00bb"},"previousItem":{"@type":"ListItem","@id":"https:\/\/www.eldigitaldeasturias.com\/noticias#listItem","name":"Home"}},{"@type":"ListItem","@id":"https:\/\/www.eldigitaldeasturias.com\/noticias\/jose-luis-abalos-garrido-es-mas-de-lo-mismo\/#listItem","position":3,"name":"Jos\u00e9 Luis \u00c1balos: \u00abGarrido es m\u00e1s de lo mismo\u00bb","previousItem":{"@type":"ListItem","@id":"https:\/\/www.eldigitaldeasturias.com\/noticias\/category\/actualidad\/#listItem","name":"Actualidad"}}]},{"@type":"Organization","@id":"https:\/\/www.eldigitaldeasturias.com\/noticias\/#organization","name":"El Digital de Asturias","description":"Hemeroteca","url":"https:\/\/www.eldigitaldeasturias.com\/noticias\/","email":"info@eldigitaldeasturias.com","telephone":"+34652131393","logo":{"@type":"ImageObject","url":"https:\/\/www.eldigitaldeasturias.com\/noticias\/wp-content\/uploads\/2020\/12\/EDA.jpg","@id":"https:\/\/www.eldigitaldeasturias.com\/noticias\/jose-luis-abalos-garrido-es-mas-de-lo-mismo\/#organizationLogo"},"image":{"@id":"https:\/\/www.eldigitaldeasturias.com\/noticias\/jose-luis-abalos-garrido-es-mas-de-lo-mismo\/#organizationLogo"},"sameAs":["https:\/\/facebook.com\/eldigitaldeasturias","https:\/\/www.youtube.com\/channel\/UCZP-2wLEB9Rv6erhFmqVnvg"],"address":{"@id":"https:\/\/www.eldigitaldeasturias.com\/noticias\/#postaladdress","@type":"PostalAddress","streetAddress":"san antonio 4","postalCode":"33430","addressLocality":"Cand\u00e1s","addressRegion":"Asturias","addressCountry":"ES"}},{"@type":"Person","@id":"https:\/\/www.eldigitaldeasturias.com\/noticias\/author\/admin\/#author","url":"https:\/\/www.eldigitaldeasturias.com\/noticias\/author\/admin\/","name":"El Digital de Asturias","image":{"@type":"ImageObject","@id":"https:\/\/www.eldigitaldeasturias.com\/noticias\/jose-luis-abalos-garrido-es-mas-de-lo-mismo\/#authorImage","url":"https:\/\/secure.gravatar.com\/avatar\/df2aeffc32bcd13f8d26072ef8a91b623d677766deac7f97ca815868cd41bf5e?s=96&d=mm&r=g","width":96,"height":96,"caption":"El Digital de Asturias"}},{"@type":"WebPage","@id":"https:\/\/www.eldigitaldeasturias.com\/noticias\/jose-luis-abalos-garrido-es-mas-de-lo-mismo\/#webpage","url":"https:\/\/www.eldigitaldeasturias.com\/noticias\/jose-luis-abalos-garrido-es-mas-de-lo-mismo\/","name":"Jos\u00e9 Luis \u00c1balos: \u00abGarrido es m\u00e1s de lo mismo\u00bb - El Digital de Asturias","description":"El secretario de Organizaci\u00f3n, Jos\u00e9 Luis \u00c1balos, se ha referido a la designaci\u00f3n de \u00c1ngel Garrido como candidato del PP a la presidencia de la CAM y ha se\u00f1alado que \u201ces m\u00e1s de lo mismo\u201d, de \u201cla misma escuela que Cifuentes\u201d, por lo que \u201ca\u00fan hay m\u00e1s motivo\u201d para instar a Ciudadanos a que no","inLanguage":"es-ES","isPartOf":{"@id":"https:\/\/www.eldigitaldeasturias.com\/noticias\/#website"},"breadcrumb":{"@id":"https:\/\/www.eldigitaldeasturias.com\/noticias\/jose-luis-abalos-garrido-es-mas-de-lo-mismo\/#breadcrumblist"},"author":{"@id":"https:\/\/www.eldigitaldeasturias.com\/noticias\/author\/admin\/#author"},"creator":{"@id":"https:\/\/www.eldigitaldeasturias.com\/noticias\/author\/admin\/#author"},"image":{"@type":"ImageObject","url":975948,"@id":"https:\/\/www.eldigitaldeasturias.com\/noticias\/jose-luis-abalos-garrido-es-mas-de-lo-mismo\/#mainImage"},"primaryImageOfPage":{"@id":"https:\/\/www.eldigitaldeasturias.com\/noticias\/jose-luis-abalos-garrido-es-mas-de-lo-mismo\/#mainImage"},"datePublished":"2018-05-07T19:53:26+02:00","dateModified":"2018-05-07T19:53:26+02:00"},{"@type":"WebSite","@id":"https:\/\/www.eldigitaldeasturias.com\/noticias\/#website","url":"https:\/\/www.eldigitaldeasturias.com\/noticias\/","name":"El Digital de Asturias - Diario de actualidad y noticias","alternateName":"El Digital de Asturias - Diario de actualidad y noticias","description":"Hemeroteca","inLanguage":"es-ES","publisher":{"@id":"https:\/\/www.eldigitaldeasturias.com\/noticias\/#organization"}}]},"og:locale":"es_ES","og:site_name":"El Digital de Asturias","og:type":"article","og:title":"Jos\u00e9 Luis \u00c1balos: \u00abGarrido es m\u00e1s de lo mismo\u00bb - El Digital de Asturias","og:description":"El secretario de Organizaci\u00f3n, Jos\u00e9 Luis \u00c1balos, se ha referido a la designaci\u00f3n de \u00c1ngel Garrido como candidato del PP a la presidencia de la CAM y ha se\u00f1alado que \u201ces m\u00e1s de lo mismo\u201d, de \u201cla misma escuela que Cifuentes\u201d, por lo que \u201ca\u00fan hay m\u00e1s motivo\u201d para instar a Ciudadanos a que no","og:url":"https:\/\/www.eldigitaldeasturias.com\/noticias\/jose-luis-abalos-garrido-es-mas-de-lo-mismo\/","article:tag":["actualidad"],"article:published_time":"2018-05-07T19:53:26+00:00","article:modified_time":"2018-05-07T19:53:26+00:00","article:publisher":"https:\/\/facebook.com\/eldigitaldeasturias","twitter:card":"summary_large_image","twitter:title":"Jos\u00e9 Luis \u00c1balos: \u00abGarrido es m\u00e1s de lo mismo\u00bb - El Digital de Asturias","twitter:description":"El secretario de Organizaci\u00f3n, Jos\u00e9 Luis \u00c1balos, se ha referido a la designaci\u00f3n de \u00c1ngel Garrido como candidato del PP a la presidencia de la CAM y ha se\u00f1alado que \u201ces m\u00e1s de lo mismo\u201d, de \u201cla misma escuela que Cifuentes\u201d, por lo que \u201ca\u00fan hay m\u00e1s motivo\u201d para instar a Ciudadanos a que no","twitter:image":"https:\/\/www.eldigitaldeasturias.com\/noticias\/wp-content\/uploads\/2020\/12\/EDA-1.jpg","twitter:label1":"Escrito por","twitter:data1":"El Digital de Asturias","twitter:label2":"Tiempo de lectura estimado","twitter:data2":"4 minutos"},"aioseo_meta_data":{"post_id":"979416","title":null,"description":null,"keywords":null,"keyphrases":null,"primary_term":null,"canonical_url":null,"og_title":null,"og_description":null,"og_object_type":"default","og_image_type":"default","og_image_url":null,"og_image_width":null,"og_image_height":null,"og_image_custom_url":null,"og_image_custom_fields":null,"og_video":null,"og_custom_url":null,"og_article_section":null,"og_article_tags":null,"twitter_use_og":false,"twitter_card":"default","twitter_image_type":"default","twitter_image_url":null,"twitter_image_custom_url":null,"twitter_image_custom_fields":null,"twitter_title":null,"twitter_description":null,"schema":{"blockGraphs":[],"customGraphs":[],"default":{"data":{"Article":[],"Course":[],"Dataset":[],"FAQPage":[],"Movie":[],"Person":[],"Product":[],"ProductReview":[],"Car":[],"Recipe":[],"Service":[],"SoftwareApplication":[],"WebPage":[]},"graphName":"","isEnabled":true},"graphs":[],"defaultGraph":"","defaultPostTypeGraph":""},"schema_type":null,"schema_type_options":null,"pillar_content":false,"robots_default":true,"robots_noindex":false,"robots_noarchive":false,"robots_nosnippet":false,"robots_nofollow":false,"robots_noimageindex":false,"robots_noodp":false,"robots_notranslate":false,"robots_max_snippet":null,"robots_max_videopreview":null,"robots_max_imagepreview":"large","priority":null,"frequency":null,"local_seo":null,"seo_analyzer_scan_date":"2025-10-08 14:15:08","breadcrumb_settings":null,"limit_modified_date":false,"open_ai":null,"ai":null,"created":"2020-12-21 11:59:38","updated":"2025-10-08 14:15:08","focus_keyword":null,"additional_keywords":null,"truseo_locale":null},"aioseo_breadcrumb":"<div class=\"aioseo-breadcrumbs\"><span class=\"aioseo-breadcrumb\">\n\t<a href=\"https:\/\/www.eldigitaldeasturias.com\/noticias\" title=\"Home\">Home<\/a>\n<\/span><span class=\"aioseo-breadcrumb-separator\">\u2013<\/span><span class=\"aioseo-breadcrumb\">\n\t<a href=\"https:\/\/www.eldigitaldeasturias.com\/noticias\/category\/actualidad\/\" title=\"Actualidad\">Actualidad<\/a>\n<\/span><span class=\"aioseo-breadcrumb-separator\">\u2013<\/span><span class=\"aioseo-breadcrumb\">\n\t<a href=\"https:\/\/www.eldigitaldeasturias.com\/noticias\/jose-luis-abalos-garrido-es-mas-de-lo-mismo\/\" title=\"Jos\u00e9 Luis \u00c1balos: \u00abGarrido es m\u00e1s de lo mismo\u00bb\">Jos\u00e9 Luis \u00c1balos: \u00abGarrido es m\u00e1s de lo mismo\u00bb<\/a>\n<\/span><\/div>","aioseo_breadcrumb_json":[{"label":"Home","link":"https:\/\/www.eldigitaldeasturias.com\/noticias"},{"label":"Actualidad","link":"https:\/\/www.eldigitaldeasturias.com\/noticias\/category\/actualidad\/"},{"label":"Jos\u00e9 Luis \u00c1balos: \u00abGarrido es m\u00e1s de lo mismo\u00bb","link":"https:\/\/www.eldigitaldeasturias.com\/noticias\/jose-luis-abalos-garrido-es-mas-de-lo-mismo\/"}],"_links":{"self":[{"href":"https:\/\/www.eldigitaldeasturias.com\/noticias\/wp-json\/wp\/v2\/posts\/979416","targetHints":{"allow":["GET"]}}],"collection":[{"href":"https:\/\/www.eldigitaldeasturias.com\/noticias\/wp-json\/wp\/v2\/posts"}],"about":[{"href":"https:\/\/www.eldigitaldeasturias.com\/noticias\/wp-json\/wp\/v2\/types\/post"}],"author":[{"embeddable":true,"href":"https:\/\/www.eldigitaldeasturias.com\/noticias\/wp-json\/wp\/v2\/users\/1"}],"replies":[{"embeddable":true,"href":"https:\/\/www.eldigitaldeasturias.com\/noticias\/wp-json\/wp\/v2\/comments?post=979416"}],"version-history":[{"count":0,"href":"https:\/\/www.eldigitaldeasturias.com\/noticias\/wp-json\/wp\/v2\/posts\/979416\/revisions"}],"wp:attachment":[{"href":"https:\/\/www.eldigitaldeasturias.com\/noticias\/wp-json\/wp\/v2\/media?parent=979416"}],"wp:term":[{"taxonomy":"category","embeddable":true,"href":"https:\/\/www.eldigitaldeasturias.com\/noticias\/wp-json\/wp\/v2\/categories?post=979416"},{"taxonomy":"post_tag","embeddable":true,"href":"https:\/\/www.eldigitaldeasturias.com\/noticias\/wp-json\/wp\/v2\/tags?post=979416"}],"curies":[{"name":"wp","href":"https:\/\/api.w.org\/{rel}","templated":true}]}}