{"id":979409,"date":"2018-05-07T19:41:52","date_gmt":"2018-05-07T19:41:52","guid":{"rendered":"http:\/\/www.eldigitaldeasturias.com\/noticias\/?p=979409"},"modified":"2018-05-07T19:41:52","modified_gmt":"2018-05-07T19:41:52","slug":"olona-visita-el-salon-de-gourmets","status":"publish","type":"post","link":"https:\/\/www.eldigitaldeasturias.com\/noticias\/olona-visita-el-salon-de-gourmets\/","title":{"rendered":"Olona visita el Sal\u00f3n de Gourmets"},"content":{"rendered":"<p><img loading=\"lazy\" decoding=\"async\" class=\"alignleft size-medium wp-image-979410\" src=\"https:\/\/www.eldigitaldeasturias.com\/noticias\/wp-content\/uploads\/2018\/05\/salongourmet-360x159.jpg\" alt=\"\" width=\"360\" height=\"159\" \/>El consejero de Desarrollo Rural y Sostenibilidad del Gobierno de Arag\u00f3n, Joaqu\u00edn Olona, ha visitado este lunes la 32 edici\u00f3n del Sal\u00f3n de Gourmets, que se desarrolla del 7 al 10 de mayo de 2018 en la feria IFEMA de Madrid. Este evento profesional dedicado a las delicatessen, supone un importante escaparate donde se dan cita los productos m\u00e1s innovadores y vanguardistas de la gastronom\u00eda mundial en m\u00e1s de 52.200 metros cuadrados, donde productores y consumidores pueden conocer las tendencias m\u00e1s novedosas del sector. Se prev\u00e9 que esta edici\u00f3n cuente con 1.600 expositores, que a su vez presentar\u00e1n 41.300 productos para un total de 90.000 visitantes.<\/p>\n<p>Olona ha destacado la apuesta de su Departamento por aumentar la producci\u00f3n en alimentos de calidad diferenciada a trav\u00e9s de las ayudas al sector. \u201cTan solo el 5% de la producci\u00f3n agr\u00edcola y ganadera en Arag\u00f3n responde a productos de calidad diferencia. Para mejorar ese margen, el Gobierno de Arag\u00f3n ha incorporado en todas las l\u00edneas de ayuda, como son las destinadas a j\u00f3venes, modernizaci\u00f3n de explotaciones y las destinadas a la industria agroalimentaria; la vinculaci\u00f3n a las figuras de calidad diferenciada como una discriminaci\u00f3n en positivo. En los procesos de concurrencia competitiva damos puntos a los agricultores, ganaderos o empresarios que se vinculan a una de estas figuras, como pueden ser una Denominaci\u00f3n de Origen, una Indicaci\u00f3n Geogr\u00e1fica Protegida, C\u2019Alial, Artesan\u00eda Alimentaria, etc.\u201d<\/p>\n<p>En este sentido, el Gobierno de Arag\u00f3n va a realizar una fiesta en reconocimiento a los j\u00f3venes agricultores reci\u00e9n incorporados al sector el pr\u00f3ximo 28 de mayo, llamada \u201cAgricultores con denominaci\u00f3n de origen\u201d. \u201cLos j\u00f3venes que se incorporan son j\u00f3venes emprendedores, que dignifican la profesi\u00f3n y apuestan por vincular su negocio al territorio, por lo que contribuyen de manera indiscutible a la lucha contra la despoblaci\u00f3n\u201d, ha se\u00f1alado Olona, quien adem\u00e1s considera que \u201ces importante que los agricultores que empiezan apuesten por alimentos de calidad diferenciada\u201d.<\/p>\n<p>En el Sal\u00f3n de Gourmets, son veinte las empresas aragonesas que exponen en esta feria bajo la marca de promoci\u00f3n de alimentos de Calidad Diferenciada del Gobierno de Arag\u00f3n, Arag\u00f3n Alimentos, con un estand de 216 metros cuadrados, ubicado en el pabell\u00f3n 4, pasillo E- 40. La propuesta gastron\u00f3mica de este espacio va desde productos m\u00e1s cl\u00e1sicos como el vino, el azafr\u00e1n o el crujiente de almendra, hasta otros m\u00e1s innovadores como la longaniza con trufa negra, la hidromiel cann\u00e1bica o la sal marina fusionada con romero y tomillo.<\/p>\n<p>Desde el \u00f3rgano de gobierno se apuesta por la presencia en estos eventos comerciales con el objetivo de promover la expansi\u00f3n e internacionalizaci\u00f3n de las marcas alimentarias aragonesas, en los que queda representada, a trav\u00e9s de diversas empresas, la gastronom\u00eda de alta calidad de la Comunidad. Para que los productores puedan estar presentes se ha contado con la colaboraci\u00f3n de la C\u00e1mara Oficial de Comercio e Industria de Huesca, el Consejo Aragon\u00e9s de C\u00e1maras, la Asociaci\u00f3n de Industrias de Alimentaci\u00f3n de Arag\u00f3n, la direcci\u00f3n de Alimentaci\u00f3n y Fomento Agroalimentario del Departamento de Desarrollo Rural y Sostenibilidad de Gobierno de Arag\u00f3n, as\u00ed como la colaboraci\u00f3n log\u00edstica y organizativa de Sarga.<\/p>\n<p>Los participantes de esta edici\u00f3n bajo Arag\u00f3n Alimentos son la Denominaci\u00f3n de Origen Protegida Jam\u00f3n de Teruel\/ Paleta de Teruel, Grandes Vinos y Vi\u00f1edos, Mermeladas artesanas Elasun, Pasteler\u00eda Ascaso, Aceitunas Jos\u00e9 Lou, Bodegas Valdovinos, Quesos Sierra de Albarrac\u00edn, Bodegas El Grillo y La Luna, Pasteler\u00eda Manuel Segura, Tierra Mud\u00e9jar, Amanida, Aragonesa del Jam\u00f3n, Pasteler\u00eda Belenguer, Caviar Pirinea, Bodega Sommos, Finca Valonga, Gastroturismo Campo de Belchite, C\u00e1rnicas Ort\u00edn, Bodegas Solar de Urbezo y Almizate Productos del Pato.<\/p>\n<p>Seg\u00fan datos de la organizaci\u00f3n, el n\u00famero aproximado de empresas aragonesas presentes en esta edici\u00f3n asciende a un total de 40, que llegan a la feria con sus propios expositores o bien participan con sus productos en otras de las actividades programadas durante la semana.<\/p>\n","protected":false},"excerpt":{"rendered":"<p>El consejero de Desarrollo Rural y Sostenibilidad del Gobierno de Arag\u00f3n, Joaqu\u00edn Olona, ha visitado este lunes la 32 edici\u00f3n del Sal\u00f3n de Gourmets, que se desarrolla del 7 al 10 de mayo de 2018 en la feria IFEMA de Madrid. Este evento profesional dedicado a las delicatessen, supone un importante escaparate donde se dan [&hellip;]<\/p>\n","protected":false},"author":1,"featured_media":979410,"comment_status":"closed","ping_status":"closed","sticky":false,"template":"","format":"standard","meta":{"footnotes":""},"categories":[1],"tags":[],"class_list":["post-979409","post","type-post","status-publish","format-standard","has-post-thumbnail","hentry","category-actualidad"],"aioseo_notices":[],"aioseo_head":"\n\t\t<!-- All in One SEO Pro 5.0.1 - aioseo.com -->\n\t<meta name=\"description\" content=\"El consejero de Desarrollo Rural y Sostenibilidad del Gobierno de Arag\u00f3n, Joaqu\u00edn Olona, ha visitado este lunes la 32 edici\u00f3n del Sal\u00f3n de Gourmets, que se desarrolla del 7 al 10 de mayo de 2018 en la feria IFEMA de Madrid. Este evento profesional dedicado a las delicatessen, supone un importante escaparate donde se dan\" \/>\n\t<meta name=\"robots\" content=\"max-image-preview:large\" \/>\n\t<meta name=\"author\" content=\"El Digital de Asturias\"\/>\n\t<meta name=\"google-site-verification\" content=\"UA-38556648-1\" \/>\n\t<meta name=\"msvalidate.01\" content=\"7dfe9f3f1b24437ab69f4f2559babe99\" \/>\n\t<meta name=\"keywords\" content=\"actualidad\" \/>\n\t<link rel=\"canonical\" href=\"https:\/\/www.eldigitaldeasturias.com\/noticias\/olona-visita-el-salon-de-gourmets\/\" \/>\n\t<meta name=\"generator\" content=\"All in One SEO Pro (AIOSEO) 5.0.1\" \/>\n\t\t<meta property=\"og:locale\" content=\"es_ES\" \/>\n\t\t<meta property=\"og:site_name\" content=\"El Digital de Asturias\" \/>\n\t\t<meta property=\"og:type\" content=\"article\" \/>\n\t\t<meta property=\"og:title\" content=\"Olona visita el Sal\u00f3n de Gourmets - El Digital de Asturias\" \/>\n\t\t<meta property=\"og:description\" content=\"El consejero de Desarrollo Rural y Sostenibilidad del Gobierno de Arag\u00f3n, Joaqu\u00edn Olona, ha visitado este lunes la 32 edici\u00f3n del Sal\u00f3n de Gourmets, que se desarrolla del 7 al 10 de mayo de 2018 en la feria IFEMA de Madrid. Este evento profesional dedicado a las delicatessen, supone un importante escaparate donde se dan\" \/>\n\t\t<meta property=\"og:url\" content=\"https:\/\/www.eldigitaldeasturias.com\/noticias\/olona-visita-el-salon-de-gourmets\/\" \/>\n\t\t<meta property=\"article:tag\" content=\"actualidad\" \/>\n\t\t<meta property=\"article:published_time\" content=\"2018-05-07T19:41:52+00:00\" \/>\n\t\t<meta property=\"article:modified_time\" content=\"2018-05-07T19:41:52+00:00\" \/>\n\t\t<meta property=\"article:publisher\" content=\"https:\/\/facebook.com\/eldigitaldeasturias\" \/>\n\t\t<meta name=\"twitter:card\" content=\"summary_large_image\" \/>\n\t\t<meta name=\"twitter:title\" content=\"Olona visita el Sal\u00f3n de Gourmets - El Digital de Asturias\" \/>\n\t\t<meta name=\"twitter:description\" content=\"El consejero de Desarrollo Rural y Sostenibilidad del Gobierno de Arag\u00f3n, Joaqu\u00edn Olona, ha visitado este lunes la 32 edici\u00f3n del Sal\u00f3n de Gourmets, que se desarrolla del 7 al 10 de mayo de 2018 en la feria IFEMA de Madrid. Este evento profesional dedicado a las delicatessen, supone un importante escaparate donde se dan\" \/>\n\t\t<meta name=\"twitter:image\" content=\"https:\/\/www.eldigitaldeasturias.com\/noticias\/wp-content\/uploads\/2020\/12\/EDA-1.jpg\" \/>\n\t\t<meta name=\"twitter:label1\" content=\"Escrito por\" \/>\n\t\t<meta name=\"twitter:data1\" content=\"El Digital de Asturias\" \/>\n\t\t<meta name=\"twitter:label2\" content=\"Tiempo de lectura estimado\" \/>\n\t\t<meta name=\"twitter:data2\" content=\"4 minutos\" \/>\n\t\t<script type=\"application\/ld+json\" class=\"aioseo-schema\">\n\t\t\t{\"@context\":\"https:\\\/\\\/schema.org\",\"@graph\":[{\"@type\":\"BlogPosting\",\"@id\":\"https:\\\/\\\/www.eldigitaldeasturias.com\\\/noticias\\\/olona-visita-el-salon-de-gourmets\\\/#blogposting\",\"name\":\"Olona visita el Sal\\u00f3n de Gourmets - El Digital de Asturias\",\"headline\":\"Olona visita el Sal\\u00f3n de Gourmets\",\"author\":{\"@id\":\"https:\\\/\\\/www.eldigitaldeasturias.com\\\/noticias\\\/author\\\/admin\\\/#author\"},\"publisher\":{\"@id\":\"https:\\\/\\\/www.eldigitaldeasturias.com\\\/noticias\\\/#organization\"},\"image\":{\"@type\":\"ImageObject\",\"url\":979410},\"datePublished\":\"2018-05-07T19:41:52+02:00\",\"dateModified\":\"2018-05-07T19:41:52+02:00\",\"inLanguage\":\"es-ES\",\"mainEntityOfPage\":{\"@id\":\"https:\\\/\\\/www.eldigitaldeasturias.com\\\/noticias\\\/olona-visita-el-salon-de-gourmets\\\/#webpage\"},\"isPartOf\":{\"@id\":\"https:\\\/\\\/www.eldigitaldeasturias.com\\\/noticias\\\/olona-visita-el-salon-de-gourmets\\\/#webpage\"},\"articleSection\":\"Actualidad\"},{\"@type\":\"BreadcrumbList\",\"@id\":\"https:\\\/\\\/www.eldigitaldeasturias.com\\\/noticias\\\/olona-visita-el-salon-de-gourmets\\\/#breadcrumblist\",\"itemListElement\":[{\"@type\":\"ListItem\",\"@id\":\"https:\\\/\\\/www.eldigitaldeasturias.com\\\/noticias#listItem\",\"position\":1,\"name\":\"Home\",\"item\":\"https:\\\/\\\/www.eldigitaldeasturias.com\\\/noticias\",\"nextItem\":{\"@type\":\"ListItem\",\"@id\":\"https:\\\/\\\/www.eldigitaldeasturias.com\\\/noticias\\\/category\\\/actualidad\\\/#listItem\",\"name\":\"Actualidad\"}},{\"@type\":\"ListItem\",\"@id\":\"https:\\\/\\\/www.eldigitaldeasturias.com\\\/noticias\\\/category\\\/actualidad\\\/#listItem\",\"position\":2,\"name\":\"Actualidad\",\"item\":\"https:\\\/\\\/www.eldigitaldeasturias.com\\\/noticias\\\/category\\\/actualidad\\\/\",\"nextItem\":{\"@type\":\"ListItem\",\"@id\":\"https:\\\/\\\/www.eldigitaldeasturias.com\\\/noticias\\\/olona-visita-el-salon-de-gourmets\\\/#listItem\",\"name\":\"Olona visita el Sal\\u00f3n de Gourmets\"},\"previousItem\":{\"@type\":\"ListItem\",\"@id\":\"https:\\\/\\\/www.eldigitaldeasturias.com\\\/noticias#listItem\",\"name\":\"Home\"}},{\"@type\":\"ListItem\",\"@id\":\"https:\\\/\\\/www.eldigitaldeasturias.com\\\/noticias\\\/olona-visita-el-salon-de-gourmets\\\/#listItem\",\"position\":3,\"name\":\"Olona visita el Sal\\u00f3n de Gourmets\",\"previousItem\":{\"@type\":\"ListItem\",\"@id\":\"https:\\\/\\\/www.eldigitaldeasturias.com\\\/noticias\\\/category\\\/actualidad\\\/#listItem\",\"name\":\"Actualidad\"}}]},{\"@type\":\"Organization\",\"@id\":\"https:\\\/\\\/www.eldigitaldeasturias.com\\\/noticias\\\/#organization\",\"name\":\"El Digital de Asturias\",\"description\":\"Hemeroteca\",\"url\":\"https:\\\/\\\/www.eldigitaldeasturias.com\\\/noticias\\\/\",\"email\":\"info@eldigitaldeasturias.com\",\"telephone\":\"+34652131393\",\"logo\":{\"@type\":\"ImageObject\",\"url\":\"https:\\\/\\\/www.eldigitaldeasturias.com\\\/noticias\\\/wp-content\\\/uploads\\\/2020\\\/12\\\/EDA.jpg\",\"@id\":\"https:\\\/\\\/www.eldigitaldeasturias.com\\\/noticias\\\/olona-visita-el-salon-de-gourmets\\\/#organizationLogo\"},\"image\":{\"@id\":\"https:\\\/\\\/www.eldigitaldeasturias.com\\\/noticias\\\/olona-visita-el-salon-de-gourmets\\\/#organizationLogo\"},\"sameAs\":[\"https:\\\/\\\/facebook.com\\\/eldigitaldeasturias\",\"https:\\\/\\\/www.youtube.com\\\/channel\\\/UCZP-2wLEB9Rv6erhFmqVnvg\"],\"address\":{\"@id\":\"https:\\\/\\\/www.eldigitaldeasturias.com\\\/noticias\\\/#postaladdress\",\"@type\":\"PostalAddress\",\"streetAddress\":\"san antonio 4\",\"postalCode\":\"33430\",\"addressLocality\":\"Cand\\u00e1s\",\"addressRegion\":\"Asturias\",\"addressCountry\":\"ES\"}},{\"@type\":\"Person\",\"@id\":\"https:\\\/\\\/www.eldigitaldeasturias.com\\\/noticias\\\/author\\\/admin\\\/#author\",\"url\":\"https:\\\/\\\/www.eldigitaldeasturias.com\\\/noticias\\\/author\\\/admin\\\/\",\"name\":\"El Digital de Asturias\",\"image\":{\"@type\":\"ImageObject\",\"@id\":\"https:\\\/\\\/www.eldigitaldeasturias.com\\\/noticias\\\/olona-visita-el-salon-de-gourmets\\\/#authorImage\",\"url\":\"https:\\\/\\\/secure.gravatar.com\\\/avatar\\\/df2aeffc32bcd13f8d26072ef8a91b623d677766deac7f97ca815868cd41bf5e?s=96&d=mm&r=g\",\"width\":96,\"height\":96,\"caption\":\"El Digital de Asturias\"}},{\"@type\":\"WebPage\",\"@id\":\"https:\\\/\\\/www.eldigitaldeasturias.com\\\/noticias\\\/olona-visita-el-salon-de-gourmets\\\/#webpage\",\"url\":\"https:\\\/\\\/www.eldigitaldeasturias.com\\\/noticias\\\/olona-visita-el-salon-de-gourmets\\\/\",\"name\":\"Olona visita el Sal\\u00f3n de Gourmets - El Digital de Asturias\",\"description\":\"El consejero de Desarrollo Rural y Sostenibilidad del Gobierno de Arag\\u00f3n, Joaqu\\u00edn Olona, ha visitado este lunes la 32 edici\\u00f3n del Sal\\u00f3n de Gourmets, que se desarrolla del 7 al 10 de mayo de 2018 en la feria IFEMA de Madrid. Este evento profesional dedicado a las delicatessen, supone un importante escaparate donde se dan\",\"inLanguage\":\"es-ES\",\"isPartOf\":{\"@id\":\"https:\\\/\\\/www.eldigitaldeasturias.com\\\/noticias\\\/#website\"},\"breadcrumb\":{\"@id\":\"https:\\\/\\\/www.eldigitaldeasturias.com\\\/noticias\\\/olona-visita-el-salon-de-gourmets\\\/#breadcrumblist\"},\"author\":{\"@id\":\"https:\\\/\\\/www.eldigitaldeasturias.com\\\/noticias\\\/author\\\/admin\\\/#author\"},\"creator\":{\"@id\":\"https:\\\/\\\/www.eldigitaldeasturias.com\\\/noticias\\\/author\\\/admin\\\/#author\"},\"image\":{\"@type\":\"ImageObject\",\"url\":979410,\"@id\":\"https:\\\/\\\/www.eldigitaldeasturias.com\\\/noticias\\\/olona-visita-el-salon-de-gourmets\\\/#mainImage\"},\"primaryImageOfPage\":{\"@id\":\"https:\\\/\\\/www.eldigitaldeasturias.com\\\/noticias\\\/olona-visita-el-salon-de-gourmets\\\/#mainImage\"},\"datePublished\":\"2018-05-07T19:41:52+02:00\",\"dateModified\":\"2018-05-07T19:41:52+02:00\"},{\"@type\":\"WebSite\",\"@id\":\"https:\\\/\\\/www.eldigitaldeasturias.com\\\/noticias\\\/#website\",\"url\":\"https:\\\/\\\/www.eldigitaldeasturias.com\\\/noticias\\\/\",\"name\":\"El Digital de Asturias - Diario de actualidad y noticias\",\"alternateName\":\"El Digital de Asturias - Diario de actualidad y noticias\",\"description\":\"Hemeroteca\",\"inLanguage\":\"es-ES\",\"publisher\":{\"@id\":\"https:\\\/\\\/www.eldigitaldeasturias.com\\\/noticias\\\/#organization\"}}]}\n\t\t<\/script>\n\t\t<!-- All in One SEO Pro -->\r\n\t\t<title>Olona visita el Sal\u00f3n de Gourmets - El Digital de Asturias<\/title>\n\n","aioseo_head_json":{"title":"Olona visita el Sal\u00f3n de Gourmets - El Digital de Asturias","description":"El consejero de Desarrollo Rural y Sostenibilidad del Gobierno de Arag\u00f3n, Joaqu\u00edn Olona, ha visitado este lunes la 32 edici\u00f3n del Sal\u00f3n de Gourmets, que se desarrolla del 7 al 10 de mayo de 2018 en la feria IFEMA de Madrid. Este evento profesional dedicado a las delicatessen, supone un importante escaparate donde se dan","canonical_url":"https:\/\/www.eldigitaldeasturias.com\/noticias\/olona-visita-el-salon-de-gourmets\/","robots":"max-image-preview:large","keywords":"actualidad","webmasterTools":{"google-site-verification":"UA-38556648-1","msvalidate.01":"7dfe9f3f1b24437ab69f4f2559babe99","miscellaneous":""},"schema":{"@context":"https:\/\/schema.org","@graph":[{"@type":"BlogPosting","@id":"https:\/\/www.eldigitaldeasturias.com\/noticias\/olona-visita-el-salon-de-gourmets\/#blogposting","name":"Olona visita el Sal\u00f3n de Gourmets - El Digital de Asturias","headline":"Olona visita el Sal\u00f3n de Gourmets","author":{"@id":"https:\/\/www.eldigitaldeasturias.com\/noticias\/author\/admin\/#author"},"publisher":{"@id":"https:\/\/www.eldigitaldeasturias.com\/noticias\/#organization"},"image":{"@type":"ImageObject","url":979410},"datePublished":"2018-05-07T19:41:52+02:00","dateModified":"2018-05-07T19:41:52+02:00","inLanguage":"es-ES","mainEntityOfPage":{"@id":"https:\/\/www.eldigitaldeasturias.com\/noticias\/olona-visita-el-salon-de-gourmets\/#webpage"},"isPartOf":{"@id":"https:\/\/www.eldigitaldeasturias.com\/noticias\/olona-visita-el-salon-de-gourmets\/#webpage"},"articleSection":"Actualidad"},{"@type":"BreadcrumbList","@id":"https:\/\/www.eldigitaldeasturias.com\/noticias\/olona-visita-el-salon-de-gourmets\/#breadcrumblist","itemListElement":[{"@type":"ListItem","@id":"https:\/\/www.eldigitaldeasturias.com\/noticias#listItem","position":1,"name":"Home","item":"https:\/\/www.eldigitaldeasturias.com\/noticias","nextItem":{"@type":"ListItem","@id":"https:\/\/www.eldigitaldeasturias.com\/noticias\/category\/actualidad\/#listItem","name":"Actualidad"}},{"@type":"ListItem","@id":"https:\/\/www.eldigitaldeasturias.com\/noticias\/category\/actualidad\/#listItem","position":2,"name":"Actualidad","item":"https:\/\/www.eldigitaldeasturias.com\/noticias\/category\/actualidad\/","nextItem":{"@type":"ListItem","@id":"https:\/\/www.eldigitaldeasturias.com\/noticias\/olona-visita-el-salon-de-gourmets\/#listItem","name":"Olona visita el Sal\u00f3n de Gourmets"},"previousItem":{"@type":"ListItem","@id":"https:\/\/www.eldigitaldeasturias.com\/noticias#listItem","name":"Home"}},{"@type":"ListItem","@id":"https:\/\/www.eldigitaldeasturias.com\/noticias\/olona-visita-el-salon-de-gourmets\/#listItem","position":3,"name":"Olona visita el Sal\u00f3n de Gourmets","previousItem":{"@type":"ListItem","@id":"https:\/\/www.eldigitaldeasturias.com\/noticias\/category\/actualidad\/#listItem","name":"Actualidad"}}]},{"@type":"Organization","@id":"https:\/\/www.eldigitaldeasturias.com\/noticias\/#organization","name":"El Digital de Asturias","description":"Hemeroteca","url":"https:\/\/www.eldigitaldeasturias.com\/noticias\/","email":"info@eldigitaldeasturias.com","telephone":"+34652131393","logo":{"@type":"ImageObject","url":"https:\/\/www.eldigitaldeasturias.com\/noticias\/wp-content\/uploads\/2020\/12\/EDA.jpg","@id":"https:\/\/www.eldigitaldeasturias.com\/noticias\/olona-visita-el-salon-de-gourmets\/#organizationLogo"},"image":{"@id":"https:\/\/www.eldigitaldeasturias.com\/noticias\/olona-visita-el-salon-de-gourmets\/#organizationLogo"},"sameAs":["https:\/\/facebook.com\/eldigitaldeasturias","https:\/\/www.youtube.com\/channel\/UCZP-2wLEB9Rv6erhFmqVnvg"],"address":{"@id":"https:\/\/www.eldigitaldeasturias.com\/noticias\/#postaladdress","@type":"PostalAddress","streetAddress":"san antonio 4","postalCode":"33430","addressLocality":"Cand\u00e1s","addressRegion":"Asturias","addressCountry":"ES"}},{"@type":"Person","@id":"https:\/\/www.eldigitaldeasturias.com\/noticias\/author\/admin\/#author","url":"https:\/\/www.eldigitaldeasturias.com\/noticias\/author\/admin\/","name":"El Digital de Asturias","image":{"@type":"ImageObject","@id":"https:\/\/www.eldigitaldeasturias.com\/noticias\/olona-visita-el-salon-de-gourmets\/#authorImage","url":"https:\/\/secure.gravatar.com\/avatar\/df2aeffc32bcd13f8d26072ef8a91b623d677766deac7f97ca815868cd41bf5e?s=96&d=mm&r=g","width":96,"height":96,"caption":"El Digital de Asturias"}},{"@type":"WebPage","@id":"https:\/\/www.eldigitaldeasturias.com\/noticias\/olona-visita-el-salon-de-gourmets\/#webpage","url":"https:\/\/www.eldigitaldeasturias.com\/noticias\/olona-visita-el-salon-de-gourmets\/","name":"Olona visita el Sal\u00f3n de Gourmets - El Digital de Asturias","description":"El consejero de Desarrollo Rural y Sostenibilidad del Gobierno de Arag\u00f3n, Joaqu\u00edn Olona, ha visitado este lunes la 32 edici\u00f3n del Sal\u00f3n de Gourmets, que se desarrolla del 7 al 10 de mayo de 2018 en la feria IFEMA de Madrid. Este evento profesional dedicado a las delicatessen, supone un importante escaparate donde se dan","inLanguage":"es-ES","isPartOf":{"@id":"https:\/\/www.eldigitaldeasturias.com\/noticias\/#website"},"breadcrumb":{"@id":"https:\/\/www.eldigitaldeasturias.com\/noticias\/olona-visita-el-salon-de-gourmets\/#breadcrumblist"},"author":{"@id":"https:\/\/www.eldigitaldeasturias.com\/noticias\/author\/admin\/#author"},"creator":{"@id":"https:\/\/www.eldigitaldeasturias.com\/noticias\/author\/admin\/#author"},"image":{"@type":"ImageObject","url":979410,"@id":"https:\/\/www.eldigitaldeasturias.com\/noticias\/olona-visita-el-salon-de-gourmets\/#mainImage"},"primaryImageOfPage":{"@id":"https:\/\/www.eldigitaldeasturias.com\/noticias\/olona-visita-el-salon-de-gourmets\/#mainImage"},"datePublished":"2018-05-07T19:41:52+02:00","dateModified":"2018-05-07T19:41:52+02:00"},{"@type":"WebSite","@id":"https:\/\/www.eldigitaldeasturias.com\/noticias\/#website","url":"https:\/\/www.eldigitaldeasturias.com\/noticias\/","name":"El Digital de Asturias - Diario de actualidad y noticias","alternateName":"El Digital de Asturias - Diario de actualidad y noticias","description":"Hemeroteca","inLanguage":"es-ES","publisher":{"@id":"https:\/\/www.eldigitaldeasturias.com\/noticias\/#organization"}}]},"og:locale":"es_ES","og:site_name":"El Digital de Asturias","og:type":"article","og:title":"Olona visita el Sal\u00f3n de Gourmets - El Digital de Asturias","og:description":"El consejero de Desarrollo Rural y Sostenibilidad del Gobierno de Arag\u00f3n, Joaqu\u00edn Olona, ha visitado este lunes la 32 edici\u00f3n del Sal\u00f3n de Gourmets, que se desarrolla del 7 al 10 de mayo de 2018 en la feria IFEMA de Madrid. Este evento profesional dedicado a las delicatessen, supone un importante escaparate donde se dan","og:url":"https:\/\/www.eldigitaldeasturias.com\/noticias\/olona-visita-el-salon-de-gourmets\/","article:tag":["actualidad"],"article:published_time":"2018-05-07T19:41:52+00:00","article:modified_time":"2018-05-07T19:41:52+00:00","article:publisher":"https:\/\/facebook.com\/eldigitaldeasturias","twitter:card":"summary_large_image","twitter:title":"Olona visita el Sal\u00f3n de Gourmets - El Digital de Asturias","twitter:description":"El consejero de Desarrollo Rural y Sostenibilidad del Gobierno de Arag\u00f3n, Joaqu\u00edn Olona, ha visitado este lunes la 32 edici\u00f3n del Sal\u00f3n de Gourmets, que se desarrolla del 7 al 10 de mayo de 2018 en la feria IFEMA de Madrid. Este evento profesional dedicado a las delicatessen, supone un importante escaparate donde se dan","twitter:image":"https:\/\/www.eldigitaldeasturias.com\/noticias\/wp-content\/uploads\/2020\/12\/EDA-1.jpg","twitter:label1":"Escrito por","twitter:data1":"El Digital de Asturias","twitter:label2":"Tiempo de lectura estimado","twitter:data2":"4 minutos"},"aioseo_meta_data":{"post_id":"979409","title":null,"description":null,"keywords":null,"keyphrases":null,"primary_term":null,"canonical_url":null,"og_title":null,"og_description":null,"og_object_type":"default","og_image_type":"default","og_image_url":null,"og_image_width":null,"og_image_height":null,"og_image_custom_url":null,"og_image_custom_fields":null,"og_video":null,"og_custom_url":null,"og_article_section":null,"og_article_tags":null,"twitter_use_og":false,"twitter_card":"default","twitter_image_type":"default","twitter_image_url":null,"twitter_image_custom_url":null,"twitter_image_custom_fields":null,"twitter_title":null,"twitter_description":null,"schema":{"blockGraphs":[],"customGraphs":[],"default":{"data":{"Article":[],"Course":[],"Dataset":[],"FAQPage":[],"Movie":[],"Person":[],"Product":[],"ProductReview":[],"Car":[],"Recipe":[],"Service":[],"SoftwareApplication":[],"WebPage":[]},"graphName":"","isEnabled":true},"graphs":[],"defaultGraph":"","defaultPostTypeGraph":""},"schema_type":null,"schema_type_options":null,"pillar_content":false,"robots_default":true,"robots_noindex":false,"robots_noarchive":false,"robots_nosnippet":false,"robots_nofollow":false,"robots_noimageindex":false,"robots_noodp":false,"robots_notranslate":false,"robots_max_snippet":null,"robots_max_videopreview":null,"robots_max_imagepreview":"large","priority":null,"frequency":null,"local_seo":null,"seo_analyzer_scan_date":"2025-10-08 14:15:06","breadcrumb_settings":null,"limit_modified_date":false,"open_ai":null,"ai":null,"created":"2020-12-21 11:59:38","updated":"2025-10-08 14:15:06","focus_keyword":null,"additional_keywords":null,"truseo_locale":null},"aioseo_breadcrumb":"<div class=\"aioseo-breadcrumbs\"><span class=\"aioseo-breadcrumb\">\n\t<a href=\"https:\/\/www.eldigitaldeasturias.com\/noticias\" title=\"Home\">Home<\/a>\n<\/span><span class=\"aioseo-breadcrumb-separator\">\u2013<\/span><span class=\"aioseo-breadcrumb\">\n\t<a href=\"https:\/\/www.eldigitaldeasturias.com\/noticias\/category\/actualidad\/\" title=\"Actualidad\">Actualidad<\/a>\n<\/span><span class=\"aioseo-breadcrumb-separator\">\u2013<\/span><span class=\"aioseo-breadcrumb\">\n\t<a href=\"https:\/\/www.eldigitaldeasturias.com\/noticias\/olona-visita-el-salon-de-gourmets\/\" title=\"Olona visita el Sal\u00f3n de Gourmets\">Olona visita el Sal\u00f3n de Gourmets<\/a>\n<\/span><\/div>","aioseo_breadcrumb_json":[{"label":"Home","link":"https:\/\/www.eldigitaldeasturias.com\/noticias"},{"label":"Actualidad","link":"https:\/\/www.eldigitaldeasturias.com\/noticias\/category\/actualidad\/"},{"label":"Olona visita el Sal\u00f3n de Gourmets","link":"https:\/\/www.eldigitaldeasturias.com\/noticias\/olona-visita-el-salon-de-gourmets\/"}],"_links":{"self":[{"href":"https:\/\/www.eldigitaldeasturias.com\/noticias\/wp-json\/wp\/v2\/posts\/979409","targetHints":{"allow":["GET"]}}],"collection":[{"href":"https:\/\/www.eldigitaldeasturias.com\/noticias\/wp-json\/wp\/v2\/posts"}],"about":[{"href":"https:\/\/www.eldigitaldeasturias.com\/noticias\/wp-json\/wp\/v2\/types\/post"}],"author":[{"embeddable":true,"href":"https:\/\/www.eldigitaldeasturias.com\/noticias\/wp-json\/wp\/v2\/users\/1"}],"replies":[{"embeddable":true,"href":"https:\/\/www.eldigitaldeasturias.com\/noticias\/wp-json\/wp\/v2\/comments?post=979409"}],"version-history":[{"count":0,"href":"https:\/\/www.eldigitaldeasturias.com\/noticias\/wp-json\/wp\/v2\/posts\/979409\/revisions"}],"wp:attachment":[{"href":"https:\/\/www.eldigitaldeasturias.com\/noticias\/wp-json\/wp\/v2\/media?parent=979409"}],"wp:term":[{"taxonomy":"category","embeddable":true,"href":"https:\/\/www.eldigitaldeasturias.com\/noticias\/wp-json\/wp\/v2\/categories?post=979409"},{"taxonomy":"post_tag","embeddable":true,"href":"https:\/\/www.eldigitaldeasturias.com\/noticias\/wp-json\/wp\/v2\/tags?post=979409"}],"curies":[{"name":"wp","href":"https:\/\/api.w.org\/{rel}","templated":true}]}}