{"id":979400,"date":"2018-05-07T19:15:48","date_gmt":"2018-05-07T19:15:48","guid":{"rendered":"http:\/\/www.eldigitaldeasturias.com\/noticias\/?p=979400"},"modified":"2018-05-07T19:15:48","modified_gmt":"2018-05-07T19:15:48","slug":"zoido-recibe-a-los-heroes-de-cuatro-patas","status":"publish","type":"post","link":"https:\/\/www.eldigitaldeasturias.com\/noticias\/zoido-recibe-a-los-heroes-de-cuatro-patas\/","title":{"rendered":"Zoido recibe a los \u00abH\u00e9roes de Cuatro Patas\u00bb"},"content":{"rendered":"<p><img loading=\"lazy\" decoding=\"async\" class=\"alignleft size-medium wp-image-979401\" src=\"https:\/\/www.eldigitaldeasturias.com\/noticias\/wp-content\/uploads\/2018\/05\/030518Zoido_heroes-360x239.jpg\" alt=\"\" width=\"360\" height=\"239\" \/>El ministro del Interior, Juan Ignacio Zoido, ha recibido este mediod\u00eda en la sede de su departamento a los integrantes de la Asociaci\u00f3n Policial \u00abH\u00e9roes de Cuatro Patas\u00bb, que viajar\u00e1n el pr\u00f3ximo d\u00eda 14 a Viena (Austria) para presentar su trabajo ante la ONU. Es la primera vez que los promotores de esta asociaci\u00f3n, constituida en enero de 2015 por polic\u00edas nacionales, son recibidos por un ministro del Interior.<\/p>\n<p>\u200bLa presidenta de la Asociaci\u00f3n, Rosa Chamorro, junto con el vicepresidente \u00c1ngel Bueno, la tesorera Mar\u00eda Llanos y la vocal Sophia Mu\u00f1oz, se presentaron en el Ministerio con tres perros que han realizado sus servicios en diferentes unidades caninas de la Polic\u00eda Nacional, Guardia Civil y el Ej\u00e9rcito espa\u00f1ol.<\/p>\n<p>En concreto, con \u00abBeny\u00bb, un pastor alem\u00e1n que ha prestado sus servicios en la Unidad de Estupefacientes de la Guardia Civil; \u00abTara\u00bb, un Golden Retriever, de Estupefacientes de la Polic\u00eda Nacional y \u00abTata\u00bb, una pastor de l\u00ednea checa, que desempe\u00f1aba su labor en Explosivos y Seguridad del Ej\u00e9rcito del Aire.<\/p>\n<p>El ministro les traslad\u00f3 el agradecimiento por el trabajo que desempe\u00f1an estos canes en la resoluci\u00f3n de importantes labores de investigaci\u00f3n de las Fuerzas y Cuerpos de Seguridad del Estado. Zoido se interes\u00f3 por el trabajo que desempe\u00f1a esta asociaci\u00f3n y les felicit\u00f3 por el \u00e9xito que supone que sean recibidos la pr\u00f3xima semana en la ONU, un paso de enorme trascendencia para que los \u00abH\u00e9roes de 4 patas\u00bb sean conocidos en todos el mundo.<\/p>\n<p>La labor de \u00abH\u00e9roes de 4 patas\u00bb, que es una organizaci\u00f3n sin \u00e1nimo de lucro, consiste, fundamentalmente, en ofrecer una retirada digna y de calidad a los perros de trabajo que abandonan el servicio por edad o p\u00e9rdida de capacidades mediante la creaci\u00f3n de una red de familias adoptantes. Desde su constituci\u00f3n ya son 160 perros de trabajo los que ha sido adoptados por otras tantas familias.<\/p>\n","protected":false},"excerpt":{"rendered":"<p>El ministro del Interior, Juan Ignacio Zoido, ha recibido este mediod\u00eda en la sede de su departamento a los integrantes de la Asociaci\u00f3n Policial \u00abH\u00e9roes de Cuatro Patas\u00bb, que viajar\u00e1n el pr\u00f3ximo d\u00eda 14 a Viena (Austria) para presentar su trabajo ante la ONU. Es la primera vez que los promotores de esta asociaci\u00f3n, constituida [&hellip;]<\/p>\n","protected":false},"author":1,"featured_media":979401,"comment_status":"closed","ping_status":"closed","sticky":false,"template":"","format":"standard","meta":{"footnotes":""},"categories":[1],"tags":[],"class_list":["post-979400","post","type-post","status-publish","format-standard","has-post-thumbnail","hentry","category-actualidad"],"aioseo_notices":[],"aioseo_head":"\n\t\t<!-- All in One SEO Pro 5.0.1 - aioseo.com -->\n\t<meta name=\"description\" content=\"El ministro del Interior, Juan Ignacio Zoido, ha recibido este mediod\u00eda en la sede de su departamento a los integrantes de la Asociaci\u00f3n Policial &quot;H\u00e9roes de Cuatro Patas&quot;, que viajar\u00e1n el pr\u00f3ximo d\u00eda 14 a Viena (Austria) para presentar su trabajo ante la ONU. Es la primera vez que los promotores de esta asociaci\u00f3n, constituida\" \/>\n\t<meta name=\"robots\" content=\"max-image-preview:large\" \/>\n\t<meta name=\"author\" content=\"El Digital de Asturias\"\/>\n\t<meta name=\"google-site-verification\" content=\"UA-38556648-1\" \/>\n\t<meta name=\"msvalidate.01\" content=\"7dfe9f3f1b24437ab69f4f2559babe99\" \/>\n\t<meta name=\"keywords\" content=\"actualidad\" \/>\n\t<link rel=\"canonical\" href=\"https:\/\/www.eldigitaldeasturias.com\/noticias\/zoido-recibe-a-los-heroes-de-cuatro-patas\/\" \/>\n\t<meta name=\"generator\" content=\"All in One SEO Pro (AIOSEO) 5.0.1\" \/>\n\t\t<meta property=\"og:locale\" content=\"es_ES\" \/>\n\t\t<meta property=\"og:site_name\" content=\"El Digital de Asturias\" \/>\n\t\t<meta property=\"og:type\" content=\"article\" \/>\n\t\t<meta property=\"og:title\" content=\"Zoido recibe a los \u00abH\u00e9roes de Cuatro Patas\u00bb - El Digital de Asturias\" \/>\n\t\t<meta property=\"og:description\" content=\"El ministro del Interior, Juan Ignacio Zoido, ha recibido este mediod\u00eda en la sede de su departamento a los integrantes de la Asociaci\u00f3n Policial &quot;H\u00e9roes de Cuatro Patas&quot;, que viajar\u00e1n el pr\u00f3ximo d\u00eda 14 a Viena (Austria) para presentar su trabajo ante la ONU. Es la primera vez que los promotores de esta asociaci\u00f3n, constituida\" \/>\n\t\t<meta property=\"og:url\" content=\"https:\/\/www.eldigitaldeasturias.com\/noticias\/zoido-recibe-a-los-heroes-de-cuatro-patas\/\" \/>\n\t\t<meta property=\"article:tag\" content=\"actualidad\" \/>\n\t\t<meta property=\"article:published_time\" content=\"2018-05-07T19:15:48+00:00\" \/>\n\t\t<meta property=\"article:modified_time\" content=\"2018-05-07T19:15:48+00:00\" \/>\n\t\t<meta property=\"article:publisher\" content=\"https:\/\/facebook.com\/eldigitaldeasturias\" \/>\n\t\t<meta name=\"twitter:card\" content=\"summary_large_image\" \/>\n\t\t<meta name=\"twitter:title\" content=\"Zoido recibe a los \u00abH\u00e9roes de Cuatro Patas\u00bb - El Digital de Asturias\" \/>\n\t\t<meta name=\"twitter:description\" content=\"El ministro del Interior, Juan Ignacio Zoido, ha recibido este mediod\u00eda en la sede de su departamento a los integrantes de la Asociaci\u00f3n Policial &quot;H\u00e9roes de Cuatro Patas&quot;, que viajar\u00e1n el pr\u00f3ximo d\u00eda 14 a Viena (Austria) para presentar su trabajo ante la ONU. Es la primera vez que los promotores de esta asociaci\u00f3n, constituida\" \/>\n\t\t<meta name=\"twitter:image\" content=\"https:\/\/www.eldigitaldeasturias.com\/noticias\/wp-content\/uploads\/2020\/12\/EDA-1.jpg\" \/>\n\t\t<meta name=\"twitter:label1\" content=\"Escrito por\" \/>\n\t\t<meta name=\"twitter:data1\" content=\"El Digital de Asturias\" \/>\n\t\t<meta name=\"twitter:label2\" content=\"Tiempo de lectura estimado\" \/>\n\t\t<meta name=\"twitter:data2\" content=\"2 minutos\" \/>\n\t\t<script type=\"application\/ld+json\" class=\"aioseo-schema\">\n\t\t\t{\"@context\":\"https:\\\/\\\/schema.org\",\"@graph\":[{\"@type\":\"BlogPosting\",\"@id\":\"https:\\\/\\\/www.eldigitaldeasturias.com\\\/noticias\\\/zoido-recibe-a-los-heroes-de-cuatro-patas\\\/#blogposting\",\"name\":\"Zoido recibe a los \\u00abH\\u00e9roes de Cuatro Patas\\u00bb - El Digital de Asturias\",\"headline\":\"Zoido recibe a los \\u00abH\\u00e9roes de Cuatro Patas\\u00bb\",\"author\":{\"@id\":\"https:\\\/\\\/www.eldigitaldeasturias.com\\\/noticias\\\/author\\\/admin\\\/#author\"},\"publisher\":{\"@id\":\"https:\\\/\\\/www.eldigitaldeasturias.com\\\/noticias\\\/#organization\"},\"image\":{\"@type\":\"ImageObject\",\"url\":979401},\"datePublished\":\"2018-05-07T19:15:48+02:00\",\"dateModified\":\"2018-05-07T19:15:48+02:00\",\"inLanguage\":\"es-ES\",\"mainEntityOfPage\":{\"@id\":\"https:\\\/\\\/www.eldigitaldeasturias.com\\\/noticias\\\/zoido-recibe-a-los-heroes-de-cuatro-patas\\\/#webpage\"},\"isPartOf\":{\"@id\":\"https:\\\/\\\/www.eldigitaldeasturias.com\\\/noticias\\\/zoido-recibe-a-los-heroes-de-cuatro-patas\\\/#webpage\"},\"articleSection\":\"Actualidad\"},{\"@type\":\"BreadcrumbList\",\"@id\":\"https:\\\/\\\/www.eldigitaldeasturias.com\\\/noticias\\\/zoido-recibe-a-los-heroes-de-cuatro-patas\\\/#breadcrumblist\",\"itemListElement\":[{\"@type\":\"ListItem\",\"@id\":\"https:\\\/\\\/www.eldigitaldeasturias.com\\\/noticias#listItem\",\"position\":1,\"name\":\"Home\",\"item\":\"https:\\\/\\\/www.eldigitaldeasturias.com\\\/noticias\",\"nextItem\":{\"@type\":\"ListItem\",\"@id\":\"https:\\\/\\\/www.eldigitaldeasturias.com\\\/noticias\\\/category\\\/actualidad\\\/#listItem\",\"name\":\"Actualidad\"}},{\"@type\":\"ListItem\",\"@id\":\"https:\\\/\\\/www.eldigitaldeasturias.com\\\/noticias\\\/category\\\/actualidad\\\/#listItem\",\"position\":2,\"name\":\"Actualidad\",\"item\":\"https:\\\/\\\/www.eldigitaldeasturias.com\\\/noticias\\\/category\\\/actualidad\\\/\",\"nextItem\":{\"@type\":\"ListItem\",\"@id\":\"https:\\\/\\\/www.eldigitaldeasturias.com\\\/noticias\\\/zoido-recibe-a-los-heroes-de-cuatro-patas\\\/#listItem\",\"name\":\"Zoido recibe a los \\u00abH\\u00e9roes de Cuatro Patas\\u00bb\"},\"previousItem\":{\"@type\":\"ListItem\",\"@id\":\"https:\\\/\\\/www.eldigitaldeasturias.com\\\/noticias#listItem\",\"name\":\"Home\"}},{\"@type\":\"ListItem\",\"@id\":\"https:\\\/\\\/www.eldigitaldeasturias.com\\\/noticias\\\/zoido-recibe-a-los-heroes-de-cuatro-patas\\\/#listItem\",\"position\":3,\"name\":\"Zoido recibe a los \\u00abH\\u00e9roes de Cuatro Patas\\u00bb\",\"previousItem\":{\"@type\":\"ListItem\",\"@id\":\"https:\\\/\\\/www.eldigitaldeasturias.com\\\/noticias\\\/category\\\/actualidad\\\/#listItem\",\"name\":\"Actualidad\"}}]},{\"@type\":\"Organization\",\"@id\":\"https:\\\/\\\/www.eldigitaldeasturias.com\\\/noticias\\\/#organization\",\"name\":\"El Digital de Asturias\",\"description\":\"Hemeroteca\",\"url\":\"https:\\\/\\\/www.eldigitaldeasturias.com\\\/noticias\\\/\",\"email\":\"info@eldigitaldeasturias.com\",\"telephone\":\"+34652131393\",\"logo\":{\"@type\":\"ImageObject\",\"url\":\"https:\\\/\\\/www.eldigitaldeasturias.com\\\/noticias\\\/wp-content\\\/uploads\\\/2020\\\/12\\\/EDA.jpg\",\"@id\":\"https:\\\/\\\/www.eldigitaldeasturias.com\\\/noticias\\\/zoido-recibe-a-los-heroes-de-cuatro-patas\\\/#organizationLogo\"},\"image\":{\"@id\":\"https:\\\/\\\/www.eldigitaldeasturias.com\\\/noticias\\\/zoido-recibe-a-los-heroes-de-cuatro-patas\\\/#organizationLogo\"},\"sameAs\":[\"https:\\\/\\\/facebook.com\\\/eldigitaldeasturias\",\"https:\\\/\\\/www.youtube.com\\\/channel\\\/UCZP-2wLEB9Rv6erhFmqVnvg\"],\"address\":{\"@id\":\"https:\\\/\\\/www.eldigitaldeasturias.com\\\/noticias\\\/#postaladdress\",\"@type\":\"PostalAddress\",\"streetAddress\":\"san antonio 4\",\"postalCode\":\"33430\",\"addressLocality\":\"Cand\\u00e1s\",\"addressRegion\":\"Asturias\",\"addressCountry\":\"ES\"}},{\"@type\":\"Person\",\"@id\":\"https:\\\/\\\/www.eldigitaldeasturias.com\\\/noticias\\\/author\\\/admin\\\/#author\",\"url\":\"https:\\\/\\\/www.eldigitaldeasturias.com\\\/noticias\\\/author\\\/admin\\\/\",\"name\":\"El Digital de Asturias\",\"image\":{\"@type\":\"ImageObject\",\"@id\":\"https:\\\/\\\/www.eldigitaldeasturias.com\\\/noticias\\\/zoido-recibe-a-los-heroes-de-cuatro-patas\\\/#authorImage\",\"url\":\"https:\\\/\\\/secure.gravatar.com\\\/avatar\\\/df2aeffc32bcd13f8d26072ef8a91b623d677766deac7f97ca815868cd41bf5e?s=96&d=mm&r=g\",\"width\":96,\"height\":96,\"caption\":\"El Digital de Asturias\"}},{\"@type\":\"WebPage\",\"@id\":\"https:\\\/\\\/www.eldigitaldeasturias.com\\\/noticias\\\/zoido-recibe-a-los-heroes-de-cuatro-patas\\\/#webpage\",\"url\":\"https:\\\/\\\/www.eldigitaldeasturias.com\\\/noticias\\\/zoido-recibe-a-los-heroes-de-cuatro-patas\\\/\",\"name\":\"Zoido recibe a los \\u00abH\\u00e9roes de Cuatro Patas\\u00bb - El Digital de Asturias\",\"description\":\"El ministro del Interior, Juan Ignacio Zoido, ha recibido este mediod\\u00eda en la sede de su departamento a los integrantes de la Asociaci\\u00f3n Policial \\\"H\\u00e9roes de Cuatro Patas\\\", que viajar\\u00e1n el pr\\u00f3ximo d\\u00eda 14 a Viena (Austria) para presentar su trabajo ante la ONU. Es la primera vez que los promotores de esta asociaci\\u00f3n, constituida\",\"inLanguage\":\"es-ES\",\"isPartOf\":{\"@id\":\"https:\\\/\\\/www.eldigitaldeasturias.com\\\/noticias\\\/#website\"},\"breadcrumb\":{\"@id\":\"https:\\\/\\\/www.eldigitaldeasturias.com\\\/noticias\\\/zoido-recibe-a-los-heroes-de-cuatro-patas\\\/#breadcrumblist\"},\"author\":{\"@id\":\"https:\\\/\\\/www.eldigitaldeasturias.com\\\/noticias\\\/author\\\/admin\\\/#author\"},\"creator\":{\"@id\":\"https:\\\/\\\/www.eldigitaldeasturias.com\\\/noticias\\\/author\\\/admin\\\/#author\"},\"image\":{\"@type\":\"ImageObject\",\"url\":979401,\"@id\":\"https:\\\/\\\/www.eldigitaldeasturias.com\\\/noticias\\\/zoido-recibe-a-los-heroes-de-cuatro-patas\\\/#mainImage\"},\"primaryImageOfPage\":{\"@id\":\"https:\\\/\\\/www.eldigitaldeasturias.com\\\/noticias\\\/zoido-recibe-a-los-heroes-de-cuatro-patas\\\/#mainImage\"},\"datePublished\":\"2018-05-07T19:15:48+02:00\",\"dateModified\":\"2018-05-07T19:15:48+02:00\"},{\"@type\":\"WebSite\",\"@id\":\"https:\\\/\\\/www.eldigitaldeasturias.com\\\/noticias\\\/#website\",\"url\":\"https:\\\/\\\/www.eldigitaldeasturias.com\\\/noticias\\\/\",\"name\":\"El Digital de Asturias - Diario de actualidad y noticias\",\"alternateName\":\"El Digital de Asturias - Diario de actualidad y noticias\",\"description\":\"Hemeroteca\",\"inLanguage\":\"es-ES\",\"publisher\":{\"@id\":\"https:\\\/\\\/www.eldigitaldeasturias.com\\\/noticias\\\/#organization\"}}]}\n\t\t<\/script>\n\t\t<!-- All in One SEO Pro -->\r\n\t\t<title>Zoido recibe a los \u00abH\u00e9roes de Cuatro Patas\u00bb - El Digital de Asturias<\/title>\n\n","aioseo_head_json":{"title":"Zoido recibe a los \u00abH\u00e9roes de Cuatro Patas\u00bb - El Digital de Asturias","description":"El ministro del Interior, Juan Ignacio Zoido, ha recibido este mediod\u00eda en la sede de su departamento a los integrantes de la Asociaci\u00f3n Policial \"H\u00e9roes de Cuatro Patas\", que viajar\u00e1n el pr\u00f3ximo d\u00eda 14 a Viena (Austria) para presentar su trabajo ante la ONU. Es la primera vez que los promotores de esta asociaci\u00f3n, constituida","canonical_url":"https:\/\/www.eldigitaldeasturias.com\/noticias\/zoido-recibe-a-los-heroes-de-cuatro-patas\/","robots":"max-image-preview:large","keywords":"actualidad","webmasterTools":{"google-site-verification":"UA-38556648-1","msvalidate.01":"7dfe9f3f1b24437ab69f4f2559babe99","miscellaneous":""},"schema":{"@context":"https:\/\/schema.org","@graph":[{"@type":"BlogPosting","@id":"https:\/\/www.eldigitaldeasturias.com\/noticias\/zoido-recibe-a-los-heroes-de-cuatro-patas\/#blogposting","name":"Zoido recibe a los \u00abH\u00e9roes de Cuatro Patas\u00bb - El Digital de Asturias","headline":"Zoido recibe a los \u00abH\u00e9roes de Cuatro Patas\u00bb","author":{"@id":"https:\/\/www.eldigitaldeasturias.com\/noticias\/author\/admin\/#author"},"publisher":{"@id":"https:\/\/www.eldigitaldeasturias.com\/noticias\/#organization"},"image":{"@type":"ImageObject","url":979401},"datePublished":"2018-05-07T19:15:48+02:00","dateModified":"2018-05-07T19:15:48+02:00","inLanguage":"es-ES","mainEntityOfPage":{"@id":"https:\/\/www.eldigitaldeasturias.com\/noticias\/zoido-recibe-a-los-heroes-de-cuatro-patas\/#webpage"},"isPartOf":{"@id":"https:\/\/www.eldigitaldeasturias.com\/noticias\/zoido-recibe-a-los-heroes-de-cuatro-patas\/#webpage"},"articleSection":"Actualidad"},{"@type":"BreadcrumbList","@id":"https:\/\/www.eldigitaldeasturias.com\/noticias\/zoido-recibe-a-los-heroes-de-cuatro-patas\/#breadcrumblist","itemListElement":[{"@type":"ListItem","@id":"https:\/\/www.eldigitaldeasturias.com\/noticias#listItem","position":1,"name":"Home","item":"https:\/\/www.eldigitaldeasturias.com\/noticias","nextItem":{"@type":"ListItem","@id":"https:\/\/www.eldigitaldeasturias.com\/noticias\/category\/actualidad\/#listItem","name":"Actualidad"}},{"@type":"ListItem","@id":"https:\/\/www.eldigitaldeasturias.com\/noticias\/category\/actualidad\/#listItem","position":2,"name":"Actualidad","item":"https:\/\/www.eldigitaldeasturias.com\/noticias\/category\/actualidad\/","nextItem":{"@type":"ListItem","@id":"https:\/\/www.eldigitaldeasturias.com\/noticias\/zoido-recibe-a-los-heroes-de-cuatro-patas\/#listItem","name":"Zoido recibe a los \u00abH\u00e9roes de Cuatro Patas\u00bb"},"previousItem":{"@type":"ListItem","@id":"https:\/\/www.eldigitaldeasturias.com\/noticias#listItem","name":"Home"}},{"@type":"ListItem","@id":"https:\/\/www.eldigitaldeasturias.com\/noticias\/zoido-recibe-a-los-heroes-de-cuatro-patas\/#listItem","position":3,"name":"Zoido recibe a los \u00abH\u00e9roes de Cuatro Patas\u00bb","previousItem":{"@type":"ListItem","@id":"https:\/\/www.eldigitaldeasturias.com\/noticias\/category\/actualidad\/#listItem","name":"Actualidad"}}]},{"@type":"Organization","@id":"https:\/\/www.eldigitaldeasturias.com\/noticias\/#organization","name":"El Digital de Asturias","description":"Hemeroteca","url":"https:\/\/www.eldigitaldeasturias.com\/noticias\/","email":"info@eldigitaldeasturias.com","telephone":"+34652131393","logo":{"@type":"ImageObject","url":"https:\/\/www.eldigitaldeasturias.com\/noticias\/wp-content\/uploads\/2020\/12\/EDA.jpg","@id":"https:\/\/www.eldigitaldeasturias.com\/noticias\/zoido-recibe-a-los-heroes-de-cuatro-patas\/#organizationLogo"},"image":{"@id":"https:\/\/www.eldigitaldeasturias.com\/noticias\/zoido-recibe-a-los-heroes-de-cuatro-patas\/#organizationLogo"},"sameAs":["https:\/\/facebook.com\/eldigitaldeasturias","https:\/\/www.youtube.com\/channel\/UCZP-2wLEB9Rv6erhFmqVnvg"],"address":{"@id":"https:\/\/www.eldigitaldeasturias.com\/noticias\/#postaladdress","@type":"PostalAddress","streetAddress":"san antonio 4","postalCode":"33430","addressLocality":"Cand\u00e1s","addressRegion":"Asturias","addressCountry":"ES"}},{"@type":"Person","@id":"https:\/\/www.eldigitaldeasturias.com\/noticias\/author\/admin\/#author","url":"https:\/\/www.eldigitaldeasturias.com\/noticias\/author\/admin\/","name":"El Digital de Asturias","image":{"@type":"ImageObject","@id":"https:\/\/www.eldigitaldeasturias.com\/noticias\/zoido-recibe-a-los-heroes-de-cuatro-patas\/#authorImage","url":"https:\/\/secure.gravatar.com\/avatar\/df2aeffc32bcd13f8d26072ef8a91b623d677766deac7f97ca815868cd41bf5e?s=96&d=mm&r=g","width":96,"height":96,"caption":"El Digital de Asturias"}},{"@type":"WebPage","@id":"https:\/\/www.eldigitaldeasturias.com\/noticias\/zoido-recibe-a-los-heroes-de-cuatro-patas\/#webpage","url":"https:\/\/www.eldigitaldeasturias.com\/noticias\/zoido-recibe-a-los-heroes-de-cuatro-patas\/","name":"Zoido recibe a los \u00abH\u00e9roes de Cuatro Patas\u00bb - El Digital de Asturias","description":"El ministro del Interior, Juan Ignacio Zoido, ha recibido este mediod\u00eda en la sede de su departamento a los integrantes de la Asociaci\u00f3n Policial \"H\u00e9roes de Cuatro Patas\", que viajar\u00e1n el pr\u00f3ximo d\u00eda 14 a Viena (Austria) para presentar su trabajo ante la ONU. Es la primera vez que los promotores de esta asociaci\u00f3n, constituida","inLanguage":"es-ES","isPartOf":{"@id":"https:\/\/www.eldigitaldeasturias.com\/noticias\/#website"},"breadcrumb":{"@id":"https:\/\/www.eldigitaldeasturias.com\/noticias\/zoido-recibe-a-los-heroes-de-cuatro-patas\/#breadcrumblist"},"author":{"@id":"https:\/\/www.eldigitaldeasturias.com\/noticias\/author\/admin\/#author"},"creator":{"@id":"https:\/\/www.eldigitaldeasturias.com\/noticias\/author\/admin\/#author"},"image":{"@type":"ImageObject","url":979401,"@id":"https:\/\/www.eldigitaldeasturias.com\/noticias\/zoido-recibe-a-los-heroes-de-cuatro-patas\/#mainImage"},"primaryImageOfPage":{"@id":"https:\/\/www.eldigitaldeasturias.com\/noticias\/zoido-recibe-a-los-heroes-de-cuatro-patas\/#mainImage"},"datePublished":"2018-05-07T19:15:48+02:00","dateModified":"2018-05-07T19:15:48+02:00"},{"@type":"WebSite","@id":"https:\/\/www.eldigitaldeasturias.com\/noticias\/#website","url":"https:\/\/www.eldigitaldeasturias.com\/noticias\/","name":"El Digital de Asturias - Diario de actualidad y noticias","alternateName":"El Digital de Asturias - Diario de actualidad y noticias","description":"Hemeroteca","inLanguage":"es-ES","publisher":{"@id":"https:\/\/www.eldigitaldeasturias.com\/noticias\/#organization"}}]},"og:locale":"es_ES","og:site_name":"El Digital de Asturias","og:type":"article","og:title":"Zoido recibe a los \u00abH\u00e9roes de Cuatro Patas\u00bb - El Digital de Asturias","og:description":"El ministro del Interior, Juan Ignacio Zoido, ha recibido este mediod\u00eda en la sede de su departamento a los integrantes de la Asociaci\u00f3n Policial &quot;H\u00e9roes de Cuatro Patas&quot;, que viajar\u00e1n el pr\u00f3ximo d\u00eda 14 a Viena (Austria) para presentar su trabajo ante la ONU. Es la primera vez que los promotores de esta asociaci\u00f3n, constituida","og:url":"https:\/\/www.eldigitaldeasturias.com\/noticias\/zoido-recibe-a-los-heroes-de-cuatro-patas\/","article:tag":["actualidad"],"article:published_time":"2018-05-07T19:15:48+00:00","article:modified_time":"2018-05-07T19:15:48+00:00","article:publisher":"https:\/\/facebook.com\/eldigitaldeasturias","twitter:card":"summary_large_image","twitter:title":"Zoido recibe a los \u00abH\u00e9roes de Cuatro Patas\u00bb - El Digital de Asturias","twitter:description":"El ministro del Interior, Juan Ignacio Zoido, ha recibido este mediod\u00eda en la sede de su departamento a los integrantes de la Asociaci\u00f3n Policial &quot;H\u00e9roes de Cuatro Patas&quot;, que viajar\u00e1n el pr\u00f3ximo d\u00eda 14 a Viena (Austria) para presentar su trabajo ante la ONU. Es la primera vez que los promotores de esta asociaci\u00f3n, constituida","twitter:image":"https:\/\/www.eldigitaldeasturias.com\/noticias\/wp-content\/uploads\/2020\/12\/EDA-1.jpg","twitter:label1":"Escrito por","twitter:data1":"El Digital de Asturias","twitter:label2":"Tiempo de lectura estimado","twitter:data2":"2 minutos"},"aioseo_meta_data":{"post_id":"979400","title":null,"description":null,"keywords":null,"keyphrases":null,"primary_term":null,"canonical_url":null,"og_title":null,"og_description":null,"og_object_type":"default","og_image_type":"default","og_image_url":null,"og_image_width":null,"og_image_height":null,"og_image_custom_url":null,"og_image_custom_fields":null,"og_video":null,"og_custom_url":null,"og_article_section":null,"og_article_tags":null,"twitter_use_og":false,"twitter_card":"default","twitter_image_type":"default","twitter_image_url":null,"twitter_image_custom_url":null,"twitter_image_custom_fields":null,"twitter_title":null,"twitter_description":null,"schema":{"blockGraphs":[],"customGraphs":[],"default":{"data":{"Article":[],"Course":[],"Dataset":[],"FAQPage":[],"Movie":[],"Person":[],"Product":[],"ProductReview":[],"Car":[],"Recipe":[],"Service":[],"SoftwareApplication":[],"WebPage":[]},"graphName":"","isEnabled":true},"graphs":[],"defaultGraph":"","defaultPostTypeGraph":""},"schema_type":null,"schema_type_options":null,"pillar_content":false,"robots_default":true,"robots_noindex":false,"robots_noarchive":false,"robots_nosnippet":false,"robots_nofollow":false,"robots_noimageindex":false,"robots_noodp":false,"robots_notranslate":false,"robots_max_snippet":null,"robots_max_videopreview":null,"robots_max_imagepreview":"large","priority":null,"frequency":null,"local_seo":null,"seo_analyzer_scan_date":"2025-10-08 14:13:05","breadcrumb_settings":null,"limit_modified_date":false,"open_ai":null,"ai":null,"created":"2020-12-21 11:59:38","updated":"2025-10-08 14:13:05","focus_keyword":null,"additional_keywords":null,"truseo_locale":null},"aioseo_breadcrumb":"<div class=\"aioseo-breadcrumbs\"><span class=\"aioseo-breadcrumb\">\n\t<a href=\"https:\/\/www.eldigitaldeasturias.com\/noticias\" title=\"Home\">Home<\/a>\n<\/span><span class=\"aioseo-breadcrumb-separator\">\u2013<\/span><span class=\"aioseo-breadcrumb\">\n\t<a href=\"https:\/\/www.eldigitaldeasturias.com\/noticias\/category\/actualidad\/\" title=\"Actualidad\">Actualidad<\/a>\n<\/span><span class=\"aioseo-breadcrumb-separator\">\u2013<\/span><span class=\"aioseo-breadcrumb\">\n\t<a href=\"https:\/\/www.eldigitaldeasturias.com\/noticias\/zoido-recibe-a-los-heroes-de-cuatro-patas\/\" title=\"Zoido recibe a los \u00abH\u00e9roes de Cuatro Patas\u00bb\">Zoido recibe a los \u00abH\u00e9roes de Cuatro Patas\u00bb<\/a>\n<\/span><\/div>","aioseo_breadcrumb_json":[{"label":"Home","link":"https:\/\/www.eldigitaldeasturias.com\/noticias"},{"label":"Actualidad","link":"https:\/\/www.eldigitaldeasturias.com\/noticias\/category\/actualidad\/"},{"label":"Zoido recibe a los \u00abH\u00e9roes de Cuatro Patas\u00bb","link":"https:\/\/www.eldigitaldeasturias.com\/noticias\/zoido-recibe-a-los-heroes-de-cuatro-patas\/"}],"_links":{"self":[{"href":"https:\/\/www.eldigitaldeasturias.com\/noticias\/wp-json\/wp\/v2\/posts\/979400","targetHints":{"allow":["GET"]}}],"collection":[{"href":"https:\/\/www.eldigitaldeasturias.com\/noticias\/wp-json\/wp\/v2\/posts"}],"about":[{"href":"https:\/\/www.eldigitaldeasturias.com\/noticias\/wp-json\/wp\/v2\/types\/post"}],"author":[{"embeddable":true,"href":"https:\/\/www.eldigitaldeasturias.com\/noticias\/wp-json\/wp\/v2\/users\/1"}],"replies":[{"embeddable":true,"href":"https:\/\/www.eldigitaldeasturias.com\/noticias\/wp-json\/wp\/v2\/comments?post=979400"}],"version-history":[{"count":0,"href":"https:\/\/www.eldigitaldeasturias.com\/noticias\/wp-json\/wp\/v2\/posts\/979400\/revisions"}],"wp:attachment":[{"href":"https:\/\/www.eldigitaldeasturias.com\/noticias\/wp-json\/wp\/v2\/media?parent=979400"}],"wp:term":[{"taxonomy":"category","embeddable":true,"href":"https:\/\/www.eldigitaldeasturias.com\/noticias\/wp-json\/wp\/v2\/categories?post=979400"},{"taxonomy":"post_tag","embeddable":true,"href":"https:\/\/www.eldigitaldeasturias.com\/noticias\/wp-json\/wp\/v2\/tags?post=979400"}],"curies":[{"name":"wp","href":"https:\/\/api.w.org\/{rel}","templated":true}]}}