{"id":979397,"date":"2018-05-07T19:14:22","date_gmt":"2018-05-07T19:14:22","guid":{"rendered":"http:\/\/www.eldigitaldeasturias.com\/noticias\/?p=979397"},"modified":"2018-05-07T19:14:22","modified_gmt":"2018-05-07T19:14:22","slug":"decimo-foro-juvenil-de-patrimonio-mundial-en-madrid-y-cordoba","status":"publish","type":"post","link":"https:\/\/www.eldigitaldeasturias.com\/noticias\/decimo-foro-juvenil-de-patrimonio-mundial-en-madrid-y-cordoba\/","title":{"rendered":"D\u00e9cimo Foro Juvenil de Patrimonio Mundial, en Madrid y C\u00f3rdoba"},"content":{"rendered":"<p><img loading=\"lazy\" decoding=\"async\" class=\"alignleft size-medium wp-image-979398\" src=\"https:\/\/www.eldigitaldeasturias.com\/noticias\/wp-content\/uploads\/2018\/05\/070518Forojuvenil-360x239.jpg\" alt=\"\" width=\"360\" height=\"239\" \/>Hoy se ha inaugurado el 10\u00ba Foro Juvenil de Patrimonio Mundial, que el Ministerio de Educaci\u00f3n, Cultura y Deporte organiza anualmente y de manera consecutiva desde 2009, y que coincide con la celebraci\u00f3n del A\u00f1o Europeo de Patrimonio Cultural 2018. Estas jornadas forman parte del Programa Patrimonio Joven, iniciativa pionera en educaci\u00f3n patrimonial entre j\u00f3venes reconocida por la UNESCO, y que en esta d\u00e9cima edici\u00f3n se celebra en C\u00f3rdoba.<\/p>\n<p>\u200bHasta el 12 de mayo, 35 j\u00f3venes de entre 13 y 15 a\u00f1os acompa\u00f1ados de 9 profesores procedentes de diversos pa\u00edses (Alemania, B\u00e9lgica, Eslovaquia, Hungr\u00eda, Italia, Pa\u00edses Bajos, Rep\u00fablica Checa, Portugal, Uruguay) y de las diferentes comunidades aut\u00f3nomas de Espa\u00f1a compartir\u00e1n en Madrid y en C\u00f3rdoba unas jornadas vinculadas a la educaci\u00f3n y la divulgaci\u00f3n patrimonial como visitas, encuentros y talleres participativos.<\/p>\n<p>Los objetivos de este Foro anual, organizado por el Ministerio de Educaci\u00f3n, Cultura y Deporte desde 2009, son fomentar el intercambio y la valoraci\u00f3n del patrimonio cultural de Europa como recurso compartido, sensibilizar acerca de la historia y los valores comunes y reforzar un sentimiento de pertenencia a un espacio com\u00fan.<\/p>\n<p><strong>Actividades del 10\u00ba Foro Juvenil de Patrimonio Mundial<\/strong><\/p>\n<p>El Foro comienza hoy en Madrid con una visita al &#8216;Paseo del Prado y al Parque de El Retiro&#8217;, designada candidata por Espa\u00f1a a la lista de Patrimonio Mundial de la UNESCO en la \u00faltima sesi\u00f3n de Consejo de Patrimonio Hist\u00f3rico.<\/p>\n<p>Posteriormente se trasladar\u00e1n a C\u00f3rdoba, sede oficial del encuentro, y Medina Azahara -candidatura oficial de Espa\u00f1a a integrar la Lista de Patrimonio Mundial en 2018-, y visitar los D\u00f3lmenes de Antequera, el Parque Natural de El Torcal y \u00dabeda. Tambi\u00e9n conocer\u00e1n los elementos del Patrimonio Inmaterial ligados a C\u00f3rdoba, concretamente la Fiesta de los Patios y el Flamenco.<\/p>\n<p>Adem\u00e1s de las visitas, el programa de actividades incluye talleres participativos y mesas redondas dise\u00f1adas en torno al tema central de trabajo: el Patrimonio Cultural Europeo, con ocasi\u00f3n de la celebraci\u00f3n en 2018 del &#8216;A\u00f1o Europeo de Patrimonio Cultural&#8217;. As\u00ed, como novedad, este a\u00f1o, la programaci\u00f3n did\u00e1ctica incluye un taller de &#8216;Patrimonio Europeo&#8217; y otro sobre &#8216;\u00bfC\u00f3mo hacer una candidatura de Patrimonio Mundial?&#8217;.<\/p>\n<p>Al acto de inauguraci\u00f3n han asistido el director general de Bellas Artes y Patrimonio Cultural, Luis Lafuente; la directora general de Patrimonio Cultural de la Comunidad de Madrid, Paloma Sobrini, y la representante del Centro de Patrimonio Mundial de la UNESCO, Alcira Sandoval.<\/p>\n<p>Luis Lafuente, director general de Bellas Artes y Patrimonio Cultural, ha asegurado durante su intervenci\u00f3n que la participaci\u00f3n en este Foro fomenta entre los j\u00f3venes \u00abuna mejor comprensi\u00f3n del Patrimonio Cultural lo que ayuda a consolidar el sentimiento de pertenencia a la Uni\u00f3n Europea y refuerza el di\u00e1logo intercultural\u00bb.<\/p>\n<p><strong>A\u00f1o Europeo Patrimonio Cultural 2018<\/strong><\/p>\n<p>Hasta el 31 de diciembre de 2018, el A\u00f1o Europeo prev\u00e9 miles de actos y celebraciones que tendr\u00e1n lugar en toda Europa promovidos por los distintos Estados Miembros, as\u00ed como proyectos transnacionales financiados por la UE. Estos proyectos se financiar\u00e1n con el apoyo de Erasmus+, Europa para los ciudadanos, Horizonte 2020 y otros programas de la UE. Tambi\u00e9n se ha puesto en marcha una convocatoria espec\u00edfica para un m\u00e1ximo de 25 proyectos en materia del patrimonio en el marco del programa Europa Creativa.<\/p>\n<p>Los proyectos e iniciativas nacionales, desarrollados por la Secretar\u00eda de Estado de Cultura, se complementar\u00e1n con las actividades y programaci\u00f3n de municipios y Comunidades Aut\u00f3nomas espa\u00f1olas.<\/p>\n","protected":false},"excerpt":{"rendered":"<p>Hoy se ha inaugurado el 10\u00ba Foro Juvenil de Patrimonio Mundial, que el Ministerio de Educaci\u00f3n, Cultura y Deporte organiza anualmente y de manera consecutiva desde 2009, y que coincide con la celebraci\u00f3n del A\u00f1o Europeo de Patrimonio Cultural 2018. Estas jornadas forman parte del Programa Patrimonio Joven, iniciativa pionera en educaci\u00f3n patrimonial entre j\u00f3venes [&hellip;]<\/p>\n","protected":false},"author":1,"featured_media":979398,"comment_status":"closed","ping_status":"closed","sticky":false,"template":"","format":"standard","meta":{"footnotes":""},"categories":[1],"tags":[],"class_list":["post-979397","post","type-post","status-publish","format-standard","has-post-thumbnail","hentry","category-actualidad"],"aioseo_notices":[],"aioseo_head":"\n\t\t<!-- All in One SEO Pro 5.0.1 - aioseo.com -->\n\t<meta name=\"description\" content=\"Hoy se ha inaugurado el 10\u00ba Foro Juvenil de Patrimonio Mundial, que el Ministerio de Educaci\u00f3n, Cultura y Deporte organiza anualmente y de manera consecutiva desde 2009, y que coincide con la celebraci\u00f3n del A\u00f1o Europeo de Patrimonio Cultural 2018. Estas jornadas forman parte del Programa Patrimonio Joven, iniciativa pionera en educaci\u00f3n patrimonial entre j\u00f3venes\" \/>\n\t<meta name=\"robots\" content=\"max-image-preview:large\" \/>\n\t<meta name=\"author\" content=\"El Digital de Asturias\"\/>\n\t<meta name=\"google-site-verification\" content=\"UA-38556648-1\" \/>\n\t<meta name=\"msvalidate.01\" content=\"7dfe9f3f1b24437ab69f4f2559babe99\" \/>\n\t<meta name=\"keywords\" content=\"actualidad\" \/>\n\t<link rel=\"canonical\" href=\"https:\/\/www.eldigitaldeasturias.com\/noticias\/decimo-foro-juvenil-de-patrimonio-mundial-en-madrid-y-cordoba\/\" \/>\n\t<meta name=\"generator\" content=\"All in One SEO Pro (AIOSEO) 5.0.1\" \/>\n\t\t<meta property=\"og:locale\" content=\"es_ES\" \/>\n\t\t<meta property=\"og:site_name\" content=\"El Digital de Asturias\" \/>\n\t\t<meta property=\"og:type\" content=\"article\" \/>\n\t\t<meta property=\"og:title\" content=\"D\u00e9cimo Foro Juvenil de Patrimonio Mundial, en Madrid y C\u00f3rdoba - El Digital de Asturias\" \/>\n\t\t<meta property=\"og:description\" content=\"Hoy se ha inaugurado el 10\u00ba Foro Juvenil de Patrimonio Mundial, que el Ministerio de Educaci\u00f3n, Cultura y Deporte organiza anualmente y de manera consecutiva desde 2009, y que coincide con la celebraci\u00f3n del A\u00f1o Europeo de Patrimonio Cultural 2018. Estas jornadas forman parte del Programa Patrimonio Joven, iniciativa pionera en educaci\u00f3n patrimonial entre j\u00f3venes\" \/>\n\t\t<meta property=\"og:url\" content=\"https:\/\/www.eldigitaldeasturias.com\/noticias\/decimo-foro-juvenil-de-patrimonio-mundial-en-madrid-y-cordoba\/\" \/>\n\t\t<meta property=\"article:tag\" content=\"actualidad\" \/>\n\t\t<meta property=\"article:published_time\" content=\"2018-05-07T19:14:22+00:00\" \/>\n\t\t<meta property=\"article:modified_time\" content=\"2018-05-07T19:14:22+00:00\" \/>\n\t\t<meta property=\"article:publisher\" content=\"https:\/\/facebook.com\/eldigitaldeasturias\" \/>\n\t\t<meta name=\"twitter:card\" content=\"summary_large_image\" \/>\n\t\t<meta name=\"twitter:title\" content=\"D\u00e9cimo Foro Juvenil de Patrimonio Mundial, en Madrid y C\u00f3rdoba - El Digital de Asturias\" \/>\n\t\t<meta name=\"twitter:description\" content=\"Hoy se ha inaugurado el 10\u00ba Foro Juvenil de Patrimonio Mundial, que el Ministerio de Educaci\u00f3n, Cultura y Deporte organiza anualmente y de manera consecutiva desde 2009, y que coincide con la celebraci\u00f3n del A\u00f1o Europeo de Patrimonio Cultural 2018. Estas jornadas forman parte del Programa Patrimonio Joven, iniciativa pionera en educaci\u00f3n patrimonial entre j\u00f3venes\" \/>\n\t\t<meta name=\"twitter:image\" content=\"https:\/\/www.eldigitaldeasturias.com\/noticias\/wp-content\/uploads\/2020\/12\/EDA-1.jpg\" \/>\n\t\t<meta name=\"twitter:label1\" content=\"Escrito por\" \/>\n\t\t<meta name=\"twitter:data1\" content=\"El Digital de Asturias\" \/>\n\t\t<meta name=\"twitter:label2\" content=\"Tiempo de lectura estimado\" \/>\n\t\t<meta name=\"twitter:data2\" content=\"3 minutos\" \/>\n\t\t<script type=\"application\/ld+json\" class=\"aioseo-schema\">\n\t\t\t{\"@context\":\"https:\\\/\\\/schema.org\",\"@graph\":[{\"@type\":\"BlogPosting\",\"@id\":\"https:\\\/\\\/www.eldigitaldeasturias.com\\\/noticias\\\/decimo-foro-juvenil-de-patrimonio-mundial-en-madrid-y-cordoba\\\/#blogposting\",\"name\":\"D\\u00e9cimo Foro Juvenil de Patrimonio Mundial, en Madrid y C\\u00f3rdoba - El Digital de Asturias\",\"headline\":\"D\\u00e9cimo Foro Juvenil de Patrimonio Mundial, en Madrid y C\\u00f3rdoba\",\"author\":{\"@id\":\"https:\\\/\\\/www.eldigitaldeasturias.com\\\/noticias\\\/author\\\/admin\\\/#author\"},\"publisher\":{\"@id\":\"https:\\\/\\\/www.eldigitaldeasturias.com\\\/noticias\\\/#organization\"},\"image\":{\"@type\":\"ImageObject\",\"url\":979398},\"datePublished\":\"2018-05-07T19:14:22+02:00\",\"dateModified\":\"2018-05-07T19:14:22+02:00\",\"inLanguage\":\"es-ES\",\"mainEntityOfPage\":{\"@id\":\"https:\\\/\\\/www.eldigitaldeasturias.com\\\/noticias\\\/decimo-foro-juvenil-de-patrimonio-mundial-en-madrid-y-cordoba\\\/#webpage\"},\"isPartOf\":{\"@id\":\"https:\\\/\\\/www.eldigitaldeasturias.com\\\/noticias\\\/decimo-foro-juvenil-de-patrimonio-mundial-en-madrid-y-cordoba\\\/#webpage\"},\"articleSection\":\"Actualidad\"},{\"@type\":\"BreadcrumbList\",\"@id\":\"https:\\\/\\\/www.eldigitaldeasturias.com\\\/noticias\\\/decimo-foro-juvenil-de-patrimonio-mundial-en-madrid-y-cordoba\\\/#breadcrumblist\",\"itemListElement\":[{\"@type\":\"ListItem\",\"@id\":\"https:\\\/\\\/www.eldigitaldeasturias.com\\\/noticias#listItem\",\"position\":1,\"name\":\"Home\",\"item\":\"https:\\\/\\\/www.eldigitaldeasturias.com\\\/noticias\",\"nextItem\":{\"@type\":\"ListItem\",\"@id\":\"https:\\\/\\\/www.eldigitaldeasturias.com\\\/noticias\\\/category\\\/actualidad\\\/#listItem\",\"name\":\"Actualidad\"}},{\"@type\":\"ListItem\",\"@id\":\"https:\\\/\\\/www.eldigitaldeasturias.com\\\/noticias\\\/category\\\/actualidad\\\/#listItem\",\"position\":2,\"name\":\"Actualidad\",\"item\":\"https:\\\/\\\/www.eldigitaldeasturias.com\\\/noticias\\\/category\\\/actualidad\\\/\",\"nextItem\":{\"@type\":\"ListItem\",\"@id\":\"https:\\\/\\\/www.eldigitaldeasturias.com\\\/noticias\\\/decimo-foro-juvenil-de-patrimonio-mundial-en-madrid-y-cordoba\\\/#listItem\",\"name\":\"D\\u00e9cimo Foro Juvenil de Patrimonio Mundial, en Madrid y C\\u00f3rdoba\"},\"previousItem\":{\"@type\":\"ListItem\",\"@id\":\"https:\\\/\\\/www.eldigitaldeasturias.com\\\/noticias#listItem\",\"name\":\"Home\"}},{\"@type\":\"ListItem\",\"@id\":\"https:\\\/\\\/www.eldigitaldeasturias.com\\\/noticias\\\/decimo-foro-juvenil-de-patrimonio-mundial-en-madrid-y-cordoba\\\/#listItem\",\"position\":3,\"name\":\"D\\u00e9cimo Foro Juvenil de Patrimonio Mundial, en Madrid y C\\u00f3rdoba\",\"previousItem\":{\"@type\":\"ListItem\",\"@id\":\"https:\\\/\\\/www.eldigitaldeasturias.com\\\/noticias\\\/category\\\/actualidad\\\/#listItem\",\"name\":\"Actualidad\"}}]},{\"@type\":\"Organization\",\"@id\":\"https:\\\/\\\/www.eldigitaldeasturias.com\\\/noticias\\\/#organization\",\"name\":\"El Digital de Asturias\",\"description\":\"Hemeroteca\",\"url\":\"https:\\\/\\\/www.eldigitaldeasturias.com\\\/noticias\\\/\",\"email\":\"info@eldigitaldeasturias.com\",\"telephone\":\"+34652131393\",\"logo\":{\"@type\":\"ImageObject\",\"url\":\"https:\\\/\\\/www.eldigitaldeasturias.com\\\/noticias\\\/wp-content\\\/uploads\\\/2020\\\/12\\\/EDA.jpg\",\"@id\":\"https:\\\/\\\/www.eldigitaldeasturias.com\\\/noticias\\\/decimo-foro-juvenil-de-patrimonio-mundial-en-madrid-y-cordoba\\\/#organizationLogo\"},\"image\":{\"@id\":\"https:\\\/\\\/www.eldigitaldeasturias.com\\\/noticias\\\/decimo-foro-juvenil-de-patrimonio-mundial-en-madrid-y-cordoba\\\/#organizationLogo\"},\"sameAs\":[\"https:\\\/\\\/facebook.com\\\/eldigitaldeasturias\",\"https:\\\/\\\/www.youtube.com\\\/channel\\\/UCZP-2wLEB9Rv6erhFmqVnvg\"],\"address\":{\"@id\":\"https:\\\/\\\/www.eldigitaldeasturias.com\\\/noticias\\\/#postaladdress\",\"@type\":\"PostalAddress\",\"streetAddress\":\"san antonio 4\",\"postalCode\":\"33430\",\"addressLocality\":\"Cand\\u00e1s\",\"addressRegion\":\"Asturias\",\"addressCountry\":\"ES\"}},{\"@type\":\"Person\",\"@id\":\"https:\\\/\\\/www.eldigitaldeasturias.com\\\/noticias\\\/author\\\/admin\\\/#author\",\"url\":\"https:\\\/\\\/www.eldigitaldeasturias.com\\\/noticias\\\/author\\\/admin\\\/\",\"name\":\"El Digital de Asturias\",\"image\":{\"@type\":\"ImageObject\",\"@id\":\"https:\\\/\\\/www.eldigitaldeasturias.com\\\/noticias\\\/decimo-foro-juvenil-de-patrimonio-mundial-en-madrid-y-cordoba\\\/#authorImage\",\"url\":\"https:\\\/\\\/secure.gravatar.com\\\/avatar\\\/df2aeffc32bcd13f8d26072ef8a91b623d677766deac7f97ca815868cd41bf5e?s=96&d=mm&r=g\",\"width\":96,\"height\":96,\"caption\":\"El Digital de Asturias\"}},{\"@type\":\"WebPage\",\"@id\":\"https:\\\/\\\/www.eldigitaldeasturias.com\\\/noticias\\\/decimo-foro-juvenil-de-patrimonio-mundial-en-madrid-y-cordoba\\\/#webpage\",\"url\":\"https:\\\/\\\/www.eldigitaldeasturias.com\\\/noticias\\\/decimo-foro-juvenil-de-patrimonio-mundial-en-madrid-y-cordoba\\\/\",\"name\":\"D\\u00e9cimo Foro Juvenil de Patrimonio Mundial, en Madrid y C\\u00f3rdoba - El Digital de Asturias\",\"description\":\"Hoy se ha inaugurado el 10\\u00ba Foro Juvenil de Patrimonio Mundial, que el Ministerio de Educaci\\u00f3n, Cultura y Deporte organiza anualmente y de manera consecutiva desde 2009, y que coincide con la celebraci\\u00f3n del A\\u00f1o Europeo de Patrimonio Cultural 2018. Estas jornadas forman parte del Programa Patrimonio Joven, iniciativa pionera en educaci\\u00f3n patrimonial entre j\\u00f3venes\",\"inLanguage\":\"es-ES\",\"isPartOf\":{\"@id\":\"https:\\\/\\\/www.eldigitaldeasturias.com\\\/noticias\\\/#website\"},\"breadcrumb\":{\"@id\":\"https:\\\/\\\/www.eldigitaldeasturias.com\\\/noticias\\\/decimo-foro-juvenil-de-patrimonio-mundial-en-madrid-y-cordoba\\\/#breadcrumblist\"},\"author\":{\"@id\":\"https:\\\/\\\/www.eldigitaldeasturias.com\\\/noticias\\\/author\\\/admin\\\/#author\"},\"creator\":{\"@id\":\"https:\\\/\\\/www.eldigitaldeasturias.com\\\/noticias\\\/author\\\/admin\\\/#author\"},\"image\":{\"@type\":\"ImageObject\",\"url\":979398,\"@id\":\"https:\\\/\\\/www.eldigitaldeasturias.com\\\/noticias\\\/decimo-foro-juvenil-de-patrimonio-mundial-en-madrid-y-cordoba\\\/#mainImage\"},\"primaryImageOfPage\":{\"@id\":\"https:\\\/\\\/www.eldigitaldeasturias.com\\\/noticias\\\/decimo-foro-juvenil-de-patrimonio-mundial-en-madrid-y-cordoba\\\/#mainImage\"},\"datePublished\":\"2018-05-07T19:14:22+02:00\",\"dateModified\":\"2018-05-07T19:14:22+02:00\"},{\"@type\":\"WebSite\",\"@id\":\"https:\\\/\\\/www.eldigitaldeasturias.com\\\/noticias\\\/#website\",\"url\":\"https:\\\/\\\/www.eldigitaldeasturias.com\\\/noticias\\\/\",\"name\":\"El Digital de Asturias - Diario de actualidad y noticias\",\"alternateName\":\"El Digital de Asturias - Diario de actualidad y noticias\",\"description\":\"Hemeroteca\",\"inLanguage\":\"es-ES\",\"publisher\":{\"@id\":\"https:\\\/\\\/www.eldigitaldeasturias.com\\\/noticias\\\/#organization\"}}]}\n\t\t<\/script>\n\t\t<!-- All in One SEO Pro -->\r\n\t\t<title>D\u00e9cimo Foro Juvenil de Patrimonio Mundial, en Madrid y C\u00f3rdoba - El Digital de Asturias<\/title>\n\n","aioseo_head_json":{"title":"D\u00e9cimo Foro Juvenil de Patrimonio Mundial, en Madrid y C\u00f3rdoba - El Digital de Asturias","description":"Hoy se ha inaugurado el 10\u00ba Foro Juvenil de Patrimonio Mundial, que el Ministerio de Educaci\u00f3n, Cultura y Deporte organiza anualmente y de manera consecutiva desde 2009, y que coincide con la celebraci\u00f3n del A\u00f1o Europeo de Patrimonio Cultural 2018. Estas jornadas forman parte del Programa Patrimonio Joven, iniciativa pionera en educaci\u00f3n patrimonial entre j\u00f3venes","canonical_url":"https:\/\/www.eldigitaldeasturias.com\/noticias\/decimo-foro-juvenil-de-patrimonio-mundial-en-madrid-y-cordoba\/","robots":"max-image-preview:large","keywords":"actualidad","webmasterTools":{"google-site-verification":"UA-38556648-1","msvalidate.01":"7dfe9f3f1b24437ab69f4f2559babe99","miscellaneous":""},"schema":{"@context":"https:\/\/schema.org","@graph":[{"@type":"BlogPosting","@id":"https:\/\/www.eldigitaldeasturias.com\/noticias\/decimo-foro-juvenil-de-patrimonio-mundial-en-madrid-y-cordoba\/#blogposting","name":"D\u00e9cimo Foro Juvenil de Patrimonio Mundial, en Madrid y C\u00f3rdoba - El Digital de Asturias","headline":"D\u00e9cimo Foro Juvenil de Patrimonio Mundial, en Madrid y C\u00f3rdoba","author":{"@id":"https:\/\/www.eldigitaldeasturias.com\/noticias\/author\/admin\/#author"},"publisher":{"@id":"https:\/\/www.eldigitaldeasturias.com\/noticias\/#organization"},"image":{"@type":"ImageObject","url":979398},"datePublished":"2018-05-07T19:14:22+02:00","dateModified":"2018-05-07T19:14:22+02:00","inLanguage":"es-ES","mainEntityOfPage":{"@id":"https:\/\/www.eldigitaldeasturias.com\/noticias\/decimo-foro-juvenil-de-patrimonio-mundial-en-madrid-y-cordoba\/#webpage"},"isPartOf":{"@id":"https:\/\/www.eldigitaldeasturias.com\/noticias\/decimo-foro-juvenil-de-patrimonio-mundial-en-madrid-y-cordoba\/#webpage"},"articleSection":"Actualidad"},{"@type":"BreadcrumbList","@id":"https:\/\/www.eldigitaldeasturias.com\/noticias\/decimo-foro-juvenil-de-patrimonio-mundial-en-madrid-y-cordoba\/#breadcrumblist","itemListElement":[{"@type":"ListItem","@id":"https:\/\/www.eldigitaldeasturias.com\/noticias#listItem","position":1,"name":"Home","item":"https:\/\/www.eldigitaldeasturias.com\/noticias","nextItem":{"@type":"ListItem","@id":"https:\/\/www.eldigitaldeasturias.com\/noticias\/category\/actualidad\/#listItem","name":"Actualidad"}},{"@type":"ListItem","@id":"https:\/\/www.eldigitaldeasturias.com\/noticias\/category\/actualidad\/#listItem","position":2,"name":"Actualidad","item":"https:\/\/www.eldigitaldeasturias.com\/noticias\/category\/actualidad\/","nextItem":{"@type":"ListItem","@id":"https:\/\/www.eldigitaldeasturias.com\/noticias\/decimo-foro-juvenil-de-patrimonio-mundial-en-madrid-y-cordoba\/#listItem","name":"D\u00e9cimo Foro Juvenil de Patrimonio Mundial, en Madrid y C\u00f3rdoba"},"previousItem":{"@type":"ListItem","@id":"https:\/\/www.eldigitaldeasturias.com\/noticias#listItem","name":"Home"}},{"@type":"ListItem","@id":"https:\/\/www.eldigitaldeasturias.com\/noticias\/decimo-foro-juvenil-de-patrimonio-mundial-en-madrid-y-cordoba\/#listItem","position":3,"name":"D\u00e9cimo Foro Juvenil de Patrimonio Mundial, en Madrid y C\u00f3rdoba","previousItem":{"@type":"ListItem","@id":"https:\/\/www.eldigitaldeasturias.com\/noticias\/category\/actualidad\/#listItem","name":"Actualidad"}}]},{"@type":"Organization","@id":"https:\/\/www.eldigitaldeasturias.com\/noticias\/#organization","name":"El Digital de Asturias","description":"Hemeroteca","url":"https:\/\/www.eldigitaldeasturias.com\/noticias\/","email":"info@eldigitaldeasturias.com","telephone":"+34652131393","logo":{"@type":"ImageObject","url":"https:\/\/www.eldigitaldeasturias.com\/noticias\/wp-content\/uploads\/2020\/12\/EDA.jpg","@id":"https:\/\/www.eldigitaldeasturias.com\/noticias\/decimo-foro-juvenil-de-patrimonio-mundial-en-madrid-y-cordoba\/#organizationLogo"},"image":{"@id":"https:\/\/www.eldigitaldeasturias.com\/noticias\/decimo-foro-juvenil-de-patrimonio-mundial-en-madrid-y-cordoba\/#organizationLogo"},"sameAs":["https:\/\/facebook.com\/eldigitaldeasturias","https:\/\/www.youtube.com\/channel\/UCZP-2wLEB9Rv6erhFmqVnvg"],"address":{"@id":"https:\/\/www.eldigitaldeasturias.com\/noticias\/#postaladdress","@type":"PostalAddress","streetAddress":"san antonio 4","postalCode":"33430","addressLocality":"Cand\u00e1s","addressRegion":"Asturias","addressCountry":"ES"}},{"@type":"Person","@id":"https:\/\/www.eldigitaldeasturias.com\/noticias\/author\/admin\/#author","url":"https:\/\/www.eldigitaldeasturias.com\/noticias\/author\/admin\/","name":"El Digital de Asturias","image":{"@type":"ImageObject","@id":"https:\/\/www.eldigitaldeasturias.com\/noticias\/decimo-foro-juvenil-de-patrimonio-mundial-en-madrid-y-cordoba\/#authorImage","url":"https:\/\/secure.gravatar.com\/avatar\/df2aeffc32bcd13f8d26072ef8a91b623d677766deac7f97ca815868cd41bf5e?s=96&d=mm&r=g","width":96,"height":96,"caption":"El Digital de Asturias"}},{"@type":"WebPage","@id":"https:\/\/www.eldigitaldeasturias.com\/noticias\/decimo-foro-juvenil-de-patrimonio-mundial-en-madrid-y-cordoba\/#webpage","url":"https:\/\/www.eldigitaldeasturias.com\/noticias\/decimo-foro-juvenil-de-patrimonio-mundial-en-madrid-y-cordoba\/","name":"D\u00e9cimo Foro Juvenil de Patrimonio Mundial, en Madrid y C\u00f3rdoba - El Digital de Asturias","description":"Hoy se ha inaugurado el 10\u00ba Foro Juvenil de Patrimonio Mundial, que el Ministerio de Educaci\u00f3n, Cultura y Deporte organiza anualmente y de manera consecutiva desde 2009, y que coincide con la celebraci\u00f3n del A\u00f1o Europeo de Patrimonio Cultural 2018. Estas jornadas forman parte del Programa Patrimonio Joven, iniciativa pionera en educaci\u00f3n patrimonial entre j\u00f3venes","inLanguage":"es-ES","isPartOf":{"@id":"https:\/\/www.eldigitaldeasturias.com\/noticias\/#website"},"breadcrumb":{"@id":"https:\/\/www.eldigitaldeasturias.com\/noticias\/decimo-foro-juvenil-de-patrimonio-mundial-en-madrid-y-cordoba\/#breadcrumblist"},"author":{"@id":"https:\/\/www.eldigitaldeasturias.com\/noticias\/author\/admin\/#author"},"creator":{"@id":"https:\/\/www.eldigitaldeasturias.com\/noticias\/author\/admin\/#author"},"image":{"@type":"ImageObject","url":979398,"@id":"https:\/\/www.eldigitaldeasturias.com\/noticias\/decimo-foro-juvenil-de-patrimonio-mundial-en-madrid-y-cordoba\/#mainImage"},"primaryImageOfPage":{"@id":"https:\/\/www.eldigitaldeasturias.com\/noticias\/decimo-foro-juvenil-de-patrimonio-mundial-en-madrid-y-cordoba\/#mainImage"},"datePublished":"2018-05-07T19:14:22+02:00","dateModified":"2018-05-07T19:14:22+02:00"},{"@type":"WebSite","@id":"https:\/\/www.eldigitaldeasturias.com\/noticias\/#website","url":"https:\/\/www.eldigitaldeasturias.com\/noticias\/","name":"El Digital de Asturias - Diario de actualidad y noticias","alternateName":"El Digital de Asturias - Diario de actualidad y noticias","description":"Hemeroteca","inLanguage":"es-ES","publisher":{"@id":"https:\/\/www.eldigitaldeasturias.com\/noticias\/#organization"}}]},"og:locale":"es_ES","og:site_name":"El Digital de Asturias","og:type":"article","og:title":"D\u00e9cimo Foro Juvenil de Patrimonio Mundial, en Madrid y C\u00f3rdoba - El Digital de Asturias","og:description":"Hoy se ha inaugurado el 10\u00ba Foro Juvenil de Patrimonio Mundial, que el Ministerio de Educaci\u00f3n, Cultura y Deporte organiza anualmente y de manera consecutiva desde 2009, y que coincide con la celebraci\u00f3n del A\u00f1o Europeo de Patrimonio Cultural 2018. Estas jornadas forman parte del Programa Patrimonio Joven, iniciativa pionera en educaci\u00f3n patrimonial entre j\u00f3venes","og:url":"https:\/\/www.eldigitaldeasturias.com\/noticias\/decimo-foro-juvenil-de-patrimonio-mundial-en-madrid-y-cordoba\/","article:tag":["actualidad"],"article:published_time":"2018-05-07T19:14:22+00:00","article:modified_time":"2018-05-07T19:14:22+00:00","article:publisher":"https:\/\/facebook.com\/eldigitaldeasturias","twitter:card":"summary_large_image","twitter:title":"D\u00e9cimo Foro Juvenil de Patrimonio Mundial, en Madrid y C\u00f3rdoba - El Digital de Asturias","twitter:description":"Hoy se ha inaugurado el 10\u00ba Foro Juvenil de Patrimonio Mundial, que el Ministerio de Educaci\u00f3n, Cultura y Deporte organiza anualmente y de manera consecutiva desde 2009, y que coincide con la celebraci\u00f3n del A\u00f1o Europeo de Patrimonio Cultural 2018. Estas jornadas forman parte del Programa Patrimonio Joven, iniciativa pionera en educaci\u00f3n patrimonial entre j\u00f3venes","twitter:image":"https:\/\/www.eldigitaldeasturias.com\/noticias\/wp-content\/uploads\/2020\/12\/EDA-1.jpg","twitter:label1":"Escrito por","twitter:data1":"El Digital de Asturias","twitter:label2":"Tiempo de lectura estimado","twitter:data2":"3 minutos"},"aioseo_meta_data":{"post_id":"979397","title":null,"description":null,"keywords":null,"keyphrases":null,"primary_term":null,"canonical_url":null,"og_title":null,"og_description":null,"og_object_type":"default","og_image_type":"default","og_image_url":null,"og_image_width":null,"og_image_height":null,"og_image_custom_url":null,"og_image_custom_fields":null,"og_video":null,"og_custom_url":null,"og_article_section":null,"og_article_tags":null,"twitter_use_og":false,"twitter_card":"default","twitter_image_type":"default","twitter_image_url":null,"twitter_image_custom_url":null,"twitter_image_custom_fields":null,"twitter_title":null,"twitter_description":null,"schema":{"blockGraphs":[],"customGraphs":[],"default":{"data":{"Article":[],"Course":[],"Dataset":[],"FAQPage":[],"Movie":[],"Person":[],"Product":[],"ProductReview":[],"Car":[],"Recipe":[],"Service":[],"SoftwareApplication":[],"WebPage":[]},"graphName":"","isEnabled":true},"graphs":[],"defaultGraph":"","defaultPostTypeGraph":""},"schema_type":null,"schema_type_options":null,"pillar_content":false,"robots_default":true,"robots_noindex":false,"robots_noarchive":false,"robots_nosnippet":false,"robots_nofollow":false,"robots_noimageindex":false,"robots_noodp":false,"robots_notranslate":false,"robots_max_snippet":null,"robots_max_videopreview":null,"robots_max_imagepreview":"large","priority":null,"frequency":null,"local_seo":null,"seo_analyzer_scan_date":"2025-10-08 14:13:03","breadcrumb_settings":null,"limit_modified_date":false,"open_ai":null,"ai":null,"created":"2020-12-21 11:59:38","updated":"2025-10-08 14:13:03","focus_keyword":null,"additional_keywords":null,"truseo_locale":null},"aioseo_breadcrumb":"<div class=\"aioseo-breadcrumbs\"><span class=\"aioseo-breadcrumb\">\n\t<a href=\"https:\/\/www.eldigitaldeasturias.com\/noticias\" title=\"Home\">Home<\/a>\n<\/span><span class=\"aioseo-breadcrumb-separator\">\u2013<\/span><span class=\"aioseo-breadcrumb\">\n\t<a href=\"https:\/\/www.eldigitaldeasturias.com\/noticias\/category\/actualidad\/\" title=\"Actualidad\">Actualidad<\/a>\n<\/span><span class=\"aioseo-breadcrumb-separator\">\u2013<\/span><span class=\"aioseo-breadcrumb\">\n\t<a href=\"https:\/\/www.eldigitaldeasturias.com\/noticias\/decimo-foro-juvenil-de-patrimonio-mundial-en-madrid-y-cordoba\/\" title=\"D\u00e9cimo Foro Juvenil de Patrimonio Mundial, en Madrid y C\u00f3rdoba\">D\u00e9cimo Foro Juvenil de Patrimonio Mundial, en Madrid y C\u00f3rdoba<\/a>\n<\/span><\/div>","aioseo_breadcrumb_json":[{"label":"Home","link":"https:\/\/www.eldigitaldeasturias.com\/noticias"},{"label":"Actualidad","link":"https:\/\/www.eldigitaldeasturias.com\/noticias\/category\/actualidad\/"},{"label":"D\u00e9cimo Foro Juvenil de Patrimonio Mundial, en Madrid y C\u00f3rdoba","link":"https:\/\/www.eldigitaldeasturias.com\/noticias\/decimo-foro-juvenil-de-patrimonio-mundial-en-madrid-y-cordoba\/"}],"_links":{"self":[{"href":"https:\/\/www.eldigitaldeasturias.com\/noticias\/wp-json\/wp\/v2\/posts\/979397","targetHints":{"allow":["GET"]}}],"collection":[{"href":"https:\/\/www.eldigitaldeasturias.com\/noticias\/wp-json\/wp\/v2\/posts"}],"about":[{"href":"https:\/\/www.eldigitaldeasturias.com\/noticias\/wp-json\/wp\/v2\/types\/post"}],"author":[{"embeddable":true,"href":"https:\/\/www.eldigitaldeasturias.com\/noticias\/wp-json\/wp\/v2\/users\/1"}],"replies":[{"embeddable":true,"href":"https:\/\/www.eldigitaldeasturias.com\/noticias\/wp-json\/wp\/v2\/comments?post=979397"}],"version-history":[{"count":0,"href":"https:\/\/www.eldigitaldeasturias.com\/noticias\/wp-json\/wp\/v2\/posts\/979397\/revisions"}],"wp:attachment":[{"href":"https:\/\/www.eldigitaldeasturias.com\/noticias\/wp-json\/wp\/v2\/media?parent=979397"}],"wp:term":[{"taxonomy":"category","embeddable":true,"href":"https:\/\/www.eldigitaldeasturias.com\/noticias\/wp-json\/wp\/v2\/categories?post=979397"},{"taxonomy":"post_tag","embeddable":true,"href":"https:\/\/www.eldigitaldeasturias.com\/noticias\/wp-json\/wp\/v2\/tags?post=979397"}],"curies":[{"name":"wp","href":"https:\/\/api.w.org\/{rel}","templated":true}]}}