{"id":979394,"date":"2018-05-07T19:11:36","date_gmt":"2018-05-07T19:11:36","guid":{"rendered":"http:\/\/www.eldigitaldeasturias.com\/noticias\/?p=979394"},"modified":"2018-05-07T19:11:36","modified_gmt":"2018-05-07T19:11:36","slug":"semana-de-la-administracion-abierta","status":"publish","type":"post","link":"https:\/\/www.eldigitaldeasturias.com\/noticias\/semana-de-la-administracion-abierta\/","title":{"rendered":"Semana de la Administraci\u00f3n Abierta"},"content":{"rendered":"<p><img loading=\"lazy\" decoding=\"async\" class=\"alignleft size-medium wp-image-979395\" src=\"https:\/\/www.eldigitaldeasturias.com\/noticias\/wp-content\/uploads\/2018\/05\/070518admin_abierta-360x239.jpg\" alt=\"\" width=\"360\" height=\"239\" \/>El Ministerio de Hacienda y Funci\u00f3n P\u00fablica promueve desde hoy hasta el viernes la Semana de la Administraci\u00f3n Abierta con m\u00e1s de 300 eventos programados y organizados por la Administraci\u00f3n General del Estado, a trav\u00e9s de los Ministerios y Delegaciones de Gobierno, las CCAA, Entidades Locales y las organizaciones de la sociedad civil<\/p>\n<p>El objetivo de estos actos es acercar la Administraci\u00f3n y sus instituciones a la ciudadan\u00eda y trasladar a la sociedad el funcionamiento de la Administraci\u00f3n del siglo XXI, abierta, cercana y transparente. Con ello adem\u00e1s, el Gobierno se suma a la iniciativa planteada a nivel mundial por la Alianza para el Gobierno Abierto, a la que pertenece nuestro pa\u00eds desde el a\u00f1o 2011.<\/p>\n<p>Se han organizado cerca de 150 jornadas de puertas abiertas y m\u00e1s de un centenar de debates, seminarios y cursos, adem\u00e1s de presentaci\u00f3n de buenas pr\u00e1cticas, publicaciones y otro tipo de eventos que se desarrollar\u00e1n en todas las provincias espa\u00f1olas<\/p>\n<p>Estas jornadas se enmarcan en las medidas promovidas por el Gobierno de Espa\u00f1a que se contienen en el Tercer Plan de Gobierno Abierto orientadas a impulsar un cambio cultural a trav\u00e9s de acciones de formaci\u00f3n, educaci\u00f3n y sensibilizaci\u00f3n en los principios y valores del Gobierno Abierto: transparencia, participaci\u00f3n, rendici\u00f3n de cuentas y colaboraci\u00f3n.<\/p>\n<p>El plan se estructura en cinco grandes ejes: colaboraci\u00f3n, participaci\u00f3n, transparencia, rendici\u00f3n de cuentas y formaci\u00f3n, y para el desarrollo del mismo se cuenta con la participaci\u00f3n de las Comunidades Aut\u00f3nomas, las Entidades Locales y la sociedad civil.<\/p>\n<p>Entre las medidas, figura el compromiso de mejorar y ampliar los contenidos del Portal de Transparencia de la Administraci\u00f3n General del Estado as\u00ed como acometer el desarrollo reglamentario de la Ley de Transparencia.<\/p>\n<p>Para desarrollar el plan se ha constituido una Comisi\u00f3n sectorial para trabajar con las Comunidades Aut\u00f3nomas y una Red de entidades locales para promover las pol\u00edticas de transparencia en el \u00e1mbito local. Adem\u00e1s, se ha puesto en marcha un Foro de Gobierno Abierto para trabajar en consenso con los actores implicados de la sociedad civil: representantes del mundo acad\u00e9mico, de las organizaciones de consumidores y usuarios, de las asociaciones sin \u00e1nimo de lucro y organizaciones del Tercer Sector.<\/p>\n","protected":false},"excerpt":{"rendered":"<p>El Ministerio de Hacienda y Funci\u00f3n P\u00fablica promueve desde hoy hasta el viernes la Semana de la Administraci\u00f3n Abierta con m\u00e1s de 300 eventos programados y organizados por la Administraci\u00f3n General del Estado, a trav\u00e9s de los Ministerios y Delegaciones de Gobierno, las CCAA, Entidades Locales y las organizaciones de la sociedad civil El objetivo [&hellip;]<\/p>\n","protected":false},"author":1,"featured_media":979395,"comment_status":"closed","ping_status":"closed","sticky":false,"template":"","format":"standard","meta":{"footnotes":""},"categories":[1],"tags":[],"class_list":["post-979394","post","type-post","status-publish","format-standard","has-post-thumbnail","hentry","category-actualidad"],"aioseo_notices":[],"aioseo_head":"\n\t\t<!-- All in One SEO Pro 5.0.1 - aioseo.com -->\n\t<meta name=\"description\" content=\"El Ministerio de Hacienda y Funci\u00f3n P\u00fablica promueve desde hoy hasta el viernes la Semana de la Administraci\u00f3n Abierta con m\u00e1s de 300 eventos programados y organizados por la Administraci\u00f3n General del Estado, a trav\u00e9s de los Ministerios y Delegaciones de Gobierno, las CCAA, Entidades Locales y las organizaciones de la sociedad civil El objetivo\" \/>\n\t<meta name=\"robots\" content=\"max-image-preview:large\" \/>\n\t<meta name=\"author\" content=\"El Digital de Asturias\"\/>\n\t<meta name=\"google-site-verification\" content=\"UA-38556648-1\" \/>\n\t<meta name=\"msvalidate.01\" content=\"7dfe9f3f1b24437ab69f4f2559babe99\" \/>\n\t<meta name=\"keywords\" content=\"actualidad\" \/>\n\t<link rel=\"canonical\" href=\"https:\/\/www.eldigitaldeasturias.com\/noticias\/semana-de-la-administracion-abierta\/\" \/>\n\t<meta name=\"generator\" content=\"All in One SEO Pro (AIOSEO) 5.0.1\" \/>\n\t\t<meta property=\"og:locale\" content=\"es_ES\" \/>\n\t\t<meta property=\"og:site_name\" content=\"El Digital de Asturias\" \/>\n\t\t<meta property=\"og:type\" content=\"article\" \/>\n\t\t<meta property=\"og:title\" content=\"Semana de la Administraci\u00f3n Abierta - El Digital de Asturias\" \/>\n\t\t<meta property=\"og:description\" content=\"El Ministerio de Hacienda y Funci\u00f3n P\u00fablica promueve desde hoy hasta el viernes la Semana de la Administraci\u00f3n Abierta con m\u00e1s de 300 eventos programados y organizados por la Administraci\u00f3n General del Estado, a trav\u00e9s de los Ministerios y Delegaciones de Gobierno, las CCAA, Entidades Locales y las organizaciones de la sociedad civil El objetivo\" \/>\n\t\t<meta property=\"og:url\" content=\"https:\/\/www.eldigitaldeasturias.com\/noticias\/semana-de-la-administracion-abierta\/\" \/>\n\t\t<meta property=\"article:tag\" content=\"actualidad\" \/>\n\t\t<meta property=\"article:published_time\" content=\"2018-05-07T19:11:36+00:00\" \/>\n\t\t<meta property=\"article:modified_time\" content=\"2018-05-07T19:11:36+00:00\" \/>\n\t\t<meta property=\"article:publisher\" content=\"https:\/\/facebook.com\/eldigitaldeasturias\" \/>\n\t\t<meta name=\"twitter:card\" content=\"summary_large_image\" \/>\n\t\t<meta name=\"twitter:title\" content=\"Semana de la Administraci\u00f3n Abierta - El Digital de Asturias\" \/>\n\t\t<meta name=\"twitter:description\" content=\"El Ministerio de Hacienda y Funci\u00f3n P\u00fablica promueve desde hoy hasta el viernes la Semana de la Administraci\u00f3n Abierta con m\u00e1s de 300 eventos programados y organizados por la Administraci\u00f3n General del Estado, a trav\u00e9s de los Ministerios y Delegaciones de Gobierno, las CCAA, Entidades Locales y las organizaciones de la sociedad civil El objetivo\" \/>\n\t\t<meta name=\"twitter:image\" content=\"https:\/\/www.eldigitaldeasturias.com\/noticias\/wp-content\/uploads\/2020\/12\/EDA-1.jpg\" \/>\n\t\t<meta name=\"twitter:label1\" content=\"Escrito por\" \/>\n\t\t<meta name=\"twitter:data1\" content=\"El Digital de Asturias\" \/>\n\t\t<meta name=\"twitter:label2\" content=\"Tiempo de lectura estimado\" \/>\n\t\t<meta name=\"twitter:data2\" content=\"2 minutos\" \/>\n\t\t<script type=\"application\/ld+json\" class=\"aioseo-schema\">\n\t\t\t{\"@context\":\"https:\\\/\\\/schema.org\",\"@graph\":[{\"@type\":\"BlogPosting\",\"@id\":\"https:\\\/\\\/www.eldigitaldeasturias.com\\\/noticias\\\/semana-de-la-administracion-abierta\\\/#blogposting\",\"name\":\"Semana de la Administraci\\u00f3n Abierta - El Digital de Asturias\",\"headline\":\"Semana de la Administraci\\u00f3n Abierta\",\"author\":{\"@id\":\"https:\\\/\\\/www.eldigitaldeasturias.com\\\/noticias\\\/author\\\/admin\\\/#author\"},\"publisher\":{\"@id\":\"https:\\\/\\\/www.eldigitaldeasturias.com\\\/noticias\\\/#organization\"},\"image\":{\"@type\":\"ImageObject\",\"url\":979395},\"datePublished\":\"2018-05-07T19:11:36+02:00\",\"dateModified\":\"2018-05-07T19:11:36+02:00\",\"inLanguage\":\"es-ES\",\"mainEntityOfPage\":{\"@id\":\"https:\\\/\\\/www.eldigitaldeasturias.com\\\/noticias\\\/semana-de-la-administracion-abierta\\\/#webpage\"},\"isPartOf\":{\"@id\":\"https:\\\/\\\/www.eldigitaldeasturias.com\\\/noticias\\\/semana-de-la-administracion-abierta\\\/#webpage\"},\"articleSection\":\"Actualidad\"},{\"@type\":\"BreadcrumbList\",\"@id\":\"https:\\\/\\\/www.eldigitaldeasturias.com\\\/noticias\\\/semana-de-la-administracion-abierta\\\/#breadcrumblist\",\"itemListElement\":[{\"@type\":\"ListItem\",\"@id\":\"https:\\\/\\\/www.eldigitaldeasturias.com\\\/noticias#listItem\",\"position\":1,\"name\":\"Home\",\"item\":\"https:\\\/\\\/www.eldigitaldeasturias.com\\\/noticias\",\"nextItem\":{\"@type\":\"ListItem\",\"@id\":\"https:\\\/\\\/www.eldigitaldeasturias.com\\\/noticias\\\/category\\\/actualidad\\\/#listItem\",\"name\":\"Actualidad\"}},{\"@type\":\"ListItem\",\"@id\":\"https:\\\/\\\/www.eldigitaldeasturias.com\\\/noticias\\\/category\\\/actualidad\\\/#listItem\",\"position\":2,\"name\":\"Actualidad\",\"item\":\"https:\\\/\\\/www.eldigitaldeasturias.com\\\/noticias\\\/category\\\/actualidad\\\/\",\"nextItem\":{\"@type\":\"ListItem\",\"@id\":\"https:\\\/\\\/www.eldigitaldeasturias.com\\\/noticias\\\/semana-de-la-administracion-abierta\\\/#listItem\",\"name\":\"Semana de la Administraci\\u00f3n Abierta\"},\"previousItem\":{\"@type\":\"ListItem\",\"@id\":\"https:\\\/\\\/www.eldigitaldeasturias.com\\\/noticias#listItem\",\"name\":\"Home\"}},{\"@type\":\"ListItem\",\"@id\":\"https:\\\/\\\/www.eldigitaldeasturias.com\\\/noticias\\\/semana-de-la-administracion-abierta\\\/#listItem\",\"position\":3,\"name\":\"Semana de la Administraci\\u00f3n Abierta\",\"previousItem\":{\"@type\":\"ListItem\",\"@id\":\"https:\\\/\\\/www.eldigitaldeasturias.com\\\/noticias\\\/category\\\/actualidad\\\/#listItem\",\"name\":\"Actualidad\"}}]},{\"@type\":\"Organization\",\"@id\":\"https:\\\/\\\/www.eldigitaldeasturias.com\\\/noticias\\\/#organization\",\"name\":\"El Digital de Asturias\",\"description\":\"Hemeroteca\",\"url\":\"https:\\\/\\\/www.eldigitaldeasturias.com\\\/noticias\\\/\",\"email\":\"info@eldigitaldeasturias.com\",\"telephone\":\"+34652131393\",\"logo\":{\"@type\":\"ImageObject\",\"url\":\"https:\\\/\\\/www.eldigitaldeasturias.com\\\/noticias\\\/wp-content\\\/uploads\\\/2020\\\/12\\\/EDA.jpg\",\"@id\":\"https:\\\/\\\/www.eldigitaldeasturias.com\\\/noticias\\\/semana-de-la-administracion-abierta\\\/#organizationLogo\"},\"image\":{\"@id\":\"https:\\\/\\\/www.eldigitaldeasturias.com\\\/noticias\\\/semana-de-la-administracion-abierta\\\/#organizationLogo\"},\"sameAs\":[\"https:\\\/\\\/facebook.com\\\/eldigitaldeasturias\",\"https:\\\/\\\/www.youtube.com\\\/channel\\\/UCZP-2wLEB9Rv6erhFmqVnvg\"],\"address\":{\"@id\":\"https:\\\/\\\/www.eldigitaldeasturias.com\\\/noticias\\\/#postaladdress\",\"@type\":\"PostalAddress\",\"streetAddress\":\"san antonio 4\",\"postalCode\":\"33430\",\"addressLocality\":\"Cand\\u00e1s\",\"addressRegion\":\"Asturias\",\"addressCountry\":\"ES\"}},{\"@type\":\"Person\",\"@id\":\"https:\\\/\\\/www.eldigitaldeasturias.com\\\/noticias\\\/author\\\/admin\\\/#author\",\"url\":\"https:\\\/\\\/www.eldigitaldeasturias.com\\\/noticias\\\/author\\\/admin\\\/\",\"name\":\"El Digital de Asturias\",\"image\":{\"@type\":\"ImageObject\",\"@id\":\"https:\\\/\\\/www.eldigitaldeasturias.com\\\/noticias\\\/semana-de-la-administracion-abierta\\\/#authorImage\",\"url\":\"https:\\\/\\\/secure.gravatar.com\\\/avatar\\\/df2aeffc32bcd13f8d26072ef8a91b623d677766deac7f97ca815868cd41bf5e?s=96&d=mm&r=g\",\"width\":96,\"height\":96,\"caption\":\"El Digital de Asturias\"}},{\"@type\":\"WebPage\",\"@id\":\"https:\\\/\\\/www.eldigitaldeasturias.com\\\/noticias\\\/semana-de-la-administracion-abierta\\\/#webpage\",\"url\":\"https:\\\/\\\/www.eldigitaldeasturias.com\\\/noticias\\\/semana-de-la-administracion-abierta\\\/\",\"name\":\"Semana de la Administraci\\u00f3n Abierta - El Digital de Asturias\",\"description\":\"El Ministerio de Hacienda y Funci\\u00f3n P\\u00fablica promueve desde hoy hasta el viernes la Semana de la Administraci\\u00f3n Abierta con m\\u00e1s de 300 eventos programados y organizados por la Administraci\\u00f3n General del Estado, a trav\\u00e9s de los Ministerios y Delegaciones de Gobierno, las CCAA, Entidades Locales y las organizaciones de la sociedad civil El objetivo\",\"inLanguage\":\"es-ES\",\"isPartOf\":{\"@id\":\"https:\\\/\\\/www.eldigitaldeasturias.com\\\/noticias\\\/#website\"},\"breadcrumb\":{\"@id\":\"https:\\\/\\\/www.eldigitaldeasturias.com\\\/noticias\\\/semana-de-la-administracion-abierta\\\/#breadcrumblist\"},\"author\":{\"@id\":\"https:\\\/\\\/www.eldigitaldeasturias.com\\\/noticias\\\/author\\\/admin\\\/#author\"},\"creator\":{\"@id\":\"https:\\\/\\\/www.eldigitaldeasturias.com\\\/noticias\\\/author\\\/admin\\\/#author\"},\"image\":{\"@type\":\"ImageObject\",\"url\":979395,\"@id\":\"https:\\\/\\\/www.eldigitaldeasturias.com\\\/noticias\\\/semana-de-la-administracion-abierta\\\/#mainImage\"},\"primaryImageOfPage\":{\"@id\":\"https:\\\/\\\/www.eldigitaldeasturias.com\\\/noticias\\\/semana-de-la-administracion-abierta\\\/#mainImage\"},\"datePublished\":\"2018-05-07T19:11:36+02:00\",\"dateModified\":\"2018-05-07T19:11:36+02:00\"},{\"@type\":\"WebSite\",\"@id\":\"https:\\\/\\\/www.eldigitaldeasturias.com\\\/noticias\\\/#website\",\"url\":\"https:\\\/\\\/www.eldigitaldeasturias.com\\\/noticias\\\/\",\"name\":\"El Digital de Asturias - Diario de actualidad y noticias\",\"alternateName\":\"El Digital de Asturias - Diario de actualidad y noticias\",\"description\":\"Hemeroteca\",\"inLanguage\":\"es-ES\",\"publisher\":{\"@id\":\"https:\\\/\\\/www.eldigitaldeasturias.com\\\/noticias\\\/#organization\"}}]}\n\t\t<\/script>\n\t\t<!-- All in One SEO Pro -->\r\n\t\t<title>Semana de la Administraci\u00f3n Abierta - El Digital de Asturias<\/title>\n\n","aioseo_head_json":{"title":"Semana de la Administraci\u00f3n Abierta - El Digital de Asturias","description":"El Ministerio de Hacienda y Funci\u00f3n P\u00fablica promueve desde hoy hasta el viernes la Semana de la Administraci\u00f3n Abierta con m\u00e1s de 300 eventos programados y organizados por la Administraci\u00f3n General del Estado, a trav\u00e9s de los Ministerios y Delegaciones de Gobierno, las CCAA, Entidades Locales y las organizaciones de la sociedad civil El objetivo","canonical_url":"https:\/\/www.eldigitaldeasturias.com\/noticias\/semana-de-la-administracion-abierta\/","robots":"max-image-preview:large","keywords":"actualidad","webmasterTools":{"google-site-verification":"UA-38556648-1","msvalidate.01":"7dfe9f3f1b24437ab69f4f2559babe99","miscellaneous":""},"schema":{"@context":"https:\/\/schema.org","@graph":[{"@type":"BlogPosting","@id":"https:\/\/www.eldigitaldeasturias.com\/noticias\/semana-de-la-administracion-abierta\/#blogposting","name":"Semana de la Administraci\u00f3n Abierta - El Digital de Asturias","headline":"Semana de la Administraci\u00f3n Abierta","author":{"@id":"https:\/\/www.eldigitaldeasturias.com\/noticias\/author\/admin\/#author"},"publisher":{"@id":"https:\/\/www.eldigitaldeasturias.com\/noticias\/#organization"},"image":{"@type":"ImageObject","url":979395},"datePublished":"2018-05-07T19:11:36+02:00","dateModified":"2018-05-07T19:11:36+02:00","inLanguage":"es-ES","mainEntityOfPage":{"@id":"https:\/\/www.eldigitaldeasturias.com\/noticias\/semana-de-la-administracion-abierta\/#webpage"},"isPartOf":{"@id":"https:\/\/www.eldigitaldeasturias.com\/noticias\/semana-de-la-administracion-abierta\/#webpage"},"articleSection":"Actualidad"},{"@type":"BreadcrumbList","@id":"https:\/\/www.eldigitaldeasturias.com\/noticias\/semana-de-la-administracion-abierta\/#breadcrumblist","itemListElement":[{"@type":"ListItem","@id":"https:\/\/www.eldigitaldeasturias.com\/noticias#listItem","position":1,"name":"Home","item":"https:\/\/www.eldigitaldeasturias.com\/noticias","nextItem":{"@type":"ListItem","@id":"https:\/\/www.eldigitaldeasturias.com\/noticias\/category\/actualidad\/#listItem","name":"Actualidad"}},{"@type":"ListItem","@id":"https:\/\/www.eldigitaldeasturias.com\/noticias\/category\/actualidad\/#listItem","position":2,"name":"Actualidad","item":"https:\/\/www.eldigitaldeasturias.com\/noticias\/category\/actualidad\/","nextItem":{"@type":"ListItem","@id":"https:\/\/www.eldigitaldeasturias.com\/noticias\/semana-de-la-administracion-abierta\/#listItem","name":"Semana de la Administraci\u00f3n Abierta"},"previousItem":{"@type":"ListItem","@id":"https:\/\/www.eldigitaldeasturias.com\/noticias#listItem","name":"Home"}},{"@type":"ListItem","@id":"https:\/\/www.eldigitaldeasturias.com\/noticias\/semana-de-la-administracion-abierta\/#listItem","position":3,"name":"Semana de la Administraci\u00f3n Abierta","previousItem":{"@type":"ListItem","@id":"https:\/\/www.eldigitaldeasturias.com\/noticias\/category\/actualidad\/#listItem","name":"Actualidad"}}]},{"@type":"Organization","@id":"https:\/\/www.eldigitaldeasturias.com\/noticias\/#organization","name":"El Digital de Asturias","description":"Hemeroteca","url":"https:\/\/www.eldigitaldeasturias.com\/noticias\/","email":"info@eldigitaldeasturias.com","telephone":"+34652131393","logo":{"@type":"ImageObject","url":"https:\/\/www.eldigitaldeasturias.com\/noticias\/wp-content\/uploads\/2020\/12\/EDA.jpg","@id":"https:\/\/www.eldigitaldeasturias.com\/noticias\/semana-de-la-administracion-abierta\/#organizationLogo"},"image":{"@id":"https:\/\/www.eldigitaldeasturias.com\/noticias\/semana-de-la-administracion-abierta\/#organizationLogo"},"sameAs":["https:\/\/facebook.com\/eldigitaldeasturias","https:\/\/www.youtube.com\/channel\/UCZP-2wLEB9Rv6erhFmqVnvg"],"address":{"@id":"https:\/\/www.eldigitaldeasturias.com\/noticias\/#postaladdress","@type":"PostalAddress","streetAddress":"san antonio 4","postalCode":"33430","addressLocality":"Cand\u00e1s","addressRegion":"Asturias","addressCountry":"ES"}},{"@type":"Person","@id":"https:\/\/www.eldigitaldeasturias.com\/noticias\/author\/admin\/#author","url":"https:\/\/www.eldigitaldeasturias.com\/noticias\/author\/admin\/","name":"El Digital de Asturias","image":{"@type":"ImageObject","@id":"https:\/\/www.eldigitaldeasturias.com\/noticias\/semana-de-la-administracion-abierta\/#authorImage","url":"https:\/\/secure.gravatar.com\/avatar\/df2aeffc32bcd13f8d26072ef8a91b623d677766deac7f97ca815868cd41bf5e?s=96&d=mm&r=g","width":96,"height":96,"caption":"El Digital de Asturias"}},{"@type":"WebPage","@id":"https:\/\/www.eldigitaldeasturias.com\/noticias\/semana-de-la-administracion-abierta\/#webpage","url":"https:\/\/www.eldigitaldeasturias.com\/noticias\/semana-de-la-administracion-abierta\/","name":"Semana de la Administraci\u00f3n Abierta - El Digital de Asturias","description":"El Ministerio de Hacienda y Funci\u00f3n P\u00fablica promueve desde hoy hasta el viernes la Semana de la Administraci\u00f3n Abierta con m\u00e1s de 300 eventos programados y organizados por la Administraci\u00f3n General del Estado, a trav\u00e9s de los Ministerios y Delegaciones de Gobierno, las CCAA, Entidades Locales y las organizaciones de la sociedad civil El objetivo","inLanguage":"es-ES","isPartOf":{"@id":"https:\/\/www.eldigitaldeasturias.com\/noticias\/#website"},"breadcrumb":{"@id":"https:\/\/www.eldigitaldeasturias.com\/noticias\/semana-de-la-administracion-abierta\/#breadcrumblist"},"author":{"@id":"https:\/\/www.eldigitaldeasturias.com\/noticias\/author\/admin\/#author"},"creator":{"@id":"https:\/\/www.eldigitaldeasturias.com\/noticias\/author\/admin\/#author"},"image":{"@type":"ImageObject","url":979395,"@id":"https:\/\/www.eldigitaldeasturias.com\/noticias\/semana-de-la-administracion-abierta\/#mainImage"},"primaryImageOfPage":{"@id":"https:\/\/www.eldigitaldeasturias.com\/noticias\/semana-de-la-administracion-abierta\/#mainImage"},"datePublished":"2018-05-07T19:11:36+02:00","dateModified":"2018-05-07T19:11:36+02:00"},{"@type":"WebSite","@id":"https:\/\/www.eldigitaldeasturias.com\/noticias\/#website","url":"https:\/\/www.eldigitaldeasturias.com\/noticias\/","name":"El Digital de Asturias - Diario de actualidad y noticias","alternateName":"El Digital de Asturias - Diario de actualidad y noticias","description":"Hemeroteca","inLanguage":"es-ES","publisher":{"@id":"https:\/\/www.eldigitaldeasturias.com\/noticias\/#organization"}}]},"og:locale":"es_ES","og:site_name":"El Digital de Asturias","og:type":"article","og:title":"Semana de la Administraci\u00f3n Abierta - El Digital de Asturias","og:description":"El Ministerio de Hacienda y Funci\u00f3n P\u00fablica promueve desde hoy hasta el viernes la Semana de la Administraci\u00f3n Abierta con m\u00e1s de 300 eventos programados y organizados por la Administraci\u00f3n General del Estado, a trav\u00e9s de los Ministerios y Delegaciones de Gobierno, las CCAA, Entidades Locales y las organizaciones de la sociedad civil El objetivo","og:url":"https:\/\/www.eldigitaldeasturias.com\/noticias\/semana-de-la-administracion-abierta\/","article:tag":["actualidad"],"article:published_time":"2018-05-07T19:11:36+00:00","article:modified_time":"2018-05-07T19:11:36+00:00","article:publisher":"https:\/\/facebook.com\/eldigitaldeasturias","twitter:card":"summary_large_image","twitter:title":"Semana de la Administraci\u00f3n Abierta - El Digital de Asturias","twitter:description":"El Ministerio de Hacienda y Funci\u00f3n P\u00fablica promueve desde hoy hasta el viernes la Semana de la Administraci\u00f3n Abierta con m\u00e1s de 300 eventos programados y organizados por la Administraci\u00f3n General del Estado, a trav\u00e9s de los Ministerios y Delegaciones de Gobierno, las CCAA, Entidades Locales y las organizaciones de la sociedad civil El objetivo","twitter:image":"https:\/\/www.eldigitaldeasturias.com\/noticias\/wp-content\/uploads\/2020\/12\/EDA-1.jpg","twitter:label1":"Escrito por","twitter:data1":"El Digital de Asturias","twitter:label2":"Tiempo de lectura estimado","twitter:data2":"2 minutos"},"aioseo_meta_data":{"post_id":"979394","title":null,"description":null,"keywords":null,"keyphrases":null,"primary_term":null,"canonical_url":null,"og_title":null,"og_description":null,"og_object_type":"default","og_image_type":"default","og_image_url":null,"og_image_width":null,"og_image_height":null,"og_image_custom_url":null,"og_image_custom_fields":null,"og_video":null,"og_custom_url":null,"og_article_section":null,"og_article_tags":null,"twitter_use_og":false,"twitter_card":"default","twitter_image_type":"default","twitter_image_url":null,"twitter_image_custom_url":null,"twitter_image_custom_fields":null,"twitter_title":null,"twitter_description":null,"schema":{"blockGraphs":[],"customGraphs":[],"default":{"data":{"Article":[],"Course":[],"Dataset":[],"FAQPage":[],"Movie":[],"Person":[],"Product":[],"ProductReview":[],"Car":[],"Recipe":[],"Service":[],"SoftwareApplication":[],"WebPage":[]},"graphName":"","isEnabled":true},"graphs":[],"defaultGraph":"","defaultPostTypeGraph":""},"schema_type":null,"schema_type_options":null,"pillar_content":false,"robots_default":true,"robots_noindex":false,"robots_noarchive":false,"robots_nosnippet":false,"robots_nofollow":false,"robots_noimageindex":false,"robots_noodp":false,"robots_notranslate":false,"robots_max_snippet":null,"robots_max_videopreview":null,"robots_max_imagepreview":"large","priority":null,"frequency":null,"local_seo":null,"seo_analyzer_scan_date":"2025-10-08 14:11:24","breadcrumb_settings":null,"limit_modified_date":false,"open_ai":null,"ai":null,"created":"2020-12-21 11:59:38","updated":"2025-10-08 14:11:24","focus_keyword":null,"additional_keywords":null,"truseo_locale":null},"aioseo_breadcrumb":"<div class=\"aioseo-breadcrumbs\"><span class=\"aioseo-breadcrumb\">\n\t<a href=\"https:\/\/www.eldigitaldeasturias.com\/noticias\" title=\"Home\">Home<\/a>\n<\/span><span class=\"aioseo-breadcrumb-separator\">\u2013<\/span><span class=\"aioseo-breadcrumb\">\n\t<a href=\"https:\/\/www.eldigitaldeasturias.com\/noticias\/category\/actualidad\/\" title=\"Actualidad\">Actualidad<\/a>\n<\/span><span class=\"aioseo-breadcrumb-separator\">\u2013<\/span><span class=\"aioseo-breadcrumb\">\n\t<a href=\"https:\/\/www.eldigitaldeasturias.com\/noticias\/semana-de-la-administracion-abierta\/\" title=\"Semana de la Administraci\u00f3n Abierta\">Semana de la Administraci\u00f3n Abierta<\/a>\n<\/span><\/div>","aioseo_breadcrumb_json":[{"label":"Home","link":"https:\/\/www.eldigitaldeasturias.com\/noticias"},{"label":"Actualidad","link":"https:\/\/www.eldigitaldeasturias.com\/noticias\/category\/actualidad\/"},{"label":"Semana de la Administraci\u00f3n Abierta","link":"https:\/\/www.eldigitaldeasturias.com\/noticias\/semana-de-la-administracion-abierta\/"}],"_links":{"self":[{"href":"https:\/\/www.eldigitaldeasturias.com\/noticias\/wp-json\/wp\/v2\/posts\/979394","targetHints":{"allow":["GET"]}}],"collection":[{"href":"https:\/\/www.eldigitaldeasturias.com\/noticias\/wp-json\/wp\/v2\/posts"}],"about":[{"href":"https:\/\/www.eldigitaldeasturias.com\/noticias\/wp-json\/wp\/v2\/types\/post"}],"author":[{"embeddable":true,"href":"https:\/\/www.eldigitaldeasturias.com\/noticias\/wp-json\/wp\/v2\/users\/1"}],"replies":[{"embeddable":true,"href":"https:\/\/www.eldigitaldeasturias.com\/noticias\/wp-json\/wp\/v2\/comments?post=979394"}],"version-history":[{"count":0,"href":"https:\/\/www.eldigitaldeasturias.com\/noticias\/wp-json\/wp\/v2\/posts\/979394\/revisions"}],"wp:attachment":[{"href":"https:\/\/www.eldigitaldeasturias.com\/noticias\/wp-json\/wp\/v2\/media?parent=979394"}],"wp:term":[{"taxonomy":"category","embeddable":true,"href":"https:\/\/www.eldigitaldeasturias.com\/noticias\/wp-json\/wp\/v2\/categories?post=979394"},{"taxonomy":"post_tag","embeddable":true,"href":"https:\/\/www.eldigitaldeasturias.com\/noticias\/wp-json\/wp\/v2\/tags?post=979394"}],"curies":[{"name":"wp","href":"https:\/\/api.w.org\/{rel}","templated":true}]}}