{"id":979389,"date":"2018-05-07T19:08:49","date_gmt":"2018-05-07T19:08:49","guid":{"rendered":"http:\/\/www.eldigitaldeasturias.com\/noticias\/?p=979389"},"modified":"2018-05-07T19:08:49","modified_gmt":"2018-05-07T19:08:49","slug":"el-gobierno-de-espana-satisfecho-con-las-elecciones-en-libano","status":"publish","type":"post","link":"https:\/\/www.eldigitaldeasturias.com\/noticias\/el-gobierno-de-espana-satisfecho-con-las-elecciones-en-libano\/","title":{"rendered":"El Gobierno de Espa\u00f1a satisfecho con las elecciones en L\u00edbano"},"content":{"rendered":"<p><img loading=\"lazy\" decoding=\"async\" class=\"alignleft size-medium wp-image-958670\" src=\"https:\/\/www.eldigitaldeasturias.com\/noticias\/wp-content\/uploads\/2017\/11\/Exteriores2_Interior-360x239.jpg\" alt=\"\" width=\"360\" height=\"239\" \/>Espa\u00f1a desea felicitar al pueblo liban\u00e9s y a sus autoridades por la celebraci\u00f3n de las primeras elecciones parlamentarias en nueve a\u00f1os tras la aprobaci\u00f3n de una nueva ley electoral en 2017 que incorpora por primera vez la representaci\u00f3n proporcional.<\/p>\n<p>\u200bL\u00edbano ha dado una muestra de madurez y compromiso con la democracia como atestigua adem\u00e1s la invitaci\u00f3n a una misi\u00f3n de observaci\u00f3n electoral de la UE, liderada por la eurodiputada espa\u00f1ola Elena Valenciano que se ha desplegado en el pa\u00eds con tal ocasi\u00f3n.<\/p>\n<p>Espa\u00f1a conf\u00eda en seguir impulsando las relaciones de amistad y cooperaci\u00f3n con que le unen estrechamente al L\u00edbano y su pueblo.<\/p>\n","protected":false},"excerpt":{"rendered":"<p>Espa\u00f1a desea felicitar al pueblo liban\u00e9s y a sus autoridades por la celebraci\u00f3n de las primeras elecciones parlamentarias en nueve a\u00f1os tras la aprobaci\u00f3n de una nueva ley electoral en 2017 que incorpora por primera vez la representaci\u00f3n proporcional. \u200bL\u00edbano ha dado una muestra de madurez y compromiso con la democracia como atestigua adem\u00e1s la [&hellip;]<\/p>\n","protected":false},"author":1,"featured_media":958670,"comment_status":"closed","ping_status":"closed","sticky":false,"template":"","format":"standard","meta":{"footnotes":""},"categories":[1],"tags":[],"class_list":["post-979389","post","type-post","status-publish","format-standard","has-post-thumbnail","hentry","category-actualidad"],"aioseo_notices":[],"aioseo_head":"\n\t\t<!-- All in One SEO Pro 5.0.1 - aioseo.com -->\n\t<meta name=\"description\" content=\"Espa\u00f1a desea felicitar al pueblo liban\u00e9s y a sus autoridades por la celebraci\u00f3n de las primeras elecciones parlamentarias en nueve a\u00f1os tras la aprobaci\u00f3n de una nueva ley electoral en 2017 que incorpora por primera vez la representaci\u00f3n proporcional. \u200bL\u00edbano ha dado una muestra de madurez y compromiso con la democracia como atestigua adem\u00e1s la\" \/>\n\t<meta name=\"robots\" content=\"max-image-preview:large\" \/>\n\t<meta name=\"author\" content=\"El Digital de Asturias\"\/>\n\t<meta name=\"google-site-verification\" content=\"UA-38556648-1\" \/>\n\t<meta name=\"msvalidate.01\" content=\"7dfe9f3f1b24437ab69f4f2559babe99\" \/>\n\t<meta name=\"keywords\" content=\"actualidad\" \/>\n\t<link rel=\"canonical\" href=\"https:\/\/www.eldigitaldeasturias.com\/noticias\/el-gobierno-de-espana-satisfecho-con-las-elecciones-en-libano\/\" \/>\n\t<meta name=\"generator\" content=\"All in One SEO Pro (AIOSEO) 5.0.1\" \/>\n\t\t<meta property=\"og:locale\" content=\"es_ES\" \/>\n\t\t<meta property=\"og:site_name\" content=\"El Digital de Asturias\" \/>\n\t\t<meta property=\"og:type\" content=\"article\" \/>\n\t\t<meta property=\"og:title\" content=\"El Gobierno de Espa\u00f1a satisfecho con las elecciones en L\u00edbano - El Digital de Asturias\" \/>\n\t\t<meta property=\"og:description\" content=\"Espa\u00f1a desea felicitar al pueblo liban\u00e9s y a sus autoridades por la celebraci\u00f3n de las primeras elecciones parlamentarias en nueve a\u00f1os tras la aprobaci\u00f3n de una nueva ley electoral en 2017 que incorpora por primera vez la representaci\u00f3n proporcional. \u200bL\u00edbano ha dado una muestra de madurez y compromiso con la democracia como atestigua adem\u00e1s la\" \/>\n\t\t<meta property=\"og:url\" content=\"https:\/\/www.eldigitaldeasturias.com\/noticias\/el-gobierno-de-espana-satisfecho-con-las-elecciones-en-libano\/\" \/>\n\t\t<meta property=\"article:tag\" content=\"actualidad\" \/>\n\t\t<meta property=\"article:published_time\" content=\"2018-05-07T19:08:49+00:00\" \/>\n\t\t<meta property=\"article:modified_time\" content=\"2018-05-07T19:08:49+00:00\" \/>\n\t\t<meta property=\"article:publisher\" content=\"https:\/\/facebook.com\/eldigitaldeasturias\" \/>\n\t\t<meta name=\"twitter:card\" content=\"summary_large_image\" \/>\n\t\t<meta name=\"twitter:title\" content=\"El Gobierno de Espa\u00f1a satisfecho con las elecciones en L\u00edbano - El Digital de Asturias\" \/>\n\t\t<meta name=\"twitter:description\" content=\"Espa\u00f1a desea felicitar al pueblo liban\u00e9s y a sus autoridades por la celebraci\u00f3n de las primeras elecciones parlamentarias en nueve a\u00f1os tras la aprobaci\u00f3n de una nueva ley electoral en 2017 que incorpora por primera vez la representaci\u00f3n proporcional. \u200bL\u00edbano ha dado una muestra de madurez y compromiso con la democracia como atestigua adem\u00e1s la\" \/>\n\t\t<meta name=\"twitter:image\" content=\"https:\/\/www.eldigitaldeasturias.com\/noticias\/wp-content\/uploads\/2020\/12\/EDA-1.jpg\" \/>\n\t\t<meta name=\"twitter:label1\" content=\"Escrito por\" \/>\n\t\t<meta name=\"twitter:data1\" content=\"El Digital de Asturias\" \/>\n\t\t<meta name=\"twitter:label2\" content=\"Tiempo de lectura estimado\" \/>\n\t\t<meta name=\"twitter:data2\" content=\"1 minuto\" \/>\n\t\t<script type=\"application\/ld+json\" class=\"aioseo-schema\">\n\t\t\t{\"@context\":\"https:\\\/\\\/schema.org\",\"@graph\":[{\"@type\":\"BlogPosting\",\"@id\":\"https:\\\/\\\/www.eldigitaldeasturias.com\\\/noticias\\\/el-gobierno-de-espana-satisfecho-con-las-elecciones-en-libano\\\/#blogposting\",\"name\":\"El Gobierno de Espa\\u00f1a satisfecho con las elecciones en L\\u00edbano - El Digital de Asturias\",\"headline\":\"El Gobierno de Espa\\u00f1a satisfecho con las elecciones en L\\u00edbano\",\"author\":{\"@id\":\"https:\\\/\\\/www.eldigitaldeasturias.com\\\/noticias\\\/author\\\/admin\\\/#author\"},\"publisher\":{\"@id\":\"https:\\\/\\\/www.eldigitaldeasturias.com\\\/noticias\\\/#organization\"},\"image\":{\"@type\":\"ImageObject\",\"url\":958670},\"datePublished\":\"2018-05-07T19:08:49+02:00\",\"dateModified\":\"2018-05-07T19:08:49+02:00\",\"inLanguage\":\"es-ES\",\"mainEntityOfPage\":{\"@id\":\"https:\\\/\\\/www.eldigitaldeasturias.com\\\/noticias\\\/el-gobierno-de-espana-satisfecho-con-las-elecciones-en-libano\\\/#webpage\"},\"isPartOf\":{\"@id\":\"https:\\\/\\\/www.eldigitaldeasturias.com\\\/noticias\\\/el-gobierno-de-espana-satisfecho-con-las-elecciones-en-libano\\\/#webpage\"},\"articleSection\":\"Actualidad\"},{\"@type\":\"BreadcrumbList\",\"@id\":\"https:\\\/\\\/www.eldigitaldeasturias.com\\\/noticias\\\/el-gobierno-de-espana-satisfecho-con-las-elecciones-en-libano\\\/#breadcrumblist\",\"itemListElement\":[{\"@type\":\"ListItem\",\"@id\":\"https:\\\/\\\/www.eldigitaldeasturias.com\\\/noticias#listItem\",\"position\":1,\"name\":\"Home\",\"item\":\"https:\\\/\\\/www.eldigitaldeasturias.com\\\/noticias\",\"nextItem\":{\"@type\":\"ListItem\",\"@id\":\"https:\\\/\\\/www.eldigitaldeasturias.com\\\/noticias\\\/category\\\/actualidad\\\/#listItem\",\"name\":\"Actualidad\"}},{\"@type\":\"ListItem\",\"@id\":\"https:\\\/\\\/www.eldigitaldeasturias.com\\\/noticias\\\/category\\\/actualidad\\\/#listItem\",\"position\":2,\"name\":\"Actualidad\",\"item\":\"https:\\\/\\\/www.eldigitaldeasturias.com\\\/noticias\\\/category\\\/actualidad\\\/\",\"nextItem\":{\"@type\":\"ListItem\",\"@id\":\"https:\\\/\\\/www.eldigitaldeasturias.com\\\/noticias\\\/el-gobierno-de-espana-satisfecho-con-las-elecciones-en-libano\\\/#listItem\",\"name\":\"El Gobierno de Espa\\u00f1a satisfecho con las elecciones en L\\u00edbano\"},\"previousItem\":{\"@type\":\"ListItem\",\"@id\":\"https:\\\/\\\/www.eldigitaldeasturias.com\\\/noticias#listItem\",\"name\":\"Home\"}},{\"@type\":\"ListItem\",\"@id\":\"https:\\\/\\\/www.eldigitaldeasturias.com\\\/noticias\\\/el-gobierno-de-espana-satisfecho-con-las-elecciones-en-libano\\\/#listItem\",\"position\":3,\"name\":\"El Gobierno de Espa\\u00f1a satisfecho con las elecciones en L\\u00edbano\",\"previousItem\":{\"@type\":\"ListItem\",\"@id\":\"https:\\\/\\\/www.eldigitaldeasturias.com\\\/noticias\\\/category\\\/actualidad\\\/#listItem\",\"name\":\"Actualidad\"}}]},{\"@type\":\"Organization\",\"@id\":\"https:\\\/\\\/www.eldigitaldeasturias.com\\\/noticias\\\/#organization\",\"name\":\"El Digital de Asturias\",\"description\":\"Hemeroteca\",\"url\":\"https:\\\/\\\/www.eldigitaldeasturias.com\\\/noticias\\\/\",\"email\":\"info@eldigitaldeasturias.com\",\"telephone\":\"+34652131393\",\"logo\":{\"@type\":\"ImageObject\",\"url\":\"https:\\\/\\\/www.eldigitaldeasturias.com\\\/noticias\\\/wp-content\\\/uploads\\\/2020\\\/12\\\/EDA.jpg\",\"@id\":\"https:\\\/\\\/www.eldigitaldeasturias.com\\\/noticias\\\/el-gobierno-de-espana-satisfecho-con-las-elecciones-en-libano\\\/#organizationLogo\"},\"image\":{\"@id\":\"https:\\\/\\\/www.eldigitaldeasturias.com\\\/noticias\\\/el-gobierno-de-espana-satisfecho-con-las-elecciones-en-libano\\\/#organizationLogo\"},\"sameAs\":[\"https:\\\/\\\/facebook.com\\\/eldigitaldeasturias\",\"https:\\\/\\\/www.youtube.com\\\/channel\\\/UCZP-2wLEB9Rv6erhFmqVnvg\"],\"address\":{\"@id\":\"https:\\\/\\\/www.eldigitaldeasturias.com\\\/noticias\\\/#postaladdress\",\"@type\":\"PostalAddress\",\"streetAddress\":\"san antonio 4\",\"postalCode\":\"33430\",\"addressLocality\":\"Cand\\u00e1s\",\"addressRegion\":\"Asturias\",\"addressCountry\":\"ES\"}},{\"@type\":\"Person\",\"@id\":\"https:\\\/\\\/www.eldigitaldeasturias.com\\\/noticias\\\/author\\\/admin\\\/#author\",\"url\":\"https:\\\/\\\/www.eldigitaldeasturias.com\\\/noticias\\\/author\\\/admin\\\/\",\"name\":\"El Digital de Asturias\",\"image\":{\"@type\":\"ImageObject\",\"@id\":\"https:\\\/\\\/www.eldigitaldeasturias.com\\\/noticias\\\/el-gobierno-de-espana-satisfecho-con-las-elecciones-en-libano\\\/#authorImage\",\"url\":\"https:\\\/\\\/secure.gravatar.com\\\/avatar\\\/df2aeffc32bcd13f8d26072ef8a91b623d677766deac7f97ca815868cd41bf5e?s=96&d=mm&r=g\",\"width\":96,\"height\":96,\"caption\":\"El Digital de Asturias\"}},{\"@type\":\"WebPage\",\"@id\":\"https:\\\/\\\/www.eldigitaldeasturias.com\\\/noticias\\\/el-gobierno-de-espana-satisfecho-con-las-elecciones-en-libano\\\/#webpage\",\"url\":\"https:\\\/\\\/www.eldigitaldeasturias.com\\\/noticias\\\/el-gobierno-de-espana-satisfecho-con-las-elecciones-en-libano\\\/\",\"name\":\"El Gobierno de Espa\\u00f1a satisfecho con las elecciones en L\\u00edbano - El Digital de Asturias\",\"description\":\"Espa\\u00f1a desea felicitar al pueblo liban\\u00e9s y a sus autoridades por la celebraci\\u00f3n de las primeras elecciones parlamentarias en nueve a\\u00f1os tras la aprobaci\\u00f3n de una nueva ley electoral en 2017 que incorpora por primera vez la representaci\\u00f3n proporcional. \\u200bL\\u00edbano ha dado una muestra de madurez y compromiso con la democracia como atestigua adem\\u00e1s la\",\"inLanguage\":\"es-ES\",\"isPartOf\":{\"@id\":\"https:\\\/\\\/www.eldigitaldeasturias.com\\\/noticias\\\/#website\"},\"breadcrumb\":{\"@id\":\"https:\\\/\\\/www.eldigitaldeasturias.com\\\/noticias\\\/el-gobierno-de-espana-satisfecho-con-las-elecciones-en-libano\\\/#breadcrumblist\"},\"author\":{\"@id\":\"https:\\\/\\\/www.eldigitaldeasturias.com\\\/noticias\\\/author\\\/admin\\\/#author\"},\"creator\":{\"@id\":\"https:\\\/\\\/www.eldigitaldeasturias.com\\\/noticias\\\/author\\\/admin\\\/#author\"},\"image\":{\"@type\":\"ImageObject\",\"url\":958670,\"@id\":\"https:\\\/\\\/www.eldigitaldeasturias.com\\\/noticias\\\/el-gobierno-de-espana-satisfecho-con-las-elecciones-en-libano\\\/#mainImage\"},\"primaryImageOfPage\":{\"@id\":\"https:\\\/\\\/www.eldigitaldeasturias.com\\\/noticias\\\/el-gobierno-de-espana-satisfecho-con-las-elecciones-en-libano\\\/#mainImage\"},\"datePublished\":\"2018-05-07T19:08:49+02:00\",\"dateModified\":\"2018-05-07T19:08:49+02:00\"},{\"@type\":\"WebSite\",\"@id\":\"https:\\\/\\\/www.eldigitaldeasturias.com\\\/noticias\\\/#website\",\"url\":\"https:\\\/\\\/www.eldigitaldeasturias.com\\\/noticias\\\/\",\"name\":\"El Digital de Asturias - Diario de actualidad y noticias\",\"alternateName\":\"El Digital de Asturias - Diario de actualidad y noticias\",\"description\":\"Hemeroteca\",\"inLanguage\":\"es-ES\",\"publisher\":{\"@id\":\"https:\\\/\\\/www.eldigitaldeasturias.com\\\/noticias\\\/#organization\"}}]}\n\t\t<\/script>\n\t\t<!-- All in One SEO Pro -->\r\n\t\t<title>El Gobierno de Espa\u00f1a satisfecho con las elecciones en L\u00edbano - El Digital de Asturias<\/title>\n\n","aioseo_head_json":{"title":"El Gobierno de Espa\u00f1a satisfecho con las elecciones en L\u00edbano - El Digital de Asturias","description":"Espa\u00f1a desea felicitar al pueblo liban\u00e9s y a sus autoridades por la celebraci\u00f3n de las primeras elecciones parlamentarias en nueve a\u00f1os tras la aprobaci\u00f3n de una nueva ley electoral en 2017 que incorpora por primera vez la representaci\u00f3n proporcional. \u200bL\u00edbano ha dado una muestra de madurez y compromiso con la democracia como atestigua adem\u00e1s la","canonical_url":"https:\/\/www.eldigitaldeasturias.com\/noticias\/el-gobierno-de-espana-satisfecho-con-las-elecciones-en-libano\/","robots":"max-image-preview:large","keywords":"actualidad","webmasterTools":{"google-site-verification":"UA-38556648-1","msvalidate.01":"7dfe9f3f1b24437ab69f4f2559babe99","miscellaneous":""},"schema":{"@context":"https:\/\/schema.org","@graph":[{"@type":"BlogPosting","@id":"https:\/\/www.eldigitaldeasturias.com\/noticias\/el-gobierno-de-espana-satisfecho-con-las-elecciones-en-libano\/#blogposting","name":"El Gobierno de Espa\u00f1a satisfecho con las elecciones en L\u00edbano - El Digital de Asturias","headline":"El Gobierno de Espa\u00f1a satisfecho con las elecciones en L\u00edbano","author":{"@id":"https:\/\/www.eldigitaldeasturias.com\/noticias\/author\/admin\/#author"},"publisher":{"@id":"https:\/\/www.eldigitaldeasturias.com\/noticias\/#organization"},"image":{"@type":"ImageObject","url":958670},"datePublished":"2018-05-07T19:08:49+02:00","dateModified":"2018-05-07T19:08:49+02:00","inLanguage":"es-ES","mainEntityOfPage":{"@id":"https:\/\/www.eldigitaldeasturias.com\/noticias\/el-gobierno-de-espana-satisfecho-con-las-elecciones-en-libano\/#webpage"},"isPartOf":{"@id":"https:\/\/www.eldigitaldeasturias.com\/noticias\/el-gobierno-de-espana-satisfecho-con-las-elecciones-en-libano\/#webpage"},"articleSection":"Actualidad"},{"@type":"BreadcrumbList","@id":"https:\/\/www.eldigitaldeasturias.com\/noticias\/el-gobierno-de-espana-satisfecho-con-las-elecciones-en-libano\/#breadcrumblist","itemListElement":[{"@type":"ListItem","@id":"https:\/\/www.eldigitaldeasturias.com\/noticias#listItem","position":1,"name":"Home","item":"https:\/\/www.eldigitaldeasturias.com\/noticias","nextItem":{"@type":"ListItem","@id":"https:\/\/www.eldigitaldeasturias.com\/noticias\/category\/actualidad\/#listItem","name":"Actualidad"}},{"@type":"ListItem","@id":"https:\/\/www.eldigitaldeasturias.com\/noticias\/category\/actualidad\/#listItem","position":2,"name":"Actualidad","item":"https:\/\/www.eldigitaldeasturias.com\/noticias\/category\/actualidad\/","nextItem":{"@type":"ListItem","@id":"https:\/\/www.eldigitaldeasturias.com\/noticias\/el-gobierno-de-espana-satisfecho-con-las-elecciones-en-libano\/#listItem","name":"El Gobierno de Espa\u00f1a satisfecho con las elecciones en L\u00edbano"},"previousItem":{"@type":"ListItem","@id":"https:\/\/www.eldigitaldeasturias.com\/noticias#listItem","name":"Home"}},{"@type":"ListItem","@id":"https:\/\/www.eldigitaldeasturias.com\/noticias\/el-gobierno-de-espana-satisfecho-con-las-elecciones-en-libano\/#listItem","position":3,"name":"El Gobierno de Espa\u00f1a satisfecho con las elecciones en L\u00edbano","previousItem":{"@type":"ListItem","@id":"https:\/\/www.eldigitaldeasturias.com\/noticias\/category\/actualidad\/#listItem","name":"Actualidad"}}]},{"@type":"Organization","@id":"https:\/\/www.eldigitaldeasturias.com\/noticias\/#organization","name":"El Digital de Asturias","description":"Hemeroteca","url":"https:\/\/www.eldigitaldeasturias.com\/noticias\/","email":"info@eldigitaldeasturias.com","telephone":"+34652131393","logo":{"@type":"ImageObject","url":"https:\/\/www.eldigitaldeasturias.com\/noticias\/wp-content\/uploads\/2020\/12\/EDA.jpg","@id":"https:\/\/www.eldigitaldeasturias.com\/noticias\/el-gobierno-de-espana-satisfecho-con-las-elecciones-en-libano\/#organizationLogo"},"image":{"@id":"https:\/\/www.eldigitaldeasturias.com\/noticias\/el-gobierno-de-espana-satisfecho-con-las-elecciones-en-libano\/#organizationLogo"},"sameAs":["https:\/\/facebook.com\/eldigitaldeasturias","https:\/\/www.youtube.com\/channel\/UCZP-2wLEB9Rv6erhFmqVnvg"],"address":{"@id":"https:\/\/www.eldigitaldeasturias.com\/noticias\/#postaladdress","@type":"PostalAddress","streetAddress":"san antonio 4","postalCode":"33430","addressLocality":"Cand\u00e1s","addressRegion":"Asturias","addressCountry":"ES"}},{"@type":"Person","@id":"https:\/\/www.eldigitaldeasturias.com\/noticias\/author\/admin\/#author","url":"https:\/\/www.eldigitaldeasturias.com\/noticias\/author\/admin\/","name":"El Digital de Asturias","image":{"@type":"ImageObject","@id":"https:\/\/www.eldigitaldeasturias.com\/noticias\/el-gobierno-de-espana-satisfecho-con-las-elecciones-en-libano\/#authorImage","url":"https:\/\/secure.gravatar.com\/avatar\/df2aeffc32bcd13f8d26072ef8a91b623d677766deac7f97ca815868cd41bf5e?s=96&d=mm&r=g","width":96,"height":96,"caption":"El Digital de Asturias"}},{"@type":"WebPage","@id":"https:\/\/www.eldigitaldeasturias.com\/noticias\/el-gobierno-de-espana-satisfecho-con-las-elecciones-en-libano\/#webpage","url":"https:\/\/www.eldigitaldeasturias.com\/noticias\/el-gobierno-de-espana-satisfecho-con-las-elecciones-en-libano\/","name":"El Gobierno de Espa\u00f1a satisfecho con las elecciones en L\u00edbano - El Digital de Asturias","description":"Espa\u00f1a desea felicitar al pueblo liban\u00e9s y a sus autoridades por la celebraci\u00f3n de las primeras elecciones parlamentarias en nueve a\u00f1os tras la aprobaci\u00f3n de una nueva ley electoral en 2017 que incorpora por primera vez la representaci\u00f3n proporcional. \u200bL\u00edbano ha dado una muestra de madurez y compromiso con la democracia como atestigua adem\u00e1s la","inLanguage":"es-ES","isPartOf":{"@id":"https:\/\/www.eldigitaldeasturias.com\/noticias\/#website"},"breadcrumb":{"@id":"https:\/\/www.eldigitaldeasturias.com\/noticias\/el-gobierno-de-espana-satisfecho-con-las-elecciones-en-libano\/#breadcrumblist"},"author":{"@id":"https:\/\/www.eldigitaldeasturias.com\/noticias\/author\/admin\/#author"},"creator":{"@id":"https:\/\/www.eldigitaldeasturias.com\/noticias\/author\/admin\/#author"},"image":{"@type":"ImageObject","url":958670,"@id":"https:\/\/www.eldigitaldeasturias.com\/noticias\/el-gobierno-de-espana-satisfecho-con-las-elecciones-en-libano\/#mainImage"},"primaryImageOfPage":{"@id":"https:\/\/www.eldigitaldeasturias.com\/noticias\/el-gobierno-de-espana-satisfecho-con-las-elecciones-en-libano\/#mainImage"},"datePublished":"2018-05-07T19:08:49+02:00","dateModified":"2018-05-07T19:08:49+02:00"},{"@type":"WebSite","@id":"https:\/\/www.eldigitaldeasturias.com\/noticias\/#website","url":"https:\/\/www.eldigitaldeasturias.com\/noticias\/","name":"El Digital de Asturias - Diario de actualidad y noticias","alternateName":"El Digital de Asturias - Diario de actualidad y noticias","description":"Hemeroteca","inLanguage":"es-ES","publisher":{"@id":"https:\/\/www.eldigitaldeasturias.com\/noticias\/#organization"}}]},"og:locale":"es_ES","og:site_name":"El Digital de Asturias","og:type":"article","og:title":"El Gobierno de Espa\u00f1a satisfecho con las elecciones en L\u00edbano - El Digital de Asturias","og:description":"Espa\u00f1a desea felicitar al pueblo liban\u00e9s y a sus autoridades por la celebraci\u00f3n de las primeras elecciones parlamentarias en nueve a\u00f1os tras la aprobaci\u00f3n de una nueva ley electoral en 2017 que incorpora por primera vez la representaci\u00f3n proporcional. \u200bL\u00edbano ha dado una muestra de madurez y compromiso con la democracia como atestigua adem\u00e1s la","og:url":"https:\/\/www.eldigitaldeasturias.com\/noticias\/el-gobierno-de-espana-satisfecho-con-las-elecciones-en-libano\/","article:tag":["actualidad"],"article:published_time":"2018-05-07T19:08:49+00:00","article:modified_time":"2018-05-07T19:08:49+00:00","article:publisher":"https:\/\/facebook.com\/eldigitaldeasturias","twitter:card":"summary_large_image","twitter:title":"El Gobierno de Espa\u00f1a satisfecho con las elecciones en L\u00edbano - El Digital de Asturias","twitter:description":"Espa\u00f1a desea felicitar al pueblo liban\u00e9s y a sus autoridades por la celebraci\u00f3n de las primeras elecciones parlamentarias en nueve a\u00f1os tras la aprobaci\u00f3n de una nueva ley electoral en 2017 que incorpora por primera vez la representaci\u00f3n proporcional. \u200bL\u00edbano ha dado una muestra de madurez y compromiso con la democracia como atestigua adem\u00e1s la","twitter:image":"https:\/\/www.eldigitaldeasturias.com\/noticias\/wp-content\/uploads\/2020\/12\/EDA-1.jpg","twitter:label1":"Escrito por","twitter:data1":"El Digital de Asturias","twitter:label2":"Tiempo de lectura estimado","twitter:data2":"1 minuto"},"aioseo_meta_data":{"post_id":"979389","title":null,"description":null,"keywords":null,"keyphrases":null,"primary_term":null,"canonical_url":null,"og_title":null,"og_description":null,"og_object_type":"default","og_image_type":"default","og_image_url":null,"og_image_width":null,"og_image_height":null,"og_image_custom_url":null,"og_image_custom_fields":null,"og_video":null,"og_custom_url":null,"og_article_section":null,"og_article_tags":null,"twitter_use_og":false,"twitter_card":"default","twitter_image_type":"default","twitter_image_url":null,"twitter_image_custom_url":null,"twitter_image_custom_fields":null,"twitter_title":null,"twitter_description":null,"schema":{"blockGraphs":[],"customGraphs":[],"default":{"data":{"Article":[],"Course":[],"Dataset":[],"FAQPage":[],"Movie":[],"Person":[],"Product":[],"ProductReview":[],"Car":[],"Recipe":[],"Service":[],"SoftwareApplication":[],"WebPage":[]},"graphName":"","isEnabled":true},"graphs":[],"defaultGraph":"","defaultPostTypeGraph":""},"schema_type":null,"schema_type_options":null,"pillar_content":false,"robots_default":true,"robots_noindex":false,"robots_noarchive":false,"robots_nosnippet":false,"robots_nofollow":false,"robots_noimageindex":false,"robots_noodp":false,"robots_notranslate":false,"robots_max_snippet":null,"robots_max_videopreview":null,"robots_max_imagepreview":"large","priority":null,"frequency":null,"local_seo":null,"seo_analyzer_scan_date":"2025-10-08 14:11:22","breadcrumb_settings":null,"limit_modified_date":false,"open_ai":null,"ai":null,"created":"2020-12-21 11:59:38","updated":"2025-10-08 14:11:22","focus_keyword":null,"additional_keywords":null,"truseo_locale":null},"aioseo_breadcrumb":"<div class=\"aioseo-breadcrumbs\"><span class=\"aioseo-breadcrumb\">\n\t<a href=\"https:\/\/www.eldigitaldeasturias.com\/noticias\" title=\"Home\">Home<\/a>\n<\/span><span class=\"aioseo-breadcrumb-separator\">\u2013<\/span><span class=\"aioseo-breadcrumb\">\n\t<a href=\"https:\/\/www.eldigitaldeasturias.com\/noticias\/category\/actualidad\/\" title=\"Actualidad\">Actualidad<\/a>\n<\/span><span class=\"aioseo-breadcrumb-separator\">\u2013<\/span><span class=\"aioseo-breadcrumb\">\n\t<a href=\"https:\/\/www.eldigitaldeasturias.com\/noticias\/el-gobierno-de-espana-satisfecho-con-las-elecciones-en-libano\/\" title=\"El Gobierno de Espa\u00f1a satisfecho con las elecciones en L\u00edbano\">El Gobierno de Espa\u00f1a satisfecho con las elecciones en L\u00edbano<\/a>\n<\/span><\/div>","aioseo_breadcrumb_json":[{"label":"Home","link":"https:\/\/www.eldigitaldeasturias.com\/noticias"},{"label":"Actualidad","link":"https:\/\/www.eldigitaldeasturias.com\/noticias\/category\/actualidad\/"},{"label":"El Gobierno de Espa\u00f1a satisfecho con las elecciones en L\u00edbano","link":"https:\/\/www.eldigitaldeasturias.com\/noticias\/el-gobierno-de-espana-satisfecho-con-las-elecciones-en-libano\/"}],"_links":{"self":[{"href":"https:\/\/www.eldigitaldeasturias.com\/noticias\/wp-json\/wp\/v2\/posts\/979389","targetHints":{"allow":["GET"]}}],"collection":[{"href":"https:\/\/www.eldigitaldeasturias.com\/noticias\/wp-json\/wp\/v2\/posts"}],"about":[{"href":"https:\/\/www.eldigitaldeasturias.com\/noticias\/wp-json\/wp\/v2\/types\/post"}],"author":[{"embeddable":true,"href":"https:\/\/www.eldigitaldeasturias.com\/noticias\/wp-json\/wp\/v2\/users\/1"}],"replies":[{"embeddable":true,"href":"https:\/\/www.eldigitaldeasturias.com\/noticias\/wp-json\/wp\/v2\/comments?post=979389"}],"version-history":[{"count":0,"href":"https:\/\/www.eldigitaldeasturias.com\/noticias\/wp-json\/wp\/v2\/posts\/979389\/revisions"}],"wp:attachment":[{"href":"https:\/\/www.eldigitaldeasturias.com\/noticias\/wp-json\/wp\/v2\/media?parent=979389"}],"wp:term":[{"taxonomy":"category","embeddable":true,"href":"https:\/\/www.eldigitaldeasturias.com\/noticias\/wp-json\/wp\/v2\/categories?post=979389"},{"taxonomy":"post_tag","embeddable":true,"href":"https:\/\/www.eldigitaldeasturias.com\/noticias\/wp-json\/wp\/v2\/tags?post=979389"}],"curies":[{"name":"wp","href":"https:\/\/api.w.org\/{rel}","templated":true}]}}