{"id":979342,"date":"2018-05-06T22:16:21","date_gmt":"2018-05-06T22:16:21","guid":{"rendered":"http:\/\/www.eldigitaldeasturias.com\/noticias\/?p=979342"},"modified":"2018-05-06T22:16:21","modified_gmt":"2018-05-06T22:16:21","slug":"alvarado-el-rockero-y-escritor-que-busca-una-costa-rica-desarrollada","status":"publish","type":"post","link":"https:\/\/www.eldigitaldeasturias.com\/noticias\/alvarado-el-rockero-y-escritor-que-busca-una-costa-rica-desarrollada\/","title":{"rendered":"Alvarado, el rockero y escritor que busca una Costa Rica desarrollada"},"content":{"rendered":"<p><img loading=\"lazy\" decoding=\"async\" class=\"alignleft size-medium wp-image-979343\" src=\"https:\/\/www.eldigitaldeasturias.com\/noticias\/wp-content\/uploads\/2018\/05\/desamparados-94156_960_720-360x270.jpg\" alt=\"\" width=\"360\" height=\"270\" \/>San Jos\u00e9, 6 may (dpa) &#8211; El pr\u00f3ximo presidente de Costa Rica, Carlos Alvarado, quien asumir\u00e1 el mando este martes para los pr\u00f3ximos cuatro a\u00f1os, tiene como meta principal convertir a este peque\u00f1o pa\u00eds de 4,9 millones de habitantes y 51.100 kil\u00f3metros cuadrados en una naci\u00f3n desarrollada.<\/p>\n<p>\u00abEspero hacer de Costa Rica un pa\u00eds desarrollado, y prepararlo para celebrar, en el 2021, el gran bicentenario de la independencia\u00bb de Espa\u00f1a, dijo el ganador de la segunda vuelta electoral celebrada el 1 de abril, donde obtuvo el 60,59 por ciento de los votos.<\/p>\n<p>Int\u00e9rprete en su juventud de m\u00fasica rock, para incursionar luego en el campo de la literatura, Alvarado, proveniente de una familia de clase media y quien se define como \u00abprogresita\u00bb, se convertir\u00e1 a sus 38 a\u00f1os en el presidente m\u00e1s joven de Am\u00e9rica Latina.<\/p>\n<p>Por esa raz\u00f3n, se ha autoproclamado como un int\u00e9rprete de las nuevas generaciones de costarricenses y en un s\u00edmbolo de la unidad intergeneracional en el peque\u00f1o pa\u00eds centroamericano.<\/p>\n<p>Periodista y comunicador, adem\u00e1s de polit\u00f3logo, est\u00e1 casado con la arquitecta Claudia Dobles y es padre de un ni\u00f1o.<\/p>\n<p>Antes del actual Gobierno del presidente saliente Luis Guillermo Sol\u00eds, de quien fue asesor durante su campa\u00f1a electoral, este hombre sereno y de hablar pausado era pr\u00e1cticamente un desconocido en el sector pol\u00edtico costarricense.<\/p>\n<p>Los primeros pasos en ese sentido los dio como jefe de prensa de la fracci\u00f3n parlamentaria de su Partido, Acci\u00f3n Ciudadana (PAC) y como asesor legislativo.<\/p>\n<p>De ah\u00ed salt\u00f3 a ocupar funciones de alta responsabilidad en la administraci\u00f3n p\u00fablica y se desempe\u00f1\u00f3 como ministro de Desarrollo Humano e Inclusi\u00f3n Social y ministro del Trabajo en el Gobierno que est\u00e1 por concluir.<\/p>\n<p>El a\u00f1o pasado se lanz\u00f3 a la carrera pol\u00edtica al presentar y ganar la candidatura presidencial del PAC.<\/p>\n<p>En la primera ronda aparec\u00eda muy rezagado en las encuestas y no fue sino hasta una semana antes de los comicios del 4 de febrero cuando su figura emergi\u00f3, casi igual a lo que ocurri\u00f3 con su rival en la segunda vuelta del 1 de abril, el predicador evang\u00e9lico Fabricio Alvarado.<\/p>\n<p>Se trat\u00f3 de una campa\u00f1a fuertemente polarizada, con un gran trasfondo religioso, marcada por el enfrentamiento entre un predicador evang\u00e9lico opuesto al reconocimiento de derechos al colectivo LGTBI (lesbianas, gays, transexuales, bisexuales e intersexuales), como el matrimonio igualitario, y el hoy presidente electo, favorable a una apertura hacia esas minor\u00edas.<\/p>\n<p>Al final, se impuso el discurso de unidad promovido por Carlos Alvarado y sus llamados a constituir un \u00abGobierno Nacional\u00bb, que ha llevado a la pr\u00e1ctica al integrar un equipo de ministros en los que figuran cuadros de otros partidos pol\u00edticos, adversarios del PAC.<\/p>\n<p>\u00abLuchar\u00e9 por una Costa Rica mejor\u00bb, \u00abpor la inclusi\u00f3n y la igualdad de oportunidades\u00bb, espet\u00f3 recientemente el pr\u00f3ximo presidente de Costa Rica, autor de tres novelas: \u00abLa historia de Cornelius\u00bb, \u00abLas posesiones\u00bb y \u00abTemporada en Brighton\u00bb, y quien tiene adem\u00e1s una maestr\u00eda en desarrollo en la universidad de Sussex, Inglaterra<\/p>\n<p>Por Ernesto Ram\u00edrez (dpa)<\/p>\n","protected":false},"excerpt":{"rendered":"<p>San Jos\u00e9, 6 may (dpa) &#8211; El pr\u00f3ximo presidente de Costa Rica, Carlos Alvarado, quien asumir\u00e1 el mando este martes para los pr\u00f3ximos cuatro a\u00f1os, tiene como meta principal convertir a este peque\u00f1o pa\u00eds de 4,9 millones de habitantes y 51.100 kil\u00f3metros cuadrados en una naci\u00f3n desarrollada. \u00abEspero hacer de Costa Rica un pa\u00eds desarrollado, [&hellip;]<\/p>\n","protected":false},"author":1,"featured_media":979343,"comment_status":"closed","ping_status":"closed","sticky":false,"template":"","format":"standard","meta":{"footnotes":""},"categories":[1],"tags":[],"class_list":["post-979342","post","type-post","status-publish","format-standard","has-post-thumbnail","hentry","category-actualidad"],"aioseo_notices":[],"aioseo_head":"\n\t\t<!-- All in One SEO Pro 5.0.1 - aioseo.com -->\n\t<meta name=\"description\" content=\"San Jos\u00e9, 6 may (dpa) - El pr\u00f3ximo presidente de Costa Rica, Carlos Alvarado, quien asumir\u00e1 el mando este martes para los pr\u00f3ximos cuatro a\u00f1os, tiene como meta principal convertir a este peque\u00f1o pa\u00eds de 4,9 millones de habitantes y 51.100 kil\u00f3metros cuadrados en una naci\u00f3n desarrollada. &quot;Espero hacer de Costa Rica un pa\u00eds desarrollado,\" \/>\n\t<meta name=\"robots\" content=\"max-image-preview:large\" \/>\n\t<meta name=\"author\" content=\"El Digital de Asturias\"\/>\n\t<meta name=\"google-site-verification\" content=\"UA-38556648-1\" \/>\n\t<meta name=\"msvalidate.01\" content=\"7dfe9f3f1b24437ab69f4f2559babe99\" \/>\n\t<meta name=\"keywords\" content=\"actualidad\" \/>\n\t<link rel=\"canonical\" href=\"https:\/\/www.eldigitaldeasturias.com\/noticias\/alvarado-el-rockero-y-escritor-que-busca-una-costa-rica-desarrollada\/\" \/>\n\t<meta name=\"generator\" content=\"All in One SEO Pro (AIOSEO) 5.0.1\" \/>\n\t\t<meta property=\"og:locale\" content=\"es_ES\" \/>\n\t\t<meta property=\"og:site_name\" content=\"El Digital de Asturias\" \/>\n\t\t<meta property=\"og:type\" content=\"article\" \/>\n\t\t<meta property=\"og:title\" content=\"Alvarado, el rockero y escritor que busca una Costa Rica desarrollada - El Digital de Asturias\" \/>\n\t\t<meta property=\"og:description\" content=\"San Jos\u00e9, 6 may (dpa) - El pr\u00f3ximo presidente de Costa Rica, Carlos Alvarado, quien asumir\u00e1 el mando este martes para los pr\u00f3ximos cuatro a\u00f1os, tiene como meta principal convertir a este peque\u00f1o pa\u00eds de 4,9 millones de habitantes y 51.100 kil\u00f3metros cuadrados en una naci\u00f3n desarrollada. &quot;Espero hacer de Costa Rica un pa\u00eds desarrollado,\" \/>\n\t\t<meta property=\"og:url\" content=\"https:\/\/www.eldigitaldeasturias.com\/noticias\/alvarado-el-rockero-y-escritor-que-busca-una-costa-rica-desarrollada\/\" \/>\n\t\t<meta property=\"article:tag\" content=\"actualidad\" \/>\n\t\t<meta property=\"article:published_time\" content=\"2018-05-06T22:16:21+00:00\" \/>\n\t\t<meta property=\"article:modified_time\" content=\"2018-05-06T22:16:21+00:00\" \/>\n\t\t<meta property=\"article:publisher\" content=\"https:\/\/facebook.com\/eldigitaldeasturias\" \/>\n\t\t<meta name=\"twitter:card\" content=\"summary_large_image\" \/>\n\t\t<meta name=\"twitter:title\" content=\"Alvarado, el rockero y escritor que busca una Costa Rica desarrollada - El Digital de Asturias\" \/>\n\t\t<meta name=\"twitter:description\" content=\"San Jos\u00e9, 6 may (dpa) - El pr\u00f3ximo presidente de Costa Rica, Carlos Alvarado, quien asumir\u00e1 el mando este martes para los pr\u00f3ximos cuatro a\u00f1os, tiene como meta principal convertir a este peque\u00f1o pa\u00eds de 4,9 millones de habitantes y 51.100 kil\u00f3metros cuadrados en una naci\u00f3n desarrollada. &quot;Espero hacer de Costa Rica un pa\u00eds desarrollado,\" \/>\n\t\t<meta name=\"twitter:image\" content=\"https:\/\/www.eldigitaldeasturias.com\/noticias\/wp-content\/uploads\/2020\/12\/EDA-1.jpg\" \/>\n\t\t<meta name=\"twitter:label1\" content=\"Escrito por\" \/>\n\t\t<meta name=\"twitter:data1\" content=\"El Digital de Asturias\" \/>\n\t\t<meta name=\"twitter:label2\" content=\"Tiempo de lectura estimado\" \/>\n\t\t<meta name=\"twitter:data2\" content=\"3 minutos\" \/>\n\t\t<script type=\"application\/ld+json\" class=\"aioseo-schema\">\n\t\t\t{\"@context\":\"https:\\\/\\\/schema.org\",\"@graph\":[{\"@type\":\"BlogPosting\",\"@id\":\"https:\\\/\\\/www.eldigitaldeasturias.com\\\/noticias\\\/alvarado-el-rockero-y-escritor-que-busca-una-costa-rica-desarrollada\\\/#blogposting\",\"name\":\"Alvarado, el rockero y escritor que busca una Costa Rica desarrollada - El Digital de Asturias\",\"headline\":\"Alvarado, el rockero y escritor que busca una Costa Rica desarrollada\",\"author\":{\"@id\":\"https:\\\/\\\/www.eldigitaldeasturias.com\\\/noticias\\\/author\\\/admin\\\/#author\"},\"publisher\":{\"@id\":\"https:\\\/\\\/www.eldigitaldeasturias.com\\\/noticias\\\/#organization\"},\"image\":{\"@type\":\"ImageObject\",\"url\":979343},\"datePublished\":\"2018-05-06T22:16:21+02:00\",\"dateModified\":\"2018-05-06T22:16:21+02:00\",\"inLanguage\":\"es-ES\",\"mainEntityOfPage\":{\"@id\":\"https:\\\/\\\/www.eldigitaldeasturias.com\\\/noticias\\\/alvarado-el-rockero-y-escritor-que-busca-una-costa-rica-desarrollada\\\/#webpage\"},\"isPartOf\":{\"@id\":\"https:\\\/\\\/www.eldigitaldeasturias.com\\\/noticias\\\/alvarado-el-rockero-y-escritor-que-busca-una-costa-rica-desarrollada\\\/#webpage\"},\"articleSection\":\"Actualidad\"},{\"@type\":\"BreadcrumbList\",\"@id\":\"https:\\\/\\\/www.eldigitaldeasturias.com\\\/noticias\\\/alvarado-el-rockero-y-escritor-que-busca-una-costa-rica-desarrollada\\\/#breadcrumblist\",\"itemListElement\":[{\"@type\":\"ListItem\",\"@id\":\"https:\\\/\\\/www.eldigitaldeasturias.com\\\/noticias#listItem\",\"position\":1,\"name\":\"Home\",\"item\":\"https:\\\/\\\/www.eldigitaldeasturias.com\\\/noticias\",\"nextItem\":{\"@type\":\"ListItem\",\"@id\":\"https:\\\/\\\/www.eldigitaldeasturias.com\\\/noticias\\\/category\\\/actualidad\\\/#listItem\",\"name\":\"Actualidad\"}},{\"@type\":\"ListItem\",\"@id\":\"https:\\\/\\\/www.eldigitaldeasturias.com\\\/noticias\\\/category\\\/actualidad\\\/#listItem\",\"position\":2,\"name\":\"Actualidad\",\"item\":\"https:\\\/\\\/www.eldigitaldeasturias.com\\\/noticias\\\/category\\\/actualidad\\\/\",\"nextItem\":{\"@type\":\"ListItem\",\"@id\":\"https:\\\/\\\/www.eldigitaldeasturias.com\\\/noticias\\\/alvarado-el-rockero-y-escritor-que-busca-una-costa-rica-desarrollada\\\/#listItem\",\"name\":\"Alvarado, el rockero y escritor que busca una Costa Rica desarrollada\"},\"previousItem\":{\"@type\":\"ListItem\",\"@id\":\"https:\\\/\\\/www.eldigitaldeasturias.com\\\/noticias#listItem\",\"name\":\"Home\"}},{\"@type\":\"ListItem\",\"@id\":\"https:\\\/\\\/www.eldigitaldeasturias.com\\\/noticias\\\/alvarado-el-rockero-y-escritor-que-busca-una-costa-rica-desarrollada\\\/#listItem\",\"position\":3,\"name\":\"Alvarado, el rockero y escritor que busca una Costa Rica desarrollada\",\"previousItem\":{\"@type\":\"ListItem\",\"@id\":\"https:\\\/\\\/www.eldigitaldeasturias.com\\\/noticias\\\/category\\\/actualidad\\\/#listItem\",\"name\":\"Actualidad\"}}]},{\"@type\":\"Organization\",\"@id\":\"https:\\\/\\\/www.eldigitaldeasturias.com\\\/noticias\\\/#organization\",\"name\":\"El Digital de Asturias\",\"description\":\"Hemeroteca\",\"url\":\"https:\\\/\\\/www.eldigitaldeasturias.com\\\/noticias\\\/\",\"email\":\"info@eldigitaldeasturias.com\",\"telephone\":\"+34652131393\",\"logo\":{\"@type\":\"ImageObject\",\"url\":\"https:\\\/\\\/www.eldigitaldeasturias.com\\\/noticias\\\/wp-content\\\/uploads\\\/2020\\\/12\\\/EDA.jpg\",\"@id\":\"https:\\\/\\\/www.eldigitaldeasturias.com\\\/noticias\\\/alvarado-el-rockero-y-escritor-que-busca-una-costa-rica-desarrollada\\\/#organizationLogo\"},\"image\":{\"@id\":\"https:\\\/\\\/www.eldigitaldeasturias.com\\\/noticias\\\/alvarado-el-rockero-y-escritor-que-busca-una-costa-rica-desarrollada\\\/#organizationLogo\"},\"sameAs\":[\"https:\\\/\\\/facebook.com\\\/eldigitaldeasturias\",\"https:\\\/\\\/www.youtube.com\\\/channel\\\/UCZP-2wLEB9Rv6erhFmqVnvg\"],\"address\":{\"@id\":\"https:\\\/\\\/www.eldigitaldeasturias.com\\\/noticias\\\/#postaladdress\",\"@type\":\"PostalAddress\",\"streetAddress\":\"san antonio 4\",\"postalCode\":\"33430\",\"addressLocality\":\"Cand\\u00e1s\",\"addressRegion\":\"Asturias\",\"addressCountry\":\"ES\"}},{\"@type\":\"Person\",\"@id\":\"https:\\\/\\\/www.eldigitaldeasturias.com\\\/noticias\\\/author\\\/admin\\\/#author\",\"url\":\"https:\\\/\\\/www.eldigitaldeasturias.com\\\/noticias\\\/author\\\/admin\\\/\",\"name\":\"El Digital de Asturias\",\"image\":{\"@type\":\"ImageObject\",\"@id\":\"https:\\\/\\\/www.eldigitaldeasturias.com\\\/noticias\\\/alvarado-el-rockero-y-escritor-que-busca-una-costa-rica-desarrollada\\\/#authorImage\",\"url\":\"https:\\\/\\\/secure.gravatar.com\\\/avatar\\\/df2aeffc32bcd13f8d26072ef8a91b623d677766deac7f97ca815868cd41bf5e?s=96&d=mm&r=g\",\"width\":96,\"height\":96,\"caption\":\"El Digital de Asturias\"}},{\"@type\":\"WebPage\",\"@id\":\"https:\\\/\\\/www.eldigitaldeasturias.com\\\/noticias\\\/alvarado-el-rockero-y-escritor-que-busca-una-costa-rica-desarrollada\\\/#webpage\",\"url\":\"https:\\\/\\\/www.eldigitaldeasturias.com\\\/noticias\\\/alvarado-el-rockero-y-escritor-que-busca-una-costa-rica-desarrollada\\\/\",\"name\":\"Alvarado, el rockero y escritor que busca una Costa Rica desarrollada - El Digital de Asturias\",\"description\":\"San Jos\\u00e9, 6 may (dpa) - El pr\\u00f3ximo presidente de Costa Rica, Carlos Alvarado, quien asumir\\u00e1 el mando este martes para los pr\\u00f3ximos cuatro a\\u00f1os, tiene como meta principal convertir a este peque\\u00f1o pa\\u00eds de 4,9 millones de habitantes y 51.100 kil\\u00f3metros cuadrados en una naci\\u00f3n desarrollada. \\\"Espero hacer de Costa Rica un pa\\u00eds desarrollado,\",\"inLanguage\":\"es-ES\",\"isPartOf\":{\"@id\":\"https:\\\/\\\/www.eldigitaldeasturias.com\\\/noticias\\\/#website\"},\"breadcrumb\":{\"@id\":\"https:\\\/\\\/www.eldigitaldeasturias.com\\\/noticias\\\/alvarado-el-rockero-y-escritor-que-busca-una-costa-rica-desarrollada\\\/#breadcrumblist\"},\"author\":{\"@id\":\"https:\\\/\\\/www.eldigitaldeasturias.com\\\/noticias\\\/author\\\/admin\\\/#author\"},\"creator\":{\"@id\":\"https:\\\/\\\/www.eldigitaldeasturias.com\\\/noticias\\\/author\\\/admin\\\/#author\"},\"image\":{\"@type\":\"ImageObject\",\"url\":979343,\"@id\":\"https:\\\/\\\/www.eldigitaldeasturias.com\\\/noticias\\\/alvarado-el-rockero-y-escritor-que-busca-una-costa-rica-desarrollada\\\/#mainImage\"},\"primaryImageOfPage\":{\"@id\":\"https:\\\/\\\/www.eldigitaldeasturias.com\\\/noticias\\\/alvarado-el-rockero-y-escritor-que-busca-una-costa-rica-desarrollada\\\/#mainImage\"},\"datePublished\":\"2018-05-06T22:16:21+02:00\",\"dateModified\":\"2018-05-06T22:16:21+02:00\"},{\"@type\":\"WebSite\",\"@id\":\"https:\\\/\\\/www.eldigitaldeasturias.com\\\/noticias\\\/#website\",\"url\":\"https:\\\/\\\/www.eldigitaldeasturias.com\\\/noticias\\\/\",\"name\":\"El Digital de Asturias - Diario de actualidad y noticias\",\"alternateName\":\"El Digital de Asturias - Diario de actualidad y noticias\",\"description\":\"Hemeroteca\",\"inLanguage\":\"es-ES\",\"publisher\":{\"@id\":\"https:\\\/\\\/www.eldigitaldeasturias.com\\\/noticias\\\/#organization\"}}]}\n\t\t<\/script>\n\t\t<!-- All in One SEO Pro -->\r\n\t\t<title>Alvarado, el rockero y escritor que busca una Costa Rica desarrollada - El Digital de Asturias<\/title>\n\n","aioseo_head_json":{"title":"Alvarado, el rockero y escritor que busca una Costa Rica desarrollada - El Digital de Asturias","description":"San Jos\u00e9, 6 may (dpa) - El pr\u00f3ximo presidente de Costa Rica, Carlos Alvarado, quien asumir\u00e1 el mando este martes para los pr\u00f3ximos cuatro a\u00f1os, tiene como meta principal convertir a este peque\u00f1o pa\u00eds de 4,9 millones de habitantes y 51.100 kil\u00f3metros cuadrados en una naci\u00f3n desarrollada. \"Espero hacer de Costa Rica un pa\u00eds desarrollado,","canonical_url":"https:\/\/www.eldigitaldeasturias.com\/noticias\/alvarado-el-rockero-y-escritor-que-busca-una-costa-rica-desarrollada\/","robots":"max-image-preview:large","keywords":"actualidad","webmasterTools":{"google-site-verification":"UA-38556648-1","msvalidate.01":"7dfe9f3f1b24437ab69f4f2559babe99","miscellaneous":""},"schema":{"@context":"https:\/\/schema.org","@graph":[{"@type":"BlogPosting","@id":"https:\/\/www.eldigitaldeasturias.com\/noticias\/alvarado-el-rockero-y-escritor-que-busca-una-costa-rica-desarrollada\/#blogposting","name":"Alvarado, el rockero y escritor que busca una Costa Rica desarrollada - El Digital de Asturias","headline":"Alvarado, el rockero y escritor que busca una Costa Rica desarrollada","author":{"@id":"https:\/\/www.eldigitaldeasturias.com\/noticias\/author\/admin\/#author"},"publisher":{"@id":"https:\/\/www.eldigitaldeasturias.com\/noticias\/#organization"},"image":{"@type":"ImageObject","url":979343},"datePublished":"2018-05-06T22:16:21+02:00","dateModified":"2018-05-06T22:16:21+02:00","inLanguage":"es-ES","mainEntityOfPage":{"@id":"https:\/\/www.eldigitaldeasturias.com\/noticias\/alvarado-el-rockero-y-escritor-que-busca-una-costa-rica-desarrollada\/#webpage"},"isPartOf":{"@id":"https:\/\/www.eldigitaldeasturias.com\/noticias\/alvarado-el-rockero-y-escritor-que-busca-una-costa-rica-desarrollada\/#webpage"},"articleSection":"Actualidad"},{"@type":"BreadcrumbList","@id":"https:\/\/www.eldigitaldeasturias.com\/noticias\/alvarado-el-rockero-y-escritor-que-busca-una-costa-rica-desarrollada\/#breadcrumblist","itemListElement":[{"@type":"ListItem","@id":"https:\/\/www.eldigitaldeasturias.com\/noticias#listItem","position":1,"name":"Home","item":"https:\/\/www.eldigitaldeasturias.com\/noticias","nextItem":{"@type":"ListItem","@id":"https:\/\/www.eldigitaldeasturias.com\/noticias\/category\/actualidad\/#listItem","name":"Actualidad"}},{"@type":"ListItem","@id":"https:\/\/www.eldigitaldeasturias.com\/noticias\/category\/actualidad\/#listItem","position":2,"name":"Actualidad","item":"https:\/\/www.eldigitaldeasturias.com\/noticias\/category\/actualidad\/","nextItem":{"@type":"ListItem","@id":"https:\/\/www.eldigitaldeasturias.com\/noticias\/alvarado-el-rockero-y-escritor-que-busca-una-costa-rica-desarrollada\/#listItem","name":"Alvarado, el rockero y escritor que busca una Costa Rica desarrollada"},"previousItem":{"@type":"ListItem","@id":"https:\/\/www.eldigitaldeasturias.com\/noticias#listItem","name":"Home"}},{"@type":"ListItem","@id":"https:\/\/www.eldigitaldeasturias.com\/noticias\/alvarado-el-rockero-y-escritor-que-busca-una-costa-rica-desarrollada\/#listItem","position":3,"name":"Alvarado, el rockero y escritor que busca una Costa Rica desarrollada","previousItem":{"@type":"ListItem","@id":"https:\/\/www.eldigitaldeasturias.com\/noticias\/category\/actualidad\/#listItem","name":"Actualidad"}}]},{"@type":"Organization","@id":"https:\/\/www.eldigitaldeasturias.com\/noticias\/#organization","name":"El Digital de Asturias","description":"Hemeroteca","url":"https:\/\/www.eldigitaldeasturias.com\/noticias\/","email":"info@eldigitaldeasturias.com","telephone":"+34652131393","logo":{"@type":"ImageObject","url":"https:\/\/www.eldigitaldeasturias.com\/noticias\/wp-content\/uploads\/2020\/12\/EDA.jpg","@id":"https:\/\/www.eldigitaldeasturias.com\/noticias\/alvarado-el-rockero-y-escritor-que-busca-una-costa-rica-desarrollada\/#organizationLogo"},"image":{"@id":"https:\/\/www.eldigitaldeasturias.com\/noticias\/alvarado-el-rockero-y-escritor-que-busca-una-costa-rica-desarrollada\/#organizationLogo"},"sameAs":["https:\/\/facebook.com\/eldigitaldeasturias","https:\/\/www.youtube.com\/channel\/UCZP-2wLEB9Rv6erhFmqVnvg"],"address":{"@id":"https:\/\/www.eldigitaldeasturias.com\/noticias\/#postaladdress","@type":"PostalAddress","streetAddress":"san antonio 4","postalCode":"33430","addressLocality":"Cand\u00e1s","addressRegion":"Asturias","addressCountry":"ES"}},{"@type":"Person","@id":"https:\/\/www.eldigitaldeasturias.com\/noticias\/author\/admin\/#author","url":"https:\/\/www.eldigitaldeasturias.com\/noticias\/author\/admin\/","name":"El Digital de Asturias","image":{"@type":"ImageObject","@id":"https:\/\/www.eldigitaldeasturias.com\/noticias\/alvarado-el-rockero-y-escritor-que-busca-una-costa-rica-desarrollada\/#authorImage","url":"https:\/\/secure.gravatar.com\/avatar\/df2aeffc32bcd13f8d26072ef8a91b623d677766deac7f97ca815868cd41bf5e?s=96&d=mm&r=g","width":96,"height":96,"caption":"El Digital de Asturias"}},{"@type":"WebPage","@id":"https:\/\/www.eldigitaldeasturias.com\/noticias\/alvarado-el-rockero-y-escritor-que-busca-una-costa-rica-desarrollada\/#webpage","url":"https:\/\/www.eldigitaldeasturias.com\/noticias\/alvarado-el-rockero-y-escritor-que-busca-una-costa-rica-desarrollada\/","name":"Alvarado, el rockero y escritor que busca una Costa Rica desarrollada - El Digital de Asturias","description":"San Jos\u00e9, 6 may (dpa) - El pr\u00f3ximo presidente de Costa Rica, Carlos Alvarado, quien asumir\u00e1 el mando este martes para los pr\u00f3ximos cuatro a\u00f1os, tiene como meta principal convertir a este peque\u00f1o pa\u00eds de 4,9 millones de habitantes y 51.100 kil\u00f3metros cuadrados en una naci\u00f3n desarrollada. \"Espero hacer de Costa Rica un pa\u00eds desarrollado,","inLanguage":"es-ES","isPartOf":{"@id":"https:\/\/www.eldigitaldeasturias.com\/noticias\/#website"},"breadcrumb":{"@id":"https:\/\/www.eldigitaldeasturias.com\/noticias\/alvarado-el-rockero-y-escritor-que-busca-una-costa-rica-desarrollada\/#breadcrumblist"},"author":{"@id":"https:\/\/www.eldigitaldeasturias.com\/noticias\/author\/admin\/#author"},"creator":{"@id":"https:\/\/www.eldigitaldeasturias.com\/noticias\/author\/admin\/#author"},"image":{"@type":"ImageObject","url":979343,"@id":"https:\/\/www.eldigitaldeasturias.com\/noticias\/alvarado-el-rockero-y-escritor-que-busca-una-costa-rica-desarrollada\/#mainImage"},"primaryImageOfPage":{"@id":"https:\/\/www.eldigitaldeasturias.com\/noticias\/alvarado-el-rockero-y-escritor-que-busca-una-costa-rica-desarrollada\/#mainImage"},"datePublished":"2018-05-06T22:16:21+02:00","dateModified":"2018-05-06T22:16:21+02:00"},{"@type":"WebSite","@id":"https:\/\/www.eldigitaldeasturias.com\/noticias\/#website","url":"https:\/\/www.eldigitaldeasturias.com\/noticias\/","name":"El Digital de Asturias - Diario de actualidad y noticias","alternateName":"El Digital de Asturias - Diario de actualidad y noticias","description":"Hemeroteca","inLanguage":"es-ES","publisher":{"@id":"https:\/\/www.eldigitaldeasturias.com\/noticias\/#organization"}}]},"og:locale":"es_ES","og:site_name":"El Digital de Asturias","og:type":"article","og:title":"Alvarado, el rockero y escritor que busca una Costa Rica desarrollada - El Digital de Asturias","og:description":"San Jos\u00e9, 6 may (dpa) - El pr\u00f3ximo presidente de Costa Rica, Carlos Alvarado, quien asumir\u00e1 el mando este martes para los pr\u00f3ximos cuatro a\u00f1os, tiene como meta principal convertir a este peque\u00f1o pa\u00eds de 4,9 millones de habitantes y 51.100 kil\u00f3metros cuadrados en una naci\u00f3n desarrollada. &quot;Espero hacer de Costa Rica un pa\u00eds desarrollado,","og:url":"https:\/\/www.eldigitaldeasturias.com\/noticias\/alvarado-el-rockero-y-escritor-que-busca-una-costa-rica-desarrollada\/","article:tag":["actualidad"],"article:published_time":"2018-05-06T22:16:21+00:00","article:modified_time":"2018-05-06T22:16:21+00:00","article:publisher":"https:\/\/facebook.com\/eldigitaldeasturias","twitter:card":"summary_large_image","twitter:title":"Alvarado, el rockero y escritor que busca una Costa Rica desarrollada - El Digital de Asturias","twitter:description":"San Jos\u00e9, 6 may (dpa) - El pr\u00f3ximo presidente de Costa Rica, Carlos Alvarado, quien asumir\u00e1 el mando este martes para los pr\u00f3ximos cuatro a\u00f1os, tiene como meta principal convertir a este peque\u00f1o pa\u00eds de 4,9 millones de habitantes y 51.100 kil\u00f3metros cuadrados en una naci\u00f3n desarrollada. &quot;Espero hacer de Costa Rica un pa\u00eds desarrollado,","twitter:image":"https:\/\/www.eldigitaldeasturias.com\/noticias\/wp-content\/uploads\/2020\/12\/EDA-1.jpg","twitter:label1":"Escrito por","twitter:data1":"El Digital de Asturias","twitter:label2":"Tiempo de lectura estimado","twitter:data2":"3 minutos"},"aioseo_meta_data":{"post_id":"979342","title":null,"description":null,"keywords":null,"keyphrases":null,"primary_term":null,"canonical_url":null,"og_title":null,"og_description":null,"og_object_type":"default","og_image_type":"default","og_image_url":null,"og_image_width":null,"og_image_height":null,"og_image_custom_url":null,"og_image_custom_fields":null,"og_video":null,"og_custom_url":null,"og_article_section":null,"og_article_tags":null,"twitter_use_og":false,"twitter_card":"default","twitter_image_type":"default","twitter_image_url":null,"twitter_image_custom_url":null,"twitter_image_custom_fields":null,"twitter_title":null,"twitter_description":null,"schema":{"blockGraphs":[],"customGraphs":[],"default":{"data":{"Article":[],"Course":[],"Dataset":[],"FAQPage":[],"Movie":[],"Person":[],"Product":[],"ProductReview":[],"Car":[],"Recipe":[],"Service":[],"SoftwareApplication":[],"WebPage":[]},"graphName":"","isEnabled":true},"graphs":[],"defaultGraph":"","defaultPostTypeGraph":""},"schema_type":null,"schema_type_options":null,"pillar_content":false,"robots_default":true,"robots_noindex":false,"robots_noarchive":false,"robots_nosnippet":false,"robots_nofollow":false,"robots_noimageindex":false,"robots_noodp":false,"robots_notranslate":false,"robots_max_snippet":null,"robots_max_videopreview":null,"robots_max_imagepreview":"large","priority":null,"frequency":null,"local_seo":null,"seo_analyzer_scan_date":"2025-10-08 13:59:15","breadcrumb_settings":null,"limit_modified_date":false,"open_ai":null,"ai":null,"created":"2020-12-21 11:20:42","updated":"2025-10-08 13:59:15","focus_keyword":null,"additional_keywords":null,"truseo_locale":null},"aioseo_breadcrumb":"<div class=\"aioseo-breadcrumbs\"><span class=\"aioseo-breadcrumb\">\n\t<a href=\"https:\/\/www.eldigitaldeasturias.com\/noticias\" title=\"Home\">Home<\/a>\n<\/span><span class=\"aioseo-breadcrumb-separator\">\u2013<\/span><span class=\"aioseo-breadcrumb\">\n\t<a href=\"https:\/\/www.eldigitaldeasturias.com\/noticias\/category\/actualidad\/\" title=\"Actualidad\">Actualidad<\/a>\n<\/span><span class=\"aioseo-breadcrumb-separator\">\u2013<\/span><span class=\"aioseo-breadcrumb\">\n\t<a href=\"https:\/\/www.eldigitaldeasturias.com\/noticias\/alvarado-el-rockero-y-escritor-que-busca-una-costa-rica-desarrollada\/\" title=\"Alvarado, el rockero y escritor que busca una Costa Rica desarrollada\">Alvarado, el rockero y escritor que busca una Costa Rica desarrollada<\/a>\n<\/span><\/div>","aioseo_breadcrumb_json":[{"label":"Home","link":"https:\/\/www.eldigitaldeasturias.com\/noticias"},{"label":"Actualidad","link":"https:\/\/www.eldigitaldeasturias.com\/noticias\/category\/actualidad\/"},{"label":"Alvarado, el rockero y escritor que busca una Costa Rica desarrollada","link":"https:\/\/www.eldigitaldeasturias.com\/noticias\/alvarado-el-rockero-y-escritor-que-busca-una-costa-rica-desarrollada\/"}],"_links":{"self":[{"href":"https:\/\/www.eldigitaldeasturias.com\/noticias\/wp-json\/wp\/v2\/posts\/979342","targetHints":{"allow":["GET"]}}],"collection":[{"href":"https:\/\/www.eldigitaldeasturias.com\/noticias\/wp-json\/wp\/v2\/posts"}],"about":[{"href":"https:\/\/www.eldigitaldeasturias.com\/noticias\/wp-json\/wp\/v2\/types\/post"}],"author":[{"embeddable":true,"href":"https:\/\/www.eldigitaldeasturias.com\/noticias\/wp-json\/wp\/v2\/users\/1"}],"replies":[{"embeddable":true,"href":"https:\/\/www.eldigitaldeasturias.com\/noticias\/wp-json\/wp\/v2\/comments?post=979342"}],"version-history":[{"count":0,"href":"https:\/\/www.eldigitaldeasturias.com\/noticias\/wp-json\/wp\/v2\/posts\/979342\/revisions"}],"wp:attachment":[{"href":"https:\/\/www.eldigitaldeasturias.com\/noticias\/wp-json\/wp\/v2\/media?parent=979342"}],"wp:term":[{"taxonomy":"category","embeddable":true,"href":"https:\/\/www.eldigitaldeasturias.com\/noticias\/wp-json\/wp\/v2\/categories?post=979342"},{"taxonomy":"post_tag","embeddable":true,"href":"https:\/\/www.eldigitaldeasturias.com\/noticias\/wp-json\/wp\/v2\/tags?post=979342"}],"curies":[{"name":"wp","href":"https:\/\/api.w.org\/{rel}","templated":true}]}}